{"id":267829,"date":"2025-02-18T09:04:44","date_gmt":"2025-02-18T12:04:44","guid":{"rendered":"https:\/\/noticiaempauta.com\/portal\/?p=267829"},"modified":"2025-02-18T09:04:45","modified_gmt":"2025-02-18T12:04:45","slug":"suspeita-de-matar-e-enterrar-crianca-viva-em-inhuma-e-presa","status":"publish","type":"post","link":"https:\/\/noticiaempauta.com\/portal\/suspeita-de-matar-e-enterrar-crianca-viva-em-inhuma-e-presa\/","title":{"rendered":"Suspeita de matar e enterrar crian\u00e7a viva em Inhuma \u00e9 presa"},"content":{"rendered":"\n<p>Uma jovem de 19 anos foi presa nesta segunda-feira (17), suspeita de matar a filha rec\u00e9m-nascida e enterr\u00e1-la no munic\u00edpio de Inhuma, localizado a 270 km de Teresina.<\/p>\n\n\n\n<p>O crime ocorreu no dia 1\u00ba de fevereiro, quando o corpo da beb\u00ea foi encontrado ao lado da jovem, que estava desmaiada e ensanguentada. A rec\u00e9m-nascida j\u00e1 estava sem vida, coberta por folhas.<\/p>\n\n\n\n<p>A Pol\u00edcia Civil informou que a beb\u00ea apresentava traumatismo craniano, sendo essa a prov\u00e1vel causa da morte. Exames cadav\u00e9ricos est\u00e3o sendo realizados para determinar a natureza das fraturas.<\/p>\n\n\n\n<p>Com a decreta\u00e7\u00e3o da pris\u00e3o preventiva, a jovem ficar\u00e1 \u00e0 disposi\u00e7\u00e3o da Justi\u00e7a enquanto a investiga\u00e7\u00e3o segue em andamento.<\/p>\n\n\n\n<p><strong>Entenda o caso<\/strong><\/p>\n\n\n\n<p>O corpo da beb\u00ea foi encontrado no dia 1\u00ba de fevereiro, ao lado da m\u00e3e, que foi socorrida pelo Servi\u00e7o de Atendimento M\u00f3vel de Urg\u00eancia (SAMU) e encaminhada ao Hospital Inhazinha Nunes, em Inhuma.<\/p>\n\n\n\n<p>O delegado F\u00e1bio Rodrigues, titular da Delegacia de Inhuma, relatou como a jovem foi encontrada.&nbsp;<\/p>\n\n\n\n<p>&#8220;Ela avisou para a m\u00e3e dela que iria sair de casa para fazer as necessidades, isso \u00e9 costume da localidade, l\u00e1 \u00e9 muito prec\u00e1rio. Ela saiu e foi para o mato. A m\u00e3e percebeu que a filha demorou demais e foi \u00e0 procura dela e a encontrou desmaiada e ensanguentada ao lado do corpo do beb\u00ea, meio que encoberto por folhas&#8221;, disse o delegado.<\/p>\n\n\n\n<p>O SAMU foi acionado e realizou o atendimento \u00e0 jovem, enquanto o corpo da rec\u00e9m-nascida foi recolhido para exames periciais.\u00a0<\/p>\n\n\n\n<figure class=\"wp-block-embed is-type-video is-provider-youtube wp-block-embed-youtube wp-embed-aspect-16-9 wp-has-aspect-ratio\"><div class=\"wp-block-embed__wrapper\">\n<iframe title=\"Suspeita de enterrar crian\u00e7a viva em inhuma \u00e9 presa\" width=\"800\" height=\"450\" src=\"https:\/\/www.youtube.com\/embed\/80msKejc9xA?feature=oembed\" frameborder=\"0\" allow=\"accelerometer; autoplay; clipboard-write; encrypted-media; gyroscope; picture-in-picture; web-share\" referrerpolicy=\"strict-origin-when-cross-origin\" allowfullscreen><\/iframe>\n<\/div><\/figure>\n\n\n\n<p>Fonte: Cidade Verde<\/p>\n","protected":false},"excerpt":{"rendered":"<p>Uma jovem de 19 anos foi presa nesta segunda-feira (17), suspeita de matar a filha rec\u00e9m-nascida e enterr\u00e1-la no munic\u00edpio de Inhuma, localizado a 270 km de Teresina. O crime ocorreu no dia 1\u00ba de fevereiro, quando o corpo da beb\u00ea foi encontrado ao lado da jovem, que estava desmaiada e ensanguentada. A rec\u00e9m-nascida j\u00e1 [&hellip;]<\/p>\n","protected":false},"author":2,"featured_media":267830,"comment_status":"open","ping_status":"open","sticky":false,"template":"","format":"standard","meta":{"_mi_skip_tracking":false,"footnotes":""},"categories":[25,1,9,137,16],"tags":[],"class_list":["post-267829","post","type-post","status-publish","format-standard","has-post-thumbnail","hentry","category-destaques-site","category-geral","category-municipios","category-policia","category-todas"],"acf":[],"yoast_head":"<!-- This site is optimized with the Yoast SEO Premium plugin v19.2 (Yoast SEO v26.9) - https:\/\/yoast.com\/product\/yoast-seo-premium-wordpress\/ -->\n<title>Suspeita de matar e enterrar crian\u00e7a viva em Inhuma \u00e9 presa - Portal Not\u00edcia em Pauta<\/title>\n<meta name=\"robots\" content=\"index, follow, max-snippet:-1, max-image-preview:large, max-video-preview:-1\" \/>\n<link rel=\"canonical\" href=\"https:\/\/noticiaempauta.com\/portal\/suspeita-de-matar-e-enterrar-crianca-viva-em-inhuma-e-presa\/\" \/>\n<meta property=\"og:locale\" content=\"pt_BR\" \/>\n<meta property=\"og:type\" content=\"article\" \/>\n<meta property=\"og:title\" content=\"Suspeita de matar e enterrar crian\u00e7a viva em Inhuma \u00e9 presa\" \/>\n<meta property=\"og:description\" content=\"Uma jovem de 19 anos foi presa nesta segunda-feira (17), suspeita de matar a filha rec\u00e9m-nascida e enterr\u00e1-la no munic\u00edpio de Inhuma, localizado a 270 km de Teresina. O crime ocorreu no dia 1\u00ba de fevereiro, quando o corpo da beb\u00ea foi encontrado ao lado da jovem, que estava desmaiada e ensanguentada. A rec\u00e9m-nascida j\u00e1 [&hellip;]\" \/>\n<meta property=\"og:url\" content=\"https:\/\/noticiaempauta.com\/portal\/suspeita-de-matar-e-enterrar-crianca-viva-em-inhuma-e-presa\/\" \/>\n<meta property=\"og:site_name\" content=\"Portal Not\u00edcia em Pauta\" \/>\n<meta property=\"article:publisher\" content=\"https:\/\/www.facebook.com\/Portal-Notcia-Em-Pauta-102292869264820\/\" \/>\n<meta property=\"article:published_time\" content=\"2025-02-18T12:04:44+00:00\" \/>\n<meta property=\"article:modified_time\" content=\"2025-02-18T12:04:45+00:00\" \/>\n<meta property=\"og:image\" content=\"https:\/\/noticiaempauta.com\/portal\/wp-content\/uploads\/2025\/02\/mae-e-presa-suspeita-de-matar-e-enterrar-recem-nascido-em-inhuma-a4b13def-7845-4003-a9f8-55967862cca2.jpg.webp\" \/>\n\t<meta property=\"og:image:width\" content=\"1351\" \/>\n\t<meta property=\"og:image:height\" content=\"900\" \/>\n\t<meta property=\"og:image:type\" content=\"image\/webp\" \/>\n<meta name=\"author\" content=\"Reda\u00e7\u00e3o\" \/>\n<meta name=\"twitter:card\" content=\"summary_large_image\" \/>\n<meta name=\"twitter:label1\" content=\"Escrito por\" \/>\n\t<meta name=\"twitter:data1\" content=\"Reda\u00e7\u00e3o\" \/>\n\t<meta name=\"twitter:label2\" content=\"Est. tempo de leitura\" \/>\n\t<meta name=\"twitter:data2\" content=\"2 minutos\" \/>\n<script type=\"application\/ld+json\" class=\"yoast-schema-graph\">{\"@context\":\"https:\/\/schema.org\",\"@graph\":[{\"@type\":\"Article\",\"@id\":\"https:\/\/noticiaempauta.com\/portal\/suspeita-de-matar-e-enterrar-crianca-viva-em-inhuma-e-presa\/#article\",\"isPartOf\":{\"@id\":\"https:\/\/noticiaempauta.com\/portal\/suspeita-de-matar-e-enterrar-crianca-viva-em-inhuma-e-presa\/\"},\"author\":{\"name\":\"Reda\u00e7\u00e3o\",\"@id\":\"https:\/\/noticiaempauta.com\/portal\/#\/schema\/person\/a74af43dd1ab3deca45f988c717d57ac\"},\"headline\":\"Suspeita de matar e enterrar crian\u00e7a viva em Inhuma \u00e9 presa\",\"datePublished\":\"2025-02-18T12:04:44+00:00\",\"dateModified\":\"2025-02-18T12:04:45+00:00\",\"mainEntityOfPage\":{\"@id\":\"https:\/\/noticiaempauta.com\/portal\/suspeita-de-matar-e-enterrar-crianca-viva-em-inhuma-e-presa\/\"},\"wordCount\":279,\"commentCount\":0,\"publisher\":{\"@id\":\"https:\/\/noticiaempauta.com\/portal\/#organization\"},\"image\":{\"@id\":\"https:\/\/noticiaempauta.com\/portal\/suspeita-de-matar-e-enterrar-crianca-viva-em-inhuma-e-presa\/#primaryimage\"},\"thumbnailUrl\":\"https:\/\/noticiaempauta.com\/portal\/wp-content\/uploads\/2025\/02\/mae-e-presa-suspeita-de-matar-e-enterrar-recem-nascido-em-inhuma-a4b13def-7845-4003-a9f8-55967862cca2.jpg.webp\",\"articleSection\":[\"Destaques\",\"Geral\",\"Munic\u00edpios\",\"Pol\u00edcia\",\"Todas as Not\u00edcias\"],\"inLanguage\":\"pt-BR\",\"potentialAction\":[{\"@type\":\"CommentAction\",\"name\":\"Comment\",\"target\":[\"https:\/\/noticiaempauta.com\/portal\/suspeita-de-matar-e-enterrar-crianca-viva-em-inhuma-e-presa\/#respond\"]}]},{\"@type\":\"WebPage\",\"@id\":\"https:\/\/noticiaempauta.com\/portal\/suspeita-de-matar-e-enterrar-crianca-viva-em-inhuma-e-presa\/\",\"url\":\"https:\/\/noticiaempauta.com\/portal\/suspeita-de-matar-e-enterrar-crianca-viva-em-inhuma-e-presa\/\",\"name\":\"Suspeita de matar e enterrar crian\u00e7a viva em Inhuma \u00e9 presa - Portal Not\u00edcia em Pauta\",\"isPartOf\":{\"@id\":\"https:\/\/noticiaempauta.com\/portal\/#website\"},\"primaryImageOfPage\":{\"@id\":\"https:\/\/noticiaempauta.com\/portal\/suspeita-de-matar-e-enterrar-crianca-viva-em-inhuma-e-presa\/#primaryimage\"},\"image\":{\"@id\":\"https:\/\/noticiaempauta.com\/portal\/suspeita-de-matar-e-enterrar-crianca-viva-em-inhuma-e-presa\/#primaryimage\"},\"thumbnailUrl\":\"https:\/\/noticiaempauta.com\/portal\/wp-content\/uploads\/2025\/02\/mae-e-presa-suspeita-de-matar-e-enterrar-recem-nascido-em-inhuma-a4b13def-7845-4003-a9f8-55967862cca2.jpg.webp\",\"datePublished\":\"2025-02-18T12:04:44+00:00\",\"dateModified\":\"2025-02-18T12:04:45+00:00\",\"breadcrumb\":{\"@id\":\"https:\/\/noticiaempauta.com\/portal\/suspeita-de-matar-e-enterrar-crianca-viva-em-inhuma-e-presa\/#breadcrumb\"},\"inLanguage\":\"pt-BR\",\"potentialAction\":[{\"@type\":\"ReadAction\",\"target\":[\"https:\/\/noticiaempauta.com\/portal\/suspeita-de-matar-e-enterrar-crianca-viva-em-inhuma-e-presa\/\"]}]},{\"@type\":\"ImageObject\",\"inLanguage\":\"pt-BR\",\"@id\":\"https:\/\/noticiaempauta.com\/portal\/suspeita-de-matar-e-enterrar-crianca-viva-em-inhuma-e-presa\/#primaryimage\",\"url\":\"https:\/\/noticiaempauta.com\/portal\/wp-content\/uploads\/2025\/02\/mae-e-presa-suspeita-de-matar-e-enterrar-recem-nascido-em-inhuma-a4b13def-7845-4003-a9f8-55967862cca2.jpg.webp\",\"contentUrl\":\"https:\/\/noticiaempauta.com\/portal\/wp-content\/uploads\/2025\/02\/mae-e-presa-suspeita-de-matar-e-enterrar-recem-nascido-em-inhuma-a4b13def-7845-4003-a9f8-55967862cca2.jpg.webp\",\"width\":1351,\"height\":900},{\"@type\":\"BreadcrumbList\",\"@id\":\"https:\/\/noticiaempauta.com\/portal\/suspeita-de-matar-e-enterrar-crianca-viva-em-inhuma-e-presa\/#breadcrumb\",\"itemListElement\":[{\"@type\":\"ListItem\",\"position\":1,\"name\":\"P\u00e1gina Inicial\",\"item\":\"https:\/\/noticiaempauta.com\/portal\/\"},{\"@type\":\"ListItem\",\"position\":2,\"name\":\"Destaques\",\"item\":\"https:\/\/noticiaempauta.com\/portal\/destaques-site\/\"},{\"@type\":\"ListItem\",\"position\":3,\"name\":\"Suspeita de matar e enterrar crian\u00e7a viva em Inhuma \u00e9 presa\"}]},{\"@type\":\"WebSite\",\"@id\":\"https:\/\/noticiaempauta.com\/portal\/#website\",\"url\":\"https:\/\/noticiaempauta.com\/portal\/\",\"name\":\"Portal Not\u00edcia em Pauta\",\"description\":\"Voc\u00ea bem informado\",\"publisher\":{\"@id\":\"https:\/\/noticiaempauta.com\/portal\/#organization\"},\"potentialAction\":[{\"@type\":\"SearchAction\",\"target\":{\"@type\":\"EntryPoint\",\"urlTemplate\":\"https:\/\/noticiaempauta.com\/portal\/?s={search_term_string}\"},\"query-input\":{\"@type\":\"PropertyValueSpecification\",\"valueRequired\":true,\"valueName\":\"search_term_string\"}}],\"inLanguage\":\"pt-BR\"},{\"@type\":\"Organization\",\"@id\":\"https:\/\/noticiaempauta.com\/portal\/#organization\",\"name\":\"Portal Not\u00edcia em Pauta\",\"url\":\"https:\/\/noticiaempauta.com\/portal\/\",\"logo\":{\"@type\":\"ImageObject\",\"inLanguage\":\"pt-BR\",\"@id\":\"https:\/\/noticiaempauta.com\/portal\/#\/schema\/logo\/image\/\",\"url\":\"https:\/\/noticiaempauta.com\/portal\/wp-content\/uploads\/2022\/08\/logomarca_tema.fw_.png\",\"contentUrl\":\"https:\/\/noticiaempauta.com\/portal\/wp-content\/uploads\/2022\/08\/logomarca_tema.fw_.png\",\"width\":400,\"height\":232,\"caption\":\"Portal Not\u00edcia em Pauta\"},\"image\":{\"@id\":\"https:\/\/noticiaempauta.com\/portal\/#\/schema\/logo\/image\/\"},\"sameAs\":[\"https:\/\/www.facebook.com\/Portal-Notcia-Em-Pauta-102292869264820\/\",\"https:\/\/www.instagram.com\/portalnoticiaempauta\/\"]},{\"@type\":\"Person\",\"@id\":\"https:\/\/noticiaempauta.com\/portal\/#\/schema\/person\/a74af43dd1ab3deca45f988c717d57ac\",\"name\":\"Reda\u00e7\u00e3o\",\"image\":{\"@type\":\"ImageObject\",\"inLanguage\":\"pt-BR\",\"@id\":\"https:\/\/noticiaempauta.com\/portal\/#\/schema\/person\/image\/\",\"url\":\"https:\/\/secure.gravatar.com\/avatar\/03179346ecce6cdfc13361603e8f54242a90e5cde8618fa23c5c00aa2b0aadf3?s=96&d=mm&r=g\",\"contentUrl\":\"https:\/\/secure.gravatar.com\/avatar\/03179346ecce6cdfc13361603e8f54242a90e5cde8618fa23c5c00aa2b0aadf3?s=96&d=mm&r=g\",\"caption\":\"Reda\u00e7\u00e3o\"},\"sameAs\":[\"https:\/\/noticiaempauta.com\/portal\/\"],\"url\":\"https:\/\/noticiaempauta.com\/portal\/author\/fernando\/\"}]}<\/script>\n<!-- \/ Yoast SEO Premium plugin. -->","yoast_head_json":{"title":"Suspeita de matar e enterrar crian\u00e7a viva em Inhuma \u00e9 presa - Portal Not\u00edcia em Pauta","robots":{"index":"index","follow":"follow","max-snippet":"max-snippet:-1","max-image-preview":"max-image-preview:large","max-video-preview":"max-video-preview:-1"},"canonical":"https:\/\/noticiaempauta.com\/portal\/suspeita-de-matar-e-enterrar-crianca-viva-em-inhuma-e-presa\/","og_locale":"pt_BR","og_type":"article","og_title":"Suspeita de matar e enterrar crian\u00e7a viva em Inhuma \u00e9 presa","og_description":"Uma jovem de 19 anos foi presa nesta segunda-feira (17), suspeita de matar a filha rec\u00e9m-nascida e enterr\u00e1-la no munic\u00edpio de Inhuma, localizado a 270 km de Teresina. O crime ocorreu no dia 1\u00ba de fevereiro, quando o corpo da beb\u00ea foi encontrado ao lado da jovem, que estava desmaiada e ensanguentada. A rec\u00e9m-nascida j\u00e1 [&hellip;]","og_url":"https:\/\/noticiaempauta.com\/portal\/suspeita-de-matar-e-enterrar-crianca-viva-em-inhuma-e-presa\/","og_site_name":"Portal Not\u00edcia em Pauta","article_publisher":"https:\/\/www.facebook.com\/Portal-Notcia-Em-Pauta-102292869264820\/","article_published_time":"2025-02-18T12:04:44+00:00","article_modified_time":"2025-02-18T12:04:45+00:00","og_image":[{"width":1351,"height":900,"url":"https:\/\/noticiaempauta.com\/portal\/wp-content\/uploads\/2025\/02\/mae-e-presa-suspeita-de-matar-e-enterrar-recem-nascido-em-inhuma-a4b13def-7845-4003-a9f8-55967862cca2.jpg.webp","type":"image\/webp"}],"author":"Reda\u00e7\u00e3o","twitter_card":"summary_large_image","twitter_misc":{"Escrito por":"Reda\u00e7\u00e3o","Est. tempo de leitura":"2 minutos"},"schema":{"@context":"https:\/\/schema.org","@graph":[{"@type":"Article","@id":"https:\/\/noticiaempauta.com\/portal\/suspeita-de-matar-e-enterrar-crianca-viva-em-inhuma-e-presa\/#article","isPartOf":{"@id":"https:\/\/noticiaempauta.com\/portal\/suspeita-de-matar-e-enterrar-crianca-viva-em-inhuma-e-presa\/"},"author":{"name":"Reda\u00e7\u00e3o","@id":"https:\/\/noticiaempauta.com\/portal\/#\/schema\/person\/a74af43dd1ab3deca45f988c717d57ac"},"headline":"Suspeita de matar e enterrar crian\u00e7a viva em Inhuma \u00e9 presa","datePublished":"2025-02-18T12:04:44+00:00","dateModified":"2025-02-18T12:04:45+00:00","mainEntityOfPage":{"@id":"https:\/\/noticiaempauta.com\/portal\/suspeita-de-matar-e-enterrar-crianca-viva-em-inhuma-e-presa\/"},"wordCount":279,"commentCount":0,"publisher":{"@id":"https:\/\/noticiaempauta.com\/portal\/#organization"},"image":{"@id":"https:\/\/noticiaempauta.com\/portal\/suspeita-de-matar-e-enterrar-crianca-viva-em-inhuma-e-presa\/#primaryimage"},"thumbnailUrl":"https:\/\/noticiaempauta.com\/portal\/wp-content\/uploads\/2025\/02\/mae-e-presa-suspeita-de-matar-e-enterrar-recem-nascido-em-inhuma-a4b13def-7845-4003-a9f8-55967862cca2.jpg.webp","articleSection":["Destaques","Geral","Munic\u00edpios","Pol\u00edcia","Todas as Not\u00edcias"],"inLanguage":"pt-BR","potentialAction":[{"@type":"CommentAction","name":"Comment","target":["https:\/\/noticiaempauta.com\/portal\/suspeita-de-matar-e-enterrar-crianca-viva-em-inhuma-e-presa\/#respond"]}]},{"@type":"WebPage","@id":"https:\/\/noticiaempauta.com\/portal\/suspeita-de-matar-e-enterrar-crianca-viva-em-inhuma-e-presa\/","url":"https:\/\/noticiaempauta.com\/portal\/suspeita-de-matar-e-enterrar-crianca-viva-em-inhuma-e-presa\/","name":"Suspeita de matar e enterrar crian\u00e7a viva em Inhuma \u00e9 presa - Portal Not\u00edcia em Pauta","isPartOf":{"@id":"https:\/\/noticiaempauta.com\/portal\/#website"},"primaryImageOfPage":{"@id":"https:\/\/noticiaempauta.com\/portal\/suspeita-de-matar-e-enterrar-crianca-viva-em-inhuma-e-presa\/#primaryimage"},"image":{"@id":"https:\/\/noticiaempauta.com\/portal\/suspeita-de-matar-e-enterrar-crianca-viva-em-inhuma-e-presa\/#primaryimage"},"thumbnailUrl":"https:\/\/noticiaempauta.com\/portal\/wp-content\/uploads\/2025\/02\/mae-e-presa-suspeita-de-matar-e-enterrar-recem-nascido-em-inhuma-a4b13def-7845-4003-a9f8-55967862cca2.jpg.webp","datePublished":"2025-02-18T12:04:44+00:00","dateModified":"2025-02-18T12:04:45+00:00","breadcrumb":{"@id":"https:\/\/noticiaempauta.com\/portal\/suspeita-de-matar-e-enterrar-crianca-viva-em-inhuma-e-presa\/#breadcrumb"},"inLanguage":"pt-BR","potentialAction":[{"@type":"ReadAction","target":["https:\/\/noticiaempauta.com\/portal\/suspeita-de-matar-e-enterrar-crianca-viva-em-inhuma-e-presa\/"]}]},{"@type":"ImageObject","inLanguage":"pt-BR","@id":"https:\/\/noticiaempauta.com\/portal\/suspeita-de-matar-e-enterrar-crianca-viva-em-inhuma-e-presa\/#primaryimage","url":"https:\/\/noticiaempauta.com\/portal\/wp-content\/uploads\/2025\/02\/mae-e-presa-suspeita-de-matar-e-enterrar-recem-nascido-em-inhuma-a4b13def-7845-4003-a9f8-55967862cca2.jpg.webp","contentUrl":"https:\/\/noticiaempauta.com\/portal\/wp-content\/uploads\/2025\/02\/mae-e-presa-suspeita-de-matar-e-enterrar-recem-nascido-em-inhuma-a4b13def-7845-4003-a9f8-55967862cca2.jpg.webp","width":1351,"height":900},{"@type":"BreadcrumbList","@id":"https:\/\/noticiaempauta.com\/portal\/suspeita-de-matar-e-enterrar-crianca-viva-em-inhuma-e-presa\/#breadcrumb","itemListElement":[{"@type":"ListItem","position":1,"name":"P\u00e1gina Inicial","item":"https:\/\/noticiaempauta.com\/portal\/"},{"@type":"ListItem","position":2,"name":"Destaques","item":"https:\/\/noticiaempauta.com\/portal\/destaques-site\/"},{"@type":"ListItem","position":3,"name":"Suspeita de matar e enterrar crian\u00e7a viva em Inhuma \u00e9 presa"}]},{"@type":"WebSite","@id":"https:\/\/noticiaempauta.com\/portal\/#website","url":"https:\/\/noticiaempauta.com\/portal\/","name":"Portal Not\u00edcia em Pauta","description":"Voc\u00ea bem informado","publisher":{"@id":"https:\/\/noticiaempauta.com\/portal\/#organization"},"potentialAction":[{"@type":"SearchAction","target":{"@type":"EntryPoint","urlTemplate":"https:\/\/noticiaempauta.com\/portal\/?s={search_term_string}"},"query-input":{"@type":"PropertyValueSpecification","valueRequired":true,"valueName":"search_term_string"}}],"inLanguage":"pt-BR"},{"@type":"Organization","@id":"https:\/\/noticiaempauta.com\/portal\/#organization","name":"Portal Not\u00edcia em Pauta","url":"https:\/\/noticiaempauta.com\/portal\/","logo":{"@type":"ImageObject","inLanguage":"pt-BR","@id":"https:\/\/noticiaempauta.com\/portal\/#\/schema\/logo\/image\/","url":"https:\/\/noticiaempauta.com\/portal\/wp-content\/uploads\/2022\/08\/logomarca_tema.fw_.png","contentUrl":"https:\/\/noticiaempauta.com\/portal\/wp-content\/uploads\/2022\/08\/logomarca_tema.fw_.png","width":400,"height":232,"caption":"Portal Not\u00edcia em Pauta"},"image":{"@id":"https:\/\/noticiaempauta.com\/portal\/#\/schema\/logo\/image\/"},"sameAs":["https:\/\/www.facebook.com\/Portal-Notcia-Em-Pauta-102292869264820\/","https:\/\/www.instagram.com\/portalnoticiaempauta\/"]},{"@type":"Person","@id":"https:\/\/noticiaempauta.com\/portal\/#\/schema\/person\/a74af43dd1ab3deca45f988c717d57ac","name":"Reda\u00e7\u00e3o","image":{"@type":"ImageObject","inLanguage":"pt-BR","@id":"https:\/\/noticiaempauta.com\/portal\/#\/schema\/person\/image\/","url":"https:\/\/secure.gravatar.com\/avatar\/03179346ecce6cdfc13361603e8f54242a90e5cde8618fa23c5c00aa2b0aadf3?s=96&d=mm&r=g","contentUrl":"https:\/\/secure.gravatar.com\/avatar\/03179346ecce6cdfc13361603e8f54242a90e5cde8618fa23c5c00aa2b0aadf3?s=96&d=mm&r=g","caption":"Reda\u00e7\u00e3o"},"sameAs":["https:\/\/noticiaempauta.com\/portal\/"],"url":"https:\/\/noticiaempauta.com\/portal\/author\/fernando\/"}]}},"_links":{"self":[{"href":"https:\/\/noticiaempauta.com\/portal\/wp-json\/wp\/v2\/posts\/267829","targetHints":{"allow":["GET"]}}],"collection":[{"href":"https:\/\/noticiaempauta.com\/portal\/wp-json\/wp\/v2\/posts"}],"about":[{"href":"https:\/\/noticiaempauta.com\/portal\/wp-json\/wp\/v2\/types\/post"}],"author":[{"embeddable":true,"href":"https:\/\/noticiaempauta.com\/portal\/wp-json\/wp\/v2\/users\/2"}],"replies":[{"embeddable":true,"href":"https:\/\/noticiaempauta.com\/portal\/wp-json\/wp\/v2\/comments?post=267829"}],"version-history":[{"count":2,"href":"https:\/\/noticiaempauta.com\/portal\/wp-json\/wp\/v2\/posts\/267829\/revisions"}],"predecessor-version":[{"id":267832,"href":"https:\/\/noticiaempauta.com\/portal\/wp-json\/wp\/v2\/posts\/267829\/revisions\/267832"}],"wp:featuredmedia":[{"embeddable":true,"href":"https:\/\/noticiaempauta.com\/portal\/wp-json\/wp\/v2\/media\/267830"}],"wp:attachment":[{"href":"https:\/\/noticiaempauta.com\/portal\/wp-json\/wp\/v2\/media?parent=267829"}],"wp:term":[{"taxonomy":"category","embeddable":true,"href":"https:\/\/noticiaempauta.com\/portal\/wp-json\/wp\/v2\/categories?post=267829"},{"taxonomy":"post_tag","embeddable":true,"href":"https:\/\/noticiaempauta.com\/portal\/wp-json\/wp\/v2\/tags?post=267829"}],"curies":[{"name":"wp","href":"https:\/\/api.w.org\/{rel}","templated":true}]}}