{"id":267850,"date":"2025-02-19T08:49:18","date_gmt":"2025-02-19T11:49:18","guid":{"rendered":"https:\/\/noticiaempauta.com\/portal\/?p=267850"},"modified":"2025-02-19T08:49:19","modified_gmt":"2025-02-19T11:49:19","slug":"gestores-escolares-participam-de-encontro-para-alinhamento-de-reordenacao-e-educacao-de-tempo-integral-em-picos","status":"publish","type":"post","link":"https:\/\/noticiaempauta.com\/portal\/gestores-escolares-participam-de-encontro-para-alinhamento-de-reordenacao-e-educacao-de-tempo-integral-em-picos\/","title":{"rendered":"Gestores escolares participam de encontro para alinhamento de reordena\u00e7\u00e3o e educa\u00e7\u00e3o de tempo integral em Picos"},"content":{"rendered":"\n<p>Na manh\u00e3 desta ter\u00e7a-feira (18), os gestores das escolas municipais da rede de ensino b\u00e1sico de Picos participaram de um encontro na sede da Secretaria de Educa\u00e7\u00e3o para alinhamento da nova modalidade de educa\u00e7\u00e3o de tempo integral.<\/p>\n\n\n\n<figure class=\"wp-block-image size-large\"><img fetchpriority=\"high\" decoding=\"async\" width=\"1024\" height=\"768\" src=\"https:\/\/noticiaempauta.com\/portal\/wp-content\/uploads\/2025\/02\/Imagem-do-WhatsApp-de-2025-02-18-as-21.19.23_77d2a7d3-1024x768.jpg\" alt=\"\" class=\"wp-image-267852\" srcset=\"https:\/\/noticiaempauta.com\/portal\/wp-content\/uploads\/2025\/02\/Imagem-do-WhatsApp-de-2025-02-18-as-21.19.23_77d2a7d3-1024x768.jpg 1024w, https:\/\/noticiaempauta.com\/portal\/wp-content\/uploads\/2025\/02\/Imagem-do-WhatsApp-de-2025-02-18-as-21.19.23_77d2a7d3-300x225.jpg 300w, https:\/\/noticiaempauta.com\/portal\/wp-content\/uploads\/2025\/02\/Imagem-do-WhatsApp-de-2025-02-18-as-21.19.23_77d2a7d3-768x576.jpg 768w, https:\/\/noticiaempauta.com\/portal\/wp-content\/uploads\/2025\/02\/Imagem-do-WhatsApp-de-2025-02-18-as-21.19.23_77d2a7d3-1536x1152.jpg 1536w, https:\/\/noticiaempauta.com\/portal\/wp-content\/uploads\/2025\/02\/Imagem-do-WhatsApp-de-2025-02-18-as-21.19.23_77d2a7d3.jpg 1600w\" sizes=\"(max-width: 1024px) 100vw, 1024px\" \/><\/figure>\n\n\n\n<p>Na oportunidade, os gestores foram orientados sobre quais escolas passar\u00e3o por reordenamento, com o intuito de melhorar o ensino-aprendizagem dos estudantes, principal meta da nova gest\u00e3o.<\/p>\n\n\n\n<figure class=\"wp-block-image size-large\"><img decoding=\"async\" width=\"1024\" height=\"768\" src=\"https:\/\/noticiaempauta.com\/portal\/wp-content\/uploads\/2025\/02\/Imagem-do-WhatsApp-de-2025-02-18-as-21.19.22_c241e241-1024x768.jpg\" alt=\"\" class=\"wp-image-267851\" srcset=\"https:\/\/noticiaempauta.com\/portal\/wp-content\/uploads\/2025\/02\/Imagem-do-WhatsApp-de-2025-02-18-as-21.19.22_c241e241-1024x768.jpg 1024w, https:\/\/noticiaempauta.com\/portal\/wp-content\/uploads\/2025\/02\/Imagem-do-WhatsApp-de-2025-02-18-as-21.19.22_c241e241-300x225.jpg 300w, https:\/\/noticiaempauta.com\/portal\/wp-content\/uploads\/2025\/02\/Imagem-do-WhatsApp-de-2025-02-18-as-21.19.22_c241e241-768x576.jpg 768w, https:\/\/noticiaempauta.com\/portal\/wp-content\/uploads\/2025\/02\/Imagem-do-WhatsApp-de-2025-02-18-as-21.19.22_c241e241-1536x1152.jpg 1536w, https:\/\/noticiaempauta.com\/portal\/wp-content\/uploads\/2025\/02\/Imagem-do-WhatsApp-de-2025-02-18-as-21.19.22_c241e241.jpg 1600w\" sizes=\"(max-width: 1024px) 100vw, 1024px\" \/><\/figure>\n\n\n\n<p>\u201cMuitas pessoas t\u00eam dito que estamos fazendo isso por capricho, mas tudo o que estamos fazendo foi minuciosamente estudado por um consultor educacional que veio a Picos, visitou escola por escola, conheceu cada estrutura, teve acesso \u00e0 quantidade de alunos de cada turma e projetou, a partir desses dados, o porqu\u00ea dessas crian\u00e7as estarem com o \u00cdndice de Desenvolvimento da Educa\u00e7\u00e3o B\u00e1sica (IDEB) t\u00e3o baixo e como elas poder\u00e3o se desenvolver de forma promissora. \u00c9 para isso que se voltar\u00e1 nosso empenho\u201d, declarou a secret\u00e1ria de Educa\u00e7\u00e3o, Mary Dantas.<\/p>\n\n\n\n<p>A gestora relatou, em conversa com os diretores das escolas, sobre a necessidade da reordena\u00e7\u00e3o, especialmente da extin\u00e7\u00e3o de turmas multisseriadas, que vinha comprometendo o aprendizado das crian\u00e7as que, nas mais diferentes idades, estudavam juntas em uma mesma sala, com ensino nivelado de forma incorreta.<\/p>\n\n\n\n<p>Foi informado, ainda, sobre o in\u00edcio das aulas, que acontecer\u00e1 no dia 10 de mar\u00e7o e que, at\u00e9 a data, ser\u00e3o realizadas conversas p\u00fablicas com os pais dos alunos, nas comunidades em que acontecer\u00e3o as reordena\u00e7\u00f5es e inclus\u00f5es da educa\u00e7\u00e3o de tempo integral.<\/p>\n\n\n\n<p>CCOM<\/p>\n","protected":false},"excerpt":{"rendered":"<p>Na manh\u00e3 desta ter\u00e7a-feira (18), os gestores das escolas municipais da rede de ensino b\u00e1sico de Picos participaram de um encontro na sede da Secretaria de Educa\u00e7\u00e3o para alinhamento da nova modalidade de educa\u00e7\u00e3o de tempo integral. Na oportunidade, os gestores foram orientados sobre quais escolas passar\u00e3o por reordenamento, com o intuito de melhorar o [&hellip;]<\/p>\n","protected":false},"author":2,"featured_media":267852,"comment_status":"open","ping_status":"open","sticky":false,"template":"","format":"standard","meta":{"_mi_skip_tracking":false,"footnotes":""},"categories":[25,1,16],"tags":[192],"class_list":["post-267850","post","type-post","status-publish","format-standard","has-post-thumbnail","hentry","category-destaques-site","category-geral","category-todas","tag-destaqueprincipal"],"acf":[],"yoast_head":"<!-- This site is optimized with the Yoast SEO Premium plugin v19.2 (Yoast SEO v26.9) - https:\/\/yoast.com\/product\/yoast-seo-premium-wordpress\/ -->\n<title>Gestores escolares participam de encontro para alinhamento de reordena\u00e7\u00e3o e educa\u00e7\u00e3o de tempo integral em Picos - Portal Not\u00edcia em Pauta<\/title>\n<meta name=\"robots\" content=\"index, follow, max-snippet:-1, max-image-preview:large, max-video-preview:-1\" \/>\n<link rel=\"canonical\" href=\"https:\/\/noticiaempauta.com\/portal\/gestores-escolares-participam-de-encontro-para-alinhamento-de-reordenacao-e-educacao-de-tempo-integral-em-picos\/\" \/>\n<meta property=\"og:locale\" content=\"pt_BR\" \/>\n<meta property=\"og:type\" content=\"article\" \/>\n<meta property=\"og:title\" content=\"Gestores escolares participam de encontro para alinhamento de reordena\u00e7\u00e3o e educa\u00e7\u00e3o de tempo integral em Picos\" \/>\n<meta property=\"og:description\" content=\"Na manh\u00e3 desta ter\u00e7a-feira (18), os gestores das escolas municipais da rede de ensino b\u00e1sico de Picos participaram de um encontro na sede da Secretaria de Educa\u00e7\u00e3o para alinhamento da nova modalidade de educa\u00e7\u00e3o de tempo integral. Na oportunidade, os gestores foram orientados sobre quais escolas passar\u00e3o por reordenamento, com o intuito de melhorar o [&hellip;]\" \/>\n<meta property=\"og:url\" content=\"https:\/\/noticiaempauta.com\/portal\/gestores-escolares-participam-de-encontro-para-alinhamento-de-reordenacao-e-educacao-de-tempo-integral-em-picos\/\" \/>\n<meta property=\"og:site_name\" content=\"Portal Not\u00edcia em Pauta\" \/>\n<meta property=\"article:publisher\" content=\"https:\/\/www.facebook.com\/Portal-Notcia-Em-Pauta-102292869264820\/\" \/>\n<meta property=\"article:published_time\" content=\"2025-02-19T11:49:18+00:00\" \/>\n<meta property=\"article:modified_time\" content=\"2025-02-19T11:49:19+00:00\" \/>\n<meta property=\"og:image\" content=\"https:\/\/noticiaempauta.com\/portal\/wp-content\/uploads\/2025\/02\/Imagem-do-WhatsApp-de-2025-02-18-as-21.19.23_77d2a7d3.jpg\" \/>\n\t<meta property=\"og:image:width\" content=\"1600\" \/>\n\t<meta property=\"og:image:height\" content=\"1200\" \/>\n\t<meta property=\"og:image:type\" content=\"image\/jpeg\" \/>\n<meta name=\"author\" content=\"Reda\u00e7\u00e3o\" \/>\n<meta name=\"twitter:card\" content=\"summary_large_image\" \/>\n<meta name=\"twitter:label1\" content=\"Escrito por\" \/>\n\t<meta name=\"twitter:data1\" content=\"Reda\u00e7\u00e3o\" \/>\n\t<meta name=\"twitter:label2\" content=\"Est. tempo de leitura\" \/>\n\t<meta name=\"twitter:data2\" content=\"2 minutos\" \/>\n<script type=\"application\/ld+json\" class=\"yoast-schema-graph\">{\"@context\":\"https:\/\/schema.org\",\"@graph\":[{\"@type\":\"Article\",\"@id\":\"https:\/\/noticiaempauta.com\/portal\/gestores-escolares-participam-de-encontro-para-alinhamento-de-reordenacao-e-educacao-de-tempo-integral-em-picos\/#article\",\"isPartOf\":{\"@id\":\"https:\/\/noticiaempauta.com\/portal\/gestores-escolares-participam-de-encontro-para-alinhamento-de-reordenacao-e-educacao-de-tempo-integral-em-picos\/\"},\"author\":{\"name\":\"Reda\u00e7\u00e3o\",\"@id\":\"https:\/\/noticiaempauta.com\/portal\/#\/schema\/person\/a74af43dd1ab3deca45f988c717d57ac\"},\"headline\":\"Gestores escolares participam de encontro para alinhamento de reordena\u00e7\u00e3o e educa\u00e7\u00e3o de tempo integral em Picos\",\"datePublished\":\"2025-02-19T11:49:18+00:00\",\"dateModified\":\"2025-02-19T11:49:19+00:00\",\"mainEntityOfPage\":{\"@id\":\"https:\/\/noticiaempauta.com\/portal\/gestores-escolares-participam-de-encontro-para-alinhamento-de-reordenacao-e-educacao-de-tempo-integral-em-picos\/\"},\"wordCount\":280,\"commentCount\":0,\"publisher\":{\"@id\":\"https:\/\/noticiaempauta.com\/portal\/#organization\"},\"image\":{\"@id\":\"https:\/\/noticiaempauta.com\/portal\/gestores-escolares-participam-de-encontro-para-alinhamento-de-reordenacao-e-educacao-de-tempo-integral-em-picos\/#primaryimage\"},\"thumbnailUrl\":\"https:\/\/noticiaempauta.com\/portal\/wp-content\/uploads\/2025\/02\/Imagem-do-WhatsApp-de-2025-02-18-as-21.19.23_77d2a7d3.jpg\",\"keywords\":[\"destaqueprincipal\"],\"articleSection\":[\"Destaques\",\"Geral\",\"Todas as Not\u00edcias\"],\"inLanguage\":\"pt-BR\",\"potentialAction\":[{\"@type\":\"CommentAction\",\"name\":\"Comment\",\"target\":[\"https:\/\/noticiaempauta.com\/portal\/gestores-escolares-participam-de-encontro-para-alinhamento-de-reordenacao-e-educacao-de-tempo-integral-em-picos\/#respond\"]}]},{\"@type\":\"WebPage\",\"@id\":\"https:\/\/noticiaempauta.com\/portal\/gestores-escolares-participam-de-encontro-para-alinhamento-de-reordenacao-e-educacao-de-tempo-integral-em-picos\/\",\"url\":\"https:\/\/noticiaempauta.com\/portal\/gestores-escolares-participam-de-encontro-para-alinhamento-de-reordenacao-e-educacao-de-tempo-integral-em-picos\/\",\"name\":\"Gestores escolares participam de encontro para alinhamento de reordena\u00e7\u00e3o e educa\u00e7\u00e3o de tempo integral em Picos - Portal Not\u00edcia em Pauta\",\"isPartOf\":{\"@id\":\"https:\/\/noticiaempauta.com\/portal\/#website\"},\"primaryImageOfPage\":{\"@id\":\"https:\/\/noticiaempauta.com\/portal\/gestores-escolares-participam-de-encontro-para-alinhamento-de-reordenacao-e-educacao-de-tempo-integral-em-picos\/#primaryimage\"},\"image\":{\"@id\":\"https:\/\/noticiaempauta.com\/portal\/gestores-escolares-participam-de-encontro-para-alinhamento-de-reordenacao-e-educacao-de-tempo-integral-em-picos\/#primaryimage\"},\"thumbnailUrl\":\"https:\/\/noticiaempauta.com\/portal\/wp-content\/uploads\/2025\/02\/Imagem-do-WhatsApp-de-2025-02-18-as-21.19.23_77d2a7d3.jpg\",\"datePublished\":\"2025-02-19T11:49:18+00:00\",\"dateModified\":\"2025-02-19T11:49:19+00:00\",\"breadcrumb\":{\"@id\":\"https:\/\/noticiaempauta.com\/portal\/gestores-escolares-participam-de-encontro-para-alinhamento-de-reordenacao-e-educacao-de-tempo-integral-em-picos\/#breadcrumb\"},\"inLanguage\":\"pt-BR\",\"potentialAction\":[{\"@type\":\"ReadAction\",\"target\":[\"https:\/\/noticiaempauta.com\/portal\/gestores-escolares-participam-de-encontro-para-alinhamento-de-reordenacao-e-educacao-de-tempo-integral-em-picos\/\"]}]},{\"@type\":\"ImageObject\",\"inLanguage\":\"pt-BR\",\"@id\":\"https:\/\/noticiaempauta.com\/portal\/gestores-escolares-participam-de-encontro-para-alinhamento-de-reordenacao-e-educacao-de-tempo-integral-em-picos\/#primaryimage\",\"url\":\"https:\/\/noticiaempauta.com\/portal\/wp-content\/uploads\/2025\/02\/Imagem-do-WhatsApp-de-2025-02-18-as-21.19.23_77d2a7d3.jpg\",\"contentUrl\":\"https:\/\/noticiaempauta.com\/portal\/wp-content\/uploads\/2025\/02\/Imagem-do-WhatsApp-de-2025-02-18-as-21.19.23_77d2a7d3.jpg\",\"width\":1600,\"height\":1200},{\"@type\":\"BreadcrumbList\",\"@id\":\"https:\/\/noticiaempauta.com\/portal\/gestores-escolares-participam-de-encontro-para-alinhamento-de-reordenacao-e-educacao-de-tempo-integral-em-picos\/#breadcrumb\",\"itemListElement\":[{\"@type\":\"ListItem\",\"position\":1,\"name\":\"P\u00e1gina Inicial\",\"item\":\"https:\/\/noticiaempauta.com\/portal\/\"},{\"@type\":\"ListItem\",\"position\":2,\"name\":\"Destaques\",\"item\":\"https:\/\/noticiaempauta.com\/portal\/destaques-site\/\"},{\"@type\":\"ListItem\",\"position\":3,\"name\":\"Gestores escolares participam de encontro para alinhamento de reordena\u00e7\u00e3o e educa\u00e7\u00e3o de tempo integral em Picos\"}]},{\"@type\":\"WebSite\",\"@id\":\"https:\/\/noticiaempauta.com\/portal\/#website\",\"url\":\"https:\/\/noticiaempauta.com\/portal\/\",\"name\":\"Portal Not\u00edcia em Pauta\",\"description\":\"Voc\u00ea bem informado\",\"publisher\":{\"@id\":\"https:\/\/noticiaempauta.com\/portal\/#organization\"},\"potentialAction\":[{\"@type\":\"SearchAction\",\"target\":{\"@type\":\"EntryPoint\",\"urlTemplate\":\"https:\/\/noticiaempauta.com\/portal\/?s={search_term_string}\"},\"query-input\":{\"@type\":\"PropertyValueSpecification\",\"valueRequired\":true,\"valueName\":\"search_term_string\"}}],\"inLanguage\":\"pt-BR\"},{\"@type\":\"Organization\",\"@id\":\"https:\/\/noticiaempauta.com\/portal\/#organization\",\"name\":\"Portal Not\u00edcia em Pauta\",\"url\":\"https:\/\/noticiaempauta.com\/portal\/\",\"logo\":{\"@type\":\"ImageObject\",\"inLanguage\":\"pt-BR\",\"@id\":\"https:\/\/noticiaempauta.com\/portal\/#\/schema\/logo\/image\/\",\"url\":\"https:\/\/noticiaempauta.com\/portal\/wp-content\/uploads\/2022\/08\/logomarca_tema.fw_.png\",\"contentUrl\":\"https:\/\/noticiaempauta.com\/portal\/wp-content\/uploads\/2022\/08\/logomarca_tema.fw_.png\",\"width\":400,\"height\":232,\"caption\":\"Portal Not\u00edcia em Pauta\"},\"image\":{\"@id\":\"https:\/\/noticiaempauta.com\/portal\/#\/schema\/logo\/image\/\"},\"sameAs\":[\"https:\/\/www.facebook.com\/Portal-Notcia-Em-Pauta-102292869264820\/\",\"https:\/\/www.instagram.com\/portalnoticiaempauta\/\"]},{\"@type\":\"Person\",\"@id\":\"https:\/\/noticiaempauta.com\/portal\/#\/schema\/person\/a74af43dd1ab3deca45f988c717d57ac\",\"name\":\"Reda\u00e7\u00e3o\",\"image\":{\"@type\":\"ImageObject\",\"inLanguage\":\"pt-BR\",\"@id\":\"https:\/\/noticiaempauta.com\/portal\/#\/schema\/person\/image\/\",\"url\":\"https:\/\/secure.gravatar.com\/avatar\/03179346ecce6cdfc13361603e8f54242a90e5cde8618fa23c5c00aa2b0aadf3?s=96&d=mm&r=g\",\"contentUrl\":\"https:\/\/secure.gravatar.com\/avatar\/03179346ecce6cdfc13361603e8f54242a90e5cde8618fa23c5c00aa2b0aadf3?s=96&d=mm&r=g\",\"caption\":\"Reda\u00e7\u00e3o\"},\"sameAs\":[\"https:\/\/noticiaempauta.com\/portal\/\"],\"url\":\"https:\/\/noticiaempauta.com\/portal\/author\/fernando\/\"}]}<\/script>\n<!-- \/ Yoast SEO Premium plugin. -->","yoast_head_json":{"title":"Gestores escolares participam de encontro para alinhamento de reordena\u00e7\u00e3o e educa\u00e7\u00e3o de tempo integral em Picos - Portal Not\u00edcia em Pauta","robots":{"index":"index","follow":"follow","max-snippet":"max-snippet:-1","max-image-preview":"max-image-preview:large","max-video-preview":"max-video-preview:-1"},"canonical":"https:\/\/noticiaempauta.com\/portal\/gestores-escolares-participam-de-encontro-para-alinhamento-de-reordenacao-e-educacao-de-tempo-integral-em-picos\/","og_locale":"pt_BR","og_type":"article","og_title":"Gestores escolares participam de encontro para alinhamento de reordena\u00e7\u00e3o e educa\u00e7\u00e3o de tempo integral em Picos","og_description":"Na manh\u00e3 desta ter\u00e7a-feira (18), os gestores das escolas municipais da rede de ensino b\u00e1sico de Picos participaram de um encontro na sede da Secretaria de Educa\u00e7\u00e3o para alinhamento da nova modalidade de educa\u00e7\u00e3o de tempo integral. Na oportunidade, os gestores foram orientados sobre quais escolas passar\u00e3o por reordenamento, com o intuito de melhorar o [&hellip;]","og_url":"https:\/\/noticiaempauta.com\/portal\/gestores-escolares-participam-de-encontro-para-alinhamento-de-reordenacao-e-educacao-de-tempo-integral-em-picos\/","og_site_name":"Portal Not\u00edcia em Pauta","article_publisher":"https:\/\/www.facebook.com\/Portal-Notcia-Em-Pauta-102292869264820\/","article_published_time":"2025-02-19T11:49:18+00:00","article_modified_time":"2025-02-19T11:49:19+00:00","og_image":[{"width":1600,"height":1200,"url":"https:\/\/noticiaempauta.com\/portal\/wp-content\/uploads\/2025\/02\/Imagem-do-WhatsApp-de-2025-02-18-as-21.19.23_77d2a7d3.jpg","type":"image\/jpeg"}],"author":"Reda\u00e7\u00e3o","twitter_card":"summary_large_image","twitter_misc":{"Escrito por":"Reda\u00e7\u00e3o","Est. tempo de leitura":"2 minutos"},"schema":{"@context":"https:\/\/schema.org","@graph":[{"@type":"Article","@id":"https:\/\/noticiaempauta.com\/portal\/gestores-escolares-participam-de-encontro-para-alinhamento-de-reordenacao-e-educacao-de-tempo-integral-em-picos\/#article","isPartOf":{"@id":"https:\/\/noticiaempauta.com\/portal\/gestores-escolares-participam-de-encontro-para-alinhamento-de-reordenacao-e-educacao-de-tempo-integral-em-picos\/"},"author":{"name":"Reda\u00e7\u00e3o","@id":"https:\/\/noticiaempauta.com\/portal\/#\/schema\/person\/a74af43dd1ab3deca45f988c717d57ac"},"headline":"Gestores escolares participam de encontro para alinhamento de reordena\u00e7\u00e3o e educa\u00e7\u00e3o de tempo integral em Picos","datePublished":"2025-02-19T11:49:18+00:00","dateModified":"2025-02-19T11:49:19+00:00","mainEntityOfPage":{"@id":"https:\/\/noticiaempauta.com\/portal\/gestores-escolares-participam-de-encontro-para-alinhamento-de-reordenacao-e-educacao-de-tempo-integral-em-picos\/"},"wordCount":280,"commentCount":0,"publisher":{"@id":"https:\/\/noticiaempauta.com\/portal\/#organization"},"image":{"@id":"https:\/\/noticiaempauta.com\/portal\/gestores-escolares-participam-de-encontro-para-alinhamento-de-reordenacao-e-educacao-de-tempo-integral-em-picos\/#primaryimage"},"thumbnailUrl":"https:\/\/noticiaempauta.com\/portal\/wp-content\/uploads\/2025\/02\/Imagem-do-WhatsApp-de-2025-02-18-as-21.19.23_77d2a7d3.jpg","keywords":["destaqueprincipal"],"articleSection":["Destaques","Geral","Todas as Not\u00edcias"],"inLanguage":"pt-BR","potentialAction":[{"@type":"CommentAction","name":"Comment","target":["https:\/\/noticiaempauta.com\/portal\/gestores-escolares-participam-de-encontro-para-alinhamento-de-reordenacao-e-educacao-de-tempo-integral-em-picos\/#respond"]}]},{"@type":"WebPage","@id":"https:\/\/noticiaempauta.com\/portal\/gestores-escolares-participam-de-encontro-para-alinhamento-de-reordenacao-e-educacao-de-tempo-integral-em-picos\/","url":"https:\/\/noticiaempauta.com\/portal\/gestores-escolares-participam-de-encontro-para-alinhamento-de-reordenacao-e-educacao-de-tempo-integral-em-picos\/","name":"Gestores escolares participam de encontro para alinhamento de reordena\u00e7\u00e3o e educa\u00e7\u00e3o de tempo integral em Picos - Portal Not\u00edcia em Pauta","isPartOf":{"@id":"https:\/\/noticiaempauta.com\/portal\/#website"},"primaryImageOfPage":{"@id":"https:\/\/noticiaempauta.com\/portal\/gestores-escolares-participam-de-encontro-para-alinhamento-de-reordenacao-e-educacao-de-tempo-integral-em-picos\/#primaryimage"},"image":{"@id":"https:\/\/noticiaempauta.com\/portal\/gestores-escolares-participam-de-encontro-para-alinhamento-de-reordenacao-e-educacao-de-tempo-integral-em-picos\/#primaryimage"},"thumbnailUrl":"https:\/\/noticiaempauta.com\/portal\/wp-content\/uploads\/2025\/02\/Imagem-do-WhatsApp-de-2025-02-18-as-21.19.23_77d2a7d3.jpg","datePublished":"2025-02-19T11:49:18+00:00","dateModified":"2025-02-19T11:49:19+00:00","breadcrumb":{"@id":"https:\/\/noticiaempauta.com\/portal\/gestores-escolares-participam-de-encontro-para-alinhamento-de-reordenacao-e-educacao-de-tempo-integral-em-picos\/#breadcrumb"},"inLanguage":"pt-BR","potentialAction":[{"@type":"ReadAction","target":["https:\/\/noticiaempauta.com\/portal\/gestores-escolares-participam-de-encontro-para-alinhamento-de-reordenacao-e-educacao-de-tempo-integral-em-picos\/"]}]},{"@type":"ImageObject","inLanguage":"pt-BR","@id":"https:\/\/noticiaempauta.com\/portal\/gestores-escolares-participam-de-encontro-para-alinhamento-de-reordenacao-e-educacao-de-tempo-integral-em-picos\/#primaryimage","url":"https:\/\/noticiaempauta.com\/portal\/wp-content\/uploads\/2025\/02\/Imagem-do-WhatsApp-de-2025-02-18-as-21.19.23_77d2a7d3.jpg","contentUrl":"https:\/\/noticiaempauta.com\/portal\/wp-content\/uploads\/2025\/02\/Imagem-do-WhatsApp-de-2025-02-18-as-21.19.23_77d2a7d3.jpg","width":1600,"height":1200},{"@type":"BreadcrumbList","@id":"https:\/\/noticiaempauta.com\/portal\/gestores-escolares-participam-de-encontro-para-alinhamento-de-reordenacao-e-educacao-de-tempo-integral-em-picos\/#breadcrumb","itemListElement":[{"@type":"ListItem","position":1,"name":"P\u00e1gina Inicial","item":"https:\/\/noticiaempauta.com\/portal\/"},{"@type":"ListItem","position":2,"name":"Destaques","item":"https:\/\/noticiaempauta.com\/portal\/destaques-site\/"},{"@type":"ListItem","position":3,"name":"Gestores escolares participam de encontro para alinhamento de reordena\u00e7\u00e3o e educa\u00e7\u00e3o de tempo integral em Picos"}]},{"@type":"WebSite","@id":"https:\/\/noticiaempauta.com\/portal\/#website","url":"https:\/\/noticiaempauta.com\/portal\/","name":"Portal Not\u00edcia em Pauta","description":"Voc\u00ea bem informado","publisher":{"@id":"https:\/\/noticiaempauta.com\/portal\/#organization"},"potentialAction":[{"@type":"SearchAction","target":{"@type":"EntryPoint","urlTemplate":"https:\/\/noticiaempauta.com\/portal\/?s={search_term_string}"},"query-input":{"@type":"PropertyValueSpecification","valueRequired":true,"valueName":"search_term_string"}}],"inLanguage":"pt-BR"},{"@type":"Organization","@id":"https:\/\/noticiaempauta.com\/portal\/#organization","name":"Portal Not\u00edcia em Pauta","url":"https:\/\/noticiaempauta.com\/portal\/","logo":{"@type":"ImageObject","inLanguage":"pt-BR","@id":"https:\/\/noticiaempauta.com\/portal\/#\/schema\/logo\/image\/","url":"https:\/\/noticiaempauta.com\/portal\/wp-content\/uploads\/2022\/08\/logomarca_tema.fw_.png","contentUrl":"https:\/\/noticiaempauta.com\/portal\/wp-content\/uploads\/2022\/08\/logomarca_tema.fw_.png","width":400,"height":232,"caption":"Portal Not\u00edcia em Pauta"},"image":{"@id":"https:\/\/noticiaempauta.com\/portal\/#\/schema\/logo\/image\/"},"sameAs":["https:\/\/www.facebook.com\/Portal-Notcia-Em-Pauta-102292869264820\/","https:\/\/www.instagram.com\/portalnoticiaempauta\/"]},{"@type":"Person","@id":"https:\/\/noticiaempauta.com\/portal\/#\/schema\/person\/a74af43dd1ab3deca45f988c717d57ac","name":"Reda\u00e7\u00e3o","image":{"@type":"ImageObject","inLanguage":"pt-BR","@id":"https:\/\/noticiaempauta.com\/portal\/#\/schema\/person\/image\/","url":"https:\/\/secure.gravatar.com\/avatar\/03179346ecce6cdfc13361603e8f54242a90e5cde8618fa23c5c00aa2b0aadf3?s=96&d=mm&r=g","contentUrl":"https:\/\/secure.gravatar.com\/avatar\/03179346ecce6cdfc13361603e8f54242a90e5cde8618fa23c5c00aa2b0aadf3?s=96&d=mm&r=g","caption":"Reda\u00e7\u00e3o"},"sameAs":["https:\/\/noticiaempauta.com\/portal\/"],"url":"https:\/\/noticiaempauta.com\/portal\/author\/fernando\/"}]}},"_links":{"self":[{"href":"https:\/\/noticiaempauta.com\/portal\/wp-json\/wp\/v2\/posts\/267850","targetHints":{"allow":["GET"]}}],"collection":[{"href":"https:\/\/noticiaempauta.com\/portal\/wp-json\/wp\/v2\/posts"}],"about":[{"href":"https:\/\/noticiaempauta.com\/portal\/wp-json\/wp\/v2\/types\/post"}],"author":[{"embeddable":true,"href":"https:\/\/noticiaempauta.com\/portal\/wp-json\/wp\/v2\/users\/2"}],"replies":[{"embeddable":true,"href":"https:\/\/noticiaempauta.com\/portal\/wp-json\/wp\/v2\/comments?post=267850"}],"version-history":[{"count":2,"href":"https:\/\/noticiaempauta.com\/portal\/wp-json\/wp\/v2\/posts\/267850\/revisions"}],"predecessor-version":[{"id":267854,"href":"https:\/\/noticiaempauta.com\/portal\/wp-json\/wp\/v2\/posts\/267850\/revisions\/267854"}],"wp:featuredmedia":[{"embeddable":true,"href":"https:\/\/noticiaempauta.com\/portal\/wp-json\/wp\/v2\/media\/267852"}],"wp:attachment":[{"href":"https:\/\/noticiaempauta.com\/portal\/wp-json\/wp\/v2\/media?parent=267850"}],"wp:term":[{"taxonomy":"category","embeddable":true,"href":"https:\/\/noticiaempauta.com\/portal\/wp-json\/wp\/v2\/categories?post=267850"},{"taxonomy":"post_tag","embeddable":true,"href":"https:\/\/noticiaempauta.com\/portal\/wp-json\/wp\/v2\/tags?post=267850"}],"curies":[{"name":"wp","href":"https:\/\/api.w.org\/{rel}","templated":true}]}}