{"id":267864,"date":"2025-02-19T09:29:03","date_gmt":"2025-02-19T12:29:03","guid":{"rendered":"https:\/\/noticiaempauta.com\/portal\/?p=267864"},"modified":"2025-02-19T09:29:05","modified_gmt":"2025-02-19T12:29:05","slug":"rafael-fonteles-anuncia-transformacao-de-sao-jose-do-piaui-em-polo-turistico-com-destaque-para-a-capadocia-nordestina","status":"publish","type":"post","link":"https:\/\/noticiaempauta.com\/portal\/rafael-fonteles-anuncia-transformacao-de-sao-jose-do-piaui-em-polo-turistico-com-destaque-para-a-capadocia-nordestina\/","title":{"rendered":"Rafael Fonteles anuncia transforma\u00e7\u00e3o de S\u00e3o Jos\u00e9 do Piau\u00ed em polo tur\u00edstico, com destaque para a Capad\u00f3cia Nordestina"},"content":{"rendered":"\n<p>Durante visita a S\u00e3o Jos\u00e9 do Piau\u00ed, onde entregou obras nas \u00e1reas de mobilidade vi\u00e1ria e sa\u00fade, o governador Rafael Fonteles anunciou que o munic\u00edpio ser\u00e1 em breve um polo tur\u00edstico, com investimentos do Governo do Estado em parceria com a prefeitura. Fonteles destacou que as paisagens da regi\u00e3o s\u00e3o deslumbrantes para quem aprecia ecoturismo e turismo de aventura, uma experi\u00eancia \u00fanica para explorar locais diferentes.<\/p>\n\n\n\n<figure class=\"wp-block-image size-large\"><img fetchpriority=\"high\" decoding=\"async\" width=\"1024\" height=\"576\" src=\"https:\/\/noticiaempauta.com\/portal\/wp-content\/uploads\/2025\/02\/0511-1024x576.jpg\" alt=\"\" class=\"wp-image-267866\" srcset=\"https:\/\/noticiaempauta.com\/portal\/wp-content\/uploads\/2025\/02\/0511-1024x576.jpg 1024w, https:\/\/noticiaempauta.com\/portal\/wp-content\/uploads\/2025\/02\/0511-300x169.jpg 300w, https:\/\/noticiaempauta.com\/portal\/wp-content\/uploads\/2025\/02\/0511-768x432.jpg 768w, https:\/\/noticiaempauta.com\/portal\/wp-content\/uploads\/2025\/02\/0511.jpg 1536w\" sizes=\"(max-width: 1024px) 100vw, 1024px\" \/><figcaption class=\"wp-element-caption\"><em>(Foto: Reprodu\u00e7\u00e3o)<\/em><\/figcaption><\/figure>\n\n\n\n<p>\u201cAqui temos a Capad\u00f3cia Nordestina, com suas incr\u00edveis forma\u00e7\u00f5es rochosas. Vamos lan\u00e7ar um programa de turismo para essa regi\u00e3o\u201d, afirmou o governador.<\/p>\n\n\n\n<p>As impressionantes forma\u00e7\u00f5es rochosas, que foram analisadas por pesquisadores, t\u00eam mais de 380 milh\u00f5es de anos e surgiram devido \u00e0 eros\u00e3o provocada pela \u00e1gua e pelo vento. Com at\u00e9 100 metros de altura, esses pared\u00f5es rochosos lembram as c\u00e9lebres forma\u00e7\u00f5es da Turquia, o que inspirou o nome \u201cCapad\u00f3cia Nordestina\u201d para a vers\u00e3o brasileira.<\/p>\n\n\n\n<p>O governador ressaltou que as imagens da Capad\u00f3cia Nordestina j\u00e1 circulam pelo mundo e que o Governo do Piau\u00ed est\u00e1 comprometido em fortalecer o turismo da regi\u00e3o, gerando emprego e renda em S\u00e3o Jos\u00e9 do Piau\u00ed e nos munic\u00edpios vizinhos. Ele pediu ao prefeito de S\u00e3o Jos\u00e9 do Piau\u00ed, Admaelton Bezerra, que planeje as a\u00e7\u00f5es necess\u00e1rias, garantindo todo o apoio do Estado para transformar a \u00e1rea em um polo tur\u00edstico.<\/p>\n\n\n\n<figure class=\"wp-block-image size-full\"><img decoding=\"async\" width=\"1024\" height=\"683\" src=\"https:\/\/noticiaempauta.com\/portal\/wp-content\/uploads\/2025\/02\/Admaelton-Bezerra1-1024x683-1.jpeg\" alt=\"\" class=\"wp-image-267865\" srcset=\"https:\/\/noticiaempauta.com\/portal\/wp-content\/uploads\/2025\/02\/Admaelton-Bezerra1-1024x683-1.jpeg 1024w, https:\/\/noticiaempauta.com\/portal\/wp-content\/uploads\/2025\/02\/Admaelton-Bezerra1-1024x683-1-300x200.jpeg 300w, https:\/\/noticiaempauta.com\/portal\/wp-content\/uploads\/2025\/02\/Admaelton-Bezerra1-1024x683-1-768x512.jpeg 768w\" sizes=\"(max-width: 1024px) 100vw, 1024px\" \/><\/figure>\n\n\n\n<p>Em resposta, o prefeito Admaelton Bezerra expressou sua satisfa\u00e7\u00e3o com a iniciativa do governador. \u201cEstamos muito felizes com a determina\u00e7\u00e3o do governador Rafael Fonteles em fortalecer o turismo em nosso munic\u00edpio. Vamos trabalhar juntos para mostrar ao mundo o turismo de S\u00e3o Jos\u00e9 do Piau\u00ed e gerar mais emprego para a nossa popula\u00e7\u00e3o. O governador j\u00e1 iniciou a melhoria da infraestrutura com a recupera\u00e7\u00e3o da PI 227, que liga S\u00e3o Jos\u00e9 do Piau\u00ed a Inhuma, com 42 quil\u00f4metros de extens\u00e3o, e da PI 245, que conecta S\u00e3o Jos\u00e9 do Piau\u00ed a Sussuapara. As rodovias est\u00e3o em excelente estado e s\u00f3 temos a agradecer ao Governo do Estado\u201d, destacou o prefeito.<\/p>\n\n\n\n<p>Para quem busca explorar lugares m\u00edsticos e misteriosos, S\u00e3o Jos\u00e9 do Piau\u00ed, localizado a 296 km de Teresina, abriga a Capad\u00f3cia Piauiense. Conhecida por nomes como S\u00edtio Luz, Cidade Encantada ou Tr\u00eas Irm\u00e3os, essa regi\u00e3o \u00e9 famosa por suas forma\u00e7\u00f5es rochosas de mais de 300 milh\u00f5es de anos, que evocam a imagem da Capad\u00f3cia turca.<\/p>\n\n\n\n<p>Com paisagens cinematogr\u00e1ficas e diversas op\u00e7\u00f5es de trilhas para todos os tipos de visitantes, a regi\u00e3o j\u00e1 atrai turistas de outros estados e at\u00e9 de outros pa\u00edses, consolidando-se como uma das maravilhas naturais do Piau\u00ed.<\/p>\n\n\n\n<p>CCOM-PI<\/p>\n","protected":false},"excerpt":{"rendered":"<p>Durante visita a S\u00e3o Jos\u00e9 do Piau\u00ed, onde entregou obras nas \u00e1reas de mobilidade vi\u00e1ria e sa\u00fade, o governador Rafael Fonteles anunciou que o munic\u00edpio ser\u00e1 em breve um polo tur\u00edstico, com investimentos do Governo do Estado em parceria com a prefeitura. Fonteles destacou que as paisagens da regi\u00e3o s\u00e3o deslumbrantes para quem aprecia ecoturismo [&hellip;]<\/p>\n","protected":false},"author":2,"featured_media":267866,"comment_status":"open","ping_status":"open","sticky":false,"template":"","format":"standard","meta":{"_mi_skip_tracking":false,"footnotes":""},"categories":[25,1,16],"tags":[],"class_list":["post-267864","post","type-post","status-publish","format-standard","has-post-thumbnail","hentry","category-destaques-site","category-geral","category-todas"],"acf":[],"yoast_head":"<!-- This site is optimized with the Yoast SEO Premium plugin v19.2 (Yoast SEO v26.9) - https:\/\/yoast.com\/product\/yoast-seo-premium-wordpress\/ -->\n<title>Rafael Fonteles anuncia transforma\u00e7\u00e3o de S\u00e3o Jos\u00e9 do Piau\u00ed em polo tur\u00edstico, com destaque para a Capad\u00f3cia Nordestina - Portal Not\u00edcia em Pauta<\/title>\n<meta name=\"robots\" content=\"index, follow, max-snippet:-1, max-image-preview:large, max-video-preview:-1\" \/>\n<link rel=\"canonical\" href=\"https:\/\/noticiaempauta.com\/portal\/rafael-fonteles-anuncia-transformacao-de-sao-jose-do-piaui-em-polo-turistico-com-destaque-para-a-capadocia-nordestina\/\" \/>\n<meta property=\"og:locale\" content=\"pt_BR\" \/>\n<meta property=\"og:type\" content=\"article\" \/>\n<meta property=\"og:title\" content=\"Rafael Fonteles anuncia transforma\u00e7\u00e3o de S\u00e3o Jos\u00e9 do Piau\u00ed em polo tur\u00edstico, com destaque para a Capad\u00f3cia Nordestina\" \/>\n<meta property=\"og:description\" content=\"Durante visita a S\u00e3o Jos\u00e9 do Piau\u00ed, onde entregou obras nas \u00e1reas de mobilidade vi\u00e1ria e sa\u00fade, o governador Rafael Fonteles anunciou que o munic\u00edpio ser\u00e1 em breve um polo tur\u00edstico, com investimentos do Governo do Estado em parceria com a prefeitura. Fonteles destacou que as paisagens da regi\u00e3o s\u00e3o deslumbrantes para quem aprecia ecoturismo [&hellip;]\" \/>\n<meta property=\"og:url\" content=\"https:\/\/noticiaempauta.com\/portal\/rafael-fonteles-anuncia-transformacao-de-sao-jose-do-piaui-em-polo-turistico-com-destaque-para-a-capadocia-nordestina\/\" \/>\n<meta property=\"og:site_name\" content=\"Portal Not\u00edcia em Pauta\" \/>\n<meta property=\"article:publisher\" content=\"https:\/\/www.facebook.com\/Portal-Notcia-Em-Pauta-102292869264820\/\" \/>\n<meta property=\"article:published_time\" content=\"2025-02-19T12:29:03+00:00\" \/>\n<meta property=\"article:modified_time\" content=\"2025-02-19T12:29:05+00:00\" \/>\n<meta property=\"og:image\" content=\"https:\/\/noticiaempauta.com\/portal\/wp-content\/uploads\/2025\/02\/0511.jpg\" \/>\n\t<meta property=\"og:image:width\" content=\"1536\" \/>\n\t<meta property=\"og:image:height\" content=\"864\" \/>\n\t<meta property=\"og:image:type\" content=\"image\/jpeg\" \/>\n<meta name=\"author\" content=\"Reda\u00e7\u00e3o\" \/>\n<meta name=\"twitter:card\" content=\"summary_large_image\" \/>\n<meta name=\"twitter:label1\" content=\"Escrito por\" \/>\n\t<meta name=\"twitter:data1\" content=\"Reda\u00e7\u00e3o\" \/>\n\t<meta name=\"twitter:label2\" content=\"Est. tempo de leitura\" \/>\n\t<meta name=\"twitter:data2\" content=\"3 minutos\" \/>\n<script type=\"application\/ld+json\" class=\"yoast-schema-graph\">{\"@context\":\"https:\/\/schema.org\",\"@graph\":[{\"@type\":\"Article\",\"@id\":\"https:\/\/noticiaempauta.com\/portal\/rafael-fonteles-anuncia-transformacao-de-sao-jose-do-piaui-em-polo-turistico-com-destaque-para-a-capadocia-nordestina\/#article\",\"isPartOf\":{\"@id\":\"https:\/\/noticiaempauta.com\/portal\/rafael-fonteles-anuncia-transformacao-de-sao-jose-do-piaui-em-polo-turistico-com-destaque-para-a-capadocia-nordestina\/\"},\"author\":{\"name\":\"Reda\u00e7\u00e3o\",\"@id\":\"https:\/\/noticiaempauta.com\/portal\/#\/schema\/person\/a74af43dd1ab3deca45f988c717d57ac\"},\"headline\":\"Rafael Fonteles anuncia transforma\u00e7\u00e3o de S\u00e3o Jos\u00e9 do Piau\u00ed em polo tur\u00edstico, com destaque para a Capad\u00f3cia Nordestina\",\"datePublished\":\"2025-02-19T12:29:03+00:00\",\"dateModified\":\"2025-02-19T12:29:05+00:00\",\"mainEntityOfPage\":{\"@id\":\"https:\/\/noticiaempauta.com\/portal\/rafael-fonteles-anuncia-transformacao-de-sao-jose-do-piaui-em-polo-turistico-com-destaque-para-a-capadocia-nordestina\/\"},\"wordCount\":483,\"commentCount\":0,\"publisher\":{\"@id\":\"https:\/\/noticiaempauta.com\/portal\/#organization\"},\"image\":{\"@id\":\"https:\/\/noticiaempauta.com\/portal\/rafael-fonteles-anuncia-transformacao-de-sao-jose-do-piaui-em-polo-turistico-com-destaque-para-a-capadocia-nordestina\/#primaryimage\"},\"thumbnailUrl\":\"https:\/\/noticiaempauta.com\/portal\/wp-content\/uploads\/2025\/02\/0511.jpg\",\"articleSection\":[\"Destaques\",\"Geral\",\"Todas as Not\u00edcias\"],\"inLanguage\":\"pt-BR\",\"potentialAction\":[{\"@type\":\"CommentAction\",\"name\":\"Comment\",\"target\":[\"https:\/\/noticiaempauta.com\/portal\/rafael-fonteles-anuncia-transformacao-de-sao-jose-do-piaui-em-polo-turistico-com-destaque-para-a-capadocia-nordestina\/#respond\"]}]},{\"@type\":\"WebPage\",\"@id\":\"https:\/\/noticiaempauta.com\/portal\/rafael-fonteles-anuncia-transformacao-de-sao-jose-do-piaui-em-polo-turistico-com-destaque-para-a-capadocia-nordestina\/\",\"url\":\"https:\/\/noticiaempauta.com\/portal\/rafael-fonteles-anuncia-transformacao-de-sao-jose-do-piaui-em-polo-turistico-com-destaque-para-a-capadocia-nordestina\/\",\"name\":\"Rafael Fonteles anuncia transforma\u00e7\u00e3o de S\u00e3o Jos\u00e9 do Piau\u00ed em polo tur\u00edstico, com destaque para a Capad\u00f3cia Nordestina - Portal Not\u00edcia em Pauta\",\"isPartOf\":{\"@id\":\"https:\/\/noticiaempauta.com\/portal\/#website\"},\"primaryImageOfPage\":{\"@id\":\"https:\/\/noticiaempauta.com\/portal\/rafael-fonteles-anuncia-transformacao-de-sao-jose-do-piaui-em-polo-turistico-com-destaque-para-a-capadocia-nordestina\/#primaryimage\"},\"image\":{\"@id\":\"https:\/\/noticiaempauta.com\/portal\/rafael-fonteles-anuncia-transformacao-de-sao-jose-do-piaui-em-polo-turistico-com-destaque-para-a-capadocia-nordestina\/#primaryimage\"},\"thumbnailUrl\":\"https:\/\/noticiaempauta.com\/portal\/wp-content\/uploads\/2025\/02\/0511.jpg\",\"datePublished\":\"2025-02-19T12:29:03+00:00\",\"dateModified\":\"2025-02-19T12:29:05+00:00\",\"breadcrumb\":{\"@id\":\"https:\/\/noticiaempauta.com\/portal\/rafael-fonteles-anuncia-transformacao-de-sao-jose-do-piaui-em-polo-turistico-com-destaque-para-a-capadocia-nordestina\/#breadcrumb\"},\"inLanguage\":\"pt-BR\",\"potentialAction\":[{\"@type\":\"ReadAction\",\"target\":[\"https:\/\/noticiaempauta.com\/portal\/rafael-fonteles-anuncia-transformacao-de-sao-jose-do-piaui-em-polo-turistico-com-destaque-para-a-capadocia-nordestina\/\"]}]},{\"@type\":\"ImageObject\",\"inLanguage\":\"pt-BR\",\"@id\":\"https:\/\/noticiaempauta.com\/portal\/rafael-fonteles-anuncia-transformacao-de-sao-jose-do-piaui-em-polo-turistico-com-destaque-para-a-capadocia-nordestina\/#primaryimage\",\"url\":\"https:\/\/noticiaempauta.com\/portal\/wp-content\/uploads\/2025\/02\/0511.jpg\",\"contentUrl\":\"https:\/\/noticiaempauta.com\/portal\/wp-content\/uploads\/2025\/02\/0511.jpg\",\"width\":1536,\"height\":864},{\"@type\":\"BreadcrumbList\",\"@id\":\"https:\/\/noticiaempauta.com\/portal\/rafael-fonteles-anuncia-transformacao-de-sao-jose-do-piaui-em-polo-turistico-com-destaque-para-a-capadocia-nordestina\/#breadcrumb\",\"itemListElement\":[{\"@type\":\"ListItem\",\"position\":1,\"name\":\"P\u00e1gina Inicial\",\"item\":\"https:\/\/noticiaempauta.com\/portal\/\"},{\"@type\":\"ListItem\",\"position\":2,\"name\":\"Destaques\",\"item\":\"https:\/\/noticiaempauta.com\/portal\/destaques-site\/\"},{\"@type\":\"ListItem\",\"position\":3,\"name\":\"Rafael Fonteles anuncia transforma\u00e7\u00e3o de S\u00e3o Jos\u00e9 do Piau\u00ed em polo tur\u00edstico, com destaque para a Capad\u00f3cia Nordestina\"}]},{\"@type\":\"WebSite\",\"@id\":\"https:\/\/noticiaempauta.com\/portal\/#website\",\"url\":\"https:\/\/noticiaempauta.com\/portal\/\",\"name\":\"Portal Not\u00edcia em Pauta\",\"description\":\"Voc\u00ea bem informado\",\"publisher\":{\"@id\":\"https:\/\/noticiaempauta.com\/portal\/#organization\"},\"potentialAction\":[{\"@type\":\"SearchAction\",\"target\":{\"@type\":\"EntryPoint\",\"urlTemplate\":\"https:\/\/noticiaempauta.com\/portal\/?s={search_term_string}\"},\"query-input\":{\"@type\":\"PropertyValueSpecification\",\"valueRequired\":true,\"valueName\":\"search_term_string\"}}],\"inLanguage\":\"pt-BR\"},{\"@type\":\"Organization\",\"@id\":\"https:\/\/noticiaempauta.com\/portal\/#organization\",\"name\":\"Portal Not\u00edcia em Pauta\",\"url\":\"https:\/\/noticiaempauta.com\/portal\/\",\"logo\":{\"@type\":\"ImageObject\",\"inLanguage\":\"pt-BR\",\"@id\":\"https:\/\/noticiaempauta.com\/portal\/#\/schema\/logo\/image\/\",\"url\":\"https:\/\/noticiaempauta.com\/portal\/wp-content\/uploads\/2022\/08\/logomarca_tema.fw_.png\",\"contentUrl\":\"https:\/\/noticiaempauta.com\/portal\/wp-content\/uploads\/2022\/08\/logomarca_tema.fw_.png\",\"width\":400,\"height\":232,\"caption\":\"Portal Not\u00edcia em Pauta\"},\"image\":{\"@id\":\"https:\/\/noticiaempauta.com\/portal\/#\/schema\/logo\/image\/\"},\"sameAs\":[\"https:\/\/www.facebook.com\/Portal-Notcia-Em-Pauta-102292869264820\/\",\"https:\/\/www.instagram.com\/portalnoticiaempauta\/\"]},{\"@type\":\"Person\",\"@id\":\"https:\/\/noticiaempauta.com\/portal\/#\/schema\/person\/a74af43dd1ab3deca45f988c717d57ac\",\"name\":\"Reda\u00e7\u00e3o\",\"image\":{\"@type\":\"ImageObject\",\"inLanguage\":\"pt-BR\",\"@id\":\"https:\/\/noticiaempauta.com\/portal\/#\/schema\/person\/image\/\",\"url\":\"https:\/\/secure.gravatar.com\/avatar\/03179346ecce6cdfc13361603e8f54242a90e5cde8618fa23c5c00aa2b0aadf3?s=96&d=mm&r=g\",\"contentUrl\":\"https:\/\/secure.gravatar.com\/avatar\/03179346ecce6cdfc13361603e8f54242a90e5cde8618fa23c5c00aa2b0aadf3?s=96&d=mm&r=g\",\"caption\":\"Reda\u00e7\u00e3o\"},\"sameAs\":[\"https:\/\/noticiaempauta.com\/portal\/\"],\"url\":\"https:\/\/noticiaempauta.com\/portal\/author\/fernando\/\"}]}<\/script>\n<!-- \/ Yoast SEO Premium plugin. -->","yoast_head_json":{"title":"Rafael Fonteles anuncia transforma\u00e7\u00e3o de S\u00e3o Jos\u00e9 do Piau\u00ed em polo tur\u00edstico, com destaque para a Capad\u00f3cia Nordestina - Portal Not\u00edcia em Pauta","robots":{"index":"index","follow":"follow","max-snippet":"max-snippet:-1","max-image-preview":"max-image-preview:large","max-video-preview":"max-video-preview:-1"},"canonical":"https:\/\/noticiaempauta.com\/portal\/rafael-fonteles-anuncia-transformacao-de-sao-jose-do-piaui-em-polo-turistico-com-destaque-para-a-capadocia-nordestina\/","og_locale":"pt_BR","og_type":"article","og_title":"Rafael Fonteles anuncia transforma\u00e7\u00e3o de S\u00e3o Jos\u00e9 do Piau\u00ed em polo tur\u00edstico, com destaque para a Capad\u00f3cia Nordestina","og_description":"Durante visita a S\u00e3o Jos\u00e9 do Piau\u00ed, onde entregou obras nas \u00e1reas de mobilidade vi\u00e1ria e sa\u00fade, o governador Rafael Fonteles anunciou que o munic\u00edpio ser\u00e1 em breve um polo tur\u00edstico, com investimentos do Governo do Estado em parceria com a prefeitura. Fonteles destacou que as paisagens da regi\u00e3o s\u00e3o deslumbrantes para quem aprecia ecoturismo [&hellip;]","og_url":"https:\/\/noticiaempauta.com\/portal\/rafael-fonteles-anuncia-transformacao-de-sao-jose-do-piaui-em-polo-turistico-com-destaque-para-a-capadocia-nordestina\/","og_site_name":"Portal Not\u00edcia em Pauta","article_publisher":"https:\/\/www.facebook.com\/Portal-Notcia-Em-Pauta-102292869264820\/","article_published_time":"2025-02-19T12:29:03+00:00","article_modified_time":"2025-02-19T12:29:05+00:00","og_image":[{"width":1536,"height":864,"url":"https:\/\/noticiaempauta.com\/portal\/wp-content\/uploads\/2025\/02\/0511.jpg","type":"image\/jpeg"}],"author":"Reda\u00e7\u00e3o","twitter_card":"summary_large_image","twitter_misc":{"Escrito por":"Reda\u00e7\u00e3o","Est. tempo de leitura":"3 minutos"},"schema":{"@context":"https:\/\/schema.org","@graph":[{"@type":"Article","@id":"https:\/\/noticiaempauta.com\/portal\/rafael-fonteles-anuncia-transformacao-de-sao-jose-do-piaui-em-polo-turistico-com-destaque-para-a-capadocia-nordestina\/#article","isPartOf":{"@id":"https:\/\/noticiaempauta.com\/portal\/rafael-fonteles-anuncia-transformacao-de-sao-jose-do-piaui-em-polo-turistico-com-destaque-para-a-capadocia-nordestina\/"},"author":{"name":"Reda\u00e7\u00e3o","@id":"https:\/\/noticiaempauta.com\/portal\/#\/schema\/person\/a74af43dd1ab3deca45f988c717d57ac"},"headline":"Rafael Fonteles anuncia transforma\u00e7\u00e3o de S\u00e3o Jos\u00e9 do Piau\u00ed em polo tur\u00edstico, com destaque para a Capad\u00f3cia Nordestina","datePublished":"2025-02-19T12:29:03+00:00","dateModified":"2025-02-19T12:29:05+00:00","mainEntityOfPage":{"@id":"https:\/\/noticiaempauta.com\/portal\/rafael-fonteles-anuncia-transformacao-de-sao-jose-do-piaui-em-polo-turistico-com-destaque-para-a-capadocia-nordestina\/"},"wordCount":483,"commentCount":0,"publisher":{"@id":"https:\/\/noticiaempauta.com\/portal\/#organization"},"image":{"@id":"https:\/\/noticiaempauta.com\/portal\/rafael-fonteles-anuncia-transformacao-de-sao-jose-do-piaui-em-polo-turistico-com-destaque-para-a-capadocia-nordestina\/#primaryimage"},"thumbnailUrl":"https:\/\/noticiaempauta.com\/portal\/wp-content\/uploads\/2025\/02\/0511.jpg","articleSection":["Destaques","Geral","Todas as Not\u00edcias"],"inLanguage":"pt-BR","potentialAction":[{"@type":"CommentAction","name":"Comment","target":["https:\/\/noticiaempauta.com\/portal\/rafael-fonteles-anuncia-transformacao-de-sao-jose-do-piaui-em-polo-turistico-com-destaque-para-a-capadocia-nordestina\/#respond"]}]},{"@type":"WebPage","@id":"https:\/\/noticiaempauta.com\/portal\/rafael-fonteles-anuncia-transformacao-de-sao-jose-do-piaui-em-polo-turistico-com-destaque-para-a-capadocia-nordestina\/","url":"https:\/\/noticiaempauta.com\/portal\/rafael-fonteles-anuncia-transformacao-de-sao-jose-do-piaui-em-polo-turistico-com-destaque-para-a-capadocia-nordestina\/","name":"Rafael Fonteles anuncia transforma\u00e7\u00e3o de S\u00e3o Jos\u00e9 do Piau\u00ed em polo tur\u00edstico, com destaque para a Capad\u00f3cia Nordestina - Portal Not\u00edcia em Pauta","isPartOf":{"@id":"https:\/\/noticiaempauta.com\/portal\/#website"},"primaryImageOfPage":{"@id":"https:\/\/noticiaempauta.com\/portal\/rafael-fonteles-anuncia-transformacao-de-sao-jose-do-piaui-em-polo-turistico-com-destaque-para-a-capadocia-nordestina\/#primaryimage"},"image":{"@id":"https:\/\/noticiaempauta.com\/portal\/rafael-fonteles-anuncia-transformacao-de-sao-jose-do-piaui-em-polo-turistico-com-destaque-para-a-capadocia-nordestina\/#primaryimage"},"thumbnailUrl":"https:\/\/noticiaempauta.com\/portal\/wp-content\/uploads\/2025\/02\/0511.jpg","datePublished":"2025-02-19T12:29:03+00:00","dateModified":"2025-02-19T12:29:05+00:00","breadcrumb":{"@id":"https:\/\/noticiaempauta.com\/portal\/rafael-fonteles-anuncia-transformacao-de-sao-jose-do-piaui-em-polo-turistico-com-destaque-para-a-capadocia-nordestina\/#breadcrumb"},"inLanguage":"pt-BR","potentialAction":[{"@type":"ReadAction","target":["https:\/\/noticiaempauta.com\/portal\/rafael-fonteles-anuncia-transformacao-de-sao-jose-do-piaui-em-polo-turistico-com-destaque-para-a-capadocia-nordestina\/"]}]},{"@type":"ImageObject","inLanguage":"pt-BR","@id":"https:\/\/noticiaempauta.com\/portal\/rafael-fonteles-anuncia-transformacao-de-sao-jose-do-piaui-em-polo-turistico-com-destaque-para-a-capadocia-nordestina\/#primaryimage","url":"https:\/\/noticiaempauta.com\/portal\/wp-content\/uploads\/2025\/02\/0511.jpg","contentUrl":"https:\/\/noticiaempauta.com\/portal\/wp-content\/uploads\/2025\/02\/0511.jpg","width":1536,"height":864},{"@type":"BreadcrumbList","@id":"https:\/\/noticiaempauta.com\/portal\/rafael-fonteles-anuncia-transformacao-de-sao-jose-do-piaui-em-polo-turistico-com-destaque-para-a-capadocia-nordestina\/#breadcrumb","itemListElement":[{"@type":"ListItem","position":1,"name":"P\u00e1gina Inicial","item":"https:\/\/noticiaempauta.com\/portal\/"},{"@type":"ListItem","position":2,"name":"Destaques","item":"https:\/\/noticiaempauta.com\/portal\/destaques-site\/"},{"@type":"ListItem","position":3,"name":"Rafael Fonteles anuncia transforma\u00e7\u00e3o de S\u00e3o Jos\u00e9 do Piau\u00ed em polo tur\u00edstico, com destaque para a Capad\u00f3cia Nordestina"}]},{"@type":"WebSite","@id":"https:\/\/noticiaempauta.com\/portal\/#website","url":"https:\/\/noticiaempauta.com\/portal\/","name":"Portal Not\u00edcia em Pauta","description":"Voc\u00ea bem informado","publisher":{"@id":"https:\/\/noticiaempauta.com\/portal\/#organization"},"potentialAction":[{"@type":"SearchAction","target":{"@type":"EntryPoint","urlTemplate":"https:\/\/noticiaempauta.com\/portal\/?s={search_term_string}"},"query-input":{"@type":"PropertyValueSpecification","valueRequired":true,"valueName":"search_term_string"}}],"inLanguage":"pt-BR"},{"@type":"Organization","@id":"https:\/\/noticiaempauta.com\/portal\/#organization","name":"Portal Not\u00edcia em Pauta","url":"https:\/\/noticiaempauta.com\/portal\/","logo":{"@type":"ImageObject","inLanguage":"pt-BR","@id":"https:\/\/noticiaempauta.com\/portal\/#\/schema\/logo\/image\/","url":"https:\/\/noticiaempauta.com\/portal\/wp-content\/uploads\/2022\/08\/logomarca_tema.fw_.png","contentUrl":"https:\/\/noticiaempauta.com\/portal\/wp-content\/uploads\/2022\/08\/logomarca_tema.fw_.png","width":400,"height":232,"caption":"Portal Not\u00edcia em Pauta"},"image":{"@id":"https:\/\/noticiaempauta.com\/portal\/#\/schema\/logo\/image\/"},"sameAs":["https:\/\/www.facebook.com\/Portal-Notcia-Em-Pauta-102292869264820\/","https:\/\/www.instagram.com\/portalnoticiaempauta\/"]},{"@type":"Person","@id":"https:\/\/noticiaempauta.com\/portal\/#\/schema\/person\/a74af43dd1ab3deca45f988c717d57ac","name":"Reda\u00e7\u00e3o","image":{"@type":"ImageObject","inLanguage":"pt-BR","@id":"https:\/\/noticiaempauta.com\/portal\/#\/schema\/person\/image\/","url":"https:\/\/secure.gravatar.com\/avatar\/03179346ecce6cdfc13361603e8f54242a90e5cde8618fa23c5c00aa2b0aadf3?s=96&d=mm&r=g","contentUrl":"https:\/\/secure.gravatar.com\/avatar\/03179346ecce6cdfc13361603e8f54242a90e5cde8618fa23c5c00aa2b0aadf3?s=96&d=mm&r=g","caption":"Reda\u00e7\u00e3o"},"sameAs":["https:\/\/noticiaempauta.com\/portal\/"],"url":"https:\/\/noticiaempauta.com\/portal\/author\/fernando\/"}]}},"_links":{"self":[{"href":"https:\/\/noticiaempauta.com\/portal\/wp-json\/wp\/v2\/posts\/267864","targetHints":{"allow":["GET"]}}],"collection":[{"href":"https:\/\/noticiaempauta.com\/portal\/wp-json\/wp\/v2\/posts"}],"about":[{"href":"https:\/\/noticiaempauta.com\/portal\/wp-json\/wp\/v2\/types\/post"}],"author":[{"embeddable":true,"href":"https:\/\/noticiaempauta.com\/portal\/wp-json\/wp\/v2\/users\/2"}],"replies":[{"embeddable":true,"href":"https:\/\/noticiaempauta.com\/portal\/wp-json\/wp\/v2\/comments?post=267864"}],"version-history":[{"count":2,"href":"https:\/\/noticiaempauta.com\/portal\/wp-json\/wp\/v2\/posts\/267864\/revisions"}],"predecessor-version":[{"id":267868,"href":"https:\/\/noticiaempauta.com\/portal\/wp-json\/wp\/v2\/posts\/267864\/revisions\/267868"}],"wp:featuredmedia":[{"embeddable":true,"href":"https:\/\/noticiaempauta.com\/portal\/wp-json\/wp\/v2\/media\/267866"}],"wp:attachment":[{"href":"https:\/\/noticiaempauta.com\/portal\/wp-json\/wp\/v2\/media?parent=267864"}],"wp:term":[{"taxonomy":"category","embeddable":true,"href":"https:\/\/noticiaempauta.com\/portal\/wp-json\/wp\/v2\/categories?post=267864"},{"taxonomy":"post_tag","embeddable":true,"href":"https:\/\/noticiaempauta.com\/portal\/wp-json\/wp\/v2\/tags?post=267864"}],"curies":[{"name":"wp","href":"https:\/\/api.w.org\/{rel}","templated":true}]}}