{"id":267870,"date":"2025-02-19T10:18:47","date_gmt":"2025-02-19T13:18:47","guid":{"rendered":"https:\/\/noticiaempauta.com\/portal\/?p=267870"},"modified":"2025-02-19T10:18:50","modified_gmt":"2025-02-19T13:18:50","slug":"aprovada-consulta-sobre-integracao-de-regiao-de-araripina-pe-a-marcolandia-pi","status":"publish","type":"post","link":"https:\/\/noticiaempauta.com\/portal\/aprovada-consulta-sobre-integracao-de-regiao-de-araripina-pe-a-marcolandia-pi\/","title":{"rendered":"Aprovada consulta sobre integra\u00e7\u00e3o de regi\u00e3o de Araripina-PE a Marcol\u00e2ndia-PI"},"content":{"rendered":"\n<p>Requerimento solicitando \u00e0 Procuradoria Geral do Estado (PGE) e ao Interpi (Instituto de Terras do Piau\u00ed) que abram um estudo para analisar a viabilidade de desmembrar uma comunidade da cidade de Araripina, em Pernambuco, e integrar a Marcol\u00e2ndia, no Piau\u00ed, foi aprovado na sess\u00e3o plen\u00e1ria da Assembleia Legislativa do Piau\u00ed (Alepi) desta ter\u00e7a-feira (18).<\/p>\n\n\n\n<figure class=\"wp-block-image size-full\"><img fetchpriority=\"high\" decoding=\"async\" width=\"583\" height=\"400\" src=\"https:\/\/noticiaempauta.com\/portal\/wp-content\/uploads\/2025\/02\/tiago.jpg\" alt=\"\" class=\"wp-image-267871\" srcset=\"https:\/\/noticiaempauta.com\/portal\/wp-content\/uploads\/2025\/02\/tiago.jpg 583w, https:\/\/noticiaempauta.com\/portal\/wp-content\/uploads\/2025\/02\/tiago-300x206.jpg 300w\" sizes=\"(max-width: 583px) 100vw, 583px\" \/><\/figure>\n\n\n\n<p>De acordo com o autor do requerimento, deputado Tiago Vasconcelos (MDB), os moradores de Vila Serr\u00e2nia j\u00e1 s\u00e3o atendidos pela prefeitura do munic\u00edpio piauiense. \u201cPara fins de extin\u00e7\u00e3o de problemas de limites, preven\u00e7\u00e3o de conflitos sociais, distribui\u00e7\u00e3o servi\u00e7os p\u00fablicos de melhor qualidade e de cargas tribut\u00e1rias de maneira mais justa e objetiva, somado a manuten\u00e7\u00e3o de uma cartografia de estrutura territorial sempre atualizada e moderna\u201d, defende Tiago Vasconcelos no requerimento.<\/p>\n\n\n\n<p>Tamb\u00e9m para Marcol\u00e2ndia, o mesmo parlamentar requereu a instala\u00e7\u00e3o de uma delegacia da Pol\u00edcia Civil. \u201cS\u00f3 h\u00e1 delegacia no munic\u00edpio de Sim\u00f5es e a cidade de Marcol\u00e2ndia \u00e9 uma cidade fronteiri\u00e7a, inclusive, com alguns registros de mortes nos \u00faltimos dias. Marcol\u00e2ndia \u00e9 uma cidade grande em que s\u00f3 h\u00e1 uma Guarda da Pol\u00edcia Militar\u201d, explicou Tiago Vasconcelos. Os requerimentos foram aprovados por unanimidade na sess\u00e3o.<\/p>\n\n\n\n<p>Alepi<\/p>\n","protected":false},"excerpt":{"rendered":"<p>Requerimento solicitando \u00e0 Procuradoria Geral do Estado (PGE) e ao Interpi (Instituto de Terras do Piau\u00ed) que abram um estudo para analisar a viabilidade de desmembrar uma comunidade da cidade de Araripina, em Pernambuco, e integrar a Marcol\u00e2ndia, no Piau\u00ed, foi aprovado na sess\u00e3o plen\u00e1ria da Assembleia Legislativa do Piau\u00ed (Alepi) desta ter\u00e7a-feira (18). De [&hellip;]<\/p>\n","protected":false},"author":2,"featured_media":267872,"comment_status":"open","ping_status":"open","sticky":false,"template":"","format":"standard","meta":{"_mi_skip_tracking":false,"footnotes":""},"categories":[25,1,16],"tags":[],"class_list":["post-267870","post","type-post","status-publish","format-standard","has-post-thumbnail","hentry","category-destaques-site","category-geral","category-todas"],"acf":[],"yoast_head":"<!-- This site is optimized with the Yoast SEO Premium plugin v19.2 (Yoast SEO v26.9) - https:\/\/yoast.com\/product\/yoast-seo-premium-wordpress\/ -->\n<title>Aprovada consulta sobre integra\u00e7\u00e3o de regi\u00e3o de Araripina-PE a Marcol\u00e2ndia-PI - Portal Not\u00edcia em Pauta<\/title>\n<meta name=\"robots\" content=\"index, follow, max-snippet:-1, max-image-preview:large, max-video-preview:-1\" \/>\n<link rel=\"canonical\" href=\"https:\/\/noticiaempauta.com\/portal\/aprovada-consulta-sobre-integracao-de-regiao-de-araripina-pe-a-marcolandia-pi\/\" \/>\n<meta property=\"og:locale\" content=\"pt_BR\" \/>\n<meta property=\"og:type\" content=\"article\" \/>\n<meta property=\"og:title\" content=\"Aprovada consulta sobre integra\u00e7\u00e3o de regi\u00e3o de Araripina-PE a Marcol\u00e2ndia-PI\" \/>\n<meta property=\"og:description\" content=\"Requerimento solicitando \u00e0 Procuradoria Geral do Estado (PGE) e ao Interpi (Instituto de Terras do Piau\u00ed) que abram um estudo para analisar a viabilidade de desmembrar uma comunidade da cidade de Araripina, em Pernambuco, e integrar a Marcol\u00e2ndia, no Piau\u00ed, foi aprovado na sess\u00e3o plen\u00e1ria da Assembleia Legislativa do Piau\u00ed (Alepi) desta ter\u00e7a-feira (18). De [&hellip;]\" \/>\n<meta property=\"og:url\" content=\"https:\/\/noticiaempauta.com\/portal\/aprovada-consulta-sobre-integracao-de-regiao-de-araripina-pe-a-marcolandia-pi\/\" \/>\n<meta property=\"og:site_name\" content=\"Portal Not\u00edcia em Pauta\" \/>\n<meta property=\"article:publisher\" content=\"https:\/\/www.facebook.com\/Portal-Notcia-Em-Pauta-102292869264820\/\" \/>\n<meta property=\"article:published_time\" content=\"2025-02-19T13:18:47+00:00\" \/>\n<meta property=\"article:modified_time\" content=\"2025-02-19T13:18:50+00:00\" \/>\n<meta property=\"og:image\" content=\"https:\/\/noticiaempauta.com\/portal\/wp-content\/uploads\/2025\/02\/maxresdefault.jpg\" \/>\n\t<meta property=\"og:image:width\" content=\"792\" \/>\n\t<meta property=\"og:image:height\" content=\"578\" \/>\n\t<meta property=\"og:image:type\" content=\"image\/jpeg\" \/>\n<meta name=\"author\" content=\"Reda\u00e7\u00e3o\" \/>\n<meta name=\"twitter:card\" content=\"summary_large_image\" \/>\n<meta name=\"twitter:label1\" content=\"Escrito por\" \/>\n\t<meta name=\"twitter:data1\" content=\"Reda\u00e7\u00e3o\" \/>\n\t<meta name=\"twitter:label2\" content=\"Est. tempo de leitura\" \/>\n\t<meta name=\"twitter:data2\" content=\"2 minutos\" \/>\n<script type=\"application\/ld+json\" class=\"yoast-schema-graph\">{\"@context\":\"https:\/\/schema.org\",\"@graph\":[{\"@type\":\"Article\",\"@id\":\"https:\/\/noticiaempauta.com\/portal\/aprovada-consulta-sobre-integracao-de-regiao-de-araripina-pe-a-marcolandia-pi\/#article\",\"isPartOf\":{\"@id\":\"https:\/\/noticiaempauta.com\/portal\/aprovada-consulta-sobre-integracao-de-regiao-de-araripina-pe-a-marcolandia-pi\/\"},\"author\":{\"name\":\"Reda\u00e7\u00e3o\",\"@id\":\"https:\/\/noticiaempauta.com\/portal\/#\/schema\/person\/a74af43dd1ab3deca45f988c717d57ac\"},\"headline\":\"Aprovada consulta sobre integra\u00e7\u00e3o de regi\u00e3o de Araripina-PE a Marcol\u00e2ndia-PI\",\"datePublished\":\"2025-02-19T13:18:47+00:00\",\"dateModified\":\"2025-02-19T13:18:50+00:00\",\"mainEntityOfPage\":{\"@id\":\"https:\/\/noticiaempauta.com\/portal\/aprovada-consulta-sobre-integracao-de-regiao-de-araripina-pe-a-marcolandia-pi\/\"},\"wordCount\":224,\"commentCount\":0,\"publisher\":{\"@id\":\"https:\/\/noticiaempauta.com\/portal\/#organization\"},\"image\":{\"@id\":\"https:\/\/noticiaempauta.com\/portal\/aprovada-consulta-sobre-integracao-de-regiao-de-araripina-pe-a-marcolandia-pi\/#primaryimage\"},\"thumbnailUrl\":\"https:\/\/noticiaempauta.com\/portal\/wp-content\/uploads\/2025\/02\/maxresdefault.jpg\",\"articleSection\":[\"Destaques\",\"Geral\",\"Todas as Not\u00edcias\"],\"inLanguage\":\"pt-BR\",\"potentialAction\":[{\"@type\":\"CommentAction\",\"name\":\"Comment\",\"target\":[\"https:\/\/noticiaempauta.com\/portal\/aprovada-consulta-sobre-integracao-de-regiao-de-araripina-pe-a-marcolandia-pi\/#respond\"]}]},{\"@type\":\"WebPage\",\"@id\":\"https:\/\/noticiaempauta.com\/portal\/aprovada-consulta-sobre-integracao-de-regiao-de-araripina-pe-a-marcolandia-pi\/\",\"url\":\"https:\/\/noticiaempauta.com\/portal\/aprovada-consulta-sobre-integracao-de-regiao-de-araripina-pe-a-marcolandia-pi\/\",\"name\":\"Aprovada consulta sobre integra\u00e7\u00e3o de regi\u00e3o de Araripina-PE a Marcol\u00e2ndia-PI - Portal Not\u00edcia em Pauta\",\"isPartOf\":{\"@id\":\"https:\/\/noticiaempauta.com\/portal\/#website\"},\"primaryImageOfPage\":{\"@id\":\"https:\/\/noticiaempauta.com\/portal\/aprovada-consulta-sobre-integracao-de-regiao-de-araripina-pe-a-marcolandia-pi\/#primaryimage\"},\"image\":{\"@id\":\"https:\/\/noticiaempauta.com\/portal\/aprovada-consulta-sobre-integracao-de-regiao-de-araripina-pe-a-marcolandia-pi\/#primaryimage\"},\"thumbnailUrl\":\"https:\/\/noticiaempauta.com\/portal\/wp-content\/uploads\/2025\/02\/maxresdefault.jpg\",\"datePublished\":\"2025-02-19T13:18:47+00:00\",\"dateModified\":\"2025-02-19T13:18:50+00:00\",\"breadcrumb\":{\"@id\":\"https:\/\/noticiaempauta.com\/portal\/aprovada-consulta-sobre-integracao-de-regiao-de-araripina-pe-a-marcolandia-pi\/#breadcrumb\"},\"inLanguage\":\"pt-BR\",\"potentialAction\":[{\"@type\":\"ReadAction\",\"target\":[\"https:\/\/noticiaempauta.com\/portal\/aprovada-consulta-sobre-integracao-de-regiao-de-araripina-pe-a-marcolandia-pi\/\"]}]},{\"@type\":\"ImageObject\",\"inLanguage\":\"pt-BR\",\"@id\":\"https:\/\/noticiaempauta.com\/portal\/aprovada-consulta-sobre-integracao-de-regiao-de-araripina-pe-a-marcolandia-pi\/#primaryimage\",\"url\":\"https:\/\/noticiaempauta.com\/portal\/wp-content\/uploads\/2025\/02\/maxresdefault.jpg\",\"contentUrl\":\"https:\/\/noticiaempauta.com\/portal\/wp-content\/uploads\/2025\/02\/maxresdefault.jpg\",\"width\":792,\"height\":578,\"caption\":\"(Foto: Reprodu\u00e7\u00e3o)\"},{\"@type\":\"BreadcrumbList\",\"@id\":\"https:\/\/noticiaempauta.com\/portal\/aprovada-consulta-sobre-integracao-de-regiao-de-araripina-pe-a-marcolandia-pi\/#breadcrumb\",\"itemListElement\":[{\"@type\":\"ListItem\",\"position\":1,\"name\":\"P\u00e1gina Inicial\",\"item\":\"https:\/\/noticiaempauta.com\/portal\/\"},{\"@type\":\"ListItem\",\"position\":2,\"name\":\"Destaques\",\"item\":\"https:\/\/noticiaempauta.com\/portal\/destaques-site\/\"},{\"@type\":\"ListItem\",\"position\":3,\"name\":\"Aprovada consulta sobre integra\u00e7\u00e3o de regi\u00e3o de Araripina-PE a Marcol\u00e2ndia-PI\"}]},{\"@type\":\"WebSite\",\"@id\":\"https:\/\/noticiaempauta.com\/portal\/#website\",\"url\":\"https:\/\/noticiaempauta.com\/portal\/\",\"name\":\"Portal Not\u00edcia em Pauta\",\"description\":\"Voc\u00ea bem informado\",\"publisher\":{\"@id\":\"https:\/\/noticiaempauta.com\/portal\/#organization\"},\"potentialAction\":[{\"@type\":\"SearchAction\",\"target\":{\"@type\":\"EntryPoint\",\"urlTemplate\":\"https:\/\/noticiaempauta.com\/portal\/?s={search_term_string}\"},\"query-input\":{\"@type\":\"PropertyValueSpecification\",\"valueRequired\":true,\"valueName\":\"search_term_string\"}}],\"inLanguage\":\"pt-BR\"},{\"@type\":\"Organization\",\"@id\":\"https:\/\/noticiaempauta.com\/portal\/#organization\",\"name\":\"Portal Not\u00edcia em Pauta\",\"url\":\"https:\/\/noticiaempauta.com\/portal\/\",\"logo\":{\"@type\":\"ImageObject\",\"inLanguage\":\"pt-BR\",\"@id\":\"https:\/\/noticiaempauta.com\/portal\/#\/schema\/logo\/image\/\",\"url\":\"https:\/\/noticiaempauta.com\/portal\/wp-content\/uploads\/2022\/08\/logomarca_tema.fw_.png\",\"contentUrl\":\"https:\/\/noticiaempauta.com\/portal\/wp-content\/uploads\/2022\/08\/logomarca_tema.fw_.png\",\"width\":400,\"height\":232,\"caption\":\"Portal Not\u00edcia em Pauta\"},\"image\":{\"@id\":\"https:\/\/noticiaempauta.com\/portal\/#\/schema\/logo\/image\/\"},\"sameAs\":[\"https:\/\/www.facebook.com\/Portal-Notcia-Em-Pauta-102292869264820\/\",\"https:\/\/www.instagram.com\/portalnoticiaempauta\/\"]},{\"@type\":\"Person\",\"@id\":\"https:\/\/noticiaempauta.com\/portal\/#\/schema\/person\/a74af43dd1ab3deca45f988c717d57ac\",\"name\":\"Reda\u00e7\u00e3o\",\"image\":{\"@type\":\"ImageObject\",\"inLanguage\":\"pt-BR\",\"@id\":\"https:\/\/noticiaempauta.com\/portal\/#\/schema\/person\/image\/\",\"url\":\"https:\/\/secure.gravatar.com\/avatar\/03179346ecce6cdfc13361603e8f54242a90e5cde8618fa23c5c00aa2b0aadf3?s=96&d=mm&r=g\",\"contentUrl\":\"https:\/\/secure.gravatar.com\/avatar\/03179346ecce6cdfc13361603e8f54242a90e5cde8618fa23c5c00aa2b0aadf3?s=96&d=mm&r=g\",\"caption\":\"Reda\u00e7\u00e3o\"},\"sameAs\":[\"https:\/\/noticiaempauta.com\/portal\/\"],\"url\":\"https:\/\/noticiaempauta.com\/portal\/author\/fernando\/\"}]}<\/script>\n<!-- \/ Yoast SEO Premium plugin. -->","yoast_head_json":{"title":"Aprovada consulta sobre integra\u00e7\u00e3o de regi\u00e3o de Araripina-PE a Marcol\u00e2ndia-PI - Portal Not\u00edcia em Pauta","robots":{"index":"index","follow":"follow","max-snippet":"max-snippet:-1","max-image-preview":"max-image-preview:large","max-video-preview":"max-video-preview:-1"},"canonical":"https:\/\/noticiaempauta.com\/portal\/aprovada-consulta-sobre-integracao-de-regiao-de-araripina-pe-a-marcolandia-pi\/","og_locale":"pt_BR","og_type":"article","og_title":"Aprovada consulta sobre integra\u00e7\u00e3o de regi\u00e3o de Araripina-PE a Marcol\u00e2ndia-PI","og_description":"Requerimento solicitando \u00e0 Procuradoria Geral do Estado (PGE) e ao Interpi (Instituto de Terras do Piau\u00ed) que abram um estudo para analisar a viabilidade de desmembrar uma comunidade da cidade de Araripina, em Pernambuco, e integrar a Marcol\u00e2ndia, no Piau\u00ed, foi aprovado na sess\u00e3o plen\u00e1ria da Assembleia Legislativa do Piau\u00ed (Alepi) desta ter\u00e7a-feira (18). De [&hellip;]","og_url":"https:\/\/noticiaempauta.com\/portal\/aprovada-consulta-sobre-integracao-de-regiao-de-araripina-pe-a-marcolandia-pi\/","og_site_name":"Portal Not\u00edcia em Pauta","article_publisher":"https:\/\/www.facebook.com\/Portal-Notcia-Em-Pauta-102292869264820\/","article_published_time":"2025-02-19T13:18:47+00:00","article_modified_time":"2025-02-19T13:18:50+00:00","og_image":[{"width":792,"height":578,"url":"https:\/\/noticiaempauta.com\/portal\/wp-content\/uploads\/2025\/02\/maxresdefault.jpg","type":"image\/jpeg"}],"author":"Reda\u00e7\u00e3o","twitter_card":"summary_large_image","twitter_misc":{"Escrito por":"Reda\u00e7\u00e3o","Est. tempo de leitura":"2 minutos"},"schema":{"@context":"https:\/\/schema.org","@graph":[{"@type":"Article","@id":"https:\/\/noticiaempauta.com\/portal\/aprovada-consulta-sobre-integracao-de-regiao-de-araripina-pe-a-marcolandia-pi\/#article","isPartOf":{"@id":"https:\/\/noticiaempauta.com\/portal\/aprovada-consulta-sobre-integracao-de-regiao-de-araripina-pe-a-marcolandia-pi\/"},"author":{"name":"Reda\u00e7\u00e3o","@id":"https:\/\/noticiaempauta.com\/portal\/#\/schema\/person\/a74af43dd1ab3deca45f988c717d57ac"},"headline":"Aprovada consulta sobre integra\u00e7\u00e3o de regi\u00e3o de Araripina-PE a Marcol\u00e2ndia-PI","datePublished":"2025-02-19T13:18:47+00:00","dateModified":"2025-02-19T13:18:50+00:00","mainEntityOfPage":{"@id":"https:\/\/noticiaempauta.com\/portal\/aprovada-consulta-sobre-integracao-de-regiao-de-araripina-pe-a-marcolandia-pi\/"},"wordCount":224,"commentCount":0,"publisher":{"@id":"https:\/\/noticiaempauta.com\/portal\/#organization"},"image":{"@id":"https:\/\/noticiaempauta.com\/portal\/aprovada-consulta-sobre-integracao-de-regiao-de-araripina-pe-a-marcolandia-pi\/#primaryimage"},"thumbnailUrl":"https:\/\/noticiaempauta.com\/portal\/wp-content\/uploads\/2025\/02\/maxresdefault.jpg","articleSection":["Destaques","Geral","Todas as Not\u00edcias"],"inLanguage":"pt-BR","potentialAction":[{"@type":"CommentAction","name":"Comment","target":["https:\/\/noticiaempauta.com\/portal\/aprovada-consulta-sobre-integracao-de-regiao-de-araripina-pe-a-marcolandia-pi\/#respond"]}]},{"@type":"WebPage","@id":"https:\/\/noticiaempauta.com\/portal\/aprovada-consulta-sobre-integracao-de-regiao-de-araripina-pe-a-marcolandia-pi\/","url":"https:\/\/noticiaempauta.com\/portal\/aprovada-consulta-sobre-integracao-de-regiao-de-araripina-pe-a-marcolandia-pi\/","name":"Aprovada consulta sobre integra\u00e7\u00e3o de regi\u00e3o de Araripina-PE a Marcol\u00e2ndia-PI - Portal Not\u00edcia em Pauta","isPartOf":{"@id":"https:\/\/noticiaempauta.com\/portal\/#website"},"primaryImageOfPage":{"@id":"https:\/\/noticiaempauta.com\/portal\/aprovada-consulta-sobre-integracao-de-regiao-de-araripina-pe-a-marcolandia-pi\/#primaryimage"},"image":{"@id":"https:\/\/noticiaempauta.com\/portal\/aprovada-consulta-sobre-integracao-de-regiao-de-araripina-pe-a-marcolandia-pi\/#primaryimage"},"thumbnailUrl":"https:\/\/noticiaempauta.com\/portal\/wp-content\/uploads\/2025\/02\/maxresdefault.jpg","datePublished":"2025-02-19T13:18:47+00:00","dateModified":"2025-02-19T13:18:50+00:00","breadcrumb":{"@id":"https:\/\/noticiaempauta.com\/portal\/aprovada-consulta-sobre-integracao-de-regiao-de-araripina-pe-a-marcolandia-pi\/#breadcrumb"},"inLanguage":"pt-BR","potentialAction":[{"@type":"ReadAction","target":["https:\/\/noticiaempauta.com\/portal\/aprovada-consulta-sobre-integracao-de-regiao-de-araripina-pe-a-marcolandia-pi\/"]}]},{"@type":"ImageObject","inLanguage":"pt-BR","@id":"https:\/\/noticiaempauta.com\/portal\/aprovada-consulta-sobre-integracao-de-regiao-de-araripina-pe-a-marcolandia-pi\/#primaryimage","url":"https:\/\/noticiaempauta.com\/portal\/wp-content\/uploads\/2025\/02\/maxresdefault.jpg","contentUrl":"https:\/\/noticiaempauta.com\/portal\/wp-content\/uploads\/2025\/02\/maxresdefault.jpg","width":792,"height":578,"caption":"(Foto: Reprodu\u00e7\u00e3o)"},{"@type":"BreadcrumbList","@id":"https:\/\/noticiaempauta.com\/portal\/aprovada-consulta-sobre-integracao-de-regiao-de-araripina-pe-a-marcolandia-pi\/#breadcrumb","itemListElement":[{"@type":"ListItem","position":1,"name":"P\u00e1gina Inicial","item":"https:\/\/noticiaempauta.com\/portal\/"},{"@type":"ListItem","position":2,"name":"Destaques","item":"https:\/\/noticiaempauta.com\/portal\/destaques-site\/"},{"@type":"ListItem","position":3,"name":"Aprovada consulta sobre integra\u00e7\u00e3o de regi\u00e3o de Araripina-PE a Marcol\u00e2ndia-PI"}]},{"@type":"WebSite","@id":"https:\/\/noticiaempauta.com\/portal\/#website","url":"https:\/\/noticiaempauta.com\/portal\/","name":"Portal Not\u00edcia em Pauta","description":"Voc\u00ea bem informado","publisher":{"@id":"https:\/\/noticiaempauta.com\/portal\/#organization"},"potentialAction":[{"@type":"SearchAction","target":{"@type":"EntryPoint","urlTemplate":"https:\/\/noticiaempauta.com\/portal\/?s={search_term_string}"},"query-input":{"@type":"PropertyValueSpecification","valueRequired":true,"valueName":"search_term_string"}}],"inLanguage":"pt-BR"},{"@type":"Organization","@id":"https:\/\/noticiaempauta.com\/portal\/#organization","name":"Portal Not\u00edcia em Pauta","url":"https:\/\/noticiaempauta.com\/portal\/","logo":{"@type":"ImageObject","inLanguage":"pt-BR","@id":"https:\/\/noticiaempauta.com\/portal\/#\/schema\/logo\/image\/","url":"https:\/\/noticiaempauta.com\/portal\/wp-content\/uploads\/2022\/08\/logomarca_tema.fw_.png","contentUrl":"https:\/\/noticiaempauta.com\/portal\/wp-content\/uploads\/2022\/08\/logomarca_tema.fw_.png","width":400,"height":232,"caption":"Portal Not\u00edcia em Pauta"},"image":{"@id":"https:\/\/noticiaempauta.com\/portal\/#\/schema\/logo\/image\/"},"sameAs":["https:\/\/www.facebook.com\/Portal-Notcia-Em-Pauta-102292869264820\/","https:\/\/www.instagram.com\/portalnoticiaempauta\/"]},{"@type":"Person","@id":"https:\/\/noticiaempauta.com\/portal\/#\/schema\/person\/a74af43dd1ab3deca45f988c717d57ac","name":"Reda\u00e7\u00e3o","image":{"@type":"ImageObject","inLanguage":"pt-BR","@id":"https:\/\/noticiaempauta.com\/portal\/#\/schema\/person\/image\/","url":"https:\/\/secure.gravatar.com\/avatar\/03179346ecce6cdfc13361603e8f54242a90e5cde8618fa23c5c00aa2b0aadf3?s=96&d=mm&r=g","contentUrl":"https:\/\/secure.gravatar.com\/avatar\/03179346ecce6cdfc13361603e8f54242a90e5cde8618fa23c5c00aa2b0aadf3?s=96&d=mm&r=g","caption":"Reda\u00e7\u00e3o"},"sameAs":["https:\/\/noticiaempauta.com\/portal\/"],"url":"https:\/\/noticiaempauta.com\/portal\/author\/fernando\/"}]}},"_links":{"self":[{"href":"https:\/\/noticiaempauta.com\/portal\/wp-json\/wp\/v2\/posts\/267870","targetHints":{"allow":["GET"]}}],"collection":[{"href":"https:\/\/noticiaempauta.com\/portal\/wp-json\/wp\/v2\/posts"}],"about":[{"href":"https:\/\/noticiaempauta.com\/portal\/wp-json\/wp\/v2\/types\/post"}],"author":[{"embeddable":true,"href":"https:\/\/noticiaempauta.com\/portal\/wp-json\/wp\/v2\/users\/2"}],"replies":[{"embeddable":true,"href":"https:\/\/noticiaempauta.com\/portal\/wp-json\/wp\/v2\/comments?post=267870"}],"version-history":[{"count":2,"href":"https:\/\/noticiaempauta.com\/portal\/wp-json\/wp\/v2\/posts\/267870\/revisions"}],"predecessor-version":[{"id":267874,"href":"https:\/\/noticiaempauta.com\/portal\/wp-json\/wp\/v2\/posts\/267870\/revisions\/267874"}],"wp:featuredmedia":[{"embeddable":true,"href":"https:\/\/noticiaempauta.com\/portal\/wp-json\/wp\/v2\/media\/267872"}],"wp:attachment":[{"href":"https:\/\/noticiaempauta.com\/portal\/wp-json\/wp\/v2\/media?parent=267870"}],"wp:term":[{"taxonomy":"category","embeddable":true,"href":"https:\/\/noticiaempauta.com\/portal\/wp-json\/wp\/v2\/categories?post=267870"},{"taxonomy":"post_tag","embeddable":true,"href":"https:\/\/noticiaempauta.com\/portal\/wp-json\/wp\/v2\/tags?post=267870"}],"curies":[{"name":"wp","href":"https:\/\/api.w.org\/{rel}","templated":true}]}}