{"id":267876,"date":"2025-02-19T15:55:32","date_gmt":"2025-02-19T18:55:32","guid":{"rendered":"https:\/\/noticiaempauta.com\/portal\/?p=267876"},"modified":"2025-02-19T15:55:34","modified_gmt":"2025-02-19T18:55:34","slug":"prefeito-dr-wilton-reforca-uniao-entre-poderes-durante-mensagem-de-abertura-do-ano-legislativo-em-massape-do-piaui","status":"publish","type":"post","link":"https:\/\/noticiaempauta.com\/portal\/prefeito-dr-wilton-reforca-uniao-entre-poderes-durante-mensagem-de-abertura-do-ano-legislativo-em-massape-do-piaui\/","title":{"rendered":"Prefeito Dr. Wilton refor\u00e7a uni\u00e3o entre poderes durante mensagem de abertura do ano legislativo em Massap\u00ea do Piau\u00ed"},"content":{"rendered":"\n<p>A C\u00e2mara Municipal de Massap\u00ea do Piau\u00ed realizou na noite desta ter\u00e7a-feira (18), a abertura do ano legislativo de 2025 com a primeira sess\u00e3o rodin\u00e1ria. Os vereadores recepcionaram o prefeito \u00a0Wilton Coutinho, que proferiu a tradicional mensagem anual do Poder Executivo.<\/p>\n\n\n\n<figure class=\"wp-block-image size-large\"><img fetchpriority=\"high\" decoding=\"async\" width=\"1024\" height=\"515\" src=\"https:\/\/noticiaempauta.com\/portal\/wp-content\/uploads\/2025\/02\/P40G-IMG-06eb93d903cedcb0f6-1024x515.jpg\" alt=\"\" class=\"wp-image-267879\" srcset=\"https:\/\/noticiaempauta.com\/portal\/wp-content\/uploads\/2025\/02\/P40G-IMG-06eb93d903cedcb0f6-1024x515.jpg 1024w, https:\/\/noticiaempauta.com\/portal\/wp-content\/uploads\/2025\/02\/P40G-IMG-06eb93d903cedcb0f6-300x151.jpg 300w, https:\/\/noticiaempauta.com\/portal\/wp-content\/uploads\/2025\/02\/P40G-IMG-06eb93d903cedcb0f6-768x387.jpg 768w, https:\/\/noticiaempauta.com\/portal\/wp-content\/uploads\/2025\/02\/P40G-IMG-06eb93d903cedcb0f6.jpg 1057w\" sizes=\"(max-width: 1024px) 100vw, 1024px\" \/><figcaption class=\"wp-element-caption\"><em>(Foto: Portal Saiba Mais)<\/em><\/figcaption><\/figure>\n\n\n\n<p>O presidente do Legislativo municipal, vereador Marilson (MDB) (PP), destacou o objetivo da Casa em construir um ano produtivo.<\/p>\n\n\n\n<p>\u201cA gente fica muito feliz por estar come\u00e7ando mais um ano na presid\u00eancia desta Casa, e queremos levar da melhor maneira poss\u00edvel o di\u00e1logo &nbsp;entre os vereadores, juntamente com o prefeito, o melhor trabalho para esta Casa\u201d, pontuou o presidente.<\/p>\n\n\n\n<p>Na sua mensagem, o prefeito \u00a0Wilton Coutinho (MDB) iniciou sua fala defendendo a independ\u00eancia e a harmonia entre os poderes, como princ\u00edpio fundamental para o avan\u00e7o da democracia, a ser cada vez mais fortalecida, a fim de promover o bem-estar de todos os cidad\u00e3os massapeenses.<\/p>\n\n\n\n<figure class=\"wp-block-image size-large\"><img decoding=\"async\" width=\"1024\" height=\"678\" src=\"https:\/\/noticiaempauta.com\/portal\/wp-content\/uploads\/2025\/02\/DSC_2317-1-1024x678.jpg\" alt=\"\" class=\"wp-image-267878\" srcset=\"https:\/\/noticiaempauta.com\/portal\/wp-content\/uploads\/2025\/02\/DSC_2317-1-1024x678.jpg 1024w, https:\/\/noticiaempauta.com\/portal\/wp-content\/uploads\/2025\/02\/DSC_2317-1-300x199.jpg 300w, https:\/\/noticiaempauta.com\/portal\/wp-content\/uploads\/2025\/02\/DSC_2317-1-768x509.jpg 768w, https:\/\/noticiaempauta.com\/portal\/wp-content\/uploads\/2025\/02\/DSC_2317-1.jpg 1057w\" sizes=\"(max-width: 1024px) 100vw, 1024px\" \/><\/figure>\n\n\n\n<p>\u201cAssim, destaco que \u00e9 minha prioridade de gestor municipal buscar a uni\u00e3o entre os Poderes Executivo e Legislativo, em que se prioriza o di\u00e1logo com intensa participa\u00e7\u00e3o da sociedade.<\/p>\n\n\n\n<p>Esse novo ciclo representa uma oportunidade de avan\u00e7armos juntos, executivo e legislativo caminhando lado a lado, para encontrarmos solu\u00e7\u00f5es para os desafios que enfrentamos. A cidade n\u00e3o precisa de divis\u00f5es pol\u00edticas que atravanquem o desenvolvimento. Precisamos de uni\u00e3o, responsabilidade e compromisso com o povo.\u201d<\/p>\n\n\n\n<p>O gestor destacou a\u00e7\u00f5es realizadas em menos de 50 dias de gest\u00e3o.<\/p>\n\n\n\n<p>\u201cPara a sa\u00fade, ampliamos o hor\u00e1rio de atendimento na UBAS, garantindo mais disponibilidade de tempo para atendimentos com profissionais da sa\u00fade, maior oferta de insumos e profissionais cada vez mais capacitados, implementa\u00e7\u00e3o da oferta da assist\u00eancia multiprofissional na zona rural, dentre outras melhorias.\u201d<\/p>\n\n\n\n<p>\u201cPara a educa\u00e7\u00e3o, estamos com a Busca Ativa, temos projetos de reformas e amplia\u00e7\u00f5es de escolas, conclus\u00e3o da creche e valoriza\u00e7\u00e3o dos professores como bandeira da gest\u00e3o.<\/p>\n\n\n\n<p>Para o social, aten\u00e7\u00e3o cada vez maior aqueles que mais precisam de pol\u00edticas p\u00fablicas, em especial \u00e0s fam\u00edlias em vulnerabilidade social. Realizamos planejamento mensal para in\u00edcio das atividades com as equipes do Programa Crian\u00e7a Feliz e Servi\u00e7o de Conviv\u00eancia e Fortalecimento de V\u00ednculos e Atendimentos no Servi\u00e7o de Prote\u00e7\u00e3o e Atendimento Integral \u00e0 Fam\u00edlia.<\/p>\n\n\n\n<p>Na agricultura, foram adquiridos mais de 1500 kg de Sementes de milho e feij\u00e3o junto ao Governo do estado, atrav\u00e9s da SAF- Secretaria da Agricultura Familiar, para os Agricultores familiares, incentivando o plantio e melhoramento da produ\u00e7\u00e3o agr\u00edcola;<\/p>\n\n\n\n<p>Criamos o PROARA- Programa de Ara\u00e7\u00e3o de Terras, para os agricultores familiares de Massap\u00ea do Piau\u00ed, projeto hist\u00f3rico que vai proporcionar ao homem do campo ara\u00e7\u00e3o de terra sem distin\u00e7\u00e3o e de forma gratuita.\u201d<\/p>\n\n\n\n<p>\u201cSomos poderes diferentes, mas com o mesmo objetivo, que \u00e9 defender os interesses da comunidade. Somos independentes, mas precisamos de harmonia, esquecer siglas partid\u00e1rias ou quest\u00f5es pessoais.<\/p>\n\n\n\n<p>Temos muito mais para colocarmos em pr\u00e1tica nesses quatro anos. E quero agradecer a todos que fazem parte dessa caminhada.\u201d<\/p>\n\n\n\n<p>Em seguida, usaram a \u00a0tribuna da Casa os vereadores, Davi Alves (PSD), Ataildo Reis (MDB), Tontonho (PSD), Naldo Barros (MDB), Z\u00e9 Merc\u00eas (PSD), Gracias Leite (MDB) e a vereadora Rem\u00e9dios Carvalho (PSD). Os parlamentares ressaltaram a boa rela\u00e7\u00e3o com a Mesa Diretora da C\u00e2mara e que est\u00e3o dispostos a contribuir com a\u00e7\u00f5es que beneficiem \u00e0 popula\u00e7\u00e3o massapeense.<\/p>\n\n\n\n<p>Fonte: Portal SaibaMais<\/p>\n","protected":false},"excerpt":{"rendered":"<p>A C\u00e2mara Municipal de Massap\u00ea do Piau\u00ed realizou na noite desta ter\u00e7a-feira (18), a abertura do ano legislativo de 2025 com a primeira sess\u00e3o rodin\u00e1ria. Os vereadores recepcionaram o prefeito \u00a0Wilton Coutinho, que proferiu a tradicional mensagem anual do Poder Executivo. O presidente do Legislativo municipal, vereador Marilson (MDB) (PP), destacou o objetivo da Casa [&hellip;]<\/p>\n","protected":false},"author":2,"featured_media":267877,"comment_status":"open","ping_status":"open","sticky":false,"template":"","format":"standard","meta":{"_mi_skip_tracking":false,"footnotes":""},"categories":[25,1,16],"tags":[],"class_list":["post-267876","post","type-post","status-publish","format-standard","has-post-thumbnail","hentry","category-destaques-site","category-geral","category-todas"],"acf":[],"yoast_head":"<!-- This site is optimized with the Yoast SEO Premium plugin v19.2 (Yoast SEO v26.9) - https:\/\/yoast.com\/product\/yoast-seo-premium-wordpress\/ -->\n<title>Prefeito Dr. Wilton refor\u00e7a uni\u00e3o entre poderes durante mensagem de abertura do ano legislativo em Massap\u00ea do Piau\u00ed - Portal Not\u00edcia em Pauta<\/title>\n<meta name=\"robots\" content=\"index, follow, max-snippet:-1, max-image-preview:large, max-video-preview:-1\" \/>\n<link rel=\"canonical\" href=\"https:\/\/noticiaempauta.com\/portal\/prefeito-dr-wilton-reforca-uniao-entre-poderes-durante-mensagem-de-abertura-do-ano-legislativo-em-massape-do-piaui\/\" \/>\n<meta property=\"og:locale\" content=\"pt_BR\" \/>\n<meta property=\"og:type\" content=\"article\" \/>\n<meta property=\"og:title\" content=\"Prefeito Dr. Wilton refor\u00e7a uni\u00e3o entre poderes durante mensagem de abertura do ano legislativo em Massap\u00ea do Piau\u00ed\" \/>\n<meta property=\"og:description\" content=\"A C\u00e2mara Municipal de Massap\u00ea do Piau\u00ed realizou na noite desta ter\u00e7a-feira (18), a abertura do ano legislativo de 2025 com a primeira sess\u00e3o rodin\u00e1ria. Os vereadores recepcionaram o prefeito \u00a0Wilton Coutinho, que proferiu a tradicional mensagem anual do Poder Executivo. O presidente do Legislativo municipal, vereador Marilson (MDB) (PP), destacou o objetivo da Casa [&hellip;]\" \/>\n<meta property=\"og:url\" content=\"https:\/\/noticiaempauta.com\/portal\/prefeito-dr-wilton-reforca-uniao-entre-poderes-durante-mensagem-de-abertura-do-ano-legislativo-em-massape-do-piaui\/\" \/>\n<meta property=\"og:site_name\" content=\"Portal Not\u00edcia em Pauta\" \/>\n<meta property=\"article:publisher\" content=\"https:\/\/www.facebook.com\/Portal-Notcia-Em-Pauta-102292869264820\/\" \/>\n<meta property=\"article:published_time\" content=\"2025-02-19T18:55:32+00:00\" \/>\n<meta property=\"article:modified_time\" content=\"2025-02-19T18:55:34+00:00\" \/>\n<meta property=\"og:image\" content=\"https:\/\/noticiaempauta.com\/portal\/wp-content\/uploads\/2025\/02\/DSC_2317.jpg\" \/>\n\t<meta property=\"og:image:width\" content=\"1057\" \/>\n\t<meta property=\"og:image:height\" content=\"700\" \/>\n\t<meta property=\"og:image:type\" content=\"image\/jpeg\" \/>\n<meta name=\"author\" content=\"Reda\u00e7\u00e3o\" \/>\n<meta name=\"twitter:card\" content=\"summary_large_image\" \/>\n<meta name=\"twitter:label1\" content=\"Escrito por\" \/>\n\t<meta name=\"twitter:data1\" content=\"Reda\u00e7\u00e3o\" \/>\n\t<meta name=\"twitter:label2\" content=\"Est. tempo de leitura\" \/>\n\t<meta name=\"twitter:data2\" content=\"4 minutos\" \/>\n<script type=\"application\/ld+json\" class=\"yoast-schema-graph\">{\"@context\":\"https:\/\/schema.org\",\"@graph\":[{\"@type\":\"Article\",\"@id\":\"https:\/\/noticiaempauta.com\/portal\/prefeito-dr-wilton-reforca-uniao-entre-poderes-durante-mensagem-de-abertura-do-ano-legislativo-em-massape-do-piaui\/#article\",\"isPartOf\":{\"@id\":\"https:\/\/noticiaempauta.com\/portal\/prefeito-dr-wilton-reforca-uniao-entre-poderes-durante-mensagem-de-abertura-do-ano-legislativo-em-massape-do-piaui\/\"},\"author\":{\"name\":\"Reda\u00e7\u00e3o\",\"@id\":\"https:\/\/noticiaempauta.com\/portal\/#\/schema\/person\/a74af43dd1ab3deca45f988c717d57ac\"},\"headline\":\"Prefeito Dr. Wilton refor\u00e7a uni\u00e3o entre poderes durante mensagem de abertura do ano legislativo em Massap\u00ea do Piau\u00ed\",\"datePublished\":\"2025-02-19T18:55:32+00:00\",\"dateModified\":\"2025-02-19T18:55:34+00:00\",\"mainEntityOfPage\":{\"@id\":\"https:\/\/noticiaempauta.com\/portal\/prefeito-dr-wilton-reforca-uniao-entre-poderes-durante-mensagem-de-abertura-do-ano-legislativo-em-massape-do-piaui\/\"},\"wordCount\":613,\"commentCount\":0,\"publisher\":{\"@id\":\"https:\/\/noticiaempauta.com\/portal\/#organization\"},\"image\":{\"@id\":\"https:\/\/noticiaempauta.com\/portal\/prefeito-dr-wilton-reforca-uniao-entre-poderes-durante-mensagem-de-abertura-do-ano-legislativo-em-massape-do-piaui\/#primaryimage\"},\"thumbnailUrl\":\"https:\/\/noticiaempauta.com\/portal\/wp-content\/uploads\/2025\/02\/DSC_2317.jpg\",\"articleSection\":[\"Destaques\",\"Geral\",\"Todas as Not\u00edcias\"],\"inLanguage\":\"pt-BR\",\"potentialAction\":[{\"@type\":\"CommentAction\",\"name\":\"Comment\",\"target\":[\"https:\/\/noticiaempauta.com\/portal\/prefeito-dr-wilton-reforca-uniao-entre-poderes-durante-mensagem-de-abertura-do-ano-legislativo-em-massape-do-piaui\/#respond\"]}]},{\"@type\":\"WebPage\",\"@id\":\"https:\/\/noticiaempauta.com\/portal\/prefeito-dr-wilton-reforca-uniao-entre-poderes-durante-mensagem-de-abertura-do-ano-legislativo-em-massape-do-piaui\/\",\"url\":\"https:\/\/noticiaempauta.com\/portal\/prefeito-dr-wilton-reforca-uniao-entre-poderes-durante-mensagem-de-abertura-do-ano-legislativo-em-massape-do-piaui\/\",\"name\":\"Prefeito Dr. Wilton refor\u00e7a uni\u00e3o entre poderes durante mensagem de abertura do ano legislativo em Massap\u00ea do Piau\u00ed - Portal Not\u00edcia em Pauta\",\"isPartOf\":{\"@id\":\"https:\/\/noticiaempauta.com\/portal\/#website\"},\"primaryImageOfPage\":{\"@id\":\"https:\/\/noticiaempauta.com\/portal\/prefeito-dr-wilton-reforca-uniao-entre-poderes-durante-mensagem-de-abertura-do-ano-legislativo-em-massape-do-piaui\/#primaryimage\"},\"image\":{\"@id\":\"https:\/\/noticiaempauta.com\/portal\/prefeito-dr-wilton-reforca-uniao-entre-poderes-durante-mensagem-de-abertura-do-ano-legislativo-em-massape-do-piaui\/#primaryimage\"},\"thumbnailUrl\":\"https:\/\/noticiaempauta.com\/portal\/wp-content\/uploads\/2025\/02\/DSC_2317.jpg\",\"datePublished\":\"2025-02-19T18:55:32+00:00\",\"dateModified\":\"2025-02-19T18:55:34+00:00\",\"breadcrumb\":{\"@id\":\"https:\/\/noticiaempauta.com\/portal\/prefeito-dr-wilton-reforca-uniao-entre-poderes-durante-mensagem-de-abertura-do-ano-legislativo-em-massape-do-piaui\/#breadcrumb\"},\"inLanguage\":\"pt-BR\",\"potentialAction\":[{\"@type\":\"ReadAction\",\"target\":[\"https:\/\/noticiaempauta.com\/portal\/prefeito-dr-wilton-reforca-uniao-entre-poderes-durante-mensagem-de-abertura-do-ano-legislativo-em-massape-do-piaui\/\"]}]},{\"@type\":\"ImageObject\",\"inLanguage\":\"pt-BR\",\"@id\":\"https:\/\/noticiaempauta.com\/portal\/prefeito-dr-wilton-reforca-uniao-entre-poderes-durante-mensagem-de-abertura-do-ano-legislativo-em-massape-do-piaui\/#primaryimage\",\"url\":\"https:\/\/noticiaempauta.com\/portal\/wp-content\/uploads\/2025\/02\/DSC_2317.jpg\",\"contentUrl\":\"https:\/\/noticiaempauta.com\/portal\/wp-content\/uploads\/2025\/02\/DSC_2317.jpg\",\"width\":1057,\"height\":700},{\"@type\":\"BreadcrumbList\",\"@id\":\"https:\/\/noticiaempauta.com\/portal\/prefeito-dr-wilton-reforca-uniao-entre-poderes-durante-mensagem-de-abertura-do-ano-legislativo-em-massape-do-piaui\/#breadcrumb\",\"itemListElement\":[{\"@type\":\"ListItem\",\"position\":1,\"name\":\"P\u00e1gina Inicial\",\"item\":\"https:\/\/noticiaempauta.com\/portal\/\"},{\"@type\":\"ListItem\",\"position\":2,\"name\":\"Destaques\",\"item\":\"https:\/\/noticiaempauta.com\/portal\/destaques-site\/\"},{\"@type\":\"ListItem\",\"position\":3,\"name\":\"Prefeito Dr. Wilton refor\u00e7a uni\u00e3o entre poderes durante mensagem de abertura do ano legislativo em Massap\u00ea do Piau\u00ed\"}]},{\"@type\":\"WebSite\",\"@id\":\"https:\/\/noticiaempauta.com\/portal\/#website\",\"url\":\"https:\/\/noticiaempauta.com\/portal\/\",\"name\":\"Portal Not\u00edcia em Pauta\",\"description\":\"Voc\u00ea bem informado\",\"publisher\":{\"@id\":\"https:\/\/noticiaempauta.com\/portal\/#organization\"},\"potentialAction\":[{\"@type\":\"SearchAction\",\"target\":{\"@type\":\"EntryPoint\",\"urlTemplate\":\"https:\/\/noticiaempauta.com\/portal\/?s={search_term_string}\"},\"query-input\":{\"@type\":\"PropertyValueSpecification\",\"valueRequired\":true,\"valueName\":\"search_term_string\"}}],\"inLanguage\":\"pt-BR\"},{\"@type\":\"Organization\",\"@id\":\"https:\/\/noticiaempauta.com\/portal\/#organization\",\"name\":\"Portal Not\u00edcia em Pauta\",\"url\":\"https:\/\/noticiaempauta.com\/portal\/\",\"logo\":{\"@type\":\"ImageObject\",\"inLanguage\":\"pt-BR\",\"@id\":\"https:\/\/noticiaempauta.com\/portal\/#\/schema\/logo\/image\/\",\"url\":\"https:\/\/noticiaempauta.com\/portal\/wp-content\/uploads\/2022\/08\/logomarca_tema.fw_.png\",\"contentUrl\":\"https:\/\/noticiaempauta.com\/portal\/wp-content\/uploads\/2022\/08\/logomarca_tema.fw_.png\",\"width\":400,\"height\":232,\"caption\":\"Portal Not\u00edcia em Pauta\"},\"image\":{\"@id\":\"https:\/\/noticiaempauta.com\/portal\/#\/schema\/logo\/image\/\"},\"sameAs\":[\"https:\/\/www.facebook.com\/Portal-Notcia-Em-Pauta-102292869264820\/\",\"https:\/\/www.instagram.com\/portalnoticiaempauta\/\"]},{\"@type\":\"Person\",\"@id\":\"https:\/\/noticiaempauta.com\/portal\/#\/schema\/person\/a74af43dd1ab3deca45f988c717d57ac\",\"name\":\"Reda\u00e7\u00e3o\",\"image\":{\"@type\":\"ImageObject\",\"inLanguage\":\"pt-BR\",\"@id\":\"https:\/\/noticiaempauta.com\/portal\/#\/schema\/person\/image\/\",\"url\":\"https:\/\/secure.gravatar.com\/avatar\/03179346ecce6cdfc13361603e8f54242a90e5cde8618fa23c5c00aa2b0aadf3?s=96&d=mm&r=g\",\"contentUrl\":\"https:\/\/secure.gravatar.com\/avatar\/03179346ecce6cdfc13361603e8f54242a90e5cde8618fa23c5c00aa2b0aadf3?s=96&d=mm&r=g\",\"caption\":\"Reda\u00e7\u00e3o\"},\"sameAs\":[\"https:\/\/noticiaempauta.com\/portal\/\"],\"url\":\"https:\/\/noticiaempauta.com\/portal\/author\/fernando\/\"}]}<\/script>\n<!-- \/ Yoast SEO Premium plugin. -->","yoast_head_json":{"title":"Prefeito Dr. Wilton refor\u00e7a uni\u00e3o entre poderes durante mensagem de abertura do ano legislativo em Massap\u00ea do Piau\u00ed - Portal Not\u00edcia em Pauta","robots":{"index":"index","follow":"follow","max-snippet":"max-snippet:-1","max-image-preview":"max-image-preview:large","max-video-preview":"max-video-preview:-1"},"canonical":"https:\/\/noticiaempauta.com\/portal\/prefeito-dr-wilton-reforca-uniao-entre-poderes-durante-mensagem-de-abertura-do-ano-legislativo-em-massape-do-piaui\/","og_locale":"pt_BR","og_type":"article","og_title":"Prefeito Dr. Wilton refor\u00e7a uni\u00e3o entre poderes durante mensagem de abertura do ano legislativo em Massap\u00ea do Piau\u00ed","og_description":"A C\u00e2mara Municipal de Massap\u00ea do Piau\u00ed realizou na noite desta ter\u00e7a-feira (18), a abertura do ano legislativo de 2025 com a primeira sess\u00e3o rodin\u00e1ria. Os vereadores recepcionaram o prefeito \u00a0Wilton Coutinho, que proferiu a tradicional mensagem anual do Poder Executivo. O presidente do Legislativo municipal, vereador Marilson (MDB) (PP), destacou o objetivo da Casa [&hellip;]","og_url":"https:\/\/noticiaempauta.com\/portal\/prefeito-dr-wilton-reforca-uniao-entre-poderes-durante-mensagem-de-abertura-do-ano-legislativo-em-massape-do-piaui\/","og_site_name":"Portal Not\u00edcia em Pauta","article_publisher":"https:\/\/www.facebook.com\/Portal-Notcia-Em-Pauta-102292869264820\/","article_published_time":"2025-02-19T18:55:32+00:00","article_modified_time":"2025-02-19T18:55:34+00:00","og_image":[{"width":1057,"height":700,"url":"https:\/\/noticiaempauta.com\/portal\/wp-content\/uploads\/2025\/02\/DSC_2317.jpg","type":"image\/jpeg"}],"author":"Reda\u00e7\u00e3o","twitter_card":"summary_large_image","twitter_misc":{"Escrito por":"Reda\u00e7\u00e3o","Est. tempo de leitura":"4 minutos"},"schema":{"@context":"https:\/\/schema.org","@graph":[{"@type":"Article","@id":"https:\/\/noticiaempauta.com\/portal\/prefeito-dr-wilton-reforca-uniao-entre-poderes-durante-mensagem-de-abertura-do-ano-legislativo-em-massape-do-piaui\/#article","isPartOf":{"@id":"https:\/\/noticiaempauta.com\/portal\/prefeito-dr-wilton-reforca-uniao-entre-poderes-durante-mensagem-de-abertura-do-ano-legislativo-em-massape-do-piaui\/"},"author":{"name":"Reda\u00e7\u00e3o","@id":"https:\/\/noticiaempauta.com\/portal\/#\/schema\/person\/a74af43dd1ab3deca45f988c717d57ac"},"headline":"Prefeito Dr. Wilton refor\u00e7a uni\u00e3o entre poderes durante mensagem de abertura do ano legislativo em Massap\u00ea do Piau\u00ed","datePublished":"2025-02-19T18:55:32+00:00","dateModified":"2025-02-19T18:55:34+00:00","mainEntityOfPage":{"@id":"https:\/\/noticiaempauta.com\/portal\/prefeito-dr-wilton-reforca-uniao-entre-poderes-durante-mensagem-de-abertura-do-ano-legislativo-em-massape-do-piaui\/"},"wordCount":613,"commentCount":0,"publisher":{"@id":"https:\/\/noticiaempauta.com\/portal\/#organization"},"image":{"@id":"https:\/\/noticiaempauta.com\/portal\/prefeito-dr-wilton-reforca-uniao-entre-poderes-durante-mensagem-de-abertura-do-ano-legislativo-em-massape-do-piaui\/#primaryimage"},"thumbnailUrl":"https:\/\/noticiaempauta.com\/portal\/wp-content\/uploads\/2025\/02\/DSC_2317.jpg","articleSection":["Destaques","Geral","Todas as Not\u00edcias"],"inLanguage":"pt-BR","potentialAction":[{"@type":"CommentAction","name":"Comment","target":["https:\/\/noticiaempauta.com\/portal\/prefeito-dr-wilton-reforca-uniao-entre-poderes-durante-mensagem-de-abertura-do-ano-legislativo-em-massape-do-piaui\/#respond"]}]},{"@type":"WebPage","@id":"https:\/\/noticiaempauta.com\/portal\/prefeito-dr-wilton-reforca-uniao-entre-poderes-durante-mensagem-de-abertura-do-ano-legislativo-em-massape-do-piaui\/","url":"https:\/\/noticiaempauta.com\/portal\/prefeito-dr-wilton-reforca-uniao-entre-poderes-durante-mensagem-de-abertura-do-ano-legislativo-em-massape-do-piaui\/","name":"Prefeito Dr. Wilton refor\u00e7a uni\u00e3o entre poderes durante mensagem de abertura do ano legislativo em Massap\u00ea do Piau\u00ed - Portal Not\u00edcia em Pauta","isPartOf":{"@id":"https:\/\/noticiaempauta.com\/portal\/#website"},"primaryImageOfPage":{"@id":"https:\/\/noticiaempauta.com\/portal\/prefeito-dr-wilton-reforca-uniao-entre-poderes-durante-mensagem-de-abertura-do-ano-legislativo-em-massape-do-piaui\/#primaryimage"},"image":{"@id":"https:\/\/noticiaempauta.com\/portal\/prefeito-dr-wilton-reforca-uniao-entre-poderes-durante-mensagem-de-abertura-do-ano-legislativo-em-massape-do-piaui\/#primaryimage"},"thumbnailUrl":"https:\/\/noticiaempauta.com\/portal\/wp-content\/uploads\/2025\/02\/DSC_2317.jpg","datePublished":"2025-02-19T18:55:32+00:00","dateModified":"2025-02-19T18:55:34+00:00","breadcrumb":{"@id":"https:\/\/noticiaempauta.com\/portal\/prefeito-dr-wilton-reforca-uniao-entre-poderes-durante-mensagem-de-abertura-do-ano-legislativo-em-massape-do-piaui\/#breadcrumb"},"inLanguage":"pt-BR","potentialAction":[{"@type":"ReadAction","target":["https:\/\/noticiaempauta.com\/portal\/prefeito-dr-wilton-reforca-uniao-entre-poderes-durante-mensagem-de-abertura-do-ano-legislativo-em-massape-do-piaui\/"]}]},{"@type":"ImageObject","inLanguage":"pt-BR","@id":"https:\/\/noticiaempauta.com\/portal\/prefeito-dr-wilton-reforca-uniao-entre-poderes-durante-mensagem-de-abertura-do-ano-legislativo-em-massape-do-piaui\/#primaryimage","url":"https:\/\/noticiaempauta.com\/portal\/wp-content\/uploads\/2025\/02\/DSC_2317.jpg","contentUrl":"https:\/\/noticiaempauta.com\/portal\/wp-content\/uploads\/2025\/02\/DSC_2317.jpg","width":1057,"height":700},{"@type":"BreadcrumbList","@id":"https:\/\/noticiaempauta.com\/portal\/prefeito-dr-wilton-reforca-uniao-entre-poderes-durante-mensagem-de-abertura-do-ano-legislativo-em-massape-do-piaui\/#breadcrumb","itemListElement":[{"@type":"ListItem","position":1,"name":"P\u00e1gina Inicial","item":"https:\/\/noticiaempauta.com\/portal\/"},{"@type":"ListItem","position":2,"name":"Destaques","item":"https:\/\/noticiaempauta.com\/portal\/destaques-site\/"},{"@type":"ListItem","position":3,"name":"Prefeito Dr. Wilton refor\u00e7a uni\u00e3o entre poderes durante mensagem de abertura do ano legislativo em Massap\u00ea do Piau\u00ed"}]},{"@type":"WebSite","@id":"https:\/\/noticiaempauta.com\/portal\/#website","url":"https:\/\/noticiaempauta.com\/portal\/","name":"Portal Not\u00edcia em Pauta","description":"Voc\u00ea bem informado","publisher":{"@id":"https:\/\/noticiaempauta.com\/portal\/#organization"},"potentialAction":[{"@type":"SearchAction","target":{"@type":"EntryPoint","urlTemplate":"https:\/\/noticiaempauta.com\/portal\/?s={search_term_string}"},"query-input":{"@type":"PropertyValueSpecification","valueRequired":true,"valueName":"search_term_string"}}],"inLanguage":"pt-BR"},{"@type":"Organization","@id":"https:\/\/noticiaempauta.com\/portal\/#organization","name":"Portal Not\u00edcia em Pauta","url":"https:\/\/noticiaempauta.com\/portal\/","logo":{"@type":"ImageObject","inLanguage":"pt-BR","@id":"https:\/\/noticiaempauta.com\/portal\/#\/schema\/logo\/image\/","url":"https:\/\/noticiaempauta.com\/portal\/wp-content\/uploads\/2022\/08\/logomarca_tema.fw_.png","contentUrl":"https:\/\/noticiaempauta.com\/portal\/wp-content\/uploads\/2022\/08\/logomarca_tema.fw_.png","width":400,"height":232,"caption":"Portal Not\u00edcia em Pauta"},"image":{"@id":"https:\/\/noticiaempauta.com\/portal\/#\/schema\/logo\/image\/"},"sameAs":["https:\/\/www.facebook.com\/Portal-Notcia-Em-Pauta-102292869264820\/","https:\/\/www.instagram.com\/portalnoticiaempauta\/"]},{"@type":"Person","@id":"https:\/\/noticiaempauta.com\/portal\/#\/schema\/person\/a74af43dd1ab3deca45f988c717d57ac","name":"Reda\u00e7\u00e3o","image":{"@type":"ImageObject","inLanguage":"pt-BR","@id":"https:\/\/noticiaempauta.com\/portal\/#\/schema\/person\/image\/","url":"https:\/\/secure.gravatar.com\/avatar\/03179346ecce6cdfc13361603e8f54242a90e5cde8618fa23c5c00aa2b0aadf3?s=96&d=mm&r=g","contentUrl":"https:\/\/secure.gravatar.com\/avatar\/03179346ecce6cdfc13361603e8f54242a90e5cde8618fa23c5c00aa2b0aadf3?s=96&d=mm&r=g","caption":"Reda\u00e7\u00e3o"},"sameAs":["https:\/\/noticiaempauta.com\/portal\/"],"url":"https:\/\/noticiaempauta.com\/portal\/author\/fernando\/"}]}},"_links":{"self":[{"href":"https:\/\/noticiaempauta.com\/portal\/wp-json\/wp\/v2\/posts\/267876","targetHints":{"allow":["GET"]}}],"collection":[{"href":"https:\/\/noticiaempauta.com\/portal\/wp-json\/wp\/v2\/posts"}],"about":[{"href":"https:\/\/noticiaempauta.com\/portal\/wp-json\/wp\/v2\/types\/post"}],"author":[{"embeddable":true,"href":"https:\/\/noticiaempauta.com\/portal\/wp-json\/wp\/v2\/users\/2"}],"replies":[{"embeddable":true,"href":"https:\/\/noticiaempauta.com\/portal\/wp-json\/wp\/v2\/comments?post=267876"}],"version-history":[{"count":2,"href":"https:\/\/noticiaempauta.com\/portal\/wp-json\/wp\/v2\/posts\/267876\/revisions"}],"predecessor-version":[{"id":267881,"href":"https:\/\/noticiaempauta.com\/portal\/wp-json\/wp\/v2\/posts\/267876\/revisions\/267881"}],"wp:featuredmedia":[{"embeddable":true,"href":"https:\/\/noticiaempauta.com\/portal\/wp-json\/wp\/v2\/media\/267877"}],"wp:attachment":[{"href":"https:\/\/noticiaempauta.com\/portal\/wp-json\/wp\/v2\/media?parent=267876"}],"wp:term":[{"taxonomy":"category","embeddable":true,"href":"https:\/\/noticiaempauta.com\/portal\/wp-json\/wp\/v2\/categories?post=267876"},{"taxonomy":"post_tag","embeddable":true,"href":"https:\/\/noticiaempauta.com\/portal\/wp-json\/wp\/v2\/tags?post=267876"}],"curies":[{"name":"wp","href":"https:\/\/api.w.org\/{rel}","templated":true}]}}