{"id":267886,"date":"2025-02-19T16:50:36","date_gmt":"2025-02-19T19:50:36","guid":{"rendered":"https:\/\/noticiaempauta.com\/portal\/?p=267886"},"modified":"2025-02-19T16:50:38","modified_gmt":"2025-02-19T19:50:38","slug":"papa-francisco-apresenta-leve-melhora-em-resultados-de-exames-diz-vaticano","status":"publish","type":"post","link":"https:\/\/noticiaempauta.com\/portal\/papa-francisco-apresenta-leve-melhora-em-resultados-de-exames-diz-vaticano\/","title":{"rendered":"Papa Francisco apresenta &#8216;leve melhora&#8217; em resultados de exames, diz Vaticano"},"content":{"rendered":"\n<p>O Papa Francisco apresentou uma &#8220;leve melhora&#8221;\u00a0em seu estado de sa\u00fade, que permanece est\u00e1vel, conforme informado pelo Vaticano no\u00a0boletim m\u00e9dico divulgado na tarde desta quarta-feira (19).<\/p>\n\n\n\n<figure class=\"wp-block-image size-full\"><img fetchpriority=\"high\" decoding=\"async\" width=\"790\" height=\"527\" src=\"https:\/\/noticiaempauta.com\/portal\/wp-content\/uploads\/2022\/12\/Papa-francisco.jpg\" alt=\"\" class=\"wp-image-242639\" srcset=\"https:\/\/noticiaempauta.com\/portal\/wp-content\/uploads\/2022\/12\/Papa-francisco.jpg 790w, https:\/\/noticiaempauta.com\/portal\/wp-content\/uploads\/2022\/12\/Papa-francisco-300x200.jpg 300w, https:\/\/noticiaempauta.com\/portal\/wp-content\/uploads\/2022\/12\/Papa-francisco-768x512.jpg 768w\" sizes=\"(max-width: 790px) 100vw, 790px\" \/><figcaption class=\"wp-element-caption\">Foto: Reprodu\u00e7\u00e3o<\/figcaption><\/figure>\n\n\n\n<p>O pont\u00edfice de 88 anos, diagnosticado com pneumonia bilateral nesta ter\u00e7a-feira, passou por uma s\u00e9rie de exames de sangue, que mostraram melhora, especialmente nos \u00edndices inflamat\u00f3rios.<\/p>\n\n\n\n<p>De acordo com o comunicado, o Papa segue trabalhando e se mantendo atualizado, lendo jornais regularmente.<\/p>\n\n\n\n<p>&#8220;As condi\u00e7\u00f5es cl\u00ednicas do Santo Padre est\u00e3o est\u00e1veis. Os exames de sangue, avaliados pela equipe m\u00e9dica, mostram uma leve melhora, principalmente nos \u00edndices inflamat\u00f3rios. Ap\u00f3s o caf\u00e9 da manh\u00e3, ele leu alguns jornais e depois se dedicou \u00e0s atividades de trabalho com seus colaboradores mais pr\u00f3ximos. Antes do almo\u00e7o ele recebeu a Eucaristia. \u00c0 tarde, ele recebeu a visita da primeira-ministra Giorgia Meloni, com quem passou 20 minutos em particular&#8221;.<\/p>\n\n\n\n<p>Mais cedo, a primeira-ministra da It\u00e1lia, Giorgia Meloni, j\u00e1 havia dado boas not\u00edcias ao contar que o encontrou alerta e responsivo ao visit\u00e1-lo no hospital nesta quarta.<\/p>\n\n\n\n<p>Em uma declara\u00e7\u00e3o \u00e0 imprensa, a premi\u00ea italiana acalmou o cora\u00e7\u00e3o dos fi\u00e9is ao contar que o papa mant\u00e9m seu bom humor:<\/p>\n\n\n\n<p>De acordo com uma fonte ouvida pela ag\u00eancia de not\u00edcias AFP, ele respira sem a ajuda de aparelhos, mas o hospital n\u00e3o descarta o uso de respira\u00e7\u00e3o mec\u00e2nica, e consegue levantar e sentar em uma poltrona.<\/p>\n\n\n\n<p>Meio News<\/p>\n","protected":false},"excerpt":{"rendered":"<p>O Papa Francisco apresentou uma &#8220;leve melhora&#8221;\u00a0em seu estado de sa\u00fade, que permanece est\u00e1vel, conforme informado pelo Vaticano no\u00a0boletim m\u00e9dico divulgado na tarde desta quarta-feira (19). O pont\u00edfice de 88 anos, diagnosticado com pneumonia bilateral nesta ter\u00e7a-feira, passou por uma s\u00e9rie de exames de sangue, que mostraram melhora, especialmente nos \u00edndices inflamat\u00f3rios. De acordo com [&hellip;]<\/p>\n","protected":false},"author":2,"featured_media":242639,"comment_status":"open","ping_status":"open","sticky":false,"template":"","format":"standard","meta":{"_mi_skip_tracking":false,"footnotes":""},"categories":[25,1,16],"tags":[192],"class_list":["post-267886","post","type-post","status-publish","format-standard","has-post-thumbnail","hentry","category-destaques-site","category-geral","category-todas","tag-destaqueprincipal"],"acf":[],"yoast_head":"<!-- This site is optimized with the Yoast SEO Premium plugin v19.2 (Yoast SEO v26.9) - https:\/\/yoast.com\/product\/yoast-seo-premium-wordpress\/ -->\n<title>Papa Francisco apresenta &#039;leve melhora&#039; em resultados de exames, diz Vaticano - Portal Not\u00edcia em Pauta<\/title>\n<meta name=\"robots\" content=\"index, follow, max-snippet:-1, max-image-preview:large, max-video-preview:-1\" \/>\n<link rel=\"canonical\" href=\"https:\/\/noticiaempauta.com\/portal\/papa-francisco-apresenta-leve-melhora-em-resultados-de-exames-diz-vaticano\/\" \/>\n<meta property=\"og:locale\" content=\"pt_BR\" \/>\n<meta property=\"og:type\" content=\"article\" \/>\n<meta property=\"og:title\" content=\"Papa Francisco apresenta &#039;leve melhora&#039; em resultados de exames, diz Vaticano\" \/>\n<meta property=\"og:description\" content=\"O Papa Francisco apresentou uma &#8220;leve melhora&#8221;\u00a0em seu estado de sa\u00fade, que permanece est\u00e1vel, conforme informado pelo Vaticano no\u00a0boletim m\u00e9dico divulgado na tarde desta quarta-feira (19). O pont\u00edfice de 88 anos, diagnosticado com pneumonia bilateral nesta ter\u00e7a-feira, passou por uma s\u00e9rie de exames de sangue, que mostraram melhora, especialmente nos \u00edndices inflamat\u00f3rios. De acordo com [&hellip;]\" \/>\n<meta property=\"og:url\" content=\"https:\/\/noticiaempauta.com\/portal\/papa-francisco-apresenta-leve-melhora-em-resultados-de-exames-diz-vaticano\/\" \/>\n<meta property=\"og:site_name\" content=\"Portal Not\u00edcia em Pauta\" \/>\n<meta property=\"article:publisher\" content=\"https:\/\/www.facebook.com\/Portal-Notcia-Em-Pauta-102292869264820\/\" \/>\n<meta property=\"article:published_time\" content=\"2025-02-19T19:50:36+00:00\" \/>\n<meta property=\"article:modified_time\" content=\"2025-02-19T19:50:38+00:00\" \/>\n<meta property=\"og:image\" content=\"https:\/\/noticiaempauta.com\/portal\/wp-content\/uploads\/2022\/12\/Papa-francisco.jpg\" \/>\n\t<meta property=\"og:image:width\" content=\"790\" \/>\n\t<meta property=\"og:image:height\" content=\"527\" \/>\n\t<meta property=\"og:image:type\" content=\"image\/jpeg\" \/>\n<meta name=\"author\" content=\"Reda\u00e7\u00e3o\" \/>\n<meta name=\"twitter:card\" content=\"summary_large_image\" \/>\n<meta name=\"twitter:label1\" content=\"Escrito por\" \/>\n\t<meta name=\"twitter:data1\" content=\"Reda\u00e7\u00e3o\" \/>\n\t<meta name=\"twitter:label2\" content=\"Est. tempo de leitura\" \/>\n\t<meta name=\"twitter:data2\" content=\"2 minutos\" \/>\n<script type=\"application\/ld+json\" class=\"yoast-schema-graph\">{\"@context\":\"https:\/\/schema.org\",\"@graph\":[{\"@type\":\"Article\",\"@id\":\"https:\/\/noticiaempauta.com\/portal\/papa-francisco-apresenta-leve-melhora-em-resultados-de-exames-diz-vaticano\/#article\",\"isPartOf\":{\"@id\":\"https:\/\/noticiaempauta.com\/portal\/papa-francisco-apresenta-leve-melhora-em-resultados-de-exames-diz-vaticano\/\"},\"author\":{\"name\":\"Reda\u00e7\u00e3o\",\"@id\":\"https:\/\/noticiaempauta.com\/portal\/#\/schema\/person\/a74af43dd1ab3deca45f988c717d57ac\"},\"headline\":\"Papa Francisco apresenta &#8216;leve melhora&#8217; em resultados de exames, diz Vaticano\",\"datePublished\":\"2025-02-19T19:50:36+00:00\",\"dateModified\":\"2025-02-19T19:50:38+00:00\",\"mainEntityOfPage\":{\"@id\":\"https:\/\/noticiaempauta.com\/portal\/papa-francisco-apresenta-leve-melhora-em-resultados-de-exames-diz-vaticano\/\"},\"wordCount\":264,\"commentCount\":0,\"publisher\":{\"@id\":\"https:\/\/noticiaempauta.com\/portal\/#organization\"},\"image\":{\"@id\":\"https:\/\/noticiaempauta.com\/portal\/papa-francisco-apresenta-leve-melhora-em-resultados-de-exames-diz-vaticano\/#primaryimage\"},\"thumbnailUrl\":\"https:\/\/noticiaempauta.com\/portal\/wp-content\/uploads\/2022\/12\/Papa-francisco.jpg\",\"keywords\":[\"destaqueprincipal\"],\"articleSection\":[\"Destaques\",\"Geral\",\"Todas as Not\u00edcias\"],\"inLanguage\":\"pt-BR\",\"potentialAction\":[{\"@type\":\"CommentAction\",\"name\":\"Comment\",\"target\":[\"https:\/\/noticiaempauta.com\/portal\/papa-francisco-apresenta-leve-melhora-em-resultados-de-exames-diz-vaticano\/#respond\"]}]},{\"@type\":\"WebPage\",\"@id\":\"https:\/\/noticiaempauta.com\/portal\/papa-francisco-apresenta-leve-melhora-em-resultados-de-exames-diz-vaticano\/\",\"url\":\"https:\/\/noticiaempauta.com\/portal\/papa-francisco-apresenta-leve-melhora-em-resultados-de-exames-diz-vaticano\/\",\"name\":\"Papa Francisco apresenta 'leve melhora' em resultados de exames, diz Vaticano - Portal Not\u00edcia em Pauta\",\"isPartOf\":{\"@id\":\"https:\/\/noticiaempauta.com\/portal\/#website\"},\"primaryImageOfPage\":{\"@id\":\"https:\/\/noticiaempauta.com\/portal\/papa-francisco-apresenta-leve-melhora-em-resultados-de-exames-diz-vaticano\/#primaryimage\"},\"image\":{\"@id\":\"https:\/\/noticiaempauta.com\/portal\/papa-francisco-apresenta-leve-melhora-em-resultados-de-exames-diz-vaticano\/#primaryimage\"},\"thumbnailUrl\":\"https:\/\/noticiaempauta.com\/portal\/wp-content\/uploads\/2022\/12\/Papa-francisco.jpg\",\"datePublished\":\"2025-02-19T19:50:36+00:00\",\"dateModified\":\"2025-02-19T19:50:38+00:00\",\"breadcrumb\":{\"@id\":\"https:\/\/noticiaempauta.com\/portal\/papa-francisco-apresenta-leve-melhora-em-resultados-de-exames-diz-vaticano\/#breadcrumb\"},\"inLanguage\":\"pt-BR\",\"potentialAction\":[{\"@type\":\"ReadAction\",\"target\":[\"https:\/\/noticiaempauta.com\/portal\/papa-francisco-apresenta-leve-melhora-em-resultados-de-exames-diz-vaticano\/\"]}]},{\"@type\":\"ImageObject\",\"inLanguage\":\"pt-BR\",\"@id\":\"https:\/\/noticiaempauta.com\/portal\/papa-francisco-apresenta-leve-melhora-em-resultados-de-exames-diz-vaticano\/#primaryimage\",\"url\":\"https:\/\/noticiaempauta.com\/portal\/wp-content\/uploads\/2022\/12\/Papa-francisco.jpg\",\"contentUrl\":\"https:\/\/noticiaempauta.com\/portal\/wp-content\/uploads\/2022\/12\/Papa-francisco.jpg\",\"width\":790,\"height\":527,\"caption\":\"Foto: Reprodu\u00e7\u00e3o\"},{\"@type\":\"BreadcrumbList\",\"@id\":\"https:\/\/noticiaempauta.com\/portal\/papa-francisco-apresenta-leve-melhora-em-resultados-de-exames-diz-vaticano\/#breadcrumb\",\"itemListElement\":[{\"@type\":\"ListItem\",\"position\":1,\"name\":\"P\u00e1gina Inicial\",\"item\":\"https:\/\/noticiaempauta.com\/portal\/\"},{\"@type\":\"ListItem\",\"position\":2,\"name\":\"Destaques\",\"item\":\"https:\/\/noticiaempauta.com\/portal\/destaques-site\/\"},{\"@type\":\"ListItem\",\"position\":3,\"name\":\"Papa Francisco apresenta &#8216;leve melhora&#8217; em resultados de exames, diz Vaticano\"}]},{\"@type\":\"WebSite\",\"@id\":\"https:\/\/noticiaempauta.com\/portal\/#website\",\"url\":\"https:\/\/noticiaempauta.com\/portal\/\",\"name\":\"Portal Not\u00edcia em Pauta\",\"description\":\"Voc\u00ea bem informado\",\"publisher\":{\"@id\":\"https:\/\/noticiaempauta.com\/portal\/#organization\"},\"potentialAction\":[{\"@type\":\"SearchAction\",\"target\":{\"@type\":\"EntryPoint\",\"urlTemplate\":\"https:\/\/noticiaempauta.com\/portal\/?s={search_term_string}\"},\"query-input\":{\"@type\":\"PropertyValueSpecification\",\"valueRequired\":true,\"valueName\":\"search_term_string\"}}],\"inLanguage\":\"pt-BR\"},{\"@type\":\"Organization\",\"@id\":\"https:\/\/noticiaempauta.com\/portal\/#organization\",\"name\":\"Portal Not\u00edcia em Pauta\",\"url\":\"https:\/\/noticiaempauta.com\/portal\/\",\"logo\":{\"@type\":\"ImageObject\",\"inLanguage\":\"pt-BR\",\"@id\":\"https:\/\/noticiaempauta.com\/portal\/#\/schema\/logo\/image\/\",\"url\":\"https:\/\/noticiaempauta.com\/portal\/wp-content\/uploads\/2022\/08\/logomarca_tema.fw_.png\",\"contentUrl\":\"https:\/\/noticiaempauta.com\/portal\/wp-content\/uploads\/2022\/08\/logomarca_tema.fw_.png\",\"width\":400,\"height\":232,\"caption\":\"Portal Not\u00edcia em Pauta\"},\"image\":{\"@id\":\"https:\/\/noticiaempauta.com\/portal\/#\/schema\/logo\/image\/\"},\"sameAs\":[\"https:\/\/www.facebook.com\/Portal-Notcia-Em-Pauta-102292869264820\/\",\"https:\/\/www.instagram.com\/portalnoticiaempauta\/\"]},{\"@type\":\"Person\",\"@id\":\"https:\/\/noticiaempauta.com\/portal\/#\/schema\/person\/a74af43dd1ab3deca45f988c717d57ac\",\"name\":\"Reda\u00e7\u00e3o\",\"image\":{\"@type\":\"ImageObject\",\"inLanguage\":\"pt-BR\",\"@id\":\"https:\/\/noticiaempauta.com\/portal\/#\/schema\/person\/image\/\",\"url\":\"https:\/\/secure.gravatar.com\/avatar\/03179346ecce6cdfc13361603e8f54242a90e5cde8618fa23c5c00aa2b0aadf3?s=96&d=mm&r=g\",\"contentUrl\":\"https:\/\/secure.gravatar.com\/avatar\/03179346ecce6cdfc13361603e8f54242a90e5cde8618fa23c5c00aa2b0aadf3?s=96&d=mm&r=g\",\"caption\":\"Reda\u00e7\u00e3o\"},\"sameAs\":[\"https:\/\/noticiaempauta.com\/portal\/\"],\"url\":\"https:\/\/noticiaempauta.com\/portal\/author\/fernando\/\"}]}<\/script>\n<!-- \/ Yoast SEO Premium plugin. -->","yoast_head_json":{"title":"Papa Francisco apresenta 'leve melhora' em resultados de exames, diz Vaticano - Portal Not\u00edcia em Pauta","robots":{"index":"index","follow":"follow","max-snippet":"max-snippet:-1","max-image-preview":"max-image-preview:large","max-video-preview":"max-video-preview:-1"},"canonical":"https:\/\/noticiaempauta.com\/portal\/papa-francisco-apresenta-leve-melhora-em-resultados-de-exames-diz-vaticano\/","og_locale":"pt_BR","og_type":"article","og_title":"Papa Francisco apresenta 'leve melhora' em resultados de exames, diz Vaticano","og_description":"O Papa Francisco apresentou uma &#8220;leve melhora&#8221;\u00a0em seu estado de sa\u00fade, que permanece est\u00e1vel, conforme informado pelo Vaticano no\u00a0boletim m\u00e9dico divulgado na tarde desta quarta-feira (19). O pont\u00edfice de 88 anos, diagnosticado com pneumonia bilateral nesta ter\u00e7a-feira, passou por uma s\u00e9rie de exames de sangue, que mostraram melhora, especialmente nos \u00edndices inflamat\u00f3rios. De acordo com [&hellip;]","og_url":"https:\/\/noticiaempauta.com\/portal\/papa-francisco-apresenta-leve-melhora-em-resultados-de-exames-diz-vaticano\/","og_site_name":"Portal Not\u00edcia em Pauta","article_publisher":"https:\/\/www.facebook.com\/Portal-Notcia-Em-Pauta-102292869264820\/","article_published_time":"2025-02-19T19:50:36+00:00","article_modified_time":"2025-02-19T19:50:38+00:00","og_image":[{"width":790,"height":527,"url":"https:\/\/noticiaempauta.com\/portal\/wp-content\/uploads\/2022\/12\/Papa-francisco.jpg","type":"image\/jpeg"}],"author":"Reda\u00e7\u00e3o","twitter_card":"summary_large_image","twitter_misc":{"Escrito por":"Reda\u00e7\u00e3o","Est. tempo de leitura":"2 minutos"},"schema":{"@context":"https:\/\/schema.org","@graph":[{"@type":"Article","@id":"https:\/\/noticiaempauta.com\/portal\/papa-francisco-apresenta-leve-melhora-em-resultados-de-exames-diz-vaticano\/#article","isPartOf":{"@id":"https:\/\/noticiaempauta.com\/portal\/papa-francisco-apresenta-leve-melhora-em-resultados-de-exames-diz-vaticano\/"},"author":{"name":"Reda\u00e7\u00e3o","@id":"https:\/\/noticiaempauta.com\/portal\/#\/schema\/person\/a74af43dd1ab3deca45f988c717d57ac"},"headline":"Papa Francisco apresenta &#8216;leve melhora&#8217; em resultados de exames, diz Vaticano","datePublished":"2025-02-19T19:50:36+00:00","dateModified":"2025-02-19T19:50:38+00:00","mainEntityOfPage":{"@id":"https:\/\/noticiaempauta.com\/portal\/papa-francisco-apresenta-leve-melhora-em-resultados-de-exames-diz-vaticano\/"},"wordCount":264,"commentCount":0,"publisher":{"@id":"https:\/\/noticiaempauta.com\/portal\/#organization"},"image":{"@id":"https:\/\/noticiaempauta.com\/portal\/papa-francisco-apresenta-leve-melhora-em-resultados-de-exames-diz-vaticano\/#primaryimage"},"thumbnailUrl":"https:\/\/noticiaempauta.com\/portal\/wp-content\/uploads\/2022\/12\/Papa-francisco.jpg","keywords":["destaqueprincipal"],"articleSection":["Destaques","Geral","Todas as Not\u00edcias"],"inLanguage":"pt-BR","potentialAction":[{"@type":"CommentAction","name":"Comment","target":["https:\/\/noticiaempauta.com\/portal\/papa-francisco-apresenta-leve-melhora-em-resultados-de-exames-diz-vaticano\/#respond"]}]},{"@type":"WebPage","@id":"https:\/\/noticiaempauta.com\/portal\/papa-francisco-apresenta-leve-melhora-em-resultados-de-exames-diz-vaticano\/","url":"https:\/\/noticiaempauta.com\/portal\/papa-francisco-apresenta-leve-melhora-em-resultados-de-exames-diz-vaticano\/","name":"Papa Francisco apresenta 'leve melhora' em resultados de exames, diz Vaticano - Portal Not\u00edcia em Pauta","isPartOf":{"@id":"https:\/\/noticiaempauta.com\/portal\/#website"},"primaryImageOfPage":{"@id":"https:\/\/noticiaempauta.com\/portal\/papa-francisco-apresenta-leve-melhora-em-resultados-de-exames-diz-vaticano\/#primaryimage"},"image":{"@id":"https:\/\/noticiaempauta.com\/portal\/papa-francisco-apresenta-leve-melhora-em-resultados-de-exames-diz-vaticano\/#primaryimage"},"thumbnailUrl":"https:\/\/noticiaempauta.com\/portal\/wp-content\/uploads\/2022\/12\/Papa-francisco.jpg","datePublished":"2025-02-19T19:50:36+00:00","dateModified":"2025-02-19T19:50:38+00:00","breadcrumb":{"@id":"https:\/\/noticiaempauta.com\/portal\/papa-francisco-apresenta-leve-melhora-em-resultados-de-exames-diz-vaticano\/#breadcrumb"},"inLanguage":"pt-BR","potentialAction":[{"@type":"ReadAction","target":["https:\/\/noticiaempauta.com\/portal\/papa-francisco-apresenta-leve-melhora-em-resultados-de-exames-diz-vaticano\/"]}]},{"@type":"ImageObject","inLanguage":"pt-BR","@id":"https:\/\/noticiaempauta.com\/portal\/papa-francisco-apresenta-leve-melhora-em-resultados-de-exames-diz-vaticano\/#primaryimage","url":"https:\/\/noticiaempauta.com\/portal\/wp-content\/uploads\/2022\/12\/Papa-francisco.jpg","contentUrl":"https:\/\/noticiaempauta.com\/portal\/wp-content\/uploads\/2022\/12\/Papa-francisco.jpg","width":790,"height":527,"caption":"Foto: Reprodu\u00e7\u00e3o"},{"@type":"BreadcrumbList","@id":"https:\/\/noticiaempauta.com\/portal\/papa-francisco-apresenta-leve-melhora-em-resultados-de-exames-diz-vaticano\/#breadcrumb","itemListElement":[{"@type":"ListItem","position":1,"name":"P\u00e1gina Inicial","item":"https:\/\/noticiaempauta.com\/portal\/"},{"@type":"ListItem","position":2,"name":"Destaques","item":"https:\/\/noticiaempauta.com\/portal\/destaques-site\/"},{"@type":"ListItem","position":3,"name":"Papa Francisco apresenta &#8216;leve melhora&#8217; em resultados de exames, diz Vaticano"}]},{"@type":"WebSite","@id":"https:\/\/noticiaempauta.com\/portal\/#website","url":"https:\/\/noticiaempauta.com\/portal\/","name":"Portal Not\u00edcia em Pauta","description":"Voc\u00ea bem informado","publisher":{"@id":"https:\/\/noticiaempauta.com\/portal\/#organization"},"potentialAction":[{"@type":"SearchAction","target":{"@type":"EntryPoint","urlTemplate":"https:\/\/noticiaempauta.com\/portal\/?s={search_term_string}"},"query-input":{"@type":"PropertyValueSpecification","valueRequired":true,"valueName":"search_term_string"}}],"inLanguage":"pt-BR"},{"@type":"Organization","@id":"https:\/\/noticiaempauta.com\/portal\/#organization","name":"Portal Not\u00edcia em Pauta","url":"https:\/\/noticiaempauta.com\/portal\/","logo":{"@type":"ImageObject","inLanguage":"pt-BR","@id":"https:\/\/noticiaempauta.com\/portal\/#\/schema\/logo\/image\/","url":"https:\/\/noticiaempauta.com\/portal\/wp-content\/uploads\/2022\/08\/logomarca_tema.fw_.png","contentUrl":"https:\/\/noticiaempauta.com\/portal\/wp-content\/uploads\/2022\/08\/logomarca_tema.fw_.png","width":400,"height":232,"caption":"Portal Not\u00edcia em Pauta"},"image":{"@id":"https:\/\/noticiaempauta.com\/portal\/#\/schema\/logo\/image\/"},"sameAs":["https:\/\/www.facebook.com\/Portal-Notcia-Em-Pauta-102292869264820\/","https:\/\/www.instagram.com\/portalnoticiaempauta\/"]},{"@type":"Person","@id":"https:\/\/noticiaempauta.com\/portal\/#\/schema\/person\/a74af43dd1ab3deca45f988c717d57ac","name":"Reda\u00e7\u00e3o","image":{"@type":"ImageObject","inLanguage":"pt-BR","@id":"https:\/\/noticiaempauta.com\/portal\/#\/schema\/person\/image\/","url":"https:\/\/secure.gravatar.com\/avatar\/03179346ecce6cdfc13361603e8f54242a90e5cde8618fa23c5c00aa2b0aadf3?s=96&d=mm&r=g","contentUrl":"https:\/\/secure.gravatar.com\/avatar\/03179346ecce6cdfc13361603e8f54242a90e5cde8618fa23c5c00aa2b0aadf3?s=96&d=mm&r=g","caption":"Reda\u00e7\u00e3o"},"sameAs":["https:\/\/noticiaempauta.com\/portal\/"],"url":"https:\/\/noticiaempauta.com\/portal\/author\/fernando\/"}]}},"_links":{"self":[{"href":"https:\/\/noticiaempauta.com\/portal\/wp-json\/wp\/v2\/posts\/267886","targetHints":{"allow":["GET"]}}],"collection":[{"href":"https:\/\/noticiaempauta.com\/portal\/wp-json\/wp\/v2\/posts"}],"about":[{"href":"https:\/\/noticiaempauta.com\/portal\/wp-json\/wp\/v2\/types\/post"}],"author":[{"embeddable":true,"href":"https:\/\/noticiaempauta.com\/portal\/wp-json\/wp\/v2\/users\/2"}],"replies":[{"embeddable":true,"href":"https:\/\/noticiaempauta.com\/portal\/wp-json\/wp\/v2\/comments?post=267886"}],"version-history":[{"count":2,"href":"https:\/\/noticiaempauta.com\/portal\/wp-json\/wp\/v2\/posts\/267886\/revisions"}],"predecessor-version":[{"id":267889,"href":"https:\/\/noticiaempauta.com\/portal\/wp-json\/wp\/v2\/posts\/267886\/revisions\/267889"}],"wp:featuredmedia":[{"embeddable":true,"href":"https:\/\/noticiaempauta.com\/portal\/wp-json\/wp\/v2\/media\/242639"}],"wp:attachment":[{"href":"https:\/\/noticiaempauta.com\/portal\/wp-json\/wp\/v2\/media?parent=267886"}],"wp:term":[{"taxonomy":"category","embeddable":true,"href":"https:\/\/noticiaempauta.com\/portal\/wp-json\/wp\/v2\/categories?post=267886"},{"taxonomy":"post_tag","embeddable":true,"href":"https:\/\/noticiaempauta.com\/portal\/wp-json\/wp\/v2\/tags?post=267886"}],"curies":[{"name":"wp","href":"https:\/\/api.w.org\/{rel}","templated":true}]}}