{"id":268127,"date":"2025-02-28T10:52:24","date_gmt":"2025-02-28T13:52:24","guid":{"rendered":"https:\/\/noticiaempauta.com\/portal\/?p=268127"},"modified":"2025-02-28T10:55:29","modified_gmt":"2025-02-28T13:55:29","slug":"monsenhor-hipolito-prefeitura-promove-audiencia-publica-e-apresenta-relatorio-preliminar-de-gestao-de-2024","status":"publish","type":"post","link":"https:\/\/noticiaempauta.com\/portal\/monsenhor-hipolito-prefeitura-promove-audiencia-publica-e-apresenta-relatorio-preliminar-de-gestao-de-2024\/","title":{"rendered":"Monsenhor Hip\u00f3lito | Prefeitura promove audi\u00eancia p\u00fablica e apresenta Relat\u00f3rio Preliminar de Gest\u00e3o de 2024"},"content":{"rendered":"\n<p>A Prefeitura de Monsenhor Hip\u00f3lito, administra\u00e7\u00e3o Djalma Policarpo em cumprimento ao que determina os aspectos legais de transpar\u00eancia e responsabilidade das a\u00e7\u00f5es administrativas, realizou na tarde desta quinta-feira (27), uma audi\u00eancia p\u00fablica para apresenta\u00e7\u00e3o da vers\u00e3o preliminar do Relat\u00f3rio de Gest\u00e3o Consolidado do ano de 2024.<\/p>\n\n\n\n<figure class=\"wp-block-image size-full\"><img fetchpriority=\"high\" decoding=\"async\" width=\"861\" height=\"498\" src=\"https:\/\/noticiaempauta.com\/portal\/wp-content\/uploads\/2025\/02\/5588ggggg.jpg\" alt=\"\" class=\"wp-image-268128\" srcset=\"https:\/\/noticiaempauta.com\/portal\/wp-content\/uploads\/2025\/02\/5588ggggg.jpg 861w, https:\/\/noticiaempauta.com\/portal\/wp-content\/uploads\/2025\/02\/5588ggggg-300x174.jpg 300w, https:\/\/noticiaempauta.com\/portal\/wp-content\/uploads\/2025\/02\/5588ggggg-768x444.jpg 768w\" sizes=\"(max-width: 861px) 100vw, 861px\" \/><figcaption class=\"wp-element-caption\"><em>Advogada F\u00e1tima Miranda (Foto: CidadesnaNet)<\/em><\/figcaption><\/figure>\n\n\n\n<p>O evento aconteceu no Centro de Conviv\u00eancia do Idoso, com a presen\u00e7a de secret\u00e1rios municipais, servidores p\u00fablicos e a popula\u00e7\u00e3o.<\/p>\n\n\n\n<figure class=\"wp-block-image size-large\"><img decoding=\"async\" width=\"1024\" height=\"894\" src=\"https:\/\/noticiaempauta.com\/portal\/wp-content\/uploads\/2025\/02\/IMG_2298-1024x894.jpeg\" alt=\"\" class=\"wp-image-268135\" srcset=\"https:\/\/noticiaempauta.com\/portal\/wp-content\/uploads\/2025\/02\/IMG_2298-1024x894.jpeg 1024w, https:\/\/noticiaempauta.com\/portal\/wp-content\/uploads\/2025\/02\/IMG_2298-300x262.jpeg 300w, https:\/\/noticiaempauta.com\/portal\/wp-content\/uploads\/2025\/02\/IMG_2298-768x670.jpeg 768w, https:\/\/noticiaempauta.com\/portal\/wp-content\/uploads\/2025\/02\/IMG_2298.jpeg 1170w\" sizes=\"(max-width: 1024px) 100vw, 1024px\" \/><\/figure>\n\n\n\n<p>A audi\u00eancia p\u00fablica cumpre par\u00e2metros da Lei de Responsabilidade Fiscal (LRF), que estabelece normas para a gest\u00e3o de finan\u00e7as p\u00fablicas, com o objetivo de equilibrar as contas p\u00fablicas, e promover a transpar\u00eancia para popula\u00e7\u00e3o.<\/p>\n\n\n\n<figure class=\"wp-block-image size-large\"><img decoding=\"async\" width=\"1024\" height=\"683\" src=\"https:\/\/noticiaempauta.com\/portal\/wp-content\/uploads\/2025\/02\/batch_DSC_6254-1024x683.webp\" alt=\"\" class=\"wp-image-268130\" srcset=\"https:\/\/noticiaempauta.com\/portal\/wp-content\/uploads\/2025\/02\/batch_DSC_6254-1024x683.webp 1024w, https:\/\/noticiaempauta.com\/portal\/wp-content\/uploads\/2025\/02\/batch_DSC_6254-300x200.webp 300w, https:\/\/noticiaempauta.com\/portal\/wp-content\/uploads\/2025\/02\/batch_DSC_6254-768x512.webp 768w, https:\/\/noticiaempauta.com\/portal\/wp-content\/uploads\/2025\/02\/batch_DSC_6254.webp 1080w\" sizes=\"(max-width: 1024px) 100vw, 1024px\" \/><figcaption class=\"wp-element-caption\"><em>Advogada Jaciara Batista<\/em><\/figcaption><\/figure>\n\n\n\n<p>Na oportunidade, as advogadas F\u00e1tima Miranda e Jaciara Batista, e o Assessor Cont\u00e1bil Evil\u00e1sio Luz, conduziram a apresenta\u00e7\u00e3o do relat\u00f3rio preliminar referente ao exerc\u00edcio do ano passado, com n\u00fameros, gr\u00e1ficos e imagens sobre as principais a\u00e7\u00f5es da gest\u00e3o municipal sobre cada Secretaria, incluindo investimentos importantes nas mais diversas \u00e1reas da administra\u00e7\u00e3o p\u00fablica de Monsenhor Hip\u00f3lito.<\/p>\n\n\n\n<figure class=\"wp-block-image size-large\"><img loading=\"lazy\" decoding=\"async\" width=\"1024\" height=\"683\" src=\"https:\/\/noticiaempauta.com\/portal\/wp-content\/uploads\/2025\/02\/batch_DSC_6276-1024x683.webp\" alt=\"\" class=\"wp-image-268131\" srcset=\"https:\/\/noticiaempauta.com\/portal\/wp-content\/uploads\/2025\/02\/batch_DSC_6276-1024x683.webp 1024w, https:\/\/noticiaempauta.com\/portal\/wp-content\/uploads\/2025\/02\/batch_DSC_6276-300x200.webp 300w, https:\/\/noticiaempauta.com\/portal\/wp-content\/uploads\/2025\/02\/batch_DSC_6276-768x512.webp 768w, https:\/\/noticiaempauta.com\/portal\/wp-content\/uploads\/2025\/02\/batch_DSC_6276.webp 1080w\" sizes=\"(max-width: 1024px) 100vw, 1024px\" \/><figcaption class=\"wp-element-caption\"><em>Assessor Cont\u00e1bil, Evil\u00e1sio Luz<\/em><\/figcaption><\/figure>\n\n\n\n<figure class=\"wp-block-image size-large\"><img loading=\"lazy\" decoding=\"async\" width=\"1024\" height=\"683\" src=\"https:\/\/noticiaempauta.com\/portal\/wp-content\/uploads\/2025\/02\/IMG_6208.jpg-2-1024x683.webp\" alt=\"\" class=\"wp-image-268129\" srcset=\"https:\/\/noticiaempauta.com\/portal\/wp-content\/uploads\/2025\/02\/IMG_6208.jpg-2-1024x683.webp 1024w, https:\/\/noticiaempauta.com\/portal\/wp-content\/uploads\/2025\/02\/IMG_6208.jpg-2-300x200.webp 300w, https:\/\/noticiaempauta.com\/portal\/wp-content\/uploads\/2025\/02\/IMG_6208.jpg-2-768x512.webp 768w, https:\/\/noticiaempauta.com\/portal\/wp-content\/uploads\/2025\/02\/IMG_6208.jpg-2.webp 1200w\" sizes=\"(max-width: 1024px) 100vw, 1024px\" \/><figcaption class=\"wp-element-caption\"><em>Prefeito Djalma Policarpo<\/em><\/figcaption><\/figure>\n\n\n\n<p>Exercendo seu segundo mandato como chefe do executivo municipal, Djalma Policarpo tem se destacado pelo equil\u00edbrio, transpar\u00eancia e a efici\u00eancia na aplica\u00e7\u00e3o dos recursos p\u00fablicos, o que reflete na melhoria do dia a dia da popula\u00e7\u00e3o atrav\u00e9s de avan\u00e7os nas mais diferentes \u00e1reas da gest\u00e3o. <br>A realiza\u00e7\u00e3o de audi\u00eancia p\u00fablica para apresenta\u00e7\u00e3o dessas a\u00e7\u00f5es e dados tamb\u00e9m possibilita o di\u00e1logo direto com a comunidade e o compartilhamento de informa\u00e7\u00f5es da administra\u00e7\u00e3o municipal.<\/p>\n\n\n\n<p><em>Com informa\u00e7\u00f5es do CidadesnaNet<\/em><\/p>\n","protected":false},"excerpt":{"rendered":"<p>A Prefeitura de Monsenhor Hip\u00f3lito, administra\u00e7\u00e3o Djalma Policarpo em cumprimento ao que determina os aspectos legais de transpar\u00eancia e responsabilidade das a\u00e7\u00f5es administrativas, realizou na tarde desta quinta-feira (27), uma audi\u00eancia p\u00fablica para apresenta\u00e7\u00e3o da vers\u00e3o preliminar do Relat\u00f3rio de Gest\u00e3o Consolidado do ano de 2024. O evento aconteceu no Centro de Conviv\u00eancia do Idoso, [&hellip;]<\/p>\n","protected":false},"author":2,"featured_media":268128,"comment_status":"open","ping_status":"open","sticky":false,"template":"","format":"standard","meta":{"_mi_skip_tracking":false,"footnotes":""},"categories":[25,1,9,16],"tags":[192],"class_list":["post-268127","post","type-post","status-publish","format-standard","has-post-thumbnail","hentry","category-destaques-site","category-geral","category-municipios","category-todas","tag-destaqueprincipal"],"acf":[],"yoast_head":"<!-- This site is optimized with the Yoast SEO Premium plugin v19.2 (Yoast SEO v26.9) - https:\/\/yoast.com\/product\/yoast-seo-premium-wordpress\/ -->\n<title>Monsenhor Hip\u00f3lito | Prefeitura promove audi\u00eancia p\u00fablica e apresenta Relat\u00f3rio Preliminar de Gest\u00e3o de 2024 - Portal Not\u00edcia em Pauta<\/title>\n<meta name=\"robots\" content=\"index, follow, max-snippet:-1, max-image-preview:large, max-video-preview:-1\" \/>\n<link rel=\"canonical\" href=\"https:\/\/noticiaempauta.com\/portal\/monsenhor-hipolito-prefeitura-promove-audiencia-publica-e-apresenta-relatorio-preliminar-de-gestao-de-2024\/\" \/>\n<meta property=\"og:locale\" content=\"pt_BR\" \/>\n<meta property=\"og:type\" content=\"article\" \/>\n<meta property=\"og:title\" content=\"Monsenhor Hip\u00f3lito | Prefeitura promove audi\u00eancia p\u00fablica e apresenta Relat\u00f3rio Preliminar de Gest\u00e3o de 2024\" \/>\n<meta property=\"og:description\" content=\"A Prefeitura de Monsenhor Hip\u00f3lito, administra\u00e7\u00e3o Djalma Policarpo em cumprimento ao que determina os aspectos legais de transpar\u00eancia e responsabilidade das a\u00e7\u00f5es administrativas, realizou na tarde desta quinta-feira (27), uma audi\u00eancia p\u00fablica para apresenta\u00e7\u00e3o da vers\u00e3o preliminar do Relat\u00f3rio de Gest\u00e3o Consolidado do ano de 2024. O evento aconteceu no Centro de Conviv\u00eancia do Idoso, [&hellip;]\" \/>\n<meta property=\"og:url\" content=\"https:\/\/noticiaempauta.com\/portal\/monsenhor-hipolito-prefeitura-promove-audiencia-publica-e-apresenta-relatorio-preliminar-de-gestao-de-2024\/\" \/>\n<meta property=\"og:site_name\" content=\"Portal Not\u00edcia em Pauta\" \/>\n<meta property=\"article:publisher\" content=\"https:\/\/www.facebook.com\/Portal-Notcia-Em-Pauta-102292869264820\/\" \/>\n<meta property=\"article:published_time\" content=\"2025-02-28T13:52:24+00:00\" \/>\n<meta property=\"article:modified_time\" content=\"2025-02-28T13:55:29+00:00\" \/>\n<meta property=\"og:image\" content=\"https:\/\/noticiaempauta.com\/portal\/wp-content\/uploads\/2025\/02\/5588ggggg.jpg\" \/>\n\t<meta property=\"og:image:width\" content=\"861\" \/>\n\t<meta property=\"og:image:height\" content=\"498\" \/>\n\t<meta property=\"og:image:type\" content=\"image\/jpeg\" \/>\n<meta name=\"author\" content=\"Reda\u00e7\u00e3o\" \/>\n<meta name=\"twitter:card\" content=\"summary_large_image\" \/>\n<meta name=\"twitter:label1\" content=\"Escrito por\" \/>\n\t<meta name=\"twitter:data1\" content=\"Reda\u00e7\u00e3o\" \/>\n\t<meta name=\"twitter:label2\" content=\"Est. tempo de leitura\" \/>\n\t<meta name=\"twitter:data2\" content=\"3 minutos\" \/>\n<script type=\"application\/ld+json\" class=\"yoast-schema-graph\">{\"@context\":\"https:\/\/schema.org\",\"@graph\":[{\"@type\":\"Article\",\"@id\":\"https:\/\/noticiaempauta.com\/portal\/monsenhor-hipolito-prefeitura-promove-audiencia-publica-e-apresenta-relatorio-preliminar-de-gestao-de-2024\/#article\",\"isPartOf\":{\"@id\":\"https:\/\/noticiaempauta.com\/portal\/monsenhor-hipolito-prefeitura-promove-audiencia-publica-e-apresenta-relatorio-preliminar-de-gestao-de-2024\/\"},\"author\":{\"name\":\"Reda\u00e7\u00e3o\",\"@id\":\"https:\/\/noticiaempauta.com\/portal\/#\/schema\/person\/a74af43dd1ab3deca45f988c717d57ac\"},\"headline\":\"Monsenhor Hip\u00f3lito | Prefeitura promove audi\u00eancia p\u00fablica e apresenta Relat\u00f3rio Preliminar de Gest\u00e3o de 2024\",\"datePublished\":\"2025-02-28T13:52:24+00:00\",\"dateModified\":\"2025-02-28T13:55:29+00:00\",\"mainEntityOfPage\":{\"@id\":\"https:\/\/noticiaempauta.com\/portal\/monsenhor-hipolito-prefeitura-promove-audiencia-publica-e-apresenta-relatorio-preliminar-de-gestao-de-2024\/\"},\"wordCount\":321,\"commentCount\":0,\"publisher\":{\"@id\":\"https:\/\/noticiaempauta.com\/portal\/#organization\"},\"image\":{\"@id\":\"https:\/\/noticiaempauta.com\/portal\/monsenhor-hipolito-prefeitura-promove-audiencia-publica-e-apresenta-relatorio-preliminar-de-gestao-de-2024\/#primaryimage\"},\"thumbnailUrl\":\"https:\/\/noticiaempauta.com\/portal\/wp-content\/uploads\/2025\/02\/5588ggggg.jpg\",\"keywords\":[\"destaqueprincipal\"],\"articleSection\":[\"Destaques\",\"Geral\",\"Munic\u00edpios\",\"Todas as Not\u00edcias\"],\"inLanguage\":\"pt-BR\",\"potentialAction\":[{\"@type\":\"CommentAction\",\"name\":\"Comment\",\"target\":[\"https:\/\/noticiaempauta.com\/portal\/monsenhor-hipolito-prefeitura-promove-audiencia-publica-e-apresenta-relatorio-preliminar-de-gestao-de-2024\/#respond\"]}]},{\"@type\":\"WebPage\",\"@id\":\"https:\/\/noticiaempauta.com\/portal\/monsenhor-hipolito-prefeitura-promove-audiencia-publica-e-apresenta-relatorio-preliminar-de-gestao-de-2024\/\",\"url\":\"https:\/\/noticiaempauta.com\/portal\/monsenhor-hipolito-prefeitura-promove-audiencia-publica-e-apresenta-relatorio-preliminar-de-gestao-de-2024\/\",\"name\":\"Monsenhor Hip\u00f3lito | Prefeitura promove audi\u00eancia p\u00fablica e apresenta Relat\u00f3rio Preliminar de Gest\u00e3o de 2024 - Portal Not\u00edcia em Pauta\",\"isPartOf\":{\"@id\":\"https:\/\/noticiaempauta.com\/portal\/#website\"},\"primaryImageOfPage\":{\"@id\":\"https:\/\/noticiaempauta.com\/portal\/monsenhor-hipolito-prefeitura-promove-audiencia-publica-e-apresenta-relatorio-preliminar-de-gestao-de-2024\/#primaryimage\"},\"image\":{\"@id\":\"https:\/\/noticiaempauta.com\/portal\/monsenhor-hipolito-prefeitura-promove-audiencia-publica-e-apresenta-relatorio-preliminar-de-gestao-de-2024\/#primaryimage\"},\"thumbnailUrl\":\"https:\/\/noticiaempauta.com\/portal\/wp-content\/uploads\/2025\/02\/5588ggggg.jpg\",\"datePublished\":\"2025-02-28T13:52:24+00:00\",\"dateModified\":\"2025-02-28T13:55:29+00:00\",\"breadcrumb\":{\"@id\":\"https:\/\/noticiaempauta.com\/portal\/monsenhor-hipolito-prefeitura-promove-audiencia-publica-e-apresenta-relatorio-preliminar-de-gestao-de-2024\/#breadcrumb\"},\"inLanguage\":\"pt-BR\",\"potentialAction\":[{\"@type\":\"ReadAction\",\"target\":[\"https:\/\/noticiaempauta.com\/portal\/monsenhor-hipolito-prefeitura-promove-audiencia-publica-e-apresenta-relatorio-preliminar-de-gestao-de-2024\/\"]}]},{\"@type\":\"ImageObject\",\"inLanguage\":\"pt-BR\",\"@id\":\"https:\/\/noticiaempauta.com\/portal\/monsenhor-hipolito-prefeitura-promove-audiencia-publica-e-apresenta-relatorio-preliminar-de-gestao-de-2024\/#primaryimage\",\"url\":\"https:\/\/noticiaempauta.com\/portal\/wp-content\/uploads\/2025\/02\/5588ggggg.jpg\",\"contentUrl\":\"https:\/\/noticiaempauta.com\/portal\/wp-content\/uploads\/2025\/02\/5588ggggg.jpg\",\"width\":861,\"height\":498},{\"@type\":\"BreadcrumbList\",\"@id\":\"https:\/\/noticiaempauta.com\/portal\/monsenhor-hipolito-prefeitura-promove-audiencia-publica-e-apresenta-relatorio-preliminar-de-gestao-de-2024\/#breadcrumb\",\"itemListElement\":[{\"@type\":\"ListItem\",\"position\":1,\"name\":\"P\u00e1gina Inicial\",\"item\":\"https:\/\/noticiaempauta.com\/portal\/\"},{\"@type\":\"ListItem\",\"position\":2,\"name\":\"Destaques\",\"item\":\"https:\/\/noticiaempauta.com\/portal\/destaques-site\/\"},{\"@type\":\"ListItem\",\"position\":3,\"name\":\"Monsenhor Hip\u00f3lito | Prefeitura promove audi\u00eancia p\u00fablica e apresenta Relat\u00f3rio Preliminar de Gest\u00e3o de 2024\"}]},{\"@type\":\"WebSite\",\"@id\":\"https:\/\/noticiaempauta.com\/portal\/#website\",\"url\":\"https:\/\/noticiaempauta.com\/portal\/\",\"name\":\"Portal Not\u00edcia em Pauta\",\"description\":\"Voc\u00ea bem informado\",\"publisher\":{\"@id\":\"https:\/\/noticiaempauta.com\/portal\/#organization\"},\"potentialAction\":[{\"@type\":\"SearchAction\",\"target\":{\"@type\":\"EntryPoint\",\"urlTemplate\":\"https:\/\/noticiaempauta.com\/portal\/?s={search_term_string}\"},\"query-input\":{\"@type\":\"PropertyValueSpecification\",\"valueRequired\":true,\"valueName\":\"search_term_string\"}}],\"inLanguage\":\"pt-BR\"},{\"@type\":\"Organization\",\"@id\":\"https:\/\/noticiaempauta.com\/portal\/#organization\",\"name\":\"Portal Not\u00edcia em Pauta\",\"url\":\"https:\/\/noticiaempauta.com\/portal\/\",\"logo\":{\"@type\":\"ImageObject\",\"inLanguage\":\"pt-BR\",\"@id\":\"https:\/\/noticiaempauta.com\/portal\/#\/schema\/logo\/image\/\",\"url\":\"https:\/\/noticiaempauta.com\/portal\/wp-content\/uploads\/2022\/08\/logomarca_tema.fw_.png\",\"contentUrl\":\"https:\/\/noticiaempauta.com\/portal\/wp-content\/uploads\/2022\/08\/logomarca_tema.fw_.png\",\"width\":400,\"height\":232,\"caption\":\"Portal Not\u00edcia em Pauta\"},\"image\":{\"@id\":\"https:\/\/noticiaempauta.com\/portal\/#\/schema\/logo\/image\/\"},\"sameAs\":[\"https:\/\/www.facebook.com\/Portal-Notcia-Em-Pauta-102292869264820\/\",\"https:\/\/www.instagram.com\/portalnoticiaempauta\/\"]},{\"@type\":\"Person\",\"@id\":\"https:\/\/noticiaempauta.com\/portal\/#\/schema\/person\/a74af43dd1ab3deca45f988c717d57ac\",\"name\":\"Reda\u00e7\u00e3o\",\"image\":{\"@type\":\"ImageObject\",\"inLanguage\":\"pt-BR\",\"@id\":\"https:\/\/noticiaempauta.com\/portal\/#\/schema\/person\/image\/\",\"url\":\"https:\/\/secure.gravatar.com\/avatar\/03179346ecce6cdfc13361603e8f54242a90e5cde8618fa23c5c00aa2b0aadf3?s=96&d=mm&r=g\",\"contentUrl\":\"https:\/\/secure.gravatar.com\/avatar\/03179346ecce6cdfc13361603e8f54242a90e5cde8618fa23c5c00aa2b0aadf3?s=96&d=mm&r=g\",\"caption\":\"Reda\u00e7\u00e3o\"},\"sameAs\":[\"https:\/\/noticiaempauta.com\/portal\/\"],\"url\":\"https:\/\/noticiaempauta.com\/portal\/author\/fernando\/\"}]}<\/script>\n<!-- \/ Yoast SEO Premium plugin. -->","yoast_head_json":{"title":"Monsenhor Hip\u00f3lito | Prefeitura promove audi\u00eancia p\u00fablica e apresenta Relat\u00f3rio Preliminar de Gest\u00e3o de 2024 - Portal Not\u00edcia em Pauta","robots":{"index":"index","follow":"follow","max-snippet":"max-snippet:-1","max-image-preview":"max-image-preview:large","max-video-preview":"max-video-preview:-1"},"canonical":"https:\/\/noticiaempauta.com\/portal\/monsenhor-hipolito-prefeitura-promove-audiencia-publica-e-apresenta-relatorio-preliminar-de-gestao-de-2024\/","og_locale":"pt_BR","og_type":"article","og_title":"Monsenhor Hip\u00f3lito | Prefeitura promove audi\u00eancia p\u00fablica e apresenta Relat\u00f3rio Preliminar de Gest\u00e3o de 2024","og_description":"A Prefeitura de Monsenhor Hip\u00f3lito, administra\u00e7\u00e3o Djalma Policarpo em cumprimento ao que determina os aspectos legais de transpar\u00eancia e responsabilidade das a\u00e7\u00f5es administrativas, realizou na tarde desta quinta-feira (27), uma audi\u00eancia p\u00fablica para apresenta\u00e7\u00e3o da vers\u00e3o preliminar do Relat\u00f3rio de Gest\u00e3o Consolidado do ano de 2024. O evento aconteceu no Centro de Conviv\u00eancia do Idoso, [&hellip;]","og_url":"https:\/\/noticiaempauta.com\/portal\/monsenhor-hipolito-prefeitura-promove-audiencia-publica-e-apresenta-relatorio-preliminar-de-gestao-de-2024\/","og_site_name":"Portal Not\u00edcia em Pauta","article_publisher":"https:\/\/www.facebook.com\/Portal-Notcia-Em-Pauta-102292869264820\/","article_published_time":"2025-02-28T13:52:24+00:00","article_modified_time":"2025-02-28T13:55:29+00:00","og_image":[{"width":861,"height":498,"url":"https:\/\/noticiaempauta.com\/portal\/wp-content\/uploads\/2025\/02\/5588ggggg.jpg","type":"image\/jpeg"}],"author":"Reda\u00e7\u00e3o","twitter_card":"summary_large_image","twitter_misc":{"Escrito por":"Reda\u00e7\u00e3o","Est. tempo de leitura":"3 minutos"},"schema":{"@context":"https:\/\/schema.org","@graph":[{"@type":"Article","@id":"https:\/\/noticiaempauta.com\/portal\/monsenhor-hipolito-prefeitura-promove-audiencia-publica-e-apresenta-relatorio-preliminar-de-gestao-de-2024\/#article","isPartOf":{"@id":"https:\/\/noticiaempauta.com\/portal\/monsenhor-hipolito-prefeitura-promove-audiencia-publica-e-apresenta-relatorio-preliminar-de-gestao-de-2024\/"},"author":{"name":"Reda\u00e7\u00e3o","@id":"https:\/\/noticiaempauta.com\/portal\/#\/schema\/person\/a74af43dd1ab3deca45f988c717d57ac"},"headline":"Monsenhor Hip\u00f3lito | Prefeitura promove audi\u00eancia p\u00fablica e apresenta Relat\u00f3rio Preliminar de Gest\u00e3o de 2024","datePublished":"2025-02-28T13:52:24+00:00","dateModified":"2025-02-28T13:55:29+00:00","mainEntityOfPage":{"@id":"https:\/\/noticiaempauta.com\/portal\/monsenhor-hipolito-prefeitura-promove-audiencia-publica-e-apresenta-relatorio-preliminar-de-gestao-de-2024\/"},"wordCount":321,"commentCount":0,"publisher":{"@id":"https:\/\/noticiaempauta.com\/portal\/#organization"},"image":{"@id":"https:\/\/noticiaempauta.com\/portal\/monsenhor-hipolito-prefeitura-promove-audiencia-publica-e-apresenta-relatorio-preliminar-de-gestao-de-2024\/#primaryimage"},"thumbnailUrl":"https:\/\/noticiaempauta.com\/portal\/wp-content\/uploads\/2025\/02\/5588ggggg.jpg","keywords":["destaqueprincipal"],"articleSection":["Destaques","Geral","Munic\u00edpios","Todas as Not\u00edcias"],"inLanguage":"pt-BR","potentialAction":[{"@type":"CommentAction","name":"Comment","target":["https:\/\/noticiaempauta.com\/portal\/monsenhor-hipolito-prefeitura-promove-audiencia-publica-e-apresenta-relatorio-preliminar-de-gestao-de-2024\/#respond"]}]},{"@type":"WebPage","@id":"https:\/\/noticiaempauta.com\/portal\/monsenhor-hipolito-prefeitura-promove-audiencia-publica-e-apresenta-relatorio-preliminar-de-gestao-de-2024\/","url":"https:\/\/noticiaempauta.com\/portal\/monsenhor-hipolito-prefeitura-promove-audiencia-publica-e-apresenta-relatorio-preliminar-de-gestao-de-2024\/","name":"Monsenhor Hip\u00f3lito | Prefeitura promove audi\u00eancia p\u00fablica e apresenta Relat\u00f3rio Preliminar de Gest\u00e3o de 2024 - Portal Not\u00edcia em Pauta","isPartOf":{"@id":"https:\/\/noticiaempauta.com\/portal\/#website"},"primaryImageOfPage":{"@id":"https:\/\/noticiaempauta.com\/portal\/monsenhor-hipolito-prefeitura-promove-audiencia-publica-e-apresenta-relatorio-preliminar-de-gestao-de-2024\/#primaryimage"},"image":{"@id":"https:\/\/noticiaempauta.com\/portal\/monsenhor-hipolito-prefeitura-promove-audiencia-publica-e-apresenta-relatorio-preliminar-de-gestao-de-2024\/#primaryimage"},"thumbnailUrl":"https:\/\/noticiaempauta.com\/portal\/wp-content\/uploads\/2025\/02\/5588ggggg.jpg","datePublished":"2025-02-28T13:52:24+00:00","dateModified":"2025-02-28T13:55:29+00:00","breadcrumb":{"@id":"https:\/\/noticiaempauta.com\/portal\/monsenhor-hipolito-prefeitura-promove-audiencia-publica-e-apresenta-relatorio-preliminar-de-gestao-de-2024\/#breadcrumb"},"inLanguage":"pt-BR","potentialAction":[{"@type":"ReadAction","target":["https:\/\/noticiaempauta.com\/portal\/monsenhor-hipolito-prefeitura-promove-audiencia-publica-e-apresenta-relatorio-preliminar-de-gestao-de-2024\/"]}]},{"@type":"ImageObject","inLanguage":"pt-BR","@id":"https:\/\/noticiaempauta.com\/portal\/monsenhor-hipolito-prefeitura-promove-audiencia-publica-e-apresenta-relatorio-preliminar-de-gestao-de-2024\/#primaryimage","url":"https:\/\/noticiaempauta.com\/portal\/wp-content\/uploads\/2025\/02\/5588ggggg.jpg","contentUrl":"https:\/\/noticiaempauta.com\/portal\/wp-content\/uploads\/2025\/02\/5588ggggg.jpg","width":861,"height":498},{"@type":"BreadcrumbList","@id":"https:\/\/noticiaempauta.com\/portal\/monsenhor-hipolito-prefeitura-promove-audiencia-publica-e-apresenta-relatorio-preliminar-de-gestao-de-2024\/#breadcrumb","itemListElement":[{"@type":"ListItem","position":1,"name":"P\u00e1gina Inicial","item":"https:\/\/noticiaempauta.com\/portal\/"},{"@type":"ListItem","position":2,"name":"Destaques","item":"https:\/\/noticiaempauta.com\/portal\/destaques-site\/"},{"@type":"ListItem","position":3,"name":"Monsenhor Hip\u00f3lito | Prefeitura promove audi\u00eancia p\u00fablica e apresenta Relat\u00f3rio Preliminar de Gest\u00e3o de 2024"}]},{"@type":"WebSite","@id":"https:\/\/noticiaempauta.com\/portal\/#website","url":"https:\/\/noticiaempauta.com\/portal\/","name":"Portal Not\u00edcia em Pauta","description":"Voc\u00ea bem informado","publisher":{"@id":"https:\/\/noticiaempauta.com\/portal\/#organization"},"potentialAction":[{"@type":"SearchAction","target":{"@type":"EntryPoint","urlTemplate":"https:\/\/noticiaempauta.com\/portal\/?s={search_term_string}"},"query-input":{"@type":"PropertyValueSpecification","valueRequired":true,"valueName":"search_term_string"}}],"inLanguage":"pt-BR"},{"@type":"Organization","@id":"https:\/\/noticiaempauta.com\/portal\/#organization","name":"Portal Not\u00edcia em Pauta","url":"https:\/\/noticiaempauta.com\/portal\/","logo":{"@type":"ImageObject","inLanguage":"pt-BR","@id":"https:\/\/noticiaempauta.com\/portal\/#\/schema\/logo\/image\/","url":"https:\/\/noticiaempauta.com\/portal\/wp-content\/uploads\/2022\/08\/logomarca_tema.fw_.png","contentUrl":"https:\/\/noticiaempauta.com\/portal\/wp-content\/uploads\/2022\/08\/logomarca_tema.fw_.png","width":400,"height":232,"caption":"Portal Not\u00edcia em Pauta"},"image":{"@id":"https:\/\/noticiaempauta.com\/portal\/#\/schema\/logo\/image\/"},"sameAs":["https:\/\/www.facebook.com\/Portal-Notcia-Em-Pauta-102292869264820\/","https:\/\/www.instagram.com\/portalnoticiaempauta\/"]},{"@type":"Person","@id":"https:\/\/noticiaempauta.com\/portal\/#\/schema\/person\/a74af43dd1ab3deca45f988c717d57ac","name":"Reda\u00e7\u00e3o","image":{"@type":"ImageObject","inLanguage":"pt-BR","@id":"https:\/\/noticiaempauta.com\/portal\/#\/schema\/person\/image\/","url":"https:\/\/secure.gravatar.com\/avatar\/03179346ecce6cdfc13361603e8f54242a90e5cde8618fa23c5c00aa2b0aadf3?s=96&d=mm&r=g","contentUrl":"https:\/\/secure.gravatar.com\/avatar\/03179346ecce6cdfc13361603e8f54242a90e5cde8618fa23c5c00aa2b0aadf3?s=96&d=mm&r=g","caption":"Reda\u00e7\u00e3o"},"sameAs":["https:\/\/noticiaempauta.com\/portal\/"],"url":"https:\/\/noticiaempauta.com\/portal\/author\/fernando\/"}]}},"_links":{"self":[{"href":"https:\/\/noticiaempauta.com\/portal\/wp-json\/wp\/v2\/posts\/268127","targetHints":{"allow":["GET"]}}],"collection":[{"href":"https:\/\/noticiaempauta.com\/portal\/wp-json\/wp\/v2\/posts"}],"about":[{"href":"https:\/\/noticiaempauta.com\/portal\/wp-json\/wp\/v2\/types\/post"}],"author":[{"embeddable":true,"href":"https:\/\/noticiaempauta.com\/portal\/wp-json\/wp\/v2\/users\/2"}],"replies":[{"embeddable":true,"href":"https:\/\/noticiaempauta.com\/portal\/wp-json\/wp\/v2\/comments?post=268127"}],"version-history":[{"count":3,"href":"https:\/\/noticiaempauta.com\/portal\/wp-json\/wp\/v2\/posts\/268127\/revisions"}],"predecessor-version":[{"id":268137,"href":"https:\/\/noticiaempauta.com\/portal\/wp-json\/wp\/v2\/posts\/268127\/revisions\/268137"}],"wp:featuredmedia":[{"embeddable":true,"href":"https:\/\/noticiaempauta.com\/portal\/wp-json\/wp\/v2\/media\/268128"}],"wp:attachment":[{"href":"https:\/\/noticiaempauta.com\/portal\/wp-json\/wp\/v2\/media?parent=268127"}],"wp:term":[{"taxonomy":"category","embeddable":true,"href":"https:\/\/noticiaempauta.com\/portal\/wp-json\/wp\/v2\/categories?post=268127"},{"taxonomy":"post_tag","embeddable":true,"href":"https:\/\/noticiaempauta.com\/portal\/wp-json\/wp\/v2\/tags?post=268127"}],"curies":[{"name":"wp","href":"https:\/\/api.w.org\/{rel}","templated":true}]}}