{"id":268156,"date":"2025-03-02T06:47:15","date_gmt":"2025-03-02T09:47:15","guid":{"rendered":"https:\/\/noticiaempauta.com\/portal\/?p=268156"},"modified":"2025-03-02T06:47:17","modified_gmt":"2025-03-02T09:47:17","slug":"postos-de-combustiveis-sao-autuados-na-regiao-de-picos-durante-fiscalizacao-do-imepi-e-procon","status":"publish","type":"post","link":"https:\/\/noticiaempauta.com\/portal\/postos-de-combustiveis-sao-autuados-na-regiao-de-picos-durante-fiscalizacao-do-imepi-e-procon\/","title":{"rendered":"Postos de combust\u00edveis s\u00e3o autuados na regi\u00e3o de Picos durante fiscaliza\u00e7\u00e3o do Imepi e Procon"},"content":{"rendered":"\n<p>O Instituto de Metrologia do Estado do Piau\u00ed (Imepi), em parceria com o Programa de Prote\u00e7\u00e3o e Defesa do Consumidor (Procon) Piau\u00ed, divulgou, neste s\u00e1bado (1\u00ba), o\u00a0balan\u00e7o da primeira fase da Opera\u00e7\u00e3o Petr\u00f3leo na Medida Certa.<\/p>\n\n\n\n<figure class=\"wp-block-image size-full\"><img fetchpriority=\"high\" decoding=\"async\" width=\"960\" height=\"720\" src=\"https:\/\/noticiaempauta.com\/portal\/wp-content\/uploads\/2025\/03\/IMG_2475.webp\" alt=\"\" class=\"wp-image-268157\" srcset=\"https:\/\/noticiaempauta.com\/portal\/wp-content\/uploads\/2025\/03\/IMG_2475.webp 960w, https:\/\/noticiaempauta.com\/portal\/wp-content\/uploads\/2025\/03\/IMG_2475-300x225.webp 300w, https:\/\/noticiaempauta.com\/portal\/wp-content\/uploads\/2025\/03\/IMG_2475-768x576.webp 768w\" sizes=\"(max-width: 960px) 100vw, 960px\" \/><\/figure>\n\n\n\n<p>Ao todo,\u00a062 postos de combust\u00edveis foram fiscalizados e 15 reprovados\u00a0por conta de irregularidades encontradas em seis cidades da\u00a0regi\u00e3o Centro-Sul do Piau\u00ed.<\/p>\n\n\n\n<p>De acordo com o diretor-geral do Imepi, J\u00fanior Macedo, a fiscaliza\u00e7\u00e3o percorreu os munic\u00edpios de Picos, Jaic\u00f3s, Pio IX, Sussuapara, Dom Expedito Lopes e Geminiano, entre os dias 23 e 28 de fevereiro.<\/p>\n\n\n\n<p>\u201c<em>Em parceria com o Procon, estamos intensificando as fiscaliza\u00e7\u00f5es em postos de combust\u00edveis do interior do Piau\u00ed. Todo esse trabalho em conjunto \u00e9 desenvolvido para garantir que o consumidor tenha seguran\u00e7a na hora de abastecer seu ve\u00edculo<\/em>\u201d.<\/p>\n\n\n\n<p>Entre as irregularidades encontradas, destacam-se: medida baixa (diverg\u00eancia no volume entregue no combust\u00edvel vendido), lacre do painel rompido, prote\u00e7\u00e3o dos d\u00edgitos danificada, vazamento no bloco medidor, mangueira em mau estado de conserva\u00e7\u00e3o, fia\u00e7\u00e3o exposta, entre outros.<\/p>\n\n\n\n<p>Fonte: Meio News<\/p>\n","protected":false},"excerpt":{"rendered":"<p>O Instituto de Metrologia do Estado do Piau\u00ed (Imepi), em parceria com o Programa de Prote\u00e7\u00e3o e Defesa do Consumidor (Procon) Piau\u00ed, divulgou, neste s\u00e1bado (1\u00ba), o\u00a0balan\u00e7o da primeira fase da Opera\u00e7\u00e3o Petr\u00f3leo na Medida Certa. Ao todo,\u00a062 postos de combust\u00edveis foram fiscalizados e 15 reprovados\u00a0por conta de irregularidades encontradas em seis cidades da\u00a0regi\u00e3o Centro-Sul [&hellip;]<\/p>\n","protected":false},"author":2,"featured_media":268157,"comment_status":"open","ping_status":"open","sticky":false,"template":"","format":"standard","meta":{"_mi_skip_tracking":false,"footnotes":""},"categories":[25,1,9,16],"tags":[192],"class_list":["post-268156","post","type-post","status-publish","format-standard","has-post-thumbnail","hentry","category-destaques-site","category-geral","category-municipios","category-todas","tag-destaqueprincipal"],"acf":[],"yoast_head":"<!-- This site is optimized with the Yoast SEO Premium plugin v19.2 (Yoast SEO v26.9) - https:\/\/yoast.com\/product\/yoast-seo-premium-wordpress\/ -->\n<title>Postos de combust\u00edveis s\u00e3o autuados na regi\u00e3o de Picos durante fiscaliza\u00e7\u00e3o do Imepi e Procon - Portal Not\u00edcia em Pauta<\/title>\n<meta name=\"robots\" content=\"index, follow, max-snippet:-1, max-image-preview:large, max-video-preview:-1\" \/>\n<link rel=\"canonical\" href=\"https:\/\/noticiaempauta.com\/portal\/postos-de-combustiveis-sao-autuados-na-regiao-de-picos-durante-fiscalizacao-do-imepi-e-procon\/\" \/>\n<meta property=\"og:locale\" content=\"pt_BR\" \/>\n<meta property=\"og:type\" content=\"article\" \/>\n<meta property=\"og:title\" content=\"Postos de combust\u00edveis s\u00e3o autuados na regi\u00e3o de Picos durante fiscaliza\u00e7\u00e3o do Imepi e Procon\" \/>\n<meta property=\"og:description\" content=\"O Instituto de Metrologia do Estado do Piau\u00ed (Imepi), em parceria com o Programa de Prote\u00e7\u00e3o e Defesa do Consumidor (Procon) Piau\u00ed, divulgou, neste s\u00e1bado (1\u00ba), o\u00a0balan\u00e7o da primeira fase da Opera\u00e7\u00e3o Petr\u00f3leo na Medida Certa. Ao todo,\u00a062 postos de combust\u00edveis foram fiscalizados e 15 reprovados\u00a0por conta de irregularidades encontradas em seis cidades da\u00a0regi\u00e3o Centro-Sul [&hellip;]\" \/>\n<meta property=\"og:url\" content=\"https:\/\/noticiaempauta.com\/portal\/postos-de-combustiveis-sao-autuados-na-regiao-de-picos-durante-fiscalizacao-do-imepi-e-procon\/\" \/>\n<meta property=\"og:site_name\" content=\"Portal Not\u00edcia em Pauta\" \/>\n<meta property=\"article:publisher\" content=\"https:\/\/www.facebook.com\/Portal-Notcia-Em-Pauta-102292869264820\/\" \/>\n<meta property=\"article:published_time\" content=\"2025-03-02T09:47:15+00:00\" \/>\n<meta property=\"article:modified_time\" content=\"2025-03-02T09:47:17+00:00\" \/>\n<meta property=\"og:image\" content=\"https:\/\/noticiaempauta.com\/portal\/wp-content\/uploads\/2025\/03\/IMG_2475.webp\" \/>\n\t<meta property=\"og:image:width\" content=\"960\" \/>\n\t<meta property=\"og:image:height\" content=\"720\" \/>\n\t<meta property=\"og:image:type\" content=\"image\/webp\" \/>\n<meta name=\"author\" content=\"Reda\u00e7\u00e3o\" \/>\n<meta name=\"twitter:card\" content=\"summary_large_image\" \/>\n<meta name=\"twitter:label1\" content=\"Escrito por\" \/>\n\t<meta name=\"twitter:data1\" content=\"Reda\u00e7\u00e3o\" \/>\n\t<meta name=\"twitter:label2\" content=\"Est. tempo de leitura\" \/>\n\t<meta name=\"twitter:data2\" content=\"2 minutos\" \/>\n<script type=\"application\/ld+json\" class=\"yoast-schema-graph\">{\"@context\":\"https:\/\/schema.org\",\"@graph\":[{\"@type\":\"Article\",\"@id\":\"https:\/\/noticiaempauta.com\/portal\/postos-de-combustiveis-sao-autuados-na-regiao-de-picos-durante-fiscalizacao-do-imepi-e-procon\/#article\",\"isPartOf\":{\"@id\":\"https:\/\/noticiaempauta.com\/portal\/postos-de-combustiveis-sao-autuados-na-regiao-de-picos-durante-fiscalizacao-do-imepi-e-procon\/\"},\"author\":{\"name\":\"Reda\u00e7\u00e3o\",\"@id\":\"https:\/\/noticiaempauta.com\/portal\/#\/schema\/person\/a74af43dd1ab3deca45f988c717d57ac\"},\"headline\":\"Postos de combust\u00edveis s\u00e3o autuados na regi\u00e3o de Picos durante fiscaliza\u00e7\u00e3o do Imepi e Procon\",\"datePublished\":\"2025-03-02T09:47:15+00:00\",\"dateModified\":\"2025-03-02T09:47:17+00:00\",\"mainEntityOfPage\":{\"@id\":\"https:\/\/noticiaempauta.com\/portal\/postos-de-combustiveis-sao-autuados-na-regiao-de-picos-durante-fiscalizacao-do-imepi-e-procon\/\"},\"wordCount\":204,\"commentCount\":0,\"publisher\":{\"@id\":\"https:\/\/noticiaempauta.com\/portal\/#organization\"},\"image\":{\"@id\":\"https:\/\/noticiaempauta.com\/portal\/postos-de-combustiveis-sao-autuados-na-regiao-de-picos-durante-fiscalizacao-do-imepi-e-procon\/#primaryimage\"},\"thumbnailUrl\":\"https:\/\/noticiaempauta.com\/portal\/wp-content\/uploads\/2025\/03\/IMG_2475.webp\",\"keywords\":[\"destaqueprincipal\"],\"articleSection\":[\"Destaques\",\"Geral\",\"Munic\u00edpios\",\"Todas as Not\u00edcias\"],\"inLanguage\":\"pt-BR\",\"potentialAction\":[{\"@type\":\"CommentAction\",\"name\":\"Comment\",\"target\":[\"https:\/\/noticiaempauta.com\/portal\/postos-de-combustiveis-sao-autuados-na-regiao-de-picos-durante-fiscalizacao-do-imepi-e-procon\/#respond\"]}]},{\"@type\":\"WebPage\",\"@id\":\"https:\/\/noticiaempauta.com\/portal\/postos-de-combustiveis-sao-autuados-na-regiao-de-picos-durante-fiscalizacao-do-imepi-e-procon\/\",\"url\":\"https:\/\/noticiaempauta.com\/portal\/postos-de-combustiveis-sao-autuados-na-regiao-de-picos-durante-fiscalizacao-do-imepi-e-procon\/\",\"name\":\"Postos de combust\u00edveis s\u00e3o autuados na regi\u00e3o de Picos durante fiscaliza\u00e7\u00e3o do Imepi e Procon - Portal Not\u00edcia em Pauta\",\"isPartOf\":{\"@id\":\"https:\/\/noticiaempauta.com\/portal\/#website\"},\"primaryImageOfPage\":{\"@id\":\"https:\/\/noticiaempauta.com\/portal\/postos-de-combustiveis-sao-autuados-na-regiao-de-picos-durante-fiscalizacao-do-imepi-e-procon\/#primaryimage\"},\"image\":{\"@id\":\"https:\/\/noticiaempauta.com\/portal\/postos-de-combustiveis-sao-autuados-na-regiao-de-picos-durante-fiscalizacao-do-imepi-e-procon\/#primaryimage\"},\"thumbnailUrl\":\"https:\/\/noticiaempauta.com\/portal\/wp-content\/uploads\/2025\/03\/IMG_2475.webp\",\"datePublished\":\"2025-03-02T09:47:15+00:00\",\"dateModified\":\"2025-03-02T09:47:17+00:00\",\"breadcrumb\":{\"@id\":\"https:\/\/noticiaempauta.com\/portal\/postos-de-combustiveis-sao-autuados-na-regiao-de-picos-durante-fiscalizacao-do-imepi-e-procon\/#breadcrumb\"},\"inLanguage\":\"pt-BR\",\"potentialAction\":[{\"@type\":\"ReadAction\",\"target\":[\"https:\/\/noticiaempauta.com\/portal\/postos-de-combustiveis-sao-autuados-na-regiao-de-picos-durante-fiscalizacao-do-imepi-e-procon\/\"]}]},{\"@type\":\"ImageObject\",\"inLanguage\":\"pt-BR\",\"@id\":\"https:\/\/noticiaempauta.com\/portal\/postos-de-combustiveis-sao-autuados-na-regiao-de-picos-durante-fiscalizacao-do-imepi-e-procon\/#primaryimage\",\"url\":\"https:\/\/noticiaempauta.com\/portal\/wp-content\/uploads\/2025\/03\/IMG_2475.webp\",\"contentUrl\":\"https:\/\/noticiaempauta.com\/portal\/wp-content\/uploads\/2025\/03\/IMG_2475.webp\",\"width\":960,\"height\":720},{\"@type\":\"BreadcrumbList\",\"@id\":\"https:\/\/noticiaempauta.com\/portal\/postos-de-combustiveis-sao-autuados-na-regiao-de-picos-durante-fiscalizacao-do-imepi-e-procon\/#breadcrumb\",\"itemListElement\":[{\"@type\":\"ListItem\",\"position\":1,\"name\":\"P\u00e1gina Inicial\",\"item\":\"https:\/\/noticiaempauta.com\/portal\/\"},{\"@type\":\"ListItem\",\"position\":2,\"name\":\"Destaques\",\"item\":\"https:\/\/noticiaempauta.com\/portal\/destaques-site\/\"},{\"@type\":\"ListItem\",\"position\":3,\"name\":\"Postos de combust\u00edveis s\u00e3o autuados na regi\u00e3o de Picos durante fiscaliza\u00e7\u00e3o do Imepi e Procon\"}]},{\"@type\":\"WebSite\",\"@id\":\"https:\/\/noticiaempauta.com\/portal\/#website\",\"url\":\"https:\/\/noticiaempauta.com\/portal\/\",\"name\":\"Portal Not\u00edcia em Pauta\",\"description\":\"Voc\u00ea bem informado\",\"publisher\":{\"@id\":\"https:\/\/noticiaempauta.com\/portal\/#organization\"},\"potentialAction\":[{\"@type\":\"SearchAction\",\"target\":{\"@type\":\"EntryPoint\",\"urlTemplate\":\"https:\/\/noticiaempauta.com\/portal\/?s={search_term_string}\"},\"query-input\":{\"@type\":\"PropertyValueSpecification\",\"valueRequired\":true,\"valueName\":\"search_term_string\"}}],\"inLanguage\":\"pt-BR\"},{\"@type\":\"Organization\",\"@id\":\"https:\/\/noticiaempauta.com\/portal\/#organization\",\"name\":\"Portal Not\u00edcia em Pauta\",\"url\":\"https:\/\/noticiaempauta.com\/portal\/\",\"logo\":{\"@type\":\"ImageObject\",\"inLanguage\":\"pt-BR\",\"@id\":\"https:\/\/noticiaempauta.com\/portal\/#\/schema\/logo\/image\/\",\"url\":\"https:\/\/noticiaempauta.com\/portal\/wp-content\/uploads\/2022\/08\/logomarca_tema.fw_.png\",\"contentUrl\":\"https:\/\/noticiaempauta.com\/portal\/wp-content\/uploads\/2022\/08\/logomarca_tema.fw_.png\",\"width\":400,\"height\":232,\"caption\":\"Portal Not\u00edcia em Pauta\"},\"image\":{\"@id\":\"https:\/\/noticiaempauta.com\/portal\/#\/schema\/logo\/image\/\"},\"sameAs\":[\"https:\/\/www.facebook.com\/Portal-Notcia-Em-Pauta-102292869264820\/\",\"https:\/\/www.instagram.com\/portalnoticiaempauta\/\"]},{\"@type\":\"Person\",\"@id\":\"https:\/\/noticiaempauta.com\/portal\/#\/schema\/person\/a74af43dd1ab3deca45f988c717d57ac\",\"name\":\"Reda\u00e7\u00e3o\",\"image\":{\"@type\":\"ImageObject\",\"inLanguage\":\"pt-BR\",\"@id\":\"https:\/\/noticiaempauta.com\/portal\/#\/schema\/person\/image\/\",\"url\":\"https:\/\/secure.gravatar.com\/avatar\/03179346ecce6cdfc13361603e8f54242a90e5cde8618fa23c5c00aa2b0aadf3?s=96&d=mm&r=g\",\"contentUrl\":\"https:\/\/secure.gravatar.com\/avatar\/03179346ecce6cdfc13361603e8f54242a90e5cde8618fa23c5c00aa2b0aadf3?s=96&d=mm&r=g\",\"caption\":\"Reda\u00e7\u00e3o\"},\"sameAs\":[\"https:\/\/noticiaempauta.com\/portal\/\"],\"url\":\"https:\/\/noticiaempauta.com\/portal\/author\/fernando\/\"}]}<\/script>\n<!-- \/ Yoast SEO Premium plugin. -->","yoast_head_json":{"title":"Postos de combust\u00edveis s\u00e3o autuados na regi\u00e3o de Picos durante fiscaliza\u00e7\u00e3o do Imepi e Procon - Portal Not\u00edcia em Pauta","robots":{"index":"index","follow":"follow","max-snippet":"max-snippet:-1","max-image-preview":"max-image-preview:large","max-video-preview":"max-video-preview:-1"},"canonical":"https:\/\/noticiaempauta.com\/portal\/postos-de-combustiveis-sao-autuados-na-regiao-de-picos-durante-fiscalizacao-do-imepi-e-procon\/","og_locale":"pt_BR","og_type":"article","og_title":"Postos de combust\u00edveis s\u00e3o autuados na regi\u00e3o de Picos durante fiscaliza\u00e7\u00e3o do Imepi e Procon","og_description":"O Instituto de Metrologia do Estado do Piau\u00ed (Imepi), em parceria com o Programa de Prote\u00e7\u00e3o e Defesa do Consumidor (Procon) Piau\u00ed, divulgou, neste s\u00e1bado (1\u00ba), o\u00a0balan\u00e7o da primeira fase da Opera\u00e7\u00e3o Petr\u00f3leo na Medida Certa. Ao todo,\u00a062 postos de combust\u00edveis foram fiscalizados e 15 reprovados\u00a0por conta de irregularidades encontradas em seis cidades da\u00a0regi\u00e3o Centro-Sul [&hellip;]","og_url":"https:\/\/noticiaempauta.com\/portal\/postos-de-combustiveis-sao-autuados-na-regiao-de-picos-durante-fiscalizacao-do-imepi-e-procon\/","og_site_name":"Portal Not\u00edcia em Pauta","article_publisher":"https:\/\/www.facebook.com\/Portal-Notcia-Em-Pauta-102292869264820\/","article_published_time":"2025-03-02T09:47:15+00:00","article_modified_time":"2025-03-02T09:47:17+00:00","og_image":[{"width":960,"height":720,"url":"https:\/\/noticiaempauta.com\/portal\/wp-content\/uploads\/2025\/03\/IMG_2475.webp","type":"image\/webp"}],"author":"Reda\u00e7\u00e3o","twitter_card":"summary_large_image","twitter_misc":{"Escrito por":"Reda\u00e7\u00e3o","Est. tempo de leitura":"2 minutos"},"schema":{"@context":"https:\/\/schema.org","@graph":[{"@type":"Article","@id":"https:\/\/noticiaempauta.com\/portal\/postos-de-combustiveis-sao-autuados-na-regiao-de-picos-durante-fiscalizacao-do-imepi-e-procon\/#article","isPartOf":{"@id":"https:\/\/noticiaempauta.com\/portal\/postos-de-combustiveis-sao-autuados-na-regiao-de-picos-durante-fiscalizacao-do-imepi-e-procon\/"},"author":{"name":"Reda\u00e7\u00e3o","@id":"https:\/\/noticiaempauta.com\/portal\/#\/schema\/person\/a74af43dd1ab3deca45f988c717d57ac"},"headline":"Postos de combust\u00edveis s\u00e3o autuados na regi\u00e3o de Picos durante fiscaliza\u00e7\u00e3o do Imepi e Procon","datePublished":"2025-03-02T09:47:15+00:00","dateModified":"2025-03-02T09:47:17+00:00","mainEntityOfPage":{"@id":"https:\/\/noticiaempauta.com\/portal\/postos-de-combustiveis-sao-autuados-na-regiao-de-picos-durante-fiscalizacao-do-imepi-e-procon\/"},"wordCount":204,"commentCount":0,"publisher":{"@id":"https:\/\/noticiaempauta.com\/portal\/#organization"},"image":{"@id":"https:\/\/noticiaempauta.com\/portal\/postos-de-combustiveis-sao-autuados-na-regiao-de-picos-durante-fiscalizacao-do-imepi-e-procon\/#primaryimage"},"thumbnailUrl":"https:\/\/noticiaempauta.com\/portal\/wp-content\/uploads\/2025\/03\/IMG_2475.webp","keywords":["destaqueprincipal"],"articleSection":["Destaques","Geral","Munic\u00edpios","Todas as Not\u00edcias"],"inLanguage":"pt-BR","potentialAction":[{"@type":"CommentAction","name":"Comment","target":["https:\/\/noticiaempauta.com\/portal\/postos-de-combustiveis-sao-autuados-na-regiao-de-picos-durante-fiscalizacao-do-imepi-e-procon\/#respond"]}]},{"@type":"WebPage","@id":"https:\/\/noticiaempauta.com\/portal\/postos-de-combustiveis-sao-autuados-na-regiao-de-picos-durante-fiscalizacao-do-imepi-e-procon\/","url":"https:\/\/noticiaempauta.com\/portal\/postos-de-combustiveis-sao-autuados-na-regiao-de-picos-durante-fiscalizacao-do-imepi-e-procon\/","name":"Postos de combust\u00edveis s\u00e3o autuados na regi\u00e3o de Picos durante fiscaliza\u00e7\u00e3o do Imepi e Procon - Portal Not\u00edcia em Pauta","isPartOf":{"@id":"https:\/\/noticiaempauta.com\/portal\/#website"},"primaryImageOfPage":{"@id":"https:\/\/noticiaempauta.com\/portal\/postos-de-combustiveis-sao-autuados-na-regiao-de-picos-durante-fiscalizacao-do-imepi-e-procon\/#primaryimage"},"image":{"@id":"https:\/\/noticiaempauta.com\/portal\/postos-de-combustiveis-sao-autuados-na-regiao-de-picos-durante-fiscalizacao-do-imepi-e-procon\/#primaryimage"},"thumbnailUrl":"https:\/\/noticiaempauta.com\/portal\/wp-content\/uploads\/2025\/03\/IMG_2475.webp","datePublished":"2025-03-02T09:47:15+00:00","dateModified":"2025-03-02T09:47:17+00:00","breadcrumb":{"@id":"https:\/\/noticiaempauta.com\/portal\/postos-de-combustiveis-sao-autuados-na-regiao-de-picos-durante-fiscalizacao-do-imepi-e-procon\/#breadcrumb"},"inLanguage":"pt-BR","potentialAction":[{"@type":"ReadAction","target":["https:\/\/noticiaempauta.com\/portal\/postos-de-combustiveis-sao-autuados-na-regiao-de-picos-durante-fiscalizacao-do-imepi-e-procon\/"]}]},{"@type":"ImageObject","inLanguage":"pt-BR","@id":"https:\/\/noticiaempauta.com\/portal\/postos-de-combustiveis-sao-autuados-na-regiao-de-picos-durante-fiscalizacao-do-imepi-e-procon\/#primaryimage","url":"https:\/\/noticiaempauta.com\/portal\/wp-content\/uploads\/2025\/03\/IMG_2475.webp","contentUrl":"https:\/\/noticiaempauta.com\/portal\/wp-content\/uploads\/2025\/03\/IMG_2475.webp","width":960,"height":720},{"@type":"BreadcrumbList","@id":"https:\/\/noticiaempauta.com\/portal\/postos-de-combustiveis-sao-autuados-na-regiao-de-picos-durante-fiscalizacao-do-imepi-e-procon\/#breadcrumb","itemListElement":[{"@type":"ListItem","position":1,"name":"P\u00e1gina Inicial","item":"https:\/\/noticiaempauta.com\/portal\/"},{"@type":"ListItem","position":2,"name":"Destaques","item":"https:\/\/noticiaempauta.com\/portal\/destaques-site\/"},{"@type":"ListItem","position":3,"name":"Postos de combust\u00edveis s\u00e3o autuados na regi\u00e3o de Picos durante fiscaliza\u00e7\u00e3o do Imepi e Procon"}]},{"@type":"WebSite","@id":"https:\/\/noticiaempauta.com\/portal\/#website","url":"https:\/\/noticiaempauta.com\/portal\/","name":"Portal Not\u00edcia em Pauta","description":"Voc\u00ea bem informado","publisher":{"@id":"https:\/\/noticiaempauta.com\/portal\/#organization"},"potentialAction":[{"@type":"SearchAction","target":{"@type":"EntryPoint","urlTemplate":"https:\/\/noticiaempauta.com\/portal\/?s={search_term_string}"},"query-input":{"@type":"PropertyValueSpecification","valueRequired":true,"valueName":"search_term_string"}}],"inLanguage":"pt-BR"},{"@type":"Organization","@id":"https:\/\/noticiaempauta.com\/portal\/#organization","name":"Portal Not\u00edcia em Pauta","url":"https:\/\/noticiaempauta.com\/portal\/","logo":{"@type":"ImageObject","inLanguage":"pt-BR","@id":"https:\/\/noticiaempauta.com\/portal\/#\/schema\/logo\/image\/","url":"https:\/\/noticiaempauta.com\/portal\/wp-content\/uploads\/2022\/08\/logomarca_tema.fw_.png","contentUrl":"https:\/\/noticiaempauta.com\/portal\/wp-content\/uploads\/2022\/08\/logomarca_tema.fw_.png","width":400,"height":232,"caption":"Portal Not\u00edcia em Pauta"},"image":{"@id":"https:\/\/noticiaempauta.com\/portal\/#\/schema\/logo\/image\/"},"sameAs":["https:\/\/www.facebook.com\/Portal-Notcia-Em-Pauta-102292869264820\/","https:\/\/www.instagram.com\/portalnoticiaempauta\/"]},{"@type":"Person","@id":"https:\/\/noticiaempauta.com\/portal\/#\/schema\/person\/a74af43dd1ab3deca45f988c717d57ac","name":"Reda\u00e7\u00e3o","image":{"@type":"ImageObject","inLanguage":"pt-BR","@id":"https:\/\/noticiaempauta.com\/portal\/#\/schema\/person\/image\/","url":"https:\/\/secure.gravatar.com\/avatar\/03179346ecce6cdfc13361603e8f54242a90e5cde8618fa23c5c00aa2b0aadf3?s=96&d=mm&r=g","contentUrl":"https:\/\/secure.gravatar.com\/avatar\/03179346ecce6cdfc13361603e8f54242a90e5cde8618fa23c5c00aa2b0aadf3?s=96&d=mm&r=g","caption":"Reda\u00e7\u00e3o"},"sameAs":["https:\/\/noticiaempauta.com\/portal\/"],"url":"https:\/\/noticiaempauta.com\/portal\/author\/fernando\/"}]}},"_links":{"self":[{"href":"https:\/\/noticiaempauta.com\/portal\/wp-json\/wp\/v2\/posts\/268156","targetHints":{"allow":["GET"]}}],"collection":[{"href":"https:\/\/noticiaempauta.com\/portal\/wp-json\/wp\/v2\/posts"}],"about":[{"href":"https:\/\/noticiaempauta.com\/portal\/wp-json\/wp\/v2\/types\/post"}],"author":[{"embeddable":true,"href":"https:\/\/noticiaempauta.com\/portal\/wp-json\/wp\/v2\/users\/2"}],"replies":[{"embeddable":true,"href":"https:\/\/noticiaempauta.com\/portal\/wp-json\/wp\/v2\/comments?post=268156"}],"version-history":[{"count":2,"href":"https:\/\/noticiaempauta.com\/portal\/wp-json\/wp\/v2\/posts\/268156\/revisions"}],"predecessor-version":[{"id":268159,"href":"https:\/\/noticiaempauta.com\/portal\/wp-json\/wp\/v2\/posts\/268156\/revisions\/268159"}],"wp:featuredmedia":[{"embeddable":true,"href":"https:\/\/noticiaempauta.com\/portal\/wp-json\/wp\/v2\/media\/268157"}],"wp:attachment":[{"href":"https:\/\/noticiaempauta.com\/portal\/wp-json\/wp\/v2\/media?parent=268156"}],"wp:term":[{"taxonomy":"category","embeddable":true,"href":"https:\/\/noticiaempauta.com\/portal\/wp-json\/wp\/v2\/categories?post=268156"},{"taxonomy":"post_tag","embeddable":true,"href":"https:\/\/noticiaempauta.com\/portal\/wp-json\/wp\/v2\/tags?post=268156"}],"curies":[{"name":"wp","href":"https:\/\/api.w.org\/{rel}","templated":true}]}}