{"id":268160,"date":"2025-03-02T17:12:32","date_gmt":"2025-03-02T20:12:32","guid":{"rendered":"https:\/\/noticiaempauta.com\/portal\/?p=268160"},"modified":"2025-03-02T17:12:34","modified_gmt":"2025-03-02T20:12:34","slug":"gestante-e-dois-filhos-sao-assassinados-em-paqueta-do-piaui-policia-faz-buscas-para-prisao-do-suspeito","status":"publish","type":"post","link":"https:\/\/noticiaempauta.com\/portal\/gestante-e-dois-filhos-sao-assassinados-em-paqueta-do-piaui-policia-faz-buscas-para-prisao-do-suspeito\/","title":{"rendered":"Gestante e dois filhos s\u00e3o assassinados em Paquet\u00e1 do Piau\u00ed, Pol\u00edcia faz buscas para pris\u00e3o do suspeito"},"content":{"rendered":"\n<p><strong>Atualizado \u00e1s 14h26<\/strong><\/p>\n\n\n\n<p>As equipes da Secretaria de Seguran\u00e7a P\u00fablica do Piau\u00ed que investigam a morte da mulher&nbsp;identificada como Jairane Moura da Silva, e dos dois filhos,&nbsp;Vin\u00edcius Emanuel Moura da Silva e Jo\u00e3o Gabriel Moura da Silva na Cidade de Paquet\u00e1, confirmaram a reportagem do CidadeVerde.com que os tr\u00eas foram degolados. A m\u00e3e e as crian\u00e7as foram encontrados mortos na manh\u00e3 deste domingo (02).<\/p>\n\n\n\n<figure class=\"wp-block-image size-full\"><img fetchpriority=\"high\" decoding=\"async\" width=\"790\" height=\"550\" src=\"https:\/\/noticiaempauta.com\/portal\/wp-content\/uploads\/2025\/03\/IMG_2496.jpeg\" alt=\"\" class=\"wp-image-268161\" srcset=\"https:\/\/noticiaempauta.com\/portal\/wp-content\/uploads\/2025\/03\/IMG_2496.jpeg 790w, https:\/\/noticiaempauta.com\/portal\/wp-content\/uploads\/2025\/03\/IMG_2496-300x209.jpeg 300w, https:\/\/noticiaempauta.com\/portal\/wp-content\/uploads\/2025\/03\/IMG_2496-768x535.jpeg 768w\" sizes=\"(max-width: 790px) 100vw, 790px\" \/><\/figure>\n\n\n\n<p>Pol\u00edcia Militar, Pol\u00edcia Civil e o Batalh\u00e3o Especializado de Policiamento do Interior (BEPI), realizam dilig\u00eancias no munic\u00edpio para apurar a autoria e a motiva\u00e7\u00e3o do crime. Jairane foi localizada pelas unidades de seguran\u00e7a em uma rede, com um profundo ferimento no pesco\u00e7o. O companheiro de Jairane, que n\u00e3o teve a identidade revelada, \u00e9 o principal suspeito do crime.\u00a0 \u00a0<br><\/p>\n\n\n\n<figure class=\"wp-block-image size-full\"><img decoding=\"async\" width=\"790\" height=\"550\" src=\"https:\/\/noticiaempauta.com\/portal\/wp-content\/uploads\/2025\/03\/IMG_2495.jpeg\" alt=\"\" class=\"wp-image-268162\" srcset=\"https:\/\/noticiaempauta.com\/portal\/wp-content\/uploads\/2025\/03\/IMG_2495.jpeg 790w, https:\/\/noticiaempauta.com\/portal\/wp-content\/uploads\/2025\/03\/IMG_2495-300x209.jpeg 300w, https:\/\/noticiaempauta.com\/portal\/wp-content\/uploads\/2025\/03\/IMG_2495-768x535.jpeg 768w\" sizes=\"(max-width: 790px) 100vw, 790px\" \/><\/figure>\n\n\n\n<p><strong>Mat\u00e9ria Original<\/strong><\/p>\n\n\n\n<p>Uma mulher identificada como Jairane Moura da Silva foi encontrada morta dentro da pr\u00f3pria casa na cidade de Paquet\u00e1, a 314 km de Teresina.\u00a0Ela- que estava gr\u00e1vida- e os dois filhos menores de idade foram localizados sem vida na manh\u00e3 deste domingo (02).\u00a0<\/p>\n\n\n\n<p>A Pol\u00edcia Militar foi acionada por volta de 7h30. O corpo da mulher estava em uma rede em um dos c\u00f4modos. A casa fica pr\u00f3ximo a um parque de vaquejada, na zona Urbana de Paquet\u00e1, cidade situada na regi\u00e3o de Picos.&nbsp;<\/p>\n\n\n\n<p>O marido de Jairane Moura n\u00e3o foi localizado e n\u00e3o est\u00e1 descartada a hip\u00f3tese de feminic\u00eddio.\u00a0Testemunhas relataram que o relacionamento do casal seria conflituoso. Ele seria o pai do beb\u00ea que a v\u00edtima gestava.\u00a0<\/p>\n\n\n\n<p>As circunst\u00e2ncias das mortes da morte ainda n\u00e3o foram confirmadas.\u00a0Policiais civis e militares seguem em dilig\u00eancias na regi\u00e3o.<\/p>\n\n\n\n<p><strong>Por Graciane Ara\u00fajo\/Paula Monize e Tarcio Cruz<\/strong> <strong>(Cidade Verde)<\/strong>.<\/p>\n","protected":false},"excerpt":{"rendered":"<p>Atualizado \u00e1s 14h26 As equipes da Secretaria de Seguran\u00e7a P\u00fablica do Piau\u00ed que investigam a morte da mulher&nbsp;identificada como Jairane Moura da Silva, e dos dois filhos,&nbsp;Vin\u00edcius Emanuel Moura da Silva e Jo\u00e3o Gabriel Moura da Silva na Cidade de Paquet\u00e1, confirmaram a reportagem do CidadeVerde.com que os tr\u00eas foram degolados. A m\u00e3e e as [&hellip;]<\/p>\n","protected":false},"author":2,"featured_media":268161,"comment_status":"open","ping_status":"open","sticky":false,"template":"","format":"standard","meta":{"_mi_skip_tracking":false,"footnotes":""},"categories":[25,1,137,16],"tags":[192],"class_list":["post-268160","post","type-post","status-publish","format-standard","has-post-thumbnail","hentry","category-destaques-site","category-geral","category-policia","category-todas","tag-destaqueprincipal"],"acf":[],"yoast_head":"<!-- This site is optimized with the Yoast SEO Premium plugin v19.2 (Yoast SEO v26.9) - https:\/\/yoast.com\/product\/yoast-seo-premium-wordpress\/ -->\n<title>Gestante e dois filhos s\u00e3o assassinados em Paquet\u00e1 do Piau\u00ed, Pol\u00edcia faz buscas para pris\u00e3o do suspeito - Portal Not\u00edcia em Pauta<\/title>\n<meta name=\"robots\" content=\"index, follow, max-snippet:-1, max-image-preview:large, max-video-preview:-1\" \/>\n<link rel=\"canonical\" href=\"https:\/\/noticiaempauta.com\/portal\/gestante-e-dois-filhos-sao-assassinados-em-paqueta-do-piaui-policia-faz-buscas-para-prisao-do-suspeito\/\" \/>\n<meta property=\"og:locale\" content=\"pt_BR\" \/>\n<meta property=\"og:type\" content=\"article\" \/>\n<meta property=\"og:title\" content=\"Gestante e dois filhos s\u00e3o assassinados em Paquet\u00e1 do Piau\u00ed, Pol\u00edcia faz buscas para pris\u00e3o do suspeito\" \/>\n<meta property=\"og:description\" content=\"Atualizado \u00e1s 14h26 As equipes da Secretaria de Seguran\u00e7a P\u00fablica do Piau\u00ed que investigam a morte da mulher&nbsp;identificada como Jairane Moura da Silva, e dos dois filhos,&nbsp;Vin\u00edcius Emanuel Moura da Silva e Jo\u00e3o Gabriel Moura da Silva na Cidade de Paquet\u00e1, confirmaram a reportagem do CidadeVerde.com que os tr\u00eas foram degolados. A m\u00e3e e as [&hellip;]\" \/>\n<meta property=\"og:url\" content=\"https:\/\/noticiaempauta.com\/portal\/gestante-e-dois-filhos-sao-assassinados-em-paqueta-do-piaui-policia-faz-buscas-para-prisao-do-suspeito\/\" \/>\n<meta property=\"og:site_name\" content=\"Portal Not\u00edcia em Pauta\" \/>\n<meta property=\"article:publisher\" content=\"https:\/\/www.facebook.com\/Portal-Notcia-Em-Pauta-102292869264820\/\" \/>\n<meta property=\"article:published_time\" content=\"2025-03-02T20:12:32+00:00\" \/>\n<meta property=\"article:modified_time\" content=\"2025-03-02T20:12:34+00:00\" \/>\n<meta property=\"og:image\" content=\"https:\/\/noticiaempauta.com\/portal\/wp-content\/uploads\/2025\/03\/IMG_2496.jpeg\" \/>\n\t<meta property=\"og:image:width\" content=\"790\" \/>\n\t<meta property=\"og:image:height\" content=\"550\" \/>\n\t<meta property=\"og:image:type\" content=\"image\/jpeg\" \/>\n<meta name=\"author\" content=\"Reda\u00e7\u00e3o\" \/>\n<meta name=\"twitter:card\" content=\"summary_large_image\" \/>\n<meta name=\"twitter:label1\" content=\"Escrito por\" \/>\n\t<meta name=\"twitter:data1\" content=\"Reda\u00e7\u00e3o\" \/>\n\t<meta name=\"twitter:label2\" content=\"Est. tempo de leitura\" \/>\n\t<meta name=\"twitter:data2\" content=\"3 minutos\" \/>\n<script type=\"application\/ld+json\" class=\"yoast-schema-graph\">{\"@context\":\"https:\/\/schema.org\",\"@graph\":[{\"@type\":\"Article\",\"@id\":\"https:\/\/noticiaempauta.com\/portal\/gestante-e-dois-filhos-sao-assassinados-em-paqueta-do-piaui-policia-faz-buscas-para-prisao-do-suspeito\/#article\",\"isPartOf\":{\"@id\":\"https:\/\/noticiaempauta.com\/portal\/gestante-e-dois-filhos-sao-assassinados-em-paqueta-do-piaui-policia-faz-buscas-para-prisao-do-suspeito\/\"},\"author\":{\"name\":\"Reda\u00e7\u00e3o\",\"@id\":\"https:\/\/noticiaempauta.com\/portal\/#\/schema\/person\/a74af43dd1ab3deca45f988c717d57ac\"},\"headline\":\"Gestante e dois filhos s\u00e3o assassinados em Paquet\u00e1 do Piau\u00ed, Pol\u00edcia faz buscas para pris\u00e3o do suspeito\",\"datePublished\":\"2025-03-02T20:12:32+00:00\",\"dateModified\":\"2025-03-02T20:12:34+00:00\",\"mainEntityOfPage\":{\"@id\":\"https:\/\/noticiaempauta.com\/portal\/gestante-e-dois-filhos-sao-assassinados-em-paqueta-do-piaui-policia-faz-buscas-para-prisao-do-suspeito\/\"},\"wordCount\":328,\"commentCount\":0,\"publisher\":{\"@id\":\"https:\/\/noticiaempauta.com\/portal\/#organization\"},\"image\":{\"@id\":\"https:\/\/noticiaempauta.com\/portal\/gestante-e-dois-filhos-sao-assassinados-em-paqueta-do-piaui-policia-faz-buscas-para-prisao-do-suspeito\/#primaryimage\"},\"thumbnailUrl\":\"https:\/\/noticiaempauta.com\/portal\/wp-content\/uploads\/2025\/03\/IMG_2496.jpeg\",\"keywords\":[\"destaqueprincipal\"],\"articleSection\":[\"Destaques\",\"Geral\",\"Pol\u00edcia\",\"Todas as Not\u00edcias\"],\"inLanguage\":\"pt-BR\",\"potentialAction\":[{\"@type\":\"CommentAction\",\"name\":\"Comment\",\"target\":[\"https:\/\/noticiaempauta.com\/portal\/gestante-e-dois-filhos-sao-assassinados-em-paqueta-do-piaui-policia-faz-buscas-para-prisao-do-suspeito\/#respond\"]}]},{\"@type\":\"WebPage\",\"@id\":\"https:\/\/noticiaempauta.com\/portal\/gestante-e-dois-filhos-sao-assassinados-em-paqueta-do-piaui-policia-faz-buscas-para-prisao-do-suspeito\/\",\"url\":\"https:\/\/noticiaempauta.com\/portal\/gestante-e-dois-filhos-sao-assassinados-em-paqueta-do-piaui-policia-faz-buscas-para-prisao-do-suspeito\/\",\"name\":\"Gestante e dois filhos s\u00e3o assassinados em Paquet\u00e1 do Piau\u00ed, Pol\u00edcia faz buscas para pris\u00e3o do suspeito - Portal Not\u00edcia em Pauta\",\"isPartOf\":{\"@id\":\"https:\/\/noticiaempauta.com\/portal\/#website\"},\"primaryImageOfPage\":{\"@id\":\"https:\/\/noticiaempauta.com\/portal\/gestante-e-dois-filhos-sao-assassinados-em-paqueta-do-piaui-policia-faz-buscas-para-prisao-do-suspeito\/#primaryimage\"},\"image\":{\"@id\":\"https:\/\/noticiaempauta.com\/portal\/gestante-e-dois-filhos-sao-assassinados-em-paqueta-do-piaui-policia-faz-buscas-para-prisao-do-suspeito\/#primaryimage\"},\"thumbnailUrl\":\"https:\/\/noticiaempauta.com\/portal\/wp-content\/uploads\/2025\/03\/IMG_2496.jpeg\",\"datePublished\":\"2025-03-02T20:12:32+00:00\",\"dateModified\":\"2025-03-02T20:12:34+00:00\",\"breadcrumb\":{\"@id\":\"https:\/\/noticiaempauta.com\/portal\/gestante-e-dois-filhos-sao-assassinados-em-paqueta-do-piaui-policia-faz-buscas-para-prisao-do-suspeito\/#breadcrumb\"},\"inLanguage\":\"pt-BR\",\"potentialAction\":[{\"@type\":\"ReadAction\",\"target\":[\"https:\/\/noticiaempauta.com\/portal\/gestante-e-dois-filhos-sao-assassinados-em-paqueta-do-piaui-policia-faz-buscas-para-prisao-do-suspeito\/\"]}]},{\"@type\":\"ImageObject\",\"inLanguage\":\"pt-BR\",\"@id\":\"https:\/\/noticiaempauta.com\/portal\/gestante-e-dois-filhos-sao-assassinados-em-paqueta-do-piaui-policia-faz-buscas-para-prisao-do-suspeito\/#primaryimage\",\"url\":\"https:\/\/noticiaempauta.com\/portal\/wp-content\/uploads\/2025\/03\/IMG_2496.jpeg\",\"contentUrl\":\"https:\/\/noticiaempauta.com\/portal\/wp-content\/uploads\/2025\/03\/IMG_2496.jpeg\",\"width\":790,\"height\":550},{\"@type\":\"BreadcrumbList\",\"@id\":\"https:\/\/noticiaempauta.com\/portal\/gestante-e-dois-filhos-sao-assassinados-em-paqueta-do-piaui-policia-faz-buscas-para-prisao-do-suspeito\/#breadcrumb\",\"itemListElement\":[{\"@type\":\"ListItem\",\"position\":1,\"name\":\"P\u00e1gina Inicial\",\"item\":\"https:\/\/noticiaempauta.com\/portal\/\"},{\"@type\":\"ListItem\",\"position\":2,\"name\":\"Destaques\",\"item\":\"https:\/\/noticiaempauta.com\/portal\/destaques-site\/\"},{\"@type\":\"ListItem\",\"position\":3,\"name\":\"Gestante e dois filhos s\u00e3o assassinados em Paquet\u00e1 do Piau\u00ed, Pol\u00edcia faz buscas para pris\u00e3o do suspeito\"}]},{\"@type\":\"WebSite\",\"@id\":\"https:\/\/noticiaempauta.com\/portal\/#website\",\"url\":\"https:\/\/noticiaempauta.com\/portal\/\",\"name\":\"Portal Not\u00edcia em Pauta\",\"description\":\"Voc\u00ea bem informado\",\"publisher\":{\"@id\":\"https:\/\/noticiaempauta.com\/portal\/#organization\"},\"potentialAction\":[{\"@type\":\"SearchAction\",\"target\":{\"@type\":\"EntryPoint\",\"urlTemplate\":\"https:\/\/noticiaempauta.com\/portal\/?s={search_term_string}\"},\"query-input\":{\"@type\":\"PropertyValueSpecification\",\"valueRequired\":true,\"valueName\":\"search_term_string\"}}],\"inLanguage\":\"pt-BR\"},{\"@type\":\"Organization\",\"@id\":\"https:\/\/noticiaempauta.com\/portal\/#organization\",\"name\":\"Portal Not\u00edcia em Pauta\",\"url\":\"https:\/\/noticiaempauta.com\/portal\/\",\"logo\":{\"@type\":\"ImageObject\",\"inLanguage\":\"pt-BR\",\"@id\":\"https:\/\/noticiaempauta.com\/portal\/#\/schema\/logo\/image\/\",\"url\":\"https:\/\/noticiaempauta.com\/portal\/wp-content\/uploads\/2022\/08\/logomarca_tema.fw_.png\",\"contentUrl\":\"https:\/\/noticiaempauta.com\/portal\/wp-content\/uploads\/2022\/08\/logomarca_tema.fw_.png\",\"width\":400,\"height\":232,\"caption\":\"Portal Not\u00edcia em Pauta\"},\"image\":{\"@id\":\"https:\/\/noticiaempauta.com\/portal\/#\/schema\/logo\/image\/\"},\"sameAs\":[\"https:\/\/www.facebook.com\/Portal-Notcia-Em-Pauta-102292869264820\/\",\"https:\/\/www.instagram.com\/portalnoticiaempauta\/\"]},{\"@type\":\"Person\",\"@id\":\"https:\/\/noticiaempauta.com\/portal\/#\/schema\/person\/a74af43dd1ab3deca45f988c717d57ac\",\"name\":\"Reda\u00e7\u00e3o\",\"image\":{\"@type\":\"ImageObject\",\"inLanguage\":\"pt-BR\",\"@id\":\"https:\/\/noticiaempauta.com\/portal\/#\/schema\/person\/image\/\",\"url\":\"https:\/\/secure.gravatar.com\/avatar\/03179346ecce6cdfc13361603e8f54242a90e5cde8618fa23c5c00aa2b0aadf3?s=96&d=mm&r=g\",\"contentUrl\":\"https:\/\/secure.gravatar.com\/avatar\/03179346ecce6cdfc13361603e8f54242a90e5cde8618fa23c5c00aa2b0aadf3?s=96&d=mm&r=g\",\"caption\":\"Reda\u00e7\u00e3o\"},\"sameAs\":[\"https:\/\/noticiaempauta.com\/portal\/\"],\"url\":\"https:\/\/noticiaempauta.com\/portal\/author\/fernando\/\"}]}<\/script>\n<!-- \/ Yoast SEO Premium plugin. -->","yoast_head_json":{"title":"Gestante e dois filhos s\u00e3o assassinados em Paquet\u00e1 do Piau\u00ed, Pol\u00edcia faz buscas para pris\u00e3o do suspeito - Portal Not\u00edcia em Pauta","robots":{"index":"index","follow":"follow","max-snippet":"max-snippet:-1","max-image-preview":"max-image-preview:large","max-video-preview":"max-video-preview:-1"},"canonical":"https:\/\/noticiaempauta.com\/portal\/gestante-e-dois-filhos-sao-assassinados-em-paqueta-do-piaui-policia-faz-buscas-para-prisao-do-suspeito\/","og_locale":"pt_BR","og_type":"article","og_title":"Gestante e dois filhos s\u00e3o assassinados em Paquet\u00e1 do Piau\u00ed, Pol\u00edcia faz buscas para pris\u00e3o do suspeito","og_description":"Atualizado \u00e1s 14h26 As equipes da Secretaria de Seguran\u00e7a P\u00fablica do Piau\u00ed que investigam a morte da mulher&nbsp;identificada como Jairane Moura da Silva, e dos dois filhos,&nbsp;Vin\u00edcius Emanuel Moura da Silva e Jo\u00e3o Gabriel Moura da Silva na Cidade de Paquet\u00e1, confirmaram a reportagem do CidadeVerde.com que os tr\u00eas foram degolados. A m\u00e3e e as [&hellip;]","og_url":"https:\/\/noticiaempauta.com\/portal\/gestante-e-dois-filhos-sao-assassinados-em-paqueta-do-piaui-policia-faz-buscas-para-prisao-do-suspeito\/","og_site_name":"Portal Not\u00edcia em Pauta","article_publisher":"https:\/\/www.facebook.com\/Portal-Notcia-Em-Pauta-102292869264820\/","article_published_time":"2025-03-02T20:12:32+00:00","article_modified_time":"2025-03-02T20:12:34+00:00","og_image":[{"width":790,"height":550,"url":"https:\/\/noticiaempauta.com\/portal\/wp-content\/uploads\/2025\/03\/IMG_2496.jpeg","type":"image\/jpeg"}],"author":"Reda\u00e7\u00e3o","twitter_card":"summary_large_image","twitter_misc":{"Escrito por":"Reda\u00e7\u00e3o","Est. tempo de leitura":"3 minutos"},"schema":{"@context":"https:\/\/schema.org","@graph":[{"@type":"Article","@id":"https:\/\/noticiaempauta.com\/portal\/gestante-e-dois-filhos-sao-assassinados-em-paqueta-do-piaui-policia-faz-buscas-para-prisao-do-suspeito\/#article","isPartOf":{"@id":"https:\/\/noticiaempauta.com\/portal\/gestante-e-dois-filhos-sao-assassinados-em-paqueta-do-piaui-policia-faz-buscas-para-prisao-do-suspeito\/"},"author":{"name":"Reda\u00e7\u00e3o","@id":"https:\/\/noticiaempauta.com\/portal\/#\/schema\/person\/a74af43dd1ab3deca45f988c717d57ac"},"headline":"Gestante e dois filhos s\u00e3o assassinados em Paquet\u00e1 do Piau\u00ed, Pol\u00edcia faz buscas para pris\u00e3o do suspeito","datePublished":"2025-03-02T20:12:32+00:00","dateModified":"2025-03-02T20:12:34+00:00","mainEntityOfPage":{"@id":"https:\/\/noticiaempauta.com\/portal\/gestante-e-dois-filhos-sao-assassinados-em-paqueta-do-piaui-policia-faz-buscas-para-prisao-do-suspeito\/"},"wordCount":328,"commentCount":0,"publisher":{"@id":"https:\/\/noticiaempauta.com\/portal\/#organization"},"image":{"@id":"https:\/\/noticiaempauta.com\/portal\/gestante-e-dois-filhos-sao-assassinados-em-paqueta-do-piaui-policia-faz-buscas-para-prisao-do-suspeito\/#primaryimage"},"thumbnailUrl":"https:\/\/noticiaempauta.com\/portal\/wp-content\/uploads\/2025\/03\/IMG_2496.jpeg","keywords":["destaqueprincipal"],"articleSection":["Destaques","Geral","Pol\u00edcia","Todas as Not\u00edcias"],"inLanguage":"pt-BR","potentialAction":[{"@type":"CommentAction","name":"Comment","target":["https:\/\/noticiaempauta.com\/portal\/gestante-e-dois-filhos-sao-assassinados-em-paqueta-do-piaui-policia-faz-buscas-para-prisao-do-suspeito\/#respond"]}]},{"@type":"WebPage","@id":"https:\/\/noticiaempauta.com\/portal\/gestante-e-dois-filhos-sao-assassinados-em-paqueta-do-piaui-policia-faz-buscas-para-prisao-do-suspeito\/","url":"https:\/\/noticiaempauta.com\/portal\/gestante-e-dois-filhos-sao-assassinados-em-paqueta-do-piaui-policia-faz-buscas-para-prisao-do-suspeito\/","name":"Gestante e dois filhos s\u00e3o assassinados em Paquet\u00e1 do Piau\u00ed, Pol\u00edcia faz buscas para pris\u00e3o do suspeito - Portal Not\u00edcia em Pauta","isPartOf":{"@id":"https:\/\/noticiaempauta.com\/portal\/#website"},"primaryImageOfPage":{"@id":"https:\/\/noticiaempauta.com\/portal\/gestante-e-dois-filhos-sao-assassinados-em-paqueta-do-piaui-policia-faz-buscas-para-prisao-do-suspeito\/#primaryimage"},"image":{"@id":"https:\/\/noticiaempauta.com\/portal\/gestante-e-dois-filhos-sao-assassinados-em-paqueta-do-piaui-policia-faz-buscas-para-prisao-do-suspeito\/#primaryimage"},"thumbnailUrl":"https:\/\/noticiaempauta.com\/portal\/wp-content\/uploads\/2025\/03\/IMG_2496.jpeg","datePublished":"2025-03-02T20:12:32+00:00","dateModified":"2025-03-02T20:12:34+00:00","breadcrumb":{"@id":"https:\/\/noticiaempauta.com\/portal\/gestante-e-dois-filhos-sao-assassinados-em-paqueta-do-piaui-policia-faz-buscas-para-prisao-do-suspeito\/#breadcrumb"},"inLanguage":"pt-BR","potentialAction":[{"@type":"ReadAction","target":["https:\/\/noticiaempauta.com\/portal\/gestante-e-dois-filhos-sao-assassinados-em-paqueta-do-piaui-policia-faz-buscas-para-prisao-do-suspeito\/"]}]},{"@type":"ImageObject","inLanguage":"pt-BR","@id":"https:\/\/noticiaempauta.com\/portal\/gestante-e-dois-filhos-sao-assassinados-em-paqueta-do-piaui-policia-faz-buscas-para-prisao-do-suspeito\/#primaryimage","url":"https:\/\/noticiaempauta.com\/portal\/wp-content\/uploads\/2025\/03\/IMG_2496.jpeg","contentUrl":"https:\/\/noticiaempauta.com\/portal\/wp-content\/uploads\/2025\/03\/IMG_2496.jpeg","width":790,"height":550},{"@type":"BreadcrumbList","@id":"https:\/\/noticiaempauta.com\/portal\/gestante-e-dois-filhos-sao-assassinados-em-paqueta-do-piaui-policia-faz-buscas-para-prisao-do-suspeito\/#breadcrumb","itemListElement":[{"@type":"ListItem","position":1,"name":"P\u00e1gina Inicial","item":"https:\/\/noticiaempauta.com\/portal\/"},{"@type":"ListItem","position":2,"name":"Destaques","item":"https:\/\/noticiaempauta.com\/portal\/destaques-site\/"},{"@type":"ListItem","position":3,"name":"Gestante e dois filhos s\u00e3o assassinados em Paquet\u00e1 do Piau\u00ed, Pol\u00edcia faz buscas para pris\u00e3o do suspeito"}]},{"@type":"WebSite","@id":"https:\/\/noticiaempauta.com\/portal\/#website","url":"https:\/\/noticiaempauta.com\/portal\/","name":"Portal Not\u00edcia em Pauta","description":"Voc\u00ea bem informado","publisher":{"@id":"https:\/\/noticiaempauta.com\/portal\/#organization"},"potentialAction":[{"@type":"SearchAction","target":{"@type":"EntryPoint","urlTemplate":"https:\/\/noticiaempauta.com\/portal\/?s={search_term_string}"},"query-input":{"@type":"PropertyValueSpecification","valueRequired":true,"valueName":"search_term_string"}}],"inLanguage":"pt-BR"},{"@type":"Organization","@id":"https:\/\/noticiaempauta.com\/portal\/#organization","name":"Portal Not\u00edcia em Pauta","url":"https:\/\/noticiaempauta.com\/portal\/","logo":{"@type":"ImageObject","inLanguage":"pt-BR","@id":"https:\/\/noticiaempauta.com\/portal\/#\/schema\/logo\/image\/","url":"https:\/\/noticiaempauta.com\/portal\/wp-content\/uploads\/2022\/08\/logomarca_tema.fw_.png","contentUrl":"https:\/\/noticiaempauta.com\/portal\/wp-content\/uploads\/2022\/08\/logomarca_tema.fw_.png","width":400,"height":232,"caption":"Portal Not\u00edcia em Pauta"},"image":{"@id":"https:\/\/noticiaempauta.com\/portal\/#\/schema\/logo\/image\/"},"sameAs":["https:\/\/www.facebook.com\/Portal-Notcia-Em-Pauta-102292869264820\/","https:\/\/www.instagram.com\/portalnoticiaempauta\/"]},{"@type":"Person","@id":"https:\/\/noticiaempauta.com\/portal\/#\/schema\/person\/a74af43dd1ab3deca45f988c717d57ac","name":"Reda\u00e7\u00e3o","image":{"@type":"ImageObject","inLanguage":"pt-BR","@id":"https:\/\/noticiaempauta.com\/portal\/#\/schema\/person\/image\/","url":"https:\/\/secure.gravatar.com\/avatar\/03179346ecce6cdfc13361603e8f54242a90e5cde8618fa23c5c00aa2b0aadf3?s=96&d=mm&r=g","contentUrl":"https:\/\/secure.gravatar.com\/avatar\/03179346ecce6cdfc13361603e8f54242a90e5cde8618fa23c5c00aa2b0aadf3?s=96&d=mm&r=g","caption":"Reda\u00e7\u00e3o"},"sameAs":["https:\/\/noticiaempauta.com\/portal\/"],"url":"https:\/\/noticiaempauta.com\/portal\/author\/fernando\/"}]}},"_links":{"self":[{"href":"https:\/\/noticiaempauta.com\/portal\/wp-json\/wp\/v2\/posts\/268160","targetHints":{"allow":["GET"]}}],"collection":[{"href":"https:\/\/noticiaempauta.com\/portal\/wp-json\/wp\/v2\/posts"}],"about":[{"href":"https:\/\/noticiaempauta.com\/portal\/wp-json\/wp\/v2\/types\/post"}],"author":[{"embeddable":true,"href":"https:\/\/noticiaempauta.com\/portal\/wp-json\/wp\/v2\/users\/2"}],"replies":[{"embeddable":true,"href":"https:\/\/noticiaempauta.com\/portal\/wp-json\/wp\/v2\/comments?post=268160"}],"version-history":[{"count":2,"href":"https:\/\/noticiaempauta.com\/portal\/wp-json\/wp\/v2\/posts\/268160\/revisions"}],"predecessor-version":[{"id":268164,"href":"https:\/\/noticiaempauta.com\/portal\/wp-json\/wp\/v2\/posts\/268160\/revisions\/268164"}],"wp:featuredmedia":[{"embeddable":true,"href":"https:\/\/noticiaempauta.com\/portal\/wp-json\/wp\/v2\/media\/268161"}],"wp:attachment":[{"href":"https:\/\/noticiaempauta.com\/portal\/wp-json\/wp\/v2\/media?parent=268160"}],"wp:term":[{"taxonomy":"category","embeddable":true,"href":"https:\/\/noticiaempauta.com\/portal\/wp-json\/wp\/v2\/categories?post=268160"},{"taxonomy":"post_tag","embeddable":true,"href":"https:\/\/noticiaempauta.com\/portal\/wp-json\/wp\/v2\/tags?post=268160"}],"curies":[{"name":"wp","href":"https:\/\/api.w.org\/{rel}","templated":true}]}}