{"id":268280,"date":"2025-03-06T09:27:58","date_gmt":"2025-03-06T12:27:58","guid":{"rendered":"https:\/\/noticiaempauta.com\/portal\/?p=268280"},"modified":"2025-03-06T09:33:04","modified_gmt":"2025-03-06T12:33:04","slug":"policia-civil-conclui-inquerito-sobre-envenenamento-de-oito-pessoas-em-parnaiba","status":"publish","type":"post","link":"https:\/\/noticiaempauta.com\/portal\/policia-civil-conclui-inquerito-sobre-envenenamento-de-oito-pessoas-em-parnaiba\/","title":{"rendered":"Pol\u00edcia Civil conclui inqu\u00e9rito sobre envenenamento de oito pessoas em Parna\u00edba"},"content":{"rendered":"\n<p>Pol\u00edcia Civil do Piau\u00ed concluiu a investiga\u00e7\u00e3o sobre a morte de sete pessoas da mesma fam\u00edlia e uma vizinha, v\u00edtimas de envenenamento em Parna\u00edba, no litoral do estado. O casal Francisco de Assis e Maria dos Aflitos foi indiciado e deve responder por 23 crimes.<\/p>\n\n\n\n<figure class=\"wp-block-image size-large\"><img fetchpriority=\"high\" decoding=\"async\" width=\"1024\" height=\"576\" src=\"https:\/\/noticiaempauta.com\/portal\/wp-content\/uploads\/2025\/03\/1741260532592_ffca449a94a57c7b965ca420db0f389b58442c3c-1024x576.png\" alt=\"\" class=\"wp-image-268281\" srcset=\"https:\/\/noticiaempauta.com\/portal\/wp-content\/uploads\/2025\/03\/1741260532592_ffca449a94a57c7b965ca420db0f389b58442c3c-1024x576.png 1024w, https:\/\/noticiaempauta.com\/portal\/wp-content\/uploads\/2025\/03\/1741260532592_ffca449a94a57c7b965ca420db0f389b58442c3c-300x169.png 300w, https:\/\/noticiaempauta.com\/portal\/wp-content\/uploads\/2025\/03\/1741260532592_ffca449a94a57c7b965ca420db0f389b58442c3c-768x432.png 768w, https:\/\/noticiaempauta.com\/portal\/wp-content\/uploads\/2025\/03\/1741260532592_ffca449a94a57c7b965ca420db0f389b58442c3c.png 1200w\" sizes=\"(max-width: 1024px) 100vw, 1024px\" \/><figcaption class=\"wp-element-caption\"><em>(Foto: Reprodu\u00e7\u00e3o)<\/em><\/figcaption><\/figure>\n\n\n\n<p>As investiga\u00e7\u00f5es apontaram que os dois planejaram e executaram os homic\u00eddios utilizando terbuf\u00f3s, subst\u00e2ncia presente em defensivos agr\u00edcolas e no veneno conhecido como \u201cchumbinho\u201d, cuja comercializa\u00e7\u00e3o \u00e9 proibida no Brasil. O primeiro crime ocorreu em agosto de 2024, quando duas crian\u00e7as foram envenenadas. Em janeiro deste ano, outras seis pessoas morreram da mesma forma. Se condenados por todas as acusa\u00e7\u00f5es, as penas de Francisco e Maria podem ultrapassar 240 anos de reclus\u00e3o.<\/p>\n\n\n\n<p>Crimes atribu\u00eddos a Francisco de Assis:<br>\u20224 homic\u00eddios triplamente qualificados<br>\u20223 feminic\u00eddios<br>\u20222 tentativas de feminic\u00eddio<br>\u20221 tentativa de homic\u00eddio triplamente qualificado<br>\u20221 fraude processual<\/p>\n\n\n\n<p>Crimes atribu\u00eddos a Maria dos Aflitos:<br>\u20224 homic\u00eddios triplamente qualificados<br>\u20224 feminic\u00eddios<br>\u20222 tentativas de feminic\u00eddio<br>\u20221 tentativa de homic\u00eddio qualificado<br>\u20221 denuncia\u00e7\u00e3o caluniosa<\/p>\n\n\n\n<p>O inqu\u00e9rito j\u00e1 foi encaminhado \u00e0 Justi\u00e7a e, agora, o Minist\u00e9rio P\u00fablico do Piau\u00ed analisar\u00e1 o caso para decidir se oferecer\u00e1 den\u00fancia contra o casal por todos os crimes apontados pela pol\u00edcia. Francisco de Assis e Maria dos Aflitos est\u00e3o presos preventivamente em Teresina desde fevereiro deste ano.<\/p>\n\n\n\n<p>Fonte: A10+<\/p>\n","protected":false},"excerpt":{"rendered":"<p>Pol\u00edcia Civil do Piau\u00ed concluiu a investiga\u00e7\u00e3o sobre a morte de sete pessoas da mesma fam\u00edlia e uma vizinha, v\u00edtimas de envenenamento em Parna\u00edba, no litoral do estado. O casal Francisco de Assis e Maria dos Aflitos foi indiciado e deve responder por 23 crimes. As investiga\u00e7\u00f5es apontaram que os dois planejaram e executaram os [&hellip;]<\/p>\n","protected":false},"author":2,"featured_media":268281,"comment_status":"open","ping_status":"open","sticky":false,"template":"","format":"standard","meta":{"_mi_skip_tracking":false,"footnotes":""},"categories":[25,1,137,16],"tags":[192],"class_list":["post-268280","post","type-post","status-publish","format-standard","has-post-thumbnail","hentry","category-destaques-site","category-geral","category-policia","category-todas","tag-destaqueprincipal"],"acf":[],"yoast_head":"<!-- This site is optimized with the Yoast SEO Premium plugin v19.2 (Yoast SEO v26.9) - https:\/\/yoast.com\/product\/yoast-seo-premium-wordpress\/ -->\n<title>Pol\u00edcia Civil conclui inqu\u00e9rito sobre envenenamento de oito pessoas em Parna\u00edba - Portal Not\u00edcia em Pauta<\/title>\n<meta name=\"robots\" content=\"index, follow, max-snippet:-1, max-image-preview:large, max-video-preview:-1\" \/>\n<link rel=\"canonical\" href=\"https:\/\/noticiaempauta.com\/portal\/policia-civil-conclui-inquerito-sobre-envenenamento-de-oito-pessoas-em-parnaiba\/\" \/>\n<meta property=\"og:locale\" content=\"pt_BR\" \/>\n<meta property=\"og:type\" content=\"article\" \/>\n<meta property=\"og:title\" content=\"Pol\u00edcia Civil conclui inqu\u00e9rito sobre envenenamento de oito pessoas em Parna\u00edba\" \/>\n<meta property=\"og:description\" content=\"Pol\u00edcia Civil do Piau\u00ed concluiu a investiga\u00e7\u00e3o sobre a morte de sete pessoas da mesma fam\u00edlia e uma vizinha, v\u00edtimas de envenenamento em Parna\u00edba, no litoral do estado. O casal Francisco de Assis e Maria dos Aflitos foi indiciado e deve responder por 23 crimes. As investiga\u00e7\u00f5es apontaram que os dois planejaram e executaram os [&hellip;]\" \/>\n<meta property=\"og:url\" content=\"https:\/\/noticiaempauta.com\/portal\/policia-civil-conclui-inquerito-sobre-envenenamento-de-oito-pessoas-em-parnaiba\/\" \/>\n<meta property=\"og:site_name\" content=\"Portal Not\u00edcia em Pauta\" \/>\n<meta property=\"article:publisher\" content=\"https:\/\/www.facebook.com\/Portal-Notcia-Em-Pauta-102292869264820\/\" \/>\n<meta property=\"article:published_time\" content=\"2025-03-06T12:27:58+00:00\" \/>\n<meta property=\"article:modified_time\" content=\"2025-03-06T12:33:04+00:00\" \/>\n<meta property=\"og:image\" content=\"https:\/\/noticiaempauta.com\/portal\/wp-content\/uploads\/2025\/03\/1741260532592_ffca449a94a57c7b965ca420db0f389b58442c3c.png\" \/>\n\t<meta property=\"og:image:width\" content=\"1200\" \/>\n\t<meta property=\"og:image:height\" content=\"675\" \/>\n\t<meta property=\"og:image:type\" content=\"image\/png\" \/>\n<meta name=\"author\" content=\"Reda\u00e7\u00e3o\" \/>\n<meta name=\"twitter:card\" content=\"summary_large_image\" \/>\n<meta name=\"twitter:label1\" content=\"Escrito por\" \/>\n\t<meta name=\"twitter:data1\" content=\"Reda\u00e7\u00e3o\" \/>\n\t<meta name=\"twitter:label2\" content=\"Est. tempo de leitura\" \/>\n\t<meta name=\"twitter:data2\" content=\"2 minutos\" \/>\n<script type=\"application\/ld+json\" class=\"yoast-schema-graph\">{\"@context\":\"https:\/\/schema.org\",\"@graph\":[{\"@type\":\"Article\",\"@id\":\"https:\/\/noticiaempauta.com\/portal\/policia-civil-conclui-inquerito-sobre-envenenamento-de-oito-pessoas-em-parnaiba\/#article\",\"isPartOf\":{\"@id\":\"https:\/\/noticiaempauta.com\/portal\/policia-civil-conclui-inquerito-sobre-envenenamento-de-oito-pessoas-em-parnaiba\/\"},\"author\":{\"name\":\"Reda\u00e7\u00e3o\",\"@id\":\"https:\/\/noticiaempauta.com\/portal\/#\/schema\/person\/a74af43dd1ab3deca45f988c717d57ac\"},\"headline\":\"Pol\u00edcia Civil conclui inqu\u00e9rito sobre envenenamento de oito pessoas em Parna\u00edba\",\"datePublished\":\"2025-03-06T12:27:58+00:00\",\"dateModified\":\"2025-03-06T12:33:04+00:00\",\"mainEntityOfPage\":{\"@id\":\"https:\/\/noticiaempauta.com\/portal\/policia-civil-conclui-inquerito-sobre-envenenamento-de-oito-pessoas-em-parnaiba\/\"},\"wordCount\":250,\"commentCount\":0,\"publisher\":{\"@id\":\"https:\/\/noticiaempauta.com\/portal\/#organization\"},\"image\":{\"@id\":\"https:\/\/noticiaempauta.com\/portal\/policia-civil-conclui-inquerito-sobre-envenenamento-de-oito-pessoas-em-parnaiba\/#primaryimage\"},\"thumbnailUrl\":\"https:\/\/noticiaempauta.com\/portal\/wp-content\/uploads\/2025\/03\/1741260532592_ffca449a94a57c7b965ca420db0f389b58442c3c.png\",\"keywords\":[\"destaqueprincipal\"],\"articleSection\":[\"Destaques\",\"Geral\",\"Pol\u00edcia\",\"Todas as Not\u00edcias\"],\"inLanguage\":\"pt-BR\",\"potentialAction\":[{\"@type\":\"CommentAction\",\"name\":\"Comment\",\"target\":[\"https:\/\/noticiaempauta.com\/portal\/policia-civil-conclui-inquerito-sobre-envenenamento-de-oito-pessoas-em-parnaiba\/#respond\"]}]},{\"@type\":\"WebPage\",\"@id\":\"https:\/\/noticiaempauta.com\/portal\/policia-civil-conclui-inquerito-sobre-envenenamento-de-oito-pessoas-em-parnaiba\/\",\"url\":\"https:\/\/noticiaempauta.com\/portal\/policia-civil-conclui-inquerito-sobre-envenenamento-de-oito-pessoas-em-parnaiba\/\",\"name\":\"Pol\u00edcia Civil conclui inqu\u00e9rito sobre envenenamento de oito pessoas em Parna\u00edba - Portal Not\u00edcia em Pauta\",\"isPartOf\":{\"@id\":\"https:\/\/noticiaempauta.com\/portal\/#website\"},\"primaryImageOfPage\":{\"@id\":\"https:\/\/noticiaempauta.com\/portal\/policia-civil-conclui-inquerito-sobre-envenenamento-de-oito-pessoas-em-parnaiba\/#primaryimage\"},\"image\":{\"@id\":\"https:\/\/noticiaempauta.com\/portal\/policia-civil-conclui-inquerito-sobre-envenenamento-de-oito-pessoas-em-parnaiba\/#primaryimage\"},\"thumbnailUrl\":\"https:\/\/noticiaempauta.com\/portal\/wp-content\/uploads\/2025\/03\/1741260532592_ffca449a94a57c7b965ca420db0f389b58442c3c.png\",\"datePublished\":\"2025-03-06T12:27:58+00:00\",\"dateModified\":\"2025-03-06T12:33:04+00:00\",\"breadcrumb\":{\"@id\":\"https:\/\/noticiaempauta.com\/portal\/policia-civil-conclui-inquerito-sobre-envenenamento-de-oito-pessoas-em-parnaiba\/#breadcrumb\"},\"inLanguage\":\"pt-BR\",\"potentialAction\":[{\"@type\":\"ReadAction\",\"target\":[\"https:\/\/noticiaempauta.com\/portal\/policia-civil-conclui-inquerito-sobre-envenenamento-de-oito-pessoas-em-parnaiba\/\"]}]},{\"@type\":\"ImageObject\",\"inLanguage\":\"pt-BR\",\"@id\":\"https:\/\/noticiaempauta.com\/portal\/policia-civil-conclui-inquerito-sobre-envenenamento-de-oito-pessoas-em-parnaiba\/#primaryimage\",\"url\":\"https:\/\/noticiaempauta.com\/portal\/wp-content\/uploads\/2025\/03\/1741260532592_ffca449a94a57c7b965ca420db0f389b58442c3c.png\",\"contentUrl\":\"https:\/\/noticiaempauta.com\/portal\/wp-content\/uploads\/2025\/03\/1741260532592_ffca449a94a57c7b965ca420db0f389b58442c3c.png\",\"width\":1200,\"height\":675},{\"@type\":\"BreadcrumbList\",\"@id\":\"https:\/\/noticiaempauta.com\/portal\/policia-civil-conclui-inquerito-sobre-envenenamento-de-oito-pessoas-em-parnaiba\/#breadcrumb\",\"itemListElement\":[{\"@type\":\"ListItem\",\"position\":1,\"name\":\"P\u00e1gina Inicial\",\"item\":\"https:\/\/noticiaempauta.com\/portal\/\"},{\"@type\":\"ListItem\",\"position\":2,\"name\":\"Destaques\",\"item\":\"https:\/\/noticiaempauta.com\/portal\/destaques-site\/\"},{\"@type\":\"ListItem\",\"position\":3,\"name\":\"Pol\u00edcia Civil conclui inqu\u00e9rito sobre envenenamento de oito pessoas em Parna\u00edba\"}]},{\"@type\":\"WebSite\",\"@id\":\"https:\/\/noticiaempauta.com\/portal\/#website\",\"url\":\"https:\/\/noticiaempauta.com\/portal\/\",\"name\":\"Portal Not\u00edcia em Pauta\",\"description\":\"Voc\u00ea bem informado\",\"publisher\":{\"@id\":\"https:\/\/noticiaempauta.com\/portal\/#organization\"},\"potentialAction\":[{\"@type\":\"SearchAction\",\"target\":{\"@type\":\"EntryPoint\",\"urlTemplate\":\"https:\/\/noticiaempauta.com\/portal\/?s={search_term_string}\"},\"query-input\":{\"@type\":\"PropertyValueSpecification\",\"valueRequired\":true,\"valueName\":\"search_term_string\"}}],\"inLanguage\":\"pt-BR\"},{\"@type\":\"Organization\",\"@id\":\"https:\/\/noticiaempauta.com\/portal\/#organization\",\"name\":\"Portal Not\u00edcia em Pauta\",\"url\":\"https:\/\/noticiaempauta.com\/portal\/\",\"logo\":{\"@type\":\"ImageObject\",\"inLanguage\":\"pt-BR\",\"@id\":\"https:\/\/noticiaempauta.com\/portal\/#\/schema\/logo\/image\/\",\"url\":\"https:\/\/noticiaempauta.com\/portal\/wp-content\/uploads\/2022\/08\/logomarca_tema.fw_.png\",\"contentUrl\":\"https:\/\/noticiaempauta.com\/portal\/wp-content\/uploads\/2022\/08\/logomarca_tema.fw_.png\",\"width\":400,\"height\":232,\"caption\":\"Portal Not\u00edcia em Pauta\"},\"image\":{\"@id\":\"https:\/\/noticiaempauta.com\/portal\/#\/schema\/logo\/image\/\"},\"sameAs\":[\"https:\/\/www.facebook.com\/Portal-Notcia-Em-Pauta-102292869264820\/\",\"https:\/\/www.instagram.com\/portalnoticiaempauta\/\"]},{\"@type\":\"Person\",\"@id\":\"https:\/\/noticiaempauta.com\/portal\/#\/schema\/person\/a74af43dd1ab3deca45f988c717d57ac\",\"name\":\"Reda\u00e7\u00e3o\",\"image\":{\"@type\":\"ImageObject\",\"inLanguage\":\"pt-BR\",\"@id\":\"https:\/\/noticiaempauta.com\/portal\/#\/schema\/person\/image\/\",\"url\":\"https:\/\/secure.gravatar.com\/avatar\/03179346ecce6cdfc13361603e8f54242a90e5cde8618fa23c5c00aa2b0aadf3?s=96&d=mm&r=g\",\"contentUrl\":\"https:\/\/secure.gravatar.com\/avatar\/03179346ecce6cdfc13361603e8f54242a90e5cde8618fa23c5c00aa2b0aadf3?s=96&d=mm&r=g\",\"caption\":\"Reda\u00e7\u00e3o\"},\"sameAs\":[\"https:\/\/noticiaempauta.com\/portal\/\"],\"url\":\"https:\/\/noticiaempauta.com\/portal\/author\/fernando\/\"}]}<\/script>\n<!-- \/ Yoast SEO Premium plugin. -->","yoast_head_json":{"title":"Pol\u00edcia Civil conclui inqu\u00e9rito sobre envenenamento de oito pessoas em Parna\u00edba - Portal Not\u00edcia em Pauta","robots":{"index":"index","follow":"follow","max-snippet":"max-snippet:-1","max-image-preview":"max-image-preview:large","max-video-preview":"max-video-preview:-1"},"canonical":"https:\/\/noticiaempauta.com\/portal\/policia-civil-conclui-inquerito-sobre-envenenamento-de-oito-pessoas-em-parnaiba\/","og_locale":"pt_BR","og_type":"article","og_title":"Pol\u00edcia Civil conclui inqu\u00e9rito sobre envenenamento de oito pessoas em Parna\u00edba","og_description":"Pol\u00edcia Civil do Piau\u00ed concluiu a investiga\u00e7\u00e3o sobre a morte de sete pessoas da mesma fam\u00edlia e uma vizinha, v\u00edtimas de envenenamento em Parna\u00edba, no litoral do estado. O casal Francisco de Assis e Maria dos Aflitos foi indiciado e deve responder por 23 crimes. As investiga\u00e7\u00f5es apontaram que os dois planejaram e executaram os [&hellip;]","og_url":"https:\/\/noticiaempauta.com\/portal\/policia-civil-conclui-inquerito-sobre-envenenamento-de-oito-pessoas-em-parnaiba\/","og_site_name":"Portal Not\u00edcia em Pauta","article_publisher":"https:\/\/www.facebook.com\/Portal-Notcia-Em-Pauta-102292869264820\/","article_published_time":"2025-03-06T12:27:58+00:00","article_modified_time":"2025-03-06T12:33:04+00:00","og_image":[{"width":1200,"height":675,"url":"https:\/\/noticiaempauta.com\/portal\/wp-content\/uploads\/2025\/03\/1741260532592_ffca449a94a57c7b965ca420db0f389b58442c3c.png","type":"image\/png"}],"author":"Reda\u00e7\u00e3o","twitter_card":"summary_large_image","twitter_misc":{"Escrito por":"Reda\u00e7\u00e3o","Est. tempo de leitura":"2 minutos"},"schema":{"@context":"https:\/\/schema.org","@graph":[{"@type":"Article","@id":"https:\/\/noticiaempauta.com\/portal\/policia-civil-conclui-inquerito-sobre-envenenamento-de-oito-pessoas-em-parnaiba\/#article","isPartOf":{"@id":"https:\/\/noticiaempauta.com\/portal\/policia-civil-conclui-inquerito-sobre-envenenamento-de-oito-pessoas-em-parnaiba\/"},"author":{"name":"Reda\u00e7\u00e3o","@id":"https:\/\/noticiaempauta.com\/portal\/#\/schema\/person\/a74af43dd1ab3deca45f988c717d57ac"},"headline":"Pol\u00edcia Civil conclui inqu\u00e9rito sobre envenenamento de oito pessoas em Parna\u00edba","datePublished":"2025-03-06T12:27:58+00:00","dateModified":"2025-03-06T12:33:04+00:00","mainEntityOfPage":{"@id":"https:\/\/noticiaempauta.com\/portal\/policia-civil-conclui-inquerito-sobre-envenenamento-de-oito-pessoas-em-parnaiba\/"},"wordCount":250,"commentCount":0,"publisher":{"@id":"https:\/\/noticiaempauta.com\/portal\/#organization"},"image":{"@id":"https:\/\/noticiaempauta.com\/portal\/policia-civil-conclui-inquerito-sobre-envenenamento-de-oito-pessoas-em-parnaiba\/#primaryimage"},"thumbnailUrl":"https:\/\/noticiaempauta.com\/portal\/wp-content\/uploads\/2025\/03\/1741260532592_ffca449a94a57c7b965ca420db0f389b58442c3c.png","keywords":["destaqueprincipal"],"articleSection":["Destaques","Geral","Pol\u00edcia","Todas as Not\u00edcias"],"inLanguage":"pt-BR","potentialAction":[{"@type":"CommentAction","name":"Comment","target":["https:\/\/noticiaempauta.com\/portal\/policia-civil-conclui-inquerito-sobre-envenenamento-de-oito-pessoas-em-parnaiba\/#respond"]}]},{"@type":"WebPage","@id":"https:\/\/noticiaempauta.com\/portal\/policia-civil-conclui-inquerito-sobre-envenenamento-de-oito-pessoas-em-parnaiba\/","url":"https:\/\/noticiaempauta.com\/portal\/policia-civil-conclui-inquerito-sobre-envenenamento-de-oito-pessoas-em-parnaiba\/","name":"Pol\u00edcia Civil conclui inqu\u00e9rito sobre envenenamento de oito pessoas em Parna\u00edba - Portal Not\u00edcia em Pauta","isPartOf":{"@id":"https:\/\/noticiaempauta.com\/portal\/#website"},"primaryImageOfPage":{"@id":"https:\/\/noticiaempauta.com\/portal\/policia-civil-conclui-inquerito-sobre-envenenamento-de-oito-pessoas-em-parnaiba\/#primaryimage"},"image":{"@id":"https:\/\/noticiaempauta.com\/portal\/policia-civil-conclui-inquerito-sobre-envenenamento-de-oito-pessoas-em-parnaiba\/#primaryimage"},"thumbnailUrl":"https:\/\/noticiaempauta.com\/portal\/wp-content\/uploads\/2025\/03\/1741260532592_ffca449a94a57c7b965ca420db0f389b58442c3c.png","datePublished":"2025-03-06T12:27:58+00:00","dateModified":"2025-03-06T12:33:04+00:00","breadcrumb":{"@id":"https:\/\/noticiaempauta.com\/portal\/policia-civil-conclui-inquerito-sobre-envenenamento-de-oito-pessoas-em-parnaiba\/#breadcrumb"},"inLanguage":"pt-BR","potentialAction":[{"@type":"ReadAction","target":["https:\/\/noticiaempauta.com\/portal\/policia-civil-conclui-inquerito-sobre-envenenamento-de-oito-pessoas-em-parnaiba\/"]}]},{"@type":"ImageObject","inLanguage":"pt-BR","@id":"https:\/\/noticiaempauta.com\/portal\/policia-civil-conclui-inquerito-sobre-envenenamento-de-oito-pessoas-em-parnaiba\/#primaryimage","url":"https:\/\/noticiaempauta.com\/portal\/wp-content\/uploads\/2025\/03\/1741260532592_ffca449a94a57c7b965ca420db0f389b58442c3c.png","contentUrl":"https:\/\/noticiaempauta.com\/portal\/wp-content\/uploads\/2025\/03\/1741260532592_ffca449a94a57c7b965ca420db0f389b58442c3c.png","width":1200,"height":675},{"@type":"BreadcrumbList","@id":"https:\/\/noticiaempauta.com\/portal\/policia-civil-conclui-inquerito-sobre-envenenamento-de-oito-pessoas-em-parnaiba\/#breadcrumb","itemListElement":[{"@type":"ListItem","position":1,"name":"P\u00e1gina Inicial","item":"https:\/\/noticiaempauta.com\/portal\/"},{"@type":"ListItem","position":2,"name":"Destaques","item":"https:\/\/noticiaempauta.com\/portal\/destaques-site\/"},{"@type":"ListItem","position":3,"name":"Pol\u00edcia Civil conclui inqu\u00e9rito sobre envenenamento de oito pessoas em Parna\u00edba"}]},{"@type":"WebSite","@id":"https:\/\/noticiaempauta.com\/portal\/#website","url":"https:\/\/noticiaempauta.com\/portal\/","name":"Portal Not\u00edcia em Pauta","description":"Voc\u00ea bem informado","publisher":{"@id":"https:\/\/noticiaempauta.com\/portal\/#organization"},"potentialAction":[{"@type":"SearchAction","target":{"@type":"EntryPoint","urlTemplate":"https:\/\/noticiaempauta.com\/portal\/?s={search_term_string}"},"query-input":{"@type":"PropertyValueSpecification","valueRequired":true,"valueName":"search_term_string"}}],"inLanguage":"pt-BR"},{"@type":"Organization","@id":"https:\/\/noticiaempauta.com\/portal\/#organization","name":"Portal Not\u00edcia em Pauta","url":"https:\/\/noticiaempauta.com\/portal\/","logo":{"@type":"ImageObject","inLanguage":"pt-BR","@id":"https:\/\/noticiaempauta.com\/portal\/#\/schema\/logo\/image\/","url":"https:\/\/noticiaempauta.com\/portal\/wp-content\/uploads\/2022\/08\/logomarca_tema.fw_.png","contentUrl":"https:\/\/noticiaempauta.com\/portal\/wp-content\/uploads\/2022\/08\/logomarca_tema.fw_.png","width":400,"height":232,"caption":"Portal Not\u00edcia em Pauta"},"image":{"@id":"https:\/\/noticiaempauta.com\/portal\/#\/schema\/logo\/image\/"},"sameAs":["https:\/\/www.facebook.com\/Portal-Notcia-Em-Pauta-102292869264820\/","https:\/\/www.instagram.com\/portalnoticiaempauta\/"]},{"@type":"Person","@id":"https:\/\/noticiaempauta.com\/portal\/#\/schema\/person\/a74af43dd1ab3deca45f988c717d57ac","name":"Reda\u00e7\u00e3o","image":{"@type":"ImageObject","inLanguage":"pt-BR","@id":"https:\/\/noticiaempauta.com\/portal\/#\/schema\/person\/image\/","url":"https:\/\/secure.gravatar.com\/avatar\/03179346ecce6cdfc13361603e8f54242a90e5cde8618fa23c5c00aa2b0aadf3?s=96&d=mm&r=g","contentUrl":"https:\/\/secure.gravatar.com\/avatar\/03179346ecce6cdfc13361603e8f54242a90e5cde8618fa23c5c00aa2b0aadf3?s=96&d=mm&r=g","caption":"Reda\u00e7\u00e3o"},"sameAs":["https:\/\/noticiaempauta.com\/portal\/"],"url":"https:\/\/noticiaempauta.com\/portal\/author\/fernando\/"}]}},"_links":{"self":[{"href":"https:\/\/noticiaempauta.com\/portal\/wp-json\/wp\/v2\/posts\/268280","targetHints":{"allow":["GET"]}}],"collection":[{"href":"https:\/\/noticiaempauta.com\/portal\/wp-json\/wp\/v2\/posts"}],"about":[{"href":"https:\/\/noticiaempauta.com\/portal\/wp-json\/wp\/v2\/types\/post"}],"author":[{"embeddable":true,"href":"https:\/\/noticiaempauta.com\/portal\/wp-json\/wp\/v2\/users\/2"}],"replies":[{"embeddable":true,"href":"https:\/\/noticiaempauta.com\/portal\/wp-json\/wp\/v2\/comments?post=268280"}],"version-history":[{"count":2,"href":"https:\/\/noticiaempauta.com\/portal\/wp-json\/wp\/v2\/posts\/268280\/revisions"}],"predecessor-version":[{"id":268283,"href":"https:\/\/noticiaempauta.com\/portal\/wp-json\/wp\/v2\/posts\/268280\/revisions\/268283"}],"wp:featuredmedia":[{"embeddable":true,"href":"https:\/\/noticiaempauta.com\/portal\/wp-json\/wp\/v2\/media\/268281"}],"wp:attachment":[{"href":"https:\/\/noticiaempauta.com\/portal\/wp-json\/wp\/v2\/media?parent=268280"}],"wp:term":[{"taxonomy":"category","embeddable":true,"href":"https:\/\/noticiaempauta.com\/portal\/wp-json\/wp\/v2\/categories?post=268280"},{"taxonomy":"post_tag","embeddable":true,"href":"https:\/\/noticiaempauta.com\/portal\/wp-json\/wp\/v2\/tags?post=268280"}],"curies":[{"name":"wp","href":"https:\/\/api.w.org\/{rel}","templated":true}]}}