{"id":268289,"date":"2025-03-06T09:38:59","date_gmt":"2025-03-06T12:38:59","guid":{"rendered":"https:\/\/noticiaempauta.com\/portal\/?p=268289"},"modified":"2025-03-06T09:39:03","modified_gmt":"2025-03-06T12:39:03","slug":"capadocia-nordestina-um-destino-surpreendente-no-coracao-do-piaui","status":"publish","type":"post","link":"https:\/\/noticiaempauta.com\/portal\/capadocia-nordestina-um-destino-surpreendente-no-coracao-do-piaui\/","title":{"rendered":"Capad\u00f3cia Nordestina: um destino surpreendente no cora\u00e7\u00e3o do Piau\u00ed"},"content":{"rendered":"\n<p>Para os aventureiros e apaixonados por paisagens impressionantes, o Piau\u00ed oferece um destino fascinante: a chamada \u201cCapad\u00f3cia Nordestina\u201d, localizada no munic\u00edpio de S\u00e3o Jos\u00e9 do Piau\u00ed, a 296 km de Teresina. O atrativo tur\u00edstico, tamb\u00e9m conhecido como S\u00edtio Luz, Cidade Encantada ou Tr\u00eas Irm\u00e3os, ganhou esse nome devido \u00e0s suas forma\u00e7\u00f5es rochosas \u00fanicas, que remetem \u00e0 famosa Capad\u00f3cia da Turquia, na Europa e na \u00c1sia.<\/p>\n\n\n\n<figure class=\"wp-block-image size-large\"><img fetchpriority=\"high\" decoding=\"async\" width=\"1024\" height=\"576\" src=\"https:\/\/noticiaempauta.com\/portal\/wp-content\/uploads\/2025\/03\/Capadocia-1-1024x576.jpeg\" alt=\"\" class=\"wp-image-268291\" srcset=\"https:\/\/noticiaempauta.com\/portal\/wp-content\/uploads\/2025\/03\/Capadocia-1-1024x576.jpeg 1024w, https:\/\/noticiaempauta.com\/portal\/wp-content\/uploads\/2025\/03\/Capadocia-1-300x169.jpeg 300w, https:\/\/noticiaempauta.com\/portal\/wp-content\/uploads\/2025\/03\/Capadocia-1-768x432.jpeg 768w, https:\/\/noticiaempauta.com\/portal\/wp-content\/uploads\/2025\/03\/Capadocia-1-1536x864.jpeg 1536w, https:\/\/noticiaempauta.com\/portal\/wp-content\/uploads\/2025\/03\/Capadocia-1.jpeg 1600w\" sizes=\"(max-width: 1024px) 100vw, 1024px\" \/><figcaption class=\"wp-element-caption\"><em>(Fotos: Genilson Rodrigues)<\/em><\/figcaption><\/figure>\n\n\n\n<p>Situado no bioma Caatinga, o local \u00e9 um ecoparque, voltado para o turismo sustent\u00e1vel e a preserva\u00e7\u00e3o ambiental, pois apresenta pared\u00f5es de at\u00e9 100 metros de altura e forma\u00e7\u00f5es esculpidas ao longo de mais de 300 milh\u00f5es de anos. Elas s\u00e3o o resultado da a\u00e7\u00e3o da eros\u00e3o da \u00e1gua e do vento, transformando a paisagem em um verdadeiro espet\u00e1culo natural.<\/p>\n\n\n\n<p>A artista pl\u00e1stica Ludmilla Sena veio da Bahia de carro para conhecer os atrativos tur\u00edsticos do Piau\u00ed, entre eles a Capad\u00f3cia Nordestina. \u201cEstou encantada por esse lugar. Conhe\u00e7am o Piau\u00ed, pois aqui tem lugares \u00fanicos como esse, e valorizem essa beleza que temos aqui, n\u00e3o s\u00f3 os piauienses, como todos n\u00f3s, brasileiros\u201d, expressou.<\/p>\n\n\n\n<p>O destino oferece diversas atividades ao ar livre, como trilhas, escaladas e passeios de bicicleta, permitindo que os visitantes contemplem suas impressionantes forma\u00e7\u00f5es rochosas. Al\u00e9m disso, proporciona uma experi\u00eancia cultural aut\u00eantica, com a oportunidade de conhecer a hist\u00f3ria e as tradi\u00e7\u00f5es locais, al\u00e9m de saborear a culin\u00e1ria t\u00edpica da regi\u00e3o.<\/p>\n\n\n\n<p>Para garantir a conserva\u00e7\u00e3o da \u00e1rea, o acesso \u00e9 permitido apenas com um guia de turismo cadastrado no ecoparque, e a visita deve ser agendada com anteced\u00eancia. \u201cA Capad\u00f3cia Nordestina \u00e9 um patrim\u00f4nio natural que precisa ser preservado. O turismo sustent\u00e1vel ajuda na conserva\u00e7\u00e3o do meio ambiente, garantindo que a beleza e a biodiversidade do local sejam protegidas para as futuras gera\u00e7\u00f5es\u201d, frisou o guia de turismo, Genilson Rodrigues.<\/p>\n\n\n\n<figure class=\"wp-block-image size-full\"><img decoding=\"async\" width=\"900\" height=\"586\" src=\"https:\/\/noticiaempauta.com\/portal\/wp-content\/uploads\/2025\/03\/Capadocia-2-e1740763049943.jpeg\" alt=\"\" class=\"wp-image-268290\" srcset=\"https:\/\/noticiaempauta.com\/portal\/wp-content\/uploads\/2025\/03\/Capadocia-2-e1740763049943.jpeg 900w, https:\/\/noticiaempauta.com\/portal\/wp-content\/uploads\/2025\/03\/Capadocia-2-e1740763049943-300x195.jpeg 300w, https:\/\/noticiaempauta.com\/portal\/wp-content\/uploads\/2025\/03\/Capadocia-2-e1740763049943-768x500.jpeg 768w\" sizes=\"(max-width: 900px) 100vw, 900px\" \/><\/figure>\n\n\n\n<p><strong>Investimentos<\/strong><\/p>\n\n\n\n<p>Durante visita a S\u00e3o Jos\u00e9 do Piau\u00ed, em fevereiro, o governador Rafael Fonteles anunciou investimentos para transformar a Capad\u00f3cia Nordestina em um polo tur\u00edstico, em parceria com a prefeitura, gerando mais emprego e renda. Ele destacou o potencial da regi\u00e3o para o ecoturismo e turismo de aventura, refor\u00e7ando a import\u00e2ncia da iniciativa para impulsionar o desenvolvimento local.<\/p>\n\n\n\n<p>\u201cAqui temos a Capad\u00f3cia Nordestina, com suas incr\u00edveis forma\u00e7\u00f5es rochosas. Vamos lan\u00e7ar um programa de turismo para essa regi\u00e3o\u201d, afirmou o governador, tamb\u00e9m ressaltando que o destino j\u00e1 chama aten\u00e7\u00e3o no cen\u00e1rio nacional e internacional.<\/p>\n\n\n\n<p>Ascom\/Setur-PI<\/p>\n","protected":false},"excerpt":{"rendered":"<p>Para os aventureiros e apaixonados por paisagens impressionantes, o Piau\u00ed oferece um destino fascinante: a chamada \u201cCapad\u00f3cia Nordestina\u201d, localizada no munic\u00edpio de S\u00e3o Jos\u00e9 do Piau\u00ed, a 296 km de Teresina. O atrativo tur\u00edstico, tamb\u00e9m conhecido como S\u00edtio Luz, Cidade Encantada ou Tr\u00eas Irm\u00e3os, ganhou esse nome devido \u00e0s suas forma\u00e7\u00f5es rochosas \u00fanicas, que remetem [&hellip;]<\/p>\n","protected":false},"author":2,"featured_media":268291,"comment_status":"open","ping_status":"open","sticky":false,"template":"","format":"standard","meta":{"_mi_skip_tracking":false,"footnotes":""},"categories":[25,1,9,16],"tags":[],"class_list":["post-268289","post","type-post","status-publish","format-standard","has-post-thumbnail","hentry","category-destaques-site","category-geral","category-municipios","category-todas"],"acf":[],"yoast_head":"<!-- This site is optimized with the Yoast SEO Premium plugin v19.2 (Yoast SEO v26.9) - https:\/\/yoast.com\/product\/yoast-seo-premium-wordpress\/ -->\n<title>Capad\u00f3cia Nordestina: um destino surpreendente no cora\u00e7\u00e3o do Piau\u00ed - Portal Not\u00edcia em Pauta<\/title>\n<meta name=\"robots\" content=\"index, follow, max-snippet:-1, max-image-preview:large, max-video-preview:-1\" \/>\n<link rel=\"canonical\" href=\"https:\/\/noticiaempauta.com\/portal\/capadocia-nordestina-um-destino-surpreendente-no-coracao-do-piaui\/\" \/>\n<meta property=\"og:locale\" content=\"pt_BR\" \/>\n<meta property=\"og:type\" content=\"article\" \/>\n<meta property=\"og:title\" content=\"Capad\u00f3cia Nordestina: um destino surpreendente no cora\u00e7\u00e3o do Piau\u00ed\" \/>\n<meta property=\"og:description\" content=\"Para os aventureiros e apaixonados por paisagens impressionantes, o Piau\u00ed oferece um destino fascinante: a chamada \u201cCapad\u00f3cia Nordestina\u201d, localizada no munic\u00edpio de S\u00e3o Jos\u00e9 do Piau\u00ed, a 296 km de Teresina. O atrativo tur\u00edstico, tamb\u00e9m conhecido como S\u00edtio Luz, Cidade Encantada ou Tr\u00eas Irm\u00e3os, ganhou esse nome devido \u00e0s suas forma\u00e7\u00f5es rochosas \u00fanicas, que remetem [&hellip;]\" \/>\n<meta property=\"og:url\" content=\"https:\/\/noticiaempauta.com\/portal\/capadocia-nordestina-um-destino-surpreendente-no-coracao-do-piaui\/\" \/>\n<meta property=\"og:site_name\" content=\"Portal Not\u00edcia em Pauta\" \/>\n<meta property=\"article:publisher\" content=\"https:\/\/www.facebook.com\/Portal-Notcia-Em-Pauta-102292869264820\/\" \/>\n<meta property=\"article:published_time\" content=\"2025-03-06T12:38:59+00:00\" \/>\n<meta property=\"article:modified_time\" content=\"2025-03-06T12:39:03+00:00\" \/>\n<meta property=\"og:image\" content=\"https:\/\/noticiaempauta.com\/portal\/wp-content\/uploads\/2025\/03\/Capadocia-1.jpeg\" \/>\n\t<meta property=\"og:image:width\" content=\"1600\" \/>\n\t<meta property=\"og:image:height\" content=\"900\" \/>\n\t<meta property=\"og:image:type\" content=\"image\/jpeg\" \/>\n<meta name=\"author\" content=\"Reda\u00e7\u00e3o\" \/>\n<meta name=\"twitter:card\" content=\"summary_large_image\" \/>\n<meta name=\"twitter:label1\" content=\"Escrito por\" \/>\n\t<meta name=\"twitter:data1\" content=\"Reda\u00e7\u00e3o\" \/>\n\t<meta name=\"twitter:label2\" content=\"Est. tempo de leitura\" \/>\n\t<meta name=\"twitter:data2\" content=\"3 minutos\" \/>\n<script type=\"application\/ld+json\" class=\"yoast-schema-graph\">{\"@context\":\"https:\/\/schema.org\",\"@graph\":[{\"@type\":\"Article\",\"@id\":\"https:\/\/noticiaempauta.com\/portal\/capadocia-nordestina-um-destino-surpreendente-no-coracao-do-piaui\/#article\",\"isPartOf\":{\"@id\":\"https:\/\/noticiaempauta.com\/portal\/capadocia-nordestina-um-destino-surpreendente-no-coracao-do-piaui\/\"},\"author\":{\"name\":\"Reda\u00e7\u00e3o\",\"@id\":\"https:\/\/noticiaempauta.com\/portal\/#\/schema\/person\/a74af43dd1ab3deca45f988c717d57ac\"},\"headline\":\"Capad\u00f3cia Nordestina: um destino surpreendente no cora\u00e7\u00e3o do Piau\u00ed\",\"datePublished\":\"2025-03-06T12:38:59+00:00\",\"dateModified\":\"2025-03-06T12:39:03+00:00\",\"mainEntityOfPage\":{\"@id\":\"https:\/\/noticiaempauta.com\/portal\/capadocia-nordestina-um-destino-surpreendente-no-coracao-do-piaui\/\"},\"wordCount\":455,\"commentCount\":0,\"publisher\":{\"@id\":\"https:\/\/noticiaempauta.com\/portal\/#organization\"},\"image\":{\"@id\":\"https:\/\/noticiaempauta.com\/portal\/capadocia-nordestina-um-destino-surpreendente-no-coracao-do-piaui\/#primaryimage\"},\"thumbnailUrl\":\"https:\/\/noticiaempauta.com\/portal\/wp-content\/uploads\/2025\/03\/Capadocia-1.jpeg\",\"articleSection\":[\"Destaques\",\"Geral\",\"Munic\u00edpios\",\"Todas as Not\u00edcias\"],\"inLanguage\":\"pt-BR\",\"potentialAction\":[{\"@type\":\"CommentAction\",\"name\":\"Comment\",\"target\":[\"https:\/\/noticiaempauta.com\/portal\/capadocia-nordestina-um-destino-surpreendente-no-coracao-do-piaui\/#respond\"]}]},{\"@type\":\"WebPage\",\"@id\":\"https:\/\/noticiaempauta.com\/portal\/capadocia-nordestina-um-destino-surpreendente-no-coracao-do-piaui\/\",\"url\":\"https:\/\/noticiaempauta.com\/portal\/capadocia-nordestina-um-destino-surpreendente-no-coracao-do-piaui\/\",\"name\":\"Capad\u00f3cia Nordestina: um destino surpreendente no cora\u00e7\u00e3o do Piau\u00ed - Portal Not\u00edcia em Pauta\",\"isPartOf\":{\"@id\":\"https:\/\/noticiaempauta.com\/portal\/#website\"},\"primaryImageOfPage\":{\"@id\":\"https:\/\/noticiaempauta.com\/portal\/capadocia-nordestina-um-destino-surpreendente-no-coracao-do-piaui\/#primaryimage\"},\"image\":{\"@id\":\"https:\/\/noticiaempauta.com\/portal\/capadocia-nordestina-um-destino-surpreendente-no-coracao-do-piaui\/#primaryimage\"},\"thumbnailUrl\":\"https:\/\/noticiaempauta.com\/portal\/wp-content\/uploads\/2025\/03\/Capadocia-1.jpeg\",\"datePublished\":\"2025-03-06T12:38:59+00:00\",\"dateModified\":\"2025-03-06T12:39:03+00:00\",\"breadcrumb\":{\"@id\":\"https:\/\/noticiaempauta.com\/portal\/capadocia-nordestina-um-destino-surpreendente-no-coracao-do-piaui\/#breadcrumb\"},\"inLanguage\":\"pt-BR\",\"potentialAction\":[{\"@type\":\"ReadAction\",\"target\":[\"https:\/\/noticiaempauta.com\/portal\/capadocia-nordestina-um-destino-surpreendente-no-coracao-do-piaui\/\"]}]},{\"@type\":\"ImageObject\",\"inLanguage\":\"pt-BR\",\"@id\":\"https:\/\/noticiaempauta.com\/portal\/capadocia-nordestina-um-destino-surpreendente-no-coracao-do-piaui\/#primaryimage\",\"url\":\"https:\/\/noticiaempauta.com\/portal\/wp-content\/uploads\/2025\/03\/Capadocia-1.jpeg\",\"contentUrl\":\"https:\/\/noticiaempauta.com\/portal\/wp-content\/uploads\/2025\/03\/Capadocia-1.jpeg\",\"width\":1600,\"height\":900},{\"@type\":\"BreadcrumbList\",\"@id\":\"https:\/\/noticiaempauta.com\/portal\/capadocia-nordestina-um-destino-surpreendente-no-coracao-do-piaui\/#breadcrumb\",\"itemListElement\":[{\"@type\":\"ListItem\",\"position\":1,\"name\":\"P\u00e1gina Inicial\",\"item\":\"https:\/\/noticiaempauta.com\/portal\/\"},{\"@type\":\"ListItem\",\"position\":2,\"name\":\"Destaques\",\"item\":\"https:\/\/noticiaempauta.com\/portal\/destaques-site\/\"},{\"@type\":\"ListItem\",\"position\":3,\"name\":\"Capad\u00f3cia Nordestina: um destino surpreendente no cora\u00e7\u00e3o do Piau\u00ed\"}]},{\"@type\":\"WebSite\",\"@id\":\"https:\/\/noticiaempauta.com\/portal\/#website\",\"url\":\"https:\/\/noticiaempauta.com\/portal\/\",\"name\":\"Portal Not\u00edcia em Pauta\",\"description\":\"Voc\u00ea bem informado\",\"publisher\":{\"@id\":\"https:\/\/noticiaempauta.com\/portal\/#organization\"},\"potentialAction\":[{\"@type\":\"SearchAction\",\"target\":{\"@type\":\"EntryPoint\",\"urlTemplate\":\"https:\/\/noticiaempauta.com\/portal\/?s={search_term_string}\"},\"query-input\":{\"@type\":\"PropertyValueSpecification\",\"valueRequired\":true,\"valueName\":\"search_term_string\"}}],\"inLanguage\":\"pt-BR\"},{\"@type\":\"Organization\",\"@id\":\"https:\/\/noticiaempauta.com\/portal\/#organization\",\"name\":\"Portal Not\u00edcia em Pauta\",\"url\":\"https:\/\/noticiaempauta.com\/portal\/\",\"logo\":{\"@type\":\"ImageObject\",\"inLanguage\":\"pt-BR\",\"@id\":\"https:\/\/noticiaempauta.com\/portal\/#\/schema\/logo\/image\/\",\"url\":\"https:\/\/noticiaempauta.com\/portal\/wp-content\/uploads\/2022\/08\/logomarca_tema.fw_.png\",\"contentUrl\":\"https:\/\/noticiaempauta.com\/portal\/wp-content\/uploads\/2022\/08\/logomarca_tema.fw_.png\",\"width\":400,\"height\":232,\"caption\":\"Portal Not\u00edcia em Pauta\"},\"image\":{\"@id\":\"https:\/\/noticiaempauta.com\/portal\/#\/schema\/logo\/image\/\"},\"sameAs\":[\"https:\/\/www.facebook.com\/Portal-Notcia-Em-Pauta-102292869264820\/\",\"https:\/\/www.instagram.com\/portalnoticiaempauta\/\"]},{\"@type\":\"Person\",\"@id\":\"https:\/\/noticiaempauta.com\/portal\/#\/schema\/person\/a74af43dd1ab3deca45f988c717d57ac\",\"name\":\"Reda\u00e7\u00e3o\",\"image\":{\"@type\":\"ImageObject\",\"inLanguage\":\"pt-BR\",\"@id\":\"https:\/\/noticiaempauta.com\/portal\/#\/schema\/person\/image\/\",\"url\":\"https:\/\/secure.gravatar.com\/avatar\/03179346ecce6cdfc13361603e8f54242a90e5cde8618fa23c5c00aa2b0aadf3?s=96&d=mm&r=g\",\"contentUrl\":\"https:\/\/secure.gravatar.com\/avatar\/03179346ecce6cdfc13361603e8f54242a90e5cde8618fa23c5c00aa2b0aadf3?s=96&d=mm&r=g\",\"caption\":\"Reda\u00e7\u00e3o\"},\"sameAs\":[\"https:\/\/noticiaempauta.com\/portal\/\"],\"url\":\"https:\/\/noticiaempauta.com\/portal\/author\/fernando\/\"}]}<\/script>\n<!-- \/ Yoast SEO Premium plugin. -->","yoast_head_json":{"title":"Capad\u00f3cia Nordestina: um destino surpreendente no cora\u00e7\u00e3o do Piau\u00ed - Portal Not\u00edcia em Pauta","robots":{"index":"index","follow":"follow","max-snippet":"max-snippet:-1","max-image-preview":"max-image-preview:large","max-video-preview":"max-video-preview:-1"},"canonical":"https:\/\/noticiaempauta.com\/portal\/capadocia-nordestina-um-destino-surpreendente-no-coracao-do-piaui\/","og_locale":"pt_BR","og_type":"article","og_title":"Capad\u00f3cia Nordestina: um destino surpreendente no cora\u00e7\u00e3o do Piau\u00ed","og_description":"Para os aventureiros e apaixonados por paisagens impressionantes, o Piau\u00ed oferece um destino fascinante: a chamada \u201cCapad\u00f3cia Nordestina\u201d, localizada no munic\u00edpio de S\u00e3o Jos\u00e9 do Piau\u00ed, a 296 km de Teresina. O atrativo tur\u00edstico, tamb\u00e9m conhecido como S\u00edtio Luz, Cidade Encantada ou Tr\u00eas Irm\u00e3os, ganhou esse nome devido \u00e0s suas forma\u00e7\u00f5es rochosas \u00fanicas, que remetem [&hellip;]","og_url":"https:\/\/noticiaempauta.com\/portal\/capadocia-nordestina-um-destino-surpreendente-no-coracao-do-piaui\/","og_site_name":"Portal Not\u00edcia em Pauta","article_publisher":"https:\/\/www.facebook.com\/Portal-Notcia-Em-Pauta-102292869264820\/","article_published_time":"2025-03-06T12:38:59+00:00","article_modified_time":"2025-03-06T12:39:03+00:00","og_image":[{"width":1600,"height":900,"url":"https:\/\/noticiaempauta.com\/portal\/wp-content\/uploads\/2025\/03\/Capadocia-1.jpeg","type":"image\/jpeg"}],"author":"Reda\u00e7\u00e3o","twitter_card":"summary_large_image","twitter_misc":{"Escrito por":"Reda\u00e7\u00e3o","Est. tempo de leitura":"3 minutos"},"schema":{"@context":"https:\/\/schema.org","@graph":[{"@type":"Article","@id":"https:\/\/noticiaempauta.com\/portal\/capadocia-nordestina-um-destino-surpreendente-no-coracao-do-piaui\/#article","isPartOf":{"@id":"https:\/\/noticiaempauta.com\/portal\/capadocia-nordestina-um-destino-surpreendente-no-coracao-do-piaui\/"},"author":{"name":"Reda\u00e7\u00e3o","@id":"https:\/\/noticiaempauta.com\/portal\/#\/schema\/person\/a74af43dd1ab3deca45f988c717d57ac"},"headline":"Capad\u00f3cia Nordestina: um destino surpreendente no cora\u00e7\u00e3o do Piau\u00ed","datePublished":"2025-03-06T12:38:59+00:00","dateModified":"2025-03-06T12:39:03+00:00","mainEntityOfPage":{"@id":"https:\/\/noticiaempauta.com\/portal\/capadocia-nordestina-um-destino-surpreendente-no-coracao-do-piaui\/"},"wordCount":455,"commentCount":0,"publisher":{"@id":"https:\/\/noticiaempauta.com\/portal\/#organization"},"image":{"@id":"https:\/\/noticiaempauta.com\/portal\/capadocia-nordestina-um-destino-surpreendente-no-coracao-do-piaui\/#primaryimage"},"thumbnailUrl":"https:\/\/noticiaempauta.com\/portal\/wp-content\/uploads\/2025\/03\/Capadocia-1.jpeg","articleSection":["Destaques","Geral","Munic\u00edpios","Todas as Not\u00edcias"],"inLanguage":"pt-BR","potentialAction":[{"@type":"CommentAction","name":"Comment","target":["https:\/\/noticiaempauta.com\/portal\/capadocia-nordestina-um-destino-surpreendente-no-coracao-do-piaui\/#respond"]}]},{"@type":"WebPage","@id":"https:\/\/noticiaempauta.com\/portal\/capadocia-nordestina-um-destino-surpreendente-no-coracao-do-piaui\/","url":"https:\/\/noticiaempauta.com\/portal\/capadocia-nordestina-um-destino-surpreendente-no-coracao-do-piaui\/","name":"Capad\u00f3cia Nordestina: um destino surpreendente no cora\u00e7\u00e3o do Piau\u00ed - Portal Not\u00edcia em Pauta","isPartOf":{"@id":"https:\/\/noticiaempauta.com\/portal\/#website"},"primaryImageOfPage":{"@id":"https:\/\/noticiaempauta.com\/portal\/capadocia-nordestina-um-destino-surpreendente-no-coracao-do-piaui\/#primaryimage"},"image":{"@id":"https:\/\/noticiaempauta.com\/portal\/capadocia-nordestina-um-destino-surpreendente-no-coracao-do-piaui\/#primaryimage"},"thumbnailUrl":"https:\/\/noticiaempauta.com\/portal\/wp-content\/uploads\/2025\/03\/Capadocia-1.jpeg","datePublished":"2025-03-06T12:38:59+00:00","dateModified":"2025-03-06T12:39:03+00:00","breadcrumb":{"@id":"https:\/\/noticiaempauta.com\/portal\/capadocia-nordestina-um-destino-surpreendente-no-coracao-do-piaui\/#breadcrumb"},"inLanguage":"pt-BR","potentialAction":[{"@type":"ReadAction","target":["https:\/\/noticiaempauta.com\/portal\/capadocia-nordestina-um-destino-surpreendente-no-coracao-do-piaui\/"]}]},{"@type":"ImageObject","inLanguage":"pt-BR","@id":"https:\/\/noticiaempauta.com\/portal\/capadocia-nordestina-um-destino-surpreendente-no-coracao-do-piaui\/#primaryimage","url":"https:\/\/noticiaempauta.com\/portal\/wp-content\/uploads\/2025\/03\/Capadocia-1.jpeg","contentUrl":"https:\/\/noticiaempauta.com\/portal\/wp-content\/uploads\/2025\/03\/Capadocia-1.jpeg","width":1600,"height":900},{"@type":"BreadcrumbList","@id":"https:\/\/noticiaempauta.com\/portal\/capadocia-nordestina-um-destino-surpreendente-no-coracao-do-piaui\/#breadcrumb","itemListElement":[{"@type":"ListItem","position":1,"name":"P\u00e1gina Inicial","item":"https:\/\/noticiaempauta.com\/portal\/"},{"@type":"ListItem","position":2,"name":"Destaques","item":"https:\/\/noticiaempauta.com\/portal\/destaques-site\/"},{"@type":"ListItem","position":3,"name":"Capad\u00f3cia Nordestina: um destino surpreendente no cora\u00e7\u00e3o do Piau\u00ed"}]},{"@type":"WebSite","@id":"https:\/\/noticiaempauta.com\/portal\/#website","url":"https:\/\/noticiaempauta.com\/portal\/","name":"Portal Not\u00edcia em Pauta","description":"Voc\u00ea bem informado","publisher":{"@id":"https:\/\/noticiaempauta.com\/portal\/#organization"},"potentialAction":[{"@type":"SearchAction","target":{"@type":"EntryPoint","urlTemplate":"https:\/\/noticiaempauta.com\/portal\/?s={search_term_string}"},"query-input":{"@type":"PropertyValueSpecification","valueRequired":true,"valueName":"search_term_string"}}],"inLanguage":"pt-BR"},{"@type":"Organization","@id":"https:\/\/noticiaempauta.com\/portal\/#organization","name":"Portal Not\u00edcia em Pauta","url":"https:\/\/noticiaempauta.com\/portal\/","logo":{"@type":"ImageObject","inLanguage":"pt-BR","@id":"https:\/\/noticiaempauta.com\/portal\/#\/schema\/logo\/image\/","url":"https:\/\/noticiaempauta.com\/portal\/wp-content\/uploads\/2022\/08\/logomarca_tema.fw_.png","contentUrl":"https:\/\/noticiaempauta.com\/portal\/wp-content\/uploads\/2022\/08\/logomarca_tema.fw_.png","width":400,"height":232,"caption":"Portal Not\u00edcia em Pauta"},"image":{"@id":"https:\/\/noticiaempauta.com\/portal\/#\/schema\/logo\/image\/"},"sameAs":["https:\/\/www.facebook.com\/Portal-Notcia-Em-Pauta-102292869264820\/","https:\/\/www.instagram.com\/portalnoticiaempauta\/"]},{"@type":"Person","@id":"https:\/\/noticiaempauta.com\/portal\/#\/schema\/person\/a74af43dd1ab3deca45f988c717d57ac","name":"Reda\u00e7\u00e3o","image":{"@type":"ImageObject","inLanguage":"pt-BR","@id":"https:\/\/noticiaempauta.com\/portal\/#\/schema\/person\/image\/","url":"https:\/\/secure.gravatar.com\/avatar\/03179346ecce6cdfc13361603e8f54242a90e5cde8618fa23c5c00aa2b0aadf3?s=96&d=mm&r=g","contentUrl":"https:\/\/secure.gravatar.com\/avatar\/03179346ecce6cdfc13361603e8f54242a90e5cde8618fa23c5c00aa2b0aadf3?s=96&d=mm&r=g","caption":"Reda\u00e7\u00e3o"},"sameAs":["https:\/\/noticiaempauta.com\/portal\/"],"url":"https:\/\/noticiaempauta.com\/portal\/author\/fernando\/"}]}},"_links":{"self":[{"href":"https:\/\/noticiaempauta.com\/portal\/wp-json\/wp\/v2\/posts\/268289","targetHints":{"allow":["GET"]}}],"collection":[{"href":"https:\/\/noticiaempauta.com\/portal\/wp-json\/wp\/v2\/posts"}],"about":[{"href":"https:\/\/noticiaempauta.com\/portal\/wp-json\/wp\/v2\/types\/post"}],"author":[{"embeddable":true,"href":"https:\/\/noticiaempauta.com\/portal\/wp-json\/wp\/v2\/users\/2"}],"replies":[{"embeddable":true,"href":"https:\/\/noticiaempauta.com\/portal\/wp-json\/wp\/v2\/comments?post=268289"}],"version-history":[{"count":2,"href":"https:\/\/noticiaempauta.com\/portal\/wp-json\/wp\/v2\/posts\/268289\/revisions"}],"predecessor-version":[{"id":268293,"href":"https:\/\/noticiaempauta.com\/portal\/wp-json\/wp\/v2\/posts\/268289\/revisions\/268293"}],"wp:featuredmedia":[{"embeddable":true,"href":"https:\/\/noticiaempauta.com\/portal\/wp-json\/wp\/v2\/media\/268291"}],"wp:attachment":[{"href":"https:\/\/noticiaempauta.com\/portal\/wp-json\/wp\/v2\/media?parent=268289"}],"wp:term":[{"taxonomy":"category","embeddable":true,"href":"https:\/\/noticiaempauta.com\/portal\/wp-json\/wp\/v2\/categories?post=268289"},{"taxonomy":"post_tag","embeddable":true,"href":"https:\/\/noticiaempauta.com\/portal\/wp-json\/wp\/v2\/tags?post=268289"}],"curies":[{"name":"wp","href":"https:\/\/api.w.org\/{rel}","templated":true}]}}