{"id":268596,"date":"2025-03-12T15:22:59","date_gmt":"2025-03-12T18:22:59","guid":{"rendered":"https:\/\/noticiaempauta.com\/portal\/?p=268596"},"modified":"2025-03-12T17:23:15","modified_gmt":"2025-03-12T20:23:15","slug":"divulgada-a-programacao-da-ii-festa-dos-vaqueiros-de-sao-luis-do-piaui","status":"publish","type":"post","link":"https:\/\/noticiaempauta.com\/portal\/divulgada-a-programacao-da-ii-festa-dos-vaqueiros-de-sao-luis-do-piaui\/","title":{"rendered":"Divulgada a programa\u00e7\u00e3o da II Festa dos Vaqueiros de S\u00e3o Lu\u00eds do Piau\u00ed"},"content":{"rendered":"\n<p>Foi divulgada nesta quarta-feira, 12 de mar\u00e7o, a programa\u00e7\u00e3o alusiva a <strong>II edi\u00e7\u00e3o da Festa dos Vaqueiros de S\u00e3o Lu\u00eds do Piau\u00ed<\/strong>, que acontecer\u00e1 no per\u00edodo de 01 a 04 de maio com vasta programa\u00e7\u00e3o. <\/p>\n\n\n\n<figure class=\"wp-block-image size-large\"><img fetchpriority=\"high\" decoding=\"async\" width=\"792\" height=\"1024\" src=\"https:\/\/noticiaempauta.com\/portal\/wp-content\/uploads\/2025\/03\/WhatsApp-Image-2025-03-12-at-15.19.36-792x1024.jpeg\" alt=\"\" class=\"wp-image-268597\" srcset=\"https:\/\/noticiaempauta.com\/portal\/wp-content\/uploads\/2025\/03\/WhatsApp-Image-2025-03-12-at-15.19.36-792x1024.jpeg 792w, https:\/\/noticiaempauta.com\/portal\/wp-content\/uploads\/2025\/03\/WhatsApp-Image-2025-03-12-at-15.19.36-232x300.jpeg 232w, https:\/\/noticiaempauta.com\/portal\/wp-content\/uploads\/2025\/03\/WhatsApp-Image-2025-03-12-at-15.19.36-768x993.jpeg 768w, https:\/\/noticiaempauta.com\/portal\/wp-content\/uploads\/2025\/03\/WhatsApp-Image-2025-03-12-at-15.19.36.jpeg 990w\" sizes=\"(max-width: 792px) 100vw, 792px\" \/><\/figure>\n\n\n\n<p>O evento que se aproxima da sua segunda edi\u00e7\u00e3o passa a integrar o calend\u00e1rio de eventos do munic\u00edpio, especialmente ap\u00f3s a aprova\u00e7\u00e3o da lei que institui o 1\u00ba domingo de maio como o Dia do Vaqueiro no munic\u00edpio de S\u00e3o Lu\u00eds do Piau\u00ed, fruto de projeto apresentado pelos 5 vereadores da oposi\u00e7\u00e3o, e aprovado por unanimidade na C\u00e2mara Municipal.<\/p>\n\n\n\n<p>Tendo com um dos idealizadores o suplente de vereador Jo\u00e3o de Carlene, que est\u00e1 \u00e0 frente da organiza\u00e7\u00e3o das festividades, juntamente com a associa\u00e7\u00e3o ASCOMLAU, o evento tamb\u00e9m conta com o apoio do empres\u00e1rio e l\u00edder pol\u00edtico Josaf\u00e1 Marques e importantes l\u00edderes estaduais como os deputados Georgiano Neto, Simone Pereira, J\u00falio C\u00e9sar, senador Marcelo Castro e Governo do Estado.<\/p>\n\n\n\n<p><strong>Confira a programa\u00e7\u00e3o<\/strong><\/p>\n\n\n\n<p>Dia 1 de Maio &#8211; 20h30 &#8211; P\u00e9 de Serra com Edson (sanfoneiro local)<\/p>\n\n\n\n<p>Dia 2 de Maio &#8211; 20h30 &#8211;  Reisado dos Valdivinos, em seguida as 21h30 encontro de violeiros, Z\u00e9 Oliveira e Adailton Moura.<\/p>\n\n\n\n<p>Dia 3 de Maio &#8211; 13h30 ser\u00e1 promovido o curso de casqueamento, em seguida as 16h corrida de prado e a noite as 21h show com J.R dos Teclados.<\/p>\n\n\n\n<p>Dia 04 de Maio &#8211; Pela manh\u00e3 as 9h ser\u00e1 celebrada Missa Campal com os vaqueiros, em seguida cavalgada.<\/p>\n\n\n\n<p>12h &#8211; Almo\u00e7o em pra\u00e7a p\u00fablica<\/p>\n\n\n\n<p>13h30 &#8211; Disputa de repentes e toadas<\/p>\n\n\n\n<p>14h30 &#8211; Show com Isaias Forrozeiro<\/p>\n\n\n\n<p>16h30 &#8211; Show com Edson Sanfoneiro<\/p>\n\n\n\n<p>18h30 &#8211; Pronunciamentos, entrega das premia\u00e7\u00f5es e sorteios<\/p>\n\n\n\n<p>19h &#8211; Encerramento com show do cantor Francis Lopes<\/p>\n\n\n\n<figure class=\"wp-block-image size-large\"><img decoding=\"async\" width=\"802\" height=\"1024\" src=\"https:\/\/noticiaempauta.com\/portal\/wp-content\/uploads\/2025\/03\/WhatsApp-Image-2025-03-12-at-15.19.22-802x1024.jpeg\" alt=\"\" class=\"wp-image-268598\" srcset=\"https:\/\/noticiaempauta.com\/portal\/wp-content\/uploads\/2025\/03\/WhatsApp-Image-2025-03-12-at-15.19.22-802x1024.jpeg 802w, https:\/\/noticiaempauta.com\/portal\/wp-content\/uploads\/2025\/03\/WhatsApp-Image-2025-03-12-at-15.19.22-235x300.jpeg 235w, https:\/\/noticiaempauta.com\/portal\/wp-content\/uploads\/2025\/03\/WhatsApp-Image-2025-03-12-at-15.19.22-768x981.jpeg 768w, https:\/\/noticiaempauta.com\/portal\/wp-content\/uploads\/2025\/03\/WhatsApp-Image-2025-03-12-at-15.19.22.jpeg 1002w\" sizes=\"(max-width: 802px) 100vw, 802px\" \/><\/figure>\n","protected":false},"excerpt":{"rendered":"<p>Foi divulgada nesta quarta-feira, 12 de mar\u00e7o, a programa\u00e7\u00e3o alusiva a II edi\u00e7\u00e3o da Festa dos Vaqueiros de S\u00e3o Lu\u00eds do Piau\u00ed, que acontecer\u00e1 no per\u00edodo de 01 a 04 de maio com vasta programa\u00e7\u00e3o. O evento que se aproxima da sua segunda edi\u00e7\u00e3o passa a integrar o calend\u00e1rio de eventos do munic\u00edpio, especialmente ap\u00f3s [&hellip;]<\/p>\n","protected":false},"author":2,"featured_media":268599,"comment_status":"open","ping_status":"open","sticky":false,"template":"","format":"standard","meta":{"_mi_skip_tracking":false,"footnotes":""},"categories":[167,25,1,9,16],"tags":[],"class_list":["post-268596","post","type-post","status-publish","format-standard","has-post-thumbnail","hentry","category-cultura","category-destaques-site","category-geral","category-municipios","category-todas"],"acf":[],"yoast_head":"<!-- This site is optimized with the Yoast SEO Premium plugin v19.2 (Yoast SEO v26.9) - https:\/\/yoast.com\/product\/yoast-seo-premium-wordpress\/ -->\n<title>Divulgada a programa\u00e7\u00e3o da II Festa dos Vaqueiros de S\u00e3o Lu\u00eds do Piau\u00ed - Portal Not\u00edcia em Pauta<\/title>\n<meta name=\"robots\" content=\"index, follow, max-snippet:-1, max-image-preview:large, max-video-preview:-1\" \/>\n<link rel=\"canonical\" href=\"https:\/\/noticiaempauta.com\/portal\/divulgada-a-programacao-da-ii-festa-dos-vaqueiros-de-sao-luis-do-piaui\/\" \/>\n<meta property=\"og:locale\" content=\"pt_BR\" \/>\n<meta property=\"og:type\" content=\"article\" \/>\n<meta property=\"og:title\" content=\"Divulgada a programa\u00e7\u00e3o da II Festa dos Vaqueiros de S\u00e3o Lu\u00eds do Piau\u00ed\" \/>\n<meta property=\"og:description\" content=\"Foi divulgada nesta quarta-feira, 12 de mar\u00e7o, a programa\u00e7\u00e3o alusiva a II edi\u00e7\u00e3o da Festa dos Vaqueiros de S\u00e3o Lu\u00eds do Piau\u00ed, que acontecer\u00e1 no per\u00edodo de 01 a 04 de maio com vasta programa\u00e7\u00e3o. O evento que se aproxima da sua segunda edi\u00e7\u00e3o passa a integrar o calend\u00e1rio de eventos do munic\u00edpio, especialmente ap\u00f3s [&hellip;]\" \/>\n<meta property=\"og:url\" content=\"https:\/\/noticiaempauta.com\/portal\/divulgada-a-programacao-da-ii-festa-dos-vaqueiros-de-sao-luis-do-piaui\/\" \/>\n<meta property=\"og:site_name\" content=\"Portal Not\u00edcia em Pauta\" \/>\n<meta property=\"article:publisher\" content=\"https:\/\/www.facebook.com\/Portal-Notcia-Em-Pauta-102292869264820\/\" \/>\n<meta property=\"article:published_time\" content=\"2025-03-12T18:22:59+00:00\" \/>\n<meta property=\"article:modified_time\" content=\"2025-03-12T20:23:15+00:00\" \/>\n<meta property=\"og:image\" content=\"https:\/\/noticiaempauta.com\/portal\/wp-content\/uploads\/2025\/03\/WhatsApp-Image-2025-03-12-at-15.21.16.jpeg\" \/>\n\t<meta property=\"og:image:width\" content=\"1170\" \/>\n\t<meta property=\"og:image:height\" content=\"997\" \/>\n\t<meta property=\"og:image:type\" content=\"image\/jpeg\" \/>\n<meta name=\"author\" content=\"Reda\u00e7\u00e3o\" \/>\n<meta name=\"twitter:card\" content=\"summary_large_image\" \/>\n<meta name=\"twitter:label1\" content=\"Escrito por\" \/>\n\t<meta name=\"twitter:data1\" content=\"Reda\u00e7\u00e3o\" \/>\n\t<meta name=\"twitter:label2\" content=\"Est. tempo de leitura\" \/>\n\t<meta name=\"twitter:data2\" content=\"3 minutos\" \/>\n<script type=\"application\/ld+json\" class=\"yoast-schema-graph\">{\"@context\":\"https:\/\/schema.org\",\"@graph\":[{\"@type\":\"Article\",\"@id\":\"https:\/\/noticiaempauta.com\/portal\/divulgada-a-programacao-da-ii-festa-dos-vaqueiros-de-sao-luis-do-piaui\/#article\",\"isPartOf\":{\"@id\":\"https:\/\/noticiaempauta.com\/portal\/divulgada-a-programacao-da-ii-festa-dos-vaqueiros-de-sao-luis-do-piaui\/\"},\"author\":{\"name\":\"Reda\u00e7\u00e3o\",\"@id\":\"https:\/\/noticiaempauta.com\/portal\/#\/schema\/person\/a74af43dd1ab3deca45f988c717d57ac\"},\"headline\":\"Divulgada a programa\u00e7\u00e3o da II Festa dos Vaqueiros de S\u00e3o Lu\u00eds do Piau\u00ed\",\"datePublished\":\"2025-03-12T18:22:59+00:00\",\"dateModified\":\"2025-03-12T20:23:15+00:00\",\"mainEntityOfPage\":{\"@id\":\"https:\/\/noticiaempauta.com\/portal\/divulgada-a-programacao-da-ii-festa-dos-vaqueiros-de-sao-luis-do-piaui\/\"},\"wordCount\":321,\"commentCount\":0,\"publisher\":{\"@id\":\"https:\/\/noticiaempauta.com\/portal\/#organization\"},\"image\":{\"@id\":\"https:\/\/noticiaempauta.com\/portal\/divulgada-a-programacao-da-ii-festa-dos-vaqueiros-de-sao-luis-do-piaui\/#primaryimage\"},\"thumbnailUrl\":\"https:\/\/noticiaempauta.com\/portal\/wp-content\/uploads\/2025\/03\/WhatsApp-Image-2025-03-12-at-15.21.16.jpeg\",\"articleSection\":[\"Cultura\",\"Destaques\",\"Geral\",\"Munic\u00edpios\",\"Todas as Not\u00edcias\"],\"inLanguage\":\"pt-BR\",\"potentialAction\":[{\"@type\":\"CommentAction\",\"name\":\"Comment\",\"target\":[\"https:\/\/noticiaempauta.com\/portal\/divulgada-a-programacao-da-ii-festa-dos-vaqueiros-de-sao-luis-do-piaui\/#respond\"]}]},{\"@type\":\"WebPage\",\"@id\":\"https:\/\/noticiaempauta.com\/portal\/divulgada-a-programacao-da-ii-festa-dos-vaqueiros-de-sao-luis-do-piaui\/\",\"url\":\"https:\/\/noticiaempauta.com\/portal\/divulgada-a-programacao-da-ii-festa-dos-vaqueiros-de-sao-luis-do-piaui\/\",\"name\":\"Divulgada a programa\u00e7\u00e3o da II Festa dos Vaqueiros de S\u00e3o Lu\u00eds do Piau\u00ed - Portal Not\u00edcia em Pauta\",\"isPartOf\":{\"@id\":\"https:\/\/noticiaempauta.com\/portal\/#website\"},\"primaryImageOfPage\":{\"@id\":\"https:\/\/noticiaempauta.com\/portal\/divulgada-a-programacao-da-ii-festa-dos-vaqueiros-de-sao-luis-do-piaui\/#primaryimage\"},\"image\":{\"@id\":\"https:\/\/noticiaempauta.com\/portal\/divulgada-a-programacao-da-ii-festa-dos-vaqueiros-de-sao-luis-do-piaui\/#primaryimage\"},\"thumbnailUrl\":\"https:\/\/noticiaempauta.com\/portal\/wp-content\/uploads\/2025\/03\/WhatsApp-Image-2025-03-12-at-15.21.16.jpeg\",\"datePublished\":\"2025-03-12T18:22:59+00:00\",\"dateModified\":\"2025-03-12T20:23:15+00:00\",\"breadcrumb\":{\"@id\":\"https:\/\/noticiaempauta.com\/portal\/divulgada-a-programacao-da-ii-festa-dos-vaqueiros-de-sao-luis-do-piaui\/#breadcrumb\"},\"inLanguage\":\"pt-BR\",\"potentialAction\":[{\"@type\":\"ReadAction\",\"target\":[\"https:\/\/noticiaempauta.com\/portal\/divulgada-a-programacao-da-ii-festa-dos-vaqueiros-de-sao-luis-do-piaui\/\"]}]},{\"@type\":\"ImageObject\",\"inLanguage\":\"pt-BR\",\"@id\":\"https:\/\/noticiaempauta.com\/portal\/divulgada-a-programacao-da-ii-festa-dos-vaqueiros-de-sao-luis-do-piaui\/#primaryimage\",\"url\":\"https:\/\/noticiaempauta.com\/portal\/wp-content\/uploads\/2025\/03\/WhatsApp-Image-2025-03-12-at-15.21.16.jpeg\",\"contentUrl\":\"https:\/\/noticiaempauta.com\/portal\/wp-content\/uploads\/2025\/03\/WhatsApp-Image-2025-03-12-at-15.21.16.jpeg\",\"width\":1170,\"height\":997},{\"@type\":\"BreadcrumbList\",\"@id\":\"https:\/\/noticiaempauta.com\/portal\/divulgada-a-programacao-da-ii-festa-dos-vaqueiros-de-sao-luis-do-piaui\/#breadcrumb\",\"itemListElement\":[{\"@type\":\"ListItem\",\"position\":1,\"name\":\"P\u00e1gina Inicial\",\"item\":\"https:\/\/noticiaempauta.com\/portal\/\"},{\"@type\":\"ListItem\",\"position\":2,\"name\":\"Destaques\",\"item\":\"https:\/\/noticiaempauta.com\/portal\/destaques-site\/\"},{\"@type\":\"ListItem\",\"position\":3,\"name\":\"Divulgada a programa\u00e7\u00e3o da II Festa dos Vaqueiros de S\u00e3o Lu\u00eds do Piau\u00ed\"}]},{\"@type\":\"WebSite\",\"@id\":\"https:\/\/noticiaempauta.com\/portal\/#website\",\"url\":\"https:\/\/noticiaempauta.com\/portal\/\",\"name\":\"Portal Not\u00edcia em Pauta\",\"description\":\"Voc\u00ea bem informado\",\"publisher\":{\"@id\":\"https:\/\/noticiaempauta.com\/portal\/#organization\"},\"potentialAction\":[{\"@type\":\"SearchAction\",\"target\":{\"@type\":\"EntryPoint\",\"urlTemplate\":\"https:\/\/noticiaempauta.com\/portal\/?s={search_term_string}\"},\"query-input\":{\"@type\":\"PropertyValueSpecification\",\"valueRequired\":true,\"valueName\":\"search_term_string\"}}],\"inLanguage\":\"pt-BR\"},{\"@type\":\"Organization\",\"@id\":\"https:\/\/noticiaempauta.com\/portal\/#organization\",\"name\":\"Portal Not\u00edcia em Pauta\",\"url\":\"https:\/\/noticiaempauta.com\/portal\/\",\"logo\":{\"@type\":\"ImageObject\",\"inLanguage\":\"pt-BR\",\"@id\":\"https:\/\/noticiaempauta.com\/portal\/#\/schema\/logo\/image\/\",\"url\":\"https:\/\/noticiaempauta.com\/portal\/wp-content\/uploads\/2022\/08\/logomarca_tema.fw_.png\",\"contentUrl\":\"https:\/\/noticiaempauta.com\/portal\/wp-content\/uploads\/2022\/08\/logomarca_tema.fw_.png\",\"width\":400,\"height\":232,\"caption\":\"Portal Not\u00edcia em Pauta\"},\"image\":{\"@id\":\"https:\/\/noticiaempauta.com\/portal\/#\/schema\/logo\/image\/\"},\"sameAs\":[\"https:\/\/www.facebook.com\/Portal-Notcia-Em-Pauta-102292869264820\/\",\"https:\/\/www.instagram.com\/portalnoticiaempauta\/\"]},{\"@type\":\"Person\",\"@id\":\"https:\/\/noticiaempauta.com\/portal\/#\/schema\/person\/a74af43dd1ab3deca45f988c717d57ac\",\"name\":\"Reda\u00e7\u00e3o\",\"image\":{\"@type\":\"ImageObject\",\"inLanguage\":\"pt-BR\",\"@id\":\"https:\/\/noticiaempauta.com\/portal\/#\/schema\/person\/image\/\",\"url\":\"https:\/\/secure.gravatar.com\/avatar\/03179346ecce6cdfc13361603e8f54242a90e5cde8618fa23c5c00aa2b0aadf3?s=96&d=mm&r=g\",\"contentUrl\":\"https:\/\/secure.gravatar.com\/avatar\/03179346ecce6cdfc13361603e8f54242a90e5cde8618fa23c5c00aa2b0aadf3?s=96&d=mm&r=g\",\"caption\":\"Reda\u00e7\u00e3o\"},\"sameAs\":[\"https:\/\/noticiaempauta.com\/portal\/\"],\"url\":\"https:\/\/noticiaempauta.com\/portal\/author\/fernando\/\"}]}<\/script>\n<!-- \/ Yoast SEO Premium plugin. -->","yoast_head_json":{"title":"Divulgada a programa\u00e7\u00e3o da II Festa dos Vaqueiros de S\u00e3o Lu\u00eds do Piau\u00ed - Portal Not\u00edcia em Pauta","robots":{"index":"index","follow":"follow","max-snippet":"max-snippet:-1","max-image-preview":"max-image-preview:large","max-video-preview":"max-video-preview:-1"},"canonical":"https:\/\/noticiaempauta.com\/portal\/divulgada-a-programacao-da-ii-festa-dos-vaqueiros-de-sao-luis-do-piaui\/","og_locale":"pt_BR","og_type":"article","og_title":"Divulgada a programa\u00e7\u00e3o da II Festa dos Vaqueiros de S\u00e3o Lu\u00eds do Piau\u00ed","og_description":"Foi divulgada nesta quarta-feira, 12 de mar\u00e7o, a programa\u00e7\u00e3o alusiva a II edi\u00e7\u00e3o da Festa dos Vaqueiros de S\u00e3o Lu\u00eds do Piau\u00ed, que acontecer\u00e1 no per\u00edodo de 01 a 04 de maio com vasta programa\u00e7\u00e3o. O evento que se aproxima da sua segunda edi\u00e7\u00e3o passa a integrar o calend\u00e1rio de eventos do munic\u00edpio, especialmente ap\u00f3s [&hellip;]","og_url":"https:\/\/noticiaempauta.com\/portal\/divulgada-a-programacao-da-ii-festa-dos-vaqueiros-de-sao-luis-do-piaui\/","og_site_name":"Portal Not\u00edcia em Pauta","article_publisher":"https:\/\/www.facebook.com\/Portal-Notcia-Em-Pauta-102292869264820\/","article_published_time":"2025-03-12T18:22:59+00:00","article_modified_time":"2025-03-12T20:23:15+00:00","og_image":[{"width":1170,"height":997,"url":"https:\/\/noticiaempauta.com\/portal\/wp-content\/uploads\/2025\/03\/WhatsApp-Image-2025-03-12-at-15.21.16.jpeg","type":"image\/jpeg"}],"author":"Reda\u00e7\u00e3o","twitter_card":"summary_large_image","twitter_misc":{"Escrito por":"Reda\u00e7\u00e3o","Est. tempo de leitura":"3 minutos"},"schema":{"@context":"https:\/\/schema.org","@graph":[{"@type":"Article","@id":"https:\/\/noticiaempauta.com\/portal\/divulgada-a-programacao-da-ii-festa-dos-vaqueiros-de-sao-luis-do-piaui\/#article","isPartOf":{"@id":"https:\/\/noticiaempauta.com\/portal\/divulgada-a-programacao-da-ii-festa-dos-vaqueiros-de-sao-luis-do-piaui\/"},"author":{"name":"Reda\u00e7\u00e3o","@id":"https:\/\/noticiaempauta.com\/portal\/#\/schema\/person\/a74af43dd1ab3deca45f988c717d57ac"},"headline":"Divulgada a programa\u00e7\u00e3o da II Festa dos Vaqueiros de S\u00e3o Lu\u00eds do Piau\u00ed","datePublished":"2025-03-12T18:22:59+00:00","dateModified":"2025-03-12T20:23:15+00:00","mainEntityOfPage":{"@id":"https:\/\/noticiaempauta.com\/portal\/divulgada-a-programacao-da-ii-festa-dos-vaqueiros-de-sao-luis-do-piaui\/"},"wordCount":321,"commentCount":0,"publisher":{"@id":"https:\/\/noticiaempauta.com\/portal\/#organization"},"image":{"@id":"https:\/\/noticiaempauta.com\/portal\/divulgada-a-programacao-da-ii-festa-dos-vaqueiros-de-sao-luis-do-piaui\/#primaryimage"},"thumbnailUrl":"https:\/\/noticiaempauta.com\/portal\/wp-content\/uploads\/2025\/03\/WhatsApp-Image-2025-03-12-at-15.21.16.jpeg","articleSection":["Cultura","Destaques","Geral","Munic\u00edpios","Todas as Not\u00edcias"],"inLanguage":"pt-BR","potentialAction":[{"@type":"CommentAction","name":"Comment","target":["https:\/\/noticiaempauta.com\/portal\/divulgada-a-programacao-da-ii-festa-dos-vaqueiros-de-sao-luis-do-piaui\/#respond"]}]},{"@type":"WebPage","@id":"https:\/\/noticiaempauta.com\/portal\/divulgada-a-programacao-da-ii-festa-dos-vaqueiros-de-sao-luis-do-piaui\/","url":"https:\/\/noticiaempauta.com\/portal\/divulgada-a-programacao-da-ii-festa-dos-vaqueiros-de-sao-luis-do-piaui\/","name":"Divulgada a programa\u00e7\u00e3o da II Festa dos Vaqueiros de S\u00e3o Lu\u00eds do Piau\u00ed - Portal Not\u00edcia em Pauta","isPartOf":{"@id":"https:\/\/noticiaempauta.com\/portal\/#website"},"primaryImageOfPage":{"@id":"https:\/\/noticiaempauta.com\/portal\/divulgada-a-programacao-da-ii-festa-dos-vaqueiros-de-sao-luis-do-piaui\/#primaryimage"},"image":{"@id":"https:\/\/noticiaempauta.com\/portal\/divulgada-a-programacao-da-ii-festa-dos-vaqueiros-de-sao-luis-do-piaui\/#primaryimage"},"thumbnailUrl":"https:\/\/noticiaempauta.com\/portal\/wp-content\/uploads\/2025\/03\/WhatsApp-Image-2025-03-12-at-15.21.16.jpeg","datePublished":"2025-03-12T18:22:59+00:00","dateModified":"2025-03-12T20:23:15+00:00","breadcrumb":{"@id":"https:\/\/noticiaempauta.com\/portal\/divulgada-a-programacao-da-ii-festa-dos-vaqueiros-de-sao-luis-do-piaui\/#breadcrumb"},"inLanguage":"pt-BR","potentialAction":[{"@type":"ReadAction","target":["https:\/\/noticiaempauta.com\/portal\/divulgada-a-programacao-da-ii-festa-dos-vaqueiros-de-sao-luis-do-piaui\/"]}]},{"@type":"ImageObject","inLanguage":"pt-BR","@id":"https:\/\/noticiaempauta.com\/portal\/divulgada-a-programacao-da-ii-festa-dos-vaqueiros-de-sao-luis-do-piaui\/#primaryimage","url":"https:\/\/noticiaempauta.com\/portal\/wp-content\/uploads\/2025\/03\/WhatsApp-Image-2025-03-12-at-15.21.16.jpeg","contentUrl":"https:\/\/noticiaempauta.com\/portal\/wp-content\/uploads\/2025\/03\/WhatsApp-Image-2025-03-12-at-15.21.16.jpeg","width":1170,"height":997},{"@type":"BreadcrumbList","@id":"https:\/\/noticiaempauta.com\/portal\/divulgada-a-programacao-da-ii-festa-dos-vaqueiros-de-sao-luis-do-piaui\/#breadcrumb","itemListElement":[{"@type":"ListItem","position":1,"name":"P\u00e1gina Inicial","item":"https:\/\/noticiaempauta.com\/portal\/"},{"@type":"ListItem","position":2,"name":"Destaques","item":"https:\/\/noticiaempauta.com\/portal\/destaques-site\/"},{"@type":"ListItem","position":3,"name":"Divulgada a programa\u00e7\u00e3o da II Festa dos Vaqueiros de S\u00e3o Lu\u00eds do Piau\u00ed"}]},{"@type":"WebSite","@id":"https:\/\/noticiaempauta.com\/portal\/#website","url":"https:\/\/noticiaempauta.com\/portal\/","name":"Portal Not\u00edcia em Pauta","description":"Voc\u00ea bem informado","publisher":{"@id":"https:\/\/noticiaempauta.com\/portal\/#organization"},"potentialAction":[{"@type":"SearchAction","target":{"@type":"EntryPoint","urlTemplate":"https:\/\/noticiaempauta.com\/portal\/?s={search_term_string}"},"query-input":{"@type":"PropertyValueSpecification","valueRequired":true,"valueName":"search_term_string"}}],"inLanguage":"pt-BR"},{"@type":"Organization","@id":"https:\/\/noticiaempauta.com\/portal\/#organization","name":"Portal Not\u00edcia em Pauta","url":"https:\/\/noticiaempauta.com\/portal\/","logo":{"@type":"ImageObject","inLanguage":"pt-BR","@id":"https:\/\/noticiaempauta.com\/portal\/#\/schema\/logo\/image\/","url":"https:\/\/noticiaempauta.com\/portal\/wp-content\/uploads\/2022\/08\/logomarca_tema.fw_.png","contentUrl":"https:\/\/noticiaempauta.com\/portal\/wp-content\/uploads\/2022\/08\/logomarca_tema.fw_.png","width":400,"height":232,"caption":"Portal Not\u00edcia em Pauta"},"image":{"@id":"https:\/\/noticiaempauta.com\/portal\/#\/schema\/logo\/image\/"},"sameAs":["https:\/\/www.facebook.com\/Portal-Notcia-Em-Pauta-102292869264820\/","https:\/\/www.instagram.com\/portalnoticiaempauta\/"]},{"@type":"Person","@id":"https:\/\/noticiaempauta.com\/portal\/#\/schema\/person\/a74af43dd1ab3deca45f988c717d57ac","name":"Reda\u00e7\u00e3o","image":{"@type":"ImageObject","inLanguage":"pt-BR","@id":"https:\/\/noticiaempauta.com\/portal\/#\/schema\/person\/image\/","url":"https:\/\/secure.gravatar.com\/avatar\/03179346ecce6cdfc13361603e8f54242a90e5cde8618fa23c5c00aa2b0aadf3?s=96&d=mm&r=g","contentUrl":"https:\/\/secure.gravatar.com\/avatar\/03179346ecce6cdfc13361603e8f54242a90e5cde8618fa23c5c00aa2b0aadf3?s=96&d=mm&r=g","caption":"Reda\u00e7\u00e3o"},"sameAs":["https:\/\/noticiaempauta.com\/portal\/"],"url":"https:\/\/noticiaempauta.com\/portal\/author\/fernando\/"}]}},"_links":{"self":[{"href":"https:\/\/noticiaempauta.com\/portal\/wp-json\/wp\/v2\/posts\/268596","targetHints":{"allow":["GET"]}}],"collection":[{"href":"https:\/\/noticiaempauta.com\/portal\/wp-json\/wp\/v2\/posts"}],"about":[{"href":"https:\/\/noticiaempauta.com\/portal\/wp-json\/wp\/v2\/types\/post"}],"author":[{"embeddable":true,"href":"https:\/\/noticiaempauta.com\/portal\/wp-json\/wp\/v2\/users\/2"}],"replies":[{"embeddable":true,"href":"https:\/\/noticiaempauta.com\/portal\/wp-json\/wp\/v2\/comments?post=268596"}],"version-history":[{"count":7,"href":"https:\/\/noticiaempauta.com\/portal\/wp-json\/wp\/v2\/posts\/268596\/revisions"}],"predecessor-version":[{"id":268607,"href":"https:\/\/noticiaempauta.com\/portal\/wp-json\/wp\/v2\/posts\/268596\/revisions\/268607"}],"wp:featuredmedia":[{"embeddable":true,"href":"https:\/\/noticiaempauta.com\/portal\/wp-json\/wp\/v2\/media\/268599"}],"wp:attachment":[{"href":"https:\/\/noticiaempauta.com\/portal\/wp-json\/wp\/v2\/media?parent=268596"}],"wp:term":[{"taxonomy":"category","embeddable":true,"href":"https:\/\/noticiaempauta.com\/portal\/wp-json\/wp\/v2\/categories?post=268596"},{"taxonomy":"post_tag","embeddable":true,"href":"https:\/\/noticiaempauta.com\/portal\/wp-json\/wp\/v2\/tags?post=268596"}],"curies":[{"name":"wp","href":"https:\/\/api.w.org\/{rel}","templated":true}]}}