{"id":268662,"date":"2025-03-14T10:53:39","date_gmt":"2025-03-14T13:53:39","guid":{"rendered":"https:\/\/noticiaempauta.com\/portal\/?p=268662"},"modified":"2025-03-14T10:53:41","modified_gmt":"2025-03-14T13:53:41","slug":"parceria-da-adh-com-secretaria-de-saude-de-picos-leva-atendimento-pediatrico-e-recreacao-ao-bairro-cidade-de-deus","status":"publish","type":"post","link":"https:\/\/noticiaempauta.com\/portal\/parceria-da-adh-com-secretaria-de-saude-de-picos-leva-atendimento-pediatrico-e-recreacao-ao-bairro-cidade-de-deus\/","title":{"rendered":"Parceria da ADH com Secretaria de Sa\u00fade de Picos leva atendimento pedi\u00e1trico e recrea\u00e7\u00e3o ao bairro Cidade de Deus"},"content":{"rendered":"\n<p>A Ag\u00eancia de Desenvolvimento Habitacional do Piau\u00ed (ADH), por meio do seu Escrit\u00f3rio Regional em Picos, segue refor\u00e7ando seu compromisso n\u00e3o apenas com a habita\u00e7\u00e3o, mas tamb\u00e9m com a\u00e7\u00f5es sociais que beneficiam a comunidade. No pr\u00f3ximo domingo (16), em parceria com o Centro de Abastecimento Farmac\u00eautico, da Secretaria Municipal de Sa\u00fade de Picos, a ADH realizar\u00e1 uma a\u00e7\u00e3o social no bairro Cidade de Deus, no Centro de Conviv\u00eancia, pr\u00f3ximo \u00e0 Igreja Cat\u00f3lica.<\/p>\n\n\n\n<figure class=\"wp-block-image size-large\"><img fetchpriority=\"high\" decoding=\"async\" width=\"819\" height=\"1024\" src=\"https:\/\/noticiaempauta.com\/portal\/wp-content\/uploads\/2025\/03\/659143d8-9efc-4f69-8710-ab13962e32b8-819x1024.jpeg\" alt=\"\" class=\"wp-image-268663\" srcset=\"https:\/\/noticiaempauta.com\/portal\/wp-content\/uploads\/2025\/03\/659143d8-9efc-4f69-8710-ab13962e32b8-819x1024.jpeg 819w, https:\/\/noticiaempauta.com\/portal\/wp-content\/uploads\/2025\/03\/659143d8-9efc-4f69-8710-ab13962e32b8-240x300.jpeg 240w, https:\/\/noticiaempauta.com\/portal\/wp-content\/uploads\/2025\/03\/659143d8-9efc-4f69-8710-ab13962e32b8-768x960.jpeg 768w, https:\/\/noticiaempauta.com\/portal\/wp-content\/uploads\/2025\/03\/659143d8-9efc-4f69-8710-ab13962e32b8.jpeg 1024w\" sizes=\"(max-width: 819px) 100vw, 819px\" \/><\/figure>\n\n\n\n<p>A iniciativa oferecer\u00e1 atendimento m\u00e9dico pedi\u00e1trico e distribui\u00e7\u00e3o gratuita de medicamentos, com foco nas fam\u00edlias que residem no conjunto habitacional. Al\u00e9m disso, a programa\u00e7\u00e3o inclui atividades recreativas para as crian\u00e7as, com momentos de pintura e distribui\u00e7\u00e3o de frutas, bem como orienta\u00e7\u00e3o sobre sa\u00fade mental para todos os presentes. O atendimento volunt\u00e1rio ser\u00e1 feito pela m\u00e9dica pediatra, Williany Moura e pela farmac\u00eautica Lilian Luz, respons\u00e1veis pela arrecada\u00e7\u00e3o dos medicamentos.<\/p>\n\n\n\n<p>Essa a\u00e7\u00e3o social \u00e9 uma continuidade da mobiliza\u00e7\u00e3o solid\u00e1ria que a ADH promoveu em janeiro deste ano, quando fortes chuvas atingiram a cidade de Picos. Na ocasi\u00e3o, o Escrit\u00f3rio Regional da Ag\u00eancia atuou como ponto de coleta de doa\u00e7\u00f5es, arrecadando itens essenciais que foram distribu\u00eddos \u00e0s v\u00edtimas das enchentes pelo Ex\u00e9rcito Brasileiro. Parte dos medicamentos que ser\u00e3o entregues no evento de domingo tamb\u00e9m foi fruto dessa campanha solid\u00e1ria, reafirmando o compromisso da ADH em estar presente e apoiar a popula\u00e7\u00e3o em momentos cr\u00edticos.<\/p>\n\n\n\n<p>\u201cRecebemos a doa\u00e7\u00e3o de medicamentos e parte n\u00f3s j\u00e1 repassamos para algumas unidades b\u00e1sicas de sa\u00fade e com essa outra parte faremos um atendimento no bairro Cidade de Deus, pois h\u00e1 muitas crian\u00e7as e ap\u00f3s as enchentes houve registro de muitos casos de viroses. Conseguimos estabelecer essa parceria com o CAF durante a campanha agora vamos estender realizando mais essa a\u00e7\u00e3o social\u201d, explica Irene Ferreira, gerente do Escrit\u00f3rio Regional de Picos.<\/p>\n\n\n\n<p>Para o secret\u00e1rio municipal de sa\u00fade, Dr. Thales Coelho, essa parceria vai beneficiar as fam\u00edlias que mais precisam. &#8220;A secretaria municipal de sa\u00fade de Picos est\u00e1 atuando de forma efetiva para minimizar os danos provocados pelas chuvas deste ano. Ficamos gratos com toda solidariedade que recebemos das institui\u00e7\u00f5es estaduais, como a ADH, e refor\u00e7amos que essas parcerias em atividades sociais como esta, trazem muitos benef\u00edcios as comunidades assistidas&#8221;, avaliou o secret\u00e1rio.<br>Fundado em 2005, o Conjunto Francisca Trindade re\u00fane aproximadamente 100 fam\u00edlias e \u00e9 conhecido por Cidade de Deus. Ele \u00e9 um dos residenciais constru\u00eddos pelo Governo do Estado em Picos.<\/p>\n\n\n\n<p>A ADH convida todos os moradores do bairro Cidade de Deus a participarem desse momento de cuidado coletivo. A a\u00e7\u00e3o ser\u00e1 realizada a partir das 8h e segue at\u00e9 o turno da tarde, com atendimentos gratuitos e atividades para toda a fam\u00edlia.<\/p>\n\n\n\n<p><\/p>\n","protected":false},"excerpt":{"rendered":"<p>A Ag\u00eancia de Desenvolvimento Habitacional do Piau\u00ed (ADH), por meio do seu Escrit\u00f3rio Regional em Picos, segue refor\u00e7ando seu compromisso n\u00e3o apenas com a habita\u00e7\u00e3o, mas tamb\u00e9m com a\u00e7\u00f5es sociais que beneficiam a comunidade. No pr\u00f3ximo domingo (16), em parceria com o Centro de Abastecimento Farmac\u00eautico, da Secretaria Municipal de Sa\u00fade de Picos, a ADH [&hellip;]<\/p>\n","protected":false},"author":2,"featured_media":268664,"comment_status":"open","ping_status":"open","sticky":false,"template":"","format":"standard","meta":{"_mi_skip_tracking":false,"footnotes":""},"categories":[25,1,5,8,16],"tags":[],"class_list":["post-268662","post","type-post","status-publish","format-standard","has-post-thumbnail","hentry","category-destaques-site","category-geral","category-saude","category-social","category-todas"],"acf":[],"yoast_head":"<!-- This site is optimized with the Yoast SEO Premium plugin v19.2 (Yoast SEO v26.9) - https:\/\/yoast.com\/product\/yoast-seo-premium-wordpress\/ -->\n<title>Parceria da ADH com Secretaria de Sa\u00fade de Picos leva atendimento pedi\u00e1trico e recrea\u00e7\u00e3o ao bairro Cidade de Deus - Portal Not\u00edcia em Pauta<\/title>\n<meta name=\"robots\" content=\"index, follow, max-snippet:-1, max-image-preview:large, max-video-preview:-1\" \/>\n<link rel=\"canonical\" href=\"https:\/\/noticiaempauta.com\/portal\/parceria-da-adh-com-secretaria-de-saude-de-picos-leva-atendimento-pediatrico-e-recreacao-ao-bairro-cidade-de-deus\/\" \/>\n<meta property=\"og:locale\" content=\"pt_BR\" \/>\n<meta property=\"og:type\" content=\"article\" \/>\n<meta property=\"og:title\" content=\"Parceria da ADH com Secretaria de Sa\u00fade de Picos leva atendimento pedi\u00e1trico e recrea\u00e7\u00e3o ao bairro Cidade de Deus\" \/>\n<meta property=\"og:description\" content=\"A Ag\u00eancia de Desenvolvimento Habitacional do Piau\u00ed (ADH), por meio do seu Escrit\u00f3rio Regional em Picos, segue refor\u00e7ando seu compromisso n\u00e3o apenas com a habita\u00e7\u00e3o, mas tamb\u00e9m com a\u00e7\u00f5es sociais que beneficiam a comunidade. No pr\u00f3ximo domingo (16), em parceria com o Centro de Abastecimento Farmac\u00eautico, da Secretaria Municipal de Sa\u00fade de Picos, a ADH [&hellip;]\" \/>\n<meta property=\"og:url\" content=\"https:\/\/noticiaempauta.com\/portal\/parceria-da-adh-com-secretaria-de-saude-de-picos-leva-atendimento-pediatrico-e-recreacao-ao-bairro-cidade-de-deus\/\" \/>\n<meta property=\"og:site_name\" content=\"Portal Not\u00edcia em Pauta\" \/>\n<meta property=\"article:publisher\" content=\"https:\/\/www.facebook.com\/Portal-Notcia-Em-Pauta-102292869264820\/\" \/>\n<meta property=\"article:published_time\" content=\"2025-03-14T13:53:39+00:00\" \/>\n<meta property=\"article:modified_time\" content=\"2025-03-14T13:53:41+00:00\" \/>\n<meta property=\"og:image\" content=\"https:\/\/noticiaempauta.com\/portal\/wp-content\/uploads\/2025\/03\/659143d8-9efc-4f69-8710-ab13962e32b8-1.jpeg\" \/>\n\t<meta property=\"og:image:width\" content=\"1024\" \/>\n\t<meta property=\"og:image:height\" content=\"1280\" \/>\n\t<meta property=\"og:image:type\" content=\"image\/jpeg\" \/>\n<meta name=\"author\" content=\"Reda\u00e7\u00e3o\" \/>\n<meta name=\"twitter:card\" content=\"summary_large_image\" \/>\n<meta name=\"twitter:label1\" content=\"Escrito por\" \/>\n\t<meta name=\"twitter:data1\" content=\"Reda\u00e7\u00e3o\" \/>\n\t<meta name=\"twitter:label2\" content=\"Est. tempo de leitura\" \/>\n\t<meta name=\"twitter:data2\" content=\"3 minutos\" \/>\n<script type=\"application\/ld+json\" class=\"yoast-schema-graph\">{\"@context\":\"https:\/\/schema.org\",\"@graph\":[{\"@type\":\"Article\",\"@id\":\"https:\/\/noticiaempauta.com\/portal\/parceria-da-adh-com-secretaria-de-saude-de-picos-leva-atendimento-pediatrico-e-recreacao-ao-bairro-cidade-de-deus\/#article\",\"isPartOf\":{\"@id\":\"https:\/\/noticiaempauta.com\/portal\/parceria-da-adh-com-secretaria-de-saude-de-picos-leva-atendimento-pediatrico-e-recreacao-ao-bairro-cidade-de-deus\/\"},\"author\":{\"name\":\"Reda\u00e7\u00e3o\",\"@id\":\"https:\/\/noticiaempauta.com\/portal\/#\/schema\/person\/a74af43dd1ab3deca45f988c717d57ac\"},\"headline\":\"Parceria da ADH com Secretaria de Sa\u00fade de Picos leva atendimento pedi\u00e1trico e recrea\u00e7\u00e3o ao bairro Cidade de Deus\",\"datePublished\":\"2025-03-14T13:53:39+00:00\",\"dateModified\":\"2025-03-14T13:53:41+00:00\",\"mainEntityOfPage\":{\"@id\":\"https:\/\/noticiaempauta.com\/portal\/parceria-da-adh-com-secretaria-de-saude-de-picos-leva-atendimento-pediatrico-e-recreacao-ao-bairro-cidade-de-deus\/\"},\"wordCount\":517,\"commentCount\":0,\"publisher\":{\"@id\":\"https:\/\/noticiaempauta.com\/portal\/#organization\"},\"image\":{\"@id\":\"https:\/\/noticiaempauta.com\/portal\/parceria-da-adh-com-secretaria-de-saude-de-picos-leva-atendimento-pediatrico-e-recreacao-ao-bairro-cidade-de-deus\/#primaryimage\"},\"thumbnailUrl\":\"https:\/\/noticiaempauta.com\/portal\/wp-content\/uploads\/2025\/03\/659143d8-9efc-4f69-8710-ab13962e32b8-1.jpeg\",\"articleSection\":[\"Destaques\",\"Geral\",\"Sa\u00fade\",\"Social\",\"Todas as Not\u00edcias\"],\"inLanguage\":\"pt-BR\",\"potentialAction\":[{\"@type\":\"CommentAction\",\"name\":\"Comment\",\"target\":[\"https:\/\/noticiaempauta.com\/portal\/parceria-da-adh-com-secretaria-de-saude-de-picos-leva-atendimento-pediatrico-e-recreacao-ao-bairro-cidade-de-deus\/#respond\"]}]},{\"@type\":\"WebPage\",\"@id\":\"https:\/\/noticiaempauta.com\/portal\/parceria-da-adh-com-secretaria-de-saude-de-picos-leva-atendimento-pediatrico-e-recreacao-ao-bairro-cidade-de-deus\/\",\"url\":\"https:\/\/noticiaempauta.com\/portal\/parceria-da-adh-com-secretaria-de-saude-de-picos-leva-atendimento-pediatrico-e-recreacao-ao-bairro-cidade-de-deus\/\",\"name\":\"Parceria da ADH com Secretaria de Sa\u00fade de Picos leva atendimento pedi\u00e1trico e recrea\u00e7\u00e3o ao bairro Cidade de Deus - Portal Not\u00edcia em Pauta\",\"isPartOf\":{\"@id\":\"https:\/\/noticiaempauta.com\/portal\/#website\"},\"primaryImageOfPage\":{\"@id\":\"https:\/\/noticiaempauta.com\/portal\/parceria-da-adh-com-secretaria-de-saude-de-picos-leva-atendimento-pediatrico-e-recreacao-ao-bairro-cidade-de-deus\/#primaryimage\"},\"image\":{\"@id\":\"https:\/\/noticiaempauta.com\/portal\/parceria-da-adh-com-secretaria-de-saude-de-picos-leva-atendimento-pediatrico-e-recreacao-ao-bairro-cidade-de-deus\/#primaryimage\"},\"thumbnailUrl\":\"https:\/\/noticiaempauta.com\/portal\/wp-content\/uploads\/2025\/03\/659143d8-9efc-4f69-8710-ab13962e32b8-1.jpeg\",\"datePublished\":\"2025-03-14T13:53:39+00:00\",\"dateModified\":\"2025-03-14T13:53:41+00:00\",\"breadcrumb\":{\"@id\":\"https:\/\/noticiaempauta.com\/portal\/parceria-da-adh-com-secretaria-de-saude-de-picos-leva-atendimento-pediatrico-e-recreacao-ao-bairro-cidade-de-deus\/#breadcrumb\"},\"inLanguage\":\"pt-BR\",\"potentialAction\":[{\"@type\":\"ReadAction\",\"target\":[\"https:\/\/noticiaempauta.com\/portal\/parceria-da-adh-com-secretaria-de-saude-de-picos-leva-atendimento-pediatrico-e-recreacao-ao-bairro-cidade-de-deus\/\"]}]},{\"@type\":\"ImageObject\",\"inLanguage\":\"pt-BR\",\"@id\":\"https:\/\/noticiaempauta.com\/portal\/parceria-da-adh-com-secretaria-de-saude-de-picos-leva-atendimento-pediatrico-e-recreacao-ao-bairro-cidade-de-deus\/#primaryimage\",\"url\":\"https:\/\/noticiaempauta.com\/portal\/wp-content\/uploads\/2025\/03\/659143d8-9efc-4f69-8710-ab13962e32b8-1.jpeg\",\"contentUrl\":\"https:\/\/noticiaempauta.com\/portal\/wp-content\/uploads\/2025\/03\/659143d8-9efc-4f69-8710-ab13962e32b8-1.jpeg\",\"width\":1024,\"height\":1280},{\"@type\":\"BreadcrumbList\",\"@id\":\"https:\/\/noticiaempauta.com\/portal\/parceria-da-adh-com-secretaria-de-saude-de-picos-leva-atendimento-pediatrico-e-recreacao-ao-bairro-cidade-de-deus\/#breadcrumb\",\"itemListElement\":[{\"@type\":\"ListItem\",\"position\":1,\"name\":\"P\u00e1gina Inicial\",\"item\":\"https:\/\/noticiaempauta.com\/portal\/\"},{\"@type\":\"ListItem\",\"position\":2,\"name\":\"Destaques\",\"item\":\"https:\/\/noticiaempauta.com\/portal\/destaques-site\/\"},{\"@type\":\"ListItem\",\"position\":3,\"name\":\"Parceria da ADH com Secretaria de Sa\u00fade de Picos leva atendimento pedi\u00e1trico e recrea\u00e7\u00e3o ao bairro Cidade de Deus\"}]},{\"@type\":\"WebSite\",\"@id\":\"https:\/\/noticiaempauta.com\/portal\/#website\",\"url\":\"https:\/\/noticiaempauta.com\/portal\/\",\"name\":\"Portal Not\u00edcia em Pauta\",\"description\":\"Voc\u00ea bem informado\",\"publisher\":{\"@id\":\"https:\/\/noticiaempauta.com\/portal\/#organization\"},\"potentialAction\":[{\"@type\":\"SearchAction\",\"target\":{\"@type\":\"EntryPoint\",\"urlTemplate\":\"https:\/\/noticiaempauta.com\/portal\/?s={search_term_string}\"},\"query-input\":{\"@type\":\"PropertyValueSpecification\",\"valueRequired\":true,\"valueName\":\"search_term_string\"}}],\"inLanguage\":\"pt-BR\"},{\"@type\":\"Organization\",\"@id\":\"https:\/\/noticiaempauta.com\/portal\/#organization\",\"name\":\"Portal Not\u00edcia em Pauta\",\"url\":\"https:\/\/noticiaempauta.com\/portal\/\",\"logo\":{\"@type\":\"ImageObject\",\"inLanguage\":\"pt-BR\",\"@id\":\"https:\/\/noticiaempauta.com\/portal\/#\/schema\/logo\/image\/\",\"url\":\"https:\/\/noticiaempauta.com\/portal\/wp-content\/uploads\/2022\/08\/logomarca_tema.fw_.png\",\"contentUrl\":\"https:\/\/noticiaempauta.com\/portal\/wp-content\/uploads\/2022\/08\/logomarca_tema.fw_.png\",\"width\":400,\"height\":232,\"caption\":\"Portal Not\u00edcia em Pauta\"},\"image\":{\"@id\":\"https:\/\/noticiaempauta.com\/portal\/#\/schema\/logo\/image\/\"},\"sameAs\":[\"https:\/\/www.facebook.com\/Portal-Notcia-Em-Pauta-102292869264820\/\",\"https:\/\/www.instagram.com\/portalnoticiaempauta\/\"]},{\"@type\":\"Person\",\"@id\":\"https:\/\/noticiaempauta.com\/portal\/#\/schema\/person\/a74af43dd1ab3deca45f988c717d57ac\",\"name\":\"Reda\u00e7\u00e3o\",\"image\":{\"@type\":\"ImageObject\",\"inLanguage\":\"pt-BR\",\"@id\":\"https:\/\/noticiaempauta.com\/portal\/#\/schema\/person\/image\/\",\"url\":\"https:\/\/secure.gravatar.com\/avatar\/03179346ecce6cdfc13361603e8f54242a90e5cde8618fa23c5c00aa2b0aadf3?s=96&d=mm&r=g\",\"contentUrl\":\"https:\/\/secure.gravatar.com\/avatar\/03179346ecce6cdfc13361603e8f54242a90e5cde8618fa23c5c00aa2b0aadf3?s=96&d=mm&r=g\",\"caption\":\"Reda\u00e7\u00e3o\"},\"sameAs\":[\"https:\/\/noticiaempauta.com\/portal\/\"],\"url\":\"https:\/\/noticiaempauta.com\/portal\/author\/fernando\/\"}]}<\/script>\n<!-- \/ Yoast SEO Premium plugin. -->","yoast_head_json":{"title":"Parceria da ADH com Secretaria de Sa\u00fade de Picos leva atendimento pedi\u00e1trico e recrea\u00e7\u00e3o ao bairro Cidade de Deus - Portal Not\u00edcia em Pauta","robots":{"index":"index","follow":"follow","max-snippet":"max-snippet:-1","max-image-preview":"max-image-preview:large","max-video-preview":"max-video-preview:-1"},"canonical":"https:\/\/noticiaempauta.com\/portal\/parceria-da-adh-com-secretaria-de-saude-de-picos-leva-atendimento-pediatrico-e-recreacao-ao-bairro-cidade-de-deus\/","og_locale":"pt_BR","og_type":"article","og_title":"Parceria da ADH com Secretaria de Sa\u00fade de Picos leva atendimento pedi\u00e1trico e recrea\u00e7\u00e3o ao bairro Cidade de Deus","og_description":"A Ag\u00eancia de Desenvolvimento Habitacional do Piau\u00ed (ADH), por meio do seu Escrit\u00f3rio Regional em Picos, segue refor\u00e7ando seu compromisso n\u00e3o apenas com a habita\u00e7\u00e3o, mas tamb\u00e9m com a\u00e7\u00f5es sociais que beneficiam a comunidade. No pr\u00f3ximo domingo (16), em parceria com o Centro de Abastecimento Farmac\u00eautico, da Secretaria Municipal de Sa\u00fade de Picos, a ADH [&hellip;]","og_url":"https:\/\/noticiaempauta.com\/portal\/parceria-da-adh-com-secretaria-de-saude-de-picos-leva-atendimento-pediatrico-e-recreacao-ao-bairro-cidade-de-deus\/","og_site_name":"Portal Not\u00edcia em Pauta","article_publisher":"https:\/\/www.facebook.com\/Portal-Notcia-Em-Pauta-102292869264820\/","article_published_time":"2025-03-14T13:53:39+00:00","article_modified_time":"2025-03-14T13:53:41+00:00","og_image":[{"width":1024,"height":1280,"url":"https:\/\/noticiaempauta.com\/portal\/wp-content\/uploads\/2025\/03\/659143d8-9efc-4f69-8710-ab13962e32b8-1.jpeg","type":"image\/jpeg"}],"author":"Reda\u00e7\u00e3o","twitter_card":"summary_large_image","twitter_misc":{"Escrito por":"Reda\u00e7\u00e3o","Est. tempo de leitura":"3 minutos"},"schema":{"@context":"https:\/\/schema.org","@graph":[{"@type":"Article","@id":"https:\/\/noticiaempauta.com\/portal\/parceria-da-adh-com-secretaria-de-saude-de-picos-leva-atendimento-pediatrico-e-recreacao-ao-bairro-cidade-de-deus\/#article","isPartOf":{"@id":"https:\/\/noticiaempauta.com\/portal\/parceria-da-adh-com-secretaria-de-saude-de-picos-leva-atendimento-pediatrico-e-recreacao-ao-bairro-cidade-de-deus\/"},"author":{"name":"Reda\u00e7\u00e3o","@id":"https:\/\/noticiaempauta.com\/portal\/#\/schema\/person\/a74af43dd1ab3deca45f988c717d57ac"},"headline":"Parceria da ADH com Secretaria de Sa\u00fade de Picos leva atendimento pedi\u00e1trico e recrea\u00e7\u00e3o ao bairro Cidade de Deus","datePublished":"2025-03-14T13:53:39+00:00","dateModified":"2025-03-14T13:53:41+00:00","mainEntityOfPage":{"@id":"https:\/\/noticiaempauta.com\/portal\/parceria-da-adh-com-secretaria-de-saude-de-picos-leva-atendimento-pediatrico-e-recreacao-ao-bairro-cidade-de-deus\/"},"wordCount":517,"commentCount":0,"publisher":{"@id":"https:\/\/noticiaempauta.com\/portal\/#organization"},"image":{"@id":"https:\/\/noticiaempauta.com\/portal\/parceria-da-adh-com-secretaria-de-saude-de-picos-leva-atendimento-pediatrico-e-recreacao-ao-bairro-cidade-de-deus\/#primaryimage"},"thumbnailUrl":"https:\/\/noticiaempauta.com\/portal\/wp-content\/uploads\/2025\/03\/659143d8-9efc-4f69-8710-ab13962e32b8-1.jpeg","articleSection":["Destaques","Geral","Sa\u00fade","Social","Todas as Not\u00edcias"],"inLanguage":"pt-BR","potentialAction":[{"@type":"CommentAction","name":"Comment","target":["https:\/\/noticiaempauta.com\/portal\/parceria-da-adh-com-secretaria-de-saude-de-picos-leva-atendimento-pediatrico-e-recreacao-ao-bairro-cidade-de-deus\/#respond"]}]},{"@type":"WebPage","@id":"https:\/\/noticiaempauta.com\/portal\/parceria-da-adh-com-secretaria-de-saude-de-picos-leva-atendimento-pediatrico-e-recreacao-ao-bairro-cidade-de-deus\/","url":"https:\/\/noticiaempauta.com\/portal\/parceria-da-adh-com-secretaria-de-saude-de-picos-leva-atendimento-pediatrico-e-recreacao-ao-bairro-cidade-de-deus\/","name":"Parceria da ADH com Secretaria de Sa\u00fade de Picos leva atendimento pedi\u00e1trico e recrea\u00e7\u00e3o ao bairro Cidade de Deus - Portal Not\u00edcia em Pauta","isPartOf":{"@id":"https:\/\/noticiaempauta.com\/portal\/#website"},"primaryImageOfPage":{"@id":"https:\/\/noticiaempauta.com\/portal\/parceria-da-adh-com-secretaria-de-saude-de-picos-leva-atendimento-pediatrico-e-recreacao-ao-bairro-cidade-de-deus\/#primaryimage"},"image":{"@id":"https:\/\/noticiaempauta.com\/portal\/parceria-da-adh-com-secretaria-de-saude-de-picos-leva-atendimento-pediatrico-e-recreacao-ao-bairro-cidade-de-deus\/#primaryimage"},"thumbnailUrl":"https:\/\/noticiaempauta.com\/portal\/wp-content\/uploads\/2025\/03\/659143d8-9efc-4f69-8710-ab13962e32b8-1.jpeg","datePublished":"2025-03-14T13:53:39+00:00","dateModified":"2025-03-14T13:53:41+00:00","breadcrumb":{"@id":"https:\/\/noticiaempauta.com\/portal\/parceria-da-adh-com-secretaria-de-saude-de-picos-leva-atendimento-pediatrico-e-recreacao-ao-bairro-cidade-de-deus\/#breadcrumb"},"inLanguage":"pt-BR","potentialAction":[{"@type":"ReadAction","target":["https:\/\/noticiaempauta.com\/portal\/parceria-da-adh-com-secretaria-de-saude-de-picos-leva-atendimento-pediatrico-e-recreacao-ao-bairro-cidade-de-deus\/"]}]},{"@type":"ImageObject","inLanguage":"pt-BR","@id":"https:\/\/noticiaempauta.com\/portal\/parceria-da-adh-com-secretaria-de-saude-de-picos-leva-atendimento-pediatrico-e-recreacao-ao-bairro-cidade-de-deus\/#primaryimage","url":"https:\/\/noticiaempauta.com\/portal\/wp-content\/uploads\/2025\/03\/659143d8-9efc-4f69-8710-ab13962e32b8-1.jpeg","contentUrl":"https:\/\/noticiaempauta.com\/portal\/wp-content\/uploads\/2025\/03\/659143d8-9efc-4f69-8710-ab13962e32b8-1.jpeg","width":1024,"height":1280},{"@type":"BreadcrumbList","@id":"https:\/\/noticiaempauta.com\/portal\/parceria-da-adh-com-secretaria-de-saude-de-picos-leva-atendimento-pediatrico-e-recreacao-ao-bairro-cidade-de-deus\/#breadcrumb","itemListElement":[{"@type":"ListItem","position":1,"name":"P\u00e1gina Inicial","item":"https:\/\/noticiaempauta.com\/portal\/"},{"@type":"ListItem","position":2,"name":"Destaques","item":"https:\/\/noticiaempauta.com\/portal\/destaques-site\/"},{"@type":"ListItem","position":3,"name":"Parceria da ADH com Secretaria de Sa\u00fade de Picos leva atendimento pedi\u00e1trico e recrea\u00e7\u00e3o ao bairro Cidade de Deus"}]},{"@type":"WebSite","@id":"https:\/\/noticiaempauta.com\/portal\/#website","url":"https:\/\/noticiaempauta.com\/portal\/","name":"Portal Not\u00edcia em Pauta","description":"Voc\u00ea bem informado","publisher":{"@id":"https:\/\/noticiaempauta.com\/portal\/#organization"},"potentialAction":[{"@type":"SearchAction","target":{"@type":"EntryPoint","urlTemplate":"https:\/\/noticiaempauta.com\/portal\/?s={search_term_string}"},"query-input":{"@type":"PropertyValueSpecification","valueRequired":true,"valueName":"search_term_string"}}],"inLanguage":"pt-BR"},{"@type":"Organization","@id":"https:\/\/noticiaempauta.com\/portal\/#organization","name":"Portal Not\u00edcia em Pauta","url":"https:\/\/noticiaempauta.com\/portal\/","logo":{"@type":"ImageObject","inLanguage":"pt-BR","@id":"https:\/\/noticiaempauta.com\/portal\/#\/schema\/logo\/image\/","url":"https:\/\/noticiaempauta.com\/portal\/wp-content\/uploads\/2022\/08\/logomarca_tema.fw_.png","contentUrl":"https:\/\/noticiaempauta.com\/portal\/wp-content\/uploads\/2022\/08\/logomarca_tema.fw_.png","width":400,"height":232,"caption":"Portal Not\u00edcia em Pauta"},"image":{"@id":"https:\/\/noticiaempauta.com\/portal\/#\/schema\/logo\/image\/"},"sameAs":["https:\/\/www.facebook.com\/Portal-Notcia-Em-Pauta-102292869264820\/","https:\/\/www.instagram.com\/portalnoticiaempauta\/"]},{"@type":"Person","@id":"https:\/\/noticiaempauta.com\/portal\/#\/schema\/person\/a74af43dd1ab3deca45f988c717d57ac","name":"Reda\u00e7\u00e3o","image":{"@type":"ImageObject","inLanguage":"pt-BR","@id":"https:\/\/noticiaempauta.com\/portal\/#\/schema\/person\/image\/","url":"https:\/\/secure.gravatar.com\/avatar\/03179346ecce6cdfc13361603e8f54242a90e5cde8618fa23c5c00aa2b0aadf3?s=96&d=mm&r=g","contentUrl":"https:\/\/secure.gravatar.com\/avatar\/03179346ecce6cdfc13361603e8f54242a90e5cde8618fa23c5c00aa2b0aadf3?s=96&d=mm&r=g","caption":"Reda\u00e7\u00e3o"},"sameAs":["https:\/\/noticiaempauta.com\/portal\/"],"url":"https:\/\/noticiaempauta.com\/portal\/author\/fernando\/"}]}},"_links":{"self":[{"href":"https:\/\/noticiaempauta.com\/portal\/wp-json\/wp\/v2\/posts\/268662","targetHints":{"allow":["GET"]}}],"collection":[{"href":"https:\/\/noticiaempauta.com\/portal\/wp-json\/wp\/v2\/posts"}],"about":[{"href":"https:\/\/noticiaempauta.com\/portal\/wp-json\/wp\/v2\/types\/post"}],"author":[{"embeddable":true,"href":"https:\/\/noticiaempauta.com\/portal\/wp-json\/wp\/v2\/users\/2"}],"replies":[{"embeddable":true,"href":"https:\/\/noticiaempauta.com\/portal\/wp-json\/wp\/v2\/comments?post=268662"}],"version-history":[{"count":2,"href":"https:\/\/noticiaempauta.com\/portal\/wp-json\/wp\/v2\/posts\/268662\/revisions"}],"predecessor-version":[{"id":268666,"href":"https:\/\/noticiaempauta.com\/portal\/wp-json\/wp\/v2\/posts\/268662\/revisions\/268666"}],"wp:featuredmedia":[{"embeddable":true,"href":"https:\/\/noticiaempauta.com\/portal\/wp-json\/wp\/v2\/media\/268664"}],"wp:attachment":[{"href":"https:\/\/noticiaempauta.com\/portal\/wp-json\/wp\/v2\/media?parent=268662"}],"wp:term":[{"taxonomy":"category","embeddable":true,"href":"https:\/\/noticiaempauta.com\/portal\/wp-json\/wp\/v2\/categories?post=268662"},{"taxonomy":"post_tag","embeddable":true,"href":"https:\/\/noticiaempauta.com\/portal\/wp-json\/wp\/v2\/tags?post=268662"}],"curies":[{"name":"wp","href":"https:\/\/api.w.org\/{rel}","templated":true}]}}