{"id":268672,"date":"2025-03-14T13:13:56","date_gmt":"2025-03-14T16:13:56","guid":{"rendered":"https:\/\/noticiaempauta.com\/portal\/?p=268672"},"modified":"2025-03-14T13:13:57","modified_gmt":"2025-03-14T16:13:57","slug":"picos-recebera-r-11-milhoes-de-investimento-do-orcamento-participativo-digital","status":"publish","type":"post","link":"https:\/\/noticiaempauta.com\/portal\/picos-recebera-r-11-milhoes-de-investimento-do-orcamento-participativo-digital\/","title":{"rendered":"Picos receber\u00e1 R$ 11 milh\u00f5es de investimento do Or\u00e7amento Participativo Digital"},"content":{"rendered":"\n<p>O prefeito de Picos, Dr. Pablo Santos (MDB), participou, no \u00faltimo dia 10 de mar\u00e7o, do lan\u00e7amento da&nbsp;terceira edi\u00e7\u00e3o do Or\u00e7amento Participativo Digital \u2013 OPA 2025\/2026.<\/p>\n\n\n\n<figure class=\"wp-block-image size-full\"><img fetchpriority=\"high\" decoding=\"async\" width=\"640\" height=\"426\" src=\"https:\/\/noticiaempauta.com\/portal\/wp-content\/uploads\/2025\/03\/IMG_3349.jpeg\" alt=\"\" class=\"wp-image-268673\" srcset=\"https:\/\/noticiaempauta.com\/portal\/wp-content\/uploads\/2025\/03\/IMG_3349.jpeg 640w, https:\/\/noticiaempauta.com\/portal\/wp-content\/uploads\/2025\/03\/IMG_3349-300x200.jpeg 300w\" sizes=\"(max-width: 640px) 100vw, 640px\" \/><\/figure>\n\n\n\n<p>Durante a solenidade, realizada no Pal\u00e1cio de Karnak, em Teresina, o Governador do Estado do Piau\u00ed, Rafael Fonteles (PT), anunciou&nbsp;um investimento de R$ 80 milh\u00f5es destinados a obras e servi\u00e7os nos munic\u00edpios de Teresina, Parna\u00edba, Picos, Piripiri e Floriano.<\/p>\n\n\n\n<p>De acordo com Dr. Pablo Santos, Picos foi contemplada com R$ 6.000,000 (seis milh\u00f5es de reais).<\/p>\n\n\n\n<p>\u201cSomando-se aos R$ 5 milh\u00f5es do ano passado totalizando R$ 11 milh\u00f5es que ser\u00e3o investidos diretamente em nossa cidade\u201d, projetou o prefeito.<\/p>\n\n\n\n<p>O OPA comtempla as \u00e1reas tem\u00e1ticas que incluem Cultura, Esporte e Lazer, Mobilidade Urbana e Urbaniza\u00e7\u00f5es, Produtividade e Agricultura, al\u00e9m de Seguran\u00e7a e Justi\u00e7a.<\/p>\n\n\n\n<p>\u201cNo OPA as Associa\u00e7\u00f5es apresentam Projetos que ser\u00e3o levados para vota\u00e7\u00e3o popular. O povo decide o que \u00e9 prioridade o Governo executa. Mais uma grande conquista para Picos. Agrade\u00e7o ao Governador, Rafael Fonteles, e ao secret\u00e1rio de Estado do Planejamento, Washington Bonfim, por esse compromisso com o desenvolvimento da nossa cidade. Seguimos avan\u00e7ando\u201d, destacou Dr. Pablo Santos.<\/p>\n\n\n\n<p><strong>Inscri\u00e7\u00e3o de propostas<\/strong><\/p>\n\n\n\n<p>No Or\u00e7amento Participativo Digital as Associa\u00e7\u00f5es e entidades comunit\u00e1rias poder\u00e3o inscrever propostas de obras e servi\u00e7os no per\u00edodo de 11 de mar\u00e7o a 11 de abril, desde que atendam aos crit\u00e9rios estabelecidos no edital, do&nbsp;atrav\u00e9s do link&nbsp;<a href=\"https:\/\/www.seplan.pi.gov.br\/wp-content\/uploads\/2025\/03\/minuta-edital-opa-2025.pdf\"><strong>https:\/\/www.seplan.pi.gov.br\/wp-content\/uploads\/2025\/03\/minuta-edital-opa-2025.pdf<\/strong><\/a><\/p>\n\n\n\n<p>CCOM<\/p>\n","protected":false},"excerpt":{"rendered":"<p>O prefeito de Picos, Dr. Pablo Santos (MDB), participou, no \u00faltimo dia 10 de mar\u00e7o, do lan\u00e7amento da&nbsp;terceira edi\u00e7\u00e3o do Or\u00e7amento Participativo Digital \u2013 OPA 2025\/2026. Durante a solenidade, realizada no Pal\u00e1cio de Karnak, em Teresina, o Governador do Estado do Piau\u00ed, Rafael Fonteles (PT), anunciou&nbsp;um investimento de R$ 80 milh\u00f5es destinados a obras e [&hellip;]<\/p>\n","protected":false},"author":2,"featured_media":268673,"comment_status":"open","ping_status":"open","sticky":false,"template":"","format":"standard","meta":{"_mi_skip_tracking":false,"footnotes":""},"categories":[25,1,16],"tags":[],"class_list":["post-268672","post","type-post","status-publish","format-standard","has-post-thumbnail","hentry","category-destaques-site","category-geral","category-todas"],"acf":[],"yoast_head":"<!-- This site is optimized with the Yoast SEO Premium plugin v19.2 (Yoast SEO v26.9) - https:\/\/yoast.com\/product\/yoast-seo-premium-wordpress\/ -->\n<title>Picos receber\u00e1 R$ 11 milh\u00f5es de investimento do Or\u00e7amento Participativo Digital - Portal Not\u00edcia em Pauta<\/title>\n<meta name=\"robots\" content=\"index, follow, max-snippet:-1, max-image-preview:large, max-video-preview:-1\" \/>\n<link rel=\"canonical\" href=\"https:\/\/noticiaempauta.com\/portal\/picos-recebera-r-11-milhoes-de-investimento-do-orcamento-participativo-digital\/\" \/>\n<meta property=\"og:locale\" content=\"pt_BR\" \/>\n<meta property=\"og:type\" content=\"article\" \/>\n<meta property=\"og:title\" content=\"Picos receber\u00e1 R$ 11 milh\u00f5es de investimento do Or\u00e7amento Participativo Digital\" \/>\n<meta property=\"og:description\" content=\"O prefeito de Picos, Dr. Pablo Santos (MDB), participou, no \u00faltimo dia 10 de mar\u00e7o, do lan\u00e7amento da&nbsp;terceira edi\u00e7\u00e3o do Or\u00e7amento Participativo Digital \u2013 OPA 2025\/2026. Durante a solenidade, realizada no Pal\u00e1cio de Karnak, em Teresina, o Governador do Estado do Piau\u00ed, Rafael Fonteles (PT), anunciou&nbsp;um investimento de R$ 80 milh\u00f5es destinados a obras e [&hellip;]\" \/>\n<meta property=\"og:url\" content=\"https:\/\/noticiaempauta.com\/portal\/picos-recebera-r-11-milhoes-de-investimento-do-orcamento-participativo-digital\/\" \/>\n<meta property=\"og:site_name\" content=\"Portal Not\u00edcia em Pauta\" \/>\n<meta property=\"article:publisher\" content=\"https:\/\/www.facebook.com\/Portal-Notcia-Em-Pauta-102292869264820\/\" \/>\n<meta property=\"article:published_time\" content=\"2025-03-14T16:13:56+00:00\" \/>\n<meta property=\"article:modified_time\" content=\"2025-03-14T16:13:57+00:00\" \/>\n<meta property=\"og:image\" content=\"https:\/\/noticiaempauta.com\/portal\/wp-content\/uploads\/2025\/03\/IMG_3349.jpeg\" \/>\n\t<meta property=\"og:image:width\" content=\"640\" \/>\n\t<meta property=\"og:image:height\" content=\"426\" \/>\n\t<meta property=\"og:image:type\" content=\"image\/jpeg\" \/>\n<meta name=\"author\" content=\"Reda\u00e7\u00e3o\" \/>\n<meta name=\"twitter:card\" content=\"summary_large_image\" \/>\n<meta name=\"twitter:label1\" content=\"Escrito por\" \/>\n\t<meta name=\"twitter:data1\" content=\"Reda\u00e7\u00e3o\" \/>\n\t<meta name=\"twitter:label2\" content=\"Est. tempo de leitura\" \/>\n\t<meta name=\"twitter:data2\" content=\"2 minutos\" \/>\n<script type=\"application\/ld+json\" class=\"yoast-schema-graph\">{\"@context\":\"https:\/\/schema.org\",\"@graph\":[{\"@type\":\"Article\",\"@id\":\"https:\/\/noticiaempauta.com\/portal\/picos-recebera-r-11-milhoes-de-investimento-do-orcamento-participativo-digital\/#article\",\"isPartOf\":{\"@id\":\"https:\/\/noticiaempauta.com\/portal\/picos-recebera-r-11-milhoes-de-investimento-do-orcamento-participativo-digital\/\"},\"author\":{\"name\":\"Reda\u00e7\u00e3o\",\"@id\":\"https:\/\/noticiaempauta.com\/portal\/#\/schema\/person\/a74af43dd1ab3deca45f988c717d57ac\"},\"headline\":\"Picos receber\u00e1 R$ 11 milh\u00f5es de investimento do Or\u00e7amento Participativo Digital\",\"datePublished\":\"2025-03-14T16:13:56+00:00\",\"dateModified\":\"2025-03-14T16:13:57+00:00\",\"mainEntityOfPage\":{\"@id\":\"https:\/\/noticiaempauta.com\/portal\/picos-recebera-r-11-milhoes-de-investimento-do-orcamento-participativo-digital\/\"},\"wordCount\":278,\"commentCount\":0,\"publisher\":{\"@id\":\"https:\/\/noticiaempauta.com\/portal\/#organization\"},\"image\":{\"@id\":\"https:\/\/noticiaempauta.com\/portal\/picos-recebera-r-11-milhoes-de-investimento-do-orcamento-participativo-digital\/#primaryimage\"},\"thumbnailUrl\":\"https:\/\/noticiaempauta.com\/portal\/wp-content\/uploads\/2025\/03\/IMG_3349.jpeg\",\"articleSection\":[\"Destaques\",\"Geral\",\"Todas as Not\u00edcias\"],\"inLanguage\":\"pt-BR\",\"potentialAction\":[{\"@type\":\"CommentAction\",\"name\":\"Comment\",\"target\":[\"https:\/\/noticiaempauta.com\/portal\/picos-recebera-r-11-milhoes-de-investimento-do-orcamento-participativo-digital\/#respond\"]}]},{\"@type\":\"WebPage\",\"@id\":\"https:\/\/noticiaempauta.com\/portal\/picos-recebera-r-11-milhoes-de-investimento-do-orcamento-participativo-digital\/\",\"url\":\"https:\/\/noticiaempauta.com\/portal\/picos-recebera-r-11-milhoes-de-investimento-do-orcamento-participativo-digital\/\",\"name\":\"Picos receber\u00e1 R$ 11 milh\u00f5es de investimento do Or\u00e7amento Participativo Digital - Portal Not\u00edcia em Pauta\",\"isPartOf\":{\"@id\":\"https:\/\/noticiaempauta.com\/portal\/#website\"},\"primaryImageOfPage\":{\"@id\":\"https:\/\/noticiaempauta.com\/portal\/picos-recebera-r-11-milhoes-de-investimento-do-orcamento-participativo-digital\/#primaryimage\"},\"image\":{\"@id\":\"https:\/\/noticiaempauta.com\/portal\/picos-recebera-r-11-milhoes-de-investimento-do-orcamento-participativo-digital\/#primaryimage\"},\"thumbnailUrl\":\"https:\/\/noticiaempauta.com\/portal\/wp-content\/uploads\/2025\/03\/IMG_3349.jpeg\",\"datePublished\":\"2025-03-14T16:13:56+00:00\",\"dateModified\":\"2025-03-14T16:13:57+00:00\",\"breadcrumb\":{\"@id\":\"https:\/\/noticiaempauta.com\/portal\/picos-recebera-r-11-milhoes-de-investimento-do-orcamento-participativo-digital\/#breadcrumb\"},\"inLanguage\":\"pt-BR\",\"potentialAction\":[{\"@type\":\"ReadAction\",\"target\":[\"https:\/\/noticiaempauta.com\/portal\/picos-recebera-r-11-milhoes-de-investimento-do-orcamento-participativo-digital\/\"]}]},{\"@type\":\"ImageObject\",\"inLanguage\":\"pt-BR\",\"@id\":\"https:\/\/noticiaempauta.com\/portal\/picos-recebera-r-11-milhoes-de-investimento-do-orcamento-participativo-digital\/#primaryimage\",\"url\":\"https:\/\/noticiaempauta.com\/portal\/wp-content\/uploads\/2025\/03\/IMG_3349.jpeg\",\"contentUrl\":\"https:\/\/noticiaempauta.com\/portal\/wp-content\/uploads\/2025\/03\/IMG_3349.jpeg\",\"width\":640,\"height\":426},{\"@type\":\"BreadcrumbList\",\"@id\":\"https:\/\/noticiaempauta.com\/portal\/picos-recebera-r-11-milhoes-de-investimento-do-orcamento-participativo-digital\/#breadcrumb\",\"itemListElement\":[{\"@type\":\"ListItem\",\"position\":1,\"name\":\"P\u00e1gina Inicial\",\"item\":\"https:\/\/noticiaempauta.com\/portal\/\"},{\"@type\":\"ListItem\",\"position\":2,\"name\":\"Destaques\",\"item\":\"https:\/\/noticiaempauta.com\/portal\/destaques-site\/\"},{\"@type\":\"ListItem\",\"position\":3,\"name\":\"Picos receber\u00e1 R$ 11 milh\u00f5es de investimento do Or\u00e7amento Participativo Digital\"}]},{\"@type\":\"WebSite\",\"@id\":\"https:\/\/noticiaempauta.com\/portal\/#website\",\"url\":\"https:\/\/noticiaempauta.com\/portal\/\",\"name\":\"Portal Not\u00edcia em Pauta\",\"description\":\"Voc\u00ea bem informado\",\"publisher\":{\"@id\":\"https:\/\/noticiaempauta.com\/portal\/#organization\"},\"potentialAction\":[{\"@type\":\"SearchAction\",\"target\":{\"@type\":\"EntryPoint\",\"urlTemplate\":\"https:\/\/noticiaempauta.com\/portal\/?s={search_term_string}\"},\"query-input\":{\"@type\":\"PropertyValueSpecification\",\"valueRequired\":true,\"valueName\":\"search_term_string\"}}],\"inLanguage\":\"pt-BR\"},{\"@type\":\"Organization\",\"@id\":\"https:\/\/noticiaempauta.com\/portal\/#organization\",\"name\":\"Portal Not\u00edcia em Pauta\",\"url\":\"https:\/\/noticiaempauta.com\/portal\/\",\"logo\":{\"@type\":\"ImageObject\",\"inLanguage\":\"pt-BR\",\"@id\":\"https:\/\/noticiaempauta.com\/portal\/#\/schema\/logo\/image\/\",\"url\":\"https:\/\/noticiaempauta.com\/portal\/wp-content\/uploads\/2022\/08\/logomarca_tema.fw_.png\",\"contentUrl\":\"https:\/\/noticiaempauta.com\/portal\/wp-content\/uploads\/2022\/08\/logomarca_tema.fw_.png\",\"width\":400,\"height\":232,\"caption\":\"Portal Not\u00edcia em Pauta\"},\"image\":{\"@id\":\"https:\/\/noticiaempauta.com\/portal\/#\/schema\/logo\/image\/\"},\"sameAs\":[\"https:\/\/www.facebook.com\/Portal-Notcia-Em-Pauta-102292869264820\/\",\"https:\/\/www.instagram.com\/portalnoticiaempauta\/\"]},{\"@type\":\"Person\",\"@id\":\"https:\/\/noticiaempauta.com\/portal\/#\/schema\/person\/a74af43dd1ab3deca45f988c717d57ac\",\"name\":\"Reda\u00e7\u00e3o\",\"image\":{\"@type\":\"ImageObject\",\"inLanguage\":\"pt-BR\",\"@id\":\"https:\/\/noticiaempauta.com\/portal\/#\/schema\/person\/image\/\",\"url\":\"https:\/\/secure.gravatar.com\/avatar\/03179346ecce6cdfc13361603e8f54242a90e5cde8618fa23c5c00aa2b0aadf3?s=96&d=mm&r=g\",\"contentUrl\":\"https:\/\/secure.gravatar.com\/avatar\/03179346ecce6cdfc13361603e8f54242a90e5cde8618fa23c5c00aa2b0aadf3?s=96&d=mm&r=g\",\"caption\":\"Reda\u00e7\u00e3o\"},\"sameAs\":[\"https:\/\/noticiaempauta.com\/portal\/\"],\"url\":\"https:\/\/noticiaempauta.com\/portal\/author\/fernando\/\"}]}<\/script>\n<!-- \/ Yoast SEO Premium plugin. -->","yoast_head_json":{"title":"Picos receber\u00e1 R$ 11 milh\u00f5es de investimento do Or\u00e7amento Participativo Digital - Portal Not\u00edcia em Pauta","robots":{"index":"index","follow":"follow","max-snippet":"max-snippet:-1","max-image-preview":"max-image-preview:large","max-video-preview":"max-video-preview:-1"},"canonical":"https:\/\/noticiaempauta.com\/portal\/picos-recebera-r-11-milhoes-de-investimento-do-orcamento-participativo-digital\/","og_locale":"pt_BR","og_type":"article","og_title":"Picos receber\u00e1 R$ 11 milh\u00f5es de investimento do Or\u00e7amento Participativo Digital","og_description":"O prefeito de Picos, Dr. Pablo Santos (MDB), participou, no \u00faltimo dia 10 de mar\u00e7o, do lan\u00e7amento da&nbsp;terceira edi\u00e7\u00e3o do Or\u00e7amento Participativo Digital \u2013 OPA 2025\/2026. Durante a solenidade, realizada no Pal\u00e1cio de Karnak, em Teresina, o Governador do Estado do Piau\u00ed, Rafael Fonteles (PT), anunciou&nbsp;um investimento de R$ 80 milh\u00f5es destinados a obras e [&hellip;]","og_url":"https:\/\/noticiaempauta.com\/portal\/picos-recebera-r-11-milhoes-de-investimento-do-orcamento-participativo-digital\/","og_site_name":"Portal Not\u00edcia em Pauta","article_publisher":"https:\/\/www.facebook.com\/Portal-Notcia-Em-Pauta-102292869264820\/","article_published_time":"2025-03-14T16:13:56+00:00","article_modified_time":"2025-03-14T16:13:57+00:00","og_image":[{"width":640,"height":426,"url":"https:\/\/noticiaempauta.com\/portal\/wp-content\/uploads\/2025\/03\/IMG_3349.jpeg","type":"image\/jpeg"}],"author":"Reda\u00e7\u00e3o","twitter_card":"summary_large_image","twitter_misc":{"Escrito por":"Reda\u00e7\u00e3o","Est. tempo de leitura":"2 minutos"},"schema":{"@context":"https:\/\/schema.org","@graph":[{"@type":"Article","@id":"https:\/\/noticiaempauta.com\/portal\/picos-recebera-r-11-milhoes-de-investimento-do-orcamento-participativo-digital\/#article","isPartOf":{"@id":"https:\/\/noticiaempauta.com\/portal\/picos-recebera-r-11-milhoes-de-investimento-do-orcamento-participativo-digital\/"},"author":{"name":"Reda\u00e7\u00e3o","@id":"https:\/\/noticiaempauta.com\/portal\/#\/schema\/person\/a74af43dd1ab3deca45f988c717d57ac"},"headline":"Picos receber\u00e1 R$ 11 milh\u00f5es de investimento do Or\u00e7amento Participativo Digital","datePublished":"2025-03-14T16:13:56+00:00","dateModified":"2025-03-14T16:13:57+00:00","mainEntityOfPage":{"@id":"https:\/\/noticiaempauta.com\/portal\/picos-recebera-r-11-milhoes-de-investimento-do-orcamento-participativo-digital\/"},"wordCount":278,"commentCount":0,"publisher":{"@id":"https:\/\/noticiaempauta.com\/portal\/#organization"},"image":{"@id":"https:\/\/noticiaempauta.com\/portal\/picos-recebera-r-11-milhoes-de-investimento-do-orcamento-participativo-digital\/#primaryimage"},"thumbnailUrl":"https:\/\/noticiaempauta.com\/portal\/wp-content\/uploads\/2025\/03\/IMG_3349.jpeg","articleSection":["Destaques","Geral","Todas as Not\u00edcias"],"inLanguage":"pt-BR","potentialAction":[{"@type":"CommentAction","name":"Comment","target":["https:\/\/noticiaempauta.com\/portal\/picos-recebera-r-11-milhoes-de-investimento-do-orcamento-participativo-digital\/#respond"]}]},{"@type":"WebPage","@id":"https:\/\/noticiaempauta.com\/portal\/picos-recebera-r-11-milhoes-de-investimento-do-orcamento-participativo-digital\/","url":"https:\/\/noticiaempauta.com\/portal\/picos-recebera-r-11-milhoes-de-investimento-do-orcamento-participativo-digital\/","name":"Picos receber\u00e1 R$ 11 milh\u00f5es de investimento do Or\u00e7amento Participativo Digital - Portal Not\u00edcia em Pauta","isPartOf":{"@id":"https:\/\/noticiaempauta.com\/portal\/#website"},"primaryImageOfPage":{"@id":"https:\/\/noticiaempauta.com\/portal\/picos-recebera-r-11-milhoes-de-investimento-do-orcamento-participativo-digital\/#primaryimage"},"image":{"@id":"https:\/\/noticiaempauta.com\/portal\/picos-recebera-r-11-milhoes-de-investimento-do-orcamento-participativo-digital\/#primaryimage"},"thumbnailUrl":"https:\/\/noticiaempauta.com\/portal\/wp-content\/uploads\/2025\/03\/IMG_3349.jpeg","datePublished":"2025-03-14T16:13:56+00:00","dateModified":"2025-03-14T16:13:57+00:00","breadcrumb":{"@id":"https:\/\/noticiaempauta.com\/portal\/picos-recebera-r-11-milhoes-de-investimento-do-orcamento-participativo-digital\/#breadcrumb"},"inLanguage":"pt-BR","potentialAction":[{"@type":"ReadAction","target":["https:\/\/noticiaempauta.com\/portal\/picos-recebera-r-11-milhoes-de-investimento-do-orcamento-participativo-digital\/"]}]},{"@type":"ImageObject","inLanguage":"pt-BR","@id":"https:\/\/noticiaempauta.com\/portal\/picos-recebera-r-11-milhoes-de-investimento-do-orcamento-participativo-digital\/#primaryimage","url":"https:\/\/noticiaempauta.com\/portal\/wp-content\/uploads\/2025\/03\/IMG_3349.jpeg","contentUrl":"https:\/\/noticiaempauta.com\/portal\/wp-content\/uploads\/2025\/03\/IMG_3349.jpeg","width":640,"height":426},{"@type":"BreadcrumbList","@id":"https:\/\/noticiaempauta.com\/portal\/picos-recebera-r-11-milhoes-de-investimento-do-orcamento-participativo-digital\/#breadcrumb","itemListElement":[{"@type":"ListItem","position":1,"name":"P\u00e1gina Inicial","item":"https:\/\/noticiaempauta.com\/portal\/"},{"@type":"ListItem","position":2,"name":"Destaques","item":"https:\/\/noticiaempauta.com\/portal\/destaques-site\/"},{"@type":"ListItem","position":3,"name":"Picos receber\u00e1 R$ 11 milh\u00f5es de investimento do Or\u00e7amento Participativo Digital"}]},{"@type":"WebSite","@id":"https:\/\/noticiaempauta.com\/portal\/#website","url":"https:\/\/noticiaempauta.com\/portal\/","name":"Portal Not\u00edcia em Pauta","description":"Voc\u00ea bem informado","publisher":{"@id":"https:\/\/noticiaempauta.com\/portal\/#organization"},"potentialAction":[{"@type":"SearchAction","target":{"@type":"EntryPoint","urlTemplate":"https:\/\/noticiaempauta.com\/portal\/?s={search_term_string}"},"query-input":{"@type":"PropertyValueSpecification","valueRequired":true,"valueName":"search_term_string"}}],"inLanguage":"pt-BR"},{"@type":"Organization","@id":"https:\/\/noticiaempauta.com\/portal\/#organization","name":"Portal Not\u00edcia em Pauta","url":"https:\/\/noticiaempauta.com\/portal\/","logo":{"@type":"ImageObject","inLanguage":"pt-BR","@id":"https:\/\/noticiaempauta.com\/portal\/#\/schema\/logo\/image\/","url":"https:\/\/noticiaempauta.com\/portal\/wp-content\/uploads\/2022\/08\/logomarca_tema.fw_.png","contentUrl":"https:\/\/noticiaempauta.com\/portal\/wp-content\/uploads\/2022\/08\/logomarca_tema.fw_.png","width":400,"height":232,"caption":"Portal Not\u00edcia em Pauta"},"image":{"@id":"https:\/\/noticiaempauta.com\/portal\/#\/schema\/logo\/image\/"},"sameAs":["https:\/\/www.facebook.com\/Portal-Notcia-Em-Pauta-102292869264820\/","https:\/\/www.instagram.com\/portalnoticiaempauta\/"]},{"@type":"Person","@id":"https:\/\/noticiaempauta.com\/portal\/#\/schema\/person\/a74af43dd1ab3deca45f988c717d57ac","name":"Reda\u00e7\u00e3o","image":{"@type":"ImageObject","inLanguage":"pt-BR","@id":"https:\/\/noticiaempauta.com\/portal\/#\/schema\/person\/image\/","url":"https:\/\/secure.gravatar.com\/avatar\/03179346ecce6cdfc13361603e8f54242a90e5cde8618fa23c5c00aa2b0aadf3?s=96&d=mm&r=g","contentUrl":"https:\/\/secure.gravatar.com\/avatar\/03179346ecce6cdfc13361603e8f54242a90e5cde8618fa23c5c00aa2b0aadf3?s=96&d=mm&r=g","caption":"Reda\u00e7\u00e3o"},"sameAs":["https:\/\/noticiaempauta.com\/portal\/"],"url":"https:\/\/noticiaempauta.com\/portal\/author\/fernando\/"}]}},"_links":{"self":[{"href":"https:\/\/noticiaempauta.com\/portal\/wp-json\/wp\/v2\/posts\/268672","targetHints":{"allow":["GET"]}}],"collection":[{"href":"https:\/\/noticiaempauta.com\/portal\/wp-json\/wp\/v2\/posts"}],"about":[{"href":"https:\/\/noticiaempauta.com\/portal\/wp-json\/wp\/v2\/types\/post"}],"author":[{"embeddable":true,"href":"https:\/\/noticiaempauta.com\/portal\/wp-json\/wp\/v2\/users\/2"}],"replies":[{"embeddable":true,"href":"https:\/\/noticiaempauta.com\/portal\/wp-json\/wp\/v2\/comments?post=268672"}],"version-history":[{"count":2,"href":"https:\/\/noticiaempauta.com\/portal\/wp-json\/wp\/v2\/posts\/268672\/revisions"}],"predecessor-version":[{"id":268675,"href":"https:\/\/noticiaempauta.com\/portal\/wp-json\/wp\/v2\/posts\/268672\/revisions\/268675"}],"wp:featuredmedia":[{"embeddable":true,"href":"https:\/\/noticiaempauta.com\/portal\/wp-json\/wp\/v2\/media\/268673"}],"wp:attachment":[{"href":"https:\/\/noticiaempauta.com\/portal\/wp-json\/wp\/v2\/media?parent=268672"}],"wp:term":[{"taxonomy":"category","embeddable":true,"href":"https:\/\/noticiaempauta.com\/portal\/wp-json\/wp\/v2\/categories?post=268672"},{"taxonomy":"post_tag","embeddable":true,"href":"https:\/\/noticiaempauta.com\/portal\/wp-json\/wp\/v2\/tags?post=268672"}],"curies":[{"name":"wp","href":"https:\/\/api.w.org\/{rel}","templated":true}]}}