{"id":268683,"date":"2025-03-14T15:54:26","date_gmt":"2025-03-14T18:54:26","guid":{"rendered":"https:\/\/noticiaempauta.com\/portal\/?p=268683"},"modified":"2025-03-14T15:54:28","modified_gmt":"2025-03-14T18:54:28","slug":"resignificando-a-educacao-na-perspectiva-da-inclusao-equidade-e-qualidade-e-tema-da-jornada-pedagogica-do-eja-em-paqueta-do-piaui","status":"publish","type":"post","link":"https:\/\/noticiaempauta.com\/portal\/resignificando-a-educacao-na-perspectiva-da-inclusao-equidade-e-qualidade-e-tema-da-jornada-pedagogica-do-eja-em-paqueta-do-piaui\/","title":{"rendered":"\u201cResignificando a educa\u00e7\u00e3o na perspectiva da inclus\u00e3o, equidade e qualidade\u201d \u00e9 tema da Jornada Pedag\u00f3gica do EJA em Paquet\u00e1 do Piau\u00ed"},"content":{"rendered":"\n<p>Nesta quinta-feira, 13 de mar\u00e7o, a Prefeitura de Paquet\u00e1 do Piau\u00ed, por meio da Secretaria Municipal de Educa\u00e7\u00e3o, promoveu a Jornada Pedag\u00f3gica do EJA 2025.<\/p>\n\n\n\n<figure class=\"wp-block-image size-full\"><img fetchpriority=\"high\" decoding=\"async\" width=\"640\" height=\"427\" src=\"https:\/\/noticiaempauta.com\/portal\/wp-content\/uploads\/2025\/03\/38.jpg\" alt=\"\" class=\"wp-image-268687\" srcset=\"https:\/\/noticiaempauta.com\/portal\/wp-content\/uploads\/2025\/03\/38.jpg 640w, https:\/\/noticiaempauta.com\/portal\/wp-content\/uploads\/2025\/03\/38-300x200.jpg 300w\" sizes=\"(max-width: 640px) 100vw, 640px\" \/><\/figure>\n\n\n\n<figure class=\"wp-block-image size-full\"><img decoding=\"async\" width=\"640\" height=\"318\" src=\"https:\/\/noticiaempauta.com\/portal\/wp-content\/uploads\/2025\/03\/11.jpg\" alt=\"\" class=\"wp-image-268684\" srcset=\"https:\/\/noticiaempauta.com\/portal\/wp-content\/uploads\/2025\/03\/11.jpg 640w, https:\/\/noticiaempauta.com\/portal\/wp-content\/uploads\/2025\/03\/11-300x149.jpg 300w\" sizes=\"(max-width: 640px) 100vw, 640px\" \/><\/figure>\n\n\n\n<p>O evento, que reuniu educadores, autoridades locais e membros da comunidade escolar, teve como tema central <strong>\u201cResignificando a educa\u00e7\u00e3o na perspectiva da inclus\u00e3o, equidade e qualidade\u201d<\/strong>. O objetivo foi refletir e fortalecer pr\u00e1ticas pedag\u00f3gicas que promovam um ambiente educacional mais justo e acess\u00edvel a todos os alunos.<\/p>\n\n\n\n<figure class=\"wp-block-image size-full\"><img decoding=\"async\" width=\"640\" height=\"330\" src=\"https:\/\/noticiaempauta.com\/portal\/wp-content\/uploads\/2025\/03\/19277.jpg\" alt=\"\" class=\"wp-image-268686\" srcset=\"https:\/\/noticiaempauta.com\/portal\/wp-content\/uploads\/2025\/03\/19277.jpg 640w, https:\/\/noticiaempauta.com\/portal\/wp-content\/uploads\/2025\/03\/19277-300x155.jpg 300w\" sizes=\"(max-width: 640px) 100vw, 640px\" \/><\/figure>\n\n\n\n<figure class=\"wp-block-image size-full\"><img loading=\"lazy\" decoding=\"async\" width=\"640\" height=\"477\" src=\"https:\/\/noticiaempauta.com\/portal\/wp-content\/uploads\/2025\/03\/40.jpg\" alt=\"\" class=\"wp-image-268688\" srcset=\"https:\/\/noticiaempauta.com\/portal\/wp-content\/uploads\/2025\/03\/40.jpg 640w, https:\/\/noticiaempauta.com\/portal\/wp-content\/uploads\/2025\/03\/40-300x224.jpg 300w\" sizes=\"(max-width: 640px) 100vw, 640px\" \/><\/figure>\n\n\n\n<p>A Jornada teve in\u00edcio com o credenciamento dos participantes, seguido por um momento de acolhimento e boas-vindas.<\/p>\n\n\n\n<figure class=\"wp-block-image size-full\"><img loading=\"lazy\" decoding=\"async\" width=\"640\" height=\"416\" src=\"https:\/\/noticiaempauta.com\/portal\/wp-content\/uploads\/2025\/03\/21-1.jpg\" alt=\"\" class=\"wp-image-268689\" srcset=\"https:\/\/noticiaempauta.com\/portal\/wp-content\/uploads\/2025\/03\/21-1.jpg 640w, https:\/\/noticiaempauta.com\/portal\/wp-content\/uploads\/2025\/03\/21-1-300x195.jpg 300w\" sizes=\"(max-width: 640px) 100vw, 640px\" \/><\/figure>\n\n\n\n<p>Em seguida, houve o pronunciamento do prefeito Clayton Barros e da Secret\u00e1ria Municipal de Educa\u00e7\u00e3o, Elayne S\u00e1.<\/p>\n\n\n\n<figure class=\"wp-block-image size-full\"><img loading=\"lazy\" decoding=\"async\" width=\"638\" height=\"480\" src=\"https:\/\/noticiaempauta.com\/portal\/wp-content\/uploads\/2025\/03\/36.jpg\" alt=\"\" class=\"wp-image-268702\" srcset=\"https:\/\/noticiaempauta.com\/portal\/wp-content\/uploads\/2025\/03\/36.jpg 638w, https:\/\/noticiaempauta.com\/portal\/wp-content\/uploads\/2025\/03\/36-300x226.jpg 300w\" sizes=\"(max-width: 638px) 100vw, 638px\" \/><\/figure>\n\n\n\n<figure class=\"wp-block-image size-full\"><img loading=\"lazy\" decoding=\"async\" width=\"640\" height=\"427\" src=\"https:\/\/noticiaempauta.com\/portal\/wp-content\/uploads\/2025\/03\/34106.jpg\" alt=\"\" class=\"wp-image-268690\" srcset=\"https:\/\/noticiaempauta.com\/portal\/wp-content\/uploads\/2025\/03\/34106.jpg 640w, https:\/\/noticiaempauta.com\/portal\/wp-content\/uploads\/2025\/03\/34106-300x200.jpg 300w\" sizes=\"(max-width: 640px) 100vw, 640px\" \/><\/figure>\n\n\n\n<figure class=\"wp-block-image size-full\"><img loading=\"lazy\" decoding=\"async\" width=\"640\" height=\"427\" src=\"https:\/\/noticiaempauta.com\/portal\/wp-content\/uploads\/2025\/03\/20285.jpg\" alt=\"\" class=\"wp-image-268691\" srcset=\"https:\/\/noticiaempauta.com\/portal\/wp-content\/uploads\/2025\/03\/20285.jpg 640w, https:\/\/noticiaempauta.com\/portal\/wp-content\/uploads\/2025\/03\/20285-300x200.jpg 300w\" sizes=\"(max-width: 640px) 100vw, 640px\" \/><\/figure>\n\n\n\n<p>Logo ap\u00f3s, houve uma palestra especial, que abordou o tema <strong>\u201cResignificar A Educa\u00e7\u00e3o, colocando o amor em a\u00e7\u00e3o: Amabilidade\u201d<\/strong>, com Maria Dion\u00e9sia.<\/p>\n\n\n\n<figure class=\"wp-block-image size-full\"><img loading=\"lazy\" decoding=\"async\" width=\"640\" height=\"427\" src=\"https:\/\/noticiaempauta.com\/portal\/wp-content\/uploads\/2025\/03\/FA-IMG-3ed7983092d61b5775ea.jpg\" alt=\"\" class=\"wp-image-268692\" srcset=\"https:\/\/noticiaempauta.com\/portal\/wp-content\/uploads\/2025\/03\/FA-IMG-3ed7983092d61b5775ea.jpg 640w, https:\/\/noticiaempauta.com\/portal\/wp-content\/uploads\/2025\/03\/FA-IMG-3ed7983092d61b5775ea-300x200.jpg 300w\" sizes=\"(max-width: 640px) 100vw, 640px\" \/><\/figure>\n\n\n\n<p>O evento tamb\u00e9m contou com um momento de confraterniza\u00e7\u00e3o atrav\u00e9s de um jantar.<\/p>\n\n\n\n<figure class=\"wp-block-image size-full\"><img loading=\"lazy\" decoding=\"async\" width=\"640\" height=\"427\" src=\"https:\/\/noticiaempauta.com\/portal\/wp-content\/uploads\/2025\/03\/25-1.jpg\" alt=\"\" class=\"wp-image-268693\" srcset=\"https:\/\/noticiaempauta.com\/portal\/wp-content\/uploads\/2025\/03\/25-1.jpg 640w, https:\/\/noticiaempauta.com\/portal\/wp-content\/uploads\/2025\/03\/25-1-300x200.jpg 300w\" sizes=\"(max-width: 640px) 100vw, 640px\" \/><\/figure>\n\n\n\n<p>O evento tamb\u00e9m incluiu momentos de capacita\u00e7\u00e3o para os professores com as tem\u00e1ticas <strong>\u201cDespertando o prazer de aprender com inclus\u00e3o, equidade e qualidade\u201d<\/strong>, com Rog\u00e9rio Leal e \u201cEscuta, leitura e produ\u00e7\u00e3o de textos\u201d.<\/p>\n\n\n\n<figure class=\"wp-block-image size-full\"><img loading=\"lazy\" decoding=\"async\" width=\"527\" height=\"480\" src=\"https:\/\/noticiaempauta.com\/portal\/wp-content\/uploads\/2025\/03\/3-1.jpg\" alt=\"\" class=\"wp-image-268695\" srcset=\"https:\/\/noticiaempauta.com\/portal\/wp-content\/uploads\/2025\/03\/3-1.jpg 527w, https:\/\/noticiaempauta.com\/portal\/wp-content\/uploads\/2025\/03\/3-1-300x273.jpg 300w\" sizes=\"(max-width: 527px) 100vw, 527px\" \/><\/figure>\n\n\n\n<p>Na ocasi\u00e3o, tamb\u00e9m foi realizada\u00a0uma comemora\u00e7\u00e3o especial com bolo e os parab\u00e9ns para a primeira-dama, Elayne S\u00e1 pelo seu anivers\u00e1rio.<\/p>\n\n\n\n<figure class=\"wp-block-image size-full\"><img loading=\"lazy\" decoding=\"async\" width=\"640\" height=\"427\" src=\"https:\/\/noticiaempauta.com\/portal\/wp-content\/uploads\/2025\/03\/8.jpg\" alt=\"\" class=\"wp-image-268706\" srcset=\"https:\/\/noticiaempauta.com\/portal\/wp-content\/uploads\/2025\/03\/8.jpg 640w, https:\/\/noticiaempauta.com\/portal\/wp-content\/uploads\/2025\/03\/8-300x200.jpg 300w\" sizes=\"(max-width: 640px) 100vw, 640px\" \/><\/figure>\n\n\n\n<figure class=\"wp-block-image size-full\"><img loading=\"lazy\" decoding=\"async\" width=\"640\" height=\"456\" src=\"https:\/\/noticiaempauta.com\/portal\/wp-content\/uploads\/2025\/03\/18-1.jpg\" alt=\"\" class=\"wp-image-268696\" srcset=\"https:\/\/noticiaempauta.com\/portal\/wp-content\/uploads\/2025\/03\/18-1.jpg 640w, https:\/\/noticiaempauta.com\/portal\/wp-content\/uploads\/2025\/03\/18-1-300x214.jpg 300w\" sizes=\"(max-width: 640px) 100vw, 640px\" \/><\/figure>\n\n\n\n<p>Na oportunidade tamb\u00e9m estiveram presentes os vereadores, Gdson Gon\u00e7alves, C\u00edcero de Justino, Z\u00e9 Nilson, Carlim e Raiane Monteiro.<\/p>\n\n\n\n<figure class=\"wp-block-image size-full\"><img loading=\"lazy\" decoding=\"async\" width=\"640\" height=\"427\" src=\"https:\/\/noticiaempauta.com\/portal\/wp-content\/uploads\/2025\/03\/15.jpg\" alt=\"\" class=\"wp-image-268697\" srcset=\"https:\/\/noticiaempauta.com\/portal\/wp-content\/uploads\/2025\/03\/15.jpg 640w, https:\/\/noticiaempauta.com\/portal\/wp-content\/uploads\/2025\/03\/15-300x200.jpg 300w\" sizes=\"(max-width: 640px) 100vw, 640px\" \/><\/figure>\n\n\n\n<figure class=\"wp-block-image size-full\"><img loading=\"lazy\" decoding=\"async\" width=\"600\" height=\"480\" src=\"https:\/\/noticiaempauta.com\/portal\/wp-content\/uploads\/2025\/03\/26-1.jpg\" alt=\"\" class=\"wp-image-268694\" srcset=\"https:\/\/noticiaempauta.com\/portal\/wp-content\/uploads\/2025\/03\/26-1.jpg 600w, https:\/\/noticiaempauta.com\/portal\/wp-content\/uploads\/2025\/03\/26-1-300x240.jpg 300w\" sizes=\"(max-width: 600px) 100vw, 600px\" \/><\/figure>\n\n\n\n<figure class=\"wp-block-image size-full\"><img loading=\"lazy\" decoding=\"async\" width=\"640\" height=\"427\" src=\"https:\/\/noticiaempauta.com\/portal\/wp-content\/uploads\/2025\/03\/17.jpg\" alt=\"\" class=\"wp-image-268698\" srcset=\"https:\/\/noticiaempauta.com\/portal\/wp-content\/uploads\/2025\/03\/17.jpg 640w, https:\/\/noticiaempauta.com\/portal\/wp-content\/uploads\/2025\/03\/17-300x200.jpg 300w\" sizes=\"(max-width: 640px) 100vw, 640px\" \/><\/figure>\n\n\n\n<figure class=\"wp-block-image size-full\"><img loading=\"lazy\" decoding=\"async\" width=\"640\" height=\"427\" src=\"https:\/\/noticiaempauta.com\/portal\/wp-content\/uploads\/2025\/03\/24.jpg\" alt=\"\" class=\"wp-image-268699\" srcset=\"https:\/\/noticiaempauta.com\/portal\/wp-content\/uploads\/2025\/03\/24.jpg 640w, https:\/\/noticiaempauta.com\/portal\/wp-content\/uploads\/2025\/03\/24-300x200.jpg 300w\" sizes=\"(max-width: 640px) 100vw, 640px\" \/><\/figure>\n\n\n\n<figure class=\"wp-block-image size-full\"><img loading=\"lazy\" decoding=\"async\" width=\"632\" height=\"480\" src=\"https:\/\/noticiaempauta.com\/portal\/wp-content\/uploads\/2025\/03\/28.jpg\" alt=\"\" class=\"wp-image-268700\" srcset=\"https:\/\/noticiaempauta.com\/portal\/wp-content\/uploads\/2025\/03\/28.jpg 632w, https:\/\/noticiaempauta.com\/portal\/wp-content\/uploads\/2025\/03\/28-300x228.jpg 300w\" sizes=\"(max-width: 632px) 100vw, 632px\" \/><\/figure>\n\n\n\n<figure class=\"wp-block-image size-full\"><img loading=\"lazy\" decoding=\"async\" width=\"640\" height=\"427\" src=\"https:\/\/noticiaempauta.com\/portal\/wp-content\/uploads\/2025\/03\/32-2.jpg\" alt=\"\" class=\"wp-image-268701\" srcset=\"https:\/\/noticiaempauta.com\/portal\/wp-content\/uploads\/2025\/03\/32-2.jpg 640w, https:\/\/noticiaempauta.com\/portal\/wp-content\/uploads\/2025\/03\/32-2-300x200.jpg 300w\" sizes=\"(max-width: 640px) 100vw, 640px\" \/><\/figure>\n\n\n\n<figure class=\"wp-block-image size-full\"><img loading=\"lazy\" decoding=\"async\" width=\"640\" height=\"427\" src=\"https:\/\/noticiaempauta.com\/portal\/wp-content\/uploads\/2025\/03\/39-2.jpg\" alt=\"\" class=\"wp-image-268703\" srcset=\"https:\/\/noticiaempauta.com\/portal\/wp-content\/uploads\/2025\/03\/39-2.jpg 640w, https:\/\/noticiaempauta.com\/portal\/wp-content\/uploads\/2025\/03\/39-2-300x200.jpg 300w\" sizes=\"(max-width: 640px) 100vw, 640px\" \/><\/figure>\n\n\n\n<figure class=\"wp-block-image size-full\"><img loading=\"lazy\" decoding=\"async\" width=\"600\" height=\"480\" src=\"https:\/\/noticiaempauta.com\/portal\/wp-content\/uploads\/2025\/03\/4.jpg\" alt=\"\" class=\"wp-image-268704\" srcset=\"https:\/\/noticiaempauta.com\/portal\/wp-content\/uploads\/2025\/03\/4.jpg 600w, https:\/\/noticiaempauta.com\/portal\/wp-content\/uploads\/2025\/03\/4-300x240.jpg 300w\" sizes=\"(max-width: 600px) 100vw, 600px\" \/><\/figure>\n\n\n\n<figure class=\"wp-block-image size-full\"><img loading=\"lazy\" decoding=\"async\" width=\"600\" height=\"480\" src=\"https:\/\/noticiaempauta.com\/portal\/wp-content\/uploads\/2025\/03\/42.jpg\" alt=\"\" class=\"wp-image-268705\" srcset=\"https:\/\/noticiaempauta.com\/portal\/wp-content\/uploads\/2025\/03\/42.jpg 600w, https:\/\/noticiaempauta.com\/portal\/wp-content\/uploads\/2025\/03\/42-300x240.jpg 300w\" sizes=\"(max-width: 600px) 100vw, 600px\" \/><\/figure>\n\n\n\n<p>Fonte: Folha Atual   |  Fotos: Messias Fotografias<\/p>\n","protected":false},"excerpt":{"rendered":"<p>Nesta quinta-feira, 13 de mar\u00e7o, a Prefeitura de Paquet\u00e1 do Piau\u00ed, por meio da Secretaria Municipal de Educa\u00e7\u00e3o, promoveu a Jornada Pedag\u00f3gica do EJA 2025. O evento, que reuniu educadores, autoridades locais e membros da comunidade escolar, teve como tema central \u201cResignificando a educa\u00e7\u00e3o na perspectiva da inclus\u00e3o, equidade e qualidade\u201d. O objetivo foi refletir [&hellip;]<\/p>\n","protected":false},"author":2,"featured_media":268707,"comment_status":"open","ping_status":"open","sticky":false,"template":"","format":"standard","meta":{"_mi_skip_tracking":false,"footnotes":""},"categories":[25,1,9,16],"tags":[],"class_list":["post-268683","post","type-post","status-publish","format-standard","has-post-thumbnail","hentry","category-destaques-site","category-geral","category-municipios","category-todas"],"acf":[],"yoast_head":"<!-- This site is optimized with the Yoast SEO Premium plugin v19.2 (Yoast SEO v26.9) - https:\/\/yoast.com\/product\/yoast-seo-premium-wordpress\/ -->\n<title>\u201cResignificando a educa\u00e7\u00e3o na perspectiva da inclus\u00e3o, equidade e qualidade\u201d \u00e9 tema da Jornada Pedag\u00f3gica do EJA em Paquet\u00e1 do Piau\u00ed - Portal Not\u00edcia em Pauta<\/title>\n<meta name=\"robots\" content=\"index, follow, max-snippet:-1, max-image-preview:large, max-video-preview:-1\" \/>\n<link rel=\"canonical\" href=\"https:\/\/noticiaempauta.com\/portal\/resignificando-a-educacao-na-perspectiva-da-inclusao-equidade-e-qualidade-e-tema-da-jornada-pedagogica-do-eja-em-paqueta-do-piaui\/\" \/>\n<meta property=\"og:locale\" content=\"pt_BR\" \/>\n<meta property=\"og:type\" content=\"article\" \/>\n<meta property=\"og:title\" content=\"\u201cResignificando a educa\u00e7\u00e3o na perspectiva da inclus\u00e3o, equidade e qualidade\u201d \u00e9 tema da Jornada Pedag\u00f3gica do EJA em Paquet\u00e1 do Piau\u00ed\" \/>\n<meta property=\"og:description\" content=\"Nesta quinta-feira, 13 de mar\u00e7o, a Prefeitura de Paquet\u00e1 do Piau\u00ed, por meio da Secretaria Municipal de Educa\u00e7\u00e3o, promoveu a Jornada Pedag\u00f3gica do EJA 2025. O evento, que reuniu educadores, autoridades locais e membros da comunidade escolar, teve como tema central \u201cResignificando a educa\u00e7\u00e3o na perspectiva da inclus\u00e3o, equidade e qualidade\u201d. O objetivo foi refletir [&hellip;]\" \/>\n<meta property=\"og:url\" content=\"https:\/\/noticiaempauta.com\/portal\/resignificando-a-educacao-na-perspectiva-da-inclusao-equidade-e-qualidade-e-tema-da-jornada-pedagogica-do-eja-em-paqueta-do-piaui\/\" \/>\n<meta property=\"og:site_name\" content=\"Portal Not\u00edcia em Pauta\" \/>\n<meta property=\"article:publisher\" content=\"https:\/\/www.facebook.com\/Portal-Notcia-Em-Pauta-102292869264820\/\" \/>\n<meta property=\"article:published_time\" content=\"2025-03-14T18:54:26+00:00\" \/>\n<meta property=\"article:modified_time\" content=\"2025-03-14T18:54:28+00:00\" \/>\n<meta property=\"og:image\" content=\"https:\/\/noticiaempauta.com\/portal\/wp-content\/uploads\/2025\/03\/WhatsApp-Image-2025-03-14-at-15.53.52.jpeg\" \/>\n\t<meta property=\"og:image:width\" content=\"1158\" \/>\n\t<meta property=\"og:image:height\" content=\"743\" \/>\n\t<meta property=\"og:image:type\" content=\"image\/jpeg\" \/>\n<meta name=\"author\" content=\"Reda\u00e7\u00e3o\" \/>\n<meta name=\"twitter:card\" content=\"summary_large_image\" \/>\n<meta name=\"twitter:label1\" content=\"Escrito por\" \/>\n\t<meta name=\"twitter:data1\" content=\"Reda\u00e7\u00e3o\" \/>\n\t<meta name=\"twitter:label2\" content=\"Est. tempo de leitura\" \/>\n\t<meta name=\"twitter:data2\" content=\"6 minutos\" \/>\n<script type=\"application\/ld+json\" class=\"yoast-schema-graph\">{\"@context\":\"https:\/\/schema.org\",\"@graph\":[{\"@type\":\"Article\",\"@id\":\"https:\/\/noticiaempauta.com\/portal\/resignificando-a-educacao-na-perspectiva-da-inclusao-equidade-e-qualidade-e-tema-da-jornada-pedagogica-do-eja-em-paqueta-do-piaui\/#article\",\"isPartOf\":{\"@id\":\"https:\/\/noticiaempauta.com\/portal\/resignificando-a-educacao-na-perspectiva-da-inclusao-equidade-e-qualidade-e-tema-da-jornada-pedagogica-do-eja-em-paqueta-do-piaui\/\"},\"author\":{\"name\":\"Reda\u00e7\u00e3o\",\"@id\":\"https:\/\/noticiaempauta.com\/portal\/#\/schema\/person\/a74af43dd1ab3deca45f988c717d57ac\"},\"headline\":\"\u201cResignificando a educa\u00e7\u00e3o na perspectiva da inclus\u00e3o, equidade e qualidade\u201d \u00e9 tema da Jornada Pedag\u00f3gica do EJA em Paquet\u00e1 do Piau\u00ed\",\"datePublished\":\"2025-03-14T18:54:26+00:00\",\"dateModified\":\"2025-03-14T18:54:28+00:00\",\"mainEntityOfPage\":{\"@id\":\"https:\/\/noticiaempauta.com\/portal\/resignificando-a-educacao-na-perspectiva-da-inclusao-equidade-e-qualidade-e-tema-da-jornada-pedagogica-do-eja-em-paqueta-do-piaui\/\"},\"wordCount\":272,\"commentCount\":0,\"publisher\":{\"@id\":\"https:\/\/noticiaempauta.com\/portal\/#organization\"},\"image\":{\"@id\":\"https:\/\/noticiaempauta.com\/portal\/resignificando-a-educacao-na-perspectiva-da-inclusao-equidade-e-qualidade-e-tema-da-jornada-pedagogica-do-eja-em-paqueta-do-piaui\/#primaryimage\"},\"thumbnailUrl\":\"https:\/\/noticiaempauta.com\/portal\/wp-content\/uploads\/2025\/03\/WhatsApp-Image-2025-03-14-at-15.53.52.jpeg\",\"articleSection\":[\"Destaques\",\"Geral\",\"Munic\u00edpios\",\"Todas as Not\u00edcias\"],\"inLanguage\":\"pt-BR\",\"potentialAction\":[{\"@type\":\"CommentAction\",\"name\":\"Comment\",\"target\":[\"https:\/\/noticiaempauta.com\/portal\/resignificando-a-educacao-na-perspectiva-da-inclusao-equidade-e-qualidade-e-tema-da-jornada-pedagogica-do-eja-em-paqueta-do-piaui\/#respond\"]}]},{\"@type\":\"WebPage\",\"@id\":\"https:\/\/noticiaempauta.com\/portal\/resignificando-a-educacao-na-perspectiva-da-inclusao-equidade-e-qualidade-e-tema-da-jornada-pedagogica-do-eja-em-paqueta-do-piaui\/\",\"url\":\"https:\/\/noticiaempauta.com\/portal\/resignificando-a-educacao-na-perspectiva-da-inclusao-equidade-e-qualidade-e-tema-da-jornada-pedagogica-do-eja-em-paqueta-do-piaui\/\",\"name\":\"\u201cResignificando a educa\u00e7\u00e3o na perspectiva da inclus\u00e3o, equidade e qualidade\u201d \u00e9 tema da Jornada Pedag\u00f3gica do EJA em Paquet\u00e1 do Piau\u00ed - Portal Not\u00edcia em Pauta\",\"isPartOf\":{\"@id\":\"https:\/\/noticiaempauta.com\/portal\/#website\"},\"primaryImageOfPage\":{\"@id\":\"https:\/\/noticiaempauta.com\/portal\/resignificando-a-educacao-na-perspectiva-da-inclusao-equidade-e-qualidade-e-tema-da-jornada-pedagogica-do-eja-em-paqueta-do-piaui\/#primaryimage\"},\"image\":{\"@id\":\"https:\/\/noticiaempauta.com\/portal\/resignificando-a-educacao-na-perspectiva-da-inclusao-equidade-e-qualidade-e-tema-da-jornada-pedagogica-do-eja-em-paqueta-do-piaui\/#primaryimage\"},\"thumbnailUrl\":\"https:\/\/noticiaempauta.com\/portal\/wp-content\/uploads\/2025\/03\/WhatsApp-Image-2025-03-14-at-15.53.52.jpeg\",\"datePublished\":\"2025-03-14T18:54:26+00:00\",\"dateModified\":\"2025-03-14T18:54:28+00:00\",\"breadcrumb\":{\"@id\":\"https:\/\/noticiaempauta.com\/portal\/resignificando-a-educacao-na-perspectiva-da-inclusao-equidade-e-qualidade-e-tema-da-jornada-pedagogica-do-eja-em-paqueta-do-piaui\/#breadcrumb\"},\"inLanguage\":\"pt-BR\",\"potentialAction\":[{\"@type\":\"ReadAction\",\"target\":[\"https:\/\/noticiaempauta.com\/portal\/resignificando-a-educacao-na-perspectiva-da-inclusao-equidade-e-qualidade-e-tema-da-jornada-pedagogica-do-eja-em-paqueta-do-piaui\/\"]}]},{\"@type\":\"ImageObject\",\"inLanguage\":\"pt-BR\",\"@id\":\"https:\/\/noticiaempauta.com\/portal\/resignificando-a-educacao-na-perspectiva-da-inclusao-equidade-e-qualidade-e-tema-da-jornada-pedagogica-do-eja-em-paqueta-do-piaui\/#primaryimage\",\"url\":\"https:\/\/noticiaempauta.com\/portal\/wp-content\/uploads\/2025\/03\/WhatsApp-Image-2025-03-14-at-15.53.52.jpeg\",\"contentUrl\":\"https:\/\/noticiaempauta.com\/portal\/wp-content\/uploads\/2025\/03\/WhatsApp-Image-2025-03-14-at-15.53.52.jpeg\",\"width\":1158,\"height\":743},{\"@type\":\"BreadcrumbList\",\"@id\":\"https:\/\/noticiaempauta.com\/portal\/resignificando-a-educacao-na-perspectiva-da-inclusao-equidade-e-qualidade-e-tema-da-jornada-pedagogica-do-eja-em-paqueta-do-piaui\/#breadcrumb\",\"itemListElement\":[{\"@type\":\"ListItem\",\"position\":1,\"name\":\"P\u00e1gina Inicial\",\"item\":\"https:\/\/noticiaempauta.com\/portal\/\"},{\"@type\":\"ListItem\",\"position\":2,\"name\":\"Geral\",\"item\":\"https:\/\/noticiaempauta.com\/portal\/geral\/\"},{\"@type\":\"ListItem\",\"position\":3,\"name\":\"\u201cResignificando a educa\u00e7\u00e3o na perspectiva da inclus\u00e3o, equidade e qualidade\u201d \u00e9 tema da Jornada Pedag\u00f3gica do EJA em Paquet\u00e1 do Piau\u00ed\"}]},{\"@type\":\"WebSite\",\"@id\":\"https:\/\/noticiaempauta.com\/portal\/#website\",\"url\":\"https:\/\/noticiaempauta.com\/portal\/\",\"name\":\"Portal Not\u00edcia em Pauta\",\"description\":\"Voc\u00ea bem informado\",\"publisher\":{\"@id\":\"https:\/\/noticiaempauta.com\/portal\/#organization\"},\"potentialAction\":[{\"@type\":\"SearchAction\",\"target\":{\"@type\":\"EntryPoint\",\"urlTemplate\":\"https:\/\/noticiaempauta.com\/portal\/?s={search_term_string}\"},\"query-input\":{\"@type\":\"PropertyValueSpecification\",\"valueRequired\":true,\"valueName\":\"search_term_string\"}}],\"inLanguage\":\"pt-BR\"},{\"@type\":\"Organization\",\"@id\":\"https:\/\/noticiaempauta.com\/portal\/#organization\",\"name\":\"Portal Not\u00edcia em Pauta\",\"url\":\"https:\/\/noticiaempauta.com\/portal\/\",\"logo\":{\"@type\":\"ImageObject\",\"inLanguage\":\"pt-BR\",\"@id\":\"https:\/\/noticiaempauta.com\/portal\/#\/schema\/logo\/image\/\",\"url\":\"https:\/\/noticiaempauta.com\/portal\/wp-content\/uploads\/2022\/08\/logomarca_tema.fw_.png\",\"contentUrl\":\"https:\/\/noticiaempauta.com\/portal\/wp-content\/uploads\/2022\/08\/logomarca_tema.fw_.png\",\"width\":400,\"height\":232,\"caption\":\"Portal Not\u00edcia em Pauta\"},\"image\":{\"@id\":\"https:\/\/noticiaempauta.com\/portal\/#\/schema\/logo\/image\/\"},\"sameAs\":[\"https:\/\/www.facebook.com\/Portal-Notcia-Em-Pauta-102292869264820\/\",\"https:\/\/www.instagram.com\/portalnoticiaempauta\/\"]},{\"@type\":\"Person\",\"@id\":\"https:\/\/noticiaempauta.com\/portal\/#\/schema\/person\/a74af43dd1ab3deca45f988c717d57ac\",\"name\":\"Reda\u00e7\u00e3o\",\"image\":{\"@type\":\"ImageObject\",\"inLanguage\":\"pt-BR\",\"@id\":\"https:\/\/noticiaempauta.com\/portal\/#\/schema\/person\/image\/\",\"url\":\"https:\/\/secure.gravatar.com\/avatar\/03179346ecce6cdfc13361603e8f54242a90e5cde8618fa23c5c00aa2b0aadf3?s=96&d=mm&r=g\",\"contentUrl\":\"https:\/\/secure.gravatar.com\/avatar\/03179346ecce6cdfc13361603e8f54242a90e5cde8618fa23c5c00aa2b0aadf3?s=96&d=mm&r=g\",\"caption\":\"Reda\u00e7\u00e3o\"},\"sameAs\":[\"https:\/\/noticiaempauta.com\/portal\/\"],\"url\":\"https:\/\/noticiaempauta.com\/portal\/author\/fernando\/\"}]}<\/script>\n<!-- \/ Yoast SEO Premium plugin. -->","yoast_head_json":{"title":"\u201cResignificando a educa\u00e7\u00e3o na perspectiva da inclus\u00e3o, equidade e qualidade\u201d \u00e9 tema da Jornada Pedag\u00f3gica do EJA em Paquet\u00e1 do Piau\u00ed - Portal Not\u00edcia em Pauta","robots":{"index":"index","follow":"follow","max-snippet":"max-snippet:-1","max-image-preview":"max-image-preview:large","max-video-preview":"max-video-preview:-1"},"canonical":"https:\/\/noticiaempauta.com\/portal\/resignificando-a-educacao-na-perspectiva-da-inclusao-equidade-e-qualidade-e-tema-da-jornada-pedagogica-do-eja-em-paqueta-do-piaui\/","og_locale":"pt_BR","og_type":"article","og_title":"\u201cResignificando a educa\u00e7\u00e3o na perspectiva da inclus\u00e3o, equidade e qualidade\u201d \u00e9 tema da Jornada Pedag\u00f3gica do EJA em Paquet\u00e1 do Piau\u00ed","og_description":"Nesta quinta-feira, 13 de mar\u00e7o, a Prefeitura de Paquet\u00e1 do Piau\u00ed, por meio da Secretaria Municipal de Educa\u00e7\u00e3o, promoveu a Jornada Pedag\u00f3gica do EJA 2025. O evento, que reuniu educadores, autoridades locais e membros da comunidade escolar, teve como tema central \u201cResignificando a educa\u00e7\u00e3o na perspectiva da inclus\u00e3o, equidade e qualidade\u201d. O objetivo foi refletir [&hellip;]","og_url":"https:\/\/noticiaempauta.com\/portal\/resignificando-a-educacao-na-perspectiva-da-inclusao-equidade-e-qualidade-e-tema-da-jornada-pedagogica-do-eja-em-paqueta-do-piaui\/","og_site_name":"Portal Not\u00edcia em Pauta","article_publisher":"https:\/\/www.facebook.com\/Portal-Notcia-Em-Pauta-102292869264820\/","article_published_time":"2025-03-14T18:54:26+00:00","article_modified_time":"2025-03-14T18:54:28+00:00","og_image":[{"width":1158,"height":743,"url":"https:\/\/noticiaempauta.com\/portal\/wp-content\/uploads\/2025\/03\/WhatsApp-Image-2025-03-14-at-15.53.52.jpeg","type":"image\/jpeg"}],"author":"Reda\u00e7\u00e3o","twitter_card":"summary_large_image","twitter_misc":{"Escrito por":"Reda\u00e7\u00e3o","Est. tempo de leitura":"6 minutos"},"schema":{"@context":"https:\/\/schema.org","@graph":[{"@type":"Article","@id":"https:\/\/noticiaempauta.com\/portal\/resignificando-a-educacao-na-perspectiva-da-inclusao-equidade-e-qualidade-e-tema-da-jornada-pedagogica-do-eja-em-paqueta-do-piaui\/#article","isPartOf":{"@id":"https:\/\/noticiaempauta.com\/portal\/resignificando-a-educacao-na-perspectiva-da-inclusao-equidade-e-qualidade-e-tema-da-jornada-pedagogica-do-eja-em-paqueta-do-piaui\/"},"author":{"name":"Reda\u00e7\u00e3o","@id":"https:\/\/noticiaempauta.com\/portal\/#\/schema\/person\/a74af43dd1ab3deca45f988c717d57ac"},"headline":"\u201cResignificando a educa\u00e7\u00e3o na perspectiva da inclus\u00e3o, equidade e qualidade\u201d \u00e9 tema da Jornada Pedag\u00f3gica do EJA em Paquet\u00e1 do Piau\u00ed","datePublished":"2025-03-14T18:54:26+00:00","dateModified":"2025-03-14T18:54:28+00:00","mainEntityOfPage":{"@id":"https:\/\/noticiaempauta.com\/portal\/resignificando-a-educacao-na-perspectiva-da-inclusao-equidade-e-qualidade-e-tema-da-jornada-pedagogica-do-eja-em-paqueta-do-piaui\/"},"wordCount":272,"commentCount":0,"publisher":{"@id":"https:\/\/noticiaempauta.com\/portal\/#organization"},"image":{"@id":"https:\/\/noticiaempauta.com\/portal\/resignificando-a-educacao-na-perspectiva-da-inclusao-equidade-e-qualidade-e-tema-da-jornada-pedagogica-do-eja-em-paqueta-do-piaui\/#primaryimage"},"thumbnailUrl":"https:\/\/noticiaempauta.com\/portal\/wp-content\/uploads\/2025\/03\/WhatsApp-Image-2025-03-14-at-15.53.52.jpeg","articleSection":["Destaques","Geral","Munic\u00edpios","Todas as Not\u00edcias"],"inLanguage":"pt-BR","potentialAction":[{"@type":"CommentAction","name":"Comment","target":["https:\/\/noticiaempauta.com\/portal\/resignificando-a-educacao-na-perspectiva-da-inclusao-equidade-e-qualidade-e-tema-da-jornada-pedagogica-do-eja-em-paqueta-do-piaui\/#respond"]}]},{"@type":"WebPage","@id":"https:\/\/noticiaempauta.com\/portal\/resignificando-a-educacao-na-perspectiva-da-inclusao-equidade-e-qualidade-e-tema-da-jornada-pedagogica-do-eja-em-paqueta-do-piaui\/","url":"https:\/\/noticiaempauta.com\/portal\/resignificando-a-educacao-na-perspectiva-da-inclusao-equidade-e-qualidade-e-tema-da-jornada-pedagogica-do-eja-em-paqueta-do-piaui\/","name":"\u201cResignificando a educa\u00e7\u00e3o na perspectiva da inclus\u00e3o, equidade e qualidade\u201d \u00e9 tema da Jornada Pedag\u00f3gica do EJA em Paquet\u00e1 do Piau\u00ed - Portal Not\u00edcia em Pauta","isPartOf":{"@id":"https:\/\/noticiaempauta.com\/portal\/#website"},"primaryImageOfPage":{"@id":"https:\/\/noticiaempauta.com\/portal\/resignificando-a-educacao-na-perspectiva-da-inclusao-equidade-e-qualidade-e-tema-da-jornada-pedagogica-do-eja-em-paqueta-do-piaui\/#primaryimage"},"image":{"@id":"https:\/\/noticiaempauta.com\/portal\/resignificando-a-educacao-na-perspectiva-da-inclusao-equidade-e-qualidade-e-tema-da-jornada-pedagogica-do-eja-em-paqueta-do-piaui\/#primaryimage"},"thumbnailUrl":"https:\/\/noticiaempauta.com\/portal\/wp-content\/uploads\/2025\/03\/WhatsApp-Image-2025-03-14-at-15.53.52.jpeg","datePublished":"2025-03-14T18:54:26+00:00","dateModified":"2025-03-14T18:54:28+00:00","breadcrumb":{"@id":"https:\/\/noticiaempauta.com\/portal\/resignificando-a-educacao-na-perspectiva-da-inclusao-equidade-e-qualidade-e-tema-da-jornada-pedagogica-do-eja-em-paqueta-do-piaui\/#breadcrumb"},"inLanguage":"pt-BR","potentialAction":[{"@type":"ReadAction","target":["https:\/\/noticiaempauta.com\/portal\/resignificando-a-educacao-na-perspectiva-da-inclusao-equidade-e-qualidade-e-tema-da-jornada-pedagogica-do-eja-em-paqueta-do-piaui\/"]}]},{"@type":"ImageObject","inLanguage":"pt-BR","@id":"https:\/\/noticiaempauta.com\/portal\/resignificando-a-educacao-na-perspectiva-da-inclusao-equidade-e-qualidade-e-tema-da-jornada-pedagogica-do-eja-em-paqueta-do-piaui\/#primaryimage","url":"https:\/\/noticiaempauta.com\/portal\/wp-content\/uploads\/2025\/03\/WhatsApp-Image-2025-03-14-at-15.53.52.jpeg","contentUrl":"https:\/\/noticiaempauta.com\/portal\/wp-content\/uploads\/2025\/03\/WhatsApp-Image-2025-03-14-at-15.53.52.jpeg","width":1158,"height":743},{"@type":"BreadcrumbList","@id":"https:\/\/noticiaempauta.com\/portal\/resignificando-a-educacao-na-perspectiva-da-inclusao-equidade-e-qualidade-e-tema-da-jornada-pedagogica-do-eja-em-paqueta-do-piaui\/#breadcrumb","itemListElement":[{"@type":"ListItem","position":1,"name":"P\u00e1gina Inicial","item":"https:\/\/noticiaempauta.com\/portal\/"},{"@type":"ListItem","position":2,"name":"Geral","item":"https:\/\/noticiaempauta.com\/portal\/geral\/"},{"@type":"ListItem","position":3,"name":"\u201cResignificando a educa\u00e7\u00e3o na perspectiva da inclus\u00e3o, equidade e qualidade\u201d \u00e9 tema da Jornada Pedag\u00f3gica do EJA em Paquet\u00e1 do Piau\u00ed"}]},{"@type":"WebSite","@id":"https:\/\/noticiaempauta.com\/portal\/#website","url":"https:\/\/noticiaempauta.com\/portal\/","name":"Portal Not\u00edcia em Pauta","description":"Voc\u00ea bem informado","publisher":{"@id":"https:\/\/noticiaempauta.com\/portal\/#organization"},"potentialAction":[{"@type":"SearchAction","target":{"@type":"EntryPoint","urlTemplate":"https:\/\/noticiaempauta.com\/portal\/?s={search_term_string}"},"query-input":{"@type":"PropertyValueSpecification","valueRequired":true,"valueName":"search_term_string"}}],"inLanguage":"pt-BR"},{"@type":"Organization","@id":"https:\/\/noticiaempauta.com\/portal\/#organization","name":"Portal Not\u00edcia em Pauta","url":"https:\/\/noticiaempauta.com\/portal\/","logo":{"@type":"ImageObject","inLanguage":"pt-BR","@id":"https:\/\/noticiaempauta.com\/portal\/#\/schema\/logo\/image\/","url":"https:\/\/noticiaempauta.com\/portal\/wp-content\/uploads\/2022\/08\/logomarca_tema.fw_.png","contentUrl":"https:\/\/noticiaempauta.com\/portal\/wp-content\/uploads\/2022\/08\/logomarca_tema.fw_.png","width":400,"height":232,"caption":"Portal Not\u00edcia em Pauta"},"image":{"@id":"https:\/\/noticiaempauta.com\/portal\/#\/schema\/logo\/image\/"},"sameAs":["https:\/\/www.facebook.com\/Portal-Notcia-Em-Pauta-102292869264820\/","https:\/\/www.instagram.com\/portalnoticiaempauta\/"]},{"@type":"Person","@id":"https:\/\/noticiaempauta.com\/portal\/#\/schema\/person\/a74af43dd1ab3deca45f988c717d57ac","name":"Reda\u00e7\u00e3o","image":{"@type":"ImageObject","inLanguage":"pt-BR","@id":"https:\/\/noticiaempauta.com\/portal\/#\/schema\/person\/image\/","url":"https:\/\/secure.gravatar.com\/avatar\/03179346ecce6cdfc13361603e8f54242a90e5cde8618fa23c5c00aa2b0aadf3?s=96&d=mm&r=g","contentUrl":"https:\/\/secure.gravatar.com\/avatar\/03179346ecce6cdfc13361603e8f54242a90e5cde8618fa23c5c00aa2b0aadf3?s=96&d=mm&r=g","caption":"Reda\u00e7\u00e3o"},"sameAs":["https:\/\/noticiaempauta.com\/portal\/"],"url":"https:\/\/noticiaempauta.com\/portal\/author\/fernando\/"}]}},"_links":{"self":[{"href":"https:\/\/noticiaempauta.com\/portal\/wp-json\/wp\/v2\/posts\/268683","targetHints":{"allow":["GET"]}}],"collection":[{"href":"https:\/\/noticiaempauta.com\/portal\/wp-json\/wp\/v2\/posts"}],"about":[{"href":"https:\/\/noticiaempauta.com\/portal\/wp-json\/wp\/v2\/types\/post"}],"author":[{"embeddable":true,"href":"https:\/\/noticiaempauta.com\/portal\/wp-json\/wp\/v2\/users\/2"}],"replies":[{"embeddable":true,"href":"https:\/\/noticiaempauta.com\/portal\/wp-json\/wp\/v2\/comments?post=268683"}],"version-history":[{"count":2,"href":"https:\/\/noticiaempauta.com\/portal\/wp-json\/wp\/v2\/posts\/268683\/revisions"}],"predecessor-version":[{"id":268709,"href":"https:\/\/noticiaempauta.com\/portal\/wp-json\/wp\/v2\/posts\/268683\/revisions\/268709"}],"wp:featuredmedia":[{"embeddable":true,"href":"https:\/\/noticiaempauta.com\/portal\/wp-json\/wp\/v2\/media\/268707"}],"wp:attachment":[{"href":"https:\/\/noticiaempauta.com\/portal\/wp-json\/wp\/v2\/media?parent=268683"}],"wp:term":[{"taxonomy":"category","embeddable":true,"href":"https:\/\/noticiaempauta.com\/portal\/wp-json\/wp\/v2\/categories?post=268683"},{"taxonomy":"post_tag","embeddable":true,"href":"https:\/\/noticiaempauta.com\/portal\/wp-json\/wp\/v2\/tags?post=268683"}],"curies":[{"name":"wp","href":"https:\/\/api.w.org\/{rel}","templated":true}]}}