{"id":268714,"date":"2025-03-15T12:04:09","date_gmt":"2025-03-15T15:04:09","guid":{"rendered":"https:\/\/noticiaempauta.com\/portal\/?p=268714"},"modified":"2025-03-15T12:04:10","modified_gmt":"2025-03-15T15:04:10","slug":"motoristas-e-monitores-de-onibus-da-educacao-de-picos-participam-de-planejamento-para-o-ano-letivo-de-2025","status":"publish","type":"post","link":"https:\/\/noticiaempauta.com\/portal\/motoristas-e-monitores-de-onibus-da-educacao-de-picos-participam-de-planejamento-para-o-ano-letivo-de-2025\/","title":{"rendered":"Motoristas e monitores de \u00f4nibus da Educa\u00e7\u00e3o de Picos participam de planejamento para o ano letivo de 2025"},"content":{"rendered":"\n<p>Na manh\u00e3 deste s\u00e1bado (15), os motoristas e monitores dos \u00f4nibus que atuar\u00e3o no transporte escolar dos alunos da rede municipal de ensino da Educa\u00e7\u00e3o de Picos foram recepcionado pelo coordenador de Transportes, Carlos Leal, para uma acolhida e planejamento para o ano letivo de 2025.<\/p>\n\n\n\n<figure class=\"wp-block-image size-large\"><img fetchpriority=\"high\" decoding=\"async\" width=\"1024\" height=\"576\" src=\"https:\/\/noticiaempauta.com\/portal\/wp-content\/uploads\/2025\/03\/IMG_3422-1024x576.jpeg\" alt=\"\" class=\"wp-image-268715\" srcset=\"https:\/\/noticiaempauta.com\/portal\/wp-content\/uploads\/2025\/03\/IMG_3422-1024x576.jpeg 1024w, https:\/\/noticiaempauta.com\/portal\/wp-content\/uploads\/2025\/03\/IMG_3422-300x169.jpeg 300w, https:\/\/noticiaempauta.com\/portal\/wp-content\/uploads\/2025\/03\/IMG_3422-768x432.jpeg 768w, https:\/\/noticiaempauta.com\/portal\/wp-content\/uploads\/2025\/03\/IMG_3422.jpeg 1536w\" sizes=\"(max-width: 1024px) 100vw, 1024px\" \/><\/figure>\n\n\n\n<p>Na oportunidade, o coordenador deu orienta\u00e7\u00f5es aos motoristas quanto ao manejo dos transportes, momento correto de abertura das portas e cuidado na condu\u00e7\u00e3o das crian\u00e7as.<\/p>\n\n\n\n<p>Os monitores tamb\u00e9m foram orientados a manterem as crian\u00e7as sempre sentadas, n\u00e3o deixarem colocar bra\u00e7os ou parte do corpo para fora da janela, levantarem para desembarque apenas quando o ve\u00edculo estiver totalmente parado, entre outros cuidados que garanta a efetiva seguran\u00e7a dos estudantes.<\/p>\n\n\n\n<figure class=\"wp-block-image size-full\"><img decoding=\"async\" width=\"800\" height=\"450\" src=\"https:\/\/noticiaempauta.com\/portal\/wp-content\/uploads\/2025\/03\/IMG_3423.jpeg\" alt=\"\" class=\"wp-image-268716\" srcset=\"https:\/\/noticiaempauta.com\/portal\/wp-content\/uploads\/2025\/03\/IMG_3423.jpeg 800w, https:\/\/noticiaempauta.com\/portal\/wp-content\/uploads\/2025\/03\/IMG_3423-300x169.jpeg 300w, https:\/\/noticiaempauta.com\/portal\/wp-content\/uploads\/2025\/03\/IMG_3423-768x432.jpeg 768w\" sizes=\"(max-width: 800px) 100vw, 800px\" \/><\/figure>\n\n\n\n<p>\u201cN\u00f3s tivemos esse encontro com os motoristas e monitores para repassarmos algumas orienta\u00e7\u00f5es que devem, todos os dias, serem praticadas por todos os profissionais que atuar\u00e3o no transporte desses alunos tanto na zona urbana quanto na zona rural de Picos. Uma de nossas maiores metas, al\u00e9m da qualidade do transporte escolar \u00e9 a seguran\u00e7a dessas crian\u00e7as, para isso precisamos que estes profissionais estejam bem preparados para receb\u00ea-los na pr\u00f3xima semana, quando j\u00e1 se iniciam as aulas\u201d, destacou o coordenador Carlos Leal.<\/p>\n\n\n\n<p>Ele informou ainda que os motoristas far\u00e3o cursos no SEST\/SENAT espec\u00edficos para a condu\u00e7\u00e3o do transporte escolar, assim como os monitores tamb\u00e9m receber\u00e3o capacita\u00e7\u00e3o para lidarem com as crian\u00e7as de maneira adequada em suas especificidades.<\/p>\n\n\n\n<p>CCOM <\/p>\n","protected":false},"excerpt":{"rendered":"<p>Na manh\u00e3 deste s\u00e1bado (15), os motoristas e monitores dos \u00f4nibus que atuar\u00e3o no transporte escolar dos alunos da rede municipal de ensino da Educa\u00e7\u00e3o de Picos foram recepcionado pelo coordenador de Transportes, Carlos Leal, para uma acolhida e planejamento para o ano letivo de 2025. Na oportunidade, o coordenador deu orienta\u00e7\u00f5es aos motoristas quanto [&hellip;]<\/p>\n","protected":false},"author":2,"featured_media":268715,"comment_status":"open","ping_status":"open","sticky":false,"template":"","format":"standard","meta":{"_mi_skip_tracking":false,"footnotes":""},"categories":[25,1,16],"tags":[],"class_list":["post-268714","post","type-post","status-publish","format-standard","has-post-thumbnail","hentry","category-destaques-site","category-geral","category-todas"],"acf":[],"yoast_head":"<!-- This site is optimized with the Yoast SEO Premium plugin v19.2 (Yoast SEO v26.9) - https:\/\/yoast.com\/product\/yoast-seo-premium-wordpress\/ -->\n<title>Motoristas e monitores de \u00f4nibus da Educa\u00e7\u00e3o de Picos participam de planejamento para o ano letivo de 2025 - Portal Not\u00edcia em Pauta<\/title>\n<meta name=\"robots\" content=\"index, follow, max-snippet:-1, max-image-preview:large, max-video-preview:-1\" \/>\n<link rel=\"canonical\" href=\"https:\/\/noticiaempauta.com\/portal\/motoristas-e-monitores-de-onibus-da-educacao-de-picos-participam-de-planejamento-para-o-ano-letivo-de-2025\/\" \/>\n<meta property=\"og:locale\" content=\"pt_BR\" \/>\n<meta property=\"og:type\" content=\"article\" \/>\n<meta property=\"og:title\" content=\"Motoristas e monitores de \u00f4nibus da Educa\u00e7\u00e3o de Picos participam de planejamento para o ano letivo de 2025\" \/>\n<meta property=\"og:description\" content=\"Na manh\u00e3 deste s\u00e1bado (15), os motoristas e monitores dos \u00f4nibus que atuar\u00e3o no transporte escolar dos alunos da rede municipal de ensino da Educa\u00e7\u00e3o de Picos foram recepcionado pelo coordenador de Transportes, Carlos Leal, para uma acolhida e planejamento para o ano letivo de 2025. Na oportunidade, o coordenador deu orienta\u00e7\u00f5es aos motoristas quanto [&hellip;]\" \/>\n<meta property=\"og:url\" content=\"https:\/\/noticiaempauta.com\/portal\/motoristas-e-monitores-de-onibus-da-educacao-de-picos-participam-de-planejamento-para-o-ano-letivo-de-2025\/\" \/>\n<meta property=\"og:site_name\" content=\"Portal Not\u00edcia em Pauta\" \/>\n<meta property=\"article:publisher\" content=\"https:\/\/www.facebook.com\/Portal-Notcia-Em-Pauta-102292869264820\/\" \/>\n<meta property=\"article:published_time\" content=\"2025-03-15T15:04:09+00:00\" \/>\n<meta property=\"article:modified_time\" content=\"2025-03-15T15:04:10+00:00\" \/>\n<meta property=\"og:image\" content=\"https:\/\/noticiaempauta.com\/portal\/wp-content\/uploads\/2025\/03\/IMG_3422.jpeg\" \/>\n\t<meta property=\"og:image:width\" content=\"1536\" \/>\n\t<meta property=\"og:image:height\" content=\"864\" \/>\n\t<meta property=\"og:image:type\" content=\"image\/jpeg\" \/>\n<meta name=\"author\" content=\"Reda\u00e7\u00e3o\" \/>\n<meta name=\"twitter:card\" content=\"summary_large_image\" \/>\n<meta name=\"twitter:label1\" content=\"Escrito por\" \/>\n\t<meta name=\"twitter:data1\" content=\"Reda\u00e7\u00e3o\" \/>\n\t<meta name=\"twitter:label2\" content=\"Est. tempo de leitura\" \/>\n\t<meta name=\"twitter:data2\" content=\"2 minutos\" \/>\n<script type=\"application\/ld+json\" class=\"yoast-schema-graph\">{\"@context\":\"https:\/\/schema.org\",\"@graph\":[{\"@type\":\"Article\",\"@id\":\"https:\/\/noticiaempauta.com\/portal\/motoristas-e-monitores-de-onibus-da-educacao-de-picos-participam-de-planejamento-para-o-ano-letivo-de-2025\/#article\",\"isPartOf\":{\"@id\":\"https:\/\/noticiaempauta.com\/portal\/motoristas-e-monitores-de-onibus-da-educacao-de-picos-participam-de-planejamento-para-o-ano-letivo-de-2025\/\"},\"author\":{\"name\":\"Reda\u00e7\u00e3o\",\"@id\":\"https:\/\/noticiaempauta.com\/portal\/#\/schema\/person\/a74af43dd1ab3deca45f988c717d57ac\"},\"headline\":\"Motoristas e monitores de \u00f4nibus da Educa\u00e7\u00e3o de Picos participam de planejamento para o ano letivo de 2025\",\"datePublished\":\"2025-03-15T15:04:09+00:00\",\"dateModified\":\"2025-03-15T15:04:10+00:00\",\"mainEntityOfPage\":{\"@id\":\"https:\/\/noticiaempauta.com\/portal\/motoristas-e-monitores-de-onibus-da-educacao-de-picos-participam-de-planejamento-para-o-ano-letivo-de-2025\/\"},\"wordCount\":274,\"commentCount\":0,\"publisher\":{\"@id\":\"https:\/\/noticiaempauta.com\/portal\/#organization\"},\"image\":{\"@id\":\"https:\/\/noticiaempauta.com\/portal\/motoristas-e-monitores-de-onibus-da-educacao-de-picos-participam-de-planejamento-para-o-ano-letivo-de-2025\/#primaryimage\"},\"thumbnailUrl\":\"https:\/\/noticiaempauta.com\/portal\/wp-content\/uploads\/2025\/03\/IMG_3422.jpeg\",\"articleSection\":[\"Destaques\",\"Geral\",\"Todas as Not\u00edcias\"],\"inLanguage\":\"pt-BR\",\"potentialAction\":[{\"@type\":\"CommentAction\",\"name\":\"Comment\",\"target\":[\"https:\/\/noticiaempauta.com\/portal\/motoristas-e-monitores-de-onibus-da-educacao-de-picos-participam-de-planejamento-para-o-ano-letivo-de-2025\/#respond\"]}]},{\"@type\":\"WebPage\",\"@id\":\"https:\/\/noticiaempauta.com\/portal\/motoristas-e-monitores-de-onibus-da-educacao-de-picos-participam-de-planejamento-para-o-ano-letivo-de-2025\/\",\"url\":\"https:\/\/noticiaempauta.com\/portal\/motoristas-e-monitores-de-onibus-da-educacao-de-picos-participam-de-planejamento-para-o-ano-letivo-de-2025\/\",\"name\":\"Motoristas e monitores de \u00f4nibus da Educa\u00e7\u00e3o de Picos participam de planejamento para o ano letivo de 2025 - Portal Not\u00edcia em Pauta\",\"isPartOf\":{\"@id\":\"https:\/\/noticiaempauta.com\/portal\/#website\"},\"primaryImageOfPage\":{\"@id\":\"https:\/\/noticiaempauta.com\/portal\/motoristas-e-monitores-de-onibus-da-educacao-de-picos-participam-de-planejamento-para-o-ano-letivo-de-2025\/#primaryimage\"},\"image\":{\"@id\":\"https:\/\/noticiaempauta.com\/portal\/motoristas-e-monitores-de-onibus-da-educacao-de-picos-participam-de-planejamento-para-o-ano-letivo-de-2025\/#primaryimage\"},\"thumbnailUrl\":\"https:\/\/noticiaempauta.com\/portal\/wp-content\/uploads\/2025\/03\/IMG_3422.jpeg\",\"datePublished\":\"2025-03-15T15:04:09+00:00\",\"dateModified\":\"2025-03-15T15:04:10+00:00\",\"breadcrumb\":{\"@id\":\"https:\/\/noticiaempauta.com\/portal\/motoristas-e-monitores-de-onibus-da-educacao-de-picos-participam-de-planejamento-para-o-ano-letivo-de-2025\/#breadcrumb\"},\"inLanguage\":\"pt-BR\",\"potentialAction\":[{\"@type\":\"ReadAction\",\"target\":[\"https:\/\/noticiaempauta.com\/portal\/motoristas-e-monitores-de-onibus-da-educacao-de-picos-participam-de-planejamento-para-o-ano-letivo-de-2025\/\"]}]},{\"@type\":\"ImageObject\",\"inLanguage\":\"pt-BR\",\"@id\":\"https:\/\/noticiaempauta.com\/portal\/motoristas-e-monitores-de-onibus-da-educacao-de-picos-participam-de-planejamento-para-o-ano-letivo-de-2025\/#primaryimage\",\"url\":\"https:\/\/noticiaempauta.com\/portal\/wp-content\/uploads\/2025\/03\/IMG_3422.jpeg\",\"contentUrl\":\"https:\/\/noticiaempauta.com\/portal\/wp-content\/uploads\/2025\/03\/IMG_3422.jpeg\",\"width\":1536,\"height\":864},{\"@type\":\"BreadcrumbList\",\"@id\":\"https:\/\/noticiaempauta.com\/portal\/motoristas-e-monitores-de-onibus-da-educacao-de-picos-participam-de-planejamento-para-o-ano-letivo-de-2025\/#breadcrumb\",\"itemListElement\":[{\"@type\":\"ListItem\",\"position\":1,\"name\":\"P\u00e1gina Inicial\",\"item\":\"https:\/\/noticiaempauta.com\/portal\/\"},{\"@type\":\"ListItem\",\"position\":2,\"name\":\"Destaques\",\"item\":\"https:\/\/noticiaempauta.com\/portal\/destaques-site\/\"},{\"@type\":\"ListItem\",\"position\":3,\"name\":\"Motoristas e monitores de \u00f4nibus da Educa\u00e7\u00e3o de Picos participam de planejamento para o ano letivo de 2025\"}]},{\"@type\":\"WebSite\",\"@id\":\"https:\/\/noticiaempauta.com\/portal\/#website\",\"url\":\"https:\/\/noticiaempauta.com\/portal\/\",\"name\":\"Portal Not\u00edcia em Pauta\",\"description\":\"Voc\u00ea bem informado\",\"publisher\":{\"@id\":\"https:\/\/noticiaempauta.com\/portal\/#organization\"},\"potentialAction\":[{\"@type\":\"SearchAction\",\"target\":{\"@type\":\"EntryPoint\",\"urlTemplate\":\"https:\/\/noticiaempauta.com\/portal\/?s={search_term_string}\"},\"query-input\":{\"@type\":\"PropertyValueSpecification\",\"valueRequired\":true,\"valueName\":\"search_term_string\"}}],\"inLanguage\":\"pt-BR\"},{\"@type\":\"Organization\",\"@id\":\"https:\/\/noticiaempauta.com\/portal\/#organization\",\"name\":\"Portal Not\u00edcia em Pauta\",\"url\":\"https:\/\/noticiaempauta.com\/portal\/\",\"logo\":{\"@type\":\"ImageObject\",\"inLanguage\":\"pt-BR\",\"@id\":\"https:\/\/noticiaempauta.com\/portal\/#\/schema\/logo\/image\/\",\"url\":\"https:\/\/noticiaempauta.com\/portal\/wp-content\/uploads\/2022\/08\/logomarca_tema.fw_.png\",\"contentUrl\":\"https:\/\/noticiaempauta.com\/portal\/wp-content\/uploads\/2022\/08\/logomarca_tema.fw_.png\",\"width\":400,\"height\":232,\"caption\":\"Portal Not\u00edcia em Pauta\"},\"image\":{\"@id\":\"https:\/\/noticiaempauta.com\/portal\/#\/schema\/logo\/image\/\"},\"sameAs\":[\"https:\/\/www.facebook.com\/Portal-Notcia-Em-Pauta-102292869264820\/\",\"https:\/\/www.instagram.com\/portalnoticiaempauta\/\"]},{\"@type\":\"Person\",\"@id\":\"https:\/\/noticiaempauta.com\/portal\/#\/schema\/person\/a74af43dd1ab3deca45f988c717d57ac\",\"name\":\"Reda\u00e7\u00e3o\",\"image\":{\"@type\":\"ImageObject\",\"inLanguage\":\"pt-BR\",\"@id\":\"https:\/\/noticiaempauta.com\/portal\/#\/schema\/person\/image\/\",\"url\":\"https:\/\/secure.gravatar.com\/avatar\/03179346ecce6cdfc13361603e8f54242a90e5cde8618fa23c5c00aa2b0aadf3?s=96&d=mm&r=g\",\"contentUrl\":\"https:\/\/secure.gravatar.com\/avatar\/03179346ecce6cdfc13361603e8f54242a90e5cde8618fa23c5c00aa2b0aadf3?s=96&d=mm&r=g\",\"caption\":\"Reda\u00e7\u00e3o\"},\"sameAs\":[\"https:\/\/noticiaempauta.com\/portal\/\"],\"url\":\"https:\/\/noticiaempauta.com\/portal\/author\/fernando\/\"}]}<\/script>\n<!-- \/ Yoast SEO Premium plugin. -->","yoast_head_json":{"title":"Motoristas e monitores de \u00f4nibus da Educa\u00e7\u00e3o de Picos participam de planejamento para o ano letivo de 2025 - Portal Not\u00edcia em Pauta","robots":{"index":"index","follow":"follow","max-snippet":"max-snippet:-1","max-image-preview":"max-image-preview:large","max-video-preview":"max-video-preview:-1"},"canonical":"https:\/\/noticiaempauta.com\/portal\/motoristas-e-monitores-de-onibus-da-educacao-de-picos-participam-de-planejamento-para-o-ano-letivo-de-2025\/","og_locale":"pt_BR","og_type":"article","og_title":"Motoristas e monitores de \u00f4nibus da Educa\u00e7\u00e3o de Picos participam de planejamento para o ano letivo de 2025","og_description":"Na manh\u00e3 deste s\u00e1bado (15), os motoristas e monitores dos \u00f4nibus que atuar\u00e3o no transporte escolar dos alunos da rede municipal de ensino da Educa\u00e7\u00e3o de Picos foram recepcionado pelo coordenador de Transportes, Carlos Leal, para uma acolhida e planejamento para o ano letivo de 2025. Na oportunidade, o coordenador deu orienta\u00e7\u00f5es aos motoristas quanto [&hellip;]","og_url":"https:\/\/noticiaempauta.com\/portal\/motoristas-e-monitores-de-onibus-da-educacao-de-picos-participam-de-planejamento-para-o-ano-letivo-de-2025\/","og_site_name":"Portal Not\u00edcia em Pauta","article_publisher":"https:\/\/www.facebook.com\/Portal-Notcia-Em-Pauta-102292869264820\/","article_published_time":"2025-03-15T15:04:09+00:00","article_modified_time":"2025-03-15T15:04:10+00:00","og_image":[{"width":1536,"height":864,"url":"https:\/\/noticiaempauta.com\/portal\/wp-content\/uploads\/2025\/03\/IMG_3422.jpeg","type":"image\/jpeg"}],"author":"Reda\u00e7\u00e3o","twitter_card":"summary_large_image","twitter_misc":{"Escrito por":"Reda\u00e7\u00e3o","Est. tempo de leitura":"2 minutos"},"schema":{"@context":"https:\/\/schema.org","@graph":[{"@type":"Article","@id":"https:\/\/noticiaempauta.com\/portal\/motoristas-e-monitores-de-onibus-da-educacao-de-picos-participam-de-planejamento-para-o-ano-letivo-de-2025\/#article","isPartOf":{"@id":"https:\/\/noticiaempauta.com\/portal\/motoristas-e-monitores-de-onibus-da-educacao-de-picos-participam-de-planejamento-para-o-ano-letivo-de-2025\/"},"author":{"name":"Reda\u00e7\u00e3o","@id":"https:\/\/noticiaempauta.com\/portal\/#\/schema\/person\/a74af43dd1ab3deca45f988c717d57ac"},"headline":"Motoristas e monitores de \u00f4nibus da Educa\u00e7\u00e3o de Picos participam de planejamento para o ano letivo de 2025","datePublished":"2025-03-15T15:04:09+00:00","dateModified":"2025-03-15T15:04:10+00:00","mainEntityOfPage":{"@id":"https:\/\/noticiaempauta.com\/portal\/motoristas-e-monitores-de-onibus-da-educacao-de-picos-participam-de-planejamento-para-o-ano-letivo-de-2025\/"},"wordCount":274,"commentCount":0,"publisher":{"@id":"https:\/\/noticiaempauta.com\/portal\/#organization"},"image":{"@id":"https:\/\/noticiaempauta.com\/portal\/motoristas-e-monitores-de-onibus-da-educacao-de-picos-participam-de-planejamento-para-o-ano-letivo-de-2025\/#primaryimage"},"thumbnailUrl":"https:\/\/noticiaempauta.com\/portal\/wp-content\/uploads\/2025\/03\/IMG_3422.jpeg","articleSection":["Destaques","Geral","Todas as Not\u00edcias"],"inLanguage":"pt-BR","potentialAction":[{"@type":"CommentAction","name":"Comment","target":["https:\/\/noticiaempauta.com\/portal\/motoristas-e-monitores-de-onibus-da-educacao-de-picos-participam-de-planejamento-para-o-ano-letivo-de-2025\/#respond"]}]},{"@type":"WebPage","@id":"https:\/\/noticiaempauta.com\/portal\/motoristas-e-monitores-de-onibus-da-educacao-de-picos-participam-de-planejamento-para-o-ano-letivo-de-2025\/","url":"https:\/\/noticiaempauta.com\/portal\/motoristas-e-monitores-de-onibus-da-educacao-de-picos-participam-de-planejamento-para-o-ano-letivo-de-2025\/","name":"Motoristas e monitores de \u00f4nibus da Educa\u00e7\u00e3o de Picos participam de planejamento para o ano letivo de 2025 - Portal Not\u00edcia em Pauta","isPartOf":{"@id":"https:\/\/noticiaempauta.com\/portal\/#website"},"primaryImageOfPage":{"@id":"https:\/\/noticiaempauta.com\/portal\/motoristas-e-monitores-de-onibus-da-educacao-de-picos-participam-de-planejamento-para-o-ano-letivo-de-2025\/#primaryimage"},"image":{"@id":"https:\/\/noticiaempauta.com\/portal\/motoristas-e-monitores-de-onibus-da-educacao-de-picos-participam-de-planejamento-para-o-ano-letivo-de-2025\/#primaryimage"},"thumbnailUrl":"https:\/\/noticiaempauta.com\/portal\/wp-content\/uploads\/2025\/03\/IMG_3422.jpeg","datePublished":"2025-03-15T15:04:09+00:00","dateModified":"2025-03-15T15:04:10+00:00","breadcrumb":{"@id":"https:\/\/noticiaempauta.com\/portal\/motoristas-e-monitores-de-onibus-da-educacao-de-picos-participam-de-planejamento-para-o-ano-letivo-de-2025\/#breadcrumb"},"inLanguage":"pt-BR","potentialAction":[{"@type":"ReadAction","target":["https:\/\/noticiaempauta.com\/portal\/motoristas-e-monitores-de-onibus-da-educacao-de-picos-participam-de-planejamento-para-o-ano-letivo-de-2025\/"]}]},{"@type":"ImageObject","inLanguage":"pt-BR","@id":"https:\/\/noticiaempauta.com\/portal\/motoristas-e-monitores-de-onibus-da-educacao-de-picos-participam-de-planejamento-para-o-ano-letivo-de-2025\/#primaryimage","url":"https:\/\/noticiaempauta.com\/portal\/wp-content\/uploads\/2025\/03\/IMG_3422.jpeg","contentUrl":"https:\/\/noticiaempauta.com\/portal\/wp-content\/uploads\/2025\/03\/IMG_3422.jpeg","width":1536,"height":864},{"@type":"BreadcrumbList","@id":"https:\/\/noticiaempauta.com\/portal\/motoristas-e-monitores-de-onibus-da-educacao-de-picos-participam-de-planejamento-para-o-ano-letivo-de-2025\/#breadcrumb","itemListElement":[{"@type":"ListItem","position":1,"name":"P\u00e1gina Inicial","item":"https:\/\/noticiaempauta.com\/portal\/"},{"@type":"ListItem","position":2,"name":"Destaques","item":"https:\/\/noticiaempauta.com\/portal\/destaques-site\/"},{"@type":"ListItem","position":3,"name":"Motoristas e monitores de \u00f4nibus da Educa\u00e7\u00e3o de Picos participam de planejamento para o ano letivo de 2025"}]},{"@type":"WebSite","@id":"https:\/\/noticiaempauta.com\/portal\/#website","url":"https:\/\/noticiaempauta.com\/portal\/","name":"Portal Not\u00edcia em Pauta","description":"Voc\u00ea bem informado","publisher":{"@id":"https:\/\/noticiaempauta.com\/portal\/#organization"},"potentialAction":[{"@type":"SearchAction","target":{"@type":"EntryPoint","urlTemplate":"https:\/\/noticiaempauta.com\/portal\/?s={search_term_string}"},"query-input":{"@type":"PropertyValueSpecification","valueRequired":true,"valueName":"search_term_string"}}],"inLanguage":"pt-BR"},{"@type":"Organization","@id":"https:\/\/noticiaempauta.com\/portal\/#organization","name":"Portal Not\u00edcia em Pauta","url":"https:\/\/noticiaempauta.com\/portal\/","logo":{"@type":"ImageObject","inLanguage":"pt-BR","@id":"https:\/\/noticiaempauta.com\/portal\/#\/schema\/logo\/image\/","url":"https:\/\/noticiaempauta.com\/portal\/wp-content\/uploads\/2022\/08\/logomarca_tema.fw_.png","contentUrl":"https:\/\/noticiaempauta.com\/portal\/wp-content\/uploads\/2022\/08\/logomarca_tema.fw_.png","width":400,"height":232,"caption":"Portal Not\u00edcia em Pauta"},"image":{"@id":"https:\/\/noticiaempauta.com\/portal\/#\/schema\/logo\/image\/"},"sameAs":["https:\/\/www.facebook.com\/Portal-Notcia-Em-Pauta-102292869264820\/","https:\/\/www.instagram.com\/portalnoticiaempauta\/"]},{"@type":"Person","@id":"https:\/\/noticiaempauta.com\/portal\/#\/schema\/person\/a74af43dd1ab3deca45f988c717d57ac","name":"Reda\u00e7\u00e3o","image":{"@type":"ImageObject","inLanguage":"pt-BR","@id":"https:\/\/noticiaempauta.com\/portal\/#\/schema\/person\/image\/","url":"https:\/\/secure.gravatar.com\/avatar\/03179346ecce6cdfc13361603e8f54242a90e5cde8618fa23c5c00aa2b0aadf3?s=96&d=mm&r=g","contentUrl":"https:\/\/secure.gravatar.com\/avatar\/03179346ecce6cdfc13361603e8f54242a90e5cde8618fa23c5c00aa2b0aadf3?s=96&d=mm&r=g","caption":"Reda\u00e7\u00e3o"},"sameAs":["https:\/\/noticiaempauta.com\/portal\/"],"url":"https:\/\/noticiaempauta.com\/portal\/author\/fernando\/"}]}},"_links":{"self":[{"href":"https:\/\/noticiaempauta.com\/portal\/wp-json\/wp\/v2\/posts\/268714","targetHints":{"allow":["GET"]}}],"collection":[{"href":"https:\/\/noticiaempauta.com\/portal\/wp-json\/wp\/v2\/posts"}],"about":[{"href":"https:\/\/noticiaempauta.com\/portal\/wp-json\/wp\/v2\/types\/post"}],"author":[{"embeddable":true,"href":"https:\/\/noticiaempauta.com\/portal\/wp-json\/wp\/v2\/users\/2"}],"replies":[{"embeddable":true,"href":"https:\/\/noticiaempauta.com\/portal\/wp-json\/wp\/v2\/comments?post=268714"}],"version-history":[{"count":1,"href":"https:\/\/noticiaempauta.com\/portal\/wp-json\/wp\/v2\/posts\/268714\/revisions"}],"predecessor-version":[{"id":268717,"href":"https:\/\/noticiaempauta.com\/portal\/wp-json\/wp\/v2\/posts\/268714\/revisions\/268717"}],"wp:featuredmedia":[{"embeddable":true,"href":"https:\/\/noticiaempauta.com\/portal\/wp-json\/wp\/v2\/media\/268715"}],"wp:attachment":[{"href":"https:\/\/noticiaempauta.com\/portal\/wp-json\/wp\/v2\/media?parent=268714"}],"wp:term":[{"taxonomy":"category","embeddable":true,"href":"https:\/\/noticiaempauta.com\/portal\/wp-json\/wp\/v2\/categories?post=268714"},{"taxonomy":"post_tag","embeddable":true,"href":"https:\/\/noticiaempauta.com\/portal\/wp-json\/wp\/v2\/tags?post=268714"}],"curies":[{"name":"wp","href":"https:\/\/api.w.org\/{rel}","templated":true}]}}