{"id":268718,"date":"2025-03-16T08:21:13","date_gmt":"2025-03-16T11:21:13","guid":{"rendered":"https:\/\/noticiaempauta.com\/portal\/?p=268718"},"modified":"2025-03-16T08:21:14","modified_gmt":"2025-03-16T11:21:14","slug":"piaui-ganha-36-novas-ambulancias-do-samu-para-renovar-frota-veja-lista-de-cidades","status":"publish","type":"post","link":"https:\/\/noticiaempauta.com\/portal\/piaui-ganha-36-novas-ambulancias-do-samu-para-renovar-frota-veja-lista-de-cidades\/","title":{"rendered":"Piau\u00ed ganha 36 novas ambul\u00e2ncias do SAMU para renovar frota; veja lista de cidades"},"content":{"rendered":"\n<p>Com o objetivo de\u00a0renovar a frota e universalizar, at\u00e9 o fim de 2026, o acesso ao\u00a0Servi\u00e7o de Atendimento M\u00f3vel de Urg\u00eancia (Samu 192), o Governo Federal entregou na sexta-feira, 14 de mar\u00e7o, mais 789 novos ve\u00edculos para 559 cidades de 21 estados.<\/p>\n\n\n\n<figure class=\"wp-block-image size-large\"><img fetchpriority=\"high\" decoding=\"async\" width=\"1024\" height=\"683\" src=\"https:\/\/noticiaempauta.com\/portal\/wp-content\/uploads\/2025\/03\/IMG_3451-1-1024x683.webp\" alt=\"\" class=\"wp-image-268720\" srcset=\"https:\/\/noticiaempauta.com\/portal\/wp-content\/uploads\/2025\/03\/IMG_3451-1-1024x683.webp 1024w, https:\/\/noticiaempauta.com\/portal\/wp-content\/uploads\/2025\/03\/IMG_3451-1-300x200.webp 300w, https:\/\/noticiaempauta.com\/portal\/wp-content\/uploads\/2025\/03\/IMG_3451-1-768x512.webp 768w, https:\/\/noticiaempauta.com\/portal\/wp-content\/uploads\/2025\/03\/IMG_3451-1.webp 1200w\" sizes=\"(max-width: 1024px) 100vw, 1024px\" \/><\/figure>\n\n\n\n<p>O\u00a0investimento total \u00e9 de R$ 243,5 milh\u00f5es. No\u00a0Piau\u00ed, s\u00e3o 36 novas unidades, sendo 33 ambul\u00e2ncias\u00a0para renova\u00e7\u00e3o de frota e\u00a03 Unidades de Suporte Avan\u00e7ado (USA)\u00a0para expans\u00e3o do Samu.<\/p>\n\n\n\n<p>As ambul\u00e2ncias v\u00e3o contemplar 30 munic\u00edpios piauienses, com um investimento de R$ 9,5 milh\u00f5es. A maioria das cidades receber\u00e1 uma unidade. Mas para os munic\u00edpios de Corrente, Esperantina, Floriano, Itaueira e Simpl\u00edcio Mendes ser\u00e3o enviadas duas unidades.<\/p>\n\n\n\n<p><strong>J\u00e1 as USAs chegar\u00e3o a duas cidades<\/strong>: Guaribas, com uma, e Teresina, com duas. O investimento nos tr\u00eas ve\u00edculos \u00e9 de R$1,4 milh\u00e3o.<\/p>\n\n\n\n<p>Desde o in\u00edcio da atual gest\u00e3o do Governo Federal, o estado j\u00e1 tinha recebido outras 44 ambul\u00e2ncias, entre 2023 (12), 2024 (22) e 2025 (10). Com as 36 desta sexta, o total chega a 80.<\/p>\n\n\n\n<p><strong>Entrega de ambul\u00e2ncias no Piau\u00ed:<\/strong><\/p>\n\n\n\n<p>Unidades de Suporte Avan\u00e7ado (USA)<\/p>\n\n\n\n<ul class=\"wp-block-list\">\n<li>Guaribas: 1<\/li>\n\n\n\n<li>Teresina: 2<\/li>\n<\/ul>\n\n\n\n<p>Renova\u00e7\u00e3o de frota \u2013 Ambul\u00e2ncias<\/p>\n\n\n\n<ul class=\"wp-block-list\">\n<li>Amarante: 1<\/li>\n\n\n\n<li>An\u00edsio de Abreu: 1<\/li>\n\n\n\n<li>Avelino Lopes: 1<\/li>\n\n\n\n<li>Canto do Buriti: 1<\/li>\n\n\n\n<li>Col\u00f4nia do Gurgu\u00e9ia: 1<\/li>\n\n\n\n<li>Corrente: 2<\/li>\n\n\n\n<li>Cristal\u00e2ndia do Piau\u00ed: 1<\/li>\n\n\n\n<li>Currais: 1<\/li>\n\n\n\n<li>Esperantina: 2<\/li>\n\n\n\n<li>Floriano: 2<\/li>\n\n\n\n<li>Gilbu\u00e9s: 1<\/li>\n\n\n\n<li>Inhuma: 1<\/li>\n\n\n\n<li>Itaueira: 2<\/li>\n\n\n\n<li>Jaic\u00f3s: 1<\/li>\n\n\n\n<li>Lagoa do Barro do Piau\u00ed: 1<\/li>\n\n\n\n<li>Monsenhor Gil: 1<\/li>\n\n\n\n<li>Monsenhor Hip\u00f3lito: 1<\/li>\n\n\n\n<li>Oeiras: 1<\/li>\n\n\n\n<li>Palmeira do Piau\u00ed: 1<\/li>\n\n\n\n<li>Paulistana: 1<\/li>\n\n\n\n<li>Pio IX: 1<\/li>\n\n\n\n<li>Regenera\u00e7\u00e3o: 1<\/li>\n\n\n\n<li>Santa Cruz do Piau\u00ed: 1<\/li>\n\n\n\n<li>S\u00e3o Francisco do Piau\u00ed: 1<\/li>\n\n\n\n<li>Simpl\u00edcio Mendes: 2<\/li>\n\n\n\n<li>Socorro do Piau\u00ed: 1<\/li>\n\n\n\n<li>Valen\u00e7a do Piau\u00ed: 1<\/li>\n\n\n\n<li>V\u00e1rzea Grande: 1<\/li>\n<\/ul>\n\n\n\n<p>Meio News<\/p>\n","protected":false},"excerpt":{"rendered":"<p>Com o objetivo de\u00a0renovar a frota e universalizar, at\u00e9 o fim de 2026, o acesso ao\u00a0Servi\u00e7o de Atendimento M\u00f3vel de Urg\u00eancia (Samu 192), o Governo Federal entregou na sexta-feira, 14 de mar\u00e7o, mais 789 novos ve\u00edculos para 559 cidades de 21 estados. O\u00a0investimento total \u00e9 de R$ 243,5 milh\u00f5es. No\u00a0Piau\u00ed, s\u00e3o 36 novas unidades, sendo [&hellip;]<\/p>\n","protected":false},"author":2,"featured_media":268719,"comment_status":"open","ping_status":"open","sticky":false,"template":"","format":"standard","meta":{"_mi_skip_tracking":false,"footnotes":""},"categories":[25,1,9,16],"tags":[],"class_list":["post-268718","post","type-post","status-publish","format-standard","has-post-thumbnail","hentry","category-destaques-site","category-geral","category-municipios","category-todas"],"acf":[],"yoast_head":"<!-- This site is optimized with the Yoast SEO Premium plugin v19.2 (Yoast SEO v26.9) - https:\/\/yoast.com\/product\/yoast-seo-premium-wordpress\/ -->\n<title>Piau\u00ed ganha 36 novas ambul\u00e2ncias do SAMU para renovar frota; veja lista de cidades - Portal Not\u00edcia em Pauta<\/title>\n<meta name=\"robots\" content=\"index, follow, max-snippet:-1, max-image-preview:large, max-video-preview:-1\" \/>\n<link rel=\"canonical\" href=\"https:\/\/noticiaempauta.com\/portal\/piaui-ganha-36-novas-ambulancias-do-samu-para-renovar-frota-veja-lista-de-cidades\/\" \/>\n<meta property=\"og:locale\" content=\"pt_BR\" \/>\n<meta property=\"og:type\" content=\"article\" \/>\n<meta property=\"og:title\" content=\"Piau\u00ed ganha 36 novas ambul\u00e2ncias do SAMU para renovar frota; veja lista de cidades\" \/>\n<meta property=\"og:description\" content=\"Com o objetivo de\u00a0renovar a frota e universalizar, at\u00e9 o fim de 2026, o acesso ao\u00a0Servi\u00e7o de Atendimento M\u00f3vel de Urg\u00eancia (Samu 192), o Governo Federal entregou na sexta-feira, 14 de mar\u00e7o, mais 789 novos ve\u00edculos para 559 cidades de 21 estados. O\u00a0investimento total \u00e9 de R$ 243,5 milh\u00f5es. No\u00a0Piau\u00ed, s\u00e3o 36 novas unidades, sendo [&hellip;]\" \/>\n<meta property=\"og:url\" content=\"https:\/\/noticiaempauta.com\/portal\/piaui-ganha-36-novas-ambulancias-do-samu-para-renovar-frota-veja-lista-de-cidades\/\" \/>\n<meta property=\"og:site_name\" content=\"Portal Not\u00edcia em Pauta\" \/>\n<meta property=\"article:publisher\" content=\"https:\/\/www.facebook.com\/Portal-Notcia-Em-Pauta-102292869264820\/\" \/>\n<meta property=\"article:published_time\" content=\"2025-03-16T11:21:13+00:00\" \/>\n<meta property=\"article:modified_time\" content=\"2025-03-16T11:21:14+00:00\" \/>\n<meta property=\"og:image\" content=\"https:\/\/noticiaempauta.com\/portal\/wp-content\/uploads\/2025\/03\/IMG_3451.webp\" \/>\n\t<meta property=\"og:image:width\" content=\"1200\" \/>\n\t<meta property=\"og:image:height\" content=\"800\" \/>\n\t<meta property=\"og:image:type\" content=\"image\/webp\" \/>\n<meta name=\"author\" content=\"Reda\u00e7\u00e3o\" \/>\n<meta name=\"twitter:card\" content=\"summary_large_image\" \/>\n<meta name=\"twitter:label1\" content=\"Escrito por\" \/>\n\t<meta name=\"twitter:data1\" content=\"Reda\u00e7\u00e3o\" \/>\n\t<meta name=\"twitter:label2\" content=\"Est. tempo de leitura\" \/>\n\t<meta name=\"twitter:data2\" content=\"2 minutos\" \/>\n<script type=\"application\/ld+json\" class=\"yoast-schema-graph\">{\"@context\":\"https:\/\/schema.org\",\"@graph\":[{\"@type\":\"Article\",\"@id\":\"https:\/\/noticiaempauta.com\/portal\/piaui-ganha-36-novas-ambulancias-do-samu-para-renovar-frota-veja-lista-de-cidades\/#article\",\"isPartOf\":{\"@id\":\"https:\/\/noticiaempauta.com\/portal\/piaui-ganha-36-novas-ambulancias-do-samu-para-renovar-frota-veja-lista-de-cidades\/\"},\"author\":{\"name\":\"Reda\u00e7\u00e3o\",\"@id\":\"https:\/\/noticiaempauta.com\/portal\/#\/schema\/person\/a74af43dd1ab3deca45f988c717d57ac\"},\"headline\":\"Piau\u00ed ganha 36 novas ambul\u00e2ncias do SAMU para renovar frota; veja lista de cidades\",\"datePublished\":\"2025-03-16T11:21:13+00:00\",\"dateModified\":\"2025-03-16T11:21:14+00:00\",\"mainEntityOfPage\":{\"@id\":\"https:\/\/noticiaempauta.com\/portal\/piaui-ganha-36-novas-ambulancias-do-samu-para-renovar-frota-veja-lista-de-cidades\/\"},\"wordCount\":279,\"commentCount\":0,\"publisher\":{\"@id\":\"https:\/\/noticiaempauta.com\/portal\/#organization\"},\"image\":{\"@id\":\"https:\/\/noticiaempauta.com\/portal\/piaui-ganha-36-novas-ambulancias-do-samu-para-renovar-frota-veja-lista-de-cidades\/#primaryimage\"},\"thumbnailUrl\":\"https:\/\/noticiaempauta.com\/portal\/wp-content\/uploads\/2025\/03\/IMG_3451.webp\",\"articleSection\":[\"Destaques\",\"Geral\",\"Munic\u00edpios\",\"Todas as Not\u00edcias\"],\"inLanguage\":\"pt-BR\",\"potentialAction\":[{\"@type\":\"CommentAction\",\"name\":\"Comment\",\"target\":[\"https:\/\/noticiaempauta.com\/portal\/piaui-ganha-36-novas-ambulancias-do-samu-para-renovar-frota-veja-lista-de-cidades\/#respond\"]}]},{\"@type\":\"WebPage\",\"@id\":\"https:\/\/noticiaempauta.com\/portal\/piaui-ganha-36-novas-ambulancias-do-samu-para-renovar-frota-veja-lista-de-cidades\/\",\"url\":\"https:\/\/noticiaempauta.com\/portal\/piaui-ganha-36-novas-ambulancias-do-samu-para-renovar-frota-veja-lista-de-cidades\/\",\"name\":\"Piau\u00ed ganha 36 novas ambul\u00e2ncias do SAMU para renovar frota; veja lista de cidades - Portal Not\u00edcia em Pauta\",\"isPartOf\":{\"@id\":\"https:\/\/noticiaempauta.com\/portal\/#website\"},\"primaryImageOfPage\":{\"@id\":\"https:\/\/noticiaempauta.com\/portal\/piaui-ganha-36-novas-ambulancias-do-samu-para-renovar-frota-veja-lista-de-cidades\/#primaryimage\"},\"image\":{\"@id\":\"https:\/\/noticiaempauta.com\/portal\/piaui-ganha-36-novas-ambulancias-do-samu-para-renovar-frota-veja-lista-de-cidades\/#primaryimage\"},\"thumbnailUrl\":\"https:\/\/noticiaempauta.com\/portal\/wp-content\/uploads\/2025\/03\/IMG_3451.webp\",\"datePublished\":\"2025-03-16T11:21:13+00:00\",\"dateModified\":\"2025-03-16T11:21:14+00:00\",\"breadcrumb\":{\"@id\":\"https:\/\/noticiaempauta.com\/portal\/piaui-ganha-36-novas-ambulancias-do-samu-para-renovar-frota-veja-lista-de-cidades\/#breadcrumb\"},\"inLanguage\":\"pt-BR\",\"potentialAction\":[{\"@type\":\"ReadAction\",\"target\":[\"https:\/\/noticiaempauta.com\/portal\/piaui-ganha-36-novas-ambulancias-do-samu-para-renovar-frota-veja-lista-de-cidades\/\"]}]},{\"@type\":\"ImageObject\",\"inLanguage\":\"pt-BR\",\"@id\":\"https:\/\/noticiaempauta.com\/portal\/piaui-ganha-36-novas-ambulancias-do-samu-para-renovar-frota-veja-lista-de-cidades\/#primaryimage\",\"url\":\"https:\/\/noticiaempauta.com\/portal\/wp-content\/uploads\/2025\/03\/IMG_3451.webp\",\"contentUrl\":\"https:\/\/noticiaempauta.com\/portal\/wp-content\/uploads\/2025\/03\/IMG_3451.webp\",\"width\":1200,\"height\":800},{\"@type\":\"BreadcrumbList\",\"@id\":\"https:\/\/noticiaempauta.com\/portal\/piaui-ganha-36-novas-ambulancias-do-samu-para-renovar-frota-veja-lista-de-cidades\/#breadcrumb\",\"itemListElement\":[{\"@type\":\"ListItem\",\"position\":1,\"name\":\"P\u00e1gina Inicial\",\"item\":\"https:\/\/noticiaempauta.com\/portal\/\"},{\"@type\":\"ListItem\",\"position\":2,\"name\":\"Destaques\",\"item\":\"https:\/\/noticiaempauta.com\/portal\/destaques-site\/\"},{\"@type\":\"ListItem\",\"position\":3,\"name\":\"Piau\u00ed ganha 36 novas ambul\u00e2ncias do SAMU para renovar frota; veja lista de cidades\"}]},{\"@type\":\"WebSite\",\"@id\":\"https:\/\/noticiaempauta.com\/portal\/#website\",\"url\":\"https:\/\/noticiaempauta.com\/portal\/\",\"name\":\"Portal Not\u00edcia em Pauta\",\"description\":\"Voc\u00ea bem informado\",\"publisher\":{\"@id\":\"https:\/\/noticiaempauta.com\/portal\/#organization\"},\"potentialAction\":[{\"@type\":\"SearchAction\",\"target\":{\"@type\":\"EntryPoint\",\"urlTemplate\":\"https:\/\/noticiaempauta.com\/portal\/?s={search_term_string}\"},\"query-input\":{\"@type\":\"PropertyValueSpecification\",\"valueRequired\":true,\"valueName\":\"search_term_string\"}}],\"inLanguage\":\"pt-BR\"},{\"@type\":\"Organization\",\"@id\":\"https:\/\/noticiaempauta.com\/portal\/#organization\",\"name\":\"Portal Not\u00edcia em Pauta\",\"url\":\"https:\/\/noticiaempauta.com\/portal\/\",\"logo\":{\"@type\":\"ImageObject\",\"inLanguage\":\"pt-BR\",\"@id\":\"https:\/\/noticiaempauta.com\/portal\/#\/schema\/logo\/image\/\",\"url\":\"https:\/\/noticiaempauta.com\/portal\/wp-content\/uploads\/2022\/08\/logomarca_tema.fw_.png\",\"contentUrl\":\"https:\/\/noticiaempauta.com\/portal\/wp-content\/uploads\/2022\/08\/logomarca_tema.fw_.png\",\"width\":400,\"height\":232,\"caption\":\"Portal Not\u00edcia em Pauta\"},\"image\":{\"@id\":\"https:\/\/noticiaempauta.com\/portal\/#\/schema\/logo\/image\/\"},\"sameAs\":[\"https:\/\/www.facebook.com\/Portal-Notcia-Em-Pauta-102292869264820\/\",\"https:\/\/www.instagram.com\/portalnoticiaempauta\/\"]},{\"@type\":\"Person\",\"@id\":\"https:\/\/noticiaempauta.com\/portal\/#\/schema\/person\/a74af43dd1ab3deca45f988c717d57ac\",\"name\":\"Reda\u00e7\u00e3o\",\"image\":{\"@type\":\"ImageObject\",\"inLanguage\":\"pt-BR\",\"@id\":\"https:\/\/noticiaempauta.com\/portal\/#\/schema\/person\/image\/\",\"url\":\"https:\/\/secure.gravatar.com\/avatar\/03179346ecce6cdfc13361603e8f54242a90e5cde8618fa23c5c00aa2b0aadf3?s=96&d=mm&r=g\",\"contentUrl\":\"https:\/\/secure.gravatar.com\/avatar\/03179346ecce6cdfc13361603e8f54242a90e5cde8618fa23c5c00aa2b0aadf3?s=96&d=mm&r=g\",\"caption\":\"Reda\u00e7\u00e3o\"},\"sameAs\":[\"https:\/\/noticiaempauta.com\/portal\/\"],\"url\":\"https:\/\/noticiaempauta.com\/portal\/author\/fernando\/\"}]}<\/script>\n<!-- \/ Yoast SEO Premium plugin. -->","yoast_head_json":{"title":"Piau\u00ed ganha 36 novas ambul\u00e2ncias do SAMU para renovar frota; veja lista de cidades - Portal Not\u00edcia em Pauta","robots":{"index":"index","follow":"follow","max-snippet":"max-snippet:-1","max-image-preview":"max-image-preview:large","max-video-preview":"max-video-preview:-1"},"canonical":"https:\/\/noticiaempauta.com\/portal\/piaui-ganha-36-novas-ambulancias-do-samu-para-renovar-frota-veja-lista-de-cidades\/","og_locale":"pt_BR","og_type":"article","og_title":"Piau\u00ed ganha 36 novas ambul\u00e2ncias do SAMU para renovar frota; veja lista de cidades","og_description":"Com o objetivo de\u00a0renovar a frota e universalizar, at\u00e9 o fim de 2026, o acesso ao\u00a0Servi\u00e7o de Atendimento M\u00f3vel de Urg\u00eancia (Samu 192), o Governo Federal entregou na sexta-feira, 14 de mar\u00e7o, mais 789 novos ve\u00edculos para 559 cidades de 21 estados. O\u00a0investimento total \u00e9 de R$ 243,5 milh\u00f5es. No\u00a0Piau\u00ed, s\u00e3o 36 novas unidades, sendo [&hellip;]","og_url":"https:\/\/noticiaempauta.com\/portal\/piaui-ganha-36-novas-ambulancias-do-samu-para-renovar-frota-veja-lista-de-cidades\/","og_site_name":"Portal Not\u00edcia em Pauta","article_publisher":"https:\/\/www.facebook.com\/Portal-Notcia-Em-Pauta-102292869264820\/","article_published_time":"2025-03-16T11:21:13+00:00","article_modified_time":"2025-03-16T11:21:14+00:00","og_image":[{"width":1200,"height":800,"url":"https:\/\/noticiaempauta.com\/portal\/wp-content\/uploads\/2025\/03\/IMG_3451.webp","type":"image\/webp"}],"author":"Reda\u00e7\u00e3o","twitter_card":"summary_large_image","twitter_misc":{"Escrito por":"Reda\u00e7\u00e3o","Est. tempo de leitura":"2 minutos"},"schema":{"@context":"https:\/\/schema.org","@graph":[{"@type":"Article","@id":"https:\/\/noticiaempauta.com\/portal\/piaui-ganha-36-novas-ambulancias-do-samu-para-renovar-frota-veja-lista-de-cidades\/#article","isPartOf":{"@id":"https:\/\/noticiaempauta.com\/portal\/piaui-ganha-36-novas-ambulancias-do-samu-para-renovar-frota-veja-lista-de-cidades\/"},"author":{"name":"Reda\u00e7\u00e3o","@id":"https:\/\/noticiaempauta.com\/portal\/#\/schema\/person\/a74af43dd1ab3deca45f988c717d57ac"},"headline":"Piau\u00ed ganha 36 novas ambul\u00e2ncias do SAMU para renovar frota; veja lista de cidades","datePublished":"2025-03-16T11:21:13+00:00","dateModified":"2025-03-16T11:21:14+00:00","mainEntityOfPage":{"@id":"https:\/\/noticiaempauta.com\/portal\/piaui-ganha-36-novas-ambulancias-do-samu-para-renovar-frota-veja-lista-de-cidades\/"},"wordCount":279,"commentCount":0,"publisher":{"@id":"https:\/\/noticiaempauta.com\/portal\/#organization"},"image":{"@id":"https:\/\/noticiaempauta.com\/portal\/piaui-ganha-36-novas-ambulancias-do-samu-para-renovar-frota-veja-lista-de-cidades\/#primaryimage"},"thumbnailUrl":"https:\/\/noticiaempauta.com\/portal\/wp-content\/uploads\/2025\/03\/IMG_3451.webp","articleSection":["Destaques","Geral","Munic\u00edpios","Todas as Not\u00edcias"],"inLanguage":"pt-BR","potentialAction":[{"@type":"CommentAction","name":"Comment","target":["https:\/\/noticiaempauta.com\/portal\/piaui-ganha-36-novas-ambulancias-do-samu-para-renovar-frota-veja-lista-de-cidades\/#respond"]}]},{"@type":"WebPage","@id":"https:\/\/noticiaempauta.com\/portal\/piaui-ganha-36-novas-ambulancias-do-samu-para-renovar-frota-veja-lista-de-cidades\/","url":"https:\/\/noticiaempauta.com\/portal\/piaui-ganha-36-novas-ambulancias-do-samu-para-renovar-frota-veja-lista-de-cidades\/","name":"Piau\u00ed ganha 36 novas ambul\u00e2ncias do SAMU para renovar frota; veja lista de cidades - Portal Not\u00edcia em Pauta","isPartOf":{"@id":"https:\/\/noticiaempauta.com\/portal\/#website"},"primaryImageOfPage":{"@id":"https:\/\/noticiaempauta.com\/portal\/piaui-ganha-36-novas-ambulancias-do-samu-para-renovar-frota-veja-lista-de-cidades\/#primaryimage"},"image":{"@id":"https:\/\/noticiaempauta.com\/portal\/piaui-ganha-36-novas-ambulancias-do-samu-para-renovar-frota-veja-lista-de-cidades\/#primaryimage"},"thumbnailUrl":"https:\/\/noticiaempauta.com\/portal\/wp-content\/uploads\/2025\/03\/IMG_3451.webp","datePublished":"2025-03-16T11:21:13+00:00","dateModified":"2025-03-16T11:21:14+00:00","breadcrumb":{"@id":"https:\/\/noticiaempauta.com\/portal\/piaui-ganha-36-novas-ambulancias-do-samu-para-renovar-frota-veja-lista-de-cidades\/#breadcrumb"},"inLanguage":"pt-BR","potentialAction":[{"@type":"ReadAction","target":["https:\/\/noticiaempauta.com\/portal\/piaui-ganha-36-novas-ambulancias-do-samu-para-renovar-frota-veja-lista-de-cidades\/"]}]},{"@type":"ImageObject","inLanguage":"pt-BR","@id":"https:\/\/noticiaempauta.com\/portal\/piaui-ganha-36-novas-ambulancias-do-samu-para-renovar-frota-veja-lista-de-cidades\/#primaryimage","url":"https:\/\/noticiaempauta.com\/portal\/wp-content\/uploads\/2025\/03\/IMG_3451.webp","contentUrl":"https:\/\/noticiaempauta.com\/portal\/wp-content\/uploads\/2025\/03\/IMG_3451.webp","width":1200,"height":800},{"@type":"BreadcrumbList","@id":"https:\/\/noticiaempauta.com\/portal\/piaui-ganha-36-novas-ambulancias-do-samu-para-renovar-frota-veja-lista-de-cidades\/#breadcrumb","itemListElement":[{"@type":"ListItem","position":1,"name":"P\u00e1gina Inicial","item":"https:\/\/noticiaempauta.com\/portal\/"},{"@type":"ListItem","position":2,"name":"Destaques","item":"https:\/\/noticiaempauta.com\/portal\/destaques-site\/"},{"@type":"ListItem","position":3,"name":"Piau\u00ed ganha 36 novas ambul\u00e2ncias do SAMU para renovar frota; veja lista de cidades"}]},{"@type":"WebSite","@id":"https:\/\/noticiaempauta.com\/portal\/#website","url":"https:\/\/noticiaempauta.com\/portal\/","name":"Portal Not\u00edcia em Pauta","description":"Voc\u00ea bem informado","publisher":{"@id":"https:\/\/noticiaempauta.com\/portal\/#organization"},"potentialAction":[{"@type":"SearchAction","target":{"@type":"EntryPoint","urlTemplate":"https:\/\/noticiaempauta.com\/portal\/?s={search_term_string}"},"query-input":{"@type":"PropertyValueSpecification","valueRequired":true,"valueName":"search_term_string"}}],"inLanguage":"pt-BR"},{"@type":"Organization","@id":"https:\/\/noticiaempauta.com\/portal\/#organization","name":"Portal Not\u00edcia em Pauta","url":"https:\/\/noticiaempauta.com\/portal\/","logo":{"@type":"ImageObject","inLanguage":"pt-BR","@id":"https:\/\/noticiaempauta.com\/portal\/#\/schema\/logo\/image\/","url":"https:\/\/noticiaempauta.com\/portal\/wp-content\/uploads\/2022\/08\/logomarca_tema.fw_.png","contentUrl":"https:\/\/noticiaempauta.com\/portal\/wp-content\/uploads\/2022\/08\/logomarca_tema.fw_.png","width":400,"height":232,"caption":"Portal Not\u00edcia em Pauta"},"image":{"@id":"https:\/\/noticiaempauta.com\/portal\/#\/schema\/logo\/image\/"},"sameAs":["https:\/\/www.facebook.com\/Portal-Notcia-Em-Pauta-102292869264820\/","https:\/\/www.instagram.com\/portalnoticiaempauta\/"]},{"@type":"Person","@id":"https:\/\/noticiaempauta.com\/portal\/#\/schema\/person\/a74af43dd1ab3deca45f988c717d57ac","name":"Reda\u00e7\u00e3o","image":{"@type":"ImageObject","inLanguage":"pt-BR","@id":"https:\/\/noticiaempauta.com\/portal\/#\/schema\/person\/image\/","url":"https:\/\/secure.gravatar.com\/avatar\/03179346ecce6cdfc13361603e8f54242a90e5cde8618fa23c5c00aa2b0aadf3?s=96&d=mm&r=g","contentUrl":"https:\/\/secure.gravatar.com\/avatar\/03179346ecce6cdfc13361603e8f54242a90e5cde8618fa23c5c00aa2b0aadf3?s=96&d=mm&r=g","caption":"Reda\u00e7\u00e3o"},"sameAs":["https:\/\/noticiaempauta.com\/portal\/"],"url":"https:\/\/noticiaempauta.com\/portal\/author\/fernando\/"}]}},"_links":{"self":[{"href":"https:\/\/noticiaempauta.com\/portal\/wp-json\/wp\/v2\/posts\/268718","targetHints":{"allow":["GET"]}}],"collection":[{"href":"https:\/\/noticiaempauta.com\/portal\/wp-json\/wp\/v2\/posts"}],"about":[{"href":"https:\/\/noticiaempauta.com\/portal\/wp-json\/wp\/v2\/types\/post"}],"author":[{"embeddable":true,"href":"https:\/\/noticiaempauta.com\/portal\/wp-json\/wp\/v2\/users\/2"}],"replies":[{"embeddable":true,"href":"https:\/\/noticiaempauta.com\/portal\/wp-json\/wp\/v2\/comments?post=268718"}],"version-history":[{"count":1,"href":"https:\/\/noticiaempauta.com\/portal\/wp-json\/wp\/v2\/posts\/268718\/revisions"}],"predecessor-version":[{"id":268721,"href":"https:\/\/noticiaempauta.com\/portal\/wp-json\/wp\/v2\/posts\/268718\/revisions\/268721"}],"wp:featuredmedia":[{"embeddable":true,"href":"https:\/\/noticiaempauta.com\/portal\/wp-json\/wp\/v2\/media\/268719"}],"wp:attachment":[{"href":"https:\/\/noticiaempauta.com\/portal\/wp-json\/wp\/v2\/media?parent=268718"}],"wp:term":[{"taxonomy":"category","embeddable":true,"href":"https:\/\/noticiaempauta.com\/portal\/wp-json\/wp\/v2\/categories?post=268718"},{"taxonomy":"post_tag","embeddable":true,"href":"https:\/\/noticiaempauta.com\/portal\/wp-json\/wp\/v2\/tags?post=268718"}],"curies":[{"name":"wp","href":"https:\/\/api.w.org\/{rel}","templated":true}]}}