{"id":268722,"date":"2025-03-16T11:46:30","date_gmt":"2025-03-16T14:46:30","guid":{"rendered":"https:\/\/noticiaempauta.com\/portal\/?p=268722"},"modified":"2025-03-16T11:46:32","modified_gmt":"2025-03-16T14:46:32","slug":"camara-municipal-de-sao-luis-do-piaui-realiza-sessao-ordinaria","status":"publish","type":"post","link":"https:\/\/noticiaempauta.com\/portal\/camara-municipal-de-sao-luis-do-piaui-realiza-sessao-ordinaria\/","title":{"rendered":"C\u00e2mara Municipal de S\u00e3o Lu\u00eds do Piau\u00ed realiza sess\u00e3o ordin\u00e1ria"},"content":{"rendered":"\n<p>A C\u00e2mara Municipal de S\u00e3o Lu\u00eds do Piau\u00ed realizou na \u00faltima sexta-feira (14), sess\u00e3o ordin\u00e1ria que foi presidida pelo vereador e presidente da casa, Agostinho Silva, e que teve como pauta v\u00e1rios requerimentos que foram apresentados pelos demais pares que comp\u00f5em aquele legislativo.<\/p>\n\n\n\n<figure class=\"wp-block-image size-large\"><img fetchpriority=\"high\" decoding=\"async\" width=\"1024\" height=\"768\" src=\"https:\/\/noticiaempauta.com\/portal\/wp-content\/uploads\/2025\/03\/WhatsApp-Image-2025-03-16-at-11.41.32-1024x768.jpeg\" alt=\"\" class=\"wp-image-268726\" srcset=\"https:\/\/noticiaempauta.com\/portal\/wp-content\/uploads\/2025\/03\/WhatsApp-Image-2025-03-16-at-11.41.32-1024x768.jpeg 1024w, https:\/\/noticiaempauta.com\/portal\/wp-content\/uploads\/2025\/03\/WhatsApp-Image-2025-03-16-at-11.41.32-300x225.jpeg 300w, https:\/\/noticiaempauta.com\/portal\/wp-content\/uploads\/2025\/03\/WhatsApp-Image-2025-03-16-at-11.41.32-768x576.jpeg 768w, https:\/\/noticiaempauta.com\/portal\/wp-content\/uploads\/2025\/03\/WhatsApp-Image-2025-03-16-at-11.41.32.jpeg 1280w\" sizes=\"(max-width: 1024px) 100vw, 1024px\" \/><\/figure>\n\n\n\n<p>A C\u00e2mara Municipal de S\u00e3o Lu\u00eds do Piau\u00ed, realizou na \u00faltima sexta-feira (14), sess\u00e3o ordin\u00e1ria que foi presidida pelo vereador e presidente da casa, Agostinho Silva, e que teve como pauta v\u00e1rios requerimentos que foram apresentados pelos demais pares que comp\u00f5em aquele legislativo.<\/p>\n\n\n\n<figure class=\"wp-block-image size-large\"><img decoding=\"async\" width=\"1024\" height=\"768\" src=\"https:\/\/noticiaempauta.com\/portal\/wp-content\/uploads\/2025\/03\/WhatsApp-Image-2025-03-16-at-11.41.45-1024x768.jpeg\" alt=\"\" class=\"wp-image-268727\" srcset=\"https:\/\/noticiaempauta.com\/portal\/wp-content\/uploads\/2025\/03\/WhatsApp-Image-2025-03-16-at-11.41.45-1024x768.jpeg 1024w, https:\/\/noticiaempauta.com\/portal\/wp-content\/uploads\/2025\/03\/WhatsApp-Image-2025-03-16-at-11.41.45-300x225.jpeg 300w, https:\/\/noticiaempauta.com\/portal\/wp-content\/uploads\/2025\/03\/WhatsApp-Image-2025-03-16-at-11.41.45-768x576.jpeg 768w, https:\/\/noticiaempauta.com\/portal\/wp-content\/uploads\/2025\/03\/WhatsApp-Image-2025-03-16-at-11.41.45.jpeg 1280w\" sizes=\"(max-width: 1024px) 100vw, 1024px\" \/><\/figure>\n\n\n\n<p>Antes da vota\u00e7\u00e3o dos requerimentos e de um projeto de lei, o presidente concedeu espa\u00e7o na tribuna para que os vereadores pudessem se pronunciar. Na oportunidade o vereador Francildo Bahia parabenizou o presidente da C\u00e2mara, e falou das mudan\u00e7as que foram implementadas.<\/p>\n\n\n\n<figure class=\"wp-block-image size-large\"><img decoding=\"async\" width=\"1024\" height=\"683\" src=\"https:\/\/noticiaempauta.com\/portal\/wp-content\/uploads\/2025\/03\/IMG_95891-1024x683.jpeg\" alt=\"\" class=\"wp-image-268728\" srcset=\"https:\/\/noticiaempauta.com\/portal\/wp-content\/uploads\/2025\/03\/IMG_95891-1024x683.jpeg 1024w, https:\/\/noticiaempauta.com\/portal\/wp-content\/uploads\/2025\/03\/IMG_95891-300x200.jpeg 300w, https:\/\/noticiaempauta.com\/portal\/wp-content\/uploads\/2025\/03\/IMG_95891-768x512.jpeg 768w, https:\/\/noticiaempauta.com\/portal\/wp-content\/uploads\/2025\/03\/IMG_95891-1536x1024.jpeg 1536w, https:\/\/noticiaempauta.com\/portal\/wp-content\/uploads\/2025\/03\/IMG_95891.jpeg 1600w\" sizes=\"(max-width: 1024px) 100vw, 1024px\" \/><\/figure>\n\n\n\n<p>Sobre os requerimentos dos seus colegas, Francildo Bahia disse que eles tinham o seu apoio, e lamentou ao mesmo tempo, pois em sua fala ele falou que n\u00e3o adianta apresentar requerimento se eles n\u00e3o s\u00e3o atendidos pela gest\u00e3o munic\u00edpio, pelo menos os pedidos dos vereadores da oposi\u00e7\u00e3o. Ele disse que s\u00f3 apresenta aquilo que \u00e9 de interesse da popula\u00e7\u00e3o, frisou.<\/p>\n\n\n\n<p>O parlamentar falou ainda que a prefeitura ainda n\u00e3o repassou a totalidade do repasse da C\u00e2mara, pois em dois meses ainda tem resto a receber. O mesmo pediu aos colegas que fiquem atentos a esse problema se n\u00e3o virar\u00e1 uma grande bola de neve, comentou.<\/p>\n\n\n\n<p>O vereador Manoel Jo\u00e3o falou sobre o projeto da associa\u00e7\u00e3o que Institui de Utilidade P\u00fablica a Associa\u00e7\u00e3o de Pequenos Produtores Rurais da Comunidade de Jos\u00e9 Laudimiro e d\u00e1 outras providencias, e disse que \u00e9 norma da C\u00e2mara que os projetos devem chegar com anteced\u00eancia. Falou que apoia o projeto, mas pediu mais aten\u00e7\u00e3o da casa para os pr\u00f3ximos, disse.<\/p>\n\n\n\n<figure class=\"wp-block-image size-large\"><img loading=\"lazy\" decoding=\"async\" width=\"1024\" height=\"683\" src=\"https:\/\/noticiaempauta.com\/portal\/wp-content\/uploads\/2025\/03\/IMG_9590-1024x683.jpeg\" alt=\"\" class=\"wp-image-268729\" srcset=\"https:\/\/noticiaempauta.com\/portal\/wp-content\/uploads\/2025\/03\/IMG_9590-1024x683.jpeg 1024w, https:\/\/noticiaempauta.com\/portal\/wp-content\/uploads\/2025\/03\/IMG_9590-300x200.jpeg 300w, https:\/\/noticiaempauta.com\/portal\/wp-content\/uploads\/2025\/03\/IMG_9590-768x512.jpeg 768w, https:\/\/noticiaempauta.com\/portal\/wp-content\/uploads\/2025\/03\/IMG_9590-1536x1024.jpeg 1536w, https:\/\/noticiaempauta.com\/portal\/wp-content\/uploads\/2025\/03\/IMG_9590.jpeg 1600w\" sizes=\"(max-width: 1024px) 100vw, 1024px\" \/><\/figure>\n\n\n\n<p>O parlamentar apresentou um requerimento que disp\u00f5e sobre a constru\u00e7\u00e3o de dois quebra-molas na entrada da cidade. Na justificativa, o edil disse que a constru\u00e7\u00e3o desses dois quebra-molas \u00e9 uma preven\u00e7\u00e3o de acidentes, visto que existe a entrada e sa\u00edda paralelas no mesmo local. Sendo assim, fica uma sinaliza\u00e7\u00e3o com seguran\u00e7a, medida imperativa de redu\u00e7\u00e3o de velocidade de ve\u00edculos e de grande import\u00e2ncia para seguran\u00e7a de tr\u00e2nsito.<\/p>\n\n\n\n<p>O mesmo informou ainda que seus requerimentos al\u00e9m de terem sidos todos aprovados, eles tamb\u00e9m foram executados pela gest\u00e3o municipal, o que mostra compromisso da gest\u00e3o com o munic\u00edpio, frisou.<\/p>\n\n\n\n<p>O vereador Lindalberto Ricardino apresentou um requerimento que solicita do Poder Executivo Municipal, o empi\u00e7arramento da estrada vicinal que liga a sede do munic\u00edpio S\u00e3o Lu\u00eds do Piau\u00ed at\u00e9 o Povoado S\u00e3o Cristov\u00e3o que fica na zona rural.&#8221;<\/p>\n\n\n\n<figure class=\"wp-block-image size-large\"><img loading=\"lazy\" decoding=\"async\" width=\"1024\" height=\"683\" src=\"https:\/\/noticiaempauta.com\/portal\/wp-content\/uploads\/2025\/03\/IMG_9582-1024x683.jpeg\" alt=\"\" class=\"wp-image-268730\" srcset=\"https:\/\/noticiaempauta.com\/portal\/wp-content\/uploads\/2025\/03\/IMG_9582-1024x683.jpeg 1024w, https:\/\/noticiaempauta.com\/portal\/wp-content\/uploads\/2025\/03\/IMG_9582-300x200.jpeg 300w, https:\/\/noticiaempauta.com\/portal\/wp-content\/uploads\/2025\/03\/IMG_9582-768x512.jpeg 768w, https:\/\/noticiaempauta.com\/portal\/wp-content\/uploads\/2025\/03\/IMG_9582-1536x1024.jpeg 1536w, https:\/\/noticiaempauta.com\/portal\/wp-content\/uploads\/2025\/03\/IMG_9582.jpeg 1600w\" sizes=\"(max-width: 1024px) 100vw, 1024px\" \/><\/figure>\n\n\n\n<p>Sobre os requerimentos que foram apresentados at\u00e9 aqui o gestor municipal tem dado uma grande aten\u00e7\u00e3o, e falou que tudo depende de um bom planejamento, pois quando isso acontece o povo reconhece, como \u00e9 o caso do mesmo grupo pol\u00edtico estar no poder a tanto tempo, justificou.<\/p>\n\n\n\n<p>O mesmo falou ainda sobre as reformas das escolas municipais, e disse que a gest\u00e3o est\u00e1 fazendo um excelente trabalho inclusive climatizou todas as salas de aulas. J\u00e1 sobre as ambul\u00e2ncias, ele falou que uma delas estar na oficina sendo consertada, e disse que s\u00f3 o presidente j\u00e1 foi atendido duas vezes, e que gosta de trabalho pelo povo olhando olho no olho de cada um, comentou.<\/p>\n\n\n\n<p>O vereador Diego Leal defendeu seu requerimento, onde solicitou ao Poder Executivo Municipal a recupera\u00e7\u00e3o do asfalto na entrada da cidade pr\u00f3ximo ao portal na rua Teodoro Bit\u00f4nio.<\/p>\n\n\n\n<figure class=\"wp-block-image size-large\"><img loading=\"lazy\" decoding=\"async\" width=\"1024\" height=\"683\" src=\"https:\/\/noticiaempauta.com\/portal\/wp-content\/uploads\/2025\/03\/IMG_9585-1024x683.jpeg\" alt=\"\" class=\"wp-image-268731\" srcset=\"https:\/\/noticiaempauta.com\/portal\/wp-content\/uploads\/2025\/03\/IMG_9585-1024x683.jpeg 1024w, https:\/\/noticiaempauta.com\/portal\/wp-content\/uploads\/2025\/03\/IMG_9585-300x200.jpeg 300w, https:\/\/noticiaempauta.com\/portal\/wp-content\/uploads\/2025\/03\/IMG_9585-768x512.jpeg 768w, https:\/\/noticiaempauta.com\/portal\/wp-content\/uploads\/2025\/03\/IMG_9585-1536x1024.jpeg 1536w, https:\/\/noticiaempauta.com\/portal\/wp-content\/uploads\/2025\/03\/IMG_9585.jpeg 1600w\" sizes=\"(max-width: 1024px) 100vw, 1024px\" \/><\/figure>\n\n\n\n<p>O parlamentar justifica seu pedido, dizendo que \u00e9 uma reivindica\u00e7\u00e3o da popula\u00e7\u00e3o que ali trafegam todos os dias. Visto que, \u00e9 a entrada da cidade, a qual est\u00e1 s\u00f3 buracos, e de certo modo precisa ter manuten\u00e7\u00e3o, pois com &#8220;Tapas Buracos&#8221; permite reparos mais r\u00e1pido deixando a entrada da cidade com livre acesso, justificou.<\/p>\n\n\n\n<p>Diego Leal falou ainda sobre o repasse da prefeitura, e disse que o executivo n\u00e3o tem di\u00e1logo com a C\u00e2mara, o que \u00e9 uma pena. Falou tamb\u00e9m, que os seus requerimentos nunca foram atendidos, e que oposi\u00e7\u00e3o n\u00e3o tem espa\u00e7o com seus peitos, frisou.<\/p>\n\n\n\n<p>O vereador Samuel Barros, que tamb\u00e9m apresentou um requerimento, onde o mesmo solicita da gest\u00e3o municipal a constru\u00e7\u00e3o de uma Academia de Sa\u00fade no povoado Jos\u00e9 de Barros.<\/p>\n\n\n\n<figure class=\"wp-block-image size-large\"><img loading=\"lazy\" decoding=\"async\" width=\"1024\" height=\"683\" src=\"https:\/\/noticiaempauta.com\/portal\/wp-content\/uploads\/2025\/03\/IMG_9579-1024x683.jpeg\" alt=\"\" class=\"wp-image-268732\" srcset=\"https:\/\/noticiaempauta.com\/portal\/wp-content\/uploads\/2025\/03\/IMG_9579-1024x683.jpeg 1024w, https:\/\/noticiaempauta.com\/portal\/wp-content\/uploads\/2025\/03\/IMG_9579-300x200.jpeg 300w, https:\/\/noticiaempauta.com\/portal\/wp-content\/uploads\/2025\/03\/IMG_9579-768x512.jpeg 768w, https:\/\/noticiaempauta.com\/portal\/wp-content\/uploads\/2025\/03\/IMG_9579-1536x1024.jpeg 1536w, https:\/\/noticiaempauta.com\/portal\/wp-content\/uploads\/2025\/03\/IMG_9579.jpeg 1600w\" sizes=\"(max-width: 1024px) 100vw, 1024px\" \/><\/figure>\n\n\n\n<p>Na justificativa, o parlamentar diz que referido requerimento leva em conta a necessidade dos habitantes daquela comunidade, pois traz in\u00fameros benef\u00edcios que ir\u00e1 ajudar na promo\u00e7\u00e3o da sa\u00fade local. Dessa maneira, solicito a demanda para aquela, pois entende que ser\u00e1 um espa\u00e7o aonde a popula\u00e7\u00e3o al\u00e9m de ter uma \u00e1rea de lazer, possa cuidar tamb\u00e9m da sa\u00fade, defendeu.<\/p>\n\n\n\n<p>O vereador Agildo Barros usou a tribuna para dizer que vota a favor dos requerimentos, e disse que o projeto da associa\u00e7\u00e3o \u00e9 muito importante. Ele lembrou ainda, que o trabalho parlamentar n\u00e3o se restringe apenas em votar projetos e requerimentos, mas tamb\u00e9m, legislar a favor da popula\u00e7\u00e3o que os elegeram, disse.<\/p>\n\n\n\n<figure class=\"wp-block-image size-large\"><img loading=\"lazy\" decoding=\"async\" width=\"1024\" height=\"683\" src=\"https:\/\/noticiaempauta.com\/portal\/wp-content\/uploads\/2025\/03\/IMG_9596-1024x683.jpeg\" alt=\"\" class=\"wp-image-268733\" srcset=\"https:\/\/noticiaempauta.com\/portal\/wp-content\/uploads\/2025\/03\/IMG_9596-1024x683.jpeg 1024w, https:\/\/noticiaempauta.com\/portal\/wp-content\/uploads\/2025\/03\/IMG_9596-300x200.jpeg 300w, https:\/\/noticiaempauta.com\/portal\/wp-content\/uploads\/2025\/03\/IMG_9596-768x512.jpeg 768w, https:\/\/noticiaempauta.com\/portal\/wp-content\/uploads\/2025\/03\/IMG_9596-1536x1024.jpeg 1536w, https:\/\/noticiaempauta.com\/portal\/wp-content\/uploads\/2025\/03\/IMG_9596.jpeg 1600w\" sizes=\"(max-width: 1024px) 100vw, 1024px\" \/><\/figure>\n\n\n\n<p>No final da sess\u00e3o, o presidente colocou em vota\u00e7\u00e3o todos os requerimentos e o projeto de lei que Institui de Utilidade P\u00fablica a Associa\u00e7\u00e3o de Pequenos Produtores Rurais da Comunidade de Jos\u00e9 Laudimiro e d\u00e1 outras providencias, onde todos foram aprovados por unanimidade.<\/p>\n\n\n\n<p><strong>Fonte e Fotos: AgoraED<\/strong><\/p>\n","protected":false},"excerpt":{"rendered":"<p>A C\u00e2mara Municipal de S\u00e3o Lu\u00eds do Piau\u00ed realizou na \u00faltima sexta-feira (14), sess\u00e3o ordin\u00e1ria que foi presidida pelo vereador e presidente da casa, Agostinho Silva, e que teve como pauta v\u00e1rios requerimentos que foram apresentados pelos demais pares que comp\u00f5em aquele legislativo. A C\u00e2mara Municipal de S\u00e3o Lu\u00eds do Piau\u00ed, realizou na \u00faltima sexta-feira [&hellip;]<\/p>\n","protected":false},"author":2,"featured_media":268726,"comment_status":"open","ping_status":"open","sticky":false,"template":"","format":"standard","meta":{"_mi_skip_tracking":false,"footnotes":""},"categories":[25,1,9,16],"tags":[192],"class_list":["post-268722","post","type-post","status-publish","format-standard","has-post-thumbnail","hentry","category-destaques-site","category-geral","category-municipios","category-todas","tag-destaqueprincipal"],"acf":[],"yoast_head":"<!-- This site is optimized with the Yoast SEO Premium plugin v19.2 (Yoast SEO v26.9) - https:\/\/yoast.com\/product\/yoast-seo-premium-wordpress\/ -->\n<title>C\u00e2mara Municipal de S\u00e3o Lu\u00eds do Piau\u00ed realiza sess\u00e3o ordin\u00e1ria - Portal Not\u00edcia em Pauta<\/title>\n<meta name=\"robots\" content=\"index, follow, max-snippet:-1, max-image-preview:large, max-video-preview:-1\" \/>\n<link rel=\"canonical\" href=\"https:\/\/noticiaempauta.com\/portal\/camara-municipal-de-sao-luis-do-piaui-realiza-sessao-ordinaria\/\" \/>\n<meta property=\"og:locale\" content=\"pt_BR\" \/>\n<meta property=\"og:type\" content=\"article\" \/>\n<meta property=\"og:title\" content=\"C\u00e2mara Municipal de S\u00e3o Lu\u00eds do Piau\u00ed realiza sess\u00e3o ordin\u00e1ria\" \/>\n<meta property=\"og:description\" content=\"A C\u00e2mara Municipal de S\u00e3o Lu\u00eds do Piau\u00ed realizou na \u00faltima sexta-feira (14), sess\u00e3o ordin\u00e1ria que foi presidida pelo vereador e presidente da casa, Agostinho Silva, e que teve como pauta v\u00e1rios requerimentos que foram apresentados pelos demais pares que comp\u00f5em aquele legislativo. A C\u00e2mara Municipal de S\u00e3o Lu\u00eds do Piau\u00ed, realizou na \u00faltima sexta-feira [&hellip;]\" \/>\n<meta property=\"og:url\" content=\"https:\/\/noticiaempauta.com\/portal\/camara-municipal-de-sao-luis-do-piaui-realiza-sessao-ordinaria\/\" \/>\n<meta property=\"og:site_name\" content=\"Portal Not\u00edcia em Pauta\" \/>\n<meta property=\"article:publisher\" content=\"https:\/\/www.facebook.com\/Portal-Notcia-Em-Pauta-102292869264820\/\" \/>\n<meta property=\"article:published_time\" content=\"2025-03-16T14:46:30+00:00\" \/>\n<meta property=\"article:modified_time\" content=\"2025-03-16T14:46:32+00:00\" \/>\n<meta property=\"og:image\" content=\"https:\/\/noticiaempauta.com\/portal\/wp-content\/uploads\/2025\/03\/WhatsApp-Image-2025-03-16-at-11.41.32.jpeg\" \/>\n\t<meta property=\"og:image:width\" content=\"1280\" \/>\n\t<meta property=\"og:image:height\" content=\"960\" \/>\n\t<meta property=\"og:image:type\" content=\"image\/jpeg\" \/>\n<meta name=\"author\" content=\"Reda\u00e7\u00e3o\" \/>\n<meta name=\"twitter:card\" content=\"summary_large_image\" \/>\n<meta name=\"twitter:label1\" content=\"Escrito por\" \/>\n\t<meta name=\"twitter:data1\" content=\"Reda\u00e7\u00e3o\" \/>\n\t<meta name=\"twitter:label2\" content=\"Est. tempo de leitura\" \/>\n\t<meta name=\"twitter:data2\" content=\"7 minutos\" \/>\n<script type=\"application\/ld+json\" class=\"yoast-schema-graph\">{\"@context\":\"https:\/\/schema.org\",\"@graph\":[{\"@type\":\"Article\",\"@id\":\"https:\/\/noticiaempauta.com\/portal\/camara-municipal-de-sao-luis-do-piaui-realiza-sessao-ordinaria\/#article\",\"isPartOf\":{\"@id\":\"https:\/\/noticiaempauta.com\/portal\/camara-municipal-de-sao-luis-do-piaui-realiza-sessao-ordinaria\/\"},\"author\":{\"name\":\"Reda\u00e7\u00e3o\",\"@id\":\"https:\/\/noticiaempauta.com\/portal\/#\/schema\/person\/a74af43dd1ab3deca45f988c717d57ac\"},\"headline\":\"C\u00e2mara Municipal de S\u00e3o Lu\u00eds do Piau\u00ed realiza sess\u00e3o ordin\u00e1ria\",\"datePublished\":\"2025-03-16T14:46:30+00:00\",\"dateModified\":\"2025-03-16T14:46:32+00:00\",\"mainEntityOfPage\":{\"@id\":\"https:\/\/noticiaempauta.com\/portal\/camara-municipal-de-sao-luis-do-piaui-realiza-sessao-ordinaria\/\"},\"wordCount\":955,\"commentCount\":0,\"publisher\":{\"@id\":\"https:\/\/noticiaempauta.com\/portal\/#organization\"},\"image\":{\"@id\":\"https:\/\/noticiaempauta.com\/portal\/camara-municipal-de-sao-luis-do-piaui-realiza-sessao-ordinaria\/#primaryimage\"},\"thumbnailUrl\":\"https:\/\/noticiaempauta.com\/portal\/wp-content\/uploads\/2025\/03\/WhatsApp-Image-2025-03-16-at-11.41.32.jpeg\",\"keywords\":[\"destaqueprincipal\"],\"articleSection\":[\"Destaques\",\"Geral\",\"Munic\u00edpios\",\"Todas as Not\u00edcias\"],\"inLanguage\":\"pt-BR\",\"potentialAction\":[{\"@type\":\"CommentAction\",\"name\":\"Comment\",\"target\":[\"https:\/\/noticiaempauta.com\/portal\/camara-municipal-de-sao-luis-do-piaui-realiza-sessao-ordinaria\/#respond\"]}]},{\"@type\":\"WebPage\",\"@id\":\"https:\/\/noticiaempauta.com\/portal\/camara-municipal-de-sao-luis-do-piaui-realiza-sessao-ordinaria\/\",\"url\":\"https:\/\/noticiaempauta.com\/portal\/camara-municipal-de-sao-luis-do-piaui-realiza-sessao-ordinaria\/\",\"name\":\"C\u00e2mara Municipal de S\u00e3o Lu\u00eds do Piau\u00ed realiza sess\u00e3o ordin\u00e1ria - Portal Not\u00edcia em Pauta\",\"isPartOf\":{\"@id\":\"https:\/\/noticiaempauta.com\/portal\/#website\"},\"primaryImageOfPage\":{\"@id\":\"https:\/\/noticiaempauta.com\/portal\/camara-municipal-de-sao-luis-do-piaui-realiza-sessao-ordinaria\/#primaryimage\"},\"image\":{\"@id\":\"https:\/\/noticiaempauta.com\/portal\/camara-municipal-de-sao-luis-do-piaui-realiza-sessao-ordinaria\/#primaryimage\"},\"thumbnailUrl\":\"https:\/\/noticiaempauta.com\/portal\/wp-content\/uploads\/2025\/03\/WhatsApp-Image-2025-03-16-at-11.41.32.jpeg\",\"datePublished\":\"2025-03-16T14:46:30+00:00\",\"dateModified\":\"2025-03-16T14:46:32+00:00\",\"breadcrumb\":{\"@id\":\"https:\/\/noticiaempauta.com\/portal\/camara-municipal-de-sao-luis-do-piaui-realiza-sessao-ordinaria\/#breadcrumb\"},\"inLanguage\":\"pt-BR\",\"potentialAction\":[{\"@type\":\"ReadAction\",\"target\":[\"https:\/\/noticiaempauta.com\/portal\/camara-municipal-de-sao-luis-do-piaui-realiza-sessao-ordinaria\/\"]}]},{\"@type\":\"ImageObject\",\"inLanguage\":\"pt-BR\",\"@id\":\"https:\/\/noticiaempauta.com\/portal\/camara-municipal-de-sao-luis-do-piaui-realiza-sessao-ordinaria\/#primaryimage\",\"url\":\"https:\/\/noticiaempauta.com\/portal\/wp-content\/uploads\/2025\/03\/WhatsApp-Image-2025-03-16-at-11.41.32.jpeg\",\"contentUrl\":\"https:\/\/noticiaempauta.com\/portal\/wp-content\/uploads\/2025\/03\/WhatsApp-Image-2025-03-16-at-11.41.32.jpeg\",\"width\":1280,\"height\":960},{\"@type\":\"BreadcrumbList\",\"@id\":\"https:\/\/noticiaempauta.com\/portal\/camara-municipal-de-sao-luis-do-piaui-realiza-sessao-ordinaria\/#breadcrumb\",\"itemListElement\":[{\"@type\":\"ListItem\",\"position\":1,\"name\":\"P\u00e1gina Inicial\",\"item\":\"https:\/\/noticiaempauta.com\/portal\/\"},{\"@type\":\"ListItem\",\"position\":2,\"name\":\"Geral\",\"item\":\"https:\/\/noticiaempauta.com\/portal\/geral\/\"},{\"@type\":\"ListItem\",\"position\":3,\"name\":\"C\u00e2mara Municipal de S\u00e3o Lu\u00eds do Piau\u00ed realiza sess\u00e3o ordin\u00e1ria\"}]},{\"@type\":\"WebSite\",\"@id\":\"https:\/\/noticiaempauta.com\/portal\/#website\",\"url\":\"https:\/\/noticiaempauta.com\/portal\/\",\"name\":\"Portal Not\u00edcia em Pauta\",\"description\":\"Voc\u00ea bem informado\",\"publisher\":{\"@id\":\"https:\/\/noticiaempauta.com\/portal\/#organization\"},\"potentialAction\":[{\"@type\":\"SearchAction\",\"target\":{\"@type\":\"EntryPoint\",\"urlTemplate\":\"https:\/\/noticiaempauta.com\/portal\/?s={search_term_string}\"},\"query-input\":{\"@type\":\"PropertyValueSpecification\",\"valueRequired\":true,\"valueName\":\"search_term_string\"}}],\"inLanguage\":\"pt-BR\"},{\"@type\":\"Organization\",\"@id\":\"https:\/\/noticiaempauta.com\/portal\/#organization\",\"name\":\"Portal Not\u00edcia em Pauta\",\"url\":\"https:\/\/noticiaempauta.com\/portal\/\",\"logo\":{\"@type\":\"ImageObject\",\"inLanguage\":\"pt-BR\",\"@id\":\"https:\/\/noticiaempauta.com\/portal\/#\/schema\/logo\/image\/\",\"url\":\"https:\/\/noticiaempauta.com\/portal\/wp-content\/uploads\/2022\/08\/logomarca_tema.fw_.png\",\"contentUrl\":\"https:\/\/noticiaempauta.com\/portal\/wp-content\/uploads\/2022\/08\/logomarca_tema.fw_.png\",\"width\":400,\"height\":232,\"caption\":\"Portal Not\u00edcia em Pauta\"},\"image\":{\"@id\":\"https:\/\/noticiaempauta.com\/portal\/#\/schema\/logo\/image\/\"},\"sameAs\":[\"https:\/\/www.facebook.com\/Portal-Notcia-Em-Pauta-102292869264820\/\",\"https:\/\/www.instagram.com\/portalnoticiaempauta\/\"]},{\"@type\":\"Person\",\"@id\":\"https:\/\/noticiaempauta.com\/portal\/#\/schema\/person\/a74af43dd1ab3deca45f988c717d57ac\",\"name\":\"Reda\u00e7\u00e3o\",\"image\":{\"@type\":\"ImageObject\",\"inLanguage\":\"pt-BR\",\"@id\":\"https:\/\/noticiaempauta.com\/portal\/#\/schema\/person\/image\/\",\"url\":\"https:\/\/secure.gravatar.com\/avatar\/03179346ecce6cdfc13361603e8f54242a90e5cde8618fa23c5c00aa2b0aadf3?s=96&d=mm&r=g\",\"contentUrl\":\"https:\/\/secure.gravatar.com\/avatar\/03179346ecce6cdfc13361603e8f54242a90e5cde8618fa23c5c00aa2b0aadf3?s=96&d=mm&r=g\",\"caption\":\"Reda\u00e7\u00e3o\"},\"sameAs\":[\"https:\/\/noticiaempauta.com\/portal\/\"],\"url\":\"https:\/\/noticiaempauta.com\/portal\/author\/fernando\/\"}]}<\/script>\n<!-- \/ Yoast SEO Premium plugin. -->","yoast_head_json":{"title":"C\u00e2mara Municipal de S\u00e3o Lu\u00eds do Piau\u00ed realiza sess\u00e3o ordin\u00e1ria - Portal Not\u00edcia em Pauta","robots":{"index":"index","follow":"follow","max-snippet":"max-snippet:-1","max-image-preview":"max-image-preview:large","max-video-preview":"max-video-preview:-1"},"canonical":"https:\/\/noticiaempauta.com\/portal\/camara-municipal-de-sao-luis-do-piaui-realiza-sessao-ordinaria\/","og_locale":"pt_BR","og_type":"article","og_title":"C\u00e2mara Municipal de S\u00e3o Lu\u00eds do Piau\u00ed realiza sess\u00e3o ordin\u00e1ria","og_description":"A C\u00e2mara Municipal de S\u00e3o Lu\u00eds do Piau\u00ed realizou na \u00faltima sexta-feira (14), sess\u00e3o ordin\u00e1ria que foi presidida pelo vereador e presidente da casa, Agostinho Silva, e que teve como pauta v\u00e1rios requerimentos que foram apresentados pelos demais pares que comp\u00f5em aquele legislativo. A C\u00e2mara Municipal de S\u00e3o Lu\u00eds do Piau\u00ed, realizou na \u00faltima sexta-feira [&hellip;]","og_url":"https:\/\/noticiaempauta.com\/portal\/camara-municipal-de-sao-luis-do-piaui-realiza-sessao-ordinaria\/","og_site_name":"Portal Not\u00edcia em Pauta","article_publisher":"https:\/\/www.facebook.com\/Portal-Notcia-Em-Pauta-102292869264820\/","article_published_time":"2025-03-16T14:46:30+00:00","article_modified_time":"2025-03-16T14:46:32+00:00","og_image":[{"width":1280,"height":960,"url":"https:\/\/noticiaempauta.com\/portal\/wp-content\/uploads\/2025\/03\/WhatsApp-Image-2025-03-16-at-11.41.32.jpeg","type":"image\/jpeg"}],"author":"Reda\u00e7\u00e3o","twitter_card":"summary_large_image","twitter_misc":{"Escrito por":"Reda\u00e7\u00e3o","Est. tempo de leitura":"7 minutos"},"schema":{"@context":"https:\/\/schema.org","@graph":[{"@type":"Article","@id":"https:\/\/noticiaempauta.com\/portal\/camara-municipal-de-sao-luis-do-piaui-realiza-sessao-ordinaria\/#article","isPartOf":{"@id":"https:\/\/noticiaempauta.com\/portal\/camara-municipal-de-sao-luis-do-piaui-realiza-sessao-ordinaria\/"},"author":{"name":"Reda\u00e7\u00e3o","@id":"https:\/\/noticiaempauta.com\/portal\/#\/schema\/person\/a74af43dd1ab3deca45f988c717d57ac"},"headline":"C\u00e2mara Municipal de S\u00e3o Lu\u00eds do Piau\u00ed realiza sess\u00e3o ordin\u00e1ria","datePublished":"2025-03-16T14:46:30+00:00","dateModified":"2025-03-16T14:46:32+00:00","mainEntityOfPage":{"@id":"https:\/\/noticiaempauta.com\/portal\/camara-municipal-de-sao-luis-do-piaui-realiza-sessao-ordinaria\/"},"wordCount":955,"commentCount":0,"publisher":{"@id":"https:\/\/noticiaempauta.com\/portal\/#organization"},"image":{"@id":"https:\/\/noticiaempauta.com\/portal\/camara-municipal-de-sao-luis-do-piaui-realiza-sessao-ordinaria\/#primaryimage"},"thumbnailUrl":"https:\/\/noticiaempauta.com\/portal\/wp-content\/uploads\/2025\/03\/WhatsApp-Image-2025-03-16-at-11.41.32.jpeg","keywords":["destaqueprincipal"],"articleSection":["Destaques","Geral","Munic\u00edpios","Todas as Not\u00edcias"],"inLanguage":"pt-BR","potentialAction":[{"@type":"CommentAction","name":"Comment","target":["https:\/\/noticiaempauta.com\/portal\/camara-municipal-de-sao-luis-do-piaui-realiza-sessao-ordinaria\/#respond"]}]},{"@type":"WebPage","@id":"https:\/\/noticiaempauta.com\/portal\/camara-municipal-de-sao-luis-do-piaui-realiza-sessao-ordinaria\/","url":"https:\/\/noticiaempauta.com\/portal\/camara-municipal-de-sao-luis-do-piaui-realiza-sessao-ordinaria\/","name":"C\u00e2mara Municipal de S\u00e3o Lu\u00eds do Piau\u00ed realiza sess\u00e3o ordin\u00e1ria - Portal Not\u00edcia em Pauta","isPartOf":{"@id":"https:\/\/noticiaempauta.com\/portal\/#website"},"primaryImageOfPage":{"@id":"https:\/\/noticiaempauta.com\/portal\/camara-municipal-de-sao-luis-do-piaui-realiza-sessao-ordinaria\/#primaryimage"},"image":{"@id":"https:\/\/noticiaempauta.com\/portal\/camara-municipal-de-sao-luis-do-piaui-realiza-sessao-ordinaria\/#primaryimage"},"thumbnailUrl":"https:\/\/noticiaempauta.com\/portal\/wp-content\/uploads\/2025\/03\/WhatsApp-Image-2025-03-16-at-11.41.32.jpeg","datePublished":"2025-03-16T14:46:30+00:00","dateModified":"2025-03-16T14:46:32+00:00","breadcrumb":{"@id":"https:\/\/noticiaempauta.com\/portal\/camara-municipal-de-sao-luis-do-piaui-realiza-sessao-ordinaria\/#breadcrumb"},"inLanguage":"pt-BR","potentialAction":[{"@type":"ReadAction","target":["https:\/\/noticiaempauta.com\/portal\/camara-municipal-de-sao-luis-do-piaui-realiza-sessao-ordinaria\/"]}]},{"@type":"ImageObject","inLanguage":"pt-BR","@id":"https:\/\/noticiaempauta.com\/portal\/camara-municipal-de-sao-luis-do-piaui-realiza-sessao-ordinaria\/#primaryimage","url":"https:\/\/noticiaempauta.com\/portal\/wp-content\/uploads\/2025\/03\/WhatsApp-Image-2025-03-16-at-11.41.32.jpeg","contentUrl":"https:\/\/noticiaempauta.com\/portal\/wp-content\/uploads\/2025\/03\/WhatsApp-Image-2025-03-16-at-11.41.32.jpeg","width":1280,"height":960},{"@type":"BreadcrumbList","@id":"https:\/\/noticiaempauta.com\/portal\/camara-municipal-de-sao-luis-do-piaui-realiza-sessao-ordinaria\/#breadcrumb","itemListElement":[{"@type":"ListItem","position":1,"name":"P\u00e1gina Inicial","item":"https:\/\/noticiaempauta.com\/portal\/"},{"@type":"ListItem","position":2,"name":"Geral","item":"https:\/\/noticiaempauta.com\/portal\/geral\/"},{"@type":"ListItem","position":3,"name":"C\u00e2mara Municipal de S\u00e3o Lu\u00eds do Piau\u00ed realiza sess\u00e3o ordin\u00e1ria"}]},{"@type":"WebSite","@id":"https:\/\/noticiaempauta.com\/portal\/#website","url":"https:\/\/noticiaempauta.com\/portal\/","name":"Portal Not\u00edcia em Pauta","description":"Voc\u00ea bem informado","publisher":{"@id":"https:\/\/noticiaempauta.com\/portal\/#organization"},"potentialAction":[{"@type":"SearchAction","target":{"@type":"EntryPoint","urlTemplate":"https:\/\/noticiaempauta.com\/portal\/?s={search_term_string}"},"query-input":{"@type":"PropertyValueSpecification","valueRequired":true,"valueName":"search_term_string"}}],"inLanguage":"pt-BR"},{"@type":"Organization","@id":"https:\/\/noticiaempauta.com\/portal\/#organization","name":"Portal Not\u00edcia em Pauta","url":"https:\/\/noticiaempauta.com\/portal\/","logo":{"@type":"ImageObject","inLanguage":"pt-BR","@id":"https:\/\/noticiaempauta.com\/portal\/#\/schema\/logo\/image\/","url":"https:\/\/noticiaempauta.com\/portal\/wp-content\/uploads\/2022\/08\/logomarca_tema.fw_.png","contentUrl":"https:\/\/noticiaempauta.com\/portal\/wp-content\/uploads\/2022\/08\/logomarca_tema.fw_.png","width":400,"height":232,"caption":"Portal Not\u00edcia em Pauta"},"image":{"@id":"https:\/\/noticiaempauta.com\/portal\/#\/schema\/logo\/image\/"},"sameAs":["https:\/\/www.facebook.com\/Portal-Notcia-Em-Pauta-102292869264820\/","https:\/\/www.instagram.com\/portalnoticiaempauta\/"]},{"@type":"Person","@id":"https:\/\/noticiaempauta.com\/portal\/#\/schema\/person\/a74af43dd1ab3deca45f988c717d57ac","name":"Reda\u00e7\u00e3o","image":{"@type":"ImageObject","inLanguage":"pt-BR","@id":"https:\/\/noticiaempauta.com\/portal\/#\/schema\/person\/image\/","url":"https:\/\/secure.gravatar.com\/avatar\/03179346ecce6cdfc13361603e8f54242a90e5cde8618fa23c5c00aa2b0aadf3?s=96&d=mm&r=g","contentUrl":"https:\/\/secure.gravatar.com\/avatar\/03179346ecce6cdfc13361603e8f54242a90e5cde8618fa23c5c00aa2b0aadf3?s=96&d=mm&r=g","caption":"Reda\u00e7\u00e3o"},"sameAs":["https:\/\/noticiaempauta.com\/portal\/"],"url":"https:\/\/noticiaempauta.com\/portal\/author\/fernando\/"}]}},"_links":{"self":[{"href":"https:\/\/noticiaempauta.com\/portal\/wp-json\/wp\/v2\/posts\/268722","targetHints":{"allow":["GET"]}}],"collection":[{"href":"https:\/\/noticiaempauta.com\/portal\/wp-json\/wp\/v2\/posts"}],"about":[{"href":"https:\/\/noticiaempauta.com\/portal\/wp-json\/wp\/v2\/types\/post"}],"author":[{"embeddable":true,"href":"https:\/\/noticiaempauta.com\/portal\/wp-json\/wp\/v2\/users\/2"}],"replies":[{"embeddable":true,"href":"https:\/\/noticiaempauta.com\/portal\/wp-json\/wp\/v2\/comments?post=268722"}],"version-history":[{"count":2,"href":"https:\/\/noticiaempauta.com\/portal\/wp-json\/wp\/v2\/posts\/268722\/revisions"}],"predecessor-version":[{"id":268735,"href":"https:\/\/noticiaempauta.com\/portal\/wp-json\/wp\/v2\/posts\/268722\/revisions\/268735"}],"wp:featuredmedia":[{"embeddable":true,"href":"https:\/\/noticiaempauta.com\/portal\/wp-json\/wp\/v2\/media\/268726"}],"wp:attachment":[{"href":"https:\/\/noticiaempauta.com\/portal\/wp-json\/wp\/v2\/media?parent=268722"}],"wp:term":[{"taxonomy":"category","embeddable":true,"href":"https:\/\/noticiaempauta.com\/portal\/wp-json\/wp\/v2\/categories?post=268722"},{"taxonomy":"post_tag","embeddable":true,"href":"https:\/\/noticiaempauta.com\/portal\/wp-json\/wp\/v2\/tags?post=268722"}],"curies":[{"name":"wp","href":"https:\/\/api.w.org\/{rel}","templated":true}]}}