{"id":268736,"date":"2025-03-16T11:49:30","date_gmt":"2025-03-16T14:49:30","guid":{"rendered":"https:\/\/noticiaempauta.com\/portal\/?p=268736"},"modified":"2025-03-16T11:49:31","modified_gmt":"2025-03-16T14:49:31","slug":"prf-prende-28-pessoas-e-recupera-31-veiculos-roubados-no-piaui","status":"publish","type":"post","link":"https:\/\/noticiaempauta.com\/portal\/prf-prende-28-pessoas-e-recupera-31-veiculos-roubados-no-piaui\/","title":{"rendered":"PRF prende 28 pessoas e recupera 31 ve\u00edculos roubados no Piau\u00ed"},"content":{"rendered":"\n<p>Pelo menos\u00a02.454 pessoas\u00a0foram alvos de abordagens da\u00a0Opera\u00e7\u00e3o Nacional de Seguran\u00e7a Vi\u00e1ria (ONSV)\u00a0deflagrada pela Pol\u00edcia Rodovi\u00e1ria Federal (PRF) no Piau\u00ed. Destas,\u00a028 foram presas. O principal objetivo da a\u00e7\u00e3o \u00e9 reduzir a viol\u00eancia no tr\u00e2nsito e deve se estender at\u00e9 dezembro.\u00a0<\/p>\n\n\n\n<figure class=\"wp-block-image size-large\"><img fetchpriority=\"high\" decoding=\"async\" width=\"1024\" height=\"472\" src=\"https:\/\/noticiaempauta.com\/portal\/wp-content\/uploads\/2025\/03\/transito-seguro-prf-prende-28-pessoas-e-recupera-31-veiculos-roubados-no-piaui-562bbda9-e6a3-4486-ae14-95c9264ca303.jpg-1024x472.webp\" alt=\"\" class=\"wp-image-268737\" srcset=\"https:\/\/noticiaempauta.com\/portal\/wp-content\/uploads\/2025\/03\/transito-seguro-prf-prende-28-pessoas-e-recupera-31-veiculos-roubados-no-piaui-562bbda9-e6a3-4486-ae14-95c9264ca303.jpg-1024x472.webp 1024w, https:\/\/noticiaempauta.com\/portal\/wp-content\/uploads\/2025\/03\/transito-seguro-prf-prende-28-pessoas-e-recupera-31-veiculos-roubados-no-piaui-562bbda9-e6a3-4486-ae14-95c9264ca303.jpg-300x138.webp 300w, https:\/\/noticiaempauta.com\/portal\/wp-content\/uploads\/2025\/03\/transito-seguro-prf-prende-28-pessoas-e-recupera-31-veiculos-roubados-no-piaui-562bbda9-e6a3-4486-ae14-95c9264ca303.jpg-768x354.webp 768w, https:\/\/noticiaempauta.com\/portal\/wp-content\/uploads\/2025\/03\/transito-seguro-prf-prende-28-pessoas-e-recupera-31-veiculos-roubados-no-piaui-562bbda9-e6a3-4486-ae14-95c9264ca303.jpg-1536x708.webp 1536w, https:\/\/noticiaempauta.com\/portal\/wp-content\/uploads\/2025\/03\/transito-seguro-prf-prende-28-pessoas-e-recupera-31-veiculos-roubados-no-piaui-562bbda9-e6a3-4486-ae14-95c9264ca303.jpg.webp 1600w\" sizes=\"(max-width: 1024px) 100vw, 1024px\" \/><figcaption class=\"wp-element-caption\"><strong>Opera\u00e7\u00e3o Nacional de Seguran\u00e7a Vi\u00e1ria (ONSV) | Foto: Divulga\u00e7\u00e3o\/PRF<\/strong><\/figcaption><\/figure>\n\n\n\n<p>A PRF busca aumentar sua presen\u00e7a e disponibilidade nos per\u00edodos, locais e hor\u00e1rios com maior concentra\u00e7\u00e3o de registros de sinistros, atrav\u00e9s de integra\u00e7\u00e3o e atividades conjuntas, a fim de que tenha uma redu\u00e7\u00e3o nos n\u00fameros de ocorr\u00eancias.&nbsp;<\/p>\n\n\n\n<p>As a\u00e7\u00f5es de educa\u00e7\u00e3o e fiscaliza\u00e7\u00e3o de tr\u00e2nsito ser\u00e3o voltadas para as condutas de risco dos condutores, como ultrapassagem indevida, embriaguez ao volante, n\u00e3o utiliza\u00e7\u00e3o do cinto de seguran\u00e7a, transporte inadequado de crian\u00e7as, falta de uso do capacete, excesso de velocidade, tempo de descanso e utiliza\u00e7\u00e3o do telefone celular durante a condu\u00e7\u00e3o de ve\u00edculo.<\/p>\n\n\n\n<p>A Opera\u00e7\u00e3o Nacional de Seguran\u00e7a Vi\u00e1ria (ONSV) come\u00e7ou no dia 10 de mar\u00e7o, e j\u00e1 trouxe os seguintes resultados:&nbsp;<\/p>\n\n\n\n<ul class=\"wp-block-list\">\n<li>2.210 ve\u00edculos e 2.454 pessoas foram fiscalizados;<\/li>\n\n\n\n<li>1.818 testes de alcoolemia feitos, sendo detectados em 319 pessoas;<\/li>\n\n\n\n<li>1.179 autos de infra\u00e7\u00e3o;<\/li>\n\n\n\n<li>223 documentos apreendidos e 88 ve\u00edculos recolhidos;<\/li>\n\n\n\n<li>31 ve\u00edculos roubados recuperados\u00a0<\/li>\n\n\n\n<li>28 pessoas presas, sendo tr\u00eas delas por embriaguez ao volante e uma por crimes de tr\u00e2nsito.<\/li>\n<\/ul>\n\n\n\n<p><strong>OPERA\u00c7\u00c3O EM 2024<\/strong><\/p>\n\n\n\n<ul class=\"wp-block-list\">\n<li>Ve\u00edculos fiscalizados: 101.816<\/li>\n\n\n\n<li>Pessoas fiscalizadas: 111.970<\/li>\n\n\n\n<li>Testes de alcoolemia: 77.406<\/li>\n\n\n\n<li>Atividades educativas: 25.423 pessoas alcan\u00e7adas<\/li>\n\n\n\n<li>Autos de infra\u00e7\u00e3o: 70.792<\/li>\n\n\n\n<li>Ve\u00edculos recolhidos: 5.216<\/li>\n\n\n\n<li>Documentos recolhidos: 10.052<\/li>\n\n\n\n<li>Anfetaminas apreendidas: 653<\/li>\n\n\n\n<li>Ve\u00edculos recuperados: 58<\/li>\n\n\n\n<li>Pessoas detidas: 1.182<\/li>\n\n\n\n<li>Pessoas detidas por alcoolemia: 197<\/li>\n\n\n\n<li>Pessoas detidas por crimes de tr\u00e2nsito: 154<\/li>\n<\/ul>\n\n\n\n<p><strong>Meio News<\/strong><\/p>\n","protected":false},"excerpt":{"rendered":"<p>Pelo menos\u00a02.454 pessoas\u00a0foram alvos de abordagens da\u00a0Opera\u00e7\u00e3o Nacional de Seguran\u00e7a Vi\u00e1ria (ONSV)\u00a0deflagrada pela Pol\u00edcia Rodovi\u00e1ria Federal (PRF) no Piau\u00ed. Destas,\u00a028 foram presas. O principal objetivo da a\u00e7\u00e3o \u00e9 reduzir a viol\u00eancia no tr\u00e2nsito e deve se estender at\u00e9 dezembro.\u00a0 A PRF busca aumentar sua presen\u00e7a e disponibilidade nos per\u00edodos, locais e hor\u00e1rios com maior concentra\u00e7\u00e3o [&hellip;]<\/p>\n","protected":false},"author":2,"featured_media":268737,"comment_status":"open","ping_status":"open","sticky":false,"template":"","format":"standard","meta":{"_mi_skip_tracking":false,"footnotes":""},"categories":[25,1,137,16],"tags":[192],"class_list":["post-268736","post","type-post","status-publish","format-standard","has-post-thumbnail","hentry","category-destaques-site","category-geral","category-policia","category-todas","tag-destaqueprincipal"],"acf":[],"yoast_head":"<!-- This site is optimized with the Yoast SEO Premium plugin v19.2 (Yoast SEO v26.9) - https:\/\/yoast.com\/product\/yoast-seo-premium-wordpress\/ -->\n<title>PRF prende 28 pessoas e recupera 31 ve\u00edculos roubados no Piau\u00ed - Portal Not\u00edcia em Pauta<\/title>\n<meta name=\"robots\" content=\"index, follow, max-snippet:-1, max-image-preview:large, max-video-preview:-1\" \/>\n<link rel=\"canonical\" href=\"https:\/\/noticiaempauta.com\/portal\/prf-prende-28-pessoas-e-recupera-31-veiculos-roubados-no-piaui\/\" \/>\n<meta property=\"og:locale\" content=\"pt_BR\" \/>\n<meta property=\"og:type\" content=\"article\" \/>\n<meta property=\"og:title\" content=\"PRF prende 28 pessoas e recupera 31 ve\u00edculos roubados no Piau\u00ed\" \/>\n<meta property=\"og:description\" content=\"Pelo menos\u00a02.454 pessoas\u00a0foram alvos de abordagens da\u00a0Opera\u00e7\u00e3o Nacional de Seguran\u00e7a Vi\u00e1ria (ONSV)\u00a0deflagrada pela Pol\u00edcia Rodovi\u00e1ria Federal (PRF) no Piau\u00ed. Destas,\u00a028 foram presas. O principal objetivo da a\u00e7\u00e3o \u00e9 reduzir a viol\u00eancia no tr\u00e2nsito e deve se estender at\u00e9 dezembro.\u00a0 A PRF busca aumentar sua presen\u00e7a e disponibilidade nos per\u00edodos, locais e hor\u00e1rios com maior concentra\u00e7\u00e3o [&hellip;]\" \/>\n<meta property=\"og:url\" content=\"https:\/\/noticiaempauta.com\/portal\/prf-prende-28-pessoas-e-recupera-31-veiculos-roubados-no-piaui\/\" \/>\n<meta property=\"og:site_name\" content=\"Portal Not\u00edcia em Pauta\" \/>\n<meta property=\"article:publisher\" content=\"https:\/\/www.facebook.com\/Portal-Notcia-Em-Pauta-102292869264820\/\" \/>\n<meta property=\"article:published_time\" content=\"2025-03-16T14:49:30+00:00\" \/>\n<meta property=\"article:modified_time\" content=\"2025-03-16T14:49:31+00:00\" \/>\n<meta property=\"og:image\" content=\"https:\/\/noticiaempauta.com\/portal\/wp-content\/uploads\/2025\/03\/transito-seguro-prf-prende-28-pessoas-e-recupera-31-veiculos-roubados-no-piaui-562bbda9-e6a3-4486-ae14-95c9264ca303.jpg.webp\" \/>\n\t<meta property=\"og:image:width\" content=\"1600\" \/>\n\t<meta property=\"og:image:height\" content=\"737\" \/>\n\t<meta property=\"og:image:type\" content=\"image\/webp\" \/>\n<meta name=\"author\" content=\"Reda\u00e7\u00e3o\" \/>\n<meta name=\"twitter:card\" content=\"summary_large_image\" \/>\n<meta name=\"twitter:label1\" content=\"Escrito por\" \/>\n\t<meta name=\"twitter:data1\" content=\"Reda\u00e7\u00e3o\" \/>\n\t<meta name=\"twitter:label2\" content=\"Est. tempo de leitura\" \/>\n\t<meta name=\"twitter:data2\" content=\"2 minutos\" \/>\n<script type=\"application\/ld+json\" class=\"yoast-schema-graph\">{\"@context\":\"https:\/\/schema.org\",\"@graph\":[{\"@type\":\"Article\",\"@id\":\"https:\/\/noticiaempauta.com\/portal\/prf-prende-28-pessoas-e-recupera-31-veiculos-roubados-no-piaui\/#article\",\"isPartOf\":{\"@id\":\"https:\/\/noticiaempauta.com\/portal\/prf-prende-28-pessoas-e-recupera-31-veiculos-roubados-no-piaui\/\"},\"author\":{\"name\":\"Reda\u00e7\u00e3o\",\"@id\":\"https:\/\/noticiaempauta.com\/portal\/#\/schema\/person\/a74af43dd1ab3deca45f988c717d57ac\"},\"headline\":\"PRF prende 28 pessoas e recupera 31 ve\u00edculos roubados no Piau\u00ed\",\"datePublished\":\"2025-03-16T14:49:30+00:00\",\"dateModified\":\"2025-03-16T14:49:31+00:00\",\"mainEntityOfPage\":{\"@id\":\"https:\/\/noticiaempauta.com\/portal\/prf-prende-28-pessoas-e-recupera-31-veiculos-roubados-no-piaui\/\"},\"wordCount\":299,\"commentCount\":0,\"publisher\":{\"@id\":\"https:\/\/noticiaempauta.com\/portal\/#organization\"},\"image\":{\"@id\":\"https:\/\/noticiaempauta.com\/portal\/prf-prende-28-pessoas-e-recupera-31-veiculos-roubados-no-piaui\/#primaryimage\"},\"thumbnailUrl\":\"https:\/\/noticiaempauta.com\/portal\/wp-content\/uploads\/2025\/03\/transito-seguro-prf-prende-28-pessoas-e-recupera-31-veiculos-roubados-no-piaui-562bbda9-e6a3-4486-ae14-95c9264ca303.jpg.webp\",\"keywords\":[\"destaqueprincipal\"],\"articleSection\":[\"Destaques\",\"Geral\",\"Pol\u00edcia\",\"Todas as Not\u00edcias\"],\"inLanguage\":\"pt-BR\",\"potentialAction\":[{\"@type\":\"CommentAction\",\"name\":\"Comment\",\"target\":[\"https:\/\/noticiaempauta.com\/portal\/prf-prende-28-pessoas-e-recupera-31-veiculos-roubados-no-piaui\/#respond\"]}]},{\"@type\":\"WebPage\",\"@id\":\"https:\/\/noticiaempauta.com\/portal\/prf-prende-28-pessoas-e-recupera-31-veiculos-roubados-no-piaui\/\",\"url\":\"https:\/\/noticiaempauta.com\/portal\/prf-prende-28-pessoas-e-recupera-31-veiculos-roubados-no-piaui\/\",\"name\":\"PRF prende 28 pessoas e recupera 31 ve\u00edculos roubados no Piau\u00ed - Portal Not\u00edcia em Pauta\",\"isPartOf\":{\"@id\":\"https:\/\/noticiaempauta.com\/portal\/#website\"},\"primaryImageOfPage\":{\"@id\":\"https:\/\/noticiaempauta.com\/portal\/prf-prende-28-pessoas-e-recupera-31-veiculos-roubados-no-piaui\/#primaryimage\"},\"image\":{\"@id\":\"https:\/\/noticiaempauta.com\/portal\/prf-prende-28-pessoas-e-recupera-31-veiculos-roubados-no-piaui\/#primaryimage\"},\"thumbnailUrl\":\"https:\/\/noticiaempauta.com\/portal\/wp-content\/uploads\/2025\/03\/transito-seguro-prf-prende-28-pessoas-e-recupera-31-veiculos-roubados-no-piaui-562bbda9-e6a3-4486-ae14-95c9264ca303.jpg.webp\",\"datePublished\":\"2025-03-16T14:49:30+00:00\",\"dateModified\":\"2025-03-16T14:49:31+00:00\",\"breadcrumb\":{\"@id\":\"https:\/\/noticiaempauta.com\/portal\/prf-prende-28-pessoas-e-recupera-31-veiculos-roubados-no-piaui\/#breadcrumb\"},\"inLanguage\":\"pt-BR\",\"potentialAction\":[{\"@type\":\"ReadAction\",\"target\":[\"https:\/\/noticiaempauta.com\/portal\/prf-prende-28-pessoas-e-recupera-31-veiculos-roubados-no-piaui\/\"]}]},{\"@type\":\"ImageObject\",\"inLanguage\":\"pt-BR\",\"@id\":\"https:\/\/noticiaempauta.com\/portal\/prf-prende-28-pessoas-e-recupera-31-veiculos-roubados-no-piaui\/#primaryimage\",\"url\":\"https:\/\/noticiaempauta.com\/portal\/wp-content\/uploads\/2025\/03\/transito-seguro-prf-prende-28-pessoas-e-recupera-31-veiculos-roubados-no-piaui-562bbda9-e6a3-4486-ae14-95c9264ca303.jpg.webp\",\"contentUrl\":\"https:\/\/noticiaempauta.com\/portal\/wp-content\/uploads\/2025\/03\/transito-seguro-prf-prende-28-pessoas-e-recupera-31-veiculos-roubados-no-piaui-562bbda9-e6a3-4486-ae14-95c9264ca303.jpg.webp\",\"width\":1600,\"height\":737},{\"@type\":\"BreadcrumbList\",\"@id\":\"https:\/\/noticiaempauta.com\/portal\/prf-prende-28-pessoas-e-recupera-31-veiculos-roubados-no-piaui\/#breadcrumb\",\"itemListElement\":[{\"@type\":\"ListItem\",\"position\":1,\"name\":\"P\u00e1gina Inicial\",\"item\":\"https:\/\/noticiaempauta.com\/portal\/\"},{\"@type\":\"ListItem\",\"position\":2,\"name\":\"Destaques\",\"item\":\"https:\/\/noticiaempauta.com\/portal\/destaques-site\/\"},{\"@type\":\"ListItem\",\"position\":3,\"name\":\"PRF prende 28 pessoas e recupera 31 ve\u00edculos roubados no Piau\u00ed\"}]},{\"@type\":\"WebSite\",\"@id\":\"https:\/\/noticiaempauta.com\/portal\/#website\",\"url\":\"https:\/\/noticiaempauta.com\/portal\/\",\"name\":\"Portal Not\u00edcia em Pauta\",\"description\":\"Voc\u00ea bem informado\",\"publisher\":{\"@id\":\"https:\/\/noticiaempauta.com\/portal\/#organization\"},\"potentialAction\":[{\"@type\":\"SearchAction\",\"target\":{\"@type\":\"EntryPoint\",\"urlTemplate\":\"https:\/\/noticiaempauta.com\/portal\/?s={search_term_string}\"},\"query-input\":{\"@type\":\"PropertyValueSpecification\",\"valueRequired\":true,\"valueName\":\"search_term_string\"}}],\"inLanguage\":\"pt-BR\"},{\"@type\":\"Organization\",\"@id\":\"https:\/\/noticiaempauta.com\/portal\/#organization\",\"name\":\"Portal Not\u00edcia em Pauta\",\"url\":\"https:\/\/noticiaempauta.com\/portal\/\",\"logo\":{\"@type\":\"ImageObject\",\"inLanguage\":\"pt-BR\",\"@id\":\"https:\/\/noticiaempauta.com\/portal\/#\/schema\/logo\/image\/\",\"url\":\"https:\/\/noticiaempauta.com\/portal\/wp-content\/uploads\/2022\/08\/logomarca_tema.fw_.png\",\"contentUrl\":\"https:\/\/noticiaempauta.com\/portal\/wp-content\/uploads\/2022\/08\/logomarca_tema.fw_.png\",\"width\":400,\"height\":232,\"caption\":\"Portal Not\u00edcia em Pauta\"},\"image\":{\"@id\":\"https:\/\/noticiaempauta.com\/portal\/#\/schema\/logo\/image\/\"},\"sameAs\":[\"https:\/\/www.facebook.com\/Portal-Notcia-Em-Pauta-102292869264820\/\",\"https:\/\/www.instagram.com\/portalnoticiaempauta\/\"]},{\"@type\":\"Person\",\"@id\":\"https:\/\/noticiaempauta.com\/portal\/#\/schema\/person\/a74af43dd1ab3deca45f988c717d57ac\",\"name\":\"Reda\u00e7\u00e3o\",\"image\":{\"@type\":\"ImageObject\",\"inLanguage\":\"pt-BR\",\"@id\":\"https:\/\/noticiaempauta.com\/portal\/#\/schema\/person\/image\/\",\"url\":\"https:\/\/secure.gravatar.com\/avatar\/03179346ecce6cdfc13361603e8f54242a90e5cde8618fa23c5c00aa2b0aadf3?s=96&d=mm&r=g\",\"contentUrl\":\"https:\/\/secure.gravatar.com\/avatar\/03179346ecce6cdfc13361603e8f54242a90e5cde8618fa23c5c00aa2b0aadf3?s=96&d=mm&r=g\",\"caption\":\"Reda\u00e7\u00e3o\"},\"sameAs\":[\"https:\/\/noticiaempauta.com\/portal\/\"],\"url\":\"https:\/\/noticiaempauta.com\/portal\/author\/fernando\/\"}]}<\/script>\n<!-- \/ Yoast SEO Premium plugin. -->","yoast_head_json":{"title":"PRF prende 28 pessoas e recupera 31 ve\u00edculos roubados no Piau\u00ed - Portal Not\u00edcia em Pauta","robots":{"index":"index","follow":"follow","max-snippet":"max-snippet:-1","max-image-preview":"max-image-preview:large","max-video-preview":"max-video-preview:-1"},"canonical":"https:\/\/noticiaempauta.com\/portal\/prf-prende-28-pessoas-e-recupera-31-veiculos-roubados-no-piaui\/","og_locale":"pt_BR","og_type":"article","og_title":"PRF prende 28 pessoas e recupera 31 ve\u00edculos roubados no Piau\u00ed","og_description":"Pelo menos\u00a02.454 pessoas\u00a0foram alvos de abordagens da\u00a0Opera\u00e7\u00e3o Nacional de Seguran\u00e7a Vi\u00e1ria (ONSV)\u00a0deflagrada pela Pol\u00edcia Rodovi\u00e1ria Federal (PRF) no Piau\u00ed. Destas,\u00a028 foram presas. O principal objetivo da a\u00e7\u00e3o \u00e9 reduzir a viol\u00eancia no tr\u00e2nsito e deve se estender at\u00e9 dezembro.\u00a0 A PRF busca aumentar sua presen\u00e7a e disponibilidade nos per\u00edodos, locais e hor\u00e1rios com maior concentra\u00e7\u00e3o [&hellip;]","og_url":"https:\/\/noticiaempauta.com\/portal\/prf-prende-28-pessoas-e-recupera-31-veiculos-roubados-no-piaui\/","og_site_name":"Portal Not\u00edcia em Pauta","article_publisher":"https:\/\/www.facebook.com\/Portal-Notcia-Em-Pauta-102292869264820\/","article_published_time":"2025-03-16T14:49:30+00:00","article_modified_time":"2025-03-16T14:49:31+00:00","og_image":[{"width":1600,"height":737,"url":"https:\/\/noticiaempauta.com\/portal\/wp-content\/uploads\/2025\/03\/transito-seguro-prf-prende-28-pessoas-e-recupera-31-veiculos-roubados-no-piaui-562bbda9-e6a3-4486-ae14-95c9264ca303.jpg.webp","type":"image\/webp"}],"author":"Reda\u00e7\u00e3o","twitter_card":"summary_large_image","twitter_misc":{"Escrito por":"Reda\u00e7\u00e3o","Est. tempo de leitura":"2 minutos"},"schema":{"@context":"https:\/\/schema.org","@graph":[{"@type":"Article","@id":"https:\/\/noticiaempauta.com\/portal\/prf-prende-28-pessoas-e-recupera-31-veiculos-roubados-no-piaui\/#article","isPartOf":{"@id":"https:\/\/noticiaempauta.com\/portal\/prf-prende-28-pessoas-e-recupera-31-veiculos-roubados-no-piaui\/"},"author":{"name":"Reda\u00e7\u00e3o","@id":"https:\/\/noticiaempauta.com\/portal\/#\/schema\/person\/a74af43dd1ab3deca45f988c717d57ac"},"headline":"PRF prende 28 pessoas e recupera 31 ve\u00edculos roubados no Piau\u00ed","datePublished":"2025-03-16T14:49:30+00:00","dateModified":"2025-03-16T14:49:31+00:00","mainEntityOfPage":{"@id":"https:\/\/noticiaempauta.com\/portal\/prf-prende-28-pessoas-e-recupera-31-veiculos-roubados-no-piaui\/"},"wordCount":299,"commentCount":0,"publisher":{"@id":"https:\/\/noticiaempauta.com\/portal\/#organization"},"image":{"@id":"https:\/\/noticiaempauta.com\/portal\/prf-prende-28-pessoas-e-recupera-31-veiculos-roubados-no-piaui\/#primaryimage"},"thumbnailUrl":"https:\/\/noticiaempauta.com\/portal\/wp-content\/uploads\/2025\/03\/transito-seguro-prf-prende-28-pessoas-e-recupera-31-veiculos-roubados-no-piaui-562bbda9-e6a3-4486-ae14-95c9264ca303.jpg.webp","keywords":["destaqueprincipal"],"articleSection":["Destaques","Geral","Pol\u00edcia","Todas as Not\u00edcias"],"inLanguage":"pt-BR","potentialAction":[{"@type":"CommentAction","name":"Comment","target":["https:\/\/noticiaempauta.com\/portal\/prf-prende-28-pessoas-e-recupera-31-veiculos-roubados-no-piaui\/#respond"]}]},{"@type":"WebPage","@id":"https:\/\/noticiaempauta.com\/portal\/prf-prende-28-pessoas-e-recupera-31-veiculos-roubados-no-piaui\/","url":"https:\/\/noticiaempauta.com\/portal\/prf-prende-28-pessoas-e-recupera-31-veiculos-roubados-no-piaui\/","name":"PRF prende 28 pessoas e recupera 31 ve\u00edculos roubados no Piau\u00ed - Portal Not\u00edcia em Pauta","isPartOf":{"@id":"https:\/\/noticiaempauta.com\/portal\/#website"},"primaryImageOfPage":{"@id":"https:\/\/noticiaempauta.com\/portal\/prf-prende-28-pessoas-e-recupera-31-veiculos-roubados-no-piaui\/#primaryimage"},"image":{"@id":"https:\/\/noticiaempauta.com\/portal\/prf-prende-28-pessoas-e-recupera-31-veiculos-roubados-no-piaui\/#primaryimage"},"thumbnailUrl":"https:\/\/noticiaempauta.com\/portal\/wp-content\/uploads\/2025\/03\/transito-seguro-prf-prende-28-pessoas-e-recupera-31-veiculos-roubados-no-piaui-562bbda9-e6a3-4486-ae14-95c9264ca303.jpg.webp","datePublished":"2025-03-16T14:49:30+00:00","dateModified":"2025-03-16T14:49:31+00:00","breadcrumb":{"@id":"https:\/\/noticiaempauta.com\/portal\/prf-prende-28-pessoas-e-recupera-31-veiculos-roubados-no-piaui\/#breadcrumb"},"inLanguage":"pt-BR","potentialAction":[{"@type":"ReadAction","target":["https:\/\/noticiaempauta.com\/portal\/prf-prende-28-pessoas-e-recupera-31-veiculos-roubados-no-piaui\/"]}]},{"@type":"ImageObject","inLanguage":"pt-BR","@id":"https:\/\/noticiaempauta.com\/portal\/prf-prende-28-pessoas-e-recupera-31-veiculos-roubados-no-piaui\/#primaryimage","url":"https:\/\/noticiaempauta.com\/portal\/wp-content\/uploads\/2025\/03\/transito-seguro-prf-prende-28-pessoas-e-recupera-31-veiculos-roubados-no-piaui-562bbda9-e6a3-4486-ae14-95c9264ca303.jpg.webp","contentUrl":"https:\/\/noticiaempauta.com\/portal\/wp-content\/uploads\/2025\/03\/transito-seguro-prf-prende-28-pessoas-e-recupera-31-veiculos-roubados-no-piaui-562bbda9-e6a3-4486-ae14-95c9264ca303.jpg.webp","width":1600,"height":737},{"@type":"BreadcrumbList","@id":"https:\/\/noticiaempauta.com\/portal\/prf-prende-28-pessoas-e-recupera-31-veiculos-roubados-no-piaui\/#breadcrumb","itemListElement":[{"@type":"ListItem","position":1,"name":"P\u00e1gina Inicial","item":"https:\/\/noticiaempauta.com\/portal\/"},{"@type":"ListItem","position":2,"name":"Destaques","item":"https:\/\/noticiaempauta.com\/portal\/destaques-site\/"},{"@type":"ListItem","position":3,"name":"PRF prende 28 pessoas e recupera 31 ve\u00edculos roubados no Piau\u00ed"}]},{"@type":"WebSite","@id":"https:\/\/noticiaempauta.com\/portal\/#website","url":"https:\/\/noticiaempauta.com\/portal\/","name":"Portal Not\u00edcia em Pauta","description":"Voc\u00ea bem informado","publisher":{"@id":"https:\/\/noticiaempauta.com\/portal\/#organization"},"potentialAction":[{"@type":"SearchAction","target":{"@type":"EntryPoint","urlTemplate":"https:\/\/noticiaempauta.com\/portal\/?s={search_term_string}"},"query-input":{"@type":"PropertyValueSpecification","valueRequired":true,"valueName":"search_term_string"}}],"inLanguage":"pt-BR"},{"@type":"Organization","@id":"https:\/\/noticiaempauta.com\/portal\/#organization","name":"Portal Not\u00edcia em Pauta","url":"https:\/\/noticiaempauta.com\/portal\/","logo":{"@type":"ImageObject","inLanguage":"pt-BR","@id":"https:\/\/noticiaempauta.com\/portal\/#\/schema\/logo\/image\/","url":"https:\/\/noticiaempauta.com\/portal\/wp-content\/uploads\/2022\/08\/logomarca_tema.fw_.png","contentUrl":"https:\/\/noticiaempauta.com\/portal\/wp-content\/uploads\/2022\/08\/logomarca_tema.fw_.png","width":400,"height":232,"caption":"Portal Not\u00edcia em Pauta"},"image":{"@id":"https:\/\/noticiaempauta.com\/portal\/#\/schema\/logo\/image\/"},"sameAs":["https:\/\/www.facebook.com\/Portal-Notcia-Em-Pauta-102292869264820\/","https:\/\/www.instagram.com\/portalnoticiaempauta\/"]},{"@type":"Person","@id":"https:\/\/noticiaempauta.com\/portal\/#\/schema\/person\/a74af43dd1ab3deca45f988c717d57ac","name":"Reda\u00e7\u00e3o","image":{"@type":"ImageObject","inLanguage":"pt-BR","@id":"https:\/\/noticiaempauta.com\/portal\/#\/schema\/person\/image\/","url":"https:\/\/secure.gravatar.com\/avatar\/03179346ecce6cdfc13361603e8f54242a90e5cde8618fa23c5c00aa2b0aadf3?s=96&d=mm&r=g","contentUrl":"https:\/\/secure.gravatar.com\/avatar\/03179346ecce6cdfc13361603e8f54242a90e5cde8618fa23c5c00aa2b0aadf3?s=96&d=mm&r=g","caption":"Reda\u00e7\u00e3o"},"sameAs":["https:\/\/noticiaempauta.com\/portal\/"],"url":"https:\/\/noticiaempauta.com\/portal\/author\/fernando\/"}]}},"_links":{"self":[{"href":"https:\/\/noticiaempauta.com\/portal\/wp-json\/wp\/v2\/posts\/268736","targetHints":{"allow":["GET"]}}],"collection":[{"href":"https:\/\/noticiaempauta.com\/portal\/wp-json\/wp\/v2\/posts"}],"about":[{"href":"https:\/\/noticiaempauta.com\/portal\/wp-json\/wp\/v2\/types\/post"}],"author":[{"embeddable":true,"href":"https:\/\/noticiaempauta.com\/portal\/wp-json\/wp\/v2\/users\/2"}],"replies":[{"embeddable":true,"href":"https:\/\/noticiaempauta.com\/portal\/wp-json\/wp\/v2\/comments?post=268736"}],"version-history":[{"count":2,"href":"https:\/\/noticiaempauta.com\/portal\/wp-json\/wp\/v2\/posts\/268736\/revisions"}],"predecessor-version":[{"id":268739,"href":"https:\/\/noticiaempauta.com\/portal\/wp-json\/wp\/v2\/posts\/268736\/revisions\/268739"}],"wp:featuredmedia":[{"embeddable":true,"href":"https:\/\/noticiaempauta.com\/portal\/wp-json\/wp\/v2\/media\/268737"}],"wp:attachment":[{"href":"https:\/\/noticiaempauta.com\/portal\/wp-json\/wp\/v2\/media?parent=268736"}],"wp:term":[{"taxonomy":"category","embeddable":true,"href":"https:\/\/noticiaempauta.com\/portal\/wp-json\/wp\/v2\/categories?post=268736"},{"taxonomy":"post_tag","embeddable":true,"href":"https:\/\/noticiaempauta.com\/portal\/wp-json\/wp\/v2\/tags?post=268736"}],"curies":[{"name":"wp","href":"https:\/\/api.w.org\/{rel}","templated":true}]}}