{"id":268899,"date":"2025-03-19T15:09:37","date_gmt":"2025-03-19T18:09:37","guid":{"rendered":"https:\/\/noticiaempauta.com\/portal\/?p=268899"},"modified":"2025-03-19T15:09:38","modified_gmt":"2025-03-19T18:09:38","slug":"prefeitura-de-picos-realiza-recuperacao-de-vias-e-limpeza-em-diversos-bairros","status":"publish","type":"post","link":"https:\/\/noticiaempauta.com\/portal\/prefeitura-de-picos-realiza-recuperacao-de-vias-e-limpeza-em-diversos-bairros\/","title":{"rendered":"Prefeitura de Picos realiza recupera\u00e7\u00e3o de vias e limpeza em diversos bairros"},"content":{"rendered":"\n<p>A Prefeitura de Picos, por meio da Secretaria de Obras, est\u00e1 promovendo a recupera\u00e7\u00e3o de um importante acesso que interliga o bairro Morada do Sol, a Oiticica e a Rua Tiradentes. A a\u00e7\u00e3o tem como objetivo melhorar a mobilidade da popula\u00e7\u00e3o e garantir mais seguran\u00e7a para os moradores que utilizam o trecho diariamente.<\/p>\n\n\n\n<figure class=\"wp-block-image size-large\"><img fetchpriority=\"high\" decoding=\"async\" width=\"1024\" height=\"576\" src=\"https:\/\/noticiaempauta.com\/portal\/wp-content\/uploads\/2025\/03\/WhatsApp-Image-2025-03-19-at-11.15.43-1024x576.jpeg\" alt=\"\" class=\"wp-image-268901\" srcset=\"https:\/\/noticiaempauta.com\/portal\/wp-content\/uploads\/2025\/03\/WhatsApp-Image-2025-03-19-at-11.15.43-1024x576.jpeg 1024w, https:\/\/noticiaempauta.com\/portal\/wp-content\/uploads\/2025\/03\/WhatsApp-Image-2025-03-19-at-11.15.43-300x169.jpeg 300w, https:\/\/noticiaempauta.com\/portal\/wp-content\/uploads\/2025\/03\/WhatsApp-Image-2025-03-19-at-11.15.43-768x432.jpeg 768w, https:\/\/noticiaempauta.com\/portal\/wp-content\/uploads\/2025\/03\/WhatsApp-Image-2025-03-19-at-11.15.43-1536x864.jpeg 1536w, https:\/\/noticiaempauta.com\/portal\/wp-content\/uploads\/2025\/03\/WhatsApp-Image-2025-03-19-at-11.15.43.jpeg 1600w\" sizes=\"(max-width: 1024px) 100vw, 1024px\" \/><\/figure>\n\n\n\n<p>De acordo com o secret\u00e1rio de Obras, Marlon Bezerra, a necessidade da interven\u00e7\u00e3o foi constatada ap\u00f3s relatos de moradores sobre a ocorr\u00eancia de acidentes na via. O mau estado da ladeira foi agravado pelas chuvas, que comprometeram ainda mais a trafegabilidade no local.<\/p>\n\n\n\n<figure class=\"wp-block-image size-large\"><img decoding=\"async\" width=\"1024\" height=\"575\" src=\"https:\/\/noticiaempauta.com\/portal\/wp-content\/uploads\/2025\/03\/WhatsApp-Image-2025-03-19-at-11.46.11-1024x575.jpeg\" alt=\"\" class=\"wp-image-268902\" srcset=\"https:\/\/noticiaempauta.com\/portal\/wp-content\/uploads\/2025\/03\/WhatsApp-Image-2025-03-19-at-11.46.11-1024x575.jpeg 1024w, https:\/\/noticiaempauta.com\/portal\/wp-content\/uploads\/2025\/03\/WhatsApp-Image-2025-03-19-at-11.46.11-300x169.jpeg 300w, https:\/\/noticiaempauta.com\/portal\/wp-content\/uploads\/2025\/03\/WhatsApp-Image-2025-03-19-at-11.46.11-768x432.jpeg 768w, https:\/\/noticiaempauta.com\/portal\/wp-content\/uploads\/2025\/03\/WhatsApp-Image-2025-03-19-at-11.46.11-1536x863.jpeg 1536w, https:\/\/noticiaempauta.com\/portal\/wp-content\/uploads\/2025\/03\/WhatsApp-Image-2025-03-19-at-11.46.11.jpeg 1600w\" sizes=\"(max-width: 1024px) 100vw, 1024px\" \/><\/figure>\n\n\n\n<p>&#8220;Estamos aqui fazendo a recupera\u00e7\u00e3o desse importante acesso que interliga o bairro Morada do Sol, a Oiticica e a rua Tiradentes. Os moradores j\u00e1 haviam relatado que j\u00e1 havia acontecido acidentes aqui com pedestres e motociclistas&#8221;, explicou o secret\u00e1rio.<\/p>\n\n\n\n<figure class=\"wp-block-image size-full\"><img decoding=\"async\" width=\"640\" height=\"427\" src=\"https:\/\/noticiaempauta.com\/portal\/wp-content\/uploads\/2025\/03\/WhatsApp-Image-2025-03-19-at-11.15.44.jpeg\" alt=\"\" class=\"wp-image-268900\" srcset=\"https:\/\/noticiaempauta.com\/portal\/wp-content\/uploads\/2025\/03\/WhatsApp-Image-2025-03-19-at-11.15.44.jpeg 640w, https:\/\/noticiaempauta.com\/portal\/wp-content\/uploads\/2025\/03\/WhatsApp-Image-2025-03-19-at-11.15.44-300x200.jpeg 300w\" sizes=\"(max-width: 640px) 100vw, 640px\" \/><\/figure>\n\n\n\n<p>Marlon Bezerra destacou que as chuvas foram as principais respons\u00e1veis pelos danos \u00e0 via, tornando o trecho praticamente intransit\u00e1vel.<\/p>\n\n\n\n<p>&#8220;Devido ao mau acesso da rua, esse problema foi ocasionado pela chuva. A chuva veio e destruiu essa importante ladeira dos moradores, tanto da Morada do Sol quanto da rua Tiradentes e da Oiticica. Hoje, a Prefeitura de Picos, por meio da Secretaria de Obras, est\u00e1 aqui fazendo a recupera\u00e7\u00e3o para que fique vi\u00e1vel para a popula\u00e7\u00e3o esse importante acesso&#8221;, ressaltou.<\/p>\n\n\n\n<figure class=\"wp-block-image size-large\"><img loading=\"lazy\" decoding=\"async\" width=\"1024\" height=\"576\" src=\"https:\/\/noticiaempauta.com\/portal\/wp-content\/uploads\/2025\/03\/WhatsApp-Image-2025-03-19-at-11.47.14-1024x576.jpeg\" alt=\"\" class=\"wp-image-268903\" srcset=\"https:\/\/noticiaempauta.com\/portal\/wp-content\/uploads\/2025\/03\/WhatsApp-Image-2025-03-19-at-11.47.14-1024x576.jpeg 1024w, https:\/\/noticiaempauta.com\/portal\/wp-content\/uploads\/2025\/03\/WhatsApp-Image-2025-03-19-at-11.47.14-300x169.jpeg 300w, https:\/\/noticiaempauta.com\/portal\/wp-content\/uploads\/2025\/03\/WhatsApp-Image-2025-03-19-at-11.47.14-768x432.jpeg 768w, https:\/\/noticiaempauta.com\/portal\/wp-content\/uploads\/2025\/03\/WhatsApp-Image-2025-03-19-at-11.47.14-1536x864.jpeg 1536w, https:\/\/noticiaempauta.com\/portal\/wp-content\/uploads\/2025\/03\/WhatsApp-Image-2025-03-19-at-11.47.14.jpeg 1600w\" sizes=\"(max-width: 1024px) 100vw, 1024px\" \/><\/figure>\n\n\n\n<p>A obra faz parte de um conjunto de a\u00e7\u00f5es da administra\u00e7\u00e3o municipal para melhorar a infraestrutura vi\u00e1ria da cidade, oferecendo melhores condi\u00e7\u00f5es de tr\u00e1fego e mais seguran\u00e7a para os cidad\u00e3os.<\/p>\n\n\n\n<figure class=\"wp-block-image size-full\"><img loading=\"lazy\" decoding=\"async\" width=\"600\" height=\"480\" src=\"https:\/\/noticiaempauta.com\/portal\/wp-content\/uploads\/2025\/03\/WhatsApp-Image-2025-03-19-at-11.05.48.jpeg\" alt=\"\" class=\"wp-image-268905\" srcset=\"https:\/\/noticiaempauta.com\/portal\/wp-content\/uploads\/2025\/03\/WhatsApp-Image-2025-03-19-at-11.05.48.jpeg 600w, https:\/\/noticiaempauta.com\/portal\/wp-content\/uploads\/2025\/03\/WhatsApp-Image-2025-03-19-at-11.05.48-300x240.jpeg 300w\" sizes=\"(max-width: 600px) 100vw, 600px\" \/><\/figure>\n\n\n\n<p>Em rela\u00e7\u00e3o aos trabalhos quanto a limpeza urbana, a  Secretaria de Servi\u00e7os P\u00fablicos tem intensificado a capina nos bairros da cidade, principalmente nas \u00e1reas onde o mato cresce rapidamente devido \u00e0s chuvas. <\/p>\n\n\n\n<figure class=\"wp-block-image size-full\"><img loading=\"lazy\" decoding=\"async\" width=\"800\" height=\"600\" src=\"https:\/\/noticiaempauta.com\/portal\/wp-content\/uploads\/2025\/03\/1001195256.webp\" alt=\"\" class=\"wp-image-268906\" srcset=\"https:\/\/noticiaempauta.com\/portal\/wp-content\/uploads\/2025\/03\/1001195256.webp 800w, https:\/\/noticiaempauta.com\/portal\/wp-content\/uploads\/2025\/03\/1001195256-300x225.webp 300w, https:\/\/noticiaempauta.com\/portal\/wp-content\/uploads\/2025\/03\/1001195256-768x576.webp 768w\" sizes=\"(max-width: 800px) 100vw, 800px\" \/><\/figure>\n\n\n\n<p>Segundo o secret\u00e1rio Paulo S\u00e9rgio Lopes, os servi\u00e7os j\u00e1 est\u00e3o sendo executados nos bairros Aerol\u00e2ndia, Boa Sorte, Boa Vista, Pedrinhas e Morada Nova, al\u00e9m das ladeiras do Morro da Mariana e do acesso ao bairro Aerol\u00e2ndia pela BR-316.<\/p>\n\n\n\n<figure class=\"wp-block-image size-full\"><img loading=\"lazy\" decoding=\"async\" width=\"600\" height=\"480\" src=\"https:\/\/noticiaempauta.com\/portal\/wp-content\/uploads\/2025\/03\/WhatsApp-Image-2025-03-19-at-11.05.47.jpeg\" alt=\"\" class=\"wp-image-268904\" srcset=\"https:\/\/noticiaempauta.com\/portal\/wp-content\/uploads\/2025\/03\/WhatsApp-Image-2025-03-19-at-11.05.47.jpeg 600w, https:\/\/noticiaempauta.com\/portal\/wp-content\/uploads\/2025\/03\/WhatsApp-Image-2025-03-19-at-11.05.47-300x240.jpeg 300w\" sizes=\"(max-width: 600px) 100vw, 600px\" \/><\/figure>\n\n\n\n<figure class=\"wp-block-image size-full\"><img loading=\"lazy\" decoding=\"async\" width=\"600\" height=\"480\" src=\"https:\/\/noticiaempauta.com\/portal\/wp-content\/uploads\/2025\/03\/WhatsApp-Image-2025-03-19-at-11.05.48-1.jpeg\" alt=\"\" class=\"wp-image-268907\" srcset=\"https:\/\/noticiaempauta.com\/portal\/wp-content\/uploads\/2025\/03\/WhatsApp-Image-2025-03-19-at-11.05.48-1.jpeg 600w, https:\/\/noticiaempauta.com\/portal\/wp-content\/uploads\/2025\/03\/WhatsApp-Image-2025-03-19-at-11.05.48-1-300x240.jpeg 300w\" sizes=\"(max-width: 600px) 100vw, 600px\" \/><\/figure>\n\n\n\n<figure class=\"wp-block-image size-full\"><img loading=\"lazy\" decoding=\"async\" width=\"600\" height=\"480\" src=\"https:\/\/noticiaempauta.com\/portal\/wp-content\/uploads\/2025\/03\/WhatsApp-Image-2025-03-19-at-11.05.47-1.jpeg\" alt=\"\" class=\"wp-image-268908\" srcset=\"https:\/\/noticiaempauta.com\/portal\/wp-content\/uploads\/2025\/03\/WhatsApp-Image-2025-03-19-at-11.05.47-1.jpeg 600w, https:\/\/noticiaempauta.com\/portal\/wp-content\/uploads\/2025\/03\/WhatsApp-Image-2025-03-19-at-11.05.47-1-300x240.jpeg 300w\" sizes=\"(max-width: 600px) 100vw, 600px\" \/><\/figure>\n\n\n\n<p>CCOM<\/p>\n","protected":false},"excerpt":{"rendered":"<p>A Prefeitura de Picos, por meio da Secretaria de Obras, est\u00e1 promovendo a recupera\u00e7\u00e3o de um importante acesso que interliga o bairro Morada do Sol, a Oiticica e a Rua Tiradentes. A a\u00e7\u00e3o tem como objetivo melhorar a mobilidade da popula\u00e7\u00e3o e garantir mais seguran\u00e7a para os moradores que utilizam o trecho diariamente. De acordo [&hellip;]<\/p>\n","protected":false},"author":2,"featured_media":268901,"comment_status":"open","ping_status":"open","sticky":false,"template":"","format":"standard","meta":{"_mi_skip_tracking":false,"footnotes":""},"categories":[25,1,16],"tags":[192],"class_list":["post-268899","post","type-post","status-publish","format-standard","has-post-thumbnail","hentry","category-destaques-site","category-geral","category-todas","tag-destaqueprincipal"],"acf":[],"yoast_head":"<!-- This site is optimized with the Yoast SEO Premium plugin v19.2 (Yoast SEO v26.9) - https:\/\/yoast.com\/product\/yoast-seo-premium-wordpress\/ -->\n<title>Prefeitura de Picos realiza recupera\u00e7\u00e3o de vias e limpeza em diversos bairros - Portal Not\u00edcia em Pauta<\/title>\n<meta name=\"robots\" content=\"index, follow, max-snippet:-1, max-image-preview:large, max-video-preview:-1\" \/>\n<link rel=\"canonical\" href=\"https:\/\/noticiaempauta.com\/portal\/prefeitura-de-picos-realiza-recuperacao-de-vias-e-limpeza-em-diversos-bairros\/\" \/>\n<meta property=\"og:locale\" content=\"pt_BR\" \/>\n<meta property=\"og:type\" content=\"article\" \/>\n<meta property=\"og:title\" content=\"Prefeitura de Picos realiza recupera\u00e7\u00e3o de vias e limpeza em diversos bairros\" \/>\n<meta property=\"og:description\" content=\"A Prefeitura de Picos, por meio da Secretaria de Obras, est\u00e1 promovendo a recupera\u00e7\u00e3o de um importante acesso que interliga o bairro Morada do Sol, a Oiticica e a Rua Tiradentes. A a\u00e7\u00e3o tem como objetivo melhorar a mobilidade da popula\u00e7\u00e3o e garantir mais seguran\u00e7a para os moradores que utilizam o trecho diariamente. De acordo [&hellip;]\" \/>\n<meta property=\"og:url\" content=\"https:\/\/noticiaempauta.com\/portal\/prefeitura-de-picos-realiza-recuperacao-de-vias-e-limpeza-em-diversos-bairros\/\" \/>\n<meta property=\"og:site_name\" content=\"Portal Not\u00edcia em Pauta\" \/>\n<meta property=\"article:publisher\" content=\"https:\/\/www.facebook.com\/Portal-Notcia-Em-Pauta-102292869264820\/\" \/>\n<meta property=\"article:published_time\" content=\"2025-03-19T18:09:37+00:00\" \/>\n<meta property=\"article:modified_time\" content=\"2025-03-19T18:09:38+00:00\" \/>\n<meta property=\"og:image\" content=\"https:\/\/noticiaempauta.com\/portal\/wp-content\/uploads\/2025\/03\/WhatsApp-Image-2025-03-19-at-11.15.43.jpeg\" \/>\n\t<meta property=\"og:image:width\" content=\"1600\" \/>\n\t<meta property=\"og:image:height\" content=\"900\" \/>\n\t<meta property=\"og:image:type\" content=\"image\/jpeg\" \/>\n<meta name=\"author\" content=\"Reda\u00e7\u00e3o\" \/>\n<meta name=\"twitter:card\" content=\"summary_large_image\" \/>\n<meta name=\"twitter:label1\" content=\"Escrito por\" \/>\n\t<meta name=\"twitter:data1\" content=\"Reda\u00e7\u00e3o\" \/>\n\t<meta name=\"twitter:label2\" content=\"Est. tempo de leitura\" \/>\n\t<meta name=\"twitter:data2\" content=\"4 minutos\" \/>\n<script type=\"application\/ld+json\" class=\"yoast-schema-graph\">{\"@context\":\"https:\/\/schema.org\",\"@graph\":[{\"@type\":\"Article\",\"@id\":\"https:\/\/noticiaempauta.com\/portal\/prefeitura-de-picos-realiza-recuperacao-de-vias-e-limpeza-em-diversos-bairros\/#article\",\"isPartOf\":{\"@id\":\"https:\/\/noticiaempauta.com\/portal\/prefeitura-de-picos-realiza-recuperacao-de-vias-e-limpeza-em-diversos-bairros\/\"},\"author\":{\"name\":\"Reda\u00e7\u00e3o\",\"@id\":\"https:\/\/noticiaempauta.com\/portal\/#\/schema\/person\/a74af43dd1ab3deca45f988c717d57ac\"},\"headline\":\"Prefeitura de Picos realiza recupera\u00e7\u00e3o de vias e limpeza em diversos bairros\",\"datePublished\":\"2025-03-19T18:09:37+00:00\",\"dateModified\":\"2025-03-19T18:09:38+00:00\",\"mainEntityOfPage\":{\"@id\":\"https:\/\/noticiaempauta.com\/portal\/prefeitura-de-picos-realiza-recuperacao-de-vias-e-limpeza-em-diversos-bairros\/\"},\"wordCount\":360,\"commentCount\":0,\"publisher\":{\"@id\":\"https:\/\/noticiaempauta.com\/portal\/#organization\"},\"image\":{\"@id\":\"https:\/\/noticiaempauta.com\/portal\/prefeitura-de-picos-realiza-recuperacao-de-vias-e-limpeza-em-diversos-bairros\/#primaryimage\"},\"thumbnailUrl\":\"https:\/\/noticiaempauta.com\/portal\/wp-content\/uploads\/2025\/03\/WhatsApp-Image-2025-03-19-at-11.15.43.jpeg\",\"keywords\":[\"destaqueprincipal\"],\"articleSection\":[\"Destaques\",\"Geral\",\"Todas as Not\u00edcias\"],\"inLanguage\":\"pt-BR\",\"potentialAction\":[{\"@type\":\"CommentAction\",\"name\":\"Comment\",\"target\":[\"https:\/\/noticiaempauta.com\/portal\/prefeitura-de-picos-realiza-recuperacao-de-vias-e-limpeza-em-diversos-bairros\/#respond\"]}]},{\"@type\":\"WebPage\",\"@id\":\"https:\/\/noticiaempauta.com\/portal\/prefeitura-de-picos-realiza-recuperacao-de-vias-e-limpeza-em-diversos-bairros\/\",\"url\":\"https:\/\/noticiaempauta.com\/portal\/prefeitura-de-picos-realiza-recuperacao-de-vias-e-limpeza-em-diversos-bairros\/\",\"name\":\"Prefeitura de Picos realiza recupera\u00e7\u00e3o de vias e limpeza em diversos bairros - Portal Not\u00edcia em Pauta\",\"isPartOf\":{\"@id\":\"https:\/\/noticiaempauta.com\/portal\/#website\"},\"primaryImageOfPage\":{\"@id\":\"https:\/\/noticiaempauta.com\/portal\/prefeitura-de-picos-realiza-recuperacao-de-vias-e-limpeza-em-diversos-bairros\/#primaryimage\"},\"image\":{\"@id\":\"https:\/\/noticiaempauta.com\/portal\/prefeitura-de-picos-realiza-recuperacao-de-vias-e-limpeza-em-diversos-bairros\/#primaryimage\"},\"thumbnailUrl\":\"https:\/\/noticiaempauta.com\/portal\/wp-content\/uploads\/2025\/03\/WhatsApp-Image-2025-03-19-at-11.15.43.jpeg\",\"datePublished\":\"2025-03-19T18:09:37+00:00\",\"dateModified\":\"2025-03-19T18:09:38+00:00\",\"breadcrumb\":{\"@id\":\"https:\/\/noticiaempauta.com\/portal\/prefeitura-de-picos-realiza-recuperacao-de-vias-e-limpeza-em-diversos-bairros\/#breadcrumb\"},\"inLanguage\":\"pt-BR\",\"potentialAction\":[{\"@type\":\"ReadAction\",\"target\":[\"https:\/\/noticiaempauta.com\/portal\/prefeitura-de-picos-realiza-recuperacao-de-vias-e-limpeza-em-diversos-bairros\/\"]}]},{\"@type\":\"ImageObject\",\"inLanguage\":\"pt-BR\",\"@id\":\"https:\/\/noticiaempauta.com\/portal\/prefeitura-de-picos-realiza-recuperacao-de-vias-e-limpeza-em-diversos-bairros\/#primaryimage\",\"url\":\"https:\/\/noticiaempauta.com\/portal\/wp-content\/uploads\/2025\/03\/WhatsApp-Image-2025-03-19-at-11.15.43.jpeg\",\"contentUrl\":\"https:\/\/noticiaempauta.com\/portal\/wp-content\/uploads\/2025\/03\/WhatsApp-Image-2025-03-19-at-11.15.43.jpeg\",\"width\":1600,\"height\":900},{\"@type\":\"BreadcrumbList\",\"@id\":\"https:\/\/noticiaempauta.com\/portal\/prefeitura-de-picos-realiza-recuperacao-de-vias-e-limpeza-em-diversos-bairros\/#breadcrumb\",\"itemListElement\":[{\"@type\":\"ListItem\",\"position\":1,\"name\":\"P\u00e1gina Inicial\",\"item\":\"https:\/\/noticiaempauta.com\/portal\/\"},{\"@type\":\"ListItem\",\"position\":2,\"name\":\"Destaques\",\"item\":\"https:\/\/noticiaempauta.com\/portal\/destaques-site\/\"},{\"@type\":\"ListItem\",\"position\":3,\"name\":\"Prefeitura de Picos realiza recupera\u00e7\u00e3o de vias e limpeza em diversos bairros\"}]},{\"@type\":\"WebSite\",\"@id\":\"https:\/\/noticiaempauta.com\/portal\/#website\",\"url\":\"https:\/\/noticiaempauta.com\/portal\/\",\"name\":\"Portal Not\u00edcia em Pauta\",\"description\":\"Voc\u00ea bem informado\",\"publisher\":{\"@id\":\"https:\/\/noticiaempauta.com\/portal\/#organization\"},\"potentialAction\":[{\"@type\":\"SearchAction\",\"target\":{\"@type\":\"EntryPoint\",\"urlTemplate\":\"https:\/\/noticiaempauta.com\/portal\/?s={search_term_string}\"},\"query-input\":{\"@type\":\"PropertyValueSpecification\",\"valueRequired\":true,\"valueName\":\"search_term_string\"}}],\"inLanguage\":\"pt-BR\"},{\"@type\":\"Organization\",\"@id\":\"https:\/\/noticiaempauta.com\/portal\/#organization\",\"name\":\"Portal Not\u00edcia em Pauta\",\"url\":\"https:\/\/noticiaempauta.com\/portal\/\",\"logo\":{\"@type\":\"ImageObject\",\"inLanguage\":\"pt-BR\",\"@id\":\"https:\/\/noticiaempauta.com\/portal\/#\/schema\/logo\/image\/\",\"url\":\"https:\/\/noticiaempauta.com\/portal\/wp-content\/uploads\/2022\/08\/logomarca_tema.fw_.png\",\"contentUrl\":\"https:\/\/noticiaempauta.com\/portal\/wp-content\/uploads\/2022\/08\/logomarca_tema.fw_.png\",\"width\":400,\"height\":232,\"caption\":\"Portal Not\u00edcia em Pauta\"},\"image\":{\"@id\":\"https:\/\/noticiaempauta.com\/portal\/#\/schema\/logo\/image\/\"},\"sameAs\":[\"https:\/\/www.facebook.com\/Portal-Notcia-Em-Pauta-102292869264820\/\",\"https:\/\/www.instagram.com\/portalnoticiaempauta\/\"]},{\"@type\":\"Person\",\"@id\":\"https:\/\/noticiaempauta.com\/portal\/#\/schema\/person\/a74af43dd1ab3deca45f988c717d57ac\",\"name\":\"Reda\u00e7\u00e3o\",\"image\":{\"@type\":\"ImageObject\",\"inLanguage\":\"pt-BR\",\"@id\":\"https:\/\/noticiaempauta.com\/portal\/#\/schema\/person\/image\/\",\"url\":\"https:\/\/secure.gravatar.com\/avatar\/03179346ecce6cdfc13361603e8f54242a90e5cde8618fa23c5c00aa2b0aadf3?s=96&d=mm&r=g\",\"contentUrl\":\"https:\/\/secure.gravatar.com\/avatar\/03179346ecce6cdfc13361603e8f54242a90e5cde8618fa23c5c00aa2b0aadf3?s=96&d=mm&r=g\",\"caption\":\"Reda\u00e7\u00e3o\"},\"sameAs\":[\"https:\/\/noticiaempauta.com\/portal\/\"],\"url\":\"https:\/\/noticiaempauta.com\/portal\/author\/fernando\/\"}]}<\/script>\n<!-- \/ Yoast SEO Premium plugin. -->","yoast_head_json":{"title":"Prefeitura de Picos realiza recupera\u00e7\u00e3o de vias e limpeza em diversos bairros - Portal Not\u00edcia em Pauta","robots":{"index":"index","follow":"follow","max-snippet":"max-snippet:-1","max-image-preview":"max-image-preview:large","max-video-preview":"max-video-preview:-1"},"canonical":"https:\/\/noticiaempauta.com\/portal\/prefeitura-de-picos-realiza-recuperacao-de-vias-e-limpeza-em-diversos-bairros\/","og_locale":"pt_BR","og_type":"article","og_title":"Prefeitura de Picos realiza recupera\u00e7\u00e3o de vias e limpeza em diversos bairros","og_description":"A Prefeitura de Picos, por meio da Secretaria de Obras, est\u00e1 promovendo a recupera\u00e7\u00e3o de um importante acesso que interliga o bairro Morada do Sol, a Oiticica e a Rua Tiradentes. A a\u00e7\u00e3o tem como objetivo melhorar a mobilidade da popula\u00e7\u00e3o e garantir mais seguran\u00e7a para os moradores que utilizam o trecho diariamente. De acordo [&hellip;]","og_url":"https:\/\/noticiaempauta.com\/portal\/prefeitura-de-picos-realiza-recuperacao-de-vias-e-limpeza-em-diversos-bairros\/","og_site_name":"Portal Not\u00edcia em Pauta","article_publisher":"https:\/\/www.facebook.com\/Portal-Notcia-Em-Pauta-102292869264820\/","article_published_time":"2025-03-19T18:09:37+00:00","article_modified_time":"2025-03-19T18:09:38+00:00","og_image":[{"width":1600,"height":900,"url":"https:\/\/noticiaempauta.com\/portal\/wp-content\/uploads\/2025\/03\/WhatsApp-Image-2025-03-19-at-11.15.43.jpeg","type":"image\/jpeg"}],"author":"Reda\u00e7\u00e3o","twitter_card":"summary_large_image","twitter_misc":{"Escrito por":"Reda\u00e7\u00e3o","Est. tempo de leitura":"4 minutos"},"schema":{"@context":"https:\/\/schema.org","@graph":[{"@type":"Article","@id":"https:\/\/noticiaempauta.com\/portal\/prefeitura-de-picos-realiza-recuperacao-de-vias-e-limpeza-em-diversos-bairros\/#article","isPartOf":{"@id":"https:\/\/noticiaempauta.com\/portal\/prefeitura-de-picos-realiza-recuperacao-de-vias-e-limpeza-em-diversos-bairros\/"},"author":{"name":"Reda\u00e7\u00e3o","@id":"https:\/\/noticiaempauta.com\/portal\/#\/schema\/person\/a74af43dd1ab3deca45f988c717d57ac"},"headline":"Prefeitura de Picos realiza recupera\u00e7\u00e3o de vias e limpeza em diversos bairros","datePublished":"2025-03-19T18:09:37+00:00","dateModified":"2025-03-19T18:09:38+00:00","mainEntityOfPage":{"@id":"https:\/\/noticiaempauta.com\/portal\/prefeitura-de-picos-realiza-recuperacao-de-vias-e-limpeza-em-diversos-bairros\/"},"wordCount":360,"commentCount":0,"publisher":{"@id":"https:\/\/noticiaempauta.com\/portal\/#organization"},"image":{"@id":"https:\/\/noticiaempauta.com\/portal\/prefeitura-de-picos-realiza-recuperacao-de-vias-e-limpeza-em-diversos-bairros\/#primaryimage"},"thumbnailUrl":"https:\/\/noticiaempauta.com\/portal\/wp-content\/uploads\/2025\/03\/WhatsApp-Image-2025-03-19-at-11.15.43.jpeg","keywords":["destaqueprincipal"],"articleSection":["Destaques","Geral","Todas as Not\u00edcias"],"inLanguage":"pt-BR","potentialAction":[{"@type":"CommentAction","name":"Comment","target":["https:\/\/noticiaempauta.com\/portal\/prefeitura-de-picos-realiza-recuperacao-de-vias-e-limpeza-em-diversos-bairros\/#respond"]}]},{"@type":"WebPage","@id":"https:\/\/noticiaempauta.com\/portal\/prefeitura-de-picos-realiza-recuperacao-de-vias-e-limpeza-em-diversos-bairros\/","url":"https:\/\/noticiaempauta.com\/portal\/prefeitura-de-picos-realiza-recuperacao-de-vias-e-limpeza-em-diversos-bairros\/","name":"Prefeitura de Picos realiza recupera\u00e7\u00e3o de vias e limpeza em diversos bairros - Portal Not\u00edcia em Pauta","isPartOf":{"@id":"https:\/\/noticiaempauta.com\/portal\/#website"},"primaryImageOfPage":{"@id":"https:\/\/noticiaempauta.com\/portal\/prefeitura-de-picos-realiza-recuperacao-de-vias-e-limpeza-em-diversos-bairros\/#primaryimage"},"image":{"@id":"https:\/\/noticiaempauta.com\/portal\/prefeitura-de-picos-realiza-recuperacao-de-vias-e-limpeza-em-diversos-bairros\/#primaryimage"},"thumbnailUrl":"https:\/\/noticiaempauta.com\/portal\/wp-content\/uploads\/2025\/03\/WhatsApp-Image-2025-03-19-at-11.15.43.jpeg","datePublished":"2025-03-19T18:09:37+00:00","dateModified":"2025-03-19T18:09:38+00:00","breadcrumb":{"@id":"https:\/\/noticiaempauta.com\/portal\/prefeitura-de-picos-realiza-recuperacao-de-vias-e-limpeza-em-diversos-bairros\/#breadcrumb"},"inLanguage":"pt-BR","potentialAction":[{"@type":"ReadAction","target":["https:\/\/noticiaempauta.com\/portal\/prefeitura-de-picos-realiza-recuperacao-de-vias-e-limpeza-em-diversos-bairros\/"]}]},{"@type":"ImageObject","inLanguage":"pt-BR","@id":"https:\/\/noticiaempauta.com\/portal\/prefeitura-de-picos-realiza-recuperacao-de-vias-e-limpeza-em-diversos-bairros\/#primaryimage","url":"https:\/\/noticiaempauta.com\/portal\/wp-content\/uploads\/2025\/03\/WhatsApp-Image-2025-03-19-at-11.15.43.jpeg","contentUrl":"https:\/\/noticiaempauta.com\/portal\/wp-content\/uploads\/2025\/03\/WhatsApp-Image-2025-03-19-at-11.15.43.jpeg","width":1600,"height":900},{"@type":"BreadcrumbList","@id":"https:\/\/noticiaempauta.com\/portal\/prefeitura-de-picos-realiza-recuperacao-de-vias-e-limpeza-em-diversos-bairros\/#breadcrumb","itemListElement":[{"@type":"ListItem","position":1,"name":"P\u00e1gina Inicial","item":"https:\/\/noticiaempauta.com\/portal\/"},{"@type":"ListItem","position":2,"name":"Destaques","item":"https:\/\/noticiaempauta.com\/portal\/destaques-site\/"},{"@type":"ListItem","position":3,"name":"Prefeitura de Picos realiza recupera\u00e7\u00e3o de vias e limpeza em diversos bairros"}]},{"@type":"WebSite","@id":"https:\/\/noticiaempauta.com\/portal\/#website","url":"https:\/\/noticiaempauta.com\/portal\/","name":"Portal Not\u00edcia em Pauta","description":"Voc\u00ea bem informado","publisher":{"@id":"https:\/\/noticiaempauta.com\/portal\/#organization"},"potentialAction":[{"@type":"SearchAction","target":{"@type":"EntryPoint","urlTemplate":"https:\/\/noticiaempauta.com\/portal\/?s={search_term_string}"},"query-input":{"@type":"PropertyValueSpecification","valueRequired":true,"valueName":"search_term_string"}}],"inLanguage":"pt-BR"},{"@type":"Organization","@id":"https:\/\/noticiaempauta.com\/portal\/#organization","name":"Portal Not\u00edcia em Pauta","url":"https:\/\/noticiaempauta.com\/portal\/","logo":{"@type":"ImageObject","inLanguage":"pt-BR","@id":"https:\/\/noticiaempauta.com\/portal\/#\/schema\/logo\/image\/","url":"https:\/\/noticiaempauta.com\/portal\/wp-content\/uploads\/2022\/08\/logomarca_tema.fw_.png","contentUrl":"https:\/\/noticiaempauta.com\/portal\/wp-content\/uploads\/2022\/08\/logomarca_tema.fw_.png","width":400,"height":232,"caption":"Portal Not\u00edcia em Pauta"},"image":{"@id":"https:\/\/noticiaempauta.com\/portal\/#\/schema\/logo\/image\/"},"sameAs":["https:\/\/www.facebook.com\/Portal-Notcia-Em-Pauta-102292869264820\/","https:\/\/www.instagram.com\/portalnoticiaempauta\/"]},{"@type":"Person","@id":"https:\/\/noticiaempauta.com\/portal\/#\/schema\/person\/a74af43dd1ab3deca45f988c717d57ac","name":"Reda\u00e7\u00e3o","image":{"@type":"ImageObject","inLanguage":"pt-BR","@id":"https:\/\/noticiaempauta.com\/portal\/#\/schema\/person\/image\/","url":"https:\/\/secure.gravatar.com\/avatar\/03179346ecce6cdfc13361603e8f54242a90e5cde8618fa23c5c00aa2b0aadf3?s=96&d=mm&r=g","contentUrl":"https:\/\/secure.gravatar.com\/avatar\/03179346ecce6cdfc13361603e8f54242a90e5cde8618fa23c5c00aa2b0aadf3?s=96&d=mm&r=g","caption":"Reda\u00e7\u00e3o"},"sameAs":["https:\/\/noticiaempauta.com\/portal\/"],"url":"https:\/\/noticiaempauta.com\/portal\/author\/fernando\/"}]}},"_links":{"self":[{"href":"https:\/\/noticiaempauta.com\/portal\/wp-json\/wp\/v2\/posts\/268899","targetHints":{"allow":["GET"]}}],"collection":[{"href":"https:\/\/noticiaempauta.com\/portal\/wp-json\/wp\/v2\/posts"}],"about":[{"href":"https:\/\/noticiaempauta.com\/portal\/wp-json\/wp\/v2\/types\/post"}],"author":[{"embeddable":true,"href":"https:\/\/noticiaempauta.com\/portal\/wp-json\/wp\/v2\/users\/2"}],"replies":[{"embeddable":true,"href":"https:\/\/noticiaempauta.com\/portal\/wp-json\/wp\/v2\/comments?post=268899"}],"version-history":[{"count":2,"href":"https:\/\/noticiaempauta.com\/portal\/wp-json\/wp\/v2\/posts\/268899\/revisions"}],"predecessor-version":[{"id":268910,"href":"https:\/\/noticiaempauta.com\/portal\/wp-json\/wp\/v2\/posts\/268899\/revisions\/268910"}],"wp:featuredmedia":[{"embeddable":true,"href":"https:\/\/noticiaempauta.com\/portal\/wp-json\/wp\/v2\/media\/268901"}],"wp:attachment":[{"href":"https:\/\/noticiaempauta.com\/portal\/wp-json\/wp\/v2\/media?parent=268899"}],"wp:term":[{"taxonomy":"category","embeddable":true,"href":"https:\/\/noticiaempauta.com\/portal\/wp-json\/wp\/v2\/categories?post=268899"},{"taxonomy":"post_tag","embeddable":true,"href":"https:\/\/noticiaempauta.com\/portal\/wp-json\/wp\/v2\/tags?post=268899"}],"curies":[{"name":"wp","href":"https:\/\/api.w.org\/{rel}","templated":true}]}}