{"id":268939,"date":"2025-03-19T16:43:12","date_gmt":"2025-03-19T19:43:12","guid":{"rendered":"https:\/\/noticiaempauta.com\/portal\/?p=268939"},"modified":"2025-03-19T16:43:14","modified_gmt":"2025-03-19T19:43:14","slug":"alepi-aprova-plano-estadual-da-primeira-infancia-e-programa-para-alfabetizacao-na-idade-certa","status":"publish","type":"post","link":"https:\/\/noticiaempauta.com\/portal\/alepi-aprova-plano-estadual-da-primeira-infancia-e-programa-para-alfabetizacao-na-idade-certa\/","title":{"rendered":"Alepi aprova Plano Estadual da Primeira Inf\u00e2ncia e programa para alfabetiza\u00e7\u00e3o na idade certa"},"content":{"rendered":"\n<p>A Assembleia Legislativa do Piau\u00ed (Alepi) aprovou, nessa ter\u00e7a-feira (18), dois projetos de lei enviados pelo Governo do Estado que refor\u00e7am pol\u00edticas p\u00fablicas voltadas para a&nbsp;educa\u00e7\u00e3o e o desenvolvimento infantil. As medidas envolvem a cria\u00e7\u00e3o do&nbsp;Plano Estadual da Primeira Inf\u00e2ncia (Pepi)&nbsp;e do&nbsp;Programa Piauiense de Alfabetiza\u00e7\u00e3o na Idade Certa, iniciativas que buscam garantir um futuro mais promissor para as crian\u00e7as piauienses.<\/p>\n\n\n\n<figure class=\"wp-block-image size-large\"><img fetchpriority=\"high\" decoding=\"async\" width=\"1024\" height=\"682\" src=\"https:\/\/noticiaempauta.com\/portal\/wp-content\/uploads\/2025\/03\/1a47e21b-3f4a-4f73-9b32-61cd49524bf6-scaled-1-1024x682.jpeg\" alt=\"\" class=\"wp-image-268940\" srcset=\"https:\/\/noticiaempauta.com\/portal\/wp-content\/uploads\/2025\/03\/1a47e21b-3f4a-4f73-9b32-61cd49524bf6-scaled-1-1024x682.jpeg 1024w, https:\/\/noticiaempauta.com\/portal\/wp-content\/uploads\/2025\/03\/1a47e21b-3f4a-4f73-9b32-61cd49524bf6-scaled-1-300x200.jpeg 300w, https:\/\/noticiaempauta.com\/portal\/wp-content\/uploads\/2025\/03\/1a47e21b-3f4a-4f73-9b32-61cd49524bf6-scaled-1-768x512.jpeg 768w, https:\/\/noticiaempauta.com\/portal\/wp-content\/uploads\/2025\/03\/1a47e21b-3f4a-4f73-9b32-61cd49524bf6-scaled-1-1536x1024.jpeg 1536w, https:\/\/noticiaempauta.com\/portal\/wp-content\/uploads\/2025\/03\/1a47e21b-3f4a-4f73-9b32-61cd49524bf6-scaled-1-2048x1365.jpeg 2048w\" sizes=\"(max-width: 1024px) 100vw, 1024px\" \/><\/figure>\n\n\n\n<p>A Alepi aprovou a mensagem n\u00ba 23\/25, que institui o&nbsp;Plano Estadual da Primeira Inf\u00e2ncia&nbsp;como uma&nbsp;pol\u00edtica de Estado&nbsp;voltada para assegurar os direitos das crian\u00e7as de&nbsp;zero a seis anos. O plano foi elaborado para o per\u00edodo de&nbsp;2024 a 2033&nbsp;e estabelece diretrizes para que os munic\u00edpios implementem ou adequem suas pol\u00edticas locais voltadas \u00e0 primeira inf\u00e2ncia.<\/p>\n\n\n\n<p>Al\u00e9m disso, a mensagem n\u00ba 05\/25&nbsp;cria o&nbsp;Programa Piauiense de Alfabetiza\u00e7\u00e3o na Idade Certa, com a meta de garantir que todas as crian\u00e7as concluam o&nbsp;2\u00ba ano do ensino fundamental alfabetizadas, dominando leitura, escrita e letramento matem\u00e1tico. Como incentivo, o programa tamb\u00e9m institui o&nbsp;Pr\u00eamio Alfa-10, que reconhecer\u00e1 escolas que apresentarem avan\u00e7os nos \u00edndices de alfabetiza\u00e7\u00e3o.<\/p>\n\n\n\n<p>Com a san\u00e7\u00e3o da lei, os&nbsp;munic\u00edpios piauienses ter\u00e3o at\u00e9 dois anos&nbsp;para elaborar e aprovar seus&nbsp;Planos Municipais da Primeira Inf\u00e2ncia (PMPI), seguindo as diretrizes estabelecidas pelo Pepi. Munic\u00edpios que j\u00e1 possuem planos aprovados ter\u00e3o&nbsp;at\u00e9 um ano&nbsp;para ajust\u00e1-los \u00e0s novas normas.<\/p>\n\n\n\n<p>J\u00e1 o&nbsp;Programa Piauiense de Alfabetiza\u00e7\u00e3o na Idade Certa&nbsp;ser\u00e1 executado em parceria com as redes municipais de ensino, garantindo forma\u00e7\u00e3o para professores e apoio t\u00e9cnico \u00e0s escolas, visando fortalecer o aprendizado nos primeiros anos da educa\u00e7\u00e3o b\u00e1sica.<\/p>\n\n\n\n<p>A coordenadora do&nbsp;Pacto pelas Crian\u00e7as do Piau\u00ed,&nbsp;Isabel Fonteles, celebrou a aprova\u00e7\u00e3o dos projetos e destacou o impacto dessas iniciativas no futuro do estado.&nbsp;\u201cA primeira inf\u00e2ncia e a alfabetiza\u00e7\u00e3o s\u00e3o bases fundamentais para o desenvolvimento de qualquer sociedade. O Pepi e o Programa de Alfabetiza\u00e7\u00e3o na Idade Certa refor\u00e7am o compromisso do Piau\u00ed com o bem-estar e a educa\u00e7\u00e3o das nossas crian\u00e7as, assegurando oportunidades desde os primeiros anos de vida\u201d, afirmou a gestora.<\/p>\n\n\n\n<p>CCOM-PI<\/p>\n","protected":false},"excerpt":{"rendered":"<p>A Assembleia Legislativa do Piau\u00ed (Alepi) aprovou, nessa ter\u00e7a-feira (18), dois projetos de lei enviados pelo Governo do Estado que refor\u00e7am pol\u00edticas p\u00fablicas voltadas para a&nbsp;educa\u00e7\u00e3o e o desenvolvimento infantil. As medidas envolvem a cria\u00e7\u00e3o do&nbsp;Plano Estadual da Primeira Inf\u00e2ncia (Pepi)&nbsp;e do&nbsp;Programa Piauiense de Alfabetiza\u00e7\u00e3o na Idade Certa, iniciativas que buscam garantir um futuro mais [&hellip;]<\/p>\n","protected":false},"author":2,"featured_media":268940,"comment_status":"open","ping_status":"open","sticky":false,"template":"","format":"standard","meta":{"_mi_skip_tracking":false,"footnotes":""},"categories":[25,1,8,16],"tags":[],"class_list":["post-268939","post","type-post","status-publish","format-standard","has-post-thumbnail","hentry","category-destaques-site","category-geral","category-social","category-todas"],"acf":[],"yoast_head":"<!-- This site is optimized with the Yoast SEO Premium plugin v19.2 (Yoast SEO v26.9) - https:\/\/yoast.com\/product\/yoast-seo-premium-wordpress\/ -->\n<title>Alepi aprova Plano Estadual da Primeira Inf\u00e2ncia e programa para alfabetiza\u00e7\u00e3o na idade certa - Portal Not\u00edcia em Pauta<\/title>\n<meta name=\"robots\" content=\"index, follow, max-snippet:-1, max-image-preview:large, max-video-preview:-1\" \/>\n<link rel=\"canonical\" href=\"https:\/\/noticiaempauta.com\/portal\/alepi-aprova-plano-estadual-da-primeira-infancia-e-programa-para-alfabetizacao-na-idade-certa\/\" \/>\n<meta property=\"og:locale\" content=\"pt_BR\" \/>\n<meta property=\"og:type\" content=\"article\" \/>\n<meta property=\"og:title\" content=\"Alepi aprova Plano Estadual da Primeira Inf\u00e2ncia e programa para alfabetiza\u00e7\u00e3o na idade certa\" \/>\n<meta property=\"og:description\" content=\"A Assembleia Legislativa do Piau\u00ed (Alepi) aprovou, nessa ter\u00e7a-feira (18), dois projetos de lei enviados pelo Governo do Estado que refor\u00e7am pol\u00edticas p\u00fablicas voltadas para a&nbsp;educa\u00e7\u00e3o e o desenvolvimento infantil. As medidas envolvem a cria\u00e7\u00e3o do&nbsp;Plano Estadual da Primeira Inf\u00e2ncia (Pepi)&nbsp;e do&nbsp;Programa Piauiense de Alfabetiza\u00e7\u00e3o na Idade Certa, iniciativas que buscam garantir um futuro mais [&hellip;]\" \/>\n<meta property=\"og:url\" content=\"https:\/\/noticiaempauta.com\/portal\/alepi-aprova-plano-estadual-da-primeira-infancia-e-programa-para-alfabetizacao-na-idade-certa\/\" \/>\n<meta property=\"og:site_name\" content=\"Portal Not\u00edcia em Pauta\" \/>\n<meta property=\"article:publisher\" content=\"https:\/\/www.facebook.com\/Portal-Notcia-Em-Pauta-102292869264820\/\" \/>\n<meta property=\"article:published_time\" content=\"2025-03-19T19:43:12+00:00\" \/>\n<meta property=\"article:modified_time\" content=\"2025-03-19T19:43:14+00:00\" \/>\n<meta property=\"og:image\" content=\"https:\/\/noticiaempauta.com\/portal\/wp-content\/uploads\/2025\/03\/1a47e21b-3f4a-4f73-9b32-61cd49524bf6-scaled-1.jpeg\" \/>\n\t<meta property=\"og:image:width\" content=\"2560\" \/>\n\t<meta property=\"og:image:height\" content=\"1706\" \/>\n\t<meta property=\"og:image:type\" content=\"image\/jpeg\" \/>\n<meta name=\"author\" content=\"Reda\u00e7\u00e3o\" \/>\n<meta name=\"twitter:card\" content=\"summary_large_image\" \/>\n<meta name=\"twitter:label1\" content=\"Escrito por\" \/>\n\t<meta name=\"twitter:data1\" content=\"Reda\u00e7\u00e3o\" \/>\n\t<meta name=\"twitter:label2\" content=\"Est. tempo de leitura\" \/>\n\t<meta name=\"twitter:data2\" content=\"3 minutos\" \/>\n<script type=\"application\/ld+json\" class=\"yoast-schema-graph\">{\"@context\":\"https:\/\/schema.org\",\"@graph\":[{\"@type\":\"Article\",\"@id\":\"https:\/\/noticiaempauta.com\/portal\/alepi-aprova-plano-estadual-da-primeira-infancia-e-programa-para-alfabetizacao-na-idade-certa\/#article\",\"isPartOf\":{\"@id\":\"https:\/\/noticiaempauta.com\/portal\/alepi-aprova-plano-estadual-da-primeira-infancia-e-programa-para-alfabetizacao-na-idade-certa\/\"},\"author\":{\"name\":\"Reda\u00e7\u00e3o\",\"@id\":\"https:\/\/noticiaempauta.com\/portal\/#\/schema\/person\/a74af43dd1ab3deca45f988c717d57ac\"},\"headline\":\"Alepi aprova Plano Estadual da Primeira Inf\u00e2ncia e programa para alfabetiza\u00e7\u00e3o na idade certa\",\"datePublished\":\"2025-03-19T19:43:12+00:00\",\"dateModified\":\"2025-03-19T19:43:14+00:00\",\"mainEntityOfPage\":{\"@id\":\"https:\/\/noticiaempauta.com\/portal\/alepi-aprova-plano-estadual-da-primeira-infancia-e-programa-para-alfabetizacao-na-idade-certa\/\"},\"wordCount\":418,\"commentCount\":0,\"publisher\":{\"@id\":\"https:\/\/noticiaempauta.com\/portal\/#organization\"},\"image\":{\"@id\":\"https:\/\/noticiaempauta.com\/portal\/alepi-aprova-plano-estadual-da-primeira-infancia-e-programa-para-alfabetizacao-na-idade-certa\/#primaryimage\"},\"thumbnailUrl\":\"https:\/\/noticiaempauta.com\/portal\/wp-content\/uploads\/2025\/03\/1a47e21b-3f4a-4f73-9b32-61cd49524bf6-scaled-1.jpeg\",\"articleSection\":[\"Destaques\",\"Geral\",\"Social\",\"Todas as Not\u00edcias\"],\"inLanguage\":\"pt-BR\",\"potentialAction\":[{\"@type\":\"CommentAction\",\"name\":\"Comment\",\"target\":[\"https:\/\/noticiaempauta.com\/portal\/alepi-aprova-plano-estadual-da-primeira-infancia-e-programa-para-alfabetizacao-na-idade-certa\/#respond\"]}]},{\"@type\":\"WebPage\",\"@id\":\"https:\/\/noticiaempauta.com\/portal\/alepi-aprova-plano-estadual-da-primeira-infancia-e-programa-para-alfabetizacao-na-idade-certa\/\",\"url\":\"https:\/\/noticiaempauta.com\/portal\/alepi-aprova-plano-estadual-da-primeira-infancia-e-programa-para-alfabetizacao-na-idade-certa\/\",\"name\":\"Alepi aprova Plano Estadual da Primeira Inf\u00e2ncia e programa para alfabetiza\u00e7\u00e3o na idade certa - Portal Not\u00edcia em Pauta\",\"isPartOf\":{\"@id\":\"https:\/\/noticiaempauta.com\/portal\/#website\"},\"primaryImageOfPage\":{\"@id\":\"https:\/\/noticiaempauta.com\/portal\/alepi-aprova-plano-estadual-da-primeira-infancia-e-programa-para-alfabetizacao-na-idade-certa\/#primaryimage\"},\"image\":{\"@id\":\"https:\/\/noticiaempauta.com\/portal\/alepi-aprova-plano-estadual-da-primeira-infancia-e-programa-para-alfabetizacao-na-idade-certa\/#primaryimage\"},\"thumbnailUrl\":\"https:\/\/noticiaempauta.com\/portal\/wp-content\/uploads\/2025\/03\/1a47e21b-3f4a-4f73-9b32-61cd49524bf6-scaled-1.jpeg\",\"datePublished\":\"2025-03-19T19:43:12+00:00\",\"dateModified\":\"2025-03-19T19:43:14+00:00\",\"breadcrumb\":{\"@id\":\"https:\/\/noticiaempauta.com\/portal\/alepi-aprova-plano-estadual-da-primeira-infancia-e-programa-para-alfabetizacao-na-idade-certa\/#breadcrumb\"},\"inLanguage\":\"pt-BR\",\"potentialAction\":[{\"@type\":\"ReadAction\",\"target\":[\"https:\/\/noticiaempauta.com\/portal\/alepi-aprova-plano-estadual-da-primeira-infancia-e-programa-para-alfabetizacao-na-idade-certa\/\"]}]},{\"@type\":\"ImageObject\",\"inLanguage\":\"pt-BR\",\"@id\":\"https:\/\/noticiaempauta.com\/portal\/alepi-aprova-plano-estadual-da-primeira-infancia-e-programa-para-alfabetizacao-na-idade-certa\/#primaryimage\",\"url\":\"https:\/\/noticiaempauta.com\/portal\/wp-content\/uploads\/2025\/03\/1a47e21b-3f4a-4f73-9b32-61cd49524bf6-scaled-1.jpeg\",\"contentUrl\":\"https:\/\/noticiaempauta.com\/portal\/wp-content\/uploads\/2025\/03\/1a47e21b-3f4a-4f73-9b32-61cd49524bf6-scaled-1.jpeg\",\"width\":2560,\"height\":1706},{\"@type\":\"BreadcrumbList\",\"@id\":\"https:\/\/noticiaempauta.com\/portal\/alepi-aprova-plano-estadual-da-primeira-infancia-e-programa-para-alfabetizacao-na-idade-certa\/#breadcrumb\",\"itemListElement\":[{\"@type\":\"ListItem\",\"position\":1,\"name\":\"P\u00e1gina Inicial\",\"item\":\"https:\/\/noticiaempauta.com\/portal\/\"},{\"@type\":\"ListItem\",\"position\":2,\"name\":\"Destaques\",\"item\":\"https:\/\/noticiaempauta.com\/portal\/destaques-site\/\"},{\"@type\":\"ListItem\",\"position\":3,\"name\":\"Alepi aprova Plano Estadual da Primeira Inf\u00e2ncia e programa para alfabetiza\u00e7\u00e3o na idade certa\"}]},{\"@type\":\"WebSite\",\"@id\":\"https:\/\/noticiaempauta.com\/portal\/#website\",\"url\":\"https:\/\/noticiaempauta.com\/portal\/\",\"name\":\"Portal Not\u00edcia em Pauta\",\"description\":\"Voc\u00ea bem informado\",\"publisher\":{\"@id\":\"https:\/\/noticiaempauta.com\/portal\/#organization\"},\"potentialAction\":[{\"@type\":\"SearchAction\",\"target\":{\"@type\":\"EntryPoint\",\"urlTemplate\":\"https:\/\/noticiaempauta.com\/portal\/?s={search_term_string}\"},\"query-input\":{\"@type\":\"PropertyValueSpecification\",\"valueRequired\":true,\"valueName\":\"search_term_string\"}}],\"inLanguage\":\"pt-BR\"},{\"@type\":\"Organization\",\"@id\":\"https:\/\/noticiaempauta.com\/portal\/#organization\",\"name\":\"Portal Not\u00edcia em Pauta\",\"url\":\"https:\/\/noticiaempauta.com\/portal\/\",\"logo\":{\"@type\":\"ImageObject\",\"inLanguage\":\"pt-BR\",\"@id\":\"https:\/\/noticiaempauta.com\/portal\/#\/schema\/logo\/image\/\",\"url\":\"https:\/\/noticiaempauta.com\/portal\/wp-content\/uploads\/2022\/08\/logomarca_tema.fw_.png\",\"contentUrl\":\"https:\/\/noticiaempauta.com\/portal\/wp-content\/uploads\/2022\/08\/logomarca_tema.fw_.png\",\"width\":400,\"height\":232,\"caption\":\"Portal Not\u00edcia em Pauta\"},\"image\":{\"@id\":\"https:\/\/noticiaempauta.com\/portal\/#\/schema\/logo\/image\/\"},\"sameAs\":[\"https:\/\/www.facebook.com\/Portal-Notcia-Em-Pauta-102292869264820\/\",\"https:\/\/www.instagram.com\/portalnoticiaempauta\/\"]},{\"@type\":\"Person\",\"@id\":\"https:\/\/noticiaempauta.com\/portal\/#\/schema\/person\/a74af43dd1ab3deca45f988c717d57ac\",\"name\":\"Reda\u00e7\u00e3o\",\"image\":{\"@type\":\"ImageObject\",\"inLanguage\":\"pt-BR\",\"@id\":\"https:\/\/noticiaempauta.com\/portal\/#\/schema\/person\/image\/\",\"url\":\"https:\/\/secure.gravatar.com\/avatar\/03179346ecce6cdfc13361603e8f54242a90e5cde8618fa23c5c00aa2b0aadf3?s=96&d=mm&r=g\",\"contentUrl\":\"https:\/\/secure.gravatar.com\/avatar\/03179346ecce6cdfc13361603e8f54242a90e5cde8618fa23c5c00aa2b0aadf3?s=96&d=mm&r=g\",\"caption\":\"Reda\u00e7\u00e3o\"},\"sameAs\":[\"https:\/\/noticiaempauta.com\/portal\/\"],\"url\":\"https:\/\/noticiaempauta.com\/portal\/author\/fernando\/\"}]}<\/script>\n<!-- \/ Yoast SEO Premium plugin. -->","yoast_head_json":{"title":"Alepi aprova Plano Estadual da Primeira Inf\u00e2ncia e programa para alfabetiza\u00e7\u00e3o na idade certa - Portal Not\u00edcia em Pauta","robots":{"index":"index","follow":"follow","max-snippet":"max-snippet:-1","max-image-preview":"max-image-preview:large","max-video-preview":"max-video-preview:-1"},"canonical":"https:\/\/noticiaempauta.com\/portal\/alepi-aprova-plano-estadual-da-primeira-infancia-e-programa-para-alfabetizacao-na-idade-certa\/","og_locale":"pt_BR","og_type":"article","og_title":"Alepi aprova Plano Estadual da Primeira Inf\u00e2ncia e programa para alfabetiza\u00e7\u00e3o na idade certa","og_description":"A Assembleia Legislativa do Piau\u00ed (Alepi) aprovou, nessa ter\u00e7a-feira (18), dois projetos de lei enviados pelo Governo do Estado que refor\u00e7am pol\u00edticas p\u00fablicas voltadas para a&nbsp;educa\u00e7\u00e3o e o desenvolvimento infantil. As medidas envolvem a cria\u00e7\u00e3o do&nbsp;Plano Estadual da Primeira Inf\u00e2ncia (Pepi)&nbsp;e do&nbsp;Programa Piauiense de Alfabetiza\u00e7\u00e3o na Idade Certa, iniciativas que buscam garantir um futuro mais [&hellip;]","og_url":"https:\/\/noticiaempauta.com\/portal\/alepi-aprova-plano-estadual-da-primeira-infancia-e-programa-para-alfabetizacao-na-idade-certa\/","og_site_name":"Portal Not\u00edcia em Pauta","article_publisher":"https:\/\/www.facebook.com\/Portal-Notcia-Em-Pauta-102292869264820\/","article_published_time":"2025-03-19T19:43:12+00:00","article_modified_time":"2025-03-19T19:43:14+00:00","og_image":[{"width":2560,"height":1706,"url":"https:\/\/noticiaempauta.com\/portal\/wp-content\/uploads\/2025\/03\/1a47e21b-3f4a-4f73-9b32-61cd49524bf6-scaled-1.jpeg","type":"image\/jpeg"}],"author":"Reda\u00e7\u00e3o","twitter_card":"summary_large_image","twitter_misc":{"Escrito por":"Reda\u00e7\u00e3o","Est. tempo de leitura":"3 minutos"},"schema":{"@context":"https:\/\/schema.org","@graph":[{"@type":"Article","@id":"https:\/\/noticiaempauta.com\/portal\/alepi-aprova-plano-estadual-da-primeira-infancia-e-programa-para-alfabetizacao-na-idade-certa\/#article","isPartOf":{"@id":"https:\/\/noticiaempauta.com\/portal\/alepi-aprova-plano-estadual-da-primeira-infancia-e-programa-para-alfabetizacao-na-idade-certa\/"},"author":{"name":"Reda\u00e7\u00e3o","@id":"https:\/\/noticiaempauta.com\/portal\/#\/schema\/person\/a74af43dd1ab3deca45f988c717d57ac"},"headline":"Alepi aprova Plano Estadual da Primeira Inf\u00e2ncia e programa para alfabetiza\u00e7\u00e3o na idade certa","datePublished":"2025-03-19T19:43:12+00:00","dateModified":"2025-03-19T19:43:14+00:00","mainEntityOfPage":{"@id":"https:\/\/noticiaempauta.com\/portal\/alepi-aprova-plano-estadual-da-primeira-infancia-e-programa-para-alfabetizacao-na-idade-certa\/"},"wordCount":418,"commentCount":0,"publisher":{"@id":"https:\/\/noticiaempauta.com\/portal\/#organization"},"image":{"@id":"https:\/\/noticiaempauta.com\/portal\/alepi-aprova-plano-estadual-da-primeira-infancia-e-programa-para-alfabetizacao-na-idade-certa\/#primaryimage"},"thumbnailUrl":"https:\/\/noticiaempauta.com\/portal\/wp-content\/uploads\/2025\/03\/1a47e21b-3f4a-4f73-9b32-61cd49524bf6-scaled-1.jpeg","articleSection":["Destaques","Geral","Social","Todas as Not\u00edcias"],"inLanguage":"pt-BR","potentialAction":[{"@type":"CommentAction","name":"Comment","target":["https:\/\/noticiaempauta.com\/portal\/alepi-aprova-plano-estadual-da-primeira-infancia-e-programa-para-alfabetizacao-na-idade-certa\/#respond"]}]},{"@type":"WebPage","@id":"https:\/\/noticiaempauta.com\/portal\/alepi-aprova-plano-estadual-da-primeira-infancia-e-programa-para-alfabetizacao-na-idade-certa\/","url":"https:\/\/noticiaempauta.com\/portal\/alepi-aprova-plano-estadual-da-primeira-infancia-e-programa-para-alfabetizacao-na-idade-certa\/","name":"Alepi aprova Plano Estadual da Primeira Inf\u00e2ncia e programa para alfabetiza\u00e7\u00e3o na idade certa - Portal Not\u00edcia em Pauta","isPartOf":{"@id":"https:\/\/noticiaempauta.com\/portal\/#website"},"primaryImageOfPage":{"@id":"https:\/\/noticiaempauta.com\/portal\/alepi-aprova-plano-estadual-da-primeira-infancia-e-programa-para-alfabetizacao-na-idade-certa\/#primaryimage"},"image":{"@id":"https:\/\/noticiaempauta.com\/portal\/alepi-aprova-plano-estadual-da-primeira-infancia-e-programa-para-alfabetizacao-na-idade-certa\/#primaryimage"},"thumbnailUrl":"https:\/\/noticiaempauta.com\/portal\/wp-content\/uploads\/2025\/03\/1a47e21b-3f4a-4f73-9b32-61cd49524bf6-scaled-1.jpeg","datePublished":"2025-03-19T19:43:12+00:00","dateModified":"2025-03-19T19:43:14+00:00","breadcrumb":{"@id":"https:\/\/noticiaempauta.com\/portal\/alepi-aprova-plano-estadual-da-primeira-infancia-e-programa-para-alfabetizacao-na-idade-certa\/#breadcrumb"},"inLanguage":"pt-BR","potentialAction":[{"@type":"ReadAction","target":["https:\/\/noticiaempauta.com\/portal\/alepi-aprova-plano-estadual-da-primeira-infancia-e-programa-para-alfabetizacao-na-idade-certa\/"]}]},{"@type":"ImageObject","inLanguage":"pt-BR","@id":"https:\/\/noticiaempauta.com\/portal\/alepi-aprova-plano-estadual-da-primeira-infancia-e-programa-para-alfabetizacao-na-idade-certa\/#primaryimage","url":"https:\/\/noticiaempauta.com\/portal\/wp-content\/uploads\/2025\/03\/1a47e21b-3f4a-4f73-9b32-61cd49524bf6-scaled-1.jpeg","contentUrl":"https:\/\/noticiaempauta.com\/portal\/wp-content\/uploads\/2025\/03\/1a47e21b-3f4a-4f73-9b32-61cd49524bf6-scaled-1.jpeg","width":2560,"height":1706},{"@type":"BreadcrumbList","@id":"https:\/\/noticiaempauta.com\/portal\/alepi-aprova-plano-estadual-da-primeira-infancia-e-programa-para-alfabetizacao-na-idade-certa\/#breadcrumb","itemListElement":[{"@type":"ListItem","position":1,"name":"P\u00e1gina Inicial","item":"https:\/\/noticiaempauta.com\/portal\/"},{"@type":"ListItem","position":2,"name":"Destaques","item":"https:\/\/noticiaempauta.com\/portal\/destaques-site\/"},{"@type":"ListItem","position":3,"name":"Alepi aprova Plano Estadual da Primeira Inf\u00e2ncia e programa para alfabetiza\u00e7\u00e3o na idade certa"}]},{"@type":"WebSite","@id":"https:\/\/noticiaempauta.com\/portal\/#website","url":"https:\/\/noticiaempauta.com\/portal\/","name":"Portal Not\u00edcia em Pauta","description":"Voc\u00ea bem informado","publisher":{"@id":"https:\/\/noticiaempauta.com\/portal\/#organization"},"potentialAction":[{"@type":"SearchAction","target":{"@type":"EntryPoint","urlTemplate":"https:\/\/noticiaempauta.com\/portal\/?s={search_term_string}"},"query-input":{"@type":"PropertyValueSpecification","valueRequired":true,"valueName":"search_term_string"}}],"inLanguage":"pt-BR"},{"@type":"Organization","@id":"https:\/\/noticiaempauta.com\/portal\/#organization","name":"Portal Not\u00edcia em Pauta","url":"https:\/\/noticiaempauta.com\/portal\/","logo":{"@type":"ImageObject","inLanguage":"pt-BR","@id":"https:\/\/noticiaempauta.com\/portal\/#\/schema\/logo\/image\/","url":"https:\/\/noticiaempauta.com\/portal\/wp-content\/uploads\/2022\/08\/logomarca_tema.fw_.png","contentUrl":"https:\/\/noticiaempauta.com\/portal\/wp-content\/uploads\/2022\/08\/logomarca_tema.fw_.png","width":400,"height":232,"caption":"Portal Not\u00edcia em Pauta"},"image":{"@id":"https:\/\/noticiaempauta.com\/portal\/#\/schema\/logo\/image\/"},"sameAs":["https:\/\/www.facebook.com\/Portal-Notcia-Em-Pauta-102292869264820\/","https:\/\/www.instagram.com\/portalnoticiaempauta\/"]},{"@type":"Person","@id":"https:\/\/noticiaempauta.com\/portal\/#\/schema\/person\/a74af43dd1ab3deca45f988c717d57ac","name":"Reda\u00e7\u00e3o","image":{"@type":"ImageObject","inLanguage":"pt-BR","@id":"https:\/\/noticiaempauta.com\/portal\/#\/schema\/person\/image\/","url":"https:\/\/secure.gravatar.com\/avatar\/03179346ecce6cdfc13361603e8f54242a90e5cde8618fa23c5c00aa2b0aadf3?s=96&d=mm&r=g","contentUrl":"https:\/\/secure.gravatar.com\/avatar\/03179346ecce6cdfc13361603e8f54242a90e5cde8618fa23c5c00aa2b0aadf3?s=96&d=mm&r=g","caption":"Reda\u00e7\u00e3o"},"sameAs":["https:\/\/noticiaempauta.com\/portal\/"],"url":"https:\/\/noticiaempauta.com\/portal\/author\/fernando\/"}]}},"_links":{"self":[{"href":"https:\/\/noticiaempauta.com\/portal\/wp-json\/wp\/v2\/posts\/268939","targetHints":{"allow":["GET"]}}],"collection":[{"href":"https:\/\/noticiaempauta.com\/portal\/wp-json\/wp\/v2\/posts"}],"about":[{"href":"https:\/\/noticiaempauta.com\/portal\/wp-json\/wp\/v2\/types\/post"}],"author":[{"embeddable":true,"href":"https:\/\/noticiaempauta.com\/portal\/wp-json\/wp\/v2\/users\/2"}],"replies":[{"embeddable":true,"href":"https:\/\/noticiaempauta.com\/portal\/wp-json\/wp\/v2\/comments?post=268939"}],"version-history":[{"count":2,"href":"https:\/\/noticiaempauta.com\/portal\/wp-json\/wp\/v2\/posts\/268939\/revisions"}],"predecessor-version":[{"id":268942,"href":"https:\/\/noticiaempauta.com\/portal\/wp-json\/wp\/v2\/posts\/268939\/revisions\/268942"}],"wp:featuredmedia":[{"embeddable":true,"href":"https:\/\/noticiaempauta.com\/portal\/wp-json\/wp\/v2\/media\/268940"}],"wp:attachment":[{"href":"https:\/\/noticiaempauta.com\/portal\/wp-json\/wp\/v2\/media?parent=268939"}],"wp:term":[{"taxonomy":"category","embeddable":true,"href":"https:\/\/noticiaempauta.com\/portal\/wp-json\/wp\/v2\/categories?post=268939"},{"taxonomy":"post_tag","embeddable":true,"href":"https:\/\/noticiaempauta.com\/portal\/wp-json\/wp\/v2\/tags?post=268939"}],"curies":[{"name":"wp","href":"https:\/\/api.w.org\/{rel}","templated":true}]}}