{"id":268943,"date":"2025-03-19T16:46:49","date_gmt":"2025-03-19T19:46:49","guid":{"rendered":"https:\/\/noticiaempauta.com\/portal\/?p=268943"},"modified":"2025-03-19T16:46:50","modified_gmt":"2025-03-19T19:46:50","slug":"operacao-da-prf-apreende-veiculos-roubados-e-adulterados-em-picos","status":"publish","type":"post","link":"https:\/\/noticiaempauta.com\/portal\/operacao-da-prf-apreende-veiculos-roubados-e-adulterados-em-picos\/","title":{"rendered":"Opera\u00e7\u00e3o da PRF apreende ve\u00edculos roubados e adulterados em Picos"},"content":{"rendered":"\n<p>A Pol\u00edcia Rodovi\u00e1ria Federal (PRF) realizou, na manh\u00e3 desta quarta-feira (19), uma grande opera\u00e7\u00e3o em Picos para combater crimes relacionados a ve\u00edculos furtados, roubados e com sinais de adultera\u00e7\u00e3o.<\/p>\n\n\n\n<figure class=\"wp-block-image size-large\"><img fetchpriority=\"high\" decoding=\"async\" width=\"1024\" height=\"571\" src=\"https:\/\/noticiaempauta.com\/portal\/wp-content\/uploads\/2025\/03\/Screenshot_5-1024x571.png\" alt=\"\" class=\"wp-image-268944\" srcset=\"https:\/\/noticiaempauta.com\/portal\/wp-content\/uploads\/2025\/03\/Screenshot_5-1024x571.png 1024w, https:\/\/noticiaempauta.com\/portal\/wp-content\/uploads\/2025\/03\/Screenshot_5-300x167.png 300w, https:\/\/noticiaempauta.com\/portal\/wp-content\/uploads\/2025\/03\/Screenshot_5-768x429.png 768w, https:\/\/noticiaempauta.com\/portal\/wp-content\/uploads\/2025\/03\/Screenshot_5.png 1206w\" sizes=\"(max-width: 1024px) 100vw, 1024px\" \/><\/figure>\n\n\n\n<p>A a\u00e7\u00e3o, que faz parte da Opera\u00e7\u00e3o Hircus, contou com um forte aparato policial, incluindo caminh\u00e3o guincho e diversas viaturas espalhadas por bairros estrat\u00e9gicos da cidade. Durante a fiscaliza\u00e7\u00e3o, agentes abordaram motocicletas e outros ve\u00edculos suspeitos, verificando a proced\u00eancia e poss\u00edveis irregularidades.<\/p>\n\n\n\n<figure class=\"wp-block-image size-full\"><img decoding=\"async\" width=\"819\" height=\"1024\" src=\"https:\/\/noticiaempauta.com\/portal\/wp-content\/uploads\/2025\/03\/1000050391-819x1024-1.webp\" alt=\"\" class=\"wp-image-268946\" srcset=\"https:\/\/noticiaempauta.com\/portal\/wp-content\/uploads\/2025\/03\/1000050391-819x1024-1.webp 819w, https:\/\/noticiaempauta.com\/portal\/wp-content\/uploads\/2025\/03\/1000050391-819x1024-1-240x300.webp 240w, https:\/\/noticiaempauta.com\/portal\/wp-content\/uploads\/2025\/03\/1000050391-819x1024-1-768x960.webp 768w\" sizes=\"(max-width: 819px) 100vw, 819px\" \/><\/figure>\n\n\n\n<p>Durante a Opera\u00e7\u00e3o, Francisco Manoel Borges Leal teve sua moto recuperada ap\u00f3s seis anos do assalto em que foi v\u00edtima. Ele utilizava o ve\u00edculo para entregas de leite e, na \u00e9poca do crime, precisou comprar outra moto para continuar trabalhando. \u201cFaz seis anos que minha moto foi levada. Dois homens armados me pararam, colocaram a arma em mim e tomaram minha moto. Fiquei desorientado, ainda usaram de viol\u00eancia contra mim. Agora, gra\u00e7as \u00e0 PRF, consegui recuperar meu ve\u00edculo. S\u00f3 tenho a agradecer pelo trabalho de voc\u00eas, que est\u00e3o todo dia na rua ajudando e devolvendo o que \u00e9 dos cidad\u00e3os\u201d, disse.<\/p>\n\n\n\n<figure class=\"wp-block-image size-full\"><img decoding=\"async\" width=\"960\" height=\"751\" src=\"https:\/\/noticiaempauta.com\/portal\/wp-content\/uploads\/2025\/03\/WhatsApp-Image-2025-03-19-at-09.50.33.jpeg\" alt=\"\" class=\"wp-image-268945\" srcset=\"https:\/\/noticiaempauta.com\/portal\/wp-content\/uploads\/2025\/03\/WhatsApp-Image-2025-03-19-at-09.50.33.jpeg 960w, https:\/\/noticiaempauta.com\/portal\/wp-content\/uploads\/2025\/03\/WhatsApp-Image-2025-03-19-at-09.50.33-300x235.jpeg 300w, https:\/\/noticiaempauta.com\/portal\/wp-content\/uploads\/2025\/03\/WhatsApp-Image-2025-03-19-at-09.50.33-768x601.jpeg 768w\" sizes=\"(max-width: 960px) 100vw, 960px\" \/><\/figure>\n\n\n\n<p>A opera\u00e7\u00e3o faz parte de uma mobiliza\u00e7\u00e3o iniciada na semana passada, que j\u00e1 percorreu v\u00e1rias cidades da regi\u00e3o, como Francisco Santos, Pio IX, Santo Ant\u00f4nio de Lisboa, Alegrete, Alagoinha, Francisco Macedo, Fronteiras, Massap\u00ea, Marcol\u00e2ndia, Sim\u00f5es, Monsenhor Hip\u00f3lito, Padre Marcos, Jaic\u00f3s e S\u00e3o Juli\u00e3o.<\/p>\n\n\n\n<p>O objetivo da opera\u00e7\u00e3o \u00e9 retirar de circula\u00e7\u00e3o ve\u00edculos que possam estar ligados a atividades criminosas, como furtos, roubos ou adultera\u00e7\u00f5es. Caso sejam identificadas irregularidades, os propriet\u00e1rios s\u00e3o encaminhados \u00e0 Delegacia de Pol\u00edcia Civil para esclarecimentos. Al\u00e9m disso, as investiga\u00e7\u00f5es podem expandir-se para oficinas e estabelecimentos que possam estar envolvidos na revenda de ve\u00edculos ilegais.<\/p>\n\n\n\n<p>A pol\u00edcia parte do princ\u00edpio de que, ao combater a comercializa\u00e7\u00e3o de motos e carros roubados, h\u00e1 uma redu\u00e7\u00e3o na criminalidade, pois dificulta a a\u00e7\u00e3o de criminosos que lucram com esses crimes.<\/p>\n\n\n\n<p>Em opera\u00e7\u00f5es anteriores no estado, centenas de ve\u00edculos j\u00e1 foram apreendidos.<br>At\u00e9 o momento, a PRF n\u00e3o divulgou um balan\u00e7o oficial da opera\u00e7\u00e3o em Picos. A corpora\u00e7\u00e3o informou que s\u00f3 se pronunciar\u00e1 ap\u00f3s a conclus\u00e3o dos trabalhos.<\/p>\n\n\n\n<p>Fonte: CidadesnaNet<\/p>\n","protected":false},"excerpt":{"rendered":"<p>A Pol\u00edcia Rodovi\u00e1ria Federal (PRF) realizou, na manh\u00e3 desta quarta-feira (19), uma grande opera\u00e7\u00e3o em Picos para combater crimes relacionados a ve\u00edculos furtados, roubados e com sinais de adultera\u00e7\u00e3o. A a\u00e7\u00e3o, que faz parte da Opera\u00e7\u00e3o Hircus, contou com um forte aparato policial, incluindo caminh\u00e3o guincho e diversas viaturas espalhadas por bairros estrat\u00e9gicos da cidade. [&hellip;]<\/p>\n","protected":false},"author":2,"featured_media":268944,"comment_status":"open","ping_status":"open","sticky":false,"template":"","format":"standard","meta":{"_mi_skip_tracking":false,"footnotes":""},"categories":[25,1,137,16],"tags":[],"class_list":["post-268943","post","type-post","status-publish","format-standard","has-post-thumbnail","hentry","category-destaques-site","category-geral","category-policia","category-todas"],"acf":[],"yoast_head":"<!-- This site is optimized with the Yoast SEO Premium plugin v19.2 (Yoast SEO v26.9) - https:\/\/yoast.com\/product\/yoast-seo-premium-wordpress\/ -->\n<title>Opera\u00e7\u00e3o da PRF apreende ve\u00edculos roubados e adulterados em Picos - Portal Not\u00edcia em Pauta<\/title>\n<meta name=\"robots\" content=\"index, follow, max-snippet:-1, max-image-preview:large, max-video-preview:-1\" \/>\n<link rel=\"canonical\" href=\"https:\/\/noticiaempauta.com\/portal\/operacao-da-prf-apreende-veiculos-roubados-e-adulterados-em-picos\/\" \/>\n<meta property=\"og:locale\" content=\"pt_BR\" \/>\n<meta property=\"og:type\" content=\"article\" \/>\n<meta property=\"og:title\" content=\"Opera\u00e7\u00e3o da PRF apreende ve\u00edculos roubados e adulterados em Picos\" \/>\n<meta property=\"og:description\" content=\"A Pol\u00edcia Rodovi\u00e1ria Federal (PRF) realizou, na manh\u00e3 desta quarta-feira (19), uma grande opera\u00e7\u00e3o em Picos para combater crimes relacionados a ve\u00edculos furtados, roubados e com sinais de adultera\u00e7\u00e3o. A a\u00e7\u00e3o, que faz parte da Opera\u00e7\u00e3o Hircus, contou com um forte aparato policial, incluindo caminh\u00e3o guincho e diversas viaturas espalhadas por bairros estrat\u00e9gicos da cidade. [&hellip;]\" \/>\n<meta property=\"og:url\" content=\"https:\/\/noticiaempauta.com\/portal\/operacao-da-prf-apreende-veiculos-roubados-e-adulterados-em-picos\/\" \/>\n<meta property=\"og:site_name\" content=\"Portal Not\u00edcia em Pauta\" \/>\n<meta property=\"article:publisher\" content=\"https:\/\/www.facebook.com\/Portal-Notcia-Em-Pauta-102292869264820\/\" \/>\n<meta property=\"article:published_time\" content=\"2025-03-19T19:46:49+00:00\" \/>\n<meta property=\"article:modified_time\" content=\"2025-03-19T19:46:50+00:00\" \/>\n<meta property=\"og:image\" content=\"https:\/\/noticiaempauta.com\/portal\/wp-content\/uploads\/2025\/03\/Screenshot_5.png\" \/>\n\t<meta property=\"og:image:width\" content=\"1206\" \/>\n\t<meta property=\"og:image:height\" content=\"673\" \/>\n\t<meta property=\"og:image:type\" content=\"image\/png\" \/>\n<meta name=\"author\" content=\"Reda\u00e7\u00e3o\" \/>\n<meta name=\"twitter:card\" content=\"summary_large_image\" \/>\n<meta name=\"twitter:label1\" content=\"Escrito por\" \/>\n\t<meta name=\"twitter:data1\" content=\"Reda\u00e7\u00e3o\" \/>\n\t<meta name=\"twitter:label2\" content=\"Est. tempo de leitura\" \/>\n\t<meta name=\"twitter:data2\" content=\"3 minutos\" \/>\n<script type=\"application\/ld+json\" class=\"yoast-schema-graph\">{\"@context\":\"https:\/\/schema.org\",\"@graph\":[{\"@type\":\"Article\",\"@id\":\"https:\/\/noticiaempauta.com\/portal\/operacao-da-prf-apreende-veiculos-roubados-e-adulterados-em-picos\/#article\",\"isPartOf\":{\"@id\":\"https:\/\/noticiaempauta.com\/portal\/operacao-da-prf-apreende-veiculos-roubados-e-adulterados-em-picos\/\"},\"author\":{\"name\":\"Reda\u00e7\u00e3o\",\"@id\":\"https:\/\/noticiaempauta.com\/portal\/#\/schema\/person\/a74af43dd1ab3deca45f988c717d57ac\"},\"headline\":\"Opera\u00e7\u00e3o da PRF apreende ve\u00edculos roubados e adulterados em Picos\",\"datePublished\":\"2025-03-19T19:46:49+00:00\",\"dateModified\":\"2025-03-19T19:46:50+00:00\",\"mainEntityOfPage\":{\"@id\":\"https:\/\/noticiaempauta.com\/portal\/operacao-da-prf-apreende-veiculos-roubados-e-adulterados-em-picos\/\"},\"wordCount\":405,\"commentCount\":0,\"publisher\":{\"@id\":\"https:\/\/noticiaempauta.com\/portal\/#organization\"},\"image\":{\"@id\":\"https:\/\/noticiaempauta.com\/portal\/operacao-da-prf-apreende-veiculos-roubados-e-adulterados-em-picos\/#primaryimage\"},\"thumbnailUrl\":\"https:\/\/noticiaempauta.com\/portal\/wp-content\/uploads\/2025\/03\/Screenshot_5.png\",\"articleSection\":[\"Destaques\",\"Geral\",\"Pol\u00edcia\",\"Todas as Not\u00edcias\"],\"inLanguage\":\"pt-BR\",\"potentialAction\":[{\"@type\":\"CommentAction\",\"name\":\"Comment\",\"target\":[\"https:\/\/noticiaempauta.com\/portal\/operacao-da-prf-apreende-veiculos-roubados-e-adulterados-em-picos\/#respond\"]}]},{\"@type\":\"WebPage\",\"@id\":\"https:\/\/noticiaempauta.com\/portal\/operacao-da-prf-apreende-veiculos-roubados-e-adulterados-em-picos\/\",\"url\":\"https:\/\/noticiaempauta.com\/portal\/operacao-da-prf-apreende-veiculos-roubados-e-adulterados-em-picos\/\",\"name\":\"Opera\u00e7\u00e3o da PRF apreende ve\u00edculos roubados e adulterados em Picos - Portal Not\u00edcia em Pauta\",\"isPartOf\":{\"@id\":\"https:\/\/noticiaempauta.com\/portal\/#website\"},\"primaryImageOfPage\":{\"@id\":\"https:\/\/noticiaempauta.com\/portal\/operacao-da-prf-apreende-veiculos-roubados-e-adulterados-em-picos\/#primaryimage\"},\"image\":{\"@id\":\"https:\/\/noticiaempauta.com\/portal\/operacao-da-prf-apreende-veiculos-roubados-e-adulterados-em-picos\/#primaryimage\"},\"thumbnailUrl\":\"https:\/\/noticiaempauta.com\/portal\/wp-content\/uploads\/2025\/03\/Screenshot_5.png\",\"datePublished\":\"2025-03-19T19:46:49+00:00\",\"dateModified\":\"2025-03-19T19:46:50+00:00\",\"breadcrumb\":{\"@id\":\"https:\/\/noticiaempauta.com\/portal\/operacao-da-prf-apreende-veiculos-roubados-e-adulterados-em-picos\/#breadcrumb\"},\"inLanguage\":\"pt-BR\",\"potentialAction\":[{\"@type\":\"ReadAction\",\"target\":[\"https:\/\/noticiaempauta.com\/portal\/operacao-da-prf-apreende-veiculos-roubados-e-adulterados-em-picos\/\"]}]},{\"@type\":\"ImageObject\",\"inLanguage\":\"pt-BR\",\"@id\":\"https:\/\/noticiaempauta.com\/portal\/operacao-da-prf-apreende-veiculos-roubados-e-adulterados-em-picos\/#primaryimage\",\"url\":\"https:\/\/noticiaempauta.com\/portal\/wp-content\/uploads\/2025\/03\/Screenshot_5.png\",\"contentUrl\":\"https:\/\/noticiaempauta.com\/portal\/wp-content\/uploads\/2025\/03\/Screenshot_5.png\",\"width\":1206,\"height\":673},{\"@type\":\"BreadcrumbList\",\"@id\":\"https:\/\/noticiaempauta.com\/portal\/operacao-da-prf-apreende-veiculos-roubados-e-adulterados-em-picos\/#breadcrumb\",\"itemListElement\":[{\"@type\":\"ListItem\",\"position\":1,\"name\":\"P\u00e1gina Inicial\",\"item\":\"https:\/\/noticiaempauta.com\/portal\/\"},{\"@type\":\"ListItem\",\"position\":2,\"name\":\"Destaques\",\"item\":\"https:\/\/noticiaempauta.com\/portal\/destaques-site\/\"},{\"@type\":\"ListItem\",\"position\":3,\"name\":\"Opera\u00e7\u00e3o da PRF apreende ve\u00edculos roubados e adulterados em Picos\"}]},{\"@type\":\"WebSite\",\"@id\":\"https:\/\/noticiaempauta.com\/portal\/#website\",\"url\":\"https:\/\/noticiaempauta.com\/portal\/\",\"name\":\"Portal Not\u00edcia em Pauta\",\"description\":\"Voc\u00ea bem informado\",\"publisher\":{\"@id\":\"https:\/\/noticiaempauta.com\/portal\/#organization\"},\"potentialAction\":[{\"@type\":\"SearchAction\",\"target\":{\"@type\":\"EntryPoint\",\"urlTemplate\":\"https:\/\/noticiaempauta.com\/portal\/?s={search_term_string}\"},\"query-input\":{\"@type\":\"PropertyValueSpecification\",\"valueRequired\":true,\"valueName\":\"search_term_string\"}}],\"inLanguage\":\"pt-BR\"},{\"@type\":\"Organization\",\"@id\":\"https:\/\/noticiaempauta.com\/portal\/#organization\",\"name\":\"Portal Not\u00edcia em Pauta\",\"url\":\"https:\/\/noticiaempauta.com\/portal\/\",\"logo\":{\"@type\":\"ImageObject\",\"inLanguage\":\"pt-BR\",\"@id\":\"https:\/\/noticiaempauta.com\/portal\/#\/schema\/logo\/image\/\",\"url\":\"https:\/\/noticiaempauta.com\/portal\/wp-content\/uploads\/2022\/08\/logomarca_tema.fw_.png\",\"contentUrl\":\"https:\/\/noticiaempauta.com\/portal\/wp-content\/uploads\/2022\/08\/logomarca_tema.fw_.png\",\"width\":400,\"height\":232,\"caption\":\"Portal Not\u00edcia em Pauta\"},\"image\":{\"@id\":\"https:\/\/noticiaempauta.com\/portal\/#\/schema\/logo\/image\/\"},\"sameAs\":[\"https:\/\/www.facebook.com\/Portal-Notcia-Em-Pauta-102292869264820\/\",\"https:\/\/www.instagram.com\/portalnoticiaempauta\/\"]},{\"@type\":\"Person\",\"@id\":\"https:\/\/noticiaempauta.com\/portal\/#\/schema\/person\/a74af43dd1ab3deca45f988c717d57ac\",\"name\":\"Reda\u00e7\u00e3o\",\"image\":{\"@type\":\"ImageObject\",\"inLanguage\":\"pt-BR\",\"@id\":\"https:\/\/noticiaempauta.com\/portal\/#\/schema\/person\/image\/\",\"url\":\"https:\/\/secure.gravatar.com\/avatar\/03179346ecce6cdfc13361603e8f54242a90e5cde8618fa23c5c00aa2b0aadf3?s=96&d=mm&r=g\",\"contentUrl\":\"https:\/\/secure.gravatar.com\/avatar\/03179346ecce6cdfc13361603e8f54242a90e5cde8618fa23c5c00aa2b0aadf3?s=96&d=mm&r=g\",\"caption\":\"Reda\u00e7\u00e3o\"},\"sameAs\":[\"https:\/\/noticiaempauta.com\/portal\/\"],\"url\":\"https:\/\/noticiaempauta.com\/portal\/author\/fernando\/\"}]}<\/script>\n<!-- \/ Yoast SEO Premium plugin. -->","yoast_head_json":{"title":"Opera\u00e7\u00e3o da PRF apreende ve\u00edculos roubados e adulterados em Picos - Portal Not\u00edcia em Pauta","robots":{"index":"index","follow":"follow","max-snippet":"max-snippet:-1","max-image-preview":"max-image-preview:large","max-video-preview":"max-video-preview:-1"},"canonical":"https:\/\/noticiaempauta.com\/portal\/operacao-da-prf-apreende-veiculos-roubados-e-adulterados-em-picos\/","og_locale":"pt_BR","og_type":"article","og_title":"Opera\u00e7\u00e3o da PRF apreende ve\u00edculos roubados e adulterados em Picos","og_description":"A Pol\u00edcia Rodovi\u00e1ria Federal (PRF) realizou, na manh\u00e3 desta quarta-feira (19), uma grande opera\u00e7\u00e3o em Picos para combater crimes relacionados a ve\u00edculos furtados, roubados e com sinais de adultera\u00e7\u00e3o. A a\u00e7\u00e3o, que faz parte da Opera\u00e7\u00e3o Hircus, contou com um forte aparato policial, incluindo caminh\u00e3o guincho e diversas viaturas espalhadas por bairros estrat\u00e9gicos da cidade. [&hellip;]","og_url":"https:\/\/noticiaempauta.com\/portal\/operacao-da-prf-apreende-veiculos-roubados-e-adulterados-em-picos\/","og_site_name":"Portal Not\u00edcia em Pauta","article_publisher":"https:\/\/www.facebook.com\/Portal-Notcia-Em-Pauta-102292869264820\/","article_published_time":"2025-03-19T19:46:49+00:00","article_modified_time":"2025-03-19T19:46:50+00:00","og_image":[{"width":1206,"height":673,"url":"https:\/\/noticiaempauta.com\/portal\/wp-content\/uploads\/2025\/03\/Screenshot_5.png","type":"image\/png"}],"author":"Reda\u00e7\u00e3o","twitter_card":"summary_large_image","twitter_misc":{"Escrito por":"Reda\u00e7\u00e3o","Est. tempo de leitura":"3 minutos"},"schema":{"@context":"https:\/\/schema.org","@graph":[{"@type":"Article","@id":"https:\/\/noticiaempauta.com\/portal\/operacao-da-prf-apreende-veiculos-roubados-e-adulterados-em-picos\/#article","isPartOf":{"@id":"https:\/\/noticiaempauta.com\/portal\/operacao-da-prf-apreende-veiculos-roubados-e-adulterados-em-picos\/"},"author":{"name":"Reda\u00e7\u00e3o","@id":"https:\/\/noticiaempauta.com\/portal\/#\/schema\/person\/a74af43dd1ab3deca45f988c717d57ac"},"headline":"Opera\u00e7\u00e3o da PRF apreende ve\u00edculos roubados e adulterados em Picos","datePublished":"2025-03-19T19:46:49+00:00","dateModified":"2025-03-19T19:46:50+00:00","mainEntityOfPage":{"@id":"https:\/\/noticiaempauta.com\/portal\/operacao-da-prf-apreende-veiculos-roubados-e-adulterados-em-picos\/"},"wordCount":405,"commentCount":0,"publisher":{"@id":"https:\/\/noticiaempauta.com\/portal\/#organization"},"image":{"@id":"https:\/\/noticiaempauta.com\/portal\/operacao-da-prf-apreende-veiculos-roubados-e-adulterados-em-picos\/#primaryimage"},"thumbnailUrl":"https:\/\/noticiaempauta.com\/portal\/wp-content\/uploads\/2025\/03\/Screenshot_5.png","articleSection":["Destaques","Geral","Pol\u00edcia","Todas as Not\u00edcias"],"inLanguage":"pt-BR","potentialAction":[{"@type":"CommentAction","name":"Comment","target":["https:\/\/noticiaempauta.com\/portal\/operacao-da-prf-apreende-veiculos-roubados-e-adulterados-em-picos\/#respond"]}]},{"@type":"WebPage","@id":"https:\/\/noticiaempauta.com\/portal\/operacao-da-prf-apreende-veiculos-roubados-e-adulterados-em-picos\/","url":"https:\/\/noticiaempauta.com\/portal\/operacao-da-prf-apreende-veiculos-roubados-e-adulterados-em-picos\/","name":"Opera\u00e7\u00e3o da PRF apreende ve\u00edculos roubados e adulterados em Picos - Portal Not\u00edcia em Pauta","isPartOf":{"@id":"https:\/\/noticiaempauta.com\/portal\/#website"},"primaryImageOfPage":{"@id":"https:\/\/noticiaempauta.com\/portal\/operacao-da-prf-apreende-veiculos-roubados-e-adulterados-em-picos\/#primaryimage"},"image":{"@id":"https:\/\/noticiaempauta.com\/portal\/operacao-da-prf-apreende-veiculos-roubados-e-adulterados-em-picos\/#primaryimage"},"thumbnailUrl":"https:\/\/noticiaempauta.com\/portal\/wp-content\/uploads\/2025\/03\/Screenshot_5.png","datePublished":"2025-03-19T19:46:49+00:00","dateModified":"2025-03-19T19:46:50+00:00","breadcrumb":{"@id":"https:\/\/noticiaempauta.com\/portal\/operacao-da-prf-apreende-veiculos-roubados-e-adulterados-em-picos\/#breadcrumb"},"inLanguage":"pt-BR","potentialAction":[{"@type":"ReadAction","target":["https:\/\/noticiaempauta.com\/portal\/operacao-da-prf-apreende-veiculos-roubados-e-adulterados-em-picos\/"]}]},{"@type":"ImageObject","inLanguage":"pt-BR","@id":"https:\/\/noticiaempauta.com\/portal\/operacao-da-prf-apreende-veiculos-roubados-e-adulterados-em-picos\/#primaryimage","url":"https:\/\/noticiaempauta.com\/portal\/wp-content\/uploads\/2025\/03\/Screenshot_5.png","contentUrl":"https:\/\/noticiaempauta.com\/portal\/wp-content\/uploads\/2025\/03\/Screenshot_5.png","width":1206,"height":673},{"@type":"BreadcrumbList","@id":"https:\/\/noticiaempauta.com\/portal\/operacao-da-prf-apreende-veiculos-roubados-e-adulterados-em-picos\/#breadcrumb","itemListElement":[{"@type":"ListItem","position":1,"name":"P\u00e1gina Inicial","item":"https:\/\/noticiaempauta.com\/portal\/"},{"@type":"ListItem","position":2,"name":"Destaques","item":"https:\/\/noticiaempauta.com\/portal\/destaques-site\/"},{"@type":"ListItem","position":3,"name":"Opera\u00e7\u00e3o da PRF apreende ve\u00edculos roubados e adulterados em Picos"}]},{"@type":"WebSite","@id":"https:\/\/noticiaempauta.com\/portal\/#website","url":"https:\/\/noticiaempauta.com\/portal\/","name":"Portal Not\u00edcia em Pauta","description":"Voc\u00ea bem informado","publisher":{"@id":"https:\/\/noticiaempauta.com\/portal\/#organization"},"potentialAction":[{"@type":"SearchAction","target":{"@type":"EntryPoint","urlTemplate":"https:\/\/noticiaempauta.com\/portal\/?s={search_term_string}"},"query-input":{"@type":"PropertyValueSpecification","valueRequired":true,"valueName":"search_term_string"}}],"inLanguage":"pt-BR"},{"@type":"Organization","@id":"https:\/\/noticiaempauta.com\/portal\/#organization","name":"Portal Not\u00edcia em Pauta","url":"https:\/\/noticiaempauta.com\/portal\/","logo":{"@type":"ImageObject","inLanguage":"pt-BR","@id":"https:\/\/noticiaempauta.com\/portal\/#\/schema\/logo\/image\/","url":"https:\/\/noticiaempauta.com\/portal\/wp-content\/uploads\/2022\/08\/logomarca_tema.fw_.png","contentUrl":"https:\/\/noticiaempauta.com\/portal\/wp-content\/uploads\/2022\/08\/logomarca_tema.fw_.png","width":400,"height":232,"caption":"Portal Not\u00edcia em Pauta"},"image":{"@id":"https:\/\/noticiaempauta.com\/portal\/#\/schema\/logo\/image\/"},"sameAs":["https:\/\/www.facebook.com\/Portal-Notcia-Em-Pauta-102292869264820\/","https:\/\/www.instagram.com\/portalnoticiaempauta\/"]},{"@type":"Person","@id":"https:\/\/noticiaempauta.com\/portal\/#\/schema\/person\/a74af43dd1ab3deca45f988c717d57ac","name":"Reda\u00e7\u00e3o","image":{"@type":"ImageObject","inLanguage":"pt-BR","@id":"https:\/\/noticiaempauta.com\/portal\/#\/schema\/person\/image\/","url":"https:\/\/secure.gravatar.com\/avatar\/03179346ecce6cdfc13361603e8f54242a90e5cde8618fa23c5c00aa2b0aadf3?s=96&d=mm&r=g","contentUrl":"https:\/\/secure.gravatar.com\/avatar\/03179346ecce6cdfc13361603e8f54242a90e5cde8618fa23c5c00aa2b0aadf3?s=96&d=mm&r=g","caption":"Reda\u00e7\u00e3o"},"sameAs":["https:\/\/noticiaempauta.com\/portal\/"],"url":"https:\/\/noticiaempauta.com\/portal\/author\/fernando\/"}]}},"_links":{"self":[{"href":"https:\/\/noticiaempauta.com\/portal\/wp-json\/wp\/v2\/posts\/268943","targetHints":{"allow":["GET"]}}],"collection":[{"href":"https:\/\/noticiaempauta.com\/portal\/wp-json\/wp\/v2\/posts"}],"about":[{"href":"https:\/\/noticiaempauta.com\/portal\/wp-json\/wp\/v2\/types\/post"}],"author":[{"embeddable":true,"href":"https:\/\/noticiaempauta.com\/portal\/wp-json\/wp\/v2\/users\/2"}],"replies":[{"embeddable":true,"href":"https:\/\/noticiaempauta.com\/portal\/wp-json\/wp\/v2\/comments?post=268943"}],"version-history":[{"count":2,"href":"https:\/\/noticiaempauta.com\/portal\/wp-json\/wp\/v2\/posts\/268943\/revisions"}],"predecessor-version":[{"id":268948,"href":"https:\/\/noticiaempauta.com\/portal\/wp-json\/wp\/v2\/posts\/268943\/revisions\/268948"}],"wp:featuredmedia":[{"embeddable":true,"href":"https:\/\/noticiaempauta.com\/portal\/wp-json\/wp\/v2\/media\/268944"}],"wp:attachment":[{"href":"https:\/\/noticiaempauta.com\/portal\/wp-json\/wp\/v2\/media?parent=268943"}],"wp:term":[{"taxonomy":"category","embeddable":true,"href":"https:\/\/noticiaempauta.com\/portal\/wp-json\/wp\/v2\/categories?post=268943"},{"taxonomy":"post_tag","embeddable":true,"href":"https:\/\/noticiaempauta.com\/portal\/wp-json\/wp\/v2\/tags?post=268943"}],"curies":[{"name":"wp","href":"https:\/\/api.w.org\/{rel}","templated":true}]}}