{"id":269858,"date":"2025-04-08T10:03:12","date_gmt":"2025-04-08T13:03:12","guid":{"rendered":"https:\/\/noticiaempauta.com\/portal\/?p=269858"},"modified":"2025-04-08T10:03:13","modified_gmt":"2025-04-08T13:03:13","slug":"prefeitura-de-paqueta-do-piaui-promove-evento-em-alusao-ao-abril-azul","status":"publish","type":"post","link":"https:\/\/noticiaempauta.com\/portal\/prefeitura-de-paqueta-do-piaui-promove-evento-em-alusao-ao-abril-azul\/","title":{"rendered":"Prefeitura de Paquet\u00e1 do Piau\u00ed promove evento em alus\u00e3o ao &#8216;Abril Azul&#8217;"},"content":{"rendered":"\n<p>A Prefeitura de Paquet\u00e1 do Piau\u00ed realizou nesta segunda-feira, 07 de abril, o evento \u201cAbril Azul: Autismo \u00e9 parte, n\u00e3o um mundo \u00e0 parte\u201d, voltado \u00e0 conscientiza\u00e7\u00e3o sobre o Transtorno do Espectro Autista (TEA).<\/p>\n\n\n\n<figure class=\"wp-block-image size-large\"><img fetchpriority=\"high\" decoding=\"async\" width=\"768\" height=\"1024\" src=\"https:\/\/noticiaempauta.com\/portal\/wp-content\/uploads\/2025\/04\/1366-768x1024.jpeg\" alt=\"\" class=\"wp-image-269859\" srcset=\"https:\/\/noticiaempauta.com\/portal\/wp-content\/uploads\/2025\/04\/1366-768x1024.jpeg 768w, https:\/\/noticiaempauta.com\/portal\/wp-content\/uploads\/2025\/04\/1366-225x300.jpeg 225w, https:\/\/noticiaempauta.com\/portal\/wp-content\/uploads\/2025\/04\/1366.jpeg 900w\" sizes=\"(max-width: 768px) 100vw, 768px\" \/><\/figure>\n\n\n\n<p>A a\u00e7\u00e3o faz parte das atividades do m\u00eas de abril, dedicado \u00e0 promo\u00e7\u00e3o de informa\u00e7\u00f5es, empatia e inclus\u00e3o das pessoas com autismo na sociedade.<\/p>\n\n\n\n<figure class=\"wp-block-image size-full\"><img decoding=\"async\" width=\"958\" height=\"766\" src=\"https:\/\/noticiaempauta.com\/portal\/wp-content\/uploads\/2025\/04\/1544.jpeg\" alt=\"\" class=\"wp-image-269862\" srcset=\"https:\/\/noticiaempauta.com\/portal\/wp-content\/uploads\/2025\/04\/1544.jpeg 958w, https:\/\/noticiaempauta.com\/portal\/wp-content\/uploads\/2025\/04\/1544-300x240.jpeg 300w, https:\/\/noticiaempauta.com\/portal\/wp-content\/uploads\/2025\/04\/1544-768x614.jpeg 768w\" sizes=\"(max-width: 958px) 100vw, 958px\" \/><\/figure>\n\n\n\n<p>As palestras foram conduzidas por volunt\u00e1rias, que se disponibilizaram a compartilhar conhecimento e experi\u00eancias com os participantes, refor\u00e7ando a import\u00e2ncia do diagn\u00f3stico precoce, do acompanhamento adequado e, principalmente, do respeito \u00e0s diferen\u00e7as.<\/p>\n\n\n\n<figure class=\"wp-block-image size-full\"><img decoding=\"async\" width=\"718\" height=\"574\" src=\"https:\/\/noticiaempauta.com\/portal\/wp-content\/uploads\/2025\/04\/942.jpeg\" alt=\"\" class=\"wp-image-269863\" srcset=\"https:\/\/noticiaempauta.com\/portal\/wp-content\/uploads\/2025\/04\/942.jpeg 718w, https:\/\/noticiaempauta.com\/portal\/wp-content\/uploads\/2025\/04\/942-300x240.jpeg 300w\" sizes=\"(max-width: 718px) 100vw, 718px\" \/><\/figure>\n\n\n\n<figure class=\"wp-block-image size-full\"><img loading=\"lazy\" decoding=\"async\" width=\"958\" height=\"766\" src=\"https:\/\/noticiaempauta.com\/portal\/wp-content\/uploads\/2025\/04\/1177.jpeg\" alt=\"\" class=\"wp-image-269864\" srcset=\"https:\/\/noticiaempauta.com\/portal\/wp-content\/uploads\/2025\/04\/1177.jpeg 958w, https:\/\/noticiaempauta.com\/portal\/wp-content\/uploads\/2025\/04\/1177-300x240.jpeg 300w, https:\/\/noticiaempauta.com\/portal\/wp-content\/uploads\/2025\/04\/1177-768x614.jpeg 768w\" sizes=\"(max-width: 958px) 100vw, 958px\" \/><\/figure>\n\n\n\n<p>Como forma de agradecimento, a Dra. Yara Portela entregou uma cesta de P\u00e1scoa para \u00e0s profissionais que contribu\u00edram com o evento levando suas mensagens.<\/p>\n\n\n\n<figure class=\"wp-block-image size-full\"><img loading=\"lazy\" decoding=\"async\" width=\"958\" height=\"766\" src=\"https:\/\/noticiaempauta.com\/portal\/wp-content\/uploads\/2025\/04\/1837.jpeg\" alt=\"\" class=\"wp-image-269865\" srcset=\"https:\/\/noticiaempauta.com\/portal\/wp-content\/uploads\/2025\/04\/1837.jpeg 958w, https:\/\/noticiaempauta.com\/portal\/wp-content\/uploads\/2025\/04\/1837-300x240.jpeg 300w, https:\/\/noticiaempauta.com\/portal\/wp-content\/uploads\/2025\/04\/1837-768x614.jpeg 768w\" sizes=\"(max-width: 958px) 100vw, 958px\" \/><\/figure>\n\n\n\n<p>A gest\u00e3o municipal agradeceu a colabora\u00e7\u00e3o das volunt\u00e1rias e de todos os envolvidos na organiza\u00e7\u00e3o do evento, reafirmando a import\u00e2ncia de continuar promovendo a\u00e7\u00f5es que fortale\u00e7am o acolhimento e o respeito \u00e0 pessoa com autismo em Paquet\u00e1 do Piau\u00ed.<\/p>\n\n\n\n<p>Veja mais imagens<\/p>\n\n\n\n<figure class=\"wp-block-image size-large\"><img loading=\"lazy\" decoding=\"async\" width=\"1024\" height=\"768\" src=\"https:\/\/noticiaempauta.com\/portal\/wp-content\/uploads\/2025\/04\/4100-1-1024x768.jpeg\" alt=\"\" class=\"wp-image-269861\" srcset=\"https:\/\/noticiaempauta.com\/portal\/wp-content\/uploads\/2025\/04\/4100-1-1024x768.jpeg 1024w, https:\/\/noticiaempauta.com\/portal\/wp-content\/uploads\/2025\/04\/4100-1-300x225.jpeg 300w, https:\/\/noticiaempauta.com\/portal\/wp-content\/uploads\/2025\/04\/4100-1-768x576.jpeg 768w, https:\/\/noticiaempauta.com\/portal\/wp-content\/uploads\/2025\/04\/4100-1.jpeg 1280w\" sizes=\"(max-width: 1024px) 100vw, 1024px\" \/><\/figure>\n\n\n\n<figure class=\"wp-block-image size-full\"><img loading=\"lazy\" decoding=\"async\" width=\"958\" height=\"766\" src=\"https:\/\/noticiaempauta.com\/portal\/wp-content\/uploads\/2025\/04\/1459.jpeg\" alt=\"\" class=\"wp-image-269866\" srcset=\"https:\/\/noticiaempauta.com\/portal\/wp-content\/uploads\/2025\/04\/1459.jpeg 958w, https:\/\/noticiaempauta.com\/portal\/wp-content\/uploads\/2025\/04\/1459-300x240.jpeg 300w, https:\/\/noticiaempauta.com\/portal\/wp-content\/uploads\/2025\/04\/1459-768x614.jpeg 768w\" sizes=\"(max-width: 958px) 100vw, 958px\" \/><\/figure>\n\n\n\n<figure class=\"wp-block-image size-full\"><img loading=\"lazy\" decoding=\"async\" width=\"958\" height=\"766\" src=\"https:\/\/noticiaempauta.com\/portal\/wp-content\/uploads\/2025\/04\/1268.jpeg\" alt=\"\" class=\"wp-image-269867\" srcset=\"https:\/\/noticiaempauta.com\/portal\/wp-content\/uploads\/2025\/04\/1268.jpeg 958w, https:\/\/noticiaempauta.com\/portal\/wp-content\/uploads\/2025\/04\/1268-300x240.jpeg 300w, https:\/\/noticiaempauta.com\/portal\/wp-content\/uploads\/2025\/04\/1268-768x614.jpeg 768w\" sizes=\"(max-width: 958px) 100vw, 958px\" \/><\/figure>\n\n\n\n<figure class=\"wp-block-image size-large\"><img loading=\"lazy\" decoding=\"async\" width=\"1024\" height=\"768\" src=\"https:\/\/noticiaempauta.com\/portal\/wp-content\/uploads\/2025\/04\/845-1024x768.jpeg\" alt=\"\" class=\"wp-image-269868\" srcset=\"https:\/\/noticiaempauta.com\/portal\/wp-content\/uploads\/2025\/04\/845-1024x768.jpeg 1024w, https:\/\/noticiaempauta.com\/portal\/wp-content\/uploads\/2025\/04\/845-300x225.jpeg 300w, https:\/\/noticiaempauta.com\/portal\/wp-content\/uploads\/2025\/04\/845-768x576.jpeg 768w, https:\/\/noticiaempauta.com\/portal\/wp-content\/uploads\/2025\/04\/845.jpeg 1280w\" sizes=\"(max-width: 1024px) 100vw, 1024px\" \/><\/figure>\n\n\n\n<figure class=\"wp-block-image size-large\"><img loading=\"lazy\" decoding=\"async\" width=\"1024\" height=\"768\" src=\"https:\/\/noticiaempauta.com\/portal\/wp-content\/uploads\/2025\/04\/763-1024x768.jpeg\" alt=\"\" class=\"wp-image-269869\" srcset=\"https:\/\/noticiaempauta.com\/portal\/wp-content\/uploads\/2025\/04\/763-1024x768.jpeg 1024w, https:\/\/noticiaempauta.com\/portal\/wp-content\/uploads\/2025\/04\/763-300x225.jpeg 300w, https:\/\/noticiaempauta.com\/portal\/wp-content\/uploads\/2025\/04\/763-768x576.jpeg 768w, https:\/\/noticiaempauta.com\/portal\/wp-content\/uploads\/2025\/04\/763.jpeg 1280w\" sizes=\"(max-width: 1024px) 100vw, 1024px\" \/><\/figure>\n\n\n\n<figure class=\"wp-block-image size-large\"><img loading=\"lazy\" decoding=\"async\" width=\"1024\" height=\"768\" src=\"https:\/\/noticiaempauta.com\/portal\/wp-content\/uploads\/2025\/04\/673-1024x768.jpeg\" alt=\"\" class=\"wp-image-269870\" srcset=\"https:\/\/noticiaempauta.com\/portal\/wp-content\/uploads\/2025\/04\/673-1024x768.jpeg 1024w, https:\/\/noticiaempauta.com\/portal\/wp-content\/uploads\/2025\/04\/673-300x225.jpeg 300w, https:\/\/noticiaempauta.com\/portal\/wp-content\/uploads\/2025\/04\/673-768x576.jpeg 768w, https:\/\/noticiaempauta.com\/portal\/wp-content\/uploads\/2025\/04\/673.jpeg 1280w\" sizes=\"(max-width: 1024px) 100vw, 1024px\" \/><\/figure>\n\n\n\n<figure class=\"wp-block-image size-full\"><img loading=\"lazy\" decoding=\"async\" width=\"595\" height=\"480\" src=\"https:\/\/noticiaempauta.com\/portal\/wp-content\/uploads\/2025\/04\/2172.jpeg\" alt=\"\" class=\"wp-image-269871\" srcset=\"https:\/\/noticiaempauta.com\/portal\/wp-content\/uploads\/2025\/04\/2172.jpeg 595w, https:\/\/noticiaempauta.com\/portal\/wp-content\/uploads\/2025\/04\/2172-300x242.jpeg 300w\" sizes=\"(max-width: 595px) 100vw, 595px\" \/><\/figure>\n\n\n\n<p><\/p>\n","protected":false},"excerpt":{"rendered":"<p>A Prefeitura de Paquet\u00e1 do Piau\u00ed realizou nesta segunda-feira, 07 de abril, o evento \u201cAbril Azul: Autismo \u00e9 parte, n\u00e3o um mundo \u00e0 parte\u201d, voltado \u00e0 conscientiza\u00e7\u00e3o sobre o Transtorno do Espectro Autista (TEA). A a\u00e7\u00e3o faz parte das atividades do m\u00eas de abril, dedicado \u00e0 promo\u00e7\u00e3o de informa\u00e7\u00f5es, empatia e inclus\u00e3o das pessoas com [&hellip;]<\/p>\n","protected":false},"author":2,"featured_media":269860,"comment_status":"open","ping_status":"open","sticky":false,"template":"","format":"standard","meta":{"_mi_skip_tracking":false,"footnotes":""},"categories":[25,1,9,8,16],"tags":[],"class_list":["post-269858","post","type-post","status-publish","format-standard","has-post-thumbnail","hentry","category-destaques-site","category-geral","category-municipios","category-social","category-todas"],"acf":[],"yoast_head":"<!-- This site is optimized with the Yoast SEO Premium plugin v19.2 (Yoast SEO v26.9) - https:\/\/yoast.com\/product\/yoast-seo-premium-wordpress\/ -->\n<title>Prefeitura de Paquet\u00e1 do Piau\u00ed promove evento em alus\u00e3o ao &#039;Abril Azul&#039; - Portal Not\u00edcia em Pauta<\/title>\n<meta name=\"robots\" content=\"index, follow, max-snippet:-1, max-image-preview:large, max-video-preview:-1\" \/>\n<link rel=\"canonical\" href=\"https:\/\/noticiaempauta.com\/portal\/prefeitura-de-paqueta-do-piaui-promove-evento-em-alusao-ao-abril-azul\/\" \/>\n<meta property=\"og:locale\" content=\"pt_BR\" \/>\n<meta property=\"og:type\" content=\"article\" \/>\n<meta property=\"og:title\" content=\"Prefeitura de Paquet\u00e1 do Piau\u00ed promove evento em alus\u00e3o ao &#039;Abril Azul&#039;\" \/>\n<meta property=\"og:description\" content=\"A Prefeitura de Paquet\u00e1 do Piau\u00ed realizou nesta segunda-feira, 07 de abril, o evento \u201cAbril Azul: Autismo \u00e9 parte, n\u00e3o um mundo \u00e0 parte\u201d, voltado \u00e0 conscientiza\u00e7\u00e3o sobre o Transtorno do Espectro Autista (TEA). A a\u00e7\u00e3o faz parte das atividades do m\u00eas de abril, dedicado \u00e0 promo\u00e7\u00e3o de informa\u00e7\u00f5es, empatia e inclus\u00e3o das pessoas com [&hellip;]\" \/>\n<meta property=\"og:url\" content=\"https:\/\/noticiaempauta.com\/portal\/prefeitura-de-paqueta-do-piaui-promove-evento-em-alusao-ao-abril-azul\/\" \/>\n<meta property=\"og:site_name\" content=\"Portal Not\u00edcia em Pauta\" \/>\n<meta property=\"article:publisher\" content=\"https:\/\/www.facebook.com\/Portal-Notcia-Em-Pauta-102292869264820\/\" \/>\n<meta property=\"article:published_time\" content=\"2025-04-08T13:03:12+00:00\" \/>\n<meta property=\"article:modified_time\" content=\"2025-04-08T13:03:13+00:00\" \/>\n<meta property=\"og:image\" content=\"https:\/\/noticiaempauta.com\/portal\/wp-content\/uploads\/2025\/04\/4100.jpeg\" \/>\n\t<meta property=\"og:image:width\" content=\"1280\" \/>\n\t<meta property=\"og:image:height\" content=\"960\" \/>\n\t<meta property=\"og:image:type\" content=\"image\/jpeg\" \/>\n<meta name=\"author\" content=\"Reda\u00e7\u00e3o\" \/>\n<meta name=\"twitter:card\" content=\"summary_large_image\" \/>\n<meta name=\"twitter:label1\" content=\"Escrito por\" \/>\n\t<meta name=\"twitter:data1\" content=\"Reda\u00e7\u00e3o\" \/>\n\t<meta name=\"twitter:label2\" content=\"Est. tempo de leitura\" \/>\n\t<meta name=\"twitter:data2\" content=\"4 minutos\" \/>\n<script type=\"application\/ld+json\" class=\"yoast-schema-graph\">{\"@context\":\"https:\/\/schema.org\",\"@graph\":[{\"@type\":\"Article\",\"@id\":\"https:\/\/noticiaempauta.com\/portal\/prefeitura-de-paqueta-do-piaui-promove-evento-em-alusao-ao-abril-azul\/#article\",\"isPartOf\":{\"@id\":\"https:\/\/noticiaempauta.com\/portal\/prefeitura-de-paqueta-do-piaui-promove-evento-em-alusao-ao-abril-azul\/\"},\"author\":{\"name\":\"Reda\u00e7\u00e3o\",\"@id\":\"https:\/\/noticiaempauta.com\/portal\/#\/schema\/person\/a74af43dd1ab3deca45f988c717d57ac\"},\"headline\":\"Prefeitura de Paquet\u00e1 do Piau\u00ed promove evento em alus\u00e3o ao &#8216;Abril Azul&#8217;\",\"datePublished\":\"2025-04-08T13:03:12+00:00\",\"dateModified\":\"2025-04-08T13:03:13+00:00\",\"mainEntityOfPage\":{\"@id\":\"https:\/\/noticiaempauta.com\/portal\/prefeitura-de-paqueta-do-piaui-promove-evento-em-alusao-ao-abril-azul\/\"},\"wordCount\":185,\"commentCount\":0,\"publisher\":{\"@id\":\"https:\/\/noticiaempauta.com\/portal\/#organization\"},\"image\":{\"@id\":\"https:\/\/noticiaempauta.com\/portal\/prefeitura-de-paqueta-do-piaui-promove-evento-em-alusao-ao-abril-azul\/#primaryimage\"},\"thumbnailUrl\":\"https:\/\/noticiaempauta.com\/portal\/wp-content\/uploads\/2025\/04\/4100.jpeg\",\"articleSection\":[\"Destaques\",\"Geral\",\"Munic\u00edpios\",\"Social\",\"Todas as Not\u00edcias\"],\"inLanguage\":\"pt-BR\",\"potentialAction\":[{\"@type\":\"CommentAction\",\"name\":\"Comment\",\"target\":[\"https:\/\/noticiaempauta.com\/portal\/prefeitura-de-paqueta-do-piaui-promove-evento-em-alusao-ao-abril-azul\/#respond\"]}]},{\"@type\":\"WebPage\",\"@id\":\"https:\/\/noticiaempauta.com\/portal\/prefeitura-de-paqueta-do-piaui-promove-evento-em-alusao-ao-abril-azul\/\",\"url\":\"https:\/\/noticiaempauta.com\/portal\/prefeitura-de-paqueta-do-piaui-promove-evento-em-alusao-ao-abril-azul\/\",\"name\":\"Prefeitura de Paquet\u00e1 do Piau\u00ed promove evento em alus\u00e3o ao 'Abril Azul' - Portal Not\u00edcia em Pauta\",\"isPartOf\":{\"@id\":\"https:\/\/noticiaempauta.com\/portal\/#website\"},\"primaryImageOfPage\":{\"@id\":\"https:\/\/noticiaempauta.com\/portal\/prefeitura-de-paqueta-do-piaui-promove-evento-em-alusao-ao-abril-azul\/#primaryimage\"},\"image\":{\"@id\":\"https:\/\/noticiaempauta.com\/portal\/prefeitura-de-paqueta-do-piaui-promove-evento-em-alusao-ao-abril-azul\/#primaryimage\"},\"thumbnailUrl\":\"https:\/\/noticiaempauta.com\/portal\/wp-content\/uploads\/2025\/04\/4100.jpeg\",\"datePublished\":\"2025-04-08T13:03:12+00:00\",\"dateModified\":\"2025-04-08T13:03:13+00:00\",\"breadcrumb\":{\"@id\":\"https:\/\/noticiaempauta.com\/portal\/prefeitura-de-paqueta-do-piaui-promove-evento-em-alusao-ao-abril-azul\/#breadcrumb\"},\"inLanguage\":\"pt-BR\",\"potentialAction\":[{\"@type\":\"ReadAction\",\"target\":[\"https:\/\/noticiaempauta.com\/portal\/prefeitura-de-paqueta-do-piaui-promove-evento-em-alusao-ao-abril-azul\/\"]}]},{\"@type\":\"ImageObject\",\"inLanguage\":\"pt-BR\",\"@id\":\"https:\/\/noticiaempauta.com\/portal\/prefeitura-de-paqueta-do-piaui-promove-evento-em-alusao-ao-abril-azul\/#primaryimage\",\"url\":\"https:\/\/noticiaempauta.com\/portal\/wp-content\/uploads\/2025\/04\/4100.jpeg\",\"contentUrl\":\"https:\/\/noticiaempauta.com\/portal\/wp-content\/uploads\/2025\/04\/4100.jpeg\",\"width\":1280,\"height\":960},{\"@type\":\"BreadcrumbList\",\"@id\":\"https:\/\/noticiaempauta.com\/portal\/prefeitura-de-paqueta-do-piaui-promove-evento-em-alusao-ao-abril-azul\/#breadcrumb\",\"itemListElement\":[{\"@type\":\"ListItem\",\"position\":1,\"name\":\"P\u00e1gina Inicial\",\"item\":\"https:\/\/noticiaempauta.com\/portal\/\"},{\"@type\":\"ListItem\",\"position\":2,\"name\":\"Destaques\",\"item\":\"https:\/\/noticiaempauta.com\/portal\/destaques-site\/\"},{\"@type\":\"ListItem\",\"position\":3,\"name\":\"Prefeitura de Paquet\u00e1 do Piau\u00ed promove evento em alus\u00e3o ao &#8216;Abril Azul&#8217;\"}]},{\"@type\":\"WebSite\",\"@id\":\"https:\/\/noticiaempauta.com\/portal\/#website\",\"url\":\"https:\/\/noticiaempauta.com\/portal\/\",\"name\":\"Portal Not\u00edcia em Pauta\",\"description\":\"Voc\u00ea bem informado\",\"publisher\":{\"@id\":\"https:\/\/noticiaempauta.com\/portal\/#organization\"},\"potentialAction\":[{\"@type\":\"SearchAction\",\"target\":{\"@type\":\"EntryPoint\",\"urlTemplate\":\"https:\/\/noticiaempauta.com\/portal\/?s={search_term_string}\"},\"query-input\":{\"@type\":\"PropertyValueSpecification\",\"valueRequired\":true,\"valueName\":\"search_term_string\"}}],\"inLanguage\":\"pt-BR\"},{\"@type\":\"Organization\",\"@id\":\"https:\/\/noticiaempauta.com\/portal\/#organization\",\"name\":\"Portal Not\u00edcia em Pauta\",\"url\":\"https:\/\/noticiaempauta.com\/portal\/\",\"logo\":{\"@type\":\"ImageObject\",\"inLanguage\":\"pt-BR\",\"@id\":\"https:\/\/noticiaempauta.com\/portal\/#\/schema\/logo\/image\/\",\"url\":\"https:\/\/noticiaempauta.com\/portal\/wp-content\/uploads\/2022\/08\/logomarca_tema.fw_.png\",\"contentUrl\":\"https:\/\/noticiaempauta.com\/portal\/wp-content\/uploads\/2022\/08\/logomarca_tema.fw_.png\",\"width\":400,\"height\":232,\"caption\":\"Portal Not\u00edcia em Pauta\"},\"image\":{\"@id\":\"https:\/\/noticiaempauta.com\/portal\/#\/schema\/logo\/image\/\"},\"sameAs\":[\"https:\/\/www.facebook.com\/Portal-Notcia-Em-Pauta-102292869264820\/\",\"https:\/\/www.instagram.com\/portalnoticiaempauta\/\"]},{\"@type\":\"Person\",\"@id\":\"https:\/\/noticiaempauta.com\/portal\/#\/schema\/person\/a74af43dd1ab3deca45f988c717d57ac\",\"name\":\"Reda\u00e7\u00e3o\",\"image\":{\"@type\":\"ImageObject\",\"inLanguage\":\"pt-BR\",\"@id\":\"https:\/\/noticiaempauta.com\/portal\/#\/schema\/person\/image\/\",\"url\":\"https:\/\/secure.gravatar.com\/avatar\/03179346ecce6cdfc13361603e8f54242a90e5cde8618fa23c5c00aa2b0aadf3?s=96&d=mm&r=g\",\"contentUrl\":\"https:\/\/secure.gravatar.com\/avatar\/03179346ecce6cdfc13361603e8f54242a90e5cde8618fa23c5c00aa2b0aadf3?s=96&d=mm&r=g\",\"caption\":\"Reda\u00e7\u00e3o\"},\"sameAs\":[\"https:\/\/noticiaempauta.com\/portal\/\"],\"url\":\"https:\/\/noticiaempauta.com\/portal\/author\/fernando\/\"}]}<\/script>\n<!-- \/ Yoast SEO Premium plugin. -->","yoast_head_json":{"title":"Prefeitura de Paquet\u00e1 do Piau\u00ed promove evento em alus\u00e3o ao 'Abril Azul' - Portal Not\u00edcia em Pauta","robots":{"index":"index","follow":"follow","max-snippet":"max-snippet:-1","max-image-preview":"max-image-preview:large","max-video-preview":"max-video-preview:-1"},"canonical":"https:\/\/noticiaempauta.com\/portal\/prefeitura-de-paqueta-do-piaui-promove-evento-em-alusao-ao-abril-azul\/","og_locale":"pt_BR","og_type":"article","og_title":"Prefeitura de Paquet\u00e1 do Piau\u00ed promove evento em alus\u00e3o ao 'Abril Azul'","og_description":"A Prefeitura de Paquet\u00e1 do Piau\u00ed realizou nesta segunda-feira, 07 de abril, o evento \u201cAbril Azul: Autismo \u00e9 parte, n\u00e3o um mundo \u00e0 parte\u201d, voltado \u00e0 conscientiza\u00e7\u00e3o sobre o Transtorno do Espectro Autista (TEA). A a\u00e7\u00e3o faz parte das atividades do m\u00eas de abril, dedicado \u00e0 promo\u00e7\u00e3o de informa\u00e7\u00f5es, empatia e inclus\u00e3o das pessoas com [&hellip;]","og_url":"https:\/\/noticiaempauta.com\/portal\/prefeitura-de-paqueta-do-piaui-promove-evento-em-alusao-ao-abril-azul\/","og_site_name":"Portal Not\u00edcia em Pauta","article_publisher":"https:\/\/www.facebook.com\/Portal-Notcia-Em-Pauta-102292869264820\/","article_published_time":"2025-04-08T13:03:12+00:00","article_modified_time":"2025-04-08T13:03:13+00:00","og_image":[{"width":1280,"height":960,"url":"https:\/\/noticiaempauta.com\/portal\/wp-content\/uploads\/2025\/04\/4100.jpeg","type":"image\/jpeg"}],"author":"Reda\u00e7\u00e3o","twitter_card":"summary_large_image","twitter_misc":{"Escrito por":"Reda\u00e7\u00e3o","Est. tempo de leitura":"4 minutos"},"schema":{"@context":"https:\/\/schema.org","@graph":[{"@type":"Article","@id":"https:\/\/noticiaempauta.com\/portal\/prefeitura-de-paqueta-do-piaui-promove-evento-em-alusao-ao-abril-azul\/#article","isPartOf":{"@id":"https:\/\/noticiaempauta.com\/portal\/prefeitura-de-paqueta-do-piaui-promove-evento-em-alusao-ao-abril-azul\/"},"author":{"name":"Reda\u00e7\u00e3o","@id":"https:\/\/noticiaempauta.com\/portal\/#\/schema\/person\/a74af43dd1ab3deca45f988c717d57ac"},"headline":"Prefeitura de Paquet\u00e1 do Piau\u00ed promove evento em alus\u00e3o ao &#8216;Abril Azul&#8217;","datePublished":"2025-04-08T13:03:12+00:00","dateModified":"2025-04-08T13:03:13+00:00","mainEntityOfPage":{"@id":"https:\/\/noticiaempauta.com\/portal\/prefeitura-de-paqueta-do-piaui-promove-evento-em-alusao-ao-abril-azul\/"},"wordCount":185,"commentCount":0,"publisher":{"@id":"https:\/\/noticiaempauta.com\/portal\/#organization"},"image":{"@id":"https:\/\/noticiaempauta.com\/portal\/prefeitura-de-paqueta-do-piaui-promove-evento-em-alusao-ao-abril-azul\/#primaryimage"},"thumbnailUrl":"https:\/\/noticiaempauta.com\/portal\/wp-content\/uploads\/2025\/04\/4100.jpeg","articleSection":["Destaques","Geral","Munic\u00edpios","Social","Todas as Not\u00edcias"],"inLanguage":"pt-BR","potentialAction":[{"@type":"CommentAction","name":"Comment","target":["https:\/\/noticiaempauta.com\/portal\/prefeitura-de-paqueta-do-piaui-promove-evento-em-alusao-ao-abril-azul\/#respond"]}]},{"@type":"WebPage","@id":"https:\/\/noticiaempauta.com\/portal\/prefeitura-de-paqueta-do-piaui-promove-evento-em-alusao-ao-abril-azul\/","url":"https:\/\/noticiaempauta.com\/portal\/prefeitura-de-paqueta-do-piaui-promove-evento-em-alusao-ao-abril-azul\/","name":"Prefeitura de Paquet\u00e1 do Piau\u00ed promove evento em alus\u00e3o ao 'Abril Azul' - Portal Not\u00edcia em Pauta","isPartOf":{"@id":"https:\/\/noticiaempauta.com\/portal\/#website"},"primaryImageOfPage":{"@id":"https:\/\/noticiaempauta.com\/portal\/prefeitura-de-paqueta-do-piaui-promove-evento-em-alusao-ao-abril-azul\/#primaryimage"},"image":{"@id":"https:\/\/noticiaempauta.com\/portal\/prefeitura-de-paqueta-do-piaui-promove-evento-em-alusao-ao-abril-azul\/#primaryimage"},"thumbnailUrl":"https:\/\/noticiaempauta.com\/portal\/wp-content\/uploads\/2025\/04\/4100.jpeg","datePublished":"2025-04-08T13:03:12+00:00","dateModified":"2025-04-08T13:03:13+00:00","breadcrumb":{"@id":"https:\/\/noticiaempauta.com\/portal\/prefeitura-de-paqueta-do-piaui-promove-evento-em-alusao-ao-abril-azul\/#breadcrumb"},"inLanguage":"pt-BR","potentialAction":[{"@type":"ReadAction","target":["https:\/\/noticiaempauta.com\/portal\/prefeitura-de-paqueta-do-piaui-promove-evento-em-alusao-ao-abril-azul\/"]}]},{"@type":"ImageObject","inLanguage":"pt-BR","@id":"https:\/\/noticiaempauta.com\/portal\/prefeitura-de-paqueta-do-piaui-promove-evento-em-alusao-ao-abril-azul\/#primaryimage","url":"https:\/\/noticiaempauta.com\/portal\/wp-content\/uploads\/2025\/04\/4100.jpeg","contentUrl":"https:\/\/noticiaempauta.com\/portal\/wp-content\/uploads\/2025\/04\/4100.jpeg","width":1280,"height":960},{"@type":"BreadcrumbList","@id":"https:\/\/noticiaempauta.com\/portal\/prefeitura-de-paqueta-do-piaui-promove-evento-em-alusao-ao-abril-azul\/#breadcrumb","itemListElement":[{"@type":"ListItem","position":1,"name":"P\u00e1gina Inicial","item":"https:\/\/noticiaempauta.com\/portal\/"},{"@type":"ListItem","position":2,"name":"Destaques","item":"https:\/\/noticiaempauta.com\/portal\/destaques-site\/"},{"@type":"ListItem","position":3,"name":"Prefeitura de Paquet\u00e1 do Piau\u00ed promove evento em alus\u00e3o ao &#8216;Abril Azul&#8217;"}]},{"@type":"WebSite","@id":"https:\/\/noticiaempauta.com\/portal\/#website","url":"https:\/\/noticiaempauta.com\/portal\/","name":"Portal Not\u00edcia em Pauta","description":"Voc\u00ea bem informado","publisher":{"@id":"https:\/\/noticiaempauta.com\/portal\/#organization"},"potentialAction":[{"@type":"SearchAction","target":{"@type":"EntryPoint","urlTemplate":"https:\/\/noticiaempauta.com\/portal\/?s={search_term_string}"},"query-input":{"@type":"PropertyValueSpecification","valueRequired":true,"valueName":"search_term_string"}}],"inLanguage":"pt-BR"},{"@type":"Organization","@id":"https:\/\/noticiaempauta.com\/portal\/#organization","name":"Portal Not\u00edcia em Pauta","url":"https:\/\/noticiaempauta.com\/portal\/","logo":{"@type":"ImageObject","inLanguage":"pt-BR","@id":"https:\/\/noticiaempauta.com\/portal\/#\/schema\/logo\/image\/","url":"https:\/\/noticiaempauta.com\/portal\/wp-content\/uploads\/2022\/08\/logomarca_tema.fw_.png","contentUrl":"https:\/\/noticiaempauta.com\/portal\/wp-content\/uploads\/2022\/08\/logomarca_tema.fw_.png","width":400,"height":232,"caption":"Portal Not\u00edcia em Pauta"},"image":{"@id":"https:\/\/noticiaempauta.com\/portal\/#\/schema\/logo\/image\/"},"sameAs":["https:\/\/www.facebook.com\/Portal-Notcia-Em-Pauta-102292869264820\/","https:\/\/www.instagram.com\/portalnoticiaempauta\/"]},{"@type":"Person","@id":"https:\/\/noticiaempauta.com\/portal\/#\/schema\/person\/a74af43dd1ab3deca45f988c717d57ac","name":"Reda\u00e7\u00e3o","image":{"@type":"ImageObject","inLanguage":"pt-BR","@id":"https:\/\/noticiaempauta.com\/portal\/#\/schema\/person\/image\/","url":"https:\/\/secure.gravatar.com\/avatar\/03179346ecce6cdfc13361603e8f54242a90e5cde8618fa23c5c00aa2b0aadf3?s=96&d=mm&r=g","contentUrl":"https:\/\/secure.gravatar.com\/avatar\/03179346ecce6cdfc13361603e8f54242a90e5cde8618fa23c5c00aa2b0aadf3?s=96&d=mm&r=g","caption":"Reda\u00e7\u00e3o"},"sameAs":["https:\/\/noticiaempauta.com\/portal\/"],"url":"https:\/\/noticiaempauta.com\/portal\/author\/fernando\/"}]}},"_links":{"self":[{"href":"https:\/\/noticiaempauta.com\/portal\/wp-json\/wp\/v2\/posts\/269858","targetHints":{"allow":["GET"]}}],"collection":[{"href":"https:\/\/noticiaempauta.com\/portal\/wp-json\/wp\/v2\/posts"}],"about":[{"href":"https:\/\/noticiaempauta.com\/portal\/wp-json\/wp\/v2\/types\/post"}],"author":[{"embeddable":true,"href":"https:\/\/noticiaempauta.com\/portal\/wp-json\/wp\/v2\/users\/2"}],"replies":[{"embeddable":true,"href":"https:\/\/noticiaempauta.com\/portal\/wp-json\/wp\/v2\/comments?post=269858"}],"version-history":[{"count":2,"href":"https:\/\/noticiaempauta.com\/portal\/wp-json\/wp\/v2\/posts\/269858\/revisions"}],"predecessor-version":[{"id":269873,"href":"https:\/\/noticiaempauta.com\/portal\/wp-json\/wp\/v2\/posts\/269858\/revisions\/269873"}],"wp:featuredmedia":[{"embeddable":true,"href":"https:\/\/noticiaempauta.com\/portal\/wp-json\/wp\/v2\/media\/269860"}],"wp:attachment":[{"href":"https:\/\/noticiaempauta.com\/portal\/wp-json\/wp\/v2\/media?parent=269858"}],"wp:term":[{"taxonomy":"category","embeddable":true,"href":"https:\/\/noticiaempauta.com\/portal\/wp-json\/wp\/v2\/categories?post=269858"},{"taxonomy":"post_tag","embeddable":true,"href":"https:\/\/noticiaempauta.com\/portal\/wp-json\/wp\/v2\/tags?post=269858"}],"curies":[{"name":"wp","href":"https:\/\/api.w.org\/{rel}","templated":true}]}}