{"id":269875,"date":"2025-04-08T10:45:16","date_gmt":"2025-04-08T13:45:16","guid":{"rendered":"https:\/\/noticiaempauta.com\/portal\/?p=269875"},"modified":"2025-04-08T10:45:17","modified_gmt":"2025-04-08T13:45:17","slug":"mais-de-800-propostas-ja-foram-cadastradas-no-opa-2025-2026-e-inscricoes-encerram-na-sexta-11","status":"publish","type":"post","link":"https:\/\/noticiaempauta.com\/portal\/mais-de-800-propostas-ja-foram-cadastradas-no-opa-2025-2026-e-inscricoes-encerram-na-sexta-11\/","title":{"rendered":"Mais de 800 propostas j\u00e1 foram cadastradas no OPA 2025-2026 e inscri\u00e7\u00f5es encerram na sexta (11)"},"content":{"rendered":"\n<p>O Or\u00e7amento Participativo Digital (OPA) 2025-2026 est\u00e1 na reta final para o cadastro de entidades e associa\u00e7\u00f5es comunit\u00e1rias. O prazo encerra, nesta sexta-feira (11), e os n\u00fameros j\u00e1 mostram o impacto do programa: at\u00e9 agora j\u00e1 s\u00e3o 872 propostas cadastradas para a etapa de an\u00e1lise de viabilidade, que ser\u00e1 realizada de 14 de abril a 30 de junho.<\/p>\n\n\n\n<figure class=\"wp-block-image size-large\"><img fetchpriority=\"high\" decoding=\"async\" width=\"1024\" height=\"683\" src=\"https:\/\/noticiaempauta.com\/portal\/wp-content\/uploads\/2025\/04\/Washington-Bonfim-planejamento-2-2048x1366-1-1024x683.jpeg\" alt=\"\" class=\"wp-image-269876\" srcset=\"https:\/\/noticiaempauta.com\/portal\/wp-content\/uploads\/2025\/04\/Washington-Bonfim-planejamento-2-2048x1366-1-1024x683.jpeg 1024w, https:\/\/noticiaempauta.com\/portal\/wp-content\/uploads\/2025\/04\/Washington-Bonfim-planejamento-2-2048x1366-1-300x200.jpeg 300w, https:\/\/noticiaempauta.com\/portal\/wp-content\/uploads\/2025\/04\/Washington-Bonfim-planejamento-2-2048x1366-1-768x512.jpeg 768w, https:\/\/noticiaempauta.com\/portal\/wp-content\/uploads\/2025\/04\/Washington-Bonfim-planejamento-2-2048x1366-1-1536x1025.jpeg 1536w, https:\/\/noticiaempauta.com\/portal\/wp-content\/uploads\/2025\/04\/Washington-Bonfim-planejamento-2-2048x1366-1.jpeg 2048w\" sizes=\"(max-width: 1024px) 100vw, 1024px\" \/><\/figure>\n\n\n\n<p>Para o secret\u00e1rio do Planejamento, Washington Bonfim, o n\u00famero de inscri\u00e7\u00f5es reflete o fortalecimento do OPA no Piau\u00ed. \u201cEstamos satisfeitos com o engajamento das comunidades. J\u00e1 s\u00e3o mais de 400 entidades inscritas em Teresina, Parna\u00edba, Piripiri, Picos e Floriano, e mais de 800 propostas enviadas. Agora \u00e9 a reta final, e quanto mais entidades participarem, mais recursos chegar\u00e3o para transformar as localidades com obras escolhidas pelo povo\u201d, destacou o gestor.<\/p>\n\n\n\n<p>Adalgisa Silva, moradora do Loteamento Manoel Evangelista, em Teresina, viu o impacto do OPA de perto. \u201cNossa comunidade conquistou mais de 28 mil metros quadrados de asfalto em 2023-2024, beneficiando 11 ruas. Este ano, j\u00e1 recebemos pavimenta\u00e7\u00e3o em mais tr\u00eas ruas pelo OPA 2024-2025. \u00c9 um sonho realizado!\u201d, comemora.<\/p>\n\n\n\n<figure class=\"wp-block-image size-large\"><img decoding=\"async\" width=\"1024\" height=\"768\" src=\"https:\/\/noticiaempauta.com\/portal\/wp-content\/uploads\/2025\/04\/WhatsApp-Image-2025-04-07-at-08.09.44-scaled-1-1024x768.jpeg\" alt=\"\" class=\"wp-image-269877\" srcset=\"https:\/\/noticiaempauta.com\/portal\/wp-content\/uploads\/2025\/04\/WhatsApp-Image-2025-04-07-at-08.09.44-scaled-1-1024x768.jpeg 1024w, https:\/\/noticiaempauta.com\/portal\/wp-content\/uploads\/2025\/04\/WhatsApp-Image-2025-04-07-at-08.09.44-scaled-1-300x225.jpeg 300w, https:\/\/noticiaempauta.com\/portal\/wp-content\/uploads\/2025\/04\/WhatsApp-Image-2025-04-07-at-08.09.44-scaled-1-768x576.jpeg 768w, https:\/\/noticiaempauta.com\/portal\/wp-content\/uploads\/2025\/04\/WhatsApp-Image-2025-04-07-at-08.09.44-scaled-1-1536x1152.jpeg 1536w, https:\/\/noticiaempauta.com\/portal\/wp-content\/uploads\/2025\/04\/WhatsApp-Image-2025-04-07-at-08.09.44-scaled-1-2048x1536.jpeg 2048w\" sizes=\"(max-width: 1024px) 100vw, 1024px\" \/><\/figure>\n\n\n\n<p>As entidades interessadas devem atender aos crit\u00e9rios do edital, apresentando CNPJ v\u00e1lido, estatuto e ata da diretoria registrada em cart\u00f3rio, comprovante de endere\u00e7o e documentos do respons\u00e1vel legal. Cada entidade pode cadastrar at\u00e9 tr\u00eas propostas para beneficiar sua comunidade.<\/p>\n\n\n\n<p>As inscri\u00e7\u00f5es seguem abertas at\u00e9 sexta-feira, 11 de abril, pelo site&nbsp;<a href=\"http:\/\/opa.colab.re\/\">opa.colab.re<\/a>. Para quem precisar de suporte, as Salas de Atendimento do OPA est\u00e3o dispon\u00edveis em Teresina, Parna\u00edba, Picos, Piripiri e Floriano, oferecendo aux\u00edlio no cadastramento.<\/p>\n\n\n\n<p>Ap\u00f3s o encerramento do per\u00edodo de inscri\u00e7\u00f5es, as propostas passar\u00e3o por an\u00e1lise t\u00e9cnica entre 14 de abril e 30 de junho. As que forem consideradas vi\u00e1veis seguir\u00e3o para vota\u00e7\u00e3o popular, de 4 a 13 de julho. As propostas mais votadas ser\u00e3o inclu\u00eddas no or\u00e7amento estadual e executadas em 2026.<\/p>\n\n\n\n<p><strong>Onde se cadastrar?<\/strong><\/p>\n\n\n\n<ul class=\"wp-block-list\">\n<li>Teresina (Seplan) \u2013 Av. Miguel Rosa, 3190 \u2013 Centro\/Sul<\/li>\n\n\n\n<li>Parna\u00edba (Sefaz) \u2013 Pra\u00e7a da Gra\u00e7a, 320 \u2013 Centro<\/li>\n\n\n\n<li>Picos (Sefaz) \u2013 Rua Coelho Rodrigues, 461-499 \u2013 Centro<\/li>\n\n\n\n<li>Piripiri (Sefaz) \u2013 Rua Santos Dumont, 599 \u2013 Centro<\/li>\n\n\n\n<li>Floriano (Sefaz) \u2013 Av. Bucar Neto, 1448-1532 \u2013 Centro<\/li>\n<\/ul>\n\n\n\n<p><strong>Hor\u00e1rios de atendimento:<\/strong><\/p>\n\n\n\n<ul class=\"wp-block-list\">\n<li>Teresina: 7h30 \u00e0s 16h<\/li>\n\n\n\n<li>Parna\u00edba, Picos, Piripiri, Floriano: 8h \u00e0s 13h30<\/li>\n<\/ul>\n\n\n\n<p>CCOM-PI<\/p>\n","protected":false},"excerpt":{"rendered":"<p>O Or\u00e7amento Participativo Digital (OPA) 2025-2026 est\u00e1 na reta final para o cadastro de entidades e associa\u00e7\u00f5es comunit\u00e1rias. O prazo encerra, nesta sexta-feira (11), e os n\u00fameros j\u00e1 mostram o impacto do programa: at\u00e9 agora j\u00e1 s\u00e3o 872 propostas cadastradas para a etapa de an\u00e1lise de viabilidade, que ser\u00e1 realizada de 14 de abril a [&hellip;]<\/p>\n","protected":false},"author":2,"featured_media":269877,"comment_status":"open","ping_status":"open","sticky":false,"template":"","format":"standard","meta":{"_mi_skip_tracking":false,"footnotes":""},"categories":[25,1,16],"tags":[192],"class_list":["post-269875","post","type-post","status-publish","format-standard","has-post-thumbnail","hentry","category-destaques-site","category-geral","category-todas","tag-destaqueprincipal"],"acf":[],"yoast_head":"<!-- This site is optimized with the Yoast SEO Premium plugin v19.2 (Yoast SEO v26.9) - https:\/\/yoast.com\/product\/yoast-seo-premium-wordpress\/ -->\n<title>Mais de 800 propostas j\u00e1 foram cadastradas no OPA 2025-2026 e inscri\u00e7\u00f5es encerram na sexta (11) - Portal Not\u00edcia em Pauta<\/title>\n<meta name=\"robots\" content=\"index, follow, max-snippet:-1, max-image-preview:large, max-video-preview:-1\" \/>\n<link rel=\"canonical\" href=\"https:\/\/noticiaempauta.com\/portal\/mais-de-800-propostas-ja-foram-cadastradas-no-opa-2025-2026-e-inscricoes-encerram-na-sexta-11\/\" \/>\n<meta property=\"og:locale\" content=\"pt_BR\" \/>\n<meta property=\"og:type\" content=\"article\" \/>\n<meta property=\"og:title\" content=\"Mais de 800 propostas j\u00e1 foram cadastradas no OPA 2025-2026 e inscri\u00e7\u00f5es encerram na sexta (11)\" \/>\n<meta property=\"og:description\" content=\"O Or\u00e7amento Participativo Digital (OPA) 2025-2026 est\u00e1 na reta final para o cadastro de entidades e associa\u00e7\u00f5es comunit\u00e1rias. O prazo encerra, nesta sexta-feira (11), e os n\u00fameros j\u00e1 mostram o impacto do programa: at\u00e9 agora j\u00e1 s\u00e3o 872 propostas cadastradas para a etapa de an\u00e1lise de viabilidade, que ser\u00e1 realizada de 14 de abril a [&hellip;]\" \/>\n<meta property=\"og:url\" content=\"https:\/\/noticiaempauta.com\/portal\/mais-de-800-propostas-ja-foram-cadastradas-no-opa-2025-2026-e-inscricoes-encerram-na-sexta-11\/\" \/>\n<meta property=\"og:site_name\" content=\"Portal Not\u00edcia em Pauta\" \/>\n<meta property=\"article:publisher\" content=\"https:\/\/www.facebook.com\/Portal-Notcia-Em-Pauta-102292869264820\/\" \/>\n<meta property=\"article:published_time\" content=\"2025-04-08T13:45:16+00:00\" \/>\n<meta property=\"article:modified_time\" content=\"2025-04-08T13:45:17+00:00\" \/>\n<meta property=\"og:image\" content=\"https:\/\/noticiaempauta.com\/portal\/wp-content\/uploads\/2025\/04\/WhatsApp-Image-2025-04-07-at-08.09.44-scaled-1.jpeg\" \/>\n\t<meta property=\"og:image:width\" content=\"2560\" \/>\n\t<meta property=\"og:image:height\" content=\"1920\" \/>\n\t<meta property=\"og:image:type\" content=\"image\/jpeg\" \/>\n<meta name=\"author\" content=\"Reda\u00e7\u00e3o\" \/>\n<meta name=\"twitter:card\" content=\"summary_large_image\" \/>\n<meta name=\"twitter:label1\" content=\"Escrito por\" \/>\n\t<meta name=\"twitter:data1\" content=\"Reda\u00e7\u00e3o\" \/>\n\t<meta name=\"twitter:label2\" content=\"Est. tempo de leitura\" \/>\n\t<meta name=\"twitter:data2\" content=\"3 minutos\" \/>\n<script type=\"application\/ld+json\" class=\"yoast-schema-graph\">{\"@context\":\"https:\/\/schema.org\",\"@graph\":[{\"@type\":\"Article\",\"@id\":\"https:\/\/noticiaempauta.com\/portal\/mais-de-800-propostas-ja-foram-cadastradas-no-opa-2025-2026-e-inscricoes-encerram-na-sexta-11\/#article\",\"isPartOf\":{\"@id\":\"https:\/\/noticiaempauta.com\/portal\/mais-de-800-propostas-ja-foram-cadastradas-no-opa-2025-2026-e-inscricoes-encerram-na-sexta-11\/\"},\"author\":{\"name\":\"Reda\u00e7\u00e3o\",\"@id\":\"https:\/\/noticiaempauta.com\/portal\/#\/schema\/person\/a74af43dd1ab3deca45f988c717d57ac\"},\"headline\":\"Mais de 800 propostas j\u00e1 foram cadastradas no OPA 2025-2026 e inscri\u00e7\u00f5es encerram na sexta (11)\",\"datePublished\":\"2025-04-08T13:45:16+00:00\",\"dateModified\":\"2025-04-08T13:45:17+00:00\",\"mainEntityOfPage\":{\"@id\":\"https:\/\/noticiaempauta.com\/portal\/mais-de-800-propostas-ja-foram-cadastradas-no-opa-2025-2026-e-inscricoes-encerram-na-sexta-11\/\"},\"wordCount\":396,\"commentCount\":0,\"publisher\":{\"@id\":\"https:\/\/noticiaempauta.com\/portal\/#organization\"},\"image\":{\"@id\":\"https:\/\/noticiaempauta.com\/portal\/mais-de-800-propostas-ja-foram-cadastradas-no-opa-2025-2026-e-inscricoes-encerram-na-sexta-11\/#primaryimage\"},\"thumbnailUrl\":\"https:\/\/noticiaempauta.com\/portal\/wp-content\/uploads\/2025\/04\/WhatsApp-Image-2025-04-07-at-08.09.44-scaled-1.jpeg\",\"keywords\":[\"destaqueprincipal\"],\"articleSection\":[\"Destaques\",\"Geral\",\"Todas as Not\u00edcias\"],\"inLanguage\":\"pt-BR\",\"potentialAction\":[{\"@type\":\"CommentAction\",\"name\":\"Comment\",\"target\":[\"https:\/\/noticiaempauta.com\/portal\/mais-de-800-propostas-ja-foram-cadastradas-no-opa-2025-2026-e-inscricoes-encerram-na-sexta-11\/#respond\"]}]},{\"@type\":\"WebPage\",\"@id\":\"https:\/\/noticiaempauta.com\/portal\/mais-de-800-propostas-ja-foram-cadastradas-no-opa-2025-2026-e-inscricoes-encerram-na-sexta-11\/\",\"url\":\"https:\/\/noticiaempauta.com\/portal\/mais-de-800-propostas-ja-foram-cadastradas-no-opa-2025-2026-e-inscricoes-encerram-na-sexta-11\/\",\"name\":\"Mais de 800 propostas j\u00e1 foram cadastradas no OPA 2025-2026 e inscri\u00e7\u00f5es encerram na sexta (11) - Portal Not\u00edcia em Pauta\",\"isPartOf\":{\"@id\":\"https:\/\/noticiaempauta.com\/portal\/#website\"},\"primaryImageOfPage\":{\"@id\":\"https:\/\/noticiaempauta.com\/portal\/mais-de-800-propostas-ja-foram-cadastradas-no-opa-2025-2026-e-inscricoes-encerram-na-sexta-11\/#primaryimage\"},\"image\":{\"@id\":\"https:\/\/noticiaempauta.com\/portal\/mais-de-800-propostas-ja-foram-cadastradas-no-opa-2025-2026-e-inscricoes-encerram-na-sexta-11\/#primaryimage\"},\"thumbnailUrl\":\"https:\/\/noticiaempauta.com\/portal\/wp-content\/uploads\/2025\/04\/WhatsApp-Image-2025-04-07-at-08.09.44-scaled-1.jpeg\",\"datePublished\":\"2025-04-08T13:45:16+00:00\",\"dateModified\":\"2025-04-08T13:45:17+00:00\",\"breadcrumb\":{\"@id\":\"https:\/\/noticiaempauta.com\/portal\/mais-de-800-propostas-ja-foram-cadastradas-no-opa-2025-2026-e-inscricoes-encerram-na-sexta-11\/#breadcrumb\"},\"inLanguage\":\"pt-BR\",\"potentialAction\":[{\"@type\":\"ReadAction\",\"target\":[\"https:\/\/noticiaempauta.com\/portal\/mais-de-800-propostas-ja-foram-cadastradas-no-opa-2025-2026-e-inscricoes-encerram-na-sexta-11\/\"]}]},{\"@type\":\"ImageObject\",\"inLanguage\":\"pt-BR\",\"@id\":\"https:\/\/noticiaempauta.com\/portal\/mais-de-800-propostas-ja-foram-cadastradas-no-opa-2025-2026-e-inscricoes-encerram-na-sexta-11\/#primaryimage\",\"url\":\"https:\/\/noticiaempauta.com\/portal\/wp-content\/uploads\/2025\/04\/WhatsApp-Image-2025-04-07-at-08.09.44-scaled-1.jpeg\",\"contentUrl\":\"https:\/\/noticiaempauta.com\/portal\/wp-content\/uploads\/2025\/04\/WhatsApp-Image-2025-04-07-at-08.09.44-scaled-1.jpeg\",\"width\":2560,\"height\":1920},{\"@type\":\"BreadcrumbList\",\"@id\":\"https:\/\/noticiaempauta.com\/portal\/mais-de-800-propostas-ja-foram-cadastradas-no-opa-2025-2026-e-inscricoes-encerram-na-sexta-11\/#breadcrumb\",\"itemListElement\":[{\"@type\":\"ListItem\",\"position\":1,\"name\":\"P\u00e1gina Inicial\",\"item\":\"https:\/\/noticiaempauta.com\/portal\/\"},{\"@type\":\"ListItem\",\"position\":2,\"name\":\"Destaques\",\"item\":\"https:\/\/noticiaempauta.com\/portal\/destaques-site\/\"},{\"@type\":\"ListItem\",\"position\":3,\"name\":\"Mais de 800 propostas j\u00e1 foram cadastradas no OPA 2025-2026 e inscri\u00e7\u00f5es encerram na sexta (11)\"}]},{\"@type\":\"WebSite\",\"@id\":\"https:\/\/noticiaempauta.com\/portal\/#website\",\"url\":\"https:\/\/noticiaempauta.com\/portal\/\",\"name\":\"Portal Not\u00edcia em Pauta\",\"description\":\"Voc\u00ea bem informado\",\"publisher\":{\"@id\":\"https:\/\/noticiaempauta.com\/portal\/#organization\"},\"potentialAction\":[{\"@type\":\"SearchAction\",\"target\":{\"@type\":\"EntryPoint\",\"urlTemplate\":\"https:\/\/noticiaempauta.com\/portal\/?s={search_term_string}\"},\"query-input\":{\"@type\":\"PropertyValueSpecification\",\"valueRequired\":true,\"valueName\":\"search_term_string\"}}],\"inLanguage\":\"pt-BR\"},{\"@type\":\"Organization\",\"@id\":\"https:\/\/noticiaempauta.com\/portal\/#organization\",\"name\":\"Portal Not\u00edcia em Pauta\",\"url\":\"https:\/\/noticiaempauta.com\/portal\/\",\"logo\":{\"@type\":\"ImageObject\",\"inLanguage\":\"pt-BR\",\"@id\":\"https:\/\/noticiaempauta.com\/portal\/#\/schema\/logo\/image\/\",\"url\":\"https:\/\/noticiaempauta.com\/portal\/wp-content\/uploads\/2022\/08\/logomarca_tema.fw_.png\",\"contentUrl\":\"https:\/\/noticiaempauta.com\/portal\/wp-content\/uploads\/2022\/08\/logomarca_tema.fw_.png\",\"width\":400,\"height\":232,\"caption\":\"Portal Not\u00edcia em Pauta\"},\"image\":{\"@id\":\"https:\/\/noticiaempauta.com\/portal\/#\/schema\/logo\/image\/\"},\"sameAs\":[\"https:\/\/www.facebook.com\/Portal-Notcia-Em-Pauta-102292869264820\/\",\"https:\/\/www.instagram.com\/portalnoticiaempauta\/\"]},{\"@type\":\"Person\",\"@id\":\"https:\/\/noticiaempauta.com\/portal\/#\/schema\/person\/a74af43dd1ab3deca45f988c717d57ac\",\"name\":\"Reda\u00e7\u00e3o\",\"image\":{\"@type\":\"ImageObject\",\"inLanguage\":\"pt-BR\",\"@id\":\"https:\/\/noticiaempauta.com\/portal\/#\/schema\/person\/image\/\",\"url\":\"https:\/\/secure.gravatar.com\/avatar\/03179346ecce6cdfc13361603e8f54242a90e5cde8618fa23c5c00aa2b0aadf3?s=96&d=mm&r=g\",\"contentUrl\":\"https:\/\/secure.gravatar.com\/avatar\/03179346ecce6cdfc13361603e8f54242a90e5cde8618fa23c5c00aa2b0aadf3?s=96&d=mm&r=g\",\"caption\":\"Reda\u00e7\u00e3o\"},\"sameAs\":[\"https:\/\/noticiaempauta.com\/portal\/\"],\"url\":\"https:\/\/noticiaempauta.com\/portal\/author\/fernando\/\"}]}<\/script>\n<!-- \/ Yoast SEO Premium plugin. -->","yoast_head_json":{"title":"Mais de 800 propostas j\u00e1 foram cadastradas no OPA 2025-2026 e inscri\u00e7\u00f5es encerram na sexta (11) - Portal Not\u00edcia em Pauta","robots":{"index":"index","follow":"follow","max-snippet":"max-snippet:-1","max-image-preview":"max-image-preview:large","max-video-preview":"max-video-preview:-1"},"canonical":"https:\/\/noticiaempauta.com\/portal\/mais-de-800-propostas-ja-foram-cadastradas-no-opa-2025-2026-e-inscricoes-encerram-na-sexta-11\/","og_locale":"pt_BR","og_type":"article","og_title":"Mais de 800 propostas j\u00e1 foram cadastradas no OPA 2025-2026 e inscri\u00e7\u00f5es encerram na sexta (11)","og_description":"O Or\u00e7amento Participativo Digital (OPA) 2025-2026 est\u00e1 na reta final para o cadastro de entidades e associa\u00e7\u00f5es comunit\u00e1rias. O prazo encerra, nesta sexta-feira (11), e os n\u00fameros j\u00e1 mostram o impacto do programa: at\u00e9 agora j\u00e1 s\u00e3o 872 propostas cadastradas para a etapa de an\u00e1lise de viabilidade, que ser\u00e1 realizada de 14 de abril a [&hellip;]","og_url":"https:\/\/noticiaempauta.com\/portal\/mais-de-800-propostas-ja-foram-cadastradas-no-opa-2025-2026-e-inscricoes-encerram-na-sexta-11\/","og_site_name":"Portal Not\u00edcia em Pauta","article_publisher":"https:\/\/www.facebook.com\/Portal-Notcia-Em-Pauta-102292869264820\/","article_published_time":"2025-04-08T13:45:16+00:00","article_modified_time":"2025-04-08T13:45:17+00:00","og_image":[{"width":2560,"height":1920,"url":"https:\/\/noticiaempauta.com\/portal\/wp-content\/uploads\/2025\/04\/WhatsApp-Image-2025-04-07-at-08.09.44-scaled-1.jpeg","type":"image\/jpeg"}],"author":"Reda\u00e7\u00e3o","twitter_card":"summary_large_image","twitter_misc":{"Escrito por":"Reda\u00e7\u00e3o","Est. tempo de leitura":"3 minutos"},"schema":{"@context":"https:\/\/schema.org","@graph":[{"@type":"Article","@id":"https:\/\/noticiaempauta.com\/portal\/mais-de-800-propostas-ja-foram-cadastradas-no-opa-2025-2026-e-inscricoes-encerram-na-sexta-11\/#article","isPartOf":{"@id":"https:\/\/noticiaempauta.com\/portal\/mais-de-800-propostas-ja-foram-cadastradas-no-opa-2025-2026-e-inscricoes-encerram-na-sexta-11\/"},"author":{"name":"Reda\u00e7\u00e3o","@id":"https:\/\/noticiaempauta.com\/portal\/#\/schema\/person\/a74af43dd1ab3deca45f988c717d57ac"},"headline":"Mais de 800 propostas j\u00e1 foram cadastradas no OPA 2025-2026 e inscri\u00e7\u00f5es encerram na sexta (11)","datePublished":"2025-04-08T13:45:16+00:00","dateModified":"2025-04-08T13:45:17+00:00","mainEntityOfPage":{"@id":"https:\/\/noticiaempauta.com\/portal\/mais-de-800-propostas-ja-foram-cadastradas-no-opa-2025-2026-e-inscricoes-encerram-na-sexta-11\/"},"wordCount":396,"commentCount":0,"publisher":{"@id":"https:\/\/noticiaempauta.com\/portal\/#organization"},"image":{"@id":"https:\/\/noticiaempauta.com\/portal\/mais-de-800-propostas-ja-foram-cadastradas-no-opa-2025-2026-e-inscricoes-encerram-na-sexta-11\/#primaryimage"},"thumbnailUrl":"https:\/\/noticiaempauta.com\/portal\/wp-content\/uploads\/2025\/04\/WhatsApp-Image-2025-04-07-at-08.09.44-scaled-1.jpeg","keywords":["destaqueprincipal"],"articleSection":["Destaques","Geral","Todas as Not\u00edcias"],"inLanguage":"pt-BR","potentialAction":[{"@type":"CommentAction","name":"Comment","target":["https:\/\/noticiaempauta.com\/portal\/mais-de-800-propostas-ja-foram-cadastradas-no-opa-2025-2026-e-inscricoes-encerram-na-sexta-11\/#respond"]}]},{"@type":"WebPage","@id":"https:\/\/noticiaempauta.com\/portal\/mais-de-800-propostas-ja-foram-cadastradas-no-opa-2025-2026-e-inscricoes-encerram-na-sexta-11\/","url":"https:\/\/noticiaempauta.com\/portal\/mais-de-800-propostas-ja-foram-cadastradas-no-opa-2025-2026-e-inscricoes-encerram-na-sexta-11\/","name":"Mais de 800 propostas j\u00e1 foram cadastradas no OPA 2025-2026 e inscri\u00e7\u00f5es encerram na sexta (11) - Portal Not\u00edcia em Pauta","isPartOf":{"@id":"https:\/\/noticiaempauta.com\/portal\/#website"},"primaryImageOfPage":{"@id":"https:\/\/noticiaempauta.com\/portal\/mais-de-800-propostas-ja-foram-cadastradas-no-opa-2025-2026-e-inscricoes-encerram-na-sexta-11\/#primaryimage"},"image":{"@id":"https:\/\/noticiaempauta.com\/portal\/mais-de-800-propostas-ja-foram-cadastradas-no-opa-2025-2026-e-inscricoes-encerram-na-sexta-11\/#primaryimage"},"thumbnailUrl":"https:\/\/noticiaempauta.com\/portal\/wp-content\/uploads\/2025\/04\/WhatsApp-Image-2025-04-07-at-08.09.44-scaled-1.jpeg","datePublished":"2025-04-08T13:45:16+00:00","dateModified":"2025-04-08T13:45:17+00:00","breadcrumb":{"@id":"https:\/\/noticiaempauta.com\/portal\/mais-de-800-propostas-ja-foram-cadastradas-no-opa-2025-2026-e-inscricoes-encerram-na-sexta-11\/#breadcrumb"},"inLanguage":"pt-BR","potentialAction":[{"@type":"ReadAction","target":["https:\/\/noticiaempauta.com\/portal\/mais-de-800-propostas-ja-foram-cadastradas-no-opa-2025-2026-e-inscricoes-encerram-na-sexta-11\/"]}]},{"@type":"ImageObject","inLanguage":"pt-BR","@id":"https:\/\/noticiaempauta.com\/portal\/mais-de-800-propostas-ja-foram-cadastradas-no-opa-2025-2026-e-inscricoes-encerram-na-sexta-11\/#primaryimage","url":"https:\/\/noticiaempauta.com\/portal\/wp-content\/uploads\/2025\/04\/WhatsApp-Image-2025-04-07-at-08.09.44-scaled-1.jpeg","contentUrl":"https:\/\/noticiaempauta.com\/portal\/wp-content\/uploads\/2025\/04\/WhatsApp-Image-2025-04-07-at-08.09.44-scaled-1.jpeg","width":2560,"height":1920},{"@type":"BreadcrumbList","@id":"https:\/\/noticiaempauta.com\/portal\/mais-de-800-propostas-ja-foram-cadastradas-no-opa-2025-2026-e-inscricoes-encerram-na-sexta-11\/#breadcrumb","itemListElement":[{"@type":"ListItem","position":1,"name":"P\u00e1gina Inicial","item":"https:\/\/noticiaempauta.com\/portal\/"},{"@type":"ListItem","position":2,"name":"Destaques","item":"https:\/\/noticiaempauta.com\/portal\/destaques-site\/"},{"@type":"ListItem","position":3,"name":"Mais de 800 propostas j\u00e1 foram cadastradas no OPA 2025-2026 e inscri\u00e7\u00f5es encerram na sexta (11)"}]},{"@type":"WebSite","@id":"https:\/\/noticiaempauta.com\/portal\/#website","url":"https:\/\/noticiaempauta.com\/portal\/","name":"Portal Not\u00edcia em Pauta","description":"Voc\u00ea bem informado","publisher":{"@id":"https:\/\/noticiaempauta.com\/portal\/#organization"},"potentialAction":[{"@type":"SearchAction","target":{"@type":"EntryPoint","urlTemplate":"https:\/\/noticiaempauta.com\/portal\/?s={search_term_string}"},"query-input":{"@type":"PropertyValueSpecification","valueRequired":true,"valueName":"search_term_string"}}],"inLanguage":"pt-BR"},{"@type":"Organization","@id":"https:\/\/noticiaempauta.com\/portal\/#organization","name":"Portal Not\u00edcia em Pauta","url":"https:\/\/noticiaempauta.com\/portal\/","logo":{"@type":"ImageObject","inLanguage":"pt-BR","@id":"https:\/\/noticiaempauta.com\/portal\/#\/schema\/logo\/image\/","url":"https:\/\/noticiaempauta.com\/portal\/wp-content\/uploads\/2022\/08\/logomarca_tema.fw_.png","contentUrl":"https:\/\/noticiaempauta.com\/portal\/wp-content\/uploads\/2022\/08\/logomarca_tema.fw_.png","width":400,"height":232,"caption":"Portal Not\u00edcia em Pauta"},"image":{"@id":"https:\/\/noticiaempauta.com\/portal\/#\/schema\/logo\/image\/"},"sameAs":["https:\/\/www.facebook.com\/Portal-Notcia-Em-Pauta-102292869264820\/","https:\/\/www.instagram.com\/portalnoticiaempauta\/"]},{"@type":"Person","@id":"https:\/\/noticiaempauta.com\/portal\/#\/schema\/person\/a74af43dd1ab3deca45f988c717d57ac","name":"Reda\u00e7\u00e3o","image":{"@type":"ImageObject","inLanguage":"pt-BR","@id":"https:\/\/noticiaempauta.com\/portal\/#\/schema\/person\/image\/","url":"https:\/\/secure.gravatar.com\/avatar\/03179346ecce6cdfc13361603e8f54242a90e5cde8618fa23c5c00aa2b0aadf3?s=96&d=mm&r=g","contentUrl":"https:\/\/secure.gravatar.com\/avatar\/03179346ecce6cdfc13361603e8f54242a90e5cde8618fa23c5c00aa2b0aadf3?s=96&d=mm&r=g","caption":"Reda\u00e7\u00e3o"},"sameAs":["https:\/\/noticiaempauta.com\/portal\/"],"url":"https:\/\/noticiaempauta.com\/portal\/author\/fernando\/"}]}},"_links":{"self":[{"href":"https:\/\/noticiaempauta.com\/portal\/wp-json\/wp\/v2\/posts\/269875","targetHints":{"allow":["GET"]}}],"collection":[{"href":"https:\/\/noticiaempauta.com\/portal\/wp-json\/wp\/v2\/posts"}],"about":[{"href":"https:\/\/noticiaempauta.com\/portal\/wp-json\/wp\/v2\/types\/post"}],"author":[{"embeddable":true,"href":"https:\/\/noticiaempauta.com\/portal\/wp-json\/wp\/v2\/users\/2"}],"replies":[{"embeddable":true,"href":"https:\/\/noticiaempauta.com\/portal\/wp-json\/wp\/v2\/comments?post=269875"}],"version-history":[{"count":2,"href":"https:\/\/noticiaempauta.com\/portal\/wp-json\/wp\/v2\/posts\/269875\/revisions"}],"predecessor-version":[{"id":269879,"href":"https:\/\/noticiaempauta.com\/portal\/wp-json\/wp\/v2\/posts\/269875\/revisions\/269879"}],"wp:featuredmedia":[{"embeddable":true,"href":"https:\/\/noticiaempauta.com\/portal\/wp-json\/wp\/v2\/media\/269877"}],"wp:attachment":[{"href":"https:\/\/noticiaempauta.com\/portal\/wp-json\/wp\/v2\/media?parent=269875"}],"wp:term":[{"taxonomy":"category","embeddable":true,"href":"https:\/\/noticiaempauta.com\/portal\/wp-json\/wp\/v2\/categories?post=269875"},{"taxonomy":"post_tag","embeddable":true,"href":"https:\/\/noticiaempauta.com\/portal\/wp-json\/wp\/v2\/tags?post=269875"}],"curies":[{"name":"wp","href":"https:\/\/api.w.org\/{rel}","templated":true}]}}