{"id":269880,"date":"2025-04-08T10:55:20","date_gmt":"2025-04-08T13:55:20","guid":{"rendered":"https:\/\/noticiaempauta.com\/portal\/?p=269880"},"modified":"2025-04-08T11:10:57","modified_gmt":"2025-04-08T14:10:57","slug":"picos-realiza-etapa-municipal-da-5a-conferencia-nacional-de-saude-do-trabalhador-no-proximo-sabado-12","status":"publish","type":"post","link":"https:\/\/noticiaempauta.com\/portal\/picos-realiza-etapa-municipal-da-5a-conferencia-nacional-de-saude-do-trabalhador-no-proximo-sabado-12\/","title":{"rendered":"Picos realiza etapa municipal da 5\u00aa Confer\u00eancia Nacional de Sa\u00fade do Trabalhador no pr\u00f3ximo s\u00e1bado (12)"},"content":{"rendered":"\n<p>A etapa municipal da 5\u00aa Confer\u00eancia Nacional de Sa\u00fade do Trabalhador e da Trabalhadora ser\u00e1 realizada neste s\u00e1bado (12), das 8h \u00e0s 13h, na Universidade Federal do Piau\u00ed \u2013 Campus Picos. O evento, promovido pelo Conselho Municipal de Sa\u00fade e Secretaria Municipal de Sa\u00fade de Picos, reunir\u00e1 representantes da sociedade civil, trabalhadores e gestores p\u00fablicos para debater pol\u00edticas de sa\u00fade no ambiente de trabalho.<\/p>\n\n\n\n<figure class=\"wp-block-image size-large\"><img fetchpriority=\"high\" decoding=\"async\" width=\"819\" height=\"1024\" src=\"https:\/\/noticiaempauta.com\/portal\/wp-content\/uploads\/2025\/04\/WhatsApp-Image-2025-04-08-at-10.05.07-1-819x1024.jpeg\" alt=\"\" class=\"wp-image-269882\" srcset=\"https:\/\/noticiaempauta.com\/portal\/wp-content\/uploads\/2025\/04\/WhatsApp-Image-2025-04-08-at-10.05.07-1-819x1024.jpeg 819w, https:\/\/noticiaempauta.com\/portal\/wp-content\/uploads\/2025\/04\/WhatsApp-Image-2025-04-08-at-10.05.07-1-240x300.jpeg 240w, https:\/\/noticiaempauta.com\/portal\/wp-content\/uploads\/2025\/04\/WhatsApp-Image-2025-04-08-at-10.05.07-1-768x960.jpeg 768w, https:\/\/noticiaempauta.com\/portal\/wp-content\/uploads\/2025\/04\/WhatsApp-Image-2025-04-08-at-10.05.07-1-1229x1536.jpeg 1229w, https:\/\/noticiaempauta.com\/portal\/wp-content\/uploads\/2025\/04\/WhatsApp-Image-2025-04-08-at-10.05.07-1.jpeg 1280w\" sizes=\"(max-width: 819px) 100vw, 819px\" \/><\/figure>\n\n\n\n<p>Com o tema &#8220;Sa\u00fade do Trabalhador e da Trabalhadora como Direito Humano&#8221;, a confer\u00eancia ser\u00e1 dividida em momentos de palestras, grupos de discuss\u00e3o e plen\u00e1ria final. A programa\u00e7\u00e3o inclui a palestra magna que abordar\u00e1 os tr\u00eas eixos centrais do debate: a Pol\u00edtica Nacional de Sa\u00fade do Trabalhador e da Trabalhadora; as novas rela\u00e7\u00f5es de trabalho e seus impactos \u00e0 sa\u00fade; e a participa\u00e7\u00e3o popular no controle social da sa\u00fade do trabalhador.<\/p>\n\n\n\n<figure class=\"wp-block-image size-large\"><img decoding=\"async\" width=\"819\" height=\"1024\" src=\"https:\/\/noticiaempauta.com\/portal\/wp-content\/uploads\/2025\/04\/WhatsApp-Image-2025-04-08-at-10.05.06-819x1024.jpeg\" alt=\"\" class=\"wp-image-269883\" srcset=\"https:\/\/noticiaempauta.com\/portal\/wp-content\/uploads\/2025\/04\/WhatsApp-Image-2025-04-08-at-10.05.06-819x1024.jpeg 819w, https:\/\/noticiaempauta.com\/portal\/wp-content\/uploads\/2025\/04\/WhatsApp-Image-2025-04-08-at-10.05.06-240x300.jpeg 240w, https:\/\/noticiaempauta.com\/portal\/wp-content\/uploads\/2025\/04\/WhatsApp-Image-2025-04-08-at-10.05.06-768x960.jpeg 768w, https:\/\/noticiaempauta.com\/portal\/wp-content\/uploads\/2025\/04\/WhatsApp-Image-2025-04-08-at-10.05.06-1229x1536.jpeg 1229w, https:\/\/noticiaempauta.com\/portal\/wp-content\/uploads\/2025\/04\/WhatsApp-Image-2025-04-08-at-10.05.06.jpeg 1280w\" sizes=\"(max-width: 819px) 100vw, 819px\" \/><\/figure>\n\n\n\n<p>Segundo a organiza\u00e7\u00e3o, o objetivo \u00e9 ouvir a popula\u00e7\u00e3o e os segmentos envolvidos para a constru\u00e7\u00e3o coletiva de propostas que ser\u00e3o encaminhadas \u00e0s etapas estaduais e, posteriormente, \u00e0 confer\u00eancia nacional. Os grupos de trabalho ser\u00e3o respons\u00e1veis pela sistematiza\u00e7\u00e3o dessas propostas e pela escolha de delegados que representar\u00e3o o munic\u00edpio nas pr\u00f3ximas fases do processo.<\/p>\n\n\n\n<figure class=\"wp-block-image size-large\"><img decoding=\"async\" width=\"819\" height=\"1024\" src=\"https:\/\/noticiaempauta.com\/portal\/wp-content\/uploads\/2025\/04\/WhatsApp-Image-2025-04-08-at-10.05.05-819x1024.jpeg\" alt=\"\" class=\"wp-image-269884\" srcset=\"https:\/\/noticiaempauta.com\/portal\/wp-content\/uploads\/2025\/04\/WhatsApp-Image-2025-04-08-at-10.05.05-819x1024.jpeg 819w, https:\/\/noticiaempauta.com\/portal\/wp-content\/uploads\/2025\/04\/WhatsApp-Image-2025-04-08-at-10.05.05-240x300.jpeg 240w, https:\/\/noticiaempauta.com\/portal\/wp-content\/uploads\/2025\/04\/WhatsApp-Image-2025-04-08-at-10.05.05-768x960.jpeg 768w, https:\/\/noticiaempauta.com\/portal\/wp-content\/uploads\/2025\/04\/WhatsApp-Image-2025-04-08-at-10.05.05-1229x1536.jpeg 1229w, https:\/\/noticiaempauta.com\/portal\/wp-content\/uploads\/2025\/04\/WhatsApp-Image-2025-04-08-at-10.05.05.jpeg 1280w\" sizes=\"(max-width: 819px) 100vw, 819px\" \/><\/figure>\n\n\n\n<p>\u201cA confer\u00eancia \u00e9 uma ferramenta fundamental para fortalecer a participa\u00e7\u00e3o social nas decis\u00f5es que impactam diretamente a sa\u00fade dos trabalhadores. Queremos garantir que essas vozes sejam ouvidas e levadas \u00e0s esferas superiores de delibera\u00e7\u00e3o\u201d, destacou Dr. Thales Coelho, secret\u00e1rio municipal de sa\u00fade.<\/p>\n\n\n\n<p>A plen\u00e1ria final, prevista para ocorrer a partir das 12h20, ser\u00e1 o momento de aprova\u00e7\u00e3o das propostas e elei\u00e7\u00e3o dos representantes por segmento. O evento \u00e9 aberto ao p\u00fablico e refor\u00e7a o compromisso da gest\u00e3o municipal com o di\u00e1logo democr\u00e1tico e a valoriza\u00e7\u00e3o da sa\u00fade no ambiente de trabalho.<\/p>\n\n\n\n<p>A confer\u00eancia integra a agenda nacional coordenada pelo Conselho Nacional de Sa\u00fade e conta com apoio do Sistema \u00danico de Sa\u00fade (SUS) e da Prefeitura Municipal de Picos.<\/p>\n\n\n\n<p>Ascom<\/p>\n","protected":false},"excerpt":{"rendered":"<p>A etapa municipal da 5\u00aa Confer\u00eancia Nacional de Sa\u00fade do Trabalhador e da Trabalhadora ser\u00e1 realizada neste s\u00e1bado (12), das 8h \u00e0s 13h, na Universidade Federal do Piau\u00ed \u2013 Campus Picos. O evento, promovido pelo Conselho Municipal de Sa\u00fade e Secretaria Municipal de Sa\u00fade de Picos, reunir\u00e1 representantes da sociedade civil, trabalhadores e gestores p\u00fablicos [&hellip;]<\/p>\n","protected":false},"author":2,"featured_media":269881,"comment_status":"open","ping_status":"open","sticky":false,"template":"","format":"standard","meta":{"_mi_skip_tracking":false,"footnotes":""},"categories":[25,1,5,16],"tags":[],"class_list":["post-269880","post","type-post","status-publish","format-standard","has-post-thumbnail","hentry","category-destaques-site","category-geral","category-saude","category-todas"],"acf":[],"yoast_head":"<!-- This site is optimized with the Yoast SEO Premium plugin v19.2 (Yoast SEO v26.9) - https:\/\/yoast.com\/product\/yoast-seo-premium-wordpress\/ -->\n<title>Picos realiza etapa municipal da 5\u00aa Confer\u00eancia Nacional de Sa\u00fade do Trabalhador no pr\u00f3ximo s\u00e1bado (12) - Portal Not\u00edcia em Pauta<\/title>\n<meta name=\"robots\" content=\"index, follow, max-snippet:-1, max-image-preview:large, max-video-preview:-1\" \/>\n<link rel=\"canonical\" href=\"https:\/\/noticiaempauta.com\/portal\/picos-realiza-etapa-municipal-da-5a-conferencia-nacional-de-saude-do-trabalhador-no-proximo-sabado-12\/\" \/>\n<meta property=\"og:locale\" content=\"pt_BR\" \/>\n<meta property=\"og:type\" content=\"article\" \/>\n<meta property=\"og:title\" content=\"Picos realiza etapa municipal da 5\u00aa Confer\u00eancia Nacional de Sa\u00fade do Trabalhador no pr\u00f3ximo s\u00e1bado (12)\" \/>\n<meta property=\"og:description\" content=\"A etapa municipal da 5\u00aa Confer\u00eancia Nacional de Sa\u00fade do Trabalhador e da Trabalhadora ser\u00e1 realizada neste s\u00e1bado (12), das 8h \u00e0s 13h, na Universidade Federal do Piau\u00ed \u2013 Campus Picos. O evento, promovido pelo Conselho Municipal de Sa\u00fade e Secretaria Municipal de Sa\u00fade de Picos, reunir\u00e1 representantes da sociedade civil, trabalhadores e gestores p\u00fablicos [&hellip;]\" \/>\n<meta property=\"og:url\" content=\"https:\/\/noticiaempauta.com\/portal\/picos-realiza-etapa-municipal-da-5a-conferencia-nacional-de-saude-do-trabalhador-no-proximo-sabado-12\/\" \/>\n<meta property=\"og:site_name\" content=\"Portal Not\u00edcia em Pauta\" \/>\n<meta property=\"article:publisher\" content=\"https:\/\/www.facebook.com\/Portal-Notcia-Em-Pauta-102292869264820\/\" \/>\n<meta property=\"article:published_time\" content=\"2025-04-08T13:55:20+00:00\" \/>\n<meta property=\"article:modified_time\" content=\"2025-04-08T14:10:57+00:00\" \/>\n<meta property=\"og:image\" content=\"https:\/\/noticiaempauta.com\/portal\/wp-content\/uploads\/2025\/04\/WhatsApp-Image-2025-04-08-at-10.05.07.jpeg\" \/>\n\t<meta property=\"og:image:width\" content=\"1280\" \/>\n\t<meta property=\"og:image:height\" content=\"977\" \/>\n\t<meta property=\"og:image:type\" content=\"image\/jpeg\" \/>\n<meta name=\"author\" content=\"Reda\u00e7\u00e3o\" \/>\n<meta name=\"twitter:card\" content=\"summary_large_image\" \/>\n<meta name=\"twitter:label1\" content=\"Escrito por\" \/>\n\t<meta name=\"twitter:data1\" content=\"Reda\u00e7\u00e3o\" \/>\n\t<meta name=\"twitter:label2\" content=\"Est. tempo de leitura\" \/>\n\t<meta name=\"twitter:data2\" content=\"3 minutos\" \/>\n<script type=\"application\/ld+json\" class=\"yoast-schema-graph\">{\"@context\":\"https:\/\/schema.org\",\"@graph\":[{\"@type\":\"Article\",\"@id\":\"https:\/\/noticiaempauta.com\/portal\/picos-realiza-etapa-municipal-da-5a-conferencia-nacional-de-saude-do-trabalhador-no-proximo-sabado-12\/#article\",\"isPartOf\":{\"@id\":\"https:\/\/noticiaempauta.com\/portal\/picos-realiza-etapa-municipal-da-5a-conferencia-nacional-de-saude-do-trabalhador-no-proximo-sabado-12\/\"},\"author\":{\"name\":\"Reda\u00e7\u00e3o\",\"@id\":\"https:\/\/noticiaempauta.com\/portal\/#\/schema\/person\/a74af43dd1ab3deca45f988c717d57ac\"},\"headline\":\"Picos realiza etapa municipal da 5\u00aa Confer\u00eancia Nacional de Sa\u00fade do Trabalhador no pr\u00f3ximo s\u00e1bado (12)\",\"datePublished\":\"2025-04-08T13:55:20+00:00\",\"dateModified\":\"2025-04-08T14:10:57+00:00\",\"mainEntityOfPage\":{\"@id\":\"https:\/\/noticiaempauta.com\/portal\/picos-realiza-etapa-municipal-da-5a-conferencia-nacional-de-saude-do-trabalhador-no-proximo-sabado-12\/\"},\"wordCount\":370,\"commentCount\":0,\"publisher\":{\"@id\":\"https:\/\/noticiaempauta.com\/portal\/#organization\"},\"image\":{\"@id\":\"https:\/\/noticiaempauta.com\/portal\/picos-realiza-etapa-municipal-da-5a-conferencia-nacional-de-saude-do-trabalhador-no-proximo-sabado-12\/#primaryimage\"},\"thumbnailUrl\":\"https:\/\/noticiaempauta.com\/portal\/wp-content\/uploads\/2025\/04\/WhatsApp-Image-2025-04-08-at-10.05.07.jpeg\",\"articleSection\":[\"Destaques\",\"Geral\",\"Sa\u00fade\",\"Todas as Not\u00edcias\"],\"inLanguage\":\"pt-BR\",\"potentialAction\":[{\"@type\":\"CommentAction\",\"name\":\"Comment\",\"target\":[\"https:\/\/noticiaempauta.com\/portal\/picos-realiza-etapa-municipal-da-5a-conferencia-nacional-de-saude-do-trabalhador-no-proximo-sabado-12\/#respond\"]}]},{\"@type\":\"WebPage\",\"@id\":\"https:\/\/noticiaempauta.com\/portal\/picos-realiza-etapa-municipal-da-5a-conferencia-nacional-de-saude-do-trabalhador-no-proximo-sabado-12\/\",\"url\":\"https:\/\/noticiaempauta.com\/portal\/picos-realiza-etapa-municipal-da-5a-conferencia-nacional-de-saude-do-trabalhador-no-proximo-sabado-12\/\",\"name\":\"Picos realiza etapa municipal da 5\u00aa Confer\u00eancia Nacional de Sa\u00fade do Trabalhador no pr\u00f3ximo s\u00e1bado (12) - Portal Not\u00edcia em Pauta\",\"isPartOf\":{\"@id\":\"https:\/\/noticiaempauta.com\/portal\/#website\"},\"primaryImageOfPage\":{\"@id\":\"https:\/\/noticiaempauta.com\/portal\/picos-realiza-etapa-municipal-da-5a-conferencia-nacional-de-saude-do-trabalhador-no-proximo-sabado-12\/#primaryimage\"},\"image\":{\"@id\":\"https:\/\/noticiaempauta.com\/portal\/picos-realiza-etapa-municipal-da-5a-conferencia-nacional-de-saude-do-trabalhador-no-proximo-sabado-12\/#primaryimage\"},\"thumbnailUrl\":\"https:\/\/noticiaempauta.com\/portal\/wp-content\/uploads\/2025\/04\/WhatsApp-Image-2025-04-08-at-10.05.07.jpeg\",\"datePublished\":\"2025-04-08T13:55:20+00:00\",\"dateModified\":\"2025-04-08T14:10:57+00:00\",\"breadcrumb\":{\"@id\":\"https:\/\/noticiaempauta.com\/portal\/picos-realiza-etapa-municipal-da-5a-conferencia-nacional-de-saude-do-trabalhador-no-proximo-sabado-12\/#breadcrumb\"},\"inLanguage\":\"pt-BR\",\"potentialAction\":[{\"@type\":\"ReadAction\",\"target\":[\"https:\/\/noticiaempauta.com\/portal\/picos-realiza-etapa-municipal-da-5a-conferencia-nacional-de-saude-do-trabalhador-no-proximo-sabado-12\/\"]}]},{\"@type\":\"ImageObject\",\"inLanguage\":\"pt-BR\",\"@id\":\"https:\/\/noticiaempauta.com\/portal\/picos-realiza-etapa-municipal-da-5a-conferencia-nacional-de-saude-do-trabalhador-no-proximo-sabado-12\/#primaryimage\",\"url\":\"https:\/\/noticiaempauta.com\/portal\/wp-content\/uploads\/2025\/04\/WhatsApp-Image-2025-04-08-at-10.05.07.jpeg\",\"contentUrl\":\"https:\/\/noticiaempauta.com\/portal\/wp-content\/uploads\/2025\/04\/WhatsApp-Image-2025-04-08-at-10.05.07.jpeg\",\"width\":1280,\"height\":977},{\"@type\":\"BreadcrumbList\",\"@id\":\"https:\/\/noticiaempauta.com\/portal\/picos-realiza-etapa-municipal-da-5a-conferencia-nacional-de-saude-do-trabalhador-no-proximo-sabado-12\/#breadcrumb\",\"itemListElement\":[{\"@type\":\"ListItem\",\"position\":1,\"name\":\"P\u00e1gina Inicial\",\"item\":\"https:\/\/noticiaempauta.com\/portal\/\"},{\"@type\":\"ListItem\",\"position\":2,\"name\":\"Destaques\",\"item\":\"https:\/\/noticiaempauta.com\/portal\/destaques-site\/\"},{\"@type\":\"ListItem\",\"position\":3,\"name\":\"Picos realiza etapa municipal da 5\u00aa Confer\u00eancia Nacional de Sa\u00fade do Trabalhador no pr\u00f3ximo s\u00e1bado (12)\"}]},{\"@type\":\"WebSite\",\"@id\":\"https:\/\/noticiaempauta.com\/portal\/#website\",\"url\":\"https:\/\/noticiaempauta.com\/portal\/\",\"name\":\"Portal Not\u00edcia em Pauta\",\"description\":\"Voc\u00ea bem informado\",\"publisher\":{\"@id\":\"https:\/\/noticiaempauta.com\/portal\/#organization\"},\"potentialAction\":[{\"@type\":\"SearchAction\",\"target\":{\"@type\":\"EntryPoint\",\"urlTemplate\":\"https:\/\/noticiaempauta.com\/portal\/?s={search_term_string}\"},\"query-input\":{\"@type\":\"PropertyValueSpecification\",\"valueRequired\":true,\"valueName\":\"search_term_string\"}}],\"inLanguage\":\"pt-BR\"},{\"@type\":\"Organization\",\"@id\":\"https:\/\/noticiaempauta.com\/portal\/#organization\",\"name\":\"Portal Not\u00edcia em Pauta\",\"url\":\"https:\/\/noticiaempauta.com\/portal\/\",\"logo\":{\"@type\":\"ImageObject\",\"inLanguage\":\"pt-BR\",\"@id\":\"https:\/\/noticiaempauta.com\/portal\/#\/schema\/logo\/image\/\",\"url\":\"https:\/\/noticiaempauta.com\/portal\/wp-content\/uploads\/2022\/08\/logomarca_tema.fw_.png\",\"contentUrl\":\"https:\/\/noticiaempauta.com\/portal\/wp-content\/uploads\/2022\/08\/logomarca_tema.fw_.png\",\"width\":400,\"height\":232,\"caption\":\"Portal Not\u00edcia em Pauta\"},\"image\":{\"@id\":\"https:\/\/noticiaempauta.com\/portal\/#\/schema\/logo\/image\/\"},\"sameAs\":[\"https:\/\/www.facebook.com\/Portal-Notcia-Em-Pauta-102292869264820\/\",\"https:\/\/www.instagram.com\/portalnoticiaempauta\/\"]},{\"@type\":\"Person\",\"@id\":\"https:\/\/noticiaempauta.com\/portal\/#\/schema\/person\/a74af43dd1ab3deca45f988c717d57ac\",\"name\":\"Reda\u00e7\u00e3o\",\"image\":{\"@type\":\"ImageObject\",\"inLanguage\":\"pt-BR\",\"@id\":\"https:\/\/noticiaempauta.com\/portal\/#\/schema\/person\/image\/\",\"url\":\"https:\/\/secure.gravatar.com\/avatar\/03179346ecce6cdfc13361603e8f54242a90e5cde8618fa23c5c00aa2b0aadf3?s=96&d=mm&r=g\",\"contentUrl\":\"https:\/\/secure.gravatar.com\/avatar\/03179346ecce6cdfc13361603e8f54242a90e5cde8618fa23c5c00aa2b0aadf3?s=96&d=mm&r=g\",\"caption\":\"Reda\u00e7\u00e3o\"},\"sameAs\":[\"https:\/\/noticiaempauta.com\/portal\/\"],\"url\":\"https:\/\/noticiaempauta.com\/portal\/author\/fernando\/\"}]}<\/script>\n<!-- \/ Yoast SEO Premium plugin. -->","yoast_head_json":{"title":"Picos realiza etapa municipal da 5\u00aa Confer\u00eancia Nacional de Sa\u00fade do Trabalhador no pr\u00f3ximo s\u00e1bado (12) - Portal Not\u00edcia em Pauta","robots":{"index":"index","follow":"follow","max-snippet":"max-snippet:-1","max-image-preview":"max-image-preview:large","max-video-preview":"max-video-preview:-1"},"canonical":"https:\/\/noticiaempauta.com\/portal\/picos-realiza-etapa-municipal-da-5a-conferencia-nacional-de-saude-do-trabalhador-no-proximo-sabado-12\/","og_locale":"pt_BR","og_type":"article","og_title":"Picos realiza etapa municipal da 5\u00aa Confer\u00eancia Nacional de Sa\u00fade do Trabalhador no pr\u00f3ximo s\u00e1bado (12)","og_description":"A etapa municipal da 5\u00aa Confer\u00eancia Nacional de Sa\u00fade do Trabalhador e da Trabalhadora ser\u00e1 realizada neste s\u00e1bado (12), das 8h \u00e0s 13h, na Universidade Federal do Piau\u00ed \u2013 Campus Picos. O evento, promovido pelo Conselho Municipal de Sa\u00fade e Secretaria Municipal de Sa\u00fade de Picos, reunir\u00e1 representantes da sociedade civil, trabalhadores e gestores p\u00fablicos [&hellip;]","og_url":"https:\/\/noticiaempauta.com\/portal\/picos-realiza-etapa-municipal-da-5a-conferencia-nacional-de-saude-do-trabalhador-no-proximo-sabado-12\/","og_site_name":"Portal Not\u00edcia em Pauta","article_publisher":"https:\/\/www.facebook.com\/Portal-Notcia-Em-Pauta-102292869264820\/","article_published_time":"2025-04-08T13:55:20+00:00","article_modified_time":"2025-04-08T14:10:57+00:00","og_image":[{"width":1280,"height":977,"url":"https:\/\/noticiaempauta.com\/portal\/wp-content\/uploads\/2025\/04\/WhatsApp-Image-2025-04-08-at-10.05.07.jpeg","type":"image\/jpeg"}],"author":"Reda\u00e7\u00e3o","twitter_card":"summary_large_image","twitter_misc":{"Escrito por":"Reda\u00e7\u00e3o","Est. tempo de leitura":"3 minutos"},"schema":{"@context":"https:\/\/schema.org","@graph":[{"@type":"Article","@id":"https:\/\/noticiaempauta.com\/portal\/picos-realiza-etapa-municipal-da-5a-conferencia-nacional-de-saude-do-trabalhador-no-proximo-sabado-12\/#article","isPartOf":{"@id":"https:\/\/noticiaempauta.com\/portal\/picos-realiza-etapa-municipal-da-5a-conferencia-nacional-de-saude-do-trabalhador-no-proximo-sabado-12\/"},"author":{"name":"Reda\u00e7\u00e3o","@id":"https:\/\/noticiaempauta.com\/portal\/#\/schema\/person\/a74af43dd1ab3deca45f988c717d57ac"},"headline":"Picos realiza etapa municipal da 5\u00aa Confer\u00eancia Nacional de Sa\u00fade do Trabalhador no pr\u00f3ximo s\u00e1bado (12)","datePublished":"2025-04-08T13:55:20+00:00","dateModified":"2025-04-08T14:10:57+00:00","mainEntityOfPage":{"@id":"https:\/\/noticiaempauta.com\/portal\/picos-realiza-etapa-municipal-da-5a-conferencia-nacional-de-saude-do-trabalhador-no-proximo-sabado-12\/"},"wordCount":370,"commentCount":0,"publisher":{"@id":"https:\/\/noticiaempauta.com\/portal\/#organization"},"image":{"@id":"https:\/\/noticiaempauta.com\/portal\/picos-realiza-etapa-municipal-da-5a-conferencia-nacional-de-saude-do-trabalhador-no-proximo-sabado-12\/#primaryimage"},"thumbnailUrl":"https:\/\/noticiaempauta.com\/portal\/wp-content\/uploads\/2025\/04\/WhatsApp-Image-2025-04-08-at-10.05.07.jpeg","articleSection":["Destaques","Geral","Sa\u00fade","Todas as Not\u00edcias"],"inLanguage":"pt-BR","potentialAction":[{"@type":"CommentAction","name":"Comment","target":["https:\/\/noticiaempauta.com\/portal\/picos-realiza-etapa-municipal-da-5a-conferencia-nacional-de-saude-do-trabalhador-no-proximo-sabado-12\/#respond"]}]},{"@type":"WebPage","@id":"https:\/\/noticiaempauta.com\/portal\/picos-realiza-etapa-municipal-da-5a-conferencia-nacional-de-saude-do-trabalhador-no-proximo-sabado-12\/","url":"https:\/\/noticiaempauta.com\/portal\/picos-realiza-etapa-municipal-da-5a-conferencia-nacional-de-saude-do-trabalhador-no-proximo-sabado-12\/","name":"Picos realiza etapa municipal da 5\u00aa Confer\u00eancia Nacional de Sa\u00fade do Trabalhador no pr\u00f3ximo s\u00e1bado (12) - Portal Not\u00edcia em Pauta","isPartOf":{"@id":"https:\/\/noticiaempauta.com\/portal\/#website"},"primaryImageOfPage":{"@id":"https:\/\/noticiaempauta.com\/portal\/picos-realiza-etapa-municipal-da-5a-conferencia-nacional-de-saude-do-trabalhador-no-proximo-sabado-12\/#primaryimage"},"image":{"@id":"https:\/\/noticiaempauta.com\/portal\/picos-realiza-etapa-municipal-da-5a-conferencia-nacional-de-saude-do-trabalhador-no-proximo-sabado-12\/#primaryimage"},"thumbnailUrl":"https:\/\/noticiaempauta.com\/portal\/wp-content\/uploads\/2025\/04\/WhatsApp-Image-2025-04-08-at-10.05.07.jpeg","datePublished":"2025-04-08T13:55:20+00:00","dateModified":"2025-04-08T14:10:57+00:00","breadcrumb":{"@id":"https:\/\/noticiaempauta.com\/portal\/picos-realiza-etapa-municipal-da-5a-conferencia-nacional-de-saude-do-trabalhador-no-proximo-sabado-12\/#breadcrumb"},"inLanguage":"pt-BR","potentialAction":[{"@type":"ReadAction","target":["https:\/\/noticiaempauta.com\/portal\/picos-realiza-etapa-municipal-da-5a-conferencia-nacional-de-saude-do-trabalhador-no-proximo-sabado-12\/"]}]},{"@type":"ImageObject","inLanguage":"pt-BR","@id":"https:\/\/noticiaempauta.com\/portal\/picos-realiza-etapa-municipal-da-5a-conferencia-nacional-de-saude-do-trabalhador-no-proximo-sabado-12\/#primaryimage","url":"https:\/\/noticiaempauta.com\/portal\/wp-content\/uploads\/2025\/04\/WhatsApp-Image-2025-04-08-at-10.05.07.jpeg","contentUrl":"https:\/\/noticiaempauta.com\/portal\/wp-content\/uploads\/2025\/04\/WhatsApp-Image-2025-04-08-at-10.05.07.jpeg","width":1280,"height":977},{"@type":"BreadcrumbList","@id":"https:\/\/noticiaempauta.com\/portal\/picos-realiza-etapa-municipal-da-5a-conferencia-nacional-de-saude-do-trabalhador-no-proximo-sabado-12\/#breadcrumb","itemListElement":[{"@type":"ListItem","position":1,"name":"P\u00e1gina Inicial","item":"https:\/\/noticiaempauta.com\/portal\/"},{"@type":"ListItem","position":2,"name":"Destaques","item":"https:\/\/noticiaempauta.com\/portal\/destaques-site\/"},{"@type":"ListItem","position":3,"name":"Picos realiza etapa municipal da 5\u00aa Confer\u00eancia Nacional de Sa\u00fade do Trabalhador no pr\u00f3ximo s\u00e1bado (12)"}]},{"@type":"WebSite","@id":"https:\/\/noticiaempauta.com\/portal\/#website","url":"https:\/\/noticiaempauta.com\/portal\/","name":"Portal Not\u00edcia em Pauta","description":"Voc\u00ea bem informado","publisher":{"@id":"https:\/\/noticiaempauta.com\/portal\/#organization"},"potentialAction":[{"@type":"SearchAction","target":{"@type":"EntryPoint","urlTemplate":"https:\/\/noticiaempauta.com\/portal\/?s={search_term_string}"},"query-input":{"@type":"PropertyValueSpecification","valueRequired":true,"valueName":"search_term_string"}}],"inLanguage":"pt-BR"},{"@type":"Organization","@id":"https:\/\/noticiaempauta.com\/portal\/#organization","name":"Portal Not\u00edcia em Pauta","url":"https:\/\/noticiaempauta.com\/portal\/","logo":{"@type":"ImageObject","inLanguage":"pt-BR","@id":"https:\/\/noticiaempauta.com\/portal\/#\/schema\/logo\/image\/","url":"https:\/\/noticiaempauta.com\/portal\/wp-content\/uploads\/2022\/08\/logomarca_tema.fw_.png","contentUrl":"https:\/\/noticiaempauta.com\/portal\/wp-content\/uploads\/2022\/08\/logomarca_tema.fw_.png","width":400,"height":232,"caption":"Portal Not\u00edcia em Pauta"},"image":{"@id":"https:\/\/noticiaempauta.com\/portal\/#\/schema\/logo\/image\/"},"sameAs":["https:\/\/www.facebook.com\/Portal-Notcia-Em-Pauta-102292869264820\/","https:\/\/www.instagram.com\/portalnoticiaempauta\/"]},{"@type":"Person","@id":"https:\/\/noticiaempauta.com\/portal\/#\/schema\/person\/a74af43dd1ab3deca45f988c717d57ac","name":"Reda\u00e7\u00e3o","image":{"@type":"ImageObject","inLanguage":"pt-BR","@id":"https:\/\/noticiaempauta.com\/portal\/#\/schema\/person\/image\/","url":"https:\/\/secure.gravatar.com\/avatar\/03179346ecce6cdfc13361603e8f54242a90e5cde8618fa23c5c00aa2b0aadf3?s=96&d=mm&r=g","contentUrl":"https:\/\/secure.gravatar.com\/avatar\/03179346ecce6cdfc13361603e8f54242a90e5cde8618fa23c5c00aa2b0aadf3?s=96&d=mm&r=g","caption":"Reda\u00e7\u00e3o"},"sameAs":["https:\/\/noticiaempauta.com\/portal\/"],"url":"https:\/\/noticiaempauta.com\/portal\/author\/fernando\/"}]}},"_links":{"self":[{"href":"https:\/\/noticiaempauta.com\/portal\/wp-json\/wp\/v2\/posts\/269880","targetHints":{"allow":["GET"]}}],"collection":[{"href":"https:\/\/noticiaempauta.com\/portal\/wp-json\/wp\/v2\/posts"}],"about":[{"href":"https:\/\/noticiaempauta.com\/portal\/wp-json\/wp\/v2\/types\/post"}],"author":[{"embeddable":true,"href":"https:\/\/noticiaempauta.com\/portal\/wp-json\/wp\/v2\/users\/2"}],"replies":[{"embeddable":true,"href":"https:\/\/noticiaempauta.com\/portal\/wp-json\/wp\/v2\/comments?post=269880"}],"version-history":[{"count":4,"href":"https:\/\/noticiaempauta.com\/portal\/wp-json\/wp\/v2\/posts\/269880\/revisions"}],"predecessor-version":[{"id":269888,"href":"https:\/\/noticiaempauta.com\/portal\/wp-json\/wp\/v2\/posts\/269880\/revisions\/269888"}],"wp:featuredmedia":[{"embeddable":true,"href":"https:\/\/noticiaempauta.com\/portal\/wp-json\/wp\/v2\/media\/269881"}],"wp:attachment":[{"href":"https:\/\/noticiaempauta.com\/portal\/wp-json\/wp\/v2\/media?parent=269880"}],"wp:term":[{"taxonomy":"category","embeddable":true,"href":"https:\/\/noticiaempauta.com\/portal\/wp-json\/wp\/v2\/categories?post=269880"},{"taxonomy":"post_tag","embeddable":true,"href":"https:\/\/noticiaempauta.com\/portal\/wp-json\/wp\/v2\/tags?post=269880"}],"curies":[{"name":"wp","href":"https:\/\/api.w.org\/{rel}","templated":true}]}}