{"id":269903,"date":"2025-04-08T21:32:12","date_gmt":"2025-04-09T00:32:12","guid":{"rendered":"https:\/\/noticiaempauta.com\/portal\/?p=269903"},"modified":"2025-04-08T21:32:14","modified_gmt":"2025-04-09T00:32:14","slug":"massape-prefeito-dr-wilton-participa-de-reuniao-na-appm-sobre-enfrentamento-a-seca-no-piaui","status":"publish","type":"post","link":"https:\/\/noticiaempauta.com\/portal\/massape-prefeito-dr-wilton-participa-de-reuniao-na-appm-sobre-enfrentamento-a-seca-no-piaui\/","title":{"rendered":"Massap\u00ea | Prefeito Dr. Wilton participa de reuni\u00e3o na APPM sobre enfrentamento a seca no Piau\u00ed"},"content":{"rendered":"\n<p>Na manh\u00e3 desta ter\u00e7a-feira, (08), o prefeito de Massap\u00ea do Piau\u00ed, Dr. Wilton Coutinho, esteve em Teresina participando de uma reuni\u00e3o emergencial promovida pela Associa\u00e7\u00e3o Piauiense de Munic\u00edpios (APPM). <\/p>\n\n\n\n<figure class=\"wp-block-image size-large\"><img fetchpriority=\"high\" decoding=\"async\" width=\"1024\" height=\"682\" src=\"https:\/\/noticiaempauta.com\/portal\/wp-content\/uploads\/2025\/04\/IMG_5884-1024x682.jpeg\" alt=\"\" class=\"wp-image-269905\" srcset=\"https:\/\/noticiaempauta.com\/portal\/wp-content\/uploads\/2025\/04\/IMG_5884-1024x682.jpeg 1024w, https:\/\/noticiaempauta.com\/portal\/wp-content\/uploads\/2025\/04\/IMG_5884-300x200.jpeg 300w, https:\/\/noticiaempauta.com\/portal\/wp-content\/uploads\/2025\/04\/IMG_5884-768x512.jpeg 768w, https:\/\/noticiaempauta.com\/portal\/wp-content\/uploads\/2025\/04\/IMG_5884-1536x1023.jpeg 1536w, https:\/\/noticiaempauta.com\/portal\/wp-content\/uploads\/2025\/04\/IMG_5884.jpeg 1600w\" sizes=\"(max-width: 1024px) 100vw, 1024px\" \/><figcaption class=\"wp-element-caption\"><em>(Foto: Renato Andrade\/Cidade Verde)<\/em><\/figcaption><\/figure>\n\n\n\n<p>O encontro teve como foco principal discutir estrat\u00e9gias para enfrentar os s\u00e9rios impactos da estiagem que vem assolando v\u00e1rias regi\u00f5es do estado.<\/p>\n\n\n\n<figure class=\"wp-block-image size-full\"><img decoding=\"async\" width=\"1024\" height=\"636\" src=\"https:\/\/noticiaempauta.com\/portal\/wp-content\/uploads\/2025\/04\/IMG_5881.jpeg\" alt=\"\" class=\"wp-image-269904\" srcset=\"https:\/\/noticiaempauta.com\/portal\/wp-content\/uploads\/2025\/04\/IMG_5881.jpeg 1024w, https:\/\/noticiaempauta.com\/portal\/wp-content\/uploads\/2025\/04\/IMG_5881-300x186.jpeg 300w, https:\/\/noticiaempauta.com\/portal\/wp-content\/uploads\/2025\/04\/IMG_5881-768x477.jpeg 768w\" sizes=\"(max-width: 1024px) 100vw, 1024px\" \/><figcaption class=\"wp-element-caption\"><em>(Foto: Reprodu\u00e7\u00e3o)<\/em><\/figcaption><\/figure>\n\n\n\n<p>Realizada no audit\u00f3rio da APPM, a reuni\u00e3o reuniu autoridades municipais, estaduais e federais, entre elas representantes do Minist\u00e9rio do Desenvolvimento Social e Combate \u00e0 Fome (MDS), da Defesa Civil (nacional e estadual), da Secretaria da Agricultura Familiar (SAF), da Secretaria de Assist\u00eancia T\u00e9cnica e Defesa Agropecu\u00e1ria (SADA) e da Secretaria de Assist\u00eancia Social, Trabalho e Direitos Humanos (SASC).<\/p>\n\n\n\n<figure class=\"wp-block-image size-full\"><img decoding=\"async\" width=\"1024\" height=\"718\" src=\"https:\/\/noticiaempauta.com\/portal\/wp-content\/uploads\/2025\/04\/IMG_5882.jpeg\" alt=\"\" class=\"wp-image-269906\" srcset=\"https:\/\/noticiaempauta.com\/portal\/wp-content\/uploads\/2025\/04\/IMG_5882.jpeg 1024w, https:\/\/noticiaempauta.com\/portal\/wp-content\/uploads\/2025\/04\/IMG_5882-300x210.jpeg 300w, https:\/\/noticiaempauta.com\/portal\/wp-content\/uploads\/2025\/04\/IMG_5882-768x539.jpeg 768w\" sizes=\"(max-width: 1024px) 100vw, 1024px\" \/><\/figure>\n\n\n\n<p>A seca prolongada tem causado preju\u00edzos \u00e0 popula\u00e7\u00e3o, com a escassez de \u00e1gua atingindo reservat\u00f3rios e comprometendo tanto o abastecimento humano e animal quanto a produ\u00e7\u00e3o agr\u00edcola. Diversos munic\u00edpios do Piau\u00ed enfrentam situa\u00e7\u00e3o cr\u00edtica, dependendo de a\u00e7\u00f5es emergenciais para mitigar os danos e prestar assist\u00eancia \u00e0s fam\u00edlias mais vulner\u00e1veis.<\/p>\n\n\n\n<p>Durante o encontro, os gestores refor\u00e7aram a urg\u00eancia na ado\u00e7\u00e3o de medidas concretas para minimizar os efeitos da crise h\u00eddrica. A coopera\u00e7\u00e3o entre os entes federativos, organiza\u00e7\u00f5es sociais e a sociedade civil foi apontada como essencial para encontrar solu\u00e7\u00f5es eficazes e promover a recupera\u00e7\u00e3o das \u00e1reas afetadas pela estiagem.<\/p>\n\n\n\n<p><strong>Fonte: Infopi<\/strong><\/p>\n","protected":false},"excerpt":{"rendered":"<p>Na manh\u00e3 desta ter\u00e7a-feira, (08), o prefeito de Massap\u00ea do Piau\u00ed, Dr. Wilton Coutinho, esteve em Teresina participando de uma reuni\u00e3o emergencial promovida pela Associa\u00e7\u00e3o Piauiense de Munic\u00edpios (APPM). O encontro teve como foco principal discutir estrat\u00e9gias para enfrentar os s\u00e9rios impactos da estiagem que vem assolando v\u00e1rias regi\u00f5es do estado. Realizada no audit\u00f3rio da [&hellip;]<\/p>\n","protected":false},"author":2,"featured_media":269906,"comment_status":"open","ping_status":"open","sticky":false,"template":"","format":"standard","meta":{"_mi_skip_tracking":false,"footnotes":""},"categories":[1,9,16],"tags":[],"class_list":["post-269903","post","type-post","status-publish","format-standard","has-post-thumbnail","hentry","category-geral","category-municipios","category-todas"],"acf":[],"yoast_head":"<!-- This site is optimized with the Yoast SEO Premium plugin v19.2 (Yoast SEO v26.9) - https:\/\/yoast.com\/product\/yoast-seo-premium-wordpress\/ -->\n<title>Massap\u00ea | Prefeito Dr. Wilton participa de reuni\u00e3o na APPM sobre enfrentamento a seca no Piau\u00ed - Portal Not\u00edcia em Pauta<\/title>\n<meta name=\"robots\" content=\"index, follow, max-snippet:-1, max-image-preview:large, max-video-preview:-1\" \/>\n<link rel=\"canonical\" href=\"https:\/\/noticiaempauta.com\/portal\/massape-prefeito-dr-wilton-participa-de-reuniao-na-appm-sobre-enfrentamento-a-seca-no-piaui\/\" \/>\n<meta property=\"og:locale\" content=\"pt_BR\" \/>\n<meta property=\"og:type\" content=\"article\" \/>\n<meta property=\"og:title\" content=\"Massap\u00ea | Prefeito Dr. Wilton participa de reuni\u00e3o na APPM sobre enfrentamento a seca no Piau\u00ed\" \/>\n<meta property=\"og:description\" content=\"Na manh\u00e3 desta ter\u00e7a-feira, (08), o prefeito de Massap\u00ea do Piau\u00ed, Dr. Wilton Coutinho, esteve em Teresina participando de uma reuni\u00e3o emergencial promovida pela Associa\u00e7\u00e3o Piauiense de Munic\u00edpios (APPM). O encontro teve como foco principal discutir estrat\u00e9gias para enfrentar os s\u00e9rios impactos da estiagem que vem assolando v\u00e1rias regi\u00f5es do estado. Realizada no audit\u00f3rio da [&hellip;]\" \/>\n<meta property=\"og:url\" content=\"https:\/\/noticiaempauta.com\/portal\/massape-prefeito-dr-wilton-participa-de-reuniao-na-appm-sobre-enfrentamento-a-seca-no-piaui\/\" \/>\n<meta property=\"og:site_name\" content=\"Portal Not\u00edcia em Pauta\" \/>\n<meta property=\"article:publisher\" content=\"https:\/\/www.facebook.com\/Portal-Notcia-Em-Pauta-102292869264820\/\" \/>\n<meta property=\"article:published_time\" content=\"2025-04-09T00:32:12+00:00\" \/>\n<meta property=\"article:modified_time\" content=\"2025-04-09T00:32:14+00:00\" \/>\n<meta property=\"og:image\" content=\"https:\/\/noticiaempauta.com\/portal\/wp-content\/uploads\/2025\/04\/IMG_5882.jpeg\" \/>\n\t<meta property=\"og:image:width\" content=\"1024\" \/>\n\t<meta property=\"og:image:height\" content=\"718\" \/>\n\t<meta property=\"og:image:type\" content=\"image\/jpeg\" \/>\n<meta name=\"author\" content=\"Reda\u00e7\u00e3o\" \/>\n<meta name=\"twitter:card\" content=\"summary_large_image\" \/>\n<meta name=\"twitter:label1\" content=\"Escrito por\" \/>\n\t<meta name=\"twitter:data1\" content=\"Reda\u00e7\u00e3o\" \/>\n\t<meta name=\"twitter:label2\" content=\"Est. tempo de leitura\" \/>\n\t<meta name=\"twitter:data2\" content=\"2 minutos\" \/>\n<script type=\"application\/ld+json\" class=\"yoast-schema-graph\">{\"@context\":\"https:\/\/schema.org\",\"@graph\":[{\"@type\":\"Article\",\"@id\":\"https:\/\/noticiaempauta.com\/portal\/massape-prefeito-dr-wilton-participa-de-reuniao-na-appm-sobre-enfrentamento-a-seca-no-piaui\/#article\",\"isPartOf\":{\"@id\":\"https:\/\/noticiaempauta.com\/portal\/massape-prefeito-dr-wilton-participa-de-reuniao-na-appm-sobre-enfrentamento-a-seca-no-piaui\/\"},\"author\":{\"name\":\"Reda\u00e7\u00e3o\",\"@id\":\"https:\/\/noticiaempauta.com\/portal\/#\/schema\/person\/a74af43dd1ab3deca45f988c717d57ac\"},\"headline\":\"Massap\u00ea | Prefeito Dr. Wilton participa de reuni\u00e3o na APPM sobre enfrentamento a seca no Piau\u00ed\",\"datePublished\":\"2025-04-09T00:32:12+00:00\",\"dateModified\":\"2025-04-09T00:32:14+00:00\",\"mainEntityOfPage\":{\"@id\":\"https:\/\/noticiaempauta.com\/portal\/massape-prefeito-dr-wilton-participa-de-reuniao-na-appm-sobre-enfrentamento-a-seca-no-piaui\/\"},\"wordCount\":265,\"commentCount\":0,\"publisher\":{\"@id\":\"https:\/\/noticiaempauta.com\/portal\/#organization\"},\"image\":{\"@id\":\"https:\/\/noticiaempauta.com\/portal\/massape-prefeito-dr-wilton-participa-de-reuniao-na-appm-sobre-enfrentamento-a-seca-no-piaui\/#primaryimage\"},\"thumbnailUrl\":\"https:\/\/noticiaempauta.com\/portal\/wp-content\/uploads\/2025\/04\/IMG_5882.jpeg\",\"articleSection\":[\"Geral\",\"Munic\u00edpios\",\"Todas as Not\u00edcias\"],\"inLanguage\":\"pt-BR\",\"potentialAction\":[{\"@type\":\"CommentAction\",\"name\":\"Comment\",\"target\":[\"https:\/\/noticiaempauta.com\/portal\/massape-prefeito-dr-wilton-participa-de-reuniao-na-appm-sobre-enfrentamento-a-seca-no-piaui\/#respond\"]}]},{\"@type\":\"WebPage\",\"@id\":\"https:\/\/noticiaempauta.com\/portal\/massape-prefeito-dr-wilton-participa-de-reuniao-na-appm-sobre-enfrentamento-a-seca-no-piaui\/\",\"url\":\"https:\/\/noticiaempauta.com\/portal\/massape-prefeito-dr-wilton-participa-de-reuniao-na-appm-sobre-enfrentamento-a-seca-no-piaui\/\",\"name\":\"Massap\u00ea | Prefeito Dr. Wilton participa de reuni\u00e3o na APPM sobre enfrentamento a seca no Piau\u00ed - Portal Not\u00edcia em Pauta\",\"isPartOf\":{\"@id\":\"https:\/\/noticiaempauta.com\/portal\/#website\"},\"primaryImageOfPage\":{\"@id\":\"https:\/\/noticiaempauta.com\/portal\/massape-prefeito-dr-wilton-participa-de-reuniao-na-appm-sobre-enfrentamento-a-seca-no-piaui\/#primaryimage\"},\"image\":{\"@id\":\"https:\/\/noticiaempauta.com\/portal\/massape-prefeito-dr-wilton-participa-de-reuniao-na-appm-sobre-enfrentamento-a-seca-no-piaui\/#primaryimage\"},\"thumbnailUrl\":\"https:\/\/noticiaempauta.com\/portal\/wp-content\/uploads\/2025\/04\/IMG_5882.jpeg\",\"datePublished\":\"2025-04-09T00:32:12+00:00\",\"dateModified\":\"2025-04-09T00:32:14+00:00\",\"breadcrumb\":{\"@id\":\"https:\/\/noticiaempauta.com\/portal\/massape-prefeito-dr-wilton-participa-de-reuniao-na-appm-sobre-enfrentamento-a-seca-no-piaui\/#breadcrumb\"},\"inLanguage\":\"pt-BR\",\"potentialAction\":[{\"@type\":\"ReadAction\",\"target\":[\"https:\/\/noticiaempauta.com\/portal\/massape-prefeito-dr-wilton-participa-de-reuniao-na-appm-sobre-enfrentamento-a-seca-no-piaui\/\"]}]},{\"@type\":\"ImageObject\",\"inLanguage\":\"pt-BR\",\"@id\":\"https:\/\/noticiaempauta.com\/portal\/massape-prefeito-dr-wilton-participa-de-reuniao-na-appm-sobre-enfrentamento-a-seca-no-piaui\/#primaryimage\",\"url\":\"https:\/\/noticiaempauta.com\/portal\/wp-content\/uploads\/2025\/04\/IMG_5882.jpeg\",\"contentUrl\":\"https:\/\/noticiaempauta.com\/portal\/wp-content\/uploads\/2025\/04\/IMG_5882.jpeg\",\"width\":1024,\"height\":718},{\"@type\":\"BreadcrumbList\",\"@id\":\"https:\/\/noticiaempauta.com\/portal\/massape-prefeito-dr-wilton-participa-de-reuniao-na-appm-sobre-enfrentamento-a-seca-no-piaui\/#breadcrumb\",\"itemListElement\":[{\"@type\":\"ListItem\",\"position\":1,\"name\":\"P\u00e1gina Inicial\",\"item\":\"https:\/\/noticiaempauta.com\/portal\/\"},{\"@type\":\"ListItem\",\"position\":2,\"name\":\"Geral\",\"item\":\"https:\/\/noticiaempauta.com\/portal\/geral\/\"},{\"@type\":\"ListItem\",\"position\":3,\"name\":\"Massap\u00ea | Prefeito Dr. Wilton participa de reuni\u00e3o na APPM sobre enfrentamento a seca no Piau\u00ed\"}]},{\"@type\":\"WebSite\",\"@id\":\"https:\/\/noticiaempauta.com\/portal\/#website\",\"url\":\"https:\/\/noticiaempauta.com\/portal\/\",\"name\":\"Portal Not\u00edcia em Pauta\",\"description\":\"Voc\u00ea bem informado\",\"publisher\":{\"@id\":\"https:\/\/noticiaempauta.com\/portal\/#organization\"},\"potentialAction\":[{\"@type\":\"SearchAction\",\"target\":{\"@type\":\"EntryPoint\",\"urlTemplate\":\"https:\/\/noticiaempauta.com\/portal\/?s={search_term_string}\"},\"query-input\":{\"@type\":\"PropertyValueSpecification\",\"valueRequired\":true,\"valueName\":\"search_term_string\"}}],\"inLanguage\":\"pt-BR\"},{\"@type\":\"Organization\",\"@id\":\"https:\/\/noticiaempauta.com\/portal\/#organization\",\"name\":\"Portal Not\u00edcia em Pauta\",\"url\":\"https:\/\/noticiaempauta.com\/portal\/\",\"logo\":{\"@type\":\"ImageObject\",\"inLanguage\":\"pt-BR\",\"@id\":\"https:\/\/noticiaempauta.com\/portal\/#\/schema\/logo\/image\/\",\"url\":\"https:\/\/noticiaempauta.com\/portal\/wp-content\/uploads\/2022\/08\/logomarca_tema.fw_.png\",\"contentUrl\":\"https:\/\/noticiaempauta.com\/portal\/wp-content\/uploads\/2022\/08\/logomarca_tema.fw_.png\",\"width\":400,\"height\":232,\"caption\":\"Portal Not\u00edcia em Pauta\"},\"image\":{\"@id\":\"https:\/\/noticiaempauta.com\/portal\/#\/schema\/logo\/image\/\"},\"sameAs\":[\"https:\/\/www.facebook.com\/Portal-Notcia-Em-Pauta-102292869264820\/\",\"https:\/\/www.instagram.com\/portalnoticiaempauta\/\"]},{\"@type\":\"Person\",\"@id\":\"https:\/\/noticiaempauta.com\/portal\/#\/schema\/person\/a74af43dd1ab3deca45f988c717d57ac\",\"name\":\"Reda\u00e7\u00e3o\",\"image\":{\"@type\":\"ImageObject\",\"inLanguage\":\"pt-BR\",\"@id\":\"https:\/\/noticiaempauta.com\/portal\/#\/schema\/person\/image\/\",\"url\":\"https:\/\/secure.gravatar.com\/avatar\/03179346ecce6cdfc13361603e8f54242a90e5cde8618fa23c5c00aa2b0aadf3?s=96&d=mm&r=g\",\"contentUrl\":\"https:\/\/secure.gravatar.com\/avatar\/03179346ecce6cdfc13361603e8f54242a90e5cde8618fa23c5c00aa2b0aadf3?s=96&d=mm&r=g\",\"caption\":\"Reda\u00e7\u00e3o\"},\"sameAs\":[\"https:\/\/noticiaempauta.com\/portal\/\"],\"url\":\"https:\/\/noticiaempauta.com\/portal\/author\/fernando\/\"}]}<\/script>\n<!-- \/ Yoast SEO Premium plugin. -->","yoast_head_json":{"title":"Massap\u00ea | Prefeito Dr. Wilton participa de reuni\u00e3o na APPM sobre enfrentamento a seca no Piau\u00ed - Portal Not\u00edcia em Pauta","robots":{"index":"index","follow":"follow","max-snippet":"max-snippet:-1","max-image-preview":"max-image-preview:large","max-video-preview":"max-video-preview:-1"},"canonical":"https:\/\/noticiaempauta.com\/portal\/massape-prefeito-dr-wilton-participa-de-reuniao-na-appm-sobre-enfrentamento-a-seca-no-piaui\/","og_locale":"pt_BR","og_type":"article","og_title":"Massap\u00ea | Prefeito Dr. Wilton participa de reuni\u00e3o na APPM sobre enfrentamento a seca no Piau\u00ed","og_description":"Na manh\u00e3 desta ter\u00e7a-feira, (08), o prefeito de Massap\u00ea do Piau\u00ed, Dr. Wilton Coutinho, esteve em Teresina participando de uma reuni\u00e3o emergencial promovida pela Associa\u00e7\u00e3o Piauiense de Munic\u00edpios (APPM). O encontro teve como foco principal discutir estrat\u00e9gias para enfrentar os s\u00e9rios impactos da estiagem que vem assolando v\u00e1rias regi\u00f5es do estado. Realizada no audit\u00f3rio da [&hellip;]","og_url":"https:\/\/noticiaempauta.com\/portal\/massape-prefeito-dr-wilton-participa-de-reuniao-na-appm-sobre-enfrentamento-a-seca-no-piaui\/","og_site_name":"Portal Not\u00edcia em Pauta","article_publisher":"https:\/\/www.facebook.com\/Portal-Notcia-Em-Pauta-102292869264820\/","article_published_time":"2025-04-09T00:32:12+00:00","article_modified_time":"2025-04-09T00:32:14+00:00","og_image":[{"width":1024,"height":718,"url":"https:\/\/noticiaempauta.com\/portal\/wp-content\/uploads\/2025\/04\/IMG_5882.jpeg","type":"image\/jpeg"}],"author":"Reda\u00e7\u00e3o","twitter_card":"summary_large_image","twitter_misc":{"Escrito por":"Reda\u00e7\u00e3o","Est. tempo de leitura":"2 minutos"},"schema":{"@context":"https:\/\/schema.org","@graph":[{"@type":"Article","@id":"https:\/\/noticiaempauta.com\/portal\/massape-prefeito-dr-wilton-participa-de-reuniao-na-appm-sobre-enfrentamento-a-seca-no-piaui\/#article","isPartOf":{"@id":"https:\/\/noticiaempauta.com\/portal\/massape-prefeito-dr-wilton-participa-de-reuniao-na-appm-sobre-enfrentamento-a-seca-no-piaui\/"},"author":{"name":"Reda\u00e7\u00e3o","@id":"https:\/\/noticiaempauta.com\/portal\/#\/schema\/person\/a74af43dd1ab3deca45f988c717d57ac"},"headline":"Massap\u00ea | Prefeito Dr. Wilton participa de reuni\u00e3o na APPM sobre enfrentamento a seca no Piau\u00ed","datePublished":"2025-04-09T00:32:12+00:00","dateModified":"2025-04-09T00:32:14+00:00","mainEntityOfPage":{"@id":"https:\/\/noticiaempauta.com\/portal\/massape-prefeito-dr-wilton-participa-de-reuniao-na-appm-sobre-enfrentamento-a-seca-no-piaui\/"},"wordCount":265,"commentCount":0,"publisher":{"@id":"https:\/\/noticiaempauta.com\/portal\/#organization"},"image":{"@id":"https:\/\/noticiaempauta.com\/portal\/massape-prefeito-dr-wilton-participa-de-reuniao-na-appm-sobre-enfrentamento-a-seca-no-piaui\/#primaryimage"},"thumbnailUrl":"https:\/\/noticiaempauta.com\/portal\/wp-content\/uploads\/2025\/04\/IMG_5882.jpeg","articleSection":["Geral","Munic\u00edpios","Todas as Not\u00edcias"],"inLanguage":"pt-BR","potentialAction":[{"@type":"CommentAction","name":"Comment","target":["https:\/\/noticiaempauta.com\/portal\/massape-prefeito-dr-wilton-participa-de-reuniao-na-appm-sobre-enfrentamento-a-seca-no-piaui\/#respond"]}]},{"@type":"WebPage","@id":"https:\/\/noticiaempauta.com\/portal\/massape-prefeito-dr-wilton-participa-de-reuniao-na-appm-sobre-enfrentamento-a-seca-no-piaui\/","url":"https:\/\/noticiaempauta.com\/portal\/massape-prefeito-dr-wilton-participa-de-reuniao-na-appm-sobre-enfrentamento-a-seca-no-piaui\/","name":"Massap\u00ea | Prefeito Dr. Wilton participa de reuni\u00e3o na APPM sobre enfrentamento a seca no Piau\u00ed - Portal Not\u00edcia em Pauta","isPartOf":{"@id":"https:\/\/noticiaempauta.com\/portal\/#website"},"primaryImageOfPage":{"@id":"https:\/\/noticiaempauta.com\/portal\/massape-prefeito-dr-wilton-participa-de-reuniao-na-appm-sobre-enfrentamento-a-seca-no-piaui\/#primaryimage"},"image":{"@id":"https:\/\/noticiaempauta.com\/portal\/massape-prefeito-dr-wilton-participa-de-reuniao-na-appm-sobre-enfrentamento-a-seca-no-piaui\/#primaryimage"},"thumbnailUrl":"https:\/\/noticiaempauta.com\/portal\/wp-content\/uploads\/2025\/04\/IMG_5882.jpeg","datePublished":"2025-04-09T00:32:12+00:00","dateModified":"2025-04-09T00:32:14+00:00","breadcrumb":{"@id":"https:\/\/noticiaempauta.com\/portal\/massape-prefeito-dr-wilton-participa-de-reuniao-na-appm-sobre-enfrentamento-a-seca-no-piaui\/#breadcrumb"},"inLanguage":"pt-BR","potentialAction":[{"@type":"ReadAction","target":["https:\/\/noticiaempauta.com\/portal\/massape-prefeito-dr-wilton-participa-de-reuniao-na-appm-sobre-enfrentamento-a-seca-no-piaui\/"]}]},{"@type":"ImageObject","inLanguage":"pt-BR","@id":"https:\/\/noticiaempauta.com\/portal\/massape-prefeito-dr-wilton-participa-de-reuniao-na-appm-sobre-enfrentamento-a-seca-no-piaui\/#primaryimage","url":"https:\/\/noticiaempauta.com\/portal\/wp-content\/uploads\/2025\/04\/IMG_5882.jpeg","contentUrl":"https:\/\/noticiaempauta.com\/portal\/wp-content\/uploads\/2025\/04\/IMG_5882.jpeg","width":1024,"height":718},{"@type":"BreadcrumbList","@id":"https:\/\/noticiaempauta.com\/portal\/massape-prefeito-dr-wilton-participa-de-reuniao-na-appm-sobre-enfrentamento-a-seca-no-piaui\/#breadcrumb","itemListElement":[{"@type":"ListItem","position":1,"name":"P\u00e1gina Inicial","item":"https:\/\/noticiaempauta.com\/portal\/"},{"@type":"ListItem","position":2,"name":"Geral","item":"https:\/\/noticiaempauta.com\/portal\/geral\/"},{"@type":"ListItem","position":3,"name":"Massap\u00ea | Prefeito Dr. Wilton participa de reuni\u00e3o na APPM sobre enfrentamento a seca no Piau\u00ed"}]},{"@type":"WebSite","@id":"https:\/\/noticiaempauta.com\/portal\/#website","url":"https:\/\/noticiaempauta.com\/portal\/","name":"Portal Not\u00edcia em Pauta","description":"Voc\u00ea bem informado","publisher":{"@id":"https:\/\/noticiaempauta.com\/portal\/#organization"},"potentialAction":[{"@type":"SearchAction","target":{"@type":"EntryPoint","urlTemplate":"https:\/\/noticiaempauta.com\/portal\/?s={search_term_string}"},"query-input":{"@type":"PropertyValueSpecification","valueRequired":true,"valueName":"search_term_string"}}],"inLanguage":"pt-BR"},{"@type":"Organization","@id":"https:\/\/noticiaempauta.com\/portal\/#organization","name":"Portal Not\u00edcia em Pauta","url":"https:\/\/noticiaempauta.com\/portal\/","logo":{"@type":"ImageObject","inLanguage":"pt-BR","@id":"https:\/\/noticiaempauta.com\/portal\/#\/schema\/logo\/image\/","url":"https:\/\/noticiaempauta.com\/portal\/wp-content\/uploads\/2022\/08\/logomarca_tema.fw_.png","contentUrl":"https:\/\/noticiaempauta.com\/portal\/wp-content\/uploads\/2022\/08\/logomarca_tema.fw_.png","width":400,"height":232,"caption":"Portal Not\u00edcia em Pauta"},"image":{"@id":"https:\/\/noticiaempauta.com\/portal\/#\/schema\/logo\/image\/"},"sameAs":["https:\/\/www.facebook.com\/Portal-Notcia-Em-Pauta-102292869264820\/","https:\/\/www.instagram.com\/portalnoticiaempauta\/"]},{"@type":"Person","@id":"https:\/\/noticiaempauta.com\/portal\/#\/schema\/person\/a74af43dd1ab3deca45f988c717d57ac","name":"Reda\u00e7\u00e3o","image":{"@type":"ImageObject","inLanguage":"pt-BR","@id":"https:\/\/noticiaempauta.com\/portal\/#\/schema\/person\/image\/","url":"https:\/\/secure.gravatar.com\/avatar\/03179346ecce6cdfc13361603e8f54242a90e5cde8618fa23c5c00aa2b0aadf3?s=96&d=mm&r=g","contentUrl":"https:\/\/secure.gravatar.com\/avatar\/03179346ecce6cdfc13361603e8f54242a90e5cde8618fa23c5c00aa2b0aadf3?s=96&d=mm&r=g","caption":"Reda\u00e7\u00e3o"},"sameAs":["https:\/\/noticiaempauta.com\/portal\/"],"url":"https:\/\/noticiaempauta.com\/portal\/author\/fernando\/"}]}},"_links":{"self":[{"href":"https:\/\/noticiaempauta.com\/portal\/wp-json\/wp\/v2\/posts\/269903","targetHints":{"allow":["GET"]}}],"collection":[{"href":"https:\/\/noticiaempauta.com\/portal\/wp-json\/wp\/v2\/posts"}],"about":[{"href":"https:\/\/noticiaempauta.com\/portal\/wp-json\/wp\/v2\/types\/post"}],"author":[{"embeddable":true,"href":"https:\/\/noticiaempauta.com\/portal\/wp-json\/wp\/v2\/users\/2"}],"replies":[{"embeddable":true,"href":"https:\/\/noticiaempauta.com\/portal\/wp-json\/wp\/v2\/comments?post=269903"}],"version-history":[{"count":1,"href":"https:\/\/noticiaempauta.com\/portal\/wp-json\/wp\/v2\/posts\/269903\/revisions"}],"predecessor-version":[{"id":269907,"href":"https:\/\/noticiaempauta.com\/portal\/wp-json\/wp\/v2\/posts\/269903\/revisions\/269907"}],"wp:featuredmedia":[{"embeddable":true,"href":"https:\/\/noticiaempauta.com\/portal\/wp-json\/wp\/v2\/media\/269906"}],"wp:attachment":[{"href":"https:\/\/noticiaempauta.com\/portal\/wp-json\/wp\/v2\/media?parent=269903"}],"wp:term":[{"taxonomy":"category","embeddable":true,"href":"https:\/\/noticiaempauta.com\/portal\/wp-json\/wp\/v2\/categories?post=269903"},{"taxonomy":"post_tag","embeddable":true,"href":"https:\/\/noticiaempauta.com\/portal\/wp-json\/wp\/v2\/tags?post=269903"}],"curies":[{"name":"wp","href":"https:\/\/api.w.org\/{rel}","templated":true}]}}