{"id":269908,"date":"2025-04-08T21:43:57","date_gmt":"2025-04-09T00:43:57","guid":{"rendered":"https:\/\/noticiaempauta.com\/portal\/?p=269908"},"modified":"2025-04-08T21:43:59","modified_gmt":"2025-04-09T00:43:59","slug":"suspeito-e-preso-apos-tentar-furtar-mais-de-700-pacotes-de-cafe-e-leite-em-parnaiba","status":"publish","type":"post","link":"https:\/\/noticiaempauta.com\/portal\/suspeito-e-preso-apos-tentar-furtar-mais-de-700-pacotes-de-cafe-e-leite-em-parnaiba\/","title":{"rendered":"Suspeito \u00e9 preso ap\u00f3s tentar furtar mais de 700 pacotes de caf\u00e9 e leite em Parna\u00edba"},"content":{"rendered":"\n<p>Um homem foi preso suspeito de tentar furtar mais de 700 pacotes de caf\u00e9 e leite em um supermercado\u00a0na Avenida S\u00e3o Sebasti\u00e3o,\u00a0<strong>em Parna\u00edba, no litoral do Piau\u00ed.\u00a0<\/strong>O crime foi notado por seguran\u00e7as que acionaram a Pol\u00edcia Militar que realizou a pris\u00e3o no estacionamento.\u00a0<\/p>\n\n\n\n<figure class=\"wp-block-image size-full\"><img fetchpriority=\"high\" decoding=\"async\" width=\"790\" height=\"550\" src=\"https:\/\/noticiaempauta.com\/portal\/wp-content\/uploads\/2025\/04\/IMG_5894.jpeg\" alt=\"\" class=\"wp-image-269910\" srcset=\"https:\/\/noticiaempauta.com\/portal\/wp-content\/uploads\/2025\/04\/IMG_5894.jpeg 790w, https:\/\/noticiaempauta.com\/portal\/wp-content\/uploads\/2025\/04\/IMG_5894-300x209.jpeg 300w, https:\/\/noticiaempauta.com\/portal\/wp-content\/uploads\/2025\/04\/IMG_5894-768x535.jpeg 768w\" sizes=\"(max-width: 790px) 100vw, 790px\" \/><figcaption class=\"wp-element-caption\"><em>Foto: Divulga\u00e7\u00e3o\/PM<\/em><\/figcaption><\/figure>\n\n\n\n<p>O caso foi registrado na noite desta segunda-feira (07).\u00a0Al\u00e9m de pacotes de caf\u00e9 e leite, ele tentou levar, sem pagar, bebidas l\u00e1cteas, escovas de dente, lixas para unha, toucas para banho e bolinhos.\u00a0A &#8216;compra&#8217; totalizou R$ 9.977, 89.<\/p>\n\n\n\n<figure class=\"wp-block-image size-full\"><img decoding=\"async\" width=\"790\" height=\"550\" src=\"https:\/\/noticiaempauta.com\/portal\/wp-content\/uploads\/2025\/04\/IMG_5896.jpeg\" alt=\"\" class=\"wp-image-269911\" srcset=\"https:\/\/noticiaempauta.com\/portal\/wp-content\/uploads\/2025\/04\/IMG_5896.jpeg 790w, https:\/\/noticiaempauta.com\/portal\/wp-content\/uploads\/2025\/04\/IMG_5896-300x209.jpeg 300w, https:\/\/noticiaempauta.com\/portal\/wp-content\/uploads\/2025\/04\/IMG_5896-768x535.jpeg 768w\" sizes=\"(max-width: 790px) 100vw, 790px\" \/><\/figure>\n\n\n\n<p>&#8220;Ele pegou um carrinho grande e colocou na entrada principal. Depois foi colocando a mercadoria em carrinhos menores at\u00e9 encher o carro grande. Pegou tudo o que queria e j\u00e1 ia em dire\u00e7\u00e3o ao carro quando chegamos e o prendemos&#8221;, informou o major Valdecir Galeno, 27\u00b0 Batalh\u00e3o de Pol\u00edcia Militar (27\u00b0BPM).<\/p>\n\n\n\n<figure class=\"wp-block-image size-full\"><img decoding=\"async\" width=\"790\" height=\"550\" src=\"https:\/\/noticiaempauta.com\/portal\/wp-content\/uploads\/2025\/04\/IMG_5895.jpeg\" alt=\"\" class=\"wp-image-269909\" srcset=\"https:\/\/noticiaempauta.com\/portal\/wp-content\/uploads\/2025\/04\/IMG_5895.jpeg 790w, https:\/\/noticiaempauta.com\/portal\/wp-content\/uploads\/2025\/04\/IMG_5895-300x209.jpeg 300w, https:\/\/noticiaempauta.com\/portal\/wp-content\/uploads\/2025\/04\/IMG_5895-768x535.jpeg 768w\" sizes=\"(max-width: 790px) 100vw, 790px\" \/><\/figure>\n\n\n\n<p>Ao ser preso,\u00a0ele apresentou vers\u00f5es contradit\u00f3rias, inclusive sobre informa\u00e7\u00f5es pessoais.\u00a0A PM desconfia que, inclusive, ele forneceu um nome falso.\u00a0A suspeita \u00e9 que ele venderia a mercadoria em pequenos com\u00e9rcios na cidade.\u00a0<br><\/p>\n\n\n\n<p>Fonte: Cidade Verde <\/p>\n","protected":false},"excerpt":{"rendered":"<p>Um homem foi preso suspeito de tentar furtar mais de 700 pacotes de caf\u00e9 e leite em um supermercado\u00a0na Avenida S\u00e3o Sebasti\u00e3o,\u00a0em Parna\u00edba, no litoral do Piau\u00ed.\u00a0O crime foi notado por seguran\u00e7as que acionaram a Pol\u00edcia Militar que realizou a pris\u00e3o no estacionamento.\u00a0 O caso foi registrado na noite desta segunda-feira (07).\u00a0Al\u00e9m de pacotes de [&hellip;]<\/p>\n","protected":false},"author":2,"featured_media":269910,"comment_status":"open","ping_status":"open","sticky":false,"template":"","format":"standard","meta":{"_mi_skip_tracking":false,"footnotes":""},"categories":[25,1,137,16],"tags":[192],"class_list":["post-269908","post","type-post","status-publish","format-standard","has-post-thumbnail","hentry","category-destaques-site","category-geral","category-policia","category-todas","tag-destaqueprincipal"],"acf":[],"yoast_head":"<!-- This site is optimized with the Yoast SEO Premium plugin v19.2 (Yoast SEO v26.9) - https:\/\/yoast.com\/product\/yoast-seo-premium-wordpress\/ -->\n<title>Suspeito \u00e9 preso ap\u00f3s tentar furtar mais de 700 pacotes de caf\u00e9 e leite em Parna\u00edba - Portal Not\u00edcia em Pauta<\/title>\n<meta name=\"robots\" content=\"index, follow, max-snippet:-1, max-image-preview:large, max-video-preview:-1\" \/>\n<link rel=\"canonical\" href=\"https:\/\/noticiaempauta.com\/portal\/suspeito-e-preso-apos-tentar-furtar-mais-de-700-pacotes-de-cafe-e-leite-em-parnaiba\/\" \/>\n<meta property=\"og:locale\" content=\"pt_BR\" \/>\n<meta property=\"og:type\" content=\"article\" \/>\n<meta property=\"og:title\" content=\"Suspeito \u00e9 preso ap\u00f3s tentar furtar mais de 700 pacotes de caf\u00e9 e leite em Parna\u00edba\" \/>\n<meta property=\"og:description\" content=\"Um homem foi preso suspeito de tentar furtar mais de 700 pacotes de caf\u00e9 e leite em um supermercado\u00a0na Avenida S\u00e3o Sebasti\u00e3o,\u00a0em Parna\u00edba, no litoral do Piau\u00ed.\u00a0O crime foi notado por seguran\u00e7as que acionaram a Pol\u00edcia Militar que realizou a pris\u00e3o no estacionamento.\u00a0 O caso foi registrado na noite desta segunda-feira (07).\u00a0Al\u00e9m de pacotes de [&hellip;]\" \/>\n<meta property=\"og:url\" content=\"https:\/\/noticiaempauta.com\/portal\/suspeito-e-preso-apos-tentar-furtar-mais-de-700-pacotes-de-cafe-e-leite-em-parnaiba\/\" \/>\n<meta property=\"og:site_name\" content=\"Portal Not\u00edcia em Pauta\" \/>\n<meta property=\"article:publisher\" content=\"https:\/\/www.facebook.com\/Portal-Notcia-Em-Pauta-102292869264820\/\" \/>\n<meta property=\"article:published_time\" content=\"2025-04-09T00:43:57+00:00\" \/>\n<meta property=\"article:modified_time\" content=\"2025-04-09T00:43:59+00:00\" \/>\n<meta property=\"og:image\" content=\"https:\/\/noticiaempauta.com\/portal\/wp-content\/uploads\/2025\/04\/IMG_5894.jpeg\" \/>\n\t<meta property=\"og:image:width\" content=\"790\" \/>\n\t<meta property=\"og:image:height\" content=\"550\" \/>\n\t<meta property=\"og:image:type\" content=\"image\/jpeg\" \/>\n<meta name=\"author\" content=\"Reda\u00e7\u00e3o\" \/>\n<meta name=\"twitter:card\" content=\"summary_large_image\" \/>\n<meta name=\"twitter:label1\" content=\"Escrito por\" \/>\n\t<meta name=\"twitter:data1\" content=\"Reda\u00e7\u00e3o\" \/>\n\t<meta name=\"twitter:label2\" content=\"Est. tempo de leitura\" \/>\n\t<meta name=\"twitter:data2\" content=\"2 minutos\" \/>\n<script type=\"application\/ld+json\" class=\"yoast-schema-graph\">{\"@context\":\"https:\/\/schema.org\",\"@graph\":[{\"@type\":\"Article\",\"@id\":\"https:\/\/noticiaempauta.com\/portal\/suspeito-e-preso-apos-tentar-furtar-mais-de-700-pacotes-de-cafe-e-leite-em-parnaiba\/#article\",\"isPartOf\":{\"@id\":\"https:\/\/noticiaempauta.com\/portal\/suspeito-e-preso-apos-tentar-furtar-mais-de-700-pacotes-de-cafe-e-leite-em-parnaiba\/\"},\"author\":{\"name\":\"Reda\u00e7\u00e3o\",\"@id\":\"https:\/\/noticiaempauta.com\/portal\/#\/schema\/person\/a74af43dd1ab3deca45f988c717d57ac\"},\"headline\":\"Suspeito \u00e9 preso ap\u00f3s tentar furtar mais de 700 pacotes de caf\u00e9 e leite em Parna\u00edba\",\"datePublished\":\"2025-04-09T00:43:57+00:00\",\"dateModified\":\"2025-04-09T00:43:59+00:00\",\"mainEntityOfPage\":{\"@id\":\"https:\/\/noticiaempauta.com\/portal\/suspeito-e-preso-apos-tentar-furtar-mais-de-700-pacotes-de-cafe-e-leite-em-parnaiba\/\"},\"wordCount\":203,\"commentCount\":0,\"publisher\":{\"@id\":\"https:\/\/noticiaempauta.com\/portal\/#organization\"},\"image\":{\"@id\":\"https:\/\/noticiaempauta.com\/portal\/suspeito-e-preso-apos-tentar-furtar-mais-de-700-pacotes-de-cafe-e-leite-em-parnaiba\/#primaryimage\"},\"thumbnailUrl\":\"https:\/\/noticiaempauta.com\/portal\/wp-content\/uploads\/2025\/04\/IMG_5894.jpeg\",\"keywords\":[\"destaqueprincipal\"],\"articleSection\":[\"Destaques\",\"Geral\",\"Pol\u00edcia\",\"Todas as Not\u00edcias\"],\"inLanguage\":\"pt-BR\",\"potentialAction\":[{\"@type\":\"CommentAction\",\"name\":\"Comment\",\"target\":[\"https:\/\/noticiaempauta.com\/portal\/suspeito-e-preso-apos-tentar-furtar-mais-de-700-pacotes-de-cafe-e-leite-em-parnaiba\/#respond\"]}]},{\"@type\":\"WebPage\",\"@id\":\"https:\/\/noticiaempauta.com\/portal\/suspeito-e-preso-apos-tentar-furtar-mais-de-700-pacotes-de-cafe-e-leite-em-parnaiba\/\",\"url\":\"https:\/\/noticiaempauta.com\/portal\/suspeito-e-preso-apos-tentar-furtar-mais-de-700-pacotes-de-cafe-e-leite-em-parnaiba\/\",\"name\":\"Suspeito \u00e9 preso ap\u00f3s tentar furtar mais de 700 pacotes de caf\u00e9 e leite em Parna\u00edba - Portal Not\u00edcia em Pauta\",\"isPartOf\":{\"@id\":\"https:\/\/noticiaempauta.com\/portal\/#website\"},\"primaryImageOfPage\":{\"@id\":\"https:\/\/noticiaempauta.com\/portal\/suspeito-e-preso-apos-tentar-furtar-mais-de-700-pacotes-de-cafe-e-leite-em-parnaiba\/#primaryimage\"},\"image\":{\"@id\":\"https:\/\/noticiaempauta.com\/portal\/suspeito-e-preso-apos-tentar-furtar-mais-de-700-pacotes-de-cafe-e-leite-em-parnaiba\/#primaryimage\"},\"thumbnailUrl\":\"https:\/\/noticiaempauta.com\/portal\/wp-content\/uploads\/2025\/04\/IMG_5894.jpeg\",\"datePublished\":\"2025-04-09T00:43:57+00:00\",\"dateModified\":\"2025-04-09T00:43:59+00:00\",\"breadcrumb\":{\"@id\":\"https:\/\/noticiaempauta.com\/portal\/suspeito-e-preso-apos-tentar-furtar-mais-de-700-pacotes-de-cafe-e-leite-em-parnaiba\/#breadcrumb\"},\"inLanguage\":\"pt-BR\",\"potentialAction\":[{\"@type\":\"ReadAction\",\"target\":[\"https:\/\/noticiaempauta.com\/portal\/suspeito-e-preso-apos-tentar-furtar-mais-de-700-pacotes-de-cafe-e-leite-em-parnaiba\/\"]}]},{\"@type\":\"ImageObject\",\"inLanguage\":\"pt-BR\",\"@id\":\"https:\/\/noticiaempauta.com\/portal\/suspeito-e-preso-apos-tentar-furtar-mais-de-700-pacotes-de-cafe-e-leite-em-parnaiba\/#primaryimage\",\"url\":\"https:\/\/noticiaempauta.com\/portal\/wp-content\/uploads\/2025\/04\/IMG_5894.jpeg\",\"contentUrl\":\"https:\/\/noticiaempauta.com\/portal\/wp-content\/uploads\/2025\/04\/IMG_5894.jpeg\",\"width\":790,\"height\":550},{\"@type\":\"BreadcrumbList\",\"@id\":\"https:\/\/noticiaempauta.com\/portal\/suspeito-e-preso-apos-tentar-furtar-mais-de-700-pacotes-de-cafe-e-leite-em-parnaiba\/#breadcrumb\",\"itemListElement\":[{\"@type\":\"ListItem\",\"position\":1,\"name\":\"P\u00e1gina Inicial\",\"item\":\"https:\/\/noticiaempauta.com\/portal\/\"},{\"@type\":\"ListItem\",\"position\":2,\"name\":\"Destaques\",\"item\":\"https:\/\/noticiaempauta.com\/portal\/destaques-site\/\"},{\"@type\":\"ListItem\",\"position\":3,\"name\":\"Suspeito \u00e9 preso ap\u00f3s tentar furtar mais de 700 pacotes de caf\u00e9 e leite em Parna\u00edba\"}]},{\"@type\":\"WebSite\",\"@id\":\"https:\/\/noticiaempauta.com\/portal\/#website\",\"url\":\"https:\/\/noticiaempauta.com\/portal\/\",\"name\":\"Portal Not\u00edcia em Pauta\",\"description\":\"Voc\u00ea bem informado\",\"publisher\":{\"@id\":\"https:\/\/noticiaempauta.com\/portal\/#organization\"},\"potentialAction\":[{\"@type\":\"SearchAction\",\"target\":{\"@type\":\"EntryPoint\",\"urlTemplate\":\"https:\/\/noticiaempauta.com\/portal\/?s={search_term_string}\"},\"query-input\":{\"@type\":\"PropertyValueSpecification\",\"valueRequired\":true,\"valueName\":\"search_term_string\"}}],\"inLanguage\":\"pt-BR\"},{\"@type\":\"Organization\",\"@id\":\"https:\/\/noticiaempauta.com\/portal\/#organization\",\"name\":\"Portal Not\u00edcia em Pauta\",\"url\":\"https:\/\/noticiaempauta.com\/portal\/\",\"logo\":{\"@type\":\"ImageObject\",\"inLanguage\":\"pt-BR\",\"@id\":\"https:\/\/noticiaempauta.com\/portal\/#\/schema\/logo\/image\/\",\"url\":\"https:\/\/noticiaempauta.com\/portal\/wp-content\/uploads\/2022\/08\/logomarca_tema.fw_.png\",\"contentUrl\":\"https:\/\/noticiaempauta.com\/portal\/wp-content\/uploads\/2022\/08\/logomarca_tema.fw_.png\",\"width\":400,\"height\":232,\"caption\":\"Portal Not\u00edcia em Pauta\"},\"image\":{\"@id\":\"https:\/\/noticiaempauta.com\/portal\/#\/schema\/logo\/image\/\"},\"sameAs\":[\"https:\/\/www.facebook.com\/Portal-Notcia-Em-Pauta-102292869264820\/\",\"https:\/\/www.instagram.com\/portalnoticiaempauta\/\"]},{\"@type\":\"Person\",\"@id\":\"https:\/\/noticiaempauta.com\/portal\/#\/schema\/person\/a74af43dd1ab3deca45f988c717d57ac\",\"name\":\"Reda\u00e7\u00e3o\",\"image\":{\"@type\":\"ImageObject\",\"inLanguage\":\"pt-BR\",\"@id\":\"https:\/\/noticiaempauta.com\/portal\/#\/schema\/person\/image\/\",\"url\":\"https:\/\/secure.gravatar.com\/avatar\/03179346ecce6cdfc13361603e8f54242a90e5cde8618fa23c5c00aa2b0aadf3?s=96&d=mm&r=g\",\"contentUrl\":\"https:\/\/secure.gravatar.com\/avatar\/03179346ecce6cdfc13361603e8f54242a90e5cde8618fa23c5c00aa2b0aadf3?s=96&d=mm&r=g\",\"caption\":\"Reda\u00e7\u00e3o\"},\"sameAs\":[\"https:\/\/noticiaempauta.com\/portal\/\"],\"url\":\"https:\/\/noticiaempauta.com\/portal\/author\/fernando\/\"}]}<\/script>\n<!-- \/ Yoast SEO Premium plugin. -->","yoast_head_json":{"title":"Suspeito \u00e9 preso ap\u00f3s tentar furtar mais de 700 pacotes de caf\u00e9 e leite em Parna\u00edba - Portal Not\u00edcia em Pauta","robots":{"index":"index","follow":"follow","max-snippet":"max-snippet:-1","max-image-preview":"max-image-preview:large","max-video-preview":"max-video-preview:-1"},"canonical":"https:\/\/noticiaempauta.com\/portal\/suspeito-e-preso-apos-tentar-furtar-mais-de-700-pacotes-de-cafe-e-leite-em-parnaiba\/","og_locale":"pt_BR","og_type":"article","og_title":"Suspeito \u00e9 preso ap\u00f3s tentar furtar mais de 700 pacotes de caf\u00e9 e leite em Parna\u00edba","og_description":"Um homem foi preso suspeito de tentar furtar mais de 700 pacotes de caf\u00e9 e leite em um supermercado\u00a0na Avenida S\u00e3o Sebasti\u00e3o,\u00a0em Parna\u00edba, no litoral do Piau\u00ed.\u00a0O crime foi notado por seguran\u00e7as que acionaram a Pol\u00edcia Militar que realizou a pris\u00e3o no estacionamento.\u00a0 O caso foi registrado na noite desta segunda-feira (07).\u00a0Al\u00e9m de pacotes de [&hellip;]","og_url":"https:\/\/noticiaempauta.com\/portal\/suspeito-e-preso-apos-tentar-furtar-mais-de-700-pacotes-de-cafe-e-leite-em-parnaiba\/","og_site_name":"Portal Not\u00edcia em Pauta","article_publisher":"https:\/\/www.facebook.com\/Portal-Notcia-Em-Pauta-102292869264820\/","article_published_time":"2025-04-09T00:43:57+00:00","article_modified_time":"2025-04-09T00:43:59+00:00","og_image":[{"width":790,"height":550,"url":"https:\/\/noticiaempauta.com\/portal\/wp-content\/uploads\/2025\/04\/IMG_5894.jpeg","type":"image\/jpeg"}],"author":"Reda\u00e7\u00e3o","twitter_card":"summary_large_image","twitter_misc":{"Escrito por":"Reda\u00e7\u00e3o","Est. tempo de leitura":"2 minutos"},"schema":{"@context":"https:\/\/schema.org","@graph":[{"@type":"Article","@id":"https:\/\/noticiaempauta.com\/portal\/suspeito-e-preso-apos-tentar-furtar-mais-de-700-pacotes-de-cafe-e-leite-em-parnaiba\/#article","isPartOf":{"@id":"https:\/\/noticiaempauta.com\/portal\/suspeito-e-preso-apos-tentar-furtar-mais-de-700-pacotes-de-cafe-e-leite-em-parnaiba\/"},"author":{"name":"Reda\u00e7\u00e3o","@id":"https:\/\/noticiaempauta.com\/portal\/#\/schema\/person\/a74af43dd1ab3deca45f988c717d57ac"},"headline":"Suspeito \u00e9 preso ap\u00f3s tentar furtar mais de 700 pacotes de caf\u00e9 e leite em Parna\u00edba","datePublished":"2025-04-09T00:43:57+00:00","dateModified":"2025-04-09T00:43:59+00:00","mainEntityOfPage":{"@id":"https:\/\/noticiaempauta.com\/portal\/suspeito-e-preso-apos-tentar-furtar-mais-de-700-pacotes-de-cafe-e-leite-em-parnaiba\/"},"wordCount":203,"commentCount":0,"publisher":{"@id":"https:\/\/noticiaempauta.com\/portal\/#organization"},"image":{"@id":"https:\/\/noticiaempauta.com\/portal\/suspeito-e-preso-apos-tentar-furtar-mais-de-700-pacotes-de-cafe-e-leite-em-parnaiba\/#primaryimage"},"thumbnailUrl":"https:\/\/noticiaempauta.com\/portal\/wp-content\/uploads\/2025\/04\/IMG_5894.jpeg","keywords":["destaqueprincipal"],"articleSection":["Destaques","Geral","Pol\u00edcia","Todas as Not\u00edcias"],"inLanguage":"pt-BR","potentialAction":[{"@type":"CommentAction","name":"Comment","target":["https:\/\/noticiaempauta.com\/portal\/suspeito-e-preso-apos-tentar-furtar-mais-de-700-pacotes-de-cafe-e-leite-em-parnaiba\/#respond"]}]},{"@type":"WebPage","@id":"https:\/\/noticiaempauta.com\/portal\/suspeito-e-preso-apos-tentar-furtar-mais-de-700-pacotes-de-cafe-e-leite-em-parnaiba\/","url":"https:\/\/noticiaempauta.com\/portal\/suspeito-e-preso-apos-tentar-furtar-mais-de-700-pacotes-de-cafe-e-leite-em-parnaiba\/","name":"Suspeito \u00e9 preso ap\u00f3s tentar furtar mais de 700 pacotes de caf\u00e9 e leite em Parna\u00edba - Portal Not\u00edcia em Pauta","isPartOf":{"@id":"https:\/\/noticiaempauta.com\/portal\/#website"},"primaryImageOfPage":{"@id":"https:\/\/noticiaempauta.com\/portal\/suspeito-e-preso-apos-tentar-furtar-mais-de-700-pacotes-de-cafe-e-leite-em-parnaiba\/#primaryimage"},"image":{"@id":"https:\/\/noticiaempauta.com\/portal\/suspeito-e-preso-apos-tentar-furtar-mais-de-700-pacotes-de-cafe-e-leite-em-parnaiba\/#primaryimage"},"thumbnailUrl":"https:\/\/noticiaempauta.com\/portal\/wp-content\/uploads\/2025\/04\/IMG_5894.jpeg","datePublished":"2025-04-09T00:43:57+00:00","dateModified":"2025-04-09T00:43:59+00:00","breadcrumb":{"@id":"https:\/\/noticiaempauta.com\/portal\/suspeito-e-preso-apos-tentar-furtar-mais-de-700-pacotes-de-cafe-e-leite-em-parnaiba\/#breadcrumb"},"inLanguage":"pt-BR","potentialAction":[{"@type":"ReadAction","target":["https:\/\/noticiaempauta.com\/portal\/suspeito-e-preso-apos-tentar-furtar-mais-de-700-pacotes-de-cafe-e-leite-em-parnaiba\/"]}]},{"@type":"ImageObject","inLanguage":"pt-BR","@id":"https:\/\/noticiaempauta.com\/portal\/suspeito-e-preso-apos-tentar-furtar-mais-de-700-pacotes-de-cafe-e-leite-em-parnaiba\/#primaryimage","url":"https:\/\/noticiaempauta.com\/portal\/wp-content\/uploads\/2025\/04\/IMG_5894.jpeg","contentUrl":"https:\/\/noticiaempauta.com\/portal\/wp-content\/uploads\/2025\/04\/IMG_5894.jpeg","width":790,"height":550},{"@type":"BreadcrumbList","@id":"https:\/\/noticiaempauta.com\/portal\/suspeito-e-preso-apos-tentar-furtar-mais-de-700-pacotes-de-cafe-e-leite-em-parnaiba\/#breadcrumb","itemListElement":[{"@type":"ListItem","position":1,"name":"P\u00e1gina Inicial","item":"https:\/\/noticiaempauta.com\/portal\/"},{"@type":"ListItem","position":2,"name":"Destaques","item":"https:\/\/noticiaempauta.com\/portal\/destaques-site\/"},{"@type":"ListItem","position":3,"name":"Suspeito \u00e9 preso ap\u00f3s tentar furtar mais de 700 pacotes de caf\u00e9 e leite em Parna\u00edba"}]},{"@type":"WebSite","@id":"https:\/\/noticiaempauta.com\/portal\/#website","url":"https:\/\/noticiaempauta.com\/portal\/","name":"Portal Not\u00edcia em Pauta","description":"Voc\u00ea bem informado","publisher":{"@id":"https:\/\/noticiaempauta.com\/portal\/#organization"},"potentialAction":[{"@type":"SearchAction","target":{"@type":"EntryPoint","urlTemplate":"https:\/\/noticiaempauta.com\/portal\/?s={search_term_string}"},"query-input":{"@type":"PropertyValueSpecification","valueRequired":true,"valueName":"search_term_string"}}],"inLanguage":"pt-BR"},{"@type":"Organization","@id":"https:\/\/noticiaempauta.com\/portal\/#organization","name":"Portal Not\u00edcia em Pauta","url":"https:\/\/noticiaempauta.com\/portal\/","logo":{"@type":"ImageObject","inLanguage":"pt-BR","@id":"https:\/\/noticiaempauta.com\/portal\/#\/schema\/logo\/image\/","url":"https:\/\/noticiaempauta.com\/portal\/wp-content\/uploads\/2022\/08\/logomarca_tema.fw_.png","contentUrl":"https:\/\/noticiaempauta.com\/portal\/wp-content\/uploads\/2022\/08\/logomarca_tema.fw_.png","width":400,"height":232,"caption":"Portal Not\u00edcia em Pauta"},"image":{"@id":"https:\/\/noticiaempauta.com\/portal\/#\/schema\/logo\/image\/"},"sameAs":["https:\/\/www.facebook.com\/Portal-Notcia-Em-Pauta-102292869264820\/","https:\/\/www.instagram.com\/portalnoticiaempauta\/"]},{"@type":"Person","@id":"https:\/\/noticiaempauta.com\/portal\/#\/schema\/person\/a74af43dd1ab3deca45f988c717d57ac","name":"Reda\u00e7\u00e3o","image":{"@type":"ImageObject","inLanguage":"pt-BR","@id":"https:\/\/noticiaempauta.com\/portal\/#\/schema\/person\/image\/","url":"https:\/\/secure.gravatar.com\/avatar\/03179346ecce6cdfc13361603e8f54242a90e5cde8618fa23c5c00aa2b0aadf3?s=96&d=mm&r=g","contentUrl":"https:\/\/secure.gravatar.com\/avatar\/03179346ecce6cdfc13361603e8f54242a90e5cde8618fa23c5c00aa2b0aadf3?s=96&d=mm&r=g","caption":"Reda\u00e7\u00e3o"},"sameAs":["https:\/\/noticiaempauta.com\/portal\/"],"url":"https:\/\/noticiaempauta.com\/portal\/author\/fernando\/"}]}},"_links":{"self":[{"href":"https:\/\/noticiaempauta.com\/portal\/wp-json\/wp\/v2\/posts\/269908","targetHints":{"allow":["GET"]}}],"collection":[{"href":"https:\/\/noticiaempauta.com\/portal\/wp-json\/wp\/v2\/posts"}],"about":[{"href":"https:\/\/noticiaempauta.com\/portal\/wp-json\/wp\/v2\/types\/post"}],"author":[{"embeddable":true,"href":"https:\/\/noticiaempauta.com\/portal\/wp-json\/wp\/v2\/users\/2"}],"replies":[{"embeddable":true,"href":"https:\/\/noticiaempauta.com\/portal\/wp-json\/wp\/v2\/comments?post=269908"}],"version-history":[{"count":2,"href":"https:\/\/noticiaempauta.com\/portal\/wp-json\/wp\/v2\/posts\/269908\/revisions"}],"predecessor-version":[{"id":269913,"href":"https:\/\/noticiaempauta.com\/portal\/wp-json\/wp\/v2\/posts\/269908\/revisions\/269913"}],"wp:featuredmedia":[{"embeddable":true,"href":"https:\/\/noticiaempauta.com\/portal\/wp-json\/wp\/v2\/media\/269910"}],"wp:attachment":[{"href":"https:\/\/noticiaempauta.com\/portal\/wp-json\/wp\/v2\/media?parent=269908"}],"wp:term":[{"taxonomy":"category","embeddable":true,"href":"https:\/\/noticiaempauta.com\/portal\/wp-json\/wp\/v2\/categories?post=269908"},{"taxonomy":"post_tag","embeddable":true,"href":"https:\/\/noticiaempauta.com\/portal\/wp-json\/wp\/v2\/tags?post=269908"}],"curies":[{"name":"wp","href":"https:\/\/api.w.org\/{rel}","templated":true}]}}