{"id":269921,"date":"2025-04-09T09:38:03","date_gmt":"2025-04-09T12:38:03","guid":{"rendered":"https:\/\/noticiaempauta.com\/portal\/?p=269921"},"modified":"2025-04-09T09:38:05","modified_gmt":"2025-04-09T12:38:05","slug":"plano-de-defesa-civil-e-lancado-para-garantir-acoes-rapidas-diante-de-eventos-climaticos-extremos-no-piaui","status":"publish","type":"post","link":"https:\/\/noticiaempauta.com\/portal\/plano-de-defesa-civil-e-lancado-para-garantir-acoes-rapidas-diante-de-eventos-climaticos-extremos-no-piaui\/","title":{"rendered":"Plano de Defesa Civil \u00e9 lan\u00e7ado para garantir a\u00e7\u00f5es r\u00e1pidas diante de eventos clim\u00e1ticos extremos no Piau\u00ed"},"content":{"rendered":"\n<p>O governador Rafael Fonteles lan\u00e7ou, nesta ter\u00e7a-feira (08), no Pal\u00e1cio de Karnak, o Plano Estadual de Prote\u00e7\u00e3o e Defesa Civil do Piau\u00ed, que estabelece diretrizes e procedimentos para a gest\u00e3o de riscos e desastres no estado. O objetivo principal \u00e9 organizar e coordenar as a\u00e7\u00f5es das autoridades em todas as fases da Defesa Civil: preven\u00e7\u00e3o, mitiga\u00e7\u00e3o, prepara\u00e7\u00e3o, resposta e reconstru\u00e7\u00e3o. A meta \u00e9 minimizar os impactos de eventos adversos sobre a popula\u00e7\u00e3o, o meio ambiente e o patrim\u00f4nio p\u00fablico e privado.<\/p>\n\n\n\n<figure class=\"wp-block-image size-large\"><img fetchpriority=\"high\" decoding=\"async\" width=\"1024\" height=\"682\" src=\"https:\/\/noticiaempauta.com\/portal\/wp-content\/uploads\/2025\/04\/Plano-Defesa-Civil-5-1024x682.jpeg\" alt=\"\" class=\"wp-image-269922\" srcset=\"https:\/\/noticiaempauta.com\/portal\/wp-content\/uploads\/2025\/04\/Plano-Defesa-Civil-5-1024x682.jpeg 1024w, https:\/\/noticiaempauta.com\/portal\/wp-content\/uploads\/2025\/04\/Plano-Defesa-Civil-5-300x200.jpeg 300w, https:\/\/noticiaempauta.com\/portal\/wp-content\/uploads\/2025\/04\/Plano-Defesa-Civil-5-768x512.jpeg 768w, https:\/\/noticiaempauta.com\/portal\/wp-content\/uploads\/2025\/04\/Plano-Defesa-Civil-5.jpeg 1280w\" sizes=\"(max-width: 1024px) 100vw, 1024px\" \/><figcaption class=\"wp-element-caption\"><em>Foto: Gabriel Paulino<\/em><\/figcaption><\/figure>\n\n\n\n<p>Durante a solenidade, Rafael Fonteles destacou que o plano refor\u00e7a a import\u00e2ncia do planejamento como ferramenta essencial para prevenir e responder rapidamente a eventos clim\u00e1ticos extremos. \u201c\u00c9 com planejamento e a\u00e7\u00f5es integradas que conseguimos dar respostas r\u00e1pidas aos problemas da sociedade e, na Defesa Civil, isso \u00e9 ainda mais fundamental. Por isso, parabenizo nossa equipe pela elabora\u00e7\u00e3o do primeiro Plano Estadual de Prote\u00e7\u00e3o e Defesa Civil do Nordeste\u201d, ressaltou.<\/p>\n\n\n\n<p>Fonteles citou o caso recente de Picos, que sofreu com o excesso de chuvas e registrou grandes preju\u00edzos, inclusive com perda de vidas. \u201cConseguimos mitigar os efeitos gra\u00e7as a uma resposta r\u00e1pida e intersetorial. Agora, o que nos preocupa \u00e9 a estiagem, que come\u00e7ou mais cedo e deve ser prolongada. J\u00e1 temos mais de 129 munic\u00edpios em situa\u00e7\u00e3o de emerg\u00eancia\u201d, alertou o governador.<\/p>\n\n\n\n<p>Em resposta \u00e0 seca verde, o Governo do Estado iniciou a Opera\u00e7\u00e3o Carro-Pipa, com a libera\u00e7\u00e3o de mais de R$ 6 milh\u00f5es para atender os munic\u00edpios afetados. Tamb\u00e9m est\u00e3o sendo adotadas medidas de apoio \u00e0 agricultura familiar, como o Seguro Safra, para auxiliar os agricultores que perderam suas colheitas.<\/p>\n\n\n\n<p>\u201cEstamos em parceria com a Associa\u00e7\u00e3o Piauiense de Munic\u00edpios e o Governo Federal para oferecer uma resposta r\u00e1pida e ajudar todas as fam\u00edlias piauienses a enfrentar esse momento dif\u00edcil. Estive recentemente em Fartura do Piau\u00ed, onde a seca come\u00e7ou ainda durante o per\u00edodo normalmente chuvoso. A vegeta\u00e7\u00e3o ainda est\u00e1 verde, mas a falta de chuva j\u00e1 compromete o abastecimento humano e a produ\u00e7\u00e3o\u201d, relatou Fonteles.<\/p>\n\n\n\n<p>O secret\u00e1rio estadual da Defesa Civil, Nerinho, afirmou que o governador Rafael Fonteles tem buscado constantemente inova\u00e7\u00e3o e aperfei\u00e7oamento para minimizar o sofrimento das fam\u00edlias e melhorar a qualidade de vida da popula\u00e7\u00e3o. \u201cEste plano foi constru\u00eddo com a coordena\u00e7\u00e3o da Defesa Civil, em parceria com as secretarias do Planejamento, do Meio Ambiente, da Agricultura Familiar, da Defesa Agropecu\u00e1ria e Corpo de Bombeiros\u201d, explicou.<\/p>\n\n\n\n<p>O diretor de Preven\u00e7\u00e3o e Mitiga\u00e7\u00e3o da Secretaria de Estado da Defesa Civil (Sedec), Werton Costa, destacou o aumento dos eventos extremos no pa\u00eds e a consequente necessidade de reestruturar a Defesa Civil. \u201cPrecisamos de mais preparo, melhores equipamentos, recursos humanos qualificados e, principalmente, a capacidade de expandir esse conhecimento para o interior. O plano \u00e9 uma estrat\u00e9gia ousada, por\u00e9m essencial. Ele eleva a nossa Defesa Civil ao mais alto patamar nacional\u201d, concluiu.<\/p>\n\n\n\n<p>O plano ainda contar\u00e1 com o Defesa Civil Alerta (DCA), uma ferramenta de monitoramento e preven\u00e7\u00e3o. O sistema utiliza uma tecnologia conhecida como \u201cCell Broadcast\u201d, para o envio de mensagens de emerg\u00eancia via telefonia celular. Diferentemente do modelo anterior, que exigia cadastro pr\u00e9vio via SMS, o novo sistema enviar\u00e1 mensagens autom\u00e1ticas para todos os celulares conectados \u00e0s redes 4G e 5G dentro de \u00e1reas de risco.<\/p>\n\n\n\n<p>CCOM-PI<\/p>\n","protected":false},"excerpt":{"rendered":"<p>O governador Rafael Fonteles lan\u00e7ou, nesta ter\u00e7a-feira (08), no Pal\u00e1cio de Karnak, o Plano Estadual de Prote\u00e7\u00e3o e Defesa Civil do Piau\u00ed, que estabelece diretrizes e procedimentos para a gest\u00e3o de riscos e desastres no estado. O objetivo principal \u00e9 organizar e coordenar as a\u00e7\u00f5es das autoridades em todas as fases da Defesa Civil: preven\u00e7\u00e3o, [&hellip;]<\/p>\n","protected":false},"author":2,"featured_media":269922,"comment_status":"open","ping_status":"open","sticky":false,"template":"","format":"standard","meta":{"_mi_skip_tracking":false,"footnotes":""},"categories":[25,1,9,16],"tags":[192],"class_list":["post-269921","post","type-post","status-publish","format-standard","has-post-thumbnail","hentry","category-destaques-site","category-geral","category-municipios","category-todas","tag-destaqueprincipal"],"acf":[],"yoast_head":"<!-- This site is optimized with the Yoast SEO Premium plugin v19.2 (Yoast SEO v26.9) - https:\/\/yoast.com\/product\/yoast-seo-premium-wordpress\/ -->\n<title>Plano de Defesa Civil \u00e9 lan\u00e7ado para garantir a\u00e7\u00f5es r\u00e1pidas diante de eventos clim\u00e1ticos extremos no Piau\u00ed - Portal Not\u00edcia em Pauta<\/title>\n<meta name=\"robots\" content=\"index, follow, max-snippet:-1, max-image-preview:large, max-video-preview:-1\" \/>\n<link rel=\"canonical\" href=\"https:\/\/noticiaempauta.com\/portal\/plano-de-defesa-civil-e-lancado-para-garantir-acoes-rapidas-diante-de-eventos-climaticos-extremos-no-piaui\/\" \/>\n<meta property=\"og:locale\" content=\"pt_BR\" \/>\n<meta property=\"og:type\" content=\"article\" \/>\n<meta property=\"og:title\" content=\"Plano de Defesa Civil \u00e9 lan\u00e7ado para garantir a\u00e7\u00f5es r\u00e1pidas diante de eventos clim\u00e1ticos extremos no Piau\u00ed\" \/>\n<meta property=\"og:description\" content=\"O governador Rafael Fonteles lan\u00e7ou, nesta ter\u00e7a-feira (08), no Pal\u00e1cio de Karnak, o Plano Estadual de Prote\u00e7\u00e3o e Defesa Civil do Piau\u00ed, que estabelece diretrizes e procedimentos para a gest\u00e3o de riscos e desastres no estado. O objetivo principal \u00e9 organizar e coordenar as a\u00e7\u00f5es das autoridades em todas as fases da Defesa Civil: preven\u00e7\u00e3o, [&hellip;]\" \/>\n<meta property=\"og:url\" content=\"https:\/\/noticiaempauta.com\/portal\/plano-de-defesa-civil-e-lancado-para-garantir-acoes-rapidas-diante-de-eventos-climaticos-extremos-no-piaui\/\" \/>\n<meta property=\"og:site_name\" content=\"Portal Not\u00edcia em Pauta\" \/>\n<meta property=\"article:publisher\" content=\"https:\/\/www.facebook.com\/Portal-Notcia-Em-Pauta-102292869264820\/\" \/>\n<meta property=\"article:published_time\" content=\"2025-04-09T12:38:03+00:00\" \/>\n<meta property=\"article:modified_time\" content=\"2025-04-09T12:38:05+00:00\" \/>\n<meta property=\"og:image\" content=\"https:\/\/noticiaempauta.com\/portal\/wp-content\/uploads\/2025\/04\/Plano-Defesa-Civil-5.jpeg\" \/>\n\t<meta property=\"og:image:width\" content=\"1280\" \/>\n\t<meta property=\"og:image:height\" content=\"853\" \/>\n\t<meta property=\"og:image:type\" content=\"image\/jpeg\" \/>\n<meta name=\"author\" content=\"Reda\u00e7\u00e3o\" \/>\n<meta name=\"twitter:card\" content=\"summary_large_image\" \/>\n<meta name=\"twitter:label1\" content=\"Escrito por\" \/>\n\t<meta name=\"twitter:data1\" content=\"Reda\u00e7\u00e3o\" \/>\n\t<meta name=\"twitter:label2\" content=\"Est. tempo de leitura\" \/>\n\t<meta name=\"twitter:data2\" content=\"4 minutos\" \/>\n<script type=\"application\/ld+json\" class=\"yoast-schema-graph\">{\"@context\":\"https:\/\/schema.org\",\"@graph\":[{\"@type\":\"Article\",\"@id\":\"https:\/\/noticiaempauta.com\/portal\/plano-de-defesa-civil-e-lancado-para-garantir-acoes-rapidas-diante-de-eventos-climaticos-extremos-no-piaui\/#article\",\"isPartOf\":{\"@id\":\"https:\/\/noticiaempauta.com\/portal\/plano-de-defesa-civil-e-lancado-para-garantir-acoes-rapidas-diante-de-eventos-climaticos-extremos-no-piaui\/\"},\"author\":{\"name\":\"Reda\u00e7\u00e3o\",\"@id\":\"https:\/\/noticiaempauta.com\/portal\/#\/schema\/person\/a74af43dd1ab3deca45f988c717d57ac\"},\"headline\":\"Plano de Defesa Civil \u00e9 lan\u00e7ado para garantir a\u00e7\u00f5es r\u00e1pidas diante de eventos clim\u00e1ticos extremos no Piau\u00ed\",\"datePublished\":\"2025-04-09T12:38:03+00:00\",\"dateModified\":\"2025-04-09T12:38:05+00:00\",\"mainEntityOfPage\":{\"@id\":\"https:\/\/noticiaempauta.com\/portal\/plano-de-defesa-civil-e-lancado-para-garantir-acoes-rapidas-diante-de-eventos-climaticos-extremos-no-piaui\/\"},\"wordCount\":602,\"commentCount\":0,\"publisher\":{\"@id\":\"https:\/\/noticiaempauta.com\/portal\/#organization\"},\"image\":{\"@id\":\"https:\/\/noticiaempauta.com\/portal\/plano-de-defesa-civil-e-lancado-para-garantir-acoes-rapidas-diante-de-eventos-climaticos-extremos-no-piaui\/#primaryimage\"},\"thumbnailUrl\":\"https:\/\/noticiaempauta.com\/portal\/wp-content\/uploads\/2025\/04\/Plano-Defesa-Civil-5.jpeg\",\"keywords\":[\"destaqueprincipal\"],\"articleSection\":[\"Destaques\",\"Geral\",\"Munic\u00edpios\",\"Todas as Not\u00edcias\"],\"inLanguage\":\"pt-BR\",\"potentialAction\":[{\"@type\":\"CommentAction\",\"name\":\"Comment\",\"target\":[\"https:\/\/noticiaempauta.com\/portal\/plano-de-defesa-civil-e-lancado-para-garantir-acoes-rapidas-diante-de-eventos-climaticos-extremos-no-piaui\/#respond\"]}]},{\"@type\":\"WebPage\",\"@id\":\"https:\/\/noticiaempauta.com\/portal\/plano-de-defesa-civil-e-lancado-para-garantir-acoes-rapidas-diante-de-eventos-climaticos-extremos-no-piaui\/\",\"url\":\"https:\/\/noticiaempauta.com\/portal\/plano-de-defesa-civil-e-lancado-para-garantir-acoes-rapidas-diante-de-eventos-climaticos-extremos-no-piaui\/\",\"name\":\"Plano de Defesa Civil \u00e9 lan\u00e7ado para garantir a\u00e7\u00f5es r\u00e1pidas diante de eventos clim\u00e1ticos extremos no Piau\u00ed - Portal Not\u00edcia em Pauta\",\"isPartOf\":{\"@id\":\"https:\/\/noticiaempauta.com\/portal\/#website\"},\"primaryImageOfPage\":{\"@id\":\"https:\/\/noticiaempauta.com\/portal\/plano-de-defesa-civil-e-lancado-para-garantir-acoes-rapidas-diante-de-eventos-climaticos-extremos-no-piaui\/#primaryimage\"},\"image\":{\"@id\":\"https:\/\/noticiaempauta.com\/portal\/plano-de-defesa-civil-e-lancado-para-garantir-acoes-rapidas-diante-de-eventos-climaticos-extremos-no-piaui\/#primaryimage\"},\"thumbnailUrl\":\"https:\/\/noticiaempauta.com\/portal\/wp-content\/uploads\/2025\/04\/Plano-Defesa-Civil-5.jpeg\",\"datePublished\":\"2025-04-09T12:38:03+00:00\",\"dateModified\":\"2025-04-09T12:38:05+00:00\",\"breadcrumb\":{\"@id\":\"https:\/\/noticiaempauta.com\/portal\/plano-de-defesa-civil-e-lancado-para-garantir-acoes-rapidas-diante-de-eventos-climaticos-extremos-no-piaui\/#breadcrumb\"},\"inLanguage\":\"pt-BR\",\"potentialAction\":[{\"@type\":\"ReadAction\",\"target\":[\"https:\/\/noticiaempauta.com\/portal\/plano-de-defesa-civil-e-lancado-para-garantir-acoes-rapidas-diante-de-eventos-climaticos-extremos-no-piaui\/\"]}]},{\"@type\":\"ImageObject\",\"inLanguage\":\"pt-BR\",\"@id\":\"https:\/\/noticiaempauta.com\/portal\/plano-de-defesa-civil-e-lancado-para-garantir-acoes-rapidas-diante-de-eventos-climaticos-extremos-no-piaui\/#primaryimage\",\"url\":\"https:\/\/noticiaempauta.com\/portal\/wp-content\/uploads\/2025\/04\/Plano-Defesa-Civil-5.jpeg\",\"contentUrl\":\"https:\/\/noticiaempauta.com\/portal\/wp-content\/uploads\/2025\/04\/Plano-Defesa-Civil-5.jpeg\",\"width\":1280,\"height\":853},{\"@type\":\"BreadcrumbList\",\"@id\":\"https:\/\/noticiaempauta.com\/portal\/plano-de-defesa-civil-e-lancado-para-garantir-acoes-rapidas-diante-de-eventos-climaticos-extremos-no-piaui\/#breadcrumb\",\"itemListElement\":[{\"@type\":\"ListItem\",\"position\":1,\"name\":\"P\u00e1gina Inicial\",\"item\":\"https:\/\/noticiaempauta.com\/portal\/\"},{\"@type\":\"ListItem\",\"position\":2,\"name\":\"Destaques\",\"item\":\"https:\/\/noticiaempauta.com\/portal\/destaques-site\/\"},{\"@type\":\"ListItem\",\"position\":3,\"name\":\"Plano de Defesa Civil \u00e9 lan\u00e7ado para garantir a\u00e7\u00f5es r\u00e1pidas diante de eventos clim\u00e1ticos extremos no Piau\u00ed\"}]},{\"@type\":\"WebSite\",\"@id\":\"https:\/\/noticiaempauta.com\/portal\/#website\",\"url\":\"https:\/\/noticiaempauta.com\/portal\/\",\"name\":\"Portal Not\u00edcia em Pauta\",\"description\":\"Voc\u00ea bem informado\",\"publisher\":{\"@id\":\"https:\/\/noticiaempauta.com\/portal\/#organization\"},\"potentialAction\":[{\"@type\":\"SearchAction\",\"target\":{\"@type\":\"EntryPoint\",\"urlTemplate\":\"https:\/\/noticiaempauta.com\/portal\/?s={search_term_string}\"},\"query-input\":{\"@type\":\"PropertyValueSpecification\",\"valueRequired\":true,\"valueName\":\"search_term_string\"}}],\"inLanguage\":\"pt-BR\"},{\"@type\":\"Organization\",\"@id\":\"https:\/\/noticiaempauta.com\/portal\/#organization\",\"name\":\"Portal Not\u00edcia em Pauta\",\"url\":\"https:\/\/noticiaempauta.com\/portal\/\",\"logo\":{\"@type\":\"ImageObject\",\"inLanguage\":\"pt-BR\",\"@id\":\"https:\/\/noticiaempauta.com\/portal\/#\/schema\/logo\/image\/\",\"url\":\"https:\/\/noticiaempauta.com\/portal\/wp-content\/uploads\/2022\/08\/logomarca_tema.fw_.png\",\"contentUrl\":\"https:\/\/noticiaempauta.com\/portal\/wp-content\/uploads\/2022\/08\/logomarca_tema.fw_.png\",\"width\":400,\"height\":232,\"caption\":\"Portal Not\u00edcia em Pauta\"},\"image\":{\"@id\":\"https:\/\/noticiaempauta.com\/portal\/#\/schema\/logo\/image\/\"},\"sameAs\":[\"https:\/\/www.facebook.com\/Portal-Notcia-Em-Pauta-102292869264820\/\",\"https:\/\/www.instagram.com\/portalnoticiaempauta\/\"]},{\"@type\":\"Person\",\"@id\":\"https:\/\/noticiaempauta.com\/portal\/#\/schema\/person\/a74af43dd1ab3deca45f988c717d57ac\",\"name\":\"Reda\u00e7\u00e3o\",\"image\":{\"@type\":\"ImageObject\",\"inLanguage\":\"pt-BR\",\"@id\":\"https:\/\/noticiaempauta.com\/portal\/#\/schema\/person\/image\/\",\"url\":\"https:\/\/secure.gravatar.com\/avatar\/03179346ecce6cdfc13361603e8f54242a90e5cde8618fa23c5c00aa2b0aadf3?s=96&d=mm&r=g\",\"contentUrl\":\"https:\/\/secure.gravatar.com\/avatar\/03179346ecce6cdfc13361603e8f54242a90e5cde8618fa23c5c00aa2b0aadf3?s=96&d=mm&r=g\",\"caption\":\"Reda\u00e7\u00e3o\"},\"sameAs\":[\"https:\/\/noticiaempauta.com\/portal\/\"],\"url\":\"https:\/\/noticiaempauta.com\/portal\/author\/fernando\/\"}]}<\/script>\n<!-- \/ Yoast SEO Premium plugin. -->","yoast_head_json":{"title":"Plano de Defesa Civil \u00e9 lan\u00e7ado para garantir a\u00e7\u00f5es r\u00e1pidas diante de eventos clim\u00e1ticos extremos no Piau\u00ed - Portal Not\u00edcia em Pauta","robots":{"index":"index","follow":"follow","max-snippet":"max-snippet:-1","max-image-preview":"max-image-preview:large","max-video-preview":"max-video-preview:-1"},"canonical":"https:\/\/noticiaempauta.com\/portal\/plano-de-defesa-civil-e-lancado-para-garantir-acoes-rapidas-diante-de-eventos-climaticos-extremos-no-piaui\/","og_locale":"pt_BR","og_type":"article","og_title":"Plano de Defesa Civil \u00e9 lan\u00e7ado para garantir a\u00e7\u00f5es r\u00e1pidas diante de eventos clim\u00e1ticos extremos no Piau\u00ed","og_description":"O governador Rafael Fonteles lan\u00e7ou, nesta ter\u00e7a-feira (08), no Pal\u00e1cio de Karnak, o Plano Estadual de Prote\u00e7\u00e3o e Defesa Civil do Piau\u00ed, que estabelece diretrizes e procedimentos para a gest\u00e3o de riscos e desastres no estado. O objetivo principal \u00e9 organizar e coordenar as a\u00e7\u00f5es das autoridades em todas as fases da Defesa Civil: preven\u00e7\u00e3o, [&hellip;]","og_url":"https:\/\/noticiaempauta.com\/portal\/plano-de-defesa-civil-e-lancado-para-garantir-acoes-rapidas-diante-de-eventos-climaticos-extremos-no-piaui\/","og_site_name":"Portal Not\u00edcia em Pauta","article_publisher":"https:\/\/www.facebook.com\/Portal-Notcia-Em-Pauta-102292869264820\/","article_published_time":"2025-04-09T12:38:03+00:00","article_modified_time":"2025-04-09T12:38:05+00:00","og_image":[{"width":1280,"height":853,"url":"https:\/\/noticiaempauta.com\/portal\/wp-content\/uploads\/2025\/04\/Plano-Defesa-Civil-5.jpeg","type":"image\/jpeg"}],"author":"Reda\u00e7\u00e3o","twitter_card":"summary_large_image","twitter_misc":{"Escrito por":"Reda\u00e7\u00e3o","Est. tempo de leitura":"4 minutos"},"schema":{"@context":"https:\/\/schema.org","@graph":[{"@type":"Article","@id":"https:\/\/noticiaempauta.com\/portal\/plano-de-defesa-civil-e-lancado-para-garantir-acoes-rapidas-diante-de-eventos-climaticos-extremos-no-piaui\/#article","isPartOf":{"@id":"https:\/\/noticiaempauta.com\/portal\/plano-de-defesa-civil-e-lancado-para-garantir-acoes-rapidas-diante-de-eventos-climaticos-extremos-no-piaui\/"},"author":{"name":"Reda\u00e7\u00e3o","@id":"https:\/\/noticiaempauta.com\/portal\/#\/schema\/person\/a74af43dd1ab3deca45f988c717d57ac"},"headline":"Plano de Defesa Civil \u00e9 lan\u00e7ado para garantir a\u00e7\u00f5es r\u00e1pidas diante de eventos clim\u00e1ticos extremos no Piau\u00ed","datePublished":"2025-04-09T12:38:03+00:00","dateModified":"2025-04-09T12:38:05+00:00","mainEntityOfPage":{"@id":"https:\/\/noticiaempauta.com\/portal\/plano-de-defesa-civil-e-lancado-para-garantir-acoes-rapidas-diante-de-eventos-climaticos-extremos-no-piaui\/"},"wordCount":602,"commentCount":0,"publisher":{"@id":"https:\/\/noticiaempauta.com\/portal\/#organization"},"image":{"@id":"https:\/\/noticiaempauta.com\/portal\/plano-de-defesa-civil-e-lancado-para-garantir-acoes-rapidas-diante-de-eventos-climaticos-extremos-no-piaui\/#primaryimage"},"thumbnailUrl":"https:\/\/noticiaempauta.com\/portal\/wp-content\/uploads\/2025\/04\/Plano-Defesa-Civil-5.jpeg","keywords":["destaqueprincipal"],"articleSection":["Destaques","Geral","Munic\u00edpios","Todas as Not\u00edcias"],"inLanguage":"pt-BR","potentialAction":[{"@type":"CommentAction","name":"Comment","target":["https:\/\/noticiaempauta.com\/portal\/plano-de-defesa-civil-e-lancado-para-garantir-acoes-rapidas-diante-de-eventos-climaticos-extremos-no-piaui\/#respond"]}]},{"@type":"WebPage","@id":"https:\/\/noticiaempauta.com\/portal\/plano-de-defesa-civil-e-lancado-para-garantir-acoes-rapidas-diante-de-eventos-climaticos-extremos-no-piaui\/","url":"https:\/\/noticiaempauta.com\/portal\/plano-de-defesa-civil-e-lancado-para-garantir-acoes-rapidas-diante-de-eventos-climaticos-extremos-no-piaui\/","name":"Plano de Defesa Civil \u00e9 lan\u00e7ado para garantir a\u00e7\u00f5es r\u00e1pidas diante de eventos clim\u00e1ticos extremos no Piau\u00ed - Portal Not\u00edcia em Pauta","isPartOf":{"@id":"https:\/\/noticiaempauta.com\/portal\/#website"},"primaryImageOfPage":{"@id":"https:\/\/noticiaempauta.com\/portal\/plano-de-defesa-civil-e-lancado-para-garantir-acoes-rapidas-diante-de-eventos-climaticos-extremos-no-piaui\/#primaryimage"},"image":{"@id":"https:\/\/noticiaempauta.com\/portal\/plano-de-defesa-civil-e-lancado-para-garantir-acoes-rapidas-diante-de-eventos-climaticos-extremos-no-piaui\/#primaryimage"},"thumbnailUrl":"https:\/\/noticiaempauta.com\/portal\/wp-content\/uploads\/2025\/04\/Plano-Defesa-Civil-5.jpeg","datePublished":"2025-04-09T12:38:03+00:00","dateModified":"2025-04-09T12:38:05+00:00","breadcrumb":{"@id":"https:\/\/noticiaempauta.com\/portal\/plano-de-defesa-civil-e-lancado-para-garantir-acoes-rapidas-diante-de-eventos-climaticos-extremos-no-piaui\/#breadcrumb"},"inLanguage":"pt-BR","potentialAction":[{"@type":"ReadAction","target":["https:\/\/noticiaempauta.com\/portal\/plano-de-defesa-civil-e-lancado-para-garantir-acoes-rapidas-diante-de-eventos-climaticos-extremos-no-piaui\/"]}]},{"@type":"ImageObject","inLanguage":"pt-BR","@id":"https:\/\/noticiaempauta.com\/portal\/plano-de-defesa-civil-e-lancado-para-garantir-acoes-rapidas-diante-de-eventos-climaticos-extremos-no-piaui\/#primaryimage","url":"https:\/\/noticiaempauta.com\/portal\/wp-content\/uploads\/2025\/04\/Plano-Defesa-Civil-5.jpeg","contentUrl":"https:\/\/noticiaempauta.com\/portal\/wp-content\/uploads\/2025\/04\/Plano-Defesa-Civil-5.jpeg","width":1280,"height":853},{"@type":"BreadcrumbList","@id":"https:\/\/noticiaempauta.com\/portal\/plano-de-defesa-civil-e-lancado-para-garantir-acoes-rapidas-diante-de-eventos-climaticos-extremos-no-piaui\/#breadcrumb","itemListElement":[{"@type":"ListItem","position":1,"name":"P\u00e1gina Inicial","item":"https:\/\/noticiaempauta.com\/portal\/"},{"@type":"ListItem","position":2,"name":"Destaques","item":"https:\/\/noticiaempauta.com\/portal\/destaques-site\/"},{"@type":"ListItem","position":3,"name":"Plano de Defesa Civil \u00e9 lan\u00e7ado para garantir a\u00e7\u00f5es r\u00e1pidas diante de eventos clim\u00e1ticos extremos no Piau\u00ed"}]},{"@type":"WebSite","@id":"https:\/\/noticiaempauta.com\/portal\/#website","url":"https:\/\/noticiaempauta.com\/portal\/","name":"Portal Not\u00edcia em Pauta","description":"Voc\u00ea bem informado","publisher":{"@id":"https:\/\/noticiaempauta.com\/portal\/#organization"},"potentialAction":[{"@type":"SearchAction","target":{"@type":"EntryPoint","urlTemplate":"https:\/\/noticiaempauta.com\/portal\/?s={search_term_string}"},"query-input":{"@type":"PropertyValueSpecification","valueRequired":true,"valueName":"search_term_string"}}],"inLanguage":"pt-BR"},{"@type":"Organization","@id":"https:\/\/noticiaempauta.com\/portal\/#organization","name":"Portal Not\u00edcia em Pauta","url":"https:\/\/noticiaempauta.com\/portal\/","logo":{"@type":"ImageObject","inLanguage":"pt-BR","@id":"https:\/\/noticiaempauta.com\/portal\/#\/schema\/logo\/image\/","url":"https:\/\/noticiaempauta.com\/portal\/wp-content\/uploads\/2022\/08\/logomarca_tema.fw_.png","contentUrl":"https:\/\/noticiaempauta.com\/portal\/wp-content\/uploads\/2022\/08\/logomarca_tema.fw_.png","width":400,"height":232,"caption":"Portal Not\u00edcia em Pauta"},"image":{"@id":"https:\/\/noticiaempauta.com\/portal\/#\/schema\/logo\/image\/"},"sameAs":["https:\/\/www.facebook.com\/Portal-Notcia-Em-Pauta-102292869264820\/","https:\/\/www.instagram.com\/portalnoticiaempauta\/"]},{"@type":"Person","@id":"https:\/\/noticiaempauta.com\/portal\/#\/schema\/person\/a74af43dd1ab3deca45f988c717d57ac","name":"Reda\u00e7\u00e3o","image":{"@type":"ImageObject","inLanguage":"pt-BR","@id":"https:\/\/noticiaempauta.com\/portal\/#\/schema\/person\/image\/","url":"https:\/\/secure.gravatar.com\/avatar\/03179346ecce6cdfc13361603e8f54242a90e5cde8618fa23c5c00aa2b0aadf3?s=96&d=mm&r=g","contentUrl":"https:\/\/secure.gravatar.com\/avatar\/03179346ecce6cdfc13361603e8f54242a90e5cde8618fa23c5c00aa2b0aadf3?s=96&d=mm&r=g","caption":"Reda\u00e7\u00e3o"},"sameAs":["https:\/\/noticiaempauta.com\/portal\/"],"url":"https:\/\/noticiaempauta.com\/portal\/author\/fernando\/"}]}},"_links":{"self":[{"href":"https:\/\/noticiaempauta.com\/portal\/wp-json\/wp\/v2\/posts\/269921","targetHints":{"allow":["GET"]}}],"collection":[{"href":"https:\/\/noticiaempauta.com\/portal\/wp-json\/wp\/v2\/posts"}],"about":[{"href":"https:\/\/noticiaempauta.com\/portal\/wp-json\/wp\/v2\/types\/post"}],"author":[{"embeddable":true,"href":"https:\/\/noticiaempauta.com\/portal\/wp-json\/wp\/v2\/users\/2"}],"replies":[{"embeddable":true,"href":"https:\/\/noticiaempauta.com\/portal\/wp-json\/wp\/v2\/comments?post=269921"}],"version-history":[{"count":2,"href":"https:\/\/noticiaempauta.com\/portal\/wp-json\/wp\/v2\/posts\/269921\/revisions"}],"predecessor-version":[{"id":269924,"href":"https:\/\/noticiaempauta.com\/portal\/wp-json\/wp\/v2\/posts\/269921\/revisions\/269924"}],"wp:featuredmedia":[{"embeddable":true,"href":"https:\/\/noticiaempauta.com\/portal\/wp-json\/wp\/v2\/media\/269922"}],"wp:attachment":[{"href":"https:\/\/noticiaempauta.com\/portal\/wp-json\/wp\/v2\/media?parent=269921"}],"wp:term":[{"taxonomy":"category","embeddable":true,"href":"https:\/\/noticiaempauta.com\/portal\/wp-json\/wp\/v2\/categories?post=269921"},{"taxonomy":"post_tag","embeddable":true,"href":"https:\/\/noticiaempauta.com\/portal\/wp-json\/wp\/v2\/tags?post=269921"}],"curies":[{"name":"wp","href":"https:\/\/api.w.org\/{rel}","templated":true}]}}