{"id":269939,"date":"2025-04-09T15:45:32","date_gmt":"2025-04-09T18:45:32","guid":{"rendered":"https:\/\/noticiaempauta.com\/portal\/?p=269939"},"modified":"2025-04-09T15:45:33","modified_gmt":"2025-04-09T18:45:33","slug":"prefeitura-de-picos-disponibiliza-cinco-onibus-gratuitos-de-forma-emergencial-para-o-transporte-coletivo","status":"publish","type":"post","link":"https:\/\/noticiaempauta.com\/portal\/prefeitura-de-picos-disponibiliza-cinco-onibus-gratuitos-de-forma-emergencial-para-o-transporte-coletivo\/","title":{"rendered":"Prefeitura de Picos disponibiliza cinco \u00f4nibus gratuitos de forma emergencial para o transporte coletivo"},"content":{"rendered":"\n<p>A Prefeitura de Picos disponibilizou nesta quarta-feira (09), cinco \u00f4nibus de transporte coletivo que circular\u00e3o de forma emergencial e com tarifa zero para os usu\u00e1rios, at\u00e9 que o problema do transporte p\u00fablico de passageiros seja resolvido em definitivo no munic\u00edpio.<\/p>\n\n\n\n<figure class=\"wp-block-image size-full\"><img fetchpriority=\"high\" decoding=\"async\" width=\"640\" height=\"427\" src=\"https:\/\/noticiaempauta.com\/portal\/wp-content\/uploads\/2025\/04\/86cb5e64-4fea-4c47-84ef-4894cbda0eda-1.jpg\" alt=\"\" class=\"wp-image-269941\" srcset=\"https:\/\/noticiaempauta.com\/portal\/wp-content\/uploads\/2025\/04\/86cb5e64-4fea-4c47-84ef-4894cbda0eda-1.jpg 640w, https:\/\/noticiaempauta.com\/portal\/wp-content\/uploads\/2025\/04\/86cb5e64-4fea-4c47-84ef-4894cbda0eda-1-300x200.jpg 300w\" sizes=\"(max-width: 640px) 100vw, 640px\" \/><\/figure>\n\n\n\n<p>A medida foi adotada pelo prefeito, Dr. Pablo Santos (MDB), para manter o servi\u00e7o essencial que havia sido interrompido desde o \u00faltimo dia 03 de abril, ap\u00f3s uma fiscaliza\u00e7\u00e3o da 4\u00aa Delegacia da PRF (Pol\u00edcia Rodovi\u00e1ria Federal), constatar que os dois \u00f4nibus da empresa KB Transportes, que tem a concess\u00e3o para explorar o transporte p\u00fablico no munic\u00edpio, estavam com v\u00e1rias irregularidades, o que resultou na apreens\u00e3o dos ve\u00edculos.<\/p>\n\n\n\n<figure class=\"wp-block-image size-full\"><img decoding=\"async\" width=\"640\" height=\"427\" src=\"https:\/\/noticiaempauta.com\/portal\/wp-content\/uploads\/2025\/04\/638046fc-b721-4827-bea7-2b2ab9c70ffe.jpg\" alt=\"\" class=\"wp-image-269942\" srcset=\"https:\/\/noticiaempauta.com\/portal\/wp-content\/uploads\/2025\/04\/638046fc-b721-4827-bea7-2b2ab9c70ffe.jpg 640w, https:\/\/noticiaempauta.com\/portal\/wp-content\/uploads\/2025\/04\/638046fc-b721-4827-bea7-2b2ab9c70ffe-300x200.jpg 300w\" sizes=\"(max-width: 640px) 100vw, 640px\" \/><\/figure>\n\n\n\n<p>Entre as irregularidades constatadas pela PRF no primeiro ve\u00edculo apreendido estavam:&nbsp; para-brisas trincado, aus\u00eancia de limpador de para-brisas, ve\u00edculo n\u00e3o licenciado, sem cinto de seguran\u00e7a para o motorista, extintor vencido, sem cronotac\u00f3grafo, sem certificado do cronotac\u00f3grafo, sem luz de r\u00e9, l\u00e2mpadas traseiras queimadas, pneus em mau estado (dianteiro direito, traseiro externo direito, traseiro esquerdo interno), baixa quantidade de faixas retrorefletivas, l\u00e2mpadas de sinaliza\u00e7\u00e3o direcional queimadas (apenas a dianteira direita funcionando), sistema de eleva\u00e7\u00e3o para cadeirante inoperante, \u00e1rea de fixa\u00e7\u00e3o de cadeirante solta e cadeiras reservadas para prioridades sem cintos ou com cintos inoperantes.<\/p>\n\n\n\n<figure class=\"wp-block-image size-full\"><img decoding=\"async\" width=\"640\" height=\"427\" src=\"https:\/\/noticiaempauta.com\/portal\/wp-content\/uploads\/2025\/04\/6486b639-8c9b-4130-946d-2a36e9e5fe2d.jpg\" alt=\"\" class=\"wp-image-269943\" srcset=\"https:\/\/noticiaempauta.com\/portal\/wp-content\/uploads\/2025\/04\/6486b639-8c9b-4130-946d-2a36e9e5fe2d.jpg 640w, https:\/\/noticiaempauta.com\/portal\/wp-content\/uploads\/2025\/04\/6486b639-8c9b-4130-946d-2a36e9e5fe2d-300x200.jpg 300w\" sizes=\"(max-width: 640px) 100vw, 640px\" \/><\/figure>\n\n\n\n<p>J\u00e1 o segundo no segundo \u00f4nibus da empresa KB os policiais da 4\u00aa Delegacia Pol\u00edcia Rodovi\u00e1ria Federal constaram as seguintes irregularidades: o condutor do \u00f4nibus possu\u00eda apenas o curso de Transporte de Produtos Perigosos, mas n\u00e3o o Curso Especializado para Transporte Coletivo de Passageiros (CETCP), exigido pela Legisla\u00e7\u00e3o, documenta\u00e7\u00e3o atrasada desde 2020, defeito no sistema de ilumina\u00e7\u00e3o, para-brisas trincado e poltronas sem o cinto de seguran\u00e7a.<\/p>\n\n\n\n<p>De acordo com o Procurador Geral do Munic\u00edpio, Espedito Neiva, embora tenha disponibilizado esses cinco \u00f4nibus de forma emergencial, a Prefeitura de Picos n\u00e3o rompeu o contrato com KB Transportes, mas acionou um instrumento dentro do pr\u00f3prio contrato onde estava previsto que a administra\u00e7\u00e3o municipal pode intervir no servi\u00e7o de transporte p\u00fablico de passageiros temporariamente, tendo em vista a sua essencialidade.<\/p>\n\n\n\n<figure class=\"wp-block-image size-full\"><img loading=\"lazy\" decoding=\"async\" width=\"640\" height=\"427\" src=\"https:\/\/noticiaempauta.com\/portal\/wp-content\/uploads\/2025\/04\/638046fc-b721-4827-bea7-2b2ab9c70ffe-1.jpg\" alt=\"\" class=\"wp-image-269944\" srcset=\"https:\/\/noticiaempauta.com\/portal\/wp-content\/uploads\/2025\/04\/638046fc-b721-4827-bea7-2b2ab9c70ffe-1.jpg 640w, https:\/\/noticiaempauta.com\/portal\/wp-content\/uploads\/2025\/04\/638046fc-b721-4827-bea7-2b2ab9c70ffe-1-300x200.jpg 300w\" sizes=\"(max-width: 640px) 100vw, 640px\" \/><\/figure>\n\n\n\n<p>\u201cPor que essa medida n\u00e3o foi tomada segunda ou ter\u00e7a-feira? Na sexta-feira pela manh\u00e3, usando tamb\u00e9m de ferramentas contratuais, n\u00f3s fizemos uma notifica\u00e7\u00e3o extrajudicial a empresa, dando 48 horas para que o servi\u00e7o fosse retomado nas bases e condi\u00e7\u00f5es previamente estabelecidas. Como o prazo acabou na manh\u00e3 de hoje sem que o servi\u00e7o fosse restabelecido n\u00f3s acionamos o Plano B que foi a disponibiliza\u00e7\u00e3o dos ve\u00edculos de forma emergencial, como o prefeito j\u00e1 tinha dito em um v\u00eddeo divulgado em suas redes sociais\u201d, explicou o Procurador Geral do Munic\u00edpio.<\/p>\n\n\n\n<p>Espedito Neiva refor\u00e7ou que de acordo com o que foi estabelecido pelo prefeito, Dr. Pablo Santos, enquanto essa situa\u00e7\u00e3o de excepcionalidade durar o transporte ser\u00e1 gratuito.<\/p>\n\n\n\n<p>\u201cEnquanto n\u00e3o existir efetivamente uma sa\u00edda definitiva com a rela\u00e7\u00e3o contratual mantida com a empresa que atualmente tem contrato com a Prefeitura a passagem ser\u00e1 gratuita, a popula\u00e7\u00e3o n\u00e3o vai gastar nem um real para se locomover nesses \u00f4nibus\u201d, garantiu.<\/p>\n\n\n\n<p>CCOM<\/p>\n","protected":false},"excerpt":{"rendered":"<p>A Prefeitura de Picos disponibilizou nesta quarta-feira (09), cinco \u00f4nibus de transporte coletivo que circular\u00e3o de forma emergencial e com tarifa zero para os usu\u00e1rios, at\u00e9 que o problema do transporte p\u00fablico de passageiros seja resolvido em definitivo no munic\u00edpio. A medida foi adotada pelo prefeito, Dr. Pablo Santos (MDB), para manter o servi\u00e7o essencial [&hellip;]<\/p>\n","protected":false},"author":2,"featured_media":269940,"comment_status":"open","ping_status":"open","sticky":false,"template":"","format":"standard","meta":{"_mi_skip_tracking":false,"footnotes":""},"categories":[25,1,16],"tags":[192],"class_list":["post-269939","post","type-post","status-publish","format-standard","has-post-thumbnail","hentry","category-destaques-site","category-geral","category-todas","tag-destaqueprincipal"],"acf":[],"yoast_head":"<!-- This site is optimized with the Yoast SEO Premium plugin v19.2 (Yoast SEO v26.9) - https:\/\/yoast.com\/product\/yoast-seo-premium-wordpress\/ -->\n<title>Prefeitura de Picos disponibiliza cinco \u00f4nibus gratuitos de forma emergencial para o transporte coletivo - Portal Not\u00edcia em Pauta<\/title>\n<meta name=\"robots\" content=\"index, follow, max-snippet:-1, max-image-preview:large, max-video-preview:-1\" \/>\n<link rel=\"canonical\" href=\"https:\/\/noticiaempauta.com\/portal\/prefeitura-de-picos-disponibiliza-cinco-onibus-gratuitos-de-forma-emergencial-para-o-transporte-coletivo\/\" \/>\n<meta property=\"og:locale\" content=\"pt_BR\" \/>\n<meta property=\"og:type\" content=\"article\" \/>\n<meta property=\"og:title\" content=\"Prefeitura de Picos disponibiliza cinco \u00f4nibus gratuitos de forma emergencial para o transporte coletivo\" \/>\n<meta property=\"og:description\" content=\"A Prefeitura de Picos disponibilizou nesta quarta-feira (09), cinco \u00f4nibus de transporte coletivo que circular\u00e3o de forma emergencial e com tarifa zero para os usu\u00e1rios, at\u00e9 que o problema do transporte p\u00fablico de passageiros seja resolvido em definitivo no munic\u00edpio. A medida foi adotada pelo prefeito, Dr. Pablo Santos (MDB), para manter o servi\u00e7o essencial [&hellip;]\" \/>\n<meta property=\"og:url\" content=\"https:\/\/noticiaempauta.com\/portal\/prefeitura-de-picos-disponibiliza-cinco-onibus-gratuitos-de-forma-emergencial-para-o-transporte-coletivo\/\" \/>\n<meta property=\"og:site_name\" content=\"Portal Not\u00edcia em Pauta\" \/>\n<meta property=\"article:publisher\" content=\"https:\/\/www.facebook.com\/Portal-Notcia-Em-Pauta-102292869264820\/\" \/>\n<meta property=\"article:published_time\" content=\"2025-04-09T18:45:32+00:00\" \/>\n<meta property=\"article:modified_time\" content=\"2025-04-09T18:45:33+00:00\" \/>\n<meta property=\"og:image\" content=\"https:\/\/noticiaempauta.com\/portal\/wp-content\/uploads\/2025\/04\/86cb5e64-4fea-4c47-84ef-4894cbda0eda.jpg\" \/>\n\t<meta property=\"og:image:width\" content=\"640\" \/>\n\t<meta property=\"og:image:height\" content=\"427\" \/>\n\t<meta property=\"og:image:type\" content=\"image\/jpeg\" \/>\n<meta name=\"author\" content=\"Reda\u00e7\u00e3o\" \/>\n<meta name=\"twitter:card\" content=\"summary_large_image\" \/>\n<meta name=\"twitter:label1\" content=\"Escrito por\" \/>\n\t<meta name=\"twitter:data1\" content=\"Reda\u00e7\u00e3o\" \/>\n\t<meta name=\"twitter:label2\" content=\"Est. tempo de leitura\" \/>\n\t<meta name=\"twitter:data2\" content=\"4 minutos\" \/>\n<script type=\"application\/ld+json\" class=\"yoast-schema-graph\">{\"@context\":\"https:\/\/schema.org\",\"@graph\":[{\"@type\":\"Article\",\"@id\":\"https:\/\/noticiaempauta.com\/portal\/prefeitura-de-picos-disponibiliza-cinco-onibus-gratuitos-de-forma-emergencial-para-o-transporte-coletivo\/#article\",\"isPartOf\":{\"@id\":\"https:\/\/noticiaempauta.com\/portal\/prefeitura-de-picos-disponibiliza-cinco-onibus-gratuitos-de-forma-emergencial-para-o-transporte-coletivo\/\"},\"author\":{\"name\":\"Reda\u00e7\u00e3o\",\"@id\":\"https:\/\/noticiaempauta.com\/portal\/#\/schema\/person\/a74af43dd1ab3deca45f988c717d57ac\"},\"headline\":\"Prefeitura de Picos disponibiliza cinco \u00f4nibus gratuitos de forma emergencial para o transporte coletivo\",\"datePublished\":\"2025-04-09T18:45:32+00:00\",\"dateModified\":\"2025-04-09T18:45:33+00:00\",\"mainEntityOfPage\":{\"@id\":\"https:\/\/noticiaempauta.com\/portal\/prefeitura-de-picos-disponibiliza-cinco-onibus-gratuitos-de-forma-emergencial-para-o-transporte-coletivo\/\"},\"wordCount\":554,\"commentCount\":0,\"publisher\":{\"@id\":\"https:\/\/noticiaempauta.com\/portal\/#organization\"},\"image\":{\"@id\":\"https:\/\/noticiaempauta.com\/portal\/prefeitura-de-picos-disponibiliza-cinco-onibus-gratuitos-de-forma-emergencial-para-o-transporte-coletivo\/#primaryimage\"},\"thumbnailUrl\":\"https:\/\/noticiaempauta.com\/portal\/wp-content\/uploads\/2025\/04\/86cb5e64-4fea-4c47-84ef-4894cbda0eda.jpg\",\"keywords\":[\"destaqueprincipal\"],\"articleSection\":[\"Destaques\",\"Geral\",\"Todas as Not\u00edcias\"],\"inLanguage\":\"pt-BR\",\"potentialAction\":[{\"@type\":\"CommentAction\",\"name\":\"Comment\",\"target\":[\"https:\/\/noticiaempauta.com\/portal\/prefeitura-de-picos-disponibiliza-cinco-onibus-gratuitos-de-forma-emergencial-para-o-transporte-coletivo\/#respond\"]}]},{\"@type\":\"WebPage\",\"@id\":\"https:\/\/noticiaempauta.com\/portal\/prefeitura-de-picos-disponibiliza-cinco-onibus-gratuitos-de-forma-emergencial-para-o-transporte-coletivo\/\",\"url\":\"https:\/\/noticiaempauta.com\/portal\/prefeitura-de-picos-disponibiliza-cinco-onibus-gratuitos-de-forma-emergencial-para-o-transporte-coletivo\/\",\"name\":\"Prefeitura de Picos disponibiliza cinco \u00f4nibus gratuitos de forma emergencial para o transporte coletivo - Portal Not\u00edcia em Pauta\",\"isPartOf\":{\"@id\":\"https:\/\/noticiaempauta.com\/portal\/#website\"},\"primaryImageOfPage\":{\"@id\":\"https:\/\/noticiaempauta.com\/portal\/prefeitura-de-picos-disponibiliza-cinco-onibus-gratuitos-de-forma-emergencial-para-o-transporte-coletivo\/#primaryimage\"},\"image\":{\"@id\":\"https:\/\/noticiaempauta.com\/portal\/prefeitura-de-picos-disponibiliza-cinco-onibus-gratuitos-de-forma-emergencial-para-o-transporte-coletivo\/#primaryimage\"},\"thumbnailUrl\":\"https:\/\/noticiaempauta.com\/portal\/wp-content\/uploads\/2025\/04\/86cb5e64-4fea-4c47-84ef-4894cbda0eda.jpg\",\"datePublished\":\"2025-04-09T18:45:32+00:00\",\"dateModified\":\"2025-04-09T18:45:33+00:00\",\"breadcrumb\":{\"@id\":\"https:\/\/noticiaempauta.com\/portal\/prefeitura-de-picos-disponibiliza-cinco-onibus-gratuitos-de-forma-emergencial-para-o-transporte-coletivo\/#breadcrumb\"},\"inLanguage\":\"pt-BR\",\"potentialAction\":[{\"@type\":\"ReadAction\",\"target\":[\"https:\/\/noticiaempauta.com\/portal\/prefeitura-de-picos-disponibiliza-cinco-onibus-gratuitos-de-forma-emergencial-para-o-transporte-coletivo\/\"]}]},{\"@type\":\"ImageObject\",\"inLanguage\":\"pt-BR\",\"@id\":\"https:\/\/noticiaempauta.com\/portal\/prefeitura-de-picos-disponibiliza-cinco-onibus-gratuitos-de-forma-emergencial-para-o-transporte-coletivo\/#primaryimage\",\"url\":\"https:\/\/noticiaempauta.com\/portal\/wp-content\/uploads\/2025\/04\/86cb5e64-4fea-4c47-84ef-4894cbda0eda.jpg\",\"contentUrl\":\"https:\/\/noticiaempauta.com\/portal\/wp-content\/uploads\/2025\/04\/86cb5e64-4fea-4c47-84ef-4894cbda0eda.jpg\",\"width\":640,\"height\":427},{\"@type\":\"BreadcrumbList\",\"@id\":\"https:\/\/noticiaempauta.com\/portal\/prefeitura-de-picos-disponibiliza-cinco-onibus-gratuitos-de-forma-emergencial-para-o-transporte-coletivo\/#breadcrumb\",\"itemListElement\":[{\"@type\":\"ListItem\",\"position\":1,\"name\":\"P\u00e1gina Inicial\",\"item\":\"https:\/\/noticiaempauta.com\/portal\/\"},{\"@type\":\"ListItem\",\"position\":2,\"name\":\"Destaques\",\"item\":\"https:\/\/noticiaempauta.com\/portal\/destaques-site\/\"},{\"@type\":\"ListItem\",\"position\":3,\"name\":\"Prefeitura de Picos disponibiliza cinco \u00f4nibus gratuitos de forma emergencial para o transporte coletivo\"}]},{\"@type\":\"WebSite\",\"@id\":\"https:\/\/noticiaempauta.com\/portal\/#website\",\"url\":\"https:\/\/noticiaempauta.com\/portal\/\",\"name\":\"Portal Not\u00edcia em Pauta\",\"description\":\"Voc\u00ea bem informado\",\"publisher\":{\"@id\":\"https:\/\/noticiaempauta.com\/portal\/#organization\"},\"potentialAction\":[{\"@type\":\"SearchAction\",\"target\":{\"@type\":\"EntryPoint\",\"urlTemplate\":\"https:\/\/noticiaempauta.com\/portal\/?s={search_term_string}\"},\"query-input\":{\"@type\":\"PropertyValueSpecification\",\"valueRequired\":true,\"valueName\":\"search_term_string\"}}],\"inLanguage\":\"pt-BR\"},{\"@type\":\"Organization\",\"@id\":\"https:\/\/noticiaempauta.com\/portal\/#organization\",\"name\":\"Portal Not\u00edcia em Pauta\",\"url\":\"https:\/\/noticiaempauta.com\/portal\/\",\"logo\":{\"@type\":\"ImageObject\",\"inLanguage\":\"pt-BR\",\"@id\":\"https:\/\/noticiaempauta.com\/portal\/#\/schema\/logo\/image\/\",\"url\":\"https:\/\/noticiaempauta.com\/portal\/wp-content\/uploads\/2022\/08\/logomarca_tema.fw_.png\",\"contentUrl\":\"https:\/\/noticiaempauta.com\/portal\/wp-content\/uploads\/2022\/08\/logomarca_tema.fw_.png\",\"width\":400,\"height\":232,\"caption\":\"Portal Not\u00edcia em Pauta\"},\"image\":{\"@id\":\"https:\/\/noticiaempauta.com\/portal\/#\/schema\/logo\/image\/\"},\"sameAs\":[\"https:\/\/www.facebook.com\/Portal-Notcia-Em-Pauta-102292869264820\/\",\"https:\/\/www.instagram.com\/portalnoticiaempauta\/\"]},{\"@type\":\"Person\",\"@id\":\"https:\/\/noticiaempauta.com\/portal\/#\/schema\/person\/a74af43dd1ab3deca45f988c717d57ac\",\"name\":\"Reda\u00e7\u00e3o\",\"image\":{\"@type\":\"ImageObject\",\"inLanguage\":\"pt-BR\",\"@id\":\"https:\/\/noticiaempauta.com\/portal\/#\/schema\/person\/image\/\",\"url\":\"https:\/\/secure.gravatar.com\/avatar\/03179346ecce6cdfc13361603e8f54242a90e5cde8618fa23c5c00aa2b0aadf3?s=96&d=mm&r=g\",\"contentUrl\":\"https:\/\/secure.gravatar.com\/avatar\/03179346ecce6cdfc13361603e8f54242a90e5cde8618fa23c5c00aa2b0aadf3?s=96&d=mm&r=g\",\"caption\":\"Reda\u00e7\u00e3o\"},\"sameAs\":[\"https:\/\/noticiaempauta.com\/portal\/\"],\"url\":\"https:\/\/noticiaempauta.com\/portal\/author\/fernando\/\"}]}<\/script>\n<!-- \/ Yoast SEO Premium plugin. -->","yoast_head_json":{"title":"Prefeitura de Picos disponibiliza cinco \u00f4nibus gratuitos de forma emergencial para o transporte coletivo - Portal Not\u00edcia em Pauta","robots":{"index":"index","follow":"follow","max-snippet":"max-snippet:-1","max-image-preview":"max-image-preview:large","max-video-preview":"max-video-preview:-1"},"canonical":"https:\/\/noticiaempauta.com\/portal\/prefeitura-de-picos-disponibiliza-cinco-onibus-gratuitos-de-forma-emergencial-para-o-transporte-coletivo\/","og_locale":"pt_BR","og_type":"article","og_title":"Prefeitura de Picos disponibiliza cinco \u00f4nibus gratuitos de forma emergencial para o transporte coletivo","og_description":"A Prefeitura de Picos disponibilizou nesta quarta-feira (09), cinco \u00f4nibus de transporte coletivo que circular\u00e3o de forma emergencial e com tarifa zero para os usu\u00e1rios, at\u00e9 que o problema do transporte p\u00fablico de passageiros seja resolvido em definitivo no munic\u00edpio. A medida foi adotada pelo prefeito, Dr. Pablo Santos (MDB), para manter o servi\u00e7o essencial [&hellip;]","og_url":"https:\/\/noticiaempauta.com\/portal\/prefeitura-de-picos-disponibiliza-cinco-onibus-gratuitos-de-forma-emergencial-para-o-transporte-coletivo\/","og_site_name":"Portal Not\u00edcia em Pauta","article_publisher":"https:\/\/www.facebook.com\/Portal-Notcia-Em-Pauta-102292869264820\/","article_published_time":"2025-04-09T18:45:32+00:00","article_modified_time":"2025-04-09T18:45:33+00:00","og_image":[{"width":640,"height":427,"url":"https:\/\/noticiaempauta.com\/portal\/wp-content\/uploads\/2025\/04\/86cb5e64-4fea-4c47-84ef-4894cbda0eda.jpg","type":"image\/jpeg"}],"author":"Reda\u00e7\u00e3o","twitter_card":"summary_large_image","twitter_misc":{"Escrito por":"Reda\u00e7\u00e3o","Est. tempo de leitura":"4 minutos"},"schema":{"@context":"https:\/\/schema.org","@graph":[{"@type":"Article","@id":"https:\/\/noticiaempauta.com\/portal\/prefeitura-de-picos-disponibiliza-cinco-onibus-gratuitos-de-forma-emergencial-para-o-transporte-coletivo\/#article","isPartOf":{"@id":"https:\/\/noticiaempauta.com\/portal\/prefeitura-de-picos-disponibiliza-cinco-onibus-gratuitos-de-forma-emergencial-para-o-transporte-coletivo\/"},"author":{"name":"Reda\u00e7\u00e3o","@id":"https:\/\/noticiaempauta.com\/portal\/#\/schema\/person\/a74af43dd1ab3deca45f988c717d57ac"},"headline":"Prefeitura de Picos disponibiliza cinco \u00f4nibus gratuitos de forma emergencial para o transporte coletivo","datePublished":"2025-04-09T18:45:32+00:00","dateModified":"2025-04-09T18:45:33+00:00","mainEntityOfPage":{"@id":"https:\/\/noticiaempauta.com\/portal\/prefeitura-de-picos-disponibiliza-cinco-onibus-gratuitos-de-forma-emergencial-para-o-transporte-coletivo\/"},"wordCount":554,"commentCount":0,"publisher":{"@id":"https:\/\/noticiaempauta.com\/portal\/#organization"},"image":{"@id":"https:\/\/noticiaempauta.com\/portal\/prefeitura-de-picos-disponibiliza-cinco-onibus-gratuitos-de-forma-emergencial-para-o-transporte-coletivo\/#primaryimage"},"thumbnailUrl":"https:\/\/noticiaempauta.com\/portal\/wp-content\/uploads\/2025\/04\/86cb5e64-4fea-4c47-84ef-4894cbda0eda.jpg","keywords":["destaqueprincipal"],"articleSection":["Destaques","Geral","Todas as Not\u00edcias"],"inLanguage":"pt-BR","potentialAction":[{"@type":"CommentAction","name":"Comment","target":["https:\/\/noticiaempauta.com\/portal\/prefeitura-de-picos-disponibiliza-cinco-onibus-gratuitos-de-forma-emergencial-para-o-transporte-coletivo\/#respond"]}]},{"@type":"WebPage","@id":"https:\/\/noticiaempauta.com\/portal\/prefeitura-de-picos-disponibiliza-cinco-onibus-gratuitos-de-forma-emergencial-para-o-transporte-coletivo\/","url":"https:\/\/noticiaempauta.com\/portal\/prefeitura-de-picos-disponibiliza-cinco-onibus-gratuitos-de-forma-emergencial-para-o-transporte-coletivo\/","name":"Prefeitura de Picos disponibiliza cinco \u00f4nibus gratuitos de forma emergencial para o transporte coletivo - Portal Not\u00edcia em Pauta","isPartOf":{"@id":"https:\/\/noticiaempauta.com\/portal\/#website"},"primaryImageOfPage":{"@id":"https:\/\/noticiaempauta.com\/portal\/prefeitura-de-picos-disponibiliza-cinco-onibus-gratuitos-de-forma-emergencial-para-o-transporte-coletivo\/#primaryimage"},"image":{"@id":"https:\/\/noticiaempauta.com\/portal\/prefeitura-de-picos-disponibiliza-cinco-onibus-gratuitos-de-forma-emergencial-para-o-transporte-coletivo\/#primaryimage"},"thumbnailUrl":"https:\/\/noticiaempauta.com\/portal\/wp-content\/uploads\/2025\/04\/86cb5e64-4fea-4c47-84ef-4894cbda0eda.jpg","datePublished":"2025-04-09T18:45:32+00:00","dateModified":"2025-04-09T18:45:33+00:00","breadcrumb":{"@id":"https:\/\/noticiaempauta.com\/portal\/prefeitura-de-picos-disponibiliza-cinco-onibus-gratuitos-de-forma-emergencial-para-o-transporte-coletivo\/#breadcrumb"},"inLanguage":"pt-BR","potentialAction":[{"@type":"ReadAction","target":["https:\/\/noticiaempauta.com\/portal\/prefeitura-de-picos-disponibiliza-cinco-onibus-gratuitos-de-forma-emergencial-para-o-transporte-coletivo\/"]}]},{"@type":"ImageObject","inLanguage":"pt-BR","@id":"https:\/\/noticiaempauta.com\/portal\/prefeitura-de-picos-disponibiliza-cinco-onibus-gratuitos-de-forma-emergencial-para-o-transporte-coletivo\/#primaryimage","url":"https:\/\/noticiaempauta.com\/portal\/wp-content\/uploads\/2025\/04\/86cb5e64-4fea-4c47-84ef-4894cbda0eda.jpg","contentUrl":"https:\/\/noticiaempauta.com\/portal\/wp-content\/uploads\/2025\/04\/86cb5e64-4fea-4c47-84ef-4894cbda0eda.jpg","width":640,"height":427},{"@type":"BreadcrumbList","@id":"https:\/\/noticiaempauta.com\/portal\/prefeitura-de-picos-disponibiliza-cinco-onibus-gratuitos-de-forma-emergencial-para-o-transporte-coletivo\/#breadcrumb","itemListElement":[{"@type":"ListItem","position":1,"name":"P\u00e1gina Inicial","item":"https:\/\/noticiaempauta.com\/portal\/"},{"@type":"ListItem","position":2,"name":"Destaques","item":"https:\/\/noticiaempauta.com\/portal\/destaques-site\/"},{"@type":"ListItem","position":3,"name":"Prefeitura de Picos disponibiliza cinco \u00f4nibus gratuitos de forma emergencial para o transporte coletivo"}]},{"@type":"WebSite","@id":"https:\/\/noticiaempauta.com\/portal\/#website","url":"https:\/\/noticiaempauta.com\/portal\/","name":"Portal Not\u00edcia em Pauta","description":"Voc\u00ea bem informado","publisher":{"@id":"https:\/\/noticiaempauta.com\/portal\/#organization"},"potentialAction":[{"@type":"SearchAction","target":{"@type":"EntryPoint","urlTemplate":"https:\/\/noticiaempauta.com\/portal\/?s={search_term_string}"},"query-input":{"@type":"PropertyValueSpecification","valueRequired":true,"valueName":"search_term_string"}}],"inLanguage":"pt-BR"},{"@type":"Organization","@id":"https:\/\/noticiaempauta.com\/portal\/#organization","name":"Portal Not\u00edcia em Pauta","url":"https:\/\/noticiaempauta.com\/portal\/","logo":{"@type":"ImageObject","inLanguage":"pt-BR","@id":"https:\/\/noticiaempauta.com\/portal\/#\/schema\/logo\/image\/","url":"https:\/\/noticiaempauta.com\/portal\/wp-content\/uploads\/2022\/08\/logomarca_tema.fw_.png","contentUrl":"https:\/\/noticiaempauta.com\/portal\/wp-content\/uploads\/2022\/08\/logomarca_tema.fw_.png","width":400,"height":232,"caption":"Portal Not\u00edcia em Pauta"},"image":{"@id":"https:\/\/noticiaempauta.com\/portal\/#\/schema\/logo\/image\/"},"sameAs":["https:\/\/www.facebook.com\/Portal-Notcia-Em-Pauta-102292869264820\/","https:\/\/www.instagram.com\/portalnoticiaempauta\/"]},{"@type":"Person","@id":"https:\/\/noticiaempauta.com\/portal\/#\/schema\/person\/a74af43dd1ab3deca45f988c717d57ac","name":"Reda\u00e7\u00e3o","image":{"@type":"ImageObject","inLanguage":"pt-BR","@id":"https:\/\/noticiaempauta.com\/portal\/#\/schema\/person\/image\/","url":"https:\/\/secure.gravatar.com\/avatar\/03179346ecce6cdfc13361603e8f54242a90e5cde8618fa23c5c00aa2b0aadf3?s=96&d=mm&r=g","contentUrl":"https:\/\/secure.gravatar.com\/avatar\/03179346ecce6cdfc13361603e8f54242a90e5cde8618fa23c5c00aa2b0aadf3?s=96&d=mm&r=g","caption":"Reda\u00e7\u00e3o"},"sameAs":["https:\/\/noticiaempauta.com\/portal\/"],"url":"https:\/\/noticiaempauta.com\/portal\/author\/fernando\/"}]}},"_links":{"self":[{"href":"https:\/\/noticiaempauta.com\/portal\/wp-json\/wp\/v2\/posts\/269939","targetHints":{"allow":["GET"]}}],"collection":[{"href":"https:\/\/noticiaempauta.com\/portal\/wp-json\/wp\/v2\/posts"}],"about":[{"href":"https:\/\/noticiaempauta.com\/portal\/wp-json\/wp\/v2\/types\/post"}],"author":[{"embeddable":true,"href":"https:\/\/noticiaempauta.com\/portal\/wp-json\/wp\/v2\/users\/2"}],"replies":[{"embeddable":true,"href":"https:\/\/noticiaempauta.com\/portal\/wp-json\/wp\/v2\/comments?post=269939"}],"version-history":[{"count":2,"href":"https:\/\/noticiaempauta.com\/portal\/wp-json\/wp\/v2\/posts\/269939\/revisions"}],"predecessor-version":[{"id":269946,"href":"https:\/\/noticiaempauta.com\/portal\/wp-json\/wp\/v2\/posts\/269939\/revisions\/269946"}],"wp:featuredmedia":[{"embeddable":true,"href":"https:\/\/noticiaempauta.com\/portal\/wp-json\/wp\/v2\/media\/269940"}],"wp:attachment":[{"href":"https:\/\/noticiaempauta.com\/portal\/wp-json\/wp\/v2\/media?parent=269939"}],"wp:term":[{"taxonomy":"category","embeddable":true,"href":"https:\/\/noticiaempauta.com\/portal\/wp-json\/wp\/v2\/categories?post=269939"},{"taxonomy":"post_tag","embeddable":true,"href":"https:\/\/noticiaempauta.com\/portal\/wp-json\/wp\/v2\/tags?post=269939"}],"curies":[{"name":"wp","href":"https:\/\/api.w.org\/{rel}","templated":true}]}}