{"id":269947,"date":"2025-04-09T15:51:47","date_gmt":"2025-04-09T18:51:47","guid":{"rendered":"https:\/\/noticiaempauta.com\/portal\/?p=269947"},"modified":"2025-04-09T16:15:46","modified_gmt":"2025-04-09T19:15:46","slug":"themistocles-filho-deseja-continuar-como-vice-de-rafael-fonteles-em-2026-me-deixem-onde-eu-estou","status":"publish","type":"post","link":"https:\/\/noticiaempauta.com\/portal\/themistocles-filho-deseja-continuar-como-vice-de-rafael-fonteles-em-2026-me-deixem-onde-eu-estou\/","title":{"rendered":"Them\u00edstocles Filho deseja continuar como vice de Rafael Fonteles em 2026: \u201cMe deixem onde eu estou\u201d"},"content":{"rendered":"\n<p>O vice-governador do Piau\u00ed, Themistocles Filho (MDB), comentou sobre a montagem da chapa majorit\u00e1ria da base governista para as elei\u00e7\u00f5es de 2026. Em declara\u00e7\u00e3o dada ao PortalODia.com, Themistocles pediu cautela nas especula\u00e7\u00f5es e reafirmou o desejo de permanecer ao lado do governador Rafael Fonteles (PT) em uma eventual reelei\u00e7\u00e3o.<\/p>\n\n\n\n<figure class=\"wp-block-image size-full\"><img fetchpriority=\"high\" decoding=\"async\" width=\"790\" height=\"512\" src=\"https:\/\/noticiaempauta.com\/portal\/wp-content\/uploads\/2022\/10\/temistocles.jpg\" alt=\"\" class=\"wp-image-242003\" srcset=\"https:\/\/noticiaempauta.com\/portal\/wp-content\/uploads\/2022\/10\/temistocles.jpg 790w, https:\/\/noticiaempauta.com\/portal\/wp-content\/uploads\/2022\/10\/temistocles-300x194.jpg 300w, https:\/\/noticiaempauta.com\/portal\/wp-content\/uploads\/2022\/10\/temistocles-768x498.jpg 768w\" sizes=\"(max-width: 790px) 100vw, 790px\" \/><figcaption class=\"wp-element-caption\"><em>(Foto: Reprodu\u00e7\u00e3o)<\/em><\/figcaption><\/figure>\n\n\n\n<p>Ao ser questionado sobre a possibilidade de disputar uma vaga como deputado, seja federal ou estadual, o emedebista foi enf\u00e1tico e descartou neste momento qualquer mudan\u00e7a de cargo.<\/p>\n\n\n\n<p>\u201cMe deixem onde eu estou\u201d, disse Themistocles Filho refor\u00e7ando que sua inten\u00e7\u00e3o \u00e9 continuar como vice-governador na composi\u00e7\u00e3o da chapa majorit\u00e1ria.<\/p>\n\n\n\n<p>Sobre o cen\u00e1rio ainda incerto que envolve os nomes que ir\u00e3o disputar o pr\u00f3ximo pleito, Themistocles pontuou que o momento das defini\u00e7\u00f5es ainda est\u00e1 distante.<\/p>\n\n\n\n<p>\u201cIsso acontece no momento certo. Todas essas discuss\u00f5es s\u00f3 v\u00e3o se concretizar, no meu entender, a partir do outro ano. Diziam que o Mao Santa era doido, e se elegeu governador do estado em seis meses; diziam que o Wellington Dias era um menino, e se elegeu governador nos \u00faltimos seis meses do estado do Piau\u00ed. Ent\u00e3o a gente tem que ter calma para o momento correto\u201d, afirmou.<\/p>\n\n\n\n<p>O vice-governador tamb\u00e9m destacou que, embora seja natural haver especula\u00e7\u00f5es pol\u00edticas, o futuro permanece incerto e exige prud\u00eancia.<\/p>\n\n\n\n<p>\u201cEstou falando do passado. O futuro eu n\u00e3o sei, nem voc\u00ea e ningu\u00e9m ningu\u00e9m. Podemos at\u00e9 prever, mas a gente n\u00e3o sabe com exatid\u00e3o o que acontece no amanh\u00e3. Estou falando no exemplo do passado, como devemos ter cautela e paci\u00eancia\u201d, concluiu.<\/p>\n\n\n\n<p><strong>Fonte: Portal O Dia<\/strong><\/p>\n","protected":false},"excerpt":{"rendered":"<p>O vice-governador do Piau\u00ed, Themistocles Filho (MDB), comentou sobre a montagem da chapa majorit\u00e1ria da base governista para as elei\u00e7\u00f5es de 2026. Em declara\u00e7\u00e3o dada ao PortalODia.com, Themistocles pediu cautela nas especula\u00e7\u00f5es e reafirmou o desejo de permanecer ao lado do governador Rafael Fonteles (PT) em uma eventual reelei\u00e7\u00e3o. Ao ser questionado sobre a possibilidade [&hellip;]<\/p>\n","protected":false},"author":2,"featured_media":242003,"comment_status":"open","ping_status":"open","sticky":false,"template":"","format":"standard","meta":{"_mi_skip_tracking":false,"footnotes":""},"categories":[25,1,16],"tags":[],"class_list":["post-269947","post","type-post","status-publish","format-standard","has-post-thumbnail","hentry","category-destaques-site","category-geral","category-todas"],"acf":[],"yoast_head":"<!-- This site is optimized with the Yoast SEO Premium plugin v19.2 (Yoast SEO v26.9) - https:\/\/yoast.com\/product\/yoast-seo-premium-wordpress\/ -->\n<title>Them\u00edstocles Filho deseja continuar como vice de Rafael Fonteles em 2026: \u201cMe deixem onde eu estou\u201d - Portal Not\u00edcia em Pauta<\/title>\n<meta name=\"robots\" content=\"index, follow, max-snippet:-1, max-image-preview:large, max-video-preview:-1\" \/>\n<link rel=\"canonical\" href=\"https:\/\/noticiaempauta.com\/portal\/themistocles-filho-deseja-continuar-como-vice-de-rafael-fonteles-em-2026-me-deixem-onde-eu-estou\/\" \/>\n<meta property=\"og:locale\" content=\"pt_BR\" \/>\n<meta property=\"og:type\" content=\"article\" \/>\n<meta property=\"og:title\" content=\"Them\u00edstocles Filho deseja continuar como vice de Rafael Fonteles em 2026: \u201cMe deixem onde eu estou\u201d\" \/>\n<meta property=\"og:description\" content=\"O vice-governador do Piau\u00ed, Themistocles Filho (MDB), comentou sobre a montagem da chapa majorit\u00e1ria da base governista para as elei\u00e7\u00f5es de 2026. Em declara\u00e7\u00e3o dada ao PortalODia.com, Themistocles pediu cautela nas especula\u00e7\u00f5es e reafirmou o desejo de permanecer ao lado do governador Rafael Fonteles (PT) em uma eventual reelei\u00e7\u00e3o. Ao ser questionado sobre a possibilidade [&hellip;]\" \/>\n<meta property=\"og:url\" content=\"https:\/\/noticiaempauta.com\/portal\/themistocles-filho-deseja-continuar-como-vice-de-rafael-fonteles-em-2026-me-deixem-onde-eu-estou\/\" \/>\n<meta property=\"og:site_name\" content=\"Portal Not\u00edcia em Pauta\" \/>\n<meta property=\"article:publisher\" content=\"https:\/\/www.facebook.com\/Portal-Notcia-Em-Pauta-102292869264820\/\" \/>\n<meta property=\"article:published_time\" content=\"2025-04-09T18:51:47+00:00\" \/>\n<meta property=\"article:modified_time\" content=\"2025-04-09T19:15:46+00:00\" \/>\n<meta property=\"og:image\" content=\"https:\/\/noticiaempauta.com\/portal\/wp-content\/uploads\/2022\/10\/temistocles.jpg\" \/>\n\t<meta property=\"og:image:width\" content=\"790\" \/>\n\t<meta property=\"og:image:height\" content=\"512\" \/>\n\t<meta property=\"og:image:type\" content=\"image\/jpeg\" \/>\n<meta name=\"author\" content=\"Reda\u00e7\u00e3o\" \/>\n<meta name=\"twitter:card\" content=\"summary_large_image\" \/>\n<meta name=\"twitter:label1\" content=\"Escrito por\" \/>\n\t<meta name=\"twitter:data1\" content=\"Reda\u00e7\u00e3o\" \/>\n\t<meta name=\"twitter:label2\" content=\"Est. tempo de leitura\" \/>\n\t<meta name=\"twitter:data2\" content=\"2 minutos\" \/>\n<script type=\"application\/ld+json\" class=\"yoast-schema-graph\">{\"@context\":\"https:\/\/schema.org\",\"@graph\":[{\"@type\":\"Article\",\"@id\":\"https:\/\/noticiaempauta.com\/portal\/themistocles-filho-deseja-continuar-como-vice-de-rafael-fonteles-em-2026-me-deixem-onde-eu-estou\/#article\",\"isPartOf\":{\"@id\":\"https:\/\/noticiaempauta.com\/portal\/themistocles-filho-deseja-continuar-como-vice-de-rafael-fonteles-em-2026-me-deixem-onde-eu-estou\/\"},\"author\":{\"name\":\"Reda\u00e7\u00e3o\",\"@id\":\"https:\/\/noticiaempauta.com\/portal\/#\/schema\/person\/a74af43dd1ab3deca45f988c717d57ac\"},\"headline\":\"Them\u00edstocles Filho deseja continuar como vice de Rafael Fonteles em 2026: \u201cMe deixem onde eu estou\u201d\",\"datePublished\":\"2025-04-09T18:51:47+00:00\",\"dateModified\":\"2025-04-09T19:15:46+00:00\",\"mainEntityOfPage\":{\"@id\":\"https:\/\/noticiaempauta.com\/portal\/themistocles-filho-deseja-continuar-como-vice-de-rafael-fonteles-em-2026-me-deixem-onde-eu-estou\/\"},\"wordCount\":301,\"commentCount\":0,\"publisher\":{\"@id\":\"https:\/\/noticiaempauta.com\/portal\/#organization\"},\"image\":{\"@id\":\"https:\/\/noticiaempauta.com\/portal\/themistocles-filho-deseja-continuar-como-vice-de-rafael-fonteles-em-2026-me-deixem-onde-eu-estou\/#primaryimage\"},\"thumbnailUrl\":\"https:\/\/noticiaempauta.com\/portal\/wp-content\/uploads\/2022\/10\/temistocles.jpg\",\"articleSection\":[\"Destaques\",\"Geral\",\"Todas as Not\u00edcias\"],\"inLanguage\":\"pt-BR\",\"potentialAction\":[{\"@type\":\"CommentAction\",\"name\":\"Comment\",\"target\":[\"https:\/\/noticiaempauta.com\/portal\/themistocles-filho-deseja-continuar-como-vice-de-rafael-fonteles-em-2026-me-deixem-onde-eu-estou\/#respond\"]}]},{\"@type\":\"WebPage\",\"@id\":\"https:\/\/noticiaempauta.com\/portal\/themistocles-filho-deseja-continuar-como-vice-de-rafael-fonteles-em-2026-me-deixem-onde-eu-estou\/\",\"url\":\"https:\/\/noticiaempauta.com\/portal\/themistocles-filho-deseja-continuar-como-vice-de-rafael-fonteles-em-2026-me-deixem-onde-eu-estou\/\",\"name\":\"Them\u00edstocles Filho deseja continuar como vice de Rafael Fonteles em 2026: \u201cMe deixem onde eu estou\u201d - Portal Not\u00edcia em Pauta\",\"isPartOf\":{\"@id\":\"https:\/\/noticiaempauta.com\/portal\/#website\"},\"primaryImageOfPage\":{\"@id\":\"https:\/\/noticiaempauta.com\/portal\/themistocles-filho-deseja-continuar-como-vice-de-rafael-fonteles-em-2026-me-deixem-onde-eu-estou\/#primaryimage\"},\"image\":{\"@id\":\"https:\/\/noticiaempauta.com\/portal\/themistocles-filho-deseja-continuar-como-vice-de-rafael-fonteles-em-2026-me-deixem-onde-eu-estou\/#primaryimage\"},\"thumbnailUrl\":\"https:\/\/noticiaempauta.com\/portal\/wp-content\/uploads\/2022\/10\/temistocles.jpg\",\"datePublished\":\"2025-04-09T18:51:47+00:00\",\"dateModified\":\"2025-04-09T19:15:46+00:00\",\"breadcrumb\":{\"@id\":\"https:\/\/noticiaempauta.com\/portal\/themistocles-filho-deseja-continuar-como-vice-de-rafael-fonteles-em-2026-me-deixem-onde-eu-estou\/#breadcrumb\"},\"inLanguage\":\"pt-BR\",\"potentialAction\":[{\"@type\":\"ReadAction\",\"target\":[\"https:\/\/noticiaempauta.com\/portal\/themistocles-filho-deseja-continuar-como-vice-de-rafael-fonteles-em-2026-me-deixem-onde-eu-estou\/\"]}]},{\"@type\":\"ImageObject\",\"inLanguage\":\"pt-BR\",\"@id\":\"https:\/\/noticiaempauta.com\/portal\/themistocles-filho-deseja-continuar-como-vice-de-rafael-fonteles-em-2026-me-deixem-onde-eu-estou\/#primaryimage\",\"url\":\"https:\/\/noticiaempauta.com\/portal\/wp-content\/uploads\/2022\/10\/temistocles.jpg\",\"contentUrl\":\"https:\/\/noticiaempauta.com\/portal\/wp-content\/uploads\/2022\/10\/temistocles.jpg\",\"width\":790,\"height\":512},{\"@type\":\"BreadcrumbList\",\"@id\":\"https:\/\/noticiaempauta.com\/portal\/themistocles-filho-deseja-continuar-como-vice-de-rafael-fonteles-em-2026-me-deixem-onde-eu-estou\/#breadcrumb\",\"itemListElement\":[{\"@type\":\"ListItem\",\"position\":1,\"name\":\"P\u00e1gina Inicial\",\"item\":\"https:\/\/noticiaempauta.com\/portal\/\"},{\"@type\":\"ListItem\",\"position\":2,\"name\":\"Destaques\",\"item\":\"https:\/\/noticiaempauta.com\/portal\/destaques-site\/\"},{\"@type\":\"ListItem\",\"position\":3,\"name\":\"Them\u00edstocles Filho deseja continuar como vice de Rafael Fonteles em 2026: \u201cMe deixem onde eu estou\u201d\"}]},{\"@type\":\"WebSite\",\"@id\":\"https:\/\/noticiaempauta.com\/portal\/#website\",\"url\":\"https:\/\/noticiaempauta.com\/portal\/\",\"name\":\"Portal Not\u00edcia em Pauta\",\"description\":\"Voc\u00ea bem informado\",\"publisher\":{\"@id\":\"https:\/\/noticiaempauta.com\/portal\/#organization\"},\"potentialAction\":[{\"@type\":\"SearchAction\",\"target\":{\"@type\":\"EntryPoint\",\"urlTemplate\":\"https:\/\/noticiaempauta.com\/portal\/?s={search_term_string}\"},\"query-input\":{\"@type\":\"PropertyValueSpecification\",\"valueRequired\":true,\"valueName\":\"search_term_string\"}}],\"inLanguage\":\"pt-BR\"},{\"@type\":\"Organization\",\"@id\":\"https:\/\/noticiaempauta.com\/portal\/#organization\",\"name\":\"Portal Not\u00edcia em Pauta\",\"url\":\"https:\/\/noticiaempauta.com\/portal\/\",\"logo\":{\"@type\":\"ImageObject\",\"inLanguage\":\"pt-BR\",\"@id\":\"https:\/\/noticiaempauta.com\/portal\/#\/schema\/logo\/image\/\",\"url\":\"https:\/\/noticiaempauta.com\/portal\/wp-content\/uploads\/2022\/08\/logomarca_tema.fw_.png\",\"contentUrl\":\"https:\/\/noticiaempauta.com\/portal\/wp-content\/uploads\/2022\/08\/logomarca_tema.fw_.png\",\"width\":400,\"height\":232,\"caption\":\"Portal Not\u00edcia em Pauta\"},\"image\":{\"@id\":\"https:\/\/noticiaempauta.com\/portal\/#\/schema\/logo\/image\/\"},\"sameAs\":[\"https:\/\/www.facebook.com\/Portal-Notcia-Em-Pauta-102292869264820\/\",\"https:\/\/www.instagram.com\/portalnoticiaempauta\/\"]},{\"@type\":\"Person\",\"@id\":\"https:\/\/noticiaempauta.com\/portal\/#\/schema\/person\/a74af43dd1ab3deca45f988c717d57ac\",\"name\":\"Reda\u00e7\u00e3o\",\"image\":{\"@type\":\"ImageObject\",\"inLanguage\":\"pt-BR\",\"@id\":\"https:\/\/noticiaempauta.com\/portal\/#\/schema\/person\/image\/\",\"url\":\"https:\/\/secure.gravatar.com\/avatar\/03179346ecce6cdfc13361603e8f54242a90e5cde8618fa23c5c00aa2b0aadf3?s=96&d=mm&r=g\",\"contentUrl\":\"https:\/\/secure.gravatar.com\/avatar\/03179346ecce6cdfc13361603e8f54242a90e5cde8618fa23c5c00aa2b0aadf3?s=96&d=mm&r=g\",\"caption\":\"Reda\u00e7\u00e3o\"},\"sameAs\":[\"https:\/\/noticiaempauta.com\/portal\/\"],\"url\":\"https:\/\/noticiaempauta.com\/portal\/author\/fernando\/\"}]}<\/script>\n<!-- \/ Yoast SEO Premium plugin. -->","yoast_head_json":{"title":"Them\u00edstocles Filho deseja continuar como vice de Rafael Fonteles em 2026: \u201cMe deixem onde eu estou\u201d - Portal Not\u00edcia em Pauta","robots":{"index":"index","follow":"follow","max-snippet":"max-snippet:-1","max-image-preview":"max-image-preview:large","max-video-preview":"max-video-preview:-1"},"canonical":"https:\/\/noticiaempauta.com\/portal\/themistocles-filho-deseja-continuar-como-vice-de-rafael-fonteles-em-2026-me-deixem-onde-eu-estou\/","og_locale":"pt_BR","og_type":"article","og_title":"Them\u00edstocles Filho deseja continuar como vice de Rafael Fonteles em 2026: \u201cMe deixem onde eu estou\u201d","og_description":"O vice-governador do Piau\u00ed, Themistocles Filho (MDB), comentou sobre a montagem da chapa majorit\u00e1ria da base governista para as elei\u00e7\u00f5es de 2026. Em declara\u00e7\u00e3o dada ao PortalODia.com, Themistocles pediu cautela nas especula\u00e7\u00f5es e reafirmou o desejo de permanecer ao lado do governador Rafael Fonteles (PT) em uma eventual reelei\u00e7\u00e3o. Ao ser questionado sobre a possibilidade [&hellip;]","og_url":"https:\/\/noticiaempauta.com\/portal\/themistocles-filho-deseja-continuar-como-vice-de-rafael-fonteles-em-2026-me-deixem-onde-eu-estou\/","og_site_name":"Portal Not\u00edcia em Pauta","article_publisher":"https:\/\/www.facebook.com\/Portal-Notcia-Em-Pauta-102292869264820\/","article_published_time":"2025-04-09T18:51:47+00:00","article_modified_time":"2025-04-09T19:15:46+00:00","og_image":[{"width":790,"height":512,"url":"https:\/\/noticiaempauta.com\/portal\/wp-content\/uploads\/2022\/10\/temistocles.jpg","type":"image\/jpeg"}],"author":"Reda\u00e7\u00e3o","twitter_card":"summary_large_image","twitter_misc":{"Escrito por":"Reda\u00e7\u00e3o","Est. tempo de leitura":"2 minutos"},"schema":{"@context":"https:\/\/schema.org","@graph":[{"@type":"Article","@id":"https:\/\/noticiaempauta.com\/portal\/themistocles-filho-deseja-continuar-como-vice-de-rafael-fonteles-em-2026-me-deixem-onde-eu-estou\/#article","isPartOf":{"@id":"https:\/\/noticiaempauta.com\/portal\/themistocles-filho-deseja-continuar-como-vice-de-rafael-fonteles-em-2026-me-deixem-onde-eu-estou\/"},"author":{"name":"Reda\u00e7\u00e3o","@id":"https:\/\/noticiaempauta.com\/portal\/#\/schema\/person\/a74af43dd1ab3deca45f988c717d57ac"},"headline":"Them\u00edstocles Filho deseja continuar como vice de Rafael Fonteles em 2026: \u201cMe deixem onde eu estou\u201d","datePublished":"2025-04-09T18:51:47+00:00","dateModified":"2025-04-09T19:15:46+00:00","mainEntityOfPage":{"@id":"https:\/\/noticiaempauta.com\/portal\/themistocles-filho-deseja-continuar-como-vice-de-rafael-fonteles-em-2026-me-deixem-onde-eu-estou\/"},"wordCount":301,"commentCount":0,"publisher":{"@id":"https:\/\/noticiaempauta.com\/portal\/#organization"},"image":{"@id":"https:\/\/noticiaempauta.com\/portal\/themistocles-filho-deseja-continuar-como-vice-de-rafael-fonteles-em-2026-me-deixem-onde-eu-estou\/#primaryimage"},"thumbnailUrl":"https:\/\/noticiaempauta.com\/portal\/wp-content\/uploads\/2022\/10\/temistocles.jpg","articleSection":["Destaques","Geral","Todas as Not\u00edcias"],"inLanguage":"pt-BR","potentialAction":[{"@type":"CommentAction","name":"Comment","target":["https:\/\/noticiaempauta.com\/portal\/themistocles-filho-deseja-continuar-como-vice-de-rafael-fonteles-em-2026-me-deixem-onde-eu-estou\/#respond"]}]},{"@type":"WebPage","@id":"https:\/\/noticiaempauta.com\/portal\/themistocles-filho-deseja-continuar-como-vice-de-rafael-fonteles-em-2026-me-deixem-onde-eu-estou\/","url":"https:\/\/noticiaempauta.com\/portal\/themistocles-filho-deseja-continuar-como-vice-de-rafael-fonteles-em-2026-me-deixem-onde-eu-estou\/","name":"Them\u00edstocles Filho deseja continuar como vice de Rafael Fonteles em 2026: \u201cMe deixem onde eu estou\u201d - Portal Not\u00edcia em Pauta","isPartOf":{"@id":"https:\/\/noticiaempauta.com\/portal\/#website"},"primaryImageOfPage":{"@id":"https:\/\/noticiaempauta.com\/portal\/themistocles-filho-deseja-continuar-como-vice-de-rafael-fonteles-em-2026-me-deixem-onde-eu-estou\/#primaryimage"},"image":{"@id":"https:\/\/noticiaempauta.com\/portal\/themistocles-filho-deseja-continuar-como-vice-de-rafael-fonteles-em-2026-me-deixem-onde-eu-estou\/#primaryimage"},"thumbnailUrl":"https:\/\/noticiaempauta.com\/portal\/wp-content\/uploads\/2022\/10\/temistocles.jpg","datePublished":"2025-04-09T18:51:47+00:00","dateModified":"2025-04-09T19:15:46+00:00","breadcrumb":{"@id":"https:\/\/noticiaempauta.com\/portal\/themistocles-filho-deseja-continuar-como-vice-de-rafael-fonteles-em-2026-me-deixem-onde-eu-estou\/#breadcrumb"},"inLanguage":"pt-BR","potentialAction":[{"@type":"ReadAction","target":["https:\/\/noticiaempauta.com\/portal\/themistocles-filho-deseja-continuar-como-vice-de-rafael-fonteles-em-2026-me-deixem-onde-eu-estou\/"]}]},{"@type":"ImageObject","inLanguage":"pt-BR","@id":"https:\/\/noticiaempauta.com\/portal\/themistocles-filho-deseja-continuar-como-vice-de-rafael-fonteles-em-2026-me-deixem-onde-eu-estou\/#primaryimage","url":"https:\/\/noticiaempauta.com\/portal\/wp-content\/uploads\/2022\/10\/temistocles.jpg","contentUrl":"https:\/\/noticiaempauta.com\/portal\/wp-content\/uploads\/2022\/10\/temistocles.jpg","width":790,"height":512},{"@type":"BreadcrumbList","@id":"https:\/\/noticiaempauta.com\/portal\/themistocles-filho-deseja-continuar-como-vice-de-rafael-fonteles-em-2026-me-deixem-onde-eu-estou\/#breadcrumb","itemListElement":[{"@type":"ListItem","position":1,"name":"P\u00e1gina Inicial","item":"https:\/\/noticiaempauta.com\/portal\/"},{"@type":"ListItem","position":2,"name":"Destaques","item":"https:\/\/noticiaempauta.com\/portal\/destaques-site\/"},{"@type":"ListItem","position":3,"name":"Them\u00edstocles Filho deseja continuar como vice de Rafael Fonteles em 2026: \u201cMe deixem onde eu estou\u201d"}]},{"@type":"WebSite","@id":"https:\/\/noticiaempauta.com\/portal\/#website","url":"https:\/\/noticiaempauta.com\/portal\/","name":"Portal Not\u00edcia em Pauta","description":"Voc\u00ea bem informado","publisher":{"@id":"https:\/\/noticiaempauta.com\/portal\/#organization"},"potentialAction":[{"@type":"SearchAction","target":{"@type":"EntryPoint","urlTemplate":"https:\/\/noticiaempauta.com\/portal\/?s={search_term_string}"},"query-input":{"@type":"PropertyValueSpecification","valueRequired":true,"valueName":"search_term_string"}}],"inLanguage":"pt-BR"},{"@type":"Organization","@id":"https:\/\/noticiaempauta.com\/portal\/#organization","name":"Portal Not\u00edcia em Pauta","url":"https:\/\/noticiaempauta.com\/portal\/","logo":{"@type":"ImageObject","inLanguage":"pt-BR","@id":"https:\/\/noticiaempauta.com\/portal\/#\/schema\/logo\/image\/","url":"https:\/\/noticiaempauta.com\/portal\/wp-content\/uploads\/2022\/08\/logomarca_tema.fw_.png","contentUrl":"https:\/\/noticiaempauta.com\/portal\/wp-content\/uploads\/2022\/08\/logomarca_tema.fw_.png","width":400,"height":232,"caption":"Portal Not\u00edcia em Pauta"},"image":{"@id":"https:\/\/noticiaempauta.com\/portal\/#\/schema\/logo\/image\/"},"sameAs":["https:\/\/www.facebook.com\/Portal-Notcia-Em-Pauta-102292869264820\/","https:\/\/www.instagram.com\/portalnoticiaempauta\/"]},{"@type":"Person","@id":"https:\/\/noticiaempauta.com\/portal\/#\/schema\/person\/a74af43dd1ab3deca45f988c717d57ac","name":"Reda\u00e7\u00e3o","image":{"@type":"ImageObject","inLanguage":"pt-BR","@id":"https:\/\/noticiaempauta.com\/portal\/#\/schema\/person\/image\/","url":"https:\/\/secure.gravatar.com\/avatar\/03179346ecce6cdfc13361603e8f54242a90e5cde8618fa23c5c00aa2b0aadf3?s=96&d=mm&r=g","contentUrl":"https:\/\/secure.gravatar.com\/avatar\/03179346ecce6cdfc13361603e8f54242a90e5cde8618fa23c5c00aa2b0aadf3?s=96&d=mm&r=g","caption":"Reda\u00e7\u00e3o"},"sameAs":["https:\/\/noticiaempauta.com\/portal\/"],"url":"https:\/\/noticiaempauta.com\/portal\/author\/fernando\/"}]}},"_links":{"self":[{"href":"https:\/\/noticiaempauta.com\/portal\/wp-json\/wp\/v2\/posts\/269947","targetHints":{"allow":["GET"]}}],"collection":[{"href":"https:\/\/noticiaempauta.com\/portal\/wp-json\/wp\/v2\/posts"}],"about":[{"href":"https:\/\/noticiaempauta.com\/portal\/wp-json\/wp\/v2\/types\/post"}],"author":[{"embeddable":true,"href":"https:\/\/noticiaempauta.com\/portal\/wp-json\/wp\/v2\/users\/2"}],"replies":[{"embeddable":true,"href":"https:\/\/noticiaempauta.com\/portal\/wp-json\/wp\/v2\/comments?post=269947"}],"version-history":[{"count":6,"href":"https:\/\/noticiaempauta.com\/portal\/wp-json\/wp\/v2\/posts\/269947\/revisions"}],"predecessor-version":[{"id":269954,"href":"https:\/\/noticiaempauta.com\/portal\/wp-json\/wp\/v2\/posts\/269947\/revisions\/269954"}],"wp:featuredmedia":[{"embeddable":true,"href":"https:\/\/noticiaempauta.com\/portal\/wp-json\/wp\/v2\/media\/242003"}],"wp:attachment":[{"href":"https:\/\/noticiaempauta.com\/portal\/wp-json\/wp\/v2\/media?parent=269947"}],"wp:term":[{"taxonomy":"category","embeddable":true,"href":"https:\/\/noticiaempauta.com\/portal\/wp-json\/wp\/v2\/categories?post=269947"},{"taxonomy":"post_tag","embeddable":true,"href":"https:\/\/noticiaempauta.com\/portal\/wp-json\/wp\/v2\/tags?post=269947"}],"curies":[{"name":"wp","href":"https:\/\/api.w.org\/{rel}","templated":true}]}}