{"id":269955,"date":"2025-04-10T11:32:13","date_gmt":"2025-04-10T14:32:13","guid":{"rendered":"https:\/\/noticiaempauta.com\/portal\/?p=269955"},"modified":"2025-04-10T11:32:14","modified_gmt":"2025-04-10T14:32:14","slug":"prefeitura-de-paqueta-realiza-entrega-de-ovos-da-pascoa-para-alunos-da-rede-municipal","status":"publish","type":"post","link":"https:\/\/noticiaempauta.com\/portal\/prefeitura-de-paqueta-realiza-entrega-de-ovos-da-pascoa-para-alunos-da-rede-municipal\/","title":{"rendered":"Prefeitura de Paquet\u00e1 realiza entrega de Ovos da P\u00e1scoa para alunos da rede municipal"},"content":{"rendered":"\n<p>A Prefeitura Municipal de Paquet\u00e1, atrav\u00e9s das secretarias de Educa\u00e7\u00e3o e Assist\u00eancia Social estiveram realizando ao longo desta semana a distribui\u00e7\u00e3o e entrega de ovos de chocolate, em alus\u00e3o a P\u00e1scoa, para alunos da rede municipal de educa\u00e7\u00e3o da zona urbana rural do munic\u00edpio.<\/p>\n\n\n\n<figure class=\"wp-block-image size-large\"><img fetchpriority=\"high\" decoding=\"async\" width=\"1024\" height=\"761\" src=\"https:\/\/noticiaempauta.com\/portal\/wp-content\/uploads\/2025\/04\/WhatsApp-Image-2025-04-09-at-16.14.18-2-1-1024x761.jpeg\" alt=\"\" class=\"wp-image-269972\" srcset=\"https:\/\/noticiaempauta.com\/portal\/wp-content\/uploads\/2025\/04\/WhatsApp-Image-2025-04-09-at-16.14.18-2-1-1024x761.jpeg 1024w, https:\/\/noticiaempauta.com\/portal\/wp-content\/uploads\/2025\/04\/WhatsApp-Image-2025-04-09-at-16.14.18-2-1-300x223.jpeg 300w, https:\/\/noticiaempauta.com\/portal\/wp-content\/uploads\/2025\/04\/WhatsApp-Image-2025-04-09-at-16.14.18-2-1-768x571.jpeg 768w, https:\/\/noticiaempauta.com\/portal\/wp-content\/uploads\/2025\/04\/WhatsApp-Image-2025-04-09-at-16.14.18-2-1.jpeg 1170w\" sizes=\"(max-width: 1024px) 100vw, 1024px\" \/><\/figure>\n\n\n\n<figure class=\"wp-block-image size-large\"><img decoding=\"async\" width=\"1024\" height=\"807\" src=\"https:\/\/noticiaempauta.com\/portal\/wp-content\/uploads\/2025\/04\/WhatsApp-Image-2025-04-09-at-16.14.18-3-1024x807.jpeg\" alt=\"\" class=\"wp-image-269973\" srcset=\"https:\/\/noticiaempauta.com\/portal\/wp-content\/uploads\/2025\/04\/WhatsApp-Image-2025-04-09-at-16.14.18-3-1024x807.jpeg 1024w, https:\/\/noticiaempauta.com\/portal\/wp-content\/uploads\/2025\/04\/WhatsApp-Image-2025-04-09-at-16.14.18-3-300x236.jpeg 300w, https:\/\/noticiaempauta.com\/portal\/wp-content\/uploads\/2025\/04\/WhatsApp-Image-2025-04-09-at-16.14.18-3-768x605.jpeg 768w, https:\/\/noticiaempauta.com\/portal\/wp-content\/uploads\/2025\/04\/WhatsApp-Image-2025-04-09-at-16.14.18-3.jpeg 1137w\" sizes=\"(max-width: 1024px) 100vw, 1024px\" \/><\/figure>\n\n\n\n<p>Durante as visitas e distribui\u00e7\u00e3o dos chocolates as crian\u00e7as participaram oficinas de pintura e momento de descontra\u00e7\u00e3o e brincadeiras com a presen\u00e7a dos M\u00edmicos da Alegria.<\/p>\n\n\n\n<figure class=\"wp-block-image size-large\"><img decoding=\"async\" width=\"1024\" height=\"788\" src=\"https:\/\/noticiaempauta.com\/portal\/wp-content\/uploads\/2025\/04\/WhatsApp-Image-2025-04-09-at-16.14.18-4-1024x788.jpeg\" alt=\"\" class=\"wp-image-269974\" srcset=\"https:\/\/noticiaempauta.com\/portal\/wp-content\/uploads\/2025\/04\/WhatsApp-Image-2025-04-09-at-16.14.18-4-1024x788.jpeg 1024w, https:\/\/noticiaempauta.com\/portal\/wp-content\/uploads\/2025\/04\/WhatsApp-Image-2025-04-09-at-16.14.18-4-300x231.jpeg 300w, https:\/\/noticiaempauta.com\/portal\/wp-content\/uploads\/2025\/04\/WhatsApp-Image-2025-04-09-at-16.14.18-4-768x591.jpeg 768w, https:\/\/noticiaempauta.com\/portal\/wp-content\/uploads\/2025\/04\/WhatsApp-Image-2025-04-09-at-16.14.18-4.jpeg 1170w\" sizes=\"(max-width: 1024px) 100vw, 1024px\" \/><\/figure>\n\n\n\n<p> A Secret\u00e1ria Municipal de Educa\u00e7\u00e3o, Elayne S\u00e1, destaca o sentido da P\u00e1scoa, transmitido nas escolas municipais, que vai al\u00e9m da distribui\u00e7\u00e3o, havendo tamb\u00e9m momentos de ensinamento e reflex\u00e3o acerca da import\u00e2ncia da Semana Santa. <\/p>\n\n\n\n<figure class=\"wp-block-image size-large\"><img loading=\"lazy\" decoding=\"async\" width=\"1024\" height=\"816\" src=\"https:\/\/noticiaempauta.com\/portal\/wp-content\/uploads\/2025\/04\/WhatsApp-Image-2025-04-09-at-16.14.18-1024x816.jpeg\" alt=\"\" class=\"wp-image-269969\" srcset=\"https:\/\/noticiaempauta.com\/portal\/wp-content\/uploads\/2025\/04\/WhatsApp-Image-2025-04-09-at-16.14.18-1024x816.jpeg 1024w, https:\/\/noticiaempauta.com\/portal\/wp-content\/uploads\/2025\/04\/WhatsApp-Image-2025-04-09-at-16.14.18-300x239.jpeg 300w, https:\/\/noticiaempauta.com\/portal\/wp-content\/uploads\/2025\/04\/WhatsApp-Image-2025-04-09-at-16.14.18-768x612.jpeg 768w, https:\/\/noticiaempauta.com\/portal\/wp-content\/uploads\/2025\/04\/WhatsApp-Image-2025-04-09-at-16.14.18.jpeg 1129w\" sizes=\"(max-width: 1024px) 100vw, 1024px\" \/><\/figure>\n\n\n\n<p>&#8220;Ficamos felizes em ver a anima\u00e7\u00e3o e os olhinhos das crian\u00e7as brilhando em momentos como esse. Lembrar o significado da Semana Santa e reviver a ressurrei\u00e7\u00e3o de Cristo \u00e9 motivo de uni\u00e3o, fraternidade e aprendizagem para nossos alunos&#8221;, disse a secret\u00e1ria.<\/p>\n\n\n\n<figure class=\"wp-block-image size-large\"><img loading=\"lazy\" decoding=\"async\" width=\"1024\" height=\"730\" src=\"https:\/\/noticiaempauta.com\/portal\/wp-content\/uploads\/2025\/04\/WhatsApp-Image-2025-04-10-at-11.23.17-1024x730.jpeg\" alt=\"\" class=\"wp-image-269976\" srcset=\"https:\/\/noticiaempauta.com\/portal\/wp-content\/uploads\/2025\/04\/WhatsApp-Image-2025-04-10-at-11.23.17-1024x730.jpeg 1024w, https:\/\/noticiaempauta.com\/portal\/wp-content\/uploads\/2025\/04\/WhatsApp-Image-2025-04-10-at-11.23.17-300x214.jpeg 300w, https:\/\/noticiaempauta.com\/portal\/wp-content\/uploads\/2025\/04\/WhatsApp-Image-2025-04-10-at-11.23.17-768x547.jpeg 768w, https:\/\/noticiaempauta.com\/portal\/wp-content\/uploads\/2025\/04\/WhatsApp-Image-2025-04-10-at-11.23.17.jpeg 1170w\" sizes=\"(max-width: 1024px) 100vw, 1024px\" \/><\/figure>\n\n\n\n<figure class=\"wp-block-image size-large\"><img loading=\"lazy\" decoding=\"async\" width=\"1024\" height=\"790\" src=\"https:\/\/noticiaempauta.com\/portal\/wp-content\/uploads\/2025\/04\/WhatsApp-Image-2025-04-09-at-16.14.18-1-1024x790.jpeg\" alt=\"\" class=\"wp-image-269970\" srcset=\"https:\/\/noticiaempauta.com\/portal\/wp-content\/uploads\/2025\/04\/WhatsApp-Image-2025-04-09-at-16.14.18-1-1024x790.jpeg 1024w, https:\/\/noticiaempauta.com\/portal\/wp-content\/uploads\/2025\/04\/WhatsApp-Image-2025-04-09-at-16.14.18-1-300x231.jpeg 300w, https:\/\/noticiaempauta.com\/portal\/wp-content\/uploads\/2025\/04\/WhatsApp-Image-2025-04-09-at-16.14.18-1-768x593.jpeg 768w, https:\/\/noticiaempauta.com\/portal\/wp-content\/uploads\/2025\/04\/WhatsApp-Image-2025-04-09-at-16.14.18-1.jpeg 1147w\" sizes=\"(max-width: 1024px) 100vw, 1024px\" \/><\/figure>\n\n\n\n<p>A m\u00e9dica Yara Portela tamb\u00e9m esteve acompanhando a distribui\u00e7\u00e3o dos Ovos de P\u00e1scoa em algumas escolas municipais, e avaliou positivamente a iniciativa. &#8220;Grande satisfa\u00e7\u00e3o em ver a alegria de todos os alunos n\u00e3o tem pre\u00e7o. Isso nos mostra como um gesto singelo pode fazer muita diferen\u00e7a. \u00c9 gratificante realizar essa a\u00e7\u00e3o, onde muitos s\u00e3o presenteados e ficam com muita expectativa quando chega essa \u00e9poca do ano, isso \u00e9 marcante para eles&#8221;, frisou.<\/p>\n\n\n\n<figure class=\"wp-block-image size-large\"><img loading=\"lazy\" decoding=\"async\" width=\"1024\" height=\"807\" src=\"https:\/\/noticiaempauta.com\/portal\/wp-content\/uploads\/2025\/04\/WhatsApp-Image-2025-04-09-at-16.14.18-5-1024x807.jpeg\" alt=\"\" class=\"wp-image-269975\" srcset=\"https:\/\/noticiaempauta.com\/portal\/wp-content\/uploads\/2025\/04\/WhatsApp-Image-2025-04-09-at-16.14.18-5-1024x807.jpeg 1024w, https:\/\/noticiaempauta.com\/portal\/wp-content\/uploads\/2025\/04\/WhatsApp-Image-2025-04-09-at-16.14.18-5-300x236.jpeg 300w, https:\/\/noticiaempauta.com\/portal\/wp-content\/uploads\/2025\/04\/WhatsApp-Image-2025-04-09-at-16.14.18-5-768x605.jpeg 768w, https:\/\/noticiaempauta.com\/portal\/wp-content\/uploads\/2025\/04\/WhatsApp-Image-2025-04-09-at-16.14.18-5.jpeg 1138w\" sizes=\"(max-width: 1024px) 100vw, 1024px\" \/><\/figure>\n\n\n\n<p><strong>Veja mais Imagens<\/strong><\/p>\n\n\n\n<figure class=\"wp-block-image size-large\"><img loading=\"lazy\" decoding=\"async\" width=\"1024\" height=\"745\" src=\"https:\/\/noticiaempauta.com\/portal\/wp-content\/uploads\/2025\/04\/WhatsApp-Image-2025-04-09-at-16.14.18-6-1024x745.jpeg\" alt=\"\" class=\"wp-image-269977\" srcset=\"https:\/\/noticiaempauta.com\/portal\/wp-content\/uploads\/2025\/04\/WhatsApp-Image-2025-04-09-at-16.14.18-6-1024x745.jpeg 1024w, https:\/\/noticiaempauta.com\/portal\/wp-content\/uploads\/2025\/04\/WhatsApp-Image-2025-04-09-at-16.14.18-6-300x218.jpeg 300w, https:\/\/noticiaempauta.com\/portal\/wp-content\/uploads\/2025\/04\/WhatsApp-Image-2025-04-09-at-16.14.18-6-768x559.jpeg 768w, https:\/\/noticiaempauta.com\/portal\/wp-content\/uploads\/2025\/04\/WhatsApp-Image-2025-04-09-at-16.14.18-6.jpeg 1170w\" sizes=\"(max-width: 1024px) 100vw, 1024px\" \/><\/figure>\n\n\n\n<figure class=\"wp-block-image size-large\"><img loading=\"lazy\" decoding=\"async\" width=\"1024\" height=\"792\" src=\"https:\/\/noticiaempauta.com\/portal\/wp-content\/uploads\/2025\/04\/WhatsApp-Image-2025-04-09-at-16.14.18-7-1024x792.jpeg\" alt=\"\" class=\"wp-image-269978\" srcset=\"https:\/\/noticiaempauta.com\/portal\/wp-content\/uploads\/2025\/04\/WhatsApp-Image-2025-04-09-at-16.14.18-7-1024x792.jpeg 1024w, https:\/\/noticiaempauta.com\/portal\/wp-content\/uploads\/2025\/04\/WhatsApp-Image-2025-04-09-at-16.14.18-7-300x232.jpeg 300w, https:\/\/noticiaempauta.com\/portal\/wp-content\/uploads\/2025\/04\/WhatsApp-Image-2025-04-09-at-16.14.18-7-768x594.jpeg 768w, https:\/\/noticiaempauta.com\/portal\/wp-content\/uploads\/2025\/04\/WhatsApp-Image-2025-04-09-at-16.14.18-7.jpeg 1170w\" sizes=\"(max-width: 1024px) 100vw, 1024px\" \/><\/figure>\n\n\n\n<figure class=\"wp-block-image size-large\"><img loading=\"lazy\" decoding=\"async\" width=\"1024\" height=\"792\" src=\"https:\/\/noticiaempauta.com\/portal\/wp-content\/uploads\/2025\/04\/WhatsApp-Image-2025-04-09-at-16.14.18-8-1024x792.jpeg\" alt=\"\" class=\"wp-image-269979\" srcset=\"https:\/\/noticiaempauta.com\/portal\/wp-content\/uploads\/2025\/04\/WhatsApp-Image-2025-04-09-at-16.14.18-8-1024x792.jpeg 1024w, https:\/\/noticiaempauta.com\/portal\/wp-content\/uploads\/2025\/04\/WhatsApp-Image-2025-04-09-at-16.14.18-8-300x232.jpeg 300w, https:\/\/noticiaempauta.com\/portal\/wp-content\/uploads\/2025\/04\/WhatsApp-Image-2025-04-09-at-16.14.18-8-768x594.jpeg 768w, https:\/\/noticiaempauta.com\/portal\/wp-content\/uploads\/2025\/04\/WhatsApp-Image-2025-04-09-at-16.14.18-8.jpeg 1170w\" sizes=\"(max-width: 1024px) 100vw, 1024px\" \/><\/figure>\n\n\n\n<figure class=\"wp-block-image size-large\"><img loading=\"lazy\" decoding=\"async\" width=\"1024\" height=\"734\" src=\"https:\/\/noticiaempauta.com\/portal\/wp-content\/uploads\/2025\/04\/WhatsApp-Image-2025-04-10-at-11.27.27-1024x734.jpeg\" alt=\"\" class=\"wp-image-269980\" srcset=\"https:\/\/noticiaempauta.com\/portal\/wp-content\/uploads\/2025\/04\/WhatsApp-Image-2025-04-10-at-11.27.27-1024x734.jpeg 1024w, https:\/\/noticiaempauta.com\/portal\/wp-content\/uploads\/2025\/04\/WhatsApp-Image-2025-04-10-at-11.27.27-300x215.jpeg 300w, https:\/\/noticiaempauta.com\/portal\/wp-content\/uploads\/2025\/04\/WhatsApp-Image-2025-04-10-at-11.27.27-768x551.jpeg 768w, https:\/\/noticiaempauta.com\/portal\/wp-content\/uploads\/2025\/04\/WhatsApp-Image-2025-04-10-at-11.27.27.jpeg 1170w\" sizes=\"(max-width: 1024px) 100vw, 1024px\" \/><\/figure>\n\n\n\n<figure class=\"wp-block-image size-large\"><img loading=\"lazy\" decoding=\"async\" width=\"1024\" height=\"739\" src=\"https:\/\/noticiaempauta.com\/portal\/wp-content\/uploads\/2025\/04\/WhatsApp-Image-2025-04-10-at-11.27.27-1-1024x739.jpeg\" alt=\"\" class=\"wp-image-269981\" srcset=\"https:\/\/noticiaempauta.com\/portal\/wp-content\/uploads\/2025\/04\/WhatsApp-Image-2025-04-10-at-11.27.27-1-1024x739.jpeg 1024w, https:\/\/noticiaempauta.com\/portal\/wp-content\/uploads\/2025\/04\/WhatsApp-Image-2025-04-10-at-11.27.27-1-300x216.jpeg 300w, https:\/\/noticiaempauta.com\/portal\/wp-content\/uploads\/2025\/04\/WhatsApp-Image-2025-04-10-at-11.27.27-1-768x554.jpeg 768w, https:\/\/noticiaempauta.com\/portal\/wp-content\/uploads\/2025\/04\/WhatsApp-Image-2025-04-10-at-11.27.27-1.jpeg 1170w\" sizes=\"(max-width: 1024px) 100vw, 1024px\" \/><\/figure>\n\n\n\n<figure class=\"wp-block-image size-large\"><img loading=\"lazy\" decoding=\"async\" width=\"1024\" height=\"748\" src=\"https:\/\/noticiaempauta.com\/portal\/wp-content\/uploads\/2025\/04\/WhatsApp-Image-2025-04-10-at-11.27.27-2-1024x748.jpeg\" alt=\"\" class=\"wp-image-269982\" srcset=\"https:\/\/noticiaempauta.com\/portal\/wp-content\/uploads\/2025\/04\/WhatsApp-Image-2025-04-10-at-11.27.27-2-1024x748.jpeg 1024w, https:\/\/noticiaempauta.com\/portal\/wp-content\/uploads\/2025\/04\/WhatsApp-Image-2025-04-10-at-11.27.27-2-300x219.jpeg 300w, https:\/\/noticiaempauta.com\/portal\/wp-content\/uploads\/2025\/04\/WhatsApp-Image-2025-04-10-at-11.27.27-2-768x561.jpeg 768w, https:\/\/noticiaempauta.com\/portal\/wp-content\/uploads\/2025\/04\/WhatsApp-Image-2025-04-10-at-11.27.27-2.jpeg 1170w\" sizes=\"(max-width: 1024px) 100vw, 1024px\" \/><\/figure>\n\n\n\n<figure class=\"wp-block-image size-large\"><img loading=\"lazy\" decoding=\"async\" width=\"1024\" height=\"743\" src=\"https:\/\/noticiaempauta.com\/portal\/wp-content\/uploads\/2025\/04\/WhatsApp-Image-2025-04-10-at-11.27.27-3-1024x743.jpeg\" alt=\"\" class=\"wp-image-269983\" srcset=\"https:\/\/noticiaempauta.com\/portal\/wp-content\/uploads\/2025\/04\/WhatsApp-Image-2025-04-10-at-11.27.27-3-1024x743.jpeg 1024w, https:\/\/noticiaempauta.com\/portal\/wp-content\/uploads\/2025\/04\/WhatsApp-Image-2025-04-10-at-11.27.27-3-300x218.jpeg 300w, https:\/\/noticiaempauta.com\/portal\/wp-content\/uploads\/2025\/04\/WhatsApp-Image-2025-04-10-at-11.27.27-3-768x557.jpeg 768w, https:\/\/noticiaempauta.com\/portal\/wp-content\/uploads\/2025\/04\/WhatsApp-Image-2025-04-10-at-11.27.27-3.jpeg 1170w\" sizes=\"(max-width: 1024px) 100vw, 1024px\" \/><\/figure>\n\n\n\n<figure class=\"wp-block-image size-large\"><img loading=\"lazy\" decoding=\"async\" width=\"1024\" height=\"743\" src=\"https:\/\/noticiaempauta.com\/portal\/wp-content\/uploads\/2025\/04\/WhatsApp-Image-2025-04-10-at-11.27.28-1024x743.jpeg\" alt=\"\" class=\"wp-image-269984\" srcset=\"https:\/\/noticiaempauta.com\/portal\/wp-content\/uploads\/2025\/04\/WhatsApp-Image-2025-04-10-at-11.27.28-1024x743.jpeg 1024w, https:\/\/noticiaempauta.com\/portal\/wp-content\/uploads\/2025\/04\/WhatsApp-Image-2025-04-10-at-11.27.28-300x218.jpeg 300w, https:\/\/noticiaempauta.com\/portal\/wp-content\/uploads\/2025\/04\/WhatsApp-Image-2025-04-10-at-11.27.28-768x557.jpeg 768w, https:\/\/noticiaempauta.com\/portal\/wp-content\/uploads\/2025\/04\/WhatsApp-Image-2025-04-10-at-11.27.28.jpeg 1170w\" sizes=\"(max-width: 1024px) 100vw, 1024px\" \/><\/figure>\n\n\n\n<figure class=\"wp-block-image size-large\"><img loading=\"lazy\" decoding=\"async\" width=\"1024\" height=\"748\" src=\"https:\/\/noticiaempauta.com\/portal\/wp-content\/uploads\/2025\/04\/WhatsApp-Image-2025-04-10-at-11.27.28-1-1024x748.jpeg\" alt=\"\" class=\"wp-image-269985\" srcset=\"https:\/\/noticiaempauta.com\/portal\/wp-content\/uploads\/2025\/04\/WhatsApp-Image-2025-04-10-at-11.27.28-1-1024x748.jpeg 1024w, https:\/\/noticiaempauta.com\/portal\/wp-content\/uploads\/2025\/04\/WhatsApp-Image-2025-04-10-at-11.27.28-1-300x219.jpeg 300w, https:\/\/noticiaempauta.com\/portal\/wp-content\/uploads\/2025\/04\/WhatsApp-Image-2025-04-10-at-11.27.28-1-768x561.jpeg 768w, https:\/\/noticiaempauta.com\/portal\/wp-content\/uploads\/2025\/04\/WhatsApp-Image-2025-04-10-at-11.27.28-1.jpeg 1170w\" sizes=\"(max-width: 1024px) 100vw, 1024px\" \/><\/figure>\n\n\n\n<figure class=\"wp-block-image size-large\"><img loading=\"lazy\" decoding=\"async\" width=\"1024\" height=\"721\" src=\"https:\/\/noticiaempauta.com\/portal\/wp-content\/uploads\/2025\/04\/WhatsApp-Image-2025-04-10-at-11.27.28-2-1024x721.jpeg\" alt=\"\" class=\"wp-image-269986\" srcset=\"https:\/\/noticiaempauta.com\/portal\/wp-content\/uploads\/2025\/04\/WhatsApp-Image-2025-04-10-at-11.27.28-2-1024x721.jpeg 1024w, https:\/\/noticiaempauta.com\/portal\/wp-content\/uploads\/2025\/04\/WhatsApp-Image-2025-04-10-at-11.27.28-2-300x211.jpeg 300w, https:\/\/noticiaempauta.com\/portal\/wp-content\/uploads\/2025\/04\/WhatsApp-Image-2025-04-10-at-11.27.28-2-768x541.jpeg 768w, https:\/\/noticiaempauta.com\/portal\/wp-content\/uploads\/2025\/04\/WhatsApp-Image-2025-04-10-at-11.27.28-2.jpeg 1170w\" sizes=\"(max-width: 1024px) 100vw, 1024px\" \/><\/figure>\n","protected":false},"excerpt":{"rendered":"<p>A Prefeitura Municipal de Paquet\u00e1, atrav\u00e9s das secretarias de Educa\u00e7\u00e3o e Assist\u00eancia Social estiveram realizando ao longo desta semana a distribui\u00e7\u00e3o e entrega de ovos de chocolate, em alus\u00e3o a P\u00e1scoa, para alunos da rede municipal de educa\u00e7\u00e3o da zona urbana rural do munic\u00edpio. Durante as visitas e distribui\u00e7\u00e3o dos chocolates as crian\u00e7as participaram oficinas [&hellip;]<\/p>\n","protected":false},"author":2,"featured_media":269976,"comment_status":"open","ping_status":"open","sticky":false,"template":"","format":"standard","meta":{"_mi_skip_tracking":false,"footnotes":""},"categories":[25,1,16],"tags":[192],"class_list":["post-269955","post","type-post","status-publish","format-standard","has-post-thumbnail","hentry","category-destaques-site","category-geral","category-todas","tag-destaqueprincipal"],"acf":[],"yoast_head":"<!-- This site is optimized with the Yoast SEO Premium plugin v19.2 (Yoast SEO v26.9) - https:\/\/yoast.com\/product\/yoast-seo-premium-wordpress\/ -->\n<title>Prefeitura de Paquet\u00e1 realiza entrega de Ovos da P\u00e1scoa para alunos da rede municipal - Portal Not\u00edcia em Pauta<\/title>\n<meta name=\"robots\" content=\"index, follow, max-snippet:-1, max-image-preview:large, max-video-preview:-1\" \/>\n<link rel=\"canonical\" href=\"https:\/\/noticiaempauta.com\/portal\/prefeitura-de-paqueta-realiza-entrega-de-ovos-da-pascoa-para-alunos-da-rede-municipal\/\" \/>\n<meta property=\"og:locale\" content=\"pt_BR\" \/>\n<meta property=\"og:type\" content=\"article\" \/>\n<meta property=\"og:title\" content=\"Prefeitura de Paquet\u00e1 realiza entrega de Ovos da P\u00e1scoa para alunos da rede municipal\" \/>\n<meta property=\"og:description\" content=\"A Prefeitura Municipal de Paquet\u00e1, atrav\u00e9s das secretarias de Educa\u00e7\u00e3o e Assist\u00eancia Social estiveram realizando ao longo desta semana a distribui\u00e7\u00e3o e entrega de ovos de chocolate, em alus\u00e3o a P\u00e1scoa, para alunos da rede municipal de educa\u00e7\u00e3o da zona urbana rural do munic\u00edpio. Durante as visitas e distribui\u00e7\u00e3o dos chocolates as crian\u00e7as participaram oficinas [&hellip;]\" \/>\n<meta property=\"og:url\" content=\"https:\/\/noticiaempauta.com\/portal\/prefeitura-de-paqueta-realiza-entrega-de-ovos-da-pascoa-para-alunos-da-rede-municipal\/\" \/>\n<meta property=\"og:site_name\" content=\"Portal Not\u00edcia em Pauta\" \/>\n<meta property=\"article:publisher\" content=\"https:\/\/www.facebook.com\/Portal-Notcia-Em-Pauta-102292869264820\/\" \/>\n<meta property=\"article:published_time\" content=\"2025-04-10T14:32:13+00:00\" \/>\n<meta property=\"article:modified_time\" content=\"2025-04-10T14:32:14+00:00\" \/>\n<meta property=\"og:image\" content=\"https:\/\/noticiaempauta.com\/portal\/wp-content\/uploads\/2025\/04\/WhatsApp-Image-2025-04-10-at-11.23.17.jpeg\" \/>\n\t<meta property=\"og:image:width\" content=\"1170\" \/>\n\t<meta property=\"og:image:height\" content=\"834\" \/>\n\t<meta property=\"og:image:type\" content=\"image\/jpeg\" \/>\n<meta name=\"author\" content=\"Reda\u00e7\u00e3o\" \/>\n<meta name=\"twitter:card\" content=\"summary_large_image\" \/>\n<meta name=\"twitter:label1\" content=\"Escrito por\" \/>\n\t<meta name=\"twitter:data1\" content=\"Reda\u00e7\u00e3o\" \/>\n\t<meta name=\"twitter:label2\" content=\"Est. tempo de leitura\" \/>\n\t<meta name=\"twitter:data2\" content=\"5 minutos\" \/>\n<script type=\"application\/ld+json\" class=\"yoast-schema-graph\">{\"@context\":\"https:\/\/schema.org\",\"@graph\":[{\"@type\":\"Article\",\"@id\":\"https:\/\/noticiaempauta.com\/portal\/prefeitura-de-paqueta-realiza-entrega-de-ovos-da-pascoa-para-alunos-da-rede-municipal\/#article\",\"isPartOf\":{\"@id\":\"https:\/\/noticiaempauta.com\/portal\/prefeitura-de-paqueta-realiza-entrega-de-ovos-da-pascoa-para-alunos-da-rede-municipal\/\"},\"author\":{\"name\":\"Reda\u00e7\u00e3o\",\"@id\":\"https:\/\/noticiaempauta.com\/portal\/#\/schema\/person\/a74af43dd1ab3deca45f988c717d57ac\"},\"headline\":\"Prefeitura de Paquet\u00e1 realiza entrega de Ovos da P\u00e1scoa para alunos da rede municipal\",\"datePublished\":\"2025-04-10T14:32:13+00:00\",\"dateModified\":\"2025-04-10T14:32:14+00:00\",\"mainEntityOfPage\":{\"@id\":\"https:\/\/noticiaempauta.com\/portal\/prefeitura-de-paqueta-realiza-entrega-de-ovos-da-pascoa-para-alunos-da-rede-municipal\/\"},\"wordCount\":268,\"commentCount\":0,\"publisher\":{\"@id\":\"https:\/\/noticiaempauta.com\/portal\/#organization\"},\"image\":{\"@id\":\"https:\/\/noticiaempauta.com\/portal\/prefeitura-de-paqueta-realiza-entrega-de-ovos-da-pascoa-para-alunos-da-rede-municipal\/#primaryimage\"},\"thumbnailUrl\":\"https:\/\/noticiaempauta.com\/portal\/wp-content\/uploads\/2025\/04\/WhatsApp-Image-2025-04-10-at-11.23.17.jpeg\",\"keywords\":[\"destaqueprincipal\"],\"articleSection\":[\"Destaques\",\"Geral\",\"Todas as Not\u00edcias\"],\"inLanguage\":\"pt-BR\",\"potentialAction\":[{\"@type\":\"CommentAction\",\"name\":\"Comment\",\"target\":[\"https:\/\/noticiaempauta.com\/portal\/prefeitura-de-paqueta-realiza-entrega-de-ovos-da-pascoa-para-alunos-da-rede-municipal\/#respond\"]}]},{\"@type\":\"WebPage\",\"@id\":\"https:\/\/noticiaempauta.com\/portal\/prefeitura-de-paqueta-realiza-entrega-de-ovos-da-pascoa-para-alunos-da-rede-municipal\/\",\"url\":\"https:\/\/noticiaempauta.com\/portal\/prefeitura-de-paqueta-realiza-entrega-de-ovos-da-pascoa-para-alunos-da-rede-municipal\/\",\"name\":\"Prefeitura de Paquet\u00e1 realiza entrega de Ovos da P\u00e1scoa para alunos da rede municipal - Portal Not\u00edcia em Pauta\",\"isPartOf\":{\"@id\":\"https:\/\/noticiaempauta.com\/portal\/#website\"},\"primaryImageOfPage\":{\"@id\":\"https:\/\/noticiaempauta.com\/portal\/prefeitura-de-paqueta-realiza-entrega-de-ovos-da-pascoa-para-alunos-da-rede-municipal\/#primaryimage\"},\"image\":{\"@id\":\"https:\/\/noticiaempauta.com\/portal\/prefeitura-de-paqueta-realiza-entrega-de-ovos-da-pascoa-para-alunos-da-rede-municipal\/#primaryimage\"},\"thumbnailUrl\":\"https:\/\/noticiaempauta.com\/portal\/wp-content\/uploads\/2025\/04\/WhatsApp-Image-2025-04-10-at-11.23.17.jpeg\",\"datePublished\":\"2025-04-10T14:32:13+00:00\",\"dateModified\":\"2025-04-10T14:32:14+00:00\",\"breadcrumb\":{\"@id\":\"https:\/\/noticiaempauta.com\/portal\/prefeitura-de-paqueta-realiza-entrega-de-ovos-da-pascoa-para-alunos-da-rede-municipal\/#breadcrumb\"},\"inLanguage\":\"pt-BR\",\"potentialAction\":[{\"@type\":\"ReadAction\",\"target\":[\"https:\/\/noticiaempauta.com\/portal\/prefeitura-de-paqueta-realiza-entrega-de-ovos-da-pascoa-para-alunos-da-rede-municipal\/\"]}]},{\"@type\":\"ImageObject\",\"inLanguage\":\"pt-BR\",\"@id\":\"https:\/\/noticiaempauta.com\/portal\/prefeitura-de-paqueta-realiza-entrega-de-ovos-da-pascoa-para-alunos-da-rede-municipal\/#primaryimage\",\"url\":\"https:\/\/noticiaempauta.com\/portal\/wp-content\/uploads\/2025\/04\/WhatsApp-Image-2025-04-10-at-11.23.17.jpeg\",\"contentUrl\":\"https:\/\/noticiaempauta.com\/portal\/wp-content\/uploads\/2025\/04\/WhatsApp-Image-2025-04-10-at-11.23.17.jpeg\",\"width\":1170,\"height\":834},{\"@type\":\"BreadcrumbList\",\"@id\":\"https:\/\/noticiaempauta.com\/portal\/prefeitura-de-paqueta-realiza-entrega-de-ovos-da-pascoa-para-alunos-da-rede-municipal\/#breadcrumb\",\"itemListElement\":[{\"@type\":\"ListItem\",\"position\":1,\"name\":\"P\u00e1gina Inicial\",\"item\":\"https:\/\/noticiaempauta.com\/portal\/\"},{\"@type\":\"ListItem\",\"position\":2,\"name\":\"Geral\",\"item\":\"https:\/\/noticiaempauta.com\/portal\/geral\/\"},{\"@type\":\"ListItem\",\"position\":3,\"name\":\"Prefeitura de Paquet\u00e1 realiza entrega de Ovos da P\u00e1scoa para alunos da rede municipal\"}]},{\"@type\":\"WebSite\",\"@id\":\"https:\/\/noticiaempauta.com\/portal\/#website\",\"url\":\"https:\/\/noticiaempauta.com\/portal\/\",\"name\":\"Portal Not\u00edcia em Pauta\",\"description\":\"Voc\u00ea bem informado\",\"publisher\":{\"@id\":\"https:\/\/noticiaempauta.com\/portal\/#organization\"},\"potentialAction\":[{\"@type\":\"SearchAction\",\"target\":{\"@type\":\"EntryPoint\",\"urlTemplate\":\"https:\/\/noticiaempauta.com\/portal\/?s={search_term_string}\"},\"query-input\":{\"@type\":\"PropertyValueSpecification\",\"valueRequired\":true,\"valueName\":\"search_term_string\"}}],\"inLanguage\":\"pt-BR\"},{\"@type\":\"Organization\",\"@id\":\"https:\/\/noticiaempauta.com\/portal\/#organization\",\"name\":\"Portal Not\u00edcia em Pauta\",\"url\":\"https:\/\/noticiaempauta.com\/portal\/\",\"logo\":{\"@type\":\"ImageObject\",\"inLanguage\":\"pt-BR\",\"@id\":\"https:\/\/noticiaempauta.com\/portal\/#\/schema\/logo\/image\/\",\"url\":\"https:\/\/noticiaempauta.com\/portal\/wp-content\/uploads\/2022\/08\/logomarca_tema.fw_.png\",\"contentUrl\":\"https:\/\/noticiaempauta.com\/portal\/wp-content\/uploads\/2022\/08\/logomarca_tema.fw_.png\",\"width\":400,\"height\":232,\"caption\":\"Portal Not\u00edcia em Pauta\"},\"image\":{\"@id\":\"https:\/\/noticiaempauta.com\/portal\/#\/schema\/logo\/image\/\"},\"sameAs\":[\"https:\/\/www.facebook.com\/Portal-Notcia-Em-Pauta-102292869264820\/\",\"https:\/\/www.instagram.com\/portalnoticiaempauta\/\"]},{\"@type\":\"Person\",\"@id\":\"https:\/\/noticiaempauta.com\/portal\/#\/schema\/person\/a74af43dd1ab3deca45f988c717d57ac\",\"name\":\"Reda\u00e7\u00e3o\",\"image\":{\"@type\":\"ImageObject\",\"inLanguage\":\"pt-BR\",\"@id\":\"https:\/\/noticiaempauta.com\/portal\/#\/schema\/person\/image\/\",\"url\":\"https:\/\/secure.gravatar.com\/avatar\/03179346ecce6cdfc13361603e8f54242a90e5cde8618fa23c5c00aa2b0aadf3?s=96&d=mm&r=g\",\"contentUrl\":\"https:\/\/secure.gravatar.com\/avatar\/03179346ecce6cdfc13361603e8f54242a90e5cde8618fa23c5c00aa2b0aadf3?s=96&d=mm&r=g\",\"caption\":\"Reda\u00e7\u00e3o\"},\"sameAs\":[\"https:\/\/noticiaempauta.com\/portal\/\"],\"url\":\"https:\/\/noticiaempauta.com\/portal\/author\/fernando\/\"}]}<\/script>\n<!-- \/ Yoast SEO Premium plugin. -->","yoast_head_json":{"title":"Prefeitura de Paquet\u00e1 realiza entrega de Ovos da P\u00e1scoa para alunos da rede municipal - Portal Not\u00edcia em Pauta","robots":{"index":"index","follow":"follow","max-snippet":"max-snippet:-1","max-image-preview":"max-image-preview:large","max-video-preview":"max-video-preview:-1"},"canonical":"https:\/\/noticiaempauta.com\/portal\/prefeitura-de-paqueta-realiza-entrega-de-ovos-da-pascoa-para-alunos-da-rede-municipal\/","og_locale":"pt_BR","og_type":"article","og_title":"Prefeitura de Paquet\u00e1 realiza entrega de Ovos da P\u00e1scoa para alunos da rede municipal","og_description":"A Prefeitura Municipal de Paquet\u00e1, atrav\u00e9s das secretarias de Educa\u00e7\u00e3o e Assist\u00eancia Social estiveram realizando ao longo desta semana a distribui\u00e7\u00e3o e entrega de ovos de chocolate, em alus\u00e3o a P\u00e1scoa, para alunos da rede municipal de educa\u00e7\u00e3o da zona urbana rural do munic\u00edpio. Durante as visitas e distribui\u00e7\u00e3o dos chocolates as crian\u00e7as participaram oficinas [&hellip;]","og_url":"https:\/\/noticiaempauta.com\/portal\/prefeitura-de-paqueta-realiza-entrega-de-ovos-da-pascoa-para-alunos-da-rede-municipal\/","og_site_name":"Portal Not\u00edcia em Pauta","article_publisher":"https:\/\/www.facebook.com\/Portal-Notcia-Em-Pauta-102292869264820\/","article_published_time":"2025-04-10T14:32:13+00:00","article_modified_time":"2025-04-10T14:32:14+00:00","og_image":[{"width":1170,"height":834,"url":"https:\/\/noticiaempauta.com\/portal\/wp-content\/uploads\/2025\/04\/WhatsApp-Image-2025-04-10-at-11.23.17.jpeg","type":"image\/jpeg"}],"author":"Reda\u00e7\u00e3o","twitter_card":"summary_large_image","twitter_misc":{"Escrito por":"Reda\u00e7\u00e3o","Est. tempo de leitura":"5 minutos"},"schema":{"@context":"https:\/\/schema.org","@graph":[{"@type":"Article","@id":"https:\/\/noticiaempauta.com\/portal\/prefeitura-de-paqueta-realiza-entrega-de-ovos-da-pascoa-para-alunos-da-rede-municipal\/#article","isPartOf":{"@id":"https:\/\/noticiaempauta.com\/portal\/prefeitura-de-paqueta-realiza-entrega-de-ovos-da-pascoa-para-alunos-da-rede-municipal\/"},"author":{"name":"Reda\u00e7\u00e3o","@id":"https:\/\/noticiaempauta.com\/portal\/#\/schema\/person\/a74af43dd1ab3deca45f988c717d57ac"},"headline":"Prefeitura de Paquet\u00e1 realiza entrega de Ovos da P\u00e1scoa para alunos da rede municipal","datePublished":"2025-04-10T14:32:13+00:00","dateModified":"2025-04-10T14:32:14+00:00","mainEntityOfPage":{"@id":"https:\/\/noticiaempauta.com\/portal\/prefeitura-de-paqueta-realiza-entrega-de-ovos-da-pascoa-para-alunos-da-rede-municipal\/"},"wordCount":268,"commentCount":0,"publisher":{"@id":"https:\/\/noticiaempauta.com\/portal\/#organization"},"image":{"@id":"https:\/\/noticiaempauta.com\/portal\/prefeitura-de-paqueta-realiza-entrega-de-ovos-da-pascoa-para-alunos-da-rede-municipal\/#primaryimage"},"thumbnailUrl":"https:\/\/noticiaempauta.com\/portal\/wp-content\/uploads\/2025\/04\/WhatsApp-Image-2025-04-10-at-11.23.17.jpeg","keywords":["destaqueprincipal"],"articleSection":["Destaques","Geral","Todas as Not\u00edcias"],"inLanguage":"pt-BR","potentialAction":[{"@type":"CommentAction","name":"Comment","target":["https:\/\/noticiaempauta.com\/portal\/prefeitura-de-paqueta-realiza-entrega-de-ovos-da-pascoa-para-alunos-da-rede-municipal\/#respond"]}]},{"@type":"WebPage","@id":"https:\/\/noticiaempauta.com\/portal\/prefeitura-de-paqueta-realiza-entrega-de-ovos-da-pascoa-para-alunos-da-rede-municipal\/","url":"https:\/\/noticiaempauta.com\/portal\/prefeitura-de-paqueta-realiza-entrega-de-ovos-da-pascoa-para-alunos-da-rede-municipal\/","name":"Prefeitura de Paquet\u00e1 realiza entrega de Ovos da P\u00e1scoa para alunos da rede municipal - Portal Not\u00edcia em Pauta","isPartOf":{"@id":"https:\/\/noticiaempauta.com\/portal\/#website"},"primaryImageOfPage":{"@id":"https:\/\/noticiaempauta.com\/portal\/prefeitura-de-paqueta-realiza-entrega-de-ovos-da-pascoa-para-alunos-da-rede-municipal\/#primaryimage"},"image":{"@id":"https:\/\/noticiaempauta.com\/portal\/prefeitura-de-paqueta-realiza-entrega-de-ovos-da-pascoa-para-alunos-da-rede-municipal\/#primaryimage"},"thumbnailUrl":"https:\/\/noticiaempauta.com\/portal\/wp-content\/uploads\/2025\/04\/WhatsApp-Image-2025-04-10-at-11.23.17.jpeg","datePublished":"2025-04-10T14:32:13+00:00","dateModified":"2025-04-10T14:32:14+00:00","breadcrumb":{"@id":"https:\/\/noticiaempauta.com\/portal\/prefeitura-de-paqueta-realiza-entrega-de-ovos-da-pascoa-para-alunos-da-rede-municipal\/#breadcrumb"},"inLanguage":"pt-BR","potentialAction":[{"@type":"ReadAction","target":["https:\/\/noticiaempauta.com\/portal\/prefeitura-de-paqueta-realiza-entrega-de-ovos-da-pascoa-para-alunos-da-rede-municipal\/"]}]},{"@type":"ImageObject","inLanguage":"pt-BR","@id":"https:\/\/noticiaempauta.com\/portal\/prefeitura-de-paqueta-realiza-entrega-de-ovos-da-pascoa-para-alunos-da-rede-municipal\/#primaryimage","url":"https:\/\/noticiaempauta.com\/portal\/wp-content\/uploads\/2025\/04\/WhatsApp-Image-2025-04-10-at-11.23.17.jpeg","contentUrl":"https:\/\/noticiaempauta.com\/portal\/wp-content\/uploads\/2025\/04\/WhatsApp-Image-2025-04-10-at-11.23.17.jpeg","width":1170,"height":834},{"@type":"BreadcrumbList","@id":"https:\/\/noticiaempauta.com\/portal\/prefeitura-de-paqueta-realiza-entrega-de-ovos-da-pascoa-para-alunos-da-rede-municipal\/#breadcrumb","itemListElement":[{"@type":"ListItem","position":1,"name":"P\u00e1gina Inicial","item":"https:\/\/noticiaempauta.com\/portal\/"},{"@type":"ListItem","position":2,"name":"Geral","item":"https:\/\/noticiaempauta.com\/portal\/geral\/"},{"@type":"ListItem","position":3,"name":"Prefeitura de Paquet\u00e1 realiza entrega de Ovos da P\u00e1scoa para alunos da rede municipal"}]},{"@type":"WebSite","@id":"https:\/\/noticiaempauta.com\/portal\/#website","url":"https:\/\/noticiaempauta.com\/portal\/","name":"Portal Not\u00edcia em Pauta","description":"Voc\u00ea bem informado","publisher":{"@id":"https:\/\/noticiaempauta.com\/portal\/#organization"},"potentialAction":[{"@type":"SearchAction","target":{"@type":"EntryPoint","urlTemplate":"https:\/\/noticiaempauta.com\/portal\/?s={search_term_string}"},"query-input":{"@type":"PropertyValueSpecification","valueRequired":true,"valueName":"search_term_string"}}],"inLanguage":"pt-BR"},{"@type":"Organization","@id":"https:\/\/noticiaempauta.com\/portal\/#organization","name":"Portal Not\u00edcia em Pauta","url":"https:\/\/noticiaempauta.com\/portal\/","logo":{"@type":"ImageObject","inLanguage":"pt-BR","@id":"https:\/\/noticiaempauta.com\/portal\/#\/schema\/logo\/image\/","url":"https:\/\/noticiaempauta.com\/portal\/wp-content\/uploads\/2022\/08\/logomarca_tema.fw_.png","contentUrl":"https:\/\/noticiaempauta.com\/portal\/wp-content\/uploads\/2022\/08\/logomarca_tema.fw_.png","width":400,"height":232,"caption":"Portal Not\u00edcia em Pauta"},"image":{"@id":"https:\/\/noticiaempauta.com\/portal\/#\/schema\/logo\/image\/"},"sameAs":["https:\/\/www.facebook.com\/Portal-Notcia-Em-Pauta-102292869264820\/","https:\/\/www.instagram.com\/portalnoticiaempauta\/"]},{"@type":"Person","@id":"https:\/\/noticiaempauta.com\/portal\/#\/schema\/person\/a74af43dd1ab3deca45f988c717d57ac","name":"Reda\u00e7\u00e3o","image":{"@type":"ImageObject","inLanguage":"pt-BR","@id":"https:\/\/noticiaempauta.com\/portal\/#\/schema\/person\/image\/","url":"https:\/\/secure.gravatar.com\/avatar\/03179346ecce6cdfc13361603e8f54242a90e5cde8618fa23c5c00aa2b0aadf3?s=96&d=mm&r=g","contentUrl":"https:\/\/secure.gravatar.com\/avatar\/03179346ecce6cdfc13361603e8f54242a90e5cde8618fa23c5c00aa2b0aadf3?s=96&d=mm&r=g","caption":"Reda\u00e7\u00e3o"},"sameAs":["https:\/\/noticiaempauta.com\/portal\/"],"url":"https:\/\/noticiaempauta.com\/portal\/author\/fernando\/"}]}},"_links":{"self":[{"href":"https:\/\/noticiaempauta.com\/portal\/wp-json\/wp\/v2\/posts\/269955","targetHints":{"allow":["GET"]}}],"collection":[{"href":"https:\/\/noticiaempauta.com\/portal\/wp-json\/wp\/v2\/posts"}],"about":[{"href":"https:\/\/noticiaempauta.com\/portal\/wp-json\/wp\/v2\/types\/post"}],"author":[{"embeddable":true,"href":"https:\/\/noticiaempauta.com\/portal\/wp-json\/wp\/v2\/users\/2"}],"replies":[{"embeddable":true,"href":"https:\/\/noticiaempauta.com\/portal\/wp-json\/wp\/v2\/comments?post=269955"}],"version-history":[{"count":3,"href":"https:\/\/noticiaempauta.com\/portal\/wp-json\/wp\/v2\/posts\/269955\/revisions"}],"predecessor-version":[{"id":269988,"href":"https:\/\/noticiaempauta.com\/portal\/wp-json\/wp\/v2\/posts\/269955\/revisions\/269988"}],"wp:featuredmedia":[{"embeddable":true,"href":"https:\/\/noticiaempauta.com\/portal\/wp-json\/wp\/v2\/media\/269976"}],"wp:attachment":[{"href":"https:\/\/noticiaempauta.com\/portal\/wp-json\/wp\/v2\/media?parent=269955"}],"wp:term":[{"taxonomy":"category","embeddable":true,"href":"https:\/\/noticiaempauta.com\/portal\/wp-json\/wp\/v2\/categories?post=269955"},{"taxonomy":"post_tag","embeddable":true,"href":"https:\/\/noticiaempauta.com\/portal\/wp-json\/wp\/v2\/tags?post=269955"}],"curies":[{"name":"wp","href":"https:\/\/api.w.org\/{rel}","templated":true}]}}