{"id":269957,"date":"2025-04-09T18:29:43","date_gmt":"2025-04-09T21:29:43","guid":{"rendered":"https:\/\/noticiaempauta.com\/portal\/?p=269957"},"modified":"2025-04-09T18:29:44","modified_gmt":"2025-04-09T21:29:44","slug":"secretaria-de-saude-de-picos-realiza-reunioes-para-fortalecer-a-gestao-em-saude-no-vale-do-guaribas-e-ampliar-atendimentos-especializados","status":"publish","type":"post","link":"https:\/\/noticiaempauta.com\/portal\/secretaria-de-saude-de-picos-realiza-reunioes-para-fortalecer-a-gestao-em-saude-no-vale-do-guaribas-e-ampliar-atendimentos-especializados\/","title":{"rendered":"Secretaria de Sa\u00fade de Picos realiza reuni\u00f5es para fortalecer a gest\u00e3o em sa\u00fade no Vale do Guaribas e ampliar atendimentos especializados"},"content":{"rendered":"\n<p>A Secretaria Municipal de Sa\u00fade de Picos sediou nesta semana duas reuni\u00f5es estrat\u00e9gicas com foco na melhoria dos servi\u00e7os de sa\u00fade oferecidos \u00e0 popula\u00e7\u00e3o. As agendas envolveram representantes de munic\u00edpios do Vale do Rio Guaribas e t\u00e9cnicos da Secretaria de Estado da Sa\u00fade (Sesapi), com foco em planejamento regional e expans\u00e3o de especialidades m\u00e9dicas.<\/p>\n\n\n\n<figure class=\"wp-block-image size-large\"><img fetchpriority=\"high\" decoding=\"async\" width=\"1024\" height=\"768\" src=\"https:\/\/noticiaempauta.com\/portal\/wp-content\/uploads\/2025\/04\/f2a29e0d-21cc-4802-8d0e-992a3d5c00f0-1024x768.jpeg\" alt=\"\" class=\"wp-image-269958\" srcset=\"https:\/\/noticiaempauta.com\/portal\/wp-content\/uploads\/2025\/04\/f2a29e0d-21cc-4802-8d0e-992a3d5c00f0-1024x768.jpeg 1024w, https:\/\/noticiaempauta.com\/portal\/wp-content\/uploads\/2025\/04\/f2a29e0d-21cc-4802-8d0e-992a3d5c00f0-300x225.jpeg 300w, https:\/\/noticiaempauta.com\/portal\/wp-content\/uploads\/2025\/04\/f2a29e0d-21cc-4802-8d0e-992a3d5c00f0-768x576.jpeg 768w, https:\/\/noticiaempauta.com\/portal\/wp-content\/uploads\/2025\/04\/f2a29e0d-21cc-4802-8d0e-992a3d5c00f0-1536x1152.jpeg 1536w, https:\/\/noticiaempauta.com\/portal\/wp-content\/uploads\/2025\/04\/f2a29e0d-21cc-4802-8d0e-992a3d5c00f0.jpeg 1600w\" sizes=\"(max-width: 1024px) 100vw, 1024px\" \/><\/figure>\n\n\n\n<p>Na manh\u00e3 desta quarta-feira (10), ocorreu em Picos a reuni\u00e3o da Comiss\u00e3o Intergestores Regional (CIR) do Vale do Guaribas. O encontro reuniu gestores de sa\u00fade dos munic\u00edpios que integram o territ\u00f3rio, SESAPI e representantes do Conselho de Secret\u00e1rios Municipais de Sa\u00fade (Cosems). A pauta central foi a discuss\u00e3o sobre demandas comuns entre os munic\u00edpios, estrat\u00e9gias de financiamento e pactua\u00e7\u00e3o de servi\u00e7os.<\/p>\n\n\n\n<p>De acordo com a Secretaria Municipal de Sa\u00fade de Picos, a reuni\u00e3o \u00e9 fundamental para alinhar as necessidades regionais com as diretrizes estaduais do Sistema \u00danico de Sa\u00fade (SUS). A CIR \u00e9 uma inst\u00e2ncia colegiada que permite a articula\u00e7\u00e3o entre os gestores municipais e a Secretaria Estadual de Sa\u00fade para decis\u00f5es compartilhadas sobre a organiza\u00e7\u00e3o da rede de aten\u00e7\u00e3o \u00e0 sa\u00fade.<\/p>\n\n\n\n<figure class=\"wp-block-image size-large\"><img decoding=\"async\" width=\"1024\" height=\"768\" src=\"https:\/\/noticiaempauta.com\/portal\/wp-content\/uploads\/2025\/04\/4e2f1d5f-f8e9-4064-ab58-a9603ab78322-1024x768.jpeg\" alt=\"\" class=\"wp-image-269959\" srcset=\"https:\/\/noticiaempauta.com\/portal\/wp-content\/uploads\/2025\/04\/4e2f1d5f-f8e9-4064-ab58-a9603ab78322-1024x768.jpeg 1024w, https:\/\/noticiaempauta.com\/portal\/wp-content\/uploads\/2025\/04\/4e2f1d5f-f8e9-4064-ab58-a9603ab78322-300x225.jpeg 300w, https:\/\/noticiaempauta.com\/portal\/wp-content\/uploads\/2025\/04\/4e2f1d5f-f8e9-4064-ab58-a9603ab78322-768x576.jpeg 768w, https:\/\/noticiaempauta.com\/portal\/wp-content\/uploads\/2025\/04\/4e2f1d5f-f8e9-4064-ab58-a9603ab78322.jpeg 1280w\" sizes=\"(max-width: 1024px) 100vw, 1024px\" \/><\/figure>\n\n\n\n<p>Em paralelo, foi realizada tamb\u00e9m uma reuni\u00e3o t\u00e9cnica com foco no Programa Nacional de Expans\u00e3o e Qualifica\u00e7\u00e3o da Aten\u00e7\u00e3o Especializada Ambulatorial (PNAE). Participaram o secret\u00e1rio municipal de Sa\u00fade, Dr. Thales Coelho, o assessor t\u00e9cnico Ant\u00f4nio Fernandes, o assessor Luan Souza, assessora Michelle Marinho e representantes da Sesapi, entre eles t\u00e9cnicos do Departamento de Unidade de Desenvolvimento de Organiza\u00e7\u00f5es Hospitalares (DUDOH) e da Superintend\u00eancia de Gest\u00e3o da M\u00e9dia e Alta Complexidade (SUGMAC).<\/p>\n\n\n\n<p>O encontro discutiu a amplia\u00e7\u00e3o de especialidades m\u00e9dicas que passar\u00e3o a ser ofertadas em Picos por meio do programa. A iniciativa busca descentralizar o acesso a atendimentos especializados, fortalecendo a rede ambulatorial em munic\u00edpios-polo do interior.<\/p>\n\n\n\n<p>\u201cNossa prioridade \u00e9 garantir que a popula\u00e7\u00e3o de Picos e da regi\u00e3o tenha acesso a especialistas sem precisar se deslocar para longas dist\u00e2ncias. Essa parceria com o Estado permitir\u00e1 a amplia\u00e7\u00e3o de servi\u00e7os estrat\u00e9gicos, como cardiologia, ortopedia, endocrinologia, entre outros\u201d, afirmou o secret\u00e1rio municipal de Sa\u00fade, Dr. Thales Coelho.<\/p>\n\n\n\n<p>As reuni\u00f5es demonstram o esfor\u00e7o cont\u00ednuo da gest\u00e3o municipal em qualificar a sa\u00fade p\u00fablica local, com foco na regionaliza\u00e7\u00e3o dos atendimentos e no fortalecimento da rede especializada.<\/p>\n","protected":false},"excerpt":{"rendered":"<p>A Secretaria Municipal de Sa\u00fade de Picos sediou nesta semana duas reuni\u00f5es estrat\u00e9gicas com foco na melhoria dos servi\u00e7os de sa\u00fade oferecidos \u00e0 popula\u00e7\u00e3o. As agendas envolveram representantes de munic\u00edpios do Vale do Rio Guaribas e t\u00e9cnicos da Secretaria de Estado da Sa\u00fade (Sesapi), com foco em planejamento regional e expans\u00e3o de especialidades m\u00e9dicas. Na [&hellip;]<\/p>\n","protected":false},"author":2,"featured_media":269958,"comment_status":"open","ping_status":"open","sticky":false,"template":"","format":"standard","meta":{"_mi_skip_tracking":false,"footnotes":""},"categories":[25,1,5,16],"tags":[],"class_list":["post-269957","post","type-post","status-publish","format-standard","has-post-thumbnail","hentry","category-destaques-site","category-geral","category-saude","category-todas"],"acf":[],"yoast_head":"<!-- This site is optimized with the Yoast SEO Premium plugin v19.2 (Yoast SEO v26.9) - https:\/\/yoast.com\/product\/yoast-seo-premium-wordpress\/ -->\n<title>Secretaria de Sa\u00fade de Picos realiza reuni\u00f5es para fortalecer a gest\u00e3o em sa\u00fade no Vale do Guaribas e ampliar atendimentos especializados - Portal Not\u00edcia em Pauta<\/title>\n<meta name=\"robots\" content=\"index, follow, max-snippet:-1, max-image-preview:large, max-video-preview:-1\" \/>\n<link rel=\"canonical\" href=\"https:\/\/noticiaempauta.com\/portal\/secretaria-de-saude-de-picos-realiza-reunioes-para-fortalecer-a-gestao-em-saude-no-vale-do-guaribas-e-ampliar-atendimentos-especializados\/\" \/>\n<meta property=\"og:locale\" content=\"pt_BR\" \/>\n<meta property=\"og:type\" content=\"article\" \/>\n<meta property=\"og:title\" content=\"Secretaria de Sa\u00fade de Picos realiza reuni\u00f5es para fortalecer a gest\u00e3o em sa\u00fade no Vale do Guaribas e ampliar atendimentos especializados\" \/>\n<meta property=\"og:description\" content=\"A Secretaria Municipal de Sa\u00fade de Picos sediou nesta semana duas reuni\u00f5es estrat\u00e9gicas com foco na melhoria dos servi\u00e7os de sa\u00fade oferecidos \u00e0 popula\u00e7\u00e3o. As agendas envolveram representantes de munic\u00edpios do Vale do Rio Guaribas e t\u00e9cnicos da Secretaria de Estado da Sa\u00fade (Sesapi), com foco em planejamento regional e expans\u00e3o de especialidades m\u00e9dicas. Na [&hellip;]\" \/>\n<meta property=\"og:url\" content=\"https:\/\/noticiaempauta.com\/portal\/secretaria-de-saude-de-picos-realiza-reunioes-para-fortalecer-a-gestao-em-saude-no-vale-do-guaribas-e-ampliar-atendimentos-especializados\/\" \/>\n<meta property=\"og:site_name\" content=\"Portal Not\u00edcia em Pauta\" \/>\n<meta property=\"article:publisher\" content=\"https:\/\/www.facebook.com\/Portal-Notcia-Em-Pauta-102292869264820\/\" \/>\n<meta property=\"article:published_time\" content=\"2025-04-09T21:29:43+00:00\" \/>\n<meta property=\"article:modified_time\" content=\"2025-04-09T21:29:44+00:00\" \/>\n<meta property=\"og:image\" content=\"https:\/\/noticiaempauta.com\/portal\/wp-content\/uploads\/2025\/04\/f2a29e0d-21cc-4802-8d0e-992a3d5c00f0.jpeg\" \/>\n\t<meta property=\"og:image:width\" content=\"1600\" \/>\n\t<meta property=\"og:image:height\" content=\"1200\" \/>\n\t<meta property=\"og:image:type\" content=\"image\/jpeg\" \/>\n<meta name=\"author\" content=\"Reda\u00e7\u00e3o\" \/>\n<meta name=\"twitter:card\" content=\"summary_large_image\" \/>\n<meta name=\"twitter:label1\" content=\"Escrito por\" \/>\n\t<meta name=\"twitter:data1\" content=\"Reda\u00e7\u00e3o\" \/>\n\t<meta name=\"twitter:label2\" content=\"Est. tempo de leitura\" \/>\n\t<meta name=\"twitter:data2\" content=\"3 minutos\" \/>\n<script type=\"application\/ld+json\" class=\"yoast-schema-graph\">{\"@context\":\"https:\/\/schema.org\",\"@graph\":[{\"@type\":\"Article\",\"@id\":\"https:\/\/noticiaempauta.com\/portal\/secretaria-de-saude-de-picos-realiza-reunioes-para-fortalecer-a-gestao-em-saude-no-vale-do-guaribas-e-ampliar-atendimentos-especializados\/#article\",\"isPartOf\":{\"@id\":\"https:\/\/noticiaempauta.com\/portal\/secretaria-de-saude-de-picos-realiza-reunioes-para-fortalecer-a-gestao-em-saude-no-vale-do-guaribas-e-ampliar-atendimentos-especializados\/\"},\"author\":{\"name\":\"Reda\u00e7\u00e3o\",\"@id\":\"https:\/\/noticiaempauta.com\/portal\/#\/schema\/person\/a74af43dd1ab3deca45f988c717d57ac\"},\"headline\":\"Secretaria de Sa\u00fade de Picos realiza reuni\u00f5es para fortalecer a gest\u00e3o em sa\u00fade no Vale do Guaribas e ampliar atendimentos especializados\",\"datePublished\":\"2025-04-09T21:29:43+00:00\",\"dateModified\":\"2025-04-09T21:29:44+00:00\",\"mainEntityOfPage\":{\"@id\":\"https:\/\/noticiaempauta.com\/portal\/secretaria-de-saude-de-picos-realiza-reunioes-para-fortalecer-a-gestao-em-saude-no-vale-do-guaribas-e-ampliar-atendimentos-especializados\/\"},\"wordCount\":445,\"commentCount\":0,\"publisher\":{\"@id\":\"https:\/\/noticiaempauta.com\/portal\/#organization\"},\"image\":{\"@id\":\"https:\/\/noticiaempauta.com\/portal\/secretaria-de-saude-de-picos-realiza-reunioes-para-fortalecer-a-gestao-em-saude-no-vale-do-guaribas-e-ampliar-atendimentos-especializados\/#primaryimage\"},\"thumbnailUrl\":\"https:\/\/noticiaempauta.com\/portal\/wp-content\/uploads\/2025\/04\/f2a29e0d-21cc-4802-8d0e-992a3d5c00f0.jpeg\",\"articleSection\":[\"Destaques\",\"Geral\",\"Sa\u00fade\",\"Todas as Not\u00edcias\"],\"inLanguage\":\"pt-BR\",\"potentialAction\":[{\"@type\":\"CommentAction\",\"name\":\"Comment\",\"target\":[\"https:\/\/noticiaempauta.com\/portal\/secretaria-de-saude-de-picos-realiza-reunioes-para-fortalecer-a-gestao-em-saude-no-vale-do-guaribas-e-ampliar-atendimentos-especializados\/#respond\"]}]},{\"@type\":\"WebPage\",\"@id\":\"https:\/\/noticiaempauta.com\/portal\/secretaria-de-saude-de-picos-realiza-reunioes-para-fortalecer-a-gestao-em-saude-no-vale-do-guaribas-e-ampliar-atendimentos-especializados\/\",\"url\":\"https:\/\/noticiaempauta.com\/portal\/secretaria-de-saude-de-picos-realiza-reunioes-para-fortalecer-a-gestao-em-saude-no-vale-do-guaribas-e-ampliar-atendimentos-especializados\/\",\"name\":\"Secretaria de Sa\u00fade de Picos realiza reuni\u00f5es para fortalecer a gest\u00e3o em sa\u00fade no Vale do Guaribas e ampliar atendimentos especializados - Portal Not\u00edcia em Pauta\",\"isPartOf\":{\"@id\":\"https:\/\/noticiaempauta.com\/portal\/#website\"},\"primaryImageOfPage\":{\"@id\":\"https:\/\/noticiaempauta.com\/portal\/secretaria-de-saude-de-picos-realiza-reunioes-para-fortalecer-a-gestao-em-saude-no-vale-do-guaribas-e-ampliar-atendimentos-especializados\/#primaryimage\"},\"image\":{\"@id\":\"https:\/\/noticiaempauta.com\/portal\/secretaria-de-saude-de-picos-realiza-reunioes-para-fortalecer-a-gestao-em-saude-no-vale-do-guaribas-e-ampliar-atendimentos-especializados\/#primaryimage\"},\"thumbnailUrl\":\"https:\/\/noticiaempauta.com\/portal\/wp-content\/uploads\/2025\/04\/f2a29e0d-21cc-4802-8d0e-992a3d5c00f0.jpeg\",\"datePublished\":\"2025-04-09T21:29:43+00:00\",\"dateModified\":\"2025-04-09T21:29:44+00:00\",\"breadcrumb\":{\"@id\":\"https:\/\/noticiaempauta.com\/portal\/secretaria-de-saude-de-picos-realiza-reunioes-para-fortalecer-a-gestao-em-saude-no-vale-do-guaribas-e-ampliar-atendimentos-especializados\/#breadcrumb\"},\"inLanguage\":\"pt-BR\",\"potentialAction\":[{\"@type\":\"ReadAction\",\"target\":[\"https:\/\/noticiaempauta.com\/portal\/secretaria-de-saude-de-picos-realiza-reunioes-para-fortalecer-a-gestao-em-saude-no-vale-do-guaribas-e-ampliar-atendimentos-especializados\/\"]}]},{\"@type\":\"ImageObject\",\"inLanguage\":\"pt-BR\",\"@id\":\"https:\/\/noticiaempauta.com\/portal\/secretaria-de-saude-de-picos-realiza-reunioes-para-fortalecer-a-gestao-em-saude-no-vale-do-guaribas-e-ampliar-atendimentos-especializados\/#primaryimage\",\"url\":\"https:\/\/noticiaempauta.com\/portal\/wp-content\/uploads\/2025\/04\/f2a29e0d-21cc-4802-8d0e-992a3d5c00f0.jpeg\",\"contentUrl\":\"https:\/\/noticiaempauta.com\/portal\/wp-content\/uploads\/2025\/04\/f2a29e0d-21cc-4802-8d0e-992a3d5c00f0.jpeg\",\"width\":1600,\"height\":1200},{\"@type\":\"BreadcrumbList\",\"@id\":\"https:\/\/noticiaempauta.com\/portal\/secretaria-de-saude-de-picos-realiza-reunioes-para-fortalecer-a-gestao-em-saude-no-vale-do-guaribas-e-ampliar-atendimentos-especializados\/#breadcrumb\",\"itemListElement\":[{\"@type\":\"ListItem\",\"position\":1,\"name\":\"P\u00e1gina Inicial\",\"item\":\"https:\/\/noticiaempauta.com\/portal\/\"},{\"@type\":\"ListItem\",\"position\":2,\"name\":\"Destaques\",\"item\":\"https:\/\/noticiaempauta.com\/portal\/destaques-site\/\"},{\"@type\":\"ListItem\",\"position\":3,\"name\":\"Secretaria de Sa\u00fade de Picos realiza reuni\u00f5es para fortalecer a gest\u00e3o em sa\u00fade no Vale do Guaribas e ampliar atendimentos especializados\"}]},{\"@type\":\"WebSite\",\"@id\":\"https:\/\/noticiaempauta.com\/portal\/#website\",\"url\":\"https:\/\/noticiaempauta.com\/portal\/\",\"name\":\"Portal Not\u00edcia em Pauta\",\"description\":\"Voc\u00ea bem informado\",\"publisher\":{\"@id\":\"https:\/\/noticiaempauta.com\/portal\/#organization\"},\"potentialAction\":[{\"@type\":\"SearchAction\",\"target\":{\"@type\":\"EntryPoint\",\"urlTemplate\":\"https:\/\/noticiaempauta.com\/portal\/?s={search_term_string}\"},\"query-input\":{\"@type\":\"PropertyValueSpecification\",\"valueRequired\":true,\"valueName\":\"search_term_string\"}}],\"inLanguage\":\"pt-BR\"},{\"@type\":\"Organization\",\"@id\":\"https:\/\/noticiaempauta.com\/portal\/#organization\",\"name\":\"Portal Not\u00edcia em Pauta\",\"url\":\"https:\/\/noticiaempauta.com\/portal\/\",\"logo\":{\"@type\":\"ImageObject\",\"inLanguage\":\"pt-BR\",\"@id\":\"https:\/\/noticiaempauta.com\/portal\/#\/schema\/logo\/image\/\",\"url\":\"https:\/\/noticiaempauta.com\/portal\/wp-content\/uploads\/2022\/08\/logomarca_tema.fw_.png\",\"contentUrl\":\"https:\/\/noticiaempauta.com\/portal\/wp-content\/uploads\/2022\/08\/logomarca_tema.fw_.png\",\"width\":400,\"height\":232,\"caption\":\"Portal Not\u00edcia em Pauta\"},\"image\":{\"@id\":\"https:\/\/noticiaempauta.com\/portal\/#\/schema\/logo\/image\/\"},\"sameAs\":[\"https:\/\/www.facebook.com\/Portal-Notcia-Em-Pauta-102292869264820\/\",\"https:\/\/www.instagram.com\/portalnoticiaempauta\/\"]},{\"@type\":\"Person\",\"@id\":\"https:\/\/noticiaempauta.com\/portal\/#\/schema\/person\/a74af43dd1ab3deca45f988c717d57ac\",\"name\":\"Reda\u00e7\u00e3o\",\"image\":{\"@type\":\"ImageObject\",\"inLanguage\":\"pt-BR\",\"@id\":\"https:\/\/noticiaempauta.com\/portal\/#\/schema\/person\/image\/\",\"url\":\"https:\/\/secure.gravatar.com\/avatar\/03179346ecce6cdfc13361603e8f54242a90e5cde8618fa23c5c00aa2b0aadf3?s=96&d=mm&r=g\",\"contentUrl\":\"https:\/\/secure.gravatar.com\/avatar\/03179346ecce6cdfc13361603e8f54242a90e5cde8618fa23c5c00aa2b0aadf3?s=96&d=mm&r=g\",\"caption\":\"Reda\u00e7\u00e3o\"},\"sameAs\":[\"https:\/\/noticiaempauta.com\/portal\/\"],\"url\":\"https:\/\/noticiaempauta.com\/portal\/author\/fernando\/\"}]}<\/script>\n<!-- \/ Yoast SEO Premium plugin. -->","yoast_head_json":{"title":"Secretaria de Sa\u00fade de Picos realiza reuni\u00f5es para fortalecer a gest\u00e3o em sa\u00fade no Vale do Guaribas e ampliar atendimentos especializados - Portal Not\u00edcia em Pauta","robots":{"index":"index","follow":"follow","max-snippet":"max-snippet:-1","max-image-preview":"max-image-preview:large","max-video-preview":"max-video-preview:-1"},"canonical":"https:\/\/noticiaempauta.com\/portal\/secretaria-de-saude-de-picos-realiza-reunioes-para-fortalecer-a-gestao-em-saude-no-vale-do-guaribas-e-ampliar-atendimentos-especializados\/","og_locale":"pt_BR","og_type":"article","og_title":"Secretaria de Sa\u00fade de Picos realiza reuni\u00f5es para fortalecer a gest\u00e3o em sa\u00fade no Vale do Guaribas e ampliar atendimentos especializados","og_description":"A Secretaria Municipal de Sa\u00fade de Picos sediou nesta semana duas reuni\u00f5es estrat\u00e9gicas com foco na melhoria dos servi\u00e7os de sa\u00fade oferecidos \u00e0 popula\u00e7\u00e3o. As agendas envolveram representantes de munic\u00edpios do Vale do Rio Guaribas e t\u00e9cnicos da Secretaria de Estado da Sa\u00fade (Sesapi), com foco em planejamento regional e expans\u00e3o de especialidades m\u00e9dicas. Na [&hellip;]","og_url":"https:\/\/noticiaempauta.com\/portal\/secretaria-de-saude-de-picos-realiza-reunioes-para-fortalecer-a-gestao-em-saude-no-vale-do-guaribas-e-ampliar-atendimentos-especializados\/","og_site_name":"Portal Not\u00edcia em Pauta","article_publisher":"https:\/\/www.facebook.com\/Portal-Notcia-Em-Pauta-102292869264820\/","article_published_time":"2025-04-09T21:29:43+00:00","article_modified_time":"2025-04-09T21:29:44+00:00","og_image":[{"width":1600,"height":1200,"url":"https:\/\/noticiaempauta.com\/portal\/wp-content\/uploads\/2025\/04\/f2a29e0d-21cc-4802-8d0e-992a3d5c00f0.jpeg","type":"image\/jpeg"}],"author":"Reda\u00e7\u00e3o","twitter_card":"summary_large_image","twitter_misc":{"Escrito por":"Reda\u00e7\u00e3o","Est. tempo de leitura":"3 minutos"},"schema":{"@context":"https:\/\/schema.org","@graph":[{"@type":"Article","@id":"https:\/\/noticiaempauta.com\/portal\/secretaria-de-saude-de-picos-realiza-reunioes-para-fortalecer-a-gestao-em-saude-no-vale-do-guaribas-e-ampliar-atendimentos-especializados\/#article","isPartOf":{"@id":"https:\/\/noticiaempauta.com\/portal\/secretaria-de-saude-de-picos-realiza-reunioes-para-fortalecer-a-gestao-em-saude-no-vale-do-guaribas-e-ampliar-atendimentos-especializados\/"},"author":{"name":"Reda\u00e7\u00e3o","@id":"https:\/\/noticiaempauta.com\/portal\/#\/schema\/person\/a74af43dd1ab3deca45f988c717d57ac"},"headline":"Secretaria de Sa\u00fade de Picos realiza reuni\u00f5es para fortalecer a gest\u00e3o em sa\u00fade no Vale do Guaribas e ampliar atendimentos especializados","datePublished":"2025-04-09T21:29:43+00:00","dateModified":"2025-04-09T21:29:44+00:00","mainEntityOfPage":{"@id":"https:\/\/noticiaempauta.com\/portal\/secretaria-de-saude-de-picos-realiza-reunioes-para-fortalecer-a-gestao-em-saude-no-vale-do-guaribas-e-ampliar-atendimentos-especializados\/"},"wordCount":445,"commentCount":0,"publisher":{"@id":"https:\/\/noticiaempauta.com\/portal\/#organization"},"image":{"@id":"https:\/\/noticiaempauta.com\/portal\/secretaria-de-saude-de-picos-realiza-reunioes-para-fortalecer-a-gestao-em-saude-no-vale-do-guaribas-e-ampliar-atendimentos-especializados\/#primaryimage"},"thumbnailUrl":"https:\/\/noticiaempauta.com\/portal\/wp-content\/uploads\/2025\/04\/f2a29e0d-21cc-4802-8d0e-992a3d5c00f0.jpeg","articleSection":["Destaques","Geral","Sa\u00fade","Todas as Not\u00edcias"],"inLanguage":"pt-BR","potentialAction":[{"@type":"CommentAction","name":"Comment","target":["https:\/\/noticiaempauta.com\/portal\/secretaria-de-saude-de-picos-realiza-reunioes-para-fortalecer-a-gestao-em-saude-no-vale-do-guaribas-e-ampliar-atendimentos-especializados\/#respond"]}]},{"@type":"WebPage","@id":"https:\/\/noticiaempauta.com\/portal\/secretaria-de-saude-de-picos-realiza-reunioes-para-fortalecer-a-gestao-em-saude-no-vale-do-guaribas-e-ampliar-atendimentos-especializados\/","url":"https:\/\/noticiaempauta.com\/portal\/secretaria-de-saude-de-picos-realiza-reunioes-para-fortalecer-a-gestao-em-saude-no-vale-do-guaribas-e-ampliar-atendimentos-especializados\/","name":"Secretaria de Sa\u00fade de Picos realiza reuni\u00f5es para fortalecer a gest\u00e3o em sa\u00fade no Vale do Guaribas e ampliar atendimentos especializados - Portal Not\u00edcia em Pauta","isPartOf":{"@id":"https:\/\/noticiaempauta.com\/portal\/#website"},"primaryImageOfPage":{"@id":"https:\/\/noticiaempauta.com\/portal\/secretaria-de-saude-de-picos-realiza-reunioes-para-fortalecer-a-gestao-em-saude-no-vale-do-guaribas-e-ampliar-atendimentos-especializados\/#primaryimage"},"image":{"@id":"https:\/\/noticiaempauta.com\/portal\/secretaria-de-saude-de-picos-realiza-reunioes-para-fortalecer-a-gestao-em-saude-no-vale-do-guaribas-e-ampliar-atendimentos-especializados\/#primaryimage"},"thumbnailUrl":"https:\/\/noticiaempauta.com\/portal\/wp-content\/uploads\/2025\/04\/f2a29e0d-21cc-4802-8d0e-992a3d5c00f0.jpeg","datePublished":"2025-04-09T21:29:43+00:00","dateModified":"2025-04-09T21:29:44+00:00","breadcrumb":{"@id":"https:\/\/noticiaempauta.com\/portal\/secretaria-de-saude-de-picos-realiza-reunioes-para-fortalecer-a-gestao-em-saude-no-vale-do-guaribas-e-ampliar-atendimentos-especializados\/#breadcrumb"},"inLanguage":"pt-BR","potentialAction":[{"@type":"ReadAction","target":["https:\/\/noticiaempauta.com\/portal\/secretaria-de-saude-de-picos-realiza-reunioes-para-fortalecer-a-gestao-em-saude-no-vale-do-guaribas-e-ampliar-atendimentos-especializados\/"]}]},{"@type":"ImageObject","inLanguage":"pt-BR","@id":"https:\/\/noticiaempauta.com\/portal\/secretaria-de-saude-de-picos-realiza-reunioes-para-fortalecer-a-gestao-em-saude-no-vale-do-guaribas-e-ampliar-atendimentos-especializados\/#primaryimage","url":"https:\/\/noticiaempauta.com\/portal\/wp-content\/uploads\/2025\/04\/f2a29e0d-21cc-4802-8d0e-992a3d5c00f0.jpeg","contentUrl":"https:\/\/noticiaempauta.com\/portal\/wp-content\/uploads\/2025\/04\/f2a29e0d-21cc-4802-8d0e-992a3d5c00f0.jpeg","width":1600,"height":1200},{"@type":"BreadcrumbList","@id":"https:\/\/noticiaempauta.com\/portal\/secretaria-de-saude-de-picos-realiza-reunioes-para-fortalecer-a-gestao-em-saude-no-vale-do-guaribas-e-ampliar-atendimentos-especializados\/#breadcrumb","itemListElement":[{"@type":"ListItem","position":1,"name":"P\u00e1gina Inicial","item":"https:\/\/noticiaempauta.com\/portal\/"},{"@type":"ListItem","position":2,"name":"Destaques","item":"https:\/\/noticiaempauta.com\/portal\/destaques-site\/"},{"@type":"ListItem","position":3,"name":"Secretaria de Sa\u00fade de Picos realiza reuni\u00f5es para fortalecer a gest\u00e3o em sa\u00fade no Vale do Guaribas e ampliar atendimentos especializados"}]},{"@type":"WebSite","@id":"https:\/\/noticiaempauta.com\/portal\/#website","url":"https:\/\/noticiaempauta.com\/portal\/","name":"Portal Not\u00edcia em Pauta","description":"Voc\u00ea bem informado","publisher":{"@id":"https:\/\/noticiaempauta.com\/portal\/#organization"},"potentialAction":[{"@type":"SearchAction","target":{"@type":"EntryPoint","urlTemplate":"https:\/\/noticiaempauta.com\/portal\/?s={search_term_string}"},"query-input":{"@type":"PropertyValueSpecification","valueRequired":true,"valueName":"search_term_string"}}],"inLanguage":"pt-BR"},{"@type":"Organization","@id":"https:\/\/noticiaempauta.com\/portal\/#organization","name":"Portal Not\u00edcia em Pauta","url":"https:\/\/noticiaempauta.com\/portal\/","logo":{"@type":"ImageObject","inLanguage":"pt-BR","@id":"https:\/\/noticiaempauta.com\/portal\/#\/schema\/logo\/image\/","url":"https:\/\/noticiaempauta.com\/portal\/wp-content\/uploads\/2022\/08\/logomarca_tema.fw_.png","contentUrl":"https:\/\/noticiaempauta.com\/portal\/wp-content\/uploads\/2022\/08\/logomarca_tema.fw_.png","width":400,"height":232,"caption":"Portal Not\u00edcia em Pauta"},"image":{"@id":"https:\/\/noticiaempauta.com\/portal\/#\/schema\/logo\/image\/"},"sameAs":["https:\/\/www.facebook.com\/Portal-Notcia-Em-Pauta-102292869264820\/","https:\/\/www.instagram.com\/portalnoticiaempauta\/"]},{"@type":"Person","@id":"https:\/\/noticiaempauta.com\/portal\/#\/schema\/person\/a74af43dd1ab3deca45f988c717d57ac","name":"Reda\u00e7\u00e3o","image":{"@type":"ImageObject","inLanguage":"pt-BR","@id":"https:\/\/noticiaempauta.com\/portal\/#\/schema\/person\/image\/","url":"https:\/\/secure.gravatar.com\/avatar\/03179346ecce6cdfc13361603e8f54242a90e5cde8618fa23c5c00aa2b0aadf3?s=96&d=mm&r=g","contentUrl":"https:\/\/secure.gravatar.com\/avatar\/03179346ecce6cdfc13361603e8f54242a90e5cde8618fa23c5c00aa2b0aadf3?s=96&d=mm&r=g","caption":"Reda\u00e7\u00e3o"},"sameAs":["https:\/\/noticiaempauta.com\/portal\/"],"url":"https:\/\/noticiaempauta.com\/portal\/author\/fernando\/"}]}},"_links":{"self":[{"href":"https:\/\/noticiaempauta.com\/portal\/wp-json\/wp\/v2\/posts\/269957","targetHints":{"allow":["GET"]}}],"collection":[{"href":"https:\/\/noticiaempauta.com\/portal\/wp-json\/wp\/v2\/posts"}],"about":[{"href":"https:\/\/noticiaempauta.com\/portal\/wp-json\/wp\/v2\/types\/post"}],"author":[{"embeddable":true,"href":"https:\/\/noticiaempauta.com\/portal\/wp-json\/wp\/v2\/users\/2"}],"replies":[{"embeddable":true,"href":"https:\/\/noticiaempauta.com\/portal\/wp-json\/wp\/v2\/comments?post=269957"}],"version-history":[{"count":1,"href":"https:\/\/noticiaempauta.com\/portal\/wp-json\/wp\/v2\/posts\/269957\/revisions"}],"predecessor-version":[{"id":269960,"href":"https:\/\/noticiaempauta.com\/portal\/wp-json\/wp\/v2\/posts\/269957\/revisions\/269960"}],"wp:featuredmedia":[{"embeddable":true,"href":"https:\/\/noticiaempauta.com\/portal\/wp-json\/wp\/v2\/media\/269958"}],"wp:attachment":[{"href":"https:\/\/noticiaempauta.com\/portal\/wp-json\/wp\/v2\/media?parent=269957"}],"wp:term":[{"taxonomy":"category","embeddable":true,"href":"https:\/\/noticiaempauta.com\/portal\/wp-json\/wp\/v2\/categories?post=269957"},{"taxonomy":"post_tag","embeddable":true,"href":"https:\/\/noticiaempauta.com\/portal\/wp-json\/wp\/v2\/tags?post=269957"}],"curies":[{"name":"wp","href":"https:\/\/api.w.org\/{rel}","templated":true}]}}