{"id":269989,"date":"2025-04-10T12:03:42","date_gmt":"2025-04-10T15:03:42","guid":{"rendered":"https:\/\/noticiaempauta.com\/portal\/?p=269989"},"modified":"2025-04-10T12:03:42","modified_gmt":"2025-04-10T15:03:42","slug":"presidente-da-camara-vereador-rinaldinho-cumpre-agenda-em-brasilia-em-busca-de-investimentos-para-picos","status":"publish","type":"post","link":"https:\/\/noticiaempauta.com\/portal\/presidente-da-camara-vereador-rinaldinho-cumpre-agenda-em-brasilia-em-busca-de-investimentos-para-picos\/","title":{"rendered":"Presidente da C\u00e2mara, Vereador Rinaldinho cumpre agenda em Bras\u00edlia em busca de investimentos para Picos"},"content":{"rendered":"\n<p>O vereador e atual presidente da C\u00e2mara Municipal de Picos, Vereador Rinaldinho (MDB), esteve nesta semana em Bras\u00edlia, cumprindo importantes agendas na C\u00e2mara dos Deputados e Minist\u00e9rios, em busca de projetos e investimentos para o munic\u00edpio.<\/p>\n\n\n\n<figure class=\"wp-block-image size-large\"><img fetchpriority=\"high\" decoding=\"async\" width=\"1024\" height=\"806\" src=\"https:\/\/noticiaempauta.com\/portal\/wp-content\/uploads\/2025\/04\/WhatsApp-Image-2025-04-10-at-11.49.19-2-1024x806.jpeg\" alt=\"\" class=\"wp-image-269992\" srcset=\"https:\/\/noticiaempauta.com\/portal\/wp-content\/uploads\/2025\/04\/WhatsApp-Image-2025-04-10-at-11.49.19-2-1024x806.jpeg 1024w, https:\/\/noticiaempauta.com\/portal\/wp-content\/uploads\/2025\/04\/WhatsApp-Image-2025-04-10-at-11.49.19-2-300x236.jpeg 300w, https:\/\/noticiaempauta.com\/portal\/wp-content\/uploads\/2025\/04\/WhatsApp-Image-2025-04-10-at-11.49.19-2-768x605.jpeg 768w, https:\/\/noticiaempauta.com\/portal\/wp-content\/uploads\/2025\/04\/WhatsApp-Image-2025-04-10-at-11.49.19-2.jpeg 1170w\" sizes=\"(max-width: 1024px) 100vw, 1024px\" \/><\/figure>\n\n\n\n<p>Na oportunidade, Rinaldinho esteve em reuni\u00e3o com o deputado federal Florentino Neto (PT), apresentando demandas de v\u00e1rias comunidades, especialmente quanto obras de mobilidade (estradas vicinais, passagens molhadas, cal\u00e7amentos), abastecimento e investimentos em rede el\u00e9trica.<\/p>\n\n\n\n<figure class=\"wp-block-image size-large\"><img decoding=\"async\" width=\"1024\" height=\"802\" src=\"https:\/\/noticiaempauta.com\/portal\/wp-content\/uploads\/2025\/04\/WhatsApp-Image-2025-04-10-at-11.49.19-3-1024x802.jpeg\" alt=\"\" class=\"wp-image-269993\" srcset=\"https:\/\/noticiaempauta.com\/portal\/wp-content\/uploads\/2025\/04\/WhatsApp-Image-2025-04-10-at-11.49.19-3-1024x802.jpeg 1024w, https:\/\/noticiaempauta.com\/portal\/wp-content\/uploads\/2025\/04\/WhatsApp-Image-2025-04-10-at-11.49.19-3-300x235.jpeg 300w, https:\/\/noticiaempauta.com\/portal\/wp-content\/uploads\/2025\/04\/WhatsApp-Image-2025-04-10-at-11.49.19-3-768x601.jpeg 768w, https:\/\/noticiaempauta.com\/portal\/wp-content\/uploads\/2025\/04\/WhatsApp-Image-2025-04-10-at-11.49.19-3.jpeg 1170w\" sizes=\"(max-width: 1024px) 100vw, 1024px\" \/><\/figure>\n\n\n\n<p>Em outra importante agenda, o vereador esteve em audi\u00eancia com o Ministro do Desenvolvimento Social (MDS), Wellington Dias, onde tratou sobre a viabiliza\u00e7\u00e3o de recursos para a \u00e1rea social no munic\u00edpio.<\/p>\n\n\n\n<figure class=\"wp-block-image size-large\"><img decoding=\"async\" width=\"1024\" height=\"740\" src=\"https:\/\/noticiaempauta.com\/portal\/wp-content\/uploads\/2025\/04\/WhatsApp-Image-2025-04-10-at-11.49.19-1-1024x740.jpeg\" alt=\"\" class=\"wp-image-269991\" srcset=\"https:\/\/noticiaempauta.com\/portal\/wp-content\/uploads\/2025\/04\/WhatsApp-Image-2025-04-10-at-11.49.19-1-1024x740.jpeg 1024w, https:\/\/noticiaempauta.com\/portal\/wp-content\/uploads\/2025\/04\/WhatsApp-Image-2025-04-10-at-11.49.19-1-300x217.jpeg 300w, https:\/\/noticiaempauta.com\/portal\/wp-content\/uploads\/2025\/04\/WhatsApp-Image-2025-04-10-at-11.49.19-1-768x555.jpeg 768w, https:\/\/noticiaempauta.com\/portal\/wp-content\/uploads\/2025\/04\/WhatsApp-Image-2025-04-10-at-11.49.19-1.jpeg 1170w\" sizes=\"(max-width: 1024px) 100vw, 1024px\" \/><\/figure>\n\n\n\n<p>Ainda na capital federal, Rinaldinho tamb\u00e9m participou de audi\u00eancia com o Ministro da Integra\u00e7\u00e3o e Desenvolvimento Regional Waldez G\u00f3es, onde tamb\u00e9m apresentou importantes demandas do munic\u00edpio.<\/p>\n\n\n\n<figure class=\"wp-block-image size-large\"><img loading=\"lazy\" decoding=\"async\" width=\"1024\" height=\"817\" src=\"https:\/\/noticiaempauta.com\/portal\/wp-content\/uploads\/2025\/04\/WhatsApp-Image-2025-04-10-at-11.49.19-1024x817.jpeg\" alt=\"\" class=\"wp-image-269990\" srcset=\"https:\/\/noticiaempauta.com\/portal\/wp-content\/uploads\/2025\/04\/WhatsApp-Image-2025-04-10-at-11.49.19-1024x817.jpeg 1024w, https:\/\/noticiaempauta.com\/portal\/wp-content\/uploads\/2025\/04\/WhatsApp-Image-2025-04-10-at-11.49.19-300x239.jpeg 300w, https:\/\/noticiaempauta.com\/portal\/wp-content\/uploads\/2025\/04\/WhatsApp-Image-2025-04-10-at-11.49.19-768x613.jpeg 768w, https:\/\/noticiaempauta.com\/portal\/wp-content\/uploads\/2025\/04\/WhatsApp-Image-2025-04-10-at-11.49.19.jpeg 1170w\" sizes=\"(max-width: 1024px) 100vw, 1024px\" \/><figcaption class=\"wp-element-caption\"><strong><em>Prefeito de Picos, Pablo Santos tamb\u00e9m esteve cumprindo agenda administrativa em Bras\u00edlia.<\/em><\/strong><\/figcaption><\/figure>\n\n\n\n<p>&#8220;Avalio positivamente as agendas que tivemos em Bras\u00edlia, sobretudo pelo fortalecimento das parcerias em prol da cidade de Picos, seja atrav\u00e9s do deputado Florentino, que j\u00e1 tendo este ano enviado uma Patrol Motoniveladora, tamb\u00e9m j\u00e1 sinalizou a inclus\u00e3o de recursos dentro do or\u00e7amento para a cidade, bem como pelas demandas apresentadas aos Ministros, Wellignton Dias e Waldez G\u00f3es, nas mais diferentes \u00e1reas, tudo isso certamente ir\u00e1 contribuir com a gest\u00e3o do nosso prefeito Pablo Santos, tornando realidade importantes investimentos no munic\u00edpio&#8221; disse o vereador Rinaldinho.<\/p>\n\n\n\n<figure class=\"wp-block-image size-large\"><img loading=\"lazy\" decoding=\"async\" width=\"1024\" height=\"806\" src=\"https:\/\/noticiaempauta.com\/portal\/wp-content\/uploads\/2025\/04\/WhatsApp-Image-2025-04-10-at-11.49.19-4-1024x806.jpeg\" alt=\"\" class=\"wp-image-269994\" srcset=\"https:\/\/noticiaempauta.com\/portal\/wp-content\/uploads\/2025\/04\/WhatsApp-Image-2025-04-10-at-11.49.19-4-1024x806.jpeg 1024w, https:\/\/noticiaempauta.com\/portal\/wp-content\/uploads\/2025\/04\/WhatsApp-Image-2025-04-10-at-11.49.19-4-300x236.jpeg 300w, https:\/\/noticiaempauta.com\/portal\/wp-content\/uploads\/2025\/04\/WhatsApp-Image-2025-04-10-at-11.49.19-4-768x605.jpeg 768w, https:\/\/noticiaempauta.com\/portal\/wp-content\/uploads\/2025\/04\/WhatsApp-Image-2025-04-10-at-11.49.19-4.jpeg 1170w\" sizes=\"(max-width: 1024px) 100vw, 1024px\" \/><\/figure>\n\n\n\n<p><\/p>\n","protected":false},"excerpt":{"rendered":"<p>O vereador e atual presidente da C\u00e2mara Municipal de Picos, Vereador Rinaldinho (MDB), esteve nesta semana em Bras\u00edlia, cumprindo importantes agendas na C\u00e2mara dos Deputados e Minist\u00e9rios, em busca de projetos e investimentos para o munic\u00edpio. Na oportunidade, Rinaldinho esteve em reuni\u00e3o com o deputado federal Florentino Neto (PT), apresentando demandas de v\u00e1rias comunidades, especialmente [&hellip;]<\/p>\n","protected":false},"author":2,"featured_media":269992,"comment_status":"open","ping_status":"open","sticky":false,"template":"","format":"standard","meta":{"_mi_skip_tracking":false,"footnotes":""},"categories":[25,1,16],"tags":[],"class_list":["post-269989","post","type-post","status-publish","format-standard","has-post-thumbnail","hentry","category-destaques-site","category-geral","category-todas"],"acf":[],"yoast_head":"<!-- This site is optimized with the Yoast SEO Premium plugin v19.2 (Yoast SEO v26.9) - https:\/\/yoast.com\/product\/yoast-seo-premium-wordpress\/ -->\n<title>Presidente da C\u00e2mara, Vereador Rinaldinho cumpre agenda em Bras\u00edlia em busca de investimentos para Picos - Portal Not\u00edcia em Pauta<\/title>\n<meta name=\"robots\" content=\"index, follow, max-snippet:-1, max-image-preview:large, max-video-preview:-1\" \/>\n<link rel=\"canonical\" href=\"https:\/\/noticiaempauta.com\/portal\/presidente-da-camara-vereador-rinaldinho-cumpre-agenda-em-brasilia-em-busca-de-investimentos-para-picos\/\" \/>\n<meta property=\"og:locale\" content=\"pt_BR\" \/>\n<meta property=\"og:type\" content=\"article\" \/>\n<meta property=\"og:title\" content=\"Presidente da C\u00e2mara, Vereador Rinaldinho cumpre agenda em Bras\u00edlia em busca de investimentos para Picos\" \/>\n<meta property=\"og:description\" content=\"O vereador e atual presidente da C\u00e2mara Municipal de Picos, Vereador Rinaldinho (MDB), esteve nesta semana em Bras\u00edlia, cumprindo importantes agendas na C\u00e2mara dos Deputados e Minist\u00e9rios, em busca de projetos e investimentos para o munic\u00edpio. Na oportunidade, Rinaldinho esteve em reuni\u00e3o com o deputado federal Florentino Neto (PT), apresentando demandas de v\u00e1rias comunidades, especialmente [&hellip;]\" \/>\n<meta property=\"og:url\" content=\"https:\/\/noticiaempauta.com\/portal\/presidente-da-camara-vereador-rinaldinho-cumpre-agenda-em-brasilia-em-busca-de-investimentos-para-picos\/\" \/>\n<meta property=\"og:site_name\" content=\"Portal Not\u00edcia em Pauta\" \/>\n<meta property=\"article:publisher\" content=\"https:\/\/www.facebook.com\/Portal-Notcia-Em-Pauta-102292869264820\/\" \/>\n<meta property=\"article:published_time\" content=\"2025-04-10T15:03:42+00:00\" \/>\n<meta property=\"og:image\" content=\"https:\/\/noticiaempauta.com\/portal\/wp-content\/uploads\/2025\/04\/WhatsApp-Image-2025-04-10-at-11.49.19-2.jpeg\" \/>\n\t<meta property=\"og:image:width\" content=\"1170\" \/>\n\t<meta property=\"og:image:height\" content=\"921\" \/>\n\t<meta property=\"og:image:type\" content=\"image\/jpeg\" \/>\n<meta name=\"author\" content=\"Reda\u00e7\u00e3o\" \/>\n<meta name=\"twitter:card\" content=\"summary_large_image\" \/>\n<meta name=\"twitter:label1\" content=\"Escrito por\" \/>\n\t<meta name=\"twitter:data1\" content=\"Reda\u00e7\u00e3o\" \/>\n\t<meta name=\"twitter:label2\" content=\"Est. tempo de leitura\" \/>\n\t<meta name=\"twitter:data2\" content=\"3 minutos\" \/>\n<script type=\"application\/ld+json\" class=\"yoast-schema-graph\">{\"@context\":\"https:\/\/schema.org\",\"@graph\":[{\"@type\":\"Article\",\"@id\":\"https:\/\/noticiaempauta.com\/portal\/presidente-da-camara-vereador-rinaldinho-cumpre-agenda-em-brasilia-em-busca-de-investimentos-para-picos\/#article\",\"isPartOf\":{\"@id\":\"https:\/\/noticiaempauta.com\/portal\/presidente-da-camara-vereador-rinaldinho-cumpre-agenda-em-brasilia-em-busca-de-investimentos-para-picos\/\"},\"author\":{\"name\":\"Reda\u00e7\u00e3o\",\"@id\":\"https:\/\/noticiaempauta.com\/portal\/#\/schema\/person\/a74af43dd1ab3deca45f988c717d57ac\"},\"headline\":\"Presidente da C\u00e2mara, Vereador Rinaldinho cumpre agenda em Bras\u00edlia em busca de investimentos para Picos\",\"datePublished\":\"2025-04-10T15:03:42+00:00\",\"mainEntityOfPage\":{\"@id\":\"https:\/\/noticiaempauta.com\/portal\/presidente-da-camara-vereador-rinaldinho-cumpre-agenda-em-brasilia-em-busca-de-investimentos-para-picos\/\"},\"wordCount\":269,\"commentCount\":0,\"publisher\":{\"@id\":\"https:\/\/noticiaempauta.com\/portal\/#organization\"},\"image\":{\"@id\":\"https:\/\/noticiaempauta.com\/portal\/presidente-da-camara-vereador-rinaldinho-cumpre-agenda-em-brasilia-em-busca-de-investimentos-para-picos\/#primaryimage\"},\"thumbnailUrl\":\"https:\/\/noticiaempauta.com\/portal\/wp-content\/uploads\/2025\/04\/WhatsApp-Image-2025-04-10-at-11.49.19-2.jpeg\",\"articleSection\":[\"Destaques\",\"Geral\",\"Todas as Not\u00edcias\"],\"inLanguage\":\"pt-BR\",\"potentialAction\":[{\"@type\":\"CommentAction\",\"name\":\"Comment\",\"target\":[\"https:\/\/noticiaempauta.com\/portal\/presidente-da-camara-vereador-rinaldinho-cumpre-agenda-em-brasilia-em-busca-de-investimentos-para-picos\/#respond\"]}]},{\"@type\":\"WebPage\",\"@id\":\"https:\/\/noticiaempauta.com\/portal\/presidente-da-camara-vereador-rinaldinho-cumpre-agenda-em-brasilia-em-busca-de-investimentos-para-picos\/\",\"url\":\"https:\/\/noticiaempauta.com\/portal\/presidente-da-camara-vereador-rinaldinho-cumpre-agenda-em-brasilia-em-busca-de-investimentos-para-picos\/\",\"name\":\"Presidente da C\u00e2mara, Vereador Rinaldinho cumpre agenda em Bras\u00edlia em busca de investimentos para Picos - Portal Not\u00edcia em Pauta\",\"isPartOf\":{\"@id\":\"https:\/\/noticiaempauta.com\/portal\/#website\"},\"primaryImageOfPage\":{\"@id\":\"https:\/\/noticiaempauta.com\/portal\/presidente-da-camara-vereador-rinaldinho-cumpre-agenda-em-brasilia-em-busca-de-investimentos-para-picos\/#primaryimage\"},\"image\":{\"@id\":\"https:\/\/noticiaempauta.com\/portal\/presidente-da-camara-vereador-rinaldinho-cumpre-agenda-em-brasilia-em-busca-de-investimentos-para-picos\/#primaryimage\"},\"thumbnailUrl\":\"https:\/\/noticiaempauta.com\/portal\/wp-content\/uploads\/2025\/04\/WhatsApp-Image-2025-04-10-at-11.49.19-2.jpeg\",\"datePublished\":\"2025-04-10T15:03:42+00:00\",\"breadcrumb\":{\"@id\":\"https:\/\/noticiaempauta.com\/portal\/presidente-da-camara-vereador-rinaldinho-cumpre-agenda-em-brasilia-em-busca-de-investimentos-para-picos\/#breadcrumb\"},\"inLanguage\":\"pt-BR\",\"potentialAction\":[{\"@type\":\"ReadAction\",\"target\":[\"https:\/\/noticiaempauta.com\/portal\/presidente-da-camara-vereador-rinaldinho-cumpre-agenda-em-brasilia-em-busca-de-investimentos-para-picos\/\"]}]},{\"@type\":\"ImageObject\",\"inLanguage\":\"pt-BR\",\"@id\":\"https:\/\/noticiaempauta.com\/portal\/presidente-da-camara-vereador-rinaldinho-cumpre-agenda-em-brasilia-em-busca-de-investimentos-para-picos\/#primaryimage\",\"url\":\"https:\/\/noticiaempauta.com\/portal\/wp-content\/uploads\/2025\/04\/WhatsApp-Image-2025-04-10-at-11.49.19-2.jpeg\",\"contentUrl\":\"https:\/\/noticiaempauta.com\/portal\/wp-content\/uploads\/2025\/04\/WhatsApp-Image-2025-04-10-at-11.49.19-2.jpeg\",\"width\":1170,\"height\":921},{\"@type\":\"BreadcrumbList\",\"@id\":\"https:\/\/noticiaempauta.com\/portal\/presidente-da-camara-vereador-rinaldinho-cumpre-agenda-em-brasilia-em-busca-de-investimentos-para-picos\/#breadcrumb\",\"itemListElement\":[{\"@type\":\"ListItem\",\"position\":1,\"name\":\"P\u00e1gina Inicial\",\"item\":\"https:\/\/noticiaempauta.com\/portal\/\"},{\"@type\":\"ListItem\",\"position\":2,\"name\":\"Geral\",\"item\":\"https:\/\/noticiaempauta.com\/portal\/geral\/\"},{\"@type\":\"ListItem\",\"position\":3,\"name\":\"Presidente da C\u00e2mara, Vereador Rinaldinho cumpre agenda em Bras\u00edlia em busca de investimentos para Picos\"}]},{\"@type\":\"WebSite\",\"@id\":\"https:\/\/noticiaempauta.com\/portal\/#website\",\"url\":\"https:\/\/noticiaempauta.com\/portal\/\",\"name\":\"Portal Not\u00edcia em Pauta\",\"description\":\"Voc\u00ea bem informado\",\"publisher\":{\"@id\":\"https:\/\/noticiaempauta.com\/portal\/#organization\"},\"potentialAction\":[{\"@type\":\"SearchAction\",\"target\":{\"@type\":\"EntryPoint\",\"urlTemplate\":\"https:\/\/noticiaempauta.com\/portal\/?s={search_term_string}\"},\"query-input\":{\"@type\":\"PropertyValueSpecification\",\"valueRequired\":true,\"valueName\":\"search_term_string\"}}],\"inLanguage\":\"pt-BR\"},{\"@type\":\"Organization\",\"@id\":\"https:\/\/noticiaempauta.com\/portal\/#organization\",\"name\":\"Portal Not\u00edcia em Pauta\",\"url\":\"https:\/\/noticiaempauta.com\/portal\/\",\"logo\":{\"@type\":\"ImageObject\",\"inLanguage\":\"pt-BR\",\"@id\":\"https:\/\/noticiaempauta.com\/portal\/#\/schema\/logo\/image\/\",\"url\":\"https:\/\/noticiaempauta.com\/portal\/wp-content\/uploads\/2022\/08\/logomarca_tema.fw_.png\",\"contentUrl\":\"https:\/\/noticiaempauta.com\/portal\/wp-content\/uploads\/2022\/08\/logomarca_tema.fw_.png\",\"width\":400,\"height\":232,\"caption\":\"Portal Not\u00edcia em Pauta\"},\"image\":{\"@id\":\"https:\/\/noticiaempauta.com\/portal\/#\/schema\/logo\/image\/\"},\"sameAs\":[\"https:\/\/www.facebook.com\/Portal-Notcia-Em-Pauta-102292869264820\/\",\"https:\/\/www.instagram.com\/portalnoticiaempauta\/\"]},{\"@type\":\"Person\",\"@id\":\"https:\/\/noticiaempauta.com\/portal\/#\/schema\/person\/a74af43dd1ab3deca45f988c717d57ac\",\"name\":\"Reda\u00e7\u00e3o\",\"image\":{\"@type\":\"ImageObject\",\"inLanguage\":\"pt-BR\",\"@id\":\"https:\/\/noticiaempauta.com\/portal\/#\/schema\/person\/image\/\",\"url\":\"https:\/\/secure.gravatar.com\/avatar\/03179346ecce6cdfc13361603e8f54242a90e5cde8618fa23c5c00aa2b0aadf3?s=96&d=mm&r=g\",\"contentUrl\":\"https:\/\/secure.gravatar.com\/avatar\/03179346ecce6cdfc13361603e8f54242a90e5cde8618fa23c5c00aa2b0aadf3?s=96&d=mm&r=g\",\"caption\":\"Reda\u00e7\u00e3o\"},\"sameAs\":[\"https:\/\/noticiaempauta.com\/portal\/\"],\"url\":\"https:\/\/noticiaempauta.com\/portal\/author\/fernando\/\"}]}<\/script>\n<!-- \/ Yoast SEO Premium plugin. -->","yoast_head_json":{"title":"Presidente da C\u00e2mara, Vereador Rinaldinho cumpre agenda em Bras\u00edlia em busca de investimentos para Picos - Portal Not\u00edcia em Pauta","robots":{"index":"index","follow":"follow","max-snippet":"max-snippet:-1","max-image-preview":"max-image-preview:large","max-video-preview":"max-video-preview:-1"},"canonical":"https:\/\/noticiaempauta.com\/portal\/presidente-da-camara-vereador-rinaldinho-cumpre-agenda-em-brasilia-em-busca-de-investimentos-para-picos\/","og_locale":"pt_BR","og_type":"article","og_title":"Presidente da C\u00e2mara, Vereador Rinaldinho cumpre agenda em Bras\u00edlia em busca de investimentos para Picos","og_description":"O vereador e atual presidente da C\u00e2mara Municipal de Picos, Vereador Rinaldinho (MDB), esteve nesta semana em Bras\u00edlia, cumprindo importantes agendas na C\u00e2mara dos Deputados e Minist\u00e9rios, em busca de projetos e investimentos para o munic\u00edpio. Na oportunidade, Rinaldinho esteve em reuni\u00e3o com o deputado federal Florentino Neto (PT), apresentando demandas de v\u00e1rias comunidades, especialmente [&hellip;]","og_url":"https:\/\/noticiaempauta.com\/portal\/presidente-da-camara-vereador-rinaldinho-cumpre-agenda-em-brasilia-em-busca-de-investimentos-para-picos\/","og_site_name":"Portal Not\u00edcia em Pauta","article_publisher":"https:\/\/www.facebook.com\/Portal-Notcia-Em-Pauta-102292869264820\/","article_published_time":"2025-04-10T15:03:42+00:00","og_image":[{"width":1170,"height":921,"url":"https:\/\/noticiaempauta.com\/portal\/wp-content\/uploads\/2025\/04\/WhatsApp-Image-2025-04-10-at-11.49.19-2.jpeg","type":"image\/jpeg"}],"author":"Reda\u00e7\u00e3o","twitter_card":"summary_large_image","twitter_misc":{"Escrito por":"Reda\u00e7\u00e3o","Est. tempo de leitura":"3 minutos"},"schema":{"@context":"https:\/\/schema.org","@graph":[{"@type":"Article","@id":"https:\/\/noticiaempauta.com\/portal\/presidente-da-camara-vereador-rinaldinho-cumpre-agenda-em-brasilia-em-busca-de-investimentos-para-picos\/#article","isPartOf":{"@id":"https:\/\/noticiaempauta.com\/portal\/presidente-da-camara-vereador-rinaldinho-cumpre-agenda-em-brasilia-em-busca-de-investimentos-para-picos\/"},"author":{"name":"Reda\u00e7\u00e3o","@id":"https:\/\/noticiaempauta.com\/portal\/#\/schema\/person\/a74af43dd1ab3deca45f988c717d57ac"},"headline":"Presidente da C\u00e2mara, Vereador Rinaldinho cumpre agenda em Bras\u00edlia em busca de investimentos para Picos","datePublished":"2025-04-10T15:03:42+00:00","mainEntityOfPage":{"@id":"https:\/\/noticiaempauta.com\/portal\/presidente-da-camara-vereador-rinaldinho-cumpre-agenda-em-brasilia-em-busca-de-investimentos-para-picos\/"},"wordCount":269,"commentCount":0,"publisher":{"@id":"https:\/\/noticiaempauta.com\/portal\/#organization"},"image":{"@id":"https:\/\/noticiaempauta.com\/portal\/presidente-da-camara-vereador-rinaldinho-cumpre-agenda-em-brasilia-em-busca-de-investimentos-para-picos\/#primaryimage"},"thumbnailUrl":"https:\/\/noticiaempauta.com\/portal\/wp-content\/uploads\/2025\/04\/WhatsApp-Image-2025-04-10-at-11.49.19-2.jpeg","articleSection":["Destaques","Geral","Todas as Not\u00edcias"],"inLanguage":"pt-BR","potentialAction":[{"@type":"CommentAction","name":"Comment","target":["https:\/\/noticiaempauta.com\/portal\/presidente-da-camara-vereador-rinaldinho-cumpre-agenda-em-brasilia-em-busca-de-investimentos-para-picos\/#respond"]}]},{"@type":"WebPage","@id":"https:\/\/noticiaempauta.com\/portal\/presidente-da-camara-vereador-rinaldinho-cumpre-agenda-em-brasilia-em-busca-de-investimentos-para-picos\/","url":"https:\/\/noticiaempauta.com\/portal\/presidente-da-camara-vereador-rinaldinho-cumpre-agenda-em-brasilia-em-busca-de-investimentos-para-picos\/","name":"Presidente da C\u00e2mara, Vereador Rinaldinho cumpre agenda em Bras\u00edlia em busca de investimentos para Picos - Portal Not\u00edcia em Pauta","isPartOf":{"@id":"https:\/\/noticiaempauta.com\/portal\/#website"},"primaryImageOfPage":{"@id":"https:\/\/noticiaempauta.com\/portal\/presidente-da-camara-vereador-rinaldinho-cumpre-agenda-em-brasilia-em-busca-de-investimentos-para-picos\/#primaryimage"},"image":{"@id":"https:\/\/noticiaempauta.com\/portal\/presidente-da-camara-vereador-rinaldinho-cumpre-agenda-em-brasilia-em-busca-de-investimentos-para-picos\/#primaryimage"},"thumbnailUrl":"https:\/\/noticiaempauta.com\/portal\/wp-content\/uploads\/2025\/04\/WhatsApp-Image-2025-04-10-at-11.49.19-2.jpeg","datePublished":"2025-04-10T15:03:42+00:00","breadcrumb":{"@id":"https:\/\/noticiaempauta.com\/portal\/presidente-da-camara-vereador-rinaldinho-cumpre-agenda-em-brasilia-em-busca-de-investimentos-para-picos\/#breadcrumb"},"inLanguage":"pt-BR","potentialAction":[{"@type":"ReadAction","target":["https:\/\/noticiaempauta.com\/portal\/presidente-da-camara-vereador-rinaldinho-cumpre-agenda-em-brasilia-em-busca-de-investimentos-para-picos\/"]}]},{"@type":"ImageObject","inLanguage":"pt-BR","@id":"https:\/\/noticiaempauta.com\/portal\/presidente-da-camara-vereador-rinaldinho-cumpre-agenda-em-brasilia-em-busca-de-investimentos-para-picos\/#primaryimage","url":"https:\/\/noticiaempauta.com\/portal\/wp-content\/uploads\/2025\/04\/WhatsApp-Image-2025-04-10-at-11.49.19-2.jpeg","contentUrl":"https:\/\/noticiaempauta.com\/portal\/wp-content\/uploads\/2025\/04\/WhatsApp-Image-2025-04-10-at-11.49.19-2.jpeg","width":1170,"height":921},{"@type":"BreadcrumbList","@id":"https:\/\/noticiaempauta.com\/portal\/presidente-da-camara-vereador-rinaldinho-cumpre-agenda-em-brasilia-em-busca-de-investimentos-para-picos\/#breadcrumb","itemListElement":[{"@type":"ListItem","position":1,"name":"P\u00e1gina Inicial","item":"https:\/\/noticiaempauta.com\/portal\/"},{"@type":"ListItem","position":2,"name":"Geral","item":"https:\/\/noticiaempauta.com\/portal\/geral\/"},{"@type":"ListItem","position":3,"name":"Presidente da C\u00e2mara, Vereador Rinaldinho cumpre agenda em Bras\u00edlia em busca de investimentos para Picos"}]},{"@type":"WebSite","@id":"https:\/\/noticiaempauta.com\/portal\/#website","url":"https:\/\/noticiaempauta.com\/portal\/","name":"Portal Not\u00edcia em Pauta","description":"Voc\u00ea bem informado","publisher":{"@id":"https:\/\/noticiaempauta.com\/portal\/#organization"},"potentialAction":[{"@type":"SearchAction","target":{"@type":"EntryPoint","urlTemplate":"https:\/\/noticiaempauta.com\/portal\/?s={search_term_string}"},"query-input":{"@type":"PropertyValueSpecification","valueRequired":true,"valueName":"search_term_string"}}],"inLanguage":"pt-BR"},{"@type":"Organization","@id":"https:\/\/noticiaempauta.com\/portal\/#organization","name":"Portal Not\u00edcia em Pauta","url":"https:\/\/noticiaempauta.com\/portal\/","logo":{"@type":"ImageObject","inLanguage":"pt-BR","@id":"https:\/\/noticiaempauta.com\/portal\/#\/schema\/logo\/image\/","url":"https:\/\/noticiaempauta.com\/portal\/wp-content\/uploads\/2022\/08\/logomarca_tema.fw_.png","contentUrl":"https:\/\/noticiaempauta.com\/portal\/wp-content\/uploads\/2022\/08\/logomarca_tema.fw_.png","width":400,"height":232,"caption":"Portal Not\u00edcia em Pauta"},"image":{"@id":"https:\/\/noticiaempauta.com\/portal\/#\/schema\/logo\/image\/"},"sameAs":["https:\/\/www.facebook.com\/Portal-Notcia-Em-Pauta-102292869264820\/","https:\/\/www.instagram.com\/portalnoticiaempauta\/"]},{"@type":"Person","@id":"https:\/\/noticiaempauta.com\/portal\/#\/schema\/person\/a74af43dd1ab3deca45f988c717d57ac","name":"Reda\u00e7\u00e3o","image":{"@type":"ImageObject","inLanguage":"pt-BR","@id":"https:\/\/noticiaempauta.com\/portal\/#\/schema\/person\/image\/","url":"https:\/\/secure.gravatar.com\/avatar\/03179346ecce6cdfc13361603e8f54242a90e5cde8618fa23c5c00aa2b0aadf3?s=96&d=mm&r=g","contentUrl":"https:\/\/secure.gravatar.com\/avatar\/03179346ecce6cdfc13361603e8f54242a90e5cde8618fa23c5c00aa2b0aadf3?s=96&d=mm&r=g","caption":"Reda\u00e7\u00e3o"},"sameAs":["https:\/\/noticiaempauta.com\/portal\/"],"url":"https:\/\/noticiaempauta.com\/portal\/author\/fernando\/"}]}},"_links":{"self":[{"href":"https:\/\/noticiaempauta.com\/portal\/wp-json\/wp\/v2\/posts\/269989","targetHints":{"allow":["GET"]}}],"collection":[{"href":"https:\/\/noticiaempauta.com\/portal\/wp-json\/wp\/v2\/posts"}],"about":[{"href":"https:\/\/noticiaempauta.com\/portal\/wp-json\/wp\/v2\/types\/post"}],"author":[{"embeddable":true,"href":"https:\/\/noticiaempauta.com\/portal\/wp-json\/wp\/v2\/users\/2"}],"replies":[{"embeddable":true,"href":"https:\/\/noticiaempauta.com\/portal\/wp-json\/wp\/v2\/comments?post=269989"}],"version-history":[{"count":2,"href":"https:\/\/noticiaempauta.com\/portal\/wp-json\/wp\/v2\/posts\/269989\/revisions"}],"predecessor-version":[{"id":269996,"href":"https:\/\/noticiaempauta.com\/portal\/wp-json\/wp\/v2\/posts\/269989\/revisions\/269996"}],"wp:featuredmedia":[{"embeddable":true,"href":"https:\/\/noticiaempauta.com\/portal\/wp-json\/wp\/v2\/media\/269992"}],"wp:attachment":[{"href":"https:\/\/noticiaempauta.com\/portal\/wp-json\/wp\/v2\/media?parent=269989"}],"wp:term":[{"taxonomy":"category","embeddable":true,"href":"https:\/\/noticiaempauta.com\/portal\/wp-json\/wp\/v2\/categories?post=269989"},{"taxonomy":"post_tag","embeddable":true,"href":"https:\/\/noticiaempauta.com\/portal\/wp-json\/wp\/v2\/tags?post=269989"}],"curies":[{"name":"wp","href":"https:\/\/api.w.org\/{rel}","templated":true}]}}