{"id":271687,"date":"2025-05-16T10:07:43","date_gmt":"2025-05-16T13:07:43","guid":{"rendered":"https:\/\/noticiaempauta.com\/portal\/?p=271687"},"modified":"2025-05-16T10:19:27","modified_gmt":"2025-05-16T13:19:27","slug":"prefeitura-de-monsenhor-hipolito-realiza-1o-conferencia-municipal-dos-direitos-da-pessoa-idosa","status":"publish","type":"post","link":"https:\/\/noticiaempauta.com\/portal\/prefeitura-de-monsenhor-hipolito-realiza-1o-conferencia-municipal-dos-direitos-da-pessoa-idosa\/","title":{"rendered":"Prefeitura de Monsenhor Hip\u00f3lito realiza 1\u00ba Confer\u00eancia Municipal dos Direitos da Pessoa Idosa"},"content":{"rendered":"\n<p>Com o tema <strong>&#8220;Envelhecimento Multicultural e Democracia: Urg\u00eancia por Equidade, Direitos e Participa\u00e7\u00e3o&#8221;<\/strong>, Prefeitura de Monsenhor Hip\u00f3lito, atrav\u00e9s do <strong>prefeito Djalma Policarpo<\/strong>, e por meio da Secretaria Municipal de Assist\u00eancia Social e Conselho Municipal do Idosos (CMDI), realizaram na tarde\/noite dessa quinta-feira, 15 de maio, a <strong>1\u00ba Confer\u00eancia Municipal dos Direitos da Pessoa Idosa.<\/strong><\/p>\n\n\n\n<figure class=\"wp-block-image size-large\"><img fetchpriority=\"high\" decoding=\"async\" width=\"1024\" height=\"768\" src=\"https:\/\/noticiaempauta.com\/portal\/wp-content\/uploads\/2025\/05\/WhatsApp-Image-2025-05-16-at-09.19.53-1-1024x768.jpeg\" alt=\"\" class=\"wp-image-271688\" srcset=\"https:\/\/noticiaempauta.com\/portal\/wp-content\/uploads\/2025\/05\/WhatsApp-Image-2025-05-16-at-09.19.53-1-1024x768.jpeg 1024w, https:\/\/noticiaempauta.com\/portal\/wp-content\/uploads\/2025\/05\/WhatsApp-Image-2025-05-16-at-09.19.53-1-300x225.jpeg 300w, https:\/\/noticiaempauta.com\/portal\/wp-content\/uploads\/2025\/05\/WhatsApp-Image-2025-05-16-at-09.19.53-1-768x576.jpeg 768w, https:\/\/noticiaempauta.com\/portal\/wp-content\/uploads\/2025\/05\/WhatsApp-Image-2025-05-16-at-09.19.53-1.jpeg 1280w\" sizes=\"(max-width: 1024px) 100vw, 1024px\" \/><\/figure>\n\n\n\n<p>O evento aconteceu no <strong>Centro de Conviv\u00eancia do Idoso (CCI) do Povoado Serra Azul (BR-020)<\/strong> e reuniu grande p\u00fablico da melhor idade, al\u00e9m de secret\u00e1rios municipais, vereadores e comunidade. <\/p>\n\n\n\n<figure class=\"wp-block-image size-large\"><img decoding=\"async\" width=\"1024\" height=\"683\" src=\"https:\/\/noticiaempauta.com\/portal\/wp-content\/uploads\/2025\/05\/IMG_9228-1024x683.jpg\" alt=\"\" class=\"wp-image-271698\" srcset=\"https:\/\/noticiaempauta.com\/portal\/wp-content\/uploads\/2025\/05\/IMG_9228-1024x683.jpg 1024w, https:\/\/noticiaempauta.com\/portal\/wp-content\/uploads\/2025\/05\/IMG_9228-300x200.jpg 300w, https:\/\/noticiaempauta.com\/portal\/wp-content\/uploads\/2025\/05\/IMG_9228-768x512.jpg 768w, https:\/\/noticiaempauta.com\/portal\/wp-content\/uploads\/2025\/05\/IMG_9228.jpg 1200w\" sizes=\"(max-width: 1024px) 100vw, 1024px\" \/><\/figure>\n\n\n\n<p>A confer\u00eancia teve in\u00edcio as 17h com credeciamento dos participantes.<\/p>\n\n\n\n<figure class=\"wp-block-image size-large\"><img decoding=\"async\" width=\"1024\" height=\"683\" src=\"https:\/\/noticiaempauta.com\/portal\/wp-content\/uploads\/2025\/05\/IMG_9231-1024x683.jpg\" alt=\"\" class=\"wp-image-271699\" srcset=\"https:\/\/noticiaempauta.com\/portal\/wp-content\/uploads\/2025\/05\/IMG_9231-1024x683.jpg 1024w, https:\/\/noticiaempauta.com\/portal\/wp-content\/uploads\/2025\/05\/IMG_9231-300x200.jpg 300w, https:\/\/noticiaempauta.com\/portal\/wp-content\/uploads\/2025\/05\/IMG_9231-768x512.jpg 768w, https:\/\/noticiaempauta.com\/portal\/wp-content\/uploads\/2025\/05\/IMG_9231.jpg 1200w\" sizes=\"(max-width: 1024px) 100vw, 1024px\" \/><\/figure>\n\n\n\n<figure class=\"wp-block-image size-large\"><img loading=\"lazy\" decoding=\"async\" width=\"1024\" height=\"683\" src=\"https:\/\/noticiaempauta.com\/portal\/wp-content\/uploads\/2025\/05\/IMG_9264-1024x683.jpg\" alt=\"\" class=\"wp-image-271691\" srcset=\"https:\/\/noticiaempauta.com\/portal\/wp-content\/uploads\/2025\/05\/IMG_9264-1024x683.jpg 1024w, https:\/\/noticiaempauta.com\/portal\/wp-content\/uploads\/2025\/05\/IMG_9264-300x200.jpg 300w, https:\/\/noticiaempauta.com\/portal\/wp-content\/uploads\/2025\/05\/IMG_9264-768x512.jpg 768w, https:\/\/noticiaempauta.com\/portal\/wp-content\/uploads\/2025\/05\/IMG_9264.jpg 1200w\" sizes=\"(max-width: 1024px) 100vw, 1024px\" \/><\/figure>\n\n\n\n<figure class=\"wp-block-image size-large\"><img loading=\"lazy\" decoding=\"async\" width=\"1024\" height=\"683\" src=\"https:\/\/noticiaempauta.com\/portal\/wp-content\/uploads\/2025\/05\/IMG_9247-1024x683.jpg\" alt=\"\" class=\"wp-image-271717\" srcset=\"https:\/\/noticiaempauta.com\/portal\/wp-content\/uploads\/2025\/05\/IMG_9247-1024x683.jpg 1024w, https:\/\/noticiaempauta.com\/portal\/wp-content\/uploads\/2025\/05\/IMG_9247-300x200.jpg 300w, https:\/\/noticiaempauta.com\/portal\/wp-content\/uploads\/2025\/05\/IMG_9247-768x512.jpg 768w, https:\/\/noticiaempauta.com\/portal\/wp-content\/uploads\/2025\/05\/IMG_9247.jpg 1200w\" sizes=\"(max-width: 1024px) 100vw, 1024px\" \/><\/figure>\n\n\n\n<p>Durante abertura do evento, representando o prefeito Djalma Policarpo, a vereadora <strong>Doracelma Policarpo<\/strong> ressaltou a import\u00e2ncia do evento que coloca em pr\u00e1tica a discuss\u00e3o e elabora\u00e7\u00e3o de a\u00e7\u00f5es voltadas as pol\u00edticas p\u00fablicas para os idosos. <\/p>\n\n\n\n<figure class=\"wp-block-image size-large\"><img loading=\"lazy\" decoding=\"async\" width=\"1024\" height=\"683\" src=\"https:\/\/noticiaempauta.com\/portal\/wp-content\/uploads\/2025\/05\/IMG_9255-1024x683.jpg\" alt=\"\" class=\"wp-image-271690\" srcset=\"https:\/\/noticiaempauta.com\/portal\/wp-content\/uploads\/2025\/05\/IMG_9255-1024x683.jpg 1024w, https:\/\/noticiaempauta.com\/portal\/wp-content\/uploads\/2025\/05\/IMG_9255-300x200.jpg 300w, https:\/\/noticiaempauta.com\/portal\/wp-content\/uploads\/2025\/05\/IMG_9255-768x512.jpg 768w, https:\/\/noticiaempauta.com\/portal\/wp-content\/uploads\/2025\/05\/IMG_9255.jpg 1200w\" sizes=\"(max-width: 1024px) 100vw, 1024px\" \/><\/figure>\n\n\n\n<p>&#8220;A gest\u00e3o municipal muito tem se destacado no social, assim como em todas as \u00e1reas, parabenizo a todos pela organiza\u00e7\u00e3o desse evento e agrade\u00e7emos a presen\u00e7a de todos, isso refor\u00e7a o compromisso da gest\u00e3o do prefeito Djalma em trazer importantes a\u00e7\u00f5es e benef\u00edcios para o munic\u00edpio, a exemplo desta sede do CCI da 020, que foi uma importante realiza\u00e7\u00e3o da gest\u00e3o municipal, muito ainda iremos realizar para trazer maior qualidade de vida e desenvolvimento social para o nosso povo&#8221; destacou a vereadora.<\/p>\n\n\n\n<figure class=\"wp-block-image size-large\"><img loading=\"lazy\" decoding=\"async\" width=\"1024\" height=\"683\" src=\"https:\/\/noticiaempauta.com\/portal\/wp-content\/uploads\/2025\/05\/IMG_9286-1024x683.jpg\" alt=\"\" class=\"wp-image-271692\" srcset=\"https:\/\/noticiaempauta.com\/portal\/wp-content\/uploads\/2025\/05\/IMG_9286-1024x683.jpg 1024w, https:\/\/noticiaempauta.com\/portal\/wp-content\/uploads\/2025\/05\/IMG_9286-300x200.jpg 300w, https:\/\/noticiaempauta.com\/portal\/wp-content\/uploads\/2025\/05\/IMG_9286-768x512.jpg 768w, https:\/\/noticiaempauta.com\/portal\/wp-content\/uploads\/2025\/05\/IMG_9286.jpg 1200w\" sizes=\"(max-width: 1024px) 100vw, 1024px\" \/><\/figure>\n\n\n\n<p>Estiveram presentes no evento o vice-prefeito, <strong>Mariozan Rocha e esposa Karina Rocha, vereadora Edneide, vereador Naldo, secret\u00e1rio de educa\u00e7\u00e3o, Luiz Ant\u00f4nio, secret\u00e1ria de sa\u00fade, Dra. Joyce Bezerra, secret\u00e1rio de agricultura, Possim Rocha, ex-vereadores Lino, M\u00e1rio Micheline e Senhor de Bento<\/strong> e demais lideran\u00e7as e comunidade em geral.<\/p>\n\n\n\n<figure class=\"wp-block-image size-large\"><img loading=\"lazy\" decoding=\"async\" width=\"1024\" height=\"683\" src=\"https:\/\/noticiaempauta.com\/portal\/wp-content\/uploads\/2025\/05\/IMG_9274-1024x683.jpg\" alt=\"\" class=\"wp-image-271693\" srcset=\"https:\/\/noticiaempauta.com\/portal\/wp-content\/uploads\/2025\/05\/IMG_9274-1024x683.jpg 1024w, https:\/\/noticiaempauta.com\/portal\/wp-content\/uploads\/2025\/05\/IMG_9274-300x200.jpg 300w, https:\/\/noticiaempauta.com\/portal\/wp-content\/uploads\/2025\/05\/IMG_9274-768x512.jpg 768w, https:\/\/noticiaempauta.com\/portal\/wp-content\/uploads\/2025\/05\/IMG_9274.jpg 1200w\" sizes=\"(max-width: 1024px) 100vw, 1024px\" \/><\/figure>\n\n\n\n<figure class=\"wp-block-image size-large\"><img loading=\"lazy\" decoding=\"async\" width=\"1024\" height=\"683\" src=\"https:\/\/noticiaempauta.com\/portal\/wp-content\/uploads\/2025\/05\/IMG_9280-1024x683.jpg\" alt=\"\" class=\"wp-image-271694\" srcset=\"https:\/\/noticiaempauta.com\/portal\/wp-content\/uploads\/2025\/05\/IMG_9280-1024x683.jpg 1024w, https:\/\/noticiaempauta.com\/portal\/wp-content\/uploads\/2025\/05\/IMG_9280-300x200.jpg 300w, https:\/\/noticiaempauta.com\/portal\/wp-content\/uploads\/2025\/05\/IMG_9280-768x512.jpg 768w, https:\/\/noticiaempauta.com\/portal\/wp-content\/uploads\/2025\/05\/IMG_9280.jpg 1200w\" sizes=\"(max-width: 1024px) 100vw, 1024px\" \/><\/figure>\n\n\n\n<figure class=\"wp-block-image size-large\"><img loading=\"lazy\" decoding=\"async\" width=\"1024\" height=\"683\" src=\"https:\/\/noticiaempauta.com\/portal\/wp-content\/uploads\/2025\/05\/IMG_9300-1024x683.jpg\" alt=\"\" class=\"wp-image-271695\" srcset=\"https:\/\/noticiaempauta.com\/portal\/wp-content\/uploads\/2025\/05\/IMG_9300-1024x683.jpg 1024w, https:\/\/noticiaempauta.com\/portal\/wp-content\/uploads\/2025\/05\/IMG_9300-300x200.jpg 300w, https:\/\/noticiaempauta.com\/portal\/wp-content\/uploads\/2025\/05\/IMG_9300-768x512.jpg 768w, https:\/\/noticiaempauta.com\/portal\/wp-content\/uploads\/2025\/05\/IMG_9300.jpg 1200w\" sizes=\"(max-width: 1024px) 100vw, 1024px\" \/><\/figure>\n\n\n\n<p>Ap\u00f3s abertura e pronunciamentos, a <strong>conferencista Ana Ra\u00edla<\/strong> conduziu o in\u00edcio dos trabalhos, que foi marcado pela <strong>palestra principal<\/strong> ministrada pela <strong>assistente social Ananda Ludmila e pela psic\u00f3loga Yaslla Feitosa<\/strong>, que fizeram importante abordagem acerca das reflex\u00f5es sobre os desafios enfrentados pela popula\u00e7\u00e3o idosa em um contexto de diversidades culturais e sociais.<\/p>\n\n\n\n<figure class=\"wp-block-image size-large\"><img loading=\"lazy\" decoding=\"async\" width=\"1024\" height=\"683\" src=\"https:\/\/noticiaempauta.com\/portal\/wp-content\/uploads\/2025\/05\/IMG_9242-1024x683.jpg\" alt=\"\" class=\"wp-image-271696\" srcset=\"https:\/\/noticiaempauta.com\/portal\/wp-content\/uploads\/2025\/05\/IMG_9242-1024x683.jpg 1024w, https:\/\/noticiaempauta.com\/portal\/wp-content\/uploads\/2025\/05\/IMG_9242-300x200.jpg 300w, https:\/\/noticiaempauta.com\/portal\/wp-content\/uploads\/2025\/05\/IMG_9242-768x512.jpg 768w, https:\/\/noticiaempauta.com\/portal\/wp-content\/uploads\/2025\/05\/IMG_9242.jpg 1200w\" sizes=\"(max-width: 1024px) 100vw, 1024px\" \/><\/figure>\n\n\n\n<figure class=\"wp-block-image size-large\"><img loading=\"lazy\" decoding=\"async\" width=\"1024\" height=\"683\" src=\"https:\/\/noticiaempauta.com\/portal\/wp-content\/uploads\/2025\/05\/IMG_9299-1024x683.jpg\" alt=\"\" class=\"wp-image-271697\" srcset=\"https:\/\/noticiaempauta.com\/portal\/wp-content\/uploads\/2025\/05\/IMG_9299-1024x683.jpg 1024w, https:\/\/noticiaempauta.com\/portal\/wp-content\/uploads\/2025\/05\/IMG_9299-300x200.jpg 300w, https:\/\/noticiaempauta.com\/portal\/wp-content\/uploads\/2025\/05\/IMG_9299-768x512.jpg 768w, https:\/\/noticiaempauta.com\/portal\/wp-content\/uploads\/2025\/05\/IMG_9299.jpg 1200w\" sizes=\"(max-width: 1024px) 100vw, 1024px\" \/><\/figure>\n\n\n\n<figure class=\"wp-block-image size-large\"><img loading=\"lazy\" decoding=\"async\" width=\"1024\" height=\"683\" src=\"https:\/\/noticiaempauta.com\/portal\/wp-content\/uploads\/2025\/05\/IMG_9294-1024x683.jpg\" alt=\"\" class=\"wp-image-271700\" srcset=\"https:\/\/noticiaempauta.com\/portal\/wp-content\/uploads\/2025\/05\/IMG_9294-1024x683.jpg 1024w, https:\/\/noticiaempauta.com\/portal\/wp-content\/uploads\/2025\/05\/IMG_9294-300x200.jpg 300w, https:\/\/noticiaempauta.com\/portal\/wp-content\/uploads\/2025\/05\/IMG_9294-768x512.jpg 768w, https:\/\/noticiaempauta.com\/portal\/wp-content\/uploads\/2025\/05\/IMG_9294.jpg 1200w\" sizes=\"(max-width: 1024px) 100vw, 1024px\" \/><\/figure>\n\n\n\n<figure class=\"wp-block-image size-large\"><img loading=\"lazy\" decoding=\"async\" width=\"1024\" height=\"683\" src=\"https:\/\/noticiaempauta.com\/portal\/wp-content\/uploads\/2025\/05\/IMG_9341-1024x683.jpg\" alt=\"\" class=\"wp-image-271701\" srcset=\"https:\/\/noticiaempauta.com\/portal\/wp-content\/uploads\/2025\/05\/IMG_9341-1024x683.jpg 1024w, https:\/\/noticiaempauta.com\/portal\/wp-content\/uploads\/2025\/05\/IMG_9341-300x200.jpg 300w, https:\/\/noticiaempauta.com\/portal\/wp-content\/uploads\/2025\/05\/IMG_9341-768x512.jpg 768w, https:\/\/noticiaempauta.com\/portal\/wp-content\/uploads\/2025\/05\/IMG_9341.jpg 1200w\" sizes=\"(max-width: 1024px) 100vw, 1024px\" \/><figcaption class=\"wp-element-caption\"><strong>Grupos foram divididos para discutir os eixos tem\u00e1ticos do evento.<\/strong><\/figcaption><\/figure>\n\n\n\n<figure class=\"wp-block-image size-large\"><img loading=\"lazy\" decoding=\"async\" width=\"1024\" height=\"683\" src=\"https:\/\/noticiaempauta.com\/portal\/wp-content\/uploads\/2025\/05\/IMG_9334-1024x683.jpg\" alt=\"\" class=\"wp-image-271702\" srcset=\"https:\/\/noticiaempauta.com\/portal\/wp-content\/uploads\/2025\/05\/IMG_9334-1024x683.jpg 1024w, https:\/\/noticiaempauta.com\/portal\/wp-content\/uploads\/2025\/05\/IMG_9334-300x200.jpg 300w, https:\/\/noticiaempauta.com\/portal\/wp-content\/uploads\/2025\/05\/IMG_9334-768x512.jpg 768w, https:\/\/noticiaempauta.com\/portal\/wp-content\/uploads\/2025\/05\/IMG_9334.jpg 1200w\" sizes=\"(max-width: 1024px) 100vw, 1024px\" \/><\/figure>\n\n\n\n<p>A divis\u00e3o do grupos para discuss\u00e3o das tem\u00e1ticas, distribu\u00eddos em cinco eixos centrais:<\/p>\n\n\n\n<p>Eixo 5: Consolida\u00e7\u00e3o e fortalecimento dos conselhos de direitos da pessoa idosa como pol\u00edtica de Estado, com Dalana e Rejane.<\/p>\n\n\n\n<p>Eixo 1: Financiamento das pol\u00edticas p\u00fablicas para amplia\u00e7\u00e3o e garantia dos direitos sociais, com Lucas Vieira e Ananda;<\/p>\n\n\n\n<p>Eixo 2: Fortalecimento de pol\u00edticas para prote\u00e7\u00e3o \u00e0 vida, sa\u00fade e cuidado integral da pessoa idosa, com Marina Mara e Manoel Renan;<\/p>\n\n\n\n<p>Eixo 3: Prote\u00e7\u00e3o e enfrentamento de todas as formas de viol\u00eancia, abandono social e familiar, com Rejane e Denise;<\/p>\n\n\n\n<p>Eixo 4: Participa\u00e7\u00e3o social, protagonismo e vida comunit\u00e1ria na perspectiva das m\u00faltiplas velhices, com Railene e Yaslla;<\/p>\n\n\n\n<figure class=\"wp-block-image size-large\"><img loading=\"lazy\" decoding=\"async\" width=\"1024\" height=\"683\" src=\"https:\/\/noticiaempauta.com\/portal\/wp-content\/uploads\/2025\/05\/IMG_9311-1024x683.jpg\" alt=\"\" class=\"wp-image-271703\" srcset=\"https:\/\/noticiaempauta.com\/portal\/wp-content\/uploads\/2025\/05\/IMG_9311-1024x683.jpg 1024w, https:\/\/noticiaempauta.com\/portal\/wp-content\/uploads\/2025\/05\/IMG_9311-300x200.jpg 300w, https:\/\/noticiaempauta.com\/portal\/wp-content\/uploads\/2025\/05\/IMG_9311-768x512.jpg 768w, https:\/\/noticiaempauta.com\/portal\/wp-content\/uploads\/2025\/05\/IMG_9311.jpg 1200w\" sizes=\"(max-width: 1024px) 100vw, 1024px\" \/><\/figure>\n\n\n\n<figure class=\"wp-block-image size-large\"><img loading=\"lazy\" decoding=\"async\" width=\"1024\" height=\"683\" src=\"https:\/\/noticiaempauta.com\/portal\/wp-content\/uploads\/2025\/05\/IMG_9316-1024x683.jpg\" alt=\"\" class=\"wp-image-271704\" srcset=\"https:\/\/noticiaempauta.com\/portal\/wp-content\/uploads\/2025\/05\/IMG_9316-1024x683.jpg 1024w, https:\/\/noticiaempauta.com\/portal\/wp-content\/uploads\/2025\/05\/IMG_9316-300x200.jpg 300w, https:\/\/noticiaempauta.com\/portal\/wp-content\/uploads\/2025\/05\/IMG_9316-768x512.jpg 768w, https:\/\/noticiaempauta.com\/portal\/wp-content\/uploads\/2025\/05\/IMG_9316.jpg 1200w\" sizes=\"(max-width: 1024px) 100vw, 1024px\" \/><\/figure>\n\n\n\n<figure class=\"wp-block-image size-large\"><img loading=\"lazy\" decoding=\"async\" width=\"1024\" height=\"683\" src=\"https:\/\/noticiaempauta.com\/portal\/wp-content\/uploads\/2025\/05\/IMG_9320-1024x683.jpg\" alt=\"\" class=\"wp-image-271705\" srcset=\"https:\/\/noticiaempauta.com\/portal\/wp-content\/uploads\/2025\/05\/IMG_9320-1024x683.jpg 1024w, https:\/\/noticiaempauta.com\/portal\/wp-content\/uploads\/2025\/05\/IMG_9320-300x200.jpg 300w, https:\/\/noticiaempauta.com\/portal\/wp-content\/uploads\/2025\/05\/IMG_9320-768x512.jpg 768w, https:\/\/noticiaempauta.com\/portal\/wp-content\/uploads\/2025\/05\/IMG_9320.jpg 1200w\" sizes=\"(max-width: 1024px) 100vw, 1024px\" \/><\/figure>\n\n\n\n<figure class=\"wp-block-image size-large\"><img loading=\"lazy\" decoding=\"async\" width=\"1024\" height=\"683\" src=\"https:\/\/noticiaempauta.com\/portal\/wp-content\/uploads\/2025\/05\/IMG_9345-1024x683.jpg\" alt=\"\" class=\"wp-image-271706\" srcset=\"https:\/\/noticiaempauta.com\/portal\/wp-content\/uploads\/2025\/05\/IMG_9345-1024x683.jpg 1024w, https:\/\/noticiaempauta.com\/portal\/wp-content\/uploads\/2025\/05\/IMG_9345-300x200.jpg 300w, https:\/\/noticiaempauta.com\/portal\/wp-content\/uploads\/2025\/05\/IMG_9345-768x512.jpg 768w, https:\/\/noticiaempauta.com\/portal\/wp-content\/uploads\/2025\/05\/IMG_9345.jpg 1200w\" sizes=\"(max-width: 1024px) 100vw, 1024px\" \/><\/figure>\n\n\n\n<p>No intervalo foi servido lanche para os idosos e participantes.<\/p>\n\n\n\n<figure class=\"wp-block-image size-large\"><img loading=\"lazy\" decoding=\"async\" width=\"1024\" height=\"683\" src=\"https:\/\/noticiaempauta.com\/portal\/wp-content\/uploads\/2025\/05\/IMG_9370-1024x683.jpg\" alt=\"\" class=\"wp-image-271707\" srcset=\"https:\/\/noticiaempauta.com\/portal\/wp-content\/uploads\/2025\/05\/IMG_9370-1024x683.jpg 1024w, https:\/\/noticiaempauta.com\/portal\/wp-content\/uploads\/2025\/05\/IMG_9370-300x200.jpg 300w, https:\/\/noticiaempauta.com\/portal\/wp-content\/uploads\/2025\/05\/IMG_9370-768x512.jpg 768w, https:\/\/noticiaempauta.com\/portal\/wp-content\/uploads\/2025\/05\/IMG_9370.jpg 1200w\" sizes=\"(max-width: 1024px) 100vw, 1024px\" \/><\/figure>\n\n\n\n<figure class=\"wp-block-image size-large\"><img loading=\"lazy\" decoding=\"async\" width=\"1024\" height=\"683\" src=\"https:\/\/noticiaempauta.com\/portal\/wp-content\/uploads\/2025\/05\/IMG_9379-1024x683.jpg\" alt=\"\" class=\"wp-image-271709\" srcset=\"https:\/\/noticiaempauta.com\/portal\/wp-content\/uploads\/2025\/05\/IMG_9379-1024x683.jpg 1024w, https:\/\/noticiaempauta.com\/portal\/wp-content\/uploads\/2025\/05\/IMG_9379-300x200.jpg 300w, https:\/\/noticiaempauta.com\/portal\/wp-content\/uploads\/2025\/05\/IMG_9379-768x512.jpg 768w, https:\/\/noticiaempauta.com\/portal\/wp-content\/uploads\/2025\/05\/IMG_9379.jpg 1200w\" sizes=\"(max-width: 1024px) 100vw, 1024px\" \/><\/figure>\n\n\n\n<p>O encerramento da 1\u00ba Confer\u00eancia Municipal do Idoso foi marcado por muito forr\u00f3, com musical de Dad\u00e1 dos Teclados.<\/p>\n\n\n\n<figure class=\"wp-block-image size-large\"><img loading=\"lazy\" decoding=\"async\" width=\"1024\" height=\"683\" src=\"https:\/\/noticiaempauta.com\/portal\/wp-content\/uploads\/2025\/05\/IMG_9393-1024x683.jpg\" alt=\"\" class=\"wp-image-271708\" srcset=\"https:\/\/noticiaempauta.com\/portal\/wp-content\/uploads\/2025\/05\/IMG_9393-1024x683.jpg 1024w, https:\/\/noticiaempauta.com\/portal\/wp-content\/uploads\/2025\/05\/IMG_9393-300x200.jpg 300w, https:\/\/noticiaempauta.com\/portal\/wp-content\/uploads\/2025\/05\/IMG_9393-768x512.jpg 768w, https:\/\/noticiaempauta.com\/portal\/wp-content\/uploads\/2025\/05\/IMG_9393.jpg 1200w\" sizes=\"(max-width: 1024px) 100vw, 1024px\" \/><\/figure>\n\n\n\n<p><strong>Veja mais imagens<\/strong><\/p>\n\n\n\n<figure class=\"wp-block-image size-large\"><img loading=\"lazy\" decoding=\"async\" width=\"1024\" height=\"768\" src=\"https:\/\/noticiaempauta.com\/portal\/wp-content\/uploads\/2025\/05\/WhatsApp-Image-2025-05-16-at-09.59.19-1024x768.jpeg\" alt=\"\" class=\"wp-image-271710\" srcset=\"https:\/\/noticiaempauta.com\/portal\/wp-content\/uploads\/2025\/05\/WhatsApp-Image-2025-05-16-at-09.59.19-1024x768.jpeg 1024w, https:\/\/noticiaempauta.com\/portal\/wp-content\/uploads\/2025\/05\/WhatsApp-Image-2025-05-16-at-09.59.19-300x225.jpeg 300w, https:\/\/noticiaempauta.com\/portal\/wp-content\/uploads\/2025\/05\/WhatsApp-Image-2025-05-16-at-09.59.19-768x576.jpeg 768w, https:\/\/noticiaempauta.com\/portal\/wp-content\/uploads\/2025\/05\/WhatsApp-Image-2025-05-16-at-09.59.19.jpeg 1280w\" sizes=\"(max-width: 1024px) 100vw, 1024px\" \/><\/figure>\n\n\n\n<figure class=\"wp-block-image size-large\"><img loading=\"lazy\" decoding=\"async\" width=\"1024\" height=\"683\" src=\"https:\/\/noticiaempauta.com\/portal\/wp-content\/uploads\/2025\/05\/IMG_9233-1024x683.jpg\" alt=\"\" class=\"wp-image-271711\" srcset=\"https:\/\/noticiaempauta.com\/portal\/wp-content\/uploads\/2025\/05\/IMG_9233-1024x683.jpg 1024w, https:\/\/noticiaempauta.com\/portal\/wp-content\/uploads\/2025\/05\/IMG_9233-300x200.jpg 300w, https:\/\/noticiaempauta.com\/portal\/wp-content\/uploads\/2025\/05\/IMG_9233-768x512.jpg 768w, https:\/\/noticiaempauta.com\/portal\/wp-content\/uploads\/2025\/05\/IMG_9233.jpg 1200w\" sizes=\"(max-width: 1024px) 100vw, 1024px\" \/><\/figure>\n\n\n\n<figure class=\"wp-block-image size-large\"><img loading=\"lazy\" decoding=\"async\" width=\"1024\" height=\"683\" src=\"https:\/\/noticiaempauta.com\/portal\/wp-content\/uploads\/2025\/05\/IMG_9238-1024x683.jpg\" alt=\"\" class=\"wp-image-271712\" srcset=\"https:\/\/noticiaempauta.com\/portal\/wp-content\/uploads\/2025\/05\/IMG_9238-1024x683.jpg 1024w, https:\/\/noticiaempauta.com\/portal\/wp-content\/uploads\/2025\/05\/IMG_9238-300x200.jpg 300w, https:\/\/noticiaempauta.com\/portal\/wp-content\/uploads\/2025\/05\/IMG_9238-768x512.jpg 768w, https:\/\/noticiaempauta.com\/portal\/wp-content\/uploads\/2025\/05\/IMG_9238.jpg 1200w\" sizes=\"(max-width: 1024px) 100vw, 1024px\" \/><\/figure>\n\n\n\n<figure class=\"wp-block-image size-large\"><img loading=\"lazy\" decoding=\"async\" width=\"1024\" height=\"683\" src=\"https:\/\/noticiaempauta.com\/portal\/wp-content\/uploads\/2025\/05\/IMG_9256-1024x683.jpg\" alt=\"\" class=\"wp-image-271713\" srcset=\"https:\/\/noticiaempauta.com\/portal\/wp-content\/uploads\/2025\/05\/IMG_9256-1024x683.jpg 1024w, https:\/\/noticiaempauta.com\/portal\/wp-content\/uploads\/2025\/05\/IMG_9256-300x200.jpg 300w, https:\/\/noticiaempauta.com\/portal\/wp-content\/uploads\/2025\/05\/IMG_9256-768x512.jpg 768w, https:\/\/noticiaempauta.com\/portal\/wp-content\/uploads\/2025\/05\/IMG_9256.jpg 1200w\" sizes=\"(max-width: 1024px) 100vw, 1024px\" \/><\/figure>\n\n\n\n<figure class=\"wp-block-image size-large\"><img loading=\"lazy\" decoding=\"async\" width=\"1024\" height=\"683\" src=\"https:\/\/noticiaempauta.com\/portal\/wp-content\/uploads\/2025\/05\/IMG_9257-1024x683.jpg\" alt=\"\" class=\"wp-image-271714\" srcset=\"https:\/\/noticiaempauta.com\/portal\/wp-content\/uploads\/2025\/05\/IMG_9257-1024x683.jpg 1024w, https:\/\/noticiaempauta.com\/portal\/wp-content\/uploads\/2025\/05\/IMG_9257-300x200.jpg 300w, https:\/\/noticiaempauta.com\/portal\/wp-content\/uploads\/2025\/05\/IMG_9257-768x512.jpg 768w, https:\/\/noticiaempauta.com\/portal\/wp-content\/uploads\/2025\/05\/IMG_9257.jpg 1200w\" sizes=\"(max-width: 1024px) 100vw, 1024px\" \/><\/figure>\n\n\n\n<figure class=\"wp-block-image size-large\"><img loading=\"lazy\" decoding=\"async\" width=\"1024\" height=\"683\" src=\"https:\/\/noticiaempauta.com\/portal\/wp-content\/uploads\/2025\/05\/IMG_9258-1024x683.jpg\" alt=\"\" class=\"wp-image-271715\" srcset=\"https:\/\/noticiaempauta.com\/portal\/wp-content\/uploads\/2025\/05\/IMG_9258-1024x683.jpg 1024w, https:\/\/noticiaempauta.com\/portal\/wp-content\/uploads\/2025\/05\/IMG_9258-300x200.jpg 300w, https:\/\/noticiaempauta.com\/portal\/wp-content\/uploads\/2025\/05\/IMG_9258-768x512.jpg 768w, https:\/\/noticiaempauta.com\/portal\/wp-content\/uploads\/2025\/05\/IMG_9258.jpg 1200w\" sizes=\"(max-width: 1024px) 100vw, 1024px\" \/><\/figure>\n\n\n\n<figure class=\"wp-block-image size-large\"><img loading=\"lazy\" decoding=\"async\" width=\"1024\" height=\"683\" src=\"https:\/\/noticiaempauta.com\/portal\/wp-content\/uploads\/2025\/05\/IMG_9259-1024x683.jpg\" alt=\"\" class=\"wp-image-271716\" srcset=\"https:\/\/noticiaempauta.com\/portal\/wp-content\/uploads\/2025\/05\/IMG_9259-1024x683.jpg 1024w, https:\/\/noticiaempauta.com\/portal\/wp-content\/uploads\/2025\/05\/IMG_9259-300x200.jpg 300w, https:\/\/noticiaempauta.com\/portal\/wp-content\/uploads\/2025\/05\/IMG_9259-768x512.jpg 768w, https:\/\/noticiaempauta.com\/portal\/wp-content\/uploads\/2025\/05\/IMG_9259.jpg 1200w\" sizes=\"(max-width: 1024px) 100vw, 1024px\" \/><\/figure>\n\n\n\n<figure class=\"wp-block-image size-large\"><img loading=\"lazy\" decoding=\"async\" width=\"1024\" height=\"683\" src=\"https:\/\/noticiaempauta.com\/portal\/wp-content\/uploads\/2025\/05\/IMG_9247-1024x683.jpg\" alt=\"\" class=\"wp-image-271717\" srcset=\"https:\/\/noticiaempauta.com\/portal\/wp-content\/uploads\/2025\/05\/IMG_9247-1024x683.jpg 1024w, https:\/\/noticiaempauta.com\/portal\/wp-content\/uploads\/2025\/05\/IMG_9247-300x200.jpg 300w, https:\/\/noticiaempauta.com\/portal\/wp-content\/uploads\/2025\/05\/IMG_9247-768x512.jpg 768w, https:\/\/noticiaempauta.com\/portal\/wp-content\/uploads\/2025\/05\/IMG_9247.jpg 1200w\" sizes=\"(max-width: 1024px) 100vw, 1024px\" \/><\/figure>\n\n\n\n<figure class=\"wp-block-image size-large\"><img loading=\"lazy\" decoding=\"async\" width=\"1024\" height=\"683\" src=\"https:\/\/noticiaempauta.com\/portal\/wp-content\/uploads\/2025\/05\/IMG_9260-1024x683.jpg\" alt=\"\" class=\"wp-image-271718\" srcset=\"https:\/\/noticiaempauta.com\/portal\/wp-content\/uploads\/2025\/05\/IMG_9260-1024x683.jpg 1024w, https:\/\/noticiaempauta.com\/portal\/wp-content\/uploads\/2025\/05\/IMG_9260-300x200.jpg 300w, https:\/\/noticiaempauta.com\/portal\/wp-content\/uploads\/2025\/05\/IMG_9260-768x512.jpg 768w, https:\/\/noticiaempauta.com\/portal\/wp-content\/uploads\/2025\/05\/IMG_9260.jpg 1200w\" sizes=\"(max-width: 1024px) 100vw, 1024px\" \/><\/figure>\n\n\n\n<figure class=\"wp-block-image size-large\"><img loading=\"lazy\" decoding=\"async\" width=\"1024\" height=\"683\" src=\"https:\/\/noticiaempauta.com\/portal\/wp-content\/uploads\/2025\/05\/IMG_9293-1024x683.jpg\" alt=\"\" class=\"wp-image-271719\" srcset=\"https:\/\/noticiaempauta.com\/portal\/wp-content\/uploads\/2025\/05\/IMG_9293-1024x683.jpg 1024w, https:\/\/noticiaempauta.com\/portal\/wp-content\/uploads\/2025\/05\/IMG_9293-300x200.jpg 300w, https:\/\/noticiaempauta.com\/portal\/wp-content\/uploads\/2025\/05\/IMG_9293-768x512.jpg 768w, https:\/\/noticiaempauta.com\/portal\/wp-content\/uploads\/2025\/05\/IMG_9293.jpg 1200w\" sizes=\"(max-width: 1024px) 100vw, 1024px\" \/><\/figure>\n\n\n\n<figure class=\"wp-block-image size-large\"><img loading=\"lazy\" decoding=\"async\" width=\"1024\" height=\"683\" src=\"https:\/\/noticiaempauta.com\/portal\/wp-content\/uploads\/2025\/05\/IMG_9261-1024x683.jpg\" alt=\"\" class=\"wp-image-271720\" srcset=\"https:\/\/noticiaempauta.com\/portal\/wp-content\/uploads\/2025\/05\/IMG_9261-1024x683.jpg 1024w, https:\/\/noticiaempauta.com\/portal\/wp-content\/uploads\/2025\/05\/IMG_9261-300x200.jpg 300w, https:\/\/noticiaempauta.com\/portal\/wp-content\/uploads\/2025\/05\/IMG_9261-768x512.jpg 768w, https:\/\/noticiaempauta.com\/portal\/wp-content\/uploads\/2025\/05\/IMG_9261.jpg 1200w\" sizes=\"(max-width: 1024px) 100vw, 1024px\" \/><\/figure>\n\n\n\n<figure class=\"wp-block-image size-large\"><img loading=\"lazy\" decoding=\"async\" width=\"1024\" height=\"683\" src=\"https:\/\/noticiaempauta.com\/portal\/wp-content\/uploads\/2025\/05\/IMG_9265-1024x683.jpg\" alt=\"\" class=\"wp-image-271721\" srcset=\"https:\/\/noticiaempauta.com\/portal\/wp-content\/uploads\/2025\/05\/IMG_9265-1024x683.jpg 1024w, https:\/\/noticiaempauta.com\/portal\/wp-content\/uploads\/2025\/05\/IMG_9265-300x200.jpg 300w, https:\/\/noticiaempauta.com\/portal\/wp-content\/uploads\/2025\/05\/IMG_9265-768x512.jpg 768w, https:\/\/noticiaempauta.com\/portal\/wp-content\/uploads\/2025\/05\/IMG_9265.jpg 1200w\" sizes=\"(max-width: 1024px) 100vw, 1024px\" \/><\/figure>\n\n\n\n<figure class=\"wp-block-image size-large\"><img loading=\"lazy\" decoding=\"async\" width=\"1024\" height=\"683\" src=\"https:\/\/noticiaempauta.com\/portal\/wp-content\/uploads\/2025\/05\/IMG_9287-1024x683.jpg\" alt=\"\" class=\"wp-image-271722\" srcset=\"https:\/\/noticiaempauta.com\/portal\/wp-content\/uploads\/2025\/05\/IMG_9287-1024x683.jpg 1024w, https:\/\/noticiaempauta.com\/portal\/wp-content\/uploads\/2025\/05\/IMG_9287-300x200.jpg 300w, https:\/\/noticiaempauta.com\/portal\/wp-content\/uploads\/2025\/05\/IMG_9287-768x512.jpg 768w, https:\/\/noticiaempauta.com\/portal\/wp-content\/uploads\/2025\/05\/IMG_9287.jpg 1200w\" sizes=\"(max-width: 1024px) 100vw, 1024px\" \/><\/figure>\n\n\n\n<figure class=\"wp-block-image size-large\"><img loading=\"lazy\" decoding=\"async\" width=\"1024\" height=\"683\" src=\"https:\/\/noticiaempauta.com\/portal\/wp-content\/uploads\/2025\/05\/IMG_9303-1024x683.jpg\" alt=\"\" class=\"wp-image-271723\" srcset=\"https:\/\/noticiaempauta.com\/portal\/wp-content\/uploads\/2025\/05\/IMG_9303-1024x683.jpg 1024w, https:\/\/noticiaempauta.com\/portal\/wp-content\/uploads\/2025\/05\/IMG_9303-300x200.jpg 300w, https:\/\/noticiaempauta.com\/portal\/wp-content\/uploads\/2025\/05\/IMG_9303-768x512.jpg 768w, https:\/\/noticiaempauta.com\/portal\/wp-content\/uploads\/2025\/05\/IMG_9303.jpg 1200w\" sizes=\"(max-width: 1024px) 100vw, 1024px\" \/><\/figure>\n\n\n\n<figure class=\"wp-block-image size-large\"><img loading=\"lazy\" decoding=\"async\" width=\"1024\" height=\"683\" src=\"https:\/\/noticiaempauta.com\/portal\/wp-content\/uploads\/2025\/05\/IMG_9309-1024x683.jpg\" alt=\"\" class=\"wp-image-271724\" srcset=\"https:\/\/noticiaempauta.com\/portal\/wp-content\/uploads\/2025\/05\/IMG_9309-1024x683.jpg 1024w, https:\/\/noticiaempauta.com\/portal\/wp-content\/uploads\/2025\/05\/IMG_9309-300x200.jpg 300w, https:\/\/noticiaempauta.com\/portal\/wp-content\/uploads\/2025\/05\/IMG_9309-768x512.jpg 768w, https:\/\/noticiaempauta.com\/portal\/wp-content\/uploads\/2025\/05\/IMG_9309.jpg 1200w\" sizes=\"(max-width: 1024px) 100vw, 1024px\" \/><\/figure>\n\n\n\n<figure class=\"wp-block-image size-large\"><img loading=\"lazy\" decoding=\"async\" width=\"1024\" height=\"683\" src=\"https:\/\/noticiaempauta.com\/portal\/wp-content\/uploads\/2025\/05\/IMG_9310-1024x683.jpg\" alt=\"\" class=\"wp-image-271725\" srcset=\"https:\/\/noticiaempauta.com\/portal\/wp-content\/uploads\/2025\/05\/IMG_9310-1024x683.jpg 1024w, https:\/\/noticiaempauta.com\/portal\/wp-content\/uploads\/2025\/05\/IMG_9310-300x200.jpg 300w, https:\/\/noticiaempauta.com\/portal\/wp-content\/uploads\/2025\/05\/IMG_9310-768x512.jpg 768w, https:\/\/noticiaempauta.com\/portal\/wp-content\/uploads\/2025\/05\/IMG_9310.jpg 1200w\" sizes=\"(max-width: 1024px) 100vw, 1024px\" \/><\/figure>\n\n\n\n<figure class=\"wp-block-image size-large\"><img loading=\"lazy\" decoding=\"async\" width=\"1024\" height=\"683\" src=\"https:\/\/noticiaempauta.com\/portal\/wp-content\/uploads\/2025\/05\/IMG_9326-1024x683.jpg\" alt=\"\" class=\"wp-image-271726\" srcset=\"https:\/\/noticiaempauta.com\/portal\/wp-content\/uploads\/2025\/05\/IMG_9326-1024x683.jpg 1024w, https:\/\/noticiaempauta.com\/portal\/wp-content\/uploads\/2025\/05\/IMG_9326-300x200.jpg 300w, https:\/\/noticiaempauta.com\/portal\/wp-content\/uploads\/2025\/05\/IMG_9326-768x512.jpg 768w, https:\/\/noticiaempauta.com\/portal\/wp-content\/uploads\/2025\/05\/IMG_9326.jpg 1200w\" sizes=\"(max-width: 1024px) 100vw, 1024px\" \/><\/figure>\n\n\n\n<figure class=\"wp-block-image size-large\"><img loading=\"lazy\" decoding=\"async\" width=\"1024\" height=\"683\" src=\"https:\/\/noticiaempauta.com\/portal\/wp-content\/uploads\/2025\/05\/IMG_9336-1024x683.jpg\" alt=\"\" class=\"wp-image-271727\" srcset=\"https:\/\/noticiaempauta.com\/portal\/wp-content\/uploads\/2025\/05\/IMG_9336-1024x683.jpg 1024w, https:\/\/noticiaempauta.com\/portal\/wp-content\/uploads\/2025\/05\/IMG_9336-300x200.jpg 300w, https:\/\/noticiaempauta.com\/portal\/wp-content\/uploads\/2025\/05\/IMG_9336-768x512.jpg 768w, https:\/\/noticiaempauta.com\/portal\/wp-content\/uploads\/2025\/05\/IMG_9336.jpg 1200w\" sizes=\"(max-width: 1024px) 100vw, 1024px\" \/><\/figure>\n\n\n\n<figure class=\"wp-block-image size-large\"><img loading=\"lazy\" decoding=\"async\" width=\"1024\" height=\"683\" src=\"https:\/\/noticiaempauta.com\/portal\/wp-content\/uploads\/2025\/05\/IMG_9341-1-1024x683.jpg\" alt=\"\" class=\"wp-image-271728\" srcset=\"https:\/\/noticiaempauta.com\/portal\/wp-content\/uploads\/2025\/05\/IMG_9341-1-1024x683.jpg 1024w, https:\/\/noticiaempauta.com\/portal\/wp-content\/uploads\/2025\/05\/IMG_9341-1-300x200.jpg 300w, https:\/\/noticiaempauta.com\/portal\/wp-content\/uploads\/2025\/05\/IMG_9341-1-768x512.jpg 768w, https:\/\/noticiaempauta.com\/portal\/wp-content\/uploads\/2025\/05\/IMG_9341-1.jpg 1200w\" sizes=\"(max-width: 1024px) 100vw, 1024px\" \/><\/figure>\n\n\n\n<figure class=\"wp-block-image size-large\"><img loading=\"lazy\" decoding=\"async\" width=\"1024\" height=\"683\" src=\"https:\/\/noticiaempauta.com\/portal\/wp-content\/uploads\/2025\/05\/IMG_9344-1024x683.jpg\" alt=\"\" class=\"wp-image-271729\" srcset=\"https:\/\/noticiaempauta.com\/portal\/wp-content\/uploads\/2025\/05\/IMG_9344-1024x683.jpg 1024w, https:\/\/noticiaempauta.com\/portal\/wp-content\/uploads\/2025\/05\/IMG_9344-300x200.jpg 300w, https:\/\/noticiaempauta.com\/portal\/wp-content\/uploads\/2025\/05\/IMG_9344-768x512.jpg 768w, https:\/\/noticiaempauta.com\/portal\/wp-content\/uploads\/2025\/05\/IMG_9344.jpg 1200w\" sizes=\"(max-width: 1024px) 100vw, 1024px\" \/><\/figure>\n\n\n\n<figure class=\"wp-block-image size-large\"><img loading=\"lazy\" decoding=\"async\" width=\"1024\" height=\"683\" src=\"https:\/\/noticiaempauta.com\/portal\/wp-content\/uploads\/2025\/05\/IMG_9329-1024x683.jpg\" alt=\"\" class=\"wp-image-271730\" srcset=\"https:\/\/noticiaempauta.com\/portal\/wp-content\/uploads\/2025\/05\/IMG_9329-1024x683.jpg 1024w, https:\/\/noticiaempauta.com\/portal\/wp-content\/uploads\/2025\/05\/IMG_9329-300x200.jpg 300w, https:\/\/noticiaempauta.com\/portal\/wp-content\/uploads\/2025\/05\/IMG_9329-768x512.jpg 768w, https:\/\/noticiaempauta.com\/portal\/wp-content\/uploads\/2025\/05\/IMG_9329.jpg 1200w\" sizes=\"(max-width: 1024px) 100vw, 1024px\" \/><\/figure>\n\n\n\n<figure class=\"wp-block-image size-large\"><img loading=\"lazy\" decoding=\"async\" width=\"1024\" height=\"683\" src=\"https:\/\/noticiaempauta.com\/portal\/wp-content\/uploads\/2025\/05\/IMG_9345-1-1024x683.jpg\" alt=\"\" class=\"wp-image-271731\" srcset=\"https:\/\/noticiaempauta.com\/portal\/wp-content\/uploads\/2025\/05\/IMG_9345-1-1024x683.jpg 1024w, https:\/\/noticiaempauta.com\/portal\/wp-content\/uploads\/2025\/05\/IMG_9345-1-300x200.jpg 300w, https:\/\/noticiaempauta.com\/portal\/wp-content\/uploads\/2025\/05\/IMG_9345-1-768x512.jpg 768w, https:\/\/noticiaempauta.com\/portal\/wp-content\/uploads\/2025\/05\/IMG_9345-1.jpg 1200w\" sizes=\"(max-width: 1024px) 100vw, 1024px\" \/><\/figure>\n\n\n\n<figure class=\"wp-block-image size-large\"><img loading=\"lazy\" decoding=\"async\" width=\"1024\" height=\"683\" src=\"https:\/\/noticiaempauta.com\/portal\/wp-content\/uploads\/2025\/05\/IMG_9367-1024x683.jpg\" alt=\"\" class=\"wp-image-271732\" srcset=\"https:\/\/noticiaempauta.com\/portal\/wp-content\/uploads\/2025\/05\/IMG_9367-1024x683.jpg 1024w, https:\/\/noticiaempauta.com\/portal\/wp-content\/uploads\/2025\/05\/IMG_9367-300x200.jpg 300w, https:\/\/noticiaempauta.com\/portal\/wp-content\/uploads\/2025\/05\/IMG_9367-768x512.jpg 768w, https:\/\/noticiaempauta.com\/portal\/wp-content\/uploads\/2025\/05\/IMG_9367.jpg 1200w\" sizes=\"(max-width: 1024px) 100vw, 1024px\" \/><\/figure>\n\n\n\n<figure class=\"wp-block-image size-large\"><img loading=\"lazy\" decoding=\"async\" width=\"1024\" height=\"683\" src=\"https:\/\/noticiaempauta.com\/portal\/wp-content\/uploads\/2025\/05\/IMG_9374-1024x683.jpg\" alt=\"\" class=\"wp-image-271733\" srcset=\"https:\/\/noticiaempauta.com\/portal\/wp-content\/uploads\/2025\/05\/IMG_9374-1024x683.jpg 1024w, https:\/\/noticiaempauta.com\/portal\/wp-content\/uploads\/2025\/05\/IMG_9374-300x200.jpg 300w, https:\/\/noticiaempauta.com\/portal\/wp-content\/uploads\/2025\/05\/IMG_9374-768x512.jpg 768w, https:\/\/noticiaempauta.com\/portal\/wp-content\/uploads\/2025\/05\/IMG_9374.jpg 1200w\" sizes=\"(max-width: 1024px) 100vw, 1024px\" \/><\/figure>\n\n\n\n<figure class=\"wp-block-image size-large\"><img loading=\"lazy\" decoding=\"async\" width=\"1024\" height=\"683\" src=\"https:\/\/noticiaempauta.com\/portal\/wp-content\/uploads\/2025\/05\/IMG_9390-1024x683.jpg\" alt=\"\" class=\"wp-image-271734\" srcset=\"https:\/\/noticiaempauta.com\/portal\/wp-content\/uploads\/2025\/05\/IMG_9390-1024x683.jpg 1024w, https:\/\/noticiaempauta.com\/portal\/wp-content\/uploads\/2025\/05\/IMG_9390-300x200.jpg 300w, https:\/\/noticiaempauta.com\/portal\/wp-content\/uploads\/2025\/05\/IMG_9390-768x512.jpg 768w, https:\/\/noticiaempauta.com\/portal\/wp-content\/uploads\/2025\/05\/IMG_9390.jpg 1200w\" sizes=\"(max-width: 1024px) 100vw, 1024px\" \/><\/figure>\n\n\n\n<figure class=\"wp-block-image size-large\"><img loading=\"lazy\" decoding=\"async\" width=\"1024\" height=\"683\" src=\"https:\/\/noticiaempauta.com\/portal\/wp-content\/uploads\/2025\/05\/IMG_9382-1024x683.jpg\" alt=\"\" class=\"wp-image-271735\" srcset=\"https:\/\/noticiaempauta.com\/portal\/wp-content\/uploads\/2025\/05\/IMG_9382-1024x683.jpg 1024w, https:\/\/noticiaempauta.com\/portal\/wp-content\/uploads\/2025\/05\/IMG_9382-300x200.jpg 300w, https:\/\/noticiaempauta.com\/portal\/wp-content\/uploads\/2025\/05\/IMG_9382-768x512.jpg 768w, https:\/\/noticiaempauta.com\/portal\/wp-content\/uploads\/2025\/05\/IMG_9382.jpg 1200w\" sizes=\"(max-width: 1024px) 100vw, 1024px\" \/><\/figure>\n\n\n\n<figure class=\"wp-block-image size-large\"><img loading=\"lazy\" decoding=\"async\" width=\"1024\" height=\"683\" src=\"https:\/\/noticiaempauta.com\/portal\/wp-content\/uploads\/2025\/05\/IMG_9355-1024x683.jpg\" alt=\"\" class=\"wp-image-271736\" srcset=\"https:\/\/noticiaempauta.com\/portal\/wp-content\/uploads\/2025\/05\/IMG_9355-1024x683.jpg 1024w, https:\/\/noticiaempauta.com\/portal\/wp-content\/uploads\/2025\/05\/IMG_9355-300x200.jpg 300w, https:\/\/noticiaempauta.com\/portal\/wp-content\/uploads\/2025\/05\/IMG_9355-768x512.jpg 768w, https:\/\/noticiaempauta.com\/portal\/wp-content\/uploads\/2025\/05\/IMG_9355.jpg 1200w\" sizes=\"(max-width: 1024px) 100vw, 1024px\" \/><\/figure>\n\n\n\n<p><\/p>\n","protected":false},"excerpt":{"rendered":"<p>Com o tema &#8220;Envelhecimento Multicultural e Democracia: Urg\u00eancia por Equidade, Direitos e Participa\u00e7\u00e3o&#8221;, Prefeitura de Monsenhor Hip\u00f3lito, atrav\u00e9s do prefeito Djalma Policarpo, e por meio da Secretaria Municipal de Assist\u00eancia Social e Conselho Municipal do Idosos (CMDI), realizaram na tarde\/noite dessa quinta-feira, 15 de maio, a 1\u00ba Confer\u00eancia Municipal dos Direitos da Pessoa Idosa. O [&hellip;]<\/p>\n","protected":false},"author":2,"featured_media":271688,"comment_status":"open","ping_status":"open","sticky":false,"template":"","format":"standard","meta":{"_mi_skip_tracking":false,"footnotes":""},"categories":[25,1,9,8,16],"tags":[192],"class_list":["post-271687","post","type-post","status-publish","format-standard","has-post-thumbnail","hentry","category-destaques-site","category-geral","category-municipios","category-social","category-todas","tag-destaqueprincipal"],"acf":[],"yoast_head":"<!-- This site is optimized with the Yoast SEO Premium plugin v19.2 (Yoast SEO v26.9) - https:\/\/yoast.com\/product\/yoast-seo-premium-wordpress\/ -->\n<title>Prefeitura de Monsenhor Hip\u00f3lito realiza 1\u00ba Confer\u00eancia Municipal dos Direitos da Pessoa Idosa - Portal Not\u00edcia em Pauta<\/title>\n<meta name=\"robots\" content=\"index, follow, max-snippet:-1, max-image-preview:large, max-video-preview:-1\" \/>\n<link rel=\"canonical\" href=\"https:\/\/noticiaempauta.com\/portal\/prefeitura-de-monsenhor-hipolito-realiza-1o-conferencia-municipal-dos-direitos-da-pessoa-idosa\/\" \/>\n<meta property=\"og:locale\" content=\"pt_BR\" \/>\n<meta property=\"og:type\" content=\"article\" \/>\n<meta property=\"og:title\" content=\"Prefeitura de Monsenhor Hip\u00f3lito realiza 1\u00ba Confer\u00eancia Municipal dos Direitos da Pessoa Idosa\" \/>\n<meta property=\"og:description\" content=\"Com o tema &#8220;Envelhecimento Multicultural e Democracia: Urg\u00eancia por Equidade, Direitos e Participa\u00e7\u00e3o&#8221;, Prefeitura de Monsenhor Hip\u00f3lito, atrav\u00e9s do prefeito Djalma Policarpo, e por meio da Secretaria Municipal de Assist\u00eancia Social e Conselho Municipal do Idosos (CMDI), realizaram na tarde\/noite dessa quinta-feira, 15 de maio, a 1\u00ba Confer\u00eancia Municipal dos Direitos da Pessoa Idosa. O [&hellip;]\" \/>\n<meta property=\"og:url\" content=\"https:\/\/noticiaempauta.com\/portal\/prefeitura-de-monsenhor-hipolito-realiza-1o-conferencia-municipal-dos-direitos-da-pessoa-idosa\/\" \/>\n<meta property=\"og:site_name\" content=\"Portal Not\u00edcia em Pauta\" \/>\n<meta property=\"article:publisher\" content=\"https:\/\/www.facebook.com\/Portal-Notcia-Em-Pauta-102292869264820\/\" \/>\n<meta property=\"article:published_time\" content=\"2025-05-16T13:07:43+00:00\" \/>\n<meta property=\"article:modified_time\" content=\"2025-05-16T13:19:27+00:00\" \/>\n<meta property=\"og:image\" content=\"https:\/\/noticiaempauta.com\/portal\/wp-content\/uploads\/2025\/05\/WhatsApp-Image-2025-05-16-at-09.19.53-1.jpeg\" \/>\n\t<meta property=\"og:image:width\" content=\"1280\" \/>\n\t<meta property=\"og:image:height\" content=\"960\" \/>\n\t<meta property=\"og:image:type\" content=\"image\/jpeg\" \/>\n<meta name=\"author\" content=\"Reda\u00e7\u00e3o\" \/>\n<meta name=\"twitter:card\" content=\"summary_large_image\" \/>\n<meta name=\"twitter:label1\" content=\"Escrito por\" \/>\n\t<meta name=\"twitter:data1\" content=\"Reda\u00e7\u00e3o\" \/>\n\t<meta name=\"twitter:label2\" content=\"Est. tempo de leitura\" \/>\n\t<meta name=\"twitter:data2\" content=\"13 minutos\" \/>\n<script type=\"application\/ld+json\" class=\"yoast-schema-graph\">{\"@context\":\"https:\/\/schema.org\",\"@graph\":[{\"@type\":\"Article\",\"@id\":\"https:\/\/noticiaempauta.com\/portal\/prefeitura-de-monsenhor-hipolito-realiza-1o-conferencia-municipal-dos-direitos-da-pessoa-idosa\/#article\",\"isPartOf\":{\"@id\":\"https:\/\/noticiaempauta.com\/portal\/prefeitura-de-monsenhor-hipolito-realiza-1o-conferencia-municipal-dos-direitos-da-pessoa-idosa\/\"},\"author\":{\"name\":\"Reda\u00e7\u00e3o\",\"@id\":\"https:\/\/noticiaempauta.com\/portal\/#\/schema\/person\/a74af43dd1ab3deca45f988c717d57ac\"},\"headline\":\"Prefeitura de Monsenhor Hip\u00f3lito realiza 1\u00ba Confer\u00eancia Municipal dos Direitos da Pessoa Idosa\",\"datePublished\":\"2025-05-16T13:07:43+00:00\",\"dateModified\":\"2025-05-16T13:19:27+00:00\",\"mainEntityOfPage\":{\"@id\":\"https:\/\/noticiaempauta.com\/portal\/prefeitura-de-monsenhor-hipolito-realiza-1o-conferencia-municipal-dos-direitos-da-pessoa-idosa\/\"},\"wordCount\":528,\"commentCount\":0,\"publisher\":{\"@id\":\"https:\/\/noticiaempauta.com\/portal\/#organization\"},\"image\":{\"@id\":\"https:\/\/noticiaempauta.com\/portal\/prefeitura-de-monsenhor-hipolito-realiza-1o-conferencia-municipal-dos-direitos-da-pessoa-idosa\/#primaryimage\"},\"thumbnailUrl\":\"https:\/\/noticiaempauta.com\/portal\/wp-content\/uploads\/2025\/05\/WhatsApp-Image-2025-05-16-at-09.19.53-1.jpeg\",\"keywords\":[\"destaqueprincipal\"],\"articleSection\":[\"Destaques\",\"Geral\",\"Munic\u00edpios\",\"Social\",\"Todas as Not\u00edcias\"],\"inLanguage\":\"pt-BR\",\"potentialAction\":[{\"@type\":\"CommentAction\",\"name\":\"Comment\",\"target\":[\"https:\/\/noticiaempauta.com\/portal\/prefeitura-de-monsenhor-hipolito-realiza-1o-conferencia-municipal-dos-direitos-da-pessoa-idosa\/#respond\"]}]},{\"@type\":\"WebPage\",\"@id\":\"https:\/\/noticiaempauta.com\/portal\/prefeitura-de-monsenhor-hipolito-realiza-1o-conferencia-municipal-dos-direitos-da-pessoa-idosa\/\",\"url\":\"https:\/\/noticiaempauta.com\/portal\/prefeitura-de-monsenhor-hipolito-realiza-1o-conferencia-municipal-dos-direitos-da-pessoa-idosa\/\",\"name\":\"Prefeitura de Monsenhor Hip\u00f3lito realiza 1\u00ba Confer\u00eancia Municipal dos Direitos da Pessoa Idosa - Portal Not\u00edcia em Pauta\",\"isPartOf\":{\"@id\":\"https:\/\/noticiaempauta.com\/portal\/#website\"},\"primaryImageOfPage\":{\"@id\":\"https:\/\/noticiaempauta.com\/portal\/prefeitura-de-monsenhor-hipolito-realiza-1o-conferencia-municipal-dos-direitos-da-pessoa-idosa\/#primaryimage\"},\"image\":{\"@id\":\"https:\/\/noticiaempauta.com\/portal\/prefeitura-de-monsenhor-hipolito-realiza-1o-conferencia-municipal-dos-direitos-da-pessoa-idosa\/#primaryimage\"},\"thumbnailUrl\":\"https:\/\/noticiaempauta.com\/portal\/wp-content\/uploads\/2025\/05\/WhatsApp-Image-2025-05-16-at-09.19.53-1.jpeg\",\"datePublished\":\"2025-05-16T13:07:43+00:00\",\"dateModified\":\"2025-05-16T13:19:27+00:00\",\"breadcrumb\":{\"@id\":\"https:\/\/noticiaempauta.com\/portal\/prefeitura-de-monsenhor-hipolito-realiza-1o-conferencia-municipal-dos-direitos-da-pessoa-idosa\/#breadcrumb\"},\"inLanguage\":\"pt-BR\",\"potentialAction\":[{\"@type\":\"ReadAction\",\"target\":[\"https:\/\/noticiaempauta.com\/portal\/prefeitura-de-monsenhor-hipolito-realiza-1o-conferencia-municipal-dos-direitos-da-pessoa-idosa\/\"]}]},{\"@type\":\"ImageObject\",\"inLanguage\":\"pt-BR\",\"@id\":\"https:\/\/noticiaempauta.com\/portal\/prefeitura-de-monsenhor-hipolito-realiza-1o-conferencia-municipal-dos-direitos-da-pessoa-idosa\/#primaryimage\",\"url\":\"https:\/\/noticiaempauta.com\/portal\/wp-content\/uploads\/2025\/05\/WhatsApp-Image-2025-05-16-at-09.19.53-1.jpeg\",\"contentUrl\":\"https:\/\/noticiaempauta.com\/portal\/wp-content\/uploads\/2025\/05\/WhatsApp-Image-2025-05-16-at-09.19.53-1.jpeg\",\"width\":1280,\"height\":960},{\"@type\":\"BreadcrumbList\",\"@id\":\"https:\/\/noticiaempauta.com\/portal\/prefeitura-de-monsenhor-hipolito-realiza-1o-conferencia-municipal-dos-direitos-da-pessoa-idosa\/#breadcrumb\",\"itemListElement\":[{\"@type\":\"ListItem\",\"position\":1,\"name\":\"P\u00e1gina Inicial\",\"item\":\"https:\/\/noticiaempauta.com\/portal\/\"},{\"@type\":\"ListItem\",\"position\":2,\"name\":\"Destaques\",\"item\":\"https:\/\/noticiaempauta.com\/portal\/destaques-site\/\"},{\"@type\":\"ListItem\",\"position\":3,\"name\":\"Prefeitura de Monsenhor Hip\u00f3lito realiza 1\u00ba Confer\u00eancia Municipal dos Direitos da Pessoa Idosa\"}]},{\"@type\":\"WebSite\",\"@id\":\"https:\/\/noticiaempauta.com\/portal\/#website\",\"url\":\"https:\/\/noticiaempauta.com\/portal\/\",\"name\":\"Portal Not\u00edcia em Pauta\",\"description\":\"Voc\u00ea bem informado\",\"publisher\":{\"@id\":\"https:\/\/noticiaempauta.com\/portal\/#organization\"},\"potentialAction\":[{\"@type\":\"SearchAction\",\"target\":{\"@type\":\"EntryPoint\",\"urlTemplate\":\"https:\/\/noticiaempauta.com\/portal\/?s={search_term_string}\"},\"query-input\":{\"@type\":\"PropertyValueSpecification\",\"valueRequired\":true,\"valueName\":\"search_term_string\"}}],\"inLanguage\":\"pt-BR\"},{\"@type\":\"Organization\",\"@id\":\"https:\/\/noticiaempauta.com\/portal\/#organization\",\"name\":\"Portal Not\u00edcia em Pauta\",\"url\":\"https:\/\/noticiaempauta.com\/portal\/\",\"logo\":{\"@type\":\"ImageObject\",\"inLanguage\":\"pt-BR\",\"@id\":\"https:\/\/noticiaempauta.com\/portal\/#\/schema\/logo\/image\/\",\"url\":\"https:\/\/noticiaempauta.com\/portal\/wp-content\/uploads\/2022\/08\/logomarca_tema.fw_.png\",\"contentUrl\":\"https:\/\/noticiaempauta.com\/portal\/wp-content\/uploads\/2022\/08\/logomarca_tema.fw_.png\",\"width\":400,\"height\":232,\"caption\":\"Portal Not\u00edcia em Pauta\"},\"image\":{\"@id\":\"https:\/\/noticiaempauta.com\/portal\/#\/schema\/logo\/image\/\"},\"sameAs\":[\"https:\/\/www.facebook.com\/Portal-Notcia-Em-Pauta-102292869264820\/\",\"https:\/\/www.instagram.com\/portalnoticiaempauta\/\"]},{\"@type\":\"Person\",\"@id\":\"https:\/\/noticiaempauta.com\/portal\/#\/schema\/person\/a74af43dd1ab3deca45f988c717d57ac\",\"name\":\"Reda\u00e7\u00e3o\",\"image\":{\"@type\":\"ImageObject\",\"inLanguage\":\"pt-BR\",\"@id\":\"https:\/\/noticiaempauta.com\/portal\/#\/schema\/person\/image\/\",\"url\":\"https:\/\/secure.gravatar.com\/avatar\/03179346ecce6cdfc13361603e8f54242a90e5cde8618fa23c5c00aa2b0aadf3?s=96&d=mm&r=g\",\"contentUrl\":\"https:\/\/secure.gravatar.com\/avatar\/03179346ecce6cdfc13361603e8f54242a90e5cde8618fa23c5c00aa2b0aadf3?s=96&d=mm&r=g\",\"caption\":\"Reda\u00e7\u00e3o\"},\"sameAs\":[\"https:\/\/noticiaempauta.com\/portal\/\"],\"url\":\"https:\/\/noticiaempauta.com\/portal\/author\/fernando\/\"}]}<\/script>\n<!-- \/ Yoast SEO Premium plugin. -->","yoast_head_json":{"title":"Prefeitura de Monsenhor Hip\u00f3lito realiza 1\u00ba Confer\u00eancia Municipal dos Direitos da Pessoa Idosa - Portal Not\u00edcia em Pauta","robots":{"index":"index","follow":"follow","max-snippet":"max-snippet:-1","max-image-preview":"max-image-preview:large","max-video-preview":"max-video-preview:-1"},"canonical":"https:\/\/noticiaempauta.com\/portal\/prefeitura-de-monsenhor-hipolito-realiza-1o-conferencia-municipal-dos-direitos-da-pessoa-idosa\/","og_locale":"pt_BR","og_type":"article","og_title":"Prefeitura de Monsenhor Hip\u00f3lito realiza 1\u00ba Confer\u00eancia Municipal dos Direitos da Pessoa Idosa","og_description":"Com o tema &#8220;Envelhecimento Multicultural e Democracia: Urg\u00eancia por Equidade, Direitos e Participa\u00e7\u00e3o&#8221;, Prefeitura de Monsenhor Hip\u00f3lito, atrav\u00e9s do prefeito Djalma Policarpo, e por meio da Secretaria Municipal de Assist\u00eancia Social e Conselho Municipal do Idosos (CMDI), realizaram na tarde\/noite dessa quinta-feira, 15 de maio, a 1\u00ba Confer\u00eancia Municipal dos Direitos da Pessoa Idosa. O [&hellip;]","og_url":"https:\/\/noticiaempauta.com\/portal\/prefeitura-de-monsenhor-hipolito-realiza-1o-conferencia-municipal-dos-direitos-da-pessoa-idosa\/","og_site_name":"Portal Not\u00edcia em Pauta","article_publisher":"https:\/\/www.facebook.com\/Portal-Notcia-Em-Pauta-102292869264820\/","article_published_time":"2025-05-16T13:07:43+00:00","article_modified_time":"2025-05-16T13:19:27+00:00","og_image":[{"width":1280,"height":960,"url":"https:\/\/noticiaempauta.com\/portal\/wp-content\/uploads\/2025\/05\/WhatsApp-Image-2025-05-16-at-09.19.53-1.jpeg","type":"image\/jpeg"}],"author":"Reda\u00e7\u00e3o","twitter_card":"summary_large_image","twitter_misc":{"Escrito por":"Reda\u00e7\u00e3o","Est. tempo de leitura":"13 minutos"},"schema":{"@context":"https:\/\/schema.org","@graph":[{"@type":"Article","@id":"https:\/\/noticiaempauta.com\/portal\/prefeitura-de-monsenhor-hipolito-realiza-1o-conferencia-municipal-dos-direitos-da-pessoa-idosa\/#article","isPartOf":{"@id":"https:\/\/noticiaempauta.com\/portal\/prefeitura-de-monsenhor-hipolito-realiza-1o-conferencia-municipal-dos-direitos-da-pessoa-idosa\/"},"author":{"name":"Reda\u00e7\u00e3o","@id":"https:\/\/noticiaempauta.com\/portal\/#\/schema\/person\/a74af43dd1ab3deca45f988c717d57ac"},"headline":"Prefeitura de Monsenhor Hip\u00f3lito realiza 1\u00ba Confer\u00eancia Municipal dos Direitos da Pessoa Idosa","datePublished":"2025-05-16T13:07:43+00:00","dateModified":"2025-05-16T13:19:27+00:00","mainEntityOfPage":{"@id":"https:\/\/noticiaempauta.com\/portal\/prefeitura-de-monsenhor-hipolito-realiza-1o-conferencia-municipal-dos-direitos-da-pessoa-idosa\/"},"wordCount":528,"commentCount":0,"publisher":{"@id":"https:\/\/noticiaempauta.com\/portal\/#organization"},"image":{"@id":"https:\/\/noticiaempauta.com\/portal\/prefeitura-de-monsenhor-hipolito-realiza-1o-conferencia-municipal-dos-direitos-da-pessoa-idosa\/#primaryimage"},"thumbnailUrl":"https:\/\/noticiaempauta.com\/portal\/wp-content\/uploads\/2025\/05\/WhatsApp-Image-2025-05-16-at-09.19.53-1.jpeg","keywords":["destaqueprincipal"],"articleSection":["Destaques","Geral","Munic\u00edpios","Social","Todas as Not\u00edcias"],"inLanguage":"pt-BR","potentialAction":[{"@type":"CommentAction","name":"Comment","target":["https:\/\/noticiaempauta.com\/portal\/prefeitura-de-monsenhor-hipolito-realiza-1o-conferencia-municipal-dos-direitos-da-pessoa-idosa\/#respond"]}]},{"@type":"WebPage","@id":"https:\/\/noticiaempauta.com\/portal\/prefeitura-de-monsenhor-hipolito-realiza-1o-conferencia-municipal-dos-direitos-da-pessoa-idosa\/","url":"https:\/\/noticiaempauta.com\/portal\/prefeitura-de-monsenhor-hipolito-realiza-1o-conferencia-municipal-dos-direitos-da-pessoa-idosa\/","name":"Prefeitura de Monsenhor Hip\u00f3lito realiza 1\u00ba Confer\u00eancia Municipal dos Direitos da Pessoa Idosa - Portal Not\u00edcia em Pauta","isPartOf":{"@id":"https:\/\/noticiaempauta.com\/portal\/#website"},"primaryImageOfPage":{"@id":"https:\/\/noticiaempauta.com\/portal\/prefeitura-de-monsenhor-hipolito-realiza-1o-conferencia-municipal-dos-direitos-da-pessoa-idosa\/#primaryimage"},"image":{"@id":"https:\/\/noticiaempauta.com\/portal\/prefeitura-de-monsenhor-hipolito-realiza-1o-conferencia-municipal-dos-direitos-da-pessoa-idosa\/#primaryimage"},"thumbnailUrl":"https:\/\/noticiaempauta.com\/portal\/wp-content\/uploads\/2025\/05\/WhatsApp-Image-2025-05-16-at-09.19.53-1.jpeg","datePublished":"2025-05-16T13:07:43+00:00","dateModified":"2025-05-16T13:19:27+00:00","breadcrumb":{"@id":"https:\/\/noticiaempauta.com\/portal\/prefeitura-de-monsenhor-hipolito-realiza-1o-conferencia-municipal-dos-direitos-da-pessoa-idosa\/#breadcrumb"},"inLanguage":"pt-BR","potentialAction":[{"@type":"ReadAction","target":["https:\/\/noticiaempauta.com\/portal\/prefeitura-de-monsenhor-hipolito-realiza-1o-conferencia-municipal-dos-direitos-da-pessoa-idosa\/"]}]},{"@type":"ImageObject","inLanguage":"pt-BR","@id":"https:\/\/noticiaempauta.com\/portal\/prefeitura-de-monsenhor-hipolito-realiza-1o-conferencia-municipal-dos-direitos-da-pessoa-idosa\/#primaryimage","url":"https:\/\/noticiaempauta.com\/portal\/wp-content\/uploads\/2025\/05\/WhatsApp-Image-2025-05-16-at-09.19.53-1.jpeg","contentUrl":"https:\/\/noticiaempauta.com\/portal\/wp-content\/uploads\/2025\/05\/WhatsApp-Image-2025-05-16-at-09.19.53-1.jpeg","width":1280,"height":960},{"@type":"BreadcrumbList","@id":"https:\/\/noticiaempauta.com\/portal\/prefeitura-de-monsenhor-hipolito-realiza-1o-conferencia-municipal-dos-direitos-da-pessoa-idosa\/#breadcrumb","itemListElement":[{"@type":"ListItem","position":1,"name":"P\u00e1gina Inicial","item":"https:\/\/noticiaempauta.com\/portal\/"},{"@type":"ListItem","position":2,"name":"Destaques","item":"https:\/\/noticiaempauta.com\/portal\/destaques-site\/"},{"@type":"ListItem","position":3,"name":"Prefeitura de Monsenhor Hip\u00f3lito realiza 1\u00ba Confer\u00eancia Municipal dos Direitos da Pessoa Idosa"}]},{"@type":"WebSite","@id":"https:\/\/noticiaempauta.com\/portal\/#website","url":"https:\/\/noticiaempauta.com\/portal\/","name":"Portal Not\u00edcia em Pauta","description":"Voc\u00ea bem informado","publisher":{"@id":"https:\/\/noticiaempauta.com\/portal\/#organization"},"potentialAction":[{"@type":"SearchAction","target":{"@type":"EntryPoint","urlTemplate":"https:\/\/noticiaempauta.com\/portal\/?s={search_term_string}"},"query-input":{"@type":"PropertyValueSpecification","valueRequired":true,"valueName":"search_term_string"}}],"inLanguage":"pt-BR"},{"@type":"Organization","@id":"https:\/\/noticiaempauta.com\/portal\/#organization","name":"Portal Not\u00edcia em Pauta","url":"https:\/\/noticiaempauta.com\/portal\/","logo":{"@type":"ImageObject","inLanguage":"pt-BR","@id":"https:\/\/noticiaempauta.com\/portal\/#\/schema\/logo\/image\/","url":"https:\/\/noticiaempauta.com\/portal\/wp-content\/uploads\/2022\/08\/logomarca_tema.fw_.png","contentUrl":"https:\/\/noticiaempauta.com\/portal\/wp-content\/uploads\/2022\/08\/logomarca_tema.fw_.png","width":400,"height":232,"caption":"Portal Not\u00edcia em Pauta"},"image":{"@id":"https:\/\/noticiaempauta.com\/portal\/#\/schema\/logo\/image\/"},"sameAs":["https:\/\/www.facebook.com\/Portal-Notcia-Em-Pauta-102292869264820\/","https:\/\/www.instagram.com\/portalnoticiaempauta\/"]},{"@type":"Person","@id":"https:\/\/noticiaempauta.com\/portal\/#\/schema\/person\/a74af43dd1ab3deca45f988c717d57ac","name":"Reda\u00e7\u00e3o","image":{"@type":"ImageObject","inLanguage":"pt-BR","@id":"https:\/\/noticiaempauta.com\/portal\/#\/schema\/person\/image\/","url":"https:\/\/secure.gravatar.com\/avatar\/03179346ecce6cdfc13361603e8f54242a90e5cde8618fa23c5c00aa2b0aadf3?s=96&d=mm&r=g","contentUrl":"https:\/\/secure.gravatar.com\/avatar\/03179346ecce6cdfc13361603e8f54242a90e5cde8618fa23c5c00aa2b0aadf3?s=96&d=mm&r=g","caption":"Reda\u00e7\u00e3o"},"sameAs":["https:\/\/noticiaempauta.com\/portal\/"],"url":"https:\/\/noticiaempauta.com\/portal\/author\/fernando\/"}]}},"_links":{"self":[{"href":"https:\/\/noticiaempauta.com\/portal\/wp-json\/wp\/v2\/posts\/271687","targetHints":{"allow":["GET"]}}],"collection":[{"href":"https:\/\/noticiaempauta.com\/portal\/wp-json\/wp\/v2\/posts"}],"about":[{"href":"https:\/\/noticiaempauta.com\/portal\/wp-json\/wp\/v2\/types\/post"}],"author":[{"embeddable":true,"href":"https:\/\/noticiaempauta.com\/portal\/wp-json\/wp\/v2\/users\/2"}],"replies":[{"embeddable":true,"href":"https:\/\/noticiaempauta.com\/portal\/wp-json\/wp\/v2\/comments?post=271687"}],"version-history":[{"count":3,"href":"https:\/\/noticiaempauta.com\/portal\/wp-json\/wp\/v2\/posts\/271687\/revisions"}],"predecessor-version":[{"id":271739,"href":"https:\/\/noticiaempauta.com\/portal\/wp-json\/wp\/v2\/posts\/271687\/revisions\/271739"}],"wp:featuredmedia":[{"embeddable":true,"href":"https:\/\/noticiaempauta.com\/portal\/wp-json\/wp\/v2\/media\/271688"}],"wp:attachment":[{"href":"https:\/\/noticiaempauta.com\/portal\/wp-json\/wp\/v2\/media?parent=271687"}],"wp:term":[{"taxonomy":"category","embeddable":true,"href":"https:\/\/noticiaempauta.com\/portal\/wp-json\/wp\/v2\/categories?post=271687"},{"taxonomy":"post_tag","embeddable":true,"href":"https:\/\/noticiaempauta.com\/portal\/wp-json\/wp\/v2\/tags?post=271687"}],"curies":[{"name":"wp","href":"https:\/\/api.w.org\/{rel}","templated":true}]}}