{"id":271740,"date":"2025-05-16T10:21:32","date_gmt":"2025-05-16T13:21:32","guid":{"rendered":"https:\/\/noticiaempauta.com\/portal\/?p=271740"},"modified":"2025-05-16T10:59:55","modified_gmt":"2025-05-16T13:59:55","slug":"lider-do-bonde-dos-40-e-preso-enquanto-acompanhava-mulher-na-maternidade-em-teresina","status":"publish","type":"post","link":"https:\/\/noticiaempauta.com\/portal\/lider-do-bonde-dos-40-e-preso-enquanto-acompanhava-mulher-na-maternidade-em-teresina\/","title":{"rendered":"L\u00edder do Bonde dos 40 \u00e9 preso enquanto acompanhava mulher na maternidade em Teresina"},"content":{"rendered":"\n<p>O\u00a0<strong>Departamento Estadual de Repress\u00e3o ao Narcotr\u00e1fico (DENARC)<\/strong>\u00a0prendeu, na noite de quinta-feira (15), em Teresina, um\u00a0<strong>homem identificado pelas iniciais E.W. da S<\/strong>., de 35 anos, suspeito de ser uma das principais lideran\u00e7as da fac\u00e7\u00e3o criminosa Bonde dos 40.\u00a0<\/p>\n\n\n\n<p>Ele foi detido dentro de uma maternidade na zona sul da cidade, enquanto acompanhava a companheira em trabalho de parto.<\/p>\n\n\n\n<h2 class=\"wp-block-heading\">O QUE DISSE O DELEGADO<\/h2>\n\n\n\n<p><strong>Conforme o delegado Samuel Silveira, coordenador do DENARC<\/strong>, o suspeito \u00e9 considerado um dos chefes do grupo em Teresina e atuava no comando do tr\u00e1fico de drogas, principalmente de coca\u00edna, na capital.<\/p>\n\n\n\n<p>&#8220;Uma das maiores lideran\u00e7as do tr\u00e1fico de drogas, sobretudo na distribui\u00e7\u00e3o de coca\u00edna aqui na capital, vinculada a fac\u00e7\u00e3o Bonde dos 40 foi preso em uma maternidade. Ele, que j\u00e1 respondia a seis processos judiciais por tr\u00e1fico de drogas e que se encontrava foragido,&#8221; disse o delegado.\u00a0<\/p>\n\n\n\n<p>A opera\u00e7\u00e3o do DENARC contou com o apoio de policiais civis da 8\u00aa Delegacia Seccional \u2013 Divis\u00e3o 1. E.W. da S. j\u00e1 responde a seis processos por tr\u00e1fico de drogas e tem uma condena\u00e7\u00e3o de 8 anos de pris\u00e3o em regime fechado pelos crimes de tr\u00e1fico e associa\u00e7\u00e3o para o tr\u00e1fico.<\/p>\n\n\n\n<p>Fonte: Meio News<\/p>\n","protected":false},"excerpt":{"rendered":"<p>O\u00a0Departamento Estadual de Repress\u00e3o ao Narcotr\u00e1fico (DENARC)\u00a0prendeu, na noite de quinta-feira (15), em Teresina, um\u00a0homem identificado pelas iniciais E.W. da S., de 35 anos, suspeito de ser uma das principais lideran\u00e7as da fac\u00e7\u00e3o criminosa Bonde dos 40.\u00a0 Ele foi detido dentro de uma maternidade na zona sul da cidade, enquanto acompanhava a companheira em trabalho [&hellip;]<\/p>\n","protected":false},"author":2,"featured_media":241822,"comment_status":"open","ping_status":"open","sticky":false,"template":"","format":"standard","meta":{"_mi_skip_tracking":false,"footnotes":""},"categories":[25,1,137,16],"tags":[192],"class_list":["post-271740","post","type-post","status-publish","format-standard","has-post-thumbnail","hentry","category-destaques-site","category-geral","category-policia","category-todas","tag-destaqueprincipal"],"acf":[],"yoast_head":"<!-- This site is optimized with the Yoast SEO Premium plugin v19.2 (Yoast SEO v26.9) - https:\/\/yoast.com\/product\/yoast-seo-premium-wordpress\/ -->\n<title>L\u00edder do Bonde dos 40 \u00e9 preso enquanto acompanhava mulher na maternidade em Teresina - Portal Not\u00edcia em Pauta<\/title>\n<meta name=\"robots\" content=\"index, follow, max-snippet:-1, max-image-preview:large, max-video-preview:-1\" \/>\n<link rel=\"canonical\" href=\"https:\/\/noticiaempauta.com\/portal\/lider-do-bonde-dos-40-e-preso-enquanto-acompanhava-mulher-na-maternidade-em-teresina\/\" \/>\n<meta property=\"og:locale\" content=\"pt_BR\" \/>\n<meta property=\"og:type\" content=\"article\" \/>\n<meta property=\"og:title\" content=\"L\u00edder do Bonde dos 40 \u00e9 preso enquanto acompanhava mulher na maternidade em Teresina\" \/>\n<meta property=\"og:description\" content=\"O\u00a0Departamento Estadual de Repress\u00e3o ao Narcotr\u00e1fico (DENARC)\u00a0prendeu, na noite de quinta-feira (15), em Teresina, um\u00a0homem identificado pelas iniciais E.W. da S., de 35 anos, suspeito de ser uma das principais lideran\u00e7as da fac\u00e7\u00e3o criminosa Bonde dos 40.\u00a0 Ele foi detido dentro de uma maternidade na zona sul da cidade, enquanto acompanhava a companheira em trabalho [&hellip;]\" \/>\n<meta property=\"og:url\" content=\"https:\/\/noticiaempauta.com\/portal\/lider-do-bonde-dos-40-e-preso-enquanto-acompanhava-mulher-na-maternidade-em-teresina\/\" \/>\n<meta property=\"og:site_name\" content=\"Portal Not\u00edcia em Pauta\" \/>\n<meta property=\"article:publisher\" content=\"https:\/\/www.facebook.com\/Portal-Notcia-Em-Pauta-102292869264820\/\" \/>\n<meta property=\"article:published_time\" content=\"2025-05-16T13:21:32+00:00\" \/>\n<meta property=\"article:modified_time\" content=\"2025-05-16T13:59:55+00:00\" \/>\n<meta property=\"og:image\" content=\"https:\/\/noticiaempauta.com\/portal\/wp-content\/uploads\/2022\/10\/algemado-acusado-de-estupro1473721977.jpg\" \/>\n\t<meta property=\"og:image:width\" content=\"1024\" \/>\n\t<meta property=\"og:image:height\" content=\"595\" \/>\n\t<meta property=\"og:image:type\" content=\"image\/jpeg\" \/>\n<meta name=\"author\" content=\"Reda\u00e7\u00e3o\" \/>\n<meta name=\"twitter:card\" content=\"summary_large_image\" \/>\n<meta name=\"twitter:label1\" content=\"Escrito por\" \/>\n\t<meta name=\"twitter:data1\" content=\"Reda\u00e7\u00e3o\" \/>\n\t<meta name=\"twitter:label2\" content=\"Est. tempo de leitura\" \/>\n\t<meta name=\"twitter:data2\" content=\"2 minutos\" \/>\n<script type=\"application\/ld+json\" class=\"yoast-schema-graph\">{\"@context\":\"https:\/\/schema.org\",\"@graph\":[{\"@type\":\"Article\",\"@id\":\"https:\/\/noticiaempauta.com\/portal\/lider-do-bonde-dos-40-e-preso-enquanto-acompanhava-mulher-na-maternidade-em-teresina\/#article\",\"isPartOf\":{\"@id\":\"https:\/\/noticiaempauta.com\/portal\/lider-do-bonde-dos-40-e-preso-enquanto-acompanhava-mulher-na-maternidade-em-teresina\/\"},\"author\":{\"name\":\"Reda\u00e7\u00e3o\",\"@id\":\"https:\/\/noticiaempauta.com\/portal\/#\/schema\/person\/a74af43dd1ab3deca45f988c717d57ac\"},\"headline\":\"L\u00edder do Bonde dos 40 \u00e9 preso enquanto acompanhava mulher na maternidade em Teresina\",\"datePublished\":\"2025-05-16T13:21:32+00:00\",\"dateModified\":\"2025-05-16T13:59:55+00:00\",\"mainEntityOfPage\":{\"@id\":\"https:\/\/noticiaempauta.com\/portal\/lider-do-bonde-dos-40-e-preso-enquanto-acompanhava-mulher-na-maternidade-em-teresina\/\"},\"wordCount\":224,\"commentCount\":0,\"publisher\":{\"@id\":\"https:\/\/noticiaempauta.com\/portal\/#organization\"},\"image\":{\"@id\":\"https:\/\/noticiaempauta.com\/portal\/lider-do-bonde-dos-40-e-preso-enquanto-acompanhava-mulher-na-maternidade-em-teresina\/#primaryimage\"},\"thumbnailUrl\":\"https:\/\/noticiaempauta.com\/portal\/wp-content\/uploads\/2022\/10\/algemado-acusado-de-estupro1473721977.jpg\",\"keywords\":[\"destaqueprincipal\"],\"articleSection\":[\"Destaques\",\"Geral\",\"Pol\u00edcia\",\"Todas as Not\u00edcias\"],\"inLanguage\":\"pt-BR\",\"potentialAction\":[{\"@type\":\"CommentAction\",\"name\":\"Comment\",\"target\":[\"https:\/\/noticiaempauta.com\/portal\/lider-do-bonde-dos-40-e-preso-enquanto-acompanhava-mulher-na-maternidade-em-teresina\/#respond\"]}]},{\"@type\":\"WebPage\",\"@id\":\"https:\/\/noticiaempauta.com\/portal\/lider-do-bonde-dos-40-e-preso-enquanto-acompanhava-mulher-na-maternidade-em-teresina\/\",\"url\":\"https:\/\/noticiaempauta.com\/portal\/lider-do-bonde-dos-40-e-preso-enquanto-acompanhava-mulher-na-maternidade-em-teresina\/\",\"name\":\"L\u00edder do Bonde dos 40 \u00e9 preso enquanto acompanhava mulher na maternidade em Teresina - Portal Not\u00edcia em Pauta\",\"isPartOf\":{\"@id\":\"https:\/\/noticiaempauta.com\/portal\/#website\"},\"primaryImageOfPage\":{\"@id\":\"https:\/\/noticiaempauta.com\/portal\/lider-do-bonde-dos-40-e-preso-enquanto-acompanhava-mulher-na-maternidade-em-teresina\/#primaryimage\"},\"image\":{\"@id\":\"https:\/\/noticiaempauta.com\/portal\/lider-do-bonde-dos-40-e-preso-enquanto-acompanhava-mulher-na-maternidade-em-teresina\/#primaryimage\"},\"thumbnailUrl\":\"https:\/\/noticiaempauta.com\/portal\/wp-content\/uploads\/2022\/10\/algemado-acusado-de-estupro1473721977.jpg\",\"datePublished\":\"2025-05-16T13:21:32+00:00\",\"dateModified\":\"2025-05-16T13:59:55+00:00\",\"breadcrumb\":{\"@id\":\"https:\/\/noticiaempauta.com\/portal\/lider-do-bonde-dos-40-e-preso-enquanto-acompanhava-mulher-na-maternidade-em-teresina\/#breadcrumb\"},\"inLanguage\":\"pt-BR\",\"potentialAction\":[{\"@type\":\"ReadAction\",\"target\":[\"https:\/\/noticiaempauta.com\/portal\/lider-do-bonde-dos-40-e-preso-enquanto-acompanhava-mulher-na-maternidade-em-teresina\/\"]}]},{\"@type\":\"ImageObject\",\"inLanguage\":\"pt-BR\",\"@id\":\"https:\/\/noticiaempauta.com\/portal\/lider-do-bonde-dos-40-e-preso-enquanto-acompanhava-mulher-na-maternidade-em-teresina\/#primaryimage\",\"url\":\"https:\/\/noticiaempauta.com\/portal\/wp-content\/uploads\/2022\/10\/algemado-acusado-de-estupro1473721977.jpg\",\"contentUrl\":\"https:\/\/noticiaempauta.com\/portal\/wp-content\/uploads\/2022\/10\/algemado-acusado-de-estupro1473721977.jpg\",\"width\":1024,\"height\":595},{\"@type\":\"BreadcrumbList\",\"@id\":\"https:\/\/noticiaempauta.com\/portal\/lider-do-bonde-dos-40-e-preso-enquanto-acompanhava-mulher-na-maternidade-em-teresina\/#breadcrumb\",\"itemListElement\":[{\"@type\":\"ListItem\",\"position\":1,\"name\":\"P\u00e1gina Inicial\",\"item\":\"https:\/\/noticiaempauta.com\/portal\/\"},{\"@type\":\"ListItem\",\"position\":2,\"name\":\"Destaques\",\"item\":\"https:\/\/noticiaempauta.com\/portal\/destaques-site\/\"},{\"@type\":\"ListItem\",\"position\":3,\"name\":\"L\u00edder do Bonde dos 40 \u00e9 preso enquanto acompanhava mulher na maternidade em Teresina\"}]},{\"@type\":\"WebSite\",\"@id\":\"https:\/\/noticiaempauta.com\/portal\/#website\",\"url\":\"https:\/\/noticiaempauta.com\/portal\/\",\"name\":\"Portal Not\u00edcia em Pauta\",\"description\":\"Voc\u00ea bem informado\",\"publisher\":{\"@id\":\"https:\/\/noticiaempauta.com\/portal\/#organization\"},\"potentialAction\":[{\"@type\":\"SearchAction\",\"target\":{\"@type\":\"EntryPoint\",\"urlTemplate\":\"https:\/\/noticiaempauta.com\/portal\/?s={search_term_string}\"},\"query-input\":{\"@type\":\"PropertyValueSpecification\",\"valueRequired\":true,\"valueName\":\"search_term_string\"}}],\"inLanguage\":\"pt-BR\"},{\"@type\":\"Organization\",\"@id\":\"https:\/\/noticiaempauta.com\/portal\/#organization\",\"name\":\"Portal Not\u00edcia em Pauta\",\"url\":\"https:\/\/noticiaempauta.com\/portal\/\",\"logo\":{\"@type\":\"ImageObject\",\"inLanguage\":\"pt-BR\",\"@id\":\"https:\/\/noticiaempauta.com\/portal\/#\/schema\/logo\/image\/\",\"url\":\"https:\/\/noticiaempauta.com\/portal\/wp-content\/uploads\/2022\/08\/logomarca_tema.fw_.png\",\"contentUrl\":\"https:\/\/noticiaempauta.com\/portal\/wp-content\/uploads\/2022\/08\/logomarca_tema.fw_.png\",\"width\":400,\"height\":232,\"caption\":\"Portal Not\u00edcia em Pauta\"},\"image\":{\"@id\":\"https:\/\/noticiaempauta.com\/portal\/#\/schema\/logo\/image\/\"},\"sameAs\":[\"https:\/\/www.facebook.com\/Portal-Notcia-Em-Pauta-102292869264820\/\",\"https:\/\/www.instagram.com\/portalnoticiaempauta\/\"]},{\"@type\":\"Person\",\"@id\":\"https:\/\/noticiaempauta.com\/portal\/#\/schema\/person\/a74af43dd1ab3deca45f988c717d57ac\",\"name\":\"Reda\u00e7\u00e3o\",\"image\":{\"@type\":\"ImageObject\",\"inLanguage\":\"pt-BR\",\"@id\":\"https:\/\/noticiaempauta.com\/portal\/#\/schema\/person\/image\/\",\"url\":\"https:\/\/secure.gravatar.com\/avatar\/03179346ecce6cdfc13361603e8f54242a90e5cde8618fa23c5c00aa2b0aadf3?s=96&d=mm&r=g\",\"contentUrl\":\"https:\/\/secure.gravatar.com\/avatar\/03179346ecce6cdfc13361603e8f54242a90e5cde8618fa23c5c00aa2b0aadf3?s=96&d=mm&r=g\",\"caption\":\"Reda\u00e7\u00e3o\"},\"sameAs\":[\"https:\/\/noticiaempauta.com\/portal\/\"],\"url\":\"https:\/\/noticiaempauta.com\/portal\/author\/fernando\/\"}]}<\/script>\n<!-- \/ Yoast SEO Premium plugin. -->","yoast_head_json":{"title":"L\u00edder do Bonde dos 40 \u00e9 preso enquanto acompanhava mulher na maternidade em Teresina - Portal Not\u00edcia em Pauta","robots":{"index":"index","follow":"follow","max-snippet":"max-snippet:-1","max-image-preview":"max-image-preview:large","max-video-preview":"max-video-preview:-1"},"canonical":"https:\/\/noticiaempauta.com\/portal\/lider-do-bonde-dos-40-e-preso-enquanto-acompanhava-mulher-na-maternidade-em-teresina\/","og_locale":"pt_BR","og_type":"article","og_title":"L\u00edder do Bonde dos 40 \u00e9 preso enquanto acompanhava mulher na maternidade em Teresina","og_description":"O\u00a0Departamento Estadual de Repress\u00e3o ao Narcotr\u00e1fico (DENARC)\u00a0prendeu, na noite de quinta-feira (15), em Teresina, um\u00a0homem identificado pelas iniciais E.W. da S., de 35 anos, suspeito de ser uma das principais lideran\u00e7as da fac\u00e7\u00e3o criminosa Bonde dos 40.\u00a0 Ele foi detido dentro de uma maternidade na zona sul da cidade, enquanto acompanhava a companheira em trabalho [&hellip;]","og_url":"https:\/\/noticiaempauta.com\/portal\/lider-do-bonde-dos-40-e-preso-enquanto-acompanhava-mulher-na-maternidade-em-teresina\/","og_site_name":"Portal Not\u00edcia em Pauta","article_publisher":"https:\/\/www.facebook.com\/Portal-Notcia-Em-Pauta-102292869264820\/","article_published_time":"2025-05-16T13:21:32+00:00","article_modified_time":"2025-05-16T13:59:55+00:00","og_image":[{"width":1024,"height":595,"url":"https:\/\/noticiaempauta.com\/portal\/wp-content\/uploads\/2022\/10\/algemado-acusado-de-estupro1473721977.jpg","type":"image\/jpeg"}],"author":"Reda\u00e7\u00e3o","twitter_card":"summary_large_image","twitter_misc":{"Escrito por":"Reda\u00e7\u00e3o","Est. tempo de leitura":"2 minutos"},"schema":{"@context":"https:\/\/schema.org","@graph":[{"@type":"Article","@id":"https:\/\/noticiaempauta.com\/portal\/lider-do-bonde-dos-40-e-preso-enquanto-acompanhava-mulher-na-maternidade-em-teresina\/#article","isPartOf":{"@id":"https:\/\/noticiaempauta.com\/portal\/lider-do-bonde-dos-40-e-preso-enquanto-acompanhava-mulher-na-maternidade-em-teresina\/"},"author":{"name":"Reda\u00e7\u00e3o","@id":"https:\/\/noticiaempauta.com\/portal\/#\/schema\/person\/a74af43dd1ab3deca45f988c717d57ac"},"headline":"L\u00edder do Bonde dos 40 \u00e9 preso enquanto acompanhava mulher na maternidade em Teresina","datePublished":"2025-05-16T13:21:32+00:00","dateModified":"2025-05-16T13:59:55+00:00","mainEntityOfPage":{"@id":"https:\/\/noticiaempauta.com\/portal\/lider-do-bonde-dos-40-e-preso-enquanto-acompanhava-mulher-na-maternidade-em-teresina\/"},"wordCount":224,"commentCount":0,"publisher":{"@id":"https:\/\/noticiaempauta.com\/portal\/#organization"},"image":{"@id":"https:\/\/noticiaempauta.com\/portal\/lider-do-bonde-dos-40-e-preso-enquanto-acompanhava-mulher-na-maternidade-em-teresina\/#primaryimage"},"thumbnailUrl":"https:\/\/noticiaempauta.com\/portal\/wp-content\/uploads\/2022\/10\/algemado-acusado-de-estupro1473721977.jpg","keywords":["destaqueprincipal"],"articleSection":["Destaques","Geral","Pol\u00edcia","Todas as Not\u00edcias"],"inLanguage":"pt-BR","potentialAction":[{"@type":"CommentAction","name":"Comment","target":["https:\/\/noticiaempauta.com\/portal\/lider-do-bonde-dos-40-e-preso-enquanto-acompanhava-mulher-na-maternidade-em-teresina\/#respond"]}]},{"@type":"WebPage","@id":"https:\/\/noticiaempauta.com\/portal\/lider-do-bonde-dos-40-e-preso-enquanto-acompanhava-mulher-na-maternidade-em-teresina\/","url":"https:\/\/noticiaempauta.com\/portal\/lider-do-bonde-dos-40-e-preso-enquanto-acompanhava-mulher-na-maternidade-em-teresina\/","name":"L\u00edder do Bonde dos 40 \u00e9 preso enquanto acompanhava mulher na maternidade em Teresina - Portal Not\u00edcia em Pauta","isPartOf":{"@id":"https:\/\/noticiaempauta.com\/portal\/#website"},"primaryImageOfPage":{"@id":"https:\/\/noticiaempauta.com\/portal\/lider-do-bonde-dos-40-e-preso-enquanto-acompanhava-mulher-na-maternidade-em-teresina\/#primaryimage"},"image":{"@id":"https:\/\/noticiaempauta.com\/portal\/lider-do-bonde-dos-40-e-preso-enquanto-acompanhava-mulher-na-maternidade-em-teresina\/#primaryimage"},"thumbnailUrl":"https:\/\/noticiaempauta.com\/portal\/wp-content\/uploads\/2022\/10\/algemado-acusado-de-estupro1473721977.jpg","datePublished":"2025-05-16T13:21:32+00:00","dateModified":"2025-05-16T13:59:55+00:00","breadcrumb":{"@id":"https:\/\/noticiaempauta.com\/portal\/lider-do-bonde-dos-40-e-preso-enquanto-acompanhava-mulher-na-maternidade-em-teresina\/#breadcrumb"},"inLanguage":"pt-BR","potentialAction":[{"@type":"ReadAction","target":["https:\/\/noticiaempauta.com\/portal\/lider-do-bonde-dos-40-e-preso-enquanto-acompanhava-mulher-na-maternidade-em-teresina\/"]}]},{"@type":"ImageObject","inLanguage":"pt-BR","@id":"https:\/\/noticiaempauta.com\/portal\/lider-do-bonde-dos-40-e-preso-enquanto-acompanhava-mulher-na-maternidade-em-teresina\/#primaryimage","url":"https:\/\/noticiaempauta.com\/portal\/wp-content\/uploads\/2022\/10\/algemado-acusado-de-estupro1473721977.jpg","contentUrl":"https:\/\/noticiaempauta.com\/portal\/wp-content\/uploads\/2022\/10\/algemado-acusado-de-estupro1473721977.jpg","width":1024,"height":595},{"@type":"BreadcrumbList","@id":"https:\/\/noticiaempauta.com\/portal\/lider-do-bonde-dos-40-e-preso-enquanto-acompanhava-mulher-na-maternidade-em-teresina\/#breadcrumb","itemListElement":[{"@type":"ListItem","position":1,"name":"P\u00e1gina Inicial","item":"https:\/\/noticiaempauta.com\/portal\/"},{"@type":"ListItem","position":2,"name":"Destaques","item":"https:\/\/noticiaempauta.com\/portal\/destaques-site\/"},{"@type":"ListItem","position":3,"name":"L\u00edder do Bonde dos 40 \u00e9 preso enquanto acompanhava mulher na maternidade em Teresina"}]},{"@type":"WebSite","@id":"https:\/\/noticiaempauta.com\/portal\/#website","url":"https:\/\/noticiaempauta.com\/portal\/","name":"Portal Not\u00edcia em Pauta","description":"Voc\u00ea bem informado","publisher":{"@id":"https:\/\/noticiaempauta.com\/portal\/#organization"},"potentialAction":[{"@type":"SearchAction","target":{"@type":"EntryPoint","urlTemplate":"https:\/\/noticiaempauta.com\/portal\/?s={search_term_string}"},"query-input":{"@type":"PropertyValueSpecification","valueRequired":true,"valueName":"search_term_string"}}],"inLanguage":"pt-BR"},{"@type":"Organization","@id":"https:\/\/noticiaempauta.com\/portal\/#organization","name":"Portal Not\u00edcia em Pauta","url":"https:\/\/noticiaempauta.com\/portal\/","logo":{"@type":"ImageObject","inLanguage":"pt-BR","@id":"https:\/\/noticiaempauta.com\/portal\/#\/schema\/logo\/image\/","url":"https:\/\/noticiaempauta.com\/portal\/wp-content\/uploads\/2022\/08\/logomarca_tema.fw_.png","contentUrl":"https:\/\/noticiaempauta.com\/portal\/wp-content\/uploads\/2022\/08\/logomarca_tema.fw_.png","width":400,"height":232,"caption":"Portal Not\u00edcia em Pauta"},"image":{"@id":"https:\/\/noticiaempauta.com\/portal\/#\/schema\/logo\/image\/"},"sameAs":["https:\/\/www.facebook.com\/Portal-Notcia-Em-Pauta-102292869264820\/","https:\/\/www.instagram.com\/portalnoticiaempauta\/"]},{"@type":"Person","@id":"https:\/\/noticiaempauta.com\/portal\/#\/schema\/person\/a74af43dd1ab3deca45f988c717d57ac","name":"Reda\u00e7\u00e3o","image":{"@type":"ImageObject","inLanguage":"pt-BR","@id":"https:\/\/noticiaempauta.com\/portal\/#\/schema\/person\/image\/","url":"https:\/\/secure.gravatar.com\/avatar\/03179346ecce6cdfc13361603e8f54242a90e5cde8618fa23c5c00aa2b0aadf3?s=96&d=mm&r=g","contentUrl":"https:\/\/secure.gravatar.com\/avatar\/03179346ecce6cdfc13361603e8f54242a90e5cde8618fa23c5c00aa2b0aadf3?s=96&d=mm&r=g","caption":"Reda\u00e7\u00e3o"},"sameAs":["https:\/\/noticiaempauta.com\/portal\/"],"url":"https:\/\/noticiaempauta.com\/portal\/author\/fernando\/"}]}},"_links":{"self":[{"href":"https:\/\/noticiaempauta.com\/portal\/wp-json\/wp\/v2\/posts\/271740","targetHints":{"allow":["GET"]}}],"collection":[{"href":"https:\/\/noticiaempauta.com\/portal\/wp-json\/wp\/v2\/posts"}],"about":[{"href":"https:\/\/noticiaempauta.com\/portal\/wp-json\/wp\/v2\/types\/post"}],"author":[{"embeddable":true,"href":"https:\/\/noticiaempauta.com\/portal\/wp-json\/wp\/v2\/users\/2"}],"replies":[{"embeddable":true,"href":"https:\/\/noticiaempauta.com\/portal\/wp-json\/wp\/v2\/comments?post=271740"}],"version-history":[{"count":2,"href":"https:\/\/noticiaempauta.com\/portal\/wp-json\/wp\/v2\/posts\/271740\/revisions"}],"predecessor-version":[{"id":271742,"href":"https:\/\/noticiaempauta.com\/portal\/wp-json\/wp\/v2\/posts\/271740\/revisions\/271742"}],"wp:featuredmedia":[{"embeddable":true,"href":"https:\/\/noticiaempauta.com\/portal\/wp-json\/wp\/v2\/media\/241822"}],"wp:attachment":[{"href":"https:\/\/noticiaempauta.com\/portal\/wp-json\/wp\/v2\/media?parent=271740"}],"wp:term":[{"taxonomy":"category","embeddable":true,"href":"https:\/\/noticiaempauta.com\/portal\/wp-json\/wp\/v2\/categories?post=271740"},{"taxonomy":"post_tag","embeddable":true,"href":"https:\/\/noticiaempauta.com\/portal\/wp-json\/wp\/v2\/tags?post=271740"}],"curies":[{"name":"wp","href":"https:\/\/api.w.org\/{rel}","templated":true}]}}