{"id":271767,"date":"2025-05-16T12:37:06","date_gmt":"2025-05-16T15:37:06","guid":{"rendered":"https:\/\/noticiaempauta.com\/portal\/?p=271767"},"modified":"2025-05-16T12:37:07","modified_gmt":"2025-05-16T15:37:07","slug":"deputado-dr-thales-coelho-amplia-base-de-apoio-em-canto-do-buriti","status":"publish","type":"post","link":"https:\/\/noticiaempauta.com\/portal\/deputado-dr-thales-coelho-amplia-base-de-apoio-em-canto-do-buriti\/","title":{"rendered":"Deputado Dr. Thales Coelho amplia base de apoio em Canto do Buriti"},"content":{"rendered":"\n<p>O deputado estadual Dr. Thales Coelho segue fortalecendo sua atua\u00e7\u00e3o pol\u00edtica no interior do Piau\u00ed. Desta vez, o munic\u00edpio de Canto do Buriti ampliou sua rede de apoio ao parlamentar com a chegada de dois novos vereadores aliados: Ronaldo Raimundo do Candinho e Z\u00e9 Neto Chaves, que agora se somam \u00e0 j\u00e1 aliada Norinha do Posto.<\/p>\n\n\n\n<figure class=\"wp-block-image size-full\"><img decoding=\"async\" src=\"https:\/\/noticiaempauta.com\/portal\/wp-content\/uploads\/2025\/05\/a3f01ded-8fa4-4393-93b9-122d3342b137.jpeg\" alt=\"\" class=\"wp-image-271768\"\/><\/figure>\n\n\n\n<p>Os vereadores Z\u00e9 Neto e Ronaldo deixaram a base do deputado Dr. H\u00e9lio e agora passam a integrar o grupo pol\u00edtico liderado por Dr. Thales em Canto do Buriti. A ades\u00e3o representa um refor\u00e7o importante para o parlamentar, que tem pautado sua atua\u00e7\u00e3o em \u00e1reas essenciais como sa\u00fade, desenvolvimento e infraestrutura para a regi\u00e3o.<\/p>\n\n\n\n<p>\u201cRecebemos os vereadores de bra\u00e7os abertos em nosso grupo, porque acreditamos que seus mandatos na C\u00e2mara Municipal refletem compromisso e muito trabalho pelo povo de Canto do Buriti. Vamos seguir juntos, unidos pela sa\u00fade e pelo progresso da cidade que tanto amo, por ser minha terra natal\u201d, afirmou o deputado.<\/p>\n\n\n\n<p>Os vereadores destacaram que a decis\u00e3o de integrar o grupo de Dr. Thales se deu pelo reconhecimento ao trabalho que o parlamentar vem desempenhando em todo o estado e pela aten\u00e7\u00e3o especial dedicada a Canto do Buriti. A alian\u00e7a refor\u00e7a a expectativa de mais conquistas e avan\u00e7os para o munic\u00edpio.<\/p>\n","protected":false},"excerpt":{"rendered":"<p>O deputado estadual Dr. Thales Coelho segue fortalecendo sua atua\u00e7\u00e3o pol\u00edtica no interior do Piau\u00ed. Desta vez, o munic\u00edpio de Canto do Buriti ampliou sua rede de apoio ao parlamentar com a chegada de dois novos vereadores aliados: Ronaldo Raimundo do Candinho e Z\u00e9 Neto Chaves, que agora se somam \u00e0 j\u00e1 aliada Norinha do [&hellip;]<\/p>\n","protected":false},"author":2,"featured_media":271768,"comment_status":"open","ping_status":"open","sticky":false,"template":"","format":"standard","meta":{"_mi_skip_tracking":false,"footnotes":""},"categories":[25,1,9,3,16],"tags":[],"class_list":["post-271767","post","type-post","status-publish","format-standard","has-post-thumbnail","hentry","category-destaques-site","category-geral","category-municipios","category-politica","category-todas"],"acf":[],"yoast_head":"<!-- This site is optimized with the Yoast SEO Premium plugin v19.2 (Yoast SEO v26.9) - https:\/\/yoast.com\/product\/yoast-seo-premium-wordpress\/ -->\n<title>Deputado Dr. Thales Coelho amplia base de apoio em Canto do Buriti - Portal Not\u00edcia em Pauta<\/title>\n<meta name=\"robots\" content=\"index, follow, max-snippet:-1, max-image-preview:large, max-video-preview:-1\" \/>\n<link rel=\"canonical\" href=\"https:\/\/noticiaempauta.com\/portal\/deputado-dr-thales-coelho-amplia-base-de-apoio-em-canto-do-buriti\/\" \/>\n<meta property=\"og:locale\" content=\"pt_BR\" \/>\n<meta property=\"og:type\" content=\"article\" \/>\n<meta property=\"og:title\" content=\"Deputado Dr. Thales Coelho amplia base de apoio em Canto do Buriti\" \/>\n<meta property=\"og:description\" content=\"O deputado estadual Dr. Thales Coelho segue fortalecendo sua atua\u00e7\u00e3o pol\u00edtica no interior do Piau\u00ed. Desta vez, o munic\u00edpio de Canto do Buriti ampliou sua rede de apoio ao parlamentar com a chegada de dois novos vereadores aliados: Ronaldo Raimundo do Candinho e Z\u00e9 Neto Chaves, que agora se somam \u00e0 j\u00e1 aliada Norinha do [&hellip;]\" \/>\n<meta property=\"og:url\" content=\"https:\/\/noticiaempauta.com\/portal\/deputado-dr-thales-coelho-amplia-base-de-apoio-em-canto-do-buriti\/\" \/>\n<meta property=\"og:site_name\" content=\"Portal Not\u00edcia em Pauta\" \/>\n<meta property=\"article:publisher\" content=\"https:\/\/www.facebook.com\/Portal-Notcia-Em-Pauta-102292869264820\/\" \/>\n<meta property=\"article:published_time\" content=\"2025-05-16T15:37:06+00:00\" \/>\n<meta property=\"article:modified_time\" content=\"2025-05-16T15:37:07+00:00\" \/>\n<meta property=\"og:image\" content=\"https:\/\/noticiaempauta.com\/portal\/wp-content\/uploads\/2025\/05\/a3f01ded-8fa4-4393-93b9-122d3342b137.jpeg\" \/>\n\t<meta property=\"og:image:width\" content=\"1\" \/>\n\t<meta property=\"og:image:height\" content=\"1\" \/>\n\t<meta property=\"og:image:type\" content=\"image\/jpeg\" \/>\n<meta name=\"author\" content=\"Reda\u00e7\u00e3o\" \/>\n<meta name=\"twitter:card\" content=\"summary_large_image\" \/>\n<meta name=\"twitter:label1\" content=\"Escrito por\" \/>\n\t<meta name=\"twitter:data1\" content=\"Reda\u00e7\u00e3o\" \/>\n\t<meta name=\"twitter:label2\" content=\"Est. tempo de leitura\" \/>\n\t<meta name=\"twitter:data2\" content=\"2 minutos\" \/>\n<script type=\"application\/ld+json\" class=\"yoast-schema-graph\">{\"@context\":\"https:\/\/schema.org\",\"@graph\":[{\"@type\":\"Article\",\"@id\":\"https:\/\/noticiaempauta.com\/portal\/deputado-dr-thales-coelho-amplia-base-de-apoio-em-canto-do-buriti\/#article\",\"isPartOf\":{\"@id\":\"https:\/\/noticiaempauta.com\/portal\/deputado-dr-thales-coelho-amplia-base-de-apoio-em-canto-do-buriti\/\"},\"author\":{\"name\":\"Reda\u00e7\u00e3o\",\"@id\":\"https:\/\/noticiaempauta.com\/portal\/#\/schema\/person\/a74af43dd1ab3deca45f988c717d57ac\"},\"headline\":\"Deputado Dr. Thales Coelho amplia base de apoio em Canto do Buriti\",\"datePublished\":\"2025-05-16T15:37:06+00:00\",\"dateModified\":\"2025-05-16T15:37:07+00:00\",\"mainEntityOfPage\":{\"@id\":\"https:\/\/noticiaempauta.com\/portal\/deputado-dr-thales-coelho-amplia-base-de-apoio-em-canto-do-buriti\/\"},\"wordCount\":240,\"commentCount\":0,\"publisher\":{\"@id\":\"https:\/\/noticiaempauta.com\/portal\/#organization\"},\"image\":{\"@id\":\"https:\/\/noticiaempauta.com\/portal\/deputado-dr-thales-coelho-amplia-base-de-apoio-em-canto-do-buriti\/#primaryimage\"},\"thumbnailUrl\":\"https:\/\/noticiaempauta.com\/portal\/wp-content\/uploads\/2025\/05\/a3f01ded-8fa4-4393-93b9-122d3342b137.jpeg\",\"articleSection\":[\"Destaques\",\"Geral\",\"Munic\u00edpios\",\"Pol\u00edtica\",\"Todas as Not\u00edcias\"],\"inLanguage\":\"pt-BR\",\"potentialAction\":[{\"@type\":\"CommentAction\",\"name\":\"Comment\",\"target\":[\"https:\/\/noticiaempauta.com\/portal\/deputado-dr-thales-coelho-amplia-base-de-apoio-em-canto-do-buriti\/#respond\"]}]},{\"@type\":\"WebPage\",\"@id\":\"https:\/\/noticiaempauta.com\/portal\/deputado-dr-thales-coelho-amplia-base-de-apoio-em-canto-do-buriti\/\",\"url\":\"https:\/\/noticiaempauta.com\/portal\/deputado-dr-thales-coelho-amplia-base-de-apoio-em-canto-do-buriti\/\",\"name\":\"Deputado Dr. Thales Coelho amplia base de apoio em Canto do Buriti - Portal Not\u00edcia em Pauta\",\"isPartOf\":{\"@id\":\"https:\/\/noticiaempauta.com\/portal\/#website\"},\"primaryImageOfPage\":{\"@id\":\"https:\/\/noticiaempauta.com\/portal\/deputado-dr-thales-coelho-amplia-base-de-apoio-em-canto-do-buriti\/#primaryimage\"},\"image\":{\"@id\":\"https:\/\/noticiaempauta.com\/portal\/deputado-dr-thales-coelho-amplia-base-de-apoio-em-canto-do-buriti\/#primaryimage\"},\"thumbnailUrl\":\"https:\/\/noticiaempauta.com\/portal\/wp-content\/uploads\/2025\/05\/a3f01ded-8fa4-4393-93b9-122d3342b137.jpeg\",\"datePublished\":\"2025-05-16T15:37:06+00:00\",\"dateModified\":\"2025-05-16T15:37:07+00:00\",\"breadcrumb\":{\"@id\":\"https:\/\/noticiaempauta.com\/portal\/deputado-dr-thales-coelho-amplia-base-de-apoio-em-canto-do-buriti\/#breadcrumb\"},\"inLanguage\":\"pt-BR\",\"potentialAction\":[{\"@type\":\"ReadAction\",\"target\":[\"https:\/\/noticiaempauta.com\/portal\/deputado-dr-thales-coelho-amplia-base-de-apoio-em-canto-do-buriti\/\"]}]},{\"@type\":\"ImageObject\",\"inLanguage\":\"pt-BR\",\"@id\":\"https:\/\/noticiaempauta.com\/portal\/deputado-dr-thales-coelho-amplia-base-de-apoio-em-canto-do-buriti\/#primaryimage\",\"url\":\"https:\/\/noticiaempauta.com\/portal\/wp-content\/uploads\/2025\/05\/a3f01ded-8fa4-4393-93b9-122d3342b137.jpeg\",\"contentUrl\":\"https:\/\/noticiaempauta.com\/portal\/wp-content\/uploads\/2025\/05\/a3f01ded-8fa4-4393-93b9-122d3342b137.jpeg\"},{\"@type\":\"BreadcrumbList\",\"@id\":\"https:\/\/noticiaempauta.com\/portal\/deputado-dr-thales-coelho-amplia-base-de-apoio-em-canto-do-buriti\/#breadcrumb\",\"itemListElement\":[{\"@type\":\"ListItem\",\"position\":1,\"name\":\"P\u00e1gina Inicial\",\"item\":\"https:\/\/noticiaempauta.com\/portal\/\"},{\"@type\":\"ListItem\",\"position\":2,\"name\":\"Destaques\",\"item\":\"https:\/\/noticiaempauta.com\/portal\/destaques-site\/\"},{\"@type\":\"ListItem\",\"position\":3,\"name\":\"Deputado Dr. Thales Coelho amplia base de apoio em Canto do Buriti\"}]},{\"@type\":\"WebSite\",\"@id\":\"https:\/\/noticiaempauta.com\/portal\/#website\",\"url\":\"https:\/\/noticiaempauta.com\/portal\/\",\"name\":\"Portal Not\u00edcia em Pauta\",\"description\":\"Voc\u00ea bem informado\",\"publisher\":{\"@id\":\"https:\/\/noticiaempauta.com\/portal\/#organization\"},\"potentialAction\":[{\"@type\":\"SearchAction\",\"target\":{\"@type\":\"EntryPoint\",\"urlTemplate\":\"https:\/\/noticiaempauta.com\/portal\/?s={search_term_string}\"},\"query-input\":{\"@type\":\"PropertyValueSpecification\",\"valueRequired\":true,\"valueName\":\"search_term_string\"}}],\"inLanguage\":\"pt-BR\"},{\"@type\":\"Organization\",\"@id\":\"https:\/\/noticiaempauta.com\/portal\/#organization\",\"name\":\"Portal Not\u00edcia em Pauta\",\"url\":\"https:\/\/noticiaempauta.com\/portal\/\",\"logo\":{\"@type\":\"ImageObject\",\"inLanguage\":\"pt-BR\",\"@id\":\"https:\/\/noticiaempauta.com\/portal\/#\/schema\/logo\/image\/\",\"url\":\"https:\/\/noticiaempauta.com\/portal\/wp-content\/uploads\/2022\/08\/logomarca_tema.fw_.png\",\"contentUrl\":\"https:\/\/noticiaempauta.com\/portal\/wp-content\/uploads\/2022\/08\/logomarca_tema.fw_.png\",\"width\":400,\"height\":232,\"caption\":\"Portal Not\u00edcia em Pauta\"},\"image\":{\"@id\":\"https:\/\/noticiaempauta.com\/portal\/#\/schema\/logo\/image\/\"},\"sameAs\":[\"https:\/\/www.facebook.com\/Portal-Notcia-Em-Pauta-102292869264820\/\",\"https:\/\/www.instagram.com\/portalnoticiaempauta\/\"]},{\"@type\":\"Person\",\"@id\":\"https:\/\/noticiaempauta.com\/portal\/#\/schema\/person\/a74af43dd1ab3deca45f988c717d57ac\",\"name\":\"Reda\u00e7\u00e3o\",\"image\":{\"@type\":\"ImageObject\",\"inLanguage\":\"pt-BR\",\"@id\":\"https:\/\/noticiaempauta.com\/portal\/#\/schema\/person\/image\/\",\"url\":\"https:\/\/secure.gravatar.com\/avatar\/03179346ecce6cdfc13361603e8f54242a90e5cde8618fa23c5c00aa2b0aadf3?s=96&d=mm&r=g\",\"contentUrl\":\"https:\/\/secure.gravatar.com\/avatar\/03179346ecce6cdfc13361603e8f54242a90e5cde8618fa23c5c00aa2b0aadf3?s=96&d=mm&r=g\",\"caption\":\"Reda\u00e7\u00e3o\"},\"sameAs\":[\"https:\/\/noticiaempauta.com\/portal\/\"],\"url\":\"https:\/\/noticiaempauta.com\/portal\/author\/fernando\/\"}]}<\/script>\n<!-- \/ Yoast SEO Premium plugin. -->","yoast_head_json":{"title":"Deputado Dr. Thales Coelho amplia base de apoio em Canto do Buriti - Portal Not\u00edcia em Pauta","robots":{"index":"index","follow":"follow","max-snippet":"max-snippet:-1","max-image-preview":"max-image-preview:large","max-video-preview":"max-video-preview:-1"},"canonical":"https:\/\/noticiaempauta.com\/portal\/deputado-dr-thales-coelho-amplia-base-de-apoio-em-canto-do-buriti\/","og_locale":"pt_BR","og_type":"article","og_title":"Deputado Dr. Thales Coelho amplia base de apoio em Canto do Buriti","og_description":"O deputado estadual Dr. Thales Coelho segue fortalecendo sua atua\u00e7\u00e3o pol\u00edtica no interior do Piau\u00ed. Desta vez, o munic\u00edpio de Canto do Buriti ampliou sua rede de apoio ao parlamentar com a chegada de dois novos vereadores aliados: Ronaldo Raimundo do Candinho e Z\u00e9 Neto Chaves, que agora se somam \u00e0 j\u00e1 aliada Norinha do [&hellip;]","og_url":"https:\/\/noticiaempauta.com\/portal\/deputado-dr-thales-coelho-amplia-base-de-apoio-em-canto-do-buriti\/","og_site_name":"Portal Not\u00edcia em Pauta","article_publisher":"https:\/\/www.facebook.com\/Portal-Notcia-Em-Pauta-102292869264820\/","article_published_time":"2025-05-16T15:37:06+00:00","article_modified_time":"2025-05-16T15:37:07+00:00","og_image":[{"url":"https:\/\/noticiaempauta.com\/portal\/wp-content\/uploads\/2025\/05\/a3f01ded-8fa4-4393-93b9-122d3342b137.jpeg","width":1,"height":1,"type":"image\/jpeg"}],"author":"Reda\u00e7\u00e3o","twitter_card":"summary_large_image","twitter_misc":{"Escrito por":"Reda\u00e7\u00e3o","Est. tempo de leitura":"2 minutos"},"schema":{"@context":"https:\/\/schema.org","@graph":[{"@type":"Article","@id":"https:\/\/noticiaempauta.com\/portal\/deputado-dr-thales-coelho-amplia-base-de-apoio-em-canto-do-buriti\/#article","isPartOf":{"@id":"https:\/\/noticiaempauta.com\/portal\/deputado-dr-thales-coelho-amplia-base-de-apoio-em-canto-do-buriti\/"},"author":{"name":"Reda\u00e7\u00e3o","@id":"https:\/\/noticiaempauta.com\/portal\/#\/schema\/person\/a74af43dd1ab3deca45f988c717d57ac"},"headline":"Deputado Dr. Thales Coelho amplia base de apoio em Canto do Buriti","datePublished":"2025-05-16T15:37:06+00:00","dateModified":"2025-05-16T15:37:07+00:00","mainEntityOfPage":{"@id":"https:\/\/noticiaempauta.com\/portal\/deputado-dr-thales-coelho-amplia-base-de-apoio-em-canto-do-buriti\/"},"wordCount":240,"commentCount":0,"publisher":{"@id":"https:\/\/noticiaempauta.com\/portal\/#organization"},"image":{"@id":"https:\/\/noticiaempauta.com\/portal\/deputado-dr-thales-coelho-amplia-base-de-apoio-em-canto-do-buriti\/#primaryimage"},"thumbnailUrl":"https:\/\/noticiaempauta.com\/portal\/wp-content\/uploads\/2025\/05\/a3f01ded-8fa4-4393-93b9-122d3342b137.jpeg","articleSection":["Destaques","Geral","Munic\u00edpios","Pol\u00edtica","Todas as Not\u00edcias"],"inLanguage":"pt-BR","potentialAction":[{"@type":"CommentAction","name":"Comment","target":["https:\/\/noticiaempauta.com\/portal\/deputado-dr-thales-coelho-amplia-base-de-apoio-em-canto-do-buriti\/#respond"]}]},{"@type":"WebPage","@id":"https:\/\/noticiaempauta.com\/portal\/deputado-dr-thales-coelho-amplia-base-de-apoio-em-canto-do-buriti\/","url":"https:\/\/noticiaempauta.com\/portal\/deputado-dr-thales-coelho-amplia-base-de-apoio-em-canto-do-buriti\/","name":"Deputado Dr. Thales Coelho amplia base de apoio em Canto do Buriti - Portal Not\u00edcia em Pauta","isPartOf":{"@id":"https:\/\/noticiaempauta.com\/portal\/#website"},"primaryImageOfPage":{"@id":"https:\/\/noticiaempauta.com\/portal\/deputado-dr-thales-coelho-amplia-base-de-apoio-em-canto-do-buriti\/#primaryimage"},"image":{"@id":"https:\/\/noticiaempauta.com\/portal\/deputado-dr-thales-coelho-amplia-base-de-apoio-em-canto-do-buriti\/#primaryimage"},"thumbnailUrl":"https:\/\/noticiaempauta.com\/portal\/wp-content\/uploads\/2025\/05\/a3f01ded-8fa4-4393-93b9-122d3342b137.jpeg","datePublished":"2025-05-16T15:37:06+00:00","dateModified":"2025-05-16T15:37:07+00:00","breadcrumb":{"@id":"https:\/\/noticiaempauta.com\/portal\/deputado-dr-thales-coelho-amplia-base-de-apoio-em-canto-do-buriti\/#breadcrumb"},"inLanguage":"pt-BR","potentialAction":[{"@type":"ReadAction","target":["https:\/\/noticiaempauta.com\/portal\/deputado-dr-thales-coelho-amplia-base-de-apoio-em-canto-do-buriti\/"]}]},{"@type":"ImageObject","inLanguage":"pt-BR","@id":"https:\/\/noticiaempauta.com\/portal\/deputado-dr-thales-coelho-amplia-base-de-apoio-em-canto-do-buriti\/#primaryimage","url":"https:\/\/noticiaempauta.com\/portal\/wp-content\/uploads\/2025\/05\/a3f01ded-8fa4-4393-93b9-122d3342b137.jpeg","contentUrl":"https:\/\/noticiaempauta.com\/portal\/wp-content\/uploads\/2025\/05\/a3f01ded-8fa4-4393-93b9-122d3342b137.jpeg"},{"@type":"BreadcrumbList","@id":"https:\/\/noticiaempauta.com\/portal\/deputado-dr-thales-coelho-amplia-base-de-apoio-em-canto-do-buriti\/#breadcrumb","itemListElement":[{"@type":"ListItem","position":1,"name":"P\u00e1gina Inicial","item":"https:\/\/noticiaempauta.com\/portal\/"},{"@type":"ListItem","position":2,"name":"Destaques","item":"https:\/\/noticiaempauta.com\/portal\/destaques-site\/"},{"@type":"ListItem","position":3,"name":"Deputado Dr. Thales Coelho amplia base de apoio em Canto do Buriti"}]},{"@type":"WebSite","@id":"https:\/\/noticiaempauta.com\/portal\/#website","url":"https:\/\/noticiaempauta.com\/portal\/","name":"Portal Not\u00edcia em Pauta","description":"Voc\u00ea bem informado","publisher":{"@id":"https:\/\/noticiaempauta.com\/portal\/#organization"},"potentialAction":[{"@type":"SearchAction","target":{"@type":"EntryPoint","urlTemplate":"https:\/\/noticiaempauta.com\/portal\/?s={search_term_string}"},"query-input":{"@type":"PropertyValueSpecification","valueRequired":true,"valueName":"search_term_string"}}],"inLanguage":"pt-BR"},{"@type":"Organization","@id":"https:\/\/noticiaempauta.com\/portal\/#organization","name":"Portal Not\u00edcia em Pauta","url":"https:\/\/noticiaempauta.com\/portal\/","logo":{"@type":"ImageObject","inLanguage":"pt-BR","@id":"https:\/\/noticiaempauta.com\/portal\/#\/schema\/logo\/image\/","url":"https:\/\/noticiaempauta.com\/portal\/wp-content\/uploads\/2022\/08\/logomarca_tema.fw_.png","contentUrl":"https:\/\/noticiaempauta.com\/portal\/wp-content\/uploads\/2022\/08\/logomarca_tema.fw_.png","width":400,"height":232,"caption":"Portal Not\u00edcia em Pauta"},"image":{"@id":"https:\/\/noticiaempauta.com\/portal\/#\/schema\/logo\/image\/"},"sameAs":["https:\/\/www.facebook.com\/Portal-Notcia-Em-Pauta-102292869264820\/","https:\/\/www.instagram.com\/portalnoticiaempauta\/"]},{"@type":"Person","@id":"https:\/\/noticiaempauta.com\/portal\/#\/schema\/person\/a74af43dd1ab3deca45f988c717d57ac","name":"Reda\u00e7\u00e3o","image":{"@type":"ImageObject","inLanguage":"pt-BR","@id":"https:\/\/noticiaempauta.com\/portal\/#\/schema\/person\/image\/","url":"https:\/\/secure.gravatar.com\/avatar\/03179346ecce6cdfc13361603e8f54242a90e5cde8618fa23c5c00aa2b0aadf3?s=96&d=mm&r=g","contentUrl":"https:\/\/secure.gravatar.com\/avatar\/03179346ecce6cdfc13361603e8f54242a90e5cde8618fa23c5c00aa2b0aadf3?s=96&d=mm&r=g","caption":"Reda\u00e7\u00e3o"},"sameAs":["https:\/\/noticiaempauta.com\/portal\/"],"url":"https:\/\/noticiaempauta.com\/portal\/author\/fernando\/"}]}},"_links":{"self":[{"href":"https:\/\/noticiaempauta.com\/portal\/wp-json\/wp\/v2\/posts\/271767","targetHints":{"allow":["GET"]}}],"collection":[{"href":"https:\/\/noticiaempauta.com\/portal\/wp-json\/wp\/v2\/posts"}],"about":[{"href":"https:\/\/noticiaempauta.com\/portal\/wp-json\/wp\/v2\/types\/post"}],"author":[{"embeddable":true,"href":"https:\/\/noticiaempauta.com\/portal\/wp-json\/wp\/v2\/users\/2"}],"replies":[{"embeddable":true,"href":"https:\/\/noticiaempauta.com\/portal\/wp-json\/wp\/v2\/comments?post=271767"}],"version-history":[{"count":2,"href":"https:\/\/noticiaempauta.com\/portal\/wp-json\/wp\/v2\/posts\/271767\/revisions"}],"predecessor-version":[{"id":271770,"href":"https:\/\/noticiaempauta.com\/portal\/wp-json\/wp\/v2\/posts\/271767\/revisions\/271770"}],"wp:featuredmedia":[{"embeddable":true,"href":"https:\/\/noticiaempauta.com\/portal\/wp-json\/wp\/v2\/media\/271768"}],"wp:attachment":[{"href":"https:\/\/noticiaempauta.com\/portal\/wp-json\/wp\/v2\/media?parent=271767"}],"wp:term":[{"taxonomy":"category","embeddable":true,"href":"https:\/\/noticiaempauta.com\/portal\/wp-json\/wp\/v2\/categories?post=271767"},{"taxonomy":"post_tag","embeddable":true,"href":"https:\/\/noticiaempauta.com\/portal\/wp-json\/wp\/v2\/tags?post=271767"}],"curies":[{"name":"wp","href":"https:\/\/api.w.org\/{rel}","templated":true}]}}