{"id":271782,"date":"2025-05-16T16:27:41","date_gmt":"2025-05-16T19:27:41","guid":{"rendered":"https:\/\/noticiaempauta.com\/portal\/?p=271782"},"modified":"2025-05-16T16:27:42","modified_gmt":"2025-05-16T19:27:42","slug":"prefeitura-de-massape-promove-dia-d-da-campanha-maio-laranja-com-acoes-de-conscientizacao-e-protecao-as-criancas-e-adolescentes","status":"publish","type":"post","link":"https:\/\/noticiaempauta.com\/portal\/prefeitura-de-massape-promove-dia-d-da-campanha-maio-laranja-com-acoes-de-conscientizacao-e-protecao-as-criancas-e-adolescentes\/","title":{"rendered":"Prefeitura de Massap\u00ea promove Dia D da Campanha Maio Laranja com a\u00e7\u00f5es de conscientiza\u00e7\u00e3o e prote\u00e7\u00e3o as crian\u00e7as e adolescentes"},"content":{"rendered":"\n<p>Com foco no combate ao abuso sexual e \u00e0 explora\u00e7\u00e3o de crian\u00e7as e adolescentes, a Prefeitura de Massap\u00ea do Piau\u00ed, atrav\u00e9s da Secretaria Municipal de Assist\u00eancia Social, Conselho Tutelar e demais parceiros, promoveram na manh\u00e3 desta sexta-feira, 16 de Maio, o <strong>Dia D<\/strong> de a\u00e7\u00f5es voltadas a campanha Maio Laranja.<\/p>\n\n\n\n<figure class=\"wp-block-image size-full\"><img decoding=\"async\" src=\"https:\/\/noticiaempauta.com\/portal\/wp-content\/uploads\/2025\/05\/WhatsApp-Image-2025-05-16-at-11.18.21.jpeg\" alt=\"\" class=\"wp-image-271788\"\/><figcaption class=\"wp-element-caption\"><em>(Fotos: Ascom)<\/em><\/figcaption><\/figure>\n\n\n\n<figure class=\"wp-block-image size-large\"><img fetchpriority=\"high\" decoding=\"async\" width=\"1024\" height=\"768\" src=\"https:\/\/noticiaempauta.com\/portal\/wp-content\/uploads\/2025\/05\/WhatsApp-Image-2025-05-16-at-16.01.41-1024x768.jpeg\" alt=\"\" class=\"wp-image-271785\" srcset=\"https:\/\/noticiaempauta.com\/portal\/wp-content\/uploads\/2025\/05\/WhatsApp-Image-2025-05-16-at-16.01.41-1024x768.jpeg 1024w, https:\/\/noticiaempauta.com\/portal\/wp-content\/uploads\/2025\/05\/WhatsApp-Image-2025-05-16-at-16.01.41-300x225.jpeg 300w, https:\/\/noticiaempauta.com\/portal\/wp-content\/uploads\/2025\/05\/WhatsApp-Image-2025-05-16-at-16.01.41-768x576.jpeg 768w, https:\/\/noticiaempauta.com\/portal\/wp-content\/uploads\/2025\/05\/WhatsApp-Image-2025-05-16-at-16.01.41-1536x1152.jpeg 1536w, https:\/\/noticiaempauta.com\/portal\/wp-content\/uploads\/2025\/05\/WhatsApp-Image-2025-05-16-at-16.01.41-2048x1536.jpeg 2048w\" sizes=\"(max-width: 1024px) 100vw, 1024px\" \/><\/figure>\n\n\n\n<p>A iniciativa faz parte da Campanha Maio Laranja, criada para dar visibilidade ao 18 de maio, Dia Nacional de combate ao abuso e \u00e0 explora\u00e7\u00e3o sexual infantil no Brasil. Em Masssap\u00ea do Piau\u00ed v\u00e1rias a\u00e7\u00f5es de sensibiliza\u00e7\u00e3o, preven\u00e7\u00e3o e enfrentamento ao abuso e \u00e0 explora\u00e7\u00e3o sexual contra crian\u00e7as e adolescentes foram tem sido desenvolvidas nas escolas municipais, com culmin\u00e2ncia nesta sexta-feira, com caminhada pelas principais ruas do centro e palestras na Quadra Poliesportiva.<\/p>\n\n\n\n<figure class=\"wp-block-image size-full\"><img decoding=\"async\" src=\"https:\/\/noticiaempauta.com\/portal\/wp-content\/uploads\/2025\/05\/WhatsApp-Image-2025-05-16-at-16.00.54.jpeg\" alt=\"\" class=\"wp-image-271784\"\/><\/figure>\n\n\n\n<p>O prefeito Dr. Wilton esteve presente e destacou a import\u00e2ncia das a\u00e7\u00f5es e pol\u00edticas p\u00fablicas que assistem as crian\u00e7as e adolescentes do munic\u00edpio. <\/p>\n\n\n\n<figure class=\"wp-block-image size-full\"><img decoding=\"async\" src=\"https:\/\/noticiaempauta.com\/portal\/wp-content\/uploads\/2025\/05\/WhatsApp-Image-2025-05-16-at-15.59.27.jpeg\" alt=\"\" class=\"wp-image-271783\"\/><\/figure>\n\n\n\n<p>&#8220;Muito importante essas a\u00e7\u00f5es do Maio Laranja, todo esse trabalho de preven\u00e7\u00e3o, conscientiza\u00e7\u00e3o vem proporcionar que voc\u00eas cres\u00e7am livres, felizes, e possam ter um desenvolvimento saud\u00e1vel. Deixo aqui o meu abra\u00e7o e agradecimento a todos, dizer que estamos comprometidos com o futuro de voc\u00eas, garantindo dignidade, respeito, e um crescimento saud\u00e1vel para nossas crian\u00e7as e adolescentes&#8221; disse o gestor.<\/p>\n\n\n\n<figure class=\"wp-block-image size-full\"><img decoding=\"async\" src=\"https:\/\/noticiaempauta.com\/portal\/wp-content\/uploads\/2025\/05\/WhatsApp-Image-2025-05-16-at-11.18.19-2.jpeg\" alt=\"\" class=\"wp-image-271786\"\/><\/figure>\n\n\n\n<p>Estiveram presentes no evento o vice-prefeito, Fil\u00f4 Barros, secret\u00e1rios municipais, al\u00e9m de professores, alunos da rede municipal de ensino, Pol\u00edcia Militar, Minist\u00e9rio P\u00fablico e comunidade em geral.<\/p>\n\n\n\n<figure class=\"wp-block-image size-full\"><img decoding=\"async\" src=\"https:\/\/noticiaempauta.com\/portal\/wp-content\/uploads\/2025\/05\/WhatsApp-Image-2025-05-16-at-16.19.41.jpeg\" alt=\"\" class=\"wp-image-271792\"\/><\/figure>\n\n\n\n<figure class=\"wp-block-image size-full\"><img decoding=\"async\" src=\"https:\/\/noticiaempauta.com\/portal\/wp-content\/uploads\/2025\/05\/WhatsApp-Image-2025-05-16-at-11.18.19-3.jpeg\" alt=\"\" class=\"wp-image-271787\"\/><\/figure>\n\n\n\n<p>A gest\u00e3o municipal em Massap\u00ea do Piau\u00ed tem refor\u00e7ado o compromisso com a prote\u00e7\u00e3o integral de crian\u00e7as e adolescentes, por meio de uma rede articulada e atuante no enfrentamento \u00e0s diversas formas de viol\u00eancia. <\/p>\n\n\n\n<figure class=\"wp-block-image size-large\"><img decoding=\"async\" width=\"1024\" height=\"768\" src=\"https:\/\/noticiaempauta.com\/portal\/wp-content\/uploads\/2025\/05\/WhatsApp-Image-2025-05-16-at-16.17.48-1024x768.jpeg\" alt=\"\" class=\"wp-image-271790\" srcset=\"https:\/\/noticiaempauta.com\/portal\/wp-content\/uploads\/2025\/05\/WhatsApp-Image-2025-05-16-at-16.17.48-1024x768.jpeg 1024w, https:\/\/noticiaempauta.com\/portal\/wp-content\/uploads\/2025\/05\/WhatsApp-Image-2025-05-16-at-16.17.48-300x225.jpeg 300w, https:\/\/noticiaempauta.com\/portal\/wp-content\/uploads\/2025\/05\/WhatsApp-Image-2025-05-16-at-16.17.48-768x576.jpeg 768w, https:\/\/noticiaempauta.com\/portal\/wp-content\/uploads\/2025\/05\/WhatsApp-Image-2025-05-16-at-16.17.48-1536x1152.jpeg 1536w, https:\/\/noticiaempauta.com\/portal\/wp-content\/uploads\/2025\/05\/WhatsApp-Image-2025-05-16-at-16.17.48-2048x1536.jpeg 2048w\" sizes=\"(max-width: 1024px) 100vw, 1024px\" \/><\/figure>\n\n\n\n<figure class=\"wp-block-image size-large\"><img decoding=\"async\" width=\"1024\" height=\"768\" src=\"https:\/\/noticiaempauta.com\/portal\/wp-content\/uploads\/2025\/05\/WhatsApp-Image-2025-05-16-at-16.16.47-1024x768.jpeg\" alt=\"\" class=\"wp-image-271789\" srcset=\"https:\/\/noticiaempauta.com\/portal\/wp-content\/uploads\/2025\/05\/WhatsApp-Image-2025-05-16-at-16.16.47-1024x768.jpeg 1024w, https:\/\/noticiaempauta.com\/portal\/wp-content\/uploads\/2025\/05\/WhatsApp-Image-2025-05-16-at-16.16.47-300x225.jpeg 300w, https:\/\/noticiaempauta.com\/portal\/wp-content\/uploads\/2025\/05\/WhatsApp-Image-2025-05-16-at-16.16.47-768x576.jpeg 768w, https:\/\/noticiaempauta.com\/portal\/wp-content\/uploads\/2025\/05\/WhatsApp-Image-2025-05-16-at-16.16.47-1536x1152.jpeg 1536w, https:\/\/noticiaempauta.com\/portal\/wp-content\/uploads\/2025\/05\/WhatsApp-Image-2025-05-16-at-16.16.47-2048x1536.jpeg 2048w\" sizes=\"(max-width: 1024px) 100vw, 1024px\" \/><\/figure>\n\n\n\n<figure class=\"wp-block-image size-large\"><img loading=\"lazy\" decoding=\"async\" width=\"1024\" height=\"768\" src=\"https:\/\/noticiaempauta.com\/portal\/wp-content\/uploads\/2025\/05\/WhatsApp-Image-2025-05-16-at-16.19.09-1024x768.jpeg\" alt=\"\" class=\"wp-image-271791\" srcset=\"https:\/\/noticiaempauta.com\/portal\/wp-content\/uploads\/2025\/05\/WhatsApp-Image-2025-05-16-at-16.19.09-1024x768.jpeg 1024w, https:\/\/noticiaempauta.com\/portal\/wp-content\/uploads\/2025\/05\/WhatsApp-Image-2025-05-16-at-16.19.09-300x225.jpeg 300w, https:\/\/noticiaempauta.com\/portal\/wp-content\/uploads\/2025\/05\/WhatsApp-Image-2025-05-16-at-16.19.09-768x576.jpeg 768w, https:\/\/noticiaempauta.com\/portal\/wp-content\/uploads\/2025\/05\/WhatsApp-Image-2025-05-16-at-16.19.09-1536x1152.jpeg 1536w, https:\/\/noticiaempauta.com\/portal\/wp-content\/uploads\/2025\/05\/WhatsApp-Image-2025-05-16-at-16.19.09-2048x1536.jpeg 2048w\" sizes=\"(max-width: 1024px) 100vw, 1024px\" \/><\/figure>\n\n\n\n<figure class=\"wp-block-image size-large\"><img loading=\"lazy\" decoding=\"async\" width=\"1024\" height=\"768\" src=\"https:\/\/noticiaempauta.com\/portal\/wp-content\/uploads\/2025\/05\/WhatsApp-Image-2025-05-16-at-16.21.29-1-1024x768.jpeg\" alt=\"\" class=\"wp-image-271793\" srcset=\"https:\/\/noticiaempauta.com\/portal\/wp-content\/uploads\/2025\/05\/WhatsApp-Image-2025-05-16-at-16.21.29-1-1024x768.jpeg 1024w, https:\/\/noticiaempauta.com\/portal\/wp-content\/uploads\/2025\/05\/WhatsApp-Image-2025-05-16-at-16.21.29-1-300x225.jpeg 300w, https:\/\/noticiaempauta.com\/portal\/wp-content\/uploads\/2025\/05\/WhatsApp-Image-2025-05-16-at-16.21.29-1-768x576.jpeg 768w, https:\/\/noticiaempauta.com\/portal\/wp-content\/uploads\/2025\/05\/WhatsApp-Image-2025-05-16-at-16.21.29-1.jpeg 1200w\" sizes=\"(max-width: 1024px) 100vw, 1024px\" \/><\/figure>\n\n\n\n<figure class=\"wp-block-image size-large\"><img loading=\"lazy\" decoding=\"async\" width=\"1024\" height=\"768\" src=\"https:\/\/noticiaempauta.com\/portal\/wp-content\/uploads\/2025\/05\/WhatsApp-Image-2025-05-16-at-16.21.29-1024x768.jpeg\" alt=\"\" class=\"wp-image-271794\" srcset=\"https:\/\/noticiaempauta.com\/portal\/wp-content\/uploads\/2025\/05\/WhatsApp-Image-2025-05-16-at-16.21.29-1024x768.jpeg 1024w, https:\/\/noticiaempauta.com\/portal\/wp-content\/uploads\/2025\/05\/WhatsApp-Image-2025-05-16-at-16.21.29-300x225.jpeg 300w, https:\/\/noticiaempauta.com\/portal\/wp-content\/uploads\/2025\/05\/WhatsApp-Image-2025-05-16-at-16.21.29-768x576.jpeg 768w, https:\/\/noticiaempauta.com\/portal\/wp-content\/uploads\/2025\/05\/WhatsApp-Image-2025-05-16-at-16.21.29.jpeg 1200w\" sizes=\"(max-width: 1024px) 100vw, 1024px\" \/><\/figure>\n\n\n\n<figure class=\"wp-block-image size-large\"><img loading=\"lazy\" decoding=\"async\" width=\"1024\" height=\"768\" src=\"https:\/\/noticiaempauta.com\/portal\/wp-content\/uploads\/2025\/05\/WhatsApp-Image-2025-05-16-at-16.21.30-1-1024x768.jpeg\" alt=\"\" class=\"wp-image-271795\" srcset=\"https:\/\/noticiaempauta.com\/portal\/wp-content\/uploads\/2025\/05\/WhatsApp-Image-2025-05-16-at-16.21.30-1-1024x768.jpeg 1024w, https:\/\/noticiaempauta.com\/portal\/wp-content\/uploads\/2025\/05\/WhatsApp-Image-2025-05-16-at-16.21.30-1-300x225.jpeg 300w, https:\/\/noticiaempauta.com\/portal\/wp-content\/uploads\/2025\/05\/WhatsApp-Image-2025-05-16-at-16.21.30-1-768x576.jpeg 768w, https:\/\/noticiaempauta.com\/portal\/wp-content\/uploads\/2025\/05\/WhatsApp-Image-2025-05-16-at-16.21.30-1.jpeg 1200w\" sizes=\"(max-width: 1024px) 100vw, 1024px\" \/><\/figure>\n\n\n\n<figure class=\"wp-block-image size-large\"><img loading=\"lazy\" decoding=\"async\" width=\"1024\" height=\"768\" src=\"https:\/\/noticiaempauta.com\/portal\/wp-content\/uploads\/2025\/05\/WhatsApp-Image-2025-05-16-at-16.21.30-1024x768.jpeg\" alt=\"\" class=\"wp-image-271796\" srcset=\"https:\/\/noticiaempauta.com\/portal\/wp-content\/uploads\/2025\/05\/WhatsApp-Image-2025-05-16-at-16.21.30-1024x768.jpeg 1024w, https:\/\/noticiaempauta.com\/portal\/wp-content\/uploads\/2025\/05\/WhatsApp-Image-2025-05-16-at-16.21.30-300x225.jpeg 300w, https:\/\/noticiaempauta.com\/portal\/wp-content\/uploads\/2025\/05\/WhatsApp-Image-2025-05-16-at-16.21.30-768x576.jpeg 768w, https:\/\/noticiaempauta.com\/portal\/wp-content\/uploads\/2025\/05\/WhatsApp-Image-2025-05-16-at-16.21.30.jpeg 1200w\" sizes=\"(max-width: 1024px) 100vw, 1024px\" \/><\/figure>\n\n\n\n<figure class=\"wp-block-image size-large\"><img loading=\"lazy\" decoding=\"async\" width=\"1024\" height=\"768\" src=\"https:\/\/noticiaempauta.com\/portal\/wp-content\/uploads\/2025\/05\/WhatsApp-Image-2025-05-16-at-16.22.15-1-1024x768.jpeg\" alt=\"\" class=\"wp-image-271797\" srcset=\"https:\/\/noticiaempauta.com\/portal\/wp-content\/uploads\/2025\/05\/WhatsApp-Image-2025-05-16-at-16.22.15-1-1024x768.jpeg 1024w, https:\/\/noticiaempauta.com\/portal\/wp-content\/uploads\/2025\/05\/WhatsApp-Image-2025-05-16-at-16.22.15-1-300x225.jpeg 300w, https:\/\/noticiaempauta.com\/portal\/wp-content\/uploads\/2025\/05\/WhatsApp-Image-2025-05-16-at-16.22.15-1-768x576.jpeg 768w, https:\/\/noticiaempauta.com\/portal\/wp-content\/uploads\/2025\/05\/WhatsApp-Image-2025-05-16-at-16.22.15-1.jpeg 1200w\" sizes=\"(max-width: 1024px) 100vw, 1024px\" \/><\/figure>\n\n\n\n<figure class=\"wp-block-image size-large\"><img loading=\"lazy\" decoding=\"async\" width=\"1024\" height=\"768\" src=\"https:\/\/noticiaempauta.com\/portal\/wp-content\/uploads\/2025\/05\/WhatsApp-Image-2025-05-16-at-16.22.15-2-1024x768.jpeg\" alt=\"\" class=\"wp-image-271799\" srcset=\"https:\/\/noticiaempauta.com\/portal\/wp-content\/uploads\/2025\/05\/WhatsApp-Image-2025-05-16-at-16.22.15-2-1024x768.jpeg 1024w, https:\/\/noticiaempauta.com\/portal\/wp-content\/uploads\/2025\/05\/WhatsApp-Image-2025-05-16-at-16.22.15-2-300x225.jpeg 300w, https:\/\/noticiaempauta.com\/portal\/wp-content\/uploads\/2025\/05\/WhatsApp-Image-2025-05-16-at-16.22.15-2-768x576.jpeg 768w, https:\/\/noticiaempauta.com\/portal\/wp-content\/uploads\/2025\/05\/WhatsApp-Image-2025-05-16-at-16.22.15-2.jpeg 1200w\" sizes=\"(max-width: 1024px) 100vw, 1024px\" \/><\/figure>\n\n\n\n<figure class=\"wp-block-image size-large\"><img loading=\"lazy\" decoding=\"async\" width=\"1024\" height=\"768\" src=\"https:\/\/noticiaempauta.com\/portal\/wp-content\/uploads\/2025\/05\/WhatsApp-Image-2025-05-16-at-16.22.15-3-1024x768.jpeg\" alt=\"\" class=\"wp-image-271800\" srcset=\"https:\/\/noticiaempauta.com\/portal\/wp-content\/uploads\/2025\/05\/WhatsApp-Image-2025-05-16-at-16.22.15-3-1024x768.jpeg 1024w, https:\/\/noticiaempauta.com\/portal\/wp-content\/uploads\/2025\/05\/WhatsApp-Image-2025-05-16-at-16.22.15-3-300x225.jpeg 300w, https:\/\/noticiaempauta.com\/portal\/wp-content\/uploads\/2025\/05\/WhatsApp-Image-2025-05-16-at-16.22.15-3-768x576.jpeg 768w, https:\/\/noticiaempauta.com\/portal\/wp-content\/uploads\/2025\/05\/WhatsApp-Image-2025-05-16-at-16.22.15-3.jpeg 1200w\" sizes=\"(max-width: 1024px) 100vw, 1024px\" \/><\/figure>\n\n\n\n<figure class=\"wp-block-image size-large\"><img loading=\"lazy\" decoding=\"async\" width=\"1024\" height=\"768\" src=\"https:\/\/noticiaempauta.com\/portal\/wp-content\/uploads\/2025\/05\/WhatsApp-Image-2025-05-16-at-16.22.15-4-1024x768.jpeg\" alt=\"\" class=\"wp-image-271801\" srcset=\"https:\/\/noticiaempauta.com\/portal\/wp-content\/uploads\/2025\/05\/WhatsApp-Image-2025-05-16-at-16.22.15-4-1024x768.jpeg 1024w, https:\/\/noticiaempauta.com\/portal\/wp-content\/uploads\/2025\/05\/WhatsApp-Image-2025-05-16-at-16.22.15-4-300x225.jpeg 300w, https:\/\/noticiaempauta.com\/portal\/wp-content\/uploads\/2025\/05\/WhatsApp-Image-2025-05-16-at-16.22.15-4-768x576.jpeg 768w, https:\/\/noticiaempauta.com\/portal\/wp-content\/uploads\/2025\/05\/WhatsApp-Image-2025-05-16-at-16.22.15-4.jpeg 1200w\" sizes=\"(max-width: 1024px) 100vw, 1024px\" \/><\/figure>\n\n\n\n<figure class=\"wp-block-image size-large\"><img loading=\"lazy\" decoding=\"async\" width=\"1024\" height=\"768\" src=\"https:\/\/noticiaempauta.com\/portal\/wp-content\/uploads\/2025\/05\/WhatsApp-Image-2025-05-16-at-16.22.15-1024x768.jpeg\" alt=\"\" class=\"wp-image-271802\" srcset=\"https:\/\/noticiaempauta.com\/portal\/wp-content\/uploads\/2025\/05\/WhatsApp-Image-2025-05-16-at-16.22.15-1024x768.jpeg 1024w, https:\/\/noticiaempauta.com\/portal\/wp-content\/uploads\/2025\/05\/WhatsApp-Image-2025-05-16-at-16.22.15-300x225.jpeg 300w, https:\/\/noticiaempauta.com\/portal\/wp-content\/uploads\/2025\/05\/WhatsApp-Image-2025-05-16-at-16.22.15-768x576.jpeg 768w, https:\/\/noticiaempauta.com\/portal\/wp-content\/uploads\/2025\/05\/WhatsApp-Image-2025-05-16-at-16.22.15.jpeg 1200w\" sizes=\"(max-width: 1024px) 100vw, 1024px\" \/><\/figure>\n","protected":false},"excerpt":{"rendered":"<p>Com foco no combate ao abuso sexual e \u00e0 explora\u00e7\u00e3o de crian\u00e7as e adolescentes, a Prefeitura de Massap\u00ea do Piau\u00ed, atrav\u00e9s da Secretaria Municipal de Assist\u00eancia Social, Conselho Tutelar e demais parceiros, promoveram na manh\u00e3 desta sexta-feira, 16 de Maio, o Dia D de a\u00e7\u00f5es voltadas a campanha Maio Laranja. A iniciativa faz parte da [&hellip;]<\/p>\n","protected":false},"author":2,"featured_media":271785,"comment_status":"open","ping_status":"open","sticky":false,"template":"","format":"standard","meta":{"_mi_skip_tracking":false,"footnotes":""},"categories":[1,9,16],"tags":[],"class_list":["post-271782","post","type-post","status-publish","format-standard","has-post-thumbnail","hentry","category-geral","category-municipios","category-todas"],"acf":[],"yoast_head":"<!-- This site is optimized with the Yoast SEO Premium plugin v19.2 (Yoast SEO v26.9) - https:\/\/yoast.com\/product\/yoast-seo-premium-wordpress\/ -->\n<title>Prefeitura de Massap\u00ea promove Dia D da Campanha Maio Laranja com a\u00e7\u00f5es de conscientiza\u00e7\u00e3o e prote\u00e7\u00e3o as crian\u00e7as e adolescentes - Portal Not\u00edcia em Pauta<\/title>\n<meta name=\"robots\" content=\"index, follow, max-snippet:-1, max-image-preview:large, max-video-preview:-1\" \/>\n<link rel=\"canonical\" href=\"https:\/\/noticiaempauta.com\/portal\/prefeitura-de-massape-promove-dia-d-da-campanha-maio-laranja-com-acoes-de-conscientizacao-e-protecao-as-criancas-e-adolescentes\/\" \/>\n<meta property=\"og:locale\" content=\"pt_BR\" \/>\n<meta property=\"og:type\" content=\"article\" \/>\n<meta property=\"og:title\" content=\"Prefeitura de Massap\u00ea promove Dia D da Campanha Maio Laranja com a\u00e7\u00f5es de conscientiza\u00e7\u00e3o e prote\u00e7\u00e3o as crian\u00e7as e adolescentes\" \/>\n<meta property=\"og:description\" content=\"Com foco no combate ao abuso sexual e \u00e0 explora\u00e7\u00e3o de crian\u00e7as e adolescentes, a Prefeitura de Massap\u00ea do Piau\u00ed, atrav\u00e9s da Secretaria Municipal de Assist\u00eancia Social, Conselho Tutelar e demais parceiros, promoveram na manh\u00e3 desta sexta-feira, 16 de Maio, o Dia D de a\u00e7\u00f5es voltadas a campanha Maio Laranja. A iniciativa faz parte da [&hellip;]\" \/>\n<meta property=\"og:url\" content=\"https:\/\/noticiaempauta.com\/portal\/prefeitura-de-massape-promove-dia-d-da-campanha-maio-laranja-com-acoes-de-conscientizacao-e-protecao-as-criancas-e-adolescentes\/\" \/>\n<meta property=\"og:site_name\" content=\"Portal Not\u00edcia em Pauta\" \/>\n<meta property=\"article:publisher\" content=\"https:\/\/www.facebook.com\/Portal-Notcia-Em-Pauta-102292869264820\/\" \/>\n<meta property=\"article:published_time\" content=\"2025-05-16T19:27:41+00:00\" \/>\n<meta property=\"article:modified_time\" content=\"2025-05-16T19:27:42+00:00\" \/>\n<meta property=\"og:image\" content=\"https:\/\/noticiaempauta.com\/portal\/wp-content\/uploads\/2025\/05\/WhatsApp-Image-2025-05-16-at-16.01.41-scaled.jpeg\" \/>\n\t<meta property=\"og:image:width\" content=\"2560\" \/>\n\t<meta property=\"og:image:height\" content=\"1920\" \/>\n\t<meta property=\"og:image:type\" content=\"image\/jpeg\" \/>\n<meta name=\"author\" content=\"Reda\u00e7\u00e3o\" \/>\n<meta name=\"twitter:card\" content=\"summary_large_image\" \/>\n<meta name=\"twitter:label1\" content=\"Escrito por\" \/>\n\t<meta name=\"twitter:data1\" content=\"Reda\u00e7\u00e3o\" \/>\n\t<meta name=\"twitter:label2\" content=\"Est. tempo de leitura\" \/>\n\t<meta name=\"twitter:data2\" content=\"6 minutos\" \/>\n<script type=\"application\/ld+json\" class=\"yoast-schema-graph\">{\"@context\":\"https:\/\/schema.org\",\"@graph\":[{\"@type\":\"Article\",\"@id\":\"https:\/\/noticiaempauta.com\/portal\/prefeitura-de-massape-promove-dia-d-da-campanha-maio-laranja-com-acoes-de-conscientizacao-e-protecao-as-criancas-e-adolescentes\/#article\",\"isPartOf\":{\"@id\":\"https:\/\/noticiaempauta.com\/portal\/prefeitura-de-massape-promove-dia-d-da-campanha-maio-laranja-com-acoes-de-conscientizacao-e-protecao-as-criancas-e-adolescentes\/\"},\"author\":{\"name\":\"Reda\u00e7\u00e3o\",\"@id\":\"https:\/\/noticiaempauta.com\/portal\/#\/schema\/person\/a74af43dd1ab3deca45f988c717d57ac\"},\"headline\":\"Prefeitura de Massap\u00ea promove Dia D da Campanha Maio Laranja com a\u00e7\u00f5es de conscientiza\u00e7\u00e3o e prote\u00e7\u00e3o as crian\u00e7as e adolescentes\",\"datePublished\":\"2025-05-16T19:27:41+00:00\",\"dateModified\":\"2025-05-16T19:27:42+00:00\",\"mainEntityOfPage\":{\"@id\":\"https:\/\/noticiaempauta.com\/portal\/prefeitura-de-massape-promove-dia-d-da-campanha-maio-laranja-com-acoes-de-conscientizacao-e-protecao-as-criancas-e-adolescentes\/\"},\"wordCount\":326,\"commentCount\":0,\"publisher\":{\"@id\":\"https:\/\/noticiaempauta.com\/portal\/#organization\"},\"image\":{\"@id\":\"https:\/\/noticiaempauta.com\/portal\/prefeitura-de-massape-promove-dia-d-da-campanha-maio-laranja-com-acoes-de-conscientizacao-e-protecao-as-criancas-e-adolescentes\/#primaryimage\"},\"thumbnailUrl\":\"https:\/\/noticiaempauta.com\/portal\/wp-content\/uploads\/2025\/05\/WhatsApp-Image-2025-05-16-at-16.01.41-scaled.jpeg\",\"articleSection\":[\"Geral\",\"Munic\u00edpios\",\"Todas as Not\u00edcias\"],\"inLanguage\":\"pt-BR\",\"potentialAction\":[{\"@type\":\"CommentAction\",\"name\":\"Comment\",\"target\":[\"https:\/\/noticiaempauta.com\/portal\/prefeitura-de-massape-promove-dia-d-da-campanha-maio-laranja-com-acoes-de-conscientizacao-e-protecao-as-criancas-e-adolescentes\/#respond\"]}]},{\"@type\":\"WebPage\",\"@id\":\"https:\/\/noticiaempauta.com\/portal\/prefeitura-de-massape-promove-dia-d-da-campanha-maio-laranja-com-acoes-de-conscientizacao-e-protecao-as-criancas-e-adolescentes\/\",\"url\":\"https:\/\/noticiaempauta.com\/portal\/prefeitura-de-massape-promove-dia-d-da-campanha-maio-laranja-com-acoes-de-conscientizacao-e-protecao-as-criancas-e-adolescentes\/\",\"name\":\"Prefeitura de Massap\u00ea promove Dia D da Campanha Maio Laranja com a\u00e7\u00f5es de conscientiza\u00e7\u00e3o e prote\u00e7\u00e3o as crian\u00e7as e adolescentes - Portal Not\u00edcia em Pauta\",\"isPartOf\":{\"@id\":\"https:\/\/noticiaempauta.com\/portal\/#website\"},\"primaryImageOfPage\":{\"@id\":\"https:\/\/noticiaempauta.com\/portal\/prefeitura-de-massape-promove-dia-d-da-campanha-maio-laranja-com-acoes-de-conscientizacao-e-protecao-as-criancas-e-adolescentes\/#primaryimage\"},\"image\":{\"@id\":\"https:\/\/noticiaempauta.com\/portal\/prefeitura-de-massape-promove-dia-d-da-campanha-maio-laranja-com-acoes-de-conscientizacao-e-protecao-as-criancas-e-adolescentes\/#primaryimage\"},\"thumbnailUrl\":\"https:\/\/noticiaempauta.com\/portal\/wp-content\/uploads\/2025\/05\/WhatsApp-Image-2025-05-16-at-16.01.41-scaled.jpeg\",\"datePublished\":\"2025-05-16T19:27:41+00:00\",\"dateModified\":\"2025-05-16T19:27:42+00:00\",\"breadcrumb\":{\"@id\":\"https:\/\/noticiaempauta.com\/portal\/prefeitura-de-massape-promove-dia-d-da-campanha-maio-laranja-com-acoes-de-conscientizacao-e-protecao-as-criancas-e-adolescentes\/#breadcrumb\"},\"inLanguage\":\"pt-BR\",\"potentialAction\":[{\"@type\":\"ReadAction\",\"target\":[\"https:\/\/noticiaempauta.com\/portal\/prefeitura-de-massape-promove-dia-d-da-campanha-maio-laranja-com-acoes-de-conscientizacao-e-protecao-as-criancas-e-adolescentes\/\"]}]},{\"@type\":\"ImageObject\",\"inLanguage\":\"pt-BR\",\"@id\":\"https:\/\/noticiaempauta.com\/portal\/prefeitura-de-massape-promove-dia-d-da-campanha-maio-laranja-com-acoes-de-conscientizacao-e-protecao-as-criancas-e-adolescentes\/#primaryimage\",\"url\":\"https:\/\/noticiaempauta.com\/portal\/wp-content\/uploads\/2025\/05\/WhatsApp-Image-2025-05-16-at-16.01.41-scaled.jpeg\",\"contentUrl\":\"https:\/\/noticiaempauta.com\/portal\/wp-content\/uploads\/2025\/05\/WhatsApp-Image-2025-05-16-at-16.01.41-scaled.jpeg\",\"width\":2560,\"height\":1920},{\"@type\":\"BreadcrumbList\",\"@id\":\"https:\/\/noticiaempauta.com\/portal\/prefeitura-de-massape-promove-dia-d-da-campanha-maio-laranja-com-acoes-de-conscientizacao-e-protecao-as-criancas-e-adolescentes\/#breadcrumb\",\"itemListElement\":[{\"@type\":\"ListItem\",\"position\":1,\"name\":\"P\u00e1gina Inicial\",\"item\":\"https:\/\/noticiaempauta.com\/portal\/\"},{\"@type\":\"ListItem\",\"position\":2,\"name\":\"Geral\",\"item\":\"https:\/\/noticiaempauta.com\/portal\/geral\/\"},{\"@type\":\"ListItem\",\"position\":3,\"name\":\"Prefeitura de Massap\u00ea promove Dia D da Campanha Maio Laranja com a\u00e7\u00f5es de conscientiza\u00e7\u00e3o e prote\u00e7\u00e3o as crian\u00e7as e adolescentes\"}]},{\"@type\":\"WebSite\",\"@id\":\"https:\/\/noticiaempauta.com\/portal\/#website\",\"url\":\"https:\/\/noticiaempauta.com\/portal\/\",\"name\":\"Portal Not\u00edcia em Pauta\",\"description\":\"Voc\u00ea bem informado\",\"publisher\":{\"@id\":\"https:\/\/noticiaempauta.com\/portal\/#organization\"},\"potentialAction\":[{\"@type\":\"SearchAction\",\"target\":{\"@type\":\"EntryPoint\",\"urlTemplate\":\"https:\/\/noticiaempauta.com\/portal\/?s={search_term_string}\"},\"query-input\":{\"@type\":\"PropertyValueSpecification\",\"valueRequired\":true,\"valueName\":\"search_term_string\"}}],\"inLanguage\":\"pt-BR\"},{\"@type\":\"Organization\",\"@id\":\"https:\/\/noticiaempauta.com\/portal\/#organization\",\"name\":\"Portal Not\u00edcia em Pauta\",\"url\":\"https:\/\/noticiaempauta.com\/portal\/\",\"logo\":{\"@type\":\"ImageObject\",\"inLanguage\":\"pt-BR\",\"@id\":\"https:\/\/noticiaempauta.com\/portal\/#\/schema\/logo\/image\/\",\"url\":\"https:\/\/noticiaempauta.com\/portal\/wp-content\/uploads\/2022\/08\/logomarca_tema.fw_.png\",\"contentUrl\":\"https:\/\/noticiaempauta.com\/portal\/wp-content\/uploads\/2022\/08\/logomarca_tema.fw_.png\",\"width\":400,\"height\":232,\"caption\":\"Portal Not\u00edcia em Pauta\"},\"image\":{\"@id\":\"https:\/\/noticiaempauta.com\/portal\/#\/schema\/logo\/image\/\"},\"sameAs\":[\"https:\/\/www.facebook.com\/Portal-Notcia-Em-Pauta-102292869264820\/\",\"https:\/\/www.instagram.com\/portalnoticiaempauta\/\"]},{\"@type\":\"Person\",\"@id\":\"https:\/\/noticiaempauta.com\/portal\/#\/schema\/person\/a74af43dd1ab3deca45f988c717d57ac\",\"name\":\"Reda\u00e7\u00e3o\",\"image\":{\"@type\":\"ImageObject\",\"inLanguage\":\"pt-BR\",\"@id\":\"https:\/\/noticiaempauta.com\/portal\/#\/schema\/person\/image\/\",\"url\":\"https:\/\/secure.gravatar.com\/avatar\/03179346ecce6cdfc13361603e8f54242a90e5cde8618fa23c5c00aa2b0aadf3?s=96&d=mm&r=g\",\"contentUrl\":\"https:\/\/secure.gravatar.com\/avatar\/03179346ecce6cdfc13361603e8f54242a90e5cde8618fa23c5c00aa2b0aadf3?s=96&d=mm&r=g\",\"caption\":\"Reda\u00e7\u00e3o\"},\"sameAs\":[\"https:\/\/noticiaempauta.com\/portal\/\"],\"url\":\"https:\/\/noticiaempauta.com\/portal\/author\/fernando\/\"}]}<\/script>\n<!-- \/ Yoast SEO Premium plugin. -->","yoast_head_json":{"title":"Prefeitura de Massap\u00ea promove Dia D da Campanha Maio Laranja com a\u00e7\u00f5es de conscientiza\u00e7\u00e3o e prote\u00e7\u00e3o as crian\u00e7as e adolescentes - Portal Not\u00edcia em Pauta","robots":{"index":"index","follow":"follow","max-snippet":"max-snippet:-1","max-image-preview":"max-image-preview:large","max-video-preview":"max-video-preview:-1"},"canonical":"https:\/\/noticiaempauta.com\/portal\/prefeitura-de-massape-promove-dia-d-da-campanha-maio-laranja-com-acoes-de-conscientizacao-e-protecao-as-criancas-e-adolescentes\/","og_locale":"pt_BR","og_type":"article","og_title":"Prefeitura de Massap\u00ea promove Dia D da Campanha Maio Laranja com a\u00e7\u00f5es de conscientiza\u00e7\u00e3o e prote\u00e7\u00e3o as crian\u00e7as e adolescentes","og_description":"Com foco no combate ao abuso sexual e \u00e0 explora\u00e7\u00e3o de crian\u00e7as e adolescentes, a Prefeitura de Massap\u00ea do Piau\u00ed, atrav\u00e9s da Secretaria Municipal de Assist\u00eancia Social, Conselho Tutelar e demais parceiros, promoveram na manh\u00e3 desta sexta-feira, 16 de Maio, o Dia D de a\u00e7\u00f5es voltadas a campanha Maio Laranja. A iniciativa faz parte da [&hellip;]","og_url":"https:\/\/noticiaempauta.com\/portal\/prefeitura-de-massape-promove-dia-d-da-campanha-maio-laranja-com-acoes-de-conscientizacao-e-protecao-as-criancas-e-adolescentes\/","og_site_name":"Portal Not\u00edcia em Pauta","article_publisher":"https:\/\/www.facebook.com\/Portal-Notcia-Em-Pauta-102292869264820\/","article_published_time":"2025-05-16T19:27:41+00:00","article_modified_time":"2025-05-16T19:27:42+00:00","og_image":[{"width":2560,"height":1920,"url":"https:\/\/noticiaempauta.com\/portal\/wp-content\/uploads\/2025\/05\/WhatsApp-Image-2025-05-16-at-16.01.41-scaled.jpeg","type":"image\/jpeg"}],"author":"Reda\u00e7\u00e3o","twitter_card":"summary_large_image","twitter_misc":{"Escrito por":"Reda\u00e7\u00e3o","Est. tempo de leitura":"6 minutos"},"schema":{"@context":"https:\/\/schema.org","@graph":[{"@type":"Article","@id":"https:\/\/noticiaempauta.com\/portal\/prefeitura-de-massape-promove-dia-d-da-campanha-maio-laranja-com-acoes-de-conscientizacao-e-protecao-as-criancas-e-adolescentes\/#article","isPartOf":{"@id":"https:\/\/noticiaempauta.com\/portal\/prefeitura-de-massape-promove-dia-d-da-campanha-maio-laranja-com-acoes-de-conscientizacao-e-protecao-as-criancas-e-adolescentes\/"},"author":{"name":"Reda\u00e7\u00e3o","@id":"https:\/\/noticiaempauta.com\/portal\/#\/schema\/person\/a74af43dd1ab3deca45f988c717d57ac"},"headline":"Prefeitura de Massap\u00ea promove Dia D da Campanha Maio Laranja com a\u00e7\u00f5es de conscientiza\u00e7\u00e3o e prote\u00e7\u00e3o as crian\u00e7as e adolescentes","datePublished":"2025-05-16T19:27:41+00:00","dateModified":"2025-05-16T19:27:42+00:00","mainEntityOfPage":{"@id":"https:\/\/noticiaempauta.com\/portal\/prefeitura-de-massape-promove-dia-d-da-campanha-maio-laranja-com-acoes-de-conscientizacao-e-protecao-as-criancas-e-adolescentes\/"},"wordCount":326,"commentCount":0,"publisher":{"@id":"https:\/\/noticiaempauta.com\/portal\/#organization"},"image":{"@id":"https:\/\/noticiaempauta.com\/portal\/prefeitura-de-massape-promove-dia-d-da-campanha-maio-laranja-com-acoes-de-conscientizacao-e-protecao-as-criancas-e-adolescentes\/#primaryimage"},"thumbnailUrl":"https:\/\/noticiaempauta.com\/portal\/wp-content\/uploads\/2025\/05\/WhatsApp-Image-2025-05-16-at-16.01.41-scaled.jpeg","articleSection":["Geral","Munic\u00edpios","Todas as Not\u00edcias"],"inLanguage":"pt-BR","potentialAction":[{"@type":"CommentAction","name":"Comment","target":["https:\/\/noticiaempauta.com\/portal\/prefeitura-de-massape-promove-dia-d-da-campanha-maio-laranja-com-acoes-de-conscientizacao-e-protecao-as-criancas-e-adolescentes\/#respond"]}]},{"@type":"WebPage","@id":"https:\/\/noticiaempauta.com\/portal\/prefeitura-de-massape-promove-dia-d-da-campanha-maio-laranja-com-acoes-de-conscientizacao-e-protecao-as-criancas-e-adolescentes\/","url":"https:\/\/noticiaempauta.com\/portal\/prefeitura-de-massape-promove-dia-d-da-campanha-maio-laranja-com-acoes-de-conscientizacao-e-protecao-as-criancas-e-adolescentes\/","name":"Prefeitura de Massap\u00ea promove Dia D da Campanha Maio Laranja com a\u00e7\u00f5es de conscientiza\u00e7\u00e3o e prote\u00e7\u00e3o as crian\u00e7as e adolescentes - Portal Not\u00edcia em Pauta","isPartOf":{"@id":"https:\/\/noticiaempauta.com\/portal\/#website"},"primaryImageOfPage":{"@id":"https:\/\/noticiaempauta.com\/portal\/prefeitura-de-massape-promove-dia-d-da-campanha-maio-laranja-com-acoes-de-conscientizacao-e-protecao-as-criancas-e-adolescentes\/#primaryimage"},"image":{"@id":"https:\/\/noticiaempauta.com\/portal\/prefeitura-de-massape-promove-dia-d-da-campanha-maio-laranja-com-acoes-de-conscientizacao-e-protecao-as-criancas-e-adolescentes\/#primaryimage"},"thumbnailUrl":"https:\/\/noticiaempauta.com\/portal\/wp-content\/uploads\/2025\/05\/WhatsApp-Image-2025-05-16-at-16.01.41-scaled.jpeg","datePublished":"2025-05-16T19:27:41+00:00","dateModified":"2025-05-16T19:27:42+00:00","breadcrumb":{"@id":"https:\/\/noticiaempauta.com\/portal\/prefeitura-de-massape-promove-dia-d-da-campanha-maio-laranja-com-acoes-de-conscientizacao-e-protecao-as-criancas-e-adolescentes\/#breadcrumb"},"inLanguage":"pt-BR","potentialAction":[{"@type":"ReadAction","target":["https:\/\/noticiaempauta.com\/portal\/prefeitura-de-massape-promove-dia-d-da-campanha-maio-laranja-com-acoes-de-conscientizacao-e-protecao-as-criancas-e-adolescentes\/"]}]},{"@type":"ImageObject","inLanguage":"pt-BR","@id":"https:\/\/noticiaempauta.com\/portal\/prefeitura-de-massape-promove-dia-d-da-campanha-maio-laranja-com-acoes-de-conscientizacao-e-protecao-as-criancas-e-adolescentes\/#primaryimage","url":"https:\/\/noticiaempauta.com\/portal\/wp-content\/uploads\/2025\/05\/WhatsApp-Image-2025-05-16-at-16.01.41-scaled.jpeg","contentUrl":"https:\/\/noticiaempauta.com\/portal\/wp-content\/uploads\/2025\/05\/WhatsApp-Image-2025-05-16-at-16.01.41-scaled.jpeg","width":2560,"height":1920},{"@type":"BreadcrumbList","@id":"https:\/\/noticiaempauta.com\/portal\/prefeitura-de-massape-promove-dia-d-da-campanha-maio-laranja-com-acoes-de-conscientizacao-e-protecao-as-criancas-e-adolescentes\/#breadcrumb","itemListElement":[{"@type":"ListItem","position":1,"name":"P\u00e1gina Inicial","item":"https:\/\/noticiaempauta.com\/portal\/"},{"@type":"ListItem","position":2,"name":"Geral","item":"https:\/\/noticiaempauta.com\/portal\/geral\/"},{"@type":"ListItem","position":3,"name":"Prefeitura de Massap\u00ea promove Dia D da Campanha Maio Laranja com a\u00e7\u00f5es de conscientiza\u00e7\u00e3o e prote\u00e7\u00e3o as crian\u00e7as e adolescentes"}]},{"@type":"WebSite","@id":"https:\/\/noticiaempauta.com\/portal\/#website","url":"https:\/\/noticiaempauta.com\/portal\/","name":"Portal Not\u00edcia em Pauta","description":"Voc\u00ea bem informado","publisher":{"@id":"https:\/\/noticiaempauta.com\/portal\/#organization"},"potentialAction":[{"@type":"SearchAction","target":{"@type":"EntryPoint","urlTemplate":"https:\/\/noticiaempauta.com\/portal\/?s={search_term_string}"},"query-input":{"@type":"PropertyValueSpecification","valueRequired":true,"valueName":"search_term_string"}}],"inLanguage":"pt-BR"},{"@type":"Organization","@id":"https:\/\/noticiaempauta.com\/portal\/#organization","name":"Portal Not\u00edcia em Pauta","url":"https:\/\/noticiaempauta.com\/portal\/","logo":{"@type":"ImageObject","inLanguage":"pt-BR","@id":"https:\/\/noticiaempauta.com\/portal\/#\/schema\/logo\/image\/","url":"https:\/\/noticiaempauta.com\/portal\/wp-content\/uploads\/2022\/08\/logomarca_tema.fw_.png","contentUrl":"https:\/\/noticiaempauta.com\/portal\/wp-content\/uploads\/2022\/08\/logomarca_tema.fw_.png","width":400,"height":232,"caption":"Portal Not\u00edcia em Pauta"},"image":{"@id":"https:\/\/noticiaempauta.com\/portal\/#\/schema\/logo\/image\/"},"sameAs":["https:\/\/www.facebook.com\/Portal-Notcia-Em-Pauta-102292869264820\/","https:\/\/www.instagram.com\/portalnoticiaempauta\/"]},{"@type":"Person","@id":"https:\/\/noticiaempauta.com\/portal\/#\/schema\/person\/a74af43dd1ab3deca45f988c717d57ac","name":"Reda\u00e7\u00e3o","image":{"@type":"ImageObject","inLanguage":"pt-BR","@id":"https:\/\/noticiaempauta.com\/portal\/#\/schema\/person\/image\/","url":"https:\/\/secure.gravatar.com\/avatar\/03179346ecce6cdfc13361603e8f54242a90e5cde8618fa23c5c00aa2b0aadf3?s=96&d=mm&r=g","contentUrl":"https:\/\/secure.gravatar.com\/avatar\/03179346ecce6cdfc13361603e8f54242a90e5cde8618fa23c5c00aa2b0aadf3?s=96&d=mm&r=g","caption":"Reda\u00e7\u00e3o"},"sameAs":["https:\/\/noticiaempauta.com\/portal\/"],"url":"https:\/\/noticiaempauta.com\/portal\/author\/fernando\/"}]}},"_links":{"self":[{"href":"https:\/\/noticiaempauta.com\/portal\/wp-json\/wp\/v2\/posts\/271782","targetHints":{"allow":["GET"]}}],"collection":[{"href":"https:\/\/noticiaempauta.com\/portal\/wp-json\/wp\/v2\/posts"}],"about":[{"href":"https:\/\/noticiaempauta.com\/portal\/wp-json\/wp\/v2\/types\/post"}],"author":[{"embeddable":true,"href":"https:\/\/noticiaempauta.com\/portal\/wp-json\/wp\/v2\/users\/2"}],"replies":[{"embeddable":true,"href":"https:\/\/noticiaempauta.com\/portal\/wp-json\/wp\/v2\/comments?post=271782"}],"version-history":[{"count":1,"href":"https:\/\/noticiaempauta.com\/portal\/wp-json\/wp\/v2\/posts\/271782\/revisions"}],"predecessor-version":[{"id":271803,"href":"https:\/\/noticiaempauta.com\/portal\/wp-json\/wp\/v2\/posts\/271782\/revisions\/271803"}],"wp:featuredmedia":[{"embeddable":true,"href":"https:\/\/noticiaempauta.com\/portal\/wp-json\/wp\/v2\/media\/271785"}],"wp:attachment":[{"href":"https:\/\/noticiaempauta.com\/portal\/wp-json\/wp\/v2\/media?parent=271782"}],"wp:term":[{"taxonomy":"category","embeddable":true,"href":"https:\/\/noticiaempauta.com\/portal\/wp-json\/wp\/v2\/categories?post=271782"},{"taxonomy":"post_tag","embeddable":true,"href":"https:\/\/noticiaempauta.com\/portal\/wp-json\/wp\/v2\/tags?post=271782"}],"curies":[{"name":"wp","href":"https:\/\/api.w.org\/{rel}","templated":true}]}}