{"id":271827,"date":"2025-05-16T19:55:04","date_gmt":"2025-05-16T22:55:04","guid":{"rendered":"https:\/\/noticiaempauta.com\/portal\/?p=271827"},"modified":"2025-05-16T19:55:05","modified_gmt":"2025-05-16T22:55:05","slug":"divulgada-programacao-oficial-do-picos-cidade-junina-2025","status":"publish","type":"post","link":"https:\/\/noticiaempauta.com\/portal\/divulgada-programacao-oficial-do-picos-cidade-junina-2025\/","title":{"rendered":"Divulgada programa\u00e7\u00e3o oficial do Picos Cidade Junina 2025"},"content":{"rendered":"\n<p>A Prefeitura Municipal de Picos anunciou oficialmente a aguardada programa\u00e7\u00e3o do Picos Cidade Junina 2025, que acontecer\u00e1 nos dias 29, 30 e 31 de maio e 1\u00ba de junho. O evento promete uma verdadeira maratona de forr\u00f3, tradi\u00e7\u00e3o, e cultura nordestina, reunindo grandes nomes da m\u00fasica nacional e talentos locais.<\/p>\n\n\n\n<p><strong>Confira a programa\u00e7\u00e3o completa:<\/strong><\/p>\n\n\n\n<figure class=\"wp-block-image size-large\"><img fetchpriority=\"high\" decoding=\"async\" width=\"846\" height=\"1024\" src=\"https:\/\/noticiaempauta.com\/portal\/wp-content\/uploads\/2025\/05\/IMG_9683-846x1024.webp\" alt=\"\" class=\"wp-image-271832\" srcset=\"https:\/\/noticiaempauta.com\/portal\/wp-content\/uploads\/2025\/05\/IMG_9683-846x1024.webp 846w, https:\/\/noticiaempauta.com\/portal\/wp-content\/uploads\/2025\/05\/IMG_9683-248x300.webp 248w, https:\/\/noticiaempauta.com\/portal\/wp-content\/uploads\/2025\/05\/IMG_9683-768x929.webp 768w, https:\/\/noticiaempauta.com\/portal\/wp-content\/uploads\/2025\/05\/IMG_9683.webp 1080w\" sizes=\"(max-width: 846px) 100vw, 846px\" \/><\/figure>\n\n\n\n<p>A programa\u00e7\u00e3o come\u00e7a no dia&nbsp;<strong>29 de maio<\/strong>, quinta-feira, com uma noite dedicada ao aut\u00eantico forr\u00f3 tradicional. Sobem ao palco&nbsp;<strong>Fl\u00e1vio Jos\u00e9<\/strong>,&nbsp;<strong>Dorgival Dantas<\/strong>,&nbsp;<strong>Waldonys<\/strong>, al\u00e9m de&nbsp;<strong>Nonato Costa<\/strong>&nbsp;e&nbsp;<strong>Trio Xaxado<\/strong>.<\/p>\n\n\n\n<figure class=\"wp-block-image size-large\"><img decoding=\"async\" width=\"846\" height=\"1024\" src=\"https:\/\/noticiaempauta.com\/portal\/wp-content\/uploads\/2025\/05\/IMG_9682-846x1024.webp\" alt=\"\" class=\"wp-image-271831\" srcset=\"https:\/\/noticiaempauta.com\/portal\/wp-content\/uploads\/2025\/05\/IMG_9682-846x1024.webp 846w, https:\/\/noticiaempauta.com\/portal\/wp-content\/uploads\/2025\/05\/IMG_9682-248x300.webp 248w, https:\/\/noticiaempauta.com\/portal\/wp-content\/uploads\/2025\/05\/IMG_9682-768x929.webp 768w, https:\/\/noticiaempauta.com\/portal\/wp-content\/uploads\/2025\/05\/IMG_9682.webp 1080w\" sizes=\"(max-width: 846px) 100vw, 846px\" \/><\/figure>\n\n\n\n<p>Na sexta-feira,\u00a0<strong>30 de maio<\/strong>, se apresentaram\u00a0<strong>Xand Avi\u00e3o<\/strong>,\u00a0<strong>Zezo<\/strong>,\u00a0<strong>Janny Santos<\/strong>,\u00a0<strong>Matheus Willy<\/strong>\u00a0e\u00a0<strong>Juliana Guedes<\/strong>.<\/p>\n\n\n\n<figure class=\"wp-block-image size-large\"><img decoding=\"async\" width=\"846\" height=\"1024\" src=\"https:\/\/noticiaempauta.com\/portal\/wp-content\/uploads\/2025\/05\/IMG_9681-846x1024.webp\" alt=\"\" class=\"wp-image-271830\" srcset=\"https:\/\/noticiaempauta.com\/portal\/wp-content\/uploads\/2025\/05\/IMG_9681-846x1024.webp 846w, https:\/\/noticiaempauta.com\/portal\/wp-content\/uploads\/2025\/05\/IMG_9681-248x300.webp 248w, https:\/\/noticiaempauta.com\/portal\/wp-content\/uploads\/2025\/05\/IMG_9681-768x929.webp 768w, https:\/\/noticiaempauta.com\/portal\/wp-content\/uploads\/2025\/05\/IMG_9681.webp 1080w\" sizes=\"(max-width: 846px) 100vw, 846px\" \/><\/figure>\n\n\n\n<p>O s\u00e1bado,\u00a0<strong>31 de maio<\/strong>, contar\u00e1 com shows de\u00a0<strong>Simone Mendes<\/strong>,\u00a0<strong>Eric Land<\/strong>,\u00a0<strong>Faf\u00e1 Santana<\/strong>,\u00a0<strong>Ana Lu\u00edsa<\/strong>\u00a0e\u00a0<strong>Luccas Daniel<\/strong>.<\/p>\n\n\n\n<figure class=\"wp-block-image size-large\"><img loading=\"lazy\" decoding=\"async\" width=\"846\" height=\"1024\" src=\"https:\/\/noticiaempauta.com\/portal\/wp-content\/uploads\/2025\/05\/IMG_9680-846x1024.webp\" alt=\"\" class=\"wp-image-271829\" srcset=\"https:\/\/noticiaempauta.com\/portal\/wp-content\/uploads\/2025\/05\/IMG_9680-846x1024.webp 846w, https:\/\/noticiaempauta.com\/portal\/wp-content\/uploads\/2025\/05\/IMG_9680-248x300.webp 248w, https:\/\/noticiaempauta.com\/portal\/wp-content\/uploads\/2025\/05\/IMG_9680-768x929.webp 768w, https:\/\/noticiaempauta.com\/portal\/wp-content\/uploads\/2025\/05\/IMG_9680.webp 1080w\" sizes=\"(max-width: 846px) 100vw, 846px\" \/><\/figure>\n\n\n\n<p>Encerrando a programa\u00e7\u00e3o no domingo,\u00a0<strong>1\u00ba de junho<\/strong>, a festa atinge seu \u00e1pice com o show de\u00a0<strong>Wesley Safad\u00e3o<\/strong>, fen\u00f4meno da m\u00fasica brasileira, que promete lotar a arena do evento. O encerramento tamb\u00e9m contar\u00e1 com a presen\u00e7a da cantora\u00a0<strong>Fernandinha<\/strong>, de\u00a0<strong>Edy Sakana<\/strong>, de\u00a0<strong>Novin Rezzenha<\/strong>\u00a0e\u00a0<strong>Dany Gon\u00e7alves<\/strong>.<\/p>\n\n\n\n<figure class=\"wp-block-image size-large\"><img loading=\"lazy\" decoding=\"async\" width=\"846\" height=\"1024\" src=\"https:\/\/noticiaempauta.com\/portal\/wp-content\/uploads\/2025\/05\/IMG_9684-846x1024.webp\" alt=\"\" class=\"wp-image-271833\" srcset=\"https:\/\/noticiaempauta.com\/portal\/wp-content\/uploads\/2025\/05\/IMG_9684-846x1024.webp 846w, https:\/\/noticiaempauta.com\/portal\/wp-content\/uploads\/2025\/05\/IMG_9684-248x300.webp 248w, https:\/\/noticiaempauta.com\/portal\/wp-content\/uploads\/2025\/05\/IMG_9684-768x929.webp 768w, https:\/\/noticiaempauta.com\/portal\/wp-content\/uploads\/2025\/05\/IMG_9684.webp 1080w\" sizes=\"(max-width: 846px) 100vw, 846px\" \/><\/figure>\n\n\n\n<p>Fonte: Riach\u00e3oNet <\/p>\n\n\n\n<p><br><br><\/p>\n","protected":false},"excerpt":{"rendered":"<p>A Prefeitura Municipal de Picos anunciou oficialmente a aguardada programa\u00e7\u00e3o do Picos Cidade Junina 2025, que acontecer\u00e1 nos dias 29, 30 e 31 de maio e 1\u00ba de junho. O evento promete uma verdadeira maratona de forr\u00f3, tradi\u00e7\u00e3o, e cultura nordestina, reunindo grandes nomes da m\u00fasica nacional e talentos locais. Confira a programa\u00e7\u00e3o completa: A [&hellip;]<\/p>\n","protected":false},"author":2,"featured_media":271828,"comment_status":"open","ping_status":"open","sticky":false,"template":"","format":"standard","meta":{"_mi_skip_tracking":false,"footnotes":""},"categories":[167,25,1,16],"tags":[],"class_list":["post-271827","post","type-post","status-publish","format-standard","has-post-thumbnail","hentry","category-cultura","category-destaques-site","category-geral","category-todas"],"acf":[],"yoast_head":"<!-- This site is optimized with the Yoast SEO Premium plugin v19.2 (Yoast SEO v26.9) - https:\/\/yoast.com\/product\/yoast-seo-premium-wordpress\/ -->\n<title>Divulgada programa\u00e7\u00e3o oficial do Picos Cidade Junina 2025 - Portal Not\u00edcia em Pauta<\/title>\n<meta name=\"robots\" content=\"index, follow, max-snippet:-1, max-image-preview:large, max-video-preview:-1\" \/>\n<link rel=\"canonical\" href=\"https:\/\/noticiaempauta.com\/portal\/divulgada-programacao-oficial-do-picos-cidade-junina-2025\/\" \/>\n<meta property=\"og:locale\" content=\"pt_BR\" \/>\n<meta property=\"og:type\" content=\"article\" \/>\n<meta property=\"og:title\" content=\"Divulgada programa\u00e7\u00e3o oficial do Picos Cidade Junina 2025\" \/>\n<meta property=\"og:description\" content=\"A Prefeitura Municipal de Picos anunciou oficialmente a aguardada programa\u00e7\u00e3o do Picos Cidade Junina 2025, que acontecer\u00e1 nos dias 29, 30 e 31 de maio e 1\u00ba de junho. O evento promete uma verdadeira maratona de forr\u00f3, tradi\u00e7\u00e3o, e cultura nordestina, reunindo grandes nomes da m\u00fasica nacional e talentos locais. Confira a programa\u00e7\u00e3o completa: A [&hellip;]\" \/>\n<meta property=\"og:url\" content=\"https:\/\/noticiaempauta.com\/portal\/divulgada-programacao-oficial-do-picos-cidade-junina-2025\/\" \/>\n<meta property=\"og:site_name\" content=\"Portal Not\u00edcia em Pauta\" \/>\n<meta property=\"article:publisher\" content=\"https:\/\/www.facebook.com\/Portal-Notcia-Em-Pauta-102292869264820\/\" \/>\n<meta property=\"article:published_time\" content=\"2025-05-16T22:55:04+00:00\" \/>\n<meta property=\"article:modified_time\" content=\"2025-05-16T22:55:05+00:00\" \/>\n<meta property=\"og:image\" content=\"https:\/\/noticiaempauta.com\/portal\/wp-content\/uploads\/2025\/05\/IMG_9679.jpeg\" \/>\n\t<meta property=\"og:image:width\" content=\"1170\" \/>\n\t<meta property=\"og:image:height\" content=\"1061\" \/>\n\t<meta property=\"og:image:type\" content=\"image\/jpeg\" \/>\n<meta name=\"author\" content=\"Reda\u00e7\u00e3o\" \/>\n<meta name=\"twitter:card\" content=\"summary_large_image\" \/>\n<meta name=\"twitter:label1\" content=\"Escrito por\" \/>\n\t<meta name=\"twitter:data1\" content=\"Reda\u00e7\u00e3o\" \/>\n\t<meta name=\"twitter:label2\" content=\"Est. tempo de leitura\" \/>\n\t<meta name=\"twitter:data2\" content=\"3 minutos\" \/>\n<script type=\"application\/ld+json\" class=\"yoast-schema-graph\">{\"@context\":\"https:\/\/schema.org\",\"@graph\":[{\"@type\":\"Article\",\"@id\":\"https:\/\/noticiaempauta.com\/portal\/divulgada-programacao-oficial-do-picos-cidade-junina-2025\/#article\",\"isPartOf\":{\"@id\":\"https:\/\/noticiaempauta.com\/portal\/divulgada-programacao-oficial-do-picos-cidade-junina-2025\/\"},\"author\":{\"name\":\"Reda\u00e7\u00e3o\",\"@id\":\"https:\/\/noticiaempauta.com\/portal\/#\/schema\/person\/a74af43dd1ab3deca45f988c717d57ac\"},\"headline\":\"Divulgada programa\u00e7\u00e3o oficial do Picos Cidade Junina 2025\",\"datePublished\":\"2025-05-16T22:55:04+00:00\",\"dateModified\":\"2025-05-16T22:55:05+00:00\",\"mainEntityOfPage\":{\"@id\":\"https:\/\/noticiaempauta.com\/portal\/divulgada-programacao-oficial-do-picos-cidade-junina-2025\/\"},\"wordCount\":200,\"commentCount\":0,\"publisher\":{\"@id\":\"https:\/\/noticiaempauta.com\/portal\/#organization\"},\"image\":{\"@id\":\"https:\/\/noticiaempauta.com\/portal\/divulgada-programacao-oficial-do-picos-cidade-junina-2025\/#primaryimage\"},\"thumbnailUrl\":\"https:\/\/noticiaempauta.com\/portal\/wp-content\/uploads\/2025\/05\/IMG_9679.jpeg\",\"articleSection\":[\"Cultura\",\"Destaques\",\"Geral\",\"Todas as Not\u00edcias\"],\"inLanguage\":\"pt-BR\",\"potentialAction\":[{\"@type\":\"CommentAction\",\"name\":\"Comment\",\"target\":[\"https:\/\/noticiaempauta.com\/portal\/divulgada-programacao-oficial-do-picos-cidade-junina-2025\/#respond\"]}]},{\"@type\":\"WebPage\",\"@id\":\"https:\/\/noticiaempauta.com\/portal\/divulgada-programacao-oficial-do-picos-cidade-junina-2025\/\",\"url\":\"https:\/\/noticiaempauta.com\/portal\/divulgada-programacao-oficial-do-picos-cidade-junina-2025\/\",\"name\":\"Divulgada programa\u00e7\u00e3o oficial do Picos Cidade Junina 2025 - Portal Not\u00edcia em Pauta\",\"isPartOf\":{\"@id\":\"https:\/\/noticiaempauta.com\/portal\/#website\"},\"primaryImageOfPage\":{\"@id\":\"https:\/\/noticiaempauta.com\/portal\/divulgada-programacao-oficial-do-picos-cidade-junina-2025\/#primaryimage\"},\"image\":{\"@id\":\"https:\/\/noticiaempauta.com\/portal\/divulgada-programacao-oficial-do-picos-cidade-junina-2025\/#primaryimage\"},\"thumbnailUrl\":\"https:\/\/noticiaempauta.com\/portal\/wp-content\/uploads\/2025\/05\/IMG_9679.jpeg\",\"datePublished\":\"2025-05-16T22:55:04+00:00\",\"dateModified\":\"2025-05-16T22:55:05+00:00\",\"breadcrumb\":{\"@id\":\"https:\/\/noticiaempauta.com\/portal\/divulgada-programacao-oficial-do-picos-cidade-junina-2025\/#breadcrumb\"},\"inLanguage\":\"pt-BR\",\"potentialAction\":[{\"@type\":\"ReadAction\",\"target\":[\"https:\/\/noticiaempauta.com\/portal\/divulgada-programacao-oficial-do-picos-cidade-junina-2025\/\"]}]},{\"@type\":\"ImageObject\",\"inLanguage\":\"pt-BR\",\"@id\":\"https:\/\/noticiaempauta.com\/portal\/divulgada-programacao-oficial-do-picos-cidade-junina-2025\/#primaryimage\",\"url\":\"https:\/\/noticiaempauta.com\/portal\/wp-content\/uploads\/2025\/05\/IMG_9679.jpeg\",\"contentUrl\":\"https:\/\/noticiaempauta.com\/portal\/wp-content\/uploads\/2025\/05\/IMG_9679.jpeg\",\"width\":1170,\"height\":1061,\"caption\":\"Screenshot\"},{\"@type\":\"BreadcrumbList\",\"@id\":\"https:\/\/noticiaempauta.com\/portal\/divulgada-programacao-oficial-do-picos-cidade-junina-2025\/#breadcrumb\",\"itemListElement\":[{\"@type\":\"ListItem\",\"position\":1,\"name\":\"P\u00e1gina Inicial\",\"item\":\"https:\/\/noticiaempauta.com\/portal\/\"},{\"@type\":\"ListItem\",\"position\":2,\"name\":\"Destaques\",\"item\":\"https:\/\/noticiaempauta.com\/portal\/destaques-site\/\"},{\"@type\":\"ListItem\",\"position\":3,\"name\":\"Divulgada programa\u00e7\u00e3o oficial do Picos Cidade Junina 2025\"}]},{\"@type\":\"WebSite\",\"@id\":\"https:\/\/noticiaempauta.com\/portal\/#website\",\"url\":\"https:\/\/noticiaempauta.com\/portal\/\",\"name\":\"Portal Not\u00edcia em Pauta\",\"description\":\"Voc\u00ea bem informado\",\"publisher\":{\"@id\":\"https:\/\/noticiaempauta.com\/portal\/#organization\"},\"potentialAction\":[{\"@type\":\"SearchAction\",\"target\":{\"@type\":\"EntryPoint\",\"urlTemplate\":\"https:\/\/noticiaempauta.com\/portal\/?s={search_term_string}\"},\"query-input\":{\"@type\":\"PropertyValueSpecification\",\"valueRequired\":true,\"valueName\":\"search_term_string\"}}],\"inLanguage\":\"pt-BR\"},{\"@type\":\"Organization\",\"@id\":\"https:\/\/noticiaempauta.com\/portal\/#organization\",\"name\":\"Portal Not\u00edcia em Pauta\",\"url\":\"https:\/\/noticiaempauta.com\/portal\/\",\"logo\":{\"@type\":\"ImageObject\",\"inLanguage\":\"pt-BR\",\"@id\":\"https:\/\/noticiaempauta.com\/portal\/#\/schema\/logo\/image\/\",\"url\":\"https:\/\/noticiaempauta.com\/portal\/wp-content\/uploads\/2022\/08\/logomarca_tema.fw_.png\",\"contentUrl\":\"https:\/\/noticiaempauta.com\/portal\/wp-content\/uploads\/2022\/08\/logomarca_tema.fw_.png\",\"width\":400,\"height\":232,\"caption\":\"Portal Not\u00edcia em Pauta\"},\"image\":{\"@id\":\"https:\/\/noticiaempauta.com\/portal\/#\/schema\/logo\/image\/\"},\"sameAs\":[\"https:\/\/www.facebook.com\/Portal-Notcia-Em-Pauta-102292869264820\/\",\"https:\/\/www.instagram.com\/portalnoticiaempauta\/\"]},{\"@type\":\"Person\",\"@id\":\"https:\/\/noticiaempauta.com\/portal\/#\/schema\/person\/a74af43dd1ab3deca45f988c717d57ac\",\"name\":\"Reda\u00e7\u00e3o\",\"image\":{\"@type\":\"ImageObject\",\"inLanguage\":\"pt-BR\",\"@id\":\"https:\/\/noticiaempauta.com\/portal\/#\/schema\/person\/image\/\",\"url\":\"https:\/\/secure.gravatar.com\/avatar\/03179346ecce6cdfc13361603e8f54242a90e5cde8618fa23c5c00aa2b0aadf3?s=96&d=mm&r=g\",\"contentUrl\":\"https:\/\/secure.gravatar.com\/avatar\/03179346ecce6cdfc13361603e8f54242a90e5cde8618fa23c5c00aa2b0aadf3?s=96&d=mm&r=g\",\"caption\":\"Reda\u00e7\u00e3o\"},\"sameAs\":[\"https:\/\/noticiaempauta.com\/portal\/\"],\"url\":\"https:\/\/noticiaempauta.com\/portal\/author\/fernando\/\"}]}<\/script>\n<!-- \/ Yoast SEO Premium plugin. -->","yoast_head_json":{"title":"Divulgada programa\u00e7\u00e3o oficial do Picos Cidade Junina 2025 - Portal Not\u00edcia em Pauta","robots":{"index":"index","follow":"follow","max-snippet":"max-snippet:-1","max-image-preview":"max-image-preview:large","max-video-preview":"max-video-preview:-1"},"canonical":"https:\/\/noticiaempauta.com\/portal\/divulgada-programacao-oficial-do-picos-cidade-junina-2025\/","og_locale":"pt_BR","og_type":"article","og_title":"Divulgada programa\u00e7\u00e3o oficial do Picos Cidade Junina 2025","og_description":"A Prefeitura Municipal de Picos anunciou oficialmente a aguardada programa\u00e7\u00e3o do Picos Cidade Junina 2025, que acontecer\u00e1 nos dias 29, 30 e 31 de maio e 1\u00ba de junho. O evento promete uma verdadeira maratona de forr\u00f3, tradi\u00e7\u00e3o, e cultura nordestina, reunindo grandes nomes da m\u00fasica nacional e talentos locais. Confira a programa\u00e7\u00e3o completa: A [&hellip;]","og_url":"https:\/\/noticiaempauta.com\/portal\/divulgada-programacao-oficial-do-picos-cidade-junina-2025\/","og_site_name":"Portal Not\u00edcia em Pauta","article_publisher":"https:\/\/www.facebook.com\/Portal-Notcia-Em-Pauta-102292869264820\/","article_published_time":"2025-05-16T22:55:04+00:00","article_modified_time":"2025-05-16T22:55:05+00:00","og_image":[{"width":1170,"height":1061,"url":"https:\/\/noticiaempauta.com\/portal\/wp-content\/uploads\/2025\/05\/IMG_9679.jpeg","type":"image\/jpeg"}],"author":"Reda\u00e7\u00e3o","twitter_card":"summary_large_image","twitter_misc":{"Escrito por":"Reda\u00e7\u00e3o","Est. tempo de leitura":"3 minutos"},"schema":{"@context":"https:\/\/schema.org","@graph":[{"@type":"Article","@id":"https:\/\/noticiaempauta.com\/portal\/divulgada-programacao-oficial-do-picos-cidade-junina-2025\/#article","isPartOf":{"@id":"https:\/\/noticiaempauta.com\/portal\/divulgada-programacao-oficial-do-picos-cidade-junina-2025\/"},"author":{"name":"Reda\u00e7\u00e3o","@id":"https:\/\/noticiaempauta.com\/portal\/#\/schema\/person\/a74af43dd1ab3deca45f988c717d57ac"},"headline":"Divulgada programa\u00e7\u00e3o oficial do Picos Cidade Junina 2025","datePublished":"2025-05-16T22:55:04+00:00","dateModified":"2025-05-16T22:55:05+00:00","mainEntityOfPage":{"@id":"https:\/\/noticiaempauta.com\/portal\/divulgada-programacao-oficial-do-picos-cidade-junina-2025\/"},"wordCount":200,"commentCount":0,"publisher":{"@id":"https:\/\/noticiaempauta.com\/portal\/#organization"},"image":{"@id":"https:\/\/noticiaempauta.com\/portal\/divulgada-programacao-oficial-do-picos-cidade-junina-2025\/#primaryimage"},"thumbnailUrl":"https:\/\/noticiaempauta.com\/portal\/wp-content\/uploads\/2025\/05\/IMG_9679.jpeg","articleSection":["Cultura","Destaques","Geral","Todas as Not\u00edcias"],"inLanguage":"pt-BR","potentialAction":[{"@type":"CommentAction","name":"Comment","target":["https:\/\/noticiaempauta.com\/portal\/divulgada-programacao-oficial-do-picos-cidade-junina-2025\/#respond"]}]},{"@type":"WebPage","@id":"https:\/\/noticiaempauta.com\/portal\/divulgada-programacao-oficial-do-picos-cidade-junina-2025\/","url":"https:\/\/noticiaempauta.com\/portal\/divulgada-programacao-oficial-do-picos-cidade-junina-2025\/","name":"Divulgada programa\u00e7\u00e3o oficial do Picos Cidade Junina 2025 - Portal Not\u00edcia em Pauta","isPartOf":{"@id":"https:\/\/noticiaempauta.com\/portal\/#website"},"primaryImageOfPage":{"@id":"https:\/\/noticiaempauta.com\/portal\/divulgada-programacao-oficial-do-picos-cidade-junina-2025\/#primaryimage"},"image":{"@id":"https:\/\/noticiaempauta.com\/portal\/divulgada-programacao-oficial-do-picos-cidade-junina-2025\/#primaryimage"},"thumbnailUrl":"https:\/\/noticiaempauta.com\/portal\/wp-content\/uploads\/2025\/05\/IMG_9679.jpeg","datePublished":"2025-05-16T22:55:04+00:00","dateModified":"2025-05-16T22:55:05+00:00","breadcrumb":{"@id":"https:\/\/noticiaempauta.com\/portal\/divulgada-programacao-oficial-do-picos-cidade-junina-2025\/#breadcrumb"},"inLanguage":"pt-BR","potentialAction":[{"@type":"ReadAction","target":["https:\/\/noticiaempauta.com\/portal\/divulgada-programacao-oficial-do-picos-cidade-junina-2025\/"]}]},{"@type":"ImageObject","inLanguage":"pt-BR","@id":"https:\/\/noticiaempauta.com\/portal\/divulgada-programacao-oficial-do-picos-cidade-junina-2025\/#primaryimage","url":"https:\/\/noticiaempauta.com\/portal\/wp-content\/uploads\/2025\/05\/IMG_9679.jpeg","contentUrl":"https:\/\/noticiaempauta.com\/portal\/wp-content\/uploads\/2025\/05\/IMG_9679.jpeg","width":1170,"height":1061,"caption":"Screenshot"},{"@type":"BreadcrumbList","@id":"https:\/\/noticiaempauta.com\/portal\/divulgada-programacao-oficial-do-picos-cidade-junina-2025\/#breadcrumb","itemListElement":[{"@type":"ListItem","position":1,"name":"P\u00e1gina Inicial","item":"https:\/\/noticiaempauta.com\/portal\/"},{"@type":"ListItem","position":2,"name":"Destaques","item":"https:\/\/noticiaempauta.com\/portal\/destaques-site\/"},{"@type":"ListItem","position":3,"name":"Divulgada programa\u00e7\u00e3o oficial do Picos Cidade Junina 2025"}]},{"@type":"WebSite","@id":"https:\/\/noticiaempauta.com\/portal\/#website","url":"https:\/\/noticiaempauta.com\/portal\/","name":"Portal Not\u00edcia em Pauta","description":"Voc\u00ea bem informado","publisher":{"@id":"https:\/\/noticiaempauta.com\/portal\/#organization"},"potentialAction":[{"@type":"SearchAction","target":{"@type":"EntryPoint","urlTemplate":"https:\/\/noticiaempauta.com\/portal\/?s={search_term_string}"},"query-input":{"@type":"PropertyValueSpecification","valueRequired":true,"valueName":"search_term_string"}}],"inLanguage":"pt-BR"},{"@type":"Organization","@id":"https:\/\/noticiaempauta.com\/portal\/#organization","name":"Portal Not\u00edcia em Pauta","url":"https:\/\/noticiaempauta.com\/portal\/","logo":{"@type":"ImageObject","inLanguage":"pt-BR","@id":"https:\/\/noticiaempauta.com\/portal\/#\/schema\/logo\/image\/","url":"https:\/\/noticiaempauta.com\/portal\/wp-content\/uploads\/2022\/08\/logomarca_tema.fw_.png","contentUrl":"https:\/\/noticiaempauta.com\/portal\/wp-content\/uploads\/2022\/08\/logomarca_tema.fw_.png","width":400,"height":232,"caption":"Portal Not\u00edcia em Pauta"},"image":{"@id":"https:\/\/noticiaempauta.com\/portal\/#\/schema\/logo\/image\/"},"sameAs":["https:\/\/www.facebook.com\/Portal-Notcia-Em-Pauta-102292869264820\/","https:\/\/www.instagram.com\/portalnoticiaempauta\/"]},{"@type":"Person","@id":"https:\/\/noticiaempauta.com\/portal\/#\/schema\/person\/a74af43dd1ab3deca45f988c717d57ac","name":"Reda\u00e7\u00e3o","image":{"@type":"ImageObject","inLanguage":"pt-BR","@id":"https:\/\/noticiaempauta.com\/portal\/#\/schema\/person\/image\/","url":"https:\/\/secure.gravatar.com\/avatar\/03179346ecce6cdfc13361603e8f54242a90e5cde8618fa23c5c00aa2b0aadf3?s=96&d=mm&r=g","contentUrl":"https:\/\/secure.gravatar.com\/avatar\/03179346ecce6cdfc13361603e8f54242a90e5cde8618fa23c5c00aa2b0aadf3?s=96&d=mm&r=g","caption":"Reda\u00e7\u00e3o"},"sameAs":["https:\/\/noticiaempauta.com\/portal\/"],"url":"https:\/\/noticiaempauta.com\/portal\/author\/fernando\/"}]}},"_links":{"self":[{"href":"https:\/\/noticiaempauta.com\/portal\/wp-json\/wp\/v2\/posts\/271827","targetHints":{"allow":["GET"]}}],"collection":[{"href":"https:\/\/noticiaempauta.com\/portal\/wp-json\/wp\/v2\/posts"}],"about":[{"href":"https:\/\/noticiaempauta.com\/portal\/wp-json\/wp\/v2\/types\/post"}],"author":[{"embeddable":true,"href":"https:\/\/noticiaempauta.com\/portal\/wp-json\/wp\/v2\/users\/2"}],"replies":[{"embeddable":true,"href":"https:\/\/noticiaempauta.com\/portal\/wp-json\/wp\/v2\/comments?post=271827"}],"version-history":[{"count":1,"href":"https:\/\/noticiaempauta.com\/portal\/wp-json\/wp\/v2\/posts\/271827\/revisions"}],"predecessor-version":[{"id":271834,"href":"https:\/\/noticiaempauta.com\/portal\/wp-json\/wp\/v2\/posts\/271827\/revisions\/271834"}],"wp:featuredmedia":[{"embeddable":true,"href":"https:\/\/noticiaempauta.com\/portal\/wp-json\/wp\/v2\/media\/271828"}],"wp:attachment":[{"href":"https:\/\/noticiaempauta.com\/portal\/wp-json\/wp\/v2\/media?parent=271827"}],"wp:term":[{"taxonomy":"category","embeddable":true,"href":"https:\/\/noticiaempauta.com\/portal\/wp-json\/wp\/v2\/categories?post=271827"},{"taxonomy":"post_tag","embeddable":true,"href":"https:\/\/noticiaempauta.com\/portal\/wp-json\/wp\/v2\/tags?post=271827"}],"curies":[{"name":"wp","href":"https:\/\/api.w.org\/{rel}","templated":true}]}}