{"id":271835,"date":"2025-05-16T21:31:19","date_gmt":"2025-05-17T00:31:19","guid":{"rendered":"https:\/\/noticiaempauta.com\/portal\/?p=271835"},"modified":"2025-05-16T21:52:21","modified_gmt":"2025-05-17T00:52:21","slug":"monsenhor-hipolito-camara-municipal-aprova-contas-de-gestao-exercicio-2021-e-2022","status":"publish","type":"post","link":"https:\/\/noticiaempauta.com\/portal\/monsenhor-hipolito-camara-municipal-aprova-contas-de-gestao-exercicio-2021-e-2022\/","title":{"rendered":"Monsenhor Hip\u00f3lito | C\u00e2mara Municipal aprova contas de gest\u00e3o exerc\u00edcio 2021 e 2022"},"content":{"rendered":"\n<p>Em sess\u00e3o ordin\u00e1ria realizada nesta sexta-feira, 16 de maio, o plen\u00e1rio da C\u00e2mara Municipal de Monsenhor Hip\u00f3lito aprovou com o placar de 5 a 4, as contas de gest\u00e3o referente aos exerc\u00edcios 2021 e 2022, gest\u00e3o do prefeito Djalma Policarpo.<\/p>\n\n\n\n<figure class=\"wp-block-image size-full\"><img fetchpriority=\"high\" decoding=\"async\" width=\"685\" height=\"536\" src=\"https:\/\/noticiaempauta.com\/portal\/wp-content\/uploads\/2025\/04\/djalmaa.jpeg\" alt=\"\" class=\"wp-image-270837\" srcset=\"https:\/\/noticiaempauta.com\/portal\/wp-content\/uploads\/2025\/04\/djalmaa.jpeg 685w, https:\/\/noticiaempauta.com\/portal\/wp-content\/uploads\/2025\/04\/djalmaa-300x235.jpeg 300w\" sizes=\"(max-width: 685px) 100vw, 685px\" \/><\/figure>\n\n\n\n<p>Com o resultado, o legislativo hipolitano ratifica o parecer do Tribunal de Contas do Piau\u00ed (TCE-PI), que j\u00e1 havia aprovado as contas de gest\u00e3o dos exerc\u00edcios, 2021, 2022 e 2023. <\/p>\n\n\n\n<figure class=\"wp-block-image size-large\"><img decoding=\"async\" width=\"819\" height=\"1024\" src=\"https:\/\/noticiaempauta.com\/portal\/wp-content\/uploads\/2025\/05\/be93a3dd-0328-4fe7-a957-834554eb1bf0-819x1024.jpeg\" alt=\"\" class=\"wp-image-271836\" srcset=\"https:\/\/noticiaempauta.com\/portal\/wp-content\/uploads\/2025\/05\/be93a3dd-0328-4fe7-a957-834554eb1bf0-819x1024.jpeg 819w, https:\/\/noticiaempauta.com\/portal\/wp-content\/uploads\/2025\/05\/be93a3dd-0328-4fe7-a957-834554eb1bf0-240x300.jpeg 240w, https:\/\/noticiaempauta.com\/portal\/wp-content\/uploads\/2025\/05\/be93a3dd-0328-4fe7-a957-834554eb1bf0-768x960.jpeg 768w, https:\/\/noticiaempauta.com\/portal\/wp-content\/uploads\/2025\/05\/be93a3dd-0328-4fe7-a957-834554eb1bf0.jpeg 1081w\" sizes=\"(max-width: 819px) 100vw, 819px\" \/><\/figure>\n\n\n\n<p>A expectativa \u00e9 que nos pr\u00f3ximos meses tamb\u00e9m sejam apreciadas e aprovadas pela c\u00e2mara as contas j\u00e1 aprovadas pelo TCE-PI em rela\u00e7\u00e3o ao exerc\u00edcio 2023.<\/p>\n\n\n\n<figure class=\"wp-block-image size-large\"><img decoding=\"async\" width=\"768\" height=\"1024\" src=\"https:\/\/noticiaempauta.com\/portal\/wp-content\/uploads\/2025\/05\/534ae0aa-efa9-4116-8187-0e4ac82c5b8b-768x1024.jpeg\" alt=\"\" class=\"wp-image-271840\" srcset=\"https:\/\/noticiaempauta.com\/portal\/wp-content\/uploads\/2025\/05\/534ae0aa-efa9-4116-8187-0e4ac82c5b8b-768x1024.jpeg 768w, https:\/\/noticiaempauta.com\/portal\/wp-content\/uploads\/2025\/05\/534ae0aa-efa9-4116-8187-0e4ac82c5b8b-225x300.jpeg 225w, https:\/\/noticiaempauta.com\/portal\/wp-content\/uploads\/2025\/05\/534ae0aa-efa9-4116-8187-0e4ac82c5b8b-1152x1536.jpeg 1152w, https:\/\/noticiaempauta.com\/portal\/wp-content\/uploads\/2025\/05\/534ae0aa-efa9-4116-8187-0e4ac82c5b8b-1536x2048.jpeg 1536w, https:\/\/noticiaempauta.com\/portal\/wp-content\/uploads\/2025\/05\/534ae0aa-efa9-4116-8187-0e4ac82c5b8b-scaled.jpeg 1920w\" sizes=\"(max-width: 768px) 100vw, 768px\" \/><\/figure>\n\n\n\n<p>Reeleito e no exerc\u00edcio do seu segundo mandato, Djalma Policarpo tem feito uma gest\u00e3o voltada para importantes avan\u00e7os nas mais diferentes \u00e1reas do munic\u00edpio, prezando pela transpar\u00eancia e equil\u00edbrio das contas p\u00fablicas, efetivando o desenvolvimento social e melhorias na qualidade de vida do povo hipolitano.<\/p>\n\n\n\n<p><br><\/p>\n","protected":false},"excerpt":{"rendered":"<p>Em sess\u00e3o ordin\u00e1ria realizada nesta sexta-feira, 16 de maio, o plen\u00e1rio da C\u00e2mara Municipal de Monsenhor Hip\u00f3lito aprovou com o placar de 5 a 4, as contas de gest\u00e3o referente aos exerc\u00edcios 2021 e 2022, gest\u00e3o do prefeito Djalma Policarpo. Com o resultado, o legislativo hipolitano ratifica o parecer do Tribunal de Contas do Piau\u00ed [&hellip;]<\/p>\n","protected":false},"author":2,"featured_media":270837,"comment_status":"open","ping_status":"open","sticky":false,"template":"","format":"standard","meta":{"_mi_skip_tracking":false,"footnotes":""},"categories":[25,1,9,3,16],"tags":[192],"class_list":["post-271835","post","type-post","status-publish","format-standard","has-post-thumbnail","hentry","category-destaques-site","category-geral","category-municipios","category-politica","category-todas","tag-destaqueprincipal"],"acf":[],"yoast_head":"<!-- This site is optimized with the Yoast SEO Premium plugin v19.2 (Yoast SEO v26.9) - https:\/\/yoast.com\/product\/yoast-seo-premium-wordpress\/ -->\n<title>Monsenhor Hip\u00f3lito | C\u00e2mara Municipal aprova contas de gest\u00e3o exerc\u00edcio 2021 e 2022 - Portal Not\u00edcia em Pauta<\/title>\n<meta name=\"robots\" content=\"index, follow, max-snippet:-1, max-image-preview:large, max-video-preview:-1\" \/>\n<link rel=\"canonical\" href=\"https:\/\/noticiaempauta.com\/portal\/monsenhor-hipolito-camara-municipal-aprova-contas-de-gestao-exercicio-2021-e-2022\/\" \/>\n<meta property=\"og:locale\" content=\"pt_BR\" \/>\n<meta property=\"og:type\" content=\"article\" \/>\n<meta property=\"og:title\" content=\"Monsenhor Hip\u00f3lito | C\u00e2mara Municipal aprova contas de gest\u00e3o exerc\u00edcio 2021 e 2022\" \/>\n<meta property=\"og:description\" content=\"Em sess\u00e3o ordin\u00e1ria realizada nesta sexta-feira, 16 de maio, o plen\u00e1rio da C\u00e2mara Municipal de Monsenhor Hip\u00f3lito aprovou com o placar de 5 a 4, as contas de gest\u00e3o referente aos exerc\u00edcios 2021 e 2022, gest\u00e3o do prefeito Djalma Policarpo. Com o resultado, o legislativo hipolitano ratifica o parecer do Tribunal de Contas do Piau\u00ed [&hellip;]\" \/>\n<meta property=\"og:url\" content=\"https:\/\/noticiaempauta.com\/portal\/monsenhor-hipolito-camara-municipal-aprova-contas-de-gestao-exercicio-2021-e-2022\/\" \/>\n<meta property=\"og:site_name\" content=\"Portal Not\u00edcia em Pauta\" \/>\n<meta property=\"article:publisher\" content=\"https:\/\/www.facebook.com\/Portal-Notcia-Em-Pauta-102292869264820\/\" \/>\n<meta property=\"article:published_time\" content=\"2025-05-17T00:31:19+00:00\" \/>\n<meta property=\"article:modified_time\" content=\"2025-05-17T00:52:21+00:00\" \/>\n<meta property=\"og:image\" content=\"https:\/\/noticiaempauta.com\/portal\/wp-content\/uploads\/2025\/04\/djalmaa.jpeg\" \/>\n\t<meta property=\"og:image:width\" content=\"685\" \/>\n\t<meta property=\"og:image:height\" content=\"536\" \/>\n\t<meta property=\"og:image:type\" content=\"image\/jpeg\" \/>\n<meta name=\"author\" content=\"Reda\u00e7\u00e3o\" \/>\n<meta name=\"twitter:card\" content=\"summary_large_image\" \/>\n<meta name=\"twitter:label1\" content=\"Escrito por\" \/>\n\t<meta name=\"twitter:data1\" content=\"Reda\u00e7\u00e3o\" \/>\n\t<meta name=\"twitter:label2\" content=\"Est. tempo de leitura\" \/>\n\t<meta name=\"twitter:data2\" content=\"2 minutos\" \/>\n<script type=\"application\/ld+json\" class=\"yoast-schema-graph\">{\"@context\":\"https:\/\/schema.org\",\"@graph\":[{\"@type\":\"Article\",\"@id\":\"https:\/\/noticiaempauta.com\/portal\/monsenhor-hipolito-camara-municipal-aprova-contas-de-gestao-exercicio-2021-e-2022\/#article\",\"isPartOf\":{\"@id\":\"https:\/\/noticiaempauta.com\/portal\/monsenhor-hipolito-camara-municipal-aprova-contas-de-gestao-exercicio-2021-e-2022\/\"},\"author\":{\"name\":\"Reda\u00e7\u00e3o\",\"@id\":\"https:\/\/noticiaempauta.com\/portal\/#\/schema\/person\/a74af43dd1ab3deca45f988c717d57ac\"},\"headline\":\"Monsenhor Hip\u00f3lito | C\u00e2mara Municipal aprova contas de gest\u00e3o exerc\u00edcio 2021 e 2022\",\"datePublished\":\"2025-05-17T00:31:19+00:00\",\"dateModified\":\"2025-05-17T00:52:21+00:00\",\"mainEntityOfPage\":{\"@id\":\"https:\/\/noticiaempauta.com\/portal\/monsenhor-hipolito-camara-municipal-aprova-contas-de-gestao-exercicio-2021-e-2022\/\"},\"wordCount\":166,\"commentCount\":0,\"publisher\":{\"@id\":\"https:\/\/noticiaempauta.com\/portal\/#organization\"},\"image\":{\"@id\":\"https:\/\/noticiaempauta.com\/portal\/monsenhor-hipolito-camara-municipal-aprova-contas-de-gestao-exercicio-2021-e-2022\/#primaryimage\"},\"thumbnailUrl\":\"https:\/\/noticiaempauta.com\/portal\/wp-content\/uploads\/2025\/04\/djalmaa.jpeg\",\"keywords\":[\"destaqueprincipal\"],\"articleSection\":[\"Destaques\",\"Geral\",\"Munic\u00edpios\",\"Pol\u00edtica\",\"Todas as Not\u00edcias\"],\"inLanguage\":\"pt-BR\",\"potentialAction\":[{\"@type\":\"CommentAction\",\"name\":\"Comment\",\"target\":[\"https:\/\/noticiaempauta.com\/portal\/monsenhor-hipolito-camara-municipal-aprova-contas-de-gestao-exercicio-2021-e-2022\/#respond\"]}]},{\"@type\":\"WebPage\",\"@id\":\"https:\/\/noticiaempauta.com\/portal\/monsenhor-hipolito-camara-municipal-aprova-contas-de-gestao-exercicio-2021-e-2022\/\",\"url\":\"https:\/\/noticiaempauta.com\/portal\/monsenhor-hipolito-camara-municipal-aprova-contas-de-gestao-exercicio-2021-e-2022\/\",\"name\":\"Monsenhor Hip\u00f3lito | C\u00e2mara Municipal aprova contas de gest\u00e3o exerc\u00edcio 2021 e 2022 - Portal Not\u00edcia em Pauta\",\"isPartOf\":{\"@id\":\"https:\/\/noticiaempauta.com\/portal\/#website\"},\"primaryImageOfPage\":{\"@id\":\"https:\/\/noticiaempauta.com\/portal\/monsenhor-hipolito-camara-municipal-aprova-contas-de-gestao-exercicio-2021-e-2022\/#primaryimage\"},\"image\":{\"@id\":\"https:\/\/noticiaempauta.com\/portal\/monsenhor-hipolito-camara-municipal-aprova-contas-de-gestao-exercicio-2021-e-2022\/#primaryimage\"},\"thumbnailUrl\":\"https:\/\/noticiaempauta.com\/portal\/wp-content\/uploads\/2025\/04\/djalmaa.jpeg\",\"datePublished\":\"2025-05-17T00:31:19+00:00\",\"dateModified\":\"2025-05-17T00:52:21+00:00\",\"breadcrumb\":{\"@id\":\"https:\/\/noticiaempauta.com\/portal\/monsenhor-hipolito-camara-municipal-aprova-contas-de-gestao-exercicio-2021-e-2022\/#breadcrumb\"},\"inLanguage\":\"pt-BR\",\"potentialAction\":[{\"@type\":\"ReadAction\",\"target\":[\"https:\/\/noticiaempauta.com\/portal\/monsenhor-hipolito-camara-municipal-aprova-contas-de-gestao-exercicio-2021-e-2022\/\"]}]},{\"@type\":\"ImageObject\",\"inLanguage\":\"pt-BR\",\"@id\":\"https:\/\/noticiaempauta.com\/portal\/monsenhor-hipolito-camara-municipal-aprova-contas-de-gestao-exercicio-2021-e-2022\/#primaryimage\",\"url\":\"https:\/\/noticiaempauta.com\/portal\/wp-content\/uploads\/2025\/04\/djalmaa.jpeg\",\"contentUrl\":\"https:\/\/noticiaempauta.com\/portal\/wp-content\/uploads\/2025\/04\/djalmaa.jpeg\",\"width\":685,\"height\":536},{\"@type\":\"BreadcrumbList\",\"@id\":\"https:\/\/noticiaempauta.com\/portal\/monsenhor-hipolito-camara-municipal-aprova-contas-de-gestao-exercicio-2021-e-2022\/#breadcrumb\",\"itemListElement\":[{\"@type\":\"ListItem\",\"position\":1,\"name\":\"P\u00e1gina Inicial\",\"item\":\"https:\/\/noticiaempauta.com\/portal\/\"},{\"@type\":\"ListItem\",\"position\":2,\"name\":\"Geral\",\"item\":\"https:\/\/noticiaempauta.com\/portal\/geral\/\"},{\"@type\":\"ListItem\",\"position\":3,\"name\":\"Monsenhor Hip\u00f3lito | C\u00e2mara Municipal aprova contas de gest\u00e3o exerc\u00edcio 2021 e 2022\"}]},{\"@type\":\"WebSite\",\"@id\":\"https:\/\/noticiaempauta.com\/portal\/#website\",\"url\":\"https:\/\/noticiaempauta.com\/portal\/\",\"name\":\"Portal Not\u00edcia em Pauta\",\"description\":\"Voc\u00ea bem informado\",\"publisher\":{\"@id\":\"https:\/\/noticiaempauta.com\/portal\/#organization\"},\"potentialAction\":[{\"@type\":\"SearchAction\",\"target\":{\"@type\":\"EntryPoint\",\"urlTemplate\":\"https:\/\/noticiaempauta.com\/portal\/?s={search_term_string}\"},\"query-input\":{\"@type\":\"PropertyValueSpecification\",\"valueRequired\":true,\"valueName\":\"search_term_string\"}}],\"inLanguage\":\"pt-BR\"},{\"@type\":\"Organization\",\"@id\":\"https:\/\/noticiaempauta.com\/portal\/#organization\",\"name\":\"Portal Not\u00edcia em Pauta\",\"url\":\"https:\/\/noticiaempauta.com\/portal\/\",\"logo\":{\"@type\":\"ImageObject\",\"inLanguage\":\"pt-BR\",\"@id\":\"https:\/\/noticiaempauta.com\/portal\/#\/schema\/logo\/image\/\",\"url\":\"https:\/\/noticiaempauta.com\/portal\/wp-content\/uploads\/2022\/08\/logomarca_tema.fw_.png\",\"contentUrl\":\"https:\/\/noticiaempauta.com\/portal\/wp-content\/uploads\/2022\/08\/logomarca_tema.fw_.png\",\"width\":400,\"height\":232,\"caption\":\"Portal Not\u00edcia em Pauta\"},\"image\":{\"@id\":\"https:\/\/noticiaempauta.com\/portal\/#\/schema\/logo\/image\/\"},\"sameAs\":[\"https:\/\/www.facebook.com\/Portal-Notcia-Em-Pauta-102292869264820\/\",\"https:\/\/www.instagram.com\/portalnoticiaempauta\/\"]},{\"@type\":\"Person\",\"@id\":\"https:\/\/noticiaempauta.com\/portal\/#\/schema\/person\/a74af43dd1ab3deca45f988c717d57ac\",\"name\":\"Reda\u00e7\u00e3o\",\"image\":{\"@type\":\"ImageObject\",\"inLanguage\":\"pt-BR\",\"@id\":\"https:\/\/noticiaempauta.com\/portal\/#\/schema\/person\/image\/\",\"url\":\"https:\/\/secure.gravatar.com\/avatar\/03179346ecce6cdfc13361603e8f54242a90e5cde8618fa23c5c00aa2b0aadf3?s=96&d=mm&r=g\",\"contentUrl\":\"https:\/\/secure.gravatar.com\/avatar\/03179346ecce6cdfc13361603e8f54242a90e5cde8618fa23c5c00aa2b0aadf3?s=96&d=mm&r=g\",\"caption\":\"Reda\u00e7\u00e3o\"},\"sameAs\":[\"https:\/\/noticiaempauta.com\/portal\/\"],\"url\":\"https:\/\/noticiaempauta.com\/portal\/author\/fernando\/\"}]}<\/script>\n<!-- \/ Yoast SEO Premium plugin. -->","yoast_head_json":{"title":"Monsenhor Hip\u00f3lito | C\u00e2mara Municipal aprova contas de gest\u00e3o exerc\u00edcio 2021 e 2022 - Portal Not\u00edcia em Pauta","robots":{"index":"index","follow":"follow","max-snippet":"max-snippet:-1","max-image-preview":"max-image-preview:large","max-video-preview":"max-video-preview:-1"},"canonical":"https:\/\/noticiaempauta.com\/portal\/monsenhor-hipolito-camara-municipal-aprova-contas-de-gestao-exercicio-2021-e-2022\/","og_locale":"pt_BR","og_type":"article","og_title":"Monsenhor Hip\u00f3lito | C\u00e2mara Municipal aprova contas de gest\u00e3o exerc\u00edcio 2021 e 2022","og_description":"Em sess\u00e3o ordin\u00e1ria realizada nesta sexta-feira, 16 de maio, o plen\u00e1rio da C\u00e2mara Municipal de Monsenhor Hip\u00f3lito aprovou com o placar de 5 a 4, as contas de gest\u00e3o referente aos exerc\u00edcios 2021 e 2022, gest\u00e3o do prefeito Djalma Policarpo. Com o resultado, o legislativo hipolitano ratifica o parecer do Tribunal de Contas do Piau\u00ed [&hellip;]","og_url":"https:\/\/noticiaempauta.com\/portal\/monsenhor-hipolito-camara-municipal-aprova-contas-de-gestao-exercicio-2021-e-2022\/","og_site_name":"Portal Not\u00edcia em Pauta","article_publisher":"https:\/\/www.facebook.com\/Portal-Notcia-Em-Pauta-102292869264820\/","article_published_time":"2025-05-17T00:31:19+00:00","article_modified_time":"2025-05-17T00:52:21+00:00","og_image":[{"width":685,"height":536,"url":"https:\/\/noticiaempauta.com\/portal\/wp-content\/uploads\/2025\/04\/djalmaa.jpeg","type":"image\/jpeg"}],"author":"Reda\u00e7\u00e3o","twitter_card":"summary_large_image","twitter_misc":{"Escrito por":"Reda\u00e7\u00e3o","Est. tempo de leitura":"2 minutos"},"schema":{"@context":"https:\/\/schema.org","@graph":[{"@type":"Article","@id":"https:\/\/noticiaempauta.com\/portal\/monsenhor-hipolito-camara-municipal-aprova-contas-de-gestao-exercicio-2021-e-2022\/#article","isPartOf":{"@id":"https:\/\/noticiaempauta.com\/portal\/monsenhor-hipolito-camara-municipal-aprova-contas-de-gestao-exercicio-2021-e-2022\/"},"author":{"name":"Reda\u00e7\u00e3o","@id":"https:\/\/noticiaempauta.com\/portal\/#\/schema\/person\/a74af43dd1ab3deca45f988c717d57ac"},"headline":"Monsenhor Hip\u00f3lito | C\u00e2mara Municipal aprova contas de gest\u00e3o exerc\u00edcio 2021 e 2022","datePublished":"2025-05-17T00:31:19+00:00","dateModified":"2025-05-17T00:52:21+00:00","mainEntityOfPage":{"@id":"https:\/\/noticiaempauta.com\/portal\/monsenhor-hipolito-camara-municipal-aprova-contas-de-gestao-exercicio-2021-e-2022\/"},"wordCount":166,"commentCount":0,"publisher":{"@id":"https:\/\/noticiaempauta.com\/portal\/#organization"},"image":{"@id":"https:\/\/noticiaempauta.com\/portal\/monsenhor-hipolito-camara-municipal-aprova-contas-de-gestao-exercicio-2021-e-2022\/#primaryimage"},"thumbnailUrl":"https:\/\/noticiaempauta.com\/portal\/wp-content\/uploads\/2025\/04\/djalmaa.jpeg","keywords":["destaqueprincipal"],"articleSection":["Destaques","Geral","Munic\u00edpios","Pol\u00edtica","Todas as Not\u00edcias"],"inLanguage":"pt-BR","potentialAction":[{"@type":"CommentAction","name":"Comment","target":["https:\/\/noticiaempauta.com\/portal\/monsenhor-hipolito-camara-municipal-aprova-contas-de-gestao-exercicio-2021-e-2022\/#respond"]}]},{"@type":"WebPage","@id":"https:\/\/noticiaempauta.com\/portal\/monsenhor-hipolito-camara-municipal-aprova-contas-de-gestao-exercicio-2021-e-2022\/","url":"https:\/\/noticiaempauta.com\/portal\/monsenhor-hipolito-camara-municipal-aprova-contas-de-gestao-exercicio-2021-e-2022\/","name":"Monsenhor Hip\u00f3lito | C\u00e2mara Municipal aprova contas de gest\u00e3o exerc\u00edcio 2021 e 2022 - Portal Not\u00edcia em Pauta","isPartOf":{"@id":"https:\/\/noticiaempauta.com\/portal\/#website"},"primaryImageOfPage":{"@id":"https:\/\/noticiaempauta.com\/portal\/monsenhor-hipolito-camara-municipal-aprova-contas-de-gestao-exercicio-2021-e-2022\/#primaryimage"},"image":{"@id":"https:\/\/noticiaempauta.com\/portal\/monsenhor-hipolito-camara-municipal-aprova-contas-de-gestao-exercicio-2021-e-2022\/#primaryimage"},"thumbnailUrl":"https:\/\/noticiaempauta.com\/portal\/wp-content\/uploads\/2025\/04\/djalmaa.jpeg","datePublished":"2025-05-17T00:31:19+00:00","dateModified":"2025-05-17T00:52:21+00:00","breadcrumb":{"@id":"https:\/\/noticiaempauta.com\/portal\/monsenhor-hipolito-camara-municipal-aprova-contas-de-gestao-exercicio-2021-e-2022\/#breadcrumb"},"inLanguage":"pt-BR","potentialAction":[{"@type":"ReadAction","target":["https:\/\/noticiaempauta.com\/portal\/monsenhor-hipolito-camara-municipal-aprova-contas-de-gestao-exercicio-2021-e-2022\/"]}]},{"@type":"ImageObject","inLanguage":"pt-BR","@id":"https:\/\/noticiaempauta.com\/portal\/monsenhor-hipolito-camara-municipal-aprova-contas-de-gestao-exercicio-2021-e-2022\/#primaryimage","url":"https:\/\/noticiaempauta.com\/portal\/wp-content\/uploads\/2025\/04\/djalmaa.jpeg","contentUrl":"https:\/\/noticiaempauta.com\/portal\/wp-content\/uploads\/2025\/04\/djalmaa.jpeg","width":685,"height":536},{"@type":"BreadcrumbList","@id":"https:\/\/noticiaempauta.com\/portal\/monsenhor-hipolito-camara-municipal-aprova-contas-de-gestao-exercicio-2021-e-2022\/#breadcrumb","itemListElement":[{"@type":"ListItem","position":1,"name":"P\u00e1gina Inicial","item":"https:\/\/noticiaempauta.com\/portal\/"},{"@type":"ListItem","position":2,"name":"Geral","item":"https:\/\/noticiaempauta.com\/portal\/geral\/"},{"@type":"ListItem","position":3,"name":"Monsenhor Hip\u00f3lito | C\u00e2mara Municipal aprova contas de gest\u00e3o exerc\u00edcio 2021 e 2022"}]},{"@type":"WebSite","@id":"https:\/\/noticiaempauta.com\/portal\/#website","url":"https:\/\/noticiaempauta.com\/portal\/","name":"Portal Not\u00edcia em Pauta","description":"Voc\u00ea bem informado","publisher":{"@id":"https:\/\/noticiaempauta.com\/portal\/#organization"},"potentialAction":[{"@type":"SearchAction","target":{"@type":"EntryPoint","urlTemplate":"https:\/\/noticiaempauta.com\/portal\/?s={search_term_string}"},"query-input":{"@type":"PropertyValueSpecification","valueRequired":true,"valueName":"search_term_string"}}],"inLanguage":"pt-BR"},{"@type":"Organization","@id":"https:\/\/noticiaempauta.com\/portal\/#organization","name":"Portal Not\u00edcia em Pauta","url":"https:\/\/noticiaempauta.com\/portal\/","logo":{"@type":"ImageObject","inLanguage":"pt-BR","@id":"https:\/\/noticiaempauta.com\/portal\/#\/schema\/logo\/image\/","url":"https:\/\/noticiaempauta.com\/portal\/wp-content\/uploads\/2022\/08\/logomarca_tema.fw_.png","contentUrl":"https:\/\/noticiaempauta.com\/portal\/wp-content\/uploads\/2022\/08\/logomarca_tema.fw_.png","width":400,"height":232,"caption":"Portal Not\u00edcia em Pauta"},"image":{"@id":"https:\/\/noticiaempauta.com\/portal\/#\/schema\/logo\/image\/"},"sameAs":["https:\/\/www.facebook.com\/Portal-Notcia-Em-Pauta-102292869264820\/","https:\/\/www.instagram.com\/portalnoticiaempauta\/"]},{"@type":"Person","@id":"https:\/\/noticiaempauta.com\/portal\/#\/schema\/person\/a74af43dd1ab3deca45f988c717d57ac","name":"Reda\u00e7\u00e3o","image":{"@type":"ImageObject","inLanguage":"pt-BR","@id":"https:\/\/noticiaempauta.com\/portal\/#\/schema\/person\/image\/","url":"https:\/\/secure.gravatar.com\/avatar\/03179346ecce6cdfc13361603e8f54242a90e5cde8618fa23c5c00aa2b0aadf3?s=96&d=mm&r=g","contentUrl":"https:\/\/secure.gravatar.com\/avatar\/03179346ecce6cdfc13361603e8f54242a90e5cde8618fa23c5c00aa2b0aadf3?s=96&d=mm&r=g","caption":"Reda\u00e7\u00e3o"},"sameAs":["https:\/\/noticiaempauta.com\/portal\/"],"url":"https:\/\/noticiaempauta.com\/portal\/author\/fernando\/"}]}},"_links":{"self":[{"href":"https:\/\/noticiaempauta.com\/portal\/wp-json\/wp\/v2\/posts\/271835","targetHints":{"allow":["GET"]}}],"collection":[{"href":"https:\/\/noticiaempauta.com\/portal\/wp-json\/wp\/v2\/posts"}],"about":[{"href":"https:\/\/noticiaempauta.com\/portal\/wp-json\/wp\/v2\/types\/post"}],"author":[{"embeddable":true,"href":"https:\/\/noticiaempauta.com\/portal\/wp-json\/wp\/v2\/users\/2"}],"replies":[{"embeddable":true,"href":"https:\/\/noticiaempauta.com\/portal\/wp-json\/wp\/v2\/comments?post=271835"}],"version-history":[{"count":5,"href":"https:\/\/noticiaempauta.com\/portal\/wp-json\/wp\/v2\/posts\/271835\/revisions"}],"predecessor-version":[{"id":271843,"href":"https:\/\/noticiaempauta.com\/portal\/wp-json\/wp\/v2\/posts\/271835\/revisions\/271843"}],"wp:featuredmedia":[{"embeddable":true,"href":"https:\/\/noticiaempauta.com\/portal\/wp-json\/wp\/v2\/media\/270837"}],"wp:attachment":[{"href":"https:\/\/noticiaempauta.com\/portal\/wp-json\/wp\/v2\/media?parent=271835"}],"wp:term":[{"taxonomy":"category","embeddable":true,"href":"https:\/\/noticiaempauta.com\/portal\/wp-json\/wp\/v2\/categories?post=271835"},{"taxonomy":"post_tag","embeddable":true,"href":"https:\/\/noticiaempauta.com\/portal\/wp-json\/wp\/v2\/tags?post=271835"}],"curies":[{"name":"wp","href":"https:\/\/api.w.org\/{rel}","templated":true}]}}