{"id":272026,"date":"2025-05-21T08:44:38","date_gmt":"2025-05-21T11:44:38","guid":{"rendered":"https:\/\/noticiaempauta.com\/portal\/?p=272026"},"modified":"2025-05-21T08:44:39","modified_gmt":"2025-05-21T11:44:39","slug":"ministro-nunes-marques-nega-habeas-corpus-a-vereadora-tatiana-medeiros","status":"publish","type":"post","link":"https:\/\/noticiaempauta.com\/portal\/ministro-nunes-marques-nega-habeas-corpus-a-vereadora-tatiana-medeiros\/","title":{"rendered":"Ministro Nunes Marques nega habeas corpus a vereadora Tatiana Medeiros"},"content":{"rendered":"\n<p>O\u00a0<strong>ministro Kassio Nunes Marques, do Tribunal Superior Eleitoral (TSE)<\/strong>, negou o pedido de habeas corpus feito pela defesa da vereadora Tatiana Medeiros (PSB), que est\u00e1 presa desde o dia 3 de abril. A parlamentar \u00e9 investigada por suspeita de participa\u00e7\u00e3o em fac\u00e7\u00e3o criminosa, al\u00e9m de suposto envolvimento com compra de votos, falsidade ideol\u00f3gica e lavagem de dinheiro.<\/p>\n\n\n\n<figure class=\"wp-block-image size-large\"><img fetchpriority=\"high\" decoding=\"async\" width=\"1024\" height=\"768\" src=\"https:\/\/noticiaempauta.com\/portal\/wp-content\/uploads\/2025\/05\/ministro-kassio-nunes-marques-nega-habeas-corpus-a-vereadora-tatiana-medeiros-6f072e4f-45a5-4e55-a351-28fafb8cf680.jpg-1024x768.webp\" alt=\"\" class=\"wp-image-272027\" srcset=\"https:\/\/noticiaempauta.com\/portal\/wp-content\/uploads\/2025\/05\/ministro-kassio-nunes-marques-nega-habeas-corpus-a-vereadora-tatiana-medeiros-6f072e4f-45a5-4e55-a351-28fafb8cf680.jpg-1024x768.webp 1024w, https:\/\/noticiaempauta.com\/portal\/wp-content\/uploads\/2025\/05\/ministro-kassio-nunes-marques-nega-habeas-corpus-a-vereadora-tatiana-medeiros-6f072e4f-45a5-4e55-a351-28fafb8cf680.jpg-300x225.webp 300w, https:\/\/noticiaempauta.com\/portal\/wp-content\/uploads\/2025\/05\/ministro-kassio-nunes-marques-nega-habeas-corpus-a-vereadora-tatiana-medeiros-6f072e4f-45a5-4e55-a351-28fafb8cf680.jpg-768x576.webp 768w, https:\/\/noticiaempauta.com\/portal\/wp-content\/uploads\/2025\/05\/ministro-kassio-nunes-marques-nega-habeas-corpus-a-vereadora-tatiana-medeiros-6f072e4f-45a5-4e55-a351-28fafb8cf680.jpg.webp 1200w\" sizes=\"(max-width: 1024px) 100vw, 1024px\" \/><figcaption class=\"wp-element-caption\"><em>Foto: Reprodu\u00e7\u00e3o\/TV Meio<\/em><\/figcaption><\/figure>\n\n\n\n<p>A defesa da vereadora pediu a revoga\u00e7\u00e3o da pris\u00e3o preventiva, propondo que ela respondesse ao processo em liberdade, com o uso de medidas cautelares. No entanto, o pedido foi negado pelo ministro.<\/p>\n\n\n\n<h3 class=\"wp-block-heading\"><strong>CELULAR E TABLET EM &#8216;CELA&#8217;<\/strong><\/h3>\n\n\n\n<p>Na manh\u00e3 desta ter\u00e7a-feira (20), durante uma vistoria de rotina no local onde Tatiana est\u00e1 detida \u2013 a Sala de Estado-Maior do quartel, agentes encontraram um celular e um tablet. A Secretaria de Seguran\u00e7a P\u00fablica do Piau\u00ed confirmou que os aparelhos estavam com a vereadora e que ela afirmou ter recebido os itens de um de seus advogados.<\/p>\n\n\n\n<p>A Sala de Estado-Maior \u00e9 um espa\u00e7o reservado para presos com prerrogativas especiais, como advogados, autoridades e pessoas com foro por fun\u00e7\u00e3o.<\/p>\n\n\n\n<p><strong>Tatiana Medeiros foi presa na segunda fase da Opera\u00e7\u00e3o Escudo Eleitoral, da Pol\u00edcia Federal,<\/strong>&nbsp;e, no dia 13 de maio, foi denunciada \u00e0 Justi\u00e7a pelos crimes de corrup\u00e7\u00e3o eleitoral e organiza\u00e7\u00e3o criminosa. Ela tamb\u00e9m foi afastada do cargo de vereadora pela Justi\u00e7a Eleitoral do Piau\u00ed.<\/p>\n\n\n\n<p>Segundo a Pol\u00edcia Federal, h\u00e1 ind\u00edcios de que a campanha que elegeu Tatiana em 2024 foi financiada com dinheiro de uma fac\u00e7\u00e3o criminosa e por meio do desvio de recursos de uma ONG. As investiga\u00e7\u00f5es come\u00e7aram ap\u00f3s o fim das elei\u00e7\u00f5es do ano passado.<\/p>\n\n\n\n<p>Tatiana ainda n\u00e3o perdeu o mandato oficialmente. De acordo com o procurador-geral da C\u00e2mara Municipal de Teresina, Pedro Rycardo Couto, a cassa\u00e7\u00e3o s\u00f3 pode ocorrer ap\u00f3s uma condena\u00e7\u00e3o definitiva, sem possibilidade de recurso.<\/p>\n\n\n\n<p>O diret\u00f3rio municipal do PSB informou, por meio de nota, que aguarda acesso \u00e0s investiga\u00e7\u00f5es para tomar as medidas cab\u00edveis. J\u00e1 a defesa da vereadora afirma que s\u00f3 poder\u00e1 se pronunciar de forma completa ap\u00f3s ter acesso total ao inqu\u00e9rito. O advogado \u00c9dson Ara\u00fajo classificou a pris\u00e3o como arbitr\u00e1ria e disse que Tatiana n\u00e3o preenche os crit\u00e9rios legais para estar detida. Tatiana foi eleita em 2024 para seu primeiro mandato na C\u00e2mara Municipal de Teresina, com 2.925 votos.<\/p>\n\n\n\n<p>Fonte: Meio News<\/p>\n","protected":false},"excerpt":{"rendered":"<p>O\u00a0ministro Kassio Nunes Marques, do Tribunal Superior Eleitoral (TSE), negou o pedido de habeas corpus feito pela defesa da vereadora Tatiana Medeiros (PSB), que est\u00e1 presa desde o dia 3 de abril. A parlamentar \u00e9 investigada por suspeita de participa\u00e7\u00e3o em fac\u00e7\u00e3o criminosa, al\u00e9m de suposto envolvimento com compra de votos, falsidade ideol\u00f3gica e lavagem [&hellip;]<\/p>\n","protected":false},"author":2,"featured_media":272027,"comment_status":"open","ping_status":"open","sticky":false,"template":"","format":"standard","meta":{"_mi_skip_tracking":false,"footnotes":""},"categories":[25,1,137,16],"tags":[192],"class_list":["post-272026","post","type-post","status-publish","format-standard","has-post-thumbnail","hentry","category-destaques-site","category-geral","category-policia","category-todas","tag-destaqueprincipal"],"acf":[],"yoast_head":"<!-- This site is optimized with the Yoast SEO Premium plugin v19.2 (Yoast SEO v26.9) - https:\/\/yoast.com\/product\/yoast-seo-premium-wordpress\/ -->\n<title>Ministro Nunes Marques nega habeas corpus a vereadora Tatiana Medeiros - Portal Not\u00edcia em Pauta<\/title>\n<meta name=\"robots\" content=\"index, follow, max-snippet:-1, max-image-preview:large, max-video-preview:-1\" \/>\n<link rel=\"canonical\" href=\"https:\/\/noticiaempauta.com\/portal\/ministro-nunes-marques-nega-habeas-corpus-a-vereadora-tatiana-medeiros\/\" \/>\n<meta property=\"og:locale\" content=\"pt_BR\" \/>\n<meta property=\"og:type\" content=\"article\" \/>\n<meta property=\"og:title\" content=\"Ministro Nunes Marques nega habeas corpus a vereadora Tatiana Medeiros\" \/>\n<meta property=\"og:description\" content=\"O\u00a0ministro Kassio Nunes Marques, do Tribunal Superior Eleitoral (TSE), negou o pedido de habeas corpus feito pela defesa da vereadora Tatiana Medeiros (PSB), que est\u00e1 presa desde o dia 3 de abril. A parlamentar \u00e9 investigada por suspeita de participa\u00e7\u00e3o em fac\u00e7\u00e3o criminosa, al\u00e9m de suposto envolvimento com compra de votos, falsidade ideol\u00f3gica e lavagem [&hellip;]\" \/>\n<meta property=\"og:url\" content=\"https:\/\/noticiaempauta.com\/portal\/ministro-nunes-marques-nega-habeas-corpus-a-vereadora-tatiana-medeiros\/\" \/>\n<meta property=\"og:site_name\" content=\"Portal Not\u00edcia em Pauta\" \/>\n<meta property=\"article:publisher\" content=\"https:\/\/www.facebook.com\/Portal-Notcia-Em-Pauta-102292869264820\/\" \/>\n<meta property=\"article:published_time\" content=\"2025-05-21T11:44:38+00:00\" \/>\n<meta property=\"article:modified_time\" content=\"2025-05-21T11:44:39+00:00\" \/>\n<meta property=\"og:image\" content=\"https:\/\/noticiaempauta.com\/portal\/wp-content\/uploads\/2025\/05\/ministro-kassio-nunes-marques-nega-habeas-corpus-a-vereadora-tatiana-medeiros-6f072e4f-45a5-4e55-a351-28fafb8cf680.jpg.webp\" \/>\n\t<meta property=\"og:image:width\" content=\"1200\" \/>\n\t<meta property=\"og:image:height\" content=\"900\" \/>\n\t<meta property=\"og:image:type\" content=\"image\/webp\" \/>\n<meta name=\"author\" content=\"Reda\u00e7\u00e3o\" \/>\n<meta name=\"twitter:card\" content=\"summary_large_image\" \/>\n<meta name=\"twitter:label1\" content=\"Escrito por\" \/>\n\t<meta name=\"twitter:data1\" content=\"Reda\u00e7\u00e3o\" \/>\n\t<meta name=\"twitter:label2\" content=\"Est. tempo de leitura\" \/>\n\t<meta name=\"twitter:data2\" content=\"3 minutos\" \/>\n<script type=\"application\/ld+json\" class=\"yoast-schema-graph\">{\"@context\":\"https:\/\/schema.org\",\"@graph\":[{\"@type\":\"Article\",\"@id\":\"https:\/\/noticiaempauta.com\/portal\/ministro-nunes-marques-nega-habeas-corpus-a-vereadora-tatiana-medeiros\/#article\",\"isPartOf\":{\"@id\":\"https:\/\/noticiaempauta.com\/portal\/ministro-nunes-marques-nega-habeas-corpus-a-vereadora-tatiana-medeiros\/\"},\"author\":{\"name\":\"Reda\u00e7\u00e3o\",\"@id\":\"https:\/\/noticiaempauta.com\/portal\/#\/schema\/person\/a74af43dd1ab3deca45f988c717d57ac\"},\"headline\":\"Ministro Nunes Marques nega habeas corpus a vereadora Tatiana Medeiros\",\"datePublished\":\"2025-05-21T11:44:38+00:00\",\"dateModified\":\"2025-05-21T11:44:39+00:00\",\"mainEntityOfPage\":{\"@id\":\"https:\/\/noticiaempauta.com\/portal\/ministro-nunes-marques-nega-habeas-corpus-a-vereadora-tatiana-medeiros\/\"},\"wordCount\":425,\"commentCount\":0,\"publisher\":{\"@id\":\"https:\/\/noticiaempauta.com\/portal\/#organization\"},\"image\":{\"@id\":\"https:\/\/noticiaempauta.com\/portal\/ministro-nunes-marques-nega-habeas-corpus-a-vereadora-tatiana-medeiros\/#primaryimage\"},\"thumbnailUrl\":\"https:\/\/noticiaempauta.com\/portal\/wp-content\/uploads\/2025\/05\/ministro-kassio-nunes-marques-nega-habeas-corpus-a-vereadora-tatiana-medeiros-6f072e4f-45a5-4e55-a351-28fafb8cf680.jpg.webp\",\"keywords\":[\"destaqueprincipal\"],\"articleSection\":[\"Destaques\",\"Geral\",\"Pol\u00edcia\",\"Todas as Not\u00edcias\"],\"inLanguage\":\"pt-BR\",\"potentialAction\":[{\"@type\":\"CommentAction\",\"name\":\"Comment\",\"target\":[\"https:\/\/noticiaempauta.com\/portal\/ministro-nunes-marques-nega-habeas-corpus-a-vereadora-tatiana-medeiros\/#respond\"]}]},{\"@type\":\"WebPage\",\"@id\":\"https:\/\/noticiaempauta.com\/portal\/ministro-nunes-marques-nega-habeas-corpus-a-vereadora-tatiana-medeiros\/\",\"url\":\"https:\/\/noticiaempauta.com\/portal\/ministro-nunes-marques-nega-habeas-corpus-a-vereadora-tatiana-medeiros\/\",\"name\":\"Ministro Nunes Marques nega habeas corpus a vereadora Tatiana Medeiros - Portal Not\u00edcia em Pauta\",\"isPartOf\":{\"@id\":\"https:\/\/noticiaempauta.com\/portal\/#website\"},\"primaryImageOfPage\":{\"@id\":\"https:\/\/noticiaempauta.com\/portal\/ministro-nunes-marques-nega-habeas-corpus-a-vereadora-tatiana-medeiros\/#primaryimage\"},\"image\":{\"@id\":\"https:\/\/noticiaempauta.com\/portal\/ministro-nunes-marques-nega-habeas-corpus-a-vereadora-tatiana-medeiros\/#primaryimage\"},\"thumbnailUrl\":\"https:\/\/noticiaempauta.com\/portal\/wp-content\/uploads\/2025\/05\/ministro-kassio-nunes-marques-nega-habeas-corpus-a-vereadora-tatiana-medeiros-6f072e4f-45a5-4e55-a351-28fafb8cf680.jpg.webp\",\"datePublished\":\"2025-05-21T11:44:38+00:00\",\"dateModified\":\"2025-05-21T11:44:39+00:00\",\"breadcrumb\":{\"@id\":\"https:\/\/noticiaempauta.com\/portal\/ministro-nunes-marques-nega-habeas-corpus-a-vereadora-tatiana-medeiros\/#breadcrumb\"},\"inLanguage\":\"pt-BR\",\"potentialAction\":[{\"@type\":\"ReadAction\",\"target\":[\"https:\/\/noticiaempauta.com\/portal\/ministro-nunes-marques-nega-habeas-corpus-a-vereadora-tatiana-medeiros\/\"]}]},{\"@type\":\"ImageObject\",\"inLanguage\":\"pt-BR\",\"@id\":\"https:\/\/noticiaempauta.com\/portal\/ministro-nunes-marques-nega-habeas-corpus-a-vereadora-tatiana-medeiros\/#primaryimage\",\"url\":\"https:\/\/noticiaempauta.com\/portal\/wp-content\/uploads\/2025\/05\/ministro-kassio-nunes-marques-nega-habeas-corpus-a-vereadora-tatiana-medeiros-6f072e4f-45a5-4e55-a351-28fafb8cf680.jpg.webp\",\"contentUrl\":\"https:\/\/noticiaempauta.com\/portal\/wp-content\/uploads\/2025\/05\/ministro-kassio-nunes-marques-nega-habeas-corpus-a-vereadora-tatiana-medeiros-6f072e4f-45a5-4e55-a351-28fafb8cf680.jpg.webp\",\"width\":1200,\"height\":900},{\"@type\":\"BreadcrumbList\",\"@id\":\"https:\/\/noticiaempauta.com\/portal\/ministro-nunes-marques-nega-habeas-corpus-a-vereadora-tatiana-medeiros\/#breadcrumb\",\"itemListElement\":[{\"@type\":\"ListItem\",\"position\":1,\"name\":\"P\u00e1gina Inicial\",\"item\":\"https:\/\/noticiaempauta.com\/portal\/\"},{\"@type\":\"ListItem\",\"position\":2,\"name\":\"Geral\",\"item\":\"https:\/\/noticiaempauta.com\/portal\/geral\/\"},{\"@type\":\"ListItem\",\"position\":3,\"name\":\"Ministro Nunes Marques nega habeas corpus a vereadora Tatiana Medeiros\"}]},{\"@type\":\"WebSite\",\"@id\":\"https:\/\/noticiaempauta.com\/portal\/#website\",\"url\":\"https:\/\/noticiaempauta.com\/portal\/\",\"name\":\"Portal Not\u00edcia em Pauta\",\"description\":\"Voc\u00ea bem informado\",\"publisher\":{\"@id\":\"https:\/\/noticiaempauta.com\/portal\/#organization\"},\"potentialAction\":[{\"@type\":\"SearchAction\",\"target\":{\"@type\":\"EntryPoint\",\"urlTemplate\":\"https:\/\/noticiaempauta.com\/portal\/?s={search_term_string}\"},\"query-input\":{\"@type\":\"PropertyValueSpecification\",\"valueRequired\":true,\"valueName\":\"search_term_string\"}}],\"inLanguage\":\"pt-BR\"},{\"@type\":\"Organization\",\"@id\":\"https:\/\/noticiaempauta.com\/portal\/#organization\",\"name\":\"Portal Not\u00edcia em Pauta\",\"url\":\"https:\/\/noticiaempauta.com\/portal\/\",\"logo\":{\"@type\":\"ImageObject\",\"inLanguage\":\"pt-BR\",\"@id\":\"https:\/\/noticiaempauta.com\/portal\/#\/schema\/logo\/image\/\",\"url\":\"https:\/\/noticiaempauta.com\/portal\/wp-content\/uploads\/2022\/08\/logomarca_tema.fw_.png\",\"contentUrl\":\"https:\/\/noticiaempauta.com\/portal\/wp-content\/uploads\/2022\/08\/logomarca_tema.fw_.png\",\"width\":400,\"height\":232,\"caption\":\"Portal Not\u00edcia em Pauta\"},\"image\":{\"@id\":\"https:\/\/noticiaempauta.com\/portal\/#\/schema\/logo\/image\/\"},\"sameAs\":[\"https:\/\/www.facebook.com\/Portal-Notcia-Em-Pauta-102292869264820\/\",\"https:\/\/www.instagram.com\/portalnoticiaempauta\/\"]},{\"@type\":\"Person\",\"@id\":\"https:\/\/noticiaempauta.com\/portal\/#\/schema\/person\/a74af43dd1ab3deca45f988c717d57ac\",\"name\":\"Reda\u00e7\u00e3o\",\"image\":{\"@type\":\"ImageObject\",\"inLanguage\":\"pt-BR\",\"@id\":\"https:\/\/noticiaempauta.com\/portal\/#\/schema\/person\/image\/\",\"url\":\"https:\/\/secure.gravatar.com\/avatar\/03179346ecce6cdfc13361603e8f54242a90e5cde8618fa23c5c00aa2b0aadf3?s=96&d=mm&r=g\",\"contentUrl\":\"https:\/\/secure.gravatar.com\/avatar\/03179346ecce6cdfc13361603e8f54242a90e5cde8618fa23c5c00aa2b0aadf3?s=96&d=mm&r=g\",\"caption\":\"Reda\u00e7\u00e3o\"},\"sameAs\":[\"https:\/\/noticiaempauta.com\/portal\/\"],\"url\":\"https:\/\/noticiaempauta.com\/portal\/author\/fernando\/\"}]}<\/script>\n<!-- \/ Yoast SEO Premium plugin. -->","yoast_head_json":{"title":"Ministro Nunes Marques nega habeas corpus a vereadora Tatiana Medeiros - Portal Not\u00edcia em Pauta","robots":{"index":"index","follow":"follow","max-snippet":"max-snippet:-1","max-image-preview":"max-image-preview:large","max-video-preview":"max-video-preview:-1"},"canonical":"https:\/\/noticiaempauta.com\/portal\/ministro-nunes-marques-nega-habeas-corpus-a-vereadora-tatiana-medeiros\/","og_locale":"pt_BR","og_type":"article","og_title":"Ministro Nunes Marques nega habeas corpus a vereadora Tatiana Medeiros","og_description":"O\u00a0ministro Kassio Nunes Marques, do Tribunal Superior Eleitoral (TSE), negou o pedido de habeas corpus feito pela defesa da vereadora Tatiana Medeiros (PSB), que est\u00e1 presa desde o dia 3 de abril. A parlamentar \u00e9 investigada por suspeita de participa\u00e7\u00e3o em fac\u00e7\u00e3o criminosa, al\u00e9m de suposto envolvimento com compra de votos, falsidade ideol\u00f3gica e lavagem [&hellip;]","og_url":"https:\/\/noticiaempauta.com\/portal\/ministro-nunes-marques-nega-habeas-corpus-a-vereadora-tatiana-medeiros\/","og_site_name":"Portal Not\u00edcia em Pauta","article_publisher":"https:\/\/www.facebook.com\/Portal-Notcia-Em-Pauta-102292869264820\/","article_published_time":"2025-05-21T11:44:38+00:00","article_modified_time":"2025-05-21T11:44:39+00:00","og_image":[{"width":1200,"height":900,"url":"https:\/\/noticiaempauta.com\/portal\/wp-content\/uploads\/2025\/05\/ministro-kassio-nunes-marques-nega-habeas-corpus-a-vereadora-tatiana-medeiros-6f072e4f-45a5-4e55-a351-28fafb8cf680.jpg.webp","type":"image\/webp"}],"author":"Reda\u00e7\u00e3o","twitter_card":"summary_large_image","twitter_misc":{"Escrito por":"Reda\u00e7\u00e3o","Est. tempo de leitura":"3 minutos"},"schema":{"@context":"https:\/\/schema.org","@graph":[{"@type":"Article","@id":"https:\/\/noticiaempauta.com\/portal\/ministro-nunes-marques-nega-habeas-corpus-a-vereadora-tatiana-medeiros\/#article","isPartOf":{"@id":"https:\/\/noticiaempauta.com\/portal\/ministro-nunes-marques-nega-habeas-corpus-a-vereadora-tatiana-medeiros\/"},"author":{"name":"Reda\u00e7\u00e3o","@id":"https:\/\/noticiaempauta.com\/portal\/#\/schema\/person\/a74af43dd1ab3deca45f988c717d57ac"},"headline":"Ministro Nunes Marques nega habeas corpus a vereadora Tatiana Medeiros","datePublished":"2025-05-21T11:44:38+00:00","dateModified":"2025-05-21T11:44:39+00:00","mainEntityOfPage":{"@id":"https:\/\/noticiaempauta.com\/portal\/ministro-nunes-marques-nega-habeas-corpus-a-vereadora-tatiana-medeiros\/"},"wordCount":425,"commentCount":0,"publisher":{"@id":"https:\/\/noticiaempauta.com\/portal\/#organization"},"image":{"@id":"https:\/\/noticiaempauta.com\/portal\/ministro-nunes-marques-nega-habeas-corpus-a-vereadora-tatiana-medeiros\/#primaryimage"},"thumbnailUrl":"https:\/\/noticiaempauta.com\/portal\/wp-content\/uploads\/2025\/05\/ministro-kassio-nunes-marques-nega-habeas-corpus-a-vereadora-tatiana-medeiros-6f072e4f-45a5-4e55-a351-28fafb8cf680.jpg.webp","keywords":["destaqueprincipal"],"articleSection":["Destaques","Geral","Pol\u00edcia","Todas as Not\u00edcias"],"inLanguage":"pt-BR","potentialAction":[{"@type":"CommentAction","name":"Comment","target":["https:\/\/noticiaempauta.com\/portal\/ministro-nunes-marques-nega-habeas-corpus-a-vereadora-tatiana-medeiros\/#respond"]}]},{"@type":"WebPage","@id":"https:\/\/noticiaempauta.com\/portal\/ministro-nunes-marques-nega-habeas-corpus-a-vereadora-tatiana-medeiros\/","url":"https:\/\/noticiaempauta.com\/portal\/ministro-nunes-marques-nega-habeas-corpus-a-vereadora-tatiana-medeiros\/","name":"Ministro Nunes Marques nega habeas corpus a vereadora Tatiana Medeiros - Portal Not\u00edcia em Pauta","isPartOf":{"@id":"https:\/\/noticiaempauta.com\/portal\/#website"},"primaryImageOfPage":{"@id":"https:\/\/noticiaempauta.com\/portal\/ministro-nunes-marques-nega-habeas-corpus-a-vereadora-tatiana-medeiros\/#primaryimage"},"image":{"@id":"https:\/\/noticiaempauta.com\/portal\/ministro-nunes-marques-nega-habeas-corpus-a-vereadora-tatiana-medeiros\/#primaryimage"},"thumbnailUrl":"https:\/\/noticiaempauta.com\/portal\/wp-content\/uploads\/2025\/05\/ministro-kassio-nunes-marques-nega-habeas-corpus-a-vereadora-tatiana-medeiros-6f072e4f-45a5-4e55-a351-28fafb8cf680.jpg.webp","datePublished":"2025-05-21T11:44:38+00:00","dateModified":"2025-05-21T11:44:39+00:00","breadcrumb":{"@id":"https:\/\/noticiaempauta.com\/portal\/ministro-nunes-marques-nega-habeas-corpus-a-vereadora-tatiana-medeiros\/#breadcrumb"},"inLanguage":"pt-BR","potentialAction":[{"@type":"ReadAction","target":["https:\/\/noticiaempauta.com\/portal\/ministro-nunes-marques-nega-habeas-corpus-a-vereadora-tatiana-medeiros\/"]}]},{"@type":"ImageObject","inLanguage":"pt-BR","@id":"https:\/\/noticiaempauta.com\/portal\/ministro-nunes-marques-nega-habeas-corpus-a-vereadora-tatiana-medeiros\/#primaryimage","url":"https:\/\/noticiaempauta.com\/portal\/wp-content\/uploads\/2025\/05\/ministro-kassio-nunes-marques-nega-habeas-corpus-a-vereadora-tatiana-medeiros-6f072e4f-45a5-4e55-a351-28fafb8cf680.jpg.webp","contentUrl":"https:\/\/noticiaempauta.com\/portal\/wp-content\/uploads\/2025\/05\/ministro-kassio-nunes-marques-nega-habeas-corpus-a-vereadora-tatiana-medeiros-6f072e4f-45a5-4e55-a351-28fafb8cf680.jpg.webp","width":1200,"height":900},{"@type":"BreadcrumbList","@id":"https:\/\/noticiaempauta.com\/portal\/ministro-nunes-marques-nega-habeas-corpus-a-vereadora-tatiana-medeiros\/#breadcrumb","itemListElement":[{"@type":"ListItem","position":1,"name":"P\u00e1gina Inicial","item":"https:\/\/noticiaempauta.com\/portal\/"},{"@type":"ListItem","position":2,"name":"Geral","item":"https:\/\/noticiaempauta.com\/portal\/geral\/"},{"@type":"ListItem","position":3,"name":"Ministro Nunes Marques nega habeas corpus a vereadora Tatiana Medeiros"}]},{"@type":"WebSite","@id":"https:\/\/noticiaempauta.com\/portal\/#website","url":"https:\/\/noticiaempauta.com\/portal\/","name":"Portal Not\u00edcia em Pauta","description":"Voc\u00ea bem informado","publisher":{"@id":"https:\/\/noticiaempauta.com\/portal\/#organization"},"potentialAction":[{"@type":"SearchAction","target":{"@type":"EntryPoint","urlTemplate":"https:\/\/noticiaempauta.com\/portal\/?s={search_term_string}"},"query-input":{"@type":"PropertyValueSpecification","valueRequired":true,"valueName":"search_term_string"}}],"inLanguage":"pt-BR"},{"@type":"Organization","@id":"https:\/\/noticiaempauta.com\/portal\/#organization","name":"Portal Not\u00edcia em Pauta","url":"https:\/\/noticiaempauta.com\/portal\/","logo":{"@type":"ImageObject","inLanguage":"pt-BR","@id":"https:\/\/noticiaempauta.com\/portal\/#\/schema\/logo\/image\/","url":"https:\/\/noticiaempauta.com\/portal\/wp-content\/uploads\/2022\/08\/logomarca_tema.fw_.png","contentUrl":"https:\/\/noticiaempauta.com\/portal\/wp-content\/uploads\/2022\/08\/logomarca_tema.fw_.png","width":400,"height":232,"caption":"Portal Not\u00edcia em Pauta"},"image":{"@id":"https:\/\/noticiaempauta.com\/portal\/#\/schema\/logo\/image\/"},"sameAs":["https:\/\/www.facebook.com\/Portal-Notcia-Em-Pauta-102292869264820\/","https:\/\/www.instagram.com\/portalnoticiaempauta\/"]},{"@type":"Person","@id":"https:\/\/noticiaempauta.com\/portal\/#\/schema\/person\/a74af43dd1ab3deca45f988c717d57ac","name":"Reda\u00e7\u00e3o","image":{"@type":"ImageObject","inLanguage":"pt-BR","@id":"https:\/\/noticiaempauta.com\/portal\/#\/schema\/person\/image\/","url":"https:\/\/secure.gravatar.com\/avatar\/03179346ecce6cdfc13361603e8f54242a90e5cde8618fa23c5c00aa2b0aadf3?s=96&d=mm&r=g","contentUrl":"https:\/\/secure.gravatar.com\/avatar\/03179346ecce6cdfc13361603e8f54242a90e5cde8618fa23c5c00aa2b0aadf3?s=96&d=mm&r=g","caption":"Reda\u00e7\u00e3o"},"sameAs":["https:\/\/noticiaempauta.com\/portal\/"],"url":"https:\/\/noticiaempauta.com\/portal\/author\/fernando\/"}]}},"_links":{"self":[{"href":"https:\/\/noticiaempauta.com\/portal\/wp-json\/wp\/v2\/posts\/272026","targetHints":{"allow":["GET"]}}],"collection":[{"href":"https:\/\/noticiaempauta.com\/portal\/wp-json\/wp\/v2\/posts"}],"about":[{"href":"https:\/\/noticiaempauta.com\/portal\/wp-json\/wp\/v2\/types\/post"}],"author":[{"embeddable":true,"href":"https:\/\/noticiaempauta.com\/portal\/wp-json\/wp\/v2\/users\/2"}],"replies":[{"embeddable":true,"href":"https:\/\/noticiaempauta.com\/portal\/wp-json\/wp\/v2\/comments?post=272026"}],"version-history":[{"count":2,"href":"https:\/\/noticiaempauta.com\/portal\/wp-json\/wp\/v2\/posts\/272026\/revisions"}],"predecessor-version":[{"id":272029,"href":"https:\/\/noticiaempauta.com\/portal\/wp-json\/wp\/v2\/posts\/272026\/revisions\/272029"}],"wp:featuredmedia":[{"embeddable":true,"href":"https:\/\/noticiaempauta.com\/portal\/wp-json\/wp\/v2\/media\/272027"}],"wp:attachment":[{"href":"https:\/\/noticiaempauta.com\/portal\/wp-json\/wp\/v2\/media?parent=272026"}],"wp:term":[{"taxonomy":"category","embeddable":true,"href":"https:\/\/noticiaempauta.com\/portal\/wp-json\/wp\/v2\/categories?post=272026"},{"taxonomy":"post_tag","embeddable":true,"href":"https:\/\/noticiaempauta.com\/portal\/wp-json\/wp\/v2\/tags?post=272026"}],"curies":[{"name":"wp","href":"https:\/\/api.w.org\/{rel}","templated":true}]}}