{"id":272030,"date":"2025-05-21T09:07:03","date_gmt":"2025-05-21T12:07:03","guid":{"rendered":"https:\/\/noticiaempauta.com\/portal\/?p=272030"},"modified":"2025-05-21T09:07:04","modified_gmt":"2025-05-21T12:07:04","slug":"severo-eulalio-participa-da-26a-marcha-dos-prefeitos-e-reforca-defesa-do-municipalismo","status":"publish","type":"post","link":"https:\/\/noticiaempauta.com\/portal\/severo-eulalio-participa-da-26a-marcha-dos-prefeitos-e-reforca-defesa-do-municipalismo\/","title":{"rendered":"Severo Eul\u00e1lio participa da 26\u00aa Marcha dos Prefeitos e refor\u00e7a defesa do municipalismo"},"content":{"rendered":"\n<p>O deputado estadual Severo Eul\u00e1lio, presidente da Assembleia Legislativa do Piau\u00ed (Alepi), participa nesta semana da 26\u00aa Marcha dos Prefeitos em Defesa dos Munic\u00edpios, realizada no Centro Internacional de Conven\u00e7\u00f5es do Brasil (CICB), em Bras\u00edlia. Considerado o maior evento municipalista do pa\u00eds, a Marcha re\u00fane mais de 13 mil participantes at\u00e9 a pr\u00f3xima quinta-feira (22\/05), com o tema\u00a0<strong>\u201cAutonomia Municipal: a for\u00e7a que transforma o Brasil\u201d.<\/strong><\/p>\n\n\n\n<figure class=\"wp-block-image size-full\"><img fetchpriority=\"high\" decoding=\"async\" width=\"768\" height=\"576\" src=\"https:\/\/noticiaempauta.com\/portal\/wp-content\/uploads\/2025\/05\/MODELO-CAPA-NOVO-2025-ATUALIZADO-16-1-768x576-1.jpg\" alt=\"\" class=\"wp-image-272031\" srcset=\"https:\/\/noticiaempauta.com\/portal\/wp-content\/uploads\/2025\/05\/MODELO-CAPA-NOVO-2025-ATUALIZADO-16-1-768x576-1.jpg 768w, https:\/\/noticiaempauta.com\/portal\/wp-content\/uploads\/2025\/05\/MODELO-CAPA-NOVO-2025-ATUALIZADO-16-1-768x576-1-300x225.jpg 300w\" sizes=\"(max-width: 768px) 100vw, 768px\" \/><figcaption class=\"wp-element-caption\"><em>(Foto: Reprodu\u00e7\u00e3o)<\/em><\/figcaption><\/figure>\n\n\n\n<p>Na manh\u00e3 desta ter\u00e7a-feira (20\/05), o parlamentar visitou o estande da Associa\u00e7\u00e3o Piauiense de Munic\u00edpios (APPM), acompanhado do presidente da entidade, Admaelton Bezerra, prefeito de S\u00e3o Jo\u00e3o do Piau\u00ed, e de dezenas de gestores municipais do estado. A comitiva piauiense conta com mais de 150 prefeitos presentes no evento.<\/p>\n\n\n\n<figure class=\"wp-block-image size-large\"><img decoding=\"async\" width=\"1024\" height=\"911\" src=\"https:\/\/noticiaempauta.com\/portal\/wp-content\/uploads\/2025\/05\/WhatsApp-Image-2025-05-21-at-09.01.39-1024x911.jpeg\" alt=\"\" class=\"wp-image-272033\" srcset=\"https:\/\/noticiaempauta.com\/portal\/wp-content\/uploads\/2025\/05\/WhatsApp-Image-2025-05-21-at-09.01.39-1024x911.jpeg 1024w, https:\/\/noticiaempauta.com\/portal\/wp-content\/uploads\/2025\/05\/WhatsApp-Image-2025-05-21-at-09.01.39-300x267.jpeg 300w, https:\/\/noticiaempauta.com\/portal\/wp-content\/uploads\/2025\/05\/WhatsApp-Image-2025-05-21-at-09.01.39-768x683.jpeg 768w, https:\/\/noticiaempauta.com\/portal\/wp-content\/uploads\/2025\/05\/WhatsApp-Image-2025-05-21-at-09.01.39.jpeg 1170w\" sizes=\"(max-width: 1024px) 100vw, 1024px\" \/><\/figure>\n\n\n\n<p>Severo Eul\u00e1lio destacou a import\u00e2ncia da Marcha como espa\u00e7o estrat\u00e9gico para o fortalecimento do di\u00e1logo federativo e da luta por mais recursos e autonomia para os munic\u00edpios.<\/p>\n\n\n\n<figure class=\"wp-block-image size-large\"><img decoding=\"async\" width=\"861\" height=\"1024\" src=\"https:\/\/noticiaempauta.com\/portal\/wp-content\/uploads\/2025\/05\/WhatsApp-Image-2025-05-21-at-09.01.41-861x1024.jpeg\" alt=\"\" class=\"wp-image-272032\" srcset=\"https:\/\/noticiaempauta.com\/portal\/wp-content\/uploads\/2025\/05\/WhatsApp-Image-2025-05-21-at-09.01.41-861x1024.jpeg 861w, https:\/\/noticiaempauta.com\/portal\/wp-content\/uploads\/2025\/05\/WhatsApp-Image-2025-05-21-at-09.01.41-252x300.jpeg 252w, https:\/\/noticiaempauta.com\/portal\/wp-content\/uploads\/2025\/05\/WhatsApp-Image-2025-05-21-at-09.01.41-768x914.jpeg 768w, https:\/\/noticiaempauta.com\/portal\/wp-content\/uploads\/2025\/05\/WhatsApp-Image-2025-05-21-at-09.01.41.jpeg 1076w\" sizes=\"(max-width: 861px) 100vw, 861px\" \/><figcaption class=\"wp-element-caption\"><em>(Fotos: Redes Sociais)<\/em><\/figcaption><\/figure>\n\n\n\n<p>\u201c\u00c9 nos munic\u00edpios que a vida do nosso povo acontece realmente. E aqui, na Marcha, dentre outras demandas importantes, cabe destacar a PEC 66, que j\u00e1 foi aprovada no Senado e agora tramita na C\u00e2mara Federal\u201d, disse.<\/p>\n\n\n\n<figure class=\"wp-block-image size-large\"><img loading=\"lazy\" decoding=\"async\" width=\"1024\" height=\"530\" src=\"https:\/\/noticiaempauta.com\/portal\/wp-content\/uploads\/2025\/05\/WhatsApp-Image-2025-05-21-at-09.01.40-1024x530.jpeg\" alt=\"\" class=\"wp-image-272034\" srcset=\"https:\/\/noticiaempauta.com\/portal\/wp-content\/uploads\/2025\/05\/WhatsApp-Image-2025-05-21-at-09.01.40-1024x530.jpeg 1024w, https:\/\/noticiaempauta.com\/portal\/wp-content\/uploads\/2025\/05\/WhatsApp-Image-2025-05-21-at-09.01.40-300x155.jpeg 300w, https:\/\/noticiaempauta.com\/portal\/wp-content\/uploads\/2025\/05\/WhatsApp-Image-2025-05-21-at-09.01.40-768x398.jpeg 768w, https:\/\/noticiaempauta.com\/portal\/wp-content\/uploads\/2025\/05\/WhatsApp-Image-2025-05-21-at-09.01.40.jpeg 1170w\" sizes=\"(max-width: 1024px) 100vw, 1024px\" \/><\/figure>\n\n\n\n<p>A PEC 66\/2023, conhecida como PEC da Sustentabilidade Fiscal, prev\u00ea o parcelamento das d\u00edvidas previdenci\u00e1rias dos munic\u00edpios em at\u00e9 300 meses, al\u00e9m de estabelecer um limite para o pagamento de precat\u00f3rios, o que, segundo o deputado, representa um al\u00edvio fiscal significativo para as administra\u00e7\u00f5es municipais.<\/p>\n\n\n\n<figure class=\"wp-block-image size-large\"><img loading=\"lazy\" decoding=\"async\" width=\"1024\" height=\"1022\" src=\"https:\/\/noticiaempauta.com\/portal\/wp-content\/uploads\/2025\/05\/WhatsApp-Image-2025-05-21-at-09.01.39-1-1024x1022.jpeg\" alt=\"\" class=\"wp-image-272035\" srcset=\"https:\/\/noticiaempauta.com\/portal\/wp-content\/uploads\/2025\/05\/WhatsApp-Image-2025-05-21-at-09.01.39-1-1024x1022.jpeg 1024w, https:\/\/noticiaempauta.com\/portal\/wp-content\/uploads\/2025\/05\/WhatsApp-Image-2025-05-21-at-09.01.39-1-300x300.jpeg 300w, https:\/\/noticiaempauta.com\/portal\/wp-content\/uploads\/2025\/05\/WhatsApp-Image-2025-05-21-at-09.01.39-1-150x150.jpeg 150w, https:\/\/noticiaempauta.com\/portal\/wp-content\/uploads\/2025\/05\/WhatsApp-Image-2025-05-21-at-09.01.39-1-768x767.jpeg 768w, https:\/\/noticiaempauta.com\/portal\/wp-content\/uploads\/2025\/05\/WhatsApp-Image-2025-05-21-at-09.01.39-1.jpeg 1170w\" sizes=\"(max-width: 1024px) 100vw, 1024px\" \/><\/figure>\n\n\n\n<p>\u201cA aprova\u00e7\u00e3o dessa PEC vai dar mais previsibilidade or\u00e7ament\u00e1ria \u00e0s prefeituras, permitindo que invistam em \u00e1reas essenciais como sa\u00fade, educa\u00e7\u00e3o, assist\u00eancia social e infraestrutura\u201d, afirmou Severo.<\/p>\n\n\n\n<figure class=\"wp-block-image size-large\"><img loading=\"lazy\" decoding=\"async\" width=\"853\" height=\"1024\" src=\"https:\/\/noticiaempauta.com\/portal\/wp-content\/uploads\/2025\/05\/WhatsApp-Image-2025-05-21-at-09.01.41-1-853x1024.jpeg\" alt=\"\" class=\"wp-image-272036\" srcset=\"https:\/\/noticiaempauta.com\/portal\/wp-content\/uploads\/2025\/05\/WhatsApp-Image-2025-05-21-at-09.01.41-1-853x1024.jpeg 853w, https:\/\/noticiaempauta.com\/portal\/wp-content\/uploads\/2025\/05\/WhatsApp-Image-2025-05-21-at-09.01.41-1-250x300.jpeg 250w, https:\/\/noticiaempauta.com\/portal\/wp-content\/uploads\/2025\/05\/WhatsApp-Image-2025-05-21-at-09.01.41-1-768x922.jpeg 768w, https:\/\/noticiaempauta.com\/portal\/wp-content\/uploads\/2025\/05\/WhatsApp-Image-2025-05-21-at-09.01.41-1.jpeg 1066w\" sizes=\"(max-width: 853px) 100vw, 853px\" \/><\/figure>\n\n\n\n<p>O deputado tamb\u00e9m ressaltou que eventos como a Marcha dos Prefeitos s\u00e3o essenciais para garantir a escuta das bases locais e pressionar o governo federal e o Congresso Nacional por solu\u00e7\u00f5es concretas.<\/p>\n\n\n\n<figure class=\"wp-block-image size-large\"><img loading=\"lazy\" decoding=\"async\" width=\"903\" height=\"1024\" src=\"https:\/\/noticiaempauta.com\/portal\/wp-content\/uploads\/2025\/05\/WhatsApp-Image-2025-05-21-at-09.01.41-2-903x1024.jpeg\" alt=\"\" class=\"wp-image-272037\" srcset=\"https:\/\/noticiaempauta.com\/portal\/wp-content\/uploads\/2025\/05\/WhatsApp-Image-2025-05-21-at-09.01.41-2-903x1024.jpeg 903w, https:\/\/noticiaempauta.com\/portal\/wp-content\/uploads\/2025\/05\/WhatsApp-Image-2025-05-21-at-09.01.41-2-265x300.jpeg 265w, https:\/\/noticiaempauta.com\/portal\/wp-content\/uploads\/2025\/05\/WhatsApp-Image-2025-05-21-at-09.01.41-2-768x871.jpeg 768w, https:\/\/noticiaempauta.com\/portal\/wp-content\/uploads\/2025\/05\/WhatsApp-Image-2025-05-21-at-09.01.41-2.jpeg 1129w\" sizes=\"(max-width: 903px) 100vw, 903px\" \/><\/figure>\n\n\n\n<figure class=\"wp-block-image size-large\"><img loading=\"lazy\" decoding=\"async\" width=\"900\" height=\"1024\" src=\"https:\/\/noticiaempauta.com\/portal\/wp-content\/uploads\/2025\/05\/WhatsApp-Image-2025-05-21-at-09.01.41-4-900x1024.jpeg\" alt=\"\" class=\"wp-image-272038\" srcset=\"https:\/\/noticiaempauta.com\/portal\/wp-content\/uploads\/2025\/05\/WhatsApp-Image-2025-05-21-at-09.01.41-4-900x1024.jpeg 900w, https:\/\/noticiaempauta.com\/portal\/wp-content\/uploads\/2025\/05\/WhatsApp-Image-2025-05-21-at-09.01.41-4-264x300.jpeg 264w, https:\/\/noticiaempauta.com\/portal\/wp-content\/uploads\/2025\/05\/WhatsApp-Image-2025-05-21-at-09.01.41-4-768x874.jpeg 768w, https:\/\/noticiaempauta.com\/portal\/wp-content\/uploads\/2025\/05\/WhatsApp-Image-2025-05-21-at-09.01.41-4.jpeg 1125w\" sizes=\"(max-width: 900px) 100vw, 900px\" \/><\/figure>\n\n\n\n<figure class=\"wp-block-image size-large\"><img loading=\"lazy\" decoding=\"async\" width=\"993\" height=\"1024\" src=\"https:\/\/noticiaempauta.com\/portal\/wp-content\/uploads\/2025\/05\/WhatsApp-Image-2025-05-21-at-09.01.41-5-993x1024.jpeg\" alt=\"\" class=\"wp-image-272039\" srcset=\"https:\/\/noticiaempauta.com\/portal\/wp-content\/uploads\/2025\/05\/WhatsApp-Image-2025-05-21-at-09.01.41-5-993x1024.jpeg 993w, https:\/\/noticiaempauta.com\/portal\/wp-content\/uploads\/2025\/05\/WhatsApp-Image-2025-05-21-at-09.01.41-5-291x300.jpeg 291w, https:\/\/noticiaempauta.com\/portal\/wp-content\/uploads\/2025\/05\/WhatsApp-Image-2025-05-21-at-09.01.41-5-768x792.jpeg 768w, https:\/\/noticiaempauta.com\/portal\/wp-content\/uploads\/2025\/05\/WhatsApp-Image-2025-05-21-at-09.01.41-5.jpeg 1170w\" sizes=\"(max-width: 993px) 100vw, 993px\" \/><\/figure>\n\n\n\n<figure class=\"wp-block-image size-large\"><img loading=\"lazy\" decoding=\"async\" width=\"831\" height=\"1024\" src=\"https:\/\/noticiaempauta.com\/portal\/wp-content\/uploads\/2025\/05\/WhatsApp-Image-2025-05-21-at-09.01.40-1-831x1024.jpeg\" alt=\"\" class=\"wp-image-272040\" srcset=\"https:\/\/noticiaempauta.com\/portal\/wp-content\/uploads\/2025\/05\/WhatsApp-Image-2025-05-21-at-09.01.40-1-831x1024.jpeg 831w, https:\/\/noticiaempauta.com\/portal\/wp-content\/uploads\/2025\/05\/WhatsApp-Image-2025-05-21-at-09.01.40-1-244x300.jpeg 244w, https:\/\/noticiaempauta.com\/portal\/wp-content\/uploads\/2025\/05\/WhatsApp-Image-2025-05-21-at-09.01.40-1-768x946.jpeg 768w, https:\/\/noticiaempauta.com\/portal\/wp-content\/uploads\/2025\/05\/WhatsApp-Image-2025-05-21-at-09.01.40-1.jpeg 1039w\" sizes=\"(max-width: 831px) 100vw, 831px\" \/><\/figure>\n\n\n\n<figure class=\"wp-block-image size-large\"><img loading=\"lazy\" decoding=\"async\" width=\"934\" height=\"1024\" src=\"https:\/\/noticiaempauta.com\/portal\/wp-content\/uploads\/2025\/05\/WhatsApp-Image-2025-05-21-at-09.01.41-6-934x1024.jpeg\" alt=\"\" class=\"wp-image-272041\" srcset=\"https:\/\/noticiaempauta.com\/portal\/wp-content\/uploads\/2025\/05\/WhatsApp-Image-2025-05-21-at-09.01.41-6-934x1024.jpeg 934w, https:\/\/noticiaempauta.com\/portal\/wp-content\/uploads\/2025\/05\/WhatsApp-Image-2025-05-21-at-09.01.41-6-274x300.jpeg 274w, https:\/\/noticiaempauta.com\/portal\/wp-content\/uploads\/2025\/05\/WhatsApp-Image-2025-05-21-at-09.01.41-6-768x842.jpeg 768w, https:\/\/noticiaempauta.com\/portal\/wp-content\/uploads\/2025\/05\/WhatsApp-Image-2025-05-21-at-09.01.41-6.jpeg 1168w\" sizes=\"(max-width: 934px) 100vw, 934px\" \/><\/figure>\n\n\n\n<p><strong>Fonte: OitoMeia<\/strong><\/p>\n","protected":false},"excerpt":{"rendered":"<p>O deputado estadual Severo Eul\u00e1lio, presidente da Assembleia Legislativa do Piau\u00ed (Alepi), participa nesta semana da 26\u00aa Marcha dos Prefeitos em Defesa dos Munic\u00edpios, realizada no Centro Internacional de Conven\u00e7\u00f5es do Brasil (CICB), em Bras\u00edlia. Considerado o maior evento municipalista do pa\u00eds, a Marcha re\u00fane mais de 13 mil participantes at\u00e9 a pr\u00f3xima quinta-feira (22\/05), [&hellip;]<\/p>\n","protected":false},"author":2,"featured_media":272031,"comment_status":"open","ping_status":"open","sticky":false,"template":"","format":"standard","meta":{"_mi_skip_tracking":false,"footnotes":""},"categories":[25,1,16],"tags":[],"class_list":["post-272030","post","type-post","status-publish","format-standard","has-post-thumbnail","hentry","category-destaques-site","category-geral","category-todas"],"acf":[],"yoast_head":"<!-- This site is optimized with the Yoast SEO Premium plugin v19.2 (Yoast SEO v26.9) - https:\/\/yoast.com\/product\/yoast-seo-premium-wordpress\/ -->\n<title>Severo Eul\u00e1lio participa da 26\u00aa Marcha dos Prefeitos e refor\u00e7a defesa do municipalismo - Portal Not\u00edcia em Pauta<\/title>\n<meta name=\"robots\" content=\"index, follow, max-snippet:-1, max-image-preview:large, max-video-preview:-1\" \/>\n<link rel=\"canonical\" href=\"https:\/\/noticiaempauta.com\/portal\/severo-eulalio-participa-da-26a-marcha-dos-prefeitos-e-reforca-defesa-do-municipalismo\/\" \/>\n<meta property=\"og:locale\" content=\"pt_BR\" \/>\n<meta property=\"og:type\" content=\"article\" \/>\n<meta property=\"og:title\" content=\"Severo Eul\u00e1lio participa da 26\u00aa Marcha dos Prefeitos e refor\u00e7a defesa do municipalismo\" \/>\n<meta property=\"og:description\" content=\"O deputado estadual Severo Eul\u00e1lio, presidente da Assembleia Legislativa do Piau\u00ed (Alepi), participa nesta semana da 26\u00aa Marcha dos Prefeitos em Defesa dos Munic\u00edpios, realizada no Centro Internacional de Conven\u00e7\u00f5es do Brasil (CICB), em Bras\u00edlia. Considerado o maior evento municipalista do pa\u00eds, a Marcha re\u00fane mais de 13 mil participantes at\u00e9 a pr\u00f3xima quinta-feira (22\/05), [&hellip;]\" \/>\n<meta property=\"og:url\" content=\"https:\/\/noticiaempauta.com\/portal\/severo-eulalio-participa-da-26a-marcha-dos-prefeitos-e-reforca-defesa-do-municipalismo\/\" \/>\n<meta property=\"og:site_name\" content=\"Portal Not\u00edcia em Pauta\" \/>\n<meta property=\"article:publisher\" content=\"https:\/\/www.facebook.com\/Portal-Notcia-Em-Pauta-102292869264820\/\" \/>\n<meta property=\"article:published_time\" content=\"2025-05-21T12:07:03+00:00\" \/>\n<meta property=\"article:modified_time\" content=\"2025-05-21T12:07:04+00:00\" \/>\n<meta property=\"og:image\" content=\"https:\/\/noticiaempauta.com\/portal\/wp-content\/uploads\/2025\/05\/MODELO-CAPA-NOVO-2025-ATUALIZADO-16-1-768x576-1.jpg\" \/>\n\t<meta property=\"og:image:width\" content=\"768\" \/>\n\t<meta property=\"og:image:height\" content=\"576\" \/>\n\t<meta property=\"og:image:type\" content=\"image\/jpeg\" \/>\n<meta name=\"author\" content=\"Reda\u00e7\u00e3o\" \/>\n<meta name=\"twitter:card\" content=\"summary_large_image\" \/>\n<meta name=\"twitter:label1\" content=\"Escrito por\" \/>\n\t<meta name=\"twitter:data1\" content=\"Reda\u00e7\u00e3o\" \/>\n\t<meta name=\"twitter:label2\" content=\"Est. tempo de leitura\" \/>\n\t<meta name=\"twitter:data2\" content=\"4 minutos\" \/>\n<script type=\"application\/ld+json\" class=\"yoast-schema-graph\">{\"@context\":\"https:\/\/schema.org\",\"@graph\":[{\"@type\":\"Article\",\"@id\":\"https:\/\/noticiaempauta.com\/portal\/severo-eulalio-participa-da-26a-marcha-dos-prefeitos-e-reforca-defesa-do-municipalismo\/#article\",\"isPartOf\":{\"@id\":\"https:\/\/noticiaempauta.com\/portal\/severo-eulalio-participa-da-26a-marcha-dos-prefeitos-e-reforca-defesa-do-municipalismo\/\"},\"author\":{\"name\":\"Reda\u00e7\u00e3o\",\"@id\":\"https:\/\/noticiaempauta.com\/portal\/#\/schema\/person\/a74af43dd1ab3deca45f988c717d57ac\"},\"headline\":\"Severo Eul\u00e1lio participa da 26\u00aa Marcha dos Prefeitos e refor\u00e7a defesa do municipalismo\",\"datePublished\":\"2025-05-21T12:07:03+00:00\",\"dateModified\":\"2025-05-21T12:07:04+00:00\",\"mainEntityOfPage\":{\"@id\":\"https:\/\/noticiaempauta.com\/portal\/severo-eulalio-participa-da-26a-marcha-dos-prefeitos-e-reforca-defesa-do-municipalismo\/\"},\"wordCount\":332,\"commentCount\":0,\"publisher\":{\"@id\":\"https:\/\/noticiaempauta.com\/portal\/#organization\"},\"image\":{\"@id\":\"https:\/\/noticiaempauta.com\/portal\/severo-eulalio-participa-da-26a-marcha-dos-prefeitos-e-reforca-defesa-do-municipalismo\/#primaryimage\"},\"thumbnailUrl\":\"https:\/\/noticiaempauta.com\/portal\/wp-content\/uploads\/2025\/05\/MODELO-CAPA-NOVO-2025-ATUALIZADO-16-1-768x576-1.jpg\",\"articleSection\":[\"Destaques\",\"Geral\",\"Todas as Not\u00edcias\"],\"inLanguage\":\"pt-BR\",\"potentialAction\":[{\"@type\":\"CommentAction\",\"name\":\"Comment\",\"target\":[\"https:\/\/noticiaempauta.com\/portal\/severo-eulalio-participa-da-26a-marcha-dos-prefeitos-e-reforca-defesa-do-municipalismo\/#respond\"]}]},{\"@type\":\"WebPage\",\"@id\":\"https:\/\/noticiaempauta.com\/portal\/severo-eulalio-participa-da-26a-marcha-dos-prefeitos-e-reforca-defesa-do-municipalismo\/\",\"url\":\"https:\/\/noticiaempauta.com\/portal\/severo-eulalio-participa-da-26a-marcha-dos-prefeitos-e-reforca-defesa-do-municipalismo\/\",\"name\":\"Severo Eul\u00e1lio participa da 26\u00aa Marcha dos Prefeitos e refor\u00e7a defesa do municipalismo - Portal Not\u00edcia em Pauta\",\"isPartOf\":{\"@id\":\"https:\/\/noticiaempauta.com\/portal\/#website\"},\"primaryImageOfPage\":{\"@id\":\"https:\/\/noticiaempauta.com\/portal\/severo-eulalio-participa-da-26a-marcha-dos-prefeitos-e-reforca-defesa-do-municipalismo\/#primaryimage\"},\"image\":{\"@id\":\"https:\/\/noticiaempauta.com\/portal\/severo-eulalio-participa-da-26a-marcha-dos-prefeitos-e-reforca-defesa-do-municipalismo\/#primaryimage\"},\"thumbnailUrl\":\"https:\/\/noticiaempauta.com\/portal\/wp-content\/uploads\/2025\/05\/MODELO-CAPA-NOVO-2025-ATUALIZADO-16-1-768x576-1.jpg\",\"datePublished\":\"2025-05-21T12:07:03+00:00\",\"dateModified\":\"2025-05-21T12:07:04+00:00\",\"breadcrumb\":{\"@id\":\"https:\/\/noticiaempauta.com\/portal\/severo-eulalio-participa-da-26a-marcha-dos-prefeitos-e-reforca-defesa-do-municipalismo\/#breadcrumb\"},\"inLanguage\":\"pt-BR\",\"potentialAction\":[{\"@type\":\"ReadAction\",\"target\":[\"https:\/\/noticiaempauta.com\/portal\/severo-eulalio-participa-da-26a-marcha-dos-prefeitos-e-reforca-defesa-do-municipalismo\/\"]}]},{\"@type\":\"ImageObject\",\"inLanguage\":\"pt-BR\",\"@id\":\"https:\/\/noticiaempauta.com\/portal\/severo-eulalio-participa-da-26a-marcha-dos-prefeitos-e-reforca-defesa-do-municipalismo\/#primaryimage\",\"url\":\"https:\/\/noticiaempauta.com\/portal\/wp-content\/uploads\/2025\/05\/MODELO-CAPA-NOVO-2025-ATUALIZADO-16-1-768x576-1.jpg\",\"contentUrl\":\"https:\/\/noticiaempauta.com\/portal\/wp-content\/uploads\/2025\/05\/MODELO-CAPA-NOVO-2025-ATUALIZADO-16-1-768x576-1.jpg\",\"width\":768,\"height\":576,\"caption\":\"(Foto: Reprodu\u00e7\u00e3o)\"},{\"@type\":\"BreadcrumbList\",\"@id\":\"https:\/\/noticiaempauta.com\/portal\/severo-eulalio-participa-da-26a-marcha-dos-prefeitos-e-reforca-defesa-do-municipalismo\/#breadcrumb\",\"itemListElement\":[{\"@type\":\"ListItem\",\"position\":1,\"name\":\"P\u00e1gina Inicial\",\"item\":\"https:\/\/noticiaempauta.com\/portal\/\"},{\"@type\":\"ListItem\",\"position\":2,\"name\":\"Destaques\",\"item\":\"https:\/\/noticiaempauta.com\/portal\/destaques-site\/\"},{\"@type\":\"ListItem\",\"position\":3,\"name\":\"Severo Eul\u00e1lio participa da 26\u00aa Marcha dos Prefeitos e refor\u00e7a defesa do municipalismo\"}]},{\"@type\":\"WebSite\",\"@id\":\"https:\/\/noticiaempauta.com\/portal\/#website\",\"url\":\"https:\/\/noticiaempauta.com\/portal\/\",\"name\":\"Portal Not\u00edcia em Pauta\",\"description\":\"Voc\u00ea bem informado\",\"publisher\":{\"@id\":\"https:\/\/noticiaempauta.com\/portal\/#organization\"},\"potentialAction\":[{\"@type\":\"SearchAction\",\"target\":{\"@type\":\"EntryPoint\",\"urlTemplate\":\"https:\/\/noticiaempauta.com\/portal\/?s={search_term_string}\"},\"query-input\":{\"@type\":\"PropertyValueSpecification\",\"valueRequired\":true,\"valueName\":\"search_term_string\"}}],\"inLanguage\":\"pt-BR\"},{\"@type\":\"Organization\",\"@id\":\"https:\/\/noticiaempauta.com\/portal\/#organization\",\"name\":\"Portal Not\u00edcia em Pauta\",\"url\":\"https:\/\/noticiaempauta.com\/portal\/\",\"logo\":{\"@type\":\"ImageObject\",\"inLanguage\":\"pt-BR\",\"@id\":\"https:\/\/noticiaempauta.com\/portal\/#\/schema\/logo\/image\/\",\"url\":\"https:\/\/noticiaempauta.com\/portal\/wp-content\/uploads\/2022\/08\/logomarca_tema.fw_.png\",\"contentUrl\":\"https:\/\/noticiaempauta.com\/portal\/wp-content\/uploads\/2022\/08\/logomarca_tema.fw_.png\",\"width\":400,\"height\":232,\"caption\":\"Portal Not\u00edcia em Pauta\"},\"image\":{\"@id\":\"https:\/\/noticiaempauta.com\/portal\/#\/schema\/logo\/image\/\"},\"sameAs\":[\"https:\/\/www.facebook.com\/Portal-Notcia-Em-Pauta-102292869264820\/\",\"https:\/\/www.instagram.com\/portalnoticiaempauta\/\"]},{\"@type\":\"Person\",\"@id\":\"https:\/\/noticiaempauta.com\/portal\/#\/schema\/person\/a74af43dd1ab3deca45f988c717d57ac\",\"name\":\"Reda\u00e7\u00e3o\",\"image\":{\"@type\":\"ImageObject\",\"inLanguage\":\"pt-BR\",\"@id\":\"https:\/\/noticiaempauta.com\/portal\/#\/schema\/person\/image\/\",\"url\":\"https:\/\/secure.gravatar.com\/avatar\/03179346ecce6cdfc13361603e8f54242a90e5cde8618fa23c5c00aa2b0aadf3?s=96&d=mm&r=g\",\"contentUrl\":\"https:\/\/secure.gravatar.com\/avatar\/03179346ecce6cdfc13361603e8f54242a90e5cde8618fa23c5c00aa2b0aadf3?s=96&d=mm&r=g\",\"caption\":\"Reda\u00e7\u00e3o\"},\"sameAs\":[\"https:\/\/noticiaempauta.com\/portal\/\"],\"url\":\"https:\/\/noticiaempauta.com\/portal\/author\/fernando\/\"}]}<\/script>\n<!-- \/ Yoast SEO Premium plugin. -->","yoast_head_json":{"title":"Severo Eul\u00e1lio participa da 26\u00aa Marcha dos Prefeitos e refor\u00e7a defesa do municipalismo - Portal Not\u00edcia em Pauta","robots":{"index":"index","follow":"follow","max-snippet":"max-snippet:-1","max-image-preview":"max-image-preview:large","max-video-preview":"max-video-preview:-1"},"canonical":"https:\/\/noticiaempauta.com\/portal\/severo-eulalio-participa-da-26a-marcha-dos-prefeitos-e-reforca-defesa-do-municipalismo\/","og_locale":"pt_BR","og_type":"article","og_title":"Severo Eul\u00e1lio participa da 26\u00aa Marcha dos Prefeitos e refor\u00e7a defesa do municipalismo","og_description":"O deputado estadual Severo Eul\u00e1lio, presidente da Assembleia Legislativa do Piau\u00ed (Alepi), participa nesta semana da 26\u00aa Marcha dos Prefeitos em Defesa dos Munic\u00edpios, realizada no Centro Internacional de Conven\u00e7\u00f5es do Brasil (CICB), em Bras\u00edlia. Considerado o maior evento municipalista do pa\u00eds, a Marcha re\u00fane mais de 13 mil participantes at\u00e9 a pr\u00f3xima quinta-feira (22\/05), [&hellip;]","og_url":"https:\/\/noticiaempauta.com\/portal\/severo-eulalio-participa-da-26a-marcha-dos-prefeitos-e-reforca-defesa-do-municipalismo\/","og_site_name":"Portal Not\u00edcia em Pauta","article_publisher":"https:\/\/www.facebook.com\/Portal-Notcia-Em-Pauta-102292869264820\/","article_published_time":"2025-05-21T12:07:03+00:00","article_modified_time":"2025-05-21T12:07:04+00:00","og_image":[{"width":768,"height":576,"url":"https:\/\/noticiaempauta.com\/portal\/wp-content\/uploads\/2025\/05\/MODELO-CAPA-NOVO-2025-ATUALIZADO-16-1-768x576-1.jpg","type":"image\/jpeg"}],"author":"Reda\u00e7\u00e3o","twitter_card":"summary_large_image","twitter_misc":{"Escrito por":"Reda\u00e7\u00e3o","Est. tempo de leitura":"4 minutos"},"schema":{"@context":"https:\/\/schema.org","@graph":[{"@type":"Article","@id":"https:\/\/noticiaempauta.com\/portal\/severo-eulalio-participa-da-26a-marcha-dos-prefeitos-e-reforca-defesa-do-municipalismo\/#article","isPartOf":{"@id":"https:\/\/noticiaempauta.com\/portal\/severo-eulalio-participa-da-26a-marcha-dos-prefeitos-e-reforca-defesa-do-municipalismo\/"},"author":{"name":"Reda\u00e7\u00e3o","@id":"https:\/\/noticiaempauta.com\/portal\/#\/schema\/person\/a74af43dd1ab3deca45f988c717d57ac"},"headline":"Severo Eul\u00e1lio participa da 26\u00aa Marcha dos Prefeitos e refor\u00e7a defesa do municipalismo","datePublished":"2025-05-21T12:07:03+00:00","dateModified":"2025-05-21T12:07:04+00:00","mainEntityOfPage":{"@id":"https:\/\/noticiaempauta.com\/portal\/severo-eulalio-participa-da-26a-marcha-dos-prefeitos-e-reforca-defesa-do-municipalismo\/"},"wordCount":332,"commentCount":0,"publisher":{"@id":"https:\/\/noticiaempauta.com\/portal\/#organization"},"image":{"@id":"https:\/\/noticiaempauta.com\/portal\/severo-eulalio-participa-da-26a-marcha-dos-prefeitos-e-reforca-defesa-do-municipalismo\/#primaryimage"},"thumbnailUrl":"https:\/\/noticiaempauta.com\/portal\/wp-content\/uploads\/2025\/05\/MODELO-CAPA-NOVO-2025-ATUALIZADO-16-1-768x576-1.jpg","articleSection":["Destaques","Geral","Todas as Not\u00edcias"],"inLanguage":"pt-BR","potentialAction":[{"@type":"CommentAction","name":"Comment","target":["https:\/\/noticiaempauta.com\/portal\/severo-eulalio-participa-da-26a-marcha-dos-prefeitos-e-reforca-defesa-do-municipalismo\/#respond"]}]},{"@type":"WebPage","@id":"https:\/\/noticiaempauta.com\/portal\/severo-eulalio-participa-da-26a-marcha-dos-prefeitos-e-reforca-defesa-do-municipalismo\/","url":"https:\/\/noticiaempauta.com\/portal\/severo-eulalio-participa-da-26a-marcha-dos-prefeitos-e-reforca-defesa-do-municipalismo\/","name":"Severo Eul\u00e1lio participa da 26\u00aa Marcha dos Prefeitos e refor\u00e7a defesa do municipalismo - Portal Not\u00edcia em Pauta","isPartOf":{"@id":"https:\/\/noticiaempauta.com\/portal\/#website"},"primaryImageOfPage":{"@id":"https:\/\/noticiaempauta.com\/portal\/severo-eulalio-participa-da-26a-marcha-dos-prefeitos-e-reforca-defesa-do-municipalismo\/#primaryimage"},"image":{"@id":"https:\/\/noticiaempauta.com\/portal\/severo-eulalio-participa-da-26a-marcha-dos-prefeitos-e-reforca-defesa-do-municipalismo\/#primaryimage"},"thumbnailUrl":"https:\/\/noticiaempauta.com\/portal\/wp-content\/uploads\/2025\/05\/MODELO-CAPA-NOVO-2025-ATUALIZADO-16-1-768x576-1.jpg","datePublished":"2025-05-21T12:07:03+00:00","dateModified":"2025-05-21T12:07:04+00:00","breadcrumb":{"@id":"https:\/\/noticiaempauta.com\/portal\/severo-eulalio-participa-da-26a-marcha-dos-prefeitos-e-reforca-defesa-do-municipalismo\/#breadcrumb"},"inLanguage":"pt-BR","potentialAction":[{"@type":"ReadAction","target":["https:\/\/noticiaempauta.com\/portal\/severo-eulalio-participa-da-26a-marcha-dos-prefeitos-e-reforca-defesa-do-municipalismo\/"]}]},{"@type":"ImageObject","inLanguage":"pt-BR","@id":"https:\/\/noticiaempauta.com\/portal\/severo-eulalio-participa-da-26a-marcha-dos-prefeitos-e-reforca-defesa-do-municipalismo\/#primaryimage","url":"https:\/\/noticiaempauta.com\/portal\/wp-content\/uploads\/2025\/05\/MODELO-CAPA-NOVO-2025-ATUALIZADO-16-1-768x576-1.jpg","contentUrl":"https:\/\/noticiaempauta.com\/portal\/wp-content\/uploads\/2025\/05\/MODELO-CAPA-NOVO-2025-ATUALIZADO-16-1-768x576-1.jpg","width":768,"height":576,"caption":"(Foto: Reprodu\u00e7\u00e3o)"},{"@type":"BreadcrumbList","@id":"https:\/\/noticiaempauta.com\/portal\/severo-eulalio-participa-da-26a-marcha-dos-prefeitos-e-reforca-defesa-do-municipalismo\/#breadcrumb","itemListElement":[{"@type":"ListItem","position":1,"name":"P\u00e1gina Inicial","item":"https:\/\/noticiaempauta.com\/portal\/"},{"@type":"ListItem","position":2,"name":"Destaques","item":"https:\/\/noticiaempauta.com\/portal\/destaques-site\/"},{"@type":"ListItem","position":3,"name":"Severo Eul\u00e1lio participa da 26\u00aa Marcha dos Prefeitos e refor\u00e7a defesa do municipalismo"}]},{"@type":"WebSite","@id":"https:\/\/noticiaempauta.com\/portal\/#website","url":"https:\/\/noticiaempauta.com\/portal\/","name":"Portal Not\u00edcia em Pauta","description":"Voc\u00ea bem informado","publisher":{"@id":"https:\/\/noticiaempauta.com\/portal\/#organization"},"potentialAction":[{"@type":"SearchAction","target":{"@type":"EntryPoint","urlTemplate":"https:\/\/noticiaempauta.com\/portal\/?s={search_term_string}"},"query-input":{"@type":"PropertyValueSpecification","valueRequired":true,"valueName":"search_term_string"}}],"inLanguage":"pt-BR"},{"@type":"Organization","@id":"https:\/\/noticiaempauta.com\/portal\/#organization","name":"Portal Not\u00edcia em Pauta","url":"https:\/\/noticiaempauta.com\/portal\/","logo":{"@type":"ImageObject","inLanguage":"pt-BR","@id":"https:\/\/noticiaempauta.com\/portal\/#\/schema\/logo\/image\/","url":"https:\/\/noticiaempauta.com\/portal\/wp-content\/uploads\/2022\/08\/logomarca_tema.fw_.png","contentUrl":"https:\/\/noticiaempauta.com\/portal\/wp-content\/uploads\/2022\/08\/logomarca_tema.fw_.png","width":400,"height":232,"caption":"Portal Not\u00edcia em Pauta"},"image":{"@id":"https:\/\/noticiaempauta.com\/portal\/#\/schema\/logo\/image\/"},"sameAs":["https:\/\/www.facebook.com\/Portal-Notcia-Em-Pauta-102292869264820\/","https:\/\/www.instagram.com\/portalnoticiaempauta\/"]},{"@type":"Person","@id":"https:\/\/noticiaempauta.com\/portal\/#\/schema\/person\/a74af43dd1ab3deca45f988c717d57ac","name":"Reda\u00e7\u00e3o","image":{"@type":"ImageObject","inLanguage":"pt-BR","@id":"https:\/\/noticiaempauta.com\/portal\/#\/schema\/person\/image\/","url":"https:\/\/secure.gravatar.com\/avatar\/03179346ecce6cdfc13361603e8f54242a90e5cde8618fa23c5c00aa2b0aadf3?s=96&d=mm&r=g","contentUrl":"https:\/\/secure.gravatar.com\/avatar\/03179346ecce6cdfc13361603e8f54242a90e5cde8618fa23c5c00aa2b0aadf3?s=96&d=mm&r=g","caption":"Reda\u00e7\u00e3o"},"sameAs":["https:\/\/noticiaempauta.com\/portal\/"],"url":"https:\/\/noticiaempauta.com\/portal\/author\/fernando\/"}]}},"_links":{"self":[{"href":"https:\/\/noticiaempauta.com\/portal\/wp-json\/wp\/v2\/posts\/272030","targetHints":{"allow":["GET"]}}],"collection":[{"href":"https:\/\/noticiaempauta.com\/portal\/wp-json\/wp\/v2\/posts"}],"about":[{"href":"https:\/\/noticiaempauta.com\/portal\/wp-json\/wp\/v2\/types\/post"}],"author":[{"embeddable":true,"href":"https:\/\/noticiaempauta.com\/portal\/wp-json\/wp\/v2\/users\/2"}],"replies":[{"embeddable":true,"href":"https:\/\/noticiaempauta.com\/portal\/wp-json\/wp\/v2\/comments?post=272030"}],"version-history":[{"count":2,"href":"https:\/\/noticiaempauta.com\/portal\/wp-json\/wp\/v2\/posts\/272030\/revisions"}],"predecessor-version":[{"id":272043,"href":"https:\/\/noticiaempauta.com\/portal\/wp-json\/wp\/v2\/posts\/272030\/revisions\/272043"}],"wp:featuredmedia":[{"embeddable":true,"href":"https:\/\/noticiaempauta.com\/portal\/wp-json\/wp\/v2\/media\/272031"}],"wp:attachment":[{"href":"https:\/\/noticiaempauta.com\/portal\/wp-json\/wp\/v2\/media?parent=272030"}],"wp:term":[{"taxonomy":"category","embeddable":true,"href":"https:\/\/noticiaempauta.com\/portal\/wp-json\/wp\/v2\/categories?post=272030"},{"taxonomy":"post_tag","embeddable":true,"href":"https:\/\/noticiaempauta.com\/portal\/wp-json\/wp\/v2\/tags?post=272030"}],"curies":[{"name":"wp","href":"https:\/\/api.w.org\/{rel}","templated":true}]}}