{"id":272044,"date":"2025-05-21T10:12:43","date_gmt":"2025-05-21T13:12:43","guid":{"rendered":"https:\/\/noticiaempauta.com\/portal\/?p=272044"},"modified":"2025-05-21T10:12:44","modified_gmt":"2025-05-21T13:12:44","slug":"mais-dois-paises-suspendem-importacao-de-frango-do-brasil-apos-caso-de-gripe-aviaria","status":"publish","type":"post","link":"https:\/\/noticiaempauta.com\/portal\/mais-dois-paises-suspendem-importacao-de-frango-do-brasil-apos-caso-de-gripe-aviaria\/","title":{"rendered":"Mais dois pa\u00edses suspendem importa\u00e7\u00e3o de frango do Brasil ap\u00f3s caso de gripe avi\u00e1ria"},"content":{"rendered":"\n<p>O\u00a0Minist\u00e9rio da Agricultura\u00a0atualizou nesta quarta-feira (21)\u00a0a lista de pa\u00edses que impuseram restri\u00e7\u00f5es \u00e0 carne de frango do Brasil, ap\u00f3s a confirma\u00e7\u00e3o do primeiro caso de gripe avi\u00e1ria em uma granja comercial no pa\u00eds. A contamina\u00e7\u00e3o foi identificada na cidade de Montenegro, no<strong>\u00a0Rio Grande do Sul,<\/strong>\u00a0na \u00faltima quinta-feira (15).<\/p>\n\n\n\n<figure class=\"wp-block-image size-full\"><img fetchpriority=\"high\" decoding=\"async\" width=\"420\" height=\"240\" src=\"https:\/\/noticiaempauta.com\/portal\/wp-content\/uploads\/2025\/05\/gripe-aviaria.webp\" alt=\"\" class=\"wp-image-272045\" srcset=\"https:\/\/noticiaempauta.com\/portal\/wp-content\/uploads\/2025\/05\/gripe-aviaria.webp 420w, https:\/\/noticiaempauta.com\/portal\/wp-content\/uploads\/2025\/05\/gripe-aviaria-300x171.webp 300w\" sizes=\"(max-width: 420px) 100vw, 420px\" \/><figcaption class=\"wp-element-caption\">(Foto: Reprodu\u00e7\u00e3o)<\/figcaption><\/figure>\n\n\n\n<p><strong>NOVOS PA\u00cdSES NA LISTA<\/strong><br>Com a nova atualiza\u00e7\u00e3o, Jord\u00e2nia e Filipinas passaram a integrar o grupo de pa\u00edses que embargaram as exporta\u00e7\u00f5es de frango de todo o Brasil.<\/p>\n\n\n\n<p><strong>TIPOS DE RESTRI\u00c7\u00c3O<\/strong><br>As medidas variam de acordo com a decis\u00e3o de cada pa\u00eds. Algumas pro\u00edbem a importa\u00e7\u00e3o de carne de frango de todo o territ\u00f3rio brasileiro, enquanto outras imp\u00f5em restri\u00e7\u00f5es apenas ao estado do Rio Grande do Sul. No caso de pa\u00edses como Ar\u00e1bia Saudita e Jap\u00e3o, o embargo \u00e9 ainda mais localizado, afetando apenas a cidade de Montenegro \u2014 onde, segundo o governo federal, n\u00e3o h\u00e1 exportadores ativos, o que reduz o impacto comercial.<\/p>\n\n\n\n<p><strong>IMPORT\u00c2NCIA DO BRASIL NO MERCADO<\/strong><br>O Brasil \u00e9 o maior exportador de carne de frango do mundo, com vendas para cerca de 160 pa\u00edses. Apesar das restri\u00e7\u00f5es, o Minist\u00e9rio da Agricultura refor\u00e7a que n\u00e3o h\u00e1 risco no consumo de carne de frango e ovos, j\u00e1 que a gripe avi\u00e1ria n\u00e3o \u00e9 transmitida por meio de produtos devidamente cozidos.<\/p>\n\n\n\n<p><strong>RESTRI\u00c7\u00c3O \u00c0 CARNE DE FRANGO DE TODO O BRASIL:<\/strong><\/p>\n\n\n\n<ul class=\"wp-block-list\">\n<li>\u00c1frica do Sul<\/li>\n\n\n\n<li>Argentina<\/li>\n\n\n\n<li>Bol\u00edvia<\/li>\n\n\n\n<li>Canad\u00e1<\/li>\n\n\n\n<li>Chile<\/li>\n\n\n\n<li>China<\/li>\n\n\n\n<li>Coreia do Sul<\/li>\n\n\n\n<li>Filipinas<\/li>\n\n\n\n<li>Iraque<\/li>\n\n\n\n<li>Jord\u00e2nia<\/li>\n\n\n\n<li>Mal\u00e1sia<\/li>\n\n\n\n<li>Marrocos<\/li>\n\n\n\n<li>M\u00e9xico<\/li>\n\n\n\n<li>Paquist\u00e3o<\/li>\n\n\n\n<li>Peru<\/li>\n\n\n\n<li>Rep\u00fablica Dominicana<\/li>\n\n\n\n<li>Sri Lanka<\/li>\n\n\n\n<li>Timor-Leste<\/li>\n\n\n\n<li>Uni\u00e3o Eurasi\u00e1tica (R\u00fassia, Bielorr\u00fassia, Arm\u00eania e Quirguist\u00e3o \u2014 exceto Cazaquist\u00e3o)<\/li>\n\n\n\n<li>Uni\u00e3o Europeia<\/li>\n\n\n\n<li>Uruguai<\/li>\n<\/ul>\n\n\n\n<p><strong>RESTRI\u00c7\u00c3O \u00c0 CARNE DE FRANGO DO RIO GRANDE DO SUL:<\/strong><\/p>\n\n\n\n<ul class=\"wp-block-list\">\n<li>Bahrein<\/li>\n\n\n\n<li>B\u00f3snia e Herzegovina<\/li>\n\n\n\n<li>Cazaquist\u00e3o<\/li>\n\n\n\n<li>Cuba<\/li>\n\n\n\n<li>Maced\u00f4nia<\/li>\n\n\n\n<li>Montenegro<\/li>\n\n\n\n<li>Reino Unido<\/li>\n\n\n\n<li>Tajiquist\u00e3o<\/li>\n\n\n\n<li>Ucr\u00e2nia<\/li>\n<\/ul>\n\n\n\n<p><strong>RESTRI\u00c7\u00c3O LOCAL (MONTENEGRO-RS, SEM EXPORTADORES):<\/strong><\/p>\n\n\n\n<ul class=\"wp-block-list\">\n<li>Ar\u00e1bia Saudita<\/li>\n\n\n\n<li>Jap\u00e3o<\/li>\n<\/ul>\n\n\n\n<p>Fonte: Meio News<\/p>\n","protected":false},"excerpt":{"rendered":"<p>O\u00a0Minist\u00e9rio da Agricultura\u00a0atualizou nesta quarta-feira (21)\u00a0a lista de pa\u00edses que impuseram restri\u00e7\u00f5es \u00e0 carne de frango do Brasil, ap\u00f3s a confirma\u00e7\u00e3o do primeiro caso de gripe avi\u00e1ria em uma granja comercial no pa\u00eds. A contamina\u00e7\u00e3o foi identificada na cidade de Montenegro, no\u00a0Rio Grande do Sul,\u00a0na \u00faltima quinta-feira (15). NOVOS PA\u00cdSES NA LISTACom a nova atualiza\u00e7\u00e3o, [&hellip;]<\/p>\n","protected":false},"author":2,"featured_media":272045,"comment_status":"open","ping_status":"open","sticky":false,"template":"","format":"standard","meta":{"_mi_skip_tracking":false,"footnotes":""},"categories":[25,6,1,16],"tags":[192],"class_list":["post-272044","post","type-post","status-publish","format-standard","has-post-thumbnail","hentry","category-destaques-site","category-economia","category-geral","category-todas","tag-destaqueprincipal"],"acf":[],"yoast_head":"<!-- This site is optimized with the Yoast SEO Premium plugin v19.2 (Yoast SEO v26.9) - https:\/\/yoast.com\/product\/yoast-seo-premium-wordpress\/ -->\n<title>Mais dois pa\u00edses suspendem importa\u00e7\u00e3o de frango do Brasil ap\u00f3s caso de gripe avi\u00e1ria - Portal Not\u00edcia em Pauta<\/title>\n<meta name=\"robots\" content=\"index, follow, max-snippet:-1, max-image-preview:large, max-video-preview:-1\" \/>\n<link rel=\"canonical\" href=\"https:\/\/noticiaempauta.com\/portal\/mais-dois-paises-suspendem-importacao-de-frango-do-brasil-apos-caso-de-gripe-aviaria\/\" \/>\n<meta property=\"og:locale\" content=\"pt_BR\" \/>\n<meta property=\"og:type\" content=\"article\" \/>\n<meta property=\"og:title\" content=\"Mais dois pa\u00edses suspendem importa\u00e7\u00e3o de frango do Brasil ap\u00f3s caso de gripe avi\u00e1ria\" \/>\n<meta property=\"og:description\" content=\"O\u00a0Minist\u00e9rio da Agricultura\u00a0atualizou nesta quarta-feira (21)\u00a0a lista de pa\u00edses que impuseram restri\u00e7\u00f5es \u00e0 carne de frango do Brasil, ap\u00f3s a confirma\u00e7\u00e3o do primeiro caso de gripe avi\u00e1ria em uma granja comercial no pa\u00eds. A contamina\u00e7\u00e3o foi identificada na cidade de Montenegro, no\u00a0Rio Grande do Sul,\u00a0na \u00faltima quinta-feira (15). NOVOS PA\u00cdSES NA LISTACom a nova atualiza\u00e7\u00e3o, [&hellip;]\" \/>\n<meta property=\"og:url\" content=\"https:\/\/noticiaempauta.com\/portal\/mais-dois-paises-suspendem-importacao-de-frango-do-brasil-apos-caso-de-gripe-aviaria\/\" \/>\n<meta property=\"og:site_name\" content=\"Portal Not\u00edcia em Pauta\" \/>\n<meta property=\"article:publisher\" content=\"https:\/\/www.facebook.com\/Portal-Notcia-Em-Pauta-102292869264820\/\" \/>\n<meta property=\"article:published_time\" content=\"2025-05-21T13:12:43+00:00\" \/>\n<meta property=\"article:modified_time\" content=\"2025-05-21T13:12:44+00:00\" \/>\n<meta property=\"og:image\" content=\"https:\/\/noticiaempauta.com\/portal\/wp-content\/uploads\/2025\/05\/gripe-aviaria.webp\" \/>\n\t<meta property=\"og:image:width\" content=\"420\" \/>\n\t<meta property=\"og:image:height\" content=\"240\" \/>\n\t<meta property=\"og:image:type\" content=\"image\/webp\" \/>\n<meta name=\"author\" content=\"Reda\u00e7\u00e3o\" \/>\n<meta name=\"twitter:card\" content=\"summary_large_image\" \/>\n<meta name=\"twitter:label1\" content=\"Escrito por\" \/>\n\t<meta name=\"twitter:data1\" content=\"Reda\u00e7\u00e3o\" \/>\n\t<meta name=\"twitter:label2\" content=\"Est. tempo de leitura\" \/>\n\t<meta name=\"twitter:data2\" content=\"3 minutos\" \/>\n<script type=\"application\/ld+json\" class=\"yoast-schema-graph\">{\"@context\":\"https:\/\/schema.org\",\"@graph\":[{\"@type\":\"Article\",\"@id\":\"https:\/\/noticiaempauta.com\/portal\/mais-dois-paises-suspendem-importacao-de-frango-do-brasil-apos-caso-de-gripe-aviaria\/#article\",\"isPartOf\":{\"@id\":\"https:\/\/noticiaempauta.com\/portal\/mais-dois-paises-suspendem-importacao-de-frango-do-brasil-apos-caso-de-gripe-aviaria\/\"},\"author\":{\"name\":\"Reda\u00e7\u00e3o\",\"@id\":\"https:\/\/noticiaempauta.com\/portal\/#\/schema\/person\/a74af43dd1ab3deca45f988c717d57ac\"},\"headline\":\"Mais dois pa\u00edses suspendem importa\u00e7\u00e3o de frango do Brasil ap\u00f3s caso de gripe avi\u00e1ria\",\"datePublished\":\"2025-05-21T13:12:43+00:00\",\"dateModified\":\"2025-05-21T13:12:44+00:00\",\"mainEntityOfPage\":{\"@id\":\"https:\/\/noticiaempauta.com\/portal\/mais-dois-paises-suspendem-importacao-de-frango-do-brasil-apos-caso-de-gripe-aviaria\/\"},\"wordCount\":361,\"commentCount\":0,\"publisher\":{\"@id\":\"https:\/\/noticiaempauta.com\/portal\/#organization\"},\"image\":{\"@id\":\"https:\/\/noticiaempauta.com\/portal\/mais-dois-paises-suspendem-importacao-de-frango-do-brasil-apos-caso-de-gripe-aviaria\/#primaryimage\"},\"thumbnailUrl\":\"https:\/\/noticiaempauta.com\/portal\/wp-content\/uploads\/2025\/05\/gripe-aviaria.webp\",\"keywords\":[\"destaqueprincipal\"],\"articleSection\":[\"Destaques\",\"Economia\",\"Geral\",\"Todas as Not\u00edcias\"],\"inLanguage\":\"pt-BR\",\"potentialAction\":[{\"@type\":\"CommentAction\",\"name\":\"Comment\",\"target\":[\"https:\/\/noticiaempauta.com\/portal\/mais-dois-paises-suspendem-importacao-de-frango-do-brasil-apos-caso-de-gripe-aviaria\/#respond\"]}]},{\"@type\":\"WebPage\",\"@id\":\"https:\/\/noticiaempauta.com\/portal\/mais-dois-paises-suspendem-importacao-de-frango-do-brasil-apos-caso-de-gripe-aviaria\/\",\"url\":\"https:\/\/noticiaempauta.com\/portal\/mais-dois-paises-suspendem-importacao-de-frango-do-brasil-apos-caso-de-gripe-aviaria\/\",\"name\":\"Mais dois pa\u00edses suspendem importa\u00e7\u00e3o de frango do Brasil ap\u00f3s caso de gripe avi\u00e1ria - Portal Not\u00edcia em Pauta\",\"isPartOf\":{\"@id\":\"https:\/\/noticiaempauta.com\/portal\/#website\"},\"primaryImageOfPage\":{\"@id\":\"https:\/\/noticiaempauta.com\/portal\/mais-dois-paises-suspendem-importacao-de-frango-do-brasil-apos-caso-de-gripe-aviaria\/#primaryimage\"},\"image\":{\"@id\":\"https:\/\/noticiaempauta.com\/portal\/mais-dois-paises-suspendem-importacao-de-frango-do-brasil-apos-caso-de-gripe-aviaria\/#primaryimage\"},\"thumbnailUrl\":\"https:\/\/noticiaempauta.com\/portal\/wp-content\/uploads\/2025\/05\/gripe-aviaria.webp\",\"datePublished\":\"2025-05-21T13:12:43+00:00\",\"dateModified\":\"2025-05-21T13:12:44+00:00\",\"breadcrumb\":{\"@id\":\"https:\/\/noticiaempauta.com\/portal\/mais-dois-paises-suspendem-importacao-de-frango-do-brasil-apos-caso-de-gripe-aviaria\/#breadcrumb\"},\"inLanguage\":\"pt-BR\",\"potentialAction\":[{\"@type\":\"ReadAction\",\"target\":[\"https:\/\/noticiaempauta.com\/portal\/mais-dois-paises-suspendem-importacao-de-frango-do-brasil-apos-caso-de-gripe-aviaria\/\"]}]},{\"@type\":\"ImageObject\",\"inLanguage\":\"pt-BR\",\"@id\":\"https:\/\/noticiaempauta.com\/portal\/mais-dois-paises-suspendem-importacao-de-frango-do-brasil-apos-caso-de-gripe-aviaria\/#primaryimage\",\"url\":\"https:\/\/noticiaempauta.com\/portal\/wp-content\/uploads\/2025\/05\/gripe-aviaria.webp\",\"contentUrl\":\"https:\/\/noticiaempauta.com\/portal\/wp-content\/uploads\/2025\/05\/gripe-aviaria.webp\",\"width\":420,\"height\":240,\"caption\":\"(Foto: Reprodu\u00e7\u00e3o)\"},{\"@type\":\"BreadcrumbList\",\"@id\":\"https:\/\/noticiaempauta.com\/portal\/mais-dois-paises-suspendem-importacao-de-frango-do-brasil-apos-caso-de-gripe-aviaria\/#breadcrumb\",\"itemListElement\":[{\"@type\":\"ListItem\",\"position\":1,\"name\":\"P\u00e1gina Inicial\",\"item\":\"https:\/\/noticiaempauta.com\/portal\/\"},{\"@type\":\"ListItem\",\"position\":2,\"name\":\"Destaques\",\"item\":\"https:\/\/noticiaempauta.com\/portal\/destaques-site\/\"},{\"@type\":\"ListItem\",\"position\":3,\"name\":\"Mais dois pa\u00edses suspendem importa\u00e7\u00e3o de frango do Brasil ap\u00f3s caso de gripe avi\u00e1ria\"}]},{\"@type\":\"WebSite\",\"@id\":\"https:\/\/noticiaempauta.com\/portal\/#website\",\"url\":\"https:\/\/noticiaempauta.com\/portal\/\",\"name\":\"Portal Not\u00edcia em Pauta\",\"description\":\"Voc\u00ea bem informado\",\"publisher\":{\"@id\":\"https:\/\/noticiaempauta.com\/portal\/#organization\"},\"potentialAction\":[{\"@type\":\"SearchAction\",\"target\":{\"@type\":\"EntryPoint\",\"urlTemplate\":\"https:\/\/noticiaempauta.com\/portal\/?s={search_term_string}\"},\"query-input\":{\"@type\":\"PropertyValueSpecification\",\"valueRequired\":true,\"valueName\":\"search_term_string\"}}],\"inLanguage\":\"pt-BR\"},{\"@type\":\"Organization\",\"@id\":\"https:\/\/noticiaempauta.com\/portal\/#organization\",\"name\":\"Portal Not\u00edcia em Pauta\",\"url\":\"https:\/\/noticiaempauta.com\/portal\/\",\"logo\":{\"@type\":\"ImageObject\",\"inLanguage\":\"pt-BR\",\"@id\":\"https:\/\/noticiaempauta.com\/portal\/#\/schema\/logo\/image\/\",\"url\":\"https:\/\/noticiaempauta.com\/portal\/wp-content\/uploads\/2022\/08\/logomarca_tema.fw_.png\",\"contentUrl\":\"https:\/\/noticiaempauta.com\/portal\/wp-content\/uploads\/2022\/08\/logomarca_tema.fw_.png\",\"width\":400,\"height\":232,\"caption\":\"Portal Not\u00edcia em Pauta\"},\"image\":{\"@id\":\"https:\/\/noticiaempauta.com\/portal\/#\/schema\/logo\/image\/\"},\"sameAs\":[\"https:\/\/www.facebook.com\/Portal-Notcia-Em-Pauta-102292869264820\/\",\"https:\/\/www.instagram.com\/portalnoticiaempauta\/\"]},{\"@type\":\"Person\",\"@id\":\"https:\/\/noticiaempauta.com\/portal\/#\/schema\/person\/a74af43dd1ab3deca45f988c717d57ac\",\"name\":\"Reda\u00e7\u00e3o\",\"image\":{\"@type\":\"ImageObject\",\"inLanguage\":\"pt-BR\",\"@id\":\"https:\/\/noticiaempauta.com\/portal\/#\/schema\/person\/image\/\",\"url\":\"https:\/\/secure.gravatar.com\/avatar\/03179346ecce6cdfc13361603e8f54242a90e5cde8618fa23c5c00aa2b0aadf3?s=96&d=mm&r=g\",\"contentUrl\":\"https:\/\/secure.gravatar.com\/avatar\/03179346ecce6cdfc13361603e8f54242a90e5cde8618fa23c5c00aa2b0aadf3?s=96&d=mm&r=g\",\"caption\":\"Reda\u00e7\u00e3o\"},\"sameAs\":[\"https:\/\/noticiaempauta.com\/portal\/\"],\"url\":\"https:\/\/noticiaempauta.com\/portal\/author\/fernando\/\"}]}<\/script>\n<!-- \/ Yoast SEO Premium plugin. -->","yoast_head_json":{"title":"Mais dois pa\u00edses suspendem importa\u00e7\u00e3o de frango do Brasil ap\u00f3s caso de gripe avi\u00e1ria - Portal Not\u00edcia em Pauta","robots":{"index":"index","follow":"follow","max-snippet":"max-snippet:-1","max-image-preview":"max-image-preview:large","max-video-preview":"max-video-preview:-1"},"canonical":"https:\/\/noticiaempauta.com\/portal\/mais-dois-paises-suspendem-importacao-de-frango-do-brasil-apos-caso-de-gripe-aviaria\/","og_locale":"pt_BR","og_type":"article","og_title":"Mais dois pa\u00edses suspendem importa\u00e7\u00e3o de frango do Brasil ap\u00f3s caso de gripe avi\u00e1ria","og_description":"O\u00a0Minist\u00e9rio da Agricultura\u00a0atualizou nesta quarta-feira (21)\u00a0a lista de pa\u00edses que impuseram restri\u00e7\u00f5es \u00e0 carne de frango do Brasil, ap\u00f3s a confirma\u00e7\u00e3o do primeiro caso de gripe avi\u00e1ria em uma granja comercial no pa\u00eds. A contamina\u00e7\u00e3o foi identificada na cidade de Montenegro, no\u00a0Rio Grande do Sul,\u00a0na \u00faltima quinta-feira (15). NOVOS PA\u00cdSES NA LISTACom a nova atualiza\u00e7\u00e3o, [&hellip;]","og_url":"https:\/\/noticiaempauta.com\/portal\/mais-dois-paises-suspendem-importacao-de-frango-do-brasil-apos-caso-de-gripe-aviaria\/","og_site_name":"Portal Not\u00edcia em Pauta","article_publisher":"https:\/\/www.facebook.com\/Portal-Notcia-Em-Pauta-102292869264820\/","article_published_time":"2025-05-21T13:12:43+00:00","article_modified_time":"2025-05-21T13:12:44+00:00","og_image":[{"width":420,"height":240,"url":"https:\/\/noticiaempauta.com\/portal\/wp-content\/uploads\/2025\/05\/gripe-aviaria.webp","type":"image\/webp"}],"author":"Reda\u00e7\u00e3o","twitter_card":"summary_large_image","twitter_misc":{"Escrito por":"Reda\u00e7\u00e3o","Est. tempo de leitura":"3 minutos"},"schema":{"@context":"https:\/\/schema.org","@graph":[{"@type":"Article","@id":"https:\/\/noticiaempauta.com\/portal\/mais-dois-paises-suspendem-importacao-de-frango-do-brasil-apos-caso-de-gripe-aviaria\/#article","isPartOf":{"@id":"https:\/\/noticiaempauta.com\/portal\/mais-dois-paises-suspendem-importacao-de-frango-do-brasil-apos-caso-de-gripe-aviaria\/"},"author":{"name":"Reda\u00e7\u00e3o","@id":"https:\/\/noticiaempauta.com\/portal\/#\/schema\/person\/a74af43dd1ab3deca45f988c717d57ac"},"headline":"Mais dois pa\u00edses suspendem importa\u00e7\u00e3o de frango do Brasil ap\u00f3s caso de gripe avi\u00e1ria","datePublished":"2025-05-21T13:12:43+00:00","dateModified":"2025-05-21T13:12:44+00:00","mainEntityOfPage":{"@id":"https:\/\/noticiaempauta.com\/portal\/mais-dois-paises-suspendem-importacao-de-frango-do-brasil-apos-caso-de-gripe-aviaria\/"},"wordCount":361,"commentCount":0,"publisher":{"@id":"https:\/\/noticiaempauta.com\/portal\/#organization"},"image":{"@id":"https:\/\/noticiaempauta.com\/portal\/mais-dois-paises-suspendem-importacao-de-frango-do-brasil-apos-caso-de-gripe-aviaria\/#primaryimage"},"thumbnailUrl":"https:\/\/noticiaempauta.com\/portal\/wp-content\/uploads\/2025\/05\/gripe-aviaria.webp","keywords":["destaqueprincipal"],"articleSection":["Destaques","Economia","Geral","Todas as Not\u00edcias"],"inLanguage":"pt-BR","potentialAction":[{"@type":"CommentAction","name":"Comment","target":["https:\/\/noticiaempauta.com\/portal\/mais-dois-paises-suspendem-importacao-de-frango-do-brasil-apos-caso-de-gripe-aviaria\/#respond"]}]},{"@type":"WebPage","@id":"https:\/\/noticiaempauta.com\/portal\/mais-dois-paises-suspendem-importacao-de-frango-do-brasil-apos-caso-de-gripe-aviaria\/","url":"https:\/\/noticiaempauta.com\/portal\/mais-dois-paises-suspendem-importacao-de-frango-do-brasil-apos-caso-de-gripe-aviaria\/","name":"Mais dois pa\u00edses suspendem importa\u00e7\u00e3o de frango do Brasil ap\u00f3s caso de gripe avi\u00e1ria - Portal Not\u00edcia em Pauta","isPartOf":{"@id":"https:\/\/noticiaempauta.com\/portal\/#website"},"primaryImageOfPage":{"@id":"https:\/\/noticiaempauta.com\/portal\/mais-dois-paises-suspendem-importacao-de-frango-do-brasil-apos-caso-de-gripe-aviaria\/#primaryimage"},"image":{"@id":"https:\/\/noticiaempauta.com\/portal\/mais-dois-paises-suspendem-importacao-de-frango-do-brasil-apos-caso-de-gripe-aviaria\/#primaryimage"},"thumbnailUrl":"https:\/\/noticiaempauta.com\/portal\/wp-content\/uploads\/2025\/05\/gripe-aviaria.webp","datePublished":"2025-05-21T13:12:43+00:00","dateModified":"2025-05-21T13:12:44+00:00","breadcrumb":{"@id":"https:\/\/noticiaempauta.com\/portal\/mais-dois-paises-suspendem-importacao-de-frango-do-brasil-apos-caso-de-gripe-aviaria\/#breadcrumb"},"inLanguage":"pt-BR","potentialAction":[{"@type":"ReadAction","target":["https:\/\/noticiaempauta.com\/portal\/mais-dois-paises-suspendem-importacao-de-frango-do-brasil-apos-caso-de-gripe-aviaria\/"]}]},{"@type":"ImageObject","inLanguage":"pt-BR","@id":"https:\/\/noticiaempauta.com\/portal\/mais-dois-paises-suspendem-importacao-de-frango-do-brasil-apos-caso-de-gripe-aviaria\/#primaryimage","url":"https:\/\/noticiaempauta.com\/portal\/wp-content\/uploads\/2025\/05\/gripe-aviaria.webp","contentUrl":"https:\/\/noticiaempauta.com\/portal\/wp-content\/uploads\/2025\/05\/gripe-aviaria.webp","width":420,"height":240,"caption":"(Foto: Reprodu\u00e7\u00e3o)"},{"@type":"BreadcrumbList","@id":"https:\/\/noticiaempauta.com\/portal\/mais-dois-paises-suspendem-importacao-de-frango-do-brasil-apos-caso-de-gripe-aviaria\/#breadcrumb","itemListElement":[{"@type":"ListItem","position":1,"name":"P\u00e1gina Inicial","item":"https:\/\/noticiaempauta.com\/portal\/"},{"@type":"ListItem","position":2,"name":"Destaques","item":"https:\/\/noticiaempauta.com\/portal\/destaques-site\/"},{"@type":"ListItem","position":3,"name":"Mais dois pa\u00edses suspendem importa\u00e7\u00e3o de frango do Brasil ap\u00f3s caso de gripe avi\u00e1ria"}]},{"@type":"WebSite","@id":"https:\/\/noticiaempauta.com\/portal\/#website","url":"https:\/\/noticiaempauta.com\/portal\/","name":"Portal Not\u00edcia em Pauta","description":"Voc\u00ea bem informado","publisher":{"@id":"https:\/\/noticiaempauta.com\/portal\/#organization"},"potentialAction":[{"@type":"SearchAction","target":{"@type":"EntryPoint","urlTemplate":"https:\/\/noticiaempauta.com\/portal\/?s={search_term_string}"},"query-input":{"@type":"PropertyValueSpecification","valueRequired":true,"valueName":"search_term_string"}}],"inLanguage":"pt-BR"},{"@type":"Organization","@id":"https:\/\/noticiaempauta.com\/portal\/#organization","name":"Portal Not\u00edcia em Pauta","url":"https:\/\/noticiaempauta.com\/portal\/","logo":{"@type":"ImageObject","inLanguage":"pt-BR","@id":"https:\/\/noticiaempauta.com\/portal\/#\/schema\/logo\/image\/","url":"https:\/\/noticiaempauta.com\/portal\/wp-content\/uploads\/2022\/08\/logomarca_tema.fw_.png","contentUrl":"https:\/\/noticiaempauta.com\/portal\/wp-content\/uploads\/2022\/08\/logomarca_tema.fw_.png","width":400,"height":232,"caption":"Portal Not\u00edcia em Pauta"},"image":{"@id":"https:\/\/noticiaempauta.com\/portal\/#\/schema\/logo\/image\/"},"sameAs":["https:\/\/www.facebook.com\/Portal-Notcia-Em-Pauta-102292869264820\/","https:\/\/www.instagram.com\/portalnoticiaempauta\/"]},{"@type":"Person","@id":"https:\/\/noticiaempauta.com\/portal\/#\/schema\/person\/a74af43dd1ab3deca45f988c717d57ac","name":"Reda\u00e7\u00e3o","image":{"@type":"ImageObject","inLanguage":"pt-BR","@id":"https:\/\/noticiaempauta.com\/portal\/#\/schema\/person\/image\/","url":"https:\/\/secure.gravatar.com\/avatar\/03179346ecce6cdfc13361603e8f54242a90e5cde8618fa23c5c00aa2b0aadf3?s=96&d=mm&r=g","contentUrl":"https:\/\/secure.gravatar.com\/avatar\/03179346ecce6cdfc13361603e8f54242a90e5cde8618fa23c5c00aa2b0aadf3?s=96&d=mm&r=g","caption":"Reda\u00e7\u00e3o"},"sameAs":["https:\/\/noticiaempauta.com\/portal\/"],"url":"https:\/\/noticiaempauta.com\/portal\/author\/fernando\/"}]}},"_links":{"self":[{"href":"https:\/\/noticiaempauta.com\/portal\/wp-json\/wp\/v2\/posts\/272044","targetHints":{"allow":["GET"]}}],"collection":[{"href":"https:\/\/noticiaempauta.com\/portal\/wp-json\/wp\/v2\/posts"}],"about":[{"href":"https:\/\/noticiaempauta.com\/portal\/wp-json\/wp\/v2\/types\/post"}],"author":[{"embeddable":true,"href":"https:\/\/noticiaempauta.com\/portal\/wp-json\/wp\/v2\/users\/2"}],"replies":[{"embeddable":true,"href":"https:\/\/noticiaempauta.com\/portal\/wp-json\/wp\/v2\/comments?post=272044"}],"version-history":[{"count":2,"href":"https:\/\/noticiaempauta.com\/portal\/wp-json\/wp\/v2\/posts\/272044\/revisions"}],"predecessor-version":[{"id":272047,"href":"https:\/\/noticiaempauta.com\/portal\/wp-json\/wp\/v2\/posts\/272044\/revisions\/272047"}],"wp:featuredmedia":[{"embeddable":true,"href":"https:\/\/noticiaempauta.com\/portal\/wp-json\/wp\/v2\/media\/272045"}],"wp:attachment":[{"href":"https:\/\/noticiaempauta.com\/portal\/wp-json\/wp\/v2\/media?parent=272044"}],"wp:term":[{"taxonomy":"category","embeddable":true,"href":"https:\/\/noticiaempauta.com\/portal\/wp-json\/wp\/v2\/categories?post=272044"},{"taxonomy":"post_tag","embeddable":true,"href":"https:\/\/noticiaempauta.com\/portal\/wp-json\/wp\/v2\/tags?post=272044"}],"curies":[{"name":"wp","href":"https:\/\/api.w.org\/{rel}","templated":true}]}}