{"id":272048,"date":"2025-05-21T10:34:02","date_gmt":"2025-05-21T13:34:02","guid":{"rendered":"https:\/\/noticiaempauta.com\/portal\/?p=272048"},"modified":"2025-05-21T10:34:03","modified_gmt":"2025-05-21T13:34:03","slug":"cidades-do-litoral-e-centro-norte-do-piaui-devem-ter-chuvas-ate-domingo-25-diz-semarh-veja-previsao","status":"publish","type":"post","link":"https:\/\/noticiaempauta.com\/portal\/cidades-do-litoral-e-centro-norte-do-piaui-devem-ter-chuvas-ate-domingo-25-diz-semarh-veja-previsao\/","title":{"rendered":"Cidades do litoral e Centro-Norte do Piau\u00ed devem ter chuvas at\u00e9 domingo (25), diz Semarh; veja previs\u00e3o"},"content":{"rendered":"\n<p>O litoral, o Norte e o Centro-Norte do Piau\u00ed devem ter chuvas entre esta quarta-feira (21) e domingo (25), aponta a Secretaria Estadual do Meio Ambiente e Recursos H\u00eddricos (Semarh).<\/p>\n\n\n\n<p>Segundo a Sala de Monitoramento e Preven\u00e7\u00e3o de Eventos Clim\u00e1ticos Extremos da pasta, em parceria com o Instituto Nacional de Meteorologia (Inmet), as chuvas ser\u00e3o favorecidas pela\u00a0presen\u00e7a de instabilidades atmosf\u00e9ricas.<\/p>\n\n\n\n<figure class=\"wp-block-image size-full\"><img fetchpriority=\"high\" decoding=\"async\" width=\"984\" height=\"554\" src=\"https:\/\/noticiaempauta.com\/portal\/wp-content\/uploads\/2025\/05\/g1-telejornal.00-04-31-40.quadro007.jpg\" alt=\"\" class=\"wp-image-272049\" srcset=\"https:\/\/noticiaempauta.com\/portal\/wp-content\/uploads\/2025\/05\/g1-telejornal.00-04-31-40.quadro007.jpg 984w, https:\/\/noticiaempauta.com\/portal\/wp-content\/uploads\/2025\/05\/g1-telejornal.00-04-31-40.quadro007-300x169.jpg 300w, https:\/\/noticiaempauta.com\/portal\/wp-content\/uploads\/2025\/05\/g1-telejornal.00-04-31-40.quadro007-768x432.jpg 768w\" sizes=\"(max-width: 984px) 100vw, 984px\" \/><figcaption class=\"wp-element-caption\"><em>(Foto: Reprodu\u00e7\u00e3o)<\/em><\/figcaption><\/figure>\n\n\n\n<p>A climatologista Sara Cardoso, coordenadora da Sala de Monitoramento, explica que a atua\u00e7\u00e3o da Zona de Converg\u00eancia Intertropical (ZCIT), mesmo posicionada mais ao norte do Hemisf\u00e9rio Sul, vai contribuir para a entrada de umidade no Norte do estado.<\/p>\n\n\n\n<p>\u201cEssa condi\u00e7\u00e3o, somada \u00e0 presen\u00e7a de um cavado, que \u00e9 uma \u00e1rea de baixa press\u00e3o que se forma nos m\u00e9dios e altos n\u00edveis da atmosfera, criar\u00e1 um ambiente favor\u00e1vel \u00e0\u00a0forma\u00e7\u00e3o de nuvens carregadas e pancadas de chuva, principalmente, nos dias 21 e 22 de maio\u201d, afirma a secretaria.<\/p>\n\n\n\n<p>De acordo com a Semarh, as mesorregi\u00f5es Norte e Centro-Norte ser\u00e3o as mais afetadas por essas condi\u00e7\u00f5es e dever\u00e3o registrar chuvas mais frequentes, com ac\u00famulos mais expressivos.<\/p>\n\n\n\n<p>No Sudeste do Piau\u00ed, especialmente nas \u00e1reas de divisa com Pernambuco, as chuvas devem ocorrer de forma pontual e com menor intensidade. J\u00e1 no Sudoeste, o tempo permanece nublado, com chuviscos isolados e baixa umidade relativa do ar.<\/p>\n\n\n\n<p>O Sul do estado, a partir de quinta-feira (23), ter\u00e1 um aumento na velocidade dos ventos, que devem atingir a marca de 36 km\/h.<\/p>\n\n\n\n<p>\u201cEssa condi\u00e7\u00e3o \u00e9 ocasionada por uma circula\u00e7\u00e3o de alta press\u00e3o em baixos n\u00edveis, que tamb\u00e9m deve alterar as temperaturas na regi\u00e3o,&nbsp;mais amenas no per\u00edodo da manh\u00e3\u201d, completa a pasta.<\/p>\n\n\n\n<h2 class=\"wp-block-heading\">Veja mais detalhes por mesorregi\u00e3o:<\/h2>\n\n\n\n<p><strong>Norte<\/strong><\/p>\n\n\n\n<p>C\u00e9u com muitas nuvens e chuvas isoladas ao longo da semana. Temperaturas entre 23 \u00b0C e 34 \u00b0C, com umidade relativa m\u00ednima de 45%.<\/p>\n\n\n\n<p><strong>Centro-Norte<\/strong><\/p>\n\n\n\n<p>Chuvas isoladas e c\u00e9u encoberto predominantes. As temperaturas devem variar entre 21 \u00b0C e 35 \u00b0C. A umidade relativa m\u00ednima fica em torno de 35%.<\/p>\n\n\n\n<p><strong>Sudoeste<\/strong><\/p>\n\n\n\n<p>Predom\u00ednio de nuvens e chuviscos isolados. A regi\u00e3o apresenta maior varia\u00e7\u00e3o t\u00e9rmica, com m\u00ednimas de 17 \u00b0C e m\u00e1ximas de at\u00e9 37 \u00b0C. A umidade do ar pode atingir n\u00edveis cr\u00edticos, chegando a 25%.<\/p>\n\n\n\n<p><strong>Sudeste<\/strong><\/p>\n\n\n\n<p>Tempo inst\u00e1vel com possibilidade de chuvas fracas e isoladas. As temperaturas devem oscilar entre 21 \u00b0C e 36 \u00b0C, com umidade relativa m\u00ednima em torno de 30%. O amanhecer tende a apresentar temperaturas mais amenas ao longo da semana.<\/p>\n\n\n\n<p><strong>Fonte: G1\/Piau\u00ed<\/strong><\/p>\n","protected":false},"excerpt":{"rendered":"<p>O litoral, o Norte e o Centro-Norte do Piau\u00ed devem ter chuvas entre esta quarta-feira (21) e domingo (25), aponta a Secretaria Estadual do Meio Ambiente e Recursos H\u00eddricos (Semarh). Segundo a Sala de Monitoramento e Preven\u00e7\u00e3o de Eventos Clim\u00e1ticos Extremos da pasta, em parceria com o Instituto Nacional de Meteorologia (Inmet), as chuvas ser\u00e3o [&hellip;]<\/p>\n","protected":false},"author":2,"featured_media":272049,"comment_status":"open","ping_status":"open","sticky":false,"template":"","format":"standard","meta":{"_mi_skip_tracking":false,"footnotes":""},"categories":[25,1,9,16],"tags":[192],"class_list":["post-272048","post","type-post","status-publish","format-standard","has-post-thumbnail","hentry","category-destaques-site","category-geral","category-municipios","category-todas","tag-destaqueprincipal"],"acf":[],"yoast_head":"<!-- This site is optimized with the Yoast SEO Premium plugin v19.2 (Yoast SEO v26.9) - https:\/\/yoast.com\/product\/yoast-seo-premium-wordpress\/ -->\n<title>Cidades do litoral e Centro-Norte do Piau\u00ed devem ter chuvas at\u00e9 domingo (25), diz Semarh; veja previs\u00e3o - Portal Not\u00edcia em Pauta<\/title>\n<meta name=\"robots\" content=\"index, follow, max-snippet:-1, max-image-preview:large, max-video-preview:-1\" \/>\n<link rel=\"canonical\" href=\"https:\/\/noticiaempauta.com\/portal\/cidades-do-litoral-e-centro-norte-do-piaui-devem-ter-chuvas-ate-domingo-25-diz-semarh-veja-previsao\/\" \/>\n<meta property=\"og:locale\" content=\"pt_BR\" \/>\n<meta property=\"og:type\" content=\"article\" \/>\n<meta property=\"og:title\" content=\"Cidades do litoral e Centro-Norte do Piau\u00ed devem ter chuvas at\u00e9 domingo (25), diz Semarh; veja previs\u00e3o\" \/>\n<meta property=\"og:description\" content=\"O litoral, o Norte e o Centro-Norte do Piau\u00ed devem ter chuvas entre esta quarta-feira (21) e domingo (25), aponta a Secretaria Estadual do Meio Ambiente e Recursos H\u00eddricos (Semarh). Segundo a Sala de Monitoramento e Preven\u00e7\u00e3o de Eventos Clim\u00e1ticos Extremos da pasta, em parceria com o Instituto Nacional de Meteorologia (Inmet), as chuvas ser\u00e3o [&hellip;]\" \/>\n<meta property=\"og:url\" content=\"https:\/\/noticiaempauta.com\/portal\/cidades-do-litoral-e-centro-norte-do-piaui-devem-ter-chuvas-ate-domingo-25-diz-semarh-veja-previsao\/\" \/>\n<meta property=\"og:site_name\" content=\"Portal Not\u00edcia em Pauta\" \/>\n<meta property=\"article:publisher\" content=\"https:\/\/www.facebook.com\/Portal-Notcia-Em-Pauta-102292869264820\/\" \/>\n<meta property=\"article:published_time\" content=\"2025-05-21T13:34:02+00:00\" \/>\n<meta property=\"article:modified_time\" content=\"2025-05-21T13:34:03+00:00\" \/>\n<meta property=\"og:image\" content=\"https:\/\/noticiaempauta.com\/portal\/wp-content\/uploads\/2025\/05\/g1-telejornal.00-04-31-40.quadro007.jpg\" \/>\n\t<meta property=\"og:image:width\" content=\"984\" \/>\n\t<meta property=\"og:image:height\" content=\"554\" \/>\n\t<meta property=\"og:image:type\" content=\"image\/jpeg\" \/>\n<meta name=\"author\" content=\"Reda\u00e7\u00e3o\" \/>\n<meta name=\"twitter:card\" content=\"summary_large_image\" \/>\n<meta name=\"twitter:label1\" content=\"Escrito por\" \/>\n\t<meta name=\"twitter:data1\" content=\"Reda\u00e7\u00e3o\" \/>\n\t<meta name=\"twitter:label2\" content=\"Est. tempo de leitura\" \/>\n\t<meta name=\"twitter:data2\" content=\"3 minutos\" \/>\n<script type=\"application\/ld+json\" class=\"yoast-schema-graph\">{\"@context\":\"https:\/\/schema.org\",\"@graph\":[{\"@type\":\"Article\",\"@id\":\"https:\/\/noticiaempauta.com\/portal\/cidades-do-litoral-e-centro-norte-do-piaui-devem-ter-chuvas-ate-domingo-25-diz-semarh-veja-previsao\/#article\",\"isPartOf\":{\"@id\":\"https:\/\/noticiaempauta.com\/portal\/cidades-do-litoral-e-centro-norte-do-piaui-devem-ter-chuvas-ate-domingo-25-diz-semarh-veja-previsao\/\"},\"author\":{\"name\":\"Reda\u00e7\u00e3o\",\"@id\":\"https:\/\/noticiaempauta.com\/portal\/#\/schema\/person\/a74af43dd1ab3deca45f988c717d57ac\"},\"headline\":\"Cidades do litoral e Centro-Norte do Piau\u00ed devem ter chuvas at\u00e9 domingo (25), diz Semarh; veja previs\u00e3o\",\"datePublished\":\"2025-05-21T13:34:02+00:00\",\"dateModified\":\"2025-05-21T13:34:03+00:00\",\"mainEntityOfPage\":{\"@id\":\"https:\/\/noticiaempauta.com\/portal\/cidades-do-litoral-e-centro-norte-do-piaui-devem-ter-chuvas-ate-domingo-25-diz-semarh-veja-previsao\/\"},\"wordCount\":444,\"commentCount\":0,\"publisher\":{\"@id\":\"https:\/\/noticiaempauta.com\/portal\/#organization\"},\"image\":{\"@id\":\"https:\/\/noticiaempauta.com\/portal\/cidades-do-litoral-e-centro-norte-do-piaui-devem-ter-chuvas-ate-domingo-25-diz-semarh-veja-previsao\/#primaryimage\"},\"thumbnailUrl\":\"https:\/\/noticiaempauta.com\/portal\/wp-content\/uploads\/2025\/05\/g1-telejornal.00-04-31-40.quadro007.jpg\",\"keywords\":[\"destaqueprincipal\"],\"articleSection\":[\"Destaques\",\"Geral\",\"Munic\u00edpios\",\"Todas as Not\u00edcias\"],\"inLanguage\":\"pt-BR\",\"potentialAction\":[{\"@type\":\"CommentAction\",\"name\":\"Comment\",\"target\":[\"https:\/\/noticiaempauta.com\/portal\/cidades-do-litoral-e-centro-norte-do-piaui-devem-ter-chuvas-ate-domingo-25-diz-semarh-veja-previsao\/#respond\"]}]},{\"@type\":\"WebPage\",\"@id\":\"https:\/\/noticiaempauta.com\/portal\/cidades-do-litoral-e-centro-norte-do-piaui-devem-ter-chuvas-ate-domingo-25-diz-semarh-veja-previsao\/\",\"url\":\"https:\/\/noticiaempauta.com\/portal\/cidades-do-litoral-e-centro-norte-do-piaui-devem-ter-chuvas-ate-domingo-25-diz-semarh-veja-previsao\/\",\"name\":\"Cidades do litoral e Centro-Norte do Piau\u00ed devem ter chuvas at\u00e9 domingo (25), diz Semarh; veja previs\u00e3o - Portal Not\u00edcia em Pauta\",\"isPartOf\":{\"@id\":\"https:\/\/noticiaempauta.com\/portal\/#website\"},\"primaryImageOfPage\":{\"@id\":\"https:\/\/noticiaempauta.com\/portal\/cidades-do-litoral-e-centro-norte-do-piaui-devem-ter-chuvas-ate-domingo-25-diz-semarh-veja-previsao\/#primaryimage\"},\"image\":{\"@id\":\"https:\/\/noticiaempauta.com\/portal\/cidades-do-litoral-e-centro-norte-do-piaui-devem-ter-chuvas-ate-domingo-25-diz-semarh-veja-previsao\/#primaryimage\"},\"thumbnailUrl\":\"https:\/\/noticiaempauta.com\/portal\/wp-content\/uploads\/2025\/05\/g1-telejornal.00-04-31-40.quadro007.jpg\",\"datePublished\":\"2025-05-21T13:34:02+00:00\",\"dateModified\":\"2025-05-21T13:34:03+00:00\",\"breadcrumb\":{\"@id\":\"https:\/\/noticiaempauta.com\/portal\/cidades-do-litoral-e-centro-norte-do-piaui-devem-ter-chuvas-ate-domingo-25-diz-semarh-veja-previsao\/#breadcrumb\"},\"inLanguage\":\"pt-BR\",\"potentialAction\":[{\"@type\":\"ReadAction\",\"target\":[\"https:\/\/noticiaempauta.com\/portal\/cidades-do-litoral-e-centro-norte-do-piaui-devem-ter-chuvas-ate-domingo-25-diz-semarh-veja-previsao\/\"]}]},{\"@type\":\"ImageObject\",\"inLanguage\":\"pt-BR\",\"@id\":\"https:\/\/noticiaempauta.com\/portal\/cidades-do-litoral-e-centro-norte-do-piaui-devem-ter-chuvas-ate-domingo-25-diz-semarh-veja-previsao\/#primaryimage\",\"url\":\"https:\/\/noticiaempauta.com\/portal\/wp-content\/uploads\/2025\/05\/g1-telejornal.00-04-31-40.quadro007.jpg\",\"contentUrl\":\"https:\/\/noticiaempauta.com\/portal\/wp-content\/uploads\/2025\/05\/g1-telejornal.00-04-31-40.quadro007.jpg\",\"width\":984,\"height\":554},{\"@type\":\"BreadcrumbList\",\"@id\":\"https:\/\/noticiaempauta.com\/portal\/cidades-do-litoral-e-centro-norte-do-piaui-devem-ter-chuvas-ate-domingo-25-diz-semarh-veja-previsao\/#breadcrumb\",\"itemListElement\":[{\"@type\":\"ListItem\",\"position\":1,\"name\":\"P\u00e1gina Inicial\",\"item\":\"https:\/\/noticiaempauta.com\/portal\/\"},{\"@type\":\"ListItem\",\"position\":2,\"name\":\"Destaques\",\"item\":\"https:\/\/noticiaempauta.com\/portal\/destaques-site\/\"},{\"@type\":\"ListItem\",\"position\":3,\"name\":\"Cidades do litoral e Centro-Norte do Piau\u00ed devem ter chuvas at\u00e9 domingo (25), diz Semarh; veja previs\u00e3o\"}]},{\"@type\":\"WebSite\",\"@id\":\"https:\/\/noticiaempauta.com\/portal\/#website\",\"url\":\"https:\/\/noticiaempauta.com\/portal\/\",\"name\":\"Portal Not\u00edcia em Pauta\",\"description\":\"Voc\u00ea bem informado\",\"publisher\":{\"@id\":\"https:\/\/noticiaempauta.com\/portal\/#organization\"},\"potentialAction\":[{\"@type\":\"SearchAction\",\"target\":{\"@type\":\"EntryPoint\",\"urlTemplate\":\"https:\/\/noticiaempauta.com\/portal\/?s={search_term_string}\"},\"query-input\":{\"@type\":\"PropertyValueSpecification\",\"valueRequired\":true,\"valueName\":\"search_term_string\"}}],\"inLanguage\":\"pt-BR\"},{\"@type\":\"Organization\",\"@id\":\"https:\/\/noticiaempauta.com\/portal\/#organization\",\"name\":\"Portal Not\u00edcia em Pauta\",\"url\":\"https:\/\/noticiaempauta.com\/portal\/\",\"logo\":{\"@type\":\"ImageObject\",\"inLanguage\":\"pt-BR\",\"@id\":\"https:\/\/noticiaempauta.com\/portal\/#\/schema\/logo\/image\/\",\"url\":\"https:\/\/noticiaempauta.com\/portal\/wp-content\/uploads\/2022\/08\/logomarca_tema.fw_.png\",\"contentUrl\":\"https:\/\/noticiaempauta.com\/portal\/wp-content\/uploads\/2022\/08\/logomarca_tema.fw_.png\",\"width\":400,\"height\":232,\"caption\":\"Portal Not\u00edcia em Pauta\"},\"image\":{\"@id\":\"https:\/\/noticiaempauta.com\/portal\/#\/schema\/logo\/image\/\"},\"sameAs\":[\"https:\/\/www.facebook.com\/Portal-Notcia-Em-Pauta-102292869264820\/\",\"https:\/\/www.instagram.com\/portalnoticiaempauta\/\"]},{\"@type\":\"Person\",\"@id\":\"https:\/\/noticiaempauta.com\/portal\/#\/schema\/person\/a74af43dd1ab3deca45f988c717d57ac\",\"name\":\"Reda\u00e7\u00e3o\",\"image\":{\"@type\":\"ImageObject\",\"inLanguage\":\"pt-BR\",\"@id\":\"https:\/\/noticiaempauta.com\/portal\/#\/schema\/person\/image\/\",\"url\":\"https:\/\/secure.gravatar.com\/avatar\/03179346ecce6cdfc13361603e8f54242a90e5cde8618fa23c5c00aa2b0aadf3?s=96&d=mm&r=g\",\"contentUrl\":\"https:\/\/secure.gravatar.com\/avatar\/03179346ecce6cdfc13361603e8f54242a90e5cde8618fa23c5c00aa2b0aadf3?s=96&d=mm&r=g\",\"caption\":\"Reda\u00e7\u00e3o\"},\"sameAs\":[\"https:\/\/noticiaempauta.com\/portal\/\"],\"url\":\"https:\/\/noticiaempauta.com\/portal\/author\/fernando\/\"}]}<\/script>\n<!-- \/ Yoast SEO Premium plugin. -->","yoast_head_json":{"title":"Cidades do litoral e Centro-Norte do Piau\u00ed devem ter chuvas at\u00e9 domingo (25), diz Semarh; veja previs\u00e3o - Portal Not\u00edcia em Pauta","robots":{"index":"index","follow":"follow","max-snippet":"max-snippet:-1","max-image-preview":"max-image-preview:large","max-video-preview":"max-video-preview:-1"},"canonical":"https:\/\/noticiaempauta.com\/portal\/cidades-do-litoral-e-centro-norte-do-piaui-devem-ter-chuvas-ate-domingo-25-diz-semarh-veja-previsao\/","og_locale":"pt_BR","og_type":"article","og_title":"Cidades do litoral e Centro-Norte do Piau\u00ed devem ter chuvas at\u00e9 domingo (25), diz Semarh; veja previs\u00e3o","og_description":"O litoral, o Norte e o Centro-Norte do Piau\u00ed devem ter chuvas entre esta quarta-feira (21) e domingo (25), aponta a Secretaria Estadual do Meio Ambiente e Recursos H\u00eddricos (Semarh). Segundo a Sala de Monitoramento e Preven\u00e7\u00e3o de Eventos Clim\u00e1ticos Extremos da pasta, em parceria com o Instituto Nacional de Meteorologia (Inmet), as chuvas ser\u00e3o [&hellip;]","og_url":"https:\/\/noticiaempauta.com\/portal\/cidades-do-litoral-e-centro-norte-do-piaui-devem-ter-chuvas-ate-domingo-25-diz-semarh-veja-previsao\/","og_site_name":"Portal Not\u00edcia em Pauta","article_publisher":"https:\/\/www.facebook.com\/Portal-Notcia-Em-Pauta-102292869264820\/","article_published_time":"2025-05-21T13:34:02+00:00","article_modified_time":"2025-05-21T13:34:03+00:00","og_image":[{"width":984,"height":554,"url":"https:\/\/noticiaempauta.com\/portal\/wp-content\/uploads\/2025\/05\/g1-telejornal.00-04-31-40.quadro007.jpg","type":"image\/jpeg"}],"author":"Reda\u00e7\u00e3o","twitter_card":"summary_large_image","twitter_misc":{"Escrito por":"Reda\u00e7\u00e3o","Est. tempo de leitura":"3 minutos"},"schema":{"@context":"https:\/\/schema.org","@graph":[{"@type":"Article","@id":"https:\/\/noticiaempauta.com\/portal\/cidades-do-litoral-e-centro-norte-do-piaui-devem-ter-chuvas-ate-domingo-25-diz-semarh-veja-previsao\/#article","isPartOf":{"@id":"https:\/\/noticiaempauta.com\/portal\/cidades-do-litoral-e-centro-norte-do-piaui-devem-ter-chuvas-ate-domingo-25-diz-semarh-veja-previsao\/"},"author":{"name":"Reda\u00e7\u00e3o","@id":"https:\/\/noticiaempauta.com\/portal\/#\/schema\/person\/a74af43dd1ab3deca45f988c717d57ac"},"headline":"Cidades do litoral e Centro-Norte do Piau\u00ed devem ter chuvas at\u00e9 domingo (25), diz Semarh; veja previs\u00e3o","datePublished":"2025-05-21T13:34:02+00:00","dateModified":"2025-05-21T13:34:03+00:00","mainEntityOfPage":{"@id":"https:\/\/noticiaempauta.com\/portal\/cidades-do-litoral-e-centro-norte-do-piaui-devem-ter-chuvas-ate-domingo-25-diz-semarh-veja-previsao\/"},"wordCount":444,"commentCount":0,"publisher":{"@id":"https:\/\/noticiaempauta.com\/portal\/#organization"},"image":{"@id":"https:\/\/noticiaempauta.com\/portal\/cidades-do-litoral-e-centro-norte-do-piaui-devem-ter-chuvas-ate-domingo-25-diz-semarh-veja-previsao\/#primaryimage"},"thumbnailUrl":"https:\/\/noticiaempauta.com\/portal\/wp-content\/uploads\/2025\/05\/g1-telejornal.00-04-31-40.quadro007.jpg","keywords":["destaqueprincipal"],"articleSection":["Destaques","Geral","Munic\u00edpios","Todas as Not\u00edcias"],"inLanguage":"pt-BR","potentialAction":[{"@type":"CommentAction","name":"Comment","target":["https:\/\/noticiaempauta.com\/portal\/cidades-do-litoral-e-centro-norte-do-piaui-devem-ter-chuvas-ate-domingo-25-diz-semarh-veja-previsao\/#respond"]}]},{"@type":"WebPage","@id":"https:\/\/noticiaempauta.com\/portal\/cidades-do-litoral-e-centro-norte-do-piaui-devem-ter-chuvas-ate-domingo-25-diz-semarh-veja-previsao\/","url":"https:\/\/noticiaempauta.com\/portal\/cidades-do-litoral-e-centro-norte-do-piaui-devem-ter-chuvas-ate-domingo-25-diz-semarh-veja-previsao\/","name":"Cidades do litoral e Centro-Norte do Piau\u00ed devem ter chuvas at\u00e9 domingo (25), diz Semarh; veja previs\u00e3o - Portal Not\u00edcia em Pauta","isPartOf":{"@id":"https:\/\/noticiaempauta.com\/portal\/#website"},"primaryImageOfPage":{"@id":"https:\/\/noticiaempauta.com\/portal\/cidades-do-litoral-e-centro-norte-do-piaui-devem-ter-chuvas-ate-domingo-25-diz-semarh-veja-previsao\/#primaryimage"},"image":{"@id":"https:\/\/noticiaempauta.com\/portal\/cidades-do-litoral-e-centro-norte-do-piaui-devem-ter-chuvas-ate-domingo-25-diz-semarh-veja-previsao\/#primaryimage"},"thumbnailUrl":"https:\/\/noticiaempauta.com\/portal\/wp-content\/uploads\/2025\/05\/g1-telejornal.00-04-31-40.quadro007.jpg","datePublished":"2025-05-21T13:34:02+00:00","dateModified":"2025-05-21T13:34:03+00:00","breadcrumb":{"@id":"https:\/\/noticiaempauta.com\/portal\/cidades-do-litoral-e-centro-norte-do-piaui-devem-ter-chuvas-ate-domingo-25-diz-semarh-veja-previsao\/#breadcrumb"},"inLanguage":"pt-BR","potentialAction":[{"@type":"ReadAction","target":["https:\/\/noticiaempauta.com\/portal\/cidades-do-litoral-e-centro-norte-do-piaui-devem-ter-chuvas-ate-domingo-25-diz-semarh-veja-previsao\/"]}]},{"@type":"ImageObject","inLanguage":"pt-BR","@id":"https:\/\/noticiaempauta.com\/portal\/cidades-do-litoral-e-centro-norte-do-piaui-devem-ter-chuvas-ate-domingo-25-diz-semarh-veja-previsao\/#primaryimage","url":"https:\/\/noticiaempauta.com\/portal\/wp-content\/uploads\/2025\/05\/g1-telejornal.00-04-31-40.quadro007.jpg","contentUrl":"https:\/\/noticiaempauta.com\/portal\/wp-content\/uploads\/2025\/05\/g1-telejornal.00-04-31-40.quadro007.jpg","width":984,"height":554},{"@type":"BreadcrumbList","@id":"https:\/\/noticiaempauta.com\/portal\/cidades-do-litoral-e-centro-norte-do-piaui-devem-ter-chuvas-ate-domingo-25-diz-semarh-veja-previsao\/#breadcrumb","itemListElement":[{"@type":"ListItem","position":1,"name":"P\u00e1gina Inicial","item":"https:\/\/noticiaempauta.com\/portal\/"},{"@type":"ListItem","position":2,"name":"Destaques","item":"https:\/\/noticiaempauta.com\/portal\/destaques-site\/"},{"@type":"ListItem","position":3,"name":"Cidades do litoral e Centro-Norte do Piau\u00ed devem ter chuvas at\u00e9 domingo (25), diz Semarh; veja previs\u00e3o"}]},{"@type":"WebSite","@id":"https:\/\/noticiaempauta.com\/portal\/#website","url":"https:\/\/noticiaempauta.com\/portal\/","name":"Portal Not\u00edcia em Pauta","description":"Voc\u00ea bem informado","publisher":{"@id":"https:\/\/noticiaempauta.com\/portal\/#organization"},"potentialAction":[{"@type":"SearchAction","target":{"@type":"EntryPoint","urlTemplate":"https:\/\/noticiaempauta.com\/portal\/?s={search_term_string}"},"query-input":{"@type":"PropertyValueSpecification","valueRequired":true,"valueName":"search_term_string"}}],"inLanguage":"pt-BR"},{"@type":"Organization","@id":"https:\/\/noticiaempauta.com\/portal\/#organization","name":"Portal Not\u00edcia em Pauta","url":"https:\/\/noticiaempauta.com\/portal\/","logo":{"@type":"ImageObject","inLanguage":"pt-BR","@id":"https:\/\/noticiaempauta.com\/portal\/#\/schema\/logo\/image\/","url":"https:\/\/noticiaempauta.com\/portal\/wp-content\/uploads\/2022\/08\/logomarca_tema.fw_.png","contentUrl":"https:\/\/noticiaempauta.com\/portal\/wp-content\/uploads\/2022\/08\/logomarca_tema.fw_.png","width":400,"height":232,"caption":"Portal Not\u00edcia em Pauta"},"image":{"@id":"https:\/\/noticiaempauta.com\/portal\/#\/schema\/logo\/image\/"},"sameAs":["https:\/\/www.facebook.com\/Portal-Notcia-Em-Pauta-102292869264820\/","https:\/\/www.instagram.com\/portalnoticiaempauta\/"]},{"@type":"Person","@id":"https:\/\/noticiaempauta.com\/portal\/#\/schema\/person\/a74af43dd1ab3deca45f988c717d57ac","name":"Reda\u00e7\u00e3o","image":{"@type":"ImageObject","inLanguage":"pt-BR","@id":"https:\/\/noticiaempauta.com\/portal\/#\/schema\/person\/image\/","url":"https:\/\/secure.gravatar.com\/avatar\/03179346ecce6cdfc13361603e8f54242a90e5cde8618fa23c5c00aa2b0aadf3?s=96&d=mm&r=g","contentUrl":"https:\/\/secure.gravatar.com\/avatar\/03179346ecce6cdfc13361603e8f54242a90e5cde8618fa23c5c00aa2b0aadf3?s=96&d=mm&r=g","caption":"Reda\u00e7\u00e3o"},"sameAs":["https:\/\/noticiaempauta.com\/portal\/"],"url":"https:\/\/noticiaempauta.com\/portal\/author\/fernando\/"}]}},"_links":{"self":[{"href":"https:\/\/noticiaempauta.com\/portal\/wp-json\/wp\/v2\/posts\/272048","targetHints":{"allow":["GET"]}}],"collection":[{"href":"https:\/\/noticiaempauta.com\/portal\/wp-json\/wp\/v2\/posts"}],"about":[{"href":"https:\/\/noticiaempauta.com\/portal\/wp-json\/wp\/v2\/types\/post"}],"author":[{"embeddable":true,"href":"https:\/\/noticiaempauta.com\/portal\/wp-json\/wp\/v2\/users\/2"}],"replies":[{"embeddable":true,"href":"https:\/\/noticiaempauta.com\/portal\/wp-json\/wp\/v2\/comments?post=272048"}],"version-history":[{"count":2,"href":"https:\/\/noticiaempauta.com\/portal\/wp-json\/wp\/v2\/posts\/272048\/revisions"}],"predecessor-version":[{"id":272051,"href":"https:\/\/noticiaempauta.com\/portal\/wp-json\/wp\/v2\/posts\/272048\/revisions\/272051"}],"wp:featuredmedia":[{"embeddable":true,"href":"https:\/\/noticiaempauta.com\/portal\/wp-json\/wp\/v2\/media\/272049"}],"wp:attachment":[{"href":"https:\/\/noticiaempauta.com\/portal\/wp-json\/wp\/v2\/media?parent=272048"}],"wp:term":[{"taxonomy":"category","embeddable":true,"href":"https:\/\/noticiaempauta.com\/portal\/wp-json\/wp\/v2\/categories?post=272048"},{"taxonomy":"post_tag","embeddable":true,"href":"https:\/\/noticiaempauta.com\/portal\/wp-json\/wp\/v2\/tags?post=272048"}],"curies":[{"name":"wp","href":"https:\/\/api.w.org\/{rel}","templated":true}]}}