{"id":275234,"date":"2025-07-15T09:37:50","date_gmt":"2025-07-15T12:37:50","guid":{"rendered":"https:\/\/noticiaempauta.com\/portal\/?p=275234"},"modified":"2025-07-15T09:37:52","modified_gmt":"2025-07-15T12:37:52","slug":"carga-de-mel-piauiense-retida-na-exportacao-e-liberada-para-os-estados-unidos","status":"publish","type":"post","link":"https:\/\/noticiaempauta.com\/portal\/carga-de-mel-piauiense-retida-na-exportacao-e-liberada-para-os-estados-unidos\/","title":{"rendered":"Carga de mel piauiense retida na exporta\u00e7\u00e3o \u00e9 liberada para os Estados Unidos"},"content":{"rendered":"\n<p>A recente\u00a0decis\u00e3o do presidente dos Estados Unidos, Donald Trump, de aplicar tarifa de 50% sobre os produtos brasileiros\u00a0causou instabilidade nas rela\u00e7\u00f5es econ\u00f4micas entre o Brasil e os EUA, e trouxe consequ\u00eancias para o mercado piauiense. Anualmente, o Piau\u00ed exporta at\u00e9 2 mil toneladas de mel org\u00e2nico para o mercado consumidor norte-americano, mas essas vendas passam por incertezas. Na \u00faltima sexta-feira (10), os apicultores do Piau\u00ed foram surpreendidos com a suspens\u00e3o do embarque de uma carga de 95 toneladas de mel que ia para os Estados Unidos.<\/p>\n\n\n\n<figure class=\"wp-block-image size-full\"><img fetchpriority=\"high\" decoding=\"async\" width=\"800\" height=\"534\" src=\"https:\/\/noticiaempauta.com\/portal\/wp-content\/uploads\/2025\/07\/PC4AVSRAOG2t4Q8EbXk0Iy60UReLo4B1lgF4kHvo.webp\" alt=\"\" class=\"wp-image-275235\" srcset=\"https:\/\/noticiaempauta.com\/portal\/wp-content\/uploads\/2025\/07\/PC4AVSRAOG2t4Q8EbXk0Iy60UReLo4B1lgF4kHvo.webp 800w, https:\/\/noticiaempauta.com\/portal\/wp-content\/uploads\/2025\/07\/PC4AVSRAOG2t4Q8EbXk0Iy60UReLo4B1lgF4kHvo-300x200.webp 300w, https:\/\/noticiaempauta.com\/portal\/wp-content\/uploads\/2025\/07\/PC4AVSRAOG2t4Q8EbXk0Iy60UReLo4B1lgF4kHvo-768x513.webp 768w\" sizes=\"(max-width: 800px) 100vw, 800px\" \/><figcaption class=\"wp-element-caption\"><em>(Foto: Reprodu\u00e7\u00e3o)<\/em><\/figcaption><\/figure>\n\n\n\n<p>Na noite de ontem (13), essa carga foi liberada para exporta\u00e7\u00e3o depois de uma intensa negocia\u00e7\u00e3o entre os produtores e os clientes norte-americanos. Mas mesmo com os cont\u00eaineres tendo sido embarcados, a situa\u00e7\u00e3o gera incertezas para o mercado local do mel, e os apicultores\u00a0acompanham com aten\u00e7\u00e3o os desdobramentos dos embates fiscais entre Brasil e Estados Unidos. Os impactos, caso essas tarifas permane\u00e7am, ser\u00e3o bastante negativos, segundo Sit\u00f4nio Dantas, diretor da Central de Cooperativas Ap\u00edcolas do Semi\u00e1rido Brasileiro (Casa Apis).<\/p>\n\n\n\n<p>A Casa Apis tem contrato para exportar cerca de 2 mil toneladas de mel em 2025. At\u00e9 junho, j\u00e1 havia enviado aproximadamente mil toneladas. Os embarques de julho foram interrompidos por precau\u00e7\u00e3o na semana passada, porque, segundo Sit\u00f4nio, os clientes temiam que a carga chegasse aos EUA ap\u00f3s a entrada em vigor da nova tarifa importa por Trump.<\/p>\n\n\n\n<p>\u201cO motivo \u00e9 o tarifa\u00e7o de 50%, que inviabiliza os neg\u00f3cios de exporta\u00e7\u00e3o, n\u00e3o s\u00f3 no setor prim\u00e1rio como agricultura e agroneg\u00f3cio, mas at\u00e9 no setor da alta tecnologia, que tamb\u00e9m ser\u00e1 afetado. N\u00f3s operamos nos EUA com clientes tradicionais, alguns deles com mais de 15 anos de parceria e, na semana passada fomos surpreendidos com a suspens\u00e3o dos embarques dos nossos produtos. Ontem recebemos a not\u00edcia que cinco cont\u00eaineres foram liberados e agora \u00e9 esperar at\u00e9 o dia 01 de agosto para ver como fica a situa\u00e7\u00e3o. Se a tarifa for extinta, vida que segue. Mas se n\u00e3o, \u00e9 invi\u00e1vel para os neg\u00f3cios\u201d, explica Sit\u00f4nio Dantas.<\/p>\n\n\n\n<p>Em se mantendo a tarifa de 50% sobre os produtos brasileiros no EUA, ele diz que a Casa Apis vai se sentar com os clientes e negociar para dividir entre exportadores e importadores os valores decorrentes desse aumento fiscal. O diretor da Casa Apis pediu paci\u00eancia e cautela.<\/p>\n\n\n\n<h2 class=\"wp-block-heading\">Seca agrava cen\u00e1rio<\/h2>\n\n\n\n<p>A tarifa imposta por Trump sobre os produtos brasileiros n\u00e3o \u00e9 a \u00fanica coisa que impacta o setor produtivo piauiense. Al\u00e9m do cen\u00e1rio internacional desfavor\u00e1vel, o problema da estiagem prolongada no semi\u00e1rido nordestino agrava a situa\u00e7\u00e3o. \u201cJ\u00e1 t\u00ednhamos esse problema, que comprometeu nossa safra. Vamos ter uma queda em torno de 40% na produ\u00e7\u00e3o de mel no Piau\u00ed para 2025. E agora tem mais essa quest\u00e3o da tarifa\u201d, finaliza o diretor da Casa Apis.<\/p>\n\n\n\n<p><strong>Fonte: Portal O Dia<\/strong><\/p>\n","protected":false},"excerpt":{"rendered":"<p>A recente\u00a0decis\u00e3o do presidente dos Estados Unidos, Donald Trump, de aplicar tarifa de 50% sobre os produtos brasileiros\u00a0causou instabilidade nas rela\u00e7\u00f5es econ\u00f4micas entre o Brasil e os EUA, e trouxe consequ\u00eancias para o mercado piauiense. Anualmente, o Piau\u00ed exporta at\u00e9 2 mil toneladas de mel org\u00e2nico para o mercado consumidor norte-americano, mas essas vendas passam [&hellip;]<\/p>\n","protected":false},"author":2,"featured_media":275235,"comment_status":"open","ping_status":"open","sticky":false,"template":"","format":"standard","meta":{"_mi_skip_tracking":false,"footnotes":""},"categories":[25,6,1,16],"tags":[192],"class_list":["post-275234","post","type-post","status-publish","format-standard","has-post-thumbnail","hentry","category-destaques-site","category-economia","category-geral","category-todas","tag-destaqueprincipal"],"acf":[],"yoast_head":"<!-- This site is optimized with the Yoast SEO Premium plugin v19.2 (Yoast SEO v26.9) - https:\/\/yoast.com\/product\/yoast-seo-premium-wordpress\/ -->\n<title>Carga de mel piauiense retida na exporta\u00e7\u00e3o \u00e9 liberada para os Estados Unidos - Portal Not\u00edcia em Pauta<\/title>\n<meta name=\"robots\" content=\"index, follow, max-snippet:-1, max-image-preview:large, max-video-preview:-1\" \/>\n<link rel=\"canonical\" href=\"https:\/\/noticiaempauta.com\/portal\/carga-de-mel-piauiense-retida-na-exportacao-e-liberada-para-os-estados-unidos\/\" \/>\n<meta property=\"og:locale\" content=\"pt_BR\" \/>\n<meta property=\"og:type\" content=\"article\" \/>\n<meta property=\"og:title\" content=\"Carga de mel piauiense retida na exporta\u00e7\u00e3o \u00e9 liberada para os Estados Unidos\" \/>\n<meta property=\"og:description\" content=\"A recente\u00a0decis\u00e3o do presidente dos Estados Unidos, Donald Trump, de aplicar tarifa de 50% sobre os produtos brasileiros\u00a0causou instabilidade nas rela\u00e7\u00f5es econ\u00f4micas entre o Brasil e os EUA, e trouxe consequ\u00eancias para o mercado piauiense. Anualmente, o Piau\u00ed exporta at\u00e9 2 mil toneladas de mel org\u00e2nico para o mercado consumidor norte-americano, mas essas vendas passam [&hellip;]\" \/>\n<meta property=\"og:url\" content=\"https:\/\/noticiaempauta.com\/portal\/carga-de-mel-piauiense-retida-na-exportacao-e-liberada-para-os-estados-unidos\/\" \/>\n<meta property=\"og:site_name\" content=\"Portal Not\u00edcia em Pauta\" \/>\n<meta property=\"article:publisher\" content=\"https:\/\/www.facebook.com\/Portal-Notcia-Em-Pauta-102292869264820\/\" \/>\n<meta property=\"article:published_time\" content=\"2025-07-15T12:37:50+00:00\" \/>\n<meta property=\"article:modified_time\" content=\"2025-07-15T12:37:52+00:00\" \/>\n<meta property=\"og:image\" content=\"https:\/\/noticiaempauta.com\/portal\/wp-content\/uploads\/2025\/07\/PC4AVSRAOG2t4Q8EbXk0Iy60UReLo4B1lgF4kHvo.webp\" \/>\n\t<meta property=\"og:image:width\" content=\"800\" \/>\n\t<meta property=\"og:image:height\" content=\"534\" \/>\n\t<meta property=\"og:image:type\" content=\"image\/webp\" \/>\n<meta name=\"author\" content=\"Reda\u00e7\u00e3o\" \/>\n<meta name=\"twitter:card\" content=\"summary_large_image\" \/>\n<meta name=\"twitter:label1\" content=\"Escrito por\" \/>\n\t<meta name=\"twitter:data1\" content=\"Reda\u00e7\u00e3o\" \/>\n\t<meta name=\"twitter:label2\" content=\"Est. tempo de leitura\" \/>\n\t<meta name=\"twitter:data2\" content=\"3 minutos\" \/>\n<script type=\"application\/ld+json\" class=\"yoast-schema-graph\">{\"@context\":\"https:\/\/schema.org\",\"@graph\":[{\"@type\":\"Article\",\"@id\":\"https:\/\/noticiaempauta.com\/portal\/carga-de-mel-piauiense-retida-na-exportacao-e-liberada-para-os-estados-unidos\/#article\",\"isPartOf\":{\"@id\":\"https:\/\/noticiaempauta.com\/portal\/carga-de-mel-piauiense-retida-na-exportacao-e-liberada-para-os-estados-unidos\/\"},\"author\":{\"name\":\"Reda\u00e7\u00e3o\",\"@id\":\"https:\/\/noticiaempauta.com\/portal\/#\/schema\/person\/a74af43dd1ab3deca45f988c717d57ac\"},\"headline\":\"Carga de mel piauiense retida na exporta\u00e7\u00e3o \u00e9 liberada para os Estados Unidos\",\"datePublished\":\"2025-07-15T12:37:50+00:00\",\"dateModified\":\"2025-07-15T12:37:52+00:00\",\"mainEntityOfPage\":{\"@id\":\"https:\/\/noticiaempauta.com\/portal\/carga-de-mel-piauiense-retida-na-exportacao-e-liberada-para-os-estados-unidos\/\"},\"wordCount\":507,\"commentCount\":0,\"publisher\":{\"@id\":\"https:\/\/noticiaempauta.com\/portal\/#organization\"},\"image\":{\"@id\":\"https:\/\/noticiaempauta.com\/portal\/carga-de-mel-piauiense-retida-na-exportacao-e-liberada-para-os-estados-unidos\/#primaryimage\"},\"thumbnailUrl\":\"https:\/\/noticiaempauta.com\/portal\/wp-content\/uploads\/2025\/07\/PC4AVSRAOG2t4Q8EbXk0Iy60UReLo4B1lgF4kHvo.webp\",\"keywords\":[\"destaqueprincipal\"],\"articleSection\":[\"Destaques\",\"Economia\",\"Geral\",\"Todas as Not\u00edcias\"],\"inLanguage\":\"pt-BR\",\"potentialAction\":[{\"@type\":\"CommentAction\",\"name\":\"Comment\",\"target\":[\"https:\/\/noticiaempauta.com\/portal\/carga-de-mel-piauiense-retida-na-exportacao-e-liberada-para-os-estados-unidos\/#respond\"]}]},{\"@type\":\"WebPage\",\"@id\":\"https:\/\/noticiaempauta.com\/portal\/carga-de-mel-piauiense-retida-na-exportacao-e-liberada-para-os-estados-unidos\/\",\"url\":\"https:\/\/noticiaempauta.com\/portal\/carga-de-mel-piauiense-retida-na-exportacao-e-liberada-para-os-estados-unidos\/\",\"name\":\"Carga de mel piauiense retida na exporta\u00e7\u00e3o \u00e9 liberada para os Estados Unidos - Portal Not\u00edcia em Pauta\",\"isPartOf\":{\"@id\":\"https:\/\/noticiaempauta.com\/portal\/#website\"},\"primaryImageOfPage\":{\"@id\":\"https:\/\/noticiaempauta.com\/portal\/carga-de-mel-piauiense-retida-na-exportacao-e-liberada-para-os-estados-unidos\/#primaryimage\"},\"image\":{\"@id\":\"https:\/\/noticiaempauta.com\/portal\/carga-de-mel-piauiense-retida-na-exportacao-e-liberada-para-os-estados-unidos\/#primaryimage\"},\"thumbnailUrl\":\"https:\/\/noticiaempauta.com\/portal\/wp-content\/uploads\/2025\/07\/PC4AVSRAOG2t4Q8EbXk0Iy60UReLo4B1lgF4kHvo.webp\",\"datePublished\":\"2025-07-15T12:37:50+00:00\",\"dateModified\":\"2025-07-15T12:37:52+00:00\",\"breadcrumb\":{\"@id\":\"https:\/\/noticiaempauta.com\/portal\/carga-de-mel-piauiense-retida-na-exportacao-e-liberada-para-os-estados-unidos\/#breadcrumb\"},\"inLanguage\":\"pt-BR\",\"potentialAction\":[{\"@type\":\"ReadAction\",\"target\":[\"https:\/\/noticiaempauta.com\/portal\/carga-de-mel-piauiense-retida-na-exportacao-e-liberada-para-os-estados-unidos\/\"]}]},{\"@type\":\"ImageObject\",\"inLanguage\":\"pt-BR\",\"@id\":\"https:\/\/noticiaempauta.com\/portal\/carga-de-mel-piauiense-retida-na-exportacao-e-liberada-para-os-estados-unidos\/#primaryimage\",\"url\":\"https:\/\/noticiaempauta.com\/portal\/wp-content\/uploads\/2025\/07\/PC4AVSRAOG2t4Q8EbXk0Iy60UReLo4B1lgF4kHvo.webp\",\"contentUrl\":\"https:\/\/noticiaempauta.com\/portal\/wp-content\/uploads\/2025\/07\/PC4AVSRAOG2t4Q8EbXk0Iy60UReLo4B1lgF4kHvo.webp\",\"width\":800,\"height\":534},{\"@type\":\"BreadcrumbList\",\"@id\":\"https:\/\/noticiaempauta.com\/portal\/carga-de-mel-piauiense-retida-na-exportacao-e-liberada-para-os-estados-unidos\/#breadcrumb\",\"itemListElement\":[{\"@type\":\"ListItem\",\"position\":1,\"name\":\"P\u00e1gina Inicial\",\"item\":\"https:\/\/noticiaempauta.com\/portal\/\"},{\"@type\":\"ListItem\",\"position\":2,\"name\":\"Destaques\",\"item\":\"https:\/\/noticiaempauta.com\/portal\/destaques-site\/\"},{\"@type\":\"ListItem\",\"position\":3,\"name\":\"Carga de mel piauiense retida na exporta\u00e7\u00e3o \u00e9 liberada para os Estados Unidos\"}]},{\"@type\":\"WebSite\",\"@id\":\"https:\/\/noticiaempauta.com\/portal\/#website\",\"url\":\"https:\/\/noticiaempauta.com\/portal\/\",\"name\":\"Portal Not\u00edcia em Pauta\",\"description\":\"Voc\u00ea bem informado\",\"publisher\":{\"@id\":\"https:\/\/noticiaempauta.com\/portal\/#organization\"},\"potentialAction\":[{\"@type\":\"SearchAction\",\"target\":{\"@type\":\"EntryPoint\",\"urlTemplate\":\"https:\/\/noticiaempauta.com\/portal\/?s={search_term_string}\"},\"query-input\":{\"@type\":\"PropertyValueSpecification\",\"valueRequired\":true,\"valueName\":\"search_term_string\"}}],\"inLanguage\":\"pt-BR\"},{\"@type\":\"Organization\",\"@id\":\"https:\/\/noticiaempauta.com\/portal\/#organization\",\"name\":\"Portal Not\u00edcia em Pauta\",\"url\":\"https:\/\/noticiaempauta.com\/portal\/\",\"logo\":{\"@type\":\"ImageObject\",\"inLanguage\":\"pt-BR\",\"@id\":\"https:\/\/noticiaempauta.com\/portal\/#\/schema\/logo\/image\/\",\"url\":\"https:\/\/noticiaempauta.com\/portal\/wp-content\/uploads\/2022\/08\/logomarca_tema.fw_.png\",\"contentUrl\":\"https:\/\/noticiaempauta.com\/portal\/wp-content\/uploads\/2022\/08\/logomarca_tema.fw_.png\",\"width\":400,\"height\":232,\"caption\":\"Portal Not\u00edcia em Pauta\"},\"image\":{\"@id\":\"https:\/\/noticiaempauta.com\/portal\/#\/schema\/logo\/image\/\"},\"sameAs\":[\"https:\/\/www.facebook.com\/Portal-Notcia-Em-Pauta-102292869264820\/\",\"https:\/\/www.instagram.com\/portalnoticiaempauta\/\"]},{\"@type\":\"Person\",\"@id\":\"https:\/\/noticiaempauta.com\/portal\/#\/schema\/person\/a74af43dd1ab3deca45f988c717d57ac\",\"name\":\"Reda\u00e7\u00e3o\",\"image\":{\"@type\":\"ImageObject\",\"inLanguage\":\"pt-BR\",\"@id\":\"https:\/\/noticiaempauta.com\/portal\/#\/schema\/person\/image\/\",\"url\":\"https:\/\/secure.gravatar.com\/avatar\/03179346ecce6cdfc13361603e8f54242a90e5cde8618fa23c5c00aa2b0aadf3?s=96&d=mm&r=g\",\"contentUrl\":\"https:\/\/secure.gravatar.com\/avatar\/03179346ecce6cdfc13361603e8f54242a90e5cde8618fa23c5c00aa2b0aadf3?s=96&d=mm&r=g\",\"caption\":\"Reda\u00e7\u00e3o\"},\"sameAs\":[\"https:\/\/noticiaempauta.com\/portal\/\"],\"url\":\"https:\/\/noticiaempauta.com\/portal\/author\/fernando\/\"}]}<\/script>\n<!-- \/ Yoast SEO Premium plugin. -->","yoast_head_json":{"title":"Carga de mel piauiense retida na exporta\u00e7\u00e3o \u00e9 liberada para os Estados Unidos - Portal Not\u00edcia em Pauta","robots":{"index":"index","follow":"follow","max-snippet":"max-snippet:-1","max-image-preview":"max-image-preview:large","max-video-preview":"max-video-preview:-1"},"canonical":"https:\/\/noticiaempauta.com\/portal\/carga-de-mel-piauiense-retida-na-exportacao-e-liberada-para-os-estados-unidos\/","og_locale":"pt_BR","og_type":"article","og_title":"Carga de mel piauiense retida na exporta\u00e7\u00e3o \u00e9 liberada para os Estados Unidos","og_description":"A recente\u00a0decis\u00e3o do presidente dos Estados Unidos, Donald Trump, de aplicar tarifa de 50% sobre os produtos brasileiros\u00a0causou instabilidade nas rela\u00e7\u00f5es econ\u00f4micas entre o Brasil e os EUA, e trouxe consequ\u00eancias para o mercado piauiense. Anualmente, o Piau\u00ed exporta at\u00e9 2 mil toneladas de mel org\u00e2nico para o mercado consumidor norte-americano, mas essas vendas passam [&hellip;]","og_url":"https:\/\/noticiaempauta.com\/portal\/carga-de-mel-piauiense-retida-na-exportacao-e-liberada-para-os-estados-unidos\/","og_site_name":"Portal Not\u00edcia em Pauta","article_publisher":"https:\/\/www.facebook.com\/Portal-Notcia-Em-Pauta-102292869264820\/","article_published_time":"2025-07-15T12:37:50+00:00","article_modified_time":"2025-07-15T12:37:52+00:00","og_image":[{"width":800,"height":534,"url":"https:\/\/noticiaempauta.com\/portal\/wp-content\/uploads\/2025\/07\/PC4AVSRAOG2t4Q8EbXk0Iy60UReLo4B1lgF4kHvo.webp","type":"image\/webp"}],"author":"Reda\u00e7\u00e3o","twitter_card":"summary_large_image","twitter_misc":{"Escrito por":"Reda\u00e7\u00e3o","Est. tempo de leitura":"3 minutos"},"schema":{"@context":"https:\/\/schema.org","@graph":[{"@type":"Article","@id":"https:\/\/noticiaempauta.com\/portal\/carga-de-mel-piauiense-retida-na-exportacao-e-liberada-para-os-estados-unidos\/#article","isPartOf":{"@id":"https:\/\/noticiaempauta.com\/portal\/carga-de-mel-piauiense-retida-na-exportacao-e-liberada-para-os-estados-unidos\/"},"author":{"name":"Reda\u00e7\u00e3o","@id":"https:\/\/noticiaempauta.com\/portal\/#\/schema\/person\/a74af43dd1ab3deca45f988c717d57ac"},"headline":"Carga de mel piauiense retida na exporta\u00e7\u00e3o \u00e9 liberada para os Estados Unidos","datePublished":"2025-07-15T12:37:50+00:00","dateModified":"2025-07-15T12:37:52+00:00","mainEntityOfPage":{"@id":"https:\/\/noticiaempauta.com\/portal\/carga-de-mel-piauiense-retida-na-exportacao-e-liberada-para-os-estados-unidos\/"},"wordCount":507,"commentCount":0,"publisher":{"@id":"https:\/\/noticiaempauta.com\/portal\/#organization"},"image":{"@id":"https:\/\/noticiaempauta.com\/portal\/carga-de-mel-piauiense-retida-na-exportacao-e-liberada-para-os-estados-unidos\/#primaryimage"},"thumbnailUrl":"https:\/\/noticiaempauta.com\/portal\/wp-content\/uploads\/2025\/07\/PC4AVSRAOG2t4Q8EbXk0Iy60UReLo4B1lgF4kHvo.webp","keywords":["destaqueprincipal"],"articleSection":["Destaques","Economia","Geral","Todas as Not\u00edcias"],"inLanguage":"pt-BR","potentialAction":[{"@type":"CommentAction","name":"Comment","target":["https:\/\/noticiaempauta.com\/portal\/carga-de-mel-piauiense-retida-na-exportacao-e-liberada-para-os-estados-unidos\/#respond"]}]},{"@type":"WebPage","@id":"https:\/\/noticiaempauta.com\/portal\/carga-de-mel-piauiense-retida-na-exportacao-e-liberada-para-os-estados-unidos\/","url":"https:\/\/noticiaempauta.com\/portal\/carga-de-mel-piauiense-retida-na-exportacao-e-liberada-para-os-estados-unidos\/","name":"Carga de mel piauiense retida na exporta\u00e7\u00e3o \u00e9 liberada para os Estados Unidos - Portal Not\u00edcia em Pauta","isPartOf":{"@id":"https:\/\/noticiaempauta.com\/portal\/#website"},"primaryImageOfPage":{"@id":"https:\/\/noticiaempauta.com\/portal\/carga-de-mel-piauiense-retida-na-exportacao-e-liberada-para-os-estados-unidos\/#primaryimage"},"image":{"@id":"https:\/\/noticiaempauta.com\/portal\/carga-de-mel-piauiense-retida-na-exportacao-e-liberada-para-os-estados-unidos\/#primaryimage"},"thumbnailUrl":"https:\/\/noticiaempauta.com\/portal\/wp-content\/uploads\/2025\/07\/PC4AVSRAOG2t4Q8EbXk0Iy60UReLo4B1lgF4kHvo.webp","datePublished":"2025-07-15T12:37:50+00:00","dateModified":"2025-07-15T12:37:52+00:00","breadcrumb":{"@id":"https:\/\/noticiaempauta.com\/portal\/carga-de-mel-piauiense-retida-na-exportacao-e-liberada-para-os-estados-unidos\/#breadcrumb"},"inLanguage":"pt-BR","potentialAction":[{"@type":"ReadAction","target":["https:\/\/noticiaempauta.com\/portal\/carga-de-mel-piauiense-retida-na-exportacao-e-liberada-para-os-estados-unidos\/"]}]},{"@type":"ImageObject","inLanguage":"pt-BR","@id":"https:\/\/noticiaempauta.com\/portal\/carga-de-mel-piauiense-retida-na-exportacao-e-liberada-para-os-estados-unidos\/#primaryimage","url":"https:\/\/noticiaempauta.com\/portal\/wp-content\/uploads\/2025\/07\/PC4AVSRAOG2t4Q8EbXk0Iy60UReLo4B1lgF4kHvo.webp","contentUrl":"https:\/\/noticiaempauta.com\/portal\/wp-content\/uploads\/2025\/07\/PC4AVSRAOG2t4Q8EbXk0Iy60UReLo4B1lgF4kHvo.webp","width":800,"height":534},{"@type":"BreadcrumbList","@id":"https:\/\/noticiaempauta.com\/portal\/carga-de-mel-piauiense-retida-na-exportacao-e-liberada-para-os-estados-unidos\/#breadcrumb","itemListElement":[{"@type":"ListItem","position":1,"name":"P\u00e1gina Inicial","item":"https:\/\/noticiaempauta.com\/portal\/"},{"@type":"ListItem","position":2,"name":"Destaques","item":"https:\/\/noticiaempauta.com\/portal\/destaques-site\/"},{"@type":"ListItem","position":3,"name":"Carga de mel piauiense retida na exporta\u00e7\u00e3o \u00e9 liberada para os Estados Unidos"}]},{"@type":"WebSite","@id":"https:\/\/noticiaempauta.com\/portal\/#website","url":"https:\/\/noticiaempauta.com\/portal\/","name":"Portal Not\u00edcia em Pauta","description":"Voc\u00ea bem informado","publisher":{"@id":"https:\/\/noticiaempauta.com\/portal\/#organization"},"potentialAction":[{"@type":"SearchAction","target":{"@type":"EntryPoint","urlTemplate":"https:\/\/noticiaempauta.com\/portal\/?s={search_term_string}"},"query-input":{"@type":"PropertyValueSpecification","valueRequired":true,"valueName":"search_term_string"}}],"inLanguage":"pt-BR"},{"@type":"Organization","@id":"https:\/\/noticiaempauta.com\/portal\/#organization","name":"Portal Not\u00edcia em Pauta","url":"https:\/\/noticiaempauta.com\/portal\/","logo":{"@type":"ImageObject","inLanguage":"pt-BR","@id":"https:\/\/noticiaempauta.com\/portal\/#\/schema\/logo\/image\/","url":"https:\/\/noticiaempauta.com\/portal\/wp-content\/uploads\/2022\/08\/logomarca_tema.fw_.png","contentUrl":"https:\/\/noticiaempauta.com\/portal\/wp-content\/uploads\/2022\/08\/logomarca_tema.fw_.png","width":400,"height":232,"caption":"Portal Not\u00edcia em Pauta"},"image":{"@id":"https:\/\/noticiaempauta.com\/portal\/#\/schema\/logo\/image\/"},"sameAs":["https:\/\/www.facebook.com\/Portal-Notcia-Em-Pauta-102292869264820\/","https:\/\/www.instagram.com\/portalnoticiaempauta\/"]},{"@type":"Person","@id":"https:\/\/noticiaempauta.com\/portal\/#\/schema\/person\/a74af43dd1ab3deca45f988c717d57ac","name":"Reda\u00e7\u00e3o","image":{"@type":"ImageObject","inLanguage":"pt-BR","@id":"https:\/\/noticiaempauta.com\/portal\/#\/schema\/person\/image\/","url":"https:\/\/secure.gravatar.com\/avatar\/03179346ecce6cdfc13361603e8f54242a90e5cde8618fa23c5c00aa2b0aadf3?s=96&d=mm&r=g","contentUrl":"https:\/\/secure.gravatar.com\/avatar\/03179346ecce6cdfc13361603e8f54242a90e5cde8618fa23c5c00aa2b0aadf3?s=96&d=mm&r=g","caption":"Reda\u00e7\u00e3o"},"sameAs":["https:\/\/noticiaempauta.com\/portal\/"],"url":"https:\/\/noticiaempauta.com\/portal\/author\/fernando\/"}]}},"_links":{"self":[{"href":"https:\/\/noticiaempauta.com\/portal\/wp-json\/wp\/v2\/posts\/275234","targetHints":{"allow":["GET"]}}],"collection":[{"href":"https:\/\/noticiaempauta.com\/portal\/wp-json\/wp\/v2\/posts"}],"about":[{"href":"https:\/\/noticiaempauta.com\/portal\/wp-json\/wp\/v2\/types\/post"}],"author":[{"embeddable":true,"href":"https:\/\/noticiaempauta.com\/portal\/wp-json\/wp\/v2\/users\/2"}],"replies":[{"embeddable":true,"href":"https:\/\/noticiaempauta.com\/portal\/wp-json\/wp\/v2\/comments?post=275234"}],"version-history":[{"count":2,"href":"https:\/\/noticiaempauta.com\/portal\/wp-json\/wp\/v2\/posts\/275234\/revisions"}],"predecessor-version":[{"id":275237,"href":"https:\/\/noticiaempauta.com\/portal\/wp-json\/wp\/v2\/posts\/275234\/revisions\/275237"}],"wp:featuredmedia":[{"embeddable":true,"href":"https:\/\/noticiaempauta.com\/portal\/wp-json\/wp\/v2\/media\/275235"}],"wp:attachment":[{"href":"https:\/\/noticiaempauta.com\/portal\/wp-json\/wp\/v2\/media?parent=275234"}],"wp:term":[{"taxonomy":"category","embeddable":true,"href":"https:\/\/noticiaempauta.com\/portal\/wp-json\/wp\/v2\/categories?post=275234"},{"taxonomy":"post_tag","embeddable":true,"href":"https:\/\/noticiaempauta.com\/portal\/wp-json\/wp\/v2\/tags?post=275234"}],"curies":[{"name":"wp","href":"https:\/\/api.w.org\/{rel}","templated":true}]}}