{"id":275238,"date":"2025-07-15T11:10:03","date_gmt":"2025-07-15T14:10:03","guid":{"rendered":"https:\/\/noticiaempauta.com\/portal\/?p=275238"},"modified":"2025-07-15T11:10:03","modified_gmt":"2025-07-15T14:10:03","slug":"monsenhor-hipolito-e-destaque-na-saude-e-supera-meta-nacional-na-cobertura-vacinal-contra-a-influenza","status":"publish","type":"post","link":"https:\/\/noticiaempauta.com\/portal\/monsenhor-hipolito-e-destaque-na-saude-e-supera-meta-nacional-na-cobertura-vacinal-contra-a-influenza\/","title":{"rendered":"Monsenhor Hip\u00f3lito \u00e9 destaque na sa\u00fade e supera meta nacional na cobertura vacinal contra a influenza"},"content":{"rendered":"\n<p>O munic\u00edpio de Monsenhor Hip\u00f3lito na gest\u00e3o do prefeito Djalma Policarpo celebra mais um importante avan\u00e7o na sa\u00fade local. Ap\u00f3s o trabalho intensificado da Secretaria Municipal de Sa\u00fade atrav\u00e9s da campanha de vacina\u00e7\u00e3o contra a influenza, o munic\u00edpio alcan\u00e7ou a meta nacional e estadual de vacina\u00e7\u00e3o, demonstrando um importante compromisso com a sa\u00fade p\u00fablica. <\/p>\n\n\n\n<figure class=\"wp-block-image size-large\"><img fetchpriority=\"high\" decoding=\"async\" width=\"819\" height=\"1024\" src=\"https:\/\/noticiaempauta.com\/portal\/wp-content\/uploads\/2025\/07\/WhatsApp-Image-2025-07-15-at-10.01.34-819x1024.jpeg\" alt=\"\" class=\"wp-image-275239\" srcset=\"https:\/\/noticiaempauta.com\/portal\/wp-content\/uploads\/2025\/07\/WhatsApp-Image-2025-07-15-at-10.01.34-819x1024.jpeg 819w, https:\/\/noticiaempauta.com\/portal\/wp-content\/uploads\/2025\/07\/WhatsApp-Image-2025-07-15-at-10.01.34-240x300.jpeg 240w, https:\/\/noticiaempauta.com\/portal\/wp-content\/uploads\/2025\/07\/WhatsApp-Image-2025-07-15-at-10.01.34-768x960.jpeg 768w, https:\/\/noticiaempauta.com\/portal\/wp-content\/uploads\/2025\/07\/WhatsApp-Image-2025-07-15-at-10.01.34-1229x1536.jpeg 1229w, https:\/\/noticiaempauta.com\/portal\/wp-content\/uploads\/2025\/07\/WhatsApp-Image-2025-07-15-at-10.01.34.jpeg 1280w\" sizes=\"(max-width: 819px) 100vw, 819px\" \/><\/figure>\n\n\n\n<p>Conforme dados do Minist\u00e9rio da Sa\u00fade, o munic\u00edpio de Monsenhor Hip\u00f3lito tinha um p\u00fablico alvo (grupos priorit\u00e1rios) de 1.984 pessoas, entre gestantes, crian\u00e7as e idosos aptos a vacina\u00e7\u00e3o, desse total a <strong>Secretaria Municipal de Sa\u00fade<\/strong> <strong>conseguiu realizar a aplica\u00e7\u00e3o de 1.796 doses<\/strong>, <strong>ou seja, atingindo 90,52 % de cobertura vacinal<\/strong>, superando assim a meta estadual de vacina\u00e7\u00e3o que \u00e9 de 54,50 %, e m\u00e9dia nacional que \u00e9 de 44,24 %, sendo um munic\u00edpio destaque pelo n\u00famero ampliado de efetiva cobertura vacinal. <\/p>\n\n\n\n<figure class=\"wp-block-image size-large\"><img decoding=\"async\" width=\"1024\" height=\"786\" src=\"https:\/\/noticiaempauta.com\/portal\/wp-content\/uploads\/2025\/07\/WhatsApp-Image-2025-07-15-at-11.04.59-1024x786.jpeg\" alt=\"\" class=\"wp-image-275243\" srcset=\"https:\/\/noticiaempauta.com\/portal\/wp-content\/uploads\/2025\/07\/WhatsApp-Image-2025-07-15-at-11.04.59-1024x786.jpeg 1024w, https:\/\/noticiaempauta.com\/portal\/wp-content\/uploads\/2025\/07\/WhatsApp-Image-2025-07-15-at-11.04.59-300x230.jpeg 300w, https:\/\/noticiaempauta.com\/portal\/wp-content\/uploads\/2025\/07\/WhatsApp-Image-2025-07-15-at-11.04.59-768x589.jpeg 768w, https:\/\/noticiaempauta.com\/portal\/wp-content\/uploads\/2025\/07\/WhatsApp-Image-2025-07-15-at-11.04.59.jpeg 1170w\" sizes=\"(max-width: 1024px) 100vw, 1024px\" \/><\/figure>\n\n\n\n<p>A vacina\u00e7\u00e3o em massa \u00e9 essencial para prevenir surtos da doen\u00e7a, reduzir complica\u00e7\u00f5es e proteger grupos vulner\u00e1veis, como idosos, crian\u00e7as, gestantes e pessoas com comorbidades.<\/p>\n\n\n\n<figure class=\"wp-block-image size-large\"><img decoding=\"async\" width=\"1024\" height=\"733\" src=\"https:\/\/noticiaempauta.com\/portal\/wp-content\/uploads\/2025\/07\/WhatsApp-Image-2025-07-15-at-11.04.42-1024x733.jpeg\" alt=\"\" class=\"wp-image-275241\" srcset=\"https:\/\/noticiaempauta.com\/portal\/wp-content\/uploads\/2025\/07\/WhatsApp-Image-2025-07-15-at-11.04.42-1024x733.jpeg 1024w, https:\/\/noticiaempauta.com\/portal\/wp-content\/uploads\/2025\/07\/WhatsApp-Image-2025-07-15-at-11.04.42-300x215.jpeg 300w, https:\/\/noticiaempauta.com\/portal\/wp-content\/uploads\/2025\/07\/WhatsApp-Image-2025-07-15-at-11.04.42-768x549.jpeg 768w, https:\/\/noticiaempauta.com\/portal\/wp-content\/uploads\/2025\/07\/WhatsApp-Image-2025-07-15-at-11.04.42.jpeg 1170w\" sizes=\"(max-width: 1024px) 100vw, 1024px\" \/><\/figure>\n\n\n\n<p>Para a Secret\u00e1ria de Sa\u00fade, Dra. Joyce Bezerra, o trabalho e o esfor\u00e7o das equipes de vacina\u00e7\u00e3o do munic\u00edpio foram fundamentais para se atingir a meta.<\/p>\n\n\n\n<figure class=\"wp-block-image size-large\"><img loading=\"lazy\" decoding=\"async\" width=\"1024\" height=\"880\" src=\"https:\/\/noticiaempauta.com\/portal\/wp-content\/uploads\/2025\/07\/WhatsApp-Image-2025-07-15-at-11.04.24-1024x880.jpeg\" alt=\"\" class=\"wp-image-275242\" srcset=\"https:\/\/noticiaempauta.com\/portal\/wp-content\/uploads\/2025\/07\/WhatsApp-Image-2025-07-15-at-11.04.24-1024x880.jpeg 1024w, https:\/\/noticiaempauta.com\/portal\/wp-content\/uploads\/2025\/07\/WhatsApp-Image-2025-07-15-at-11.04.24-300x258.jpeg 300w, https:\/\/noticiaempauta.com\/portal\/wp-content\/uploads\/2025\/07\/WhatsApp-Image-2025-07-15-at-11.04.24-768x660.jpeg 768w, https:\/\/noticiaempauta.com\/portal\/wp-content\/uploads\/2025\/07\/WhatsApp-Image-2025-07-15-at-11.04.24.jpeg 1170w\" sizes=\"(max-width: 1024px) 100vw, 1024px\" \/><\/figure>\n\n\n\n<p>&#8220;\u00c9 uma grande alegria, recebermos esse resultado, que reflete o empenho e dedica\u00e7\u00e3o das equipes, salas de vacina, agentes comunit\u00e1rios de sa\u00fade, e todos os envolvidos nessa campanha de vacina\u00e7\u00e3o. Agradecemos tamb\u00e9m a popula\u00e7\u00e3o, que apesar de ainda haver muita rejei\u00e7\u00e3o e desinforma\u00e7\u00e3o a respeito da vacina, conseguimos atrav\u00e9s de um trabalho humanizado, conscientizar a popula\u00e7\u00e3o para participarem da vacina\u00e7\u00e3o, e aderirem \u00e0 campanha, e todo esse trabalho conjunto \u00e9 fruto do comprometimento da gest\u00e3o municipal com a sa\u00fade e qualidade de vida da popula\u00e7\u00e3o hipolitana&#8221; frisou a secret\u00e1ria.<\/p>\n\n\n\n<figure class=\"wp-block-image size-large\"><img loading=\"lazy\" decoding=\"async\" width=\"1024\" height=\"745\" src=\"https:\/\/noticiaempauta.com\/portal\/wp-content\/uploads\/2025\/07\/WhatsApp-Image-2025-07-15-at-11.04.09-1024x745.jpeg\" alt=\"\" class=\"wp-image-275240\" srcset=\"https:\/\/noticiaempauta.com\/portal\/wp-content\/uploads\/2025\/07\/WhatsApp-Image-2025-07-15-at-11.04.09-1024x745.jpeg 1024w, https:\/\/noticiaempauta.com\/portal\/wp-content\/uploads\/2025\/07\/WhatsApp-Image-2025-07-15-at-11.04.09-300x218.jpeg 300w, https:\/\/noticiaempauta.com\/portal\/wp-content\/uploads\/2025\/07\/WhatsApp-Image-2025-07-15-at-11.04.09-768x559.jpeg 768w, https:\/\/noticiaempauta.com\/portal\/wp-content\/uploads\/2025\/07\/WhatsApp-Image-2025-07-15-at-11.04.09.jpeg 1170w\" sizes=\"(max-width: 1024px) 100vw, 1024px\" \/><\/figure>\n\n\n\n<p>\u201cMais um resultado positivo para nosso munic\u00edpio, isso mostra o nosso compromisso com uma sa\u00fade de qualidade, estamos realizando o nosso dever de casa, vacinar nossa popula\u00e7\u00e3o, principalmente os grupos priorit\u00e1rios. Agrade\u00e7o a todos que participaram da campanha da vacina\u00e7\u00e3o, e aos profissionais envolvidos nesse trabalhado articulado de cobertura vacinal, sabemos a import\u00e2ncia da imuniza\u00e7\u00e3o e da responsabilidade que temos em ofertar uma sa\u00fade prim\u00e1ria em nosso munic\u00edpio, continuaremos com esse trabalho digno e humanizado junto a popula\u00e7\u00e3o&#8221;, destacou o <strong>prefeito Djalma Policarpo.<\/strong><\/p>\n\n\n\n<p><\/p>\n","protected":false},"excerpt":{"rendered":"<p>O munic\u00edpio de Monsenhor Hip\u00f3lito na gest\u00e3o do prefeito Djalma Policarpo celebra mais um importante avan\u00e7o na sa\u00fade local. Ap\u00f3s o trabalho intensificado da Secretaria Municipal de Sa\u00fade atrav\u00e9s da campanha de vacina\u00e7\u00e3o contra a influenza, o munic\u00edpio alcan\u00e7ou a meta nacional e estadual de vacina\u00e7\u00e3o, demonstrando um importante compromisso com a sa\u00fade p\u00fablica. Conforme [&hellip;]<\/p>\n","protected":false},"author":2,"featured_media":275242,"comment_status":"open","ping_status":"open","sticky":false,"template":"","format":"standard","meta":{"_mi_skip_tracking":false,"footnotes":""},"categories":[25,1,9,5,16],"tags":[],"class_list":["post-275238","post","type-post","status-publish","format-standard","has-post-thumbnail","hentry","category-destaques-site","category-geral","category-municipios","category-saude","category-todas"],"acf":[],"yoast_head":"<!-- This site is optimized with the Yoast SEO Premium plugin v19.2 (Yoast SEO v26.9) - https:\/\/yoast.com\/product\/yoast-seo-premium-wordpress\/ -->\n<title>Monsenhor Hip\u00f3lito \u00e9 destaque na sa\u00fade e supera meta nacional na cobertura vacinal contra a influenza - Portal Not\u00edcia em Pauta<\/title>\n<meta name=\"robots\" content=\"index, follow, max-snippet:-1, max-image-preview:large, max-video-preview:-1\" \/>\n<link rel=\"canonical\" href=\"https:\/\/noticiaempauta.com\/portal\/monsenhor-hipolito-e-destaque-na-saude-e-supera-meta-nacional-na-cobertura-vacinal-contra-a-influenza\/\" \/>\n<meta property=\"og:locale\" content=\"pt_BR\" \/>\n<meta property=\"og:type\" content=\"article\" \/>\n<meta property=\"og:title\" content=\"Monsenhor Hip\u00f3lito \u00e9 destaque na sa\u00fade e supera meta nacional na cobertura vacinal contra a influenza\" \/>\n<meta property=\"og:description\" content=\"O munic\u00edpio de Monsenhor Hip\u00f3lito na gest\u00e3o do prefeito Djalma Policarpo celebra mais um importante avan\u00e7o na sa\u00fade local. Ap\u00f3s o trabalho intensificado da Secretaria Municipal de Sa\u00fade atrav\u00e9s da campanha de vacina\u00e7\u00e3o contra a influenza, o munic\u00edpio alcan\u00e7ou a meta nacional e estadual de vacina\u00e7\u00e3o, demonstrando um importante compromisso com a sa\u00fade p\u00fablica. Conforme [&hellip;]\" \/>\n<meta property=\"og:url\" content=\"https:\/\/noticiaempauta.com\/portal\/monsenhor-hipolito-e-destaque-na-saude-e-supera-meta-nacional-na-cobertura-vacinal-contra-a-influenza\/\" \/>\n<meta property=\"og:site_name\" content=\"Portal Not\u00edcia em Pauta\" \/>\n<meta property=\"article:publisher\" content=\"https:\/\/www.facebook.com\/Portal-Notcia-Em-Pauta-102292869264820\/\" \/>\n<meta property=\"article:published_time\" content=\"2025-07-15T14:10:03+00:00\" \/>\n<meta property=\"og:image\" content=\"https:\/\/noticiaempauta.com\/portal\/wp-content\/uploads\/2025\/07\/WhatsApp-Image-2025-07-15-at-11.04.24.jpeg\" \/>\n\t<meta property=\"og:image:width\" content=\"1170\" \/>\n\t<meta property=\"og:image:height\" content=\"1006\" \/>\n\t<meta property=\"og:image:type\" content=\"image\/jpeg\" \/>\n<meta name=\"author\" content=\"Reda\u00e7\u00e3o\" \/>\n<meta name=\"twitter:card\" content=\"summary_large_image\" \/>\n<meta name=\"twitter:label1\" content=\"Escrito por\" \/>\n\t<meta name=\"twitter:data1\" content=\"Reda\u00e7\u00e3o\" \/>\n\t<meta name=\"twitter:label2\" content=\"Est. tempo de leitura\" \/>\n\t<meta name=\"twitter:data2\" content=\"4 minutos\" \/>\n<script type=\"application\/ld+json\" class=\"yoast-schema-graph\">{\"@context\":\"https:\/\/schema.org\",\"@graph\":[{\"@type\":\"Article\",\"@id\":\"https:\/\/noticiaempauta.com\/portal\/monsenhor-hipolito-e-destaque-na-saude-e-supera-meta-nacional-na-cobertura-vacinal-contra-a-influenza\/#article\",\"isPartOf\":{\"@id\":\"https:\/\/noticiaempauta.com\/portal\/monsenhor-hipolito-e-destaque-na-saude-e-supera-meta-nacional-na-cobertura-vacinal-contra-a-influenza\/\"},\"author\":{\"name\":\"Reda\u00e7\u00e3o\",\"@id\":\"https:\/\/noticiaempauta.com\/portal\/#\/schema\/person\/a74af43dd1ab3deca45f988c717d57ac\"},\"headline\":\"Monsenhor Hip\u00f3lito \u00e9 destaque na sa\u00fade e supera meta nacional na cobertura vacinal contra a influenza\",\"datePublished\":\"2025-07-15T14:10:03+00:00\",\"mainEntityOfPage\":{\"@id\":\"https:\/\/noticiaempauta.com\/portal\/monsenhor-hipolito-e-destaque-na-saude-e-supera-meta-nacional-na-cobertura-vacinal-contra-a-influenza\/\"},\"wordCount\":426,\"commentCount\":0,\"publisher\":{\"@id\":\"https:\/\/noticiaempauta.com\/portal\/#organization\"},\"image\":{\"@id\":\"https:\/\/noticiaempauta.com\/portal\/monsenhor-hipolito-e-destaque-na-saude-e-supera-meta-nacional-na-cobertura-vacinal-contra-a-influenza\/#primaryimage\"},\"thumbnailUrl\":\"https:\/\/noticiaempauta.com\/portal\/wp-content\/uploads\/2025\/07\/WhatsApp-Image-2025-07-15-at-11.04.24.jpeg\",\"articleSection\":[\"Destaques\",\"Geral\",\"Munic\u00edpios\",\"Sa\u00fade\",\"Todas as Not\u00edcias\"],\"inLanguage\":\"pt-BR\",\"potentialAction\":[{\"@type\":\"CommentAction\",\"name\":\"Comment\",\"target\":[\"https:\/\/noticiaempauta.com\/portal\/monsenhor-hipolito-e-destaque-na-saude-e-supera-meta-nacional-na-cobertura-vacinal-contra-a-influenza\/#respond\"]}]},{\"@type\":\"WebPage\",\"@id\":\"https:\/\/noticiaempauta.com\/portal\/monsenhor-hipolito-e-destaque-na-saude-e-supera-meta-nacional-na-cobertura-vacinal-contra-a-influenza\/\",\"url\":\"https:\/\/noticiaempauta.com\/portal\/monsenhor-hipolito-e-destaque-na-saude-e-supera-meta-nacional-na-cobertura-vacinal-contra-a-influenza\/\",\"name\":\"Monsenhor Hip\u00f3lito \u00e9 destaque na sa\u00fade e supera meta nacional na cobertura vacinal contra a influenza - Portal Not\u00edcia em Pauta\",\"isPartOf\":{\"@id\":\"https:\/\/noticiaempauta.com\/portal\/#website\"},\"primaryImageOfPage\":{\"@id\":\"https:\/\/noticiaempauta.com\/portal\/monsenhor-hipolito-e-destaque-na-saude-e-supera-meta-nacional-na-cobertura-vacinal-contra-a-influenza\/#primaryimage\"},\"image\":{\"@id\":\"https:\/\/noticiaempauta.com\/portal\/monsenhor-hipolito-e-destaque-na-saude-e-supera-meta-nacional-na-cobertura-vacinal-contra-a-influenza\/#primaryimage\"},\"thumbnailUrl\":\"https:\/\/noticiaempauta.com\/portal\/wp-content\/uploads\/2025\/07\/WhatsApp-Image-2025-07-15-at-11.04.24.jpeg\",\"datePublished\":\"2025-07-15T14:10:03+00:00\",\"breadcrumb\":{\"@id\":\"https:\/\/noticiaempauta.com\/portal\/monsenhor-hipolito-e-destaque-na-saude-e-supera-meta-nacional-na-cobertura-vacinal-contra-a-influenza\/#breadcrumb\"},\"inLanguage\":\"pt-BR\",\"potentialAction\":[{\"@type\":\"ReadAction\",\"target\":[\"https:\/\/noticiaempauta.com\/portal\/monsenhor-hipolito-e-destaque-na-saude-e-supera-meta-nacional-na-cobertura-vacinal-contra-a-influenza\/\"]}]},{\"@type\":\"ImageObject\",\"inLanguage\":\"pt-BR\",\"@id\":\"https:\/\/noticiaempauta.com\/portal\/monsenhor-hipolito-e-destaque-na-saude-e-supera-meta-nacional-na-cobertura-vacinal-contra-a-influenza\/#primaryimage\",\"url\":\"https:\/\/noticiaempauta.com\/portal\/wp-content\/uploads\/2025\/07\/WhatsApp-Image-2025-07-15-at-11.04.24.jpeg\",\"contentUrl\":\"https:\/\/noticiaempauta.com\/portal\/wp-content\/uploads\/2025\/07\/WhatsApp-Image-2025-07-15-at-11.04.24.jpeg\",\"width\":1170,\"height\":1006},{\"@type\":\"BreadcrumbList\",\"@id\":\"https:\/\/noticiaempauta.com\/portal\/monsenhor-hipolito-e-destaque-na-saude-e-supera-meta-nacional-na-cobertura-vacinal-contra-a-influenza\/#breadcrumb\",\"itemListElement\":[{\"@type\":\"ListItem\",\"position\":1,\"name\":\"P\u00e1gina Inicial\",\"item\":\"https:\/\/noticiaempauta.com\/portal\/\"},{\"@type\":\"ListItem\",\"position\":2,\"name\":\"Destaques\",\"item\":\"https:\/\/noticiaempauta.com\/portal\/destaques-site\/\"},{\"@type\":\"ListItem\",\"position\":3,\"name\":\"Monsenhor Hip\u00f3lito \u00e9 destaque na sa\u00fade e supera meta nacional na cobertura vacinal contra a influenza\"}]},{\"@type\":\"WebSite\",\"@id\":\"https:\/\/noticiaempauta.com\/portal\/#website\",\"url\":\"https:\/\/noticiaempauta.com\/portal\/\",\"name\":\"Portal Not\u00edcia em Pauta\",\"description\":\"Voc\u00ea bem informado\",\"publisher\":{\"@id\":\"https:\/\/noticiaempauta.com\/portal\/#organization\"},\"potentialAction\":[{\"@type\":\"SearchAction\",\"target\":{\"@type\":\"EntryPoint\",\"urlTemplate\":\"https:\/\/noticiaempauta.com\/portal\/?s={search_term_string}\"},\"query-input\":{\"@type\":\"PropertyValueSpecification\",\"valueRequired\":true,\"valueName\":\"search_term_string\"}}],\"inLanguage\":\"pt-BR\"},{\"@type\":\"Organization\",\"@id\":\"https:\/\/noticiaempauta.com\/portal\/#organization\",\"name\":\"Portal Not\u00edcia em Pauta\",\"url\":\"https:\/\/noticiaempauta.com\/portal\/\",\"logo\":{\"@type\":\"ImageObject\",\"inLanguage\":\"pt-BR\",\"@id\":\"https:\/\/noticiaempauta.com\/portal\/#\/schema\/logo\/image\/\",\"url\":\"https:\/\/noticiaempauta.com\/portal\/wp-content\/uploads\/2022\/08\/logomarca_tema.fw_.png\",\"contentUrl\":\"https:\/\/noticiaempauta.com\/portal\/wp-content\/uploads\/2022\/08\/logomarca_tema.fw_.png\",\"width\":400,\"height\":232,\"caption\":\"Portal Not\u00edcia em Pauta\"},\"image\":{\"@id\":\"https:\/\/noticiaempauta.com\/portal\/#\/schema\/logo\/image\/\"},\"sameAs\":[\"https:\/\/www.facebook.com\/Portal-Notcia-Em-Pauta-102292869264820\/\",\"https:\/\/www.instagram.com\/portalnoticiaempauta\/\"]},{\"@type\":\"Person\",\"@id\":\"https:\/\/noticiaempauta.com\/portal\/#\/schema\/person\/a74af43dd1ab3deca45f988c717d57ac\",\"name\":\"Reda\u00e7\u00e3o\",\"image\":{\"@type\":\"ImageObject\",\"inLanguage\":\"pt-BR\",\"@id\":\"https:\/\/noticiaempauta.com\/portal\/#\/schema\/person\/image\/\",\"url\":\"https:\/\/secure.gravatar.com\/avatar\/03179346ecce6cdfc13361603e8f54242a90e5cde8618fa23c5c00aa2b0aadf3?s=96&d=mm&r=g\",\"contentUrl\":\"https:\/\/secure.gravatar.com\/avatar\/03179346ecce6cdfc13361603e8f54242a90e5cde8618fa23c5c00aa2b0aadf3?s=96&d=mm&r=g\",\"caption\":\"Reda\u00e7\u00e3o\"},\"sameAs\":[\"https:\/\/noticiaempauta.com\/portal\/\"],\"url\":\"https:\/\/noticiaempauta.com\/portal\/author\/fernando\/\"}]}<\/script>\n<!-- \/ Yoast SEO Premium plugin. -->","yoast_head_json":{"title":"Monsenhor Hip\u00f3lito \u00e9 destaque na sa\u00fade e supera meta nacional na cobertura vacinal contra a influenza - Portal Not\u00edcia em Pauta","robots":{"index":"index","follow":"follow","max-snippet":"max-snippet:-1","max-image-preview":"max-image-preview:large","max-video-preview":"max-video-preview:-1"},"canonical":"https:\/\/noticiaempauta.com\/portal\/monsenhor-hipolito-e-destaque-na-saude-e-supera-meta-nacional-na-cobertura-vacinal-contra-a-influenza\/","og_locale":"pt_BR","og_type":"article","og_title":"Monsenhor Hip\u00f3lito \u00e9 destaque na sa\u00fade e supera meta nacional na cobertura vacinal contra a influenza","og_description":"O munic\u00edpio de Monsenhor Hip\u00f3lito na gest\u00e3o do prefeito Djalma Policarpo celebra mais um importante avan\u00e7o na sa\u00fade local. Ap\u00f3s o trabalho intensificado da Secretaria Municipal de Sa\u00fade atrav\u00e9s da campanha de vacina\u00e7\u00e3o contra a influenza, o munic\u00edpio alcan\u00e7ou a meta nacional e estadual de vacina\u00e7\u00e3o, demonstrando um importante compromisso com a sa\u00fade p\u00fablica. Conforme [&hellip;]","og_url":"https:\/\/noticiaempauta.com\/portal\/monsenhor-hipolito-e-destaque-na-saude-e-supera-meta-nacional-na-cobertura-vacinal-contra-a-influenza\/","og_site_name":"Portal Not\u00edcia em Pauta","article_publisher":"https:\/\/www.facebook.com\/Portal-Notcia-Em-Pauta-102292869264820\/","article_published_time":"2025-07-15T14:10:03+00:00","og_image":[{"width":1170,"height":1006,"url":"https:\/\/noticiaempauta.com\/portal\/wp-content\/uploads\/2025\/07\/WhatsApp-Image-2025-07-15-at-11.04.24.jpeg","type":"image\/jpeg"}],"author":"Reda\u00e7\u00e3o","twitter_card":"summary_large_image","twitter_misc":{"Escrito por":"Reda\u00e7\u00e3o","Est. tempo de leitura":"4 minutos"},"schema":{"@context":"https:\/\/schema.org","@graph":[{"@type":"Article","@id":"https:\/\/noticiaempauta.com\/portal\/monsenhor-hipolito-e-destaque-na-saude-e-supera-meta-nacional-na-cobertura-vacinal-contra-a-influenza\/#article","isPartOf":{"@id":"https:\/\/noticiaempauta.com\/portal\/monsenhor-hipolito-e-destaque-na-saude-e-supera-meta-nacional-na-cobertura-vacinal-contra-a-influenza\/"},"author":{"name":"Reda\u00e7\u00e3o","@id":"https:\/\/noticiaempauta.com\/portal\/#\/schema\/person\/a74af43dd1ab3deca45f988c717d57ac"},"headline":"Monsenhor Hip\u00f3lito \u00e9 destaque na sa\u00fade e supera meta nacional na cobertura vacinal contra a influenza","datePublished":"2025-07-15T14:10:03+00:00","mainEntityOfPage":{"@id":"https:\/\/noticiaempauta.com\/portal\/monsenhor-hipolito-e-destaque-na-saude-e-supera-meta-nacional-na-cobertura-vacinal-contra-a-influenza\/"},"wordCount":426,"commentCount":0,"publisher":{"@id":"https:\/\/noticiaempauta.com\/portal\/#organization"},"image":{"@id":"https:\/\/noticiaempauta.com\/portal\/monsenhor-hipolito-e-destaque-na-saude-e-supera-meta-nacional-na-cobertura-vacinal-contra-a-influenza\/#primaryimage"},"thumbnailUrl":"https:\/\/noticiaempauta.com\/portal\/wp-content\/uploads\/2025\/07\/WhatsApp-Image-2025-07-15-at-11.04.24.jpeg","articleSection":["Destaques","Geral","Munic\u00edpios","Sa\u00fade","Todas as Not\u00edcias"],"inLanguage":"pt-BR","potentialAction":[{"@type":"CommentAction","name":"Comment","target":["https:\/\/noticiaempauta.com\/portal\/monsenhor-hipolito-e-destaque-na-saude-e-supera-meta-nacional-na-cobertura-vacinal-contra-a-influenza\/#respond"]}]},{"@type":"WebPage","@id":"https:\/\/noticiaempauta.com\/portal\/monsenhor-hipolito-e-destaque-na-saude-e-supera-meta-nacional-na-cobertura-vacinal-contra-a-influenza\/","url":"https:\/\/noticiaempauta.com\/portal\/monsenhor-hipolito-e-destaque-na-saude-e-supera-meta-nacional-na-cobertura-vacinal-contra-a-influenza\/","name":"Monsenhor Hip\u00f3lito \u00e9 destaque na sa\u00fade e supera meta nacional na cobertura vacinal contra a influenza - Portal Not\u00edcia em Pauta","isPartOf":{"@id":"https:\/\/noticiaempauta.com\/portal\/#website"},"primaryImageOfPage":{"@id":"https:\/\/noticiaempauta.com\/portal\/monsenhor-hipolito-e-destaque-na-saude-e-supera-meta-nacional-na-cobertura-vacinal-contra-a-influenza\/#primaryimage"},"image":{"@id":"https:\/\/noticiaempauta.com\/portal\/monsenhor-hipolito-e-destaque-na-saude-e-supera-meta-nacional-na-cobertura-vacinal-contra-a-influenza\/#primaryimage"},"thumbnailUrl":"https:\/\/noticiaempauta.com\/portal\/wp-content\/uploads\/2025\/07\/WhatsApp-Image-2025-07-15-at-11.04.24.jpeg","datePublished":"2025-07-15T14:10:03+00:00","breadcrumb":{"@id":"https:\/\/noticiaempauta.com\/portal\/monsenhor-hipolito-e-destaque-na-saude-e-supera-meta-nacional-na-cobertura-vacinal-contra-a-influenza\/#breadcrumb"},"inLanguage":"pt-BR","potentialAction":[{"@type":"ReadAction","target":["https:\/\/noticiaempauta.com\/portal\/monsenhor-hipolito-e-destaque-na-saude-e-supera-meta-nacional-na-cobertura-vacinal-contra-a-influenza\/"]}]},{"@type":"ImageObject","inLanguage":"pt-BR","@id":"https:\/\/noticiaempauta.com\/portal\/monsenhor-hipolito-e-destaque-na-saude-e-supera-meta-nacional-na-cobertura-vacinal-contra-a-influenza\/#primaryimage","url":"https:\/\/noticiaempauta.com\/portal\/wp-content\/uploads\/2025\/07\/WhatsApp-Image-2025-07-15-at-11.04.24.jpeg","contentUrl":"https:\/\/noticiaempauta.com\/portal\/wp-content\/uploads\/2025\/07\/WhatsApp-Image-2025-07-15-at-11.04.24.jpeg","width":1170,"height":1006},{"@type":"BreadcrumbList","@id":"https:\/\/noticiaempauta.com\/portal\/monsenhor-hipolito-e-destaque-na-saude-e-supera-meta-nacional-na-cobertura-vacinal-contra-a-influenza\/#breadcrumb","itemListElement":[{"@type":"ListItem","position":1,"name":"P\u00e1gina Inicial","item":"https:\/\/noticiaempauta.com\/portal\/"},{"@type":"ListItem","position":2,"name":"Destaques","item":"https:\/\/noticiaempauta.com\/portal\/destaques-site\/"},{"@type":"ListItem","position":3,"name":"Monsenhor Hip\u00f3lito \u00e9 destaque na sa\u00fade e supera meta nacional na cobertura vacinal contra a influenza"}]},{"@type":"WebSite","@id":"https:\/\/noticiaempauta.com\/portal\/#website","url":"https:\/\/noticiaempauta.com\/portal\/","name":"Portal Not\u00edcia em Pauta","description":"Voc\u00ea bem informado","publisher":{"@id":"https:\/\/noticiaempauta.com\/portal\/#organization"},"potentialAction":[{"@type":"SearchAction","target":{"@type":"EntryPoint","urlTemplate":"https:\/\/noticiaempauta.com\/portal\/?s={search_term_string}"},"query-input":{"@type":"PropertyValueSpecification","valueRequired":true,"valueName":"search_term_string"}}],"inLanguage":"pt-BR"},{"@type":"Organization","@id":"https:\/\/noticiaempauta.com\/portal\/#organization","name":"Portal Not\u00edcia em Pauta","url":"https:\/\/noticiaempauta.com\/portal\/","logo":{"@type":"ImageObject","inLanguage":"pt-BR","@id":"https:\/\/noticiaempauta.com\/portal\/#\/schema\/logo\/image\/","url":"https:\/\/noticiaempauta.com\/portal\/wp-content\/uploads\/2022\/08\/logomarca_tema.fw_.png","contentUrl":"https:\/\/noticiaempauta.com\/portal\/wp-content\/uploads\/2022\/08\/logomarca_tema.fw_.png","width":400,"height":232,"caption":"Portal Not\u00edcia em Pauta"},"image":{"@id":"https:\/\/noticiaempauta.com\/portal\/#\/schema\/logo\/image\/"},"sameAs":["https:\/\/www.facebook.com\/Portal-Notcia-Em-Pauta-102292869264820\/","https:\/\/www.instagram.com\/portalnoticiaempauta\/"]},{"@type":"Person","@id":"https:\/\/noticiaempauta.com\/portal\/#\/schema\/person\/a74af43dd1ab3deca45f988c717d57ac","name":"Reda\u00e7\u00e3o","image":{"@type":"ImageObject","inLanguage":"pt-BR","@id":"https:\/\/noticiaempauta.com\/portal\/#\/schema\/person\/image\/","url":"https:\/\/secure.gravatar.com\/avatar\/03179346ecce6cdfc13361603e8f54242a90e5cde8618fa23c5c00aa2b0aadf3?s=96&d=mm&r=g","contentUrl":"https:\/\/secure.gravatar.com\/avatar\/03179346ecce6cdfc13361603e8f54242a90e5cde8618fa23c5c00aa2b0aadf3?s=96&d=mm&r=g","caption":"Reda\u00e7\u00e3o"},"sameAs":["https:\/\/noticiaempauta.com\/portal\/"],"url":"https:\/\/noticiaempauta.com\/portal\/author\/fernando\/"}]}},"_links":{"self":[{"href":"https:\/\/noticiaempauta.com\/portal\/wp-json\/wp\/v2\/posts\/275238","targetHints":{"allow":["GET"]}}],"collection":[{"href":"https:\/\/noticiaempauta.com\/portal\/wp-json\/wp\/v2\/posts"}],"about":[{"href":"https:\/\/noticiaempauta.com\/portal\/wp-json\/wp\/v2\/types\/post"}],"author":[{"embeddable":true,"href":"https:\/\/noticiaempauta.com\/portal\/wp-json\/wp\/v2\/users\/2"}],"replies":[{"embeddable":true,"href":"https:\/\/noticiaempauta.com\/portal\/wp-json\/wp\/v2\/comments?post=275238"}],"version-history":[{"count":2,"href":"https:\/\/noticiaempauta.com\/portal\/wp-json\/wp\/v2\/posts\/275238\/revisions"}],"predecessor-version":[{"id":275245,"href":"https:\/\/noticiaempauta.com\/portal\/wp-json\/wp\/v2\/posts\/275238\/revisions\/275245"}],"wp:featuredmedia":[{"embeddable":true,"href":"https:\/\/noticiaempauta.com\/portal\/wp-json\/wp\/v2\/media\/275242"}],"wp:attachment":[{"href":"https:\/\/noticiaempauta.com\/portal\/wp-json\/wp\/v2\/media?parent=275238"}],"wp:term":[{"taxonomy":"category","embeddable":true,"href":"https:\/\/noticiaempauta.com\/portal\/wp-json\/wp\/v2\/categories?post=275238"},{"taxonomy":"post_tag","embeddable":true,"href":"https:\/\/noticiaempauta.com\/portal\/wp-json\/wp\/v2\/tags?post=275238"}],"curies":[{"name":"wp","href":"https:\/\/api.w.org\/{rel}","templated":true}]}}