{"id":275255,"date":"2025-07-15T15:59:46","date_gmt":"2025-07-15T18:59:46","guid":{"rendered":"https:\/\/noticiaempauta.com\/portal\/?p=275255"},"modified":"2025-07-15T15:59:46","modified_gmt":"2025-07-15T18:59:46","slug":"operadores-franceses-exploram-a-serra-da-capivara-durante-a-expedicao-famtour-experience-brasil","status":"publish","type":"post","link":"https:\/\/noticiaempauta.com\/portal\/operadores-franceses-exploram-a-serra-da-capivara-durante-a-expedicao-famtour-experience-brasil\/","title":{"rendered":"Operadores franceses exploram a Serra da Capivara durante a expedi\u00e7\u00e3o Famtour Experience Brasil"},"content":{"rendered":"\n<p>De 25 de julho a 1\u00ba de agosto, o Piau\u00ed ser\u00e1 um dos protagonistas de mais uma edi\u00e7\u00e3o do Famtour Experience Brasil.\u00a0A Serra da Capivara, no Piau\u00ed, e Petrolina (PE) foram os destinos escolhidos para receber a iniciativa, fruto de uma parceria entre a Embratur e o Sebrae Nacional, com o essencial apoio dos governos estaduais, incluindo o Governo do Piau\u00ed.<\/p>\n\n\n\n<figure class=\"wp-block-image size-large\"><img fetchpriority=\"high\" decoding=\"async\" width=\"1024\" height=\"677\" src=\"https:\/\/noticiaempauta.com\/portal\/wp-content\/uploads\/2025\/07\/img-9643-1752528650-1024x677.jpeg\" alt=\"\" class=\"wp-image-275257\" srcset=\"https:\/\/noticiaempauta.com\/portal\/wp-content\/uploads\/2025\/07\/img-9643-1752528650-1024x677.jpeg 1024w, https:\/\/noticiaempauta.com\/portal\/wp-content\/uploads\/2025\/07\/img-9643-1752528650-300x198.jpeg 300w, https:\/\/noticiaempauta.com\/portal\/wp-content\/uploads\/2025\/07\/img-9643-1752528650-768x508.jpeg 768w, https:\/\/noticiaempauta.com\/portal\/wp-content\/uploads\/2025\/07\/img-9643-1752528650.jpeg 1179w\" sizes=\"(max-width: 1024px) 100vw, 1024px\" \/><figcaption class=\"wp-element-caption\"><em>(Foto: Reprodu\u00e7\u00e3o)<\/em><\/figcaption><\/figure>\n\n\n\n<p>Voltada para operadores e agentes de viagens da Fran\u00e7a, um dos principais mercados emissores de turistas para o Brasil,\u00a0a a\u00e7\u00e3o tem como objetivo impulsionar a promo\u00e7\u00e3o internacional das experi\u00eancias aut\u00eanticas do pa\u00eds, destacando cultura, natureza, sustentabilidade e gastronomia.<\/p>\n\n\n\n<p>O roteiro come\u00e7a em Petrolina e segue para o Parque Nacional da Serra da Capivara, reconhecido pela Unesco como Patrim\u00f4nio Mundial da Humanidade. L\u00e1, os participantes ter\u00e3o uma imers\u00e3o em trilhas, visitas a s\u00edtios arqueol\u00f3gicos e contato direto com a cultura local. O circuito se encerra no Vale do S\u00e3o Francisco, com visitas a vin\u00edcolas e experi\u00eancias ligadas ao enoturismo.<\/p>\n\n\n\n<p>\u201cA Serra da Capivara \u00e9 um ativo de valor imensur\u00e1vel para o Piau\u00ed e para o mundo. Este famtour \u00e9 uma oportunidade estrat\u00e9gica para posicionarmos o estado no mercado internacional, mostrando nossa cultura, hist\u00f3ria e capacidade de acolher o mundo com autenticidade\u201d, destaca o secret\u00e1rio de Turismo do Piau\u00ed, Daniel Oliveira.<\/p>\n\n\n\n<h2 class=\"wp-block-heading\"><strong>Parceria estrat\u00e9gica pela internacionaliza\u00e7\u00e3o do turismo<\/strong><\/h2>\n\n\n\n<p>O Famtour Experience Brasil integra a estrat\u00e9gia de internacionaliza\u00e7\u00e3o do turismo brasileiro desenvolvida pela Embratur em parceria com o Sebrae Nacional, potencializando a gera\u00e7\u00e3o de neg\u00f3cios, o fortalecimento da cadeia tur\u00edstica local e o posicionamento do Brasil no mercado global.<\/p>\n\n\n\n<p>O mercado franc\u00eas ocupa a 6\u00aa posi\u00e7\u00e3o entre os emissores de turistas ao Brasil em 2024, com mais de 208 mil visitantes at\u00e9 novembro. O perfil desses turistas revela alto interesse por turismo cultural, de natureza e experi\u00eancias aut\u00eanticas, segmentos em que o Brasil se destaca.<\/p>\n\n\n\n<h2 class=\"wp-block-heading\"><strong>A a\u00e7\u00e3o busca:<\/strong><\/h2>\n\n\n\n<ul class=\"wp-block-list\">\n<li>Promover a comercializa\u00e7\u00e3o de experi\u00eancias brasileiras no exterior;<\/li>\n\n\n\n<li>Aproximar agentes de viagens dos destinos por meio de viv\u00eancias imersivas;<\/li>\n\n\n\n<li>Facilitar o contato com fornecedores locais;<\/li>\n\n\n\n<li>Ajustar e qualificar os produtos tur\u00edsticos para o mercado internacional.<\/li>\n<\/ul>\n\n\n\n<h2 class=\"wp-block-heading\"><strong>Da arte rupestre ao enoturismo nordestino<\/strong><\/h2>\n\n\n\n<p>No Piau\u00ed, o roteiro inclui trilhas como Desfiladeiro da Capivara, Boqueir\u00e3o da Pedra Furada, S\u00edtio do Meio, Serra Branca e Trilha do Hombu, al\u00e9m do espet\u00e1culo das andorinhas no c\u00e2nion. Os operadores ainda visitar\u00e3o o Museu do Homem Americano, a Cer\u00e2mica Serra da Capivara e o Instituto Olho d\u2019\u00c1gua, refer\u00eancias na preserva\u00e7\u00e3o do patrim\u00f4nio e no desenvolvimento sustent\u00e1vel.<\/p>\n\n\n\n<p>Em Petrolina, a comitiva ter\u00e1 experi\u00eancias enotur\u00edsticas na Rota dos Vinhos do Vale do S\u00e3o Francisco, incluindo visitas \u00e0s vin\u00edcolas Rio Sol e Villa Garziera, com destaque para a gastronomia e a cultura local.<\/p>\n\n\n\n<p>O Famtour Experience Brasil refor\u00e7a a atua\u00e7\u00e3o conjunta da Embratur e do Sebrae Nacional na promo\u00e7\u00e3o de destinos brasileiros, fortalecendo o turismo como vetor de desenvolvimento econ\u00f4mico, cultural e social.<\/p>\n\n\n\n<p><em>Fonte: Portal A10+<\/em><\/p>\n","protected":false},"excerpt":{"rendered":"<p>De 25 de julho a 1\u00ba de agosto, o Piau\u00ed ser\u00e1 um dos protagonistas de mais uma edi\u00e7\u00e3o do Famtour Experience Brasil.\u00a0A Serra da Capivara, no Piau\u00ed, e Petrolina (PE) foram os destinos escolhidos para receber a iniciativa, fruto de uma parceria entre a Embratur e o Sebrae Nacional, com o essencial apoio dos governos [&hellip;]<\/p>\n","protected":false},"author":2,"featured_media":275257,"comment_status":"open","ping_status":"open","sticky":false,"template":"","format":"standard","meta":{"_mi_skip_tracking":false,"footnotes":""},"categories":[25,1,137,16],"tags":[192],"class_list":["post-275255","post","type-post","status-publish","format-standard","has-post-thumbnail","hentry","category-destaques-site","category-geral","category-policia","category-todas","tag-destaqueprincipal"],"acf":[],"yoast_head":"<!-- This site is optimized with the Yoast SEO Premium plugin v19.2 (Yoast SEO v26.9) - https:\/\/yoast.com\/product\/yoast-seo-premium-wordpress\/ -->\n<title>Operadores franceses exploram a Serra da Capivara durante a expedi\u00e7\u00e3o Famtour Experience Brasil - Portal Not\u00edcia em Pauta<\/title>\n<meta name=\"robots\" content=\"index, follow, max-snippet:-1, max-image-preview:large, max-video-preview:-1\" \/>\n<link rel=\"canonical\" href=\"https:\/\/noticiaempauta.com\/portal\/operadores-franceses-exploram-a-serra-da-capivara-durante-a-expedicao-famtour-experience-brasil\/\" \/>\n<meta property=\"og:locale\" content=\"pt_BR\" \/>\n<meta property=\"og:type\" content=\"article\" \/>\n<meta property=\"og:title\" content=\"Operadores franceses exploram a Serra da Capivara durante a expedi\u00e7\u00e3o Famtour Experience Brasil\" \/>\n<meta property=\"og:description\" content=\"De 25 de julho a 1\u00ba de agosto, o Piau\u00ed ser\u00e1 um dos protagonistas de mais uma edi\u00e7\u00e3o do Famtour Experience Brasil.\u00a0A Serra da Capivara, no Piau\u00ed, e Petrolina (PE) foram os destinos escolhidos para receber a iniciativa, fruto de uma parceria entre a Embratur e o Sebrae Nacional, com o essencial apoio dos governos [&hellip;]\" \/>\n<meta property=\"og:url\" content=\"https:\/\/noticiaempauta.com\/portal\/operadores-franceses-exploram-a-serra-da-capivara-durante-a-expedicao-famtour-experience-brasil\/\" \/>\n<meta property=\"og:site_name\" content=\"Portal Not\u00edcia em Pauta\" \/>\n<meta property=\"article:publisher\" content=\"https:\/\/www.facebook.com\/Portal-Notcia-Em-Pauta-102292869264820\/\" \/>\n<meta property=\"article:published_time\" content=\"2025-07-15T18:59:46+00:00\" \/>\n<meta property=\"og:image\" content=\"https:\/\/noticiaempauta.com\/portal\/wp-content\/uploads\/2025\/07\/img-9643-1752528650.jpeg\" \/>\n\t<meta property=\"og:image:width\" content=\"1179\" \/>\n\t<meta property=\"og:image:height\" content=\"780\" \/>\n\t<meta property=\"og:image:type\" content=\"image\/jpeg\" \/>\n<meta name=\"author\" content=\"Reda\u00e7\u00e3o\" \/>\n<meta name=\"twitter:card\" content=\"summary_large_image\" \/>\n<meta name=\"twitter:label1\" content=\"Escrito por\" \/>\n\t<meta name=\"twitter:data1\" content=\"Reda\u00e7\u00e3o\" \/>\n\t<meta name=\"twitter:label2\" content=\"Est. tempo de leitura\" \/>\n\t<meta name=\"twitter:data2\" content=\"4 minutos\" \/>\n<script type=\"application\/ld+json\" class=\"yoast-schema-graph\">{\"@context\":\"https:\/\/schema.org\",\"@graph\":[{\"@type\":\"Article\",\"@id\":\"https:\/\/noticiaempauta.com\/portal\/operadores-franceses-exploram-a-serra-da-capivara-durante-a-expedicao-famtour-experience-brasil\/#article\",\"isPartOf\":{\"@id\":\"https:\/\/noticiaempauta.com\/portal\/operadores-franceses-exploram-a-serra-da-capivara-durante-a-expedicao-famtour-experience-brasil\/\"},\"author\":{\"name\":\"Reda\u00e7\u00e3o\",\"@id\":\"https:\/\/noticiaempauta.com\/portal\/#\/schema\/person\/a74af43dd1ab3deca45f988c717d57ac\"},\"headline\":\"Operadores franceses exploram a Serra da Capivara durante a expedi\u00e7\u00e3o Famtour Experience Brasil\",\"datePublished\":\"2025-07-15T18:59:46+00:00\",\"mainEntityOfPage\":{\"@id\":\"https:\/\/noticiaempauta.com\/portal\/operadores-franceses-exploram-a-serra-da-capivara-durante-a-expedicao-famtour-experience-brasil\/\"},\"wordCount\":539,\"commentCount\":0,\"publisher\":{\"@id\":\"https:\/\/noticiaempauta.com\/portal\/#organization\"},\"image\":{\"@id\":\"https:\/\/noticiaempauta.com\/portal\/operadores-franceses-exploram-a-serra-da-capivara-durante-a-expedicao-famtour-experience-brasil\/#primaryimage\"},\"thumbnailUrl\":\"https:\/\/noticiaempauta.com\/portal\/wp-content\/uploads\/2025\/07\/img-9643-1752528650.jpeg\",\"keywords\":[\"destaqueprincipal\"],\"articleSection\":[\"Destaques\",\"Geral\",\"Pol\u00edcia\",\"Todas as Not\u00edcias\"],\"inLanguage\":\"pt-BR\",\"potentialAction\":[{\"@type\":\"CommentAction\",\"name\":\"Comment\",\"target\":[\"https:\/\/noticiaempauta.com\/portal\/operadores-franceses-exploram-a-serra-da-capivara-durante-a-expedicao-famtour-experience-brasil\/#respond\"]}]},{\"@type\":\"WebPage\",\"@id\":\"https:\/\/noticiaempauta.com\/portal\/operadores-franceses-exploram-a-serra-da-capivara-durante-a-expedicao-famtour-experience-brasil\/\",\"url\":\"https:\/\/noticiaempauta.com\/portal\/operadores-franceses-exploram-a-serra-da-capivara-durante-a-expedicao-famtour-experience-brasil\/\",\"name\":\"Operadores franceses exploram a Serra da Capivara durante a expedi\u00e7\u00e3o Famtour Experience Brasil - Portal Not\u00edcia em Pauta\",\"isPartOf\":{\"@id\":\"https:\/\/noticiaempauta.com\/portal\/#website\"},\"primaryImageOfPage\":{\"@id\":\"https:\/\/noticiaempauta.com\/portal\/operadores-franceses-exploram-a-serra-da-capivara-durante-a-expedicao-famtour-experience-brasil\/#primaryimage\"},\"image\":{\"@id\":\"https:\/\/noticiaempauta.com\/portal\/operadores-franceses-exploram-a-serra-da-capivara-durante-a-expedicao-famtour-experience-brasil\/#primaryimage\"},\"thumbnailUrl\":\"https:\/\/noticiaempauta.com\/portal\/wp-content\/uploads\/2025\/07\/img-9643-1752528650.jpeg\",\"datePublished\":\"2025-07-15T18:59:46+00:00\",\"breadcrumb\":{\"@id\":\"https:\/\/noticiaempauta.com\/portal\/operadores-franceses-exploram-a-serra-da-capivara-durante-a-expedicao-famtour-experience-brasil\/#breadcrumb\"},\"inLanguage\":\"pt-BR\",\"potentialAction\":[{\"@type\":\"ReadAction\",\"target\":[\"https:\/\/noticiaempauta.com\/portal\/operadores-franceses-exploram-a-serra-da-capivara-durante-a-expedicao-famtour-experience-brasil\/\"]}]},{\"@type\":\"ImageObject\",\"inLanguage\":\"pt-BR\",\"@id\":\"https:\/\/noticiaempauta.com\/portal\/operadores-franceses-exploram-a-serra-da-capivara-durante-a-expedicao-famtour-experience-brasil\/#primaryimage\",\"url\":\"https:\/\/noticiaempauta.com\/portal\/wp-content\/uploads\/2025\/07\/img-9643-1752528650.jpeg\",\"contentUrl\":\"https:\/\/noticiaempauta.com\/portal\/wp-content\/uploads\/2025\/07\/img-9643-1752528650.jpeg\",\"width\":1179,\"height\":780},{\"@type\":\"BreadcrumbList\",\"@id\":\"https:\/\/noticiaempauta.com\/portal\/operadores-franceses-exploram-a-serra-da-capivara-durante-a-expedicao-famtour-experience-brasil\/#breadcrumb\",\"itemListElement\":[{\"@type\":\"ListItem\",\"position\":1,\"name\":\"P\u00e1gina Inicial\",\"item\":\"https:\/\/noticiaempauta.com\/portal\/\"},{\"@type\":\"ListItem\",\"position\":2,\"name\":\"Destaques\",\"item\":\"https:\/\/noticiaempauta.com\/portal\/destaques-site\/\"},{\"@type\":\"ListItem\",\"position\":3,\"name\":\"Operadores franceses exploram a Serra da Capivara durante a expedi\u00e7\u00e3o Famtour Experience Brasil\"}]},{\"@type\":\"WebSite\",\"@id\":\"https:\/\/noticiaempauta.com\/portal\/#website\",\"url\":\"https:\/\/noticiaempauta.com\/portal\/\",\"name\":\"Portal Not\u00edcia em Pauta\",\"description\":\"Voc\u00ea bem informado\",\"publisher\":{\"@id\":\"https:\/\/noticiaempauta.com\/portal\/#organization\"},\"potentialAction\":[{\"@type\":\"SearchAction\",\"target\":{\"@type\":\"EntryPoint\",\"urlTemplate\":\"https:\/\/noticiaempauta.com\/portal\/?s={search_term_string}\"},\"query-input\":{\"@type\":\"PropertyValueSpecification\",\"valueRequired\":true,\"valueName\":\"search_term_string\"}}],\"inLanguage\":\"pt-BR\"},{\"@type\":\"Organization\",\"@id\":\"https:\/\/noticiaempauta.com\/portal\/#organization\",\"name\":\"Portal Not\u00edcia em Pauta\",\"url\":\"https:\/\/noticiaempauta.com\/portal\/\",\"logo\":{\"@type\":\"ImageObject\",\"inLanguage\":\"pt-BR\",\"@id\":\"https:\/\/noticiaempauta.com\/portal\/#\/schema\/logo\/image\/\",\"url\":\"https:\/\/noticiaempauta.com\/portal\/wp-content\/uploads\/2022\/08\/logomarca_tema.fw_.png\",\"contentUrl\":\"https:\/\/noticiaempauta.com\/portal\/wp-content\/uploads\/2022\/08\/logomarca_tema.fw_.png\",\"width\":400,\"height\":232,\"caption\":\"Portal Not\u00edcia em Pauta\"},\"image\":{\"@id\":\"https:\/\/noticiaempauta.com\/portal\/#\/schema\/logo\/image\/\"},\"sameAs\":[\"https:\/\/www.facebook.com\/Portal-Notcia-Em-Pauta-102292869264820\/\",\"https:\/\/www.instagram.com\/portalnoticiaempauta\/\"]},{\"@type\":\"Person\",\"@id\":\"https:\/\/noticiaempauta.com\/portal\/#\/schema\/person\/a74af43dd1ab3deca45f988c717d57ac\",\"name\":\"Reda\u00e7\u00e3o\",\"image\":{\"@type\":\"ImageObject\",\"inLanguage\":\"pt-BR\",\"@id\":\"https:\/\/noticiaempauta.com\/portal\/#\/schema\/person\/image\/\",\"url\":\"https:\/\/secure.gravatar.com\/avatar\/03179346ecce6cdfc13361603e8f54242a90e5cde8618fa23c5c00aa2b0aadf3?s=96&d=mm&r=g\",\"contentUrl\":\"https:\/\/secure.gravatar.com\/avatar\/03179346ecce6cdfc13361603e8f54242a90e5cde8618fa23c5c00aa2b0aadf3?s=96&d=mm&r=g\",\"caption\":\"Reda\u00e7\u00e3o\"},\"sameAs\":[\"https:\/\/noticiaempauta.com\/portal\/\"],\"url\":\"https:\/\/noticiaempauta.com\/portal\/author\/fernando\/\"}]}<\/script>\n<!-- \/ Yoast SEO Premium plugin. -->","yoast_head_json":{"title":"Operadores franceses exploram a Serra da Capivara durante a expedi\u00e7\u00e3o Famtour Experience Brasil - Portal Not\u00edcia em Pauta","robots":{"index":"index","follow":"follow","max-snippet":"max-snippet:-1","max-image-preview":"max-image-preview:large","max-video-preview":"max-video-preview:-1"},"canonical":"https:\/\/noticiaempauta.com\/portal\/operadores-franceses-exploram-a-serra-da-capivara-durante-a-expedicao-famtour-experience-brasil\/","og_locale":"pt_BR","og_type":"article","og_title":"Operadores franceses exploram a Serra da Capivara durante a expedi\u00e7\u00e3o Famtour Experience Brasil","og_description":"De 25 de julho a 1\u00ba de agosto, o Piau\u00ed ser\u00e1 um dos protagonistas de mais uma edi\u00e7\u00e3o do Famtour Experience Brasil.\u00a0A Serra da Capivara, no Piau\u00ed, e Petrolina (PE) foram os destinos escolhidos para receber a iniciativa, fruto de uma parceria entre a Embratur e o Sebrae Nacional, com o essencial apoio dos governos [&hellip;]","og_url":"https:\/\/noticiaempauta.com\/portal\/operadores-franceses-exploram-a-serra-da-capivara-durante-a-expedicao-famtour-experience-brasil\/","og_site_name":"Portal Not\u00edcia em Pauta","article_publisher":"https:\/\/www.facebook.com\/Portal-Notcia-Em-Pauta-102292869264820\/","article_published_time":"2025-07-15T18:59:46+00:00","og_image":[{"width":1179,"height":780,"url":"https:\/\/noticiaempauta.com\/portal\/wp-content\/uploads\/2025\/07\/img-9643-1752528650.jpeg","type":"image\/jpeg"}],"author":"Reda\u00e7\u00e3o","twitter_card":"summary_large_image","twitter_misc":{"Escrito por":"Reda\u00e7\u00e3o","Est. tempo de leitura":"4 minutos"},"schema":{"@context":"https:\/\/schema.org","@graph":[{"@type":"Article","@id":"https:\/\/noticiaempauta.com\/portal\/operadores-franceses-exploram-a-serra-da-capivara-durante-a-expedicao-famtour-experience-brasil\/#article","isPartOf":{"@id":"https:\/\/noticiaempauta.com\/portal\/operadores-franceses-exploram-a-serra-da-capivara-durante-a-expedicao-famtour-experience-brasil\/"},"author":{"name":"Reda\u00e7\u00e3o","@id":"https:\/\/noticiaempauta.com\/portal\/#\/schema\/person\/a74af43dd1ab3deca45f988c717d57ac"},"headline":"Operadores franceses exploram a Serra da Capivara durante a expedi\u00e7\u00e3o Famtour Experience Brasil","datePublished":"2025-07-15T18:59:46+00:00","mainEntityOfPage":{"@id":"https:\/\/noticiaempauta.com\/portal\/operadores-franceses-exploram-a-serra-da-capivara-durante-a-expedicao-famtour-experience-brasil\/"},"wordCount":539,"commentCount":0,"publisher":{"@id":"https:\/\/noticiaempauta.com\/portal\/#organization"},"image":{"@id":"https:\/\/noticiaempauta.com\/portal\/operadores-franceses-exploram-a-serra-da-capivara-durante-a-expedicao-famtour-experience-brasil\/#primaryimage"},"thumbnailUrl":"https:\/\/noticiaempauta.com\/portal\/wp-content\/uploads\/2025\/07\/img-9643-1752528650.jpeg","keywords":["destaqueprincipal"],"articleSection":["Destaques","Geral","Pol\u00edcia","Todas as Not\u00edcias"],"inLanguage":"pt-BR","potentialAction":[{"@type":"CommentAction","name":"Comment","target":["https:\/\/noticiaempauta.com\/portal\/operadores-franceses-exploram-a-serra-da-capivara-durante-a-expedicao-famtour-experience-brasil\/#respond"]}]},{"@type":"WebPage","@id":"https:\/\/noticiaempauta.com\/portal\/operadores-franceses-exploram-a-serra-da-capivara-durante-a-expedicao-famtour-experience-brasil\/","url":"https:\/\/noticiaempauta.com\/portal\/operadores-franceses-exploram-a-serra-da-capivara-durante-a-expedicao-famtour-experience-brasil\/","name":"Operadores franceses exploram a Serra da Capivara durante a expedi\u00e7\u00e3o Famtour Experience Brasil - Portal Not\u00edcia em Pauta","isPartOf":{"@id":"https:\/\/noticiaempauta.com\/portal\/#website"},"primaryImageOfPage":{"@id":"https:\/\/noticiaempauta.com\/portal\/operadores-franceses-exploram-a-serra-da-capivara-durante-a-expedicao-famtour-experience-brasil\/#primaryimage"},"image":{"@id":"https:\/\/noticiaempauta.com\/portal\/operadores-franceses-exploram-a-serra-da-capivara-durante-a-expedicao-famtour-experience-brasil\/#primaryimage"},"thumbnailUrl":"https:\/\/noticiaempauta.com\/portal\/wp-content\/uploads\/2025\/07\/img-9643-1752528650.jpeg","datePublished":"2025-07-15T18:59:46+00:00","breadcrumb":{"@id":"https:\/\/noticiaempauta.com\/portal\/operadores-franceses-exploram-a-serra-da-capivara-durante-a-expedicao-famtour-experience-brasil\/#breadcrumb"},"inLanguage":"pt-BR","potentialAction":[{"@type":"ReadAction","target":["https:\/\/noticiaempauta.com\/portal\/operadores-franceses-exploram-a-serra-da-capivara-durante-a-expedicao-famtour-experience-brasil\/"]}]},{"@type":"ImageObject","inLanguage":"pt-BR","@id":"https:\/\/noticiaempauta.com\/portal\/operadores-franceses-exploram-a-serra-da-capivara-durante-a-expedicao-famtour-experience-brasil\/#primaryimage","url":"https:\/\/noticiaempauta.com\/portal\/wp-content\/uploads\/2025\/07\/img-9643-1752528650.jpeg","contentUrl":"https:\/\/noticiaempauta.com\/portal\/wp-content\/uploads\/2025\/07\/img-9643-1752528650.jpeg","width":1179,"height":780},{"@type":"BreadcrumbList","@id":"https:\/\/noticiaempauta.com\/portal\/operadores-franceses-exploram-a-serra-da-capivara-durante-a-expedicao-famtour-experience-brasil\/#breadcrumb","itemListElement":[{"@type":"ListItem","position":1,"name":"P\u00e1gina Inicial","item":"https:\/\/noticiaempauta.com\/portal\/"},{"@type":"ListItem","position":2,"name":"Destaques","item":"https:\/\/noticiaempauta.com\/portal\/destaques-site\/"},{"@type":"ListItem","position":3,"name":"Operadores franceses exploram a Serra da Capivara durante a expedi\u00e7\u00e3o Famtour Experience Brasil"}]},{"@type":"WebSite","@id":"https:\/\/noticiaempauta.com\/portal\/#website","url":"https:\/\/noticiaempauta.com\/portal\/","name":"Portal Not\u00edcia em Pauta","description":"Voc\u00ea bem informado","publisher":{"@id":"https:\/\/noticiaempauta.com\/portal\/#organization"},"potentialAction":[{"@type":"SearchAction","target":{"@type":"EntryPoint","urlTemplate":"https:\/\/noticiaempauta.com\/portal\/?s={search_term_string}"},"query-input":{"@type":"PropertyValueSpecification","valueRequired":true,"valueName":"search_term_string"}}],"inLanguage":"pt-BR"},{"@type":"Organization","@id":"https:\/\/noticiaempauta.com\/portal\/#organization","name":"Portal Not\u00edcia em Pauta","url":"https:\/\/noticiaempauta.com\/portal\/","logo":{"@type":"ImageObject","inLanguage":"pt-BR","@id":"https:\/\/noticiaempauta.com\/portal\/#\/schema\/logo\/image\/","url":"https:\/\/noticiaempauta.com\/portal\/wp-content\/uploads\/2022\/08\/logomarca_tema.fw_.png","contentUrl":"https:\/\/noticiaempauta.com\/portal\/wp-content\/uploads\/2022\/08\/logomarca_tema.fw_.png","width":400,"height":232,"caption":"Portal Not\u00edcia em Pauta"},"image":{"@id":"https:\/\/noticiaempauta.com\/portal\/#\/schema\/logo\/image\/"},"sameAs":["https:\/\/www.facebook.com\/Portal-Notcia-Em-Pauta-102292869264820\/","https:\/\/www.instagram.com\/portalnoticiaempauta\/"]},{"@type":"Person","@id":"https:\/\/noticiaempauta.com\/portal\/#\/schema\/person\/a74af43dd1ab3deca45f988c717d57ac","name":"Reda\u00e7\u00e3o","image":{"@type":"ImageObject","inLanguage":"pt-BR","@id":"https:\/\/noticiaempauta.com\/portal\/#\/schema\/person\/image\/","url":"https:\/\/secure.gravatar.com\/avatar\/03179346ecce6cdfc13361603e8f54242a90e5cde8618fa23c5c00aa2b0aadf3?s=96&d=mm&r=g","contentUrl":"https:\/\/secure.gravatar.com\/avatar\/03179346ecce6cdfc13361603e8f54242a90e5cde8618fa23c5c00aa2b0aadf3?s=96&d=mm&r=g","caption":"Reda\u00e7\u00e3o"},"sameAs":["https:\/\/noticiaempauta.com\/portal\/"],"url":"https:\/\/noticiaempauta.com\/portal\/author\/fernando\/"}]}},"_links":{"self":[{"href":"https:\/\/noticiaempauta.com\/portal\/wp-json\/wp\/v2\/posts\/275255","targetHints":{"allow":["GET"]}}],"collection":[{"href":"https:\/\/noticiaempauta.com\/portal\/wp-json\/wp\/v2\/posts"}],"about":[{"href":"https:\/\/noticiaempauta.com\/portal\/wp-json\/wp\/v2\/types\/post"}],"author":[{"embeddable":true,"href":"https:\/\/noticiaempauta.com\/portal\/wp-json\/wp\/v2\/users\/2"}],"replies":[{"embeddable":true,"href":"https:\/\/noticiaempauta.com\/portal\/wp-json\/wp\/v2\/comments?post=275255"}],"version-history":[{"count":2,"href":"https:\/\/noticiaempauta.com\/portal\/wp-json\/wp\/v2\/posts\/275255\/revisions"}],"predecessor-version":[{"id":275259,"href":"https:\/\/noticiaempauta.com\/portal\/wp-json\/wp\/v2\/posts\/275255\/revisions\/275259"}],"wp:featuredmedia":[{"embeddable":true,"href":"https:\/\/noticiaempauta.com\/portal\/wp-json\/wp\/v2\/media\/275257"}],"wp:attachment":[{"href":"https:\/\/noticiaempauta.com\/portal\/wp-json\/wp\/v2\/media?parent=275255"}],"wp:term":[{"taxonomy":"category","embeddable":true,"href":"https:\/\/noticiaempauta.com\/portal\/wp-json\/wp\/v2\/categories?post=275255"},{"taxonomy":"post_tag","embeddable":true,"href":"https:\/\/noticiaempauta.com\/portal\/wp-json\/wp\/v2\/tags?post=275255"}],"curies":[{"name":"wp","href":"https:\/\/api.w.org\/{rel}","templated":true}]}}