{"id":275511,"date":"2025-07-19T06:40:47","date_gmt":"2025-07-19T09:40:47","guid":{"rendered":"https:\/\/noticiaempauta.com\/portal\/?p=275511"},"modified":"2025-07-19T06:40:48","modified_gmt":"2025-07-19T09:40:48","slug":"parceria-entre-as-secretarias-de-educacao-de-esportes-projeto-semear-e-3o-bec-prepara-alunos-que-participarao-da-etapa-estadual-do-jepis","status":"publish","type":"post","link":"https:\/\/noticiaempauta.com\/portal\/parceria-entre-as-secretarias-de-educacao-de-esportes-projeto-semear-e-3o-bec-prepara-alunos-que-participarao-da-etapa-estadual-do-jepis\/","title":{"rendered":"Parceria entre as secretarias de Educa\u00e7\u00e3o, de Esportes, Projeto Semear e 3\u00ba BEC prepara alunos que participar\u00e3o da etapa Estadual do JEPI\u2019S"},"content":{"rendered":"\n<p>Entre os dias 04 a 17 de agosto acontecer\u00e1, em Teresina, a Etapa Estadual dos Jogos Escolares Piauienses (JEPI\u2019S).<\/p>\n\n\n\n<figure class=\"wp-block-image size-full\"><img fetchpriority=\"high\" decoding=\"async\" width=\"640\" height=\"427\" src=\"https:\/\/noticiaempauta.com\/portal\/wp-content\/uploads\/2025\/07\/IMG_5947.jpeg\" alt=\"\" class=\"wp-image-275512\" srcset=\"https:\/\/noticiaempauta.com\/portal\/wp-content\/uploads\/2025\/07\/IMG_5947.jpeg 640w, https:\/\/noticiaempauta.com\/portal\/wp-content\/uploads\/2025\/07\/IMG_5947-300x200.jpeg 300w\" sizes=\"(max-width: 640px) 100vw, 640px\" \/><\/figure>\n\n\n\n<p>Visando melhorar o desempenho dos atletas das escolas municipais de Picos que competir\u00e3o nas provas individuais de atletismo, as Secretarias Municipais de Educa\u00e7\u00e3o e Esportes e Lazer celebraram uma parceria com o Projeto Semear de Atletismo e o 3\u00ba BEC (Batalh\u00e3o de Engenharia de Constru\u00e7\u00e3o).<\/p>\n\n\n\n<figure class=\"wp-block-image size-full\"><img decoding=\"async\" width=\"640\" height=\"427\" src=\"https:\/\/noticiaempauta.com\/portal\/wp-content\/uploads\/2025\/07\/IMG_5948.jpeg\" alt=\"\" class=\"wp-image-275513\" srcset=\"https:\/\/noticiaempauta.com\/portal\/wp-content\/uploads\/2025\/07\/IMG_5948.jpeg 640w, https:\/\/noticiaempauta.com\/portal\/wp-content\/uploads\/2025\/07\/IMG_5948-300x200.jpeg 300w\" sizes=\"(max-width: 640px) 100vw, 640px\" \/><\/figure>\n\n\n\n<p>Nessa parceria o Projeto Semear disponibilizou monitores para treinarem os atletas, enquanto o 3\u00ba BEC cedeu o local onde est\u00e3o sendo realizados os treinamentos, que tiveram in\u00edcio nesta sexta-feira (18).<\/p>\n\n\n\n<figure class=\"wp-block-image size-full\"><img decoding=\"async\" width=\"640\" height=\"427\" src=\"https:\/\/noticiaempauta.com\/portal\/wp-content\/uploads\/2025\/07\/IMG_5949.jpeg\" alt=\"\" class=\"wp-image-275514\" srcset=\"https:\/\/noticiaempauta.com\/portal\/wp-content\/uploads\/2025\/07\/IMG_5949.jpeg 640w, https:\/\/noticiaempauta.com\/portal\/wp-content\/uploads\/2025\/07\/IMG_5949-300x200.jpeg 300w\" sizes=\"(max-width: 640px) 100vw, 640px\" \/><\/figure>\n\n\n\n<p>O atleta de provas de 10.000 metros e monitor do Projeto Semear, Elias Gomes, explicou que durante esses treinamentos tem repassado para os estudantes, que participar\u00e3o do JEPI\u2019S, as regras de cada prova, al\u00e9m de t\u00e9cnicas de posicionamento, postura e fortalecimento corporal, tanto em rela\u00e7\u00e3o ao momento da largada como no decorrer da prova at\u00e9 a linha de chegada.<\/p>\n\n\n\n<figure class=\"wp-block-image size-full\"><img loading=\"lazy\" decoding=\"async\" width=\"640\" height=\"427\" src=\"https:\/\/noticiaempauta.com\/portal\/wp-content\/uploads\/2025\/07\/IMG_5951.jpeg\" alt=\"\" class=\"wp-image-275515\" srcset=\"https:\/\/noticiaempauta.com\/portal\/wp-content\/uploads\/2025\/07\/IMG_5951.jpeg 640w, https:\/\/noticiaempauta.com\/portal\/wp-content\/uploads\/2025\/07\/IMG_5951-300x200.jpeg 300w\" sizes=\"(max-width: 640px) 100vw, 640px\" \/><\/figure>\n\n\n\n<p>\u00a0\u201c\u00c9 muito importante passar essas t\u00e9cnicas para eles porque talentos eles t\u00eam, mas eles precisam de conhecimento das t\u00e9cnicas e a gente trazendo um pouco do conhecimento que a gente tem eles v\u00e3o evoluir cada vez mais, pois t\u00eam muitos bons s\u00f3 precisam encaixar o conhecimento\u201d, pontuou a monitora do Projeto Semear e atleta de maratona, Yara Carla.<\/p>\n\n\n\n<figure class=\"wp-block-image size-full\"><img loading=\"lazy\" decoding=\"async\" width=\"640\" height=\"427\" src=\"https:\/\/noticiaempauta.com\/portal\/wp-content\/uploads\/2025\/07\/IMG_5952.jpeg\" alt=\"\" class=\"wp-image-275516\" srcset=\"https:\/\/noticiaempauta.com\/portal\/wp-content\/uploads\/2025\/07\/IMG_5952.jpeg 640w, https:\/\/noticiaempauta.com\/portal\/wp-content\/uploads\/2025\/07\/IMG_5952-300x200.jpeg 300w\" sizes=\"(max-width: 640px) 100vw, 640px\" \/><\/figure>\n\n\n\n<p>\u201c Qualquer detalhezinho que eles melhorarem, l\u00e1 no dia da competi\u00e7\u00e3o eles v\u00e3o conseguir saltar cent\u00edmetros a mais, melhorar a corrida e isso \u00e9 muito importante para melhorar o desempenho\u201d, completou o atletas de salto em dist\u00e2ncia e salto triplo, campe\u00e3o Norte\/ Nordeste no ano de 2024 na categoria Sub-23, e monitor do Projeto Semear, Elielson Silva.<\/p>\n\n\n\n<figure class=\"wp-block-image size-full\"><img loading=\"lazy\" decoding=\"async\" width=\"640\" height=\"427\" src=\"https:\/\/noticiaempauta.com\/portal\/wp-content\/uploads\/2025\/07\/IMG_5953.jpeg\" alt=\"\" class=\"wp-image-275517\" srcset=\"https:\/\/noticiaempauta.com\/portal\/wp-content\/uploads\/2025\/07\/IMG_5953.jpeg 640w, https:\/\/noticiaempauta.com\/portal\/wp-content\/uploads\/2025\/07\/IMG_5953-300x200.jpeg 300w\" sizes=\"(max-width: 640px) 100vw, 640px\" \/><\/figure>\n\n\n\n<p>Para o estudante, Emerson Victor, de 15 anos, que competir\u00e1 na prova de salto triplo, os treinamentos com os monitores do Projeto Semear servem para os atletas terem uma postura corporal adequada no decorrer das provas, o que na opini\u00e3o dele implicar\u00e1 em um desempenho e um resultado mais satisfat\u00f3rios.<\/p>\n\n\n\n<p>\u201cA minha expectativa \u00e9 melhorar minha marca e ser medalhista\u201d, projetou Emerson.<\/p>\n\n\n\n<p>Est\u00e3o participando dos treinamentos na pista de atletismo e na caixa de areia do 3\u00ba BEC, os atletas das Escolas Municipais Ant\u00f4nio Marques (Aroeira do Matadouro), C\u00edvico-Militar (Parque de Exposi\u00e7\u00e3o), Heli Nunes (Pantanal), Nossa Senhora dos Rem\u00e9dios (Torr\u00f5es) e Ot\u00edlia Neiva (Centro).<\/p>\n\n\n\n<figure class=\"wp-block-image size-full\"><img loading=\"lazy\" decoding=\"async\" width=\"640\" height=\"427\" src=\"https:\/\/noticiaempauta.com\/portal\/wp-content\/uploads\/2025\/07\/IMG_5954.jpeg\" alt=\"\" class=\"wp-image-275518\" srcset=\"https:\/\/noticiaempauta.com\/portal\/wp-content\/uploads\/2025\/07\/IMG_5954.jpeg 640w, https:\/\/noticiaempauta.com\/portal\/wp-content\/uploads\/2025\/07\/IMG_5954-300x200.jpeg 300w\" sizes=\"(max-width: 640px) 100vw, 640px\" \/><\/figure>\n\n\n\n<p>\u201cN\u00f3s tivemos 20 atletas que ficaram classificados para Etapa Estadual e \u00e9 a primeira vez que eles v\u00e3o com todo apoio e o suporte porque a gente acredita, investe e sabe do potencial desses meninos e com grandes chances de trazerem medalhas e eles t\u00eam toda possibilidade de partirem rumo a etapa nacional dos Jogos Escolares\u201d, destacou a secret\u00e1ria de Educa\u00e7\u00e3o, Mary Dantas.<\/p>\n\n\n\n<figure class=\"wp-block-image size-full\"><img loading=\"lazy\" decoding=\"async\" width=\"640\" height=\"427\" src=\"https:\/\/noticiaempauta.com\/portal\/wp-content\/uploads\/2025\/07\/IMG_5948-1.jpeg\" alt=\"\" class=\"wp-image-275519\" srcset=\"https:\/\/noticiaempauta.com\/portal\/wp-content\/uploads\/2025\/07\/IMG_5948-1.jpeg 640w, https:\/\/noticiaempauta.com\/portal\/wp-content\/uploads\/2025\/07\/IMG_5948-1-300x200.jpeg 300w\" sizes=\"(max-width: 640px) 100vw, 640px\" \/><\/figure>\n\n\n\n<p>Esses 20 atletas das escolas municipais de Picos, que participar\u00e3o da Etapa Estadual do JEPI\u2019S, competir\u00e3o nas provas de velocidade, de resist\u00eancia, salto em dist\u00e2ncia, salto triplo, salto em altura, arremessos do martelo e arremesso de peso.<\/p>\n\n\n\n<figure class=\"wp-block-image size-full\"><img loading=\"lazy\" decoding=\"async\" width=\"640\" height=\"427\" src=\"https:\/\/noticiaempauta.com\/portal\/wp-content\/uploads\/2025\/07\/IMG_5955.jpeg\" alt=\"\" class=\"wp-image-275520\" srcset=\"https:\/\/noticiaempauta.com\/portal\/wp-content\/uploads\/2025\/07\/IMG_5955.jpeg 640w, https:\/\/noticiaempauta.com\/portal\/wp-content\/uploads\/2025\/07\/IMG_5955-300x200.jpeg 300w\" sizes=\"(max-width: 640px) 100vw, 640px\" \/><\/figure>\n\n\n\n<p>\u201cEsses treinamentos eles ter\u00e3o continuidade at\u00e9 os dias pr\u00f3ximos as provas para que os atletas possam melhor se preparar, se condicionar, e no dia das provas colherem resultados positivos, fruto do treinamento, fruto da dedica\u00e7\u00e3o, da disciplina e dessa vontade, desse desejo deles praticarem essa modalidade\u201d, finalizou a secret\u00e1ria de Esportes e Lazer, Layana Rufino.<\/p>\n","protected":false},"excerpt":{"rendered":"<p>Entre os dias 04 a 17 de agosto acontecer\u00e1, em Teresina, a Etapa Estadual dos Jogos Escolares Piauienses (JEPI\u2019S). Visando melhorar o desempenho dos atletas das escolas municipais de Picos que competir\u00e3o nas provas individuais de atletismo, as Secretarias Municipais de Educa\u00e7\u00e3o e Esportes e Lazer celebraram uma parceria com o Projeto Semear de Atletismo [&hellip;]<\/p>\n","protected":false},"author":2,"featured_media":275512,"comment_status":"open","ping_status":"open","sticky":false,"template":"","format":"standard","meta":{"_mi_skip_tracking":false,"footnotes":""},"categories":[25,26,1,16],"tags":[],"class_list":["post-275511","post","type-post","status-publish","format-standard","has-post-thumbnail","hentry","category-destaques-site","category-esporte","category-geral","category-todas"],"acf":[],"yoast_head":"<!-- This site is optimized with the Yoast SEO Premium plugin v19.2 (Yoast SEO v26.9) - https:\/\/yoast.com\/product\/yoast-seo-premium-wordpress\/ -->\n<title>Parceria entre as secretarias de Educa\u00e7\u00e3o, de Esportes, Projeto Semear e 3\u00ba BEC prepara alunos que participar\u00e3o da etapa Estadual do JEPI\u2019S - Portal Not\u00edcia em Pauta<\/title>\n<meta name=\"robots\" content=\"index, follow, max-snippet:-1, max-image-preview:large, max-video-preview:-1\" \/>\n<link rel=\"canonical\" href=\"https:\/\/noticiaempauta.com\/portal\/parceria-entre-as-secretarias-de-educacao-de-esportes-projeto-semear-e-3o-bec-prepara-alunos-que-participarao-da-etapa-estadual-do-jepis\/\" \/>\n<meta property=\"og:locale\" content=\"pt_BR\" \/>\n<meta property=\"og:type\" content=\"article\" \/>\n<meta property=\"og:title\" content=\"Parceria entre as secretarias de Educa\u00e7\u00e3o, de Esportes, Projeto Semear e 3\u00ba BEC prepara alunos que participar\u00e3o da etapa Estadual do JEPI\u2019S\" \/>\n<meta property=\"og:description\" content=\"Entre os dias 04 a 17 de agosto acontecer\u00e1, em Teresina, a Etapa Estadual dos Jogos Escolares Piauienses (JEPI\u2019S). Visando melhorar o desempenho dos atletas das escolas municipais de Picos que competir\u00e3o nas provas individuais de atletismo, as Secretarias Municipais de Educa\u00e7\u00e3o e Esportes e Lazer celebraram uma parceria com o Projeto Semear de Atletismo [&hellip;]\" \/>\n<meta property=\"og:url\" content=\"https:\/\/noticiaempauta.com\/portal\/parceria-entre-as-secretarias-de-educacao-de-esportes-projeto-semear-e-3o-bec-prepara-alunos-que-participarao-da-etapa-estadual-do-jepis\/\" \/>\n<meta property=\"og:site_name\" content=\"Portal Not\u00edcia em Pauta\" \/>\n<meta property=\"article:publisher\" content=\"https:\/\/www.facebook.com\/Portal-Notcia-Em-Pauta-102292869264820\/\" \/>\n<meta property=\"article:published_time\" content=\"2025-07-19T09:40:47+00:00\" \/>\n<meta property=\"article:modified_time\" content=\"2025-07-19T09:40:48+00:00\" \/>\n<meta property=\"og:image\" content=\"https:\/\/noticiaempauta.com\/portal\/wp-content\/uploads\/2025\/07\/IMG_5947.jpeg\" \/>\n\t<meta property=\"og:image:width\" content=\"640\" \/>\n\t<meta property=\"og:image:height\" content=\"427\" \/>\n\t<meta property=\"og:image:type\" content=\"image\/jpeg\" \/>\n<meta name=\"author\" content=\"Reda\u00e7\u00e3o\" \/>\n<meta name=\"twitter:card\" content=\"summary_large_image\" \/>\n<meta name=\"twitter:label1\" content=\"Escrito por\" \/>\n\t<meta name=\"twitter:data1\" content=\"Reda\u00e7\u00e3o\" \/>\n\t<meta name=\"twitter:label2\" content=\"Est. tempo de leitura\" \/>\n\t<meta name=\"twitter:data2\" content=\"5 minutos\" \/>\n<script type=\"application\/ld+json\" class=\"yoast-schema-graph\">{\"@context\":\"https:\/\/schema.org\",\"@graph\":[{\"@type\":\"Article\",\"@id\":\"https:\/\/noticiaempauta.com\/portal\/parceria-entre-as-secretarias-de-educacao-de-esportes-projeto-semear-e-3o-bec-prepara-alunos-que-participarao-da-etapa-estadual-do-jepis\/#article\",\"isPartOf\":{\"@id\":\"https:\/\/noticiaempauta.com\/portal\/parceria-entre-as-secretarias-de-educacao-de-esportes-projeto-semear-e-3o-bec-prepara-alunos-que-participarao-da-etapa-estadual-do-jepis\/\"},\"author\":{\"name\":\"Reda\u00e7\u00e3o\",\"@id\":\"https:\/\/noticiaempauta.com\/portal\/#\/schema\/person\/a74af43dd1ab3deca45f988c717d57ac\"},\"headline\":\"Parceria entre as secretarias de Educa\u00e7\u00e3o, de Esportes, Projeto Semear e 3\u00ba BEC prepara alunos que participar\u00e3o da etapa Estadual do JEPI\u2019S\",\"datePublished\":\"2025-07-19T09:40:47+00:00\",\"dateModified\":\"2025-07-19T09:40:48+00:00\",\"mainEntityOfPage\":{\"@id\":\"https:\/\/noticiaempauta.com\/portal\/parceria-entre-as-secretarias-de-educacao-de-esportes-projeto-semear-e-3o-bec-prepara-alunos-que-participarao-da-etapa-estadual-do-jepis\/\"},\"wordCount\":580,\"commentCount\":0,\"publisher\":{\"@id\":\"https:\/\/noticiaempauta.com\/portal\/#organization\"},\"image\":{\"@id\":\"https:\/\/noticiaempauta.com\/portal\/parceria-entre-as-secretarias-de-educacao-de-esportes-projeto-semear-e-3o-bec-prepara-alunos-que-participarao-da-etapa-estadual-do-jepis\/#primaryimage\"},\"thumbnailUrl\":\"https:\/\/noticiaempauta.com\/portal\/wp-content\/uploads\/2025\/07\/IMG_5947.jpeg\",\"articleSection\":[\"Destaques\",\"Esporte\",\"Geral\",\"Todas as Not\u00edcias\"],\"inLanguage\":\"pt-BR\",\"potentialAction\":[{\"@type\":\"CommentAction\",\"name\":\"Comment\",\"target\":[\"https:\/\/noticiaempauta.com\/portal\/parceria-entre-as-secretarias-de-educacao-de-esportes-projeto-semear-e-3o-bec-prepara-alunos-que-participarao-da-etapa-estadual-do-jepis\/#respond\"]}]},{\"@type\":\"WebPage\",\"@id\":\"https:\/\/noticiaempauta.com\/portal\/parceria-entre-as-secretarias-de-educacao-de-esportes-projeto-semear-e-3o-bec-prepara-alunos-que-participarao-da-etapa-estadual-do-jepis\/\",\"url\":\"https:\/\/noticiaempauta.com\/portal\/parceria-entre-as-secretarias-de-educacao-de-esportes-projeto-semear-e-3o-bec-prepara-alunos-que-participarao-da-etapa-estadual-do-jepis\/\",\"name\":\"Parceria entre as secretarias de Educa\u00e7\u00e3o, de Esportes, Projeto Semear e 3\u00ba BEC prepara alunos que participar\u00e3o da etapa Estadual do JEPI\u2019S - Portal Not\u00edcia em Pauta\",\"isPartOf\":{\"@id\":\"https:\/\/noticiaempauta.com\/portal\/#website\"},\"primaryImageOfPage\":{\"@id\":\"https:\/\/noticiaempauta.com\/portal\/parceria-entre-as-secretarias-de-educacao-de-esportes-projeto-semear-e-3o-bec-prepara-alunos-que-participarao-da-etapa-estadual-do-jepis\/#primaryimage\"},\"image\":{\"@id\":\"https:\/\/noticiaempauta.com\/portal\/parceria-entre-as-secretarias-de-educacao-de-esportes-projeto-semear-e-3o-bec-prepara-alunos-que-participarao-da-etapa-estadual-do-jepis\/#primaryimage\"},\"thumbnailUrl\":\"https:\/\/noticiaempauta.com\/portal\/wp-content\/uploads\/2025\/07\/IMG_5947.jpeg\",\"datePublished\":\"2025-07-19T09:40:47+00:00\",\"dateModified\":\"2025-07-19T09:40:48+00:00\",\"breadcrumb\":{\"@id\":\"https:\/\/noticiaempauta.com\/portal\/parceria-entre-as-secretarias-de-educacao-de-esportes-projeto-semear-e-3o-bec-prepara-alunos-que-participarao-da-etapa-estadual-do-jepis\/#breadcrumb\"},\"inLanguage\":\"pt-BR\",\"potentialAction\":[{\"@type\":\"ReadAction\",\"target\":[\"https:\/\/noticiaempauta.com\/portal\/parceria-entre-as-secretarias-de-educacao-de-esportes-projeto-semear-e-3o-bec-prepara-alunos-que-participarao-da-etapa-estadual-do-jepis\/\"]}]},{\"@type\":\"ImageObject\",\"inLanguage\":\"pt-BR\",\"@id\":\"https:\/\/noticiaempauta.com\/portal\/parceria-entre-as-secretarias-de-educacao-de-esportes-projeto-semear-e-3o-bec-prepara-alunos-que-participarao-da-etapa-estadual-do-jepis\/#primaryimage\",\"url\":\"https:\/\/noticiaempauta.com\/portal\/wp-content\/uploads\/2025\/07\/IMG_5947.jpeg\",\"contentUrl\":\"https:\/\/noticiaempauta.com\/portal\/wp-content\/uploads\/2025\/07\/IMG_5947.jpeg\",\"width\":640,\"height\":427},{\"@type\":\"BreadcrumbList\",\"@id\":\"https:\/\/noticiaempauta.com\/portal\/parceria-entre-as-secretarias-de-educacao-de-esportes-projeto-semear-e-3o-bec-prepara-alunos-que-participarao-da-etapa-estadual-do-jepis\/#breadcrumb\",\"itemListElement\":[{\"@type\":\"ListItem\",\"position\":1,\"name\":\"P\u00e1gina Inicial\",\"item\":\"https:\/\/noticiaempauta.com\/portal\/\"},{\"@type\":\"ListItem\",\"position\":2,\"name\":\"Destaques\",\"item\":\"https:\/\/noticiaempauta.com\/portal\/destaques-site\/\"},{\"@type\":\"ListItem\",\"position\":3,\"name\":\"Parceria entre as secretarias de Educa\u00e7\u00e3o, de Esportes, Projeto Semear e 3\u00ba BEC prepara alunos que participar\u00e3o da etapa Estadual do JEPI\u2019S\"}]},{\"@type\":\"WebSite\",\"@id\":\"https:\/\/noticiaempauta.com\/portal\/#website\",\"url\":\"https:\/\/noticiaempauta.com\/portal\/\",\"name\":\"Portal Not\u00edcia em Pauta\",\"description\":\"Voc\u00ea bem informado\",\"publisher\":{\"@id\":\"https:\/\/noticiaempauta.com\/portal\/#organization\"},\"potentialAction\":[{\"@type\":\"SearchAction\",\"target\":{\"@type\":\"EntryPoint\",\"urlTemplate\":\"https:\/\/noticiaempauta.com\/portal\/?s={search_term_string}\"},\"query-input\":{\"@type\":\"PropertyValueSpecification\",\"valueRequired\":true,\"valueName\":\"search_term_string\"}}],\"inLanguage\":\"pt-BR\"},{\"@type\":\"Organization\",\"@id\":\"https:\/\/noticiaempauta.com\/portal\/#organization\",\"name\":\"Portal Not\u00edcia em Pauta\",\"url\":\"https:\/\/noticiaempauta.com\/portal\/\",\"logo\":{\"@type\":\"ImageObject\",\"inLanguage\":\"pt-BR\",\"@id\":\"https:\/\/noticiaempauta.com\/portal\/#\/schema\/logo\/image\/\",\"url\":\"https:\/\/noticiaempauta.com\/portal\/wp-content\/uploads\/2022\/08\/logomarca_tema.fw_.png\",\"contentUrl\":\"https:\/\/noticiaempauta.com\/portal\/wp-content\/uploads\/2022\/08\/logomarca_tema.fw_.png\",\"width\":400,\"height\":232,\"caption\":\"Portal Not\u00edcia em Pauta\"},\"image\":{\"@id\":\"https:\/\/noticiaempauta.com\/portal\/#\/schema\/logo\/image\/\"},\"sameAs\":[\"https:\/\/www.facebook.com\/Portal-Notcia-Em-Pauta-102292869264820\/\",\"https:\/\/www.instagram.com\/portalnoticiaempauta\/\"]},{\"@type\":\"Person\",\"@id\":\"https:\/\/noticiaempauta.com\/portal\/#\/schema\/person\/a74af43dd1ab3deca45f988c717d57ac\",\"name\":\"Reda\u00e7\u00e3o\",\"image\":{\"@type\":\"ImageObject\",\"inLanguage\":\"pt-BR\",\"@id\":\"https:\/\/noticiaempauta.com\/portal\/#\/schema\/person\/image\/\",\"url\":\"https:\/\/secure.gravatar.com\/avatar\/03179346ecce6cdfc13361603e8f54242a90e5cde8618fa23c5c00aa2b0aadf3?s=96&d=mm&r=g\",\"contentUrl\":\"https:\/\/secure.gravatar.com\/avatar\/03179346ecce6cdfc13361603e8f54242a90e5cde8618fa23c5c00aa2b0aadf3?s=96&d=mm&r=g\",\"caption\":\"Reda\u00e7\u00e3o\"},\"sameAs\":[\"https:\/\/noticiaempauta.com\/portal\/\"],\"url\":\"https:\/\/noticiaempauta.com\/portal\/author\/fernando\/\"}]}<\/script>\n<!-- \/ Yoast SEO Premium plugin. -->","yoast_head_json":{"title":"Parceria entre as secretarias de Educa\u00e7\u00e3o, de Esportes, Projeto Semear e 3\u00ba BEC prepara alunos que participar\u00e3o da etapa Estadual do JEPI\u2019S - Portal Not\u00edcia em Pauta","robots":{"index":"index","follow":"follow","max-snippet":"max-snippet:-1","max-image-preview":"max-image-preview:large","max-video-preview":"max-video-preview:-1"},"canonical":"https:\/\/noticiaempauta.com\/portal\/parceria-entre-as-secretarias-de-educacao-de-esportes-projeto-semear-e-3o-bec-prepara-alunos-que-participarao-da-etapa-estadual-do-jepis\/","og_locale":"pt_BR","og_type":"article","og_title":"Parceria entre as secretarias de Educa\u00e7\u00e3o, de Esportes, Projeto Semear e 3\u00ba BEC prepara alunos que participar\u00e3o da etapa Estadual do JEPI\u2019S","og_description":"Entre os dias 04 a 17 de agosto acontecer\u00e1, em Teresina, a Etapa Estadual dos Jogos Escolares Piauienses (JEPI\u2019S). Visando melhorar o desempenho dos atletas das escolas municipais de Picos que competir\u00e3o nas provas individuais de atletismo, as Secretarias Municipais de Educa\u00e7\u00e3o e Esportes e Lazer celebraram uma parceria com o Projeto Semear de Atletismo [&hellip;]","og_url":"https:\/\/noticiaempauta.com\/portal\/parceria-entre-as-secretarias-de-educacao-de-esportes-projeto-semear-e-3o-bec-prepara-alunos-que-participarao-da-etapa-estadual-do-jepis\/","og_site_name":"Portal Not\u00edcia em Pauta","article_publisher":"https:\/\/www.facebook.com\/Portal-Notcia-Em-Pauta-102292869264820\/","article_published_time":"2025-07-19T09:40:47+00:00","article_modified_time":"2025-07-19T09:40:48+00:00","og_image":[{"width":640,"height":427,"url":"https:\/\/noticiaempauta.com\/portal\/wp-content\/uploads\/2025\/07\/IMG_5947.jpeg","type":"image\/jpeg"}],"author":"Reda\u00e7\u00e3o","twitter_card":"summary_large_image","twitter_misc":{"Escrito por":"Reda\u00e7\u00e3o","Est. tempo de leitura":"5 minutos"},"schema":{"@context":"https:\/\/schema.org","@graph":[{"@type":"Article","@id":"https:\/\/noticiaempauta.com\/portal\/parceria-entre-as-secretarias-de-educacao-de-esportes-projeto-semear-e-3o-bec-prepara-alunos-que-participarao-da-etapa-estadual-do-jepis\/#article","isPartOf":{"@id":"https:\/\/noticiaempauta.com\/portal\/parceria-entre-as-secretarias-de-educacao-de-esportes-projeto-semear-e-3o-bec-prepara-alunos-que-participarao-da-etapa-estadual-do-jepis\/"},"author":{"name":"Reda\u00e7\u00e3o","@id":"https:\/\/noticiaempauta.com\/portal\/#\/schema\/person\/a74af43dd1ab3deca45f988c717d57ac"},"headline":"Parceria entre as secretarias de Educa\u00e7\u00e3o, de Esportes, Projeto Semear e 3\u00ba BEC prepara alunos que participar\u00e3o da etapa Estadual do JEPI\u2019S","datePublished":"2025-07-19T09:40:47+00:00","dateModified":"2025-07-19T09:40:48+00:00","mainEntityOfPage":{"@id":"https:\/\/noticiaempauta.com\/portal\/parceria-entre-as-secretarias-de-educacao-de-esportes-projeto-semear-e-3o-bec-prepara-alunos-que-participarao-da-etapa-estadual-do-jepis\/"},"wordCount":580,"commentCount":0,"publisher":{"@id":"https:\/\/noticiaempauta.com\/portal\/#organization"},"image":{"@id":"https:\/\/noticiaempauta.com\/portal\/parceria-entre-as-secretarias-de-educacao-de-esportes-projeto-semear-e-3o-bec-prepara-alunos-que-participarao-da-etapa-estadual-do-jepis\/#primaryimage"},"thumbnailUrl":"https:\/\/noticiaempauta.com\/portal\/wp-content\/uploads\/2025\/07\/IMG_5947.jpeg","articleSection":["Destaques","Esporte","Geral","Todas as Not\u00edcias"],"inLanguage":"pt-BR","potentialAction":[{"@type":"CommentAction","name":"Comment","target":["https:\/\/noticiaempauta.com\/portal\/parceria-entre-as-secretarias-de-educacao-de-esportes-projeto-semear-e-3o-bec-prepara-alunos-que-participarao-da-etapa-estadual-do-jepis\/#respond"]}]},{"@type":"WebPage","@id":"https:\/\/noticiaempauta.com\/portal\/parceria-entre-as-secretarias-de-educacao-de-esportes-projeto-semear-e-3o-bec-prepara-alunos-que-participarao-da-etapa-estadual-do-jepis\/","url":"https:\/\/noticiaempauta.com\/portal\/parceria-entre-as-secretarias-de-educacao-de-esportes-projeto-semear-e-3o-bec-prepara-alunos-que-participarao-da-etapa-estadual-do-jepis\/","name":"Parceria entre as secretarias de Educa\u00e7\u00e3o, de Esportes, Projeto Semear e 3\u00ba BEC prepara alunos que participar\u00e3o da etapa Estadual do JEPI\u2019S - Portal Not\u00edcia em Pauta","isPartOf":{"@id":"https:\/\/noticiaempauta.com\/portal\/#website"},"primaryImageOfPage":{"@id":"https:\/\/noticiaempauta.com\/portal\/parceria-entre-as-secretarias-de-educacao-de-esportes-projeto-semear-e-3o-bec-prepara-alunos-que-participarao-da-etapa-estadual-do-jepis\/#primaryimage"},"image":{"@id":"https:\/\/noticiaempauta.com\/portal\/parceria-entre-as-secretarias-de-educacao-de-esportes-projeto-semear-e-3o-bec-prepara-alunos-que-participarao-da-etapa-estadual-do-jepis\/#primaryimage"},"thumbnailUrl":"https:\/\/noticiaempauta.com\/portal\/wp-content\/uploads\/2025\/07\/IMG_5947.jpeg","datePublished":"2025-07-19T09:40:47+00:00","dateModified":"2025-07-19T09:40:48+00:00","breadcrumb":{"@id":"https:\/\/noticiaempauta.com\/portal\/parceria-entre-as-secretarias-de-educacao-de-esportes-projeto-semear-e-3o-bec-prepara-alunos-que-participarao-da-etapa-estadual-do-jepis\/#breadcrumb"},"inLanguage":"pt-BR","potentialAction":[{"@type":"ReadAction","target":["https:\/\/noticiaempauta.com\/portal\/parceria-entre-as-secretarias-de-educacao-de-esportes-projeto-semear-e-3o-bec-prepara-alunos-que-participarao-da-etapa-estadual-do-jepis\/"]}]},{"@type":"ImageObject","inLanguage":"pt-BR","@id":"https:\/\/noticiaempauta.com\/portal\/parceria-entre-as-secretarias-de-educacao-de-esportes-projeto-semear-e-3o-bec-prepara-alunos-que-participarao-da-etapa-estadual-do-jepis\/#primaryimage","url":"https:\/\/noticiaempauta.com\/portal\/wp-content\/uploads\/2025\/07\/IMG_5947.jpeg","contentUrl":"https:\/\/noticiaempauta.com\/portal\/wp-content\/uploads\/2025\/07\/IMG_5947.jpeg","width":640,"height":427},{"@type":"BreadcrumbList","@id":"https:\/\/noticiaempauta.com\/portal\/parceria-entre-as-secretarias-de-educacao-de-esportes-projeto-semear-e-3o-bec-prepara-alunos-que-participarao-da-etapa-estadual-do-jepis\/#breadcrumb","itemListElement":[{"@type":"ListItem","position":1,"name":"P\u00e1gina Inicial","item":"https:\/\/noticiaempauta.com\/portal\/"},{"@type":"ListItem","position":2,"name":"Destaques","item":"https:\/\/noticiaempauta.com\/portal\/destaques-site\/"},{"@type":"ListItem","position":3,"name":"Parceria entre as secretarias de Educa\u00e7\u00e3o, de Esportes, Projeto Semear e 3\u00ba BEC prepara alunos que participar\u00e3o da etapa Estadual do JEPI\u2019S"}]},{"@type":"WebSite","@id":"https:\/\/noticiaempauta.com\/portal\/#website","url":"https:\/\/noticiaempauta.com\/portal\/","name":"Portal Not\u00edcia em Pauta","description":"Voc\u00ea bem informado","publisher":{"@id":"https:\/\/noticiaempauta.com\/portal\/#organization"},"potentialAction":[{"@type":"SearchAction","target":{"@type":"EntryPoint","urlTemplate":"https:\/\/noticiaempauta.com\/portal\/?s={search_term_string}"},"query-input":{"@type":"PropertyValueSpecification","valueRequired":true,"valueName":"search_term_string"}}],"inLanguage":"pt-BR"},{"@type":"Organization","@id":"https:\/\/noticiaempauta.com\/portal\/#organization","name":"Portal Not\u00edcia em Pauta","url":"https:\/\/noticiaempauta.com\/portal\/","logo":{"@type":"ImageObject","inLanguage":"pt-BR","@id":"https:\/\/noticiaempauta.com\/portal\/#\/schema\/logo\/image\/","url":"https:\/\/noticiaempauta.com\/portal\/wp-content\/uploads\/2022\/08\/logomarca_tema.fw_.png","contentUrl":"https:\/\/noticiaempauta.com\/portal\/wp-content\/uploads\/2022\/08\/logomarca_tema.fw_.png","width":400,"height":232,"caption":"Portal Not\u00edcia em Pauta"},"image":{"@id":"https:\/\/noticiaempauta.com\/portal\/#\/schema\/logo\/image\/"},"sameAs":["https:\/\/www.facebook.com\/Portal-Notcia-Em-Pauta-102292869264820\/","https:\/\/www.instagram.com\/portalnoticiaempauta\/"]},{"@type":"Person","@id":"https:\/\/noticiaempauta.com\/portal\/#\/schema\/person\/a74af43dd1ab3deca45f988c717d57ac","name":"Reda\u00e7\u00e3o","image":{"@type":"ImageObject","inLanguage":"pt-BR","@id":"https:\/\/noticiaempauta.com\/portal\/#\/schema\/person\/image\/","url":"https:\/\/secure.gravatar.com\/avatar\/03179346ecce6cdfc13361603e8f54242a90e5cde8618fa23c5c00aa2b0aadf3?s=96&d=mm&r=g","contentUrl":"https:\/\/secure.gravatar.com\/avatar\/03179346ecce6cdfc13361603e8f54242a90e5cde8618fa23c5c00aa2b0aadf3?s=96&d=mm&r=g","caption":"Reda\u00e7\u00e3o"},"sameAs":["https:\/\/noticiaempauta.com\/portal\/"],"url":"https:\/\/noticiaempauta.com\/portal\/author\/fernando\/"}]}},"_links":{"self":[{"href":"https:\/\/noticiaempauta.com\/portal\/wp-json\/wp\/v2\/posts\/275511","targetHints":{"allow":["GET"]}}],"collection":[{"href":"https:\/\/noticiaempauta.com\/portal\/wp-json\/wp\/v2\/posts"}],"about":[{"href":"https:\/\/noticiaempauta.com\/portal\/wp-json\/wp\/v2\/types\/post"}],"author":[{"embeddable":true,"href":"https:\/\/noticiaempauta.com\/portal\/wp-json\/wp\/v2\/users\/2"}],"replies":[{"embeddable":true,"href":"https:\/\/noticiaempauta.com\/portal\/wp-json\/wp\/v2\/comments?post=275511"}],"version-history":[{"count":2,"href":"https:\/\/noticiaempauta.com\/portal\/wp-json\/wp\/v2\/posts\/275511\/revisions"}],"predecessor-version":[{"id":275522,"href":"https:\/\/noticiaempauta.com\/portal\/wp-json\/wp\/v2\/posts\/275511\/revisions\/275522"}],"wp:featuredmedia":[{"embeddable":true,"href":"https:\/\/noticiaempauta.com\/portal\/wp-json\/wp\/v2\/media\/275512"}],"wp:attachment":[{"href":"https:\/\/noticiaempauta.com\/portal\/wp-json\/wp\/v2\/media?parent=275511"}],"wp:term":[{"taxonomy":"category","embeddable":true,"href":"https:\/\/noticiaempauta.com\/portal\/wp-json\/wp\/v2\/categories?post=275511"},{"taxonomy":"post_tag","embeddable":true,"href":"https:\/\/noticiaempauta.com\/portal\/wp-json\/wp\/v2\/tags?post=275511"}],"curies":[{"name":"wp","href":"https:\/\/api.w.org\/{rel}","templated":true}]}}