{"id":275523,"date":"2025-07-19T11:27:43","date_gmt":"2025-07-19T14:27:43","guid":{"rendered":"https:\/\/noticiaempauta.com\/portal\/?p=275523"},"modified":"2025-07-19T11:27:44","modified_gmt":"2025-07-19T14:27:44","slug":"aroeiras-do-itaim-e-contemplada-com-base-do-samu-equipamentos-para-ubss-e-kits-de-teleconsulta-atraves-do-novo-pac","status":"publish","type":"post","link":"https:\/\/noticiaempauta.com\/portal\/aroeiras-do-itaim-e-contemplada-com-base-do-samu-equipamentos-para-ubss-e-kits-de-teleconsulta-atraves-do-novo-pac\/","title":{"rendered":"Aroeiras do Itaim \u00e9 contemplada com base do SAMU, equipamentos para UBSs e kits de teleconsulta atrav\u00e9s do Novo PAC"},"content":{"rendered":"\n<p>O munic\u00edpio de Aroeiras do Itaim deu um passo hist\u00f3rico no fortalecimento da sua rede de sa\u00fade ao ser contemplado com um pacote de investimentos estrat\u00e9gicos por meio do Novo PAC Sele\u00e7\u00f5es 2025, promovido pelo Governo Federal.<\/p>\n\n\n\n<p>A iniciativa marca uma virada na qualidade do atendimento \u00e0 popula\u00e7\u00e3o, com a\u00e7\u00f5es que unem infraestrutura, inova\u00e7\u00e3o e acessibilidade.<\/p>\n\n\n\n<p>Entre as conquistas, est\u00e1 a implanta\u00e7\u00e3o de uma base do SAMU (Servi\u00e7o de Atendimento M\u00f3vel de Urg\u00eancia), um refor\u00e7o que eleva o munic\u00edpio a um novo patamar no atendimento de emerg\u00eancias, reduzindo o tempo de resposta em ocorr\u00eancias cr\u00edticas e salvando vidas.<\/p>\n\n\n\n<figure class=\"wp-block-image size-full\"><img fetchpriority=\"high\" decoding=\"async\" width=\"739\" height=\"415\" src=\"https:\/\/noticiaempauta.com\/portal\/wp-content\/uploads\/2025\/07\/IMG_5969.jpeg\" alt=\"\" class=\"wp-image-275524\" srcset=\"https:\/\/noticiaempauta.com\/portal\/wp-content\/uploads\/2025\/07\/IMG_5969.jpeg 739w, https:\/\/noticiaempauta.com\/portal\/wp-content\/uploads\/2025\/07\/IMG_5969-300x168.jpeg 300w\" sizes=\"(max-width: 739px) 100vw, 739px\" \/><figcaption class=\"wp-element-caption\"><em>(Foto: Reprodu\u00e7\u00e3o)<\/em><\/figcaption><\/figure>\n\n\n\n<p>O munic\u00edpio tamb\u00e9m ser\u00e1 contemplado com equipamentos modernos para Unidades B\u00e1sicas de Sa\u00fade (UBSs) e com kits de Teleconsulta, permitindo que moradores de comunidades mais distantes tenham acesso a especialidades m\u00e9dicas por meio da tecnologia, sem precisar sair de casa.<\/p>\n\n\n\n<figure class=\"wp-block-image size-large\"><img decoding=\"async\" width=\"818\" height=\"1024\" src=\"https:\/\/noticiaempauta.com\/portal\/wp-content\/uploads\/2025\/07\/IMG_5970-818x1024.jpeg\" alt=\"\" class=\"wp-image-275525\" srcset=\"https:\/\/noticiaempauta.com\/portal\/wp-content\/uploads\/2025\/07\/IMG_5970-818x1024.jpeg 818w, https:\/\/noticiaempauta.com\/portal\/wp-content\/uploads\/2025\/07\/IMG_5970-240x300.jpeg 240w, https:\/\/noticiaempauta.com\/portal\/wp-content\/uploads\/2025\/07\/IMG_5970-768x961.jpeg 768w, https:\/\/noticiaempauta.com\/portal\/wp-content\/uploads\/2025\/07\/IMG_5970.jpeg 959w\" sizes=\"(max-width: 818px) 100vw, 818px\" \/><\/figure>\n\n\n\n<p>O prefeito Marciano Macedo, destacou a import\u00e2ncia da articula\u00e7\u00e3o institucional e da parceria com o Governo Federal.<\/p>\n\n\n\n<figure class=\"wp-block-image size-full\"><img decoding=\"async\" width=\"900\" height=\"792\" src=\"https:\/\/noticiaempauta.com\/portal\/wp-content\/uploads\/2025\/07\/IMG_5934.webp\" alt=\"\" class=\"wp-image-275506\" srcset=\"https:\/\/noticiaempauta.com\/portal\/wp-content\/uploads\/2025\/07\/IMG_5934.webp 900w, https:\/\/noticiaempauta.com\/portal\/wp-content\/uploads\/2025\/07\/IMG_5934-300x264.webp 300w, https:\/\/noticiaempauta.com\/portal\/wp-content\/uploads\/2025\/07\/IMG_5934-768x676.webp 768w\" sizes=\"(max-width: 900px) 100vw, 900px\" \/><\/figure>\n\n\n\n<p>\u201cEste \u00e9 um momento de celebra\u00e7\u00e3o e reconhecimento do trabalho s\u00e9rio que estamos fazendo. Com esses recursos, vamos garantir mais efici\u00eancia, rapidez e dignidade nos atendimentos \u00e0 popula\u00e7\u00e3o\u201d, afirmou.<\/p>\n\n\n\n<figure class=\"wp-block-image size-full\"><img loading=\"lazy\" decoding=\"async\" width=\"626\" height=\"601\" src=\"https:\/\/noticiaempauta.com\/portal\/wp-content\/uploads\/2025\/07\/IMG_5971.jpeg\" alt=\"\" class=\"wp-image-275526\" srcset=\"https:\/\/noticiaempauta.com\/portal\/wp-content\/uploads\/2025\/07\/IMG_5971.jpeg 626w, https:\/\/noticiaempauta.com\/portal\/wp-content\/uploads\/2025\/07\/IMG_5971-300x288.jpeg 300w\" sizes=\"(max-width: 626px) 100vw, 626px\" \/><\/figure>\n\n\n\n<p>secret\u00e1rio de Sa\u00fade, Z\u00eanio Filho, o Zenim, pontuou que a chegada dos novos recursos representa uma virada de chave na aten\u00e7\u00e3o b\u00e1sica, com ganhos reais no dia a dia das comunidades.<\/p>\n\n\n\n<p>\u201cVamos sair do b\u00e1sico para um modelo mais integrado, com tecnologia, estrutura e atendimento humanizado. Essa conquista vai al\u00e9m dos equipamentos: \u00e9 sobre cuidar melhor das pessoas\u201d, refor\u00e7ou o gestor da pasta.<\/p>\n\n\n\n<p>Mais do que obras e equipamentos, esses investimentos simbolizam um novo tempo para Aroeiras do Itaim, um tempo de cuidado \u00e1gil, acesso ampliado e respeito \u00e0 vida. \u00c9 a dignidade ganhando forma concreta e o compromisso da gest\u00e3o municipal se transformando em resultados que tocam diretamente a rotina e o bem-estar da popula\u00e7\u00e3o.<\/p>\n\n\n\n<p>Fonte: Cidades na Net<\/p>\n","protected":false},"excerpt":{"rendered":"<p>O munic\u00edpio de Aroeiras do Itaim deu um passo hist\u00f3rico no fortalecimento da sua rede de sa\u00fade ao ser contemplado com um pacote de investimentos estrat\u00e9gicos por meio do Novo PAC Sele\u00e7\u00f5es 2025, promovido pelo Governo Federal. A iniciativa marca uma virada na qualidade do atendimento \u00e0 popula\u00e7\u00e3o, com a\u00e7\u00f5es que unem infraestrutura, inova\u00e7\u00e3o e [&hellip;]<\/p>\n","protected":false},"author":2,"featured_media":275524,"comment_status":"open","ping_status":"open","sticky":false,"template":"","format":"standard","meta":{"_mi_skip_tracking":false,"footnotes":""},"categories":[25,1,9,5,16],"tags":[],"class_list":["post-275523","post","type-post","status-publish","format-standard","has-post-thumbnail","hentry","category-destaques-site","category-geral","category-municipios","category-saude","category-todas"],"acf":[],"yoast_head":"<!-- This site is optimized with the Yoast SEO Premium plugin v19.2 (Yoast SEO v26.9) - https:\/\/yoast.com\/product\/yoast-seo-premium-wordpress\/ -->\n<title>Aroeiras do Itaim \u00e9 contemplada com base do SAMU, equipamentos para UBSs e kits de teleconsulta atrav\u00e9s do Novo PAC - Portal Not\u00edcia em Pauta<\/title>\n<meta name=\"robots\" content=\"index, follow, max-snippet:-1, max-image-preview:large, max-video-preview:-1\" \/>\n<link rel=\"canonical\" href=\"https:\/\/noticiaempauta.com\/portal\/aroeiras-do-itaim-e-contemplada-com-base-do-samu-equipamentos-para-ubss-e-kits-de-teleconsulta-atraves-do-novo-pac\/\" \/>\n<meta property=\"og:locale\" content=\"pt_BR\" \/>\n<meta property=\"og:type\" content=\"article\" \/>\n<meta property=\"og:title\" content=\"Aroeiras do Itaim \u00e9 contemplada com base do SAMU, equipamentos para UBSs e kits de teleconsulta atrav\u00e9s do Novo PAC\" \/>\n<meta property=\"og:description\" content=\"O munic\u00edpio de Aroeiras do Itaim deu um passo hist\u00f3rico no fortalecimento da sua rede de sa\u00fade ao ser contemplado com um pacote de investimentos estrat\u00e9gicos por meio do Novo PAC Sele\u00e7\u00f5es 2025, promovido pelo Governo Federal. A iniciativa marca uma virada na qualidade do atendimento \u00e0 popula\u00e7\u00e3o, com a\u00e7\u00f5es que unem infraestrutura, inova\u00e7\u00e3o e [&hellip;]\" \/>\n<meta property=\"og:url\" content=\"https:\/\/noticiaempauta.com\/portal\/aroeiras-do-itaim-e-contemplada-com-base-do-samu-equipamentos-para-ubss-e-kits-de-teleconsulta-atraves-do-novo-pac\/\" \/>\n<meta property=\"og:site_name\" content=\"Portal Not\u00edcia em Pauta\" \/>\n<meta property=\"article:publisher\" content=\"https:\/\/www.facebook.com\/Portal-Notcia-Em-Pauta-102292869264820\/\" \/>\n<meta property=\"article:published_time\" content=\"2025-07-19T14:27:43+00:00\" \/>\n<meta property=\"article:modified_time\" content=\"2025-07-19T14:27:44+00:00\" \/>\n<meta property=\"og:image\" content=\"https:\/\/noticiaempauta.com\/portal\/wp-content\/uploads\/2025\/07\/IMG_5969.jpeg\" \/>\n\t<meta property=\"og:image:width\" content=\"739\" \/>\n\t<meta property=\"og:image:height\" content=\"415\" \/>\n\t<meta property=\"og:image:type\" content=\"image\/jpeg\" \/>\n<meta name=\"author\" content=\"Reda\u00e7\u00e3o\" \/>\n<meta name=\"twitter:card\" content=\"summary_large_image\" \/>\n<meta name=\"twitter:label1\" content=\"Escrito por\" \/>\n\t<meta name=\"twitter:data1\" content=\"Reda\u00e7\u00e3o\" \/>\n\t<meta name=\"twitter:label2\" content=\"Est. tempo de leitura\" \/>\n\t<meta name=\"twitter:data2\" content=\"3 minutos\" \/>\n<script type=\"application\/ld+json\" class=\"yoast-schema-graph\">{\"@context\":\"https:\/\/schema.org\",\"@graph\":[{\"@type\":\"Article\",\"@id\":\"https:\/\/noticiaempauta.com\/portal\/aroeiras-do-itaim-e-contemplada-com-base-do-samu-equipamentos-para-ubss-e-kits-de-teleconsulta-atraves-do-novo-pac\/#article\",\"isPartOf\":{\"@id\":\"https:\/\/noticiaempauta.com\/portal\/aroeiras-do-itaim-e-contemplada-com-base-do-samu-equipamentos-para-ubss-e-kits-de-teleconsulta-atraves-do-novo-pac\/\"},\"author\":{\"name\":\"Reda\u00e7\u00e3o\",\"@id\":\"https:\/\/noticiaempauta.com\/portal\/#\/schema\/person\/a74af43dd1ab3deca45f988c717d57ac\"},\"headline\":\"Aroeiras do Itaim \u00e9 contemplada com base do SAMU, equipamentos para UBSs e kits de teleconsulta atrav\u00e9s do Novo PAC\",\"datePublished\":\"2025-07-19T14:27:43+00:00\",\"dateModified\":\"2025-07-19T14:27:44+00:00\",\"mainEntityOfPage\":{\"@id\":\"https:\/\/noticiaempauta.com\/portal\/aroeiras-do-itaim-e-contemplada-com-base-do-samu-equipamentos-para-ubss-e-kits-de-teleconsulta-atraves-do-novo-pac\/\"},\"wordCount\":358,\"commentCount\":0,\"publisher\":{\"@id\":\"https:\/\/noticiaempauta.com\/portal\/#organization\"},\"image\":{\"@id\":\"https:\/\/noticiaempauta.com\/portal\/aroeiras-do-itaim-e-contemplada-com-base-do-samu-equipamentos-para-ubss-e-kits-de-teleconsulta-atraves-do-novo-pac\/#primaryimage\"},\"thumbnailUrl\":\"https:\/\/noticiaempauta.com\/portal\/wp-content\/uploads\/2025\/07\/IMG_5969.jpeg\",\"articleSection\":[\"Destaques\",\"Geral\",\"Munic\u00edpios\",\"Sa\u00fade\",\"Todas as Not\u00edcias\"],\"inLanguage\":\"pt-BR\",\"potentialAction\":[{\"@type\":\"CommentAction\",\"name\":\"Comment\",\"target\":[\"https:\/\/noticiaempauta.com\/portal\/aroeiras-do-itaim-e-contemplada-com-base-do-samu-equipamentos-para-ubss-e-kits-de-teleconsulta-atraves-do-novo-pac\/#respond\"]}]},{\"@type\":\"WebPage\",\"@id\":\"https:\/\/noticiaempauta.com\/portal\/aroeiras-do-itaim-e-contemplada-com-base-do-samu-equipamentos-para-ubss-e-kits-de-teleconsulta-atraves-do-novo-pac\/\",\"url\":\"https:\/\/noticiaempauta.com\/portal\/aroeiras-do-itaim-e-contemplada-com-base-do-samu-equipamentos-para-ubss-e-kits-de-teleconsulta-atraves-do-novo-pac\/\",\"name\":\"Aroeiras do Itaim \u00e9 contemplada com base do SAMU, equipamentos para UBSs e kits de teleconsulta atrav\u00e9s do Novo PAC - Portal Not\u00edcia em Pauta\",\"isPartOf\":{\"@id\":\"https:\/\/noticiaempauta.com\/portal\/#website\"},\"primaryImageOfPage\":{\"@id\":\"https:\/\/noticiaempauta.com\/portal\/aroeiras-do-itaim-e-contemplada-com-base-do-samu-equipamentos-para-ubss-e-kits-de-teleconsulta-atraves-do-novo-pac\/#primaryimage\"},\"image\":{\"@id\":\"https:\/\/noticiaempauta.com\/portal\/aroeiras-do-itaim-e-contemplada-com-base-do-samu-equipamentos-para-ubss-e-kits-de-teleconsulta-atraves-do-novo-pac\/#primaryimage\"},\"thumbnailUrl\":\"https:\/\/noticiaempauta.com\/portal\/wp-content\/uploads\/2025\/07\/IMG_5969.jpeg\",\"datePublished\":\"2025-07-19T14:27:43+00:00\",\"dateModified\":\"2025-07-19T14:27:44+00:00\",\"breadcrumb\":{\"@id\":\"https:\/\/noticiaempauta.com\/portal\/aroeiras-do-itaim-e-contemplada-com-base-do-samu-equipamentos-para-ubss-e-kits-de-teleconsulta-atraves-do-novo-pac\/#breadcrumb\"},\"inLanguage\":\"pt-BR\",\"potentialAction\":[{\"@type\":\"ReadAction\",\"target\":[\"https:\/\/noticiaempauta.com\/portal\/aroeiras-do-itaim-e-contemplada-com-base-do-samu-equipamentos-para-ubss-e-kits-de-teleconsulta-atraves-do-novo-pac\/\"]}]},{\"@type\":\"ImageObject\",\"inLanguage\":\"pt-BR\",\"@id\":\"https:\/\/noticiaempauta.com\/portal\/aroeiras-do-itaim-e-contemplada-com-base-do-samu-equipamentos-para-ubss-e-kits-de-teleconsulta-atraves-do-novo-pac\/#primaryimage\",\"url\":\"https:\/\/noticiaempauta.com\/portal\/wp-content\/uploads\/2025\/07\/IMG_5969.jpeg\",\"contentUrl\":\"https:\/\/noticiaempauta.com\/portal\/wp-content\/uploads\/2025\/07\/IMG_5969.jpeg\",\"width\":739,\"height\":415},{\"@type\":\"BreadcrumbList\",\"@id\":\"https:\/\/noticiaempauta.com\/portal\/aroeiras-do-itaim-e-contemplada-com-base-do-samu-equipamentos-para-ubss-e-kits-de-teleconsulta-atraves-do-novo-pac\/#breadcrumb\",\"itemListElement\":[{\"@type\":\"ListItem\",\"position\":1,\"name\":\"P\u00e1gina Inicial\",\"item\":\"https:\/\/noticiaempauta.com\/portal\/\"},{\"@type\":\"ListItem\",\"position\":2,\"name\":\"Destaques\",\"item\":\"https:\/\/noticiaempauta.com\/portal\/destaques-site\/\"},{\"@type\":\"ListItem\",\"position\":3,\"name\":\"Aroeiras do Itaim \u00e9 contemplada com base do SAMU, equipamentos para UBSs e kits de teleconsulta atrav\u00e9s do Novo PAC\"}]},{\"@type\":\"WebSite\",\"@id\":\"https:\/\/noticiaempauta.com\/portal\/#website\",\"url\":\"https:\/\/noticiaempauta.com\/portal\/\",\"name\":\"Portal Not\u00edcia em Pauta\",\"description\":\"Voc\u00ea bem informado\",\"publisher\":{\"@id\":\"https:\/\/noticiaempauta.com\/portal\/#organization\"},\"potentialAction\":[{\"@type\":\"SearchAction\",\"target\":{\"@type\":\"EntryPoint\",\"urlTemplate\":\"https:\/\/noticiaempauta.com\/portal\/?s={search_term_string}\"},\"query-input\":{\"@type\":\"PropertyValueSpecification\",\"valueRequired\":true,\"valueName\":\"search_term_string\"}}],\"inLanguage\":\"pt-BR\"},{\"@type\":\"Organization\",\"@id\":\"https:\/\/noticiaempauta.com\/portal\/#organization\",\"name\":\"Portal Not\u00edcia em Pauta\",\"url\":\"https:\/\/noticiaempauta.com\/portal\/\",\"logo\":{\"@type\":\"ImageObject\",\"inLanguage\":\"pt-BR\",\"@id\":\"https:\/\/noticiaempauta.com\/portal\/#\/schema\/logo\/image\/\",\"url\":\"https:\/\/noticiaempauta.com\/portal\/wp-content\/uploads\/2022\/08\/logomarca_tema.fw_.png\",\"contentUrl\":\"https:\/\/noticiaempauta.com\/portal\/wp-content\/uploads\/2022\/08\/logomarca_tema.fw_.png\",\"width\":400,\"height\":232,\"caption\":\"Portal Not\u00edcia em Pauta\"},\"image\":{\"@id\":\"https:\/\/noticiaempauta.com\/portal\/#\/schema\/logo\/image\/\"},\"sameAs\":[\"https:\/\/www.facebook.com\/Portal-Notcia-Em-Pauta-102292869264820\/\",\"https:\/\/www.instagram.com\/portalnoticiaempauta\/\"]},{\"@type\":\"Person\",\"@id\":\"https:\/\/noticiaempauta.com\/portal\/#\/schema\/person\/a74af43dd1ab3deca45f988c717d57ac\",\"name\":\"Reda\u00e7\u00e3o\",\"image\":{\"@type\":\"ImageObject\",\"inLanguage\":\"pt-BR\",\"@id\":\"https:\/\/noticiaempauta.com\/portal\/#\/schema\/person\/image\/\",\"url\":\"https:\/\/secure.gravatar.com\/avatar\/03179346ecce6cdfc13361603e8f54242a90e5cde8618fa23c5c00aa2b0aadf3?s=96&d=mm&r=g\",\"contentUrl\":\"https:\/\/secure.gravatar.com\/avatar\/03179346ecce6cdfc13361603e8f54242a90e5cde8618fa23c5c00aa2b0aadf3?s=96&d=mm&r=g\",\"caption\":\"Reda\u00e7\u00e3o\"},\"sameAs\":[\"https:\/\/noticiaempauta.com\/portal\/\"],\"url\":\"https:\/\/noticiaempauta.com\/portal\/author\/fernando\/\"}]}<\/script>\n<!-- \/ Yoast SEO Premium plugin. -->","yoast_head_json":{"title":"Aroeiras do Itaim \u00e9 contemplada com base do SAMU, equipamentos para UBSs e kits de teleconsulta atrav\u00e9s do Novo PAC - Portal Not\u00edcia em Pauta","robots":{"index":"index","follow":"follow","max-snippet":"max-snippet:-1","max-image-preview":"max-image-preview:large","max-video-preview":"max-video-preview:-1"},"canonical":"https:\/\/noticiaempauta.com\/portal\/aroeiras-do-itaim-e-contemplada-com-base-do-samu-equipamentos-para-ubss-e-kits-de-teleconsulta-atraves-do-novo-pac\/","og_locale":"pt_BR","og_type":"article","og_title":"Aroeiras do Itaim \u00e9 contemplada com base do SAMU, equipamentos para UBSs e kits de teleconsulta atrav\u00e9s do Novo PAC","og_description":"O munic\u00edpio de Aroeiras do Itaim deu um passo hist\u00f3rico no fortalecimento da sua rede de sa\u00fade ao ser contemplado com um pacote de investimentos estrat\u00e9gicos por meio do Novo PAC Sele\u00e7\u00f5es 2025, promovido pelo Governo Federal. A iniciativa marca uma virada na qualidade do atendimento \u00e0 popula\u00e7\u00e3o, com a\u00e7\u00f5es que unem infraestrutura, inova\u00e7\u00e3o e [&hellip;]","og_url":"https:\/\/noticiaempauta.com\/portal\/aroeiras-do-itaim-e-contemplada-com-base-do-samu-equipamentos-para-ubss-e-kits-de-teleconsulta-atraves-do-novo-pac\/","og_site_name":"Portal Not\u00edcia em Pauta","article_publisher":"https:\/\/www.facebook.com\/Portal-Notcia-Em-Pauta-102292869264820\/","article_published_time":"2025-07-19T14:27:43+00:00","article_modified_time":"2025-07-19T14:27:44+00:00","og_image":[{"width":739,"height":415,"url":"https:\/\/noticiaempauta.com\/portal\/wp-content\/uploads\/2025\/07\/IMG_5969.jpeg","type":"image\/jpeg"}],"author":"Reda\u00e7\u00e3o","twitter_card":"summary_large_image","twitter_misc":{"Escrito por":"Reda\u00e7\u00e3o","Est. tempo de leitura":"3 minutos"},"schema":{"@context":"https:\/\/schema.org","@graph":[{"@type":"Article","@id":"https:\/\/noticiaempauta.com\/portal\/aroeiras-do-itaim-e-contemplada-com-base-do-samu-equipamentos-para-ubss-e-kits-de-teleconsulta-atraves-do-novo-pac\/#article","isPartOf":{"@id":"https:\/\/noticiaempauta.com\/portal\/aroeiras-do-itaim-e-contemplada-com-base-do-samu-equipamentos-para-ubss-e-kits-de-teleconsulta-atraves-do-novo-pac\/"},"author":{"name":"Reda\u00e7\u00e3o","@id":"https:\/\/noticiaempauta.com\/portal\/#\/schema\/person\/a74af43dd1ab3deca45f988c717d57ac"},"headline":"Aroeiras do Itaim \u00e9 contemplada com base do SAMU, equipamentos para UBSs e kits de teleconsulta atrav\u00e9s do Novo PAC","datePublished":"2025-07-19T14:27:43+00:00","dateModified":"2025-07-19T14:27:44+00:00","mainEntityOfPage":{"@id":"https:\/\/noticiaempauta.com\/portal\/aroeiras-do-itaim-e-contemplada-com-base-do-samu-equipamentos-para-ubss-e-kits-de-teleconsulta-atraves-do-novo-pac\/"},"wordCount":358,"commentCount":0,"publisher":{"@id":"https:\/\/noticiaempauta.com\/portal\/#organization"},"image":{"@id":"https:\/\/noticiaempauta.com\/portal\/aroeiras-do-itaim-e-contemplada-com-base-do-samu-equipamentos-para-ubss-e-kits-de-teleconsulta-atraves-do-novo-pac\/#primaryimage"},"thumbnailUrl":"https:\/\/noticiaempauta.com\/portal\/wp-content\/uploads\/2025\/07\/IMG_5969.jpeg","articleSection":["Destaques","Geral","Munic\u00edpios","Sa\u00fade","Todas as Not\u00edcias"],"inLanguage":"pt-BR","potentialAction":[{"@type":"CommentAction","name":"Comment","target":["https:\/\/noticiaempauta.com\/portal\/aroeiras-do-itaim-e-contemplada-com-base-do-samu-equipamentos-para-ubss-e-kits-de-teleconsulta-atraves-do-novo-pac\/#respond"]}]},{"@type":"WebPage","@id":"https:\/\/noticiaempauta.com\/portal\/aroeiras-do-itaim-e-contemplada-com-base-do-samu-equipamentos-para-ubss-e-kits-de-teleconsulta-atraves-do-novo-pac\/","url":"https:\/\/noticiaempauta.com\/portal\/aroeiras-do-itaim-e-contemplada-com-base-do-samu-equipamentos-para-ubss-e-kits-de-teleconsulta-atraves-do-novo-pac\/","name":"Aroeiras do Itaim \u00e9 contemplada com base do SAMU, equipamentos para UBSs e kits de teleconsulta atrav\u00e9s do Novo PAC - Portal Not\u00edcia em Pauta","isPartOf":{"@id":"https:\/\/noticiaempauta.com\/portal\/#website"},"primaryImageOfPage":{"@id":"https:\/\/noticiaempauta.com\/portal\/aroeiras-do-itaim-e-contemplada-com-base-do-samu-equipamentos-para-ubss-e-kits-de-teleconsulta-atraves-do-novo-pac\/#primaryimage"},"image":{"@id":"https:\/\/noticiaempauta.com\/portal\/aroeiras-do-itaim-e-contemplada-com-base-do-samu-equipamentos-para-ubss-e-kits-de-teleconsulta-atraves-do-novo-pac\/#primaryimage"},"thumbnailUrl":"https:\/\/noticiaempauta.com\/portal\/wp-content\/uploads\/2025\/07\/IMG_5969.jpeg","datePublished":"2025-07-19T14:27:43+00:00","dateModified":"2025-07-19T14:27:44+00:00","breadcrumb":{"@id":"https:\/\/noticiaempauta.com\/portal\/aroeiras-do-itaim-e-contemplada-com-base-do-samu-equipamentos-para-ubss-e-kits-de-teleconsulta-atraves-do-novo-pac\/#breadcrumb"},"inLanguage":"pt-BR","potentialAction":[{"@type":"ReadAction","target":["https:\/\/noticiaempauta.com\/portal\/aroeiras-do-itaim-e-contemplada-com-base-do-samu-equipamentos-para-ubss-e-kits-de-teleconsulta-atraves-do-novo-pac\/"]}]},{"@type":"ImageObject","inLanguage":"pt-BR","@id":"https:\/\/noticiaempauta.com\/portal\/aroeiras-do-itaim-e-contemplada-com-base-do-samu-equipamentos-para-ubss-e-kits-de-teleconsulta-atraves-do-novo-pac\/#primaryimage","url":"https:\/\/noticiaempauta.com\/portal\/wp-content\/uploads\/2025\/07\/IMG_5969.jpeg","contentUrl":"https:\/\/noticiaempauta.com\/portal\/wp-content\/uploads\/2025\/07\/IMG_5969.jpeg","width":739,"height":415},{"@type":"BreadcrumbList","@id":"https:\/\/noticiaempauta.com\/portal\/aroeiras-do-itaim-e-contemplada-com-base-do-samu-equipamentos-para-ubss-e-kits-de-teleconsulta-atraves-do-novo-pac\/#breadcrumb","itemListElement":[{"@type":"ListItem","position":1,"name":"P\u00e1gina Inicial","item":"https:\/\/noticiaempauta.com\/portal\/"},{"@type":"ListItem","position":2,"name":"Destaques","item":"https:\/\/noticiaempauta.com\/portal\/destaques-site\/"},{"@type":"ListItem","position":3,"name":"Aroeiras do Itaim \u00e9 contemplada com base do SAMU, equipamentos para UBSs e kits de teleconsulta atrav\u00e9s do Novo PAC"}]},{"@type":"WebSite","@id":"https:\/\/noticiaempauta.com\/portal\/#website","url":"https:\/\/noticiaempauta.com\/portal\/","name":"Portal Not\u00edcia em Pauta","description":"Voc\u00ea bem informado","publisher":{"@id":"https:\/\/noticiaempauta.com\/portal\/#organization"},"potentialAction":[{"@type":"SearchAction","target":{"@type":"EntryPoint","urlTemplate":"https:\/\/noticiaempauta.com\/portal\/?s={search_term_string}"},"query-input":{"@type":"PropertyValueSpecification","valueRequired":true,"valueName":"search_term_string"}}],"inLanguage":"pt-BR"},{"@type":"Organization","@id":"https:\/\/noticiaempauta.com\/portal\/#organization","name":"Portal Not\u00edcia em Pauta","url":"https:\/\/noticiaempauta.com\/portal\/","logo":{"@type":"ImageObject","inLanguage":"pt-BR","@id":"https:\/\/noticiaempauta.com\/portal\/#\/schema\/logo\/image\/","url":"https:\/\/noticiaempauta.com\/portal\/wp-content\/uploads\/2022\/08\/logomarca_tema.fw_.png","contentUrl":"https:\/\/noticiaempauta.com\/portal\/wp-content\/uploads\/2022\/08\/logomarca_tema.fw_.png","width":400,"height":232,"caption":"Portal Not\u00edcia em Pauta"},"image":{"@id":"https:\/\/noticiaempauta.com\/portal\/#\/schema\/logo\/image\/"},"sameAs":["https:\/\/www.facebook.com\/Portal-Notcia-Em-Pauta-102292869264820\/","https:\/\/www.instagram.com\/portalnoticiaempauta\/"]},{"@type":"Person","@id":"https:\/\/noticiaempauta.com\/portal\/#\/schema\/person\/a74af43dd1ab3deca45f988c717d57ac","name":"Reda\u00e7\u00e3o","image":{"@type":"ImageObject","inLanguage":"pt-BR","@id":"https:\/\/noticiaempauta.com\/portal\/#\/schema\/person\/image\/","url":"https:\/\/secure.gravatar.com\/avatar\/03179346ecce6cdfc13361603e8f54242a90e5cde8618fa23c5c00aa2b0aadf3?s=96&d=mm&r=g","contentUrl":"https:\/\/secure.gravatar.com\/avatar\/03179346ecce6cdfc13361603e8f54242a90e5cde8618fa23c5c00aa2b0aadf3?s=96&d=mm&r=g","caption":"Reda\u00e7\u00e3o"},"sameAs":["https:\/\/noticiaempauta.com\/portal\/"],"url":"https:\/\/noticiaempauta.com\/portal\/author\/fernando\/"}]}},"_links":{"self":[{"href":"https:\/\/noticiaempauta.com\/portal\/wp-json\/wp\/v2\/posts\/275523","targetHints":{"allow":["GET"]}}],"collection":[{"href":"https:\/\/noticiaempauta.com\/portal\/wp-json\/wp\/v2\/posts"}],"about":[{"href":"https:\/\/noticiaempauta.com\/portal\/wp-json\/wp\/v2\/types\/post"}],"author":[{"embeddable":true,"href":"https:\/\/noticiaempauta.com\/portal\/wp-json\/wp\/v2\/users\/2"}],"replies":[{"embeddable":true,"href":"https:\/\/noticiaempauta.com\/portal\/wp-json\/wp\/v2\/comments?post=275523"}],"version-history":[{"count":2,"href":"https:\/\/noticiaempauta.com\/portal\/wp-json\/wp\/v2\/posts\/275523\/revisions"}],"predecessor-version":[{"id":275528,"href":"https:\/\/noticiaempauta.com\/portal\/wp-json\/wp\/v2\/posts\/275523\/revisions\/275528"}],"wp:featuredmedia":[{"embeddable":true,"href":"https:\/\/noticiaempauta.com\/portal\/wp-json\/wp\/v2\/media\/275524"}],"wp:attachment":[{"href":"https:\/\/noticiaempauta.com\/portal\/wp-json\/wp\/v2\/media?parent=275523"}],"wp:term":[{"taxonomy":"category","embeddable":true,"href":"https:\/\/noticiaempauta.com\/portal\/wp-json\/wp\/v2\/categories?post=275523"},{"taxonomy":"post_tag","embeddable":true,"href":"https:\/\/noticiaempauta.com\/portal\/wp-json\/wp\/v2\/tags?post=275523"}],"curies":[{"name":"wp","href":"https:\/\/api.w.org\/{rel}","templated":true}]}}