{"id":275657,"date":"2025-07-22T09:04:26","date_gmt":"2025-07-22T12:04:26","guid":{"rendered":"https:\/\/noticiaempauta.com\/portal\/?p=275657"},"modified":"2025-07-22T09:04:27","modified_gmt":"2025-07-22T12:04:27","slug":"territorio-chapada-vale-do-rio-itaim-avanca-na-alfabetizacao-infantil-com-tres-municipios-atingindo-100","status":"publish","type":"post","link":"https:\/\/noticiaempauta.com\/portal\/territorio-chapada-vale-do-rio-itaim-avanca-na-alfabetizacao-infantil-com-tres-municipios-atingindo-100\/","title":{"rendered":"Territ\u00f3rio Chapada Vale do Rio Itaim avan\u00e7a na alfabetiza\u00e7\u00e3o infantil com tr\u00eas munic\u00edpios atingindo 100%"},"content":{"rendered":"\n<p>O Piau\u00ed registrou em 2024 o maior \u00edndice de alfabetiza\u00e7\u00e3o infantil da sua hist\u00f3ria. Segundo o Minist\u00e9rio da Educa\u00e7\u00e3o (MEC), 59,82% das crian\u00e7as do Estado foram alfabetizadas ao final do 2\u00ba ano do ensino fundamental. O resultado colocou o Piau\u00ed entre os dez melhores do pa\u00eds, com o terceiro maior crescimento nacional.<\/p>\n\n\n\n<figure class=\"wp-block-image size-large\"><img fetchpriority=\"high\" decoding=\"async\" width=\"1024\" height=\"693\" src=\"https:\/\/noticiaempauta.com\/portal\/wp-content\/uploads\/2025\/07\/Dialogos-Campo-Maior-ppaic-scaled-1-1-1024x693.jpeg\" alt=\"\" class=\"wp-image-275660\" srcset=\"https:\/\/noticiaempauta.com\/portal\/wp-content\/uploads\/2025\/07\/Dialogos-Campo-Maior-ppaic-scaled-1-1-1024x693.jpeg 1024w, https:\/\/noticiaempauta.com\/portal\/wp-content\/uploads\/2025\/07\/Dialogos-Campo-Maior-ppaic-scaled-1-1-300x203.jpeg 300w, https:\/\/noticiaempauta.com\/portal\/wp-content\/uploads\/2025\/07\/Dialogos-Campo-Maior-ppaic-scaled-1-1-768x520.jpeg 768w, https:\/\/noticiaempauta.com\/portal\/wp-content\/uploads\/2025\/07\/Dialogos-Campo-Maior-ppaic-scaled-1-1-1536x1039.jpeg 1536w, https:\/\/noticiaempauta.com\/portal\/wp-content\/uploads\/2025\/07\/Dialogos-Campo-Maior-ppaic-scaled-1-1-2048x1386.jpeg 2048w\" sizes=\"(max-width: 1024px) 100vw, 1024px\" \/><\/figure>\n\n\n\n<p>No Territ\u00f3rio Chapada Vale do Rio Itaim, tr\u00eas munic\u00edpios atingiram 100% de alfabetiza\u00e7\u00e3o: Bel\u00e9m do Piau\u00ed, Caldeir\u00e3o Grande do Piau\u00ed e Padre Marcos. Tamb\u00e9m obtiveram bons \u00edndices Francisco Macedo, com 95,24%, e Marcol\u00e2ndia, com 89,66%. Outros munic\u00edpios se destacaram: Sim\u00f5es (86,03%), Jacobina do Piau\u00ed (84,31%), Bet\u00e2nia do Piau\u00ed (82,76%) e Acau\u00e3 (81,89%).<\/p>\n\n\n\n<p>Na faixa entre 50% e 70% est\u00e3o Queimada Nova (67,42%), Patos do Piau\u00ed (63,04%), Massap\u00ea do Piau\u00ed (60,66%), Jaic\u00f3s (58,67%), Caridade do Piau\u00ed (58,14%) e Paulistana (50,47%). Com os menores percentuais aparece Curral Novo do Piau\u00ed, com 48,34% de crian\u00e7as alfabetizadas na idade certa.<\/p>\n\n\n\n<p>Esses dados integram o levantamento do Indicador Crian\u00e7a Alfabetizada (ICA) 2024, divulgado pelo Minist\u00e9rio da Educa\u00e7\u00e3o. Em todo o Estado, o \u00edndice saltou de 52% em 2023 para 59,82% em 2024, superando a m\u00e9dia nacional (59,2%) e a meta estadual do MEC, que era de 57%.<\/p>\n\n\n\n<p>O avan\u00e7o \u00e9 resultado do trabalho das redes municipais de ensino, com apoio do Programa Piauiense de Alfabetiza\u00e7\u00e3o na Idade Certa (PPAIC) e do Pacto pelas Crian\u00e7as do Piau\u00ed, coordenado pela primeira-dama do Estado, Isabel Fonteles. A iniciativa envolve as 224 cidades do Piau\u00ed, mais de 2.700 escolas e cerca de 211 mil alunos.<\/p>\n\n\n\n<figure class=\"wp-block-image size-large\"><img decoding=\"async\" width=\"1024\" height=\"682\" src=\"https:\/\/noticiaempauta.com\/portal\/wp-content\/uploads\/2025\/07\/1ae51b9d-c4fe-4851-93cb-1cb6244da6c1-1024x682.jpeg\" alt=\"\" class=\"wp-image-275659\" srcset=\"https:\/\/noticiaempauta.com\/portal\/wp-content\/uploads\/2025\/07\/1ae51b9d-c4fe-4851-93cb-1cb6244da6c1-1024x682.jpeg 1024w, https:\/\/noticiaempauta.com\/portal\/wp-content\/uploads\/2025\/07\/1ae51b9d-c4fe-4851-93cb-1cb6244da6c1-300x200.jpeg 300w, https:\/\/noticiaempauta.com\/portal\/wp-content\/uploads\/2025\/07\/1ae51b9d-c4fe-4851-93cb-1cb6244da6c1-768x512.jpeg 768w, https:\/\/noticiaempauta.com\/portal\/wp-content\/uploads\/2025\/07\/1ae51b9d-c4fe-4851-93cb-1cb6244da6c1.jpeg 1280w\" sizes=\"(max-width: 1024px) 100vw, 1024px\" \/><\/figure>\n\n\n\n<p>A meta do Estado \u00e9 ampliar esses resultados e alcan\u00e7ar a alfabetiza\u00e7\u00e3o de 100% das crian\u00e7as at\u00e9 o final do 2\u00ba ano do ensino fundamental. Para isso, o Governo do Piau\u00ed seguir\u00e1 investindo na forma\u00e7\u00e3o de professores, infraestrutura, avalia\u00e7\u00f5es e apoio t\u00e9cnico aos munic\u00edpios com desempenho mais baixo.<\/p>\n\n\n\n<p>Confira o ranking dos munic\u00edpios do Territ\u00f3rio Chapada Vale do Rio Itaim:<\/p>\n\n\n\n<figure class=\"wp-block-image size-large\"><img decoding=\"async\" width=\"1024\" height=\"1024\" src=\"https:\/\/noticiaempauta.com\/portal\/wp-content\/uploads\/2025\/07\/Percentual-de-Criancas-Alfabetizadas-Territorio-Chapada-Vale-do-Rio-Itaim-1024x1024.jpeg\" alt=\"\" class=\"wp-image-275658\" srcset=\"https:\/\/noticiaempauta.com\/portal\/wp-content\/uploads\/2025\/07\/Percentual-de-Criancas-Alfabetizadas-Territorio-Chapada-Vale-do-Rio-Itaim-1024x1024.jpeg 1024w, https:\/\/noticiaempauta.com\/portal\/wp-content\/uploads\/2025\/07\/Percentual-de-Criancas-Alfabetizadas-Territorio-Chapada-Vale-do-Rio-Itaim-300x300.jpeg 300w, https:\/\/noticiaempauta.com\/portal\/wp-content\/uploads\/2025\/07\/Percentual-de-Criancas-Alfabetizadas-Territorio-Chapada-Vale-do-Rio-Itaim-150x150.jpeg 150w, https:\/\/noticiaempauta.com\/portal\/wp-content\/uploads\/2025\/07\/Percentual-de-Criancas-Alfabetizadas-Territorio-Chapada-Vale-do-Rio-Itaim-768x768.jpeg 768w, https:\/\/noticiaempauta.com\/portal\/wp-content\/uploads\/2025\/07\/Percentual-de-Criancas-Alfabetizadas-Territorio-Chapada-Vale-do-Rio-Itaim.jpeg 1080w\" sizes=\"(max-width: 1024px) 100vw, 1024px\" \/><\/figure>\n","protected":false},"excerpt":{"rendered":"<p>O Piau\u00ed registrou em 2024 o maior \u00edndice de alfabetiza\u00e7\u00e3o infantil da sua hist\u00f3ria. Segundo o Minist\u00e9rio da Educa\u00e7\u00e3o (MEC), 59,82% das crian\u00e7as do Estado foram alfabetizadas ao final do 2\u00ba ano do ensino fundamental. O resultado colocou o Piau\u00ed entre os dez melhores do pa\u00eds, com o terceiro maior crescimento nacional. No Territ\u00f3rio Chapada [&hellip;]<\/p>\n","protected":false},"author":2,"featured_media":275660,"comment_status":"open","ping_status":"open","sticky":false,"template":"","format":"standard","meta":{"_mi_skip_tracking":false,"footnotes":""},"categories":[25,1,9,16],"tags":[192],"class_list":["post-275657","post","type-post","status-publish","format-standard","has-post-thumbnail","hentry","category-destaques-site","category-geral","category-municipios","category-todas","tag-destaqueprincipal"],"acf":[],"yoast_head":"<!-- This site is optimized with the Yoast SEO Premium plugin v19.2 (Yoast SEO v26.9) - https:\/\/yoast.com\/product\/yoast-seo-premium-wordpress\/ -->\n<title>Territ\u00f3rio Chapada Vale do Rio Itaim avan\u00e7a na alfabetiza\u00e7\u00e3o infantil com tr\u00eas munic\u00edpios atingindo 100% - Portal Not\u00edcia em Pauta<\/title>\n<meta name=\"robots\" content=\"index, follow, max-snippet:-1, max-image-preview:large, max-video-preview:-1\" \/>\n<link rel=\"canonical\" href=\"https:\/\/noticiaempauta.com\/portal\/territorio-chapada-vale-do-rio-itaim-avanca-na-alfabetizacao-infantil-com-tres-municipios-atingindo-100\/\" \/>\n<meta property=\"og:locale\" content=\"pt_BR\" \/>\n<meta property=\"og:type\" content=\"article\" \/>\n<meta property=\"og:title\" content=\"Territ\u00f3rio Chapada Vale do Rio Itaim avan\u00e7a na alfabetiza\u00e7\u00e3o infantil com tr\u00eas munic\u00edpios atingindo 100%\" \/>\n<meta property=\"og:description\" content=\"O Piau\u00ed registrou em 2024 o maior \u00edndice de alfabetiza\u00e7\u00e3o infantil da sua hist\u00f3ria. Segundo o Minist\u00e9rio da Educa\u00e7\u00e3o (MEC), 59,82% das crian\u00e7as do Estado foram alfabetizadas ao final do 2\u00ba ano do ensino fundamental. O resultado colocou o Piau\u00ed entre os dez melhores do pa\u00eds, com o terceiro maior crescimento nacional. No Territ\u00f3rio Chapada [&hellip;]\" \/>\n<meta property=\"og:url\" content=\"https:\/\/noticiaempauta.com\/portal\/territorio-chapada-vale-do-rio-itaim-avanca-na-alfabetizacao-infantil-com-tres-municipios-atingindo-100\/\" \/>\n<meta property=\"og:site_name\" content=\"Portal Not\u00edcia em Pauta\" \/>\n<meta property=\"article:publisher\" content=\"https:\/\/www.facebook.com\/Portal-Notcia-Em-Pauta-102292869264820\/\" \/>\n<meta property=\"article:published_time\" content=\"2025-07-22T12:04:26+00:00\" \/>\n<meta property=\"article:modified_time\" content=\"2025-07-22T12:04:27+00:00\" \/>\n<meta property=\"og:image\" content=\"https:\/\/noticiaempauta.com\/portal\/wp-content\/uploads\/2025\/07\/Dialogos-Campo-Maior-ppaic-scaled-1-1.jpeg\" \/>\n\t<meta property=\"og:image:width\" content=\"2560\" \/>\n\t<meta property=\"og:image:height\" content=\"1732\" \/>\n\t<meta property=\"og:image:type\" content=\"image\/jpeg\" \/>\n<meta name=\"author\" content=\"Reda\u00e7\u00e3o\" \/>\n<meta name=\"twitter:card\" content=\"summary_large_image\" \/>\n<meta name=\"twitter:label1\" content=\"Escrito por\" \/>\n\t<meta name=\"twitter:data1\" content=\"Reda\u00e7\u00e3o\" \/>\n\t<meta name=\"twitter:label2\" content=\"Est. tempo de leitura\" \/>\n\t<meta name=\"twitter:data2\" content=\"3 minutos\" \/>\n<script type=\"application\/ld+json\" class=\"yoast-schema-graph\">{\"@context\":\"https:\/\/schema.org\",\"@graph\":[{\"@type\":\"Article\",\"@id\":\"https:\/\/noticiaempauta.com\/portal\/territorio-chapada-vale-do-rio-itaim-avanca-na-alfabetizacao-infantil-com-tres-municipios-atingindo-100\/#article\",\"isPartOf\":{\"@id\":\"https:\/\/noticiaempauta.com\/portal\/territorio-chapada-vale-do-rio-itaim-avanca-na-alfabetizacao-infantil-com-tres-municipios-atingindo-100\/\"},\"author\":{\"name\":\"Reda\u00e7\u00e3o\",\"@id\":\"https:\/\/noticiaempauta.com\/portal\/#\/schema\/person\/a74af43dd1ab3deca45f988c717d57ac\"},\"headline\":\"Territ\u00f3rio Chapada Vale do Rio Itaim avan\u00e7a na alfabetiza\u00e7\u00e3o infantil com tr\u00eas munic\u00edpios atingindo 100%\",\"datePublished\":\"2025-07-22T12:04:26+00:00\",\"dateModified\":\"2025-07-22T12:04:27+00:00\",\"mainEntityOfPage\":{\"@id\":\"https:\/\/noticiaempauta.com\/portal\/territorio-chapada-vale-do-rio-itaim-avanca-na-alfabetizacao-infantil-com-tres-municipios-atingindo-100\/\"},\"wordCount\":330,\"commentCount\":0,\"publisher\":{\"@id\":\"https:\/\/noticiaempauta.com\/portal\/#organization\"},\"image\":{\"@id\":\"https:\/\/noticiaempauta.com\/portal\/territorio-chapada-vale-do-rio-itaim-avanca-na-alfabetizacao-infantil-com-tres-municipios-atingindo-100\/#primaryimage\"},\"thumbnailUrl\":\"https:\/\/noticiaempauta.com\/portal\/wp-content\/uploads\/2025\/07\/Dialogos-Campo-Maior-ppaic-scaled-1-1.jpeg\",\"keywords\":[\"destaqueprincipal\"],\"articleSection\":[\"Destaques\",\"Geral\",\"Munic\u00edpios\",\"Todas as Not\u00edcias\"],\"inLanguage\":\"pt-BR\",\"potentialAction\":[{\"@type\":\"CommentAction\",\"name\":\"Comment\",\"target\":[\"https:\/\/noticiaempauta.com\/portal\/territorio-chapada-vale-do-rio-itaim-avanca-na-alfabetizacao-infantil-com-tres-municipios-atingindo-100\/#respond\"]}]},{\"@type\":\"WebPage\",\"@id\":\"https:\/\/noticiaempauta.com\/portal\/territorio-chapada-vale-do-rio-itaim-avanca-na-alfabetizacao-infantil-com-tres-municipios-atingindo-100\/\",\"url\":\"https:\/\/noticiaempauta.com\/portal\/territorio-chapada-vale-do-rio-itaim-avanca-na-alfabetizacao-infantil-com-tres-municipios-atingindo-100\/\",\"name\":\"Territ\u00f3rio Chapada Vale do Rio Itaim avan\u00e7a na alfabetiza\u00e7\u00e3o infantil com tr\u00eas munic\u00edpios atingindo 100% - Portal Not\u00edcia em Pauta\",\"isPartOf\":{\"@id\":\"https:\/\/noticiaempauta.com\/portal\/#website\"},\"primaryImageOfPage\":{\"@id\":\"https:\/\/noticiaempauta.com\/portal\/territorio-chapada-vale-do-rio-itaim-avanca-na-alfabetizacao-infantil-com-tres-municipios-atingindo-100\/#primaryimage\"},\"image\":{\"@id\":\"https:\/\/noticiaempauta.com\/portal\/territorio-chapada-vale-do-rio-itaim-avanca-na-alfabetizacao-infantil-com-tres-municipios-atingindo-100\/#primaryimage\"},\"thumbnailUrl\":\"https:\/\/noticiaempauta.com\/portal\/wp-content\/uploads\/2025\/07\/Dialogos-Campo-Maior-ppaic-scaled-1-1.jpeg\",\"datePublished\":\"2025-07-22T12:04:26+00:00\",\"dateModified\":\"2025-07-22T12:04:27+00:00\",\"breadcrumb\":{\"@id\":\"https:\/\/noticiaempauta.com\/portal\/territorio-chapada-vale-do-rio-itaim-avanca-na-alfabetizacao-infantil-com-tres-municipios-atingindo-100\/#breadcrumb\"},\"inLanguage\":\"pt-BR\",\"potentialAction\":[{\"@type\":\"ReadAction\",\"target\":[\"https:\/\/noticiaempauta.com\/portal\/territorio-chapada-vale-do-rio-itaim-avanca-na-alfabetizacao-infantil-com-tres-municipios-atingindo-100\/\"]}]},{\"@type\":\"ImageObject\",\"inLanguage\":\"pt-BR\",\"@id\":\"https:\/\/noticiaempauta.com\/portal\/territorio-chapada-vale-do-rio-itaim-avanca-na-alfabetizacao-infantil-com-tres-municipios-atingindo-100\/#primaryimage\",\"url\":\"https:\/\/noticiaempauta.com\/portal\/wp-content\/uploads\/2025\/07\/Dialogos-Campo-Maior-ppaic-scaled-1-1.jpeg\",\"contentUrl\":\"https:\/\/noticiaempauta.com\/portal\/wp-content\/uploads\/2025\/07\/Dialogos-Campo-Maior-ppaic-scaled-1-1.jpeg\",\"width\":2560,\"height\":1732},{\"@type\":\"BreadcrumbList\",\"@id\":\"https:\/\/noticiaempauta.com\/portal\/territorio-chapada-vale-do-rio-itaim-avanca-na-alfabetizacao-infantil-com-tres-municipios-atingindo-100\/#breadcrumb\",\"itemListElement\":[{\"@type\":\"ListItem\",\"position\":1,\"name\":\"P\u00e1gina Inicial\",\"item\":\"https:\/\/noticiaempauta.com\/portal\/\"},{\"@type\":\"ListItem\",\"position\":2,\"name\":\"Destaques\",\"item\":\"https:\/\/noticiaempauta.com\/portal\/destaques-site\/\"},{\"@type\":\"ListItem\",\"position\":3,\"name\":\"Territ\u00f3rio Chapada Vale do Rio Itaim avan\u00e7a na alfabetiza\u00e7\u00e3o infantil com tr\u00eas munic\u00edpios atingindo 100%\"}]},{\"@type\":\"WebSite\",\"@id\":\"https:\/\/noticiaempauta.com\/portal\/#website\",\"url\":\"https:\/\/noticiaempauta.com\/portal\/\",\"name\":\"Portal Not\u00edcia em Pauta\",\"description\":\"Voc\u00ea bem informado\",\"publisher\":{\"@id\":\"https:\/\/noticiaempauta.com\/portal\/#organization\"},\"potentialAction\":[{\"@type\":\"SearchAction\",\"target\":{\"@type\":\"EntryPoint\",\"urlTemplate\":\"https:\/\/noticiaempauta.com\/portal\/?s={search_term_string}\"},\"query-input\":{\"@type\":\"PropertyValueSpecification\",\"valueRequired\":true,\"valueName\":\"search_term_string\"}}],\"inLanguage\":\"pt-BR\"},{\"@type\":\"Organization\",\"@id\":\"https:\/\/noticiaempauta.com\/portal\/#organization\",\"name\":\"Portal Not\u00edcia em Pauta\",\"url\":\"https:\/\/noticiaempauta.com\/portal\/\",\"logo\":{\"@type\":\"ImageObject\",\"inLanguage\":\"pt-BR\",\"@id\":\"https:\/\/noticiaempauta.com\/portal\/#\/schema\/logo\/image\/\",\"url\":\"https:\/\/noticiaempauta.com\/portal\/wp-content\/uploads\/2022\/08\/logomarca_tema.fw_.png\",\"contentUrl\":\"https:\/\/noticiaempauta.com\/portal\/wp-content\/uploads\/2022\/08\/logomarca_tema.fw_.png\",\"width\":400,\"height\":232,\"caption\":\"Portal Not\u00edcia em Pauta\"},\"image\":{\"@id\":\"https:\/\/noticiaempauta.com\/portal\/#\/schema\/logo\/image\/\"},\"sameAs\":[\"https:\/\/www.facebook.com\/Portal-Notcia-Em-Pauta-102292869264820\/\",\"https:\/\/www.instagram.com\/portalnoticiaempauta\/\"]},{\"@type\":\"Person\",\"@id\":\"https:\/\/noticiaempauta.com\/portal\/#\/schema\/person\/a74af43dd1ab3deca45f988c717d57ac\",\"name\":\"Reda\u00e7\u00e3o\",\"image\":{\"@type\":\"ImageObject\",\"inLanguage\":\"pt-BR\",\"@id\":\"https:\/\/noticiaempauta.com\/portal\/#\/schema\/person\/image\/\",\"url\":\"https:\/\/secure.gravatar.com\/avatar\/03179346ecce6cdfc13361603e8f54242a90e5cde8618fa23c5c00aa2b0aadf3?s=96&d=mm&r=g\",\"contentUrl\":\"https:\/\/secure.gravatar.com\/avatar\/03179346ecce6cdfc13361603e8f54242a90e5cde8618fa23c5c00aa2b0aadf3?s=96&d=mm&r=g\",\"caption\":\"Reda\u00e7\u00e3o\"},\"sameAs\":[\"https:\/\/noticiaempauta.com\/portal\/\"],\"url\":\"https:\/\/noticiaempauta.com\/portal\/author\/fernando\/\"}]}<\/script>\n<!-- \/ Yoast SEO Premium plugin. -->","yoast_head_json":{"title":"Territ\u00f3rio Chapada Vale do Rio Itaim avan\u00e7a na alfabetiza\u00e7\u00e3o infantil com tr\u00eas munic\u00edpios atingindo 100% - Portal Not\u00edcia em Pauta","robots":{"index":"index","follow":"follow","max-snippet":"max-snippet:-1","max-image-preview":"max-image-preview:large","max-video-preview":"max-video-preview:-1"},"canonical":"https:\/\/noticiaempauta.com\/portal\/territorio-chapada-vale-do-rio-itaim-avanca-na-alfabetizacao-infantil-com-tres-municipios-atingindo-100\/","og_locale":"pt_BR","og_type":"article","og_title":"Territ\u00f3rio Chapada Vale do Rio Itaim avan\u00e7a na alfabetiza\u00e7\u00e3o infantil com tr\u00eas munic\u00edpios atingindo 100%","og_description":"O Piau\u00ed registrou em 2024 o maior \u00edndice de alfabetiza\u00e7\u00e3o infantil da sua hist\u00f3ria. Segundo o Minist\u00e9rio da Educa\u00e7\u00e3o (MEC), 59,82% das crian\u00e7as do Estado foram alfabetizadas ao final do 2\u00ba ano do ensino fundamental. O resultado colocou o Piau\u00ed entre os dez melhores do pa\u00eds, com o terceiro maior crescimento nacional. No Territ\u00f3rio Chapada [&hellip;]","og_url":"https:\/\/noticiaempauta.com\/portal\/territorio-chapada-vale-do-rio-itaim-avanca-na-alfabetizacao-infantil-com-tres-municipios-atingindo-100\/","og_site_name":"Portal Not\u00edcia em Pauta","article_publisher":"https:\/\/www.facebook.com\/Portal-Notcia-Em-Pauta-102292869264820\/","article_published_time":"2025-07-22T12:04:26+00:00","article_modified_time":"2025-07-22T12:04:27+00:00","og_image":[{"width":2560,"height":1732,"url":"https:\/\/noticiaempauta.com\/portal\/wp-content\/uploads\/2025\/07\/Dialogos-Campo-Maior-ppaic-scaled-1-1.jpeg","type":"image\/jpeg"}],"author":"Reda\u00e7\u00e3o","twitter_card":"summary_large_image","twitter_misc":{"Escrito por":"Reda\u00e7\u00e3o","Est. tempo de leitura":"3 minutos"},"schema":{"@context":"https:\/\/schema.org","@graph":[{"@type":"Article","@id":"https:\/\/noticiaempauta.com\/portal\/territorio-chapada-vale-do-rio-itaim-avanca-na-alfabetizacao-infantil-com-tres-municipios-atingindo-100\/#article","isPartOf":{"@id":"https:\/\/noticiaempauta.com\/portal\/territorio-chapada-vale-do-rio-itaim-avanca-na-alfabetizacao-infantil-com-tres-municipios-atingindo-100\/"},"author":{"name":"Reda\u00e7\u00e3o","@id":"https:\/\/noticiaempauta.com\/portal\/#\/schema\/person\/a74af43dd1ab3deca45f988c717d57ac"},"headline":"Territ\u00f3rio Chapada Vale do Rio Itaim avan\u00e7a na alfabetiza\u00e7\u00e3o infantil com tr\u00eas munic\u00edpios atingindo 100%","datePublished":"2025-07-22T12:04:26+00:00","dateModified":"2025-07-22T12:04:27+00:00","mainEntityOfPage":{"@id":"https:\/\/noticiaempauta.com\/portal\/territorio-chapada-vale-do-rio-itaim-avanca-na-alfabetizacao-infantil-com-tres-municipios-atingindo-100\/"},"wordCount":330,"commentCount":0,"publisher":{"@id":"https:\/\/noticiaempauta.com\/portal\/#organization"},"image":{"@id":"https:\/\/noticiaempauta.com\/portal\/territorio-chapada-vale-do-rio-itaim-avanca-na-alfabetizacao-infantil-com-tres-municipios-atingindo-100\/#primaryimage"},"thumbnailUrl":"https:\/\/noticiaempauta.com\/portal\/wp-content\/uploads\/2025\/07\/Dialogos-Campo-Maior-ppaic-scaled-1-1.jpeg","keywords":["destaqueprincipal"],"articleSection":["Destaques","Geral","Munic\u00edpios","Todas as Not\u00edcias"],"inLanguage":"pt-BR","potentialAction":[{"@type":"CommentAction","name":"Comment","target":["https:\/\/noticiaempauta.com\/portal\/territorio-chapada-vale-do-rio-itaim-avanca-na-alfabetizacao-infantil-com-tres-municipios-atingindo-100\/#respond"]}]},{"@type":"WebPage","@id":"https:\/\/noticiaempauta.com\/portal\/territorio-chapada-vale-do-rio-itaim-avanca-na-alfabetizacao-infantil-com-tres-municipios-atingindo-100\/","url":"https:\/\/noticiaempauta.com\/portal\/territorio-chapada-vale-do-rio-itaim-avanca-na-alfabetizacao-infantil-com-tres-municipios-atingindo-100\/","name":"Territ\u00f3rio Chapada Vale do Rio Itaim avan\u00e7a na alfabetiza\u00e7\u00e3o infantil com tr\u00eas munic\u00edpios atingindo 100% - Portal Not\u00edcia em Pauta","isPartOf":{"@id":"https:\/\/noticiaempauta.com\/portal\/#website"},"primaryImageOfPage":{"@id":"https:\/\/noticiaempauta.com\/portal\/territorio-chapada-vale-do-rio-itaim-avanca-na-alfabetizacao-infantil-com-tres-municipios-atingindo-100\/#primaryimage"},"image":{"@id":"https:\/\/noticiaempauta.com\/portal\/territorio-chapada-vale-do-rio-itaim-avanca-na-alfabetizacao-infantil-com-tres-municipios-atingindo-100\/#primaryimage"},"thumbnailUrl":"https:\/\/noticiaempauta.com\/portal\/wp-content\/uploads\/2025\/07\/Dialogos-Campo-Maior-ppaic-scaled-1-1.jpeg","datePublished":"2025-07-22T12:04:26+00:00","dateModified":"2025-07-22T12:04:27+00:00","breadcrumb":{"@id":"https:\/\/noticiaempauta.com\/portal\/territorio-chapada-vale-do-rio-itaim-avanca-na-alfabetizacao-infantil-com-tres-municipios-atingindo-100\/#breadcrumb"},"inLanguage":"pt-BR","potentialAction":[{"@type":"ReadAction","target":["https:\/\/noticiaempauta.com\/portal\/territorio-chapada-vale-do-rio-itaim-avanca-na-alfabetizacao-infantil-com-tres-municipios-atingindo-100\/"]}]},{"@type":"ImageObject","inLanguage":"pt-BR","@id":"https:\/\/noticiaempauta.com\/portal\/territorio-chapada-vale-do-rio-itaim-avanca-na-alfabetizacao-infantil-com-tres-municipios-atingindo-100\/#primaryimage","url":"https:\/\/noticiaempauta.com\/portal\/wp-content\/uploads\/2025\/07\/Dialogos-Campo-Maior-ppaic-scaled-1-1.jpeg","contentUrl":"https:\/\/noticiaempauta.com\/portal\/wp-content\/uploads\/2025\/07\/Dialogos-Campo-Maior-ppaic-scaled-1-1.jpeg","width":2560,"height":1732},{"@type":"BreadcrumbList","@id":"https:\/\/noticiaempauta.com\/portal\/territorio-chapada-vale-do-rio-itaim-avanca-na-alfabetizacao-infantil-com-tres-municipios-atingindo-100\/#breadcrumb","itemListElement":[{"@type":"ListItem","position":1,"name":"P\u00e1gina Inicial","item":"https:\/\/noticiaempauta.com\/portal\/"},{"@type":"ListItem","position":2,"name":"Destaques","item":"https:\/\/noticiaempauta.com\/portal\/destaques-site\/"},{"@type":"ListItem","position":3,"name":"Territ\u00f3rio Chapada Vale do Rio Itaim avan\u00e7a na alfabetiza\u00e7\u00e3o infantil com tr\u00eas munic\u00edpios atingindo 100%"}]},{"@type":"WebSite","@id":"https:\/\/noticiaempauta.com\/portal\/#website","url":"https:\/\/noticiaempauta.com\/portal\/","name":"Portal Not\u00edcia em Pauta","description":"Voc\u00ea bem informado","publisher":{"@id":"https:\/\/noticiaempauta.com\/portal\/#organization"},"potentialAction":[{"@type":"SearchAction","target":{"@type":"EntryPoint","urlTemplate":"https:\/\/noticiaempauta.com\/portal\/?s={search_term_string}"},"query-input":{"@type":"PropertyValueSpecification","valueRequired":true,"valueName":"search_term_string"}}],"inLanguage":"pt-BR"},{"@type":"Organization","@id":"https:\/\/noticiaempauta.com\/portal\/#organization","name":"Portal Not\u00edcia em Pauta","url":"https:\/\/noticiaempauta.com\/portal\/","logo":{"@type":"ImageObject","inLanguage":"pt-BR","@id":"https:\/\/noticiaempauta.com\/portal\/#\/schema\/logo\/image\/","url":"https:\/\/noticiaempauta.com\/portal\/wp-content\/uploads\/2022\/08\/logomarca_tema.fw_.png","contentUrl":"https:\/\/noticiaempauta.com\/portal\/wp-content\/uploads\/2022\/08\/logomarca_tema.fw_.png","width":400,"height":232,"caption":"Portal Not\u00edcia em Pauta"},"image":{"@id":"https:\/\/noticiaempauta.com\/portal\/#\/schema\/logo\/image\/"},"sameAs":["https:\/\/www.facebook.com\/Portal-Notcia-Em-Pauta-102292869264820\/","https:\/\/www.instagram.com\/portalnoticiaempauta\/"]},{"@type":"Person","@id":"https:\/\/noticiaempauta.com\/portal\/#\/schema\/person\/a74af43dd1ab3deca45f988c717d57ac","name":"Reda\u00e7\u00e3o","image":{"@type":"ImageObject","inLanguage":"pt-BR","@id":"https:\/\/noticiaempauta.com\/portal\/#\/schema\/person\/image\/","url":"https:\/\/secure.gravatar.com\/avatar\/03179346ecce6cdfc13361603e8f54242a90e5cde8618fa23c5c00aa2b0aadf3?s=96&d=mm&r=g","contentUrl":"https:\/\/secure.gravatar.com\/avatar\/03179346ecce6cdfc13361603e8f54242a90e5cde8618fa23c5c00aa2b0aadf3?s=96&d=mm&r=g","caption":"Reda\u00e7\u00e3o"},"sameAs":["https:\/\/noticiaempauta.com\/portal\/"],"url":"https:\/\/noticiaempauta.com\/portal\/author\/fernando\/"}]}},"_links":{"self":[{"href":"https:\/\/noticiaempauta.com\/portal\/wp-json\/wp\/v2\/posts\/275657","targetHints":{"allow":["GET"]}}],"collection":[{"href":"https:\/\/noticiaempauta.com\/portal\/wp-json\/wp\/v2\/posts"}],"about":[{"href":"https:\/\/noticiaempauta.com\/portal\/wp-json\/wp\/v2\/types\/post"}],"author":[{"embeddable":true,"href":"https:\/\/noticiaempauta.com\/portal\/wp-json\/wp\/v2\/users\/2"}],"replies":[{"embeddable":true,"href":"https:\/\/noticiaempauta.com\/portal\/wp-json\/wp\/v2\/comments?post=275657"}],"version-history":[{"count":2,"href":"https:\/\/noticiaempauta.com\/portal\/wp-json\/wp\/v2\/posts\/275657\/revisions"}],"predecessor-version":[{"id":275662,"href":"https:\/\/noticiaempauta.com\/portal\/wp-json\/wp\/v2\/posts\/275657\/revisions\/275662"}],"wp:featuredmedia":[{"embeddable":true,"href":"https:\/\/noticiaempauta.com\/portal\/wp-json\/wp\/v2\/media\/275660"}],"wp:attachment":[{"href":"https:\/\/noticiaempauta.com\/portal\/wp-json\/wp\/v2\/media?parent=275657"}],"wp:term":[{"taxonomy":"category","embeddable":true,"href":"https:\/\/noticiaempauta.com\/portal\/wp-json\/wp\/v2\/categories?post=275657"},{"taxonomy":"post_tag","embeddable":true,"href":"https:\/\/noticiaempauta.com\/portal\/wp-json\/wp\/v2\/tags?post=275657"}],"curies":[{"name":"wp","href":"https:\/\/api.w.org\/{rel}","templated":true}]}}