{"id":275667,"date":"2025-07-22T15:14:23","date_gmt":"2025-07-22T18:14:23","guid":{"rendered":"https:\/\/noticiaempauta.com\/portal\/?p=275667"},"modified":"2025-07-22T15:14:24","modified_gmt":"2025-07-22T18:14:24","slug":"mdb-confirma-nova-rodada-de-dialogo-com-governador-para-discutir-vaga-de-vice","status":"publish","type":"post","link":"https:\/\/noticiaempauta.com\/portal\/mdb-confirma-nova-rodada-de-dialogo-com-governador-para-discutir-vaga-de-vice\/","title":{"rendered":"MDB confirma nova rodada de di\u00e1logo com governador para discutir vaga de vice"},"content":{"rendered":"\n<p>Um m\u00eas ap\u00f3s o governador Rafael Fonteles comunicar a Marcelo Castro, J\u00falio C\u00e9sar e Them\u00edstocles Filho que a vaga de vice-governador ser\u00e1 uma indica\u00e7\u00e3o do Partido dos Trabalhadores, o MDB ainda briga para manter a indica\u00e7\u00e3o. Na manh\u00e3 desta ter\u00e7a-feira (22), dois deputados da legenda, Severo Eul\u00e1lio e Jo\u00e3o Madison, confirmaram que Fonteles se reunir\u00e1, nas pr\u00f3ximas semanas, com membros do partido para discutir a acomoda\u00e7\u00e3o dos aliados.<\/p>\n\n\n\n<p>O impasse ocorre pela insatisfa\u00e7\u00e3o de Them\u00edstocles Filho em abdicar da indica\u00e7\u00e3o. Publicamente, o ex-presidente da Assembleia n\u00e3o comentou o caso. Questionado sobre o assunto, Severo Eul\u00e1lio defendeu o di\u00e1logo.<\/p>\n\n\n\n<figure class=\"wp-block-image size-large\"><img fetchpriority=\"high\" decoding=\"async\" width=\"1024\" height=\"682\" src=\"https:\/\/noticiaempauta.com\/portal\/wp-content\/uploads\/2025\/07\/fcffc6908ef1ef93867365c4d69374c4-1024x682.jpg\" alt=\"\" class=\"wp-image-275669\" srcset=\"https:\/\/noticiaempauta.com\/portal\/wp-content\/uploads\/2025\/07\/fcffc6908ef1ef93867365c4d69374c4-1024x682.jpg 1024w, https:\/\/noticiaempauta.com\/portal\/wp-content\/uploads\/2025\/07\/fcffc6908ef1ef93867365c4d69374c4-300x200.jpg 300w, https:\/\/noticiaempauta.com\/portal\/wp-content\/uploads\/2025\/07\/fcffc6908ef1ef93867365c4d69374c4-768x512.jpg 768w, https:\/\/noticiaempauta.com\/portal\/wp-content\/uploads\/2025\/07\/fcffc6908ef1ef93867365c4d69374c4-1536x1023.jpg 1536w, https:\/\/noticiaempauta.com\/portal\/wp-content\/uploads\/2025\/07\/fcffc6908ef1ef93867365c4d69374c4.jpg 1600w\" sizes=\"(max-width: 1024px) 100vw, 1024px\" \/><figcaption class=\"wp-element-caption\"><em>Fotos: Renato Andrade\/Cidadeverde.com<\/em><\/figcaption><\/figure>\n\n\n\n<p>\u201cN\u00f3s n\u00e3o podemos fechar as portas para o di\u00e1logo nunca, principalmente quando se trata de pol\u00edtica. N\u00f3s sabemos, e pelas not\u00edcias, pelas informa\u00e7\u00f5es, estamos vendo cada vez mais distante essa vaga de vice do MDB, mas acho que tudo pode ser resolvido atrav\u00e9s do di\u00e1logo \u2014 dentro do MDB, dentro do PT, dentro da base aliada. J\u00e1 tem uma nova rodada de conversas para ser realizada pelo governador, com o vice-governador Them\u00edstocles, com o presidente Marcelo Castro, conosco, ent\u00e3o esse di\u00e1logo ir\u00e1 se aprofundar para que, at\u00e9 o final do ano, consigamos chegar a um bom termo\u201d, afirmou.<\/p>\n\n\n\n<p>J\u00e1 Jo\u00e3o Madison projetou a busca por um entendimento.<\/p>\n\n\n\n<figure class=\"wp-block-image size-large\"><img decoding=\"async\" width=\"1024\" height=\"682\" src=\"https:\/\/noticiaempauta.com\/portal\/wp-content\/uploads\/2025\/07\/5bbf5e3365eef46a6378d71022bc142b-1024x682.jpg\" alt=\"\" class=\"wp-image-275668\" srcset=\"https:\/\/noticiaempauta.com\/portal\/wp-content\/uploads\/2025\/07\/5bbf5e3365eef46a6378d71022bc142b-1024x682.jpg 1024w, https:\/\/noticiaempauta.com\/portal\/wp-content\/uploads\/2025\/07\/5bbf5e3365eef46a6378d71022bc142b-300x200.jpg 300w, https:\/\/noticiaempauta.com\/portal\/wp-content\/uploads\/2025\/07\/5bbf5e3365eef46a6378d71022bc142b-768x512.jpg 768w, https:\/\/noticiaempauta.com\/portal\/wp-content\/uploads\/2025\/07\/5bbf5e3365eef46a6378d71022bc142b-1536x1023.jpg 1536w, https:\/\/noticiaempauta.com\/portal\/wp-content\/uploads\/2025\/07\/5bbf5e3365eef46a6378d71022bc142b.jpg 1600w\" sizes=\"(max-width: 1024px) 100vw, 1024px\" \/><\/figure>\n\n\n\n<p>\u201cN\u00f3s n\u00e3o queremos perder a nossa vaga de vice-governador. O Them\u00edstocles \u00e9 um vice que n\u00e3o d\u00e1 trabalho ao governador, \u00e9 um vice que j\u00e1 foi presidente daquela Casa, tem experi\u00eancia como administrador, como pol\u00edtico, e n\u00f3s queremos dialogar n\u00e3o s\u00f3 com o governador, mas com o PT, com todos os partidos que comp\u00f5em essa base de sustenta\u00e7\u00e3o. Ent\u00e3o, acho que vai chegar o momento de sentarmos com o governador e buscarmos esse entendimento\u201d, concluiu.<\/p>\n\n\n\n<p>Tarcio Cruz\/Cidade Verde<\/p>\n","protected":false},"excerpt":{"rendered":"<p>Um m\u00eas ap\u00f3s o governador Rafael Fonteles comunicar a Marcelo Castro, J\u00falio C\u00e9sar e Them\u00edstocles Filho que a vaga de vice-governador ser\u00e1 uma indica\u00e7\u00e3o do Partido dos Trabalhadores, o MDB ainda briga para manter a indica\u00e7\u00e3o. Na manh\u00e3 desta ter\u00e7a-feira (22), dois deputados da legenda, Severo Eul\u00e1lio e Jo\u00e3o Madison, confirmaram que Fonteles se reunir\u00e1, [&hellip;]<\/p>\n","protected":false},"author":2,"featured_media":275669,"comment_status":"open","ping_status":"open","sticky":false,"template":"","format":"standard","meta":{"_mi_skip_tracking":false,"footnotes":""},"categories":[25,1,9,3,16],"tags":[192],"class_list":["post-275667","post","type-post","status-publish","format-standard","has-post-thumbnail","hentry","category-destaques-site","category-geral","category-municipios","category-politica","category-todas","tag-destaqueprincipal"],"acf":[],"yoast_head":"<!-- This site is optimized with the Yoast SEO Premium plugin v19.2 (Yoast SEO v26.9) - https:\/\/yoast.com\/product\/yoast-seo-premium-wordpress\/ -->\n<title>MDB confirma nova rodada de di\u00e1logo com governador para discutir vaga de vice - Portal Not\u00edcia em Pauta<\/title>\n<meta name=\"robots\" content=\"index, follow, max-snippet:-1, max-image-preview:large, max-video-preview:-1\" \/>\n<link rel=\"canonical\" href=\"https:\/\/noticiaempauta.com\/portal\/mdb-confirma-nova-rodada-de-dialogo-com-governador-para-discutir-vaga-de-vice\/\" \/>\n<meta property=\"og:locale\" content=\"pt_BR\" \/>\n<meta property=\"og:type\" content=\"article\" \/>\n<meta property=\"og:title\" content=\"MDB confirma nova rodada de di\u00e1logo com governador para discutir vaga de vice\" \/>\n<meta property=\"og:description\" content=\"Um m\u00eas ap\u00f3s o governador Rafael Fonteles comunicar a Marcelo Castro, J\u00falio C\u00e9sar e Them\u00edstocles Filho que a vaga de vice-governador ser\u00e1 uma indica\u00e7\u00e3o do Partido dos Trabalhadores, o MDB ainda briga para manter a indica\u00e7\u00e3o. Na manh\u00e3 desta ter\u00e7a-feira (22), dois deputados da legenda, Severo Eul\u00e1lio e Jo\u00e3o Madison, confirmaram que Fonteles se reunir\u00e1, [&hellip;]\" \/>\n<meta property=\"og:url\" content=\"https:\/\/noticiaempauta.com\/portal\/mdb-confirma-nova-rodada-de-dialogo-com-governador-para-discutir-vaga-de-vice\/\" \/>\n<meta property=\"og:site_name\" content=\"Portal Not\u00edcia em Pauta\" \/>\n<meta property=\"article:publisher\" content=\"https:\/\/www.facebook.com\/Portal-Notcia-Em-Pauta-102292869264820\/\" \/>\n<meta property=\"article:published_time\" content=\"2025-07-22T18:14:23+00:00\" \/>\n<meta property=\"article:modified_time\" content=\"2025-07-22T18:14:24+00:00\" \/>\n<meta property=\"og:image\" content=\"https:\/\/noticiaempauta.com\/portal\/wp-content\/uploads\/2025\/07\/fcffc6908ef1ef93867365c4d69374c4.jpg\" \/>\n\t<meta property=\"og:image:width\" content=\"1600\" \/>\n\t<meta property=\"og:image:height\" content=\"1066\" \/>\n\t<meta property=\"og:image:type\" content=\"image\/jpeg\" \/>\n<meta name=\"author\" content=\"Reda\u00e7\u00e3o\" \/>\n<meta name=\"twitter:card\" content=\"summary_large_image\" \/>\n<meta name=\"twitter:label1\" content=\"Escrito por\" \/>\n\t<meta name=\"twitter:data1\" content=\"Reda\u00e7\u00e3o\" \/>\n\t<meta name=\"twitter:label2\" content=\"Est. tempo de leitura\" \/>\n\t<meta name=\"twitter:data2\" content=\"3 minutos\" \/>\n<script type=\"application\/ld+json\" class=\"yoast-schema-graph\">{\"@context\":\"https:\/\/schema.org\",\"@graph\":[{\"@type\":\"Article\",\"@id\":\"https:\/\/noticiaempauta.com\/portal\/mdb-confirma-nova-rodada-de-dialogo-com-governador-para-discutir-vaga-de-vice\/#article\",\"isPartOf\":{\"@id\":\"https:\/\/noticiaempauta.com\/portal\/mdb-confirma-nova-rodada-de-dialogo-com-governador-para-discutir-vaga-de-vice\/\"},\"author\":{\"name\":\"Reda\u00e7\u00e3o\",\"@id\":\"https:\/\/noticiaempauta.com\/portal\/#\/schema\/person\/a74af43dd1ab3deca45f988c717d57ac\"},\"headline\":\"MDB confirma nova rodada de di\u00e1logo com governador para discutir vaga de vice\",\"datePublished\":\"2025-07-22T18:14:23+00:00\",\"dateModified\":\"2025-07-22T18:14:24+00:00\",\"mainEntityOfPage\":{\"@id\":\"https:\/\/noticiaempauta.com\/portal\/mdb-confirma-nova-rodada-de-dialogo-com-governador-para-discutir-vaga-de-vice\/\"},\"wordCount\":341,\"commentCount\":0,\"publisher\":{\"@id\":\"https:\/\/noticiaempauta.com\/portal\/#organization\"},\"image\":{\"@id\":\"https:\/\/noticiaempauta.com\/portal\/mdb-confirma-nova-rodada-de-dialogo-com-governador-para-discutir-vaga-de-vice\/#primaryimage\"},\"thumbnailUrl\":\"https:\/\/noticiaempauta.com\/portal\/wp-content\/uploads\/2025\/07\/fcffc6908ef1ef93867365c4d69374c4.jpg\",\"keywords\":[\"destaqueprincipal\"],\"articleSection\":[\"Destaques\",\"Geral\",\"Munic\u00edpios\",\"Pol\u00edtica\",\"Todas as Not\u00edcias\"],\"inLanguage\":\"pt-BR\",\"potentialAction\":[{\"@type\":\"CommentAction\",\"name\":\"Comment\",\"target\":[\"https:\/\/noticiaempauta.com\/portal\/mdb-confirma-nova-rodada-de-dialogo-com-governador-para-discutir-vaga-de-vice\/#respond\"]}]},{\"@type\":\"WebPage\",\"@id\":\"https:\/\/noticiaempauta.com\/portal\/mdb-confirma-nova-rodada-de-dialogo-com-governador-para-discutir-vaga-de-vice\/\",\"url\":\"https:\/\/noticiaempauta.com\/portal\/mdb-confirma-nova-rodada-de-dialogo-com-governador-para-discutir-vaga-de-vice\/\",\"name\":\"MDB confirma nova rodada de di\u00e1logo com governador para discutir vaga de vice - Portal Not\u00edcia em Pauta\",\"isPartOf\":{\"@id\":\"https:\/\/noticiaempauta.com\/portal\/#website\"},\"primaryImageOfPage\":{\"@id\":\"https:\/\/noticiaempauta.com\/portal\/mdb-confirma-nova-rodada-de-dialogo-com-governador-para-discutir-vaga-de-vice\/#primaryimage\"},\"image\":{\"@id\":\"https:\/\/noticiaempauta.com\/portal\/mdb-confirma-nova-rodada-de-dialogo-com-governador-para-discutir-vaga-de-vice\/#primaryimage\"},\"thumbnailUrl\":\"https:\/\/noticiaempauta.com\/portal\/wp-content\/uploads\/2025\/07\/fcffc6908ef1ef93867365c4d69374c4.jpg\",\"datePublished\":\"2025-07-22T18:14:23+00:00\",\"dateModified\":\"2025-07-22T18:14:24+00:00\",\"breadcrumb\":{\"@id\":\"https:\/\/noticiaempauta.com\/portal\/mdb-confirma-nova-rodada-de-dialogo-com-governador-para-discutir-vaga-de-vice\/#breadcrumb\"},\"inLanguage\":\"pt-BR\",\"potentialAction\":[{\"@type\":\"ReadAction\",\"target\":[\"https:\/\/noticiaempauta.com\/portal\/mdb-confirma-nova-rodada-de-dialogo-com-governador-para-discutir-vaga-de-vice\/\"]}]},{\"@type\":\"ImageObject\",\"inLanguage\":\"pt-BR\",\"@id\":\"https:\/\/noticiaempauta.com\/portal\/mdb-confirma-nova-rodada-de-dialogo-com-governador-para-discutir-vaga-de-vice\/#primaryimage\",\"url\":\"https:\/\/noticiaempauta.com\/portal\/wp-content\/uploads\/2025\/07\/fcffc6908ef1ef93867365c4d69374c4.jpg\",\"contentUrl\":\"https:\/\/noticiaempauta.com\/portal\/wp-content\/uploads\/2025\/07\/fcffc6908ef1ef93867365c4d69374c4.jpg\",\"width\":1600,\"height\":1066},{\"@type\":\"BreadcrumbList\",\"@id\":\"https:\/\/noticiaempauta.com\/portal\/mdb-confirma-nova-rodada-de-dialogo-com-governador-para-discutir-vaga-de-vice\/#breadcrumb\",\"itemListElement\":[{\"@type\":\"ListItem\",\"position\":1,\"name\":\"P\u00e1gina Inicial\",\"item\":\"https:\/\/noticiaempauta.com\/portal\/\"},{\"@type\":\"ListItem\",\"position\":2,\"name\":\"Destaques\",\"item\":\"https:\/\/noticiaempauta.com\/portal\/destaques-site\/\"},{\"@type\":\"ListItem\",\"position\":3,\"name\":\"MDB confirma nova rodada de di\u00e1logo com governador para discutir vaga de vice\"}]},{\"@type\":\"WebSite\",\"@id\":\"https:\/\/noticiaempauta.com\/portal\/#website\",\"url\":\"https:\/\/noticiaempauta.com\/portal\/\",\"name\":\"Portal Not\u00edcia em Pauta\",\"description\":\"Voc\u00ea bem informado\",\"publisher\":{\"@id\":\"https:\/\/noticiaempauta.com\/portal\/#organization\"},\"potentialAction\":[{\"@type\":\"SearchAction\",\"target\":{\"@type\":\"EntryPoint\",\"urlTemplate\":\"https:\/\/noticiaempauta.com\/portal\/?s={search_term_string}\"},\"query-input\":{\"@type\":\"PropertyValueSpecification\",\"valueRequired\":true,\"valueName\":\"search_term_string\"}}],\"inLanguage\":\"pt-BR\"},{\"@type\":\"Organization\",\"@id\":\"https:\/\/noticiaempauta.com\/portal\/#organization\",\"name\":\"Portal Not\u00edcia em Pauta\",\"url\":\"https:\/\/noticiaempauta.com\/portal\/\",\"logo\":{\"@type\":\"ImageObject\",\"inLanguage\":\"pt-BR\",\"@id\":\"https:\/\/noticiaempauta.com\/portal\/#\/schema\/logo\/image\/\",\"url\":\"https:\/\/noticiaempauta.com\/portal\/wp-content\/uploads\/2022\/08\/logomarca_tema.fw_.png\",\"contentUrl\":\"https:\/\/noticiaempauta.com\/portal\/wp-content\/uploads\/2022\/08\/logomarca_tema.fw_.png\",\"width\":400,\"height\":232,\"caption\":\"Portal Not\u00edcia em Pauta\"},\"image\":{\"@id\":\"https:\/\/noticiaempauta.com\/portal\/#\/schema\/logo\/image\/\"},\"sameAs\":[\"https:\/\/www.facebook.com\/Portal-Notcia-Em-Pauta-102292869264820\/\",\"https:\/\/www.instagram.com\/portalnoticiaempauta\/\"]},{\"@type\":\"Person\",\"@id\":\"https:\/\/noticiaempauta.com\/portal\/#\/schema\/person\/a74af43dd1ab3deca45f988c717d57ac\",\"name\":\"Reda\u00e7\u00e3o\",\"image\":{\"@type\":\"ImageObject\",\"inLanguage\":\"pt-BR\",\"@id\":\"https:\/\/noticiaempauta.com\/portal\/#\/schema\/person\/image\/\",\"url\":\"https:\/\/secure.gravatar.com\/avatar\/03179346ecce6cdfc13361603e8f54242a90e5cde8618fa23c5c00aa2b0aadf3?s=96&d=mm&r=g\",\"contentUrl\":\"https:\/\/secure.gravatar.com\/avatar\/03179346ecce6cdfc13361603e8f54242a90e5cde8618fa23c5c00aa2b0aadf3?s=96&d=mm&r=g\",\"caption\":\"Reda\u00e7\u00e3o\"},\"sameAs\":[\"https:\/\/noticiaempauta.com\/portal\/\"],\"url\":\"https:\/\/noticiaempauta.com\/portal\/author\/fernando\/\"}]}<\/script>\n<!-- \/ Yoast SEO Premium plugin. -->","yoast_head_json":{"title":"MDB confirma nova rodada de di\u00e1logo com governador para discutir vaga de vice - Portal Not\u00edcia em Pauta","robots":{"index":"index","follow":"follow","max-snippet":"max-snippet:-1","max-image-preview":"max-image-preview:large","max-video-preview":"max-video-preview:-1"},"canonical":"https:\/\/noticiaempauta.com\/portal\/mdb-confirma-nova-rodada-de-dialogo-com-governador-para-discutir-vaga-de-vice\/","og_locale":"pt_BR","og_type":"article","og_title":"MDB confirma nova rodada de di\u00e1logo com governador para discutir vaga de vice","og_description":"Um m\u00eas ap\u00f3s o governador Rafael Fonteles comunicar a Marcelo Castro, J\u00falio C\u00e9sar e Them\u00edstocles Filho que a vaga de vice-governador ser\u00e1 uma indica\u00e7\u00e3o do Partido dos Trabalhadores, o MDB ainda briga para manter a indica\u00e7\u00e3o. Na manh\u00e3 desta ter\u00e7a-feira (22), dois deputados da legenda, Severo Eul\u00e1lio e Jo\u00e3o Madison, confirmaram que Fonteles se reunir\u00e1, [&hellip;]","og_url":"https:\/\/noticiaempauta.com\/portal\/mdb-confirma-nova-rodada-de-dialogo-com-governador-para-discutir-vaga-de-vice\/","og_site_name":"Portal Not\u00edcia em Pauta","article_publisher":"https:\/\/www.facebook.com\/Portal-Notcia-Em-Pauta-102292869264820\/","article_published_time":"2025-07-22T18:14:23+00:00","article_modified_time":"2025-07-22T18:14:24+00:00","og_image":[{"width":1600,"height":1066,"url":"https:\/\/noticiaempauta.com\/portal\/wp-content\/uploads\/2025\/07\/fcffc6908ef1ef93867365c4d69374c4.jpg","type":"image\/jpeg"}],"author":"Reda\u00e7\u00e3o","twitter_card":"summary_large_image","twitter_misc":{"Escrito por":"Reda\u00e7\u00e3o","Est. tempo de leitura":"3 minutos"},"schema":{"@context":"https:\/\/schema.org","@graph":[{"@type":"Article","@id":"https:\/\/noticiaempauta.com\/portal\/mdb-confirma-nova-rodada-de-dialogo-com-governador-para-discutir-vaga-de-vice\/#article","isPartOf":{"@id":"https:\/\/noticiaempauta.com\/portal\/mdb-confirma-nova-rodada-de-dialogo-com-governador-para-discutir-vaga-de-vice\/"},"author":{"name":"Reda\u00e7\u00e3o","@id":"https:\/\/noticiaempauta.com\/portal\/#\/schema\/person\/a74af43dd1ab3deca45f988c717d57ac"},"headline":"MDB confirma nova rodada de di\u00e1logo com governador para discutir vaga de vice","datePublished":"2025-07-22T18:14:23+00:00","dateModified":"2025-07-22T18:14:24+00:00","mainEntityOfPage":{"@id":"https:\/\/noticiaempauta.com\/portal\/mdb-confirma-nova-rodada-de-dialogo-com-governador-para-discutir-vaga-de-vice\/"},"wordCount":341,"commentCount":0,"publisher":{"@id":"https:\/\/noticiaempauta.com\/portal\/#organization"},"image":{"@id":"https:\/\/noticiaempauta.com\/portal\/mdb-confirma-nova-rodada-de-dialogo-com-governador-para-discutir-vaga-de-vice\/#primaryimage"},"thumbnailUrl":"https:\/\/noticiaempauta.com\/portal\/wp-content\/uploads\/2025\/07\/fcffc6908ef1ef93867365c4d69374c4.jpg","keywords":["destaqueprincipal"],"articleSection":["Destaques","Geral","Munic\u00edpios","Pol\u00edtica","Todas as Not\u00edcias"],"inLanguage":"pt-BR","potentialAction":[{"@type":"CommentAction","name":"Comment","target":["https:\/\/noticiaempauta.com\/portal\/mdb-confirma-nova-rodada-de-dialogo-com-governador-para-discutir-vaga-de-vice\/#respond"]}]},{"@type":"WebPage","@id":"https:\/\/noticiaempauta.com\/portal\/mdb-confirma-nova-rodada-de-dialogo-com-governador-para-discutir-vaga-de-vice\/","url":"https:\/\/noticiaempauta.com\/portal\/mdb-confirma-nova-rodada-de-dialogo-com-governador-para-discutir-vaga-de-vice\/","name":"MDB confirma nova rodada de di\u00e1logo com governador para discutir vaga de vice - Portal Not\u00edcia em Pauta","isPartOf":{"@id":"https:\/\/noticiaempauta.com\/portal\/#website"},"primaryImageOfPage":{"@id":"https:\/\/noticiaempauta.com\/portal\/mdb-confirma-nova-rodada-de-dialogo-com-governador-para-discutir-vaga-de-vice\/#primaryimage"},"image":{"@id":"https:\/\/noticiaempauta.com\/portal\/mdb-confirma-nova-rodada-de-dialogo-com-governador-para-discutir-vaga-de-vice\/#primaryimage"},"thumbnailUrl":"https:\/\/noticiaempauta.com\/portal\/wp-content\/uploads\/2025\/07\/fcffc6908ef1ef93867365c4d69374c4.jpg","datePublished":"2025-07-22T18:14:23+00:00","dateModified":"2025-07-22T18:14:24+00:00","breadcrumb":{"@id":"https:\/\/noticiaempauta.com\/portal\/mdb-confirma-nova-rodada-de-dialogo-com-governador-para-discutir-vaga-de-vice\/#breadcrumb"},"inLanguage":"pt-BR","potentialAction":[{"@type":"ReadAction","target":["https:\/\/noticiaempauta.com\/portal\/mdb-confirma-nova-rodada-de-dialogo-com-governador-para-discutir-vaga-de-vice\/"]}]},{"@type":"ImageObject","inLanguage":"pt-BR","@id":"https:\/\/noticiaempauta.com\/portal\/mdb-confirma-nova-rodada-de-dialogo-com-governador-para-discutir-vaga-de-vice\/#primaryimage","url":"https:\/\/noticiaempauta.com\/portal\/wp-content\/uploads\/2025\/07\/fcffc6908ef1ef93867365c4d69374c4.jpg","contentUrl":"https:\/\/noticiaempauta.com\/portal\/wp-content\/uploads\/2025\/07\/fcffc6908ef1ef93867365c4d69374c4.jpg","width":1600,"height":1066},{"@type":"BreadcrumbList","@id":"https:\/\/noticiaempauta.com\/portal\/mdb-confirma-nova-rodada-de-dialogo-com-governador-para-discutir-vaga-de-vice\/#breadcrumb","itemListElement":[{"@type":"ListItem","position":1,"name":"P\u00e1gina Inicial","item":"https:\/\/noticiaempauta.com\/portal\/"},{"@type":"ListItem","position":2,"name":"Destaques","item":"https:\/\/noticiaempauta.com\/portal\/destaques-site\/"},{"@type":"ListItem","position":3,"name":"MDB confirma nova rodada de di\u00e1logo com governador para discutir vaga de vice"}]},{"@type":"WebSite","@id":"https:\/\/noticiaempauta.com\/portal\/#website","url":"https:\/\/noticiaempauta.com\/portal\/","name":"Portal Not\u00edcia em Pauta","description":"Voc\u00ea bem informado","publisher":{"@id":"https:\/\/noticiaempauta.com\/portal\/#organization"},"potentialAction":[{"@type":"SearchAction","target":{"@type":"EntryPoint","urlTemplate":"https:\/\/noticiaempauta.com\/portal\/?s={search_term_string}"},"query-input":{"@type":"PropertyValueSpecification","valueRequired":true,"valueName":"search_term_string"}}],"inLanguage":"pt-BR"},{"@type":"Organization","@id":"https:\/\/noticiaempauta.com\/portal\/#organization","name":"Portal Not\u00edcia em Pauta","url":"https:\/\/noticiaempauta.com\/portal\/","logo":{"@type":"ImageObject","inLanguage":"pt-BR","@id":"https:\/\/noticiaempauta.com\/portal\/#\/schema\/logo\/image\/","url":"https:\/\/noticiaempauta.com\/portal\/wp-content\/uploads\/2022\/08\/logomarca_tema.fw_.png","contentUrl":"https:\/\/noticiaempauta.com\/portal\/wp-content\/uploads\/2022\/08\/logomarca_tema.fw_.png","width":400,"height":232,"caption":"Portal Not\u00edcia em Pauta"},"image":{"@id":"https:\/\/noticiaempauta.com\/portal\/#\/schema\/logo\/image\/"},"sameAs":["https:\/\/www.facebook.com\/Portal-Notcia-Em-Pauta-102292869264820\/","https:\/\/www.instagram.com\/portalnoticiaempauta\/"]},{"@type":"Person","@id":"https:\/\/noticiaempauta.com\/portal\/#\/schema\/person\/a74af43dd1ab3deca45f988c717d57ac","name":"Reda\u00e7\u00e3o","image":{"@type":"ImageObject","inLanguage":"pt-BR","@id":"https:\/\/noticiaempauta.com\/portal\/#\/schema\/person\/image\/","url":"https:\/\/secure.gravatar.com\/avatar\/03179346ecce6cdfc13361603e8f54242a90e5cde8618fa23c5c00aa2b0aadf3?s=96&d=mm&r=g","contentUrl":"https:\/\/secure.gravatar.com\/avatar\/03179346ecce6cdfc13361603e8f54242a90e5cde8618fa23c5c00aa2b0aadf3?s=96&d=mm&r=g","caption":"Reda\u00e7\u00e3o"},"sameAs":["https:\/\/noticiaempauta.com\/portal\/"],"url":"https:\/\/noticiaempauta.com\/portal\/author\/fernando\/"}]}},"_links":{"self":[{"href":"https:\/\/noticiaempauta.com\/portal\/wp-json\/wp\/v2\/posts\/275667","targetHints":{"allow":["GET"]}}],"collection":[{"href":"https:\/\/noticiaempauta.com\/portal\/wp-json\/wp\/v2\/posts"}],"about":[{"href":"https:\/\/noticiaempauta.com\/portal\/wp-json\/wp\/v2\/types\/post"}],"author":[{"embeddable":true,"href":"https:\/\/noticiaempauta.com\/portal\/wp-json\/wp\/v2\/users\/2"}],"replies":[{"embeddable":true,"href":"https:\/\/noticiaempauta.com\/portal\/wp-json\/wp\/v2\/comments?post=275667"}],"version-history":[{"count":2,"href":"https:\/\/noticiaempauta.com\/portal\/wp-json\/wp\/v2\/posts\/275667\/revisions"}],"predecessor-version":[{"id":275671,"href":"https:\/\/noticiaempauta.com\/portal\/wp-json\/wp\/v2\/posts\/275667\/revisions\/275671"}],"wp:featuredmedia":[{"embeddable":true,"href":"https:\/\/noticiaempauta.com\/portal\/wp-json\/wp\/v2\/media\/275669"}],"wp:attachment":[{"href":"https:\/\/noticiaempauta.com\/portal\/wp-json\/wp\/v2\/media?parent=275667"}],"wp:term":[{"taxonomy":"category","embeddable":true,"href":"https:\/\/noticiaempauta.com\/portal\/wp-json\/wp\/v2\/categories?post=275667"},{"taxonomy":"post_tag","embeddable":true,"href":"https:\/\/noticiaempauta.com\/portal\/wp-json\/wp\/v2\/tags?post=275667"}],"curies":[{"name":"wp","href":"https:\/\/api.w.org\/{rel}","templated":true}]}}